{"id":125664,"date":"2018-06-13T20:30:08","date_gmt":"2018-06-13T23:30:08","guid":{"rendered":"https:\/\/www.estrategiaconcursos.com.br\/blog\/?p=125664"},"modified":"2018-06-13T20:30:08","modified_gmt":"2018-06-13T23:30:08","slug":"direito-empresarial-possivel-recurso-na-prova-de-segunda-fase-para-o-xxv-exame","status":"publish","type":"post","link":"https:\/\/www.estrategiaconcursos.com.br\/blog\/direito-empresarial-possivel-recurso-na-prova-de-segunda-fase-para-o-xxv-exame\/","title":{"rendered":"Direito Empresarial &#8211; Poss\u00edvel recurso na prova de segunda fase para o XXV Exame."},"content":{"rendered":"<p>Boa noite, turma da OAB!<br \/>\nGostaria de trazer uma poss\u00edvel sugest\u00e3o de recurso para o gabarito da FGV (XXV Exame de Ordem) \u00e0queles que fizeram a prova pr\u00e1tica em Direito Empresarial.<br \/>\nA quest\u00e3o n\u00ba 01, que tratava sobre uma situa\u00e7\u00e3o espec\u00edfica de protesto em duplicata (Lei n\u00ba 9.492\/1997), na assertiva \u2018b\u2019, questionava se com fundamento na prescri\u00e7\u00e3o da pretens\u00e3o execut\u00f3ria era cab\u00edvel o cancelamento do protesto.<br \/>\nO espelho inicial da FGV afirma que o cancelamento n\u00e3o seria poss\u00edvel com base nos seguintes argumentos: <em>\u201cN\u00e3o. Mesmo que j\u00e1 tenha ocorrido a prescri\u00e7\u00e3o, pois entre o vencimento (02\/02\/2013) e a apresenta\u00e7\u00e3o da duplicata a protesto (07\/05\/2017) decorreram mais de 3 anos, com base no Art. 18, inciso I, da Lei n\u00ba 5.474\/68, o juiz n\u00e3o cancelou o protesto porque o d\u00e9bito persiste, ainda que n\u00e3o possa ser cobrado por meio de a\u00e7\u00e3o executiva.\u201d<\/em><br \/>\nContudo, diferentemente do que se afirma na sugest\u00e3o de resposta da banca, o cancelamento \u00e9<strong> poss\u00edvel<\/strong>, sim, desde que seja feita por decis\u00e3o judicial, nos termos do \u00a73\u00ba do art. 26 da Lei n\u00ba 9.492\/1997. Al\u00e9m disso, a jurisprud\u00eancia da Corte da Cidadania \u00e9 no mesmo sentido, conforme a seguinte ementa que colaciono:<br \/>\nINFORMATIVO 562 STJ &#8211; IMPORTANTE &#8211; DECIS\u00c3O SOBRE CANCELAMENTO PROTESTO PELA PRESCRI\u00c7\u00c3O T\u00cdTULO CAMBIAL. INFORMATIVO 562 STJ: DIREITO EMPRESARIAL. N\u00c3O CANCELAMENTO DO PROTESTO PELA PRESCRI\u00c7\u00c3O DO T\u00cdTULO CAMBIAL.<br \/>\nA prescri\u00e7\u00e3o da pretens\u00e3o execut\u00f3ria de t\u00edtulo cambial n\u00e3o enseja o cancelamento autom\u00e1tico de anterior protesto regularmente lavrado e registrado. Da leitura do art. 26 da Lei 9.492\/1997, v\u00ea-se que o cancelamento do protesto adv\u00e9m, normalmente, do pagamento do t\u00edtulo. Por qualquer outra raz\u00e3o, <em><strong>somente poder\u00e1 o devedor obter o cancelamento mediante decis\u00e3o judicial favor\u00e1vel, caso o juiz, examinando as raz\u00f5es apresentadas, considere relevantes as circunst\u00e2ncias do caso concreto<\/strong><\/em>. Nada na lei permite inferir que o cancelamento do protesto possa ser exigido por fato objetivo outro que n\u00e3o o pagamento. Assim, a prescri\u00e7\u00e3o do t\u00edtulo, objetivamente considerada, n\u00e3o tem como consequ\u00eancia autom\u00e1tica o cancelamento do protesto. Note-se que, de acordo com o art. 1\u00ba da Lei 9.492\/1997, o \u201cProtesto \u00e9 o ato formal e solene pelo qual se prova a inadimpl\u00eancia e o descumprimento de obriga\u00e7\u00e3o originada em t\u00edtulos e outros documentos de d\u00edvida\u201d. Portanto, o protesto n\u00e3o se prende imediatamente \u00e0 exequibilidade do t\u00edtulo ou de outro documento de d\u00edvida, mas sim \u00e0 inadimpl\u00eancia e ao descumprimento da obriga\u00e7\u00e3o representada nestes pap\u00e9is. Ora, a inadimpl\u00eancia e o descumprimento n\u00e3o desaparecem com a mera prescri\u00e7\u00e3o do t\u00edtulo executivo n\u00e3o quitado. Ao contr\u00e1rio, permanecem, em princ\u00edpio. Ent\u00e3o, n\u00e3o pode ser o protesto cancelado simplesmente em fun\u00e7\u00e3o da inaptid\u00e3o do t\u00edtulo prescrito para ser objeto de a\u00e7\u00e3o de execu\u00e7\u00e3o. Precedentes citados: REsp 671.486-PE, Terceira Turma, DJ de 25\/4\/2005; e REsp 369.470-SP, Terceira Turma, DJe 23\/11\/2009. REsp 813.381-SP, Rel. Min. Raul Ara\u00fajo, julgado em 20\/11\/2014, DJe 20\/5\/2015. (<strong>sem grifos no original<\/strong>)<br \/>\nPortanto, aguardemos a divulga\u00e7\u00e3o do espelho definitivo com as notas, pois acredito que a quest\u00e3o (n\u00famero 01 \u2013 assertiva \u2018b\u2019) tem resposta diversa \u00e0quela fornecida pela FGV.<br \/>\nBoa sorte e \u00f3timos estudos.<br \/>\nProf. Borelli<\/p>\n","protected":false},"excerpt":{"rendered":"<p>Boa noite, turma da OAB! Gostaria de trazer uma poss\u00edvel sugest\u00e3o de recurso para o gabarito da FGV (XXV Exame de Ordem) \u00e0queles que fizeram a prova pr\u00e1tica em Direito Empresarial. A quest\u00e3o n\u00ba 01, que tratava sobre uma situa\u00e7\u00e3o espec\u00edfica de protesto em duplicata (Lei n\u00ba 9.492\/1997), na assertiva \u2018b\u2019, questionava se com fundamento [&hellip;]<\/p>\n","protected":false},"author":180,"featured_media":0,"comment_status":"open","ping_status":"closed","sticky":false,"template":"","format":"standard","meta":{"post_tipo":"article","footnotes":""},"categories":[1],"tags":[550,331,71,8,1064,3885],"tax_estado":[],"class_list":["post-125664","post","type-post","status-publish","format-standard","hentry","category-cursos-e-concursos","tag-direito-empresarial","tag-gabarito","tag-oab","tag-recurso","tag-segunda-fase","tag-sugestao"],"acf":[],"yoast_head":"<!-- This site is optimized with the Yoast SEO Premium plugin v27.2 (Yoast SEO v27.2) - https:\/\/yoast.com\/product\/yoast-seo-premium-wordpress\/ -->\n<title>Direito Empresarial - Poss\u00edvel recurso na prova de segunda fase para o XXV Exame.<\/title>\n<meta name=\"robots\" content=\"index, follow, max-snippet:-1, max-image-preview:large, max-video-preview:-1\" \/>\n<link rel=\"canonical\" href=\"https:\/\/www.estrategiaconcursos.com.br\/blog\/direito-empresarial-possivel-recurso-na-prova-de-segunda-fase-para-o-xxv-exame\/\" \/>\n<meta property=\"og:locale\" content=\"pt_BR\" \/>\n<meta property=\"og:type\" content=\"article\" \/>\n<meta property=\"og:title\" content=\"Direito Empresarial - Poss\u00edvel recurso na prova de segunda fase para o XXV Exame.\" \/>\n<meta property=\"og:description\" content=\"Boa noite, turma da OAB! Gostaria de trazer uma poss\u00edvel sugest\u00e3o de recurso para o gabarito da FGV (XXV Exame de Ordem) \u00e0queles que fizeram a prova pr\u00e1tica em Direito Empresarial. A quest\u00e3o n\u00ba 01, que tratava sobre uma situa\u00e7\u00e3o espec\u00edfica de protesto em duplicata (Lei n\u00ba 9.492\/1997), na assertiva \u2018b\u2019, questionava se com fundamento [&hellip;]\" \/>\n<meta property=\"og:url\" content=\"https:\/\/www.estrategiaconcursos.com.br\/blog\/direito-empresarial-possivel-recurso-na-prova-de-segunda-fase-para-o-xxv-exame\/\" \/>\n<meta property=\"og:site_name\" content=\"Estrat\u00e9gia Concursos\" \/>\n<meta property=\"article:author\" content=\"https:\/\/www.facebook.com\/ricardo.s.torques\" \/>\n<meta property=\"article:published_time\" content=\"2018-06-13T23:30:08+00:00\" \/>\n<meta name=\"author\" content=\"Ricardo Torques\" \/>\n<meta name=\"twitter:card\" content=\"summary_large_image\" \/>\n<meta name=\"twitter:creator\" content=\"@EstratConcursos\" \/>\n<meta name=\"twitter:site\" content=\"@EstratConcursos\" \/>\n<meta name=\"twitter:label1\" content=\"Escrito por\" \/>\n\t<meta name=\"twitter:data1\" content=\"Ricardo Torques\" \/>\n\t<meta name=\"twitter:label2\" content=\"Est. tempo de leitura\" \/>\n\t<meta name=\"twitter:data2\" content=\"3 minutos\" \/>\n<script type=\"application\/ld+json\" class=\"yoast-schema-graph\">{\"@context\":\"https:\/\/schema.org\",\"@graph\":[{\"@type\":\"NewsArticle\",\"@id\":\"https:\/\/www.estrategiaconcursos.com.br\/blog\/direito-empresarial-possivel-recurso-na-prova-de-segunda-fase-para-o-xxv-exame\/#article\",\"isPartOf\":{\"@id\":\"https:\/\/www.estrategiaconcursos.com.br\/blog\/direito-empresarial-possivel-recurso-na-prova-de-segunda-fase-para-o-xxv-exame\/\"},\"author\":{\"name\":\"Ricardo Torques\",\"@id\":\"https:\/\/www.estrategiaconcursos.com.br\/blog\/#\/schema\/person\/aa39cf5ddb518e5bdce27c35788405e2\"},\"headline\":\"Direito Empresarial &#8211; Poss\u00edvel recurso na prova de segunda fase para o XXV Exame.\",\"datePublished\":\"2018-06-13T23:30:08+00:00\",\"mainEntityOfPage\":{\"@id\":\"https:\/\/www.estrategiaconcursos.com.br\/blog\/direito-empresarial-possivel-recurso-na-prova-de-segunda-fase-para-o-xxv-exame\/\"},\"wordCount\":570,\"commentCount\":2,\"publisher\":{\"@id\":\"https:\/\/www.estrategiaconcursos.com.br\/blog\/#organization\"},\"keywords\":[\"Direito Empresarial\",\"Gabarito\",\"OAB\",\"Recurso\",\"Segunda Fase\",\"sugest\u00e3o\"],\"articleSection\":[\"Concursos P\u00fablicos\"],\"inLanguage\":\"pt-BR\",\"potentialAction\":[{\"@type\":\"CommentAction\",\"name\":\"Comment\",\"target\":[\"https:\/\/www.estrategiaconcursos.com.br\/blog\/direito-empresarial-possivel-recurso-na-prova-de-segunda-fase-para-o-xxv-exame\/#respond\"]}],\"copyrightYear\":\"2018\",\"copyrightHolder\":{\"@id\":\"https:\/\/www.estrategiaconcursos.com.br\/blog\/#organization\"}},{\"@type\":\"WebPage\",\"@id\":\"https:\/\/www.estrategiaconcursos.com.br\/blog\/direito-empresarial-possivel-recurso-na-prova-de-segunda-fase-para-o-xxv-exame\/\",\"url\":\"https:\/\/www.estrategiaconcursos.com.br\/blog\/direito-empresarial-possivel-recurso-na-prova-de-segunda-fase-para-o-xxv-exame\/\",\"name\":\"Direito Empresarial - Poss\u00edvel recurso na prova de segunda fase para o XXV Exame.\",\"isPartOf\":{\"@id\":\"https:\/\/www.estrategiaconcursos.com.br\/blog\/#website\"},\"datePublished\":\"2018-06-13T23:30:08+00:00\",\"breadcrumb\":{\"@id\":\"https:\/\/www.estrategiaconcursos.com.br\/blog\/direito-empresarial-possivel-recurso-na-prova-de-segunda-fase-para-o-xxv-exame\/#breadcrumb\"},\"inLanguage\":\"pt-BR\",\"potentialAction\":[{\"@type\":\"ReadAction\",\"target\":[\"https:\/\/www.estrategiaconcursos.com.br\/blog\/direito-empresarial-possivel-recurso-na-prova-de-segunda-fase-para-o-xxv-exame\/\"]}]},{\"@type\":\"BreadcrumbList\",\"@id\":\"https:\/\/www.estrategiaconcursos.com.br\/blog\/direito-empresarial-possivel-recurso-na-prova-de-segunda-fase-para-o-xxv-exame\/#breadcrumb\",\"itemListElement\":[{\"@type\":\"ListItem\",\"position\":1,\"name\":\"In\u00edcio\",\"item\":\"https:\/\/www.estrategiaconcursos.com.br\/blog\/\"},{\"@type\":\"ListItem\",\"position\":2,\"name\":\"Direito Empresarial &#8211; Poss\u00edvel recurso na prova de segunda fase para o XXV Exame.\"}]},{\"@type\":\"WebSite\",\"@id\":\"https:\/\/www.estrategiaconcursos.com.br\/blog\/#website\",\"url\":\"https:\/\/www.estrategiaconcursos.com.br\/blog\/\",\"name\":\"Estrat\u00e9gia Concursos\",\"description\":\"O blog da Estrat\u00e9gia Concursos traz not\u00edcias sobre concursos e artigos de professores oferecendo cursos para concursos (pdf + videaulas) no site.\",\"publisher\":{\"@id\":\"https:\/\/www.estrategiaconcursos.com.br\/blog\/#organization\"},\"potentialAction\":[{\"@type\":\"SearchAction\",\"target\":{\"@type\":\"EntryPoint\",\"urlTemplate\":\"https:\/\/www.estrategiaconcursos.com.br\/blog\/?s={search_term_string}\"},\"query-input\":{\"@type\":\"PropertyValueSpecification\",\"valueRequired\":true,\"valueName\":\"search_term_string\"}}],\"inLanguage\":\"pt-BR\"},{\"@type\":\"Organization\",\"@id\":\"https:\/\/www.estrategiaconcursos.com.br\/blog\/#organization\",\"name\":\"Estrat\u00e9gia Concursos\",\"url\":\"https:\/\/www.estrategiaconcursos.com.br\/blog\/\",\"logo\":{\"@type\":\"ImageObject\",\"inLanguage\":\"pt-BR\",\"@id\":\"https:\/\/www.estrategiaconcursos.com.br\/blog\/#\/schema\/logo\/image\/\",\"url\":\"https:\/\/dhg1h5j42swfq.cloudfront.net\/2025\/06\/03203428\/logo_concursos-1.jpg\",\"contentUrl\":\"https:\/\/dhg1h5j42swfq.cloudfront.net\/2025\/06\/03203428\/logo_concursos-1.jpg\",\"width\":230,\"height\":60,\"caption\":\"Estrat\u00e9gia Concursos\"},\"image\":{\"@id\":\"https:\/\/www.estrategiaconcursos.com.br\/blog\/#\/schema\/logo\/image\/\"},\"sameAs\":[\"https:\/\/x.com\/EstratConcursos\"]},{\"@type\":\"Person\",\"@id\":\"https:\/\/www.estrategiaconcursos.com.br\/blog\/#\/schema\/person\/aa39cf5ddb518e5bdce27c35788405e2\",\"name\":\"Ricardo Torques\",\"image\":{\"@type\":\"ImageObject\",\"inLanguage\":\"pt-BR\",\"@id\":\"https:\/\/secure.gravatar.com\/avatar\/ce9ac6c3cff25fe86d15ed568ebc64d1724baf5c0693133bcb1f6073f712f92a?s=96&d=mm&r=g\",\"url\":\"https:\/\/secure.gravatar.com\/avatar\/ce9ac6c3cff25fe86d15ed568ebc64d1724baf5c0693133bcb1f6073f712f92a?s=96&d=mm&r=g\",\"contentUrl\":\"https:\/\/secure.gravatar.com\/avatar\/ce9ac6c3cff25fe86d15ed568ebc64d1724baf5c0693133bcb1f6073f712f92a?s=96&d=mm&r=g\",\"caption\":\"Ricardo Torques\"},\"sameAs\":[\"https:\/\/www.facebook.com\/ricardo.s.torques\"],\"url\":\"https:\/\/www.estrategiaconcursos.com.br\/blog\/author\/ricardotorquesestrategiaconcursos-com-br\/\"}]}<\/script>\n<!-- \/ Yoast SEO Premium plugin. -->","yoast_head_json":{"title":"Direito Empresarial - Poss\u00edvel recurso na prova de segunda fase para o XXV Exame.","robots":{"index":"index","follow":"follow","max-snippet":"max-snippet:-1","max-image-preview":"max-image-preview:large","max-video-preview":"max-video-preview:-1"},"canonical":"https:\/\/www.estrategiaconcursos.com.br\/blog\/direito-empresarial-possivel-recurso-na-prova-de-segunda-fase-para-o-xxv-exame\/","og_locale":"pt_BR","og_type":"article","og_title":"Direito Empresarial - Poss\u00edvel recurso na prova de segunda fase para o XXV Exame.","og_description":"Boa noite, turma da OAB! Gostaria de trazer uma poss\u00edvel sugest\u00e3o de recurso para o gabarito da FGV (XXV Exame de Ordem) \u00e0queles que fizeram a prova pr\u00e1tica em Direito Empresarial. A quest\u00e3o n\u00ba 01, que tratava sobre uma situa\u00e7\u00e3o espec\u00edfica de protesto em duplicata (Lei n\u00ba 9.492\/1997), na assertiva \u2018b\u2019, questionava se com fundamento [&hellip;]","og_url":"https:\/\/www.estrategiaconcursos.com.br\/blog\/direito-empresarial-possivel-recurso-na-prova-de-segunda-fase-para-o-xxv-exame\/","og_site_name":"Estrat\u00e9gia Concursos","article_author":"https:\/\/www.facebook.com\/ricardo.s.torques","article_published_time":"2018-06-13T23:30:08+00:00","author":"Ricardo Torques","twitter_card":"summary_large_image","twitter_creator":"@EstratConcursos","twitter_site":"@EstratConcursos","twitter_misc":{"Escrito por":"Ricardo Torques","Est. tempo de leitura":"3 minutos"},"schema":{"@context":"https:\/\/schema.org","@graph":[{"@type":"NewsArticle","@id":"https:\/\/www.estrategiaconcursos.com.br\/blog\/direito-empresarial-possivel-recurso-na-prova-de-segunda-fase-para-o-xxv-exame\/#article","isPartOf":{"@id":"https:\/\/www.estrategiaconcursos.com.br\/blog\/direito-empresarial-possivel-recurso-na-prova-de-segunda-fase-para-o-xxv-exame\/"},"author":{"name":"Ricardo Torques","@id":"https:\/\/www.estrategiaconcursos.com.br\/blog\/#\/schema\/person\/aa39cf5ddb518e5bdce27c35788405e2"},"headline":"Direito Empresarial &#8211; Poss\u00edvel recurso na prova de segunda fase para o XXV Exame.","datePublished":"2018-06-13T23:30:08+00:00","mainEntityOfPage":{"@id":"https:\/\/www.estrategiaconcursos.com.br\/blog\/direito-empresarial-possivel-recurso-na-prova-de-segunda-fase-para-o-xxv-exame\/"},"wordCount":570,"commentCount":2,"publisher":{"@id":"https:\/\/www.estrategiaconcursos.com.br\/blog\/#organization"},"keywords":["Direito Empresarial","Gabarito","OAB","Recurso","Segunda Fase","sugest\u00e3o"],"articleSection":["Concursos P\u00fablicos"],"inLanguage":"pt-BR","potentialAction":[{"@type":"CommentAction","name":"Comment","target":["https:\/\/www.estrategiaconcursos.com.br\/blog\/direito-empresarial-possivel-recurso-na-prova-de-segunda-fase-para-o-xxv-exame\/#respond"]}],"copyrightYear":"2018","copyrightHolder":{"@id":"https:\/\/www.estrategiaconcursos.com.br\/blog\/#organization"}},{"@type":"WebPage","@id":"https:\/\/www.estrategiaconcursos.com.br\/blog\/direito-empresarial-possivel-recurso-na-prova-de-segunda-fase-para-o-xxv-exame\/","url":"https:\/\/www.estrategiaconcursos.com.br\/blog\/direito-empresarial-possivel-recurso-na-prova-de-segunda-fase-para-o-xxv-exame\/","name":"Direito Empresarial - Poss\u00edvel recurso na prova de segunda fase para o XXV Exame.","isPartOf":{"@id":"https:\/\/www.estrategiaconcursos.com.br\/blog\/#website"},"datePublished":"2018-06-13T23:30:08+00:00","breadcrumb":{"@id":"https:\/\/www.estrategiaconcursos.com.br\/blog\/direito-empresarial-possivel-recurso-na-prova-de-segunda-fase-para-o-xxv-exame\/#breadcrumb"},"inLanguage":"pt-BR","potentialAction":[{"@type":"ReadAction","target":["https:\/\/www.estrategiaconcursos.com.br\/blog\/direito-empresarial-possivel-recurso-na-prova-de-segunda-fase-para-o-xxv-exame\/"]}]},{"@type":"BreadcrumbList","@id":"https:\/\/www.estrategiaconcursos.com.br\/blog\/direito-empresarial-possivel-recurso-na-prova-de-segunda-fase-para-o-xxv-exame\/#breadcrumb","itemListElement":[{"@type":"ListItem","position":1,"name":"In\u00edcio","item":"https:\/\/www.estrategiaconcursos.com.br\/blog\/"},{"@type":"ListItem","position":2,"name":"Direito Empresarial &#8211; Poss\u00edvel recurso na prova de segunda fase para o XXV Exame."}]},{"@type":"WebSite","@id":"https:\/\/www.estrategiaconcursos.com.br\/blog\/#website","url":"https:\/\/www.estrategiaconcursos.com.br\/blog\/","name":"Estrat\u00e9gia Concursos","description":"O blog da Estrat\u00e9gia Concursos traz not\u00edcias sobre concursos e artigos de professores oferecendo cursos para concursos (pdf + videaulas) no site.","publisher":{"@id":"https:\/\/www.estrategiaconcursos.com.br\/blog\/#organization"},"potentialAction":[{"@type":"SearchAction","target":{"@type":"EntryPoint","urlTemplate":"https:\/\/www.estrategiaconcursos.com.br\/blog\/?s={search_term_string}"},"query-input":{"@type":"PropertyValueSpecification","valueRequired":true,"valueName":"search_term_string"}}],"inLanguage":"pt-BR"},{"@type":"Organization","@id":"https:\/\/www.estrategiaconcursos.com.br\/blog\/#organization","name":"Estrat\u00e9gia Concursos","url":"https:\/\/www.estrategiaconcursos.com.br\/blog\/","logo":{"@type":"ImageObject","inLanguage":"pt-BR","@id":"https:\/\/www.estrategiaconcursos.com.br\/blog\/#\/schema\/logo\/image\/","url":"https:\/\/dhg1h5j42swfq.cloudfront.net\/2025\/06\/03203428\/logo_concursos-1.jpg","contentUrl":"https:\/\/dhg1h5j42swfq.cloudfront.net\/2025\/06\/03203428\/logo_concursos-1.jpg","width":230,"height":60,"caption":"Estrat\u00e9gia Concursos"},"image":{"@id":"https:\/\/www.estrategiaconcursos.com.br\/blog\/#\/schema\/logo\/image\/"},"sameAs":["https:\/\/x.com\/EstratConcursos"]},{"@type":"Person","@id":"https:\/\/www.estrategiaconcursos.com.br\/blog\/#\/schema\/person\/aa39cf5ddb518e5bdce27c35788405e2","name":"Ricardo Torques","image":{"@type":"ImageObject","inLanguage":"pt-BR","@id":"https:\/\/secure.gravatar.com\/avatar\/ce9ac6c3cff25fe86d15ed568ebc64d1724baf5c0693133bcb1f6073f712f92a?s=96&d=mm&r=g","url":"https:\/\/secure.gravatar.com\/avatar\/ce9ac6c3cff25fe86d15ed568ebc64d1724baf5c0693133bcb1f6073f712f92a?s=96&d=mm&r=g","contentUrl":"https:\/\/secure.gravatar.com\/avatar\/ce9ac6c3cff25fe86d15ed568ebc64d1724baf5c0693133bcb1f6073f712f92a?s=96&d=mm&r=g","caption":"Ricardo Torques"},"sameAs":["https:\/\/www.facebook.com\/ricardo.s.torques"],"url":"https:\/\/www.estrategiaconcursos.com.br\/blog\/author\/ricardotorquesestrategiaconcursos-com-br\/"}]}},"_links":{"self":[{"href":"https:\/\/www.estrategiaconcursos.com.br\/blog\/wp-json\/wp\/v2\/posts\/125664","targetHints":{"allow":["GET"]}}],"collection":[{"href":"https:\/\/www.estrategiaconcursos.com.br\/blog\/wp-json\/wp\/v2\/posts"}],"about":[{"href":"https:\/\/www.estrategiaconcursos.com.br\/blog\/wp-json\/wp\/v2\/types\/post"}],"author":[{"embeddable":true,"href":"https:\/\/www.estrategiaconcursos.com.br\/blog\/wp-json\/wp\/v2\/users\/180"}],"replies":[{"embeddable":true,"href":"https:\/\/www.estrategiaconcursos.com.br\/blog\/wp-json\/wp\/v2\/comments?post=125664"}],"version-history":[{"count":3,"href":"https:\/\/www.estrategiaconcursos.com.br\/blog\/wp-json\/wp\/v2\/posts\/125664\/revisions"}],"predecessor-version":[{"id":126360,"href":"https:\/\/www.estrategiaconcursos.com.br\/blog\/wp-json\/wp\/v2\/posts\/125664\/revisions\/126360"}],"wp:attachment":[{"href":"https:\/\/www.estrategiaconcursos.com.br\/blog\/wp-json\/wp\/v2\/media?parent=125664"}],"wp:term":[{"taxonomy":"category","embeddable":true,"href":"https:\/\/www.estrategiaconcursos.com.br\/blog\/wp-json\/wp\/v2\/categories?post=125664"},{"taxonomy":"post_tag","embeddable":true,"href":"https:\/\/www.estrategiaconcursos.com.br\/blog\/wp-json\/wp\/v2\/tags?post=125664"},{"taxonomy":"tax_estado","embeddable":true,"href":"https:\/\/www.estrategiaconcursos.com.br\/blog\/wp-json\/wp\/v2\/tax_estado?post=125664"}],"curies":[{"name":"wp","href":"https:\/\/api.w.org\/{rel}","templated":true}]}}