{"id":125612,"date":"2022-07-14T09:45:00","date_gmt":"2022-07-14T12:45:00","guid":{"rendered":"https:\/\/www.estrategiaconcursos.com.br\/blog\/?p=125612"},"modified":"2022-07-14T14:14:06","modified_gmt":"2022-07-14T17:14:06","slug":"concurso-slu-df","status":"publish","type":"post","link":"https:\/\/www.estrategiaconcursos.com.br\/blog\/concurso-slu-df\/","title":{"rendered":"Concurso SLU DF: previsto novo edital e futuras nomea\u00e7\u00f5es"},"content":{"rendered":"\n<p>O novo concurso SLU DF pode ocorrer ainda neste ano, com oferta de <strong>100 vagas<\/strong> ao cargo de<strong> Assistente de Gest\u00e3o de Res\u00edduos S\u00f3lidos<\/strong>. As oportunidades s\u00e3o previstas na Lei Or\u00e7ament\u00e1ria Anual do DF (<a href=\"https:\/\/dhg1h5j42swfq.cloudfront.net\/2022\/01\/11155053\/a4-anexo-iv-detalhamento-dos-creditos-orcamentarios-1-2.pdf\" target=\"_blank\" rel=\"noreferrer noopener nofollow\">LOA<\/a>) de 2022.<\/p>\n\n\n\n<div class=\"wp-block-image\"><figure class=\"aligncenter size-large\"><img loading=\"lazy\" decoding=\"async\" width=\"972\" height=\"170\" src=\"https:\/\/dhg1h5j42swfq.cloudfront.net\/2021\/07\/01100554\/slu.png\" alt=\"loa 2022 - concurso slu\" class=\"wp-image-782550\" srcset=\"https:\/\/dhg1h5j42swfq.cloudfront.net\/2021\/07\/01100554\/slu.png 972w, https:\/\/dhg1h5j42swfq.cloudfront.net\/2021\/07\/01100554\/slu-300x52.png 300w, https:\/\/dhg1h5j42swfq.cloudfront.net\/2021\/07\/01100554\/slu-768x134.png 768w, https:\/\/dhg1h5j42swfq.cloudfront.net\/2021\/07\/01100554\/slu-610x107.png 610w\" sizes=\"auto, (max-width: 972px) 100vw, 972px\" \/><figcaption>LOA 2022<\/figcaption><\/figure><\/div>\n\n\n\n<p>Al\u00e9m disso h\u00e1 tamb\u00e9m a previs\u00e3o de nomea\u00e7\u00e3o de <strong>65 servidores nos cargos de Gestor de Politicas P\u00fablicas<\/strong> e <strong>Analista de Planejamento<\/strong> no ano de 2023, conforme o Projeto de Lei de Diretrizes Or\u00e7ament\u00e1rias (<a href=\"https:\/\/dhg1h5j42swfq.cloudfront.net\/2022\/07\/14093404\/pldo-2023-df.pdf\" target=\"_blank\" rel=\"noreferrer noopener nofollow\">PLDO<\/a>) do pr\u00f3ximo ano:<\/p>\n\n\n\n<div class=\"wp-block-image\"><figure class=\"aligncenter size-full\"><img loading=\"lazy\" decoding=\"async\" width=\"916\" height=\"159\" src=\"https:\/\/dhg1h5j42swfq.cloudfront.net\/2022\/07\/14102404\/image-20220714-114246.png\" alt=\"concurso slu df pldo 2023\" class=\"wp-image-1060929\" srcset=\"https:\/\/dhg1h5j42swfq.cloudfront.net\/2022\/07\/14102404\/image-20220714-114246.png 916w, https:\/\/dhg1h5j42swfq.cloudfront.net\/2022\/07\/14102404\/image-20220714-114246-300x52.png 300w, https:\/\/dhg1h5j42swfq.cloudfront.net\/2022\/07\/14102404\/image-20220714-114246-768x133.png 768w, https:\/\/dhg1h5j42swfq.cloudfront.net\/2022\/07\/14102404\/image-20220714-114246-610x106.png 610w, https:\/\/dhg1h5j42swfq.cloudfront.net\/2022\/07\/14102404\/image-20220714-114246-150x26.png 150w\" sizes=\"auto, (max-width: 916px) 100vw, 916px\" \/><figcaption>PLDO 2023<\/figcaption><\/figure><\/div>\n\n\n\n<ul id=\"block-ee678516-e9d1-48bd-b327-7b9acd55f0fd\" class=\"has-very-light-gray-to-cyan-bluish-gray-gradient-background has-background wp-block-list\"><li><strong>SLU DF &#8211; Assistente de Gest\u00e3o de Res\u00edduos S\u00f3lidos<\/strong><\/li><li><strong>Status:<\/strong>&nbsp;Comiss\u00e3o formada<\/li><li><strong>Vagas:<\/strong> 100 autorizadas<\/li><li><strong>Sal\u00e1rio inicial:<\/strong> R$ 3.360,00 (30h) ou R$ 4.366,44 (40h)<\/li><li><strong>Edital:<\/strong>&nbsp;<a href=\"https:\/\/dhg1h5j42swfq.cloudfront.net\/2019\/01\/14174827\/ED_1_SLU_DF__ABT.pdf\" target=\"_blank\" rel=\"noreferrer noopener nofollow\">Edital SLU-DF 2019<\/a>&nbsp;|&nbsp;<a href=\"https:\/\/dhg1h5j42swfq.cloudfront.net\/2019\/01\/12084431\/ED_3_SLU_DF__RET.pdf\" target=\"_blank\" rel=\"noreferrer noopener nofollow\">Retifica\u00e7\u00e3o<\/a><\/li><\/ul>\n\n\n\n<p>Se voc\u00ea tem interesse no <strong>concurso SLU DF<\/strong>, chegou ao lugar certo! Ao longo deste artigo reunimos as principais informa\u00e7\u00f5es sobre o certame. Acompanhe pelos t\u00f3picos abaixo e n\u00e3o perca nada:<\/p>\n\n\n\n<ul class=\"wp-block-list\" id=\"indice\"><li><a href=\"#situacao-atual\">Situa\u00e7\u00e3o atual<\/a><ul><li><a href=\"#comissao\">Comiss\u00e3o<\/a><\/li><li><a href=\"#autorizado\">Concurso autorizado<\/a><\/li><\/ul><\/li><li><a href=\"#carreira\">Carreira<\/a><ul><li><a href=\"#reestruturacao\">Reestrutura\u00e7\u00e3o<\/a><\/li><li><a href=\"#requisitos\">Requisitos<\/a><\/li><li><a href=\"#remuneracao\">Remunera\u00e7\u00e3o<\/a><\/li><\/ul><\/li><li><a href=\"#informacoes-do-concurso\">\u00daltimo concurso<\/a><ul><li><a href=\"#vagas\">Distribui\u00e7\u00e3o das vagas<\/a><\/li><li><a href=\"#etapas\">Etapas do concurso<\/a><\/li><\/ul><\/li><li><a href=\"#slu\">Sobre a autarquia<\/a><\/li><li><a href=\"#cursos-assinatura\">Assinatura e cursos<\/a><\/li><\/ul>\n\n\n\n<div class=\"container\" id=\"boxes\">\n  <div class=\"row\">\n\n    <div class=\"col-sm\">\n      <div class=\"banner-estrategia\" id=\"box-assinatura\">\n        <h3 class=\"titulo-assinatura\">SLU DF<\/h3>\n        <p class=\"subtitulo-assinatura\">Conhe\u00e7a nossos cursos<\/p>\n        <div class=\"box-botao\">\n          <a class=\"btn-assinatura\" target=\"_blank\" href=\"https:\/\/www.estrategiaconcursos.com.br\/cursos\/concurso\/\" role=\"button\" rel=\"noopener noreferrer\">Conhe\u00e7a mais<\/a>\n        <\/div>\n      <\/div>\n     \n    <\/div>\n\n  <\/div>\n<\/div>\n\n\n\n<h2 class=\"wp-block-heading\" id=\"situacao-atual\">Concurso SLU DF: situa\u00e7\u00e3o atual<\/h2>\n\n\n\n<h3 class=\"wp-block-heading\" id=\"comissao\"><span style=\"font-size: revert; color: initial;\">Comiss\u00e3o<\/span> <\/h3>\n\n\n\n<p>A Secretaria de Economia distrital publicou no Di\u00e1rio Oficial do Estado a Portaria 248\/2021 que instituiu a comiss\u00e3o respons\u00e1vel para escolha da banca do pr\u00f3ximo certame do\u00a0<a href=\"https:\/\/www.slu.df.gov.br\/\" target=\"_blank\" rel=\"noreferrer noopener\">SLU DF<\/a>.<\/p>\n\n\n\n<p>O Grupo de Trabalho ser\u00e1 composto de representantes da Secretaria de Economia e do Servi\u00e7o de Limpeza Urbana do DF. Vale destacar que est\u00e3o autorizadas 100 vagas para o SLU. Veja:<\/p>\n\n\n\n<div class=\"wp-block-image\"><figure class=\"aligncenter size-large is-resized\"><img loading=\"lazy\" decoding=\"async\" src=\"https:\/\/dhg1h5j42swfq.cloudfront.net\/2021\/09\/15074954\/imagem_do_ios-1-1024x441.jpg\" alt=\"comiss\u00e3o concurso SLU DF\" class=\"wp-image-861341\" width=\"538\" height=\"231\" srcset=\"https:\/\/dhg1h5j42swfq.cloudfront.net\/2021\/09\/15074954\/imagem_do_ios-1-1024x441.jpg 1024w, https:\/\/dhg1h5j42swfq.cloudfront.net\/2021\/09\/15074954\/imagem_do_ios-1-300x129.jpg 300w, https:\/\/dhg1h5j42swfq.cloudfront.net\/2021\/09\/15074954\/imagem_do_ios-1-768x330.jpg 768w, https:\/\/dhg1h5j42swfq.cloudfront.net\/2021\/09\/15074954\/imagem_do_ios-1-610x262.jpg 610w, https:\/\/dhg1h5j42swfq.cloudfront.net\/2021\/09\/15074954\/imagem_do_ios-1.jpg 1125w\" sizes=\"auto, (max-width: 538px) 100vw, 538px\" \/><\/figure><\/div>\n\n\n\n<h3 class=\"wp-block-heading\" id=\"autorizado\">Concurso autorizado<\/h3>\n\n\n\n<p>O novo concurso para o SLU est\u00e1 autorizado desde 2021. S\u00e3o previstas 105 vagas, distribu\u00eddas entre os cargos de Assistente e Analista de Gest\u00e3o em Res\u00edduos S\u00f3lidos:<\/p>\n\n\n\n<ul class=\"wp-block-list\"><li>100 vagas &#8211; Assistente de Gest\u00e3o em Res\u00edduos S\u00f3lidos (m\u00e9dio);<\/li><li>05 vagas &#8211; Analista de Gest\u00e3o em Res\u00edduos S\u00f3lidos (superior).<\/li><\/ul>\n\n\n\n<h2 class=\"wp-block-heading\" id=\"carreira\">Concurso SLU DF: carreira<\/h2>\n\n\n\n<h3 class=\"wp-block-heading\" id=\"reestruturacao\">Reestrutura\u00e7\u00e3o<\/h3>\n\n\n\n<p>A <a href=\"https:\/\/dhg1h5j42swfq.cloudfront.net\/2020\/11\/23091035\/DODF-220-23-11-2020-INTEGRA_1.pdf\" target=\"_blank\" rel=\"noreferrer noopener nofollow\">Lei N\u00ba 6.720, de 18 de novembro de 2020<\/a> alterou a denomina\u00e7\u00e3o da carreira Gest\u00e3o Sustent\u00e1vel de Res\u00edduos S\u00f3lidos e a reestrutura. Dessa forma, ficam alterados nomenclatura e requisitos, da seguinte forma:<\/p>\n\n\n\n<figure class=\"wp-block-table is-style-stripes\"><table class=\"has-fixed-layout\"><thead><tr><th class=\"has-text-align-center\" data-align=\"center\">Nomenclatura anterior<\/th><th class=\"has-text-align-center\" data-align=\"center\">Nova nomenclatura<\/th><\/tr><\/thead><tbody><tr><td class=\"has-text-align-center\" data-align=\"center\">Analista de Gest\u00e3o de Res\u00edduos S\u00f3lidos (superior)<\/td><td class=\"has-text-align-center\" data-align=\"center\">Gestor de Res\u00edduos S\u00f3lidos (superior)<\/td><\/tr><tr><td class=\"has-text-align-center\" data-align=\"center\">Assistente de Gest\u00e3o de Res\u00edduos S\u00f3lidos (m\u00e9dio)<\/td><td class=\"has-text-align-center\" data-align=\"center\">Analista de Res\u00edduos S\u00f3lidos (superior)<\/td><\/tr><tr><td class=\"has-text-align-center\" data-align=\"center\">Agente de Gest\u00e3o de Res\u00edduos S\u00f3lidos (fundamental)<\/td><td class=\"has-text-align-center\" data-align=\"center\">T\u00e9cnico de Res\u00edduos S\u00f3lidos (m\u00e9dio)<\/td><\/tr><\/tbody><\/table><\/figure>\n\n\n\n<p>Al\u00e9m disso, tamb\u00e9m foi definido o quantitativo de vagas para cada um dos cargos, totalizando um efetivo de 1.382 vagas.<\/p>\n\n\n\n<div class=\"wp-block-image\"><figure class=\"aligncenter size-large\"><img loading=\"lazy\" decoding=\"async\" width=\"485\" height=\"113\" src=\"https:\/\/dhg1h5j42swfq.cloudfront.net\/2020\/11\/23091152\/image-299.png\" alt=\"\" class=\"wp-image-614818\" srcset=\"https:\/\/dhg1h5j42swfq.cloudfront.net\/2020\/11\/23091152\/image-299.png 485w, https:\/\/dhg1h5j42swfq.cloudfront.net\/2020\/11\/23091152\/image-299-300x70.png 300w\" sizes=\"auto, (max-width: 485px) 100vw, 485px\" \/><\/figure><\/div>\n\n\n\n<h3 class=\"wp-block-heading\" id=\"requisitos\">Requisitos<\/h3>\n\n\n\n<p><strong>Gestor de Res\u00edduos S\u00f3lidos:<\/strong> diploma de curso superior ou habilita\u00e7\u00e3o legal equivalente, fornecido por institui\u00e7\u00e3o de ensino devidamente reconhecida pelo Minist\u00e9rio da Educa\u00e7\u00e3o, com forma\u00e7\u00e3o nas \u00e1reas indicadas e, nos casos especificados no edital normativo do concurso, registro no respectivo conselho de classe;<\/p>\n\n\n\n<p><strong>Analista de Res\u00edduos S\u00f3lidos<\/strong>: diploma de curso superior ou habilita\u00e7\u00e3o legal equivalente, fornecido por institui\u00e7\u00e3o de ensino devidamente reconhecida pelo Minist\u00e9rio da Educa\u00e7\u00e3o;<\/p>\n\n\n\n<p><strong>T\u00e9cnico de Res\u00edduos S\u00f3lidos:<\/strong> certificado de conclus\u00e3o de ensino m\u00e9dio ou equivalente expedido por institui\u00e7\u00e3o educacional reconhecida pelo \u00f3rg\u00e3o pr\u00f3prio do sistema de ensino e, nos casos especificados no edital normativo do concurso, curso de forma\u00e7\u00e3o profissional e registro no respectivo conselho de classe.<\/p>\n\n\n\n<h3 class=\"wp-block-heading\" id=\"remuneracao\">Remunera\u00e7\u00e3o no SLU<\/h3>\n\n\n\n<p>Conforme a estrutura remunerat\u00f3ria da carreira, vigente desde 2018, o sal\u00e1rio pode variar conforme a carga hor\u00e1ria semanal, que \u00e9 de 30 ou 40 horas.<\/p>\n\n\n\n<h4 class=\"wp-block-heading\" id=\"gestor-de-residuos-solidos\">Gestor de Res\u00edduos S\u00f3lidos<\/h4>\n\n\n\n<div class=\"wp-block-columns is-layout-flex wp-container-core-columns-is-layout-28f84493 wp-block-columns-is-layout-flex\">\n<div class=\"wp-block-column is-layout-flow wp-block-column-is-layout-flow\">\n<p><strong><em>Inicial:<\/em><\/strong><\/p>\n\n\n\n<ul class=\"wp-block-list\"><li>30h: R$ 5.070,00<\/li><li>40h: R$ 6.760,00<\/li><\/ul>\n<\/div>\n\n\n\n<div class=\"wp-block-column is-layout-flow wp-block-column-is-layout-flow\">\n<p><strong><em>Final:<\/em><\/strong><\/p>\n\n\n\n<ul class=\"wp-block-list\"><li>30h: R$ 6.806,12<\/li><li>40h: R$ 9.074,82<\/li><\/ul>\n<\/div>\n<\/div>\n\n\n\n<h4 class=\"wp-block-heading\" id=\"analista-de-residuos-solidos\">Analista de Res\u00edduos S\u00f3lidos<\/h4>\n\n\n\n<div class=\"wp-block-columns is-layout-flex wp-container-core-columns-is-layout-28f84493 wp-block-columns-is-layout-flex\">\n<div class=\"wp-block-column is-layout-flow wp-block-column-is-layout-flow\">\n<p><strong><em>Inicial:<\/em><\/strong><\/p>\n\n\n\n<ul class=\"wp-block-list\"><li>30h: R$ 3.360,00<\/li><li>40h: R$ 4.480,00<\/li><\/ul>\n<\/div>\n\n\n\n<div class=\"wp-block-column is-layout-flow wp-block-column-is-layout-flow\">\n<p><strong><em>Final:<\/em><\/strong><\/p>\n\n\n\n<ul class=\"wp-block-list\"><li>30h: R$ 4.366,44<\/li><li>40h: R$ 5.821,92<\/li><\/ul>\n<\/div>\n<\/div>\n\n\n\n<h4 class=\"wp-block-heading\" id=\"tecnico-de-residuos-solidos\">T\u00e9cnico de Res\u00edduos S\u00f3lidos<\/h4>\n\n\n\n<div class=\"wp-block-columns is-layout-flex wp-container-core-columns-is-layout-28f84493 wp-block-columns-is-layout-flex\">\n<div class=\"wp-block-column is-layout-flow wp-block-column-is-layout-flow\">\n<p><strong><em>Inicial:<\/em><\/strong><\/p>\n\n\n\n<ul class=\"wp-block-list\"><li>30h: R$ 2.912,02<\/li><li>40h: R$ 3.882,69<\/li><\/ul>\n<\/div>\n\n\n\n<div class=\"wp-block-column is-layout-flow wp-block-column-is-layout-flow\">\n<p><em><strong>Final:<\/strong><\/em><\/p>\n\n\n\n<ul class=\"wp-block-list\"><li>30h: R$ 3.270,00<\/li><li>40h: R$ 4.360,00<\/li><\/ul>\n<\/div>\n<\/div>\n\n\n\n<h2 class=\"wp-block-heading\" id=\"informacoes-do-concurso\">Concurso SLU DF: \u00faltimo edital<\/h2>\n\n\n\n<p>Publicado em janeiro de 2019, o certame ofertou inicialmente 50 vagas imediatas mais 100 em cadastro reserva para o cargo de Analista de Gest\u00e3o de Res\u00edduos S\u00f3lidos. <\/p>\n\n\n\n<p>Com a suspens\u00e3o da especialidade de Direito e Legisla\u00e7\u00e3o, o edital passou a ofertar 46 imediatas e 92 CR.<\/p>\n\n\n\n<p>Foram registrados, no total, <strong>18.655 candidatos inscritos<\/strong>. A especialidade com maior procura foi a de Administra\u00e7\u00e3o, com 3.296 candidaturas.<\/p>\n\n\n\n<h3 class=\"wp-block-heading\" id=\"vagas\">Distribui\u00e7\u00e3o das vagas e demanda de inscritos<\/h3>\n\n\n\n<figure class=\"wp-block-table is-style-stripes\"><table class=\"has-fixed-layout\"><tbody><tr><td class=\"has-text-align-center\" data-align=\"center\"><strong>Especialidades<\/strong><\/td><td class=\"has-text-align-center\" data-align=\"center\"><strong>Vagas imediatas<\/strong><\/td><td class=\"has-text-align-center\" data-align=\"center\"><strong><\/strong><strong>Inscritos<\/strong><\/td><\/tr><tr><td class=\"has-text-align-center\" data-align=\"center\"> Administra\u00e7\u00e3o <\/td><td class=\"has-text-align-center\" data-align=\"center\">6 + 12 CR<\/td><td class=\"has-text-align-center\" data-align=\"center\"> 3.296<\/td><\/tr><tr><td class=\"has-text-align-center\" data-align=\"center\"> Arquitetura <\/td><td class=\"has-text-align-center\" data-align=\"center\">2 + 4 CR<\/td><td class=\"has-text-align-center\" data-align=\"center\">797<\/td><\/tr><tr><td class=\"has-text-align-center\" data-align=\"center\"> Biologia <\/td><td class=\"has-text-align-center\" data-align=\"center\">1 + 2 CR<\/td><td class=\"has-text-align-center\" data-align=\"center\">606<\/td><\/tr><tr><td class=\"has-text-align-center\" data-align=\"center\"> Ci\u00eancias Cont\u00e1beis <\/td><td class=\"has-text-align-center\" data-align=\"center\">2 + 4 CR<\/td><td class=\"has-text-align-center\" data-align=\"center\">934<\/td><\/tr><tr><td class=\"has-text-align-center\" data-align=\"center\"> Comunica\u00e7\u00e3o Social \u2013 Jornalismo <\/td><td class=\"has-text-align-center\" data-align=\"center\">2 + 4 CR<\/td><td class=\"has-text-align-center\" data-align=\"center\">691<\/td><\/tr><tr><td class=\"has-text-align-center\" data-align=\"center\">  Comunica\u00e7\u00e3o Social \u2013 Rela\u00e7\u00f5es P\u00fablicas <\/td><td class=\"has-text-align-center\" data-align=\"center\">1 + 2 CR<\/td><td class=\"has-text-align-center\" data-align=\"center\">98<\/td><\/tr><tr><td class=\"has-text-align-center\" data-align=\"center\"> <s>Direito e Legisla\u00e7\u00e3o <\/s><\/td><td class=\"has-text-align-center\" data-align=\"center\"><s>4 + 8 CR<\/s><\/td><td class=\"has-text-align-center\" data-align=\"center\"><s> 3.220 <\/s><\/td><\/tr><tr><td class=\"has-text-align-center\" data-align=\"center\"> Economia <\/td><td class=\"has-text-align-center\" data-align=\"center\">2 + 4 CR<\/td><td class=\"has-text-align-center\" data-align=\"center\">754<\/td><\/tr><tr><td class=\"has-text-align-center\" data-align=\"center\">  Engenharia Ambiental <\/td><td class=\"has-text-align-center\" data-align=\"center\">6 + 12 CR<\/td><td class=\"has-text-align-center\" data-align=\"center\">754<\/td><\/tr><tr><td class=\"has-text-align-center\" data-align=\"center\"> Engenharia Civil <\/td><td class=\"has-text-align-center\" data-align=\"center\">8 + 14 CR<\/td><td class=\"has-text-align-center\" data-align=\"center\">1.733<\/td><\/tr><tr><td class=\"has-text-align-center\" data-align=\"center\">  Engenharia de Produ\u00e7\u00e3o <\/td><td class=\"has-text-align-center\" data-align=\"center\">2 + 4 CR<\/td><td class=\"has-text-align-center\" data-align=\"center\">238<\/td><\/tr><tr><td class=\"has-text-align-center\" data-align=\"center\"> Engenharia de Seguran\u00e7a do Trabalho <\/td><td class=\"has-text-align-center\" data-align=\"center\">1 + 2 CR<\/td><td class=\"has-text-align-center\" data-align=\"center\">156<\/td><\/tr><tr><td class=\"has-text-align-center\" data-align=\"center\"> Engenharia El\u00e9trica <\/td><td class=\"has-text-align-center\" data-align=\"center\">1 + 2 CR<\/td><td class=\"has-text-align-center\" data-align=\"center\"> 226<\/td><\/tr><tr><td class=\"has-text-align-center\" data-align=\"center\"> Engenharia Mec\u00e2nica <\/td><td class=\"has-text-align-center\" data-align=\"center\">2 + 4 CR<\/td><td class=\"has-text-align-center\" data-align=\"center\">213<\/td><\/tr><tr><td class=\"has-text-align-center\" data-align=\"center\"> Engenharia Qu\u00edmica <\/td><td class=\"has-text-align-center\" data-align=\"center\">1 + 2 CR<\/td><td class=\"has-text-align-center\" data-align=\"center\">110<\/td><\/tr><tr><td class=\"has-text-align-center\" data-align=\"center\"> Geografia <\/td><td class=\"has-text-align-center\" data-align=\"center\">2 + 4 CR<\/td><td class=\"has-text-align-center\" data-align=\"center\">294<\/td><\/tr><tr><td class=\"has-text-align-center\" data-align=\"center\"> Inform\u00e1tica <\/td><td class=\"has-text-align-center\" data-align=\"center\">4 + 8 CR<\/td><td class=\"has-text-align-center\" data-align=\"center\">1.292 <\/td><\/tr><tr><td class=\"has-text-align-center\" data-align=\"center\"> Moderniza\u00e7\u00e3o da Gest\u00e3o das Atividades de Res\u00edduos S\u00f3lidos <\/td><td class=\"has-text-align-center\" data-align=\"center\">2 + 4 CR<\/td><td class=\"has-text-align-center\" data-align=\"center\">3.272 <\/td><\/tr><tr><td class=\"has-text-align-center\" data-align=\"center\"> Servi\u00e7o Social <\/td><td class=\"has-text-align-center\" data-align=\"center\">1 + 2 CR<\/td><td class=\"has-text-align-center\" data-align=\"center\">419<\/td><\/tr><\/tbody><\/table><\/figure>\n\n\n\n<h2 class=\"wp-block-heading\" id=\"etapas\">Etapas do Concurso SLU DF<\/h2>\n\n\n\n<ul class=\"wp-block-list\"><li>Prova Objetiva de Conhecimentos B\u00e1sicos (Eliminat\u00f3rio e classificat\u00f3rio)<\/li><li>Prova Objetiva de Conhecimentos Espec\u00edficos (Eliminat\u00f3rio e classificat\u00f3rio) <\/li><\/ul>\n\n\n\n<h3 class=\"wp-block-heading\" id=\"prova-objetiva\">Prova Objetiva<\/h3>\n\n\n\n<p>As provas objetivas tiveram dura\u00e7\u00e3o de 3 horas e 30 minutos.<\/p>\n\n\n\n<ul class=\"wp-block-list\"><li><strong>Conhecimentos B\u00e1sicos<\/strong> <strong><em>(50 quest\u00f5es)<\/em><\/strong><ul><li>L\u00edngua Portuguesa<\/li><li>Conhecimentos sobre o DF<\/li><li>Legisla\u00e7\u00e3o<\/li><\/ul><\/li><li><strong>Conhecimentos Espec\u00edficos da Especialidade<em> (70 quest\u00f5es)<\/em><\/strong><\/li><\/ul>\n\n\n\n<p>Foram considerados reprovados nas provas objetivas e eliminados do concurso os candidatos que se enquadrassem em pelo menos um dos itens a seguir: <\/p>\n\n\n\n<ul class=\"wp-block-list\"><li><strong>a) <\/strong>obtivesse nota inferior a 10,00 pontos na prova objetiva de Conhecimentos B\u00e1sicos P1; <\/li><li><strong>b)<\/strong> obtivesse nota inferior a 21,00 pontos na prova objetiva de Conhecimentos Espec\u00edficos P2; <\/li><li><strong>c) <\/strong>obtivesse nota inferior a 36,00 pontos no conjunto das provas objetivas. <\/li><\/ul>\n\n\n\n<h2 class=\"wp-block-heading\" id=\"slu\">Sobre o SLU DF<\/h2>\n\n\n\n<p>O SLU \u00e9 uma autarquia do governo do Distrito Federal vinculada \u00e0 Secretaria de Estado de Infraestrutura e Servi\u00e7os P\u00fablicos por for\u00e7a do Decreto n\u00ba 36.236\/2015, da Lei Distrital n\u00ba 5.418\/2014, da Lei n\u00ba 5.275\/2013 e nos termos das Leis Federais n\u00ba 11.445\/2007, e n\u00ba 12.305, de 2 de agosto de 2010.<\/p>\n\n\n\n<p>O \u00f3rg\u00e3o tem como finalidade a gest\u00e3o da limpeza urbana e do manejo dos res\u00edduos s\u00f3lidos urbanos; e, foi uma das primeiras institui\u00e7\u00f5es ambientalistas criadas no Distrito Federal, pelo Decreto n\u00b0 76, de 03 de agosto de 1961, com a denomina\u00e7\u00e3o<strong> Servi\u00e7o de Limpeza P\u00fablica \u2013 SLP<\/strong>.<\/p>\n\n\n\n<p>Entre os servi\u00e7os prestados, est\u00e3o:<\/p>\n\n\n\n<ul class=\"wp-block-list\"><li>Coleta convencional de res\u00edduos s\u00f3lidos urbanos;<\/li><li>Coleta seletiva de res\u00edduos s\u00f3lidos urbanos;<\/li><li>Coleta manual e transporte de entulhos;<\/li><li>Coleta mecanizada e transporte de entulhos;<\/li><li>Varri\u00e7\u00e3o manual de vias e logradouros;<\/li><li>Varri\u00e7\u00e3o mecanizada de vias;<\/li><li>Lavagem de vias;<\/li><li>Lavagem de monumentos e equipamentos urbanos;<\/li><li>Pintura manual e mecanizada de meio-fio;<\/li><li>e, muitos outros servi\u00e7os.<\/li><\/ul>\n\n\n\n<hr class=\"wp-block-separator\"\/>\n\n\n\n<h2 class=\"has-text-align-center wp-block-heading\" id=\"cursos-assinatura\"><em>Quer estudar para o concurso SLU DF? Confira nossos cursos:<\/em><\/h2>\n\n\n\n<div class=\"container\" id=\"boxes\">\n  <div class=\"row\">\n\n    <div class=\"col-sm\">\n      <div class=\"banner-estrategia\" id=\"box-assinatura\">\n        <h3 class=\"titulo-assinatura\">SLU DF<\/h3>\n        <p class=\"subtitulo-assinatura\">Conhe\u00e7a nossos cursos<\/p>\n        <div class=\"box-botao\">\n          <a class=\"btn-assinatura\" target=\"_blank\" href=\"https:\/\/www.estrategiaconcursos.com.br\/cursos\/concurso\/\" role=\"button\" rel=\"noopener noreferrer\">Conhe\u00e7a mais<\/a>\n        <\/div>\n      <\/div>\n     \n    <\/div>\n\n  <\/div>\n<\/div>\n\n\n\n<div class=\"container\" id=\"boxes\">\n  <div class=\"row\">\n\n    <div class=\"col-sm\">\n      <div class=\"estrategia\" id=\"box-assinatura\">\n        <h3 class=\"titulo-assinatura\">Assinatura Concursos<\/h3>\n        <p class=\"subtitulo-assinatura\">Assinatura de 1 ano ou 2 Anos<\/p>\n        <div class=\"box-botao\">\n          <a class=\"btn-assinatura\" target=\"_blank\" href=\"https:\/\/www.estrategiaconcursos.com.br\/assinaturas\/\" role=\"button\" rel=\"noopener noreferrer\">ASSINE AGORA<\/a>\n        <\/div>\n      <\/div><\/div><\/div><\/div>\n\n\n\n<h2 class=\"has-text-align-center wp-block-heading\" id=\"h-quer-saber-tudo-sobre-concursos-previstos-confira-nossos-artigos\">Quer saber tudo sobre concursos previstos?<br \/>Confira nossos artigos!<\/h2>\n\n\n\n<ul class=\"wp-block-list\"><li><a href=\"https:\/\/www.estrategiaconcursos.com.br\/blog\/concursos-abertos\/\" target=\"_blank\" rel=\"noreferrer noopener\">Concursos abertos<\/a><\/li><li><a href=\"https:\/\/www.estrategiaconcursos.com.br\/blog\/concursos-2022\/\" target=\"_blank\" rel=\"noreferrer noopener\">Concursos 2022<\/a><\/li><li><a href=\"https:\/\/www.estrategiaconcursos.com.br\/blog\/concursos-2023\/\" target=\"_blank\" rel=\"noreferrer noopener\">Concursos 2023<\/a><\/li><\/ul>\n\n\n\n<figure class=\"wp-block-image size-large is-resized\"><img loading=\"lazy\" decoding=\"async\" src=\"https:\/\/dhg1h5j42swfq.cloudfront.net\/2021\/04\/21193756\/ficha-tecnica-1-1024x632-1-6.png\" alt=\"Ficha t\u00e9cnica concurso SLU DF\" class=\"wp-image-720490\" width=\"249\" height=\"154\" srcset=\"https:\/\/dhg1h5j42swfq.cloudfront.net\/2021\/04\/21193756\/ficha-tecnica-1-1024x632-1-6.png 1024w, https:\/\/dhg1h5j42swfq.cloudfront.net\/2021\/04\/21193756\/ficha-tecnica-1-1024x632-1-6-300x185.png 300w, https:\/\/dhg1h5j42swfq.cloudfront.net\/2021\/04\/21193756\/ficha-tecnica-1-1024x632-1-6-768x474.png 768w, https:\/\/dhg1h5j42swfq.cloudfront.net\/2021\/04\/21193756\/ficha-tecnica-1-1024x632-1-6-610x376.png 610w\" sizes=\"auto, (max-width: 249px) 100vw, 249px\" \/><\/figure>\n\n\n\n<h3 class=\"wp-block-heading\" id=\"informacoes-do-concurso-slu-df\">\u2666 Informa\u00e7\u00f5es do Concurso SLU DF<\/h3>\n\n\n\n<p><strong><span style=\"text-decoration: underline;\"><em>NOVO CONCURSO<\/em><\/span><\/strong><\/p>\n\n\n\n<ul class=\"wp-block-list\"><li><strong>Data prevista:<\/strong> 2022\/2023<\/li><li><strong>Vagas:<\/strong> 100<\/li><li><strong>Cargo:<\/strong> Assistente de Gest\u00e3o em Res\u00edduos S\u00f3lidos <\/li><li><strong>Banca:<\/strong> a definir<\/li><li><a href=\"https:\/\/dhg1h5j42swfq.cloudfront.net\/2021\/03\/08101317\/df-autorizacao-1-2.pdf\" target=\"_blank\" rel=\"noreferrer noopener nofollow\">Autoriza\u00e7\u00e3o do concurso<\/a><\/li><\/ul>\n\n\n\n<p><strong><span style=\"text-decoration: underline;\"><em>\u00daLTIMO CONCURSO<\/em><\/span><\/strong><\/p>\n\n\n\n<ul class=\"wp-block-list\"><li><strong>Ano:<\/strong> 2019<\/li><li><strong>Vagas:<\/strong> 46 + 92 CR <\/li><li><strong>Cargo:<\/strong> Analista de Gest\u00e3o de Res\u00edduos S\u00f3lidos<strong> <\/strong> <\/li><li><strong>Banca:<\/strong> Cebraspe<\/li><li><strong>Escolaridade:<\/strong> N\u00edvel Superior<\/li><li><strong>Edital:<\/strong> <a href=\"https:\/\/dhg1h5j42swfq.cloudfront.net\/2019\/01\/14174827\/ED_1_SLU_DF__ABT.pdf\" target=\"_blank\" rel=\"noreferrer noopener nofollow\">Edital SLU-DF 2019<\/a> | <a href=\"https:\/\/dhg1h5j42swfq.cloudfront.net\/2019\/01\/12084431\/ED_3_SLU_DF__RET.pdf\" target=\"_blank\" rel=\"noreferrer noopener nofollow\">Retifica\u00e7\u00e3o<\/a><\/li><\/ul>\n","protected":false},"excerpt":{"rendered":"<p>O novo concurso SLU DF pode ocorrer ainda neste ano, com oferta de 100 vagas ao cargo de Assistente de Gest\u00e3o de Res\u00edduos S\u00f3lidos. As oportunidades s\u00e3o previstas na Lei Or\u00e7ament\u00e1ria Anual do DF (LOA) de 2022. Al\u00e9m disso h\u00e1 tamb\u00e9m a previs\u00e3o de nomea\u00e7\u00e3o de 65 servidores nos cargos de Gestor de Politicas P\u00fablicas [&hellip;]<\/p>\n","protected":false},"author":1,"featured_media":725994,"comment_status":"open","ping_status":"closed","sticky":false,"template":"","format":"standard","meta":{"post_tipo":"news_page","footnotes":""},"categories":[214992],"tags":[3869],"tax_estado":[219970],"class_list":["post-125612","post","type-post","status-publish","format-standard","has-post-thumbnail","hentry","category-concursos-administrativos","tag-slu-df","tax_estado-df"],"acf":[],"yoast_head":"<!-- This site is optimized with the Yoast SEO Premium plugin v27.2 (Yoast SEO v27.2) - https:\/\/yoast.com\/product\/yoast-seo-premium-wordpress\/ -->\n<title>Concurso SLU DF: previsto novo edital e futuras nomea\u00e7\u00f5es<\/title>\n<meta name=\"description\" content=\"Concurso SLU DF: novo edital pode trazer 100 vagas para o cargo de Assistente de Gest\u00e3o de Res\u00edduos S\u00f3lidos.\" \/>\n<meta name=\"robots\" content=\"index, follow, max-snippet:-1, max-image-preview:large, max-video-preview:-1\" \/>\n<link rel=\"canonical\" href=\"https:\/\/www.estrategiaconcursos.com.br\/blog\/concurso-slu-df\/\" \/>\n<meta property=\"og:locale\" content=\"pt_BR\" \/>\n<meta property=\"og:type\" content=\"article\" \/>\n<meta property=\"og:title\" content=\"Concurso SLU DF: previsto novo edital e futuras nomea\u00e7\u00f5es\" \/>\n<meta property=\"og:description\" content=\"Concurso SLU DF: novo edital pode trazer 100 vagas para o cargo de Assistente de Gest\u00e3o de Res\u00edduos S\u00f3lidos.\" \/>\n<meta property=\"og:url\" content=\"https:\/\/www.estrategiaconcursos.com.br\/blog\/concurso-slu-df\/\" \/>\n<meta property=\"og:site_name\" content=\"Estrat\u00e9gia Concursos\" \/>\n<meta property=\"article:author\" content=\"https:\/\/www.facebook.com\/EstrategiaConcursos\" \/>\n<meta property=\"article:published_time\" content=\"2022-07-14T12:45:00+00:00\" \/>\n<meta property=\"article:modified_time\" content=\"2022-07-14T17:14:06+00:00\" \/>\n<meta property=\"og:image\" content=\"https:\/\/dhg1h5j42swfq.cloudfront.net\/2021\/04\/28161138\/slu-df.jpg\" \/>\n\t<meta property=\"og:image:width\" content=\"768\" \/>\n\t<meta property=\"og:image:height\" content=\"432\" \/>\n\t<meta property=\"og:image:type\" content=\"image\/jpeg\" \/>\n<meta name=\"author\" content=\"Coordena\u00e7\u00e3o\" \/>\n<meta name=\"twitter:card\" content=\"summary_large_image\" \/>\n<meta name=\"twitter:creator\" content=\"@EstratConcursos\" \/>\n<meta name=\"twitter:site\" content=\"@EstratConcursos\" \/>\n<meta name=\"twitter:label1\" content=\"Escrito por\" \/>\n\t<meta name=\"twitter:data1\" content=\"Coordena\u00e7\u00e3o\" \/>\n\t<meta name=\"twitter:label2\" content=\"Est. tempo de leitura\" \/>\n\t<meta name=\"twitter:data2\" content=\"8 minutos\" \/>\n<script type=\"application\/ld+json\" class=\"yoast-schema-graph\">{\"@context\":\"https:\/\/schema.org\",\"@graph\":[{\"@type\":\"NewsArticle\",\"@id\":\"https:\/\/www.estrategiaconcursos.com.br\/blog\/concurso-slu-df\/#article\",\"isPartOf\":{\"@id\":\"https:\/\/www.estrategiaconcursos.com.br\/blog\/concurso-slu-df\/\"},\"author\":{\"name\":\"Coordena\u00e7\u00e3o\",\"@id\":\"https:\/\/www.estrategiaconcursos.com.br\/blog\/#\/schema\/person\/b4a388c97673c5f483d72185668afa1f\"},\"headline\":\"Concurso SLU DF: previsto novo edital e futuras nomea\u00e7\u00f5es\",\"datePublished\":\"2022-07-14T12:45:00+00:00\",\"dateModified\":\"2022-07-14T17:14:06+00:00\",\"mainEntityOfPage\":{\"@id\":\"https:\/\/www.estrategiaconcursos.com.br\/blog\/concurso-slu-df\/\"},\"wordCount\":1212,\"commentCount\":6,\"publisher\":{\"@id\":\"https:\/\/www.estrategiaconcursos.com.br\/blog\/#organization\"},\"image\":{\"@id\":\"https:\/\/www.estrategiaconcursos.com.br\/blog\/concurso-slu-df\/#primaryimage\"},\"thumbnailUrl\":\"https:\/\/dhg1h5j42swfq.cloudfront.net\/2021\/04\/28161138\/slu-df.jpg\",\"keywords\":[\"SLU DF\"],\"articleSection\":[\"Executivo (Administrativa)\"],\"inLanguage\":\"pt-BR\",\"potentialAction\":[{\"@type\":\"CommentAction\",\"name\":\"Comment\",\"target\":[\"https:\/\/www.estrategiaconcursos.com.br\/blog\/concurso-slu-df\/#respond\"]}],\"copyrightYear\":\"2022\",\"copyrightHolder\":{\"@id\":\"https:\/\/www.estrategiaconcursos.com.br\/blog\/#organization\"}},{\"@type\":\"WebPage\",\"@id\":\"https:\/\/www.estrategiaconcursos.com.br\/blog\/concurso-slu-df\/\",\"url\":\"https:\/\/www.estrategiaconcursos.com.br\/blog\/concurso-slu-df\/\",\"name\":\"Concurso SLU DF: previsto novo edital e futuras nomea\u00e7\u00f5es\",\"isPartOf\":{\"@id\":\"https:\/\/www.estrategiaconcursos.com.br\/blog\/#website\"},\"primaryImageOfPage\":{\"@id\":\"https:\/\/www.estrategiaconcursos.com.br\/blog\/concurso-slu-df\/#primaryimage\"},\"image\":{\"@id\":\"https:\/\/www.estrategiaconcursos.com.br\/blog\/concurso-slu-df\/#primaryimage\"},\"thumbnailUrl\":\"https:\/\/dhg1h5j42swfq.cloudfront.net\/2021\/04\/28161138\/slu-df.jpg\",\"datePublished\":\"2022-07-14T12:45:00+00:00\",\"dateModified\":\"2022-07-14T17:14:06+00:00\",\"description\":\"Concurso SLU DF: novo edital pode trazer 100 vagas para o cargo de Assistente de Gest\u00e3o de Res\u00edduos S\u00f3lidos.\",\"breadcrumb\":{\"@id\":\"https:\/\/www.estrategiaconcursos.com.br\/blog\/concurso-slu-df\/#breadcrumb\"},\"inLanguage\":\"pt-BR\",\"potentialAction\":[{\"@type\":\"ReadAction\",\"target\":[\"https:\/\/www.estrategiaconcursos.com.br\/blog\/concurso-slu-df\/\"]}]},{\"@type\":\"ImageObject\",\"inLanguage\":\"pt-BR\",\"@id\":\"https:\/\/www.estrategiaconcursos.com.br\/blog\/concurso-slu-df\/#primaryimage\",\"url\":\"https:\/\/dhg1h5j42swfq.cloudfront.net\/2021\/04\/28161138\/slu-df.jpg\",\"contentUrl\":\"https:\/\/dhg1h5j42swfq.cloudfront.net\/2021\/04\/28161138\/slu-df.jpg\",\"width\":768,\"height\":432},{\"@type\":\"BreadcrumbList\",\"@id\":\"https:\/\/www.estrategiaconcursos.com.br\/blog\/concurso-slu-df\/#breadcrumb\",\"itemListElement\":[{\"@type\":\"ListItem\",\"position\":1,\"name\":\"In\u00edcio\",\"item\":\"https:\/\/www.estrategiaconcursos.com.br\/blog\/\"},{\"@type\":\"ListItem\",\"position\":2,\"name\":\"Concurso SLU DF: previsto novo edital e futuras nomea\u00e7\u00f5es\"}]},{\"@type\":\"WebSite\",\"@id\":\"https:\/\/www.estrategiaconcursos.com.br\/blog\/#website\",\"url\":\"https:\/\/www.estrategiaconcursos.com.br\/blog\/\",\"name\":\"Estrat\u00e9gia Concursos\",\"description\":\"O blog da Estrat\u00e9gia Concursos traz not\u00edcias sobre concursos e artigos de professores oferecendo cursos para concursos (pdf + videaulas) no site.\",\"publisher\":{\"@id\":\"https:\/\/www.estrategiaconcursos.com.br\/blog\/#organization\"},\"potentialAction\":[{\"@type\":\"SearchAction\",\"target\":{\"@type\":\"EntryPoint\",\"urlTemplate\":\"https:\/\/www.estrategiaconcursos.com.br\/blog\/?s={search_term_string}\"},\"query-input\":{\"@type\":\"PropertyValueSpecification\",\"valueRequired\":true,\"valueName\":\"search_term_string\"}}],\"inLanguage\":\"pt-BR\"},{\"@type\":\"Organization\",\"@id\":\"https:\/\/www.estrategiaconcursos.com.br\/blog\/#organization\",\"name\":\"Estrat\u00e9gia Concursos\",\"url\":\"https:\/\/www.estrategiaconcursos.com.br\/blog\/\",\"logo\":{\"@type\":\"ImageObject\",\"inLanguage\":\"pt-BR\",\"@id\":\"https:\/\/www.estrategiaconcursos.com.br\/blog\/#\/schema\/logo\/image\/\",\"url\":\"https:\/\/dhg1h5j42swfq.cloudfront.net\/2025\/06\/03203428\/logo_concursos-1.jpg\",\"contentUrl\":\"https:\/\/dhg1h5j42swfq.cloudfront.net\/2025\/06\/03203428\/logo_concursos-1.jpg\",\"width\":230,\"height\":60,\"caption\":\"Estrat\u00e9gia Concursos\"},\"image\":{\"@id\":\"https:\/\/www.estrategiaconcursos.com.br\/blog\/#\/schema\/logo\/image\/\"},\"sameAs\":[\"https:\/\/x.com\/EstratConcursos\"]},{\"@type\":\"Person\",\"@id\":\"https:\/\/www.estrategiaconcursos.com.br\/blog\/#\/schema\/person\/b4a388c97673c5f483d72185668afa1f\",\"name\":\"Coordena\u00e7\u00e3o\",\"image\":{\"@type\":\"ImageObject\",\"inLanguage\":\"pt-BR\",\"@id\":\"https:\/\/secure.gravatar.com\/avatar\/b720319e4c9a967eb58678d110f4fe35452fc5d5f97b202bac7b8acceb18c6ad?s=96&d=mm&r=g\",\"url\":\"https:\/\/secure.gravatar.com\/avatar\/b720319e4c9a967eb58678d110f4fe35452fc5d5f97b202bac7b8acceb18c6ad?s=96&d=mm&r=g\",\"contentUrl\":\"https:\/\/secure.gravatar.com\/avatar\/b720319e4c9a967eb58678d110f4fe35452fc5d5f97b202bac7b8acceb18c6ad?s=96&d=mm&r=g\",\"caption\":\"Coordena\u00e7\u00e3o\"},\"sameAs\":[\"https:\/\/www.facebook.com\/EstrategiaConcursos\",\"https:\/\/x.com\/EstratConcursos\"],\"url\":\"https:\/\/www.estrategiaconcursos.com.br\/blog\/author\/estrategia2013\/\"}]}<\/script>\n<!-- \/ Yoast SEO Premium plugin. -->","yoast_head_json":{"title":"Concurso SLU DF: previsto novo edital e futuras nomea\u00e7\u00f5es","description":"Concurso SLU DF: novo edital pode trazer 100 vagas para o cargo de Assistente de Gest\u00e3o de Res\u00edduos S\u00f3lidos.","robots":{"index":"index","follow":"follow","max-snippet":"max-snippet:-1","max-image-preview":"max-image-preview:large","max-video-preview":"max-video-preview:-1"},"canonical":"https:\/\/www.estrategiaconcursos.com.br\/blog\/concurso-slu-df\/","og_locale":"pt_BR","og_type":"article","og_title":"Concurso SLU DF: previsto novo edital e futuras nomea\u00e7\u00f5es","og_description":"Concurso SLU DF: novo edital pode trazer 100 vagas para o cargo de Assistente de Gest\u00e3o de Res\u00edduos S\u00f3lidos.","og_url":"https:\/\/www.estrategiaconcursos.com.br\/blog\/concurso-slu-df\/","og_site_name":"Estrat\u00e9gia Concursos","article_author":"https:\/\/www.facebook.com\/EstrategiaConcursos","article_published_time":"2022-07-14T12:45:00+00:00","article_modified_time":"2022-07-14T17:14:06+00:00","og_image":[{"width":768,"height":432,"url":"https:\/\/dhg1h5j42swfq.cloudfront.net\/2021\/04\/28161138\/slu-df.jpg","type":"image\/jpeg"}],"author":"Coordena\u00e7\u00e3o","twitter_card":"summary_large_image","twitter_creator":"@EstratConcursos","twitter_site":"@EstratConcursos","twitter_misc":{"Escrito por":"Coordena\u00e7\u00e3o","Est. tempo de leitura":"8 minutos"},"schema":{"@context":"https:\/\/schema.org","@graph":[{"@type":"NewsArticle","@id":"https:\/\/www.estrategiaconcursos.com.br\/blog\/concurso-slu-df\/#article","isPartOf":{"@id":"https:\/\/www.estrategiaconcursos.com.br\/blog\/concurso-slu-df\/"},"author":{"name":"Coordena\u00e7\u00e3o","@id":"https:\/\/www.estrategiaconcursos.com.br\/blog\/#\/schema\/person\/b4a388c97673c5f483d72185668afa1f"},"headline":"Concurso SLU DF: previsto novo edital e futuras nomea\u00e7\u00f5es","datePublished":"2022-07-14T12:45:00+00:00","dateModified":"2022-07-14T17:14:06+00:00","mainEntityOfPage":{"@id":"https:\/\/www.estrategiaconcursos.com.br\/blog\/concurso-slu-df\/"},"wordCount":1212,"commentCount":6,"publisher":{"@id":"https:\/\/www.estrategiaconcursos.com.br\/blog\/#organization"},"image":{"@id":"https:\/\/www.estrategiaconcursos.com.br\/blog\/concurso-slu-df\/#primaryimage"},"thumbnailUrl":"https:\/\/dhg1h5j42swfq.cloudfront.net\/2021\/04\/28161138\/slu-df.jpg","keywords":["SLU DF"],"articleSection":["Executivo (Administrativa)"],"inLanguage":"pt-BR","potentialAction":[{"@type":"CommentAction","name":"Comment","target":["https:\/\/www.estrategiaconcursos.com.br\/blog\/concurso-slu-df\/#respond"]}],"copyrightYear":"2022","copyrightHolder":{"@id":"https:\/\/www.estrategiaconcursos.com.br\/blog\/#organization"}},{"@type":"WebPage","@id":"https:\/\/www.estrategiaconcursos.com.br\/blog\/concurso-slu-df\/","url":"https:\/\/www.estrategiaconcursos.com.br\/blog\/concurso-slu-df\/","name":"Concurso SLU DF: previsto novo edital e futuras nomea\u00e7\u00f5es","isPartOf":{"@id":"https:\/\/www.estrategiaconcursos.com.br\/blog\/#website"},"primaryImageOfPage":{"@id":"https:\/\/www.estrategiaconcursos.com.br\/blog\/concurso-slu-df\/#primaryimage"},"image":{"@id":"https:\/\/www.estrategiaconcursos.com.br\/blog\/concurso-slu-df\/#primaryimage"},"thumbnailUrl":"https:\/\/dhg1h5j42swfq.cloudfront.net\/2021\/04\/28161138\/slu-df.jpg","datePublished":"2022-07-14T12:45:00+00:00","dateModified":"2022-07-14T17:14:06+00:00","description":"Concurso SLU DF: novo edital pode trazer 100 vagas para o cargo de Assistente de Gest\u00e3o de Res\u00edduos S\u00f3lidos.","breadcrumb":{"@id":"https:\/\/www.estrategiaconcursos.com.br\/blog\/concurso-slu-df\/#breadcrumb"},"inLanguage":"pt-BR","potentialAction":[{"@type":"ReadAction","target":["https:\/\/www.estrategiaconcursos.com.br\/blog\/concurso-slu-df\/"]}]},{"@type":"ImageObject","inLanguage":"pt-BR","@id":"https:\/\/www.estrategiaconcursos.com.br\/blog\/concurso-slu-df\/#primaryimage","url":"https:\/\/dhg1h5j42swfq.cloudfront.net\/2021\/04\/28161138\/slu-df.jpg","contentUrl":"https:\/\/dhg1h5j42swfq.cloudfront.net\/2021\/04\/28161138\/slu-df.jpg","width":768,"height":432},{"@type":"BreadcrumbList","@id":"https:\/\/www.estrategiaconcursos.com.br\/blog\/concurso-slu-df\/#breadcrumb","itemListElement":[{"@type":"ListItem","position":1,"name":"In\u00edcio","item":"https:\/\/www.estrategiaconcursos.com.br\/blog\/"},{"@type":"ListItem","position":2,"name":"Concurso SLU DF: previsto novo edital e futuras nomea\u00e7\u00f5es"}]},{"@type":"WebSite","@id":"https:\/\/www.estrategiaconcursos.com.br\/blog\/#website","url":"https:\/\/www.estrategiaconcursos.com.br\/blog\/","name":"Estrat\u00e9gia Concursos","description":"O blog da Estrat\u00e9gia Concursos traz not\u00edcias sobre concursos e artigos de professores oferecendo cursos para concursos (pdf + videaulas) no site.","publisher":{"@id":"https:\/\/www.estrategiaconcursos.com.br\/blog\/#organization"},"potentialAction":[{"@type":"SearchAction","target":{"@type":"EntryPoint","urlTemplate":"https:\/\/www.estrategiaconcursos.com.br\/blog\/?s={search_term_string}"},"query-input":{"@type":"PropertyValueSpecification","valueRequired":true,"valueName":"search_term_string"}}],"inLanguage":"pt-BR"},{"@type":"Organization","@id":"https:\/\/www.estrategiaconcursos.com.br\/blog\/#organization","name":"Estrat\u00e9gia Concursos","url":"https:\/\/www.estrategiaconcursos.com.br\/blog\/","logo":{"@type":"ImageObject","inLanguage":"pt-BR","@id":"https:\/\/www.estrategiaconcursos.com.br\/blog\/#\/schema\/logo\/image\/","url":"https:\/\/dhg1h5j42swfq.cloudfront.net\/2025\/06\/03203428\/logo_concursos-1.jpg","contentUrl":"https:\/\/dhg1h5j42swfq.cloudfront.net\/2025\/06\/03203428\/logo_concursos-1.jpg","width":230,"height":60,"caption":"Estrat\u00e9gia Concursos"},"image":{"@id":"https:\/\/www.estrategiaconcursos.com.br\/blog\/#\/schema\/logo\/image\/"},"sameAs":["https:\/\/x.com\/EstratConcursos"]},{"@type":"Person","@id":"https:\/\/www.estrategiaconcursos.com.br\/blog\/#\/schema\/person\/b4a388c97673c5f483d72185668afa1f","name":"Coordena\u00e7\u00e3o","image":{"@type":"ImageObject","inLanguage":"pt-BR","@id":"https:\/\/secure.gravatar.com\/avatar\/b720319e4c9a967eb58678d110f4fe35452fc5d5f97b202bac7b8acceb18c6ad?s=96&d=mm&r=g","url":"https:\/\/secure.gravatar.com\/avatar\/b720319e4c9a967eb58678d110f4fe35452fc5d5f97b202bac7b8acceb18c6ad?s=96&d=mm&r=g","contentUrl":"https:\/\/secure.gravatar.com\/avatar\/b720319e4c9a967eb58678d110f4fe35452fc5d5f97b202bac7b8acceb18c6ad?s=96&d=mm&r=g","caption":"Coordena\u00e7\u00e3o"},"sameAs":["https:\/\/www.facebook.com\/EstrategiaConcursos","https:\/\/x.com\/EstratConcursos"],"url":"https:\/\/www.estrategiaconcursos.com.br\/blog\/author\/estrategia2013\/"}]}},"_links":{"self":[{"href":"https:\/\/www.estrategiaconcursos.com.br\/blog\/wp-json\/wp\/v2\/posts\/125612","targetHints":{"allow":["GET"]}}],"collection":[{"href":"https:\/\/www.estrategiaconcursos.com.br\/blog\/wp-json\/wp\/v2\/posts"}],"about":[{"href":"https:\/\/www.estrategiaconcursos.com.br\/blog\/wp-json\/wp\/v2\/types\/post"}],"author":[{"embeddable":true,"href":"https:\/\/www.estrategiaconcursos.com.br\/blog\/wp-json\/wp\/v2\/users\/1"}],"replies":[{"embeddable":true,"href":"https:\/\/www.estrategiaconcursos.com.br\/blog\/wp-json\/wp\/v2\/comments?post=125612"}],"version-history":[{"count":97,"href":"https:\/\/www.estrategiaconcursos.com.br\/blog\/wp-json\/wp\/v2\/posts\/125612\/revisions"}],"predecessor-version":[{"id":1061171,"href":"https:\/\/www.estrategiaconcursos.com.br\/blog\/wp-json\/wp\/v2\/posts\/125612\/revisions\/1061171"}],"wp:featuredmedia":[{"embeddable":true,"href":"https:\/\/www.estrategiaconcursos.com.br\/blog\/wp-json\/wp\/v2\/media\/725994"}],"wp:attachment":[{"href":"https:\/\/www.estrategiaconcursos.com.br\/blog\/wp-json\/wp\/v2\/media?parent=125612"}],"wp:term":[{"taxonomy":"category","embeddable":true,"href":"https:\/\/www.estrategiaconcursos.com.br\/blog\/wp-json\/wp\/v2\/categories?post=125612"},{"taxonomy":"post_tag","embeddable":true,"href":"https:\/\/www.estrategiaconcursos.com.br\/blog\/wp-json\/wp\/v2\/tags?post=125612"},{"taxonomy":"tax_estado","embeddable":true,"href":"https:\/\/www.estrategiaconcursos.com.br\/blog\/wp-json\/wp\/v2\/tax_estado?post=125612"}],"curies":[{"name":"wp","href":"https:\/\/api.w.org\/{rel}","templated":true}]}}