{"id":125505,"date":"2018-06-10T21:08:45","date_gmt":"2018-06-11T00:08:45","guid":{"rendered":"https:\/\/www.estrategiaconcursos.com.br\/blog\/?p=125505"},"modified":"2019-11-08T16:49:23","modified_gmt":"2019-11-08T19:49:23","slug":"gabarito-extraoficial-psicologo-trt-rj","status":"publish","type":"post","link":"https:\/\/www.estrategiaconcursos.com.br\/blog\/gabarito-extraoficial-psicologo-trt-rj\/","title":{"rendered":"GABARITO EXTRAOFICIAL &#8211; PSIC\u00d3LOGO &#8211; TRT\/RJ"},"content":{"rendered":"<p>Oi, pessoal!<\/p>\n<p>Neste artigo, trago o gabarito extraoficial da prova para o cargo de Psic\u00f3logo do TRT\/RJ que aconteceu hoje. Como s\u00e3o 30 quest\u00f5es, n\u00e3o foi poss\u00edvel transcrever todas as alternativas das quest\u00f5es, apenas os comandos dos enunciados, ok? Acompanhe pelo seu caderno de prova. Ao meu ver, a prova foi bem elaborada, a maior dificuldade foi ter inclu\u00eddo bastante refer\u00eancias bibliogr\u00e1ficas. Por isso, ressalto a import\u00e2ncia de trabalhar em nossos cursos algumas refer\u00eancias e cita\u00e7\u00f5es de textos, pois na nossa \u00e1rea a tend\u00eancia das bancas est\u00e1 cada vez maior em pedir a literalidade de trechos de livros e artigos. Acredito n\u00e3o haver nenhuma quest\u00e3o com possibilidade de recurso. Vamos l\u00e1?<\/p>\n<p>&nbsp;<\/p>\n<p>31. Em rela\u00e7\u00e3o ao atendimento \u00e0s situa\u00e7\u00f5es de emerg\u00eancia, assinale a alternativa correta.<\/p>\n<p><strong>COMENT\u00c1RIOS:<\/strong><\/p>\n<p>A crise de fato deve ser entendida como acontecimento social e subjetivo.<\/p>\n<p><strong>RESPOSTA: B.<\/strong><\/p>\n<p>&nbsp;<\/p>\n<ol start=\"32\">\n<li>O uso de subst\u00e2ncias psicoativas produz mudan\u00e7as em uma ou mais fun\u00e7\u00f5es do SNC (Sistema Nervoso Central), tendo efeitos cognitivos e comportamentais. Dentre tais efeitos, assinale a alternativa correta.<\/li>\n<\/ol>\n<p><strong>COMENT\u00c1RIOS:<\/strong><\/p>\n<p>O <em>delirium tremens<\/em> \u00e9 uma forma grave de abstin\u00eancia do \u00e1lcool e seus sintomas envolvem a diminui\u00e7\u00e3o da claridade de percep\u00e7\u00e3o do ambiente, confus\u00e3o, alucina\u00e7\u00f5es e ilus\u00f5es v\u00edvidas e tremores marcantes.<\/p>\n<p><strong>RESPOSTA: D.<\/strong><\/p>\n<p>&nbsp;<\/p>\n<ol start=\"33\">\n<li>A efetividade \u00e9 um dos aspectos que devem ser avaliados durante a realiza\u00e7\u00e3o do exame do estado mental. Ainda que o paciente n\u00e3o expresse verbalmente como se sente, o afeto \u00e9 expresso por maio de gestos, do olhar, da postura e do tom de voz. Referente \u00e0s manifesta\u00e7\u00f5es da afetividade nos principais transtornos mentais, assinale a alternativa correta.<\/li>\n<\/ol>\n<p><strong>COMENT\u00c1RIOS:<\/strong><\/p>\n<p>No TEPT, al\u00e9m dos sintomas depressivos e ansiosos, pode ocorrer um estado de embotamento afetivo (diminui\u00e7\u00e3o ou perda de rea\u00e7\u00f5es emocionais), devido ao trauma vivido.<\/p>\n<p><strong>RESPOSTA: A.<\/strong><\/p>\n<p>&nbsp;<\/p>\n<ol start=\"34\">\n<li>De maneira geral, \u00e9 atribui\u00e7\u00e3o do profissional de psicologia desenvolver compet\u00eancias de comunica\u00e7\u00e3o interpessoal, de modo a estabelecer rela\u00e7\u00f5es que promovam benef\u00edcios aos pacientes e seus familiares. Considerando que o profissional deve estar qualificado para realizar acolhimento e escuta qualificada nas mais variadas situa\u00e7\u00f5es, assinale a alternativa correta.<\/li>\n<\/ol>\n<p><strong>COMENT\u00c1RIOS:<\/strong><\/p>\n<p>A aceita\u00e7\u00e3o do outro e a empatia s\u00e3o fundamentais no acolhimento de um usu\u00e1rio.<\/p>\n<p><strong>RESPOSTA: D.<\/strong><\/p>\n<p>&nbsp;<\/p>\n<ol start=\"35\">\n<li>A elabora\u00e7\u00e3o de documentos decorrentes da avalia\u00e7\u00e3o psicol\u00f3gica \u00e9 parte integrante da pr\u00e1tica profissional em Psicologia. Em rela\u00e7\u00e3o ao Relat\u00f3rio Psicol\u00f3gico, de acordo com a Resolu\u00e7\u00e3o no. 007\/2003 do Conselho Federal de Psicologia, \u00e9 correto afirmar que esse documento deve conter, no m\u00ednimo, os seguintes itens:<\/li>\n<\/ol>\n<p>&nbsp;<\/p>\n<p><strong>COMENT\u00c1RIOS:<\/strong><\/p>\n<p>Quest\u00e3o dada!<\/p>\n<p>Itens do relat\u00f3rio: identifica\u00e7\u00e3o, descri\u00e7\u00e3o da demanda, procedimento, an\u00e1lise, conclus\u00e3o.<\/p>\n<p><strong>RESPOSTA: C.<\/strong><\/p>\n<p>&nbsp;<\/p>\n<ol start=\"36\">\n<li>Analise as assertivas e assinale a alternativa que aponta as corretas. Na entrevista cl\u00ednica para recomenda\u00e7\u00e3o diagn\u00f3stica terap\u00eautica, dentre outras habilidades, o profissional de Psicologia tamb\u00e9m deve ser capaz de:<\/li>\n<\/ol>\n<p>&nbsp;<\/p>\n<ol>\n<li>facilitar a express\u00e3o dos motivos que levaram o paciente a buscar ajuda.<\/li>\n<li>evitar o confronto das contradi\u00e7\u00f5es e esquivas do paciente.<\/li>\n<li>confrontar esquivas e contradi\u00e7\u00f5es do paciente.<\/li>\n<li>reconhecer defesas e modos de estrutura\u00e7\u00e3o do paciente.<\/li>\n<\/ol>\n<p><strong>COMENT\u00c1RIOS<\/strong>:<\/p>\n<p>De acordo com Tavares (2000), para levar uma entrevista a termo de modo adequado, o entrevistador deve ser capaz de:<\/p>\n<p>1) estar presente, no sentido de estar inteiramente dispon\u00edvel para o outro naquele momento, e poder ouvi-lo sem a interfer\u00eancia de quest\u00f5es pessoais;<\/p>\n<p>2) ajudar o paciente a se sentir \u00e0 vontade e a desenvolver uma alian\u00e7a de trabalho;<\/p>\n<p><strong>3) facilitar a express\u00e3o dos motivos que levaram a pessoa a ser encaminhada ou a buscar ajuda; <\/strong><\/p>\n<p>4) buscar esclarecimentos para coloca\u00e7\u00f5es vagas ou incompletas;<\/p>\n<p><strong>5) gentilmente, confrontar esquivas e contradi\u00e7\u00f5es; <\/strong><\/p>\n<p>6) tolerar a ansiedade relacionada aos temas evocados na entrevista;<\/p>\n<p><strong>7) reconhecer defesas e modos de estrutura\u00e7\u00e3o do paciente<\/strong>, especialmente quando elas atuam diretamente na rela\u00e7\u00e3o com o entrevistador (transfer\u00eancia);<\/p>\n<p>8) compreender seus processos contratransferenciais;<\/p>\n<p>9) assumir a iniciativa em momentos de impasse;<\/p>\n<p>10) dominar as t\u00e9cnicas que utiliza.<\/p>\n<p><strong>RESPOSTA: B.<\/strong><\/p>\n<p>&nbsp;<\/p>\n<ol start=\"37\">\n<li>Relacione a modalidade de testes psicol\u00f3gicos com os respectivos instrumentos e assinale a alternativa com a sequ\u00eancia correta.<\/li>\n<\/ol>\n<p>Modalidades:<\/p>\n<ol>\n<li>Teste de Personalidade.<\/li>\n<li>Teste de Aptid\u00e3o.<\/li>\n<li>Teste de Intelig\u00eancia.<\/li>\n<\/ol>\n<p>Instrumentos:<\/p>\n<p>( \u00a0 ) TAT.<\/p>\n<p>( \u00a0 ) G &#8211; 38.<\/p>\n<p>( \u00a0 ) IFP &#8211; II.<\/p>\n<p>( \u00a0 ) BFM &#8211; 3.<\/p>\n<p>( \u00a0 ) STAXI &#8211; 2.<\/p>\n<p>( \u00a0 ) WAIS &#8211; III.<\/p>\n<p><strong>COMENT\u00c1RIOS:<\/strong><\/p>\n<p>TAT (1 \u2013 TESTE DE PERSONALIDADE)<\/p>\n<p>G \u2013 38\u00a0 (3 &#8211; TESTE N\u00c3O VERBAL DE INTELIG\u00caNCIA)<\/p>\n<p>IFP \u2013 II (1 &#8211; TESTE DE PERSONALIDADE)<\/p>\n<p>BFM \u2013 3 (2- TESTE de APTID\u00c3O)<\/p>\n<p>STAXI \u2013 2 (1 \u2013 TESTE DE PERSONALIDADE)<\/p>\n<p>WAIIS III (3 &#8211; TESTE DE INTELIG\u00caNCIA)<\/p>\n<p><strong>RESPOSTA: D.<\/strong><\/p>\n<p>&nbsp;<\/p>\n<ol start=\"38\">\n<li>Em rela\u00e7\u00e3o \u00e0s carater\u00edsticas do Transtorno de Personalidade Evitativa (DSM V), \u00e9 correto afirmar que<\/li>\n<\/ol>\n<p><strong>COMENT\u00c1RIOS:<\/strong><\/p>\n<p>Para a 5\u00aa edi\u00e7\u00e3o do Manual Diagn\u00f3stico e Estat\u00edstico de Transtornos Mentais \u2013 DSM-5 (2014), o Transtorno da Personalidade Evitativa \u00e9 um padr\u00e3o difuso de inibi\u00e7\u00e3o social, sentimentos de inadequa\u00e7\u00e3o e hipersensibilidade a avalia\u00e7\u00e3o negativa que surge no in\u00edcio da vida adulta e est\u00e1 presente em v\u00e1rios contextos, ou seja, trata-se de um transtorno onde nota-se uma timidez predominante, sentimento de incapacidade, alta sensibilidade a repress\u00f5es e cr\u00edticas, com tend\u00eancia ao isolamento social.<br \/>\n<strong>RESPOSTA: E.<\/strong><\/p>\n<p>&nbsp;<\/p>\n<ol start=\"39\">\n<li>De acordo com o C\u00f3digo de \u00c9tica profissional do\u00a0 Psic\u00f3logo, assinale a alternativa correta.<\/li>\n<\/ol>\n<p><strong>COMENT\u00c1RIOS:<\/strong><\/p>\n<p>De acordo com o C\u00f3digo de \u00c9tica<\/p>\n<p>Art. 12 \u2013 Nos documentos que embasam as atividades em equipe multiprofissional, o psic\u00f3logo registrar\u00e1 apenas as informa\u00e7\u00f5es necess\u00e1rias para o cumprimento dos objetivos do trabalho.<\/p>\n<p><strong>RESPOSTA: B.<\/strong><\/p>\n<p>&nbsp;<\/p>\n<ol start=\"40\">\n<li>Referente \u00e0s caracter\u00edsticas alguns transtornos mentais, assinale a alternativa INCORRETA.<\/li>\n<\/ol>\n<p><strong>COMENT\u00c1RIOS:<\/strong><\/p>\n<p>Na dem\u00eancia, h\u00e1 perturba\u00e7\u00e3o da capacidade cr\u00edtica e de julgamento.<\/p>\n<p><strong>RESPOSTA: C.<\/strong><\/p>\n<p>&nbsp;<\/p>\n<ol start=\"41\">\n<li>Em rela\u00e7\u00e3o ao matriciamento em sa\u00fade mental, \u00e9 correto afirmar que:<\/li>\n<\/ol>\n<p><strong>COMENT\u00c1RIOS:<\/strong><\/p>\n<p>O apoio matricial ou matriciamento em sa\u00fade \u00e9 uma nova proposta de entendimento sobre o conceito de sa\u00fade e doen\u00e7a que busca compreender a realidade das comunidades de forma compartilhada, sendo a <strong>interconsulta o principal instrumento do apoio matricial na aten\u00e7\u00e3o prim\u00e1ria. A interconsulta consiste na avalia\u00e7\u00e3o interdisciplinar do usu\u00e1rio visando uma compreens\u00e3o integral <\/strong>do seu processo de sa\u00fade e\/ou doen\u00e7a, ampliando e estruturando a abordagem e a constru\u00e7\u00e3o de projetos terap\u00eauticos.<\/p>\n<p><strong>RESPOSTA: E<\/strong><\/p>\n<p>&nbsp;<\/p>\n<ol start=\"42\">\n<li>Em rela\u00e7\u00e3o \u00e0 avalia\u00e7\u00e3o psicol\u00f3gica, \u00e9 correto afirmar que:<\/li>\n<\/ol>\n<p><strong>COMENT\u00c1RIOS:<\/strong><\/p>\n<p>A avalia\u00e7\u00e3o psicol\u00f3gica \u00e9 a \u00c1REA DA PSICOLOGIA respons\u00e1vel pela operacionaliza\u00e7\u00e3o das teorias psicol\u00f3gicas em eventos observ\u00e1veis (PRIMI, 2003).<\/p>\n<p><strong>RESPOSTA: E.<\/strong><\/p>\n<p>&nbsp;<\/p>\n<ol start=\"43\">\n<li>Assinale a alternativa INCORRETA quanto \u00e0 linguagem adequada a ser utilizada para cada tipo de profissional a quem se destina o documento decorrente de avalia\u00e7\u00e3o psicol\u00f3gica.<\/li>\n<\/ol>\n<p><strong>COMENT\u00c1RIOS:<\/strong><\/p>\n<p>Ao produzir um documento para um advogado, o psic\u00f3logo n\u00e3o deve deixar margem para que o advogado use as conclus\u00f5es conforme a causa.<\/p>\n<p><strong>RESPOSTA: C.<\/strong><\/p>\n<p>&nbsp;<\/p>\n<ol start=\"44\">\n<li>Em rela\u00e7\u00e3o \u00e0 psicossociologia do trabalho, assinale a alternativa correta.<\/li>\n<\/ol>\n<p><strong>COMENT\u00c1RIOS:<\/strong><\/p>\n<p>De acordo com Freud (1921): &#8220;o outro, como modelo, nos leva a explorar caminhos e as formas de identifica\u00e7\u00e3o (a algu\u00e9m, a valores, a ideologia) na escolha de uma profiss\u00e3o, na constitui\u00e7\u00e3o da profissionalidade, a elabora\u00e7\u00e3o das regras e dos valores do trabalho.&#8221;<\/p>\n<p><strong>RESPOSTA: B.<\/strong><\/p>\n<p>&nbsp;<\/p>\n<ol start=\"45\">\n<li>Em rela\u00e7\u00e3o \u00e0s avalia\u00e7\u00f5es de desempenho nas organiza\u00e7\u00f5es, \u00e9 correto afirmar que:<\/li>\n<\/ol>\n<p><strong>COMENT\u00c1RIOS<\/strong>:<\/p>\n<p>A avalia\u00e7\u00e3o de desempenho \u00e9 um processo que serve para julgar ou sistematizar o valor, a excel\u00eancia e as qualidades de uma pessoa, sobretudo, qual \u00e9 a sua contribui\u00e7\u00e3o para a organiza\u00e7\u00e3o.<\/p>\n<p><strong>RESPOSTA: A.<\/strong><\/p>\n<p>&nbsp;<\/p>\n<ol start=\"46\">\n<li>Assinale a alternativa que compreende as situa\u00e7\u00f5es que apresentam maior risco ao desenvolvimento de alcoolismo e outras adi\u00e7\u00f5es.<\/li>\n<\/ol>\n<p><strong>COMENT\u00c1RIOS:<\/strong><\/p>\n<p>Atividades socialmente desprestigiadas por envolverem atos ou materiais considerados desagrad\u00e1veis ou repugnantes, grande densidade da atividade mental associada a altas exig\u00eancias cognitivas e trabalho perigoso s\u00e3o situa\u00e7\u00f5es que apresentam maior risco ao desenvolvimento de alcoolismo e outras adi\u00e7\u00f5es.<\/p>\n<p><strong>RESPOSTA: E.<\/strong><\/p>\n<p>&nbsp;<\/p>\n<ol start=\"47\">\n<li>Em rela\u00e7\u00e3o \u00e0 ajuda psicol\u00f3gica por meio de psicoterapia, nos casos de portadores de LER\/DORT, \u00e9 correto afirmar que:<\/li>\n<\/ol>\n<p><strong>COMENT\u00c1RIOS:<\/strong><\/p>\n<p>A psicoterapia nos casos de LER\/DORT atua no aux\u00edlio \u00e0 reconstru\u00e7\u00e3o da identidade e no tratamento do sofrimento decorrente dos diversos fatores socioemocionais relacionados ao desenvolvimento da doen\u00e7a.<\/p>\n<p><strong>RESPOSTA: D.<\/strong><\/p>\n<p>&nbsp;<\/p>\n<ol start=\"48\">\n<li>Em rela\u00e7\u00e3o \u00e0 cultura organizacional, assinale a alternativa correta:<\/li>\n<\/ol>\n<p><strong>COMENT\u00c1RIOS:<\/strong><\/p>\n<p>Os elementos da cultura organizacional fornecem uma interpreta\u00e7\u00e3o para os membros da organiza\u00e7\u00e3o, produzindo de certa forma um controle embutido sobre os membros.<\/p>\n<p><strong>RESPOSTA: B.<\/strong><\/p>\n<p>&nbsp;<\/p>\n<ol start=\"49\">\n<li>Em rela\u00e7\u00e3o ao comportamento organizacional, a correspond\u00eancia entre autor e conceitua\u00e7\u00e3o N\u00c3O est\u00e1 correta em qual das alternativas a seguir?<\/li>\n<\/ol>\n<p><strong>COMENT\u00c1RIOS:<\/strong><\/p>\n<p>Robbins (2002:6): \u201ccomportamento organizacional \u00e9 um campo de estudo que investiga o impacto que indiv\u00edduos, grupos e a estrutura t\u00eam sobre o comportamento dentro das organiza\u00e7\u00f5es, com o prop\u00f3sito de utilizar esse conhecimento para<strong> promover a melhoria da efic\u00e1cia organizacional.\u201d<\/strong><\/p>\n<p><strong>RESPOSTA: B.<\/strong><\/p>\n<p>&nbsp;<\/p>\n<ol start=\"50\">\n<li>A Teoria da Expect\u00e2ncia foi desenvolvida por:<\/li>\n<\/ol>\n<p><strong>COMENT\u00c1RIOS:<\/strong><\/p>\n<p>A Teoria da Expectativa \u00e9 de Vroom.<\/p>\n<p><strong>RESPOSTA: A.<\/strong><\/p>\n<p>&nbsp;<\/p>\n<ol start=\"51\">\n<li>Em rela\u00e7\u00e3o \u00e0 lideran\u00e7a organizacional, assinale a alternativa INCORRETA.<\/li>\n<\/ol>\n<p><strong>COMENT\u00c1RIOS:<\/strong><\/p>\n<p>Lideran\u00e7a Situacional consiste na lideran\u00e7a que \u00e9 moldada de acordo com a varia\u00e7\u00e3o das situa\u00e7\u00f5es apresentadas, ou seja, o l\u00edder tem a capacidade de adequar-se ao momento, conduzindo de forma efetiva seus colaboradores para que reajam positivamente, deem o seu melhor e alcancem os resultados esperados. Hersey e Blanchard, estudiosos que desenvolveram a teoria da Lideran\u00e7a Situacional, identificaram que o l\u00edder de alta performance utiliza-se de diversas formas de liderar, adaptando-se de acordo com o perfil de cada profissional, avaliando aspectos como condi\u00e7\u00f5es t\u00e9cnicas e intelig\u00eancia emocional e aliando esses fatores ao contexto.<\/p>\n<p><strong>RESPOSTA: D.<\/strong><\/p>\n<p>&nbsp;<\/p>\n<ol start=\"52\">\n<li>Em rela\u00e7\u00e3o \u00e0 gest\u00e3o de conflitos interpessoais e t\u00e9cnicas de media\u00e7\u00e3o, assinale a alternativa correta.<\/li>\n<\/ol>\n<p><strong>COMENT\u00c1RIOS:<\/strong><\/p>\n<p>De acordo com Alto, et. al (2009), negocia\u00e7\u00e3o \u00e9 o processo din\u00e2mico por meio do qual duas partes buscam um acordo mutuamente satisfat\u00f3rio, em que cada parte procura obter um grau \u00f3timo de satisfa\u00e7\u00e3o. As negocia\u00e7\u00f5es s\u00e3o baseadas em rela\u00e7\u00f5es assertivas, onde as pessoas se encontram e falam francamente sobre seus interesses, expectativas, vantagens, benef\u00edcios, medos, d\u00favidas. Busca-se um acordo como consequ\u00eancia de decis\u00f5es entre as partes.<\/p>\n<p><strong>RESPOSTA: E.<\/strong><\/p>\n<p>&nbsp;<\/p>\n<ol start=\"53\">\n<li>Sobre a gest\u00e3o por compet\u00eancias, assinale a alternativa correta.<\/li>\n<\/ol>\n<p><strong>COMENT\u00c1RIOS: <\/strong><\/p>\n<p>A gest\u00e3o por compet\u00eancias \u00e9 uma forma eficaz de identificar o potencial e o est\u00e1gio atual de desenvolvimento dos funcion\u00e1rios. Al\u00e9m disso, ao definir-se as compet\u00eancias relacionadas ao cargo, o indiv\u00edduo ter\u00e1 maior facilidade para avaliar-se e aceitar feedback.<\/p>\n<p><strong>RESPOSTA: E.<\/strong><\/p>\n<p>&nbsp;<\/p>\n<ol start=\"54\">\n<li>Em rela\u00e7\u00e3o ao clima organizacional, assinale a alternativa correta.<\/li>\n<\/ol>\n<p><strong>COMENT\u00c1RIOS:<\/strong><\/p>\n<p>As pesquisas de clima podem ajudar a gerir mudan\u00e7as que visam efici\u00eancia e efic\u00e1cia.<\/p>\n<p><strong>RESPOSTA: E.<\/strong><\/p>\n<p>&nbsp;<\/p>\n<ol start=\"55\">\n<li>Em rela\u00e7\u00e3o a Programas de Prepara\u00e7\u00e3o para a Aposentadoria, \u00e9 correto afirmar que:<\/li>\n<\/ol>\n<p><strong>COMENT\u00c1RIOS:<\/strong><\/p>\n<p>\u00c9 a oportunidade para o trabalhador receber informa\u00e7\u00f5es e adotar estilos de vida saud\u00e1veis, bem como reconstruir o seu projeto de vida.<\/p>\n<p><strong>RESPOSTA: C.<\/strong><\/p>\n<p>&nbsp;<\/p>\n<ol start=\"56\">\n<li>Em rela\u00e7\u00e3o \u00e0 Psicodin\u00e2mica do Trabalho, \u00e9 correto afirmar que:<\/li>\n<\/ol>\n<p><strong>COMENT\u00c1RIOS:<\/strong><\/p>\n<p>Em ter que lidar com situa\u00e7\u00f5es e imprevistos no trabalho, o trabalhador vai desenvolvendo um saber que ajuda a minimizar o sofrimento e transform\u00e1-lo em prazer.<\/p>\n<p><strong>RESPOSTA: D.<\/strong><\/p>\n<p>&nbsp;<\/p>\n<ol start=\"57\">\n<li>Em rela\u00e7\u00e3o ao fen\u00f4meno de estresse ocupacional, assinale a alternativa INCORRETA.<\/li>\n<\/ol>\n<p><strong>COMENT\u00c1RIOS:<\/strong><\/p>\n<p>O estresse pode ser positivo (eustress) ou negativo (distress). Logo, a alternativa B est\u00e1 incorreta.<\/p>\n<p><strong>RESPOSTA: B.<\/strong><\/p>\n<p>&nbsp;<\/p>\n<ol start=\"58\">\n<li>Em rela\u00e7\u00e3o ao ass\u00e9dio moral, assinale a alternativa correta.<\/li>\n<\/ol>\n<p><strong>COMENT\u00c1RIOS:<\/strong><\/p>\n<p>Segundo Marie-France Hirigoyen , o ass\u00e9dio em local de trabalho est\u00e1 ligado a qualquer conduta abusiva em rela\u00e7\u00e3o a uma pessoa (seja por comportamentos, palavras, atos, gestos ou escritas) que possa acarretar um dano \u00e0 sua personalidade \u00e0 sua dignidade ou mesmo \u00e0 sua integridade f\u00edsica ou ps\u00edquica, podendo acarretar inclusive perda de emprego ou degrada\u00e7\u00e3o do ambiente de trabalho em que a v\u00edtima est\u00e1 inserida.<\/p>\n<p><strong>RESPOSTA: B.<\/strong><\/p>\n<p>&nbsp;<\/p>\n<ol start=\"59\">\n<li>Em rela\u00e7\u00e3o ao processo de readapta\u00e7\u00e3o profissional, assinale a alternativa correta.<\/li>\n<\/ol>\n<p><strong>COMENT\u00c1RIOS:<\/strong><\/p>\n<p>Para o trabalhador, a reinser\u00e7\u00e3o no trabalho envolve os significados de entender a sua nova condi\u00e7\u00e3o \u2013 a de readaptado \u2013 e isso envolve sentimentos de perda, frustra\u00e7\u00e3o e fracasso, bem como rela\u00e7\u00f5es singulares que ocorrem no pr\u00f3prio contexto de trabalho.<\/p>\n<p><strong>RESPOSTA: C.<\/strong><\/p>\n<p>&nbsp;<\/p>\n<ol start=\"60\">\n<li>Em rela\u00e7\u00e3o \u00e0s atividades de treinamento e desenvolvimento de pessoal, \u00e9 correto afirmar que:<\/li>\n<\/ol>\n<p><strong>COMENT\u00c1RIOS:<\/strong><\/p>\n<p>O treinamento \u00e9 um processo c\u00edclico e cont\u00ednuo, composto de quatro etapas, sendo elas, <strong>diagn\u00f3stico, desenho, implementa\u00e7\u00e3o e avalia\u00e7\u00e3o.<\/strong><\/p>\n<p><strong>RESPOSTA: C.<\/strong><\/p>\n<p>&nbsp;<\/p>\n","protected":false},"excerpt":{"rendered":"<p>Oi, pessoal! Neste artigo, trago o gabarito extraoficial da prova para o cargo de Psic\u00f3logo do TRT\/RJ que aconteceu hoje. Como s\u00e3o 30 quest\u00f5es, n\u00e3o foi poss\u00edvel transcrever todas as alternativas das quest\u00f5es, apenas os comandos dos enunciados, ok? Acompanhe pelo seu caderno de prova. Ao meu ver, a prova foi bem elaborada, a maior [&hellip;]<\/p>\n","protected":false},"author":571,"featured_media":0,"comment_status":"open","ping_status":"closed","sticky":false,"template":"","format":"standard","meta":{"post_tipo":"article","footnotes":""},"categories":[1,1981],"tags":[],"tax_estado":[],"class_list":["post-125505","post","type-post","status-publish","format-standard","hentry","category-cursos-e-concursos","category-saude"],"acf":[],"yoast_head":"<!-- This site is optimized with the Yoast SEO Premium plugin v27.2 (Yoast SEO v27.2) - https:\/\/yoast.com\/product\/yoast-seo-premium-wordpress\/ -->\n<title>GABARITO EXTRAOFICIAL - PSIC\u00d3LOGO - TRT\/RJ<\/title>\n<meta name=\"robots\" content=\"index, follow, max-snippet:-1, max-image-preview:large, max-video-preview:-1\" \/>\n<link rel=\"canonical\" href=\"https:\/\/www.estrategiaconcursos.com.br\/blog\/gabarito-extraoficial-psicologo-trt-rj\/\" \/>\n<meta property=\"og:locale\" content=\"pt_BR\" \/>\n<meta property=\"og:type\" content=\"article\" \/>\n<meta property=\"og:title\" content=\"GABARITO EXTRAOFICIAL - PSIC\u00d3LOGO - TRT\/RJ\" \/>\n<meta property=\"og:description\" content=\"Oi, pessoal! Neste artigo, trago o gabarito extraoficial da prova para o cargo de Psic\u00f3logo do TRT\/RJ que aconteceu hoje. Como s\u00e3o 30 quest\u00f5es, n\u00e3o foi poss\u00edvel transcrever todas as alternativas das quest\u00f5es, apenas os comandos dos enunciados, ok? Acompanhe pelo seu caderno de prova. Ao meu ver, a prova foi bem elaborada, a maior [&hellip;]\" \/>\n<meta property=\"og:url\" content=\"https:\/\/www.estrategiaconcursos.com.br\/blog\/gabarito-extraoficial-psicologo-trt-rj\/\" \/>\n<meta property=\"og:site_name\" content=\"Estrat\u00e9gia Concursos\" \/>\n<meta property=\"article:published_time\" content=\"2018-06-11T00:08:45+00:00\" \/>\n<meta property=\"article:modified_time\" content=\"2019-11-08T19:49:23+00:00\" \/>\n<meta name=\"author\" content=\"Marina Becalli\" \/>\n<meta name=\"twitter:card\" content=\"summary_large_image\" \/>\n<meta name=\"twitter:creator\" content=\"@EstratConcursos\" \/>\n<meta name=\"twitter:site\" content=\"@EstratConcursos\" \/>\n<meta name=\"twitter:label1\" content=\"Escrito por\" \/>\n\t<meta name=\"twitter:data1\" content=\"Marina Becalli\" \/>\n\t<meta name=\"twitter:label2\" content=\"Est. tempo de leitura\" \/>\n\t<meta name=\"twitter:data2\" content=\"11 minutos\" \/>\n<script type=\"application\/ld+json\" class=\"yoast-schema-graph\">{\"@context\":\"https:\/\/schema.org\",\"@graph\":[{\"@type\":\"NewsArticle\",\"@id\":\"https:\/\/www.estrategiaconcursos.com.br\/blog\/gabarito-extraoficial-psicologo-trt-rj\/#article\",\"isPartOf\":{\"@id\":\"https:\/\/www.estrategiaconcursos.com.br\/blog\/gabarito-extraoficial-psicologo-trt-rj\/\"},\"author\":{\"name\":\"Marina Becalli\",\"@id\":\"https:\/\/www.estrategiaconcursos.com.br\/blog\/#\/schema\/person\/1e2475595233595270d17e0208f89ba3\"},\"headline\":\"GABARITO EXTRAOFICIAL &#8211; PSIC\u00d3LOGO &#8211; TRT\/RJ\",\"datePublished\":\"2018-06-11T00:08:45+00:00\",\"dateModified\":\"2019-11-08T19:49:23+00:00\",\"mainEntityOfPage\":{\"@id\":\"https:\/\/www.estrategiaconcursos.com.br\/blog\/gabarito-extraoficial-psicologo-trt-rj\/\"},\"wordCount\":2157,\"commentCount\":3,\"publisher\":{\"@id\":\"https:\/\/www.estrategiaconcursos.com.br\/blog\/#organization\"},\"articleSection\":[\"Concursos P\u00fablicos\",\"Sa\u00fade\"],\"inLanguage\":\"pt-BR\",\"potentialAction\":[{\"@type\":\"CommentAction\",\"name\":\"Comment\",\"target\":[\"https:\/\/www.estrategiaconcursos.com.br\/blog\/gabarito-extraoficial-psicologo-trt-rj\/#respond\"]}],\"copyrightYear\":\"2018\",\"copyrightHolder\":{\"@id\":\"https:\/\/www.estrategiaconcursos.com.br\/blog\/#organization\"}},{\"@type\":\"WebPage\",\"@id\":\"https:\/\/www.estrategiaconcursos.com.br\/blog\/gabarito-extraoficial-psicologo-trt-rj\/\",\"url\":\"https:\/\/www.estrategiaconcursos.com.br\/blog\/gabarito-extraoficial-psicologo-trt-rj\/\",\"name\":\"GABARITO EXTRAOFICIAL - PSIC\u00d3LOGO - TRT\/RJ\",\"isPartOf\":{\"@id\":\"https:\/\/www.estrategiaconcursos.com.br\/blog\/#website\"},\"datePublished\":\"2018-06-11T00:08:45+00:00\",\"dateModified\":\"2019-11-08T19:49:23+00:00\",\"breadcrumb\":{\"@id\":\"https:\/\/www.estrategiaconcursos.com.br\/blog\/gabarito-extraoficial-psicologo-trt-rj\/#breadcrumb\"},\"inLanguage\":\"pt-BR\",\"potentialAction\":[{\"@type\":\"ReadAction\",\"target\":[\"https:\/\/www.estrategiaconcursos.com.br\/blog\/gabarito-extraoficial-psicologo-trt-rj\/\"]}]},{\"@type\":\"BreadcrumbList\",\"@id\":\"https:\/\/www.estrategiaconcursos.com.br\/blog\/gabarito-extraoficial-psicologo-trt-rj\/#breadcrumb\",\"itemListElement\":[{\"@type\":\"ListItem\",\"position\":1,\"name\":\"In\u00edcio\",\"item\":\"https:\/\/www.estrategiaconcursos.com.br\/blog\/\"},{\"@type\":\"ListItem\",\"position\":2,\"name\":\"GABARITO EXTRAOFICIAL &#8211; PSIC\u00d3LOGO &#8211; TRT\/RJ\"}]},{\"@type\":\"WebSite\",\"@id\":\"https:\/\/www.estrategiaconcursos.com.br\/blog\/#website\",\"url\":\"https:\/\/www.estrategiaconcursos.com.br\/blog\/\",\"name\":\"Estrat\u00e9gia Concursos\",\"description\":\"O blog da Estrat\u00e9gia Concursos traz not\u00edcias sobre concursos e artigos de professores oferecendo cursos para concursos (pdf + videaulas) no site.\",\"publisher\":{\"@id\":\"https:\/\/www.estrategiaconcursos.com.br\/blog\/#organization\"},\"potentialAction\":[{\"@type\":\"SearchAction\",\"target\":{\"@type\":\"EntryPoint\",\"urlTemplate\":\"https:\/\/www.estrategiaconcursos.com.br\/blog\/?s={search_term_string}\"},\"query-input\":{\"@type\":\"PropertyValueSpecification\",\"valueRequired\":true,\"valueName\":\"search_term_string\"}}],\"inLanguage\":\"pt-BR\"},{\"@type\":\"Organization\",\"@id\":\"https:\/\/www.estrategiaconcursos.com.br\/blog\/#organization\",\"name\":\"Estrat\u00e9gia Concursos\",\"url\":\"https:\/\/www.estrategiaconcursos.com.br\/blog\/\",\"logo\":{\"@type\":\"ImageObject\",\"inLanguage\":\"pt-BR\",\"@id\":\"https:\/\/www.estrategiaconcursos.com.br\/blog\/#\/schema\/logo\/image\/\",\"url\":\"https:\/\/dhg1h5j42swfq.cloudfront.net\/2025\/06\/03203428\/logo_concursos-1.jpg\",\"contentUrl\":\"https:\/\/dhg1h5j42swfq.cloudfront.net\/2025\/06\/03203428\/logo_concursos-1.jpg\",\"width\":230,\"height\":60,\"caption\":\"Estrat\u00e9gia Concursos\"},\"image\":{\"@id\":\"https:\/\/www.estrategiaconcursos.com.br\/blog\/#\/schema\/logo\/image\/\"},\"sameAs\":[\"https:\/\/x.com\/EstratConcursos\"]},{\"@type\":\"Person\",\"@id\":\"https:\/\/www.estrategiaconcursos.com.br\/blog\/#\/schema\/person\/1e2475595233595270d17e0208f89ba3\",\"name\":\"Marina Becalli\",\"image\":{\"@type\":\"ImageObject\",\"inLanguage\":\"pt-BR\",\"@id\":\"https:\/\/secure.gravatar.com\/avatar\/67fe85e0ba78cec86bca2a6aa240c72b754ad6f23a83ff554c5baca29367fde2?s=96&d=mm&r=g\",\"url\":\"https:\/\/secure.gravatar.com\/avatar\/67fe85e0ba78cec86bca2a6aa240c72b754ad6f23a83ff554c5baca29367fde2?s=96&d=mm&r=g\",\"contentUrl\":\"https:\/\/secure.gravatar.com\/avatar\/67fe85e0ba78cec86bca2a6aa240c72b754ad6f23a83ff554c5baca29367fde2?s=96&d=mm&r=g\",\"caption\":\"Marina Becalli\"},\"url\":\"https:\/\/www.estrategiaconcursos.com.br\/blog\/author\/marinapbeccalligmail-com\/\"}]}<\/script>\n<!-- \/ Yoast SEO Premium plugin. -->","yoast_head_json":{"title":"GABARITO EXTRAOFICIAL - PSIC\u00d3LOGO - TRT\/RJ","robots":{"index":"index","follow":"follow","max-snippet":"max-snippet:-1","max-image-preview":"max-image-preview:large","max-video-preview":"max-video-preview:-1"},"canonical":"https:\/\/www.estrategiaconcursos.com.br\/blog\/gabarito-extraoficial-psicologo-trt-rj\/","og_locale":"pt_BR","og_type":"article","og_title":"GABARITO EXTRAOFICIAL - PSIC\u00d3LOGO - TRT\/RJ","og_description":"Oi, pessoal! Neste artigo, trago o gabarito extraoficial da prova para o cargo de Psic\u00f3logo do TRT\/RJ que aconteceu hoje. Como s\u00e3o 30 quest\u00f5es, n\u00e3o foi poss\u00edvel transcrever todas as alternativas das quest\u00f5es, apenas os comandos dos enunciados, ok? Acompanhe pelo seu caderno de prova. Ao meu ver, a prova foi bem elaborada, a maior [&hellip;]","og_url":"https:\/\/www.estrategiaconcursos.com.br\/blog\/gabarito-extraoficial-psicologo-trt-rj\/","og_site_name":"Estrat\u00e9gia Concursos","article_published_time":"2018-06-11T00:08:45+00:00","article_modified_time":"2019-11-08T19:49:23+00:00","author":"Marina Becalli","twitter_card":"summary_large_image","twitter_creator":"@EstratConcursos","twitter_site":"@EstratConcursos","twitter_misc":{"Escrito por":"Marina Becalli","Est. tempo de leitura":"11 minutos"},"schema":{"@context":"https:\/\/schema.org","@graph":[{"@type":"NewsArticle","@id":"https:\/\/www.estrategiaconcursos.com.br\/blog\/gabarito-extraoficial-psicologo-trt-rj\/#article","isPartOf":{"@id":"https:\/\/www.estrategiaconcursos.com.br\/blog\/gabarito-extraoficial-psicologo-trt-rj\/"},"author":{"name":"Marina Becalli","@id":"https:\/\/www.estrategiaconcursos.com.br\/blog\/#\/schema\/person\/1e2475595233595270d17e0208f89ba3"},"headline":"GABARITO EXTRAOFICIAL &#8211; PSIC\u00d3LOGO &#8211; TRT\/RJ","datePublished":"2018-06-11T00:08:45+00:00","dateModified":"2019-11-08T19:49:23+00:00","mainEntityOfPage":{"@id":"https:\/\/www.estrategiaconcursos.com.br\/blog\/gabarito-extraoficial-psicologo-trt-rj\/"},"wordCount":2157,"commentCount":3,"publisher":{"@id":"https:\/\/www.estrategiaconcursos.com.br\/blog\/#organization"},"articleSection":["Concursos P\u00fablicos","Sa\u00fade"],"inLanguage":"pt-BR","potentialAction":[{"@type":"CommentAction","name":"Comment","target":["https:\/\/www.estrategiaconcursos.com.br\/blog\/gabarito-extraoficial-psicologo-trt-rj\/#respond"]}],"copyrightYear":"2018","copyrightHolder":{"@id":"https:\/\/www.estrategiaconcursos.com.br\/blog\/#organization"}},{"@type":"WebPage","@id":"https:\/\/www.estrategiaconcursos.com.br\/blog\/gabarito-extraoficial-psicologo-trt-rj\/","url":"https:\/\/www.estrategiaconcursos.com.br\/blog\/gabarito-extraoficial-psicologo-trt-rj\/","name":"GABARITO EXTRAOFICIAL - PSIC\u00d3LOGO - TRT\/RJ","isPartOf":{"@id":"https:\/\/www.estrategiaconcursos.com.br\/blog\/#website"},"datePublished":"2018-06-11T00:08:45+00:00","dateModified":"2019-11-08T19:49:23+00:00","breadcrumb":{"@id":"https:\/\/www.estrategiaconcursos.com.br\/blog\/gabarito-extraoficial-psicologo-trt-rj\/#breadcrumb"},"inLanguage":"pt-BR","potentialAction":[{"@type":"ReadAction","target":["https:\/\/www.estrategiaconcursos.com.br\/blog\/gabarito-extraoficial-psicologo-trt-rj\/"]}]},{"@type":"BreadcrumbList","@id":"https:\/\/www.estrategiaconcursos.com.br\/blog\/gabarito-extraoficial-psicologo-trt-rj\/#breadcrumb","itemListElement":[{"@type":"ListItem","position":1,"name":"In\u00edcio","item":"https:\/\/www.estrategiaconcursos.com.br\/blog\/"},{"@type":"ListItem","position":2,"name":"GABARITO EXTRAOFICIAL &#8211; PSIC\u00d3LOGO &#8211; TRT\/RJ"}]},{"@type":"WebSite","@id":"https:\/\/www.estrategiaconcursos.com.br\/blog\/#website","url":"https:\/\/www.estrategiaconcursos.com.br\/blog\/","name":"Estrat\u00e9gia Concursos","description":"O blog da Estrat\u00e9gia Concursos traz not\u00edcias sobre concursos e artigos de professores oferecendo cursos para concursos (pdf + videaulas) no site.","publisher":{"@id":"https:\/\/www.estrategiaconcursos.com.br\/blog\/#organization"},"potentialAction":[{"@type":"SearchAction","target":{"@type":"EntryPoint","urlTemplate":"https:\/\/www.estrategiaconcursos.com.br\/blog\/?s={search_term_string}"},"query-input":{"@type":"PropertyValueSpecification","valueRequired":true,"valueName":"search_term_string"}}],"inLanguage":"pt-BR"},{"@type":"Organization","@id":"https:\/\/www.estrategiaconcursos.com.br\/blog\/#organization","name":"Estrat\u00e9gia Concursos","url":"https:\/\/www.estrategiaconcursos.com.br\/blog\/","logo":{"@type":"ImageObject","inLanguage":"pt-BR","@id":"https:\/\/www.estrategiaconcursos.com.br\/blog\/#\/schema\/logo\/image\/","url":"https:\/\/dhg1h5j42swfq.cloudfront.net\/2025\/06\/03203428\/logo_concursos-1.jpg","contentUrl":"https:\/\/dhg1h5j42swfq.cloudfront.net\/2025\/06\/03203428\/logo_concursos-1.jpg","width":230,"height":60,"caption":"Estrat\u00e9gia Concursos"},"image":{"@id":"https:\/\/www.estrategiaconcursos.com.br\/blog\/#\/schema\/logo\/image\/"},"sameAs":["https:\/\/x.com\/EstratConcursos"]},{"@type":"Person","@id":"https:\/\/www.estrategiaconcursos.com.br\/blog\/#\/schema\/person\/1e2475595233595270d17e0208f89ba3","name":"Marina Becalli","image":{"@type":"ImageObject","inLanguage":"pt-BR","@id":"https:\/\/secure.gravatar.com\/avatar\/67fe85e0ba78cec86bca2a6aa240c72b754ad6f23a83ff554c5baca29367fde2?s=96&d=mm&r=g","url":"https:\/\/secure.gravatar.com\/avatar\/67fe85e0ba78cec86bca2a6aa240c72b754ad6f23a83ff554c5baca29367fde2?s=96&d=mm&r=g","contentUrl":"https:\/\/secure.gravatar.com\/avatar\/67fe85e0ba78cec86bca2a6aa240c72b754ad6f23a83ff554c5baca29367fde2?s=96&d=mm&r=g","caption":"Marina Becalli"},"url":"https:\/\/www.estrategiaconcursos.com.br\/blog\/author\/marinapbeccalligmail-com\/"}]}},"_links":{"self":[{"href":"https:\/\/www.estrategiaconcursos.com.br\/blog\/wp-json\/wp\/v2\/posts\/125505","targetHints":{"allow":["GET"]}}],"collection":[{"href":"https:\/\/www.estrategiaconcursos.com.br\/blog\/wp-json\/wp\/v2\/posts"}],"about":[{"href":"https:\/\/www.estrategiaconcursos.com.br\/blog\/wp-json\/wp\/v2\/types\/post"}],"author":[{"embeddable":true,"href":"https:\/\/www.estrategiaconcursos.com.br\/blog\/wp-json\/wp\/v2\/users\/571"}],"replies":[{"embeddable":true,"href":"https:\/\/www.estrategiaconcursos.com.br\/blog\/wp-json\/wp\/v2\/comments?post=125505"}],"version-history":[{"count":19,"href":"https:\/\/www.estrategiaconcursos.com.br\/blog\/wp-json\/wp\/v2\/posts\/125505\/revisions"}],"predecessor-version":[{"id":125684,"href":"https:\/\/www.estrategiaconcursos.com.br\/blog\/wp-json\/wp\/v2\/posts\/125505\/revisions\/125684"}],"wp:attachment":[{"href":"https:\/\/www.estrategiaconcursos.com.br\/blog\/wp-json\/wp\/v2\/media?parent=125505"}],"wp:term":[{"taxonomy":"category","embeddable":true,"href":"https:\/\/www.estrategiaconcursos.com.br\/blog\/wp-json\/wp\/v2\/categories?post=125505"},{"taxonomy":"post_tag","embeddable":true,"href":"https:\/\/www.estrategiaconcursos.com.br\/blog\/wp-json\/wp\/v2\/tags?post=125505"},{"taxonomy":"tax_estado","embeddable":true,"href":"https:\/\/www.estrategiaconcursos.com.br\/blog\/wp-json\/wp\/v2\/tax_estado?post=125505"}],"curies":[{"name":"wp","href":"https:\/\/api.w.org\/{rel}","templated":true}]}}