{"id":125493,"date":"2018-06-10T21:27:36","date_gmt":"2018-06-11T00:27:36","guid":{"rendered":"https:\/\/www.estrategiaconcursos.com.br\/blog\/?p=125493"},"modified":"2018-06-10T21:27:36","modified_gmt":"2018-06-11T00:27:36","slug":"correcao-trt-rj-ajaj-direito-processual-do-trabalho","status":"publish","type":"post","link":"https:\/\/www.estrategiaconcursos.com.br\/blog\/correcao-trt-rj-ajaj-direito-processual-do-trabalho\/","title":{"rendered":"Corre\u00e7\u00e3o &#8211; TRT\/RJ &#8211; AJAJ &#8211; Direito Processual do Trabalho"},"content":{"rendered":"<p style=\"text-align: center\"><strong>Quest\u00f5es TRTRJ \u2013 AJAJ \u2013 Direito Processual do Trabalho<\/strong><br \/>\n<strong> Prof. Bruno Klippel e Adriana Lima<\/strong><\/p>\n<p><strong>Prova 2:<\/strong><\/p>\n<p><strong>Tema: Minist\u00e9rio P\u00fablico do Trabalho<\/strong><br \/>\n46. Em rela\u00e7\u00e3o \u00e0 organiza\u00e7\u00e3o do Minist\u00e9rio P\u00fablico do Trabalho, \u00e9 correto afirmar que:<br \/>\nc. O procurador-geral do trabalho \u00e9 o chefe do Minist\u00e9rio P\u00fablico do Trabalho e ser\u00e1 nomeado pelo Procurador-Geral da rep\u00fablica dentre integrantes da institui\u00e7\u00e3o com mais de 35 anos de idade e de 5 anos na carreira.<br \/>\n<strong>Dispositivo legal: Art. 87 e 88 da LC 75\/93<\/strong><\/p>\n<p>&nbsp;<\/p>\n<p><strong>Tema: Exce\u00e7\u00e3o de incompet\u00eancia<\/strong><br \/>\n47. No que tange \u00e0 exce\u00e7\u00e3o de incompet\u00eancia territorial, no \u00e2mbito do processo trabalhista, assinale a alternativa correta:<br \/>\ne. A exce\u00e7\u00e3o de incompet\u00eancia territorial dever\u00e1 ser apresentada em pe\u00e7a apartada que sinalize explicitamente a exist\u00eancia da exce\u00e7\u00e3o, antes da audi\u00eancia, no prazo de 5 dias, contados do recebimento da notifica\u00e7\u00e3o pela reclamada. Protocolada a peti\u00e7\u00e3o de exce\u00e7\u00e3o, o processo ser\u00e1 suspenso at\u00e9 que se decida o incidente.<br \/>\n<strong>Dispositivo legal: Art. 800 da CLT<\/strong><\/p>\n<p>&nbsp;<\/p>\n<p><strong>Tema: Inqu\u00e9rito para apura\u00e7\u00e3o de falta grave<\/strong><br \/>\n48. Fernando, funcion\u00e1rio da montadora de ve\u00edculos&#8230;.Pretende a empregadora demitir Fernando. Em rela\u00e7\u00e3o ao regramento aplic\u00e1vel \u00e0 esp\u00e9cie para dispensa do empregado, assinale a alternativa correta:<br \/>\nb. A empresa WMW S\/A dever\u00e1 proceder \u00e0 instaura\u00e7\u00e3o de inqu\u00e9rito para apura\u00e7\u00e3o de falta para dispensa do empregado perante a Justi\u00e7a do Trabalho, apresentando reclama\u00e7\u00e3o escrita perante a Vara do Trabalho ou Ju\u00edzo de Direito dentro de 30 dias contados da data da suspens\u00e3o do empregado, podendo ouvir, para provar os fatos alegados, at\u00e9 6 testemunhas.<br \/>\n<strong>Dispositivo legal: Art. 853 e 821 da CLT<\/strong><\/p>\n<p>&nbsp;<\/p>\n<p><strong>Tema: Recursos Trabalhistas<\/strong><br \/>\n49. Relativamente aos recursos na esfera trabalhistas, assinale a alternativa INCORRETA:<br \/>\nE. Cabe recurso ordin\u00e1rio para a instancia superior, no prazo de 8 dias, nos diss\u00eddios coletivos, das decis\u00f5es definitivas ou terminativas dos Tribunais Regionais, em processos de sua compet\u00eancia origin\u00e1ria.<br \/>\nEst\u00e1 errada pois fala apenas em diss\u00eddios coletivos e tamb\u00e9m cabe o recurso nos diss\u00eddios individuais.<br \/>\n<strong>Dispositivo legal: Art. 895 da CLT<\/strong><\/p>\n<p>&nbsp;<\/p>\n<p>Forte abra\u00e7o !!<br \/>\n<strong>Prof. Bruno Klippel<\/strong><br \/>\n<strong> Profa. Adriana Lima<\/strong><\/p>\n","protected":false},"excerpt":{"rendered":"<p>Quest\u00f5es TRTRJ \u2013 AJAJ \u2013 Direito Processual do Trabalho Prof. Bruno Klippel e Adriana Lima Prova 2: Tema: Minist\u00e9rio P\u00fablico do Trabalho 46. Em rela\u00e7\u00e3o \u00e0 organiza\u00e7\u00e3o do Minist\u00e9rio P\u00fablico do Trabalho, \u00e9 correto afirmar que: c. O procurador-geral do trabalho \u00e9 o chefe do Minist\u00e9rio P\u00fablico do Trabalho e ser\u00e1 nomeado pelo Procurador-Geral da [&hellip;]<\/p>\n","protected":false},"author":123,"featured_media":0,"comment_status":"open","ping_status":"closed","sticky":false,"template":"","format":"standard","meta":{"post_tipo":"article","footnotes":""},"categories":[1],"tags":[],"tax_estado":[],"class_list":["post-125493","post","type-post","status-publish","format-standard","hentry","category-cursos-e-concursos"],"acf":[],"yoast_head":"<!-- This site is optimized with the Yoast SEO Premium plugin v27.2 (Yoast SEO v27.2) - https:\/\/yoast.com\/product\/yoast-seo-premium-wordpress\/ -->\n<title>Corre\u00e7\u00e3o - TRT\/RJ - AJAJ - Direito Processual do Trabalho<\/title>\n<meta name=\"robots\" content=\"index, follow, max-snippet:-1, max-image-preview:large, max-video-preview:-1\" \/>\n<link rel=\"canonical\" href=\"https:\/\/www.estrategiaconcursos.com.br\/blog\/correcao-trt-rj-ajaj-direito-processual-do-trabalho\/\" \/>\n<meta property=\"og:locale\" content=\"pt_BR\" \/>\n<meta property=\"og:type\" content=\"article\" \/>\n<meta property=\"og:title\" content=\"Corre\u00e7\u00e3o - TRT\/RJ - AJAJ - Direito Processual do Trabalho\" \/>\n<meta property=\"og:description\" content=\"Quest\u00f5es TRTRJ \u2013 AJAJ \u2013 Direito Processual do Trabalho Prof. Bruno Klippel e Adriana Lima Prova 2: Tema: Minist\u00e9rio P\u00fablico do Trabalho 46. Em rela\u00e7\u00e3o \u00e0 organiza\u00e7\u00e3o do Minist\u00e9rio P\u00fablico do Trabalho, \u00e9 correto afirmar que: c. O procurador-geral do trabalho \u00e9 o chefe do Minist\u00e9rio P\u00fablico do Trabalho e ser\u00e1 nomeado pelo Procurador-Geral da [&hellip;]\" \/>\n<meta property=\"og:url\" content=\"https:\/\/www.estrategiaconcursos.com.br\/blog\/correcao-trt-rj-ajaj-direito-processual-do-trabalho\/\" \/>\n<meta property=\"og:site_name\" content=\"Estrat\u00e9gia Concursos\" \/>\n<meta property=\"article:author\" content=\"https:\/\/www.facebook.com\/bruno.klippel\" \/>\n<meta property=\"article:published_time\" content=\"2018-06-11T00:27:36+00:00\" \/>\n<meta name=\"author\" content=\"Bruno Klippel\" \/>\n<meta name=\"twitter:card\" content=\"summary_large_image\" \/>\n<meta name=\"twitter:creator\" content=\"@https:\/\/twitter.com\/brunoklippel\" \/>\n<meta name=\"twitter:site\" content=\"@EstratConcursos\" \/>\n<meta name=\"twitter:label1\" content=\"Escrito por\" \/>\n\t<meta name=\"twitter:data1\" content=\"Bruno Klippel\" \/>\n\t<meta name=\"twitter:label2\" content=\"Est. tempo de leitura\" \/>\n\t<meta name=\"twitter:data2\" content=\"2 minutos\" \/>\n<script type=\"application\/ld+json\" class=\"yoast-schema-graph\">{\"@context\":\"https:\/\/schema.org\",\"@graph\":[{\"@type\":\"NewsArticle\",\"@id\":\"https:\/\/www.estrategiaconcursos.com.br\/blog\/correcao-trt-rj-ajaj-direito-processual-do-trabalho\/#article\",\"isPartOf\":{\"@id\":\"https:\/\/www.estrategiaconcursos.com.br\/blog\/correcao-trt-rj-ajaj-direito-processual-do-trabalho\/\"},\"author\":{\"name\":\"Bruno Klippel\",\"@id\":\"https:\/\/www.estrategiaconcursos.com.br\/blog\/#\/schema\/person\/e45245f931dbe7daa788a36aeae3db76\"},\"headline\":\"Corre\u00e7\u00e3o &#8211; TRT\/RJ &#8211; AJAJ &#8211; Direito Processual do Trabalho\",\"datePublished\":\"2018-06-11T00:27:36+00:00\",\"mainEntityOfPage\":{\"@id\":\"https:\/\/www.estrategiaconcursos.com.br\/blog\/correcao-trt-rj-ajaj-direito-processual-do-trabalho\/\"},\"wordCount\":370,\"commentCount\":1,\"publisher\":{\"@id\":\"https:\/\/www.estrategiaconcursos.com.br\/blog\/#organization\"},\"articleSection\":[\"Concursos P\u00fablicos\"],\"inLanguage\":\"pt-BR\",\"potentialAction\":[{\"@type\":\"CommentAction\",\"name\":\"Comment\",\"target\":[\"https:\/\/www.estrategiaconcursos.com.br\/blog\/correcao-trt-rj-ajaj-direito-processual-do-trabalho\/#respond\"]}],\"copyrightYear\":\"2018\",\"copyrightHolder\":{\"@id\":\"https:\/\/www.estrategiaconcursos.com.br\/blog\/#organization\"}},{\"@type\":\"WebPage\",\"@id\":\"https:\/\/www.estrategiaconcursos.com.br\/blog\/correcao-trt-rj-ajaj-direito-processual-do-trabalho\/\",\"url\":\"https:\/\/www.estrategiaconcursos.com.br\/blog\/correcao-trt-rj-ajaj-direito-processual-do-trabalho\/\",\"name\":\"Corre\u00e7\u00e3o - TRT\/RJ - AJAJ - Direito Processual do Trabalho\",\"isPartOf\":{\"@id\":\"https:\/\/www.estrategiaconcursos.com.br\/blog\/#website\"},\"datePublished\":\"2018-06-11T00:27:36+00:00\",\"breadcrumb\":{\"@id\":\"https:\/\/www.estrategiaconcursos.com.br\/blog\/correcao-trt-rj-ajaj-direito-processual-do-trabalho\/#breadcrumb\"},\"inLanguage\":\"pt-BR\",\"potentialAction\":[{\"@type\":\"ReadAction\",\"target\":[\"https:\/\/www.estrategiaconcursos.com.br\/blog\/correcao-trt-rj-ajaj-direito-processual-do-trabalho\/\"]}]},{\"@type\":\"BreadcrumbList\",\"@id\":\"https:\/\/www.estrategiaconcursos.com.br\/blog\/correcao-trt-rj-ajaj-direito-processual-do-trabalho\/#breadcrumb\",\"itemListElement\":[{\"@type\":\"ListItem\",\"position\":1,\"name\":\"In\u00edcio\",\"item\":\"https:\/\/www.estrategiaconcursos.com.br\/blog\/\"},{\"@type\":\"ListItem\",\"position\":2,\"name\":\"Corre\u00e7\u00e3o &#8211; TRT\/RJ &#8211; AJAJ &#8211; Direito Processual do Trabalho\"}]},{\"@type\":\"WebSite\",\"@id\":\"https:\/\/www.estrategiaconcursos.com.br\/blog\/#website\",\"url\":\"https:\/\/www.estrategiaconcursos.com.br\/blog\/\",\"name\":\"Estrat\u00e9gia Concursos\",\"description\":\"O blog da Estrat\u00e9gia Concursos traz not\u00edcias sobre concursos e artigos de professores oferecendo cursos para concursos (pdf + videaulas) no site.\",\"publisher\":{\"@id\":\"https:\/\/www.estrategiaconcursos.com.br\/blog\/#organization\"},\"potentialAction\":[{\"@type\":\"SearchAction\",\"target\":{\"@type\":\"EntryPoint\",\"urlTemplate\":\"https:\/\/www.estrategiaconcursos.com.br\/blog\/?s={search_term_string}\"},\"query-input\":{\"@type\":\"PropertyValueSpecification\",\"valueRequired\":true,\"valueName\":\"search_term_string\"}}],\"inLanguage\":\"pt-BR\"},{\"@type\":\"Organization\",\"@id\":\"https:\/\/www.estrategiaconcursos.com.br\/blog\/#organization\",\"name\":\"Estrat\u00e9gia Concursos\",\"url\":\"https:\/\/www.estrategiaconcursos.com.br\/blog\/\",\"logo\":{\"@type\":\"ImageObject\",\"inLanguage\":\"pt-BR\",\"@id\":\"https:\/\/www.estrategiaconcursos.com.br\/blog\/#\/schema\/logo\/image\/\",\"url\":\"https:\/\/dhg1h5j42swfq.cloudfront.net\/2025\/06\/03203428\/logo_concursos-1.jpg\",\"contentUrl\":\"https:\/\/dhg1h5j42swfq.cloudfront.net\/2025\/06\/03203428\/logo_concursos-1.jpg\",\"width\":230,\"height\":60,\"caption\":\"Estrat\u00e9gia Concursos\"},\"image\":{\"@id\":\"https:\/\/www.estrategiaconcursos.com.br\/blog\/#\/schema\/logo\/image\/\"},\"sameAs\":[\"https:\/\/x.com\/EstratConcursos\"]},{\"@type\":\"Person\",\"@id\":\"https:\/\/www.estrategiaconcursos.com.br\/blog\/#\/schema\/person\/e45245f931dbe7daa788a36aeae3db76\",\"name\":\"Bruno Klippel\",\"image\":{\"@type\":\"ImageObject\",\"inLanguage\":\"pt-BR\",\"@id\":\"https:\/\/secure.gravatar.com\/avatar\/555136b5a9f57831d9839d55086ed04254bbba23fd861d79951efc1f321b41cf?s=96&d=mm&r=g\",\"url\":\"https:\/\/secure.gravatar.com\/avatar\/555136b5a9f57831d9839d55086ed04254bbba23fd861d79951efc1f321b41cf?s=96&d=mm&r=g\",\"contentUrl\":\"https:\/\/secure.gravatar.com\/avatar\/555136b5a9f57831d9839d55086ed04254bbba23fd861d79951efc1f321b41cf?s=96&d=mm&r=g\",\"caption\":\"Bruno Klippel\"},\"sameAs\":[\"https:\/\/www.facebook.com\/bruno.klippel\",\"https:\/\/x.com\/https:\/\/twitter.com\/brunoklippel\"],\"url\":\"https:\/\/www.estrategiaconcursos.com.br\/blog\/author\/brunoklippelestrategiaconcursos-com-br\/\"}]}<\/script>\n<!-- \/ Yoast SEO Premium plugin. -->","yoast_head_json":{"title":"Corre\u00e7\u00e3o - TRT\/RJ - AJAJ - Direito Processual do Trabalho","robots":{"index":"index","follow":"follow","max-snippet":"max-snippet:-1","max-image-preview":"max-image-preview:large","max-video-preview":"max-video-preview:-1"},"canonical":"https:\/\/www.estrategiaconcursos.com.br\/blog\/correcao-trt-rj-ajaj-direito-processual-do-trabalho\/","og_locale":"pt_BR","og_type":"article","og_title":"Corre\u00e7\u00e3o - TRT\/RJ - AJAJ - Direito Processual do Trabalho","og_description":"Quest\u00f5es TRTRJ \u2013 AJAJ \u2013 Direito Processual do Trabalho Prof. Bruno Klippel e Adriana Lima Prova 2: Tema: Minist\u00e9rio P\u00fablico do Trabalho 46. Em rela\u00e7\u00e3o \u00e0 organiza\u00e7\u00e3o do Minist\u00e9rio P\u00fablico do Trabalho, \u00e9 correto afirmar que: c. O procurador-geral do trabalho \u00e9 o chefe do Minist\u00e9rio P\u00fablico do Trabalho e ser\u00e1 nomeado pelo Procurador-Geral da [&hellip;]","og_url":"https:\/\/www.estrategiaconcursos.com.br\/blog\/correcao-trt-rj-ajaj-direito-processual-do-trabalho\/","og_site_name":"Estrat\u00e9gia Concursos","article_author":"https:\/\/www.facebook.com\/bruno.klippel","article_published_time":"2018-06-11T00:27:36+00:00","author":"Bruno Klippel","twitter_card":"summary_large_image","twitter_creator":"@https:\/\/twitter.com\/brunoklippel","twitter_site":"@EstratConcursos","twitter_misc":{"Escrito por":"Bruno Klippel","Est. tempo de leitura":"2 minutos"},"schema":{"@context":"https:\/\/schema.org","@graph":[{"@type":"NewsArticle","@id":"https:\/\/www.estrategiaconcursos.com.br\/blog\/correcao-trt-rj-ajaj-direito-processual-do-trabalho\/#article","isPartOf":{"@id":"https:\/\/www.estrategiaconcursos.com.br\/blog\/correcao-trt-rj-ajaj-direito-processual-do-trabalho\/"},"author":{"name":"Bruno Klippel","@id":"https:\/\/www.estrategiaconcursos.com.br\/blog\/#\/schema\/person\/e45245f931dbe7daa788a36aeae3db76"},"headline":"Corre\u00e7\u00e3o &#8211; TRT\/RJ &#8211; AJAJ &#8211; Direito Processual do Trabalho","datePublished":"2018-06-11T00:27:36+00:00","mainEntityOfPage":{"@id":"https:\/\/www.estrategiaconcursos.com.br\/blog\/correcao-trt-rj-ajaj-direito-processual-do-trabalho\/"},"wordCount":370,"commentCount":1,"publisher":{"@id":"https:\/\/www.estrategiaconcursos.com.br\/blog\/#organization"},"articleSection":["Concursos P\u00fablicos"],"inLanguage":"pt-BR","potentialAction":[{"@type":"CommentAction","name":"Comment","target":["https:\/\/www.estrategiaconcursos.com.br\/blog\/correcao-trt-rj-ajaj-direito-processual-do-trabalho\/#respond"]}],"copyrightYear":"2018","copyrightHolder":{"@id":"https:\/\/www.estrategiaconcursos.com.br\/blog\/#organization"}},{"@type":"WebPage","@id":"https:\/\/www.estrategiaconcursos.com.br\/blog\/correcao-trt-rj-ajaj-direito-processual-do-trabalho\/","url":"https:\/\/www.estrategiaconcursos.com.br\/blog\/correcao-trt-rj-ajaj-direito-processual-do-trabalho\/","name":"Corre\u00e7\u00e3o - TRT\/RJ - AJAJ - Direito Processual do Trabalho","isPartOf":{"@id":"https:\/\/www.estrategiaconcursos.com.br\/blog\/#website"},"datePublished":"2018-06-11T00:27:36+00:00","breadcrumb":{"@id":"https:\/\/www.estrategiaconcursos.com.br\/blog\/correcao-trt-rj-ajaj-direito-processual-do-trabalho\/#breadcrumb"},"inLanguage":"pt-BR","potentialAction":[{"@type":"ReadAction","target":["https:\/\/www.estrategiaconcursos.com.br\/blog\/correcao-trt-rj-ajaj-direito-processual-do-trabalho\/"]}]},{"@type":"BreadcrumbList","@id":"https:\/\/www.estrategiaconcursos.com.br\/blog\/correcao-trt-rj-ajaj-direito-processual-do-trabalho\/#breadcrumb","itemListElement":[{"@type":"ListItem","position":1,"name":"In\u00edcio","item":"https:\/\/www.estrategiaconcursos.com.br\/blog\/"},{"@type":"ListItem","position":2,"name":"Corre\u00e7\u00e3o &#8211; TRT\/RJ &#8211; AJAJ &#8211; Direito Processual do Trabalho"}]},{"@type":"WebSite","@id":"https:\/\/www.estrategiaconcursos.com.br\/blog\/#website","url":"https:\/\/www.estrategiaconcursos.com.br\/blog\/","name":"Estrat\u00e9gia Concursos","description":"O blog da Estrat\u00e9gia Concursos traz not\u00edcias sobre concursos e artigos de professores oferecendo cursos para concursos (pdf + videaulas) no site.","publisher":{"@id":"https:\/\/www.estrategiaconcursos.com.br\/blog\/#organization"},"potentialAction":[{"@type":"SearchAction","target":{"@type":"EntryPoint","urlTemplate":"https:\/\/www.estrategiaconcursos.com.br\/blog\/?s={search_term_string}"},"query-input":{"@type":"PropertyValueSpecification","valueRequired":true,"valueName":"search_term_string"}}],"inLanguage":"pt-BR"},{"@type":"Organization","@id":"https:\/\/www.estrategiaconcursos.com.br\/blog\/#organization","name":"Estrat\u00e9gia Concursos","url":"https:\/\/www.estrategiaconcursos.com.br\/blog\/","logo":{"@type":"ImageObject","inLanguage":"pt-BR","@id":"https:\/\/www.estrategiaconcursos.com.br\/blog\/#\/schema\/logo\/image\/","url":"https:\/\/dhg1h5j42swfq.cloudfront.net\/2025\/06\/03203428\/logo_concursos-1.jpg","contentUrl":"https:\/\/dhg1h5j42swfq.cloudfront.net\/2025\/06\/03203428\/logo_concursos-1.jpg","width":230,"height":60,"caption":"Estrat\u00e9gia Concursos"},"image":{"@id":"https:\/\/www.estrategiaconcursos.com.br\/blog\/#\/schema\/logo\/image\/"},"sameAs":["https:\/\/x.com\/EstratConcursos"]},{"@type":"Person","@id":"https:\/\/www.estrategiaconcursos.com.br\/blog\/#\/schema\/person\/e45245f931dbe7daa788a36aeae3db76","name":"Bruno Klippel","image":{"@type":"ImageObject","inLanguage":"pt-BR","@id":"https:\/\/secure.gravatar.com\/avatar\/555136b5a9f57831d9839d55086ed04254bbba23fd861d79951efc1f321b41cf?s=96&d=mm&r=g","url":"https:\/\/secure.gravatar.com\/avatar\/555136b5a9f57831d9839d55086ed04254bbba23fd861d79951efc1f321b41cf?s=96&d=mm&r=g","contentUrl":"https:\/\/secure.gravatar.com\/avatar\/555136b5a9f57831d9839d55086ed04254bbba23fd861d79951efc1f321b41cf?s=96&d=mm&r=g","caption":"Bruno Klippel"},"sameAs":["https:\/\/www.facebook.com\/bruno.klippel","https:\/\/x.com\/https:\/\/twitter.com\/brunoklippel"],"url":"https:\/\/www.estrategiaconcursos.com.br\/blog\/author\/brunoklippelestrategiaconcursos-com-br\/"}]}},"_links":{"self":[{"href":"https:\/\/www.estrategiaconcursos.com.br\/blog\/wp-json\/wp\/v2\/posts\/125493","targetHints":{"allow":["GET"]}}],"collection":[{"href":"https:\/\/www.estrategiaconcursos.com.br\/blog\/wp-json\/wp\/v2\/posts"}],"about":[{"href":"https:\/\/www.estrategiaconcursos.com.br\/blog\/wp-json\/wp\/v2\/types\/post"}],"author":[{"embeddable":true,"href":"https:\/\/www.estrategiaconcursos.com.br\/blog\/wp-json\/wp\/v2\/users\/123"}],"replies":[{"embeddable":true,"href":"https:\/\/www.estrategiaconcursos.com.br\/blog\/wp-json\/wp\/v2\/comments?post=125493"}],"version-history":[{"count":2,"href":"https:\/\/www.estrategiaconcursos.com.br\/blog\/wp-json\/wp\/v2\/posts\/125493\/revisions"}],"predecessor-version":[{"id":125518,"href":"https:\/\/www.estrategiaconcursos.com.br\/blog\/wp-json\/wp\/v2\/posts\/125493\/revisions\/125518"}],"wp:attachment":[{"href":"https:\/\/www.estrategiaconcursos.com.br\/blog\/wp-json\/wp\/v2\/media?parent=125493"}],"wp:term":[{"taxonomy":"category","embeddable":true,"href":"https:\/\/www.estrategiaconcursos.com.br\/blog\/wp-json\/wp\/v2\/categories?post=125493"},{"taxonomy":"post_tag","embeddable":true,"href":"https:\/\/www.estrategiaconcursos.com.br\/blog\/wp-json\/wp\/v2\/tags?post=125493"},{"taxonomy":"tax_estado","embeddable":true,"href":"https:\/\/www.estrategiaconcursos.com.br\/blog\/wp-json\/wp\/v2\/tax_estado?post=125493"}],"curies":[{"name":"wp","href":"https:\/\/api.w.org\/{rel}","templated":true}]}}