{"id":125491,"date":"2018-06-10T19:50:00","date_gmt":"2018-06-10T22:50:00","guid":{"rendered":"https:\/\/www.estrategiaconcursos.com.br\/blog\/?p=125491"},"modified":"2018-06-10T19:50:00","modified_gmt":"2018-06-10T22:50:00","slug":"correcao-trt-rj-tjaa-direito-processual-do-trabalho","status":"publish","type":"post","link":"https:\/\/www.estrategiaconcursos.com.br\/blog\/correcao-trt-rj-tjaa-direito-processual-do-trabalho\/","title":{"rendered":"Corre\u00e7\u00e3o &#8211; TRT\/RJ &#8211; TJAA &#8211; Direito Processual do Trabalho"},"content":{"rendered":"<p style=\"text-align: center\"><strong>Quest\u00f5es TRTRJ \u2013 TJAA \u2013 Direito Processual do Trabalho<\/strong><br \/>\n<strong> Prof. Bruno Klippel e Adriana Lima<\/strong><\/p>\n<p><strong>Prova 4:<\/strong><\/p>\n<p>&nbsp;<\/p>\n<p><strong>Tema: Organiza\u00e7\u00e3o da Justi\u00e7a do Trabalho<\/strong><\/p>\n<p>31. A Justi\u00e7a do Trabalho \u00e9 composta&#8230;.o Conselho Superior da Justi\u00e7a do Trabalho&#8230; compete:<br \/>\na. exercer, na forma da lei, a supervis\u00e3o administrativa, or\u00e7ament\u00e1ria, financeira e patrimonial da Justi\u00e7a do Trabalho de primeiro e segundo graus, como \u00f3rg\u00e3o central do sistema, cujas decis\u00f5es ter\u00e3o efeito vinculante.<br \/>\n<strong>Dispositivo legal: Art. 111-A, \u00a72\u00ba II da CF\/88<\/strong><\/p>\n<p>&nbsp;<\/p>\n<p><strong>Tema: Compet\u00eancia Territorial da Justi\u00e7a do Trabalho<\/strong><\/p>\n<p>50. Jo\u00e3o tem domic\u00edlio na cidade do Rio de Janeiro\/RJ &#8230; informou ao novo empregado que o mesmo iria trabalhar na filial da empresa na cidade de S\u00e3o Jos\u00e9 do Rio Preto\/SP. Nesse seguimento, Jo\u00e3o deve pleitear seus direitos:<br \/>\nd. em S\u00e3o Jos\u00e9 do Rio Preto\/SP, pois \u00e9 o local da presta\u00e7\u00e3o dos servi\u00e7os.<br \/>\n<strong>Dispositivo legal: Art. 651 da CLT<\/strong><\/p>\n<p>&nbsp;<\/p>\n<p><strong>Tema: Execu\u00e7\u00e3o Trabalhista<\/strong><\/p>\n<p>51. Considerando os temas: cita\u00e7\u00e3o, nomea\u00e7\u00e3o de bens, mandado e penhora, &#8230;, assinale a alternativa correta:<br \/>\na. A Consolida\u00e7\u00e3o das Leis Trabalhistas faz men\u00e7\u00e3o expressa sobre o artigo de lei do C\u00f3digo de Processo Civil que traz a ordem preferencial de penhora, tendo como primeira op\u00e7\u00e3o o dinheiro, em esp\u00e9cie ou dep\u00f3sito ou aplica\u00e7\u00e3o em institui\u00e7\u00e3o financeira.<br \/>\n<strong>Dispositivo legal: Art. 882 da CLT, que remete ao art. 835 do CPC.<\/strong><\/p>\n<p>&nbsp;<\/p>\n<p><strong>Tema: Execu\u00e7\u00e3o contra a Fazenda P\u00fablica e massa falida \u2013 PASS\u00cdVEL DE RECURSO E ANULA\u00c7\u00c3O.<\/strong><\/p>\n<p>52. H\u00e1 duas assertivas consideradas INCORRETAS:<br \/>\nc. N\u00e3o \u00e9 permitida a expedi\u00e7\u00e3o de precat\u00f3rios complementares ou suplementares, de acordo como art. 100, \u00a78\u00ba da CF\/88.<br \/>\ne. H\u00e1 a limita\u00e7\u00e3o a 150 sal\u00e1rios m\u00ednimos por empregado, n\u00e3o sendo privilegiado o cr\u00e9dito da totalidade dos sal\u00e1rios, conforme Lei 11.101\/05.<br \/>\nA quest\u00e3o deve ser anulada, pois as assertivas \u201cC\u201d e \u201cE\u201d est\u00e3o incorretas.<\/p>\n<p>&nbsp;<\/p>\n<p><strong>Tema: Compet\u00eancia da Justi\u00e7a do Trabalho<\/strong><br \/>\n53. Tendo como base a estrutura, a organiza\u00e7\u00e3o e a compet\u00eancia (EC 45\/2004) da Justi\u00e7a do Trabalho, assinale a alternativa correta:<br \/>\nd. A lei criar\u00e1 Varas da Justi\u00e7a do Trabalho, podendo, nas comarcas n\u00e3o abrangidas por sua jurisdi\u00e7\u00e3o, atribu\u00ed-la aos ju\u00edzes de direito ,com recurso para o respectivo Tribunal regional do Trabalho.<br \/>\n<strong>Dispositivo legal: Art. 112 da CF\/88.<\/strong><\/p>\n<p>&nbsp;<\/p>\n<p><strong>Tema: Atos e prazos processuais<\/strong><br \/>\n54. Com base nos atos e prazos processuais estabelecidos na Consolida\u00e7\u00e3o das Leis Trabalhistas &#8230; assinale a alternativa correta:<br \/>\nb. Os prazos ser\u00e3o contados em dias \u00fateis, com exclus\u00e3o do dia do come\u00e7o e inclus\u00e3o do dia do vencimento.<br \/>\n<strong>Dispositivo legal: Art. 775 da CLT<\/strong><\/p>\n<p>&nbsp;<\/p>\n<p><strong>Tema: Procedimento Sumar\u00edssimo<\/strong><br \/>\n55. Carolina ingressou com a\u00e7\u00e3o em face da empresa&#8230;.que totalizou R$28.000,00 (vinte e oito mil reais). Com base nos dados ora apresentados, assinale a alternativa correta, que contenha o procedimento a ser seguido, a caracter\u00edstica da audi\u00eancia e as peculiaridades sobre as testemunhas, respectivamente:<br \/>\nd. Sumar\u00edssimo, a audi\u00eancia agendada ser\u00e1 \u00fanica e as partes poder\u00e3o comparecer com at\u00e9 no m\u00e1ximo de duas testemunhas cada, independentemente de intima\u00e7\u00e3o.<br \/>\n<strong>Dispositivo legal: Art. 852-A, D e H da CLT.<\/strong><\/p>\n<p>&nbsp;<\/p>\n<p><strong>Tema: Audi\u00eancia<\/strong><br \/>\n56. O Juiz da Vara do Trabalho do Rio de Janeiro agendou uma audi\u00eancia para o dia 11 de abril de 2018, \u00e0s 15h30. &#8230; O juiz, por sua vez, somente chegou \u00e0 audi\u00eancia na referida data \u00e0s 16h. Assinale a alternativa que apresenta como as partes devem proceder nessa situa\u00e7\u00e3o:<br \/>\nd. Se o Juiz n\u00e3o houver comparecido at\u00e9 15 minutos ap\u00f3s a hora marcada, os presentes poder\u00e3o retirar-se, devendo o ocorrido constar do livro de registro das audi\u00eancias.<br \/>\n<strong>Dispositivo legal: Art. 815 da CLT<\/strong><\/p>\n<p>&nbsp;<\/p>\n<p><strong>Tema: Recursos Trabalhistas<\/strong><br \/>\n57. Arthur ingressou com reclama\u00e7\u00e3o trabalhista no dia 10 de outubro de 2017, em face da empresa &#8230; e obteve senten\u00e7a favor\u00e1vel aos seus pleitos&#8230; Contudo, a reclamada encontra-se insatisfeita com a senten\u00e7a prolatada, pois acredita n\u00e3o possuir d\u00e9bito algum com o reclamante e intenciona, atrav\u00e9s do recurso cab\u00edvel,pleitear a efetiva\u00e7\u00e3o dos seus direitos. Dessa forma, assinale a alternativa que demonstra qual \u00e9 o recurso e o prazo adequados \u00e0s inten\u00e7\u00f5es da reclamada:<br \/>\ne. Recurso ordin\u00e1rio no prazo de 8 (oito) dias.<br \/>\n<strong>Dispositivo legal: Art. 895, I da CLT<\/strong><\/p>\n<p>Forte abra\u00e7o !!<\/p>\n<p><strong>Prof. Bruno Klippel<\/strong><br \/>\n<strong> Profa. Adriana Lima<\/strong><\/p>\n","protected":false},"excerpt":{"rendered":"<p>Quest\u00f5es TRTRJ \u2013 TJAA \u2013 Direito Processual do Trabalho Prof. Bruno Klippel e Adriana Lima Prova 4: &nbsp; Tema: Organiza\u00e7\u00e3o da Justi\u00e7a do Trabalho 31. A Justi\u00e7a do Trabalho \u00e9 composta&#8230;.o Conselho Superior da Justi\u00e7a do Trabalho&#8230; compete: a. exercer, na forma da lei, a supervis\u00e3o administrativa, or\u00e7ament\u00e1ria, financeira e patrimonial da Justi\u00e7a do Trabalho [&hellip;]<\/p>\n","protected":false},"author":123,"featured_media":0,"comment_status":"open","ping_status":"closed","sticky":false,"template":"","format":"standard","meta":{"post_tipo":"article","footnotes":""},"categories":[1],"tags":[],"tax_estado":[],"class_list":["post-125491","post","type-post","status-publish","format-standard","hentry","category-cursos-e-concursos"],"acf":[],"yoast_head":"<!-- This site is optimized with the Yoast SEO Premium plugin v27.2 (Yoast SEO v27.2) - https:\/\/yoast.com\/product\/yoast-seo-premium-wordpress\/ -->\n<title>Corre\u00e7\u00e3o - TRT\/RJ - TJAA - Direito Processual do Trabalho<\/title>\n<meta name=\"robots\" content=\"index, follow, max-snippet:-1, max-image-preview:large, max-video-preview:-1\" \/>\n<link rel=\"canonical\" href=\"https:\/\/www.estrategiaconcursos.com.br\/blog\/correcao-trt-rj-tjaa-direito-processual-do-trabalho\/\" \/>\n<meta property=\"og:locale\" content=\"pt_BR\" \/>\n<meta property=\"og:type\" content=\"article\" \/>\n<meta property=\"og:title\" content=\"Corre\u00e7\u00e3o - TRT\/RJ - TJAA - Direito Processual do Trabalho\" \/>\n<meta property=\"og:description\" content=\"Quest\u00f5es TRTRJ \u2013 TJAA \u2013 Direito Processual do Trabalho Prof. Bruno Klippel e Adriana Lima Prova 4: &nbsp; Tema: Organiza\u00e7\u00e3o da Justi\u00e7a do Trabalho 31. A Justi\u00e7a do Trabalho \u00e9 composta&#8230;.o Conselho Superior da Justi\u00e7a do Trabalho&#8230; compete: a. exercer, na forma da lei, a supervis\u00e3o administrativa, or\u00e7ament\u00e1ria, financeira e patrimonial da Justi\u00e7a do Trabalho [&hellip;]\" \/>\n<meta property=\"og:url\" content=\"https:\/\/www.estrategiaconcursos.com.br\/blog\/correcao-trt-rj-tjaa-direito-processual-do-trabalho\/\" \/>\n<meta property=\"og:site_name\" content=\"Estrat\u00e9gia Concursos\" \/>\n<meta property=\"article:author\" content=\"https:\/\/www.facebook.com\/bruno.klippel\" \/>\n<meta property=\"article:published_time\" content=\"2018-06-10T22:50:00+00:00\" \/>\n<meta name=\"author\" content=\"Bruno Klippel\" \/>\n<meta name=\"twitter:card\" content=\"summary_large_image\" \/>\n<meta name=\"twitter:creator\" content=\"@https:\/\/twitter.com\/brunoklippel\" \/>\n<meta name=\"twitter:site\" content=\"@EstratConcursos\" \/>\n<meta name=\"twitter:label1\" content=\"Escrito por\" \/>\n\t<meta name=\"twitter:data1\" content=\"Bruno Klippel\" \/>\n\t<meta name=\"twitter:label2\" content=\"Est. tempo de leitura\" \/>\n\t<meta name=\"twitter:data2\" content=\"4 minutos\" \/>\n<script type=\"application\/ld+json\" class=\"yoast-schema-graph\">{\"@context\":\"https:\/\/schema.org\",\"@graph\":[{\"@type\":\"NewsArticle\",\"@id\":\"https:\/\/www.estrategiaconcursos.com.br\/blog\/correcao-trt-rj-tjaa-direito-processual-do-trabalho\/#article\",\"isPartOf\":{\"@id\":\"https:\/\/www.estrategiaconcursos.com.br\/blog\/correcao-trt-rj-tjaa-direito-processual-do-trabalho\/\"},\"author\":{\"name\":\"Bruno Klippel\",\"@id\":\"https:\/\/www.estrategiaconcursos.com.br\/blog\/#\/schema\/person\/e45245f931dbe7daa788a36aeae3db76\"},\"headline\":\"Corre\u00e7\u00e3o &#8211; TRT\/RJ &#8211; TJAA &#8211; Direito Processual do Trabalho\",\"datePublished\":\"2018-06-10T22:50:00+00:00\",\"mainEntityOfPage\":{\"@id\":\"https:\/\/www.estrategiaconcursos.com.br\/blog\/correcao-trt-rj-tjaa-direito-processual-do-trabalho\/\"},\"wordCount\":748,\"commentCount\":4,\"publisher\":{\"@id\":\"https:\/\/www.estrategiaconcursos.com.br\/blog\/#organization\"},\"articleSection\":[\"Concursos P\u00fablicos\"],\"inLanguage\":\"pt-BR\",\"potentialAction\":[{\"@type\":\"CommentAction\",\"name\":\"Comment\",\"target\":[\"https:\/\/www.estrategiaconcursos.com.br\/blog\/correcao-trt-rj-tjaa-direito-processual-do-trabalho\/#respond\"]}],\"copyrightYear\":\"2018\",\"copyrightHolder\":{\"@id\":\"https:\/\/www.estrategiaconcursos.com.br\/blog\/#organization\"}},{\"@type\":\"WebPage\",\"@id\":\"https:\/\/www.estrategiaconcursos.com.br\/blog\/correcao-trt-rj-tjaa-direito-processual-do-trabalho\/\",\"url\":\"https:\/\/www.estrategiaconcursos.com.br\/blog\/correcao-trt-rj-tjaa-direito-processual-do-trabalho\/\",\"name\":\"Corre\u00e7\u00e3o - TRT\/RJ - TJAA - Direito Processual do Trabalho\",\"isPartOf\":{\"@id\":\"https:\/\/www.estrategiaconcursos.com.br\/blog\/#website\"},\"datePublished\":\"2018-06-10T22:50:00+00:00\",\"breadcrumb\":{\"@id\":\"https:\/\/www.estrategiaconcursos.com.br\/blog\/correcao-trt-rj-tjaa-direito-processual-do-trabalho\/#breadcrumb\"},\"inLanguage\":\"pt-BR\",\"potentialAction\":[{\"@type\":\"ReadAction\",\"target\":[\"https:\/\/www.estrategiaconcursos.com.br\/blog\/correcao-trt-rj-tjaa-direito-processual-do-trabalho\/\"]}]},{\"@type\":\"BreadcrumbList\",\"@id\":\"https:\/\/www.estrategiaconcursos.com.br\/blog\/correcao-trt-rj-tjaa-direito-processual-do-trabalho\/#breadcrumb\",\"itemListElement\":[{\"@type\":\"ListItem\",\"position\":1,\"name\":\"In\u00edcio\",\"item\":\"https:\/\/www.estrategiaconcursos.com.br\/blog\/\"},{\"@type\":\"ListItem\",\"position\":2,\"name\":\"Corre\u00e7\u00e3o &#8211; TRT\/RJ &#8211; TJAA &#8211; Direito Processual do Trabalho\"}]},{\"@type\":\"WebSite\",\"@id\":\"https:\/\/www.estrategiaconcursos.com.br\/blog\/#website\",\"url\":\"https:\/\/www.estrategiaconcursos.com.br\/blog\/\",\"name\":\"Estrat\u00e9gia Concursos\",\"description\":\"O blog da Estrat\u00e9gia Concursos traz not\u00edcias sobre concursos e artigos de professores oferecendo cursos para concursos (pdf + videaulas) no site.\",\"publisher\":{\"@id\":\"https:\/\/www.estrategiaconcursos.com.br\/blog\/#organization\"},\"potentialAction\":[{\"@type\":\"SearchAction\",\"target\":{\"@type\":\"EntryPoint\",\"urlTemplate\":\"https:\/\/www.estrategiaconcursos.com.br\/blog\/?s={search_term_string}\"},\"query-input\":{\"@type\":\"PropertyValueSpecification\",\"valueRequired\":true,\"valueName\":\"search_term_string\"}}],\"inLanguage\":\"pt-BR\"},{\"@type\":\"Organization\",\"@id\":\"https:\/\/www.estrategiaconcursos.com.br\/blog\/#organization\",\"name\":\"Estrat\u00e9gia Concursos\",\"url\":\"https:\/\/www.estrategiaconcursos.com.br\/blog\/\",\"logo\":{\"@type\":\"ImageObject\",\"inLanguage\":\"pt-BR\",\"@id\":\"https:\/\/www.estrategiaconcursos.com.br\/blog\/#\/schema\/logo\/image\/\",\"url\":\"https:\/\/dhg1h5j42swfq.cloudfront.net\/2025\/06\/03203428\/logo_concursos-1.jpg\",\"contentUrl\":\"https:\/\/dhg1h5j42swfq.cloudfront.net\/2025\/06\/03203428\/logo_concursos-1.jpg\",\"width\":230,\"height\":60,\"caption\":\"Estrat\u00e9gia Concursos\"},\"image\":{\"@id\":\"https:\/\/www.estrategiaconcursos.com.br\/blog\/#\/schema\/logo\/image\/\"},\"sameAs\":[\"https:\/\/x.com\/EstratConcursos\"]},{\"@type\":\"Person\",\"@id\":\"https:\/\/www.estrategiaconcursos.com.br\/blog\/#\/schema\/person\/e45245f931dbe7daa788a36aeae3db76\",\"name\":\"Bruno Klippel\",\"image\":{\"@type\":\"ImageObject\",\"inLanguage\":\"pt-BR\",\"@id\":\"https:\/\/secure.gravatar.com\/avatar\/555136b5a9f57831d9839d55086ed04254bbba23fd861d79951efc1f321b41cf?s=96&d=mm&r=g\",\"url\":\"https:\/\/secure.gravatar.com\/avatar\/555136b5a9f57831d9839d55086ed04254bbba23fd861d79951efc1f321b41cf?s=96&d=mm&r=g\",\"contentUrl\":\"https:\/\/secure.gravatar.com\/avatar\/555136b5a9f57831d9839d55086ed04254bbba23fd861d79951efc1f321b41cf?s=96&d=mm&r=g\",\"caption\":\"Bruno Klippel\"},\"sameAs\":[\"https:\/\/www.facebook.com\/bruno.klippel\",\"https:\/\/x.com\/https:\/\/twitter.com\/brunoklippel\"],\"url\":\"https:\/\/www.estrategiaconcursos.com.br\/blog\/author\/brunoklippelestrategiaconcursos-com-br\/\"}]}<\/script>\n<!-- \/ Yoast SEO Premium plugin. -->","yoast_head_json":{"title":"Corre\u00e7\u00e3o - TRT\/RJ - TJAA - Direito Processual do Trabalho","robots":{"index":"index","follow":"follow","max-snippet":"max-snippet:-1","max-image-preview":"max-image-preview:large","max-video-preview":"max-video-preview:-1"},"canonical":"https:\/\/www.estrategiaconcursos.com.br\/blog\/correcao-trt-rj-tjaa-direito-processual-do-trabalho\/","og_locale":"pt_BR","og_type":"article","og_title":"Corre\u00e7\u00e3o - TRT\/RJ - TJAA - Direito Processual do Trabalho","og_description":"Quest\u00f5es TRTRJ \u2013 TJAA \u2013 Direito Processual do Trabalho Prof. Bruno Klippel e Adriana Lima Prova 4: &nbsp; Tema: Organiza\u00e7\u00e3o da Justi\u00e7a do Trabalho 31. A Justi\u00e7a do Trabalho \u00e9 composta&#8230;.o Conselho Superior da Justi\u00e7a do Trabalho&#8230; compete: a. exercer, na forma da lei, a supervis\u00e3o administrativa, or\u00e7ament\u00e1ria, financeira e patrimonial da Justi\u00e7a do Trabalho [&hellip;]","og_url":"https:\/\/www.estrategiaconcursos.com.br\/blog\/correcao-trt-rj-tjaa-direito-processual-do-trabalho\/","og_site_name":"Estrat\u00e9gia Concursos","article_author":"https:\/\/www.facebook.com\/bruno.klippel","article_published_time":"2018-06-10T22:50:00+00:00","author":"Bruno Klippel","twitter_card":"summary_large_image","twitter_creator":"@https:\/\/twitter.com\/brunoklippel","twitter_site":"@EstratConcursos","twitter_misc":{"Escrito por":"Bruno Klippel","Est. tempo de leitura":"4 minutos"},"schema":{"@context":"https:\/\/schema.org","@graph":[{"@type":"NewsArticle","@id":"https:\/\/www.estrategiaconcursos.com.br\/blog\/correcao-trt-rj-tjaa-direito-processual-do-trabalho\/#article","isPartOf":{"@id":"https:\/\/www.estrategiaconcursos.com.br\/blog\/correcao-trt-rj-tjaa-direito-processual-do-trabalho\/"},"author":{"name":"Bruno Klippel","@id":"https:\/\/www.estrategiaconcursos.com.br\/blog\/#\/schema\/person\/e45245f931dbe7daa788a36aeae3db76"},"headline":"Corre\u00e7\u00e3o &#8211; TRT\/RJ &#8211; TJAA &#8211; Direito Processual do Trabalho","datePublished":"2018-06-10T22:50:00+00:00","mainEntityOfPage":{"@id":"https:\/\/www.estrategiaconcursos.com.br\/blog\/correcao-trt-rj-tjaa-direito-processual-do-trabalho\/"},"wordCount":748,"commentCount":4,"publisher":{"@id":"https:\/\/www.estrategiaconcursos.com.br\/blog\/#organization"},"articleSection":["Concursos P\u00fablicos"],"inLanguage":"pt-BR","potentialAction":[{"@type":"CommentAction","name":"Comment","target":["https:\/\/www.estrategiaconcursos.com.br\/blog\/correcao-trt-rj-tjaa-direito-processual-do-trabalho\/#respond"]}],"copyrightYear":"2018","copyrightHolder":{"@id":"https:\/\/www.estrategiaconcursos.com.br\/blog\/#organization"}},{"@type":"WebPage","@id":"https:\/\/www.estrategiaconcursos.com.br\/blog\/correcao-trt-rj-tjaa-direito-processual-do-trabalho\/","url":"https:\/\/www.estrategiaconcursos.com.br\/blog\/correcao-trt-rj-tjaa-direito-processual-do-trabalho\/","name":"Corre\u00e7\u00e3o - TRT\/RJ - TJAA - Direito Processual do Trabalho","isPartOf":{"@id":"https:\/\/www.estrategiaconcursos.com.br\/blog\/#website"},"datePublished":"2018-06-10T22:50:00+00:00","breadcrumb":{"@id":"https:\/\/www.estrategiaconcursos.com.br\/blog\/correcao-trt-rj-tjaa-direito-processual-do-trabalho\/#breadcrumb"},"inLanguage":"pt-BR","potentialAction":[{"@type":"ReadAction","target":["https:\/\/www.estrategiaconcursos.com.br\/blog\/correcao-trt-rj-tjaa-direito-processual-do-trabalho\/"]}]},{"@type":"BreadcrumbList","@id":"https:\/\/www.estrategiaconcursos.com.br\/blog\/correcao-trt-rj-tjaa-direito-processual-do-trabalho\/#breadcrumb","itemListElement":[{"@type":"ListItem","position":1,"name":"In\u00edcio","item":"https:\/\/www.estrategiaconcursos.com.br\/blog\/"},{"@type":"ListItem","position":2,"name":"Corre\u00e7\u00e3o &#8211; TRT\/RJ &#8211; TJAA &#8211; Direito Processual do Trabalho"}]},{"@type":"WebSite","@id":"https:\/\/www.estrategiaconcursos.com.br\/blog\/#website","url":"https:\/\/www.estrategiaconcursos.com.br\/blog\/","name":"Estrat\u00e9gia Concursos","description":"O blog da Estrat\u00e9gia Concursos traz not\u00edcias sobre concursos e artigos de professores oferecendo cursos para concursos (pdf + videaulas) no site.","publisher":{"@id":"https:\/\/www.estrategiaconcursos.com.br\/blog\/#organization"},"potentialAction":[{"@type":"SearchAction","target":{"@type":"EntryPoint","urlTemplate":"https:\/\/www.estrategiaconcursos.com.br\/blog\/?s={search_term_string}"},"query-input":{"@type":"PropertyValueSpecification","valueRequired":true,"valueName":"search_term_string"}}],"inLanguage":"pt-BR"},{"@type":"Organization","@id":"https:\/\/www.estrategiaconcursos.com.br\/blog\/#organization","name":"Estrat\u00e9gia Concursos","url":"https:\/\/www.estrategiaconcursos.com.br\/blog\/","logo":{"@type":"ImageObject","inLanguage":"pt-BR","@id":"https:\/\/www.estrategiaconcursos.com.br\/blog\/#\/schema\/logo\/image\/","url":"https:\/\/dhg1h5j42swfq.cloudfront.net\/2025\/06\/03203428\/logo_concursos-1.jpg","contentUrl":"https:\/\/dhg1h5j42swfq.cloudfront.net\/2025\/06\/03203428\/logo_concursos-1.jpg","width":230,"height":60,"caption":"Estrat\u00e9gia Concursos"},"image":{"@id":"https:\/\/www.estrategiaconcursos.com.br\/blog\/#\/schema\/logo\/image\/"},"sameAs":["https:\/\/x.com\/EstratConcursos"]},{"@type":"Person","@id":"https:\/\/www.estrategiaconcursos.com.br\/blog\/#\/schema\/person\/e45245f931dbe7daa788a36aeae3db76","name":"Bruno Klippel","image":{"@type":"ImageObject","inLanguage":"pt-BR","@id":"https:\/\/secure.gravatar.com\/avatar\/555136b5a9f57831d9839d55086ed04254bbba23fd861d79951efc1f321b41cf?s=96&d=mm&r=g","url":"https:\/\/secure.gravatar.com\/avatar\/555136b5a9f57831d9839d55086ed04254bbba23fd861d79951efc1f321b41cf?s=96&d=mm&r=g","contentUrl":"https:\/\/secure.gravatar.com\/avatar\/555136b5a9f57831d9839d55086ed04254bbba23fd861d79951efc1f321b41cf?s=96&d=mm&r=g","caption":"Bruno Klippel"},"sameAs":["https:\/\/www.facebook.com\/bruno.klippel","https:\/\/x.com\/https:\/\/twitter.com\/brunoklippel"],"url":"https:\/\/www.estrategiaconcursos.com.br\/blog\/author\/brunoklippelestrategiaconcursos-com-br\/"}]}},"_links":{"self":[{"href":"https:\/\/www.estrategiaconcursos.com.br\/blog\/wp-json\/wp\/v2\/posts\/125491","targetHints":{"allow":["GET"]}}],"collection":[{"href":"https:\/\/www.estrategiaconcursos.com.br\/blog\/wp-json\/wp\/v2\/posts"}],"about":[{"href":"https:\/\/www.estrategiaconcursos.com.br\/blog\/wp-json\/wp\/v2\/types\/post"}],"author":[{"embeddable":true,"href":"https:\/\/www.estrategiaconcursos.com.br\/blog\/wp-json\/wp\/v2\/users\/123"}],"replies":[{"embeddable":true,"href":"https:\/\/www.estrategiaconcursos.com.br\/blog\/wp-json\/wp\/v2\/comments?post=125491"}],"version-history":[{"count":2,"href":"https:\/\/www.estrategiaconcursos.com.br\/blog\/wp-json\/wp\/v2\/posts\/125491\/revisions"}],"predecessor-version":[{"id":125495,"href":"https:\/\/www.estrategiaconcursos.com.br\/blog\/wp-json\/wp\/v2\/posts\/125491\/revisions\/125495"}],"wp:attachment":[{"href":"https:\/\/www.estrategiaconcursos.com.br\/blog\/wp-json\/wp\/v2\/media?parent=125491"}],"wp:term":[{"taxonomy":"category","embeddable":true,"href":"https:\/\/www.estrategiaconcursos.com.br\/blog\/wp-json\/wp\/v2\/categories?post=125491"},{"taxonomy":"post_tag","embeddable":true,"href":"https:\/\/www.estrategiaconcursos.com.br\/blog\/wp-json\/wp\/v2\/tags?post=125491"},{"taxonomy":"tax_estado","embeddable":true,"href":"https:\/\/www.estrategiaconcursos.com.br\/blog\/wp-json\/wp\/v2\/tax_estado?post=125491"}],"curies":[{"name":"wp","href":"https:\/\/api.w.org\/{rel}","templated":true}]}}