{"id":125465,"date":"2018-06-10T16:23:12","date_gmt":"2018-06-10T19:23:12","guid":{"rendered":"https:\/\/www.estrategiaconcursos.com.br\/blog\/?p=125465"},"modified":"2018-06-12T15:05:25","modified_gmt":"2018-06-12T18:05:25","slug":"pessoacomdeficiencia-trt1","status":"publish","type":"post","link":"https:\/\/www.estrategiaconcursos.com.br\/blog\/pessoacomdeficiencia-trt1\/","title":{"rendered":"[GABARITO EXTRAOFICIAL] Direito das Pessoas com Defici\u00eancia TRT1\u00aaR"},"content":{"rendered":"<p>Ol\u00e1 pessoal, neste artigo vamos concentrar a an\u00e1lise das quest\u00f5es aplicadas na prova de Direito das Pessoas com Defici\u00eancia para o TRT da 1\u00aa Regi\u00e3o. Comentamos, por primeiro, a prova de t\u00e9cnico judici\u00e1rio e, assim que tivermos acesso \u00e0 prova de analista, teceremos os coment\u00e1rios.<\/p>\n<p>Antes de falar das quest\u00f5es propriamente ditas, deixo aqui meus contatos:<\/p>\n<p>SITE:\u00a0<a href=\"https:\/\/sites.google.com\/prod\/view\/proftorques\">https:\/\/sites.google.com\/prod\/view\/proftorques<\/a><\/p>\n<p>INSTAGRAM:\u00a0<a href=\"https:\/\/www.instagram.com\/proftorques\/\">https:\/\/www.instagram.com\/proftorques\/<\/a><\/p>\n<p>FACEBOOK:\u00a0<a href=\"https:\/\/www.facebook.com\/dpcparaconcursos\">https:\/\/www.facebook.com\/dpcparaconcursos<\/a><\/p>\n<p>E-MAIL:\u00a0<a href=\"mailto:rst.estrategia@gmail.com\">rst.estrategia@gmail.com<\/a><\/p>\n<p>Vamos l\u00e1&#8230;<\/p>\n<p><strong>Direito das Pessoas com Defici\u00eancia \u2013 TJAA<\/strong><\/p>\n<p>Tivemos uma prova bastante variada e abrangente. Ademais, as quest\u00f5es estavam em um bom n\u00edvel, de modo indicar a necessidade de dar boa atendimento \u00e0 mat\u00e9ria em provas de concurso de tribunais.<\/p>\n<p>Em nosso primeiro contato com a prova, n\u00e3o identificamos possibilidade de recursos. Fico \u00e0 disposi\u00e7\u00e3o nas redes acima, para quaisquer d\u00favidas:<\/p>\n<p>&#8212;<\/p>\n<p><strong>Quest\u00e3o 21 &#8211; (AOCP\/TRT1\u00aaR\/2018) <\/strong>O Decreto n\u00ba 3.298 regulamenta a Pol\u00edtica Nacional de Integra\u00e7\u00e3o da Pessoa portadora de Defici\u00eancia, trazendo diretrizes a serem seguidas na consecu\u00e7\u00e3o desse objetivo. Nesse sentido, assinale a alternativa que N\u00c3O corresponde a uma dessas diretrizes.<\/p>\n<p>a) Estabelecer mecanismos que acelerem e favore\u00e7am a inclus\u00e3o social da pessoa portadora de defici\u00eancia.<\/p>\n<p>b) Garantir o efetivo atendimento das necessidades da pessoa portadora de defici\u00eancia, sempre com o cunho assistencialista.<\/p>\n<p>c) Adotar estrat\u00e9gia de articula\u00e7\u00e3o com \u00f3rg\u00e3os e entidades p\u00fablicos e privados, bem como com organismo internacionais e estrangeiros, para implanta\u00e7\u00e3o da Pol\u00edtica para a integra\u00e7\u00e3o da Pessoa Portara de Defici\u00eancia.<\/p>\n<p>d) Ampliar as alternativas de inser\u00e7\u00e3o econ\u00f4mica da pessoa portadora de defici\u00eancia, proporcionando a ela qualifica\u00e7\u00e3o profissional e incorpora\u00e7\u00e3o no mercado de trabalho.<\/p>\n<p>e) Viabilizar, por interm\u00e9dio de suas entidades representativas, a participa\u00e7\u00e3o da pessoa portadora de defici\u00eancia em todas as fases de implementa\u00e7\u00e3o da Pol\u00edtica Nacional para a Integra\u00e7\u00e3o da Pessoa Portadora de Defici\u00eancia.<\/p>\n<p><strong>Coment\u00e1rios<\/strong><\/p>\n<p>Na quest\u00e3o, temos a cobran\u00e7a do art. 6\u00ba do Decreto 3.298\/1999, que assim disp\u00f5e:<\/p>\n<p><em>Art. 6\u00ba S\u00e3o <strong><u>diretrizes da Pol\u00edtica Nacional para a Integra\u00e7\u00e3o<\/u><\/strong> da Pessoa Portadora de Defici\u00eancia:<\/em><\/p>\n<p><em>I &#8211; estabelecer <strong><u>mecanismos que acelerem e favore\u00e7am a inclus\u00e3o social<\/u><\/strong> da pessoa portadora de defici\u00eancia;<\/em><\/p>\n<p><em>II &#8211; adotar <strong><u>estrat\u00e9gias de articula\u00e7\u00e3o com \u00f3rg\u00e3os e entidades p\u00fablicos e privados<\/u><\/strong>, bem assim com organismos internacionais e estrangeiros para a implanta\u00e7\u00e3o desta Pol\u00edtica;<\/em><\/p>\n<p><em>III &#8211; <strong><u>incluir a pessoa portadora de defici\u00eancia<\/u><\/strong>, respeitadas as suas peculiaridades, <strong><u>em todas as iniciativas governamentais<\/u><\/strong> relacionadas \u00e0 educa\u00e7\u00e3o, \u00e0 sa\u00fade, ao trabalho, \u00e0 edifica\u00e7\u00e3o p\u00fablica, \u00e0 previd\u00eancia social, \u00e0 assist\u00eancia social, ao transporte, \u00e0 habita\u00e7\u00e3o, \u00e0 cultura, ao esporte e ao lazer;<\/em><\/p>\n<p><em>IV &#8211; <strong><u>viabilizar a participa\u00e7\u00e3o da pessoa portadora de defici\u00eancia em todas as fases de implementa\u00e7\u00e3o dessa Pol\u00edtica<\/u><\/strong>, por interm\u00e9dio de suas entidades representativas;<\/em><\/p>\n<p><em>V &#8211; <strong><u>ampliar as alternativas de inser\u00e7\u00e3o econ\u00f4mica da pessoa portadora de defici\u00eancia<\/u><\/strong>, proporcionando a ela <strong><u>qualifica\u00e7\u00e3o profissional<\/u><\/strong> e incorpora\u00e7\u00e3o no mercado de trabalho; e<\/em><\/p>\n<p><em>VI &#8211; <strong><u>garantir o efetivo atendimento das necessidades<\/u><\/strong> da pessoa portadora de defici\u00eancia, sem o <strong><u>cunho assistencialista<\/u><\/strong>.<\/em><\/p>\n<p>Assim:<\/p>\n<p>A alternativa A \u00e9 correta, em face do que prev\u00ea o art. 6\u00ba, I, do Decreto 3.298\/1999.<\/p>\n<p>A <strong><u>alternativa B<\/u><\/strong> est\u00e1 incorreta e \u00e9 o gabarito da quest\u00e3o, pois o art. 6\u00ba, VI, entre as diretrizes da Pol\u00edtica Nacional da Integra\u00e7\u00e3o da Pessoa com Defici\u00eancia, a garantia do efetivo atendimento das necessidades, contudo sem o car\u00e1ter assistencialista.<\/p>\n<p>A alternativa C est\u00e1<\/p>\n<p>correta, em face do que prev\u00ea o art. 6\u00ba, II, do Decreto 3.298\/1999.<\/p>\n<p>A alternativa D tamb\u00e9m est\u00e1 incorreta, pois retrata o inc. V do artigo citado.<\/p>\n<p>Por fim, a alternativa E, tamb\u00e9m correta, retrata o inc. IV.<\/p>\n<p>&#8212;<\/p>\n<p><strong>Quest\u00e3o 22 &#8211; (AOCP\/TRT1\u00aaR\/2018) <\/strong>Joaquim \u00e9 servidor de \u00f3rg\u00e3o do Poder Judici\u00e1rio, e, em raz\u00e3o da defici\u00eancia f\u00edsica, possui hor\u00e1rio especial, nos termos do art. 98, \u00a72\u00ba, da Lei n\u00ba 8.112\/1990. Nesse sentido, de acordo com os ditames da Resolu\u00e7\u00e3o n\u00ba 230\/2916 do CNJ, caso Joaquim queira pleitear fun\u00e7\u00e3o de confian\u00e7a ou cargo em comiss\u00e3o no \u00f3rg\u00e3o do qual \u00e9 servidor,<\/p>\n<p>a) ele poder\u00e1 exercer fun\u00e7\u00e3o de confian\u00e7a ou cargo em comiss\u00e3o, desde que abdique do hor\u00e1rio especial e assim fique em condi\u00e7\u00e3o de igualdade com os demais servidores.<\/p>\n<p>b) ele n\u00e3o poder\u00e1 exercer fun\u00e7\u00e3o de confian\u00e7a devido \u00e0 incompatibilidade destes com o hor\u00e1rio especial.<\/p>\n<p>c) n\u00e3o poder\u00e1 lhe ser negado ou dificultado, colocando-o em situa\u00e7\u00e3o de desigualdade com os demais servidores, o exerc\u00edcio de fun\u00e7\u00e3o de confian\u00e7a ou de cargo em comiss\u00e3o.<\/p>\n<p>d) ele poder\u00e1 exercer cargo em comiss\u00e3o, por\u00e9m n\u00e3o poder\u00e1 exercer fun\u00e7\u00e3o de confian\u00e7a em raz\u00e3o da exig\u00eancia de disponibilidade total de hor\u00e1rio desta.<\/p>\n<p>e) ele poder\u00e1 exercer fun\u00e7\u00e3o de confian\u00e7a ou cargo em comiss\u00e3o, desde que n\u00e3o haja outros servidores interessados que desempenhem suas fun\u00e7\u00f5es em hor\u00e1rio normal.<\/p>\n<p><strong>Coment\u00e1rios <\/strong><\/p>\n<p>A mat\u00e9ria vem disciplinada no art. 32 da Resolu\u00e7\u00e3o CNJ 230\/2016. Essa resolu\u00e7\u00e3o prev\u00ea, em conformidade com a Lei 8.112\/1990 a concess\u00e3o de hor\u00e1rio especial ao servidor com defici\u00eancia. Concedido o benef\u00edcio, questiona-se se poder\u00e1 exercer fun\u00e7\u00e3o de confian\u00e7a ou cargo em comiss\u00e3o.<\/p>\n<p>N\u00e3o permitir seria conduta discriminat\u00f3ria, pois o que determina a escolha da pessoa n\u00e3o \u00e9 o tempo de exerc\u00edcio da fun\u00e7\u00e3o, mas a qualidade do trabalho desempenhado. A ratificar esse entendimento o art. 32, \u00a72\u00ba, da Resolu\u00e7\u00e3o prev\u00ea:<\/p>\n<p><em>\u00a72\u00ba Ao servidor a quem se tenha concedido hor\u00e1rio especial <\/em><strong>N\u00c3O <\/strong><em><u>poder\u00e1 ser negado ou dificultado, colocando-o em situa\u00e7\u00e3o de desigualdade com os demais servidores, o exerc\u00edcio de fun\u00e7\u00e3o de confian\u00e7a ou de cargo em comiss\u00e3o<\/u>.<\/em><\/p>\n<p>Correta, portanto, a <strong><u>alternativa C<\/u><\/strong>, gabarito da quest\u00e3o.<\/p>\n<p>&#8212;<\/p>\n<p><strong>Quest\u00e3o 23 \u2013 (AOCP\/TRT1\u00aaR\/2018)<\/strong> O Artigo 25 da Resolu\u00e7\u00e3o n\u00ba 230\/2016 do CNJ disciplina que, se houver qualquer tipo de estacionamento interno nos \u00f3rg\u00e3os do Poder Judici\u00e1rio, ser\u00e1 garantida ao servidor que possua comprometimento de mobilidade vaga no local mais pr\u00f3ximo ao seu local de trabalho. Nesse sentido, havendo mais servidores com defici\u00eancia lotados no \u00f3rg\u00e3o do judici\u00e1rio do que vagas reservadas para ele, dever-se-\u00e1<\/p>\n<p>a) respeitar o mesmo percentual legal previsto para os estacionamentos externos dos \u00f3rg\u00e3os.<\/p>\n<p>b) determinar que parte dos servidores com comprometimento de mobilidade trabalhem por meio do sistema <em>home office<\/em>.<\/p>\n<p>c) determinar que os servidores com mobilidade comprometida se submetam a uma escala, de modo que parte do tempo de trabalho seja desenvolvido por meio do sistema <em>home office<\/em> e parte de forma presencial em seu \u00f3rg\u00e3o de loca\u00e7\u00e3o, adequando, assim, o n\u00famero de servidores ao de vagas dispon\u00edveis no estacionamento interno.<\/p>\n<p>d) decidir, de maneira fundamentada, qual servidores ter\u00e1 direito a usufruir das vagas internas, podendo se utilizar da antiguidade como um dos crit\u00e9rios de escolha.<\/p>\n<p>e) garantir vaga no estacionamento interno a cada servidor com mobilidade comprometida, independentemente do percentual legal de reserva de vagas previsto para os estacionamentos externos.<\/p>\n<p><strong>Coment\u00e1rios<\/strong><\/p>\n<p>A regra \u00e9 simples!<\/p>\n<p>Estacionamentos para atendimento ao p\u00fablico se submetem \u00e0 regra de 2% ou, pelo menos, uma vaga. Estacionamentos internos dos \u00f3rg\u00e3os do Poder Judici\u00e1rio dever\u00e3o contar tantas vagas reservadas quantos forem os servidores com defici\u00eancia.<\/p>\n<p>Ademais, note o que disciplina o dispositivo abaixo da Resolu\u00e7\u00e3o:<\/p>\n<p><em>Art. 25. Se houver qualquer tipo de <strong><u>estacionamento interno<\/u><\/strong>, ser\u00e1 <u>garantido ao servidor com defici\u00eancia que possua comprometimento de mobilidade vaga no local mais pr\u00f3ximo<\/u> ao seu local de trabalho.<\/em><\/p>\n<p><em>\u00a71\u00ba O <strong><u>percentual<\/u><\/strong> aplic\u00e1vel aos estacionamentos externos a que se referem o art. 4\u00ba, \u00a7 6\u00ba, desta Resolu\u00e7\u00e3o e o art. 47 da Lei 13.146\/2015 <\/em><strong>N\u00c3O \u00c9 APLIC\u00c1VEL AO ESTACIONAMENTO INTERNO DO \u00d3RG\u00c3O, DEVENDO-SE GARANTIR VAGA NO ESTACIONAMENTO INTERNO A CADA SERVIDOR COM MOBILIDADE COMPROMETIDA<\/strong><em>.<\/em><\/p>\n<p><em>\u00a72\u00ba O caminho existente entre a vaga do estacionamento interno e o local de trabalho do servidor com mobilidade comprometida <u>n\u00e3o deve conter qualquer tipo de barreira que impossibilite ou mesmo dificulte o seu acesso<\/u>.<\/em><\/p>\n<p>Logo, a <strong>alternativa E<\/strong> \u00e9 a correta e gabarito da quest\u00e3o.<\/p>\n<p>&#8212;<\/p>\n<p><strong>Quest\u00e3o 24 (AOCP\/TRT1\u00aaR\/2018)<\/strong> Um T\u00e9cnico Judici\u00e1rio, no exerc\u00edcio de suas atividades, pratica discrimina\u00e7\u00e3o contra um colega de servi\u00e7o em raz\u00e3o da sua defici\u00eancia f\u00edsica. Nesse sentido, de acordo com a Lei 13.146\/2015, o T\u00e9cnico Judici\u00e1rio comete crime pun\u00edvel com pena de<\/p>\n<p>a) reclus\u00e3o, de 1 (um) a 3 (tr\u00eas) anos, e multa.<\/p>\n<p>b) reclus\u00e3o, de 2 (dois) a 4 (quatro) anos, e multa.<\/p>\n<p>c) reclus\u00e3o, de 2 (dois) a 8 (oito) anos, e multa.<\/p>\n<p>d) reclus\u00e3o, de 6 (seis) meses a 1 (um) ano, e multa.<\/p>\n<p>e) reclus\u00e3o, de 1 (um) a 4 (quatro) anos, e multa.<\/p>\n<p><strong>Coment\u00e1rios<\/strong><\/p>\n<p>De acordo com o art. 88 do Estatuto, quem praticar, induzir ou incitar a discrimina\u00e7\u00e3o de pessoa em raz\u00e3o de sua defici\u00eancia ser\u00e1 punido com reclus\u00e3o, de 1 a 3 anos, e multa. Logo, a <strong>alternativa A<\/strong> \u00e9 a correta e gabarito da quest\u00e3o.<\/p>\n<p>&#8212;<\/p>\n<p><strong>Quest\u00e3o 25 (AOCP\/TRT1\u00aaR\/2018) <\/strong>O Decreto n\u00ba 5.296\/2004 determina que os \u00f3rg\u00e3os da administra\u00e7\u00e3o p\u00fablica direta, indireta e fundacional, as empresas prestadoras de servi\u00e7os p\u00fablicos e as institui\u00e7\u00f5es financeiras devem dispensar atendimento priorit\u00e1rio \u00e0s pessoas portadoras de defici\u00eancia ou com mobilidade reduzida. Nesse sentido, com base no diploma legal citado, assinale a alternativa correta.<\/p>\n<p>a) Considera-se como defici\u00eancia auditivo apenas os indiv\u00edduos que tenham perda total e bilateral de sua audi\u00e7\u00e3o.<\/p>\n<p>b) O atendimento priorit\u00e1rio dever\u00e1 ser proporcionado, tamb\u00e9m, \u00e0 pessoa que, mesmo sem se enquadrar nos conceitos de defici\u00eancia, esteja, permanentemente ou temporariamente, com mobilidade reduzida.<\/p>\n<p>c) O atendimento \u00e0 pessoa com defici\u00eancia deve ser diferenciado e imediato, entendendo-se por imediato o atendimento realizado antes de qualquer pessoa, inclusive devendo interromper o atendimento que estiver em curso.<\/p>\n<p>d) O atendimento priorit\u00e1rio inclui o atendimento diferenciado, n\u00e3o se enquadrando, nesse \u00faltimo conceito, a disponibiliza\u00e7\u00e3o de int\u00e9rpretes ou pessoas capacidades em L\u00edngua Brasileira de Sinais \u2013 LIBRAS \u2013 \u00e0s pessoas com defici\u00eancia auditiva.<\/p>\n<p>e) O atendimento priorit\u00e1rio se refere apenas \u00e0 capacita\u00e7\u00e3o do pessoal lotado nos \u00f3rg\u00e3os p\u00fablicos, n\u00e3o se incluindo, nesse conceito, as adapta\u00e7\u00f5es necess\u00e1rias dos mobili\u00e1rios das reparti\u00e7\u00f5es p\u00fablicas.<\/p>\n<p><strong>Coment\u00e1rios<\/strong><\/p>\n<p>Incorreta a alternativa A, pois a defici\u00eancia auditiva \u00e9 conceituada como a perda bilateral, total ou parcial, de 41 dB auferida por audiograma nas frequ\u00eancias de 500HZ, 1000HZ, 2000HZ e 3000HZ, conforme art. 5\u00ba, \u00a71\u00ba, c, do Decreto 5.296\/2004. Logo, ainda que a perda deva ser bilateral, n\u00e3o \u00e9 total.<\/p>\n<p>A <strong><u>alternativa B<\/u><\/strong> est\u00e1 correta e \u00e9 o gabarito da quest\u00e3o. O <em>caput<\/em> do art. 5\u00ba do Decreto 5.296\/2004 prev\u00ea expressamente que os \u201c<strong>\u00f3rg\u00e3os<\/strong> da <u>administra\u00e7\u00e3o p\u00fablica direta, indireta e fundacional<\/u>, as <u>empresas prestadoras de servi\u00e7os p\u00fablicos<\/u> e as <u>institui\u00e7\u00f5es financeiras<\/u> dever\u00e3o <strong>dispensar atendimento priorit\u00e1rio<\/strong> \u00e0s pessoas <u>portadoras de defici\u00eancia ou com mobilidade reduzida<\/u>\u201d.<\/p>\n<p>A alternativa C peca pelo exagero. N\u00e3o h\u00e1 interrup\u00e7\u00e3o do atendimento em curso. O art. 6\u00ba, <em>caput<\/em>, prev\u00ea que o atendimento ser\u00e1 imediato. Contudo, ao definir melhor o conceito, o \u00a72\u00ba prev\u00ea que o atendimento ocorrer\u00e1 imediatamente ap\u00f3s a conclus\u00e3o do atendimento em curso.<\/p>\n<p>A alternativa D est\u00e1 incorreta, pois entre as formas de atendimento priorit\u00e1rio, o art. 6\u00ba, III, do Decreto 5.296\/2004, contempla o atendimento diferenciado por interm\u00e9dio do atendimento do deficiente auditivo por interm\u00e9dio de LIBRAS.<\/p>\n<p>A alternativa E, por fim, est\u00e1 incorreta por confrontar o inc. II do art. 6\u00ba do Decreto que prev\u00ea, como forma de tratamento diferenciado, o mobili\u00e1rio adaptado.<\/p>\n<p>&#8212;<\/p>\n<p>\u00c9 isso, espero que tenha ido bem :)<\/p>\n<p>Qualquer d\u00favida nos procure!<\/p>\n<p>At\u00e9 uma pr\u00f3xima,<\/p>\n<p>Prof. Ricardo Torques<\/p>\n<p>SITE:\u00a0<a href=\"https:\/\/sites.google.com\/prod\/view\/proftorques\">https:\/\/sites.google.com\/prod\/view\/proftorques<\/a><\/p>\n<p>INSTAGRAM:\u00a0<a href=\"https:\/\/www.instagram.com\/proftorques\/\">https:\/\/www.instagram.com\/proftorques\/<\/a><\/p>\n<p>FACEBOOK:\u00a0<a href=\"https:\/\/www.facebook.com\/dpcparaconcursos\">https:\/\/www.facebook.com\/dpcparaconcursos<\/a><\/p>\n<p>E-MAIL:\u00a0<a href=\"mailto:rst.estrategia@gmail.com\">rst.estrategia@gmail.com<\/a><\/p>\n<p>&nbsp;<\/p>\n<h1 style=\"text-align: center\">Preencha seu Gabarito TRT RJ<\/h1>\n<p style=\"text-align: center\"><em><strong><a href=\"https:\/\/www.estrategiaconcursos.com.br\/blog\/ranking-trt-rj\/\" target=\"_blank\" rel=\"noopener\"><span style=\"text-decoration: underline;font-size: 18pt\">Ranking TRT RJ<\/span><\/a><\/strong><\/em><\/p>\n<p><a href=\"https:\/\/www.estrategiaconcursos.com.br\/blog\/ranking-trt-rj\/\" target=\"_blank\" rel=\"noopener\"><img loading=\"lazy\" decoding=\"async\" class=\"aligncenter size-large wp-image-125307\" src=\"https:\/\/dhg1h5j42swfq.cloudfront.net\/2018\/06\/08180739\/rankint-trt-rj.jpg\" alt=\"rankint trt rj\" width=\"1024\" height=\"536\" srcset=\"https:\/\/dhg1h5j42swfq.cloudfront.net\/2018\/06\/08180739\/rankint-trt-rj.jpg 1200w, https:\/\/dhg1h5j42swfq.cloudfront.net\/2018\/06\/08180739\/rankint-trt-rj.jpg 300w, https:\/\/dhg1h5j42swfq.cloudfront.net\/2018\/06\/08180739\/rankint-trt-rj.jpg 768w, https:\/\/dhg1h5j42swfq.cloudfront.net\/2018\/06\/08180739\/rankint-trt-rj.jpg 1024w, https:\/\/dhg1h5j42swfq.cloudfront.net\/2018\/06\/08180739\/rankint-trt-rj.jpg 610w\" sizes=\"auto, (max-width: 1024px) 100vw, 1024px\" \/><\/a><\/p>\n","protected":false},"excerpt":{"rendered":"<p>Ol\u00e1 pessoal, neste artigo vamos concentrar a an\u00e1lise das quest\u00f5es aplicadas na prova de Direito das Pessoas com Defici\u00eancia para o TRT da 1\u00aa Regi\u00e3o. Comentamos, por primeiro, a prova de t\u00e9cnico judici\u00e1rio e, assim que tivermos acesso \u00e0 prova de analista, teceremos os coment\u00e1rios. Antes de falar das quest\u00f5es propriamente ditas, deixo aqui meus [&hellip;]<\/p>\n","protected":false},"author":180,"featured_media":0,"comment_status":"open","ping_status":"closed","sticky":false,"template":"","format":"standard","meta":{"post_tipo":"article","footnotes":""},"categories":[1],"tags":[],"tax_estado":[],"class_list":["post-125465","post","type-post","status-publish","format-standard","hentry","category-cursos-e-concursos"],"acf":[],"yoast_head":"<!-- This site is optimized with the Yoast SEO Premium plugin v27.2 (Yoast SEO v27.2) - https:\/\/yoast.com\/product\/yoast-seo-premium-wordpress\/ -->\n<title>[GABARITO EXTRAOFICIAL] Direito das Pessoas com Defici\u00eancia TRT1\u00aaR<\/title>\n<meta name=\"robots\" content=\"index, follow, max-snippet:-1, max-image-preview:large, max-video-preview:-1\" \/>\n<link rel=\"canonical\" href=\"https:\/\/www.estrategiaconcursos.com.br\/blog\/pessoacomdeficiencia-trt1\/\" \/>\n<meta property=\"og:locale\" content=\"pt_BR\" \/>\n<meta property=\"og:type\" content=\"article\" \/>\n<meta property=\"og:title\" content=\"[GABARITO EXTRAOFICIAL] Direito das Pessoas com Defici\u00eancia TRT1\u00aaR\" \/>\n<meta property=\"og:description\" content=\"Ol\u00e1 pessoal, neste artigo vamos concentrar a an\u00e1lise das quest\u00f5es aplicadas na prova de Direito das Pessoas com Defici\u00eancia para o TRT da 1\u00aa Regi\u00e3o. Comentamos, por primeiro, a prova de t\u00e9cnico judici\u00e1rio e, assim que tivermos acesso \u00e0 prova de analista, teceremos os coment\u00e1rios. Antes de falar das quest\u00f5es propriamente ditas, deixo aqui meus [&hellip;]\" \/>\n<meta property=\"og:url\" content=\"https:\/\/www.estrategiaconcursos.com.br\/blog\/pessoacomdeficiencia-trt1\/\" \/>\n<meta property=\"og:site_name\" content=\"Estrat\u00e9gia Concursos\" \/>\n<meta property=\"article:author\" content=\"https:\/\/www.facebook.com\/ricardo.s.torques\" \/>\n<meta property=\"article:published_time\" content=\"2018-06-10T19:23:12+00:00\" \/>\n<meta property=\"article:modified_time\" content=\"2018-06-12T18:05:25+00:00\" \/>\n<meta property=\"og:image\" content=\"https:\/\/www.estrategiaconcursos.com.br\/blog\/wp-content\/uploads\/2018\/06\/rankint-trt-rj-1024x536.jpg\" \/>\n<meta name=\"author\" content=\"Ricardo Torques\" \/>\n<meta name=\"twitter:card\" content=\"summary_large_image\" \/>\n<meta name=\"twitter:creator\" content=\"@EstratConcursos\" \/>\n<meta name=\"twitter:site\" content=\"@EstratConcursos\" \/>\n<meta name=\"twitter:label1\" content=\"Escrito por\" \/>\n\t<meta name=\"twitter:data1\" content=\"Ricardo Torques\" \/>\n\t<meta name=\"twitter:label2\" content=\"Est. tempo de leitura\" \/>\n\t<meta name=\"twitter:data2\" content=\"10 minutos\" \/>\n<script type=\"application\/ld+json\" class=\"yoast-schema-graph\">{\"@context\":\"https:\/\/schema.org\",\"@graph\":[{\"@type\":\"NewsArticle\",\"@id\":\"https:\/\/www.estrategiaconcursos.com.br\/blog\/pessoacomdeficiencia-trt1\/#article\",\"isPartOf\":{\"@id\":\"https:\/\/www.estrategiaconcursos.com.br\/blog\/pessoacomdeficiencia-trt1\/\"},\"author\":{\"name\":\"Ricardo Torques\",\"@id\":\"https:\/\/www.estrategiaconcursos.com.br\/blog\/#\/schema\/person\/aa39cf5ddb518e5bdce27c35788405e2\"},\"headline\":\"[GABARITO EXTRAOFICIAL] Direito das Pessoas com Defici\u00eancia TRT1\u00aaR\",\"datePublished\":\"2018-06-10T19:23:12+00:00\",\"dateModified\":\"2018-06-12T18:05:25+00:00\",\"mainEntityOfPage\":{\"@id\":\"https:\/\/www.estrategiaconcursos.com.br\/blog\/pessoacomdeficiencia-trt1\/\"},\"wordCount\":2045,\"commentCount\":5,\"publisher\":{\"@id\":\"https:\/\/www.estrategiaconcursos.com.br\/blog\/#organization\"},\"image\":{\"@id\":\"https:\/\/www.estrategiaconcursos.com.br\/blog\/pessoacomdeficiencia-trt1\/#primaryimage\"},\"thumbnailUrl\":\"https:\/\/www.estrategiaconcursos.com.br\/blog\/wp-content\/uploads\/2018\/06\/rankint-trt-rj-1024x536.jpg\",\"articleSection\":[\"Concursos P\u00fablicos\"],\"inLanguage\":\"pt-BR\",\"potentialAction\":[{\"@type\":\"CommentAction\",\"name\":\"Comment\",\"target\":[\"https:\/\/www.estrategiaconcursos.com.br\/blog\/pessoacomdeficiencia-trt1\/#respond\"]}],\"copyrightYear\":\"2018\",\"copyrightHolder\":{\"@id\":\"https:\/\/www.estrategiaconcursos.com.br\/blog\/#organization\"}},{\"@type\":\"WebPage\",\"@id\":\"https:\/\/www.estrategiaconcursos.com.br\/blog\/pessoacomdeficiencia-trt1\/\",\"url\":\"https:\/\/www.estrategiaconcursos.com.br\/blog\/pessoacomdeficiencia-trt1\/\",\"name\":\"[GABARITO EXTRAOFICIAL] Direito das Pessoas com Defici\u00eancia TRT1\u00aaR\",\"isPartOf\":{\"@id\":\"https:\/\/www.estrategiaconcursos.com.br\/blog\/#website\"},\"primaryImageOfPage\":{\"@id\":\"https:\/\/www.estrategiaconcursos.com.br\/blog\/pessoacomdeficiencia-trt1\/#primaryimage\"},\"image\":{\"@id\":\"https:\/\/www.estrategiaconcursos.com.br\/blog\/pessoacomdeficiencia-trt1\/#primaryimage\"},\"thumbnailUrl\":\"https:\/\/www.estrategiaconcursos.com.br\/blog\/wp-content\/uploads\/2018\/06\/rankint-trt-rj-1024x536.jpg\",\"datePublished\":\"2018-06-10T19:23:12+00:00\",\"dateModified\":\"2018-06-12T18:05:25+00:00\",\"breadcrumb\":{\"@id\":\"https:\/\/www.estrategiaconcursos.com.br\/blog\/pessoacomdeficiencia-trt1\/#breadcrumb\"},\"inLanguage\":\"pt-BR\",\"potentialAction\":[{\"@type\":\"ReadAction\",\"target\":[\"https:\/\/www.estrategiaconcursos.com.br\/blog\/pessoacomdeficiencia-trt1\/\"]}]},{\"@type\":\"ImageObject\",\"inLanguage\":\"pt-BR\",\"@id\":\"https:\/\/www.estrategiaconcursos.com.br\/blog\/pessoacomdeficiencia-trt1\/#primaryimage\",\"url\":\"https:\/\/dhg1h5j42swfq.cloudfront.net\/2018\/06\/08180739\/rankint-trt-rj.jpg\",\"contentUrl\":\"https:\/\/dhg1h5j42swfq.cloudfront.net\/2018\/06\/08180739\/rankint-trt-rj.jpg\",\"width\":1200,\"height\":628,\"caption\":\"rankint trt rj\"},{\"@type\":\"BreadcrumbList\",\"@id\":\"https:\/\/www.estrategiaconcursos.com.br\/blog\/pessoacomdeficiencia-trt1\/#breadcrumb\",\"itemListElement\":[{\"@type\":\"ListItem\",\"position\":1,\"name\":\"In\u00edcio\",\"item\":\"https:\/\/www.estrategiaconcursos.com.br\/blog\/\"},{\"@type\":\"ListItem\",\"position\":2,\"name\":\"[GABARITO EXTRAOFICIAL] Direito das Pessoas com Defici\u00eancia TRT1\u00aaR\"}]},{\"@type\":\"WebSite\",\"@id\":\"https:\/\/www.estrategiaconcursos.com.br\/blog\/#website\",\"url\":\"https:\/\/www.estrategiaconcursos.com.br\/blog\/\",\"name\":\"Estrat\u00e9gia Concursos\",\"description\":\"O blog da Estrat\u00e9gia Concursos traz not\u00edcias sobre concursos e artigos de professores oferecendo cursos para concursos (pdf + videaulas) no site.\",\"publisher\":{\"@id\":\"https:\/\/www.estrategiaconcursos.com.br\/blog\/#organization\"},\"potentialAction\":[{\"@type\":\"SearchAction\",\"target\":{\"@type\":\"EntryPoint\",\"urlTemplate\":\"https:\/\/www.estrategiaconcursos.com.br\/blog\/?s={search_term_string}\"},\"query-input\":{\"@type\":\"PropertyValueSpecification\",\"valueRequired\":true,\"valueName\":\"search_term_string\"}}],\"inLanguage\":\"pt-BR\"},{\"@type\":\"Organization\",\"@id\":\"https:\/\/www.estrategiaconcursos.com.br\/blog\/#organization\",\"name\":\"Estrat\u00e9gia Concursos\",\"url\":\"https:\/\/www.estrategiaconcursos.com.br\/blog\/\",\"logo\":{\"@type\":\"ImageObject\",\"inLanguage\":\"pt-BR\",\"@id\":\"https:\/\/www.estrategiaconcursos.com.br\/blog\/#\/schema\/logo\/image\/\",\"url\":\"https:\/\/dhg1h5j42swfq.cloudfront.net\/2025\/06\/03203428\/logo_concursos-1.jpg\",\"contentUrl\":\"https:\/\/dhg1h5j42swfq.cloudfront.net\/2025\/06\/03203428\/logo_concursos-1.jpg\",\"width\":230,\"height\":60,\"caption\":\"Estrat\u00e9gia Concursos\"},\"image\":{\"@id\":\"https:\/\/www.estrategiaconcursos.com.br\/blog\/#\/schema\/logo\/image\/\"},\"sameAs\":[\"https:\/\/x.com\/EstratConcursos\"]},{\"@type\":\"Person\",\"@id\":\"https:\/\/www.estrategiaconcursos.com.br\/blog\/#\/schema\/person\/aa39cf5ddb518e5bdce27c35788405e2\",\"name\":\"Ricardo Torques\",\"image\":{\"@type\":\"ImageObject\",\"inLanguage\":\"pt-BR\",\"@id\":\"https:\/\/secure.gravatar.com\/avatar\/ce9ac6c3cff25fe86d15ed568ebc64d1724baf5c0693133bcb1f6073f712f92a?s=96&d=mm&r=g\",\"url\":\"https:\/\/secure.gravatar.com\/avatar\/ce9ac6c3cff25fe86d15ed568ebc64d1724baf5c0693133bcb1f6073f712f92a?s=96&d=mm&r=g\",\"contentUrl\":\"https:\/\/secure.gravatar.com\/avatar\/ce9ac6c3cff25fe86d15ed568ebc64d1724baf5c0693133bcb1f6073f712f92a?s=96&d=mm&r=g\",\"caption\":\"Ricardo Torques\"},\"sameAs\":[\"https:\/\/www.facebook.com\/ricardo.s.torques\"],\"url\":\"https:\/\/www.estrategiaconcursos.com.br\/blog\/author\/ricardotorquesestrategiaconcursos-com-br\/\"}]}<\/script>\n<!-- \/ Yoast SEO Premium plugin. -->","yoast_head_json":{"title":"[GABARITO EXTRAOFICIAL] Direito das Pessoas com Defici\u00eancia TRT1\u00aaR","robots":{"index":"index","follow":"follow","max-snippet":"max-snippet:-1","max-image-preview":"max-image-preview:large","max-video-preview":"max-video-preview:-1"},"canonical":"https:\/\/www.estrategiaconcursos.com.br\/blog\/pessoacomdeficiencia-trt1\/","og_locale":"pt_BR","og_type":"article","og_title":"[GABARITO EXTRAOFICIAL] Direito das Pessoas com Defici\u00eancia TRT1\u00aaR","og_description":"Ol\u00e1 pessoal, neste artigo vamos concentrar a an\u00e1lise das quest\u00f5es aplicadas na prova de Direito das Pessoas com Defici\u00eancia para o TRT da 1\u00aa Regi\u00e3o. Comentamos, por primeiro, a prova de t\u00e9cnico judici\u00e1rio e, assim que tivermos acesso \u00e0 prova de analista, teceremos os coment\u00e1rios. Antes de falar das quest\u00f5es propriamente ditas, deixo aqui meus [&hellip;]","og_url":"https:\/\/www.estrategiaconcursos.com.br\/blog\/pessoacomdeficiencia-trt1\/","og_site_name":"Estrat\u00e9gia Concursos","article_author":"https:\/\/www.facebook.com\/ricardo.s.torques","article_published_time":"2018-06-10T19:23:12+00:00","article_modified_time":"2018-06-12T18:05:25+00:00","og_image":[{"url":"https:\/\/www.estrategiaconcursos.com.br\/blog\/wp-content\/uploads\/2018\/06\/rankint-trt-rj-1024x536.jpg","type":"","width":"","height":""}],"author":"Ricardo Torques","twitter_card":"summary_large_image","twitter_creator":"@EstratConcursos","twitter_site":"@EstratConcursos","twitter_misc":{"Escrito por":"Ricardo Torques","Est. tempo de leitura":"10 minutos"},"schema":{"@context":"https:\/\/schema.org","@graph":[{"@type":"NewsArticle","@id":"https:\/\/www.estrategiaconcursos.com.br\/blog\/pessoacomdeficiencia-trt1\/#article","isPartOf":{"@id":"https:\/\/www.estrategiaconcursos.com.br\/blog\/pessoacomdeficiencia-trt1\/"},"author":{"name":"Ricardo Torques","@id":"https:\/\/www.estrategiaconcursos.com.br\/blog\/#\/schema\/person\/aa39cf5ddb518e5bdce27c35788405e2"},"headline":"[GABARITO EXTRAOFICIAL] Direito das Pessoas com Defici\u00eancia TRT1\u00aaR","datePublished":"2018-06-10T19:23:12+00:00","dateModified":"2018-06-12T18:05:25+00:00","mainEntityOfPage":{"@id":"https:\/\/www.estrategiaconcursos.com.br\/blog\/pessoacomdeficiencia-trt1\/"},"wordCount":2045,"commentCount":5,"publisher":{"@id":"https:\/\/www.estrategiaconcursos.com.br\/blog\/#organization"},"image":{"@id":"https:\/\/www.estrategiaconcursos.com.br\/blog\/pessoacomdeficiencia-trt1\/#primaryimage"},"thumbnailUrl":"https:\/\/www.estrategiaconcursos.com.br\/blog\/wp-content\/uploads\/2018\/06\/rankint-trt-rj-1024x536.jpg","articleSection":["Concursos P\u00fablicos"],"inLanguage":"pt-BR","potentialAction":[{"@type":"CommentAction","name":"Comment","target":["https:\/\/www.estrategiaconcursos.com.br\/blog\/pessoacomdeficiencia-trt1\/#respond"]}],"copyrightYear":"2018","copyrightHolder":{"@id":"https:\/\/www.estrategiaconcursos.com.br\/blog\/#organization"}},{"@type":"WebPage","@id":"https:\/\/www.estrategiaconcursos.com.br\/blog\/pessoacomdeficiencia-trt1\/","url":"https:\/\/www.estrategiaconcursos.com.br\/blog\/pessoacomdeficiencia-trt1\/","name":"[GABARITO EXTRAOFICIAL] Direito das Pessoas com Defici\u00eancia TRT1\u00aaR","isPartOf":{"@id":"https:\/\/www.estrategiaconcursos.com.br\/blog\/#website"},"primaryImageOfPage":{"@id":"https:\/\/www.estrategiaconcursos.com.br\/blog\/pessoacomdeficiencia-trt1\/#primaryimage"},"image":{"@id":"https:\/\/www.estrategiaconcursos.com.br\/blog\/pessoacomdeficiencia-trt1\/#primaryimage"},"thumbnailUrl":"https:\/\/www.estrategiaconcursos.com.br\/blog\/wp-content\/uploads\/2018\/06\/rankint-trt-rj-1024x536.jpg","datePublished":"2018-06-10T19:23:12+00:00","dateModified":"2018-06-12T18:05:25+00:00","breadcrumb":{"@id":"https:\/\/www.estrategiaconcursos.com.br\/blog\/pessoacomdeficiencia-trt1\/#breadcrumb"},"inLanguage":"pt-BR","potentialAction":[{"@type":"ReadAction","target":["https:\/\/www.estrategiaconcursos.com.br\/blog\/pessoacomdeficiencia-trt1\/"]}]},{"@type":"ImageObject","inLanguage":"pt-BR","@id":"https:\/\/www.estrategiaconcursos.com.br\/blog\/pessoacomdeficiencia-trt1\/#primaryimage","url":"https:\/\/dhg1h5j42swfq.cloudfront.net\/2018\/06\/08180739\/rankint-trt-rj.jpg","contentUrl":"https:\/\/dhg1h5j42swfq.cloudfront.net\/2018\/06\/08180739\/rankint-trt-rj.jpg","width":1200,"height":628,"caption":"rankint trt rj"},{"@type":"BreadcrumbList","@id":"https:\/\/www.estrategiaconcursos.com.br\/blog\/pessoacomdeficiencia-trt1\/#breadcrumb","itemListElement":[{"@type":"ListItem","position":1,"name":"In\u00edcio","item":"https:\/\/www.estrategiaconcursos.com.br\/blog\/"},{"@type":"ListItem","position":2,"name":"[GABARITO EXTRAOFICIAL] Direito das Pessoas com Defici\u00eancia TRT1\u00aaR"}]},{"@type":"WebSite","@id":"https:\/\/www.estrategiaconcursos.com.br\/blog\/#website","url":"https:\/\/www.estrategiaconcursos.com.br\/blog\/","name":"Estrat\u00e9gia Concursos","description":"O blog da Estrat\u00e9gia Concursos traz not\u00edcias sobre concursos e artigos de professores oferecendo cursos para concursos (pdf + videaulas) no site.","publisher":{"@id":"https:\/\/www.estrategiaconcursos.com.br\/blog\/#organization"},"potentialAction":[{"@type":"SearchAction","target":{"@type":"EntryPoint","urlTemplate":"https:\/\/www.estrategiaconcursos.com.br\/blog\/?s={search_term_string}"},"query-input":{"@type":"PropertyValueSpecification","valueRequired":true,"valueName":"search_term_string"}}],"inLanguage":"pt-BR"},{"@type":"Organization","@id":"https:\/\/www.estrategiaconcursos.com.br\/blog\/#organization","name":"Estrat\u00e9gia Concursos","url":"https:\/\/www.estrategiaconcursos.com.br\/blog\/","logo":{"@type":"ImageObject","inLanguage":"pt-BR","@id":"https:\/\/www.estrategiaconcursos.com.br\/blog\/#\/schema\/logo\/image\/","url":"https:\/\/dhg1h5j42swfq.cloudfront.net\/2025\/06\/03203428\/logo_concursos-1.jpg","contentUrl":"https:\/\/dhg1h5j42swfq.cloudfront.net\/2025\/06\/03203428\/logo_concursos-1.jpg","width":230,"height":60,"caption":"Estrat\u00e9gia Concursos"},"image":{"@id":"https:\/\/www.estrategiaconcursos.com.br\/blog\/#\/schema\/logo\/image\/"},"sameAs":["https:\/\/x.com\/EstratConcursos"]},{"@type":"Person","@id":"https:\/\/www.estrategiaconcursos.com.br\/blog\/#\/schema\/person\/aa39cf5ddb518e5bdce27c35788405e2","name":"Ricardo Torques","image":{"@type":"ImageObject","inLanguage":"pt-BR","@id":"https:\/\/secure.gravatar.com\/avatar\/ce9ac6c3cff25fe86d15ed568ebc64d1724baf5c0693133bcb1f6073f712f92a?s=96&d=mm&r=g","url":"https:\/\/secure.gravatar.com\/avatar\/ce9ac6c3cff25fe86d15ed568ebc64d1724baf5c0693133bcb1f6073f712f92a?s=96&d=mm&r=g","contentUrl":"https:\/\/secure.gravatar.com\/avatar\/ce9ac6c3cff25fe86d15ed568ebc64d1724baf5c0693133bcb1f6073f712f92a?s=96&d=mm&r=g","caption":"Ricardo Torques"},"sameAs":["https:\/\/www.facebook.com\/ricardo.s.torques"],"url":"https:\/\/www.estrategiaconcursos.com.br\/blog\/author\/ricardotorquesestrategiaconcursos-com-br\/"}]}},"_links":{"self":[{"href":"https:\/\/www.estrategiaconcursos.com.br\/blog\/wp-json\/wp\/v2\/posts\/125465","targetHints":{"allow":["GET"]}}],"collection":[{"href":"https:\/\/www.estrategiaconcursos.com.br\/blog\/wp-json\/wp\/v2\/posts"}],"about":[{"href":"https:\/\/www.estrategiaconcursos.com.br\/blog\/wp-json\/wp\/v2\/types\/post"}],"author":[{"embeddable":true,"href":"https:\/\/www.estrategiaconcursos.com.br\/blog\/wp-json\/wp\/v2\/users\/180"}],"replies":[{"embeddable":true,"href":"https:\/\/www.estrategiaconcursos.com.br\/blog\/wp-json\/wp\/v2\/comments?post=125465"}],"version-history":[{"count":4,"href":"https:\/\/www.estrategiaconcursos.com.br\/blog\/wp-json\/wp\/v2\/posts\/125465\/revisions"}],"predecessor-version":[{"id":126086,"href":"https:\/\/www.estrategiaconcursos.com.br\/blog\/wp-json\/wp\/v2\/posts\/125465\/revisions\/126086"}],"wp:attachment":[{"href":"https:\/\/www.estrategiaconcursos.com.br\/blog\/wp-json\/wp\/v2\/media?parent=125465"}],"wp:term":[{"taxonomy":"category","embeddable":true,"href":"https:\/\/www.estrategiaconcursos.com.br\/blog\/wp-json\/wp\/v2\/categories?post=125465"},{"taxonomy":"post_tag","embeddable":true,"href":"https:\/\/www.estrategiaconcursos.com.br\/blog\/wp-json\/wp\/v2\/tags?post=125465"},{"taxonomy":"tax_estado","embeddable":true,"href":"https:\/\/www.estrategiaconcursos.com.br\/blog\/wp-json\/wp\/v2\/tax_estado?post=125465"}],"curies":[{"name":"wp","href":"https:\/\/api.w.org\/{rel}","templated":true}]}}