{"id":1254314,"date":"2025-10-10T14:04:00","date_gmt":"2025-10-10T17:04:00","guid":{"rendered":"https:\/\/www.estrategiaconcursos.com.br\/blog\/?p=1254314"},"modified":"2025-10-10T14:04:14","modified_gmt":"2025-10-10T17:04:14","slug":"concurso-sao-jose-dos-campos-saude-sp","status":"publish","type":"post","link":"https:\/\/www.estrategiaconcursos.com.br\/blog\/concurso-sao-jose-dos-campos-saude-sp\/","title":{"rendered":"Concurso S\u00e3o Jos\u00e9 dos Campos Sa\u00fade: veja os resultados"},"content":{"rendered":"\n<p class=\"has-medium-font-size\"><strong><em>Edital do concurso S\u00e3o Jos\u00e9 dos Campos Sa\u00fade oferece vagas para <strong>Assistente T\u00e9cnico em Sa\u00fade, Analista em Sa\u00fade e Analista em Gest\u00e3o Municipal<\/strong><\/em><\/strong><\/p>\n\n\n\n<p>Foram divulgados os resultados preliminares das provas objetivas do <strong>concurso S\u00e3o Jos\u00e9 dos Campos Sa\u00fade<\/strong>, prefeitura localizada no estado de S\u00e3o Paulo.<\/p>\n\n\n\n<ul class=\"wp-block-list\">\n<li><a href=\"https:\/\/dhg1h5j42swfq.cloudfront.net\/2025\/10\/10140055\/631_sjc-resultado-preliminar-prova-objetiva-2025-09-26.pdf\" target=\"_blank\" rel=\"noreferrer noopener nofollow\">Confira os resultados preliminares<\/a><\/li>\n<\/ul>\n\n\n\n<p>S\u00e3o ofertadas sete vagas imediatas para os cargos de <strong>Assistente T\u00e9cnico em Sa\u00fade, Analista em Sa\u00fade e Analista em Gest\u00e3o Municipal<\/strong>, distribu\u00eddas em diferentes especialidades de n\u00edveis t\u00e9cnico e superior. Os sal\u00e1rios variam de R$ 1.744,61 a R$ 4.938,53 + adicionais.<\/p>\n\n\n\n<ul class=\"wp-block-list has-very-light-gray-to-cyan-bluish-gray-gradient-background has-background\">\n<li><strong>S\u00e3o Jos\u00e9 dos Campos Sa\u00fade<\/strong><\/li>\n\n\n\n<li><strong>Situa\u00e7\u00e3o<\/strong>: resultados divulgados<\/li>\n\n\n\n<li><strong>Banca:<\/strong> <a href=\"https:\/\/conhecimento.fgv.br\/concursos\/concursoprefsjc2025ed1\" target=\"_blank\" rel=\"noreferrer noopener\">FGV<\/a><\/li>\n\n\n\n<li><strong>Vagas:<\/strong> 07<\/li>\n\n\n\n<li><strong>Sal\u00e1rio inicial:<\/strong> R$ 1.744,61 a R$ 4.938,53 + adicionais<\/li>\n\n\n\n<li><strong>Edital:<\/strong> <a href=\"https:\/\/dhg1h5j42swfq.cloudfront.net\/2025\/05\/05164628\/edital-cargos-administrativos-e-saude-pref-sjc-05-05-25.pdf\" target=\"_blank\" rel=\"noreferrer noopener nofollow\">Pref. S\u00e3o Jos\u00e9 dos Campos 2025<\/a><\/li>\n<\/ul>\n\n\n\n<p>A fim de te deixar sempre bem informado, elaboramos este artigo com as principais informa\u00e7\u00f5es e novidades sobre o concurso. Acompanhe os t\u00f3picos abaixo e n\u00e3o perca nenhum detalhe:<\/p>\n\n\n\n<ul id=\"indice\" class=\"wp-block-list\">\n<li><a href=\"#novo-concurso\">Novo concurso<\/a>\n<ul class=\"wp-block-list\">\n<li><a href=\"#cargos-vagas\">Cargos e vagas<\/a><\/li>\n\n\n\n<li><a href=\"#inscritos\">Inscritos<\/a><\/li>\n\n\n\n<li><a href=\"#etapas\">Etapas e provas<\/a><\/li>\n<\/ul>\n<\/li>\n\n\n\n<li><a href=\"#ultimo\">\u00daltimo concurso<\/a>\n<ul class=\"wp-block-list\">\n<li><a href=\"#cargos\">Cargos e vagas<\/a><\/li>\n\n\n\n<li><a href=\"#etapas-ultimo\">Etapas<\/a><\/li>\n<\/ul>\n<\/li>\n\n\n\n<li><a href=\"#cursos\">Cursos e assinaturas<\/a><\/li>\n\n\n\n<li><a href=\"#ficha\">Ficha t\u00e9cnica<\/a><\/li>\n<\/ul>\n\n\n\n<div class=\"container\" id=\"boxes\">\n  <div class=\"row\">\n\n    <div class=\"col-sm\">\n      <div class=\"banner-medicina\" id=\"box-assinatura\">\n        <h3 class=\"titulo-assinatura\">Concurso S\u00e3o Jos\u00e9 dos Campos Sa\u00fade<\/h3>\n        <p class=\"subtitulo-assinatura\">Conhe\u00e7a os cursos<\/p>\n        <div class=\"box-botao\">\n          <a class=\"btn-assinatura\" target=\"_blank\" href=\"https:\/\/www.estrategiaconcursos.com.br\/cursos\/\" role=\"button\" rel=\"noopener noreferrer\">Conhe\u00e7a mais<\/a>\n        <\/div>\n      <\/div>\n     \n    <\/div>\n\n  <\/div>\n<\/div>\n\n\n\n<h2 class=\"wp-block-heading\" id=\"novo-concurso\">Novo concurso S\u00e3o Jos\u00e9 dos Campos Sa\u00fade<\/h2>\n\n\n\n<h3 class=\"wp-block-heading\" id=\"cargos-vagas\">Cargos e vagas do concurso S\u00e3o Jos\u00e9 dos Campos Sa\u00fade<\/h3>\n\n\n\n<p><strong>N\u00edvel t\u00e9cnico<\/strong><\/p>\n\n\n\n<figure class=\"wp-block-table is-style-stripes\"><table class=\"has-very-light-gray-to-cyan-bluish-gray-gradient-background has-background has-fixed-layout\"><thead><tr><th class=\"has-text-align-center\" data-align=\"center\">CARGOS<\/th><th class=\"has-text-align-center\" data-align=\"center\">VAGAS<\/th><th class=\"has-text-align-center\" data-align=\"center\">SAL\u00c1RIO<\/th><\/tr><\/thead><tbody><tr><td class=\"has-text-align-center\" data-align=\"center\">T\u00e9cnico em Sa\u00fade Bucal<\/td><td class=\"has-text-align-center\" data-align=\"center\">1<\/td><td class=\"has-text-align-center\" data-align=\"center\">R$ 2.326,15 + adicionais<\/td><\/tr><tr><td class=\"has-text-align-center\" data-align=\"center\">T\u00e9cnico em Enfermagem<\/td><td class=\"has-text-align-center\" data-align=\"center\">1<\/td><td class=\"has-text-align-center\" data-align=\"center\">R$ 1.744,61 + adicionais<\/td><\/tr><\/tbody><\/table><\/figure>\n\n\n\n<p><strong>Curso superior<\/strong><\/p>\n\n\n\n<figure class=\"wp-block-table is-style-stripes\"><table class=\"has-very-light-gray-to-cyan-bluish-gray-gradient-background has-background has-fixed-layout\"><thead><tr><th class=\"has-text-align-center\" data-align=\"center\">CARGOS<\/th><th class=\"has-text-align-center\" data-align=\"center\">VAGAS<\/th><th class=\"has-text-align-center\" data-align=\"center\">SAL\u00c1RIO<\/th><\/tr><\/thead><tbody><tr><td class=\"has-text-align-center\" data-align=\"center\">Servi\u00e7o Social<\/td><td class=\"has-text-align-center\" data-align=\"center\">1<\/td><td class=\"has-text-align-center\" data-align=\"center\">R$ 3.703,90<\/td><\/tr><tr><td class=\"has-text-align-center\" data-align=\"center\">Enfermagem<\/td><td class=\"has-text-align-center\" data-align=\"center\">1<\/td><td class=\"has-text-align-center\" data-align=\"center\">R$ 3.703,90 + adicionais<\/td><\/tr><tr><td class=\"has-text-align-center\" data-align=\"center\">Farm\u00e1cia<\/td><td class=\"has-text-align-center\" data-align=\"center\">1<\/td><td class=\"has-text-align-center\" data-align=\"center\">R$ 4.938,53 + adicionais<\/td><\/tr><tr><td class=\"has-text-align-center\" data-align=\"center\">Fonoaudiologia<\/td><td class=\"has-text-align-center\" data-align=\"center\">1<\/td><td class=\"has-text-align-center\" data-align=\"center\">R$ 3.703,90 + adicionais<\/td><\/tr><tr><td class=\"has-text-align-center\" data-align=\"center\">Terapia Ocupacional<\/td><td class=\"has-text-align-center\" data-align=\"center\">1<\/td><td class=\"has-text-align-center\" data-align=\"center\">R$ 3.703,90 + adicionais<\/td><\/tr><\/tbody><\/table><\/figure>\n\n\n\n<h3 class=\"wp-block-heading\" id=\"inscritos\">Demanda de inscritos<\/h3>\n\n\n\n<p>Foram registradas 1.244 inscri\u00e7\u00f5es para o concurso S\u00e3o Jos\u00e9 dos Campos Sa\u00fade. O cargo com mais procura foi o de Enfermagem, com 439 candidaturas. Veja abaixo os n\u00fameros completos:<\/p>\n\n\n\n<figure class=\"wp-block-image aligncenter size-large\"><img loading=\"lazy\" decoding=\"async\" width=\"1024\" height=\"762\" src=\"https:\/\/dhg1h5j42swfq.cloudfront.net\/2025\/06\/13135304\/image-146-1024x762.png\" alt=\"Inscri\u00e7\u00f5es do concurso S\u00e3o Jos\u00e9 dos Campos Sa\u00fade\" class=\"wp-image-1606076\" srcset=\"https:\/\/dhg1h5j42swfq.cloudfront.net\/2025\/06\/13135304\/image-146-1024x762.png 1024w, https:\/\/dhg1h5j42swfq.cloudfront.net\/2025\/06\/13135304\/image-146-300x223.png 300w, https:\/\/dhg1h5j42swfq.cloudfront.net\/2025\/06\/13135304\/image-146-768x572.png 768w, https:\/\/dhg1h5j42swfq.cloudfront.net\/2025\/06\/13135304\/image-146-150x112.png 150w, https:\/\/dhg1h5j42swfq.cloudfront.net\/2025\/06\/13135304\/image-146.png 1071w\" sizes=\"auto, (max-width: 1024px) 100vw, 1024px\" \/><figcaption class=\"wp-element-caption\">Inscri\u00e7\u00f5es do concurso S\u00e3o Jos\u00e9 dos Campos Sa\u00fade<\/figcaption><\/figure>\n\n\n\n<h3 class=\"wp-block-heading\" id=\"etapas\">Etapas e provas do concurso S\u00e3o Jos\u00e9 dos Campos Sa\u00fade<\/h3>\n\n\n\n<p>Os candidatos foram avaliados mediante aplica\u00e7\u00e3o de etapa \u00fanica, constitu\u00edda de <strong>Prova Objetiva<\/strong>, de car\u00e1ter eliminat\u00f3rio e classificat\u00f3rio.<\/p>\n\n\n\n<p>Para os cargos de Assistente T\u00e9cnico em Sa\u00fade e Analista em Gest\u00e3o Municipal, as provas ocorreram das 08h \u00e0s 12h. Para os cargos de Analista em Sa\u00fade as provas foram realizadas de 15h \u00e0s 19h.<\/p>\n\n\n\n<p>A <strong>Prova Objetiva<\/strong> consistiu em 60 quest\u00f5es, sendo 35 de conhecimentos gerais e 25 de Conhecimentos Espec\u00edficos, numeradas sequencialmente, com cinco alternativas, conforme abaixo:<\/p>\n\n\n\n<ul class=\"wp-block-list\">\n<li><strong>Assistente T\u00e9cnico em Sa\u00fade:<\/strong>\n<ul class=\"wp-block-list\">\n<li>L\u00edngua Portuguesa &#8211; 15<\/li>\n\n\n\n<li>Racioc\u00ednio L\u00f3gico Matem\u00e1tico &#8211; 10<\/li>\n\n\n\n<li>Atualidades &#8211; 05<\/li>\n\n\n\n<li>Legisla\u00e7\u00e3o da Sa\u00fade &#8211; 05<\/li>\n\n\n\n<li>Conhecimentos Espec\u00edficos &#8211; 25<\/li>\n<\/ul>\n<\/li>\n<\/ul>\n\n\n\n<ul class=\"wp-block-list\">\n<li><strong>Analista em Gest\u00e3o Municipal:<\/strong>\n<ul class=\"wp-block-list\">\n<li>L\u00edngua Portuguesa &#8211; 15<\/li>\n\n\n\n<li>Racioc\u00ednio L\u00f3gico Matem\u00e1tico &#8211; 10<\/li>\n\n\n\n<li>No\u00e7\u00f5es de Inform\u00e1tica &#8211; 10<\/li>\n\n\n\n<li>Atualidades &#8211; 05<\/li>\n\n\n\n<li>Conhecimentos Espec\u00edficos &#8211; 30<\/li>\n<\/ul>\n<\/li>\n<\/ul>\n\n\n\n<ul class=\"wp-block-list\">\n<li><strong>Analista em Sa\u00fade: <\/strong>\n<ul class=\"wp-block-list\">\n<li>L\u00edngua Portuguesa &#8211; 15<\/li>\n\n\n\n<li>Racioc\u00ednio L\u00f3gico Matem\u00e1tico &#8211; 10<\/li>\n\n\n\n<li>Atualidades &#8211; 05<\/li>\n\n\n\n<li>Legisla\u00e7\u00e3o da Sa\u00fade &#8211; 10<\/li>\n\n\n\n<li>Conhecimentos Espec\u00edficos &#8211; 30<\/li>\n<\/ul>\n<\/li>\n<\/ul>\n\n\n\n<p>Foi considerado aprovado na Prova Objetiva do concurso S\u00e3o Jos\u00e9 dos Campos Sa\u00fade o candidato que obteve, no m\u00ednimo, 50% de acertos, para todos os cargos.<\/p>\n\n\n\n<h2 class=\"wp-block-heading\" id=\"ultimo\">\u00daltimo concurso S\u00e3o Jos\u00e9 dos Campos Sa\u00fade<\/h2>\n\n\n\n<ul class=\"wp-block-list\">\n<li><strong>Data<\/strong>: 2023<\/li>\n\n\n\n<li><strong>Banca:<\/strong> FGV<\/li>\n\n\n\n<li><strong>Vagas:<\/strong> 46<\/li>\n\n\n\n<li><strong>Sal\u00e1rio inicial:<\/strong> R$ 1.661,54 a R$ 7.874,77 + adicionais<\/li>\n\n\n\n<li><strong>Edital:<\/strong> <a href=\"https:\/\/dhg1h5j42swfq.cloudfront.net\/2023\/07\/25094344\/edital-cargos-saude-pref-sao-jose-dos-campos-24-07-final.pdf\" target=\"_blank\" rel=\"noreferrer noopener nofollow\">P<\/a><a href=\"https:\/\/dhg1h5j42swfq.cloudfront.net\/2023\/07\/25094344\/edital-cargos-saude-pref-sao-jose-dos-campos-24-07-final.pdf\" target=\"_blank\" rel=\"noreferrer noopener\">ref. S\u00e3o Jos\u00e9 dos Campos 2023<\/a><\/li>\n<\/ul>\n\n\n\n<h3 class=\"wp-block-heading\" id=\"cargos\">Cargos e vagas <\/h3>\n\n\n\n<p><strong>N\u00edvel t\u00e9cnico<\/strong><\/p>\n\n\n\n<figure class=\"wp-block-table is-style-stripes\"><table class=\"has-very-light-gray-to-cyan-bluish-gray-gradient-background has-background has-fixed-layout\"><thead><tr><th class=\"has-text-align-center\" data-align=\"center\">CARGOS<\/th><th class=\"has-text-align-center\" data-align=\"center\">VAGAS<\/th><th class=\"has-text-align-center\" data-align=\"center\">SAL\u00c1RIO<\/th><\/tr><\/thead><tbody><tr><td class=\"has-text-align-center\" data-align=\"center\">T\u00e9cnico em Sa\u00fade Bucal<\/td><td class=\"has-text-align-center\" data-align=\"center\">1<\/td><td class=\"has-text-align-center\" data-align=\"center\">R$ 2.215,38 + adicionais<\/td><\/tr><tr><td class=\"has-text-align-center\" data-align=\"center\">T\u00e9cnico em Enfermagem<\/td><td class=\"has-text-align-center\" data-align=\"center\">5<\/td><td class=\"has-text-align-center\" data-align=\"center\">R$ 1.661,54 + adicionais<\/td><\/tr><tr><td class=\"has-text-align-center\" data-align=\"center\">T\u00e9cnico em Radiologia<\/td><td class=\"has-text-align-center\" data-align=\"center\">1<\/td><td class=\"has-text-align-center\" data-align=\"center\">R$ 2.215,38 + adicionais<\/td><\/tr><\/tbody><\/table><\/figure>\n\n\n\n<p><strong>Curso superior<\/strong><\/p>\n\n\n\n<figure class=\"wp-block-table is-style-stripes\"><table class=\"has-very-light-gray-to-cyan-bluish-gray-gradient-background has-background has-fixed-layout\"><thead><tr><th class=\"has-text-align-center\" data-align=\"center\">CARGOS<\/th><th class=\"has-text-align-center\" data-align=\"center\">VAGAS<\/th><th class=\"has-text-align-center\" data-align=\"center\">SAL\u00c1RIO<\/th><\/tr><\/thead><tbody><tr><td class=\"has-text-align-center\" data-align=\"center\">Enfermeiro<\/td><td class=\"has-text-align-center\" data-align=\"center\">4<\/td><td class=\"has-text-align-center\" data-align=\"center\">R$ 3.527,52 + adicionais<\/td><\/tr><tr><td class=\"has-text-align-center\" data-align=\"center\">Farm\u00e1cia<\/td><td class=\"has-text-align-center\" data-align=\"center\">1<\/td><td class=\"has-text-align-center\" data-align=\"center\">R$ 4.703,36 + adicionais<\/td><\/tr><tr><td class=\"has-text-align-center\" data-align=\"center\">Fisioterapia<\/td><td class=\"has-text-align-center\" data-align=\"center\">1<\/td><td class=\"has-text-align-center\" data-align=\"center\">R$ 3.527,52 + adicionais<\/td><\/tr><tr><td class=\"has-text-align-center\" data-align=\"center\">Fonoaudiologia<\/td><td class=\"has-text-align-center\" data-align=\"center\">1<\/td><td class=\"has-text-align-center\" data-align=\"center\">R$ 3.527,52 + adicionais<\/td><\/tr><tr><td class=\"has-text-align-center\" data-align=\"center\">Nutri\u00e7\u00e3o<\/td><td class=\"has-text-align-center\" data-align=\"center\">1<\/td><td class=\"has-text-align-center\" data-align=\"center\">R$ 4.703,36 + adicionais<\/td><\/tr><tr><td class=\"has-text-align-center\" data-align=\"center\">Psicologia<\/td><td class=\"has-text-align-center\" data-align=\"center\">1<\/td><td class=\"has-text-align-center\" data-align=\"center\">R$ 4.703,36 + adicionais<\/td><\/tr><tr><td class=\"has-text-align-center\" data-align=\"center\">Terapia Ocupacional<\/td><td class=\"has-text-align-center\" data-align=\"center\">1<\/td><td class=\"has-text-align-center\" data-align=\"center\">R$ 3.527,52 + adicionais<\/td><\/tr><tr><td class=\"has-text-align-center\" data-align=\"center\">Veterin\u00e1ria<\/td><td class=\"has-text-align-center\" data-align=\"center\">1<\/td><td class=\"has-text-align-center\" data-align=\"center\">R$ 4.703,36 + adicionais<\/td><\/tr><tr><td class=\"has-text-align-center\" data-align=\"center\">Dentista &#8211; 20h<\/td><td class=\"has-text-align-center\" data-align=\"center\">1<\/td><td class=\"has-text-align-center\" data-align=\"center\">R$ 3.937,39 + adicionais<\/td><\/tr><tr><td class=\"has-text-align-center\" data-align=\"center\">Dentista &#8211; 40h<\/td><td class=\"has-text-align-center\" data-align=\"center\">1<\/td><td class=\"has-text-align-center\" data-align=\"center\">R$ 7.874,77 + adicionais<\/td><\/tr><tr><td class=\"has-text-align-center\" data-align=\"center\">M\u00e9dico Especialista (diferentes especialidades)<\/td><td class=\"has-text-align-center\" data-align=\"center\">22<\/td><td class=\"has-text-align-center\" data-align=\"center\">R$ 3.937,39 + adicionais<\/td><\/tr><tr><td class=\"has-text-align-center\" data-align=\"center\">M\u00e9dico Emergencista (diferentes especialidades)<\/td><td class=\"has-text-align-center\" data-align=\"center\">3<\/td><td class=\"has-text-align-center\" data-align=\"center\">R$ 4.724,86 + adicionais<\/td><\/tr><tr><td class=\"has-text-align-center\" data-align=\"center\">M\u00e9dico Sa\u00fade da Fam\u00edlia<\/td><td class=\"has-text-align-center\" data-align=\"center\">1<\/td><td class=\"has-text-align-center\" data-align=\"center\">R$ 7.874,77 + adicionais<\/td><\/tr><\/tbody><\/table><\/figure>\n\n\n\n<p><strong>Especialidades de M\u00e9dicos (Especialista e Emergencista):<\/strong><\/p>\n\n\n\n<div class=\"wp-block-columns is-layout-flex wp-container-core-columns-is-layout-28f84493 wp-block-columns-is-layout-flex\">\n<div class=\"wp-block-column is-layout-flow wp-block-column-is-layout-flow\">\n<ul class=\"wp-block-list\">\n<li>Cardiologista Adulto <\/li>\n\n\n\n<li>Cardiologista Infantil <\/li>\n\n\n\n<li>Cl\u00ednico Geral <\/li>\n\n\n\n<li>Dermatologista <\/li>\n\n\n\n<li>Endocrinologista Adulto <\/li>\n\n\n\n<li>Endocrinologista Infantil <\/li>\n\n\n\n<li>Gastroenterologista <\/li>\n\n\n\n<li>Geriatra <\/li>\n\n\n\n<li>Ginecologista<\/li>\n\n\n\n<li>Neurologista Adulto <\/li>\n\n\n\n<li>Neurologista Infantil <\/li>\n\n\n\n<li>Ortopedista <\/li>\n\n\n\n<li>Otorrinolaringologista <\/li>\n<\/ul>\n<\/div>\n\n\n\n<div class=\"wp-block-column is-layout-flow wp-block-column-is-layout-flow\">\n<ul class=\"wp-block-list\">\n<li>Pediatra <\/li>\n\n\n\n<li>Pneumologista Adulto <\/li>\n\n\n\n<li>Pneumologista Infantil <\/li>\n\n\n\n<li>Proctologista <\/li>\n\n\n\n<li>Psiquiatra Adulto <\/li>\n\n\n\n<li>Psiquiatra Infantil <\/li>\n\n\n\n<li>Reumatologista <\/li>\n\n\n\n<li>Urologista <\/li>\n\n\n\n<li>Vascular\/Angiologista <\/li>\n\n\n\n<li>Emergencista Adulto <\/li>\n\n\n\n<li>Emergencista Adulto Distrito S\u00e3o Francisco Xavier <\/li>\n\n\n\n<li>Pediatra Emergencista <\/li>\n<\/ul>\n<\/div>\n<\/div>\n\n\n\n<h3 class=\"wp-block-heading\" id=\"etapas-ultimo\">Etapas e provas do concurso S\u00e3o Jos\u00e9 dos Campos Sa\u00fade<\/h3>\n\n\n\n<p>Os candidatos do concurso S\u00e3o Jos\u00e9 dos Campos Sa\u00fade foram avaliados mediante aplica\u00e7\u00e3o de etapa \u00fanica, constitu\u00edda de <strong>Prova Objetiva<\/strong>, de car\u00e1ter eliminat\u00f3rio e classificat\u00f3rio.<\/p>\n\n\n\n<p>A avalia\u00e7\u00e3o foi realizada no Munic\u00edpio de S\u00e3o Jos\u00e9 dos Campos, no dia 26 de novembro, das 13h \u00e0s 17h, segundo o hor\u00e1rio oficial de Bras\u00edlia-DF.<\/p>\n\n\n\n<p>A <strong>Prova Objetiva<\/strong> foi composta por 60 a 70 quest\u00f5es de conhecimentos gerais e conhecimentos espec\u00edficos, numeradas sequencialmente, com cinco alternativas e apenas uma resposta correta.<\/p>\n\n\n\n<ul class=\"wp-block-list\">\n<li><strong>Assistente T\u00e9cnico em Sa\u00fade e T\u00e9cnico em Radiologia:<\/strong>\n<ul class=\"wp-block-list\">\n<li>L\u00edngua Portuguesa &#8211; 15<\/li>\n\n\n\n<li>Racioc\u00ednio L\u00f3gico e Matem\u00e1tico &#8211; 05<\/li>\n\n\n\n<li>Atualidades &#8211; 05<\/li>\n\n\n\n<li>Legisla\u00e7\u00e3o da Sa\u00fade &#8211; 05<\/li>\n\n\n\n<li>Conhecimentos Espec\u00edficos &#8211; 30<\/li>\n<\/ul>\n<\/li>\n<\/ul>\n\n\n\n<ul class=\"wp-block-list\">\n<li><strong>Analista em Sa\u00fade, Dentista e M\u00e9dico:<\/strong>\n<ul class=\"wp-block-list\">\n<li>L\u00edngua Portuguesa &#8211; 15<\/li>\n\n\n\n<li>Racioc\u00ednio L\u00f3gico e Matem\u00e1tico &#8211; 10<\/li>\n\n\n\n<li>Atualidades &#8211; 5<\/li>\n\n\n\n<li>Legisla\u00e7\u00e3o da Sa\u00fade &#8211; 10<\/li>\n\n\n\n<li>Conhecimentos Espec\u00edficos &#8211; 30<\/li>\n<\/ul>\n<\/li>\n<\/ul>\n\n\n\n<p>Foi considerado aprovado no concurso S\u00e3o Jos\u00e9 dos Campos Sa\u00fade o candidato que obteve, no m\u00ednimo, 50% de acertos nas quest\u00f5es de conhecimentos gerais, e, no m\u00ednimo 50% das quest\u00f5es de conhecimentos espec\u00edficos.<\/p>\n\n\n\n<hr class=\"wp-block-separator has-css-opacity\"\/>\n\n\n\n<h2 class=\"wp-block-heading has-text-align-center\" id=\"h-quer-saber-tudo-sobre-concursos-previstos-confira-nossos-artigos\">Quer saber tudo sobre concursos previstos?<br \/>Confira  nossos artigos!<\/h2>\n\n\n\n<ul class=\"wp-block-list\">\n<li><a href=\"https:\/\/www.estrategiaconcursos.com.br\/blog\/concursos-abertos\/\" target=\"_blank\" rel=\"noreferrer noopener\">Concursos abertos<\/a><\/li>\n\n\n\n<li><a href=\"https:\/\/www.estrategiaconcursos.com.br\/blog\/concursos-area-da-saude\/\" target=\"_blank\" rel=\"noreferrer noopener\">Concursos sa\u00fade<\/a><\/li>\n\n\n\n<li><a href=\"https:\/\/www.estrategiaconcursos.com.br\/blog\/concursos-2025\/\" target=\"_blank\" rel=\"noreferrer noopener\">Concursos 2025<\/a><\/li>\n\n\n\n<li><a href=\"https:\/\/www.estrategiaconcursos.com.br\/blog\/concursos-2026\/\" target=\"_blank\" rel=\"noreferrer noopener\">Concursos 2026<\/a><\/li>\n<\/ul>\n\n\n\n<h2 class=\"wp-block-heading has-text-align-center\" id=\"cursos\">Quer estudar para o concurso Prefeitura de S\u00e3o Jos\u00e9 dos Campos?<\/h2>\n\n\n\n<div class=\"container\" id=\"boxes\">\n  <div class=\"row\">\n\n    <div class=\"col-sm\">\n      <div class=\"banner-medicina\" id=\"box-assinatura\">\n        <h3 class=\"titulo-assinatura\">Concurso S\u00e3o Jos\u00e9 dos Campos Sa\u00fade<\/h3>\n        <p class=\"subtitulo-assinatura\">Conhe\u00e7a os cursos<\/p>\n        <div class=\"box-botao\">\n          <a class=\"btn-assinatura\" target=\"_blank\" href=\"https:\/\/www.estrategiaconcursos.com.br\/cursos\/\" role=\"button\" rel=\"noopener noreferrer\">Conhe\u00e7a mais<\/a>\n        <\/div>\n      <\/div>\n     \n    <\/div>\n\n  <\/div>\n<\/div>\n\n\n\n<div class=\"container\" id=\"boxes\">\n  <div class=\"row\">\n\n    <div class=\"col-sm\">\n      <div class=\"estrategia\" id=\"box-assinatura\">\n        <h3 class=\"titulo-assinatura\">Assinatura Concursos<\/h3>\n        <p class=\"subtitulo-assinatura\">Assinatura de 1 ano ou 2 anos<\/p>\n        <div class=\"box-botao\">\n          <a class=\"btn-assinatura\" target=\"_blank\" href=\"https:\/\/www.estrategiaconcursos.com.br\/assinaturas\/\" role=\"button\" rel=\"noopener noreferrer\">ASSINE AGORA<\/a>\n        <\/div>\n      <\/div><\/div><\/div><\/div>\n\n\n\n<figure class=\"wp-block-image size-large is-resized\"><img loading=\"lazy\" decoding=\"async\" width=\"1024\" height=\"632\" src=\"https:\/\/dhg1h5j42swfq.cloudfront.net\/2025\/06\/27101122\/ficha-tecnica-1-1024x632.png\" alt=\"Informa\u00e7\u00f5es do concurso S\u00e3o Jos\u00e9 dos Campos Sa\u00fade-SP\" class=\"wp-image-702728\" style=\"width:269px;height:166px\" srcset=\"https:\/\/dhg1h5j42swfq.cloudfront.net\/2025\/06\/27101122\/ficha-tecnica-1-1024x632.png 1024w, https:\/\/dhg1h5j42swfq.cloudfront.net\/2025\/06\/27101122\/ficha-tecnica-1-300x185.png 300w, https:\/\/dhg1h5j42swfq.cloudfront.net\/2025\/06\/27101122\/ficha-tecnica-1-768x474.png 768w, https:\/\/dhg1h5j42swfq.cloudfront.net\/2025\/06\/27101122\/ficha-tecnica-1-1536x948.png 1536w, https:\/\/dhg1h5j42swfq.cloudfront.net\/2025\/06\/27101122\/ficha-tecnica-1-610x377.png 610w, https:\/\/dhg1h5j42swfq.cloudfront.net\/2025\/06\/27101122\/ficha-tecnica-1.png 1571w\" sizes=\"auto, (max-width: 1024px) 100vw, 1024px\" \/><\/figure>\n\n\n\n<h3 class=\"wp-block-heading\" id=\"ficha\">Informa\u00e7\u00f5es do concurso S\u00e3o Jos\u00e9 dos Campos Sa\u00fade-SP<\/h3>\n\n\n\n<ul class=\"wp-block-list\">\n<li><strong>Provas<\/strong>: 31\/08\/2025<\/li>\n\n\n\n<li><strong>Vagas<\/strong>: 07<\/li>\n\n\n\n<li><strong>Cargos<\/strong>: v\u00e1rios<\/li>\n\n\n\n<li><strong>Banca<\/strong>: FGV<\/li>\n\n\n\n<li><strong>Escolaridade<\/strong>: n\u00edvel t\u00e9cnico e superior<\/li>\n\n\n\n<li><strong>Edital:<\/strong> <a href=\"https:\/\/dhg1h5j42swfq.cloudfront.net\/2025\/05\/05164628\/edital-cargos-administrativos-e-saude-pref-sjc-05-05-25.pdf\" target=\"_blank\" rel=\"noreferrer noopener nofollow\">Pref. S\u00e3o Jos\u00e9 dos Campos 2025<\/a><\/li>\n<\/ul>\n","protected":false},"excerpt":{"rendered":"<p>Edital do concurso S\u00e3o Jos\u00e9 dos Campos Sa\u00fade oferece vagas para Assistente T\u00e9cnico em Sa\u00fade, Analista em Sa\u00fade e Analista em Gest\u00e3o Municipal Foram divulgados os resultados preliminares das provas objetivas do concurso S\u00e3o Jos\u00e9 dos Campos Sa\u00fade, prefeitura localizada no estado de S\u00e3o Paulo. S\u00e3o ofertadas sete vagas imediatas para os cargos de Assistente [&hellip;]<\/p>\n","protected":false},"author":1,"featured_media":1254742,"comment_status":"open","ping_status":"closed","sticky":false,"template":"","format":"standard","meta":{"post_tipo":"news_page","footnotes":""},"categories":[1981],"tags":[],"tax_estado":[219989],"class_list":["post-1254314","post","type-post","status-publish","format-standard","has-post-thumbnail","hentry","category-saude","tax_estado-sp"],"acf":[],"yoast_head":"<!-- This site is optimized with the Yoast SEO Premium plugin v27.2 (Yoast SEO v27.2) - https:\/\/yoast.com\/product\/yoast-seo-premium-wordpress\/ -->\n<title>Concurso S\u00e3o Jos\u00e9 dos Campos Sa\u00fade: veja os resultados<\/title>\n<meta name=\"description\" content=\"Concurso S\u00e3o Jos\u00e9 dos Campos Sa\u00fade-SP oferece vagas em diferentes cargos. Resultados das provas s\u00e3o divulgados. Confira!\" \/>\n<meta name=\"robots\" content=\"index, follow, max-snippet:-1, max-image-preview:large, max-video-preview:-1\" \/>\n<link rel=\"canonical\" href=\"https:\/\/www.estrategiaconcursos.com.br\/blog\/concurso-sao-jose-dos-campos-saude-sp\/\" \/>\n<meta property=\"og:locale\" content=\"pt_BR\" \/>\n<meta property=\"og:type\" content=\"article\" \/>\n<meta property=\"og:title\" content=\"Concurso S\u00e3o Jos\u00e9 dos Campos Sa\u00fade: veja os resultados\" \/>\n<meta property=\"og:description\" content=\"Concurso S\u00e3o Jos\u00e9 dos Campos Sa\u00fade-SP oferece vagas em diferentes cargos. Resultados das provas s\u00e3o divulgados. Confira!\" \/>\n<meta property=\"og:url\" content=\"https:\/\/www.estrategiaconcursos.com.br\/blog\/concurso-sao-jose-dos-campos-saude-sp\/\" \/>\n<meta property=\"og:site_name\" content=\"Estrat\u00e9gia Concursos\" \/>\n<meta property=\"article:author\" content=\"https:\/\/www.facebook.com\/EstrategiaConcursos\" \/>\n<meta property=\"article:published_time\" content=\"2025-10-10T17:04:00+00:00\" \/>\n<meta property=\"article:modified_time\" content=\"2025-10-10T17:04:14+00:00\" \/>\n<meta property=\"og:image\" content=\"https:\/\/dhg1h5j42swfq.cloudfront.net\/2023\/07\/25142509\/sao-jose-dos-campos-saude-sp.jpg\" \/>\n\t<meta property=\"og:image:width\" content=\"768\" \/>\n\t<meta property=\"og:image:height\" content=\"432\" \/>\n\t<meta property=\"og:image:type\" content=\"image\/jpeg\" \/>\n<meta name=\"author\" content=\"Coordena\u00e7\u00e3o\" \/>\n<meta name=\"twitter:card\" content=\"summary_large_image\" \/>\n<meta name=\"twitter:creator\" content=\"@EstratConcursos\" \/>\n<meta name=\"twitter:site\" content=\"@EstratConcursos\" \/>\n<meta name=\"twitter:label1\" content=\"Escrito por\" \/>\n\t<meta name=\"twitter:data1\" content=\"Coordena\u00e7\u00e3o\" \/>\n\t<meta name=\"twitter:label2\" content=\"Est. tempo de leitura\" \/>\n\t<meta name=\"twitter:data2\" content=\"5 minutos\" \/>\n<script type=\"application\/ld+json\" class=\"yoast-schema-graph\">{\"@context\":\"https:\/\/schema.org\",\"@graph\":[{\"@type\":\"NewsArticle\",\"@id\":\"https:\/\/www.estrategiaconcursos.com.br\/blog\/concurso-sao-jose-dos-campos-saude-sp\/#article\",\"isPartOf\":{\"@id\":\"https:\/\/www.estrategiaconcursos.com.br\/blog\/concurso-sao-jose-dos-campos-saude-sp\/\"},\"author\":{\"name\":\"Coordena\u00e7\u00e3o\",\"@id\":\"https:\/\/www.estrategiaconcursos.com.br\/blog\/#\/schema\/person\/b4a388c97673c5f483d72185668afa1f\"},\"headline\":\"Concurso S\u00e3o Jos\u00e9 dos Campos Sa\u00fade: veja os resultados\",\"datePublished\":\"2025-10-10T17:04:00+00:00\",\"dateModified\":\"2025-10-10T17:04:14+00:00\",\"mainEntityOfPage\":{\"@id\":\"https:\/\/www.estrategiaconcursos.com.br\/blog\/concurso-sao-jose-dos-campos-saude-sp\/\"},\"wordCount\":1001,\"commentCount\":0,\"publisher\":{\"@id\":\"https:\/\/www.estrategiaconcursos.com.br\/blog\/#organization\"},\"image\":{\"@id\":\"https:\/\/www.estrategiaconcursos.com.br\/blog\/concurso-sao-jose-dos-campos-saude-sp\/#primaryimage\"},\"thumbnailUrl\":\"https:\/\/dhg1h5j42swfq.cloudfront.net\/2023\/07\/25142509\/sao-jose-dos-campos-saude-sp.jpg\",\"articleSection\":[\"Sa\u00fade\"],\"inLanguage\":\"pt-BR\",\"potentialAction\":[{\"@type\":\"CommentAction\",\"name\":\"Comment\",\"target\":[\"https:\/\/www.estrategiaconcursos.com.br\/blog\/concurso-sao-jose-dos-campos-saude-sp\/#respond\"]}],\"copyrightYear\":\"2025\",\"copyrightHolder\":{\"@id\":\"https:\/\/www.estrategiaconcursos.com.br\/blog\/#organization\"}},{\"@type\":\"WebPage\",\"@id\":\"https:\/\/www.estrategiaconcursos.com.br\/blog\/concurso-sao-jose-dos-campos-saude-sp\/\",\"url\":\"https:\/\/www.estrategiaconcursos.com.br\/blog\/concurso-sao-jose-dos-campos-saude-sp\/\",\"name\":\"Concurso S\u00e3o Jos\u00e9 dos Campos Sa\u00fade: veja os resultados\",\"isPartOf\":{\"@id\":\"https:\/\/www.estrategiaconcursos.com.br\/blog\/#website\"},\"primaryImageOfPage\":{\"@id\":\"https:\/\/www.estrategiaconcursos.com.br\/blog\/concurso-sao-jose-dos-campos-saude-sp\/#primaryimage\"},\"image\":{\"@id\":\"https:\/\/www.estrategiaconcursos.com.br\/blog\/concurso-sao-jose-dos-campos-saude-sp\/#primaryimage\"},\"thumbnailUrl\":\"https:\/\/dhg1h5j42swfq.cloudfront.net\/2023\/07\/25142509\/sao-jose-dos-campos-saude-sp.jpg\",\"datePublished\":\"2025-10-10T17:04:00+00:00\",\"dateModified\":\"2025-10-10T17:04:14+00:00\",\"description\":\"Concurso S\u00e3o Jos\u00e9 dos Campos Sa\u00fade-SP oferece vagas em diferentes cargos. Resultados das provas s\u00e3o divulgados. Confira!\",\"breadcrumb\":{\"@id\":\"https:\/\/www.estrategiaconcursos.com.br\/blog\/concurso-sao-jose-dos-campos-saude-sp\/#breadcrumb\"},\"inLanguage\":\"pt-BR\",\"potentialAction\":[{\"@type\":\"ReadAction\",\"target\":[\"https:\/\/www.estrategiaconcursos.com.br\/blog\/concurso-sao-jose-dos-campos-saude-sp\/\"]}]},{\"@type\":\"ImageObject\",\"inLanguage\":\"pt-BR\",\"@id\":\"https:\/\/www.estrategiaconcursos.com.br\/blog\/concurso-sao-jose-dos-campos-saude-sp\/#primaryimage\",\"url\":\"https:\/\/dhg1h5j42swfq.cloudfront.net\/2023\/07\/25142509\/sao-jose-dos-campos-saude-sp.jpg\",\"contentUrl\":\"https:\/\/dhg1h5j42swfq.cloudfront.net\/2023\/07\/25142509\/sao-jose-dos-campos-saude-sp.jpg\",\"width\":768,\"height\":432,\"caption\":\"concurso S\u00e3o Jos\u00e9 dos Campos Sa\u00fade SP\"},{\"@type\":\"BreadcrumbList\",\"@id\":\"https:\/\/www.estrategiaconcursos.com.br\/blog\/concurso-sao-jose-dos-campos-saude-sp\/#breadcrumb\",\"itemListElement\":[{\"@type\":\"ListItem\",\"position\":1,\"name\":\"In\u00edcio\",\"item\":\"https:\/\/www.estrategiaconcursos.com.br\/blog\/\"},{\"@type\":\"ListItem\",\"position\":2,\"name\":\"Concurso S\u00e3o Jos\u00e9 dos Campos Sa\u00fade: veja os resultados\"}]},{\"@type\":\"WebSite\",\"@id\":\"https:\/\/www.estrategiaconcursos.com.br\/blog\/#website\",\"url\":\"https:\/\/www.estrategiaconcursos.com.br\/blog\/\",\"name\":\"Estrat\u00e9gia Concursos\",\"description\":\"O blog da Estrat\u00e9gia Concursos traz not\u00edcias sobre concursos e artigos de professores oferecendo cursos para concursos (pdf + videaulas) no site.\",\"publisher\":{\"@id\":\"https:\/\/www.estrategiaconcursos.com.br\/blog\/#organization\"},\"potentialAction\":[{\"@type\":\"SearchAction\",\"target\":{\"@type\":\"EntryPoint\",\"urlTemplate\":\"https:\/\/www.estrategiaconcursos.com.br\/blog\/?s={search_term_string}\"},\"query-input\":{\"@type\":\"PropertyValueSpecification\",\"valueRequired\":true,\"valueName\":\"search_term_string\"}}],\"inLanguage\":\"pt-BR\"},{\"@type\":\"Organization\",\"@id\":\"https:\/\/www.estrategiaconcursos.com.br\/blog\/#organization\",\"name\":\"Estrat\u00e9gia Concursos\",\"url\":\"https:\/\/www.estrategiaconcursos.com.br\/blog\/\",\"logo\":{\"@type\":\"ImageObject\",\"inLanguage\":\"pt-BR\",\"@id\":\"https:\/\/www.estrategiaconcursos.com.br\/blog\/#\/schema\/logo\/image\/\",\"url\":\"https:\/\/dhg1h5j42swfq.cloudfront.net\/2025\/06\/03203428\/logo_concursos-1.jpg\",\"contentUrl\":\"https:\/\/dhg1h5j42swfq.cloudfront.net\/2025\/06\/03203428\/logo_concursos-1.jpg\",\"width\":230,\"height\":60,\"caption\":\"Estrat\u00e9gia Concursos\"},\"image\":{\"@id\":\"https:\/\/www.estrategiaconcursos.com.br\/blog\/#\/schema\/logo\/image\/\"},\"sameAs\":[\"https:\/\/x.com\/EstratConcursos\"]},{\"@type\":\"Person\",\"@id\":\"https:\/\/www.estrategiaconcursos.com.br\/blog\/#\/schema\/person\/b4a388c97673c5f483d72185668afa1f\",\"name\":\"Coordena\u00e7\u00e3o\",\"image\":{\"@type\":\"ImageObject\",\"inLanguage\":\"pt-BR\",\"@id\":\"https:\/\/secure.gravatar.com\/avatar\/b720319e4c9a967eb58678d110f4fe35452fc5d5f97b202bac7b8acceb18c6ad?s=96&d=mm&r=g\",\"url\":\"https:\/\/secure.gravatar.com\/avatar\/b720319e4c9a967eb58678d110f4fe35452fc5d5f97b202bac7b8acceb18c6ad?s=96&d=mm&r=g\",\"contentUrl\":\"https:\/\/secure.gravatar.com\/avatar\/b720319e4c9a967eb58678d110f4fe35452fc5d5f97b202bac7b8acceb18c6ad?s=96&d=mm&r=g\",\"caption\":\"Coordena\u00e7\u00e3o\"},\"sameAs\":[\"https:\/\/www.facebook.com\/EstrategiaConcursos\",\"https:\/\/x.com\/EstratConcursos\"],\"url\":\"https:\/\/www.estrategiaconcursos.com.br\/blog\/author\/estrategia2013\/\"}]}<\/script>\n<!-- \/ Yoast SEO Premium plugin. -->","yoast_head_json":{"title":"Concurso S\u00e3o Jos\u00e9 dos Campos Sa\u00fade: veja os resultados","description":"Concurso S\u00e3o Jos\u00e9 dos Campos Sa\u00fade-SP oferece vagas em diferentes cargos. Resultados das provas s\u00e3o divulgados. Confira!","robots":{"index":"index","follow":"follow","max-snippet":"max-snippet:-1","max-image-preview":"max-image-preview:large","max-video-preview":"max-video-preview:-1"},"canonical":"https:\/\/www.estrategiaconcursos.com.br\/blog\/concurso-sao-jose-dos-campos-saude-sp\/","og_locale":"pt_BR","og_type":"article","og_title":"Concurso S\u00e3o Jos\u00e9 dos Campos Sa\u00fade: veja os resultados","og_description":"Concurso S\u00e3o Jos\u00e9 dos Campos Sa\u00fade-SP oferece vagas em diferentes cargos. Resultados das provas s\u00e3o divulgados. Confira!","og_url":"https:\/\/www.estrategiaconcursos.com.br\/blog\/concurso-sao-jose-dos-campos-saude-sp\/","og_site_name":"Estrat\u00e9gia Concursos","article_author":"https:\/\/www.facebook.com\/EstrategiaConcursos","article_published_time":"2025-10-10T17:04:00+00:00","article_modified_time":"2025-10-10T17:04:14+00:00","og_image":[{"width":768,"height":432,"url":"https:\/\/dhg1h5j42swfq.cloudfront.net\/2023\/07\/25142509\/sao-jose-dos-campos-saude-sp.jpg","type":"image\/jpeg"}],"author":"Coordena\u00e7\u00e3o","twitter_card":"summary_large_image","twitter_creator":"@EstratConcursos","twitter_site":"@EstratConcursos","twitter_misc":{"Escrito por":"Coordena\u00e7\u00e3o","Est. tempo de leitura":"5 minutos"},"schema":{"@context":"https:\/\/schema.org","@graph":[{"@type":"NewsArticle","@id":"https:\/\/www.estrategiaconcursos.com.br\/blog\/concurso-sao-jose-dos-campos-saude-sp\/#article","isPartOf":{"@id":"https:\/\/www.estrategiaconcursos.com.br\/blog\/concurso-sao-jose-dos-campos-saude-sp\/"},"author":{"name":"Coordena\u00e7\u00e3o","@id":"https:\/\/www.estrategiaconcursos.com.br\/blog\/#\/schema\/person\/b4a388c97673c5f483d72185668afa1f"},"headline":"Concurso S\u00e3o Jos\u00e9 dos Campos Sa\u00fade: veja os resultados","datePublished":"2025-10-10T17:04:00+00:00","dateModified":"2025-10-10T17:04:14+00:00","mainEntityOfPage":{"@id":"https:\/\/www.estrategiaconcursos.com.br\/blog\/concurso-sao-jose-dos-campos-saude-sp\/"},"wordCount":1001,"commentCount":0,"publisher":{"@id":"https:\/\/www.estrategiaconcursos.com.br\/blog\/#organization"},"image":{"@id":"https:\/\/www.estrategiaconcursos.com.br\/blog\/concurso-sao-jose-dos-campos-saude-sp\/#primaryimage"},"thumbnailUrl":"https:\/\/dhg1h5j42swfq.cloudfront.net\/2023\/07\/25142509\/sao-jose-dos-campos-saude-sp.jpg","articleSection":["Sa\u00fade"],"inLanguage":"pt-BR","potentialAction":[{"@type":"CommentAction","name":"Comment","target":["https:\/\/www.estrategiaconcursos.com.br\/blog\/concurso-sao-jose-dos-campos-saude-sp\/#respond"]}],"copyrightYear":"2025","copyrightHolder":{"@id":"https:\/\/www.estrategiaconcursos.com.br\/blog\/#organization"}},{"@type":"WebPage","@id":"https:\/\/www.estrategiaconcursos.com.br\/blog\/concurso-sao-jose-dos-campos-saude-sp\/","url":"https:\/\/www.estrategiaconcursos.com.br\/blog\/concurso-sao-jose-dos-campos-saude-sp\/","name":"Concurso S\u00e3o Jos\u00e9 dos Campos Sa\u00fade: veja os resultados","isPartOf":{"@id":"https:\/\/www.estrategiaconcursos.com.br\/blog\/#website"},"primaryImageOfPage":{"@id":"https:\/\/www.estrategiaconcursos.com.br\/blog\/concurso-sao-jose-dos-campos-saude-sp\/#primaryimage"},"image":{"@id":"https:\/\/www.estrategiaconcursos.com.br\/blog\/concurso-sao-jose-dos-campos-saude-sp\/#primaryimage"},"thumbnailUrl":"https:\/\/dhg1h5j42swfq.cloudfront.net\/2023\/07\/25142509\/sao-jose-dos-campos-saude-sp.jpg","datePublished":"2025-10-10T17:04:00+00:00","dateModified":"2025-10-10T17:04:14+00:00","description":"Concurso S\u00e3o Jos\u00e9 dos Campos Sa\u00fade-SP oferece vagas em diferentes cargos. Resultados das provas s\u00e3o divulgados. Confira!","breadcrumb":{"@id":"https:\/\/www.estrategiaconcursos.com.br\/blog\/concurso-sao-jose-dos-campos-saude-sp\/#breadcrumb"},"inLanguage":"pt-BR","potentialAction":[{"@type":"ReadAction","target":["https:\/\/www.estrategiaconcursos.com.br\/blog\/concurso-sao-jose-dos-campos-saude-sp\/"]}]},{"@type":"ImageObject","inLanguage":"pt-BR","@id":"https:\/\/www.estrategiaconcursos.com.br\/blog\/concurso-sao-jose-dos-campos-saude-sp\/#primaryimage","url":"https:\/\/dhg1h5j42swfq.cloudfront.net\/2023\/07\/25142509\/sao-jose-dos-campos-saude-sp.jpg","contentUrl":"https:\/\/dhg1h5j42swfq.cloudfront.net\/2023\/07\/25142509\/sao-jose-dos-campos-saude-sp.jpg","width":768,"height":432,"caption":"concurso S\u00e3o Jos\u00e9 dos Campos Sa\u00fade SP"},{"@type":"BreadcrumbList","@id":"https:\/\/www.estrategiaconcursos.com.br\/blog\/concurso-sao-jose-dos-campos-saude-sp\/#breadcrumb","itemListElement":[{"@type":"ListItem","position":1,"name":"In\u00edcio","item":"https:\/\/www.estrategiaconcursos.com.br\/blog\/"},{"@type":"ListItem","position":2,"name":"Concurso S\u00e3o Jos\u00e9 dos Campos Sa\u00fade: veja os resultados"}]},{"@type":"WebSite","@id":"https:\/\/www.estrategiaconcursos.com.br\/blog\/#website","url":"https:\/\/www.estrategiaconcursos.com.br\/blog\/","name":"Estrat\u00e9gia Concursos","description":"O blog da Estrat\u00e9gia Concursos traz not\u00edcias sobre concursos e artigos de professores oferecendo cursos para concursos (pdf + videaulas) no site.","publisher":{"@id":"https:\/\/www.estrategiaconcursos.com.br\/blog\/#organization"},"potentialAction":[{"@type":"SearchAction","target":{"@type":"EntryPoint","urlTemplate":"https:\/\/www.estrategiaconcursos.com.br\/blog\/?s={search_term_string}"},"query-input":{"@type":"PropertyValueSpecification","valueRequired":true,"valueName":"search_term_string"}}],"inLanguage":"pt-BR"},{"@type":"Organization","@id":"https:\/\/www.estrategiaconcursos.com.br\/blog\/#organization","name":"Estrat\u00e9gia Concursos","url":"https:\/\/www.estrategiaconcursos.com.br\/blog\/","logo":{"@type":"ImageObject","inLanguage":"pt-BR","@id":"https:\/\/www.estrategiaconcursos.com.br\/blog\/#\/schema\/logo\/image\/","url":"https:\/\/dhg1h5j42swfq.cloudfront.net\/2025\/06\/03203428\/logo_concursos-1.jpg","contentUrl":"https:\/\/dhg1h5j42swfq.cloudfront.net\/2025\/06\/03203428\/logo_concursos-1.jpg","width":230,"height":60,"caption":"Estrat\u00e9gia Concursos"},"image":{"@id":"https:\/\/www.estrategiaconcursos.com.br\/blog\/#\/schema\/logo\/image\/"},"sameAs":["https:\/\/x.com\/EstratConcursos"]},{"@type":"Person","@id":"https:\/\/www.estrategiaconcursos.com.br\/blog\/#\/schema\/person\/b4a388c97673c5f483d72185668afa1f","name":"Coordena\u00e7\u00e3o","image":{"@type":"ImageObject","inLanguage":"pt-BR","@id":"https:\/\/secure.gravatar.com\/avatar\/b720319e4c9a967eb58678d110f4fe35452fc5d5f97b202bac7b8acceb18c6ad?s=96&d=mm&r=g","url":"https:\/\/secure.gravatar.com\/avatar\/b720319e4c9a967eb58678d110f4fe35452fc5d5f97b202bac7b8acceb18c6ad?s=96&d=mm&r=g","contentUrl":"https:\/\/secure.gravatar.com\/avatar\/b720319e4c9a967eb58678d110f4fe35452fc5d5f97b202bac7b8acceb18c6ad?s=96&d=mm&r=g","caption":"Coordena\u00e7\u00e3o"},"sameAs":["https:\/\/www.facebook.com\/EstrategiaConcursos","https:\/\/x.com\/EstratConcursos"],"url":"https:\/\/www.estrategiaconcursos.com.br\/blog\/author\/estrategia2013\/"}]}},"_links":{"self":[{"href":"https:\/\/www.estrategiaconcursos.com.br\/blog\/wp-json\/wp\/v2\/posts\/1254314","targetHints":{"allow":["GET"]}}],"collection":[{"href":"https:\/\/www.estrategiaconcursos.com.br\/blog\/wp-json\/wp\/v2\/posts"}],"about":[{"href":"https:\/\/www.estrategiaconcursos.com.br\/blog\/wp-json\/wp\/v2\/types\/post"}],"author":[{"embeddable":true,"href":"https:\/\/www.estrategiaconcursos.com.br\/blog\/wp-json\/wp\/v2\/users\/1"}],"replies":[{"embeddable":true,"href":"https:\/\/www.estrategiaconcursos.com.br\/blog\/wp-json\/wp\/v2\/comments?post=1254314"}],"version-history":[{"count":28,"href":"https:\/\/www.estrategiaconcursos.com.br\/blog\/wp-json\/wp\/v2\/posts\/1254314\/revisions"}],"predecessor-version":[{"id":1653511,"href":"https:\/\/www.estrategiaconcursos.com.br\/blog\/wp-json\/wp\/v2\/posts\/1254314\/revisions\/1653511"}],"wp:featuredmedia":[{"embeddable":true,"href":"https:\/\/www.estrategiaconcursos.com.br\/blog\/wp-json\/wp\/v2\/media\/1254742"}],"wp:attachment":[{"href":"https:\/\/www.estrategiaconcursos.com.br\/blog\/wp-json\/wp\/v2\/media?parent=1254314"}],"wp:term":[{"taxonomy":"category","embeddable":true,"href":"https:\/\/www.estrategiaconcursos.com.br\/blog\/wp-json\/wp\/v2\/categories?post=1254314"},{"taxonomy":"post_tag","embeddable":true,"href":"https:\/\/www.estrategiaconcursos.com.br\/blog\/wp-json\/wp\/v2\/tags?post=1254314"},{"taxonomy":"tax_estado","embeddable":true,"href":"https:\/\/www.estrategiaconcursos.com.br\/blog\/wp-json\/wp\/v2\/tax_estado?post=1254314"}],"curies":[{"name":"wp","href":"https:\/\/api.w.org\/{rel}","templated":true}]}}