{"id":1253488,"date":"2023-08-15T11:00:00","date_gmt":"2023-08-15T14:00:00","guid":{"rendered":"https:\/\/www.estrategiaconcursos.com.br\/blog\/?p=1253488"},"modified":"2023-07-24T14:44:08","modified_gmt":"2023-07-24T17:44:08","slug":"nota-corte-concurso-aft","status":"publish","type":"post","link":"https:\/\/www.estrategiaconcursos.com.br\/blog\/nota-corte-concurso-aft\/","title":{"rendered":"Qual foi a nota de corte do \u00faltimo concurso AFT?"},"content":{"rendered":"\n<p>Confira neste artigo qual foi a <strong>nota de corte<\/strong> do \u00faltimo concurso de <strong>Auditor Fiscal do Trabalho (AFT)<\/strong>.<\/p>\n\n\n\n<figure class=\"wp-block-image aligncenter size-full is-resized\"><img loading=\"lazy\" decoding=\"async\" src=\"https:\/\/dhg1h5j42swfq.cloudfront.net\/2021\/09\/23192414\/aft.jpg\" alt=\"Qual foi a nota de corte do \u00faltimo concurso de AFT?\" class=\"wp-image-869098\" width=\"514\" height=\"289\" srcset=\"https:\/\/dhg1h5j42swfq.cloudfront.net\/2021\/09\/23192414\/aft.jpg 768w, https:\/\/dhg1h5j42swfq.cloudfront.net\/2021\/09\/23192414\/aft-300x169.jpg 300w, https:\/\/dhg1h5j42swfq.cloudfront.net\/2021\/09\/23192414\/aft-610x343.jpg 610w\" sizes=\"auto, (max-width: 514px) 100vw, 514px\" \/><\/figure>\n\n\n\n<p>Ol\u00e1, pessoal! Tudo bem com voc\u00eas?<\/p>\n\n\n\n<p>O t\u00e3o aguardado concurso de AFT finalmente foi <strong>autorizado<\/strong>. Assim, o \u00f3rg\u00e3o j\u00e1 pode come\u00e7ar os preparativos para organizar o seu pr\u00f3ximo certame.<\/p>\n\n\n\n<p>Ser\u00e3o ofertadas incr\u00edveis<strong> <mark style=\"background-color:rgba(0, 0, 0, 0)\" class=\"has-inline-color has-vivid-cyan-blue-color\">900 vagas<\/mark> <\/strong>para o cargo de Auditor Fiscal do Trabalho. Ser\u00e1 o maior concurso da \u00e1rea fiscal dos \u00faltimos tempos.<\/p>\n\n\n\n<p>Segundo a portaria de autoriza\u00e7\u00e3o do certame, o \u00f3rg\u00e3o dever\u00e1 publicar o edital do concurso at\u00e9 meados de dezembro. Contudo, ele pode sair antes desse prazo.<\/p>\n\n\n\n<p>Dessa maneira, enquanto o edital n\u00e3o \u00e9 divulgado, o que acha de sabermos qual foi a <strong><mark style=\"background-color:rgba(0, 0, 0, 0)\" class=\"has-inline-color has-vivid-cyan-blue-color\">nota de corte do \u00faltimo concurso de Auditor Fiscal do Trabalho (AFT)<\/mark><\/strong><mark style=\"background-color:rgba(0, 0, 0, 0)\" class=\"has-inline-color has-black-color\">?<\/mark><\/p>\n\n\n\n<p>Ficou interessado? Ent\u00e3o vamos l\u00e1!<\/p>\n\n\n\n<div class=\"container\" id=\"boxes\">\r\n  <div class=\"row\">\r\n\r\n    <div class=\"col-sm\">\r\n      <div class=\"banner-fiscal-01\" id=\"box-assinatura\">\r\n        <h3 class=\"titulo-assinatura\">Concurso AFT<\/h3>\r\n        <p class=\"subtitulo-assinatura\">Conhe\u00e7a os cursos<\/p>\r\n        <div class=\"box-botao\">\r\n          <a class=\"btn-assinatura\" target=\"_blank\" href=\"https:\/\/www.estrategiaconcursos.com.br\/cursosPorConcurso\/aft-auditor-fiscal-do-trabalho-11\/\" role=\"button\" rel=\"noopener noreferrer\">Conhe\u00e7a mais<\/a>\r\n        <\/div>\r\n      <\/div>\r\n      \r\n    <\/div>\r\n\r\n  <\/div>\r\n<\/div>\n\n\n\n<h2 class=\"wp-block-heading\" id=\"h-ultimo-concurso-aft\"><mark style=\"background-color:rgba(0, 0, 0, 0)\" class=\"has-inline-color has-vivid-cyan-blue-color\">\u00daltimo concurso AFT<\/mark><\/h2>\n\n\n\n<p>O \u00faltimo concurso AFT foi realizado no ano de <strong>2013<\/strong>, sob a organiza\u00e7\u00e3o da banca <strong>Cespe\/Cebraspe.<\/strong><\/p>\n\n\n\n<p>Foram ofertadas <strong>100 vagas<\/strong> para o cargo de Auditor Fiscal do Trabalho, com a <strong>nomea\u00e7\u00e3o<\/strong> de <strong>92 candidatos<\/strong> aprovados. Contudo, outros <strong>12 <\/strong>conseguiram ser nomeados por <strong>via judicial<\/strong>. Assim, 104 novos auditores ingressaram no \u00f3rg\u00e3o por meio do \u00faltimo certame.<\/p>\n\n\n\n<p>Na ocasi\u00e3o, <strong>48.035 candidatos se inscreveram<\/strong> para o concurso AFT, gerando uma demanda de aproximadamente 480 candidatos por vaga.<\/p>\n\n\n\n<h2 class=\"wp-block-heading\" id=\"h-nota-de-corte-do-concurso-aft\"><mark style=\"background-color:rgba(0, 0, 0, 0)\" class=\"has-inline-color has-vivid-cyan-blue-color\">Nota de corte do concurso AFT<\/mark><\/h2>\n\n\n\n<p>Nota de corte de um concurso p\u00fablico \u00e9 a&nbsp;<strong>nota do \u00faltimo colocado dentro das vagas<\/strong>, ou seja, \u00e9 a menor nota entre os candidatos aprovados dentro do quantitativo de vagas disponibilizadas pelo edital do certame.<\/p>\n\n\n\n<p>Como j\u00e1 citado, foram ofertadas 100 vagas no \u00faltimo concurso AFT. Contudo, apenas 92 candidatos foram aprovados no certame. Isso ocorreu, pois, a maioria dos concorrentes n\u00e3o conseguiram alcan\u00e7ar as notas m\u00ednimas exigidas pelo edital.<\/p>\n\n\n\n<p>Dessa maneira, a nota de corte deste concurso foi a nota do \u00faltimo candidato classificado, ou seja, o 92\u00ba.<\/p>\n\n\n\n<p>Importante destacar que o concurso AFT foi composto por <strong>4 provas,<\/strong> sendo duas objetivas e duas discursivas.<\/p>\n\n\n\n<p>Dessa maneira, vamos analisar a nota de corte da prova objetiva e a nota de corte total, englobando a objetiva e a discursiva.<\/p>\n\n\n\n<h2 class=\"wp-block-heading\" id=\"h-nota-de-corte-da-prova-objetiva-do-concurso-aft\"><mark style=\"background-color:rgba(0, 0, 0, 0)\" class=\"has-inline-color has-vivid-cyan-blue-color\">Nota de corte da prova objetiva do concurso AFT<\/mark><\/h2>\n\n\n\n<p>A prova objetiva do \u00faltimo concurso AFT teve pontua\u00e7\u00e3o total de <strong>220 pontos<\/strong>, sendo 100 em conhecimentos b\u00e1sicos e 120 em conhecimentos espec\u00edficos.<\/p>\n\n\n\n<p>Ap\u00f3s an\u00e1lise das notas dos aprovados, constatamos que a <strong>nota de corte <\/strong>da prova objetiva foi<strong><mark style=\"background-color:rgba(0, 0, 0, 0)\" class=\"has-inline-color has-vivid-cyan-blue-color\"> 126 pontos<\/mark><\/strong>. Em outras palavras, a menor nota entre os aprovados dentro das vagas na prova objetiva foi 126, o que corresponde a<strong><mark style=\"background-color:rgba(0, 0, 0, 0)\" class=\"has-inline-color has-vivid-cyan-blue-color\"> 57,3% <\/mark><\/strong>da nota total.<\/p>\n\n\n\n<p>Voc\u00ea deve estar pensando que a nota de corte foi baixa, n\u00e3o \u00e9 mesmo? Todavia, um dos motivos para isso ter ocorrido \u00e9 que a prova objetiva foi composta por quest\u00f5es no estilo Certo\/Errado da Cebraspe. Em outras palavras, ao errar uma quest\u00e3o, o candidato perdia 1 ponto. \u00c9 o famoso uma errada anula uma certa.<\/p>\n\n\n\n<h2 class=\"wp-block-heading\" id=\"h-nota-de-corte-final-do-concurso-aft\"><mark style=\"background-color:rgba(0, 0, 0, 0)\" class=\"has-inline-color has-vivid-cyan-blue-color\">Nota de corte final do concurso AFT<\/mark><\/h2>\n\n\n\n<p>Para analisarmos a nota de corte final do \u00faltimo concurso AFT, temos tamb\u00e9m que incluir as notas das provas discursivas.<\/p>\n\n\n\n<p>Foram aplicadas duas provas discursivas, valendo 100 pontos cada. Dessa maneira, a nota m\u00e1xima total do concurso AFT correspondeu a <strong>420 pontos<\/strong> (220 + 100 + 100).<\/p>\n\n\n\n<p>Dito isto, a nota total do \u00faltimo candidato classificado no \u00faltimo concurso de Auditor Fiscal do Trabalho (AFT), ou seja, a <strong>nota de corte final<\/strong>, foi de<strong><mark style=\"background-color:rgba(0, 0, 0, 0)\" class=\"has-inline-color has-vivid-cyan-blue-color\"> 251,29 pontos<\/mark><\/strong>, o que corresponde a<strong><mark style=\"background-color:rgba(0, 0, 0, 0)\" class=\"has-inline-color has-vivid-cyan-blue-color\"> 59,8%<\/mark><\/strong>.<\/p>\n\n\n\n<h2 class=\"wp-block-heading\" id=\"h-resumo\"><mark style=\"background-color:rgba(0, 0, 0, 0)\" class=\"has-inline-color has-vivid-cyan-blue-color\">Resumo<\/mark><\/h2>\n\n\n\n<p>Voc\u00ea pode conferir abaixo o resumo sobre a nossa an\u00e1lise da nota de corte do \u00faltimo concurso AFT:<\/p>\n\n\n\n<figure class=\"wp-block-table aligncenter is-style-stripes\"><table class=\"has-pale-ocean-gradient-background has-background\"><tbody><tr><td class=\"has-text-align-center\" data-align=\"center\"><\/td><td class=\"has-text-align-center\" data-align=\"center\"><strong>Pontua\u00e7\u00e3o m\u00e1xima<\/strong><\/td><td class=\"has-text-align-center\" data-align=\"center\"><strong>Nota de corte<\/strong><\/td><td class=\"has-text-align-center\" data-align=\"center\"><strong>% Nota de corte<\/strong><\/td><\/tr><tr><td class=\"has-text-align-center\" data-align=\"center\"><strong>Objetiva<\/strong><\/td><td class=\"has-text-align-center\" data-align=\"center\">220 pontos<\/td><td class=\"has-text-align-center\" data-align=\"center\">126 pontos<\/td><td class=\"has-text-align-center\" data-align=\"center\"><strong><mark style=\"background-color:rgba(0, 0, 0, 0)\" class=\"has-inline-color has-vivid-red-color\">57,3%<\/mark><\/strong><\/td><\/tr><tr><td class=\"has-text-align-center\" data-align=\"center\"><strong>Final<\/strong><\/td><td class=\"has-text-align-center\" data-align=\"center\">420 pontos <\/td><td class=\"has-text-align-center\" data-align=\"center\">251,19 pontos<\/td><td class=\"has-text-align-center\" data-align=\"center\"><strong><mark style=\"background-color:rgba(0, 0, 0, 0)\" class=\"has-inline-color has-vivid-red-color\">59,8%<\/mark><\/strong><\/td><\/tr><\/tbody><\/table><\/figure>\n\n\n\n<h2 class=\"wp-block-heading\" id=\"h-finalizando-nota-de-corte-concurso-aft\"><mark style=\"background-color:rgba(0, 0, 0, 0)\" class=\"has-inline-color has-vivid-cyan-blue-color\">Finalizando \u2013 Nota de Corte Concurso AFT<\/mark><\/h2>\n\n\n\n<p>Pessoal, finalizamos o nosso artigo sobre a nota de corte do \u00faltimo concurso de Auditor Fiscal do Trabalho (AFT). Esperamos que tenham gostado.<\/p>\n\n\n\n<p>O pr\u00f3ximo concurso AFT ser\u00e1 uma excelente oportunidade para voc\u00ea finalmente conseguir o seu t\u00e3o sonhado cargo p\u00fablico, visto que ser\u00e3o ofertadas incr\u00edveis 900 vagas.<\/p>\n\n\n\n<p>Contudo, a concorr\u00eancia tamb\u00e9m ser\u00e1 muito alta e qualificada. Desse modo, voc\u00ea precisa se preparar da melhor maneira para esta oportunidade que est\u00e1 por vir.<\/p>\n\n\n\n<p>Assim, caso queira se preparar para chegar&nbsp;<strong>competitivo&nbsp;<\/strong>na prova de Auditor Fiscal do Trabalho, invista nos&nbsp;<a href=\"https:\/\/www.estrategiaconcursos.com.br\/cursosPorConcurso\/aft-auditor-fiscal-do-trabalho-11\/\" target=\"_blank\" rel=\"noreferrer noopener\"><strong>cursos AFT do Estrat\u00e9gia Concursos<\/strong><\/a>. L\u00e1 voc\u00ea encontrar\u00e1&nbsp;<strong>aulas completas e detalhadas, com os melhores professores do mercado<\/strong>.<\/p>\n\n\n\n<p>Conhe\u00e7a tamb\u00e9m o&nbsp;<a href=\"https:\/\/questoes.estrategiaconcursos.com.br\/\" target=\"_blank\" rel=\"noreferrer noopener\"><strong>Sistema de Quest\u00f5es do Estrat\u00e9gia<\/strong><\/a>. Afinal, a \u00fanica maneira de&nbsp;<strong>consolidar o conte\u00fado&nbsp;<\/strong>de maneira satisfat\u00f3ria \u00e9 atrav\u00e9s da&nbsp;<strong>resolu\u00e7\u00e3o de quest\u00f5es.<\/strong>&nbsp;<\/p>\n\n\n\n<p>N\u00e3o perca esta chance de mudar a sua vida para sempre.<\/p>\n\n\n\n<p>Bons estudos a todos e at\u00e9 a pr\u00f3xima!<\/p>\n\n\n\n<h2 class=\"wp-block-heading has-text-align-center\" id=\"cursos-assinatura\">Quer estudar para o concurso AFT?<\/h2>\n\n\n\n<p>Prepare-se com o melhor material e com quem mais aprova em Concursos P\u00fablicos em todo o pa\u00eds!<\/p>\n\n\n\n<p class=\"has-text-align-center has-vivid-cyan-blue-color has-text-color has-background\" style=\"background-color:#0078bd\"><a href=\"https:\/\/www.estrategiaconcursos.com.br\/blog\/concursos-abertos\/\" target=\"_blank\" rel=\"noreferrer noopener\"><strong><mark style=\"background-color:rgba(0, 0, 0, 0)\" class=\"has-inline-color has-white-color\">Concursos Abertos<\/mark><\/strong><\/a><\/p>\n\n\n\n<p class=\"has-text-align-center has-vivid-cyan-blue-color has-text-color has-background\" style=\"background-color:#0078bd\"><a href=\"https:\/\/www.estrategiaconcursos.com.br\/blog\/concursos-2023\/\" target=\"_blank\" rel=\"noreferrer noopener\"><strong><mark style=\"background-color:rgba(0, 0, 0, 0)\" class=\"has-inline-color has-white-color\">Concursos 2023<\/mark><\/strong><\/a><\/p>\n\n\n\n<div class=\"container\" id=\"boxes\">\r\n  <div class=\"row\">\r\n\r\n    <div class=\"col-sm\">\r\n      <div class=\"banner-fiscal-01\" id=\"box-assinatura\">\r\n        <h3 class=\"titulo-assinatura\">Concurso AFT<\/h3>\r\n        <p class=\"subtitulo-assinatura\">Conhe\u00e7a os cursos<\/p>\r\n        <div class=\"box-botao\">\r\n          <a class=\"btn-assinatura\" target=\"_blank\" href=\"https:\/\/www.estrategiaconcursos.com.br\/cursosPorConcurso\/aft-auditor-fiscal-do-trabalho-11\/\" role=\"button\" rel=\"noopener noreferrer\">Conhe\u00e7a mais<\/a>\r\n        <\/div>\r\n      <\/div>\r\n      \r\n    <\/div>\r\n\r\n  <\/div>\r\n<\/div>\n\n\n\n<div class=\"container\" id=\"boxes\">\r\n  <div class=\"row\">\r\n\r\n    <div class=\"col-sm\">\r\n      <div class=\"estrategia\" id=\"box-assinatura\">\r\n        <h3 class=\"titulo-assinatura\">Assinatura Concursos<\/h3>\r\n        <p class=\"subtitulo-assinatura\">Assinatura de 1 ano ou 2 anos<\/p>\r\n        <div class=\"box-botao\">\r\n          <a class=\"btn-assinatura\" target=\"_blank\" href=\"https:\/\/www.estrategiaconcursos.com.br\/assinaturas\/\" role=\"button\" rel=\"noopener noreferrer\">ASSINE AGORA<\/a>\r\n        <\/div>\r\n      <\/div><\/div><\/div><\/div>\n","protected":false},"excerpt":{"rendered":"<p>Confira neste artigo qual foi a nota de corte do \u00faltimo concurso de Auditor Fiscal do Trabalho (AFT). Ol\u00e1, pessoal! Tudo bem com voc\u00eas? O t\u00e3o aguardado concurso de AFT finalmente foi autorizado. Assim, o \u00f3rg\u00e3o j\u00e1 pode come\u00e7ar os preparativos para organizar o seu pr\u00f3ximo certame. Ser\u00e3o ofertadas incr\u00edveis 900 vagas para o cargo [&hellip;]<\/p>\n","protected":false},"author":1976,"featured_media":869098,"comment_status":"open","ping_status":"closed","sticky":false,"template":"","format":"standard","meta":{"post_tipo":"article","footnotes":""},"categories":[1,220182],"tags":[],"tax_estado":[219963],"class_list":["post-1253488","post","type-post","status-publish","format-standard","has-post-thumbnail","hentry","category-cursos-e-concursos","category-fiscal-federal","tax_estado-concursos-federais"],"acf":[],"yoast_head":"<!-- This site is optimized with the Yoast SEO Premium plugin v27.2 (Yoast SEO v27.2) - https:\/\/yoast.com\/product\/yoast-seo-premium-wordpress\/ -->\n<title>Qual foi a nota de corte do \u00faltimo concurso AFT?<\/title>\n<meta name=\"description\" content=\"Confira neste artigo qual foi a nota de corte do \u00faltimo concurso de Auditor Fiscal do Trabalho (AFT), que ocorreu em 2013.\" \/>\n<meta name=\"robots\" content=\"index, follow, max-snippet:-1, max-image-preview:large, max-video-preview:-1\" \/>\n<link rel=\"canonical\" href=\"https:\/\/www.estrategiaconcursos.com.br\/blog\/nota-corte-concurso-aft\/\" \/>\n<meta property=\"og:locale\" content=\"pt_BR\" \/>\n<meta property=\"og:type\" content=\"article\" \/>\n<meta property=\"og:title\" content=\"Qual foi a nota de corte do \u00faltimo concurso AFT?\" \/>\n<meta property=\"og:description\" content=\"Confira neste artigo qual foi a nota de corte do \u00faltimo concurso de Auditor Fiscal do Trabalho (AFT), que ocorreu em 2013.\" \/>\n<meta property=\"og:url\" content=\"https:\/\/www.estrategiaconcursos.com.br\/blog\/nota-corte-concurso-aft\/\" \/>\n<meta property=\"og:site_name\" content=\"Estrat\u00e9gia Concursos\" \/>\n<meta property=\"article:published_time\" content=\"2023-08-15T14:00:00+00:00\" \/>\n<meta property=\"og:image\" content=\"https:\/\/dhg1h5j42swfq.cloudfront.net\/2021\/09\/23192414\/aft.jpg\" \/>\n\t<meta property=\"og:image:width\" content=\"768\" \/>\n\t<meta property=\"og:image:height\" content=\"432\" \/>\n\t<meta property=\"og:image:type\" content=\"image\/jpeg\" \/>\n<meta name=\"author\" content=\"Kassio Henrique Sobral Rocha\" \/>\n<meta name=\"twitter:card\" content=\"summary_large_image\" \/>\n<meta name=\"twitter:creator\" content=\"@EstratConcursos\" \/>\n<meta name=\"twitter:site\" content=\"@EstratConcursos\" \/>\n<meta name=\"twitter:label1\" content=\"Escrito por\" \/>\n\t<meta name=\"twitter:data1\" content=\"Kassio Henrique Sobral Rocha\" \/>\n\t<meta name=\"twitter:label2\" content=\"Est. tempo de leitura\" \/>\n\t<meta name=\"twitter:data2\" content=\"4 minutos\" \/>\n<script type=\"application\/ld+json\" class=\"yoast-schema-graph\">{\"@context\":\"https:\/\/schema.org\",\"@graph\":[{\"@type\":\"NewsArticle\",\"@id\":\"https:\/\/www.estrategiaconcursos.com.br\/blog\/nota-corte-concurso-aft\/#article\",\"isPartOf\":{\"@id\":\"https:\/\/www.estrategiaconcursos.com.br\/blog\/nota-corte-concurso-aft\/\"},\"author\":{\"name\":\"Kassio Henrique Sobral Rocha\",\"@id\":\"https:\/\/www.estrategiaconcursos.com.br\/blog\/#\/schema\/person\/f0c830e07cfe11c231c0ea5dbb036df5\"},\"headline\":\"Qual foi a nota de corte do \u00faltimo concurso AFT?\",\"datePublished\":\"2023-08-15T14:00:00+00:00\",\"mainEntityOfPage\":{\"@id\":\"https:\/\/www.estrategiaconcursos.com.br\/blog\/nota-corte-concurso-aft\/\"},\"wordCount\":845,\"commentCount\":0,\"publisher\":{\"@id\":\"https:\/\/www.estrategiaconcursos.com.br\/blog\/#organization\"},\"image\":{\"@id\":\"https:\/\/www.estrategiaconcursos.com.br\/blog\/nota-corte-concurso-aft\/#primaryimage\"},\"thumbnailUrl\":\"https:\/\/dhg1h5j42swfq.cloudfront.net\/2021\/09\/23192414\/aft.jpg\",\"articleSection\":[\"Concursos P\u00fablicos\",\"Fiscal - Federal (RFB e AFT)\"],\"inLanguage\":\"pt-BR\",\"potentialAction\":[{\"@type\":\"CommentAction\",\"name\":\"Comment\",\"target\":[\"https:\/\/www.estrategiaconcursos.com.br\/blog\/nota-corte-concurso-aft\/#respond\"]}],\"copyrightYear\":\"2023\",\"copyrightHolder\":{\"@id\":\"https:\/\/www.estrategiaconcursos.com.br\/blog\/#organization\"}},{\"@type\":\"WebPage\",\"@id\":\"https:\/\/www.estrategiaconcursos.com.br\/blog\/nota-corte-concurso-aft\/\",\"url\":\"https:\/\/www.estrategiaconcursos.com.br\/blog\/nota-corte-concurso-aft\/\",\"name\":\"Qual foi a nota de corte do \u00faltimo concurso AFT?\",\"isPartOf\":{\"@id\":\"https:\/\/www.estrategiaconcursos.com.br\/blog\/#website\"},\"primaryImageOfPage\":{\"@id\":\"https:\/\/www.estrategiaconcursos.com.br\/blog\/nota-corte-concurso-aft\/#primaryimage\"},\"image\":{\"@id\":\"https:\/\/www.estrategiaconcursos.com.br\/blog\/nota-corte-concurso-aft\/#primaryimage\"},\"thumbnailUrl\":\"https:\/\/dhg1h5j42swfq.cloudfront.net\/2021\/09\/23192414\/aft.jpg\",\"datePublished\":\"2023-08-15T14:00:00+00:00\",\"description\":\"Confira neste artigo qual foi a nota de corte do \u00faltimo concurso de Auditor Fiscal do Trabalho (AFT), que ocorreu em 2013.\",\"breadcrumb\":{\"@id\":\"https:\/\/www.estrategiaconcursos.com.br\/blog\/nota-corte-concurso-aft\/#breadcrumb\"},\"inLanguage\":\"pt-BR\",\"potentialAction\":[{\"@type\":\"ReadAction\",\"target\":[\"https:\/\/www.estrategiaconcursos.com.br\/blog\/nota-corte-concurso-aft\/\"]}]},{\"@type\":\"ImageObject\",\"inLanguage\":\"pt-BR\",\"@id\":\"https:\/\/www.estrategiaconcursos.com.br\/blog\/nota-corte-concurso-aft\/#primaryimage\",\"url\":\"https:\/\/dhg1h5j42swfq.cloudfront.net\/2021\/09\/23192414\/aft.jpg\",\"contentUrl\":\"https:\/\/dhg1h5j42swfq.cloudfront.net\/2021\/09\/23192414\/aft.jpg\",\"width\":768,\"height\":432,\"caption\":\"Concurso AFT lota\u00e7\u00e3o\"},{\"@type\":\"BreadcrumbList\",\"@id\":\"https:\/\/www.estrategiaconcursos.com.br\/blog\/nota-corte-concurso-aft\/#breadcrumb\",\"itemListElement\":[{\"@type\":\"ListItem\",\"position\":1,\"name\":\"In\u00edcio\",\"item\":\"https:\/\/www.estrategiaconcursos.com.br\/blog\/\"},{\"@type\":\"ListItem\",\"position\":2,\"name\":\"Qual foi a nota de corte do \u00faltimo concurso AFT?\"}]},{\"@type\":\"WebSite\",\"@id\":\"https:\/\/www.estrategiaconcursos.com.br\/blog\/#website\",\"url\":\"https:\/\/www.estrategiaconcursos.com.br\/blog\/\",\"name\":\"Estrat\u00e9gia Concursos\",\"description\":\"O blog da Estrat\u00e9gia Concursos traz not\u00edcias sobre concursos e artigos de professores oferecendo cursos para concursos (pdf + videaulas) no site.\",\"publisher\":{\"@id\":\"https:\/\/www.estrategiaconcursos.com.br\/blog\/#organization\"},\"potentialAction\":[{\"@type\":\"SearchAction\",\"target\":{\"@type\":\"EntryPoint\",\"urlTemplate\":\"https:\/\/www.estrategiaconcursos.com.br\/blog\/?s={search_term_string}\"},\"query-input\":{\"@type\":\"PropertyValueSpecification\",\"valueRequired\":true,\"valueName\":\"search_term_string\"}}],\"inLanguage\":\"pt-BR\"},{\"@type\":\"Organization\",\"@id\":\"https:\/\/www.estrategiaconcursos.com.br\/blog\/#organization\",\"name\":\"Estrat\u00e9gia Concursos\",\"url\":\"https:\/\/www.estrategiaconcursos.com.br\/blog\/\",\"logo\":{\"@type\":\"ImageObject\",\"inLanguage\":\"pt-BR\",\"@id\":\"https:\/\/www.estrategiaconcursos.com.br\/blog\/#\/schema\/logo\/image\/\",\"url\":\"https:\/\/dhg1h5j42swfq.cloudfront.net\/2025\/06\/03203428\/logo_concursos-1.jpg\",\"contentUrl\":\"https:\/\/dhg1h5j42swfq.cloudfront.net\/2025\/06\/03203428\/logo_concursos-1.jpg\",\"width\":230,\"height\":60,\"caption\":\"Estrat\u00e9gia Concursos\"},\"image\":{\"@id\":\"https:\/\/www.estrategiaconcursos.com.br\/blog\/#\/schema\/logo\/image\/\"},\"sameAs\":[\"https:\/\/x.com\/EstratConcursos\"]},{\"@type\":\"Person\",\"@id\":\"https:\/\/www.estrategiaconcursos.com.br\/blog\/#\/schema\/person\/f0c830e07cfe11c231c0ea5dbb036df5\",\"name\":\"Kassio Henrique Sobral Rocha\",\"image\":{\"@type\":\"ImageObject\",\"inLanguage\":\"pt-BR\",\"@id\":\"https:\/\/secure.gravatar.com\/avatar\/d10350cbdad043facd8ec77a377f86f9026afee3348e463b04854fd4490ce759?s=96&d=mm&r=g\",\"url\":\"https:\/\/secure.gravatar.com\/avatar\/d10350cbdad043facd8ec77a377f86f9026afee3348e463b04854fd4490ce759?s=96&d=mm&r=g\",\"contentUrl\":\"https:\/\/secure.gravatar.com\/avatar\/d10350cbdad043facd8ec77a377f86f9026afee3348e463b04854fd4490ce759?s=96&d=mm&r=g\",\"caption\":\"Kassio Henrique Sobral Rocha\"},\"url\":\"https:\/\/www.estrategiaconcursos.com.br\/blog\/author\/kassio-rochayahoo-com-br\/\"}]}<\/script>\n<!-- \/ Yoast SEO Premium plugin. -->","yoast_head_json":{"title":"Qual foi a nota de corte do \u00faltimo concurso AFT?","description":"Confira neste artigo qual foi a nota de corte do \u00faltimo concurso de Auditor Fiscal do Trabalho (AFT), que ocorreu em 2013.","robots":{"index":"index","follow":"follow","max-snippet":"max-snippet:-1","max-image-preview":"max-image-preview:large","max-video-preview":"max-video-preview:-1"},"canonical":"https:\/\/www.estrategiaconcursos.com.br\/blog\/nota-corte-concurso-aft\/","og_locale":"pt_BR","og_type":"article","og_title":"Qual foi a nota de corte do \u00faltimo concurso AFT?","og_description":"Confira neste artigo qual foi a nota de corte do \u00faltimo concurso de Auditor Fiscal do Trabalho (AFT), que ocorreu em 2013.","og_url":"https:\/\/www.estrategiaconcursos.com.br\/blog\/nota-corte-concurso-aft\/","og_site_name":"Estrat\u00e9gia Concursos","article_published_time":"2023-08-15T14:00:00+00:00","og_image":[{"width":768,"height":432,"url":"https:\/\/dhg1h5j42swfq.cloudfront.net\/2021\/09\/23192414\/aft.jpg","type":"image\/jpeg"}],"author":"Kassio Henrique Sobral Rocha","twitter_card":"summary_large_image","twitter_creator":"@EstratConcursos","twitter_site":"@EstratConcursos","twitter_misc":{"Escrito por":"Kassio Henrique Sobral Rocha","Est. tempo de leitura":"4 minutos"},"schema":{"@context":"https:\/\/schema.org","@graph":[{"@type":"NewsArticle","@id":"https:\/\/www.estrategiaconcursos.com.br\/blog\/nota-corte-concurso-aft\/#article","isPartOf":{"@id":"https:\/\/www.estrategiaconcursos.com.br\/blog\/nota-corte-concurso-aft\/"},"author":{"name":"Kassio Henrique Sobral Rocha","@id":"https:\/\/www.estrategiaconcursos.com.br\/blog\/#\/schema\/person\/f0c830e07cfe11c231c0ea5dbb036df5"},"headline":"Qual foi a nota de corte do \u00faltimo concurso AFT?","datePublished":"2023-08-15T14:00:00+00:00","mainEntityOfPage":{"@id":"https:\/\/www.estrategiaconcursos.com.br\/blog\/nota-corte-concurso-aft\/"},"wordCount":845,"commentCount":0,"publisher":{"@id":"https:\/\/www.estrategiaconcursos.com.br\/blog\/#organization"},"image":{"@id":"https:\/\/www.estrategiaconcursos.com.br\/blog\/nota-corte-concurso-aft\/#primaryimage"},"thumbnailUrl":"https:\/\/dhg1h5j42swfq.cloudfront.net\/2021\/09\/23192414\/aft.jpg","articleSection":["Concursos P\u00fablicos","Fiscal - Federal (RFB e AFT)"],"inLanguage":"pt-BR","potentialAction":[{"@type":"CommentAction","name":"Comment","target":["https:\/\/www.estrategiaconcursos.com.br\/blog\/nota-corte-concurso-aft\/#respond"]}],"copyrightYear":"2023","copyrightHolder":{"@id":"https:\/\/www.estrategiaconcursos.com.br\/blog\/#organization"}},{"@type":"WebPage","@id":"https:\/\/www.estrategiaconcursos.com.br\/blog\/nota-corte-concurso-aft\/","url":"https:\/\/www.estrategiaconcursos.com.br\/blog\/nota-corte-concurso-aft\/","name":"Qual foi a nota de corte do \u00faltimo concurso AFT?","isPartOf":{"@id":"https:\/\/www.estrategiaconcursos.com.br\/blog\/#website"},"primaryImageOfPage":{"@id":"https:\/\/www.estrategiaconcursos.com.br\/blog\/nota-corte-concurso-aft\/#primaryimage"},"image":{"@id":"https:\/\/www.estrategiaconcursos.com.br\/blog\/nota-corte-concurso-aft\/#primaryimage"},"thumbnailUrl":"https:\/\/dhg1h5j42swfq.cloudfront.net\/2021\/09\/23192414\/aft.jpg","datePublished":"2023-08-15T14:00:00+00:00","description":"Confira neste artigo qual foi a nota de corte do \u00faltimo concurso de Auditor Fiscal do Trabalho (AFT), que ocorreu em 2013.","breadcrumb":{"@id":"https:\/\/www.estrategiaconcursos.com.br\/blog\/nota-corte-concurso-aft\/#breadcrumb"},"inLanguage":"pt-BR","potentialAction":[{"@type":"ReadAction","target":["https:\/\/www.estrategiaconcursos.com.br\/blog\/nota-corte-concurso-aft\/"]}]},{"@type":"ImageObject","inLanguage":"pt-BR","@id":"https:\/\/www.estrategiaconcursos.com.br\/blog\/nota-corte-concurso-aft\/#primaryimage","url":"https:\/\/dhg1h5j42swfq.cloudfront.net\/2021\/09\/23192414\/aft.jpg","contentUrl":"https:\/\/dhg1h5j42swfq.cloudfront.net\/2021\/09\/23192414\/aft.jpg","width":768,"height":432,"caption":"Concurso AFT lota\u00e7\u00e3o"},{"@type":"BreadcrumbList","@id":"https:\/\/www.estrategiaconcursos.com.br\/blog\/nota-corte-concurso-aft\/#breadcrumb","itemListElement":[{"@type":"ListItem","position":1,"name":"In\u00edcio","item":"https:\/\/www.estrategiaconcursos.com.br\/blog\/"},{"@type":"ListItem","position":2,"name":"Qual foi a nota de corte do \u00faltimo concurso AFT?"}]},{"@type":"WebSite","@id":"https:\/\/www.estrategiaconcursos.com.br\/blog\/#website","url":"https:\/\/www.estrategiaconcursos.com.br\/blog\/","name":"Estrat\u00e9gia Concursos","description":"O blog da Estrat\u00e9gia Concursos traz not\u00edcias sobre concursos e artigos de professores oferecendo cursos para concursos (pdf + videaulas) no site.","publisher":{"@id":"https:\/\/www.estrategiaconcursos.com.br\/blog\/#organization"},"potentialAction":[{"@type":"SearchAction","target":{"@type":"EntryPoint","urlTemplate":"https:\/\/www.estrategiaconcursos.com.br\/blog\/?s={search_term_string}"},"query-input":{"@type":"PropertyValueSpecification","valueRequired":true,"valueName":"search_term_string"}}],"inLanguage":"pt-BR"},{"@type":"Organization","@id":"https:\/\/www.estrategiaconcursos.com.br\/blog\/#organization","name":"Estrat\u00e9gia Concursos","url":"https:\/\/www.estrategiaconcursos.com.br\/blog\/","logo":{"@type":"ImageObject","inLanguage":"pt-BR","@id":"https:\/\/www.estrategiaconcursos.com.br\/blog\/#\/schema\/logo\/image\/","url":"https:\/\/dhg1h5j42swfq.cloudfront.net\/2025\/06\/03203428\/logo_concursos-1.jpg","contentUrl":"https:\/\/dhg1h5j42swfq.cloudfront.net\/2025\/06\/03203428\/logo_concursos-1.jpg","width":230,"height":60,"caption":"Estrat\u00e9gia Concursos"},"image":{"@id":"https:\/\/www.estrategiaconcursos.com.br\/blog\/#\/schema\/logo\/image\/"},"sameAs":["https:\/\/x.com\/EstratConcursos"]},{"@type":"Person","@id":"https:\/\/www.estrategiaconcursos.com.br\/blog\/#\/schema\/person\/f0c830e07cfe11c231c0ea5dbb036df5","name":"Kassio Henrique Sobral Rocha","image":{"@type":"ImageObject","inLanguage":"pt-BR","@id":"https:\/\/secure.gravatar.com\/avatar\/d10350cbdad043facd8ec77a377f86f9026afee3348e463b04854fd4490ce759?s=96&d=mm&r=g","url":"https:\/\/secure.gravatar.com\/avatar\/d10350cbdad043facd8ec77a377f86f9026afee3348e463b04854fd4490ce759?s=96&d=mm&r=g","contentUrl":"https:\/\/secure.gravatar.com\/avatar\/d10350cbdad043facd8ec77a377f86f9026afee3348e463b04854fd4490ce759?s=96&d=mm&r=g","caption":"Kassio Henrique Sobral Rocha"},"url":"https:\/\/www.estrategiaconcursos.com.br\/blog\/author\/kassio-rochayahoo-com-br\/"}]}},"_links":{"self":[{"href":"https:\/\/www.estrategiaconcursos.com.br\/blog\/wp-json\/wp\/v2\/posts\/1253488","targetHints":{"allow":["GET"]}}],"collection":[{"href":"https:\/\/www.estrategiaconcursos.com.br\/blog\/wp-json\/wp\/v2\/posts"}],"about":[{"href":"https:\/\/www.estrategiaconcursos.com.br\/blog\/wp-json\/wp\/v2\/types\/post"}],"author":[{"embeddable":true,"href":"https:\/\/www.estrategiaconcursos.com.br\/blog\/wp-json\/wp\/v2\/users\/1976"}],"replies":[{"embeddable":true,"href":"https:\/\/www.estrategiaconcursos.com.br\/blog\/wp-json\/wp\/v2\/comments?post=1253488"}],"version-history":[{"count":21,"href":"https:\/\/www.estrategiaconcursos.com.br\/blog\/wp-json\/wp\/v2\/posts\/1253488\/revisions"}],"predecessor-version":[{"id":1253798,"href":"https:\/\/www.estrategiaconcursos.com.br\/blog\/wp-json\/wp\/v2\/posts\/1253488\/revisions\/1253798"}],"wp:featuredmedia":[{"embeddable":true,"href":"https:\/\/www.estrategiaconcursos.com.br\/blog\/wp-json\/wp\/v2\/media\/869098"}],"wp:attachment":[{"href":"https:\/\/www.estrategiaconcursos.com.br\/blog\/wp-json\/wp\/v2\/media?parent=1253488"}],"wp:term":[{"taxonomy":"category","embeddable":true,"href":"https:\/\/www.estrategiaconcursos.com.br\/blog\/wp-json\/wp\/v2\/categories?post=1253488"},{"taxonomy":"post_tag","embeddable":true,"href":"https:\/\/www.estrategiaconcursos.com.br\/blog\/wp-json\/wp\/v2\/tags?post=1253488"},{"taxonomy":"tax_estado","embeddable":true,"href":"https:\/\/www.estrategiaconcursos.com.br\/blog\/wp-json\/wp\/v2\/tax_estado?post=1253488"}],"curies":[{"name":"wp","href":"https:\/\/api.w.org\/{rel}","templated":true}]}}