{"id":125270,"date":"2018-06-11T07:00:19","date_gmt":"2018-06-11T10:00:19","guid":{"rendered":"https:\/\/www.estrategiaconcursos.com.br\/blog\/?p=125270"},"modified":"2023-03-09T10:09:33","modified_gmt":"2023-03-09T13:09:33","slug":"revisao-oab-xxv","status":"publish","type":"post","link":"https:\/\/www.estrategiaconcursos.com.br\/blog\/revisao-oab-xxv\/","title":{"rendered":"Gabarito OAB | confira a corre\u00e7\u00e3o comentada da prova da 2\u00aa fase"},"content":{"rendered":"<p><span style=\"font-size: 18pt;\"><strong>Confira o Gabarito OAB da 2\u00aa fase do XXV Exame de Ordem<\/strong><\/span><\/p>\n<p><span style=\"color: #000000;\">O Estrat\u00e9gia OAB preparou uma surpresa especial para voc\u00ea que prestou a 2\u00aa fase do\u00a0<em><strong>XXV Exame de Ordem<\/strong><\/em><strong>\u00a0<\/strong>da OAB. Em uma mesa redonda ao vivo, nossos professores analisaram as provas das sete \u00e1reas profissionais aplicadas neste domingo.<\/span><\/p>\n<p>Nossos professores fizeram resolu\u00e7\u00e3o comentada das provas e discutir\u00e3o as pe\u00e7as escolhidas para cada \u00e1rea nesta edi\u00e7\u00e3o do Exame, al\u00e9m de apontar as possibilidades de recurso!<\/p>\n<p>N\u00e3o deixe de conferir! \u00c9 uma \u00f3tima oportunidade para diminuir a ansiedade que caracteriza o p\u00f3s-prova e j\u00e1 se preparar para ver seu nome na lista dos aprovados.<\/p>\n<p>O padr\u00e3o de resposta oficial por \u00e1rea j\u00e1 foi disponibilizado pela OAB. Voc\u00ea pode baixar todos os arquivos no fim da p\u00e1gina.<\/p>\n<p style=\"text-align: center;\"><em><span style=\"font-size: 18pt;\">Se voc\u00ea est\u00e1 procurando o resultado da 2\u00aa fase do XXVI Exame da OAB, <a href=\"https:\/\/www.estrategiaconcursos.com.br\/blog\/resultado-oab-xxvi\/\" target=\"_blank\" rel=\"noopener noreferrer\">CLIQUE AQUI!<\/a><\/span><\/em><\/p>\n<p style=\"text-align: center;\"><strong><span style=\"font-size: 18pt;\">Assista a <a href=\"https:\/\/youtu.be\/OlqbfvS7RZ0\">corre\u00e7\u00e3o da 2\u00aa fase do Exame da OAB<\/a><\/span><\/strong><\/p>\n<h2>A 2\u00aa fase do Exame da OAB<\/h2>\n<p>Neste domingo, os mais de 29 mil examinandos aprovados na 1\u00aa fase do XXV Exame de Ordem se submeteram \u00e0 prova pr\u00e1tico-profissional.<\/p>\n<p>Com dura\u00e7\u00e3o m\u00e1xima de\u00a0<strong><em>5 horas<\/em><\/strong>, a 2\u00aa fase foi composta por\u00a0<strong><em>quatro quest\u00f5es discursivas<\/em><\/strong> e uma\u00a0<strong><em>pe\u00e7a profissional<\/em><\/strong>, cujo tema ser\u00e1 circunscrito a uma das\u00a0<strong><em>sete \u00e1reas jur\u00eddicas<\/em><\/strong> escolhidas pelo candidato no momento da inscri\u00e7\u00e3o.<\/p>\n<p>Para ser aprovado nesta fase do Exame, \u00e9 necess\u00e1rio atingir a nota m\u00ednima de\u00a0<strong><em>6 pontos<\/em><\/strong>. A pe\u00e7a profissional vale\u00a0<strong><em>5 pontos<\/em>,\u00a0<\/strong>ao passo que cada quest\u00e3o vale\u00a0<strong><em>1,25 ponto<\/em><\/strong>.<\/p>\n<h2>Confira o padr\u00e3o de resposta oficial por \u00e1rea<\/h2>\n<p><a href=\"https:\/\/dhg1h5j42swfq.cloudfront.net\/2018\/06\/10201345\/133242_GABARITO-JUSTIFICADO-DIREITO-ADMINISTRATIVO.pdf\" target=\"_blank\" rel=\"noopener noreferrer\">Direito Administrativo;<\/a><\/p>\n<p><a href=\"https:\/\/dhg1h5j42swfq.cloudfront.net\/2018\/06\/10201337\/128377_GABARITO-JUSTIFICADO-DIREITO-CIVIL.pdf\" target=\"_blank\" rel=\"noopener noreferrer\">Direito Civil;<\/a><\/p>\n<p><a href=\"https:\/\/dhg1h5j42swfq.cloudfront.net\/2018\/06\/10201342\/131883_GABARITO-JUSTIFICADO-DIREITO-CONSTITUCIONAL.pdf\" target=\"_blank\" rel=\"noopener noreferrer\">Direito Constitucional;<\/a><\/p>\n<p><a href=\"https:\/\/dhg1h5j42swfq.cloudfront.net\/2018\/06\/10201340\/128863_GABARITO-JUSTIFICADO-DIREITO-DO-TRABALHO.pdf\" target=\"_blank\" rel=\"noopener noreferrer\">Direito do Trabalho;<\/a><\/p>\n<p><a href=\"https:\/\/dhg1h5j42swfq.cloudfront.net\/2018\/06\/10201346\/138651_GABARITO-JUSTIFICADO-DIREITO-EMPRESARIAL.pdf\" target=\"_blank\" rel=\"noopener noreferrer\">Direito Empresarial;<\/a><\/p>\n<p><a href=\"https:\/\/dhg1h5j42swfq.cloudfront.net\/2018\/06\/10201351\/168777_GABARITO-JUSTIFICADO-DIREITO-PENAL.pdf\" target=\"_blank\" rel=\"noopener noreferrer\">Direito Penal;<\/a><\/p>\n<p><a href=\"https:\/\/dhg1h5j42swfq.cloudfront.net\/2018\/06\/10201349\/145790_GABARITO-JUSTIFICADO-DIREITO-TRIBUT%C3%81RIO.pdf\" target=\"_blank\" rel=\"noopener noreferrer\">Direito Tribut\u00e1rio.<\/a><\/p>\n<p style=\"text-align: center;\"><span style=\"font-size: 18pt;\"><strong>Enquetes<\/strong><\/span><\/p>\n<p style=\"text-align: center;\"><div id=\"polls-141\" class=\"wp-polls\">\n\t<form id=\"polls_form_141\" class=\"wp-polls-form\" action=\"\/blog\/index.php\" method=\"post\">\n\t\t<p style=\"display: none;\"><input type=\"hidden\" id=\"poll_141_nonce\" name=\"wp-polls-nonce\" value=\"6fad8866e4\" \/><\/p>\n\t\t<p style=\"display: none;\"><input type=\"hidden\" name=\"poll_id\" value=\"141\" \/><\/p>\n\t\t<p><strong>Qual \u00e9 a \u00e1rea que voc\u00ea escolheu para a 2\u00aa fase do XXV Exame da OAB<\/strong><\/p><div id=\"polls-141-ans\" class=\"wp-polls-ans\"><ul class=\"wp-polls-ul\">\n\t\t<li><input type=\"radio\" id=\"poll-answer-491\" name=\"poll_141\" value=\"491\" \/> <label for=\"poll-answer-491\">Direito Administrativo<\/label><\/li>\n\t\t<li><input type=\"radio\" id=\"poll-answer-492\" name=\"poll_141\" value=\"492\" \/> <label for=\"poll-answer-492\">Direito Civil<\/label><\/li>\n\t\t<li><input type=\"radio\" id=\"poll-answer-493\" name=\"poll_141\" value=\"493\" \/> <label for=\"poll-answer-493\">Direito Constitucional<\/label><\/li>\n\t\t<li><input type=\"radio\" id=\"poll-answer-494\" name=\"poll_141\" value=\"494\" \/> <label for=\"poll-answer-494\">Direito do Trabalho<\/label><\/li>\n\t\t<li><input type=\"radio\" id=\"poll-answer-495\" name=\"poll_141\" value=\"495\" \/> <label for=\"poll-answer-495\">Direito Empresarial<\/label><\/li>\n\t\t<li><input type=\"radio\" id=\"poll-answer-496\" name=\"poll_141\" value=\"496\" \/> <label for=\"poll-answer-496\">Direito Penal<\/label><\/li>\n\t\t<li><input type=\"radio\" id=\"poll-answer-497\" name=\"poll_141\" value=\"497\" \/> <label for=\"poll-answer-497\">Direito Tribut\u00e1rio<\/label><\/li>\n\t\t<\/ul><p style=\"text-align: center\"><input type=\"button\" name=\"vote\" value=\"   Voto   \" class=\"Buttons\" onclick=\"poll_vote(141);\" \/><\/p><p style=\"text-align: center\"><a href=\"#ViewPollResults\" onclick=\"poll_result(141); return false;\" title=\"Veja resultados desta pesquisa\">Ver resultados<\/a><\/p><\/div>\n\t<\/form>\n<\/div>\n<div id=\"polls-141-loading\" class=\"wp-polls-loading\"><img loading=\"lazy\" decoding=\"async\" src=\"https:\/\/www.estrategiaconcursos.com.br\/blog\/wp-content\/plugins\/wp-polls\/images\/loading.gif\" width=\"16\" height=\"16\" alt=\"Carregando ...\" title=\"Carregando ...\" class=\"wp-polls-image\" \/>&nbsp;Carregando ...<\/div>\n<\/p>\n<p style=\"text-align: center;\"><div id=\"polls-146\" class=\"wp-polls\">\n\t<form id=\"polls_form_146\" class=\"wp-polls-form\" action=\"\/blog\/index.php\" method=\"post\">\n\t\t<p style=\"display: none;\"><input type=\"hidden\" id=\"poll_146_nonce\" name=\"wp-polls-nonce\" value=\"4788e58b12\" \/><\/p>\n\t\t<p style=\"display: none;\"><input type=\"hidden\" name=\"poll_id\" value=\"146\" \/><\/p>\n\t\t<p><strong>O que voc\u00ea achou da sua prova de 2\u00aa fase do XXV Exame de Ordem?<\/strong><\/p><div id=\"polls-146-ans\" class=\"wp-polls-ans\"><ul class=\"wp-polls-ul\">\n\t\t<li><input type=\"radio\" id=\"poll-answer-508\" name=\"poll_146\" value=\"508\" \/> <label for=\"poll-answer-508\">F\u00e1cil<\/label><\/li>\n\t\t<li><input type=\"radio\" id=\"poll-answer-509\" name=\"poll_146\" value=\"509\" \/> <label for=\"poll-answer-509\">Dif\u00edcil<\/label><\/li>\n\t\t<li><input type=\"radio\" id=\"poll-answer-510\" name=\"poll_146\" value=\"510\" \/> <label for=\"poll-answer-510\">Equilibrada<\/label><\/li>\n\t\t<\/ul><p style=\"text-align: center\"><input type=\"button\" name=\"vote\" value=\"   Voto   \" class=\"Buttons\" onclick=\"poll_vote(146);\" \/><\/p><p style=\"text-align: center\"><a href=\"#ViewPollResults\" onclick=\"poll_result(146); return false;\" title=\"Veja resultados desta pesquisa\">Ver resultados<\/a><\/p><\/div>\n\t<\/form>\n<\/div>\n<div id=\"polls-146-loading\" class=\"wp-polls-loading\"><img loading=\"lazy\" decoding=\"async\" src=\"https:\/\/www.estrategiaconcursos.com.br\/blog\/wp-content\/plugins\/wp-polls\/images\/loading.gif\" width=\"16\" height=\"16\" alt=\"Carregando ...\" title=\"Carregando ...\" class=\"wp-polls-image\" \/>&nbsp;Carregando ...<\/div>\n<\/p>\n<p><em>Ascom Estrat\u00e9gia<br \/>\n<\/em>ascomestrategia@gmail.com<\/p>\n<p><a href=\"http:\/\/www.estrategiaoab.com.br\/gratis\/simulado-oab\/\" target=\"_blank\" rel=\"noopener noreferrer\"><img loading=\"lazy\" decoding=\"async\" class=\"aligncenter size-large wp-image-126051\" src=\"https:\/\/dhg1h5j42swfq.cloudfront.net\/2018\/06\/12115439\/banner_site1.jpg\" alt=\"simulado oab\" width=\"1024\" height=\"256\" srcset=\"https:\/\/dhg1h5j42swfq.cloudfront.net\/2018\/06\/12115439\/banner_site1.jpg 1200w, https:\/\/dhg1h5j42swfq.cloudfront.net\/2018\/06\/12115439\/banner_site1.jpg 300w, https:\/\/dhg1h5j42swfq.cloudfront.net\/2018\/06\/12115439\/banner_site1.jpg 768w, https:\/\/dhg1h5j42swfq.cloudfront.net\/2018\/06\/12115439\/banner_site1.jpg 1024w, https:\/\/dhg1h5j42swfq.cloudfront.net\/2018\/06\/12115439\/banner_site1.jpg 610w\" sizes=\"auto, (max-width: 1024px) 100vw, 1024px\" \/><\/a><\/p>\n","protected":false},"excerpt":{"rendered":"<p>Confira o Gabarito OAB da 2\u00aa fase do XXV Exame de Ordem O Estrat\u00e9gia OAB preparou uma surpresa especial para voc\u00ea que prestou a 2\u00aa fase do\u00a0XXV Exame de Ordem\u00a0da OAB. Em uma mesa redonda ao vivo, nossos professores analisaram as provas das sete \u00e1reas profissionais aplicadas neste domingo. Nossos professores fizeram resolu\u00e7\u00e3o comentada das [&hellip;]<\/p>\n","protected":false},"author":180,"featured_media":125471,"comment_status":"open","ping_status":"closed","sticky":false,"template":"","format":"standard","meta":{"post_tipo":"article","footnotes":""},"categories":[1],"tags":[],"tax_estado":[],"class_list":["post-125270","post","type-post","status-publish","format-standard","has-post-thumbnail","hentry","category-cursos-e-concursos"],"acf":[],"yoast_head":"<!-- This site is optimized with the Yoast SEO Premium plugin v27.2 (Yoast SEO v27.2) - https:\/\/yoast.com\/product\/yoast-seo-premium-wordpress\/ -->\n<title>Gabarito OAB | confira a corre\u00e7\u00e3o comentada da prova<\/title>\n<meta name=\"description\" content=\"Gabarito OAB 2\u00aa Fase: confira a mesa redonda de an\u00e1lise e corre\u00e7\u00e3o da prova da 2\u00aa fase do XXV Exame de Ordem e saiba seu desempenho!\" \/>\n<meta name=\"robots\" content=\"index, follow, max-snippet:-1, max-image-preview:large, max-video-preview:-1\" \/>\n<link rel=\"canonical\" href=\"https:\/\/www.estrategiaconcursos.com.br\/blog\/revisao-oab-xxv\/\" \/>\n<meta property=\"og:locale\" content=\"pt_BR\" \/>\n<meta property=\"og:type\" content=\"article\" \/>\n<meta property=\"og:title\" content=\"Gabarito OAB | confira a corre\u00e7\u00e3o comentada da prova da 2\u00aa fase\" \/>\n<meta property=\"og:description\" content=\"Gabarito OAB 2\u00aa Fase: confira a mesa redonda de an\u00e1lise e corre\u00e7\u00e3o da prova da 2\u00aa fase do XXV Exame de Ordem e saiba seu desempenho!\" \/>\n<meta property=\"og:url\" content=\"https:\/\/www.estrategiaconcursos.com.br\/blog\/revisao-oab-xxv\/\" \/>\n<meta property=\"og:site_name\" content=\"Estrat\u00e9gia Concursos\" \/>\n<meta property=\"article:author\" content=\"https:\/\/www.facebook.com\/ricardo.s.torques\" \/>\n<meta property=\"article:published_time\" content=\"2018-06-11T10:00:19+00:00\" \/>\n<meta property=\"article:modified_time\" content=\"2023-03-09T13:09:33+00:00\" \/>\n<meta property=\"og:image\" content=\"https:\/\/dhg1h5j42swfq.cloudfront.net\/2018\/06\/10170852\/topo_email_Mesa_redonda_analise_prova_XXV_OAB.jpg\" \/>\n\t<meta property=\"og:image:width\" content=\"800\" \/>\n\t<meta property=\"og:image:height\" content=\"400\" \/>\n\t<meta property=\"og:image:type\" content=\"image\/jpeg\" \/>\n<meta name=\"author\" content=\"Ricardo Torques\" \/>\n<meta name=\"twitter:card\" content=\"summary_large_image\" \/>\n<meta name=\"twitter:creator\" content=\"@EstratConcursos\" \/>\n<meta name=\"twitter:site\" content=\"@EstratConcursos\" \/>\n<meta name=\"twitter:label1\" content=\"Escrito por\" \/>\n\t<meta name=\"twitter:data1\" content=\"Ricardo Torques\" \/>\n\t<meta name=\"twitter:label2\" content=\"Est. tempo de leitura\" \/>\n\t<meta name=\"twitter:data2\" content=\"1 minuto\" \/>\n<script type=\"application\/ld+json\" class=\"yoast-schema-graph\">{\"@context\":\"https:\/\/schema.org\",\"@graph\":[{\"@type\":\"NewsArticle\",\"@id\":\"https:\/\/www.estrategiaconcursos.com.br\/blog\/revisao-oab-xxv\/#article\",\"isPartOf\":{\"@id\":\"https:\/\/www.estrategiaconcursos.com.br\/blog\/revisao-oab-xxv\/\"},\"author\":{\"name\":\"Ricardo Torques\",\"@id\":\"https:\/\/www.estrategiaconcursos.com.br\/blog\/#\/schema\/person\/aa39cf5ddb518e5bdce27c35788405e2\"},\"headline\":\"Gabarito OAB | confira a corre\u00e7\u00e3o comentada da prova da 2\u00aa fase\",\"datePublished\":\"2018-06-11T10:00:19+00:00\",\"dateModified\":\"2023-03-09T13:09:33+00:00\",\"mainEntityOfPage\":{\"@id\":\"https:\/\/www.estrategiaconcursos.com.br\/blog\/revisao-oab-xxv\/\"},\"wordCount\":302,\"commentCount\":7,\"publisher\":{\"@id\":\"https:\/\/www.estrategiaconcursos.com.br\/blog\/#organization\"},\"image\":{\"@id\":\"https:\/\/www.estrategiaconcursos.com.br\/blog\/revisao-oab-xxv\/#primaryimage\"},\"thumbnailUrl\":\"https:\/\/dhg1h5j42swfq.cloudfront.net\/2018\/06\/10170852\/topo_email_Mesa_redonda_analise_prova_XXV_OAB.jpg\",\"articleSection\":[\"Concursos P\u00fablicos\"],\"inLanguage\":\"pt-BR\",\"potentialAction\":[{\"@type\":\"CommentAction\",\"name\":\"Comment\",\"target\":[\"https:\/\/www.estrategiaconcursos.com.br\/blog\/revisao-oab-xxv\/#respond\"]}],\"copyrightYear\":\"2018\",\"copyrightHolder\":{\"@id\":\"https:\/\/www.estrategiaconcursos.com.br\/blog\/#organization\"}},{\"@type\":\"WebPage\",\"@id\":\"https:\/\/www.estrategiaconcursos.com.br\/blog\/revisao-oab-xxv\/\",\"url\":\"https:\/\/www.estrategiaconcursos.com.br\/blog\/revisao-oab-xxv\/\",\"name\":\"Gabarito OAB | confira a corre\u00e7\u00e3o comentada da prova\",\"isPartOf\":{\"@id\":\"https:\/\/www.estrategiaconcursos.com.br\/blog\/#website\"},\"primaryImageOfPage\":{\"@id\":\"https:\/\/www.estrategiaconcursos.com.br\/blog\/revisao-oab-xxv\/#primaryimage\"},\"image\":{\"@id\":\"https:\/\/www.estrategiaconcursos.com.br\/blog\/revisao-oab-xxv\/#primaryimage\"},\"thumbnailUrl\":\"https:\/\/dhg1h5j42swfq.cloudfront.net\/2018\/06\/10170852\/topo_email_Mesa_redonda_analise_prova_XXV_OAB.jpg\",\"datePublished\":\"2018-06-11T10:00:19+00:00\",\"dateModified\":\"2023-03-09T13:09:33+00:00\",\"description\":\"Gabarito OAB 2\u00aa Fase: confira a mesa redonda de an\u00e1lise e corre\u00e7\u00e3o da prova da 2\u00aa fase do XXV Exame de Ordem e saiba seu desempenho!\",\"breadcrumb\":{\"@id\":\"https:\/\/www.estrategiaconcursos.com.br\/blog\/revisao-oab-xxv\/#breadcrumb\"},\"inLanguage\":\"pt-BR\",\"potentialAction\":[{\"@type\":\"ReadAction\",\"target\":[\"https:\/\/www.estrategiaconcursos.com.br\/blog\/revisao-oab-xxv\/\"]}]},{\"@type\":\"ImageObject\",\"inLanguage\":\"pt-BR\",\"@id\":\"https:\/\/www.estrategiaconcursos.com.br\/blog\/revisao-oab-xxv\/#primaryimage\",\"url\":\"https:\/\/dhg1h5j42swfq.cloudfront.net\/2018\/06\/10170852\/topo_email_Mesa_redonda_analise_prova_XXV_OAB.jpg\",\"contentUrl\":\"https:\/\/dhg1h5j42swfq.cloudfront.net\/2018\/06\/10170852\/topo_email_Mesa_redonda_analise_prova_XXV_OAB.jpg\",\"width\":800,\"height\":400,\"caption\":\"gabarito oab\"},{\"@type\":\"BreadcrumbList\",\"@id\":\"https:\/\/www.estrategiaconcursos.com.br\/blog\/revisao-oab-xxv\/#breadcrumb\",\"itemListElement\":[{\"@type\":\"ListItem\",\"position\":1,\"name\":\"In\u00edcio\",\"item\":\"https:\/\/www.estrategiaconcursos.com.br\/blog\/\"},{\"@type\":\"ListItem\",\"position\":2,\"name\":\"Gabarito OAB | confira a corre\u00e7\u00e3o comentada da prova da 2\u00aa fase\"}]},{\"@type\":\"WebSite\",\"@id\":\"https:\/\/www.estrategiaconcursos.com.br\/blog\/#website\",\"url\":\"https:\/\/www.estrategiaconcursos.com.br\/blog\/\",\"name\":\"Estrat\u00e9gia Concursos\",\"description\":\"O blog da Estrat\u00e9gia Concursos traz not\u00edcias sobre concursos e artigos de professores oferecendo cursos para concursos (pdf + videaulas) no site.\",\"publisher\":{\"@id\":\"https:\/\/www.estrategiaconcursos.com.br\/blog\/#organization\"},\"potentialAction\":[{\"@type\":\"SearchAction\",\"target\":{\"@type\":\"EntryPoint\",\"urlTemplate\":\"https:\/\/www.estrategiaconcursos.com.br\/blog\/?s={search_term_string}\"},\"query-input\":{\"@type\":\"PropertyValueSpecification\",\"valueRequired\":true,\"valueName\":\"search_term_string\"}}],\"inLanguage\":\"pt-BR\"},{\"@type\":\"Organization\",\"@id\":\"https:\/\/www.estrategiaconcursos.com.br\/blog\/#organization\",\"name\":\"Estrat\u00e9gia Concursos\",\"url\":\"https:\/\/www.estrategiaconcursos.com.br\/blog\/\",\"logo\":{\"@type\":\"ImageObject\",\"inLanguage\":\"pt-BR\",\"@id\":\"https:\/\/www.estrategiaconcursos.com.br\/blog\/#\/schema\/logo\/image\/\",\"url\":\"https:\/\/dhg1h5j42swfq.cloudfront.net\/2025\/06\/03203428\/logo_concursos-1.jpg\",\"contentUrl\":\"https:\/\/dhg1h5j42swfq.cloudfront.net\/2025\/06\/03203428\/logo_concursos-1.jpg\",\"width\":230,\"height\":60,\"caption\":\"Estrat\u00e9gia Concursos\"},\"image\":{\"@id\":\"https:\/\/www.estrategiaconcursos.com.br\/blog\/#\/schema\/logo\/image\/\"},\"sameAs\":[\"https:\/\/x.com\/EstratConcursos\"]},{\"@type\":\"Person\",\"@id\":\"https:\/\/www.estrategiaconcursos.com.br\/blog\/#\/schema\/person\/aa39cf5ddb518e5bdce27c35788405e2\",\"name\":\"Ricardo Torques\",\"image\":{\"@type\":\"ImageObject\",\"inLanguage\":\"pt-BR\",\"@id\":\"https:\/\/secure.gravatar.com\/avatar\/ce9ac6c3cff25fe86d15ed568ebc64d1724baf5c0693133bcb1f6073f712f92a?s=96&d=mm&r=g\",\"url\":\"https:\/\/secure.gravatar.com\/avatar\/ce9ac6c3cff25fe86d15ed568ebc64d1724baf5c0693133bcb1f6073f712f92a?s=96&d=mm&r=g\",\"contentUrl\":\"https:\/\/secure.gravatar.com\/avatar\/ce9ac6c3cff25fe86d15ed568ebc64d1724baf5c0693133bcb1f6073f712f92a?s=96&d=mm&r=g\",\"caption\":\"Ricardo Torques\"},\"sameAs\":[\"https:\/\/www.facebook.com\/ricardo.s.torques\"],\"url\":\"https:\/\/www.estrategiaconcursos.com.br\/blog\/author\/ricardotorquesestrategiaconcursos-com-br\/\"}]}<\/script>\n<!-- \/ Yoast SEO Premium plugin. -->","yoast_head_json":{"title":"Gabarito OAB | confira a corre\u00e7\u00e3o comentada da prova","description":"Gabarito OAB 2\u00aa Fase: confira a mesa redonda de an\u00e1lise e corre\u00e7\u00e3o da prova da 2\u00aa fase do XXV Exame de Ordem e saiba seu desempenho!","robots":{"index":"index","follow":"follow","max-snippet":"max-snippet:-1","max-image-preview":"max-image-preview:large","max-video-preview":"max-video-preview:-1"},"canonical":"https:\/\/www.estrategiaconcursos.com.br\/blog\/revisao-oab-xxv\/","og_locale":"pt_BR","og_type":"article","og_title":"Gabarito OAB | confira a corre\u00e7\u00e3o comentada da prova da 2\u00aa fase","og_description":"Gabarito OAB 2\u00aa Fase: confira a mesa redonda de an\u00e1lise e corre\u00e7\u00e3o da prova da 2\u00aa fase do XXV Exame de Ordem e saiba seu desempenho!","og_url":"https:\/\/www.estrategiaconcursos.com.br\/blog\/revisao-oab-xxv\/","og_site_name":"Estrat\u00e9gia Concursos","article_author":"https:\/\/www.facebook.com\/ricardo.s.torques","article_published_time":"2018-06-11T10:00:19+00:00","article_modified_time":"2023-03-09T13:09:33+00:00","og_image":[{"width":800,"height":400,"url":"https:\/\/dhg1h5j42swfq.cloudfront.net\/2018\/06\/10170852\/topo_email_Mesa_redonda_analise_prova_XXV_OAB.jpg","type":"image\/jpeg"}],"author":"Ricardo Torques","twitter_card":"summary_large_image","twitter_creator":"@EstratConcursos","twitter_site":"@EstratConcursos","twitter_misc":{"Escrito por":"Ricardo Torques","Est. tempo de leitura":"1 minuto"},"schema":{"@context":"https:\/\/schema.org","@graph":[{"@type":"NewsArticle","@id":"https:\/\/www.estrategiaconcursos.com.br\/blog\/revisao-oab-xxv\/#article","isPartOf":{"@id":"https:\/\/www.estrategiaconcursos.com.br\/blog\/revisao-oab-xxv\/"},"author":{"name":"Ricardo Torques","@id":"https:\/\/www.estrategiaconcursos.com.br\/blog\/#\/schema\/person\/aa39cf5ddb518e5bdce27c35788405e2"},"headline":"Gabarito OAB | confira a corre\u00e7\u00e3o comentada da prova da 2\u00aa fase","datePublished":"2018-06-11T10:00:19+00:00","dateModified":"2023-03-09T13:09:33+00:00","mainEntityOfPage":{"@id":"https:\/\/www.estrategiaconcursos.com.br\/blog\/revisao-oab-xxv\/"},"wordCount":302,"commentCount":7,"publisher":{"@id":"https:\/\/www.estrategiaconcursos.com.br\/blog\/#organization"},"image":{"@id":"https:\/\/www.estrategiaconcursos.com.br\/blog\/revisao-oab-xxv\/#primaryimage"},"thumbnailUrl":"https:\/\/dhg1h5j42swfq.cloudfront.net\/2018\/06\/10170852\/topo_email_Mesa_redonda_analise_prova_XXV_OAB.jpg","articleSection":["Concursos P\u00fablicos"],"inLanguage":"pt-BR","potentialAction":[{"@type":"CommentAction","name":"Comment","target":["https:\/\/www.estrategiaconcursos.com.br\/blog\/revisao-oab-xxv\/#respond"]}],"copyrightYear":"2018","copyrightHolder":{"@id":"https:\/\/www.estrategiaconcursos.com.br\/blog\/#organization"}},{"@type":"WebPage","@id":"https:\/\/www.estrategiaconcursos.com.br\/blog\/revisao-oab-xxv\/","url":"https:\/\/www.estrategiaconcursos.com.br\/blog\/revisao-oab-xxv\/","name":"Gabarito OAB | confira a corre\u00e7\u00e3o comentada da prova","isPartOf":{"@id":"https:\/\/www.estrategiaconcursos.com.br\/blog\/#website"},"primaryImageOfPage":{"@id":"https:\/\/www.estrategiaconcursos.com.br\/blog\/revisao-oab-xxv\/#primaryimage"},"image":{"@id":"https:\/\/www.estrategiaconcursos.com.br\/blog\/revisao-oab-xxv\/#primaryimage"},"thumbnailUrl":"https:\/\/dhg1h5j42swfq.cloudfront.net\/2018\/06\/10170852\/topo_email_Mesa_redonda_analise_prova_XXV_OAB.jpg","datePublished":"2018-06-11T10:00:19+00:00","dateModified":"2023-03-09T13:09:33+00:00","description":"Gabarito OAB 2\u00aa Fase: confira a mesa redonda de an\u00e1lise e corre\u00e7\u00e3o da prova da 2\u00aa fase do XXV Exame de Ordem e saiba seu desempenho!","breadcrumb":{"@id":"https:\/\/www.estrategiaconcursos.com.br\/blog\/revisao-oab-xxv\/#breadcrumb"},"inLanguage":"pt-BR","potentialAction":[{"@type":"ReadAction","target":["https:\/\/www.estrategiaconcursos.com.br\/blog\/revisao-oab-xxv\/"]}]},{"@type":"ImageObject","inLanguage":"pt-BR","@id":"https:\/\/www.estrategiaconcursos.com.br\/blog\/revisao-oab-xxv\/#primaryimage","url":"https:\/\/dhg1h5j42swfq.cloudfront.net\/2018\/06\/10170852\/topo_email_Mesa_redonda_analise_prova_XXV_OAB.jpg","contentUrl":"https:\/\/dhg1h5j42swfq.cloudfront.net\/2018\/06\/10170852\/topo_email_Mesa_redonda_analise_prova_XXV_OAB.jpg","width":800,"height":400,"caption":"gabarito oab"},{"@type":"BreadcrumbList","@id":"https:\/\/www.estrategiaconcursos.com.br\/blog\/revisao-oab-xxv\/#breadcrumb","itemListElement":[{"@type":"ListItem","position":1,"name":"In\u00edcio","item":"https:\/\/www.estrategiaconcursos.com.br\/blog\/"},{"@type":"ListItem","position":2,"name":"Gabarito OAB | confira a corre\u00e7\u00e3o comentada da prova da 2\u00aa fase"}]},{"@type":"WebSite","@id":"https:\/\/www.estrategiaconcursos.com.br\/blog\/#website","url":"https:\/\/www.estrategiaconcursos.com.br\/blog\/","name":"Estrat\u00e9gia Concursos","description":"O blog da Estrat\u00e9gia Concursos traz not\u00edcias sobre concursos e artigos de professores oferecendo cursos para concursos (pdf + videaulas) no site.","publisher":{"@id":"https:\/\/www.estrategiaconcursos.com.br\/blog\/#organization"},"potentialAction":[{"@type":"SearchAction","target":{"@type":"EntryPoint","urlTemplate":"https:\/\/www.estrategiaconcursos.com.br\/blog\/?s={search_term_string}"},"query-input":{"@type":"PropertyValueSpecification","valueRequired":true,"valueName":"search_term_string"}}],"inLanguage":"pt-BR"},{"@type":"Organization","@id":"https:\/\/www.estrategiaconcursos.com.br\/blog\/#organization","name":"Estrat\u00e9gia Concursos","url":"https:\/\/www.estrategiaconcursos.com.br\/blog\/","logo":{"@type":"ImageObject","inLanguage":"pt-BR","@id":"https:\/\/www.estrategiaconcursos.com.br\/blog\/#\/schema\/logo\/image\/","url":"https:\/\/dhg1h5j42swfq.cloudfront.net\/2025\/06\/03203428\/logo_concursos-1.jpg","contentUrl":"https:\/\/dhg1h5j42swfq.cloudfront.net\/2025\/06\/03203428\/logo_concursos-1.jpg","width":230,"height":60,"caption":"Estrat\u00e9gia Concursos"},"image":{"@id":"https:\/\/www.estrategiaconcursos.com.br\/blog\/#\/schema\/logo\/image\/"},"sameAs":["https:\/\/x.com\/EstratConcursos"]},{"@type":"Person","@id":"https:\/\/www.estrategiaconcursos.com.br\/blog\/#\/schema\/person\/aa39cf5ddb518e5bdce27c35788405e2","name":"Ricardo Torques","image":{"@type":"ImageObject","inLanguage":"pt-BR","@id":"https:\/\/secure.gravatar.com\/avatar\/ce9ac6c3cff25fe86d15ed568ebc64d1724baf5c0693133bcb1f6073f712f92a?s=96&d=mm&r=g","url":"https:\/\/secure.gravatar.com\/avatar\/ce9ac6c3cff25fe86d15ed568ebc64d1724baf5c0693133bcb1f6073f712f92a?s=96&d=mm&r=g","contentUrl":"https:\/\/secure.gravatar.com\/avatar\/ce9ac6c3cff25fe86d15ed568ebc64d1724baf5c0693133bcb1f6073f712f92a?s=96&d=mm&r=g","caption":"Ricardo Torques"},"sameAs":["https:\/\/www.facebook.com\/ricardo.s.torques"],"url":"https:\/\/www.estrategiaconcursos.com.br\/blog\/author\/ricardotorquesestrategiaconcursos-com-br\/"}]}},"_links":{"self":[{"href":"https:\/\/www.estrategiaconcursos.com.br\/blog\/wp-json\/wp\/v2\/posts\/125270","targetHints":{"allow":["GET"]}}],"collection":[{"href":"https:\/\/www.estrategiaconcursos.com.br\/blog\/wp-json\/wp\/v2\/posts"}],"about":[{"href":"https:\/\/www.estrategiaconcursos.com.br\/blog\/wp-json\/wp\/v2\/types\/post"}],"author":[{"embeddable":true,"href":"https:\/\/www.estrategiaconcursos.com.br\/blog\/wp-json\/wp\/v2\/users\/180"}],"replies":[{"embeddable":true,"href":"https:\/\/www.estrategiaconcursos.com.br\/blog\/wp-json\/wp\/v2\/comments?post=125270"}],"version-history":[{"count":19,"href":"https:\/\/www.estrategiaconcursos.com.br\/blog\/wp-json\/wp\/v2\/posts\/125270\/revisions"}],"predecessor-version":[{"id":1184144,"href":"https:\/\/www.estrategiaconcursos.com.br\/blog\/wp-json\/wp\/v2\/posts\/125270\/revisions\/1184144"}],"wp:featuredmedia":[{"embeddable":true,"href":"https:\/\/www.estrategiaconcursos.com.br\/blog\/wp-json\/wp\/v2\/media\/125471"}],"wp:attachment":[{"href":"https:\/\/www.estrategiaconcursos.com.br\/blog\/wp-json\/wp\/v2\/media?parent=125270"}],"wp:term":[{"taxonomy":"category","embeddable":true,"href":"https:\/\/www.estrategiaconcursos.com.br\/blog\/wp-json\/wp\/v2\/categories?post=125270"},{"taxonomy":"post_tag","embeddable":true,"href":"https:\/\/www.estrategiaconcursos.com.br\/blog\/wp-json\/wp\/v2\/tags?post=125270"},{"taxonomy":"tax_estado","embeddable":true,"href":"https:\/\/www.estrategiaconcursos.com.br\/blog\/wp-json\/wp\/v2\/tax_estado?post=125270"}],"curies":[{"name":"wp","href":"https:\/\/api.w.org\/{rel}","templated":true}]}}