{"id":1252222,"date":"2025-11-06T12:12:00","date_gmt":"2025-11-06T15:12:00","guid":{"rendered":"https:\/\/www.estrategiaconcursos.com.br\/blog\/?p=1252222"},"modified":"2025-12-10T14:28:43","modified_gmt":"2025-12-10T17:28:43","slug":"concurso-core-rs","status":"publish","type":"post","link":"https:\/\/www.estrategiaconcursos.com.br\/blog\/concurso-core-rs\/","title":{"rendered":"Concurso CORE RS: provas em dezembro! At\u00e9 R$ 5 mil"},"content":{"rendered":"<p><center><a id=\"cta-icon\" href=\"https:\/\/sndflw.com\/i\/core-rs-grupo\" target=\"_blank\" style=\"background:#29a61a; display:inline-flex; align-items:center; padding:10px 15px; border-radius:6px; color:#fff; text-decoration:none; font-weight:500; font-size:15px;\"><img decoding=\"async\" src=\"https:\/\/dhg1h5j42swfq.cloudfront.net\/2023\/12\/07154107\/whatsapp_13851.png\" alt=\"\" style=\"width:20px; height:20px; margin-right:8px;\"><span>Acesse agora o Grupo de Estudos para o Concurso CORE RS<\/span><\/a><\/center><\/p>\n\n\n\n<p>O <strong><a href=\"https:\/\/www.estrategiaconcursos.com.br\/cursosPorConcurso\/conselho-regional-dos-representantes-comerciais-do-estado-rio-grande-do-sul-core-rs\/\">Conselho Regional dos Representantes Comerciais no Estado do Rio Grande do Sul<\/a><\/strong> (<strong>CORE\/RS<\/strong>) oferta <strong>160 vagas<\/strong> para os cargos de<strong> Fiscal<\/strong> e Assistente Administrativo, amboas de<strong> n\u00edvel m\u00e9dio<\/strong>. <\/p>\n\n\n\n<p>As remunera\u00e7\u00f5es variam entre <strong>R$3.500,00 e R$ 5.000,00<\/strong>, al\u00e9m de benef\u00edcios. Com a retifica\u00e7\u00e3o do edital, as inscri\u00e7\u00f5es poderiam ser realizadas at\u00e9 o dia 05 de novembro, no site do Instituto Quadrix.<\/p>\n\n\n\n<p>Os candidatos inscritos ser\u00e3o avaliados por meio de&nbsp;<strong>prova objetiva<\/strong>, de car\u00e1ter eliminat\u00f3rio e classificat\u00f3rio, prevista para ser aplicada no dia&nbsp;<strong>07 de dezembro de 2025<\/strong>.<\/p>\n\n\n\n<p>Confira mais informa\u00e7\u00f5es no decorrer do artigo!<\/p>\n\n\n\n<ul style=\"background:linear-gradient(135deg,rgb(255,245,203) 0%,rgb(182,227,212) 0%,rgb(51,167,181) 100%)\" class=\"wp-block-list has-background\">\n<li><strong>Concurso CORE RS<\/strong><\/li>\n\n\n\n<li><strong>Status:<\/strong> prova em 07\/12<\/li>\n\n\n\n<li><strong>Banca:<\/strong> Quadrix<\/li>\n\n\n\n<li><strong>Vagas:<\/strong> 4 + 76 CR<\/li>\n\n\n\n<li><strong>Sal\u00e1rio inicial:<\/strong> entre R$3.500,00 e R$ 5.000,00 + benef\u00edcios<\/li>\n\n\n\n<li><strong>Edital:<\/strong> <a href=\"https:\/\/dhg1h5j42swfq.cloudfront.net\/2025\/04\/08105543\/1_core-rs_concurso_publico_2025_edital_1_abertura.pdf\" target=\"_blank\" rel=\"noreferrer noopener\">CORE RS 2025<\/a> \/ <a href=\"https:\/\/site.quadrix.org.br\/web\/visualizar.html?file=https:\/\/site.quadrix.org.br\/Archives\/General\/33155\/33581\/33818\/445843C0CDC9\/1_CORE-RS_concurso_publico_2025_edital_2_retificacao.pdf\">Retifica\u00e7\u00e3o + cronograma<\/a><\/li>\n<\/ul>\n\n\n\n<p>Acompanhe os t\u00f3picos abaixo e n\u00e3o perca nenhum detalhe:<\/p>\n\n\n\n<ul class=\"wp-block-list\">\n<li><a href=\"#SITUA\u00c7\u00c3O-atual\">Situa\u00e7\u00e3o atual<\/a><\/li>\n\n\n\n<li><a href=\"#cargos-vagas-e-remuneracoes\">Cargos, vagas e remunera\u00e7\u00f5es<\/a><\/li>\n\n\n\n<li><a href=\"#etapas-e-provas\">Etapas e provas<\/a><\/li>\n\n\n\n<li><a href=\"#cargos-vagas\">\u00daltimo edital<\/a><\/li>\n\n\n\n<li><a href=\"#cursos-assinatura\">Cursos e assinaturas<\/a><\/li>\n\n\n\n<li><a href=\"#ficha\">Ficha t\u00e9cnica<\/a><\/li>\n<\/ul>\n\n\n\n<div class=\"container\" id=\"boxes\">\n  <div class=\"row\">\n\n    <div class=\"col-sm\">\n      <div class=\"banner-estrategia\" id=\"box-assinatura\">\n        <h3 class=\"titulo-assinatura\">Cursos para CORE RS<\/h3>\n        <p class=\"subtitulo-assinatura\">Conhe\u00e7a os cursos<\/p>\n        <div class=\"box-botao\">\n          <a class=\"btn-assinatura\" target=\"_blank\" href=\"https:\/\/www.estrategiaconcursos.com.br\/cursosPorConcurso\/conselho-regional-dos-representantes-comerciais-do-estado-rio-grande-do-sul-core-rs\/\" role=\"button\" rel=\"noopener noreferrer\">Conhe\u00e7a mais<\/a>\n        <\/div>\n      <\/div>\n     \n    <\/div>\n\n  <\/div>\n<\/div>\n\n\n\n<h2 class=\"wp-block-heading\" id=\"SITUA\u00c7\u00c3O-atual\">Concurso CORE RS: situa\u00e7\u00e3o atual<\/h2>\n\n\n\n<h3 class=\"wp-block-heading\" id=\"datas\">Principais datas<\/h3>\n\n\n\n<ul class=\"wp-block-list\">\n<li><strong>Inscri\u00e7\u00f5es: <\/strong><s>at\u00e9 05\/11\/2025<\/s><\/li>\n\n\n\n<li><strong>Per\u00edodo de solicita\u00e7\u00e3o de isen\u00e7\u00e3o:<\/strong> <s>11 a 13\/08\/2025<\/s><\/li>\n\n\n\n<li><strong>\u00daltimo dia para pagamento do valor de inscri\u00e7\u00e3o:<\/strong> 07\/11\/2025<\/li>\n\n\n\n<li><strong>Prova:<\/strong> 07\/12\/2025<\/li>\n<\/ul>\n\n\n\n<h2 class=\"wp-block-heading\" id=\"h-concurso-core-rs-cargos-vagas-e-remuneracoes\">Concurso CORE RS: cargos, vagas e remunera\u00e7\u00f5es<\/h2>\n\n\n\n<p>S\u00e3o <strong>8 vagas imediatas mais 152 para forma\u00e7\u00e3o de cadastro de reserva<\/strong> para o cargo de <strong>Fiscal<\/strong> <strong>e Agente Administrativo.<\/strong><\/p>\n\n\n\n<figure class=\"wp-block-image size-large\"><img loading=\"lazy\" decoding=\"async\" width=\"1024\" height=\"428\" src=\"https:\/\/dhg1h5j42swfq.cloudfront.net\/2025\/08\/22160440\/captura-de-tela-2025-09-22-as-16-04-30-1024x428.png\" alt=\"\" class=\"wp-image-1642860\" srcset=\"https:\/\/dhg1h5j42swfq.cloudfront.net\/2025\/08\/22160440\/captura-de-tela-2025-09-22-as-16-04-30-1024x428.png 1024w, https:\/\/dhg1h5j42swfq.cloudfront.net\/2025\/08\/22160440\/captura-de-tela-2025-09-22-as-16-04-30-300x125.png 300w, https:\/\/dhg1h5j42swfq.cloudfront.net\/2025\/08\/22160440\/captura-de-tela-2025-09-22-as-16-04-30-768x321.png 768w, https:\/\/dhg1h5j42swfq.cloudfront.net\/2025\/08\/22160440\/captura-de-tela-2025-09-22-as-16-04-30-1536x641.png 1536w, https:\/\/dhg1h5j42swfq.cloudfront.net\/2025\/08\/22160440\/captura-de-tela-2025-09-22-as-16-04-30-150x63.png 150w, https:\/\/dhg1h5j42swfq.cloudfront.net\/2025\/08\/22160440\/captura-de-tela-2025-09-22-as-16-04-30.png 1882w\" sizes=\"auto, (max-width: 1024px) 100vw, 1024px\" \/><\/figure>\n\n\n\n<h3 class=\"wp-block-heading\" id=\"h-beneficios\">Benef\u00edcios<\/h3>\n\n\n\n<ul class=\"wp-block-list\">\n<li>Vale Refei\u00e7\u00e3o, no valor de R$ 61,00 por dia \u00fatil trabalhado;<\/li>\n\n\n\n<li>Plano de Sa\u00fade (M\u00e9dico e Odontol\u00f3gico); e<\/li>\n\n\n\n<li>Vale transporte, conforme legisla\u00e7\u00e3o vigente.<\/li>\n<\/ul>\n\n\n\n<h3 class=\"wp-block-heading\" id=\"h-requisitos\">Requisitos<\/h3>\n\n\n\n<p>ASSISTENTE ADMINISTRATIVO<\/p>\n\n\n\n<p><strong>a) Requisitos para ambos os cargos:<\/strong> Diploma ou certificado, devidamente registrado, de conclus\u00e3o de curso de n\u00edvel m\u00e9dio, fornecido por institui\u00e7\u00e3o de ensino reconhecida pelo Minist\u00e9rio da Educa\u00e7\u00e3o (MEC). Carteira Nacional de Habilita\u00e7\u00e3o (CNH) categoria \u201cB\u201d ou superior, v\u00e1lida e regular, sem impedimentos que restrinjam o exerc\u00edcio do direito de dirigir, de acordo com o C\u00f3digo de Tr\u00e2nsito Brasileiro. Disponibilidade para viagens.<\/p>\n\n\n\n<h2 class=\"wp-block-heading\" id=\"h-concurso-core-rs-etapas-e-provas\">Concurso CORE RS: etapas e provas <\/h2>\n\n\n\n<p>Os candidatos ser\u00e3o avaliados por meio de prova objetiva, de car\u00e1ter eliminat\u00f3rio e classificat\u00f3rio, ser\u00e1 composta de 40 quest\u00f5es do tipo m\u00faltipla escolha, com 5 alternativas, para escolha de uma \u00fanica resposta correta, e valer\u00e1 40,00 pontos, sendo:<\/p>\n\n\n\n<ul class=\"wp-block-list\">\n<li>Conhecimentos B\u00e1sicos &#8211; 15 quest\u00f5es;<\/li>\n\n\n\n<li>Conhecimentos Complementares &#8211; 5 quest\u00f5es; e<\/li>\n\n\n\n<li>Conhecimentos Espec\u00edficos &#8211; 20 quest\u00f5es. <\/li>\n<\/ul>\n\n\n\n<h2 class=\"wp-block-heading\" id=\"cargos-vagas\">Concurso CORE RS: \u00faltimo edital<\/h2>\n\n\n\n<p>O \u00faltimo edital ofertou <strong>06 vagas imediatas<\/strong>, al\u00e9m de forma\u00e7\u00e3o de cadastro de reserva, para cargos de n\u00edveis m\u00e9dio, t\u00e9cnico e superior de escolaridade, com sal\u00e1rios de <strong>R$ 2.535,86<\/strong> a <strong>R$ 5.044,46<\/strong>. Os candidatos do certame sforam avaliados pelas seguintes etapas:<\/p>\n\n\n\n<ul class=\"wp-block-list\">\n<li><strong>Prova Objetiva<\/strong> de m\u00faltipla escolha de car\u00e1ter eliminat\u00f3rio e classificat\u00f3rio;<\/li>\n\n\n\n<li><strong>Prova Discursiva<\/strong>, de car\u00e1ter eliminat\u00f3rio e classificat\u00f3rio, <strong>apenas para o cargo de ADVOGADO<\/strong>.<\/li>\n<\/ul>\n\n\n\n<p>As etapas foram aplicadas em conjunto no dia <strong>08 de outubro de 2023.<\/strong><\/p>\n\n\n\n<hr class=\"wp-block-separator has-css-opacity\"\/>\n\n\n\n<h2 class=\"wp-block-heading has-text-align-center\" id=\"h-quer-saber-tudo-sobre-concursos-previstos-confira-nossos-artigos\">Quer saber tudo sobre concursos previstos?<br \/>Confira  nossos artigos!<\/h2>\n\n\n\n<ul class=\"wp-block-list\">\n<li><a href=\"https:\/\/www.estrategiaconcursos.com.br\/blog\/concursos-abertos\/\" target=\"_blank\" rel=\"noreferrer noopener\">Concursos abertos<\/a><\/li>\n\n\n\n<li><a href=\"https:\/\/www.estrategiaconcursos.com.br\/blog\/concursos-conselhos\/\">Concursos conselhos<\/a><\/li>\n\n\n\n<li><a href=\"https:\/\/www.estrategiaconcursos.com.br\/blog\/concursos-2025\/\">Concursos 2025<\/a><\/li>\n\n\n\n<li><a href=\"https:\/\/www.estrategiaconcursos.com.br\/blog\/concursos-2026\/\">Concursos 2026<\/a><\/li>\n<\/ul>\n\n\n\n<h2 class=\"wp-block-heading has-text-align-center\" id=\"cursos-assinatura\">Quer estudar para o concurso CORE RS?<\/h2>\n\n\n\n<div class=\"container\" id=\"boxes\">\n  <div class=\"row\">\n\n    <div class=\"col-sm\">\n      <div class=\"banner-estrategia\" id=\"box-assinatura\">\n        <h3 class=\"titulo-assinatura\">Cursos para CORE RS<\/h3>\n        <p class=\"subtitulo-assinatura\">Conhe\u00e7a os cursos<\/p>\n        <div class=\"box-botao\">\n          <a class=\"btn-assinatura\" target=\"_blank\" href=\"https:\/\/www.estrategiaconcursos.com.br\/cursosPorConcurso\/conselho-regional-dos-representantes-comerciais-do-estado-rio-grande-do-sul-core-rs\/\" role=\"button\" rel=\"noopener noreferrer\">Conhe\u00e7a mais<\/a>\n        <\/div>\n      <\/div>\n     \n    <\/div>\n\n  <\/div>\n<\/div>\n\n\n\n<div class=\"container\" id=\"boxes\">\n  <div class=\"row\">\n\n    <div class=\"col-sm\">\n      <div class=\"estrategia\" id=\"box-assinatura\">\n        <h3 class=\"titulo-assinatura\">Assinatura Concursos<\/h3>\n        <p class=\"subtitulo-assinatura\">Assinatura de 1 ano ou 2 anos<\/p>\n        <div class=\"box-botao\">\n          <a class=\"btn-assinatura\" target=\"_blank\" href=\"https:\/\/www.estrategiaconcursos.com.br\/assinaturas\/\" role=\"button\" rel=\"noopener noreferrer\">ASSINE AGORA<\/a>\n        <\/div>\n      <\/div><\/div><\/div><\/div>\n\n\n\n<figure class=\"wp-block-image size-large is-resized\"><img loading=\"lazy\" decoding=\"async\" width=\"1024\" height=\"632\" src=\"https:\/\/dhg1h5j42swfq.cloudfront.net\/2025\/06\/27101122\/ficha-tecnica-1-1024x632.png\" alt=\"\" class=\"wp-image-702728\" style=\"width:269px;height:166px\" srcset=\"https:\/\/dhg1h5j42swfq.cloudfront.net\/2025\/06\/27101122\/ficha-tecnica-1-1024x632.png 1024w, https:\/\/dhg1h5j42swfq.cloudfront.net\/2025\/06\/27101122\/ficha-tecnica-1-300x185.png 300w, https:\/\/dhg1h5j42swfq.cloudfront.net\/2025\/06\/27101122\/ficha-tecnica-1-768x474.png 768w, https:\/\/dhg1h5j42swfq.cloudfront.net\/2025\/06\/27101122\/ficha-tecnica-1-1536x948.png 1536w, https:\/\/dhg1h5j42swfq.cloudfront.net\/2025\/06\/27101122\/ficha-tecnica-1-610x377.png 610w, https:\/\/dhg1h5j42swfq.cloudfront.net\/2025\/06\/27101122\/ficha-tecnica-1.png 1571w\" sizes=\"auto, (max-width: 1024px) 100vw, 1024px\" \/><\/figure>\n\n\n\n<h3 class=\"wp-block-heading\" id=\"ficha\">Informa\u00e7\u00f5es do concurso CORE RS<\/h3>\n\n\n\n<ul class=\"wp-block-list\">\n<li><strong>Provas<\/strong>: 07\/12\/2025<\/li>\n\n\n\n<li><strong>Cargos<\/strong>: Fiscal e Assistente Administrativo<\/li>\n\n\n\n<li><strong>Banca:<\/strong> <a href=\"http:\/\/concursos.quadrix.org.br\" target=\"_blank\" rel=\"noreferrer noopener\">Quadrix<\/a><\/li>\n\n\n\n<li><strong>Vagas:<\/strong> 8 + 152 CR<\/li>\n\n\n\n<li><strong>Escolaridade<\/strong>: m\u00e9dio<\/li>\n\n\n\n<li><strong>Edital:<\/strong> <a href=\"https:\/\/dhg1h5j42swfq.cloudfront.net\/2025\/04\/08105543\/1_core-rs_concurso_publico_2025_edital_1_abertura.pdf\" target=\"_blank\" rel=\"noreferrer noopener\">CORE RS 2025<\/a> \/ <a href=\"https:\/\/site.quadrix.org.br\/web\/visualizar.html?file=https:\/\/site.quadrix.org.br\/Archives\/General\/33155\/33581\/33818\/445843C0CDC9\/1_CORE-RS_concurso_publico_2025_edital_2_retificacao.pdf\">Retifica\u00e7\u00e3o + cronograma<\/a><\/li>\n<\/ul>\n","protected":false},"excerpt":{"rendered":"<p>O Conselho Regional dos Representantes Comerciais no Estado do Rio Grande do Sul (CORE\/RS) oferta 160 vagas para os cargos de Fiscal e Assistente Administrativo, amboas de n\u00edvel m\u00e9dio. As remunera\u00e7\u00f5es variam entre R$3.500,00 e R$ 5.000,00, al\u00e9m de benef\u00edcios. Com a retifica\u00e7\u00e3o do edital, as inscri\u00e7\u00f5es poderiam ser realizadas at\u00e9 o dia 05 de [&hellip;]<\/p>\n","protected":false},"author":1,"featured_media":698684,"comment_status":"open","ping_status":"closed","sticky":false,"template":"","format":"standard","meta":{"post_tipo":"news_page","footnotes":""},"categories":[222234,220219],"tags":[],"tax_estado":[219986],"class_list":["post-1252222","post","type-post","status-publish","format-standard","has-post-thumbnail","hentry","category-conselhos-regionais","category-noticias","tax_estado-rs"],"acf":[],"yoast_head":"<!-- This site is optimized with the Yoast SEO Premium plugin v27.2 (Yoast SEO v27.2) - https:\/\/yoast.com\/product\/yoast-seo-premium-wordpress\/ -->\n<title>Concurso CORE RS: provas em dezembro! At\u00e9 R$ 5 mil<\/title>\n<meta name=\"description\" content=\"Concurso CORE RS: edital oferta 8 vagas imediatas + 152 em CR para o cargo de Fiscal e Assistente. Provas em 07 de dezembro!\" \/>\n<meta name=\"robots\" content=\"index, follow, max-snippet:-1, max-image-preview:large, max-video-preview:-1\" \/>\n<link rel=\"canonical\" href=\"https:\/\/www.estrategiaconcursos.com.br\/blog\/concurso-core-rs\/\" \/>\n<meta property=\"og:locale\" content=\"pt_BR\" \/>\n<meta property=\"og:type\" content=\"article\" \/>\n<meta property=\"og:title\" content=\"Concurso CORE RS: provas em dezembro! At\u00e9 R$ 5 mil\" \/>\n<meta property=\"og:description\" content=\"Concurso CORE RS: edital oferta 8 vagas imediatas + 152 em CR para o cargo de Fiscal e Assistente. Provas em 07 de dezembro!\" \/>\n<meta property=\"og:url\" content=\"https:\/\/www.estrategiaconcursos.com.br\/blog\/concurso-core-rs\/\" \/>\n<meta property=\"og:site_name\" content=\"Estrat\u00e9gia Concursos\" \/>\n<meta property=\"article:author\" content=\"https:\/\/www.facebook.com\/EstrategiaConcursos\" \/>\n<meta property=\"article:published_time\" content=\"2025-11-06T15:12:00+00:00\" \/>\n<meta property=\"article:modified_time\" content=\"2025-12-10T17:28:43+00:00\" \/>\n<meta property=\"og:image\" content=\"https:\/\/dhg1h5j42swfq.cloudfront.net\/2021\/02\/22171500\/concursos-conselhos.jpg\" \/>\n\t<meta property=\"og:image:width\" content=\"1200\" \/>\n\t<meta property=\"og:image:height\" content=\"628\" \/>\n\t<meta property=\"og:image:type\" content=\"image\/jpeg\" \/>\n<meta name=\"author\" content=\"Coordena\u00e7\u00e3o\" \/>\n<meta name=\"twitter:card\" content=\"summary_large_image\" \/>\n<meta name=\"twitter:creator\" content=\"@EstratConcursos\" \/>\n<meta name=\"twitter:site\" content=\"@EstratConcursos\" \/>\n<meta name=\"twitter:label1\" content=\"Escrito por\" \/>\n\t<meta name=\"twitter:data1\" content=\"Coordena\u00e7\u00e3o\" \/>\n\t<meta name=\"twitter:label2\" content=\"Est. tempo de leitura\" \/>\n\t<meta name=\"twitter:data2\" content=\"3 minutos\" \/>\n<script type=\"application\/ld+json\" class=\"yoast-schema-graph\">{\"@context\":\"https:\/\/schema.org\",\"@graph\":[{\"@type\":\"NewsArticle\",\"@id\":\"https:\/\/www.estrategiaconcursos.com.br\/blog\/concurso-core-rs\/#article\",\"isPartOf\":{\"@id\":\"https:\/\/www.estrategiaconcursos.com.br\/blog\/concurso-core-rs\/\"},\"author\":{\"name\":\"Coordena\u00e7\u00e3o\",\"@id\":\"https:\/\/www.estrategiaconcursos.com.br\/blog\/#\/schema\/person\/b4a388c97673c5f483d72185668afa1f\"},\"headline\":\"Concurso CORE RS: provas em dezembro! At\u00e9 R$ 5 mil\",\"datePublished\":\"2025-11-06T15:12:00+00:00\",\"dateModified\":\"2025-12-10T17:28:43+00:00\",\"mainEntityOfPage\":{\"@id\":\"https:\/\/www.estrategiaconcursos.com.br\/blog\/concurso-core-rs\/\"},\"wordCount\":597,\"commentCount\":0,\"publisher\":{\"@id\":\"https:\/\/www.estrategiaconcursos.com.br\/blog\/#organization\"},\"image\":{\"@id\":\"https:\/\/www.estrategiaconcursos.com.br\/blog\/concurso-core-rs\/#primaryimage\"},\"thumbnailUrl\":\"https:\/\/dhg1h5j42swfq.cloudfront.net\/2021\/02\/22171500\/concursos-conselhos.jpg\",\"articleSection\":[\"Conselhos Regionais\",\"\u00daltimas not\u00edcias\"],\"inLanguage\":\"pt-BR\",\"potentialAction\":[{\"@type\":\"CommentAction\",\"name\":\"Comment\",\"target\":[\"https:\/\/www.estrategiaconcursos.com.br\/blog\/concurso-core-rs\/#respond\"]}],\"copyrightYear\":\"2025\",\"copyrightHolder\":{\"@id\":\"https:\/\/www.estrategiaconcursos.com.br\/blog\/#organization\"}},{\"@type\":\"WebPage\",\"@id\":\"https:\/\/www.estrategiaconcursos.com.br\/blog\/concurso-core-rs\/\",\"url\":\"https:\/\/www.estrategiaconcursos.com.br\/blog\/concurso-core-rs\/\",\"name\":\"Concurso CORE RS: provas em dezembro! At\u00e9 R$ 5 mil\",\"isPartOf\":{\"@id\":\"https:\/\/www.estrategiaconcursos.com.br\/blog\/#website\"},\"primaryImageOfPage\":{\"@id\":\"https:\/\/www.estrategiaconcursos.com.br\/blog\/concurso-core-rs\/#primaryimage\"},\"image\":{\"@id\":\"https:\/\/www.estrategiaconcursos.com.br\/blog\/concurso-core-rs\/#primaryimage\"},\"thumbnailUrl\":\"https:\/\/dhg1h5j42swfq.cloudfront.net\/2021\/02\/22171500\/concursos-conselhos.jpg\",\"datePublished\":\"2025-11-06T15:12:00+00:00\",\"dateModified\":\"2025-12-10T17:28:43+00:00\",\"description\":\"Concurso CORE RS: edital oferta 8 vagas imediatas + 152 em CR para o cargo de Fiscal e Assistente. Provas em 07 de dezembro!\",\"breadcrumb\":{\"@id\":\"https:\/\/www.estrategiaconcursos.com.br\/blog\/concurso-core-rs\/#breadcrumb\"},\"inLanguage\":\"pt-BR\",\"potentialAction\":[{\"@type\":\"ReadAction\",\"target\":[\"https:\/\/www.estrategiaconcursos.com.br\/blog\/concurso-core-rs\/\"]}]},{\"@type\":\"ImageObject\",\"inLanguage\":\"pt-BR\",\"@id\":\"https:\/\/www.estrategiaconcursos.com.br\/blog\/concurso-core-rs\/#primaryimage\",\"url\":\"https:\/\/dhg1h5j42swfq.cloudfront.net\/2021\/02\/22171500\/concursos-conselhos.jpg\",\"contentUrl\":\"https:\/\/dhg1h5j42swfq.cloudfront.net\/2021\/02\/22171500\/concursos-conselhos.jpg\",\"width\":1200,\"height\":628,\"caption\":\"concursos conselhos\"},{\"@type\":\"BreadcrumbList\",\"@id\":\"https:\/\/www.estrategiaconcursos.com.br\/blog\/concurso-core-rs\/#breadcrumb\",\"itemListElement\":[{\"@type\":\"ListItem\",\"position\":1,\"name\":\"In\u00edcio\",\"item\":\"https:\/\/www.estrategiaconcursos.com.br\/blog\/\"},{\"@type\":\"ListItem\",\"position\":2,\"name\":\"Concurso CORE RS: provas em dezembro! At\u00e9 R$ 5 mil\"}]},{\"@type\":\"WebSite\",\"@id\":\"https:\/\/www.estrategiaconcursos.com.br\/blog\/#website\",\"url\":\"https:\/\/www.estrategiaconcursos.com.br\/blog\/\",\"name\":\"Estrat\u00e9gia Concursos\",\"description\":\"O blog da Estrat\u00e9gia Concursos traz not\u00edcias sobre concursos e artigos de professores oferecendo cursos para concursos (pdf + videaulas) no site.\",\"publisher\":{\"@id\":\"https:\/\/www.estrategiaconcursos.com.br\/blog\/#organization\"},\"potentialAction\":[{\"@type\":\"SearchAction\",\"target\":{\"@type\":\"EntryPoint\",\"urlTemplate\":\"https:\/\/www.estrategiaconcursos.com.br\/blog\/?s={search_term_string}\"},\"query-input\":{\"@type\":\"PropertyValueSpecification\",\"valueRequired\":true,\"valueName\":\"search_term_string\"}}],\"inLanguage\":\"pt-BR\"},{\"@type\":\"Organization\",\"@id\":\"https:\/\/www.estrategiaconcursos.com.br\/blog\/#organization\",\"name\":\"Estrat\u00e9gia Concursos\",\"url\":\"https:\/\/www.estrategiaconcursos.com.br\/blog\/\",\"logo\":{\"@type\":\"ImageObject\",\"inLanguage\":\"pt-BR\",\"@id\":\"https:\/\/www.estrategiaconcursos.com.br\/blog\/#\/schema\/logo\/image\/\",\"url\":\"https:\/\/dhg1h5j42swfq.cloudfront.net\/2025\/06\/03203428\/logo_concursos-1.jpg\",\"contentUrl\":\"https:\/\/dhg1h5j42swfq.cloudfront.net\/2025\/06\/03203428\/logo_concursos-1.jpg\",\"width\":230,\"height\":60,\"caption\":\"Estrat\u00e9gia Concursos\"},\"image\":{\"@id\":\"https:\/\/www.estrategiaconcursos.com.br\/blog\/#\/schema\/logo\/image\/\"},\"sameAs\":[\"https:\/\/x.com\/EstratConcursos\"]},{\"@type\":\"Person\",\"@id\":\"https:\/\/www.estrategiaconcursos.com.br\/blog\/#\/schema\/person\/b4a388c97673c5f483d72185668afa1f\",\"name\":\"Coordena\u00e7\u00e3o\",\"image\":{\"@type\":\"ImageObject\",\"inLanguage\":\"pt-BR\",\"@id\":\"https:\/\/secure.gravatar.com\/avatar\/b720319e4c9a967eb58678d110f4fe35452fc5d5f97b202bac7b8acceb18c6ad?s=96&d=mm&r=g\",\"url\":\"https:\/\/secure.gravatar.com\/avatar\/b720319e4c9a967eb58678d110f4fe35452fc5d5f97b202bac7b8acceb18c6ad?s=96&d=mm&r=g\",\"contentUrl\":\"https:\/\/secure.gravatar.com\/avatar\/b720319e4c9a967eb58678d110f4fe35452fc5d5f97b202bac7b8acceb18c6ad?s=96&d=mm&r=g\",\"caption\":\"Coordena\u00e7\u00e3o\"},\"sameAs\":[\"https:\/\/www.facebook.com\/EstrategiaConcursos\",\"https:\/\/x.com\/EstratConcursos\"],\"url\":\"https:\/\/www.estrategiaconcursos.com.br\/blog\/author\/estrategia2013\/\"}]}<\/script>\n<!-- \/ Yoast SEO Premium plugin. -->","yoast_head_json":{"title":"Concurso CORE RS: provas em dezembro! At\u00e9 R$ 5 mil","description":"Concurso CORE RS: edital oferta 8 vagas imediatas + 152 em CR para o cargo de Fiscal e Assistente. Provas em 07 de dezembro!","robots":{"index":"index","follow":"follow","max-snippet":"max-snippet:-1","max-image-preview":"max-image-preview:large","max-video-preview":"max-video-preview:-1"},"canonical":"https:\/\/www.estrategiaconcursos.com.br\/blog\/concurso-core-rs\/","og_locale":"pt_BR","og_type":"article","og_title":"Concurso CORE RS: provas em dezembro! At\u00e9 R$ 5 mil","og_description":"Concurso CORE RS: edital oferta 8 vagas imediatas + 152 em CR para o cargo de Fiscal e Assistente. Provas em 07 de dezembro!","og_url":"https:\/\/www.estrategiaconcursos.com.br\/blog\/concurso-core-rs\/","og_site_name":"Estrat\u00e9gia Concursos","article_author":"https:\/\/www.facebook.com\/EstrategiaConcursos","article_published_time":"2025-11-06T15:12:00+00:00","article_modified_time":"2025-12-10T17:28:43+00:00","og_image":[{"width":1200,"height":628,"url":"https:\/\/dhg1h5j42swfq.cloudfront.net\/2021\/02\/22171500\/concursos-conselhos.jpg","type":"image\/jpeg"}],"author":"Coordena\u00e7\u00e3o","twitter_card":"summary_large_image","twitter_creator":"@EstratConcursos","twitter_site":"@EstratConcursos","twitter_misc":{"Escrito por":"Coordena\u00e7\u00e3o","Est. tempo de leitura":"3 minutos"},"schema":{"@context":"https:\/\/schema.org","@graph":[{"@type":"NewsArticle","@id":"https:\/\/www.estrategiaconcursos.com.br\/blog\/concurso-core-rs\/#article","isPartOf":{"@id":"https:\/\/www.estrategiaconcursos.com.br\/blog\/concurso-core-rs\/"},"author":{"name":"Coordena\u00e7\u00e3o","@id":"https:\/\/www.estrategiaconcursos.com.br\/blog\/#\/schema\/person\/b4a388c97673c5f483d72185668afa1f"},"headline":"Concurso CORE RS: provas em dezembro! At\u00e9 R$ 5 mil","datePublished":"2025-11-06T15:12:00+00:00","dateModified":"2025-12-10T17:28:43+00:00","mainEntityOfPage":{"@id":"https:\/\/www.estrategiaconcursos.com.br\/blog\/concurso-core-rs\/"},"wordCount":597,"commentCount":0,"publisher":{"@id":"https:\/\/www.estrategiaconcursos.com.br\/blog\/#organization"},"image":{"@id":"https:\/\/www.estrategiaconcursos.com.br\/blog\/concurso-core-rs\/#primaryimage"},"thumbnailUrl":"https:\/\/dhg1h5j42swfq.cloudfront.net\/2021\/02\/22171500\/concursos-conselhos.jpg","articleSection":["Conselhos Regionais","\u00daltimas not\u00edcias"],"inLanguage":"pt-BR","potentialAction":[{"@type":"CommentAction","name":"Comment","target":["https:\/\/www.estrategiaconcursos.com.br\/blog\/concurso-core-rs\/#respond"]}],"copyrightYear":"2025","copyrightHolder":{"@id":"https:\/\/www.estrategiaconcursos.com.br\/blog\/#organization"}},{"@type":"WebPage","@id":"https:\/\/www.estrategiaconcursos.com.br\/blog\/concurso-core-rs\/","url":"https:\/\/www.estrategiaconcursos.com.br\/blog\/concurso-core-rs\/","name":"Concurso CORE RS: provas em dezembro! At\u00e9 R$ 5 mil","isPartOf":{"@id":"https:\/\/www.estrategiaconcursos.com.br\/blog\/#website"},"primaryImageOfPage":{"@id":"https:\/\/www.estrategiaconcursos.com.br\/blog\/concurso-core-rs\/#primaryimage"},"image":{"@id":"https:\/\/www.estrategiaconcursos.com.br\/blog\/concurso-core-rs\/#primaryimage"},"thumbnailUrl":"https:\/\/dhg1h5j42swfq.cloudfront.net\/2021\/02\/22171500\/concursos-conselhos.jpg","datePublished":"2025-11-06T15:12:00+00:00","dateModified":"2025-12-10T17:28:43+00:00","description":"Concurso CORE RS: edital oferta 8 vagas imediatas + 152 em CR para o cargo de Fiscal e Assistente. Provas em 07 de dezembro!","breadcrumb":{"@id":"https:\/\/www.estrategiaconcursos.com.br\/blog\/concurso-core-rs\/#breadcrumb"},"inLanguage":"pt-BR","potentialAction":[{"@type":"ReadAction","target":["https:\/\/www.estrategiaconcursos.com.br\/blog\/concurso-core-rs\/"]}]},{"@type":"ImageObject","inLanguage":"pt-BR","@id":"https:\/\/www.estrategiaconcursos.com.br\/blog\/concurso-core-rs\/#primaryimage","url":"https:\/\/dhg1h5j42swfq.cloudfront.net\/2021\/02\/22171500\/concursos-conselhos.jpg","contentUrl":"https:\/\/dhg1h5j42swfq.cloudfront.net\/2021\/02\/22171500\/concursos-conselhos.jpg","width":1200,"height":628,"caption":"concursos conselhos"},{"@type":"BreadcrumbList","@id":"https:\/\/www.estrategiaconcursos.com.br\/blog\/concurso-core-rs\/#breadcrumb","itemListElement":[{"@type":"ListItem","position":1,"name":"In\u00edcio","item":"https:\/\/www.estrategiaconcursos.com.br\/blog\/"},{"@type":"ListItem","position":2,"name":"Concurso CORE RS: provas em dezembro! At\u00e9 R$ 5 mil"}]},{"@type":"WebSite","@id":"https:\/\/www.estrategiaconcursos.com.br\/blog\/#website","url":"https:\/\/www.estrategiaconcursos.com.br\/blog\/","name":"Estrat\u00e9gia Concursos","description":"O blog da Estrat\u00e9gia Concursos traz not\u00edcias sobre concursos e artigos de professores oferecendo cursos para concursos (pdf + videaulas) no site.","publisher":{"@id":"https:\/\/www.estrategiaconcursos.com.br\/blog\/#organization"},"potentialAction":[{"@type":"SearchAction","target":{"@type":"EntryPoint","urlTemplate":"https:\/\/www.estrategiaconcursos.com.br\/blog\/?s={search_term_string}"},"query-input":{"@type":"PropertyValueSpecification","valueRequired":true,"valueName":"search_term_string"}}],"inLanguage":"pt-BR"},{"@type":"Organization","@id":"https:\/\/www.estrategiaconcursos.com.br\/blog\/#organization","name":"Estrat\u00e9gia Concursos","url":"https:\/\/www.estrategiaconcursos.com.br\/blog\/","logo":{"@type":"ImageObject","inLanguage":"pt-BR","@id":"https:\/\/www.estrategiaconcursos.com.br\/blog\/#\/schema\/logo\/image\/","url":"https:\/\/dhg1h5j42swfq.cloudfront.net\/2025\/06\/03203428\/logo_concursos-1.jpg","contentUrl":"https:\/\/dhg1h5j42swfq.cloudfront.net\/2025\/06\/03203428\/logo_concursos-1.jpg","width":230,"height":60,"caption":"Estrat\u00e9gia Concursos"},"image":{"@id":"https:\/\/www.estrategiaconcursos.com.br\/blog\/#\/schema\/logo\/image\/"},"sameAs":["https:\/\/x.com\/EstratConcursos"]},{"@type":"Person","@id":"https:\/\/www.estrategiaconcursos.com.br\/blog\/#\/schema\/person\/b4a388c97673c5f483d72185668afa1f","name":"Coordena\u00e7\u00e3o","image":{"@type":"ImageObject","inLanguage":"pt-BR","@id":"https:\/\/secure.gravatar.com\/avatar\/b720319e4c9a967eb58678d110f4fe35452fc5d5f97b202bac7b8acceb18c6ad?s=96&d=mm&r=g","url":"https:\/\/secure.gravatar.com\/avatar\/b720319e4c9a967eb58678d110f4fe35452fc5d5f97b202bac7b8acceb18c6ad?s=96&d=mm&r=g","contentUrl":"https:\/\/secure.gravatar.com\/avatar\/b720319e4c9a967eb58678d110f4fe35452fc5d5f97b202bac7b8acceb18c6ad?s=96&d=mm&r=g","caption":"Coordena\u00e7\u00e3o"},"sameAs":["https:\/\/www.facebook.com\/EstrategiaConcursos","https:\/\/x.com\/EstratConcursos"],"url":"https:\/\/www.estrategiaconcursos.com.br\/blog\/author\/estrategia2013\/"}]}},"_links":{"self":[{"href":"https:\/\/www.estrategiaconcursos.com.br\/blog\/wp-json\/wp\/v2\/posts\/1252222","targetHints":{"allow":["GET"]}}],"collection":[{"href":"https:\/\/www.estrategiaconcursos.com.br\/blog\/wp-json\/wp\/v2\/posts"}],"about":[{"href":"https:\/\/www.estrategiaconcursos.com.br\/blog\/wp-json\/wp\/v2\/types\/post"}],"author":[{"embeddable":true,"href":"https:\/\/www.estrategiaconcursos.com.br\/blog\/wp-json\/wp\/v2\/users\/1"}],"replies":[{"embeddable":true,"href":"https:\/\/www.estrategiaconcursos.com.br\/blog\/wp-json\/wp\/v2\/comments?post=1252222"}],"version-history":[{"count":23,"href":"https:\/\/www.estrategiaconcursos.com.br\/blog\/wp-json\/wp\/v2\/posts\/1252222\/revisions"}],"predecessor-version":[{"id":1683032,"href":"https:\/\/www.estrategiaconcursos.com.br\/blog\/wp-json\/wp\/v2\/posts\/1252222\/revisions\/1683032"}],"wp:featuredmedia":[{"embeddable":true,"href":"https:\/\/www.estrategiaconcursos.com.br\/blog\/wp-json\/wp\/v2\/media\/698684"}],"wp:attachment":[{"href":"https:\/\/www.estrategiaconcursos.com.br\/blog\/wp-json\/wp\/v2\/media?parent=1252222"}],"wp:term":[{"taxonomy":"category","embeddable":true,"href":"https:\/\/www.estrategiaconcursos.com.br\/blog\/wp-json\/wp\/v2\/categories?post=1252222"},{"taxonomy":"post_tag","embeddable":true,"href":"https:\/\/www.estrategiaconcursos.com.br\/blog\/wp-json\/wp\/v2\/tags?post=1252222"},{"taxonomy":"tax_estado","embeddable":true,"href":"https:\/\/www.estrategiaconcursos.com.br\/blog\/wp-json\/wp\/v2\/tax_estado?post=1252222"}],"curies":[{"name":"wp","href":"https:\/\/api.w.org\/{rel}","templated":true}]}}