{"id":1250328,"date":"2023-07-18T11:34:00","date_gmt":"2023-07-18T14:34:00","guid":{"rendered":"https:\/\/www.estrategiaconcursos.com.br\/blog\/?p=1250328"},"modified":"2023-07-21T11:54:48","modified_gmt":"2023-07-21T14:54:48","slug":"concursos-educacao-novas-vagas","status":"publish","type":"post","link":"https:\/\/www.estrategiaconcursos.com.br\/blog\/concursos-educacao-novas-vagas\/","title":{"rendered":"Concursos Educa\u00e7\u00e3o: ministra anuncia novas vagas!"},"content":{"rendered":"\n<p>Os <strong>concursos para \u00e1rea de educa\u00e7\u00e3o<\/strong> receber\u00e3o novas vagas <strong>ainda em 2023,<\/strong> segundo a ministra do\u00a0<a href=\"https:\/\/www.gov.br\/gestao\/pt-br\" target=\"_blank\" rel=\"noreferrer noopener\">Minist\u00e9rio do Planejamento e Inova\u00e7\u00e3o<\/a>, Esther Dweck.<\/p>\n\n\n\n<p>O comunicado foi dado na manh\u00e3 desta ter\u00e7a-feira, 18 de julho de 2023, atrav\u00e9s de coletiva de imprensa destinada a pauta de concursos federais.<\/p>\n\n\n\n<p>Segundo anunciado pela ministra ser\u00e3o <strong>5 mil novas vagas<\/strong> para professores e t\u00e9cnicos educacionais, al\u00e9m de <strong>8.141 vagas<\/strong> tempor\u00e1rias na \u00e1rea da Educa\u00e7\u00e3o.<\/p>\n\n\n\n<p>Vale lembrar que a \u00e1rea \u00e9 uma das mais movimentadas todos os anos com sele\u00e7\u00f5es p\u00fablicas de provimento imediato, com oportunidades para todos os n\u00edveis de forma\u00e7\u00e3o em diversas especialidades.<\/p>\n\n\n\n<p>As vagas se distribuem por todo territ\u00f3rio nacional. Confira abaixo as principais informa\u00e7\u00f5es sobre concursos previstos!<\/p>\n\n\n\n<h2 class=\"wp-block-heading\" id=\"autorizados-concurso-educacao\">Concursos Educa\u00e7\u00e3o &#8211; autorizados, anunciados e previstos <\/h2>\n\n\n\n<h3 class=\"wp-block-heading\" id=\"concursos-educacao-curto-prazo-ate-6-meses\">Concurso INEP<\/h3>\n\n\n\n<p class=\"has-very-light-gray-to-cyan-bluish-gray-gradient-background has-background has-medium-font-size\"><strong><a href=\"https:\/\/www.estrategiaconcursos.com.br\/blog\/concurso-inep\/\" target=\"_blank\" rel=\"noreferrer noopener\">Concurso INEP<\/a><\/strong><\/p>\n\n\n\n<p><strong>Status:<\/strong> autorizado<\/p>\n\n\n\n<p><strong>Perspectivas:<\/strong> O&nbsp;Instituto Nacional de Estudos e Pesquisas Educacionais&nbsp;(<strong>INEP<\/strong>) est\u00e1 autorizado a realizar concurso p\u00fablico com a oferta de 50 vagas para Analista em Tecnologia!<\/p>\n\n\n\n<p><strong>Vagas\/Cargos e sal\u00e1rio inicial<\/strong><\/p>\n\n\n\n<ul class=\"wp-block-list\">\n<li><strong>Cargos:<\/strong>&nbsp;Analista em Tecnologia<\/li>\n\n\n\n<li><strong>Forma\u00e7\u00e3o:<\/strong> n\u00edvel superior<\/li>\n\n\n\n<li><strong>Vagas:&nbsp;<\/strong>50<\/li>\n\n\n\n<li><strong>Sal\u00e1rio:<\/strong>&nbsp;a definir<\/li>\n\n\n\n<li><strong>Curso:<\/strong> <a href=\"https:\/\/www.estrategiaconcursos.com.br\/cursosPorConcurso\/inep-102\/\" target=\"_blank\" rel=\"noreferrer noopener\">INEP<\/a><\/li>\n<\/ul>\n\n\n\n<h3 class=\"wp-block-heading\" id=\"concursos-educacao-curto-prazo-ate-6-meses\">Concurso FNDE<\/h3>\n\n\n\n<p class=\"has-very-light-gray-to-cyan-bluish-gray-gradient-background has-background has-medium-font-size\"><strong><a href=\"https:\/\/www.estrategiaconcursos.com.br\/blog\/concurso-fnde\/\" target=\"_blank\" rel=\"noreferrer noopener\">Concurso FNDE<\/a><\/strong><\/p>\n\n\n\n<p><strong>Status:<\/strong> autorizado<\/p>\n\n\n\n<p><strong>Perspectivas:<\/strong> Foram autorizadas 100 vagas para o novo concurso FNDE (Fundo Nacional de Desenvolvimento da Educa\u00e7\u00e3o). A previs\u00e3o \u00e9 de que o edital seja publicado em at\u00e9 6 meses.<\/p>\n\n\n\n<p><strong>Vagas\/Cargos e sal\u00e1rio inicial<\/strong><\/p>\n\n\n\n<ul class=\"wp-block-list\">\n<li><strong>Cargos:<\/strong>&nbsp;Especialista em Financiamento e Execu\u00e7\u00e3o de Programas e Projetos Educacionais<\/li>\n\n\n\n<li><strong>Forma\u00e7\u00e3o:<\/strong> n\u00edvel superior<\/li>\n\n\n\n<li><strong>Vagas:&nbsp;<\/strong>100<\/li>\n\n\n\n<li><strong>Sal\u00e1rio:<\/strong>&nbsp;R$ 4.758,73 a R$ 8.694,83<\/li>\n\n\n\n<li><strong>Curso:<\/strong> <a href=\"https:\/\/www.estrategiaconcursos.com.br\/cursos\/\" target=\"_blank\" rel=\"noreferrer noopener\">FNDE<\/a> <\/li>\n<\/ul>\n\n\n\n<h3 class=\"wp-block-heading\" id=\"concursos-educacao-curto-prazo-ate-6-meses\">Concurso SME Jo\u00e3o Pessoa PB<\/h3>\n\n\n\n<p class=\"has-very-light-gray-to-cyan-bluish-gray-gradient-background has-background has-medium-font-size\"><strong><a href=\"https:\/\/www.estrategiaconcursos.com.br\/blog\/concurso-sme-joao-pessoa\/\" target=\"_blank\" rel=\"noreferrer noopener\">Concurso SME Jo\u00e3o Pessoa PB<\/a><\/strong><\/p>\n\n\n\n<p><strong>Status<\/strong>: Banca definida<\/p>\n\n\n\n<p><strong>Perspectivas<\/strong>: A&nbsp;<a href=\"https:\/\/www.estrategiaconcursos.com.br\/cursos\/concurso\/\" target=\"_blank\" rel=\"noreferrer noopener\">Secretaria Municipal de Educa\u00e7\u00e3o de Jo\u00e3o Pessoa<\/a>&nbsp;(<strong>SME Jo\u00e3o Pessoa<\/strong>) definiu o Idecan como banca organizadora do novo edital! O certame ofertar\u00e1&nbsp;<strong>440 vagas<\/strong>&nbsp;para profissionais da educa\u00e7\u00e3o e a previs\u00e3o, segundo o Prefeito do Munic\u00edpio, \u00e9 de que o edital saia at\u00e9 setembro.<\/p>\n\n\n\n<p><strong>Vagas\/Cargos e sal\u00e1rio inicial<\/strong><\/p>\n\n\n\n<ul class=\"wp-block-list\">\n<li><strong>Cargos:<\/strong> a definir<\/li>\n\n\n\n<li><strong>Forma\u00e7\u00e3o:<\/strong> n\u00edvel m\u00e9dio e superior<\/li>\n\n\n\n<li><strong>Vagas:&nbsp;<\/strong>440<\/li>\n\n\n\n<li><strong>Sal\u00e1rio:<\/strong> a definir <\/li>\n\n\n\n<li><strong>Curso:<\/strong> <a href=\"https:\/\/www.estrategiaconcursos.com.br\/cursos\/concurso\/\" target=\"_blank\" rel=\"noreferrer noopener\">SME Jo\u00e3o Pessoa<\/a> <\/li>\n<\/ul>\n\n\n\n<h3 class=\"wp-block-heading\" id=\"concursos-educacao-curto-prazo-ate-6-meses\">Concurso SME SP <\/h3>\n\n\n\n<p class=\"has-very-light-gray-to-cyan-bluish-gray-gradient-background has-background has-medium-font-size\"><strong><a href=\"https:\/\/www.estrategiaconcursos.com.br\/blog\/concurso-sme-sp\/\" target=\"_blank\" rel=\"noreferrer noopener\">Concurso SME  SP<\/a><\/strong><\/p>\n\n\n\n<p><strong>Status<\/strong>: Autorizado<\/p>\n\n\n\n<p><strong>Perspectivas<\/strong>: Foi publicada a autoriza\u00e7\u00e3o de um novo&nbsp;<strong>concurso SME SP<\/strong>&nbsp;(Secretaria Municipal de Educa\u00e7\u00e3o de S\u00e3o Paulo) com a <strong>oferta de 924 vagas<\/strong>.<\/p>\n\n\n\n<p><strong>Vagas\/Cargos e sal\u00e1rio inicial<\/strong><\/p>\n\n\n\n<ul class=\"wp-block-list\">\n<li><strong>Cargos:<\/strong> Professor de Educa\u00e7\u00e3o Infantil e Auxiliar T\u00e9cnico de Educa\u00e7\u00e3o<\/li>\n\n\n\n<li><strong>Forma\u00e7\u00e3o:<\/strong> n\u00edvel m\u00e9dio e superior<\/li>\n\n\n\n<li><strong>Vagas:&nbsp;<\/strong>924 autorizadas<\/li>\n\n\n\n<li><strong>Sal\u00e1rio:<\/strong> a definir <\/li>\n\n\n\n<li><strong>Curso:<\/strong> <a href=\"https:\/\/www.estrategiaconcursos.com.br\/cursos\/concurso\/\" target=\"_blank\" rel=\"noreferrer noopener\">SME SP<\/a><\/li>\n<\/ul>\n\n\n\n<h3 class=\"wp-block-heading\" id=\"concursos-educacao-curto-prazo-ate-6-meses\">Concurso SEEC RN<\/h3>\n\n\n\n<p class=\"has-very-light-gray-to-cyan-bluish-gray-gradient-background has-background has-medium-font-size\"><strong><a href=\"https:\/\/www.estrategiaconcursos.com.br\/blog\/concurso-seec-rn\/\" target=\"_blank\" rel=\"noreferrer noopener\">Concurso SEEC RN<\/a><\/strong><\/p>\n\n\n\n<p><strong>Status<\/strong>: Anunciado <\/p>\n\n\n\n<p><strong>Perspectivas<\/strong>: Em uma transmiss\u00e3o ao vivo realizada entre a Secretaria de Estado da Administra\u00e7\u00e3o e dos Recursos Humanos do Rio Grande do Norte&nbsp;\u2013 SEARH RN, Virg\u00ednia Ferreira, e a Governadora do Estado, F\u00e1tima Bezerra, foi anunciada, dentre outras, a previs\u00e3o de realiza\u00e7\u00e3o de um novo concurso SEEC RN, para a Secretaria de Estado da Educa\u00e7\u00e3o, da Cultura, do Esporte e do Lazer.<\/p>\n\n\n\n<p><strong>Vagas\/Cargos e sal\u00e1rio inicial<\/strong><\/p>\n\n\n\n<ul class=\"wp-block-list\">\n<li><strong>Cargos:<\/strong> a definir <\/li>\n\n\n\n<li><strong>Forma\u00e7\u00e3o:<\/strong> a definir <\/li>\n\n\n\n<li><strong>Vagas:&nbsp;<\/strong>a definir <\/li>\n\n\n\n<li><strong>Sal\u00e1rio:<\/strong> a definir <\/li>\n\n\n\n<li><strong>Curso:<\/strong> <a href=\"https:\/\/www.estrategiaconcursos.com.br\/cursos\/concurso\/\" target=\"_blank\" rel=\"noreferrer noopener\">SEEC RN<\/a><\/li>\n<\/ul>\n\n\n\n<h3 class=\"wp-block-heading\" id=\"concursos-educacao-curto-prazo-ate-6-meses\">Concurso SME An\u00e1polis (GO)<\/h3>\n\n\n\n<p class=\"has-very-light-gray-to-cyan-bluish-gray-gradient-background has-background has-medium-font-size\"><strong><a href=\"https:\/\/www.estrategiaconcursos.com.br\/blog\/concurso-sme-anapolis\/\" target=\"_blank\" rel=\"noreferrer noopener\">Concurso SME An\u00e1polis (GO)<\/a><\/strong><\/p>\n\n\n\n<p><strong>Status<\/strong> &#8211; Previsto para 2023<\/p>\n\n\n\n<p><strong>Perspectivas<\/strong>: Um novo concurso da Secretaria Municipal de Educa\u00e7\u00e3o de An\u00e1polis, em Goi\u00e1s, para servidores est\u00e1 previsto!<\/p>\n\n\n\n<p><strong>Vagas\/ Cargos e sal\u00e1rio inicial<\/strong><\/p>\n\n\n\n<ul class=\"wp-block-list\">\n<li><strong>Cargo: <\/strong>servidores<\/li>\n\n\n\n<li><strong>Forma\u00e7\u00e3o: <\/strong>a definir<\/li>\n\n\n\n<li><strong>Vagas:<\/strong> a definir<\/li>\n\n\n\n<li><strong>Sal\u00e1rio:<\/strong> a definir<\/li>\n\n\n\n<li><strong>Curso:<\/strong> <a href=\"https:\/\/www.estrategiaconcursos.com.br\/cursos\" target=\"_blank\" rel=\"noreferrer noopener\">SME An\u00e1polis (GO)<\/a><\/li>\n<\/ul>\n\n\n\n<h3 class=\"wp-block-heading\" id=\"concursos-educacao-curto-prazo-ate-6-meses\">Concurso SEMED Campo Grande (MS)<\/h3>\n\n\n\n<p class=\"has-very-light-gray-to-cyan-bluish-gray-gradient-background has-background has-medium-font-size\"><strong><a href=\"https:\/\/www.estrategiaconcursos.com.br\/blog\/concurso-semed-campo-grande\/\" target=\"_blank\" rel=\"noreferrer noopener\">Concurso SEMED Campo Grande MS<\/a><\/strong><\/p>\n\n\n\n<p><strong>Status<\/strong>: Anunciado para 2023<\/p>\n\n\n\n<p><strong>Perspectivas<\/strong>: a Prefeita de Campo Grande\/MS, Adriane Lopes, anunciou um novo concurso da&nbsp;Secretaria Municipal de Educa\u00e7\u00e3o&nbsp;(<strong>SEMED<\/strong>) para professores! De acordo com a mandat\u00e1ria, o n\u00famero de vagas que ser\u00e3o ofertadas est\u00e1 em estudos, mas a previs\u00e3o \u00e9 de que o edital seja lan\u00e7ado ainda em&nbsp;<strong>2023<\/strong>.<\/p>\n\n\n\n<p><strong>Vagas\/ Cargos e sal\u00e1rio inicial<\/strong><\/p>\n\n\n\n<ul class=\"wp-block-list\">\n<li><strong>Cargo: <\/strong>Professor<\/li>\n\n\n\n<li><strong>Forma\u00e7\u00e3o: <\/strong>a definir<\/li>\n\n\n\n<li><strong>Vagas:<\/strong> a definir<\/li>\n\n\n\n<li><strong>Sal\u00e1rio:<\/strong> R$ 2.546,06 [\u00faltimo edital]<\/li>\n\n\n\n<li><strong>Curso:<\/strong> <a href=\"https:\/\/www.estrategiaconcursos.com.br\/cursos\" target=\"_blank\" rel=\"noreferrer noopener\">SEMED Campo Grande<\/a><\/li>\n<\/ul>\n\n\n\n<h3 class=\"wp-block-heading\" id=\"concursos-educacao-medio-prazo-6-meses-a-1-ano\">Concurso FAETEC RJ<\/h3>\n\n\n\n<p class=\"has-very-light-gray-to-cyan-bluish-gray-gradient-background has-background has-medium-font-size\"><strong><a href=\"https:\/\/www.estrategiaconcursos.com.br\/blog\/concurso-faetec-rj\/\" target=\"_blank\" rel=\"noreferrer noopener\">Concurso FAETEC RJ<\/a><\/strong><\/p>\n\n\n\n<p><strong>Status<\/strong>: Autorizado<\/p>\n\n\n\n<p><strong>Perspectivas<\/strong>: A Assembleia Legislativa do Estado do Rio de Janeiro (Alerj)<strong>&nbsp;<\/strong>autorizou a realiza\u00e7\u00e3o de um novo concurso p\u00fablico para a Funda\u00e7\u00e3o de Apoio \u00e0 Escola T\u00e9cnica do Rio de Janeiro (FAETEC RJ).<\/p>\n\n\n\n<p><strong>Vagas\/Cargos e sal\u00e1rio inicial<\/strong><\/p>\n\n\n\n<ul class=\"wp-block-list\">\n<li><strong>Status: <\/strong>autorizado<\/li>\n\n\n\n<li><strong>Cargos:&nbsp;<\/strong>a definir<\/li>\n\n\n\n<li><strong>Forma\u00e7\u00e3o:&nbsp;<\/strong>a definir<\/li>\n\n\n\n<li><strong>Vagas:<\/strong>&nbsp;a definir<\/li>\n\n\n\n<li><strong>Sal\u00e1rio:<\/strong>&nbsp;R$ 2.142,88 a R$ 3.000,00 [\u00faltimo edital]<\/li>\n\n\n\n<li><a href=\"https:\/\/www.estrategiaconcursos.com.br\/cursos\/concurso\/\" target=\"_blank\" rel=\"noreferrer noopener\">Cursos FAETEC RJ <\/a><\/li>\n<\/ul>\n\n\n\n<h3 class=\"wp-block-heading\" id=\"concursos-educacao-medio-prazo-6-meses-a-1-ano\">Concurso SEMED Palmas TO<\/h3>\n\n\n\n<p class=\"has-very-light-gray-to-cyan-bluish-gray-gradient-background has-background has-medium-font-size\"><strong><a href=\"https:\/\/www.estrategiaconcursos.com.br\/blog\/concurso-semed-palmas-to\/\">Concurso SEMED Palmas TO<\/a><\/strong><\/p>\n\n\n\n<p><strong>Status: <\/strong>edital anunciado <\/p>\n\n\n\n<p><strong>Perspectivas:<\/strong> A Secretaria de Educa\u00e7\u00e3o da Prefeitura de Palmas (TO) pretende realizar um novo certame.&nbsp;<\/p>\n\n\n\n<p><strong>Vagas\/ Cargos e sal\u00e1rio inicial<\/strong><\/p>\n\n\n\n<ul class=\"wp-block-list\">\n<li><strong>Cargo:&nbsp;<\/strong>a definir<\/li>\n\n\n\n<li><strong>Forma\u00e7\u00e3o:<\/strong> a definir<\/li>\n\n\n\n<li><strong>Vagas:<\/strong>&nbsp;a definir<\/li>\n\n\n\n<li><strong>Sal\u00e1rio:<\/strong>&nbsp;<strong>a definir<\/strong><\/li>\n\n\n\n<li><strong>Curso:<\/strong> SEMED PALMAS TO<\/li>\n<\/ul>\n\n\n\n<h3 class=\"wp-block-heading\" id=\"concursos-educacao-medio-prazo-6-meses-a-1-ano\">Concurso SEMED Manaus &#8211; AM<\/h3>\n\n\n\n<p class=\"has-very-light-gray-to-cyan-bluish-gray-gradient-background has-background\"><a href=\"https:\/\/www.estrategiaconcursos.com.br\/blog\/concurso-semed-manaus\/\" target=\"_blank\" rel=\"noreferrer noopener\"><strong>Concurso SEMED MANAUS &#8211; AM<\/strong><\/a><\/p>\n\n\n\n<p><strong>Status: <\/strong>previsto para 2023<\/p>\n\n\n\n<p><strong>Perspectivas:<\/strong> A Secretaria Municipal de Educa\u00e7\u00e3o de Manaus realizar\u00e1 um novo concurso p\u00fablico para 3,5 mil vagas anunciado para 2023.<\/p>\n\n\n\n<p><strong>Vagas\/ Cargos e sal\u00e1rio inicial<\/strong><\/p>\n\n\n\n<ul class=\"wp-block-list\">\n<li><strong>Cargo:<\/strong> professor<\/li>\n\n\n\n<li><strong>Forma\u00e7\u00e3o:<\/strong> superior<\/li>\n\n\n\n<li><strong>Vagas:<\/strong>&nbsp;3,5 mil<\/li>\n\n\n\n<li><strong>Sal\u00e1rio:<\/strong>&nbsp;a definir<\/li>\n\n\n\n<li><strong>Curso:<\/strong> <a href=\"https:\/\/www.estrategiaconcursos.com.br\/cursosPorConcurso\/area-da-educacao-333\/\" target=\"_blank\" rel=\"noreferrer noopener\">Semed Manaus<\/a><\/li>\n<\/ul>\n\n\n\n<h3 class=\"wp-block-heading\" id=\"concursos-educacao-medio-prazo-6-meses-a-1-ano\">Concurso SEDUC &#8211; PA<\/h3>\n\n\n\n<p class=\"has-very-light-gray-to-cyan-bluish-gray-gradient-background has-background has-medium-font-size\"><a href=\"https:\/\/www.estrategiaconcursos.com.br\/blog\/concurso-seduc-pa\/\" target=\"_blank\" rel=\"noreferrer noopener\"><strong>Concurso SEDUC PA<\/strong><\/a><\/p>\n\n\n\n<p><b>Status<\/b>: Previsto para 2023<\/p>\n\n\n\n<p><strong>Perspectivas:<\/strong> A&nbsp;Secretaria de Educa\u00e7\u00e3o do Estado do Par\u00e1&nbsp;iniciou os estudos do novo<strong>&nbsp;concurso SEDUC PA<\/strong>, previsto para o segundo semestre de 2023!<\/p>\n\n\n\n<p><strong>Vagas\/ Cargos e sal\u00e1rio inicial<\/strong><\/p>\n\n\n\n<ul class=\"wp-block-list\">\n<li><strong>Cargo: <\/strong>a definir<\/li>\n\n\n\n<li><strong>Forma\u00e7\u00e3o: <\/strong>a definir<\/li>\n\n\n\n<li><strong>Vagas:<\/strong> a definir<\/li>\n\n\n\n<li><strong>Sal\u00e1rio:<\/strong> a definir<\/li>\n\n\n\n<li><strong>Curso: <\/strong><a href=\"https:\/\/www.estrategiaconcursos.com.br\/cursos\/concurso\/\" target=\"_blank\" rel=\"noreferrer noopener\">SEDUC PA <\/a><\/li>\n<\/ul>\n\n\n\n<h3 class=\"wp-block-heading\" id=\"concursos-educacao-medio-prazo-6-meses-a-1-ano\">Concurso SEE &#8211; PB<\/h3>\n\n\n\n<p class=\"has-very-light-gray-to-cyan-bluish-gray-gradient-background has-background has-medium-font-size\"><strong> <a href=\"https:\/\/www.estrategiaconcursos.com.br\/blog\/concurso-see-pb\" target=\"_blank\" rel=\"noreferrer noopener\">Concurso SEE PB<\/a><\/strong><\/p>\n\n\n\n<p> <b>Status<\/b>: Previsto para 2023<\/p>\n\n\n\n<p> <strong>Perspectivas<\/strong>:  A&nbsp;Secretaria de Estado da Educa\u00e7\u00e3o&nbsp;da Para\u00edba&nbsp;(<strong>SEE PB<\/strong>) deve realizar um novo concurso com a oferta de&nbsp;<strong>1.000 vagas<\/strong>&nbsp;para 2023. As oportunidades ser\u00e3o distribu\u00eddas entre os cargos de professor e demais \u00e1reas de educa\u00e7\u00e3o.<\/p>\n\n\n\n<p><strong>Vagas\/ Cargos e sal\u00e1rio inicial<\/strong><\/p>\n\n\n\n<ul class=\"wp-block-list\">\n<li><strong>Cargo: <\/strong>Professor de Educa\u00e7\u00e3o B\u00e1sica<\/li>\n\n\n\n<li><strong>Forma\u00e7\u00e3o:<\/strong> superior<\/li>\n\n\n\n<li><strong>Vagas:<\/strong> 1000 (previstas)<\/li>\n\n\n\n<li><strong>Sal\u00e1rio:<\/strong> a definir<\/li>\n\n\n\n<li><strong>Curso: <\/strong><a href=\"https:\/\/www.estrategiaconcursos.com.br\/cursosPorConcurso\/see-pb\/\" target=\"_blank\" rel=\"noreferrer noopener\">SEE PB<\/a><\/li>\n<\/ul>\n\n\n\n<p class=\"has-text-align-center has-very-light-gray-to-cyan-bluish-gray-gradient-background has-background has-medium-font-size\"><strong>Saiba mais: <a href=\"https:\/\/www.estrategiaconcursos.com.br\/blog\/concursos-educacao\/\" target=\"_blank\" rel=\"noreferrer noopener\">concursos educa\u00e7\u00e3o<\/a><\/strong><\/p>\n\n\n\n<h2 class=\"wp-block-heading has-text-align-center\">Quer saber tudo sobre concursos previstos e concursos educa\u00e7\u00e3o?<br \/>Confira nossos artigos!<\/h2>\n\n\n\n<ul class=\"wp-block-list\">\n<li><a href=\"https:\/\/www.estrategiaconcursos.com.br\/blog\/concursos-2023\/\" target=\"_blank\" rel=\"noreferrer noopener\">Concursos 2023<\/a><\/li>\n\n\n\n<li><a href=\"https:\/\/www.estrategiaconcursos.com.br\/blog\/concursos-2024\/\" target=\"_blank\" rel=\"noreferrer noopener\">Concursos 2024<\/a><\/li>\n\n\n\n<li><a href=\"https:\/\/www.estrategiaconcursos.com.br\/blog\/concursos-abertos\/\" target=\"_blank\" rel=\"noreferrer noopener\">Concursos abertos<\/a><\/li>\n<\/ul>\n\n\n\n<h2 class=\"wp-block-heading has-text-align-center\" id=\"cursos-assinatura\"><em><strong>Quer estudar para <\/strong>Concursos Educa\u00e7\u00e3o<strong>?<\/strong><\/em><\/h2>\n\n\n\n<p class=\"has-text-align-center\"><em>Gostou desta oportunidade e deseja come\u00e7ar se preparar agora mesmo para Concursos Professor? Ent\u00e3o, confira os nossos cursos e comece a estudar para certames de educa\u00e7\u00e3o: <\/em><\/p>\n\n\n\n<div class=\"container\" id=\"boxes\">\n  <div class=\"row\">\n\n    <div class=\"col-sm\">\n      <div class=\"estrategia\" id=\"box-assinatura\">\n        <h3 class=\"titulo-assinatura\">Assinatura Concursos<\/h3>\n        <p class=\"subtitulo-assinatura\">Assinatura de 1 ano ou 2 anos<\/p>\n        <div class=\"box-botao\">\n          <a class=\"btn-assinatura\" target=\"_blank\" href=\"https:\/\/www.estrategiaconcursos.com.br\/assinaturas\/\" role=\"button\" rel=\"noopener noreferrer\">ASSINE AGORA<\/a>\n        <\/div>\n      <\/div>\n     \n    <\/div><\/div><\/div>\n","protected":false},"excerpt":{"rendered":"<p>Os concursos para \u00e1rea de educa\u00e7\u00e3o receber\u00e3o novas vagas ainda em 2023, segundo a ministra do\u00a0Minist\u00e9rio do Planejamento e Inova\u00e7\u00e3o, Esther Dweck. O comunicado foi dado na manh\u00e3 desta ter\u00e7a-feira, 18 de julho de 2023, atrav\u00e9s de coletiva de imprensa destinada a pauta de concursos federais. Segundo anunciado pela ministra ser\u00e3o 5 mil novas vagas [&hellip;]<\/p>\n","protected":false},"author":2402,"featured_media":1090639,"comment_status":"open","ping_status":"closed","sticky":false,"template":"","format":"standard","meta":{"post_tipo":"news","footnotes":""},"categories":[3766,220219],"tags":[],"tax_estado":[219963],"class_list":["post-1250328","post","type-post","status-publish","format-standard","has-post-thumbnail","hentry","category-educacional","category-noticias","tax_estado-concursos-federais"],"acf":[],"yoast_head":"<!-- This site is optimized with the Yoast SEO Premium plugin v27.2 (Yoast SEO v27.2) - https:\/\/yoast.com\/product\/yoast-seo-premium-wordpress\/ -->\n<title>Concursos Educa\u00e7\u00e3o: ministra anuncia novas vagas!<\/title>\n<meta name=\"description\" content=\"Concursos educa\u00e7\u00e3o: novas vagas anunciadas pela ministra do Minist\u00e9rio do Planejamento e Invoca\u00e7\u00e3o para a \u00e1rea. Confira!\" \/>\n<meta name=\"robots\" content=\"index, follow, max-snippet:-1, max-image-preview:large, max-video-preview:-1\" \/>\n<link rel=\"canonical\" href=\"https:\/\/www.estrategiaconcursos.com.br\/blog\/concursos-educacao-novas-vagas\/\" \/>\n<meta property=\"og:locale\" content=\"pt_BR\" \/>\n<meta property=\"og:type\" content=\"article\" \/>\n<meta property=\"og:title\" content=\"Concursos Educa\u00e7\u00e3o: ministra anuncia novas vagas!\" \/>\n<meta property=\"og:description\" content=\"Concursos educa\u00e7\u00e3o: novas vagas anunciadas pela ministra do Minist\u00e9rio do Planejamento e Invoca\u00e7\u00e3o para a \u00e1rea. Confira!\" \/>\n<meta property=\"og:url\" content=\"https:\/\/www.estrategiaconcursos.com.br\/blog\/concursos-educacao-novas-vagas\/\" \/>\n<meta property=\"og:site_name\" content=\"Estrat\u00e9gia Concursos\" \/>\n<meta property=\"article:published_time\" content=\"2023-07-18T14:34:00+00:00\" \/>\n<meta property=\"article:modified_time\" content=\"2023-07-21T14:54:48+00:00\" \/>\n<meta property=\"og:image\" content=\"https:\/\/dhg1h5j42swfq.cloudfront.net\/2022\/09\/06185737\/concursos_educacao.jpg\" \/>\n\t<meta property=\"og:image:width\" content=\"768\" \/>\n\t<meta property=\"og:image:height\" content=\"432\" \/>\n\t<meta property=\"og:image:type\" content=\"image\/jpeg\" \/>\n<meta name=\"author\" content=\"Daniela Santos Nascimento\" \/>\n<meta name=\"twitter:card\" content=\"summary_large_image\" \/>\n<meta name=\"twitter:creator\" content=\"@EstratConcursos\" \/>\n<meta name=\"twitter:site\" content=\"@EstratConcursos\" \/>\n<meta name=\"twitter:label1\" content=\"Escrito por\" \/>\n\t<meta name=\"twitter:data1\" content=\"Daniela Santos Nascimento\" \/>\n\t<meta name=\"twitter:label2\" content=\"Est. tempo de leitura\" \/>\n\t<meta name=\"twitter:data2\" content=\"5 minutos\" \/>\n<script type=\"application\/ld+json\" class=\"yoast-schema-graph\">{\"@context\":\"https:\/\/schema.org\",\"@graph\":[{\"@type\":\"NewsArticle\",\"@id\":\"https:\/\/www.estrategiaconcursos.com.br\/blog\/concursos-educacao-novas-vagas\/#article\",\"isPartOf\":{\"@id\":\"https:\/\/www.estrategiaconcursos.com.br\/blog\/concursos-educacao-novas-vagas\/\"},\"author\":{\"name\":\"Daniela Santos Nascimento\",\"@id\":\"https:\/\/www.estrategiaconcursos.com.br\/blog\/#\/schema\/person\/399990d02336f200766707b881aee98f\"},\"headline\":\"Concursos Educa\u00e7\u00e3o: ministra anuncia novas vagas!\",\"datePublished\":\"2023-07-18T14:34:00+00:00\",\"dateModified\":\"2023-07-21T14:54:48+00:00\",\"mainEntityOfPage\":{\"@id\":\"https:\/\/www.estrategiaconcursos.com.br\/blog\/concursos-educacao-novas-vagas\/\"},\"wordCount\":1086,\"commentCount\":0,\"publisher\":{\"@id\":\"https:\/\/www.estrategiaconcursos.com.br\/blog\/#organization\"},\"image\":{\"@id\":\"https:\/\/www.estrategiaconcursos.com.br\/blog\/concursos-educacao-novas-vagas\/#primaryimage\"},\"thumbnailUrl\":\"https:\/\/dhg1h5j42swfq.cloudfront.net\/2022\/09\/06185737\/concursos_educacao.jpg\",\"articleSection\":[\"Educa\u00e7\u00e3o\",\"\u00daltimas not\u00edcias\"],\"inLanguage\":\"pt-BR\",\"potentialAction\":[{\"@type\":\"CommentAction\",\"name\":\"Comment\",\"target\":[\"https:\/\/www.estrategiaconcursos.com.br\/blog\/concursos-educacao-novas-vagas\/#respond\"]}],\"copyrightYear\":\"2023\",\"copyrightHolder\":{\"@id\":\"https:\/\/www.estrategiaconcursos.com.br\/blog\/#organization\"}},{\"@type\":\"WebPage\",\"@id\":\"https:\/\/www.estrategiaconcursos.com.br\/blog\/concursos-educacao-novas-vagas\/\",\"url\":\"https:\/\/www.estrategiaconcursos.com.br\/blog\/concursos-educacao-novas-vagas\/\",\"name\":\"Concursos Educa\u00e7\u00e3o: ministra anuncia novas vagas!\",\"isPartOf\":{\"@id\":\"https:\/\/www.estrategiaconcursos.com.br\/blog\/#website\"},\"primaryImageOfPage\":{\"@id\":\"https:\/\/www.estrategiaconcursos.com.br\/blog\/concursos-educacao-novas-vagas\/#primaryimage\"},\"image\":{\"@id\":\"https:\/\/www.estrategiaconcursos.com.br\/blog\/concursos-educacao-novas-vagas\/#primaryimage\"},\"thumbnailUrl\":\"https:\/\/dhg1h5j42swfq.cloudfront.net\/2022\/09\/06185737\/concursos_educacao.jpg\",\"datePublished\":\"2023-07-18T14:34:00+00:00\",\"dateModified\":\"2023-07-21T14:54:48+00:00\",\"description\":\"Concursos educa\u00e7\u00e3o: novas vagas anunciadas pela ministra do Minist\u00e9rio do Planejamento e Invoca\u00e7\u00e3o para a \u00e1rea. Confira!\",\"breadcrumb\":{\"@id\":\"https:\/\/www.estrategiaconcursos.com.br\/blog\/concursos-educacao-novas-vagas\/#breadcrumb\"},\"inLanguage\":\"pt-BR\",\"potentialAction\":[{\"@type\":\"ReadAction\",\"target\":[\"https:\/\/www.estrategiaconcursos.com.br\/blog\/concursos-educacao-novas-vagas\/\"]}]},{\"@type\":\"ImageObject\",\"inLanguage\":\"pt-BR\",\"@id\":\"https:\/\/www.estrategiaconcursos.com.br\/blog\/concursos-educacao-novas-vagas\/#primaryimage\",\"url\":\"https:\/\/dhg1h5j42swfq.cloudfront.net\/2022\/09\/06185737\/concursos_educacao.jpg\",\"contentUrl\":\"https:\/\/dhg1h5j42swfq.cloudfront.net\/2022\/09\/06185737\/concursos_educacao.jpg\",\"width\":768,\"height\":432,\"caption\":\"Concurso SME Indaial SP\"},{\"@type\":\"BreadcrumbList\",\"@id\":\"https:\/\/www.estrategiaconcursos.com.br\/blog\/concursos-educacao-novas-vagas\/#breadcrumb\",\"itemListElement\":[{\"@type\":\"ListItem\",\"position\":1,\"name\":\"In\u00edcio\",\"item\":\"https:\/\/www.estrategiaconcursos.com.br\/blog\/\"},{\"@type\":\"ListItem\",\"position\":2,\"name\":\"Concursos Educa\u00e7\u00e3o: ministra anuncia novas vagas!\"}]},{\"@type\":\"WebSite\",\"@id\":\"https:\/\/www.estrategiaconcursos.com.br\/blog\/#website\",\"url\":\"https:\/\/www.estrategiaconcursos.com.br\/blog\/\",\"name\":\"Estrat\u00e9gia Concursos\",\"description\":\"O blog da Estrat\u00e9gia Concursos traz not\u00edcias sobre concursos e artigos de professores oferecendo cursos para concursos (pdf + videaulas) no site.\",\"publisher\":{\"@id\":\"https:\/\/www.estrategiaconcursos.com.br\/blog\/#organization\"},\"potentialAction\":[{\"@type\":\"SearchAction\",\"target\":{\"@type\":\"EntryPoint\",\"urlTemplate\":\"https:\/\/www.estrategiaconcursos.com.br\/blog\/?s={search_term_string}\"},\"query-input\":{\"@type\":\"PropertyValueSpecification\",\"valueRequired\":true,\"valueName\":\"search_term_string\"}}],\"inLanguage\":\"pt-BR\"},{\"@type\":\"Organization\",\"@id\":\"https:\/\/www.estrategiaconcursos.com.br\/blog\/#organization\",\"name\":\"Estrat\u00e9gia Concursos\",\"url\":\"https:\/\/www.estrategiaconcursos.com.br\/blog\/\",\"logo\":{\"@type\":\"ImageObject\",\"inLanguage\":\"pt-BR\",\"@id\":\"https:\/\/www.estrategiaconcursos.com.br\/blog\/#\/schema\/logo\/image\/\",\"url\":\"https:\/\/dhg1h5j42swfq.cloudfront.net\/2025\/06\/03203428\/logo_concursos-1.jpg\",\"contentUrl\":\"https:\/\/dhg1h5j42swfq.cloudfront.net\/2025\/06\/03203428\/logo_concursos-1.jpg\",\"width\":230,\"height\":60,\"caption\":\"Estrat\u00e9gia Concursos\"},\"image\":{\"@id\":\"https:\/\/www.estrategiaconcursos.com.br\/blog\/#\/schema\/logo\/image\/\"},\"sameAs\":[\"https:\/\/x.com\/EstratConcursos\"]},{\"@type\":\"Person\",\"@id\":\"https:\/\/www.estrategiaconcursos.com.br\/blog\/#\/schema\/person\/399990d02336f200766707b881aee98f\",\"name\":\"Daniela Santos Nascimento\",\"image\":{\"@type\":\"ImageObject\",\"inLanguage\":\"pt-BR\",\"@id\":\"https:\/\/secure.gravatar.com\/avatar\/7f343622ad121e2893832a8c76808be436bdfcbf2f7d696174c94ecd84f2384a?s=96&d=mm&r=g\",\"url\":\"https:\/\/secure.gravatar.com\/avatar\/7f343622ad121e2893832a8c76808be436bdfcbf2f7d696174c94ecd84f2384a?s=96&d=mm&r=g\",\"contentUrl\":\"https:\/\/secure.gravatar.com\/avatar\/7f343622ad121e2893832a8c76808be436bdfcbf2f7d696174c94ecd84f2384a?s=96&d=mm&r=g\",\"caption\":\"Daniela Santos Nascimento\"},\"url\":\"https:\/\/www.estrategiaconcursos.com.br\/blog\/author\/daniela-nascimentoestrategia-com\/\"}]}<\/script>\n<!-- \/ Yoast SEO Premium plugin. -->","yoast_head_json":{"title":"Concursos Educa\u00e7\u00e3o: ministra anuncia novas vagas!","description":"Concursos educa\u00e7\u00e3o: novas vagas anunciadas pela ministra do Minist\u00e9rio do Planejamento e Invoca\u00e7\u00e3o para a \u00e1rea. Confira!","robots":{"index":"index","follow":"follow","max-snippet":"max-snippet:-1","max-image-preview":"max-image-preview:large","max-video-preview":"max-video-preview:-1"},"canonical":"https:\/\/www.estrategiaconcursos.com.br\/blog\/concursos-educacao-novas-vagas\/","og_locale":"pt_BR","og_type":"article","og_title":"Concursos Educa\u00e7\u00e3o: ministra anuncia novas vagas!","og_description":"Concursos educa\u00e7\u00e3o: novas vagas anunciadas pela ministra do Minist\u00e9rio do Planejamento e Invoca\u00e7\u00e3o para a \u00e1rea. Confira!","og_url":"https:\/\/www.estrategiaconcursos.com.br\/blog\/concursos-educacao-novas-vagas\/","og_site_name":"Estrat\u00e9gia Concursos","article_published_time":"2023-07-18T14:34:00+00:00","article_modified_time":"2023-07-21T14:54:48+00:00","og_image":[{"width":768,"height":432,"url":"https:\/\/dhg1h5j42swfq.cloudfront.net\/2022\/09\/06185737\/concursos_educacao.jpg","type":"image\/jpeg"}],"author":"Daniela Santos Nascimento","twitter_card":"summary_large_image","twitter_creator":"@EstratConcursos","twitter_site":"@EstratConcursos","twitter_misc":{"Escrito por":"Daniela Santos Nascimento","Est. tempo de leitura":"5 minutos"},"schema":{"@context":"https:\/\/schema.org","@graph":[{"@type":"NewsArticle","@id":"https:\/\/www.estrategiaconcursos.com.br\/blog\/concursos-educacao-novas-vagas\/#article","isPartOf":{"@id":"https:\/\/www.estrategiaconcursos.com.br\/blog\/concursos-educacao-novas-vagas\/"},"author":{"name":"Daniela Santos Nascimento","@id":"https:\/\/www.estrategiaconcursos.com.br\/blog\/#\/schema\/person\/399990d02336f200766707b881aee98f"},"headline":"Concursos Educa\u00e7\u00e3o: ministra anuncia novas vagas!","datePublished":"2023-07-18T14:34:00+00:00","dateModified":"2023-07-21T14:54:48+00:00","mainEntityOfPage":{"@id":"https:\/\/www.estrategiaconcursos.com.br\/blog\/concursos-educacao-novas-vagas\/"},"wordCount":1086,"commentCount":0,"publisher":{"@id":"https:\/\/www.estrategiaconcursos.com.br\/blog\/#organization"},"image":{"@id":"https:\/\/www.estrategiaconcursos.com.br\/blog\/concursos-educacao-novas-vagas\/#primaryimage"},"thumbnailUrl":"https:\/\/dhg1h5j42swfq.cloudfront.net\/2022\/09\/06185737\/concursos_educacao.jpg","articleSection":["Educa\u00e7\u00e3o","\u00daltimas not\u00edcias"],"inLanguage":"pt-BR","potentialAction":[{"@type":"CommentAction","name":"Comment","target":["https:\/\/www.estrategiaconcursos.com.br\/blog\/concursos-educacao-novas-vagas\/#respond"]}],"copyrightYear":"2023","copyrightHolder":{"@id":"https:\/\/www.estrategiaconcursos.com.br\/blog\/#organization"}},{"@type":"WebPage","@id":"https:\/\/www.estrategiaconcursos.com.br\/blog\/concursos-educacao-novas-vagas\/","url":"https:\/\/www.estrategiaconcursos.com.br\/blog\/concursos-educacao-novas-vagas\/","name":"Concursos Educa\u00e7\u00e3o: ministra anuncia novas vagas!","isPartOf":{"@id":"https:\/\/www.estrategiaconcursos.com.br\/blog\/#website"},"primaryImageOfPage":{"@id":"https:\/\/www.estrategiaconcursos.com.br\/blog\/concursos-educacao-novas-vagas\/#primaryimage"},"image":{"@id":"https:\/\/www.estrategiaconcursos.com.br\/blog\/concursos-educacao-novas-vagas\/#primaryimage"},"thumbnailUrl":"https:\/\/dhg1h5j42swfq.cloudfront.net\/2022\/09\/06185737\/concursos_educacao.jpg","datePublished":"2023-07-18T14:34:00+00:00","dateModified":"2023-07-21T14:54:48+00:00","description":"Concursos educa\u00e7\u00e3o: novas vagas anunciadas pela ministra do Minist\u00e9rio do Planejamento e Invoca\u00e7\u00e3o para a \u00e1rea. Confira!","breadcrumb":{"@id":"https:\/\/www.estrategiaconcursos.com.br\/blog\/concursos-educacao-novas-vagas\/#breadcrumb"},"inLanguage":"pt-BR","potentialAction":[{"@type":"ReadAction","target":["https:\/\/www.estrategiaconcursos.com.br\/blog\/concursos-educacao-novas-vagas\/"]}]},{"@type":"ImageObject","inLanguage":"pt-BR","@id":"https:\/\/www.estrategiaconcursos.com.br\/blog\/concursos-educacao-novas-vagas\/#primaryimage","url":"https:\/\/dhg1h5j42swfq.cloudfront.net\/2022\/09\/06185737\/concursos_educacao.jpg","contentUrl":"https:\/\/dhg1h5j42swfq.cloudfront.net\/2022\/09\/06185737\/concursos_educacao.jpg","width":768,"height":432,"caption":"Concurso SME Indaial SP"},{"@type":"BreadcrumbList","@id":"https:\/\/www.estrategiaconcursos.com.br\/blog\/concursos-educacao-novas-vagas\/#breadcrumb","itemListElement":[{"@type":"ListItem","position":1,"name":"In\u00edcio","item":"https:\/\/www.estrategiaconcursos.com.br\/blog\/"},{"@type":"ListItem","position":2,"name":"Concursos Educa\u00e7\u00e3o: ministra anuncia novas vagas!"}]},{"@type":"WebSite","@id":"https:\/\/www.estrategiaconcursos.com.br\/blog\/#website","url":"https:\/\/www.estrategiaconcursos.com.br\/blog\/","name":"Estrat\u00e9gia Concursos","description":"O blog da Estrat\u00e9gia Concursos traz not\u00edcias sobre concursos e artigos de professores oferecendo cursos para concursos (pdf + videaulas) no site.","publisher":{"@id":"https:\/\/www.estrategiaconcursos.com.br\/blog\/#organization"},"potentialAction":[{"@type":"SearchAction","target":{"@type":"EntryPoint","urlTemplate":"https:\/\/www.estrategiaconcursos.com.br\/blog\/?s={search_term_string}"},"query-input":{"@type":"PropertyValueSpecification","valueRequired":true,"valueName":"search_term_string"}}],"inLanguage":"pt-BR"},{"@type":"Organization","@id":"https:\/\/www.estrategiaconcursos.com.br\/blog\/#organization","name":"Estrat\u00e9gia Concursos","url":"https:\/\/www.estrategiaconcursos.com.br\/blog\/","logo":{"@type":"ImageObject","inLanguage":"pt-BR","@id":"https:\/\/www.estrategiaconcursos.com.br\/blog\/#\/schema\/logo\/image\/","url":"https:\/\/dhg1h5j42swfq.cloudfront.net\/2025\/06\/03203428\/logo_concursos-1.jpg","contentUrl":"https:\/\/dhg1h5j42swfq.cloudfront.net\/2025\/06\/03203428\/logo_concursos-1.jpg","width":230,"height":60,"caption":"Estrat\u00e9gia Concursos"},"image":{"@id":"https:\/\/www.estrategiaconcursos.com.br\/blog\/#\/schema\/logo\/image\/"},"sameAs":["https:\/\/x.com\/EstratConcursos"]},{"@type":"Person","@id":"https:\/\/www.estrategiaconcursos.com.br\/blog\/#\/schema\/person\/399990d02336f200766707b881aee98f","name":"Daniela Santos Nascimento","image":{"@type":"ImageObject","inLanguage":"pt-BR","@id":"https:\/\/secure.gravatar.com\/avatar\/7f343622ad121e2893832a8c76808be436bdfcbf2f7d696174c94ecd84f2384a?s=96&d=mm&r=g","url":"https:\/\/secure.gravatar.com\/avatar\/7f343622ad121e2893832a8c76808be436bdfcbf2f7d696174c94ecd84f2384a?s=96&d=mm&r=g","contentUrl":"https:\/\/secure.gravatar.com\/avatar\/7f343622ad121e2893832a8c76808be436bdfcbf2f7d696174c94ecd84f2384a?s=96&d=mm&r=g","caption":"Daniela Santos Nascimento"},"url":"https:\/\/www.estrategiaconcursos.com.br\/blog\/author\/daniela-nascimentoestrategia-com\/"}]}},"_links":{"self":[{"href":"https:\/\/www.estrategiaconcursos.com.br\/blog\/wp-json\/wp\/v2\/posts\/1250328","targetHints":{"allow":["GET"]}}],"collection":[{"href":"https:\/\/www.estrategiaconcursos.com.br\/blog\/wp-json\/wp\/v2\/posts"}],"about":[{"href":"https:\/\/www.estrategiaconcursos.com.br\/blog\/wp-json\/wp\/v2\/types\/post"}],"author":[{"embeddable":true,"href":"https:\/\/www.estrategiaconcursos.com.br\/blog\/wp-json\/wp\/v2\/users\/2402"}],"replies":[{"embeddable":true,"href":"https:\/\/www.estrategiaconcursos.com.br\/blog\/wp-json\/wp\/v2\/comments?post=1250328"}],"version-history":[{"count":11,"href":"https:\/\/www.estrategiaconcursos.com.br\/blog\/wp-json\/wp\/v2\/posts\/1250328\/revisions"}],"predecessor-version":[{"id":1252764,"href":"https:\/\/www.estrategiaconcursos.com.br\/blog\/wp-json\/wp\/v2\/posts\/1250328\/revisions\/1252764"}],"wp:featuredmedia":[{"embeddable":true,"href":"https:\/\/www.estrategiaconcursos.com.br\/blog\/wp-json\/wp\/v2\/media\/1090639"}],"wp:attachment":[{"href":"https:\/\/www.estrategiaconcursos.com.br\/blog\/wp-json\/wp\/v2\/media?parent=1250328"}],"wp:term":[{"taxonomy":"category","embeddable":true,"href":"https:\/\/www.estrategiaconcursos.com.br\/blog\/wp-json\/wp\/v2\/categories?post=1250328"},{"taxonomy":"post_tag","embeddable":true,"href":"https:\/\/www.estrategiaconcursos.com.br\/blog\/wp-json\/wp\/v2\/tags?post=1250328"},{"taxonomy":"tax_estado","embeddable":true,"href":"https:\/\/www.estrategiaconcursos.com.br\/blog\/wp-json\/wp\/v2\/tax_estado?post=1250328"}],"curies":[{"name":"wp","href":"https:\/\/api.w.org\/{rel}","templated":true}]}}