{"id":1250048,"date":"2023-07-17T19:56:05","date_gmt":"2023-07-17T22:56:05","guid":{"rendered":"https:\/\/www.estrategiaconcursos.com.br\/blog\/?p=1250048"},"modified":"2023-07-18T16:26:35","modified_gmt":"2023-07-18T19:26:35","slug":"concursos-federais-anunciados-coletiva","status":"publish","type":"post","link":"https:\/\/www.estrategiaconcursos.com.br\/blog\/concursos-federais-anunciados-coletiva\/","title":{"rendered":"Concursos Federais ser\u00e3o anunciados em entrevista coletiva"},"content":{"rendered":"\n<p>Aten\u00e7\u00e3o, estrategistas! Nesta ter\u00e7a-feira (18), \u00e0s 9h, a ministra da Gest\u00e3o e da Inova\u00e7\u00e3o em Servi\u00e7os P\u00fablicos, Esther Dweck, vai conceder entrevista coletiva para anunciar a autoriza\u00e7\u00e3o de novos concursos federais.<\/p>\n\n\n\n<p class=\"has-text-align-center has-medium-font-size\"><strong><em>O Estrat\u00e9gia Concursos vai acompanhar o an\u00fancio e te atualizar sobre todas as novidades e oportunidades!<\/em><\/strong><\/p>\n\n\n\n<p>Vale lembrar que diversos certames j\u00e1 receberam autoriza\u00e7\u00e3o, totalizando 4.436 vagas em 14 minist\u00e9rios. A expectativa \u00e9 de que os editais sejam publicados ainda neste ano.<\/p>\n\n\n\n<p>Vale lembrar que ap\u00f3s a autoriza\u00e7\u00e3o, os respectivos \u00f3rg\u00e3os t\u00eam o <strong>prazo limite de seis meses (180 dias) <\/strong>para a publica\u00e7\u00e3o do edital de abertura.<\/p>\n\n\n<figure class=\"wp-block-embed-youtube wp-block-embed is-type-video is-provider-youtube wp-embed-aspect-4-3 wp-has-aspect-ratio lyte-align aligncenter\"><div class=\"lyte-wrapper\" style=\"width:853px;max-width:100%;margin:5px;\"><div class=\"lyMe\" id=\"WYL_kNpubmkgJE0\"><div id=\"lyte_kNpubmkgJE0\" data-src=\"\/\/i.ytimg.com\/vi\/kNpubmkgJE0\/hqdefault.jpg\" class=\"pL\"><div class=\"tC\"><div class=\"tT\"><\/div><\/div><div class=\"play\"><\/div><div class=\"ctrl\"><div class=\"Lctrl\"><\/div><div class=\"Rctrl\"><\/div><\/div><\/div><noscript><a href=\"https:\/\/youtu.be\/kNpubmkgJE0\" rel=\"nofollow\"><img loading=\"lazy\" decoding=\"async\" src=\"https:\/\/i.ytimg.com\/vi\/kNpubmkgJE0\/0.jpg\" alt=\"YouTube video thumbnail\" width=\"853\" height=\"460\" \/><br \/>Assista a este v\u00eddeo no YouTube<\/a><\/noscript><\/div><\/div><div class=\"lL\" style=\"max-width:100%;width:853px;margin:5px;\"><\/div><figcaption><\/figcaption><\/figure>\n\n\n<h3 class=\"wp-block-heading\">Confira as oportunidades previstas no Poder Executivo Federal<\/h3>\n\n\n\n<h3 class=\"wp-block-heading\" id=\"h-concurso-aft\"><a href=\"https:\/\/www.estrategiaconcursos.com.br\/blog\/concurso-aft\/\" target=\"_blank\" rel=\"noreferrer noopener\">Concurso AFT<\/a><\/h3>\n\n\n\n<ul class=\"wp-block-list\">\n<li><strong>Situa\u00e7\u00e3o<\/strong>: Autorizado<\/li>\n\n\n\n<li><strong>Cargo:<\/strong>&nbsp;Auditor Fiscal do Trabalho<\/li>\n\n\n\n<li><strong>Escolaridade:&nbsp;<\/strong>N\u00edvel superior<\/li>\n\n\n\n<li><strong>N\u00famero de Vagas:<\/strong>&nbsp;900<\/li>\n\n\n\n<li><strong>Remunera\u00e7\u00e3o:<\/strong>&nbsp;R$ 22.921,71<\/li>\n<\/ul>\n\n\n\n<h3 class=\"wp-block-heading\" id=\"concurso-mcti\"><a href=\"https:\/\/www.estrategiaconcursos.com.br\/blog\/concurso-mapa\/\" target=\"_blank\" rel=\"noreferrer noopener\">Concurso MAPA<\/a><\/h3>\n\n\n\n<ul class=\"wp-block-list\">\n<li><strong>Situa\u00e7\u00e3o<\/strong>: autorizado<\/li>\n\n\n\n<li><strong>Cargos:&nbsp;<\/strong>Agente, Auditor e T\u00e9cnico<\/li>\n\n\n\n<li><strong>Forma\u00e7\u00e3o:&nbsp;<\/strong>N\u00edvel m\u00e9dio\/t\u00e9cnico e superior<\/li>\n\n\n\n<li><strong>Vagas:<\/strong>&nbsp;440<\/li>\n\n\n\n<li><strong>Sal\u00e1rio:<\/strong>&nbsp;R$ 7.436,04 e R$ 15.897,33<\/li>\n<\/ul>\n\n\n\n<h3 class=\"wp-block-heading\"><a href=\"https:\/\/www.estrategiaconcursos.com.br\/blog\/concurso-mme\/\" target=\"_blank\" rel=\"noreferrer noopener\">Concurso MME<\/a><\/h3>\n\n\n\n<ul class=\"wp-block-list\">\n<li><strong>Situa\u00e7\u00e3o:&nbsp;<\/strong>Autorizado<\/li>\n\n\n\n<li><strong>Cargos:<\/strong>&nbsp;Administrador<\/li>\n\n\n\n<li><strong>Escolaridade:&nbsp;<\/strong>N\u00edvel superior<\/li>\n\n\n\n<li><strong>N\u00famero de<\/strong>&nbsp;<strong>Vagas:&nbsp;<\/strong>30<\/li>\n\n\n\n<li><strong>Remunera\u00e7\u00e3o:<\/strong>&nbsp;de R$ 1.700,00 a R$ R$ 8.300,00 (<em>\u00faltimo edital<\/em>)<\/li>\n\n\n\n<li><strong>Curso:&nbsp;<\/strong><a href=\"https:\/\/www.estrategiaconcursos.com.br\/pesquisa\/?q=mme\" target=\"_blank\" rel=\"noreferrer noopener\">MME<\/a><\/li>\n<\/ul>\n\n\n\n<h3 class=\"wp-block-heading\"><a href=\"https:\/\/www.estrategiaconcursos.com.br\/blog\/concurso-ministerio-da-saude\" target=\"_blank\" rel=\"noreferrer noopener\">Concurso Minist\u00e9rio da Sa\u00fade<\/a><\/h3>\n\n\n\n<ul class=\"wp-block-list\">\n<li><strong>Situa\u00e7\u00e3o<\/strong>: autorizado<\/li>\n\n\n\n<li><strong>Cargo:&nbsp;<\/strong>Tecnologista<\/li>\n\n\n\n<li><strong>Escolaridade:&nbsp;<\/strong>n\u00edvel superior<\/li>\n\n\n\n<li><strong>N\u00famero de vagas:<\/strong>&nbsp;220<\/li>\n\n\n\n<li><strong>Sal\u00e1rios:&nbsp;<\/strong>R$ 4.784,27 a R$ 5.744,88 [\u00faltimo edital]<\/li>\n\n\n\n<li><a href=\"https:\/\/www.estrategiaconcursos.com.br\/cursos\/concurso\/\" target=\"_blank\" rel=\"noreferrer noopener\">Cursos MS<\/a><\/li>\n<\/ul>\n\n\n\n<h3 class=\"wp-block-heading\"><a href=\"https:\/\/www.estrategiaconcursos.com.br\/blog\/concurso-mre\/\" target=\"_blank\" rel=\"noreferrer noopener\">Concurso MRE<\/a><\/h3>\n\n\n\n<ul class=\"wp-block-list\">\n<li><strong>Situa\u00e7\u00e3o:\u00a0<\/strong>Autorizado<\/li>\n\n\n\n<li><strong>Cargos:<\/strong>&nbsp;Oficial de Chancelaria<\/li>\n\n\n\n<li><strong>Forma\u00e7\u00e3o&nbsp;<\/strong>N\u00edvel superior<\/li>\n\n\n\n<li><strong>Vagas:&nbsp;<\/strong>50 + 50 CR<\/li>\n\n\n\n<li><strong>Sal\u00e1rio:&nbsp;<\/strong>R$ 10.169,77<\/li>\n<\/ul>\n\n\n\n<h3 class=\"wp-block-heading\" id=\"concurso-ana\"><a href=\"https:\/\/www.estrategiaconcursos.com.br\/blog\/concurso-dnit\/\" target=\"_blank\" rel=\"noreferrer noopener\">Concurso DNIT<\/a><\/h3>\n\n\n\n<ul class=\"wp-block-list\">\n<li><strong>Situa\u00e7\u00e3o:<\/strong>&nbsp;Autorizado<\/li>\n\n\n\n<li><strong>Cargos:&nbsp;<\/strong>Analista Administrativo e Analista em Infraestrutura&nbsp;<\/li>\n\n\n\n<li><strong>Forma\u00e7\u00e3o:&nbsp;<\/strong>N\u00edvel m\u00e9dio e superior<\/li>\n\n\n\n<li><strong>Vagas:<\/strong>&nbsp;100<\/li>\n\n\n\n<li><strong>Sal\u00e1rio:<\/strong>\u00a0R$ 10.294,64 e R$ 12.812,32<\/li>\n\n\n\n<li><a href=\"https:\/\/www.estrategiaconcursos.com.br\/cursosPorConcurso\/dnit-115\/\" target=\"_blank\" rel=\"noreferrer noopener\">Cursos DNIT<\/a><\/li>\n<\/ul>\n\n\n\n<h3 class=\"wp-block-heading\" id=\"h-concurso-ati\"><a href=\"https:\/\/www.estrategiaconcursos.com.br\/blog\/concurso-ati\/\" target=\"_blank\" rel=\"noreferrer noopener\">Concurso ATI<\/a><\/h3>\n\n\n\n<ul class=\"wp-block-list\">\n<li><strong>Situa\u00e7\u00e3o<\/strong>: Autorizado<\/li>\n\n\n\n<li><strong>Cargo:<\/strong>&nbsp;Analista em Tecnologia da Informa\u00e7\u00e3o<\/li>\n\n\n\n<li><strong>Escolaridade:&nbsp;<\/strong>N\u00edvel superior<\/li>\n\n\n\n<li><strong>N\u00famero de vagas:<\/strong>&nbsp;300<\/li>\n\n\n\n<li><strong>Remunera\u00e7\u00e3o:<\/strong>\u00a0R$ 5.488,46<\/li>\n\n\n\n<li><a href=\"https:\/\/www.estrategiaconcursos.com.br\/cursosPorConcurso\/ministerio-do-planejamento-e-orcamento-mpo\/\" target=\"_blank\" rel=\"noreferrer noopener\">Cursos ATI<\/a><\/li>\n<\/ul>\n\n\n\n<p class=\"has-text-align-center\"><em>Para ficar por dentro de todas as informa\u00e7\u00f5es sobre concursos federais<\/em>,<em> n\u00e3o deixe de conferir nosso artigo com o panorama completo das <a href=\"https:\/\/www.youtube.com\/watch?v=kNpubmkgJE0\" target=\"_blank\" rel=\"noreferrer noopener\">oportunidades autorizadas<\/a> e previstas:<\/em><\/p>\n\n\n\n<p class=\"has-text-align-center has-background has-medium-font-size\" style=\"background-color:#dadfe2\"><strong>Mais informa\u00e7\u00f5es: <a href=\"https:\/\/www.estrategiaconcursos.com.br\/blog\/concursos-federais-2023\/\" target=\"_blank\" rel=\"noreferrer noopener\">concursos no \u00e2mbito federal<\/a><\/strong><\/p>\n\n\n\n<figure class=\"wp-block-image\"><a href=\"https:\/\/www.estrategiaconcursos.com.br\/blog\/semana-nacional-dos-concursos-publicos-2023\/\" target=\"_blank\" rel=\"noreferrer noopener\"><img loading=\"lazy\" decoding=\"async\" width=\"848\" height=\"270\" src=\"https:\/\/dhg1h5j42swfq.cloudfront.net\/2023\/06\/22115257\/image-274.png\" alt=\"\" class=\"wp-image-1237164\" srcset=\"https:\/\/dhg1h5j42swfq.cloudfront.net\/2023\/06\/22115257\/image-274.png 848w, https:\/\/dhg1h5j42swfq.cloudfront.net\/2023\/06\/22115257\/image-274-300x96.png 300w, https:\/\/dhg1h5j42swfq.cloudfront.net\/2023\/06\/22115257\/image-274-768x245.png 768w, https:\/\/dhg1h5j42swfq.cloudfront.net\/2023\/06\/22115257\/image-274-610x194.png 610w, https:\/\/dhg1h5j42swfq.cloudfront.net\/2023\/06\/22115257\/image-274-150x48.png 150w\" sizes=\"auto, (max-width: 848px) 100vw, 848px\" \/><\/a><figcaption class=\"wp-element-caption\"><a href=\"https:\/\/www.estrategiaconcursos.com.br\/blog\/semana-nacional-dos-concursos-publicos-2023\/\" target=\"_blank\" rel=\"noreferrer noopener\"><strong>Semana Nacional dos Concursos P\u00fablicos \u2013 at\u00e9 31\/07<\/strong><\/a><\/figcaption><\/figure>\n\n\n\n<h2 class=\"wp-block-heading has-text-align-center\">Quer estudar para os concursos federais?<\/h2>\n\n\n\n<div class=\"container\" id=\"boxes\">\r\n  <div class=\"row\">\r\n\r\n    <div class=\"col-sm\">\r\n      <div class=\"estrategia\" id=\"box-assinatura\">\r\n        <h3 class=\"titulo-assinatura\">Assinatura Concursos<\/h3>\r\n        <p class=\"subtitulo-assinatura\">Assinatura de 1 ano ou 2 anos<\/p>\r\n        <div class=\"box-botao\">\r\n          <a class=\"btn-assinatura\" target=\"_blank\" href=\"https:\/\/www.estrategiaconcursos.com.br\/assinaturas\/\" role=\"button\" rel=\"noopener noreferrer\">ASSINE AGORA<\/a>\r\n        <\/div>\r\n      <\/div><\/div><\/div><\/div>\n\n\n\n<h2 class=\"wp-block-heading has-text-align-center\" id=\"h-quer-saber-tudo-sobre-concursos-previstos-confira-nossos-artigos\">Quer saber tudo sobre concursos previstos?<br \/>Confira nossos artigos!<\/h2>\n\n\n\n<ul class=\"wp-block-list\">\n<li><a href=\"https:\/\/www.estrategiaconcursos.com.br\/blog\/concursos-abertos\/\" target=\"_blank\" rel=\"noreferrer noopener\">Concursos Abertos<\/a><\/li>\n\n\n\n<li><a href=\"https:\/\/www.estrategiaconcursos.com.br\/blog\/concursos-2023\/\" target=\"_blank\" rel=\"noreferrer noopener\">Concursos 2023<\/a><\/li>\n\n\n\n<li><a href=\"https:\/\/www.estrategiaconcursos.com.br\/blog\/concursos-2024\/\" target=\"_blank\" rel=\"noreferrer noopener\">Concursos 2024<\/a><\/li>\n<\/ul>\n","protected":false},"excerpt":{"rendered":"<p>Aten\u00e7\u00e3o, estrategistas! Nesta ter\u00e7a-feira (18), \u00e0s 9h, a ministra da Gest\u00e3o e da Inova\u00e7\u00e3o em Servi\u00e7os P\u00fablicos, Esther Dweck, vai conceder entrevista coletiva para anunciar a autoriza\u00e7\u00e3o de novos concursos federais. O Estrat\u00e9gia Concursos vai acompanhar o an\u00fancio e te atualizar sobre todas as novidades e oportunidades! Vale lembrar que diversos certames j\u00e1 receberam autoriza\u00e7\u00e3o, [&hellip;]<\/p>\n","protected":false},"author":2041,"featured_media":1209622,"comment_status":"open","ping_status":"closed","sticky":false,"template":"","format":"standard","meta":{"post_tipo":"news","footnotes":""},"categories":[1,220219],"tags":[],"tax_estado":[219963],"class_list":["post-1250048","post","type-post","status-publish","format-standard","has-post-thumbnail","hentry","category-cursos-e-concursos","category-noticias","tax_estado-concursos-federais"],"acf":[],"yoast_head":"<!-- This site is optimized with the Yoast SEO Premium plugin v27.2 (Yoast SEO v27.2) - https:\/\/yoast.com\/product\/yoast-seo-premium-wordpress\/ -->\n<title>Concursos Federais ser\u00e3o anunciados em entrevista coletiva<\/title>\n<meta name=\"description\" content=\"Nesta ter\u00e7a-feira (18), a ministra Esther Dweck vai conceder entrevista coletiva para anunciar a autoriza\u00e7\u00e3o de novos concursos federais.\" \/>\n<meta name=\"robots\" content=\"index, follow, max-snippet:-1, max-image-preview:large, max-video-preview:-1\" \/>\n<link rel=\"canonical\" href=\"https:\/\/www.estrategiaconcursos.com.br\/blog\/concursos-federais-anunciados-coletiva\/\" \/>\n<meta property=\"og:locale\" content=\"pt_BR\" \/>\n<meta property=\"og:type\" content=\"article\" \/>\n<meta property=\"og:title\" content=\"Concursos Federais ser\u00e3o anunciados em entrevista coletiva\" \/>\n<meta property=\"og:description\" content=\"Nesta ter\u00e7a-feira (18), a ministra Esther Dweck vai conceder entrevista coletiva para anunciar a autoriza\u00e7\u00e3o de novos concursos federais.\" \/>\n<meta property=\"og:url\" content=\"https:\/\/www.estrategiaconcursos.com.br\/blog\/concursos-federais-anunciados-coletiva\/\" \/>\n<meta property=\"og:site_name\" content=\"Estrat\u00e9gia Concursos\" \/>\n<meta property=\"article:published_time\" content=\"2023-07-17T22:56:05+00:00\" \/>\n<meta property=\"article:modified_time\" content=\"2023-07-18T19:26:35+00:00\" \/>\n<meta property=\"og:image\" content=\"https:\/\/dhg1h5j42swfq.cloudfront.net\/2023\/05\/02151653\/concursos-federais.jpg\" \/>\n\t<meta property=\"og:image:width\" content=\"768\" \/>\n\t<meta property=\"og:image:height\" content=\"432\" \/>\n\t<meta property=\"og:image:type\" content=\"image\/jpeg\" \/>\n<meta name=\"author\" content=\"Thiago Cavalcante Gomes\" \/>\n<meta name=\"twitter:card\" content=\"summary_large_image\" \/>\n<meta name=\"twitter:creator\" content=\"@EstratConcursos\" \/>\n<meta name=\"twitter:site\" content=\"@EstratConcursos\" \/>\n<meta name=\"twitter:label1\" content=\"Escrito por\" \/>\n\t<meta name=\"twitter:data1\" content=\"Thiago Cavalcante Gomes\" \/>\n\t<meta name=\"twitter:label2\" content=\"Est. tempo de leitura\" \/>\n\t<meta name=\"twitter:data2\" content=\"2 minutos\" \/>\n<script type=\"application\/ld+json\" class=\"yoast-schema-graph\">{\"@context\":\"https:\/\/schema.org\",\"@graph\":[{\"@type\":\"NewsArticle\",\"@id\":\"https:\/\/www.estrategiaconcursos.com.br\/blog\/concursos-federais-anunciados-coletiva\/#article\",\"isPartOf\":{\"@id\":\"https:\/\/www.estrategiaconcursos.com.br\/blog\/concursos-federais-anunciados-coletiva\/\"},\"author\":{\"name\":\"Thiago Cavalcante Gomes\",\"@id\":\"https:\/\/www.estrategiaconcursos.com.br\/blog\/#\/schema\/person\/4970184533d0a3ffa5b0299ae0a2b21f\"},\"headline\":\"Concursos Federais ser\u00e3o anunciados em entrevista coletiva\",\"datePublished\":\"2023-07-17T22:56:05+00:00\",\"dateModified\":\"2023-07-18T19:26:35+00:00\",\"mainEntityOfPage\":{\"@id\":\"https:\/\/www.estrategiaconcursos.com.br\/blog\/concursos-federais-anunciados-coletiva\/\"},\"wordCount\":407,\"commentCount\":0,\"publisher\":{\"@id\":\"https:\/\/www.estrategiaconcursos.com.br\/blog\/#organization\"},\"image\":{\"@id\":\"https:\/\/www.estrategiaconcursos.com.br\/blog\/concursos-federais-anunciados-coletiva\/#primaryimage\"},\"thumbnailUrl\":\"https:\/\/dhg1h5j42swfq.cloudfront.net\/2023\/05\/02151653\/concursos-federais.jpg\",\"articleSection\":[\"Concursos P\u00fablicos\",\"\u00daltimas not\u00edcias\"],\"inLanguage\":\"pt-BR\",\"potentialAction\":[{\"@type\":\"CommentAction\",\"name\":\"Comment\",\"target\":[\"https:\/\/www.estrategiaconcursos.com.br\/blog\/concursos-federais-anunciados-coletiva\/#respond\"]}],\"copyrightYear\":\"2023\",\"copyrightHolder\":{\"@id\":\"https:\/\/www.estrategiaconcursos.com.br\/blog\/#organization\"}},{\"@type\":\"WebPage\",\"@id\":\"https:\/\/www.estrategiaconcursos.com.br\/blog\/concursos-federais-anunciados-coletiva\/\",\"url\":\"https:\/\/www.estrategiaconcursos.com.br\/blog\/concursos-federais-anunciados-coletiva\/\",\"name\":\"Concursos Federais ser\u00e3o anunciados em entrevista coletiva\",\"isPartOf\":{\"@id\":\"https:\/\/www.estrategiaconcursos.com.br\/blog\/#website\"},\"primaryImageOfPage\":{\"@id\":\"https:\/\/www.estrategiaconcursos.com.br\/blog\/concursos-federais-anunciados-coletiva\/#primaryimage\"},\"image\":{\"@id\":\"https:\/\/www.estrategiaconcursos.com.br\/blog\/concursos-federais-anunciados-coletiva\/#primaryimage\"},\"thumbnailUrl\":\"https:\/\/dhg1h5j42swfq.cloudfront.net\/2023\/05\/02151653\/concursos-federais.jpg\",\"datePublished\":\"2023-07-17T22:56:05+00:00\",\"dateModified\":\"2023-07-18T19:26:35+00:00\",\"description\":\"Nesta ter\u00e7a-feira (18), a ministra Esther Dweck vai conceder entrevista coletiva para anunciar a autoriza\u00e7\u00e3o de novos concursos federais.\",\"breadcrumb\":{\"@id\":\"https:\/\/www.estrategiaconcursos.com.br\/blog\/concursos-federais-anunciados-coletiva\/#breadcrumb\"},\"inLanguage\":\"pt-BR\",\"potentialAction\":[{\"@type\":\"ReadAction\",\"target\":[\"https:\/\/www.estrategiaconcursos.com.br\/blog\/concursos-federais-anunciados-coletiva\/\"]}]},{\"@type\":\"ImageObject\",\"inLanguage\":\"pt-BR\",\"@id\":\"https:\/\/www.estrategiaconcursos.com.br\/blog\/concursos-federais-anunciados-coletiva\/#primaryimage\",\"url\":\"https:\/\/dhg1h5j42swfq.cloudfront.net\/2023\/05\/02151653\/concursos-federais.jpg\",\"contentUrl\":\"https:\/\/dhg1h5j42swfq.cloudfront.net\/2023\/05\/02151653\/concursos-federais.jpg\",\"width\":768,\"height\":432,\"caption\":\"Concursos federais: ministra confirma novos concursos em 2026\"},{\"@type\":\"BreadcrumbList\",\"@id\":\"https:\/\/www.estrategiaconcursos.com.br\/blog\/concursos-federais-anunciados-coletiva\/#breadcrumb\",\"itemListElement\":[{\"@type\":\"ListItem\",\"position\":1,\"name\":\"In\u00edcio\",\"item\":\"https:\/\/www.estrategiaconcursos.com.br\/blog\/\"},{\"@type\":\"ListItem\",\"position\":2,\"name\":\"Concursos Federais ser\u00e3o anunciados em entrevista coletiva\"}]},{\"@type\":\"WebSite\",\"@id\":\"https:\/\/www.estrategiaconcursos.com.br\/blog\/#website\",\"url\":\"https:\/\/www.estrategiaconcursos.com.br\/blog\/\",\"name\":\"Estrat\u00e9gia Concursos\",\"description\":\"O blog da Estrat\u00e9gia Concursos traz not\u00edcias sobre concursos e artigos de professores oferecendo cursos para concursos (pdf + videaulas) no site.\",\"publisher\":{\"@id\":\"https:\/\/www.estrategiaconcursos.com.br\/blog\/#organization\"},\"potentialAction\":[{\"@type\":\"SearchAction\",\"target\":{\"@type\":\"EntryPoint\",\"urlTemplate\":\"https:\/\/www.estrategiaconcursos.com.br\/blog\/?s={search_term_string}\"},\"query-input\":{\"@type\":\"PropertyValueSpecification\",\"valueRequired\":true,\"valueName\":\"search_term_string\"}}],\"inLanguage\":\"pt-BR\"},{\"@type\":\"Organization\",\"@id\":\"https:\/\/www.estrategiaconcursos.com.br\/blog\/#organization\",\"name\":\"Estrat\u00e9gia Concursos\",\"url\":\"https:\/\/www.estrategiaconcursos.com.br\/blog\/\",\"logo\":{\"@type\":\"ImageObject\",\"inLanguage\":\"pt-BR\",\"@id\":\"https:\/\/www.estrategiaconcursos.com.br\/blog\/#\/schema\/logo\/image\/\",\"url\":\"https:\/\/dhg1h5j42swfq.cloudfront.net\/2025\/06\/03203428\/logo_concursos-1.jpg\",\"contentUrl\":\"https:\/\/dhg1h5j42swfq.cloudfront.net\/2025\/06\/03203428\/logo_concursos-1.jpg\",\"width\":230,\"height\":60,\"caption\":\"Estrat\u00e9gia Concursos\"},\"image\":{\"@id\":\"https:\/\/www.estrategiaconcursos.com.br\/blog\/#\/schema\/logo\/image\/\"},\"sameAs\":[\"https:\/\/x.com\/EstratConcursos\"]},{\"@type\":\"Person\",\"@id\":\"https:\/\/www.estrategiaconcursos.com.br\/blog\/#\/schema\/person\/4970184533d0a3ffa5b0299ae0a2b21f\",\"name\":\"Thiago Cavalcante Gomes\",\"image\":{\"@type\":\"ImageObject\",\"inLanguage\":\"pt-BR\",\"@id\":\"https:\/\/secure.gravatar.com\/avatar\/?s=96&d=mm&r=g\",\"url\":\"https:\/\/secure.gravatar.com\/avatar\/?s=96&d=mm&r=g\",\"contentUrl\":\"https:\/\/secure.gravatar.com\/avatar\/?s=96&d=mm&r=g\",\"caption\":\"Thiago Cavalcante Gomes\"},\"url\":\"https:\/\/www.estrategiaconcursos.com.br\/blog\/author\/thiago-gomes\/\"}]}<\/script>\n<!-- \/ Yoast SEO Premium plugin. -->","yoast_head_json":{"title":"Concursos Federais ser\u00e3o anunciados em entrevista coletiva","description":"Nesta ter\u00e7a-feira (18), a ministra Esther Dweck vai conceder entrevista coletiva para anunciar a autoriza\u00e7\u00e3o de novos concursos federais.","robots":{"index":"index","follow":"follow","max-snippet":"max-snippet:-1","max-image-preview":"max-image-preview:large","max-video-preview":"max-video-preview:-1"},"canonical":"https:\/\/www.estrategiaconcursos.com.br\/blog\/concursos-federais-anunciados-coletiva\/","og_locale":"pt_BR","og_type":"article","og_title":"Concursos Federais ser\u00e3o anunciados em entrevista coletiva","og_description":"Nesta ter\u00e7a-feira (18), a ministra Esther Dweck vai conceder entrevista coletiva para anunciar a autoriza\u00e7\u00e3o de novos concursos federais.","og_url":"https:\/\/www.estrategiaconcursos.com.br\/blog\/concursos-federais-anunciados-coletiva\/","og_site_name":"Estrat\u00e9gia Concursos","article_published_time":"2023-07-17T22:56:05+00:00","article_modified_time":"2023-07-18T19:26:35+00:00","og_image":[{"width":768,"height":432,"url":"https:\/\/dhg1h5j42swfq.cloudfront.net\/2023\/05\/02151653\/concursos-federais.jpg","type":"image\/jpeg"}],"author":"Thiago Cavalcante Gomes","twitter_card":"summary_large_image","twitter_creator":"@EstratConcursos","twitter_site":"@EstratConcursos","twitter_misc":{"Escrito por":"Thiago Cavalcante Gomes","Est. tempo de leitura":"2 minutos"},"schema":{"@context":"https:\/\/schema.org","@graph":[{"@type":"NewsArticle","@id":"https:\/\/www.estrategiaconcursos.com.br\/blog\/concursos-federais-anunciados-coletiva\/#article","isPartOf":{"@id":"https:\/\/www.estrategiaconcursos.com.br\/blog\/concursos-federais-anunciados-coletiva\/"},"author":{"name":"Thiago Cavalcante Gomes","@id":"https:\/\/www.estrategiaconcursos.com.br\/blog\/#\/schema\/person\/4970184533d0a3ffa5b0299ae0a2b21f"},"headline":"Concursos Federais ser\u00e3o anunciados em entrevista coletiva","datePublished":"2023-07-17T22:56:05+00:00","dateModified":"2023-07-18T19:26:35+00:00","mainEntityOfPage":{"@id":"https:\/\/www.estrategiaconcursos.com.br\/blog\/concursos-federais-anunciados-coletiva\/"},"wordCount":407,"commentCount":0,"publisher":{"@id":"https:\/\/www.estrategiaconcursos.com.br\/blog\/#organization"},"image":{"@id":"https:\/\/www.estrategiaconcursos.com.br\/blog\/concursos-federais-anunciados-coletiva\/#primaryimage"},"thumbnailUrl":"https:\/\/dhg1h5j42swfq.cloudfront.net\/2023\/05\/02151653\/concursos-federais.jpg","articleSection":["Concursos P\u00fablicos","\u00daltimas not\u00edcias"],"inLanguage":"pt-BR","potentialAction":[{"@type":"CommentAction","name":"Comment","target":["https:\/\/www.estrategiaconcursos.com.br\/blog\/concursos-federais-anunciados-coletiva\/#respond"]}],"copyrightYear":"2023","copyrightHolder":{"@id":"https:\/\/www.estrategiaconcursos.com.br\/blog\/#organization"}},{"@type":"WebPage","@id":"https:\/\/www.estrategiaconcursos.com.br\/blog\/concursos-federais-anunciados-coletiva\/","url":"https:\/\/www.estrategiaconcursos.com.br\/blog\/concursos-federais-anunciados-coletiva\/","name":"Concursos Federais ser\u00e3o anunciados em entrevista coletiva","isPartOf":{"@id":"https:\/\/www.estrategiaconcursos.com.br\/blog\/#website"},"primaryImageOfPage":{"@id":"https:\/\/www.estrategiaconcursos.com.br\/blog\/concursos-federais-anunciados-coletiva\/#primaryimage"},"image":{"@id":"https:\/\/www.estrategiaconcursos.com.br\/blog\/concursos-federais-anunciados-coletiva\/#primaryimage"},"thumbnailUrl":"https:\/\/dhg1h5j42swfq.cloudfront.net\/2023\/05\/02151653\/concursos-federais.jpg","datePublished":"2023-07-17T22:56:05+00:00","dateModified":"2023-07-18T19:26:35+00:00","description":"Nesta ter\u00e7a-feira (18), a ministra Esther Dweck vai conceder entrevista coletiva para anunciar a autoriza\u00e7\u00e3o de novos concursos federais.","breadcrumb":{"@id":"https:\/\/www.estrategiaconcursos.com.br\/blog\/concursos-federais-anunciados-coletiva\/#breadcrumb"},"inLanguage":"pt-BR","potentialAction":[{"@type":"ReadAction","target":["https:\/\/www.estrategiaconcursos.com.br\/blog\/concursos-federais-anunciados-coletiva\/"]}]},{"@type":"ImageObject","inLanguage":"pt-BR","@id":"https:\/\/www.estrategiaconcursos.com.br\/blog\/concursos-federais-anunciados-coletiva\/#primaryimage","url":"https:\/\/dhg1h5j42swfq.cloudfront.net\/2023\/05\/02151653\/concursos-federais.jpg","contentUrl":"https:\/\/dhg1h5j42swfq.cloudfront.net\/2023\/05\/02151653\/concursos-federais.jpg","width":768,"height":432,"caption":"Concursos federais: ministra confirma novos concursos em 2026"},{"@type":"BreadcrumbList","@id":"https:\/\/www.estrategiaconcursos.com.br\/blog\/concursos-federais-anunciados-coletiva\/#breadcrumb","itemListElement":[{"@type":"ListItem","position":1,"name":"In\u00edcio","item":"https:\/\/www.estrategiaconcursos.com.br\/blog\/"},{"@type":"ListItem","position":2,"name":"Concursos Federais ser\u00e3o anunciados em entrevista coletiva"}]},{"@type":"WebSite","@id":"https:\/\/www.estrategiaconcursos.com.br\/blog\/#website","url":"https:\/\/www.estrategiaconcursos.com.br\/blog\/","name":"Estrat\u00e9gia Concursos","description":"O blog da Estrat\u00e9gia Concursos traz not\u00edcias sobre concursos e artigos de professores oferecendo cursos para concursos (pdf + videaulas) no site.","publisher":{"@id":"https:\/\/www.estrategiaconcursos.com.br\/blog\/#organization"},"potentialAction":[{"@type":"SearchAction","target":{"@type":"EntryPoint","urlTemplate":"https:\/\/www.estrategiaconcursos.com.br\/blog\/?s={search_term_string}"},"query-input":{"@type":"PropertyValueSpecification","valueRequired":true,"valueName":"search_term_string"}}],"inLanguage":"pt-BR"},{"@type":"Organization","@id":"https:\/\/www.estrategiaconcursos.com.br\/blog\/#organization","name":"Estrat\u00e9gia Concursos","url":"https:\/\/www.estrategiaconcursos.com.br\/blog\/","logo":{"@type":"ImageObject","inLanguage":"pt-BR","@id":"https:\/\/www.estrategiaconcursos.com.br\/blog\/#\/schema\/logo\/image\/","url":"https:\/\/dhg1h5j42swfq.cloudfront.net\/2025\/06\/03203428\/logo_concursos-1.jpg","contentUrl":"https:\/\/dhg1h5j42swfq.cloudfront.net\/2025\/06\/03203428\/logo_concursos-1.jpg","width":230,"height":60,"caption":"Estrat\u00e9gia Concursos"},"image":{"@id":"https:\/\/www.estrategiaconcursos.com.br\/blog\/#\/schema\/logo\/image\/"},"sameAs":["https:\/\/x.com\/EstratConcursos"]},{"@type":"Person","@id":"https:\/\/www.estrategiaconcursos.com.br\/blog\/#\/schema\/person\/4970184533d0a3ffa5b0299ae0a2b21f","name":"Thiago Cavalcante Gomes","image":{"@type":"ImageObject","inLanguage":"pt-BR","@id":"https:\/\/secure.gravatar.com\/avatar\/?s=96&d=mm&r=g","url":"https:\/\/secure.gravatar.com\/avatar\/?s=96&d=mm&r=g","contentUrl":"https:\/\/secure.gravatar.com\/avatar\/?s=96&d=mm&r=g","caption":"Thiago Cavalcante Gomes"},"url":"https:\/\/www.estrategiaconcursos.com.br\/blog\/author\/thiago-gomes\/"}]}},"_links":{"self":[{"href":"https:\/\/www.estrategiaconcursos.com.br\/blog\/wp-json\/wp\/v2\/posts\/1250048","targetHints":{"allow":["GET"]}}],"collection":[{"href":"https:\/\/www.estrategiaconcursos.com.br\/blog\/wp-json\/wp\/v2\/posts"}],"about":[{"href":"https:\/\/www.estrategiaconcursos.com.br\/blog\/wp-json\/wp\/v2\/types\/post"}],"author":[{"embeddable":true,"href":"https:\/\/www.estrategiaconcursos.com.br\/blog\/wp-json\/wp\/v2\/users\/2041"}],"replies":[{"embeddable":true,"href":"https:\/\/www.estrategiaconcursos.com.br\/blog\/wp-json\/wp\/v2\/comments?post=1250048"}],"version-history":[{"count":7,"href":"https:\/\/www.estrategiaconcursos.com.br\/blog\/wp-json\/wp\/v2\/posts\/1250048\/revisions"}],"predecessor-version":[{"id":1250693,"href":"https:\/\/www.estrategiaconcursos.com.br\/blog\/wp-json\/wp\/v2\/posts\/1250048\/revisions\/1250693"}],"wp:featuredmedia":[{"embeddable":true,"href":"https:\/\/www.estrategiaconcursos.com.br\/blog\/wp-json\/wp\/v2\/media\/1209622"}],"wp:attachment":[{"href":"https:\/\/www.estrategiaconcursos.com.br\/blog\/wp-json\/wp\/v2\/media?parent=1250048"}],"wp:term":[{"taxonomy":"category","embeddable":true,"href":"https:\/\/www.estrategiaconcursos.com.br\/blog\/wp-json\/wp\/v2\/categories?post=1250048"},{"taxonomy":"post_tag","embeddable":true,"href":"https:\/\/www.estrategiaconcursos.com.br\/blog\/wp-json\/wp\/v2\/tags?post=1250048"},{"taxonomy":"tax_estado","embeddable":true,"href":"https:\/\/www.estrategiaconcursos.com.br\/blog\/wp-json\/wp\/v2\/tax_estado?post=1250048"}],"curies":[{"name":"wp","href":"https:\/\/api.w.org\/{rel}","templated":true}]}}