{"id":1250014,"date":"2023-07-17T19:02:12","date_gmt":"2023-07-17T22:02:12","guid":{"rendered":"https:\/\/www.estrategiaconcursos.com.br\/blog\/?p=1250014"},"modified":"2023-07-18T16:18:20","modified_gmt":"2023-07-18T19:18:20","slug":"concurso-ati-nomeacoes-inicio-2024","status":"publish","type":"post","link":"https:\/\/www.estrategiaconcursos.com.br\/blog\/concurso-ati-nomeacoes-inicio-2024\/","title":{"rendered":"Concurso ATI: nomea\u00e7\u00f5es previstas para o in\u00edcio de 2024"},"content":{"rendered":"\n<p>O secret\u00e1rio de Governo Digital, Rog\u00e9rio Mascarenhas, afirmou que o governo pretende realizar as primeiras <strong>nomea\u00e7\u00f5es do concurso <a href=\"https:\/\/www.estrategiaconcursos.com.br\/cursosPorConcurso\/ministerio-do-planejamento-e-orcamento-mpo\/\" target=\"_blank\" rel=\"noreferrer noopener\">ATI<\/a><\/strong> <strong>no in\u00edcio de 2024.<\/strong><\/p>\n\n\n\n<p>O an\u00fancio se deu durante entrevista realizada na \u00faltima semana ao portal &#8220;Converg\u00eancia Digital&#8221;. Veja abaixo os detalhes:<\/p>\n\n\n\n<div class=\"lyte-wrapper\" style=\"width:853px;max-width:100%;margin:5px;\"><div class=\"lyMe qsa_\\&amp;start\\=535\" id=\"WYL_gpuYS-AweBg\"><div id=\"lyte_gpuYS-AweBg\" data-src=\"\/\/i.ytimg.com\/vi\/gpuYS-AweBg\/hqdefault.jpg\" class=\"pL\"><div class=\"tC\"><div class=\"tT\"><\/div><\/div><div class=\"play\"><\/div><div class=\"ctrl\"><div class=\"Lctrl\"><\/div><div class=\"Rctrl\"><\/div><\/div><\/div><noscript><a href=\"https:\/\/youtu.be\/gpuYS-AweBg\" rel=\"nofollow\"><img loading=\"lazy\" decoding=\"async\" src=\"https:\/\/i.ytimg.com\/vi\/gpuYS-AweBg\/0.jpg\" alt=\"YouTube video thumbnail\" width=\"853\" height=\"460\" \/><br \/>Assista a este v\u00eddeo no YouTube<\/a><\/noscript><\/div><\/div><div class=\"lL\" style=\"max-width:100%;width:853px;margin:5px;\"><\/div>\n\n\n\n<p>Al\u00e9m disso, o secret\u00e1rio destacou a import\u00e2ncia destes profissionais (<strong>Analista em Tecnologia da Informa\u00e7\u00e3o<\/strong>). Lembrando que o concurso ATI j\u00e1 est\u00e1 autorizado e deve ofertar<strong> 300 vagas <\/strong>para a carreira transversal!<\/p>\n\n\n\n<blockquote class=\"wp-block-quote is-layout-flow wp-block-quote-is-layout-flow\">\n<p><em>&#8220;A procura \u00e9 por transformar em uma carreira que, dentro da esfera do governo federal, seja compat\u00edvel e atrativa para termos esse profissional. A nossa expectativa \u00e9 j\u00e1 ter condi\u00e7\u00f5es de estar empossando nos primeiros meses de 2024. At\u00e9 pela demanda dos \u00f3rg\u00e3os, pelas necessidades. E tamb\u00e9m trabalhamos os crit\u00e9rios de como a distribui\u00e7\u00e3o desses profissionais ser\u00e1 feita\u201d,<\/em> afirmou Mascarenhas.<\/p>\n<\/blockquote>\n\n\n\n<p>Outro ponto de destaque na entrevista foi relacionado \u00e0 reestrutura\u00e7\u00e3o do cargo, em que o sal\u00e1rio discutido pode ser elevado para R$ 11,5 mil, podendo chegar a R$ 25 mil na classe final da carreira.<\/p>\n\n\n\n<p class=\"has-text-align-center has-background\" style=\"background-color:#d4d5d6\"><strong>Mas o que s\u00e3o as carreiras transversais? S\u00e3o aquelas em que os candidatos aprovados ter\u00e3o a possibilidade de trabalhar em diferentes \u00f3rg\u00e3os do Poder Executivo.<\/strong><\/p>\n\n\n\n<p>Para conferir todos os detalhes do pr\u00f3ximo concurso ATI, cuja expectativa do <a href=\"https:\/\/www.gov.br\/pt-br\" target=\"_blank\" rel=\"noreferrer noopener\">governo federal<\/a> \u00e9 de realizar as primeiras nomea\u00e7\u00f5es j\u00e1 no in\u00edcio de 2024, basta acessar o artigo abaixo:<\/p>\n\n\n\n<p class=\"has-text-align-center has-background has-medium-font-size\" style=\"background-color:#bac1c4\"><strong>Saiba mais: <a href=\"https:\/\/www.estrategiaconcursos.com.br\/blog\/concurso-ati\/\" target=\"_blank\" rel=\"noreferrer noopener\">ATI<\/a><\/strong><\/p>\n\n\n\n<figure class=\"wp-block-image aligncenter size-full\"><a href=\"https:\/\/gratis.estrategiaconcursos.com.br\/semana-nacional-2023\/\" target=\"_blank\" rel=\"noreferrer noopener\"><img loading=\"lazy\" decoding=\"async\" width=\"848\" height=\"270\" src=\"https:\/\/dhg1h5j42swfq.cloudfront.net\/2023\/06\/22115257\/image-274.png\" alt=\"\" class=\"wp-image-1237164\" srcset=\"https:\/\/dhg1h5j42swfq.cloudfront.net\/2023\/06\/22115257\/image-274.png 848w, https:\/\/dhg1h5j42swfq.cloudfront.net\/2023\/06\/22115257\/image-274-300x96.png 300w, https:\/\/dhg1h5j42swfq.cloudfront.net\/2023\/06\/22115257\/image-274-768x245.png 768w, https:\/\/dhg1h5j42swfq.cloudfront.net\/2023\/06\/22115257\/image-274-610x194.png 610w, https:\/\/dhg1h5j42swfq.cloudfront.net\/2023\/06\/22115257\/image-274-150x48.png 150w\" sizes=\"auto, (max-width: 848px) 100vw, 848px\" \/><\/a><figcaption class=\"wp-element-caption\"><a href=\"https:\/\/gratis.estrategiaconcursos.com.br\/semana-nacional-2023\/\" target=\"_blank\" rel=\"noreferrer noopener\"><strong>Semana Nacional dos Concursos &#8211; at\u00e9 31 de julho!<\/strong><\/a><\/figcaption><\/figure>\n\n\n\n<h2 class=\"wp-block-heading has-text-align-center\">Quer estudar para o concurso ATI?<\/h2>\n\n\n\n<div class=\"container\" id=\"boxes\">\n  <div class=\"row\">\n\n    <div class=\"col-sm\">\n      <div class=\"banner-estrategia\" id=\"box-assinatura\">\n        <h3 class=\"titulo-assinatura\">Cursos para ATI<\/h3>\n        <p class=\"subtitulo-assinatura\">Conhe\u00e7a os cursos<\/p>\n        <div class=\"box-botao\">\n          <a class=\"btn-assinatura\" target=\"_blank\" href=\"https:\/\/www.estrategiaconcursos.com.br\/cursosPorConcurso\/ministerio-do-planejamento-e-orcamento-mpo\/\" role=\"button\" rel=\"noopener noreferrer\">Conhe\u00e7a mais<\/a>\n        <\/div>\n      <\/div>\n     \n    <\/div>\n\n  <\/div>\n<\/div>\n\n\n\n<h2 class=\"wp-block-heading has-text-align-center\" id=\"h-quer-saber-tudo-sobre-concursos-previstos-confira-os-nossos-artigos\">Quer saber tudo sobre concursos previstos?<br \/>Confira os nossos artigos!<\/h2>\n\n\n\n<ul class=\"wp-block-list\">\n<li><a href=\"https:\/\/www.estrategiaconcursos.com.br\/blog\/concursos-abertos\/\" target=\"_blank\" rel=\"noreferrer noopener\">Concursos abertos<\/a><\/li>\n\n\n\n<li><a href=\"https:\/\/www.estrategiaconcursos.com.br\/blog\/concursos-2023\/\" target=\"_blank\" rel=\"noreferrer noopener\">Concursos 2023<\/a><\/li>\n\n\n\n<li><a href=\"https:\/\/www.estrategiaconcursos.com.br\/blog\/concursos-2024\/\" target=\"_blank\" rel=\"noreferrer noopener\"><\/a><a href=\"https:\/\/www.estrategiaconcursos.com.br\/blog\/concursos-2024\/\" target=\"_blank\" rel=\"noreferrer noopener\">Concursos 2024<\/a><\/li>\n<\/ul>\n","protected":false},"excerpt":{"rendered":"<p>O secret\u00e1rio de Governo Digital, Rog\u00e9rio Mascarenhas, afirmou que o governo pretende realizar as primeiras nomea\u00e7\u00f5es do concurso ATI no in\u00edcio de 2024. O an\u00fancio se deu durante entrevista realizada na \u00faltima semana ao portal &#8220;Converg\u00eancia Digital&#8221;. Veja abaixo os detalhes: Al\u00e9m disso, o secret\u00e1rio destacou a import\u00e2ncia destes profissionais (Analista em Tecnologia da Informa\u00e7\u00e3o). [&hellip;]<\/p>\n","protected":false},"author":2134,"featured_media":1203714,"comment_status":"open","ping_status":"closed","sticky":false,"template":"","format":"standard","meta":{"post_tipo":"news","footnotes":""},"categories":[220184,220219],"tags":[],"tax_estado":[219963],"class_list":["post-1250014","post","type-post","status-publish","format-standard","has-post-thumbnail","hentry","category-engenharias-e-ti","category-noticias","tax_estado-concursos-federais"],"acf":[],"yoast_head":"<!-- This site is optimized with the Yoast SEO Premium plugin v27.2 (Yoast SEO v27.2) - https:\/\/yoast.com\/product\/yoast-seo-premium-wordpress\/ -->\n<title>Concurso ATI: nomea\u00e7\u00f5es previstas para o in\u00edcio de 2024<\/title>\n<meta name=\"description\" content=\"Concurso ATI: primeiras nomea\u00e7\u00f5es devem ocorrer j\u00e1 no in\u00edcio de 2024. Edital j\u00e1 est\u00e1 autorizado com 300 vagas, para Analista de TI. Confira!\" \/>\n<meta name=\"robots\" content=\"index, follow, max-snippet:-1, max-image-preview:large, max-video-preview:-1\" \/>\n<link rel=\"canonical\" href=\"https:\/\/www.estrategiaconcursos.com.br\/blog\/concurso-ati-nomeacoes-inicio-2024\/\" \/>\n<meta property=\"og:locale\" content=\"pt_BR\" \/>\n<meta property=\"og:type\" content=\"article\" \/>\n<meta property=\"og:title\" content=\"Concurso ATI: nomea\u00e7\u00f5es previstas para o in\u00edcio de 2024\" \/>\n<meta property=\"og:description\" content=\"Concurso ATI: primeiras nomea\u00e7\u00f5es devem ocorrer j\u00e1 no in\u00edcio de 2024. Edital j\u00e1 est\u00e1 autorizado com 300 vagas, para Analista de TI. Confira!\" \/>\n<meta property=\"og:url\" content=\"https:\/\/www.estrategiaconcursos.com.br\/blog\/concurso-ati-nomeacoes-inicio-2024\/\" \/>\n<meta property=\"og:site_name\" content=\"Estrat\u00e9gia Concursos\" \/>\n<meta property=\"article:published_time\" content=\"2023-07-17T22:02:12+00:00\" \/>\n<meta property=\"article:modified_time\" content=\"2023-07-18T19:18:20+00:00\" \/>\n<meta property=\"og:image\" content=\"https:\/\/dhg1h5j42swfq.cloudfront.net\/2023\/04\/18172504\/concurso-ati.jpg\" \/>\n\t<meta property=\"og:image:width\" content=\"768\" \/>\n\t<meta property=\"og:image:height\" content=\"432\" \/>\n\t<meta property=\"og:image:type\" content=\"image\/jpeg\" \/>\n<meta name=\"author\" content=\"Rafaela Teixeira\" \/>\n<meta name=\"twitter:card\" content=\"summary_large_image\" \/>\n<meta name=\"twitter:creator\" content=\"@EstratConcursos\" \/>\n<meta name=\"twitter:site\" content=\"@EstratConcursos\" \/>\n<meta name=\"twitter:label1\" content=\"Escrito por\" \/>\n\t<meta name=\"twitter:data1\" content=\"Rafaela Teixeira\" \/>\n\t<meta name=\"twitter:label2\" content=\"Est. tempo de leitura\" \/>\n\t<meta name=\"twitter:data2\" content=\"1 minuto\" \/>\n<script type=\"application\/ld+json\" class=\"yoast-schema-graph\">{\"@context\":\"https:\/\/schema.org\",\"@graph\":[{\"@type\":\"NewsArticle\",\"@id\":\"https:\/\/www.estrategiaconcursos.com.br\/blog\/concurso-ati-nomeacoes-inicio-2024\/#article\",\"isPartOf\":{\"@id\":\"https:\/\/www.estrategiaconcursos.com.br\/blog\/concurso-ati-nomeacoes-inicio-2024\/\"},\"author\":{\"name\":\"Rafaela Teixeira\",\"@id\":\"https:\/\/www.estrategiaconcursos.com.br\/blog\/#\/schema\/person\/e75352021ea7f60781c599934f916eb1\"},\"headline\":\"Concurso ATI: nomea\u00e7\u00f5es previstas para o in\u00edcio de 2024\",\"datePublished\":\"2023-07-17T22:02:12+00:00\",\"dateModified\":\"2023-07-18T19:18:20+00:00\",\"mainEntityOfPage\":{\"@id\":\"https:\/\/www.estrategiaconcursos.com.br\/blog\/concurso-ati-nomeacoes-inicio-2024\/\"},\"wordCount\":288,\"commentCount\":0,\"publisher\":{\"@id\":\"https:\/\/www.estrategiaconcursos.com.br\/blog\/#organization\"},\"image\":{\"@id\":\"https:\/\/www.estrategiaconcursos.com.br\/blog\/concurso-ati-nomeacoes-inicio-2024\/#primaryimage\"},\"thumbnailUrl\":\"https:\/\/dhg1h5j42swfq.cloudfront.net\/2023\/04\/18172504\/concurso-ati.jpg\",\"articleSection\":[\"Engenharias e TI\",\"\u00daltimas not\u00edcias\"],\"inLanguage\":\"pt-BR\",\"potentialAction\":[{\"@type\":\"CommentAction\",\"name\":\"Comment\",\"target\":[\"https:\/\/www.estrategiaconcursos.com.br\/blog\/concurso-ati-nomeacoes-inicio-2024\/#respond\"]}],\"copyrightYear\":\"2023\",\"copyrightHolder\":{\"@id\":\"https:\/\/www.estrategiaconcursos.com.br\/blog\/#organization\"}},{\"@type\":\"WebPage\",\"@id\":\"https:\/\/www.estrategiaconcursos.com.br\/blog\/concurso-ati-nomeacoes-inicio-2024\/\",\"url\":\"https:\/\/www.estrategiaconcursos.com.br\/blog\/concurso-ati-nomeacoes-inicio-2024\/\",\"name\":\"Concurso ATI: nomea\u00e7\u00f5es previstas para o in\u00edcio de 2024\",\"isPartOf\":{\"@id\":\"https:\/\/www.estrategiaconcursos.com.br\/blog\/#website\"},\"primaryImageOfPage\":{\"@id\":\"https:\/\/www.estrategiaconcursos.com.br\/blog\/concurso-ati-nomeacoes-inicio-2024\/#primaryimage\"},\"image\":{\"@id\":\"https:\/\/www.estrategiaconcursos.com.br\/blog\/concurso-ati-nomeacoes-inicio-2024\/#primaryimage\"},\"thumbnailUrl\":\"https:\/\/dhg1h5j42swfq.cloudfront.net\/2023\/04\/18172504\/concurso-ati.jpg\",\"datePublished\":\"2023-07-17T22:02:12+00:00\",\"dateModified\":\"2023-07-18T19:18:20+00:00\",\"description\":\"Concurso ATI: primeiras nomea\u00e7\u00f5es devem ocorrer j\u00e1 no in\u00edcio de 2024. Edital j\u00e1 est\u00e1 autorizado com 300 vagas, para Analista de TI. Confira!\",\"breadcrumb\":{\"@id\":\"https:\/\/www.estrategiaconcursos.com.br\/blog\/concurso-ati-nomeacoes-inicio-2024\/#breadcrumb\"},\"inLanguage\":\"pt-BR\",\"potentialAction\":[{\"@type\":\"ReadAction\",\"target\":[\"https:\/\/www.estrategiaconcursos.com.br\/blog\/concurso-ati-nomeacoes-inicio-2024\/\"]}]},{\"@type\":\"ImageObject\",\"inLanguage\":\"pt-BR\",\"@id\":\"https:\/\/www.estrategiaconcursos.com.br\/blog\/concurso-ati-nomeacoes-inicio-2024\/#primaryimage\",\"url\":\"https:\/\/dhg1h5j42swfq.cloudfront.net\/2023\/04\/18172504\/concurso-ati.jpg\",\"contentUrl\":\"https:\/\/dhg1h5j42swfq.cloudfront.net\/2023\/04\/18172504\/concurso-ati.jpg\",\"width\":768,\"height\":432,\"caption\":\"concurso ati nomea\u00e7\u00f5es\"},{\"@type\":\"BreadcrumbList\",\"@id\":\"https:\/\/www.estrategiaconcursos.com.br\/blog\/concurso-ati-nomeacoes-inicio-2024\/#breadcrumb\",\"itemListElement\":[{\"@type\":\"ListItem\",\"position\":1,\"name\":\"In\u00edcio\",\"item\":\"https:\/\/www.estrategiaconcursos.com.br\/blog\/\"},{\"@type\":\"ListItem\",\"position\":2,\"name\":\"Concurso ATI: nomea\u00e7\u00f5es previstas para o in\u00edcio de 2024\"}]},{\"@type\":\"WebSite\",\"@id\":\"https:\/\/www.estrategiaconcursos.com.br\/blog\/#website\",\"url\":\"https:\/\/www.estrategiaconcursos.com.br\/blog\/\",\"name\":\"Estrat\u00e9gia Concursos\",\"description\":\"O blog da Estrat\u00e9gia Concursos traz not\u00edcias sobre concursos e artigos de professores oferecendo cursos para concursos (pdf + videaulas) no site.\",\"publisher\":{\"@id\":\"https:\/\/www.estrategiaconcursos.com.br\/blog\/#organization\"},\"potentialAction\":[{\"@type\":\"SearchAction\",\"target\":{\"@type\":\"EntryPoint\",\"urlTemplate\":\"https:\/\/www.estrategiaconcursos.com.br\/blog\/?s={search_term_string}\"},\"query-input\":{\"@type\":\"PropertyValueSpecification\",\"valueRequired\":true,\"valueName\":\"search_term_string\"}}],\"inLanguage\":\"pt-BR\"},{\"@type\":\"Organization\",\"@id\":\"https:\/\/www.estrategiaconcursos.com.br\/blog\/#organization\",\"name\":\"Estrat\u00e9gia Concursos\",\"url\":\"https:\/\/www.estrategiaconcursos.com.br\/blog\/\",\"logo\":{\"@type\":\"ImageObject\",\"inLanguage\":\"pt-BR\",\"@id\":\"https:\/\/www.estrategiaconcursos.com.br\/blog\/#\/schema\/logo\/image\/\",\"url\":\"https:\/\/dhg1h5j42swfq.cloudfront.net\/2025\/06\/03203428\/logo_concursos-1.jpg\",\"contentUrl\":\"https:\/\/dhg1h5j42swfq.cloudfront.net\/2025\/06\/03203428\/logo_concursos-1.jpg\",\"width\":230,\"height\":60,\"caption\":\"Estrat\u00e9gia Concursos\"},\"image\":{\"@id\":\"https:\/\/www.estrategiaconcursos.com.br\/blog\/#\/schema\/logo\/image\/\"},\"sameAs\":[\"https:\/\/x.com\/EstratConcursos\"]},{\"@type\":\"Person\",\"@id\":\"https:\/\/www.estrategiaconcursos.com.br\/blog\/#\/schema\/person\/e75352021ea7f60781c599934f916eb1\",\"name\":\"Rafaela Teixeira\",\"image\":{\"@type\":\"ImageObject\",\"inLanguage\":\"pt-BR\",\"@id\":\"https:\/\/secure.gravatar.com\/avatar\/8a349a2b22039b1ee88fc06461487c950fd6aa411ea8af8633314b43334ae793?s=96&d=mm&r=g\",\"url\":\"https:\/\/secure.gravatar.com\/avatar\/8a349a2b22039b1ee88fc06461487c950fd6aa411ea8af8633314b43334ae793?s=96&d=mm&r=g\",\"contentUrl\":\"https:\/\/secure.gravatar.com\/avatar\/8a349a2b22039b1ee88fc06461487c950fd6aa411ea8af8633314b43334ae793?s=96&d=mm&r=g\",\"caption\":\"Rafaela Teixeira\"},\"description\":\"Rafaela Teixeira \u00e9 advogada conveniada \u00e0 Defensoria P\u00fablica de S\u00e3o Paulo pela OAB, com experi\u00eancia em reda\u00e7\u00e3o jur\u00eddica e atua\u00e7\u00e3o em institui\u00e7\u00f5es p\u00fablicas, incluindo est\u00e1gio no TRE-SP. Possui mais de 7 anos de experi\u00eancia na produ\u00e7\u00e3o de conte\u00fados voltados ao nicho de concursos p\u00fablicos, com foco em apura\u00e7\u00e3o jornal\u00edstica cont\u00ednua, an\u00e1lise de editais e obten\u00e7\u00e3o de informa\u00e7\u00f5es diretamente junto a \u00f3rg\u00e3os e fontes oficiais. No Blog do Estrat\u00e9gia Concursos, atua como Analista de Conte\u00fado S\u00eanior, respons\u00e1vel pelo jornalismo do per\u00edodo noturno e da madrugada, com atua\u00e7\u00e3o transversal na cobertura de concursos p\u00fablicos, garantindo a continuidade, fluidez e confiabilidade das publica\u00e7\u00f5es e dos bastidores dos certames.\",\"url\":\"https:\/\/www.estrategiaconcursos.com.br\/blog\/author\/rafaela-teixeira\/\"}]}<\/script>\n<!-- \/ Yoast SEO Premium plugin. -->","yoast_head_json":{"title":"Concurso ATI: nomea\u00e7\u00f5es previstas para o in\u00edcio de 2024","description":"Concurso ATI: primeiras nomea\u00e7\u00f5es devem ocorrer j\u00e1 no in\u00edcio de 2024. Edital j\u00e1 est\u00e1 autorizado com 300 vagas, para Analista de TI. Confira!","robots":{"index":"index","follow":"follow","max-snippet":"max-snippet:-1","max-image-preview":"max-image-preview:large","max-video-preview":"max-video-preview:-1"},"canonical":"https:\/\/www.estrategiaconcursos.com.br\/blog\/concurso-ati-nomeacoes-inicio-2024\/","og_locale":"pt_BR","og_type":"article","og_title":"Concurso ATI: nomea\u00e7\u00f5es previstas para o in\u00edcio de 2024","og_description":"Concurso ATI: primeiras nomea\u00e7\u00f5es devem ocorrer j\u00e1 no in\u00edcio de 2024. Edital j\u00e1 est\u00e1 autorizado com 300 vagas, para Analista de TI. Confira!","og_url":"https:\/\/www.estrategiaconcursos.com.br\/blog\/concurso-ati-nomeacoes-inicio-2024\/","og_site_name":"Estrat\u00e9gia Concursos","article_published_time":"2023-07-17T22:02:12+00:00","article_modified_time":"2023-07-18T19:18:20+00:00","og_image":[{"width":768,"height":432,"url":"https:\/\/dhg1h5j42swfq.cloudfront.net\/2023\/04\/18172504\/concurso-ati.jpg","type":"image\/jpeg"}],"author":"Rafaela Teixeira","twitter_card":"summary_large_image","twitter_creator":"@EstratConcursos","twitter_site":"@EstratConcursos","twitter_misc":{"Escrito por":"Rafaela Teixeira","Est. tempo de leitura":"1 minuto"},"schema":{"@context":"https:\/\/schema.org","@graph":[{"@type":"NewsArticle","@id":"https:\/\/www.estrategiaconcursos.com.br\/blog\/concurso-ati-nomeacoes-inicio-2024\/#article","isPartOf":{"@id":"https:\/\/www.estrategiaconcursos.com.br\/blog\/concurso-ati-nomeacoes-inicio-2024\/"},"author":{"name":"Rafaela Teixeira","@id":"https:\/\/www.estrategiaconcursos.com.br\/blog\/#\/schema\/person\/e75352021ea7f60781c599934f916eb1"},"headline":"Concurso ATI: nomea\u00e7\u00f5es previstas para o in\u00edcio de 2024","datePublished":"2023-07-17T22:02:12+00:00","dateModified":"2023-07-18T19:18:20+00:00","mainEntityOfPage":{"@id":"https:\/\/www.estrategiaconcursos.com.br\/blog\/concurso-ati-nomeacoes-inicio-2024\/"},"wordCount":288,"commentCount":0,"publisher":{"@id":"https:\/\/www.estrategiaconcursos.com.br\/blog\/#organization"},"image":{"@id":"https:\/\/www.estrategiaconcursos.com.br\/blog\/concurso-ati-nomeacoes-inicio-2024\/#primaryimage"},"thumbnailUrl":"https:\/\/dhg1h5j42swfq.cloudfront.net\/2023\/04\/18172504\/concurso-ati.jpg","articleSection":["Engenharias e TI","\u00daltimas not\u00edcias"],"inLanguage":"pt-BR","potentialAction":[{"@type":"CommentAction","name":"Comment","target":["https:\/\/www.estrategiaconcursos.com.br\/blog\/concurso-ati-nomeacoes-inicio-2024\/#respond"]}],"copyrightYear":"2023","copyrightHolder":{"@id":"https:\/\/www.estrategiaconcursos.com.br\/blog\/#organization"}},{"@type":"WebPage","@id":"https:\/\/www.estrategiaconcursos.com.br\/blog\/concurso-ati-nomeacoes-inicio-2024\/","url":"https:\/\/www.estrategiaconcursos.com.br\/blog\/concurso-ati-nomeacoes-inicio-2024\/","name":"Concurso ATI: nomea\u00e7\u00f5es previstas para o in\u00edcio de 2024","isPartOf":{"@id":"https:\/\/www.estrategiaconcursos.com.br\/blog\/#website"},"primaryImageOfPage":{"@id":"https:\/\/www.estrategiaconcursos.com.br\/blog\/concurso-ati-nomeacoes-inicio-2024\/#primaryimage"},"image":{"@id":"https:\/\/www.estrategiaconcursos.com.br\/blog\/concurso-ati-nomeacoes-inicio-2024\/#primaryimage"},"thumbnailUrl":"https:\/\/dhg1h5j42swfq.cloudfront.net\/2023\/04\/18172504\/concurso-ati.jpg","datePublished":"2023-07-17T22:02:12+00:00","dateModified":"2023-07-18T19:18:20+00:00","description":"Concurso ATI: primeiras nomea\u00e7\u00f5es devem ocorrer j\u00e1 no in\u00edcio de 2024. Edital j\u00e1 est\u00e1 autorizado com 300 vagas, para Analista de TI. Confira!","breadcrumb":{"@id":"https:\/\/www.estrategiaconcursos.com.br\/blog\/concurso-ati-nomeacoes-inicio-2024\/#breadcrumb"},"inLanguage":"pt-BR","potentialAction":[{"@type":"ReadAction","target":["https:\/\/www.estrategiaconcursos.com.br\/blog\/concurso-ati-nomeacoes-inicio-2024\/"]}]},{"@type":"ImageObject","inLanguage":"pt-BR","@id":"https:\/\/www.estrategiaconcursos.com.br\/blog\/concurso-ati-nomeacoes-inicio-2024\/#primaryimage","url":"https:\/\/dhg1h5j42swfq.cloudfront.net\/2023\/04\/18172504\/concurso-ati.jpg","contentUrl":"https:\/\/dhg1h5j42swfq.cloudfront.net\/2023\/04\/18172504\/concurso-ati.jpg","width":768,"height":432,"caption":"concurso ati nomea\u00e7\u00f5es"},{"@type":"BreadcrumbList","@id":"https:\/\/www.estrategiaconcursos.com.br\/blog\/concurso-ati-nomeacoes-inicio-2024\/#breadcrumb","itemListElement":[{"@type":"ListItem","position":1,"name":"In\u00edcio","item":"https:\/\/www.estrategiaconcursos.com.br\/blog\/"},{"@type":"ListItem","position":2,"name":"Concurso ATI: nomea\u00e7\u00f5es previstas para o in\u00edcio de 2024"}]},{"@type":"WebSite","@id":"https:\/\/www.estrategiaconcursos.com.br\/blog\/#website","url":"https:\/\/www.estrategiaconcursos.com.br\/blog\/","name":"Estrat\u00e9gia Concursos","description":"O blog da Estrat\u00e9gia Concursos traz not\u00edcias sobre concursos e artigos de professores oferecendo cursos para concursos (pdf + videaulas) no site.","publisher":{"@id":"https:\/\/www.estrategiaconcursos.com.br\/blog\/#organization"},"potentialAction":[{"@type":"SearchAction","target":{"@type":"EntryPoint","urlTemplate":"https:\/\/www.estrategiaconcursos.com.br\/blog\/?s={search_term_string}"},"query-input":{"@type":"PropertyValueSpecification","valueRequired":true,"valueName":"search_term_string"}}],"inLanguage":"pt-BR"},{"@type":"Organization","@id":"https:\/\/www.estrategiaconcursos.com.br\/blog\/#organization","name":"Estrat\u00e9gia Concursos","url":"https:\/\/www.estrategiaconcursos.com.br\/blog\/","logo":{"@type":"ImageObject","inLanguage":"pt-BR","@id":"https:\/\/www.estrategiaconcursos.com.br\/blog\/#\/schema\/logo\/image\/","url":"https:\/\/dhg1h5j42swfq.cloudfront.net\/2025\/06\/03203428\/logo_concursos-1.jpg","contentUrl":"https:\/\/dhg1h5j42swfq.cloudfront.net\/2025\/06\/03203428\/logo_concursos-1.jpg","width":230,"height":60,"caption":"Estrat\u00e9gia Concursos"},"image":{"@id":"https:\/\/www.estrategiaconcursos.com.br\/blog\/#\/schema\/logo\/image\/"},"sameAs":["https:\/\/x.com\/EstratConcursos"]},{"@type":"Person","@id":"https:\/\/www.estrategiaconcursos.com.br\/blog\/#\/schema\/person\/e75352021ea7f60781c599934f916eb1","name":"Rafaela Teixeira","image":{"@type":"ImageObject","inLanguage":"pt-BR","@id":"https:\/\/secure.gravatar.com\/avatar\/8a349a2b22039b1ee88fc06461487c950fd6aa411ea8af8633314b43334ae793?s=96&d=mm&r=g","url":"https:\/\/secure.gravatar.com\/avatar\/8a349a2b22039b1ee88fc06461487c950fd6aa411ea8af8633314b43334ae793?s=96&d=mm&r=g","contentUrl":"https:\/\/secure.gravatar.com\/avatar\/8a349a2b22039b1ee88fc06461487c950fd6aa411ea8af8633314b43334ae793?s=96&d=mm&r=g","caption":"Rafaela Teixeira"},"description":"Rafaela Teixeira \u00e9 advogada conveniada \u00e0 Defensoria P\u00fablica de S\u00e3o Paulo pela OAB, com experi\u00eancia em reda\u00e7\u00e3o jur\u00eddica e atua\u00e7\u00e3o em institui\u00e7\u00f5es p\u00fablicas, incluindo est\u00e1gio no TRE-SP. Possui mais de 7 anos de experi\u00eancia na produ\u00e7\u00e3o de conte\u00fados voltados ao nicho de concursos p\u00fablicos, com foco em apura\u00e7\u00e3o jornal\u00edstica cont\u00ednua, an\u00e1lise de editais e obten\u00e7\u00e3o de informa\u00e7\u00f5es diretamente junto a \u00f3rg\u00e3os e fontes oficiais. No Blog do Estrat\u00e9gia Concursos, atua como Analista de Conte\u00fado S\u00eanior, respons\u00e1vel pelo jornalismo do per\u00edodo noturno e da madrugada, com atua\u00e7\u00e3o transversal na cobertura de concursos p\u00fablicos, garantindo a continuidade, fluidez e confiabilidade das publica\u00e7\u00f5es e dos bastidores dos certames.","url":"https:\/\/www.estrategiaconcursos.com.br\/blog\/author\/rafaela-teixeira\/"}]}},"_links":{"self":[{"href":"https:\/\/www.estrategiaconcursos.com.br\/blog\/wp-json\/wp\/v2\/posts\/1250014","targetHints":{"allow":["GET"]}}],"collection":[{"href":"https:\/\/www.estrategiaconcursos.com.br\/blog\/wp-json\/wp\/v2\/posts"}],"about":[{"href":"https:\/\/www.estrategiaconcursos.com.br\/blog\/wp-json\/wp\/v2\/types\/post"}],"author":[{"embeddable":true,"href":"https:\/\/www.estrategiaconcursos.com.br\/blog\/wp-json\/wp\/v2\/users\/2134"}],"replies":[{"embeddable":true,"href":"https:\/\/www.estrategiaconcursos.com.br\/blog\/wp-json\/wp\/v2\/comments?post=1250014"}],"version-history":[{"count":8,"href":"https:\/\/www.estrategiaconcursos.com.br\/blog\/wp-json\/wp\/v2\/posts\/1250014\/revisions"}],"predecessor-version":[{"id":1250681,"href":"https:\/\/www.estrategiaconcursos.com.br\/blog\/wp-json\/wp\/v2\/posts\/1250014\/revisions\/1250681"}],"wp:featuredmedia":[{"embeddable":true,"href":"https:\/\/www.estrategiaconcursos.com.br\/blog\/wp-json\/wp\/v2\/media\/1203714"}],"wp:attachment":[{"href":"https:\/\/www.estrategiaconcursos.com.br\/blog\/wp-json\/wp\/v2\/media?parent=1250014"}],"wp:term":[{"taxonomy":"category","embeddable":true,"href":"https:\/\/www.estrategiaconcursos.com.br\/blog\/wp-json\/wp\/v2\/categories?post=1250014"},{"taxonomy":"post_tag","embeddable":true,"href":"https:\/\/www.estrategiaconcursos.com.br\/blog\/wp-json\/wp\/v2\/tags?post=1250014"},{"taxonomy":"tax_estado","embeddable":true,"href":"https:\/\/www.estrategiaconcursos.com.br\/blog\/wp-json\/wp\/v2\/tax_estado?post=1250014"}],"curies":[{"name":"wp","href":"https:\/\/api.w.org\/{rel}","templated":true}]}}