{"id":1249298,"date":"2023-07-17T14:20:22","date_gmt":"2023-07-17T17:20:22","guid":{"rendered":"https:\/\/www.estrategiaconcursos.com.br\/blog\/?p=1249298"},"modified":"2023-07-17T14:20:24","modified_gmt":"2023-07-17T17:20:24","slug":"tempo-servico-recompensas","status":"publish","type":"post","link":"https:\/\/www.estrategiaconcursos.com.br\/blog\/tempo-servico-recompensas\/","title":{"rendered":"Tempo de Servi\u00e7o e Recompensas: Estatuto PM-RJ"},"content":{"rendered":"\n<p>Tempo de Servi\u00e7o e Recompensas: Estatuto PM-RJ<\/p>\n\n\n\n<p>Ol\u00e1, Coruja. Tudo bem?<\/p>\n\n\n\n<p>O edital do concurso da PM-RJ est\u00e1 na pra\u00e7a. S\u00e3o ofertadas 2.000 vagas para&nbsp;<a href=\"https:\/\/www.estrategiaconcursos.com.br\/cursosPorConcurso\/policia-militar-do-rio-de-janeiro-pm-rj\/\" target=\"_blank\" rel=\"noreferrer noopener\"><strong>Soldados<\/strong><\/a><strong>,<\/strong> sendo 1.800 s\u00e3o para homens e 200 para mulheres, com exig\u00eancia de <strong><mark style=\"background-color:rgba(0, 0, 0, 0)\" class=\"has-inline-color has-vivid-cyan-blue-color\">n\u00edvel m\u00e9dio<\/mark><\/strong> de escolaridade, idade de 18 a 32 anos (at\u00e9 o primeiro dia de inscri\u00e7\u00e3o), al\u00e9m de Carteira Nacional de Habilita\u00e7\u00e3o (CNH), exceto somente categoria \u201cA\u201d.&nbsp; O sal\u00e1rio inicial \u00e9 de <mark style=\"background-color:rgba(0, 0, 0, 0)\" class=\"has-inline-color has-vivid-cyan-blue-color\"><strong>R$<\/strong> <strong>2.956,41<\/strong>,<\/mark> na condi\u00e7\u00e3o de aluno, e&nbsp;<strong><mark style=\"background-color:rgba(0, 0, 0, 0)\" class=\"has-inline-color has-vivid-cyan-blue-color\">R$ 5.233,88,<\/mark><\/strong> ap\u00f3s o t\u00e9rmino do Curso de Forma\u00e7\u00e3o.<\/p>\n\n\n\n<p>No artigo de hoje abordaremos o T\u00edtulo IV (Disposi\u00e7\u00f5es Diversas \u2013 Tempo de Servi\u00e7o e Recompensas), do Estatuto da PM-RJ (Lei Estadual n\u00ba 443\/81).<\/p>\n\n\n\n<p>Vamos l\u00e1?<\/p>\n\n\n\n<figure class=\"wp-block-image aligncenter size-large is-resized\"><img loading=\"lazy\" decoding=\"async\" src=\"https:\/\/dhg1h5j42swfq.cloudfront.net\/2021\/12\/13184120\/pm-rj-1024x576.jpg\" alt=\"Tempo de Servi\u00e7o e Recompensas: Estatuto PM-RJ\" class=\"wp-image-928578\" width=\"691\" height=\"388\" srcset=\"https:\/\/dhg1h5j42swfq.cloudfront.net\/2021\/12\/13184120\/pm-rj-1024x576.jpg 1024w, https:\/\/dhg1h5j42swfq.cloudfront.net\/2021\/12\/13184120\/pm-rj-300x169.jpg 300w, https:\/\/dhg1h5j42swfq.cloudfront.net\/2021\/12\/13184120\/pm-rj-768x432.jpg 768w, https:\/\/dhg1h5j42swfq.cloudfront.net\/2021\/12\/13184120\/pm-rj-610x343.jpg 610w, https:\/\/dhg1h5j42swfq.cloudfront.net\/2021\/12\/13184120\/pm-rj.jpg 1280w\" sizes=\"auto, (max-width: 691px) 100vw, 691px\" \/><figcaption class=\"wp-element-caption\">Tempo de Servi\u00e7o e Recompensas: Estatuto PM-RJ<\/figcaption><\/figure>\n\n\n\n<h2 class=\"wp-block-heading\" id=\"h-da-reabilitacao-tempo-de-servico-e-recompensas-estatuto-pm-rj\">Da Reabilita\u00e7\u00e3o &#8211; Tempo de Servi\u00e7o e Recompensas: Estatuto PM-RJ<\/h2>\n\n\n\n<p>A reabilita\u00e7\u00e3o do policial militar ser\u00e1 efetuada:<\/p>\n\n\n\n<ul class=\"wp-block-list\">\n<li>de acordo com o C\u00f3digo Penal Militar (CPM) e o C\u00f3digo de Processo Penal Militar (CPPM), se tiver sido <strong><mark style=\"background-color:rgba(0, 0, 0, 0)\" class=\"has-inline-color has-vivid-cyan-blue-color\">condenado, por senten\u00e7a definitiva<\/mark><\/strong>, a quaisquer penas prevista no CPM; e<\/li>\n\n\n\n<li>de acordo com a legisla\u00e7\u00e3o que trata do servi\u00e7o militar, se tiver sido <strong><mark style=\"background-color:rgba(0, 0, 0, 0)\" class=\"has-inline-color has-vivid-cyan-blue-color\">exclu\u00eddo ou licenciado a bem da disciplina.<\/mark><\/strong><\/li>\n<\/ul>\n\n\n\n<p>A concess\u00e3o de reabilita\u00e7\u00e3o implica em que sejam <strong><mark style=\"background-color:rgba(0, 0, 0, 0)\" class=\"has-inline-color has-vivid-red-color\">cancelados, mediante averba\u00e7\u00e3o, os antecedentes criminais do policial militar<\/mark><\/strong> e os registros constantes de seus assentamentos policiais militares ou altera\u00e7\u00f5es, ou substitu\u00eddos seus documentos comprobat\u00f3rios de situa\u00e7\u00e3o militar pelos adequados \u00e0 nova situa\u00e7\u00e3o.<\/p>\n\n\n\n<h2 class=\"wp-block-heading\" id=\"h-tempo-de-servico-tempo-de-servico-e-recompensas-estatuto-pm-rj\">Tempo de Servi\u00e7o &#8211; Tempo de Servi\u00e7o e Recompensas: Estatuto PM-RJ<\/h2>\n\n\n\n<p>Os policiais militares come\u00e7am a contar tempo de servi\u00e7o na Pol\u00edcia Militar a partir <strong><mark style=\"background-color:rgba(0, 0, 0, 0)\" class=\"has-inline-color has-vivid-cyan-blue-color\">da data de seu ingresso na Corpora\u00e7\u00e3o.<\/mark><\/strong><\/p>\n\n\n\n<p>Considera-se como data de ingresso:<\/p>\n\n\n\n<ol class=\"wp-block-list\">\n<li>a do ato em que o policial militar \u00e9 considerado inclu\u00eddo em uma Organiza\u00e7\u00e3o Policial Militar;<\/li>\n\n\n\n<li>a de matr\u00edcula em \u00f3rg\u00e3o de forma\u00e7\u00e3o de policiais militares; e<\/li>\n\n\n\n<li>a do ato de nomea\u00e7\u00e3o.<\/li>\n<\/ol>\n\n\n\n<p>Na apura\u00e7\u00e3o do tempo de servi\u00e7o policial militar \u00e9 feita a distin\u00e7\u00e3o entre tempo de efetivo servi\u00e7o e anos de servi\u00e7o.<\/p>\n\n\n\n<p><strong><mark style=\"background-color:rgba(0, 0, 0, 0)\" class=\"has-inline-color has-vivid-cyan-blue-color\">Tempo de efetivo servi\u00e7o<\/mark><\/strong> \u00e9 o espa\u00e7o de tempo, <mark style=\"background-color:rgba(0, 0, 0, 0)\" class=\"has-inline-color has-vivid-red-color\"><strong>computado dia a dia,<\/strong> <\/mark>entre a data de ingresso e a data limite estabelecida para a contagem ou a data do desligamento do servi\u00e7o ativo, mesmo que tal espa\u00e7o de tempo seja parcelado.<\/p>\n\n\n\n<p>J\u00e1 <strong><mark style=\"background-color:rgba(0, 0, 0, 0)\" class=\"has-inline-color has-vivid-cyan-blue-color\">anos de servi\u00e7o<\/mark><\/strong> \u00e9 a express\u00e3o que designa o tempo de efetivo servi\u00e7o, com os seguintes acr\u00e9scimos:<\/p>\n\n\n\n<ul class=\"wp-block-list\">\n<li>tempo de servi\u00e7o p\u00fablico federal, estadual ou municipal, prestado pelo policial militar anteriormente \u00e0 sua inclus\u00e3o, nomea\u00e7\u00e3o ou reinclus\u00e3o na Pol\u00edcia Militar;<\/li>\n\n\n\n<li>1 (um) ano para cada 5 (cinco) anos de tempo de efetivo servi\u00e7o prestado pelo Oficial do Quadro de Sa\u00fade, at\u00e9 que esse acr\u00e9scimo complete o total de anos de dura\u00e7\u00e3o normal do curso universit\u00e1rio correspondente, sem superposi\u00e7\u00e3o a qualquer tempo de servi\u00e7o policial militar ou p\u00fablico eventualmente prestado durante a realiza\u00e7\u00e3o deste mesmo curso;<\/li>\n\n\n\n<li>o tempo de servi\u00e7o comput\u00e1vel como anos de servi\u00e7o em legisla\u00e7\u00e3o espec\u00edfica ou peculiar, prestado nas For\u00e7as Armadas ou Auxiliares;<\/li>\n\n\n\n<li>tempo relativo a cada licen\u00e7a especial n\u00e3o gozada, contado em dobro; e<\/li>\n\n\n\n<li>tempo relativo a f\u00e9rias n\u00e3o gozadas, contado em dobro.<\/li>\n<\/ul>\n\n\n\n<p>Al\u00e9m disso, o tempo que o policial militar passou ou vier a passar <strong><mark style=\"background-color:rgba(0, 0, 0, 0)\" class=\"has-inline-color has-vivid-cyan-blue-color\">afastado do exerc\u00edcio<\/mark><\/strong> de suas fun\u00e7\u00f5es, em consequ\u00eancia de <mark style=\"background-color:rgba(0, 0, 0, 0)\" class=\"has-inline-color has-vivid-red-color\"><strong>ferimentos recebidos em acidentes quando em servi\u00e7o<\/strong>,<\/mark> na defesa da p\u00e1tria, na garantia dos poderes constitu\u00eddos e na manuten\u00e7\u00e3o da lei e da ordem, ou de <strong><mark style=\"background-color:rgba(0, 0, 0, 0)\" class=\"has-inline-color has-vivid-red-color\">mol\u00e9stia adquirida<\/mark><\/strong> no exerc\u00edcio de qualquer fun\u00e7\u00e3o policial militar, ser\u00e1 <strong><mark style=\"background-color:rgba(0, 0, 0, 0)\" class=\"has-inline-color has-vivid-cyan-blue-color\">computado como se estivesse em exerc\u00edcio.<\/mark><\/strong><\/p>\n\n\n\n<h2 class=\"wp-block-heading\" id=\"h-casamento-tempo-de-servico-e-recompensas-estatuto-pm-rj\">Casamento &#8211; Tempo de Servi\u00e7o e Recompensas: Estatuto PM-RJ<\/h2>\n\n\n\n<p>O policial militar da ativa <strong><mark style=\"background-color:rgba(0, 0, 0, 0)\" class=\"has-inline-color has-vivid-cyan-blue-color\">pode contrair matrim\u00f4nio,<\/mark><\/strong> desde que observada a legisla\u00e7\u00e3o civil espec\u00edfica.<\/p>\n\n\n\n<h2 class=\"wp-block-heading\" id=\"h-das-recompensas-e-das-dispensas-do-servico\">Das Recompensas e das Dispensas do servi\u00e7o<\/h2>\n\n\n\n<p>As recompensas constituem <strong><mark style=\"background-color:rgba(0, 0, 0, 0)\" class=\"has-inline-color has-vivid-cyan-blue-color\">reconhecimento dos bons servi\u00e7os prestado<\/mark><\/strong>s pelos policiais militares.<\/p>\n\n\n\n<p>S\u00e3o recompensas policiais militares:<\/p>\n\n\n\n<ul class=\"wp-block-list\">\n<li>os pr\u00eamios de Honra ao M\u00e9rito;<\/li>\n\n\n\n<li>as condecora\u00e7\u00f5es por servi\u00e7os prestados;<\/li>\n\n\n\n<li>os elogios, louvores e refer\u00eancias elogiosas; e<\/li>\n\n\n\n<li>as dispensas de servi\u00e7o.<\/li>\n<\/ul>\n\n\n\n<p>As dispensas de servi\u00e7o s\u00e3o autoriza\u00e7\u00f5es concedidas aos policiais militares para <strong><mark style=\"background-color:rgba(0, 0, 0, 0)\" class=\"has-inline-color has-vivid-red-color\">afastamento total do servi\u00e7o,<\/mark><\/strong> em <strong><mark style=\"background-color:rgba(0, 0, 0, 0)\" class=\"has-inline-color has-vivid-cyan-blue-color\">car\u00e1ter tempor\u00e1rio <\/mark><\/strong>e podem ser concedidas:<\/p>\n\n\n\n<ol class=\"wp-block-list\">\n<li>como <strong><mark style=\"background-color:rgba(0, 0, 0, 0)\" class=\"has-inline-color has-vivid-cyan-blue-color\">recompensa;<\/mark><\/strong><\/li>\n\n\n\n<li>para <strong><mark style=\"background-color:rgba(0, 0, 0, 0)\" class=\"has-inline-color has-vivid-cyan-blue-color\">desconto em f\u00e9rias;<\/mark><\/strong> e<\/li>\n\n\n\n<li>em decorr\u00eancia de<mark style=\"background-color:rgba(0, 0, 0, 0)\" class=\"has-inline-color has-vivid-cyan-blue-color\"> <strong>prescri\u00e7\u00e3o m\u00e9dica.<\/strong><\/mark><\/li>\n<\/ol>\n\n\n\n<p>As dispensas de servi\u00e7o ser\u00e3o concedidas com a<mark style=\"background-color:rgba(0, 0, 0, 0)\" class=\"has-inline-color has-vivid-red-color\"> <strong>remunera\u00e7\u00e3o integral<\/strong><\/mark> e <strong><mark style=\"background-color:rgba(0, 0, 0, 0)\" class=\"has-inline-color has-vivid-cyan-blue-color\">computadas como tempo de efetivo servi\u00e7o.<\/mark><\/strong><\/p>\n\n\n\n<h2 class=\"wp-block-heading\" id=\"h-conclusao-tempo-de-servico-e-recompensas-estatuto-pm-rj\">Conclus\u00e3o &#8211; Tempo de Servi\u00e7o e Recompensas: Estatuto PM-RJ<\/h2>\n\n\n\n<p>Chegamos ao final do nosso artigo sobre Tempo de Servi\u00e7o e Recompensas, do Estatuto da PM-RJ. Esperamos que as informa\u00e7\u00f5es aqui sejam \u00fateis para sua prepara\u00e7\u00e3o.<\/p>\n\n\n\n<p>Para uma prepara\u00e7\u00e3o completa, focada no edital da PM-RJ, invista nos <a href=\"https:\/\/www.estrategiaconcursos.com.br\/cursosPorConcurso\/policia-militar-do-rio-de-janeiro-pm-rj\/\"><strong>cursos do Estrat\u00e9gia Concursos<\/strong><\/a><strong>. <\/strong>L\u00e1 voc\u00ea encontrar\u00e1 aulas completas e detalhadas, com os melhores professores do mercado, de todos os t\u00f3picos exigidos no edital deste concurso.<\/p>\n\n\n\n<p>Conhe\u00e7a tamb\u00e9m o <a href=\"https:\/\/concursos.estrategia.com\/\"><strong>Sistema de Quest\u00f5es do Estrat\u00e9gia.<\/strong><\/a> Afinal, a \u00fanica maneira de consolidar o conte\u00fado de maneira satisfat\u00f3ria \u00e9 atrav\u00e9s da resolu\u00e7\u00e3o de quest\u00f5es.<\/p>\n\n\n\n<p>Bons estudos a todos e at\u00e9 a pr\u00f3xima!<\/p>\n\n\n\n<p>Tempo de Servi\u00e7o e Recompensas: Estatuto PM-RJ<\/p>\n\n\n\n<h2 class=\"wp-block-heading has-text-align-center\" id=\"h-quer-saber-tudo-sobre-concursos-previstos-confira-nossos-artigos\">Quer saber tudo sobre concursos previstos?<br \/>Confira  nossos artigos!<\/h2>\n\n\n\n<ul class=\"wp-block-list\">\n<li><a href=\"https:\/\/www.estrategiaconcursos.com.br\/blog\/concursos-abertos\/\" target=\"_blank\" rel=\"noreferrer noopener\">Concursos abertos<\/a><\/li>\n\n\n\n<li><a href=\"https:\/\/www.estrategiaconcursos.com.br\/blog\/concursos-2023\/\" target=\"_blank\" rel=\"noreferrer noopener\">Concursos 2023<\/a><\/li>\n\n\n\n<li><a href=\"https:\/\/www.estrategiaconcursos.com.br\/blog\/concursos-2024\/\" target=\"_blank\" rel=\"noreferrer noopener\">Concursos 2024<\/a><\/li>\n<\/ul>\n\n\n\n<h2 class=\"wp-block-heading has-text-align-center\" id=\"cursos-assinatura\">Quer estudar para concurso PM-RJ?<\/h2>\n\n\n\n<div id=\"boxes\" class=\"container\">\n<div class=\"row\">\n<div class=\"col-sm\">\n<div id=\"box-assinatura\" class=\"banner-policial\">\n<h3 class=\"titulo-assinatura\">Concurso PM RJ<\/h3>\n<p class=\"subtitulo-assinatura\">Conhe\u00e7a os cursos<\/p>\n<div class=\"box-botao\"><a class=\"btn-assinatura\" role=\"button\" href=\"https:\/\/www.estrategiaconcursos.com.br\/cursosPorConcurso\/policia-militar-do-rio-de-janeiro-pm-rj\/\" target=\"_blank\" rel=\"noopener noreferrer\">Conhe\u00e7a mais<\/a><\/div>\n<\/div>\n<\/div>\n<\/div>\n<\/div>\n\n\n\n<div id=\"boxes\" class=\"container\">\n<div class=\"row\">\n<div class=\"col-sm\">\n<div id=\"box-assinatura\" class=\"estrategia\">\n<h3 class=\"titulo-assinatura\">Assinatura de Concursos<\/h3>\n<p class=\"subtitulo-assinatura\">Assinatura 1 ou 2 anos <\/p>\n<div class=\"box-botao\"><a class=\"btn-assinatura\" role=\"button\" href=\"https:\/\/www.estrategiaconcursos.com.br\/assinaturas\/\" target=\"_blank\" rel=\"noopener noreferrer\">ASSINE AGORA<\/a><\/div>\n<\/div><\/div><\/div><\/div>\n","protected":false},"excerpt":{"rendered":"<p>Tempo de Servi\u00e7o e Recompensas: Estatuto PM-RJ Ol\u00e1, Coruja. Tudo bem? O edital do concurso da PM-RJ est\u00e1 na pra\u00e7a. S\u00e3o ofertadas 2.000 vagas para&nbsp;Soldados, sendo 1.800 s\u00e3o para homens e 200 para mulheres, com exig\u00eancia de n\u00edvel m\u00e9dio de escolaridade, idade de 18 a 32 anos (at\u00e9 o primeiro dia de inscri\u00e7\u00e3o), al\u00e9m de [&hellip;]<\/p>\n","protected":false},"author":1573,"featured_media":928578,"comment_status":"open","ping_status":"closed","sticky":false,"template":"","format":"standard","meta":{"post_tipo":"article","footnotes":""},"categories":[1,220187],"tags":[],"tax_estado":[219963,219982],"class_list":["post-1249298","post","type-post","status-publish","format-standard","has-post-thumbnail","hentry","category-cursos-e-concursos","category-policial-pracas","tax_estado-concursos-federais","tax_estado-rj"],"acf":[],"yoast_head":"<!-- This site is optimized with the Yoast SEO Premium plugin v27.2 (Yoast SEO v27.2) - https:\/\/yoast.com\/product\/yoast-seo-premium-wordpress\/ -->\n<title>Tempo de Servi\u00e7o e Recompensas: Estatuto PM-RJ<\/title>\n<meta name=\"description\" content=\"Confira neste artigo um resumo sobre o tema Tempo de Servi\u00e7o e Recompensas, do Estatuto PM-RJ, e chegue preparado na prova.\" \/>\n<meta name=\"robots\" content=\"index, follow, max-snippet:-1, max-image-preview:large, max-video-preview:-1\" \/>\n<link rel=\"canonical\" href=\"https:\/\/www.estrategiaconcursos.com.br\/blog\/tempo-servico-recompensas\/\" \/>\n<meta property=\"og:locale\" content=\"pt_BR\" \/>\n<meta property=\"og:type\" content=\"article\" \/>\n<meta property=\"og:title\" content=\"Tempo de Servi\u00e7o e Recompensas: Estatuto PM-RJ\" \/>\n<meta property=\"og:description\" content=\"Confira neste artigo um resumo sobre o tema Tempo de Servi\u00e7o e Recompensas, do Estatuto PM-RJ, e chegue preparado na prova.\" \/>\n<meta property=\"og:url\" content=\"https:\/\/www.estrategiaconcursos.com.br\/blog\/tempo-servico-recompensas\/\" \/>\n<meta property=\"og:site_name\" content=\"Estrat\u00e9gia Concursos\" \/>\n<meta property=\"article:published_time\" content=\"2023-07-17T17:20:22+00:00\" \/>\n<meta property=\"article:modified_time\" content=\"2023-07-17T17:20:24+00:00\" \/>\n<meta property=\"og:image\" content=\"https:\/\/dhg1h5j42swfq.cloudfront.net\/2021\/12\/13184120\/pm-rj.jpg\" \/>\n\t<meta property=\"og:image:width\" content=\"1280\" \/>\n\t<meta property=\"og:image:height\" content=\"720\" \/>\n\t<meta property=\"og:image:type\" content=\"image\/jpeg\" \/>\n<meta name=\"author\" content=\"Willian Henrique Daronch\" \/>\n<meta name=\"twitter:card\" content=\"summary_large_image\" \/>\n<meta name=\"twitter:creator\" content=\"@EstratConcursos\" \/>\n<meta name=\"twitter:site\" content=\"@EstratConcursos\" \/>\n<meta name=\"twitter:label1\" content=\"Escrito por\" \/>\n\t<meta name=\"twitter:data1\" content=\"Willian Henrique Daronch\" \/>\n\t<meta name=\"twitter:label2\" content=\"Est. tempo de leitura\" \/>\n\t<meta name=\"twitter:data2\" content=\"5 minutos\" \/>\n<script type=\"application\/ld+json\" class=\"yoast-schema-graph\">{\"@context\":\"https:\/\/schema.org\",\"@graph\":[{\"@type\":\"NewsArticle\",\"@id\":\"https:\/\/www.estrategiaconcursos.com.br\/blog\/tempo-servico-recompensas\/#article\",\"isPartOf\":{\"@id\":\"https:\/\/www.estrategiaconcursos.com.br\/blog\/tempo-servico-recompensas\/\"},\"author\":{\"name\":\"Willian Henrique Daronch\",\"@id\":\"https:\/\/www.estrategiaconcursos.com.br\/blog\/#\/schema\/person\/acd35c38f9a64ecba71ece2880cc62af\"},\"headline\":\"Tempo de Servi\u00e7o e Recompensas: Estatuto PM-RJ\",\"datePublished\":\"2023-07-17T17:20:22+00:00\",\"dateModified\":\"2023-07-17T17:20:24+00:00\",\"mainEntityOfPage\":{\"@id\":\"https:\/\/www.estrategiaconcursos.com.br\/blog\/tempo-servico-recompensas\/\"},\"wordCount\":963,\"commentCount\":0,\"publisher\":{\"@id\":\"https:\/\/www.estrategiaconcursos.com.br\/blog\/#organization\"},\"image\":{\"@id\":\"https:\/\/www.estrategiaconcursos.com.br\/blog\/tempo-servico-recompensas\/#primaryimage\"},\"thumbnailUrl\":\"https:\/\/dhg1h5j42swfq.cloudfront.net\/2021\/12\/13184120\/pm-rj.jpg\",\"articleSection\":[\"Concursos P\u00fablicos\",\"Policial (PM\/BM - Pra\u00e7as)\"],\"inLanguage\":\"pt-BR\",\"potentialAction\":[{\"@type\":\"CommentAction\",\"name\":\"Comment\",\"target\":[\"https:\/\/www.estrategiaconcursos.com.br\/blog\/tempo-servico-recompensas\/#respond\"]}],\"copyrightYear\":\"2023\",\"copyrightHolder\":{\"@id\":\"https:\/\/www.estrategiaconcursos.com.br\/blog\/#organization\"}},{\"@type\":\"WebPage\",\"@id\":\"https:\/\/www.estrategiaconcursos.com.br\/blog\/tempo-servico-recompensas\/\",\"url\":\"https:\/\/www.estrategiaconcursos.com.br\/blog\/tempo-servico-recompensas\/\",\"name\":\"Tempo de Servi\u00e7o e Recompensas: Estatuto PM-RJ\",\"isPartOf\":{\"@id\":\"https:\/\/www.estrategiaconcursos.com.br\/blog\/#website\"},\"primaryImageOfPage\":{\"@id\":\"https:\/\/www.estrategiaconcursos.com.br\/blog\/tempo-servico-recompensas\/#primaryimage\"},\"image\":{\"@id\":\"https:\/\/www.estrategiaconcursos.com.br\/blog\/tempo-servico-recompensas\/#primaryimage\"},\"thumbnailUrl\":\"https:\/\/dhg1h5j42swfq.cloudfront.net\/2021\/12\/13184120\/pm-rj.jpg\",\"datePublished\":\"2023-07-17T17:20:22+00:00\",\"dateModified\":\"2023-07-17T17:20:24+00:00\",\"description\":\"Confira neste artigo um resumo sobre o tema Tempo de Servi\u00e7o e Recompensas, do Estatuto PM-RJ, e chegue preparado na prova.\",\"breadcrumb\":{\"@id\":\"https:\/\/www.estrategiaconcursos.com.br\/blog\/tempo-servico-recompensas\/#breadcrumb\"},\"inLanguage\":\"pt-BR\",\"potentialAction\":[{\"@type\":\"ReadAction\",\"target\":[\"https:\/\/www.estrategiaconcursos.com.br\/blog\/tempo-servico-recompensas\/\"]}]},{\"@type\":\"ImageObject\",\"inLanguage\":\"pt-BR\",\"@id\":\"https:\/\/www.estrategiaconcursos.com.br\/blog\/tempo-servico-recompensas\/#primaryimage\",\"url\":\"https:\/\/dhg1h5j42swfq.cloudfront.net\/2021\/12\/13184120\/pm-rj.jpg\",\"contentUrl\":\"https:\/\/dhg1h5j42swfq.cloudfront.net\/2021\/12\/13184120\/pm-rj.jpg\",\"width\":1280,\"height\":720},{\"@type\":\"BreadcrumbList\",\"@id\":\"https:\/\/www.estrategiaconcursos.com.br\/blog\/tempo-servico-recompensas\/#breadcrumb\",\"itemListElement\":[{\"@type\":\"ListItem\",\"position\":1,\"name\":\"In\u00edcio\",\"item\":\"https:\/\/www.estrategiaconcursos.com.br\/blog\/\"},{\"@type\":\"ListItem\",\"position\":2,\"name\":\"Tempo de Servi\u00e7o e Recompensas: Estatuto PM-RJ\"}]},{\"@type\":\"WebSite\",\"@id\":\"https:\/\/www.estrategiaconcursos.com.br\/blog\/#website\",\"url\":\"https:\/\/www.estrategiaconcursos.com.br\/blog\/\",\"name\":\"Estrat\u00e9gia Concursos\",\"description\":\"O blog da Estrat\u00e9gia Concursos traz not\u00edcias sobre concursos e artigos de professores oferecendo cursos para concursos (pdf + videaulas) no site.\",\"publisher\":{\"@id\":\"https:\/\/www.estrategiaconcursos.com.br\/blog\/#organization\"},\"potentialAction\":[{\"@type\":\"SearchAction\",\"target\":{\"@type\":\"EntryPoint\",\"urlTemplate\":\"https:\/\/www.estrategiaconcursos.com.br\/blog\/?s={search_term_string}\"},\"query-input\":{\"@type\":\"PropertyValueSpecification\",\"valueRequired\":true,\"valueName\":\"search_term_string\"}}],\"inLanguage\":\"pt-BR\"},{\"@type\":\"Organization\",\"@id\":\"https:\/\/www.estrategiaconcursos.com.br\/blog\/#organization\",\"name\":\"Estrat\u00e9gia Concursos\",\"url\":\"https:\/\/www.estrategiaconcursos.com.br\/blog\/\",\"logo\":{\"@type\":\"ImageObject\",\"inLanguage\":\"pt-BR\",\"@id\":\"https:\/\/www.estrategiaconcursos.com.br\/blog\/#\/schema\/logo\/image\/\",\"url\":\"https:\/\/dhg1h5j42swfq.cloudfront.net\/2025\/06\/03203428\/logo_concursos-1.jpg\",\"contentUrl\":\"https:\/\/dhg1h5j42swfq.cloudfront.net\/2025\/06\/03203428\/logo_concursos-1.jpg\",\"width\":230,\"height\":60,\"caption\":\"Estrat\u00e9gia Concursos\"},\"image\":{\"@id\":\"https:\/\/www.estrategiaconcursos.com.br\/blog\/#\/schema\/logo\/image\/\"},\"sameAs\":[\"https:\/\/x.com\/EstratConcursos\"]},{\"@type\":\"Person\",\"@id\":\"https:\/\/www.estrategiaconcursos.com.br\/blog\/#\/schema\/person\/acd35c38f9a64ecba71ece2880cc62af\",\"name\":\"Willian Henrique Daronch\",\"image\":{\"@type\":\"ImageObject\",\"inLanguage\":\"pt-BR\",\"@id\":\"https:\/\/secure.gravatar.com\/avatar\/1a6e7846e1fb51a28cfee4a35c477afa7dde4962de7f91b559951e96176403eb?s=96&d=mm&r=g\",\"url\":\"https:\/\/secure.gravatar.com\/avatar\/1a6e7846e1fb51a28cfee4a35c477afa7dde4962de7f91b559951e96176403eb?s=96&d=mm&r=g\",\"contentUrl\":\"https:\/\/secure.gravatar.com\/avatar\/1a6e7846e1fb51a28cfee4a35c477afa7dde4962de7f91b559951e96176403eb?s=96&d=mm&r=g\",\"caption\":\"Willian Henrique Daronch\"},\"url\":\"https:\/\/www.estrategiaconcursos.com.br\/blog\/author\/williandaronchhotmail-com\/\"}]}<\/script>\n<!-- \/ Yoast SEO Premium plugin. -->","yoast_head_json":{"title":"Tempo de Servi\u00e7o e Recompensas: Estatuto PM-RJ","description":"Confira neste artigo um resumo sobre o tema Tempo de Servi\u00e7o e Recompensas, do Estatuto PM-RJ, e chegue preparado na prova.","robots":{"index":"index","follow":"follow","max-snippet":"max-snippet:-1","max-image-preview":"max-image-preview:large","max-video-preview":"max-video-preview:-1"},"canonical":"https:\/\/www.estrategiaconcursos.com.br\/blog\/tempo-servico-recompensas\/","og_locale":"pt_BR","og_type":"article","og_title":"Tempo de Servi\u00e7o e Recompensas: Estatuto PM-RJ","og_description":"Confira neste artigo um resumo sobre o tema Tempo de Servi\u00e7o e Recompensas, do Estatuto PM-RJ, e chegue preparado na prova.","og_url":"https:\/\/www.estrategiaconcursos.com.br\/blog\/tempo-servico-recompensas\/","og_site_name":"Estrat\u00e9gia Concursos","article_published_time":"2023-07-17T17:20:22+00:00","article_modified_time":"2023-07-17T17:20:24+00:00","og_image":[{"width":1280,"height":720,"url":"https:\/\/dhg1h5j42swfq.cloudfront.net\/2021\/12\/13184120\/pm-rj.jpg","type":"image\/jpeg"}],"author":"Willian Henrique Daronch","twitter_card":"summary_large_image","twitter_creator":"@EstratConcursos","twitter_site":"@EstratConcursos","twitter_misc":{"Escrito por":"Willian Henrique Daronch","Est. tempo de leitura":"5 minutos"},"schema":{"@context":"https:\/\/schema.org","@graph":[{"@type":"NewsArticle","@id":"https:\/\/www.estrategiaconcursos.com.br\/blog\/tempo-servico-recompensas\/#article","isPartOf":{"@id":"https:\/\/www.estrategiaconcursos.com.br\/blog\/tempo-servico-recompensas\/"},"author":{"name":"Willian Henrique Daronch","@id":"https:\/\/www.estrategiaconcursos.com.br\/blog\/#\/schema\/person\/acd35c38f9a64ecba71ece2880cc62af"},"headline":"Tempo de Servi\u00e7o e Recompensas: Estatuto PM-RJ","datePublished":"2023-07-17T17:20:22+00:00","dateModified":"2023-07-17T17:20:24+00:00","mainEntityOfPage":{"@id":"https:\/\/www.estrategiaconcursos.com.br\/blog\/tempo-servico-recompensas\/"},"wordCount":963,"commentCount":0,"publisher":{"@id":"https:\/\/www.estrategiaconcursos.com.br\/blog\/#organization"},"image":{"@id":"https:\/\/www.estrategiaconcursos.com.br\/blog\/tempo-servico-recompensas\/#primaryimage"},"thumbnailUrl":"https:\/\/dhg1h5j42swfq.cloudfront.net\/2021\/12\/13184120\/pm-rj.jpg","articleSection":["Concursos P\u00fablicos","Policial (PM\/BM - Pra\u00e7as)"],"inLanguage":"pt-BR","potentialAction":[{"@type":"CommentAction","name":"Comment","target":["https:\/\/www.estrategiaconcursos.com.br\/blog\/tempo-servico-recompensas\/#respond"]}],"copyrightYear":"2023","copyrightHolder":{"@id":"https:\/\/www.estrategiaconcursos.com.br\/blog\/#organization"}},{"@type":"WebPage","@id":"https:\/\/www.estrategiaconcursos.com.br\/blog\/tempo-servico-recompensas\/","url":"https:\/\/www.estrategiaconcursos.com.br\/blog\/tempo-servico-recompensas\/","name":"Tempo de Servi\u00e7o e Recompensas: Estatuto PM-RJ","isPartOf":{"@id":"https:\/\/www.estrategiaconcursos.com.br\/blog\/#website"},"primaryImageOfPage":{"@id":"https:\/\/www.estrategiaconcursos.com.br\/blog\/tempo-servico-recompensas\/#primaryimage"},"image":{"@id":"https:\/\/www.estrategiaconcursos.com.br\/blog\/tempo-servico-recompensas\/#primaryimage"},"thumbnailUrl":"https:\/\/dhg1h5j42swfq.cloudfront.net\/2021\/12\/13184120\/pm-rj.jpg","datePublished":"2023-07-17T17:20:22+00:00","dateModified":"2023-07-17T17:20:24+00:00","description":"Confira neste artigo um resumo sobre o tema Tempo de Servi\u00e7o e Recompensas, do Estatuto PM-RJ, e chegue preparado na prova.","breadcrumb":{"@id":"https:\/\/www.estrategiaconcursos.com.br\/blog\/tempo-servico-recompensas\/#breadcrumb"},"inLanguage":"pt-BR","potentialAction":[{"@type":"ReadAction","target":["https:\/\/www.estrategiaconcursos.com.br\/blog\/tempo-servico-recompensas\/"]}]},{"@type":"ImageObject","inLanguage":"pt-BR","@id":"https:\/\/www.estrategiaconcursos.com.br\/blog\/tempo-servico-recompensas\/#primaryimage","url":"https:\/\/dhg1h5j42swfq.cloudfront.net\/2021\/12\/13184120\/pm-rj.jpg","contentUrl":"https:\/\/dhg1h5j42swfq.cloudfront.net\/2021\/12\/13184120\/pm-rj.jpg","width":1280,"height":720},{"@type":"BreadcrumbList","@id":"https:\/\/www.estrategiaconcursos.com.br\/blog\/tempo-servico-recompensas\/#breadcrumb","itemListElement":[{"@type":"ListItem","position":1,"name":"In\u00edcio","item":"https:\/\/www.estrategiaconcursos.com.br\/blog\/"},{"@type":"ListItem","position":2,"name":"Tempo de Servi\u00e7o e Recompensas: Estatuto PM-RJ"}]},{"@type":"WebSite","@id":"https:\/\/www.estrategiaconcursos.com.br\/blog\/#website","url":"https:\/\/www.estrategiaconcursos.com.br\/blog\/","name":"Estrat\u00e9gia Concursos","description":"O blog da Estrat\u00e9gia Concursos traz not\u00edcias sobre concursos e artigos de professores oferecendo cursos para concursos (pdf + videaulas) no site.","publisher":{"@id":"https:\/\/www.estrategiaconcursos.com.br\/blog\/#organization"},"potentialAction":[{"@type":"SearchAction","target":{"@type":"EntryPoint","urlTemplate":"https:\/\/www.estrategiaconcursos.com.br\/blog\/?s={search_term_string}"},"query-input":{"@type":"PropertyValueSpecification","valueRequired":true,"valueName":"search_term_string"}}],"inLanguage":"pt-BR"},{"@type":"Organization","@id":"https:\/\/www.estrategiaconcursos.com.br\/blog\/#organization","name":"Estrat\u00e9gia Concursos","url":"https:\/\/www.estrategiaconcursos.com.br\/blog\/","logo":{"@type":"ImageObject","inLanguage":"pt-BR","@id":"https:\/\/www.estrategiaconcursos.com.br\/blog\/#\/schema\/logo\/image\/","url":"https:\/\/dhg1h5j42swfq.cloudfront.net\/2025\/06\/03203428\/logo_concursos-1.jpg","contentUrl":"https:\/\/dhg1h5j42swfq.cloudfront.net\/2025\/06\/03203428\/logo_concursos-1.jpg","width":230,"height":60,"caption":"Estrat\u00e9gia Concursos"},"image":{"@id":"https:\/\/www.estrategiaconcursos.com.br\/blog\/#\/schema\/logo\/image\/"},"sameAs":["https:\/\/x.com\/EstratConcursos"]},{"@type":"Person","@id":"https:\/\/www.estrategiaconcursos.com.br\/blog\/#\/schema\/person\/acd35c38f9a64ecba71ece2880cc62af","name":"Willian Henrique Daronch","image":{"@type":"ImageObject","inLanguage":"pt-BR","@id":"https:\/\/secure.gravatar.com\/avatar\/1a6e7846e1fb51a28cfee4a35c477afa7dde4962de7f91b559951e96176403eb?s=96&d=mm&r=g","url":"https:\/\/secure.gravatar.com\/avatar\/1a6e7846e1fb51a28cfee4a35c477afa7dde4962de7f91b559951e96176403eb?s=96&d=mm&r=g","contentUrl":"https:\/\/secure.gravatar.com\/avatar\/1a6e7846e1fb51a28cfee4a35c477afa7dde4962de7f91b559951e96176403eb?s=96&d=mm&r=g","caption":"Willian Henrique Daronch"},"url":"https:\/\/www.estrategiaconcursos.com.br\/blog\/author\/williandaronchhotmail-com\/"}]}},"_links":{"self":[{"href":"https:\/\/www.estrategiaconcursos.com.br\/blog\/wp-json\/wp\/v2\/posts\/1249298","targetHints":{"allow":["GET"]}}],"collection":[{"href":"https:\/\/www.estrategiaconcursos.com.br\/blog\/wp-json\/wp\/v2\/posts"}],"about":[{"href":"https:\/\/www.estrategiaconcursos.com.br\/blog\/wp-json\/wp\/v2\/types\/post"}],"author":[{"embeddable":true,"href":"https:\/\/www.estrategiaconcursos.com.br\/blog\/wp-json\/wp\/v2\/users\/1573"}],"replies":[{"embeddable":true,"href":"https:\/\/www.estrategiaconcursos.com.br\/blog\/wp-json\/wp\/v2\/comments?post=1249298"}],"version-history":[{"count":10,"href":"https:\/\/www.estrategiaconcursos.com.br\/blog\/wp-json\/wp\/v2\/posts\/1249298\/revisions"}],"predecessor-version":[{"id":1249805,"href":"https:\/\/www.estrategiaconcursos.com.br\/blog\/wp-json\/wp\/v2\/posts\/1249298\/revisions\/1249805"}],"wp:featuredmedia":[{"embeddable":true,"href":"https:\/\/www.estrategiaconcursos.com.br\/blog\/wp-json\/wp\/v2\/media\/928578"}],"wp:attachment":[{"href":"https:\/\/www.estrategiaconcursos.com.br\/blog\/wp-json\/wp\/v2\/media?parent=1249298"}],"wp:term":[{"taxonomy":"category","embeddable":true,"href":"https:\/\/www.estrategiaconcursos.com.br\/blog\/wp-json\/wp\/v2\/categories?post=1249298"},{"taxonomy":"post_tag","embeddable":true,"href":"https:\/\/www.estrategiaconcursos.com.br\/blog\/wp-json\/wp\/v2\/tags?post=1249298"},{"taxonomy":"tax_estado","embeddable":true,"href":"https:\/\/www.estrategiaconcursos.com.br\/blog\/wp-json\/wp\/v2\/tax_estado?post=1249298"}],"curies":[{"name":"wp","href":"https:\/\/api.w.org\/{rel}","templated":true}]}}