{"id":124914,"date":"2026-04-10T06:34:00","date_gmt":"2026-04-10T09:34:00","guid":{"rendered":"https:\/\/www.estrategiaconcursos.com.br\/blog\/?p=124914"},"modified":"2026-04-10T15:01:02","modified_gmt":"2026-04-10T18:01:02","slug":"concurso-tcu","status":"publish","type":"post","link":"https:\/\/www.estrategiaconcursos.com.br\/blog\/concurso-tcu\/","title":{"rendered":"Concurso TCU 2026: novas convoca\u00e7\u00f5es divulgadas"},"content":{"rendered":"\n<p style=\"font-size:clamp(15.747px, 0.984rem + ((1vw - 3.2px) * 0.809), 24px);\"><strong><em>Concurso TCU registrou mais de 10 mil inscritos; provas  j\u00e1 aplicadas<\/em><\/strong><\/p>\n\n\n\n<center><a id=\"cta-icon\" href=\"https:\/\/sndflw.com\/i\/tcu-grupo\" target=\"_blank\" style=\"background:#29a61a; display:inline-flex; align-items:center; padding:10px 15px; border-radius:6px; color:#fff; text-decoration:none; font-weight:500; font-size:15px;\"><img decoding=\"async\" src=\"https:\/\/dhg1h5j42swfq.cloudfront.net\/2023\/12\/07154107\/whatsapp_13851.png\" alt=\"\" style=\"width:20px; height:20px; margin-right:8px;\"><span>Acesse agora o Grupo de Estudos para o Concurso TCU<\/span><\/a><\/center>\n\n\n\n<div style=\"height:32px\" aria-hidden=\"true\" class=\"wp-block-spacer\"><\/div>\n\n\n\n<p>O concurso do <strong><a href=\"https:\/\/www.estrategiaconcursos.com.br\/cursosPorConcurso\/tcu-tecnico-federal-de-controle-externo-66\/\" target=\"_blank\" rel=\"noreferrer noopener\">Tribunal de Contas da Uni\u00e3o<\/a><\/strong> <strong>(TCU)<\/strong> para o cargo de <strong>Auditor Federal de Controle Externo<\/strong> <strong>&#8211; TI<\/strong> teve divulgado o <strong>resultado final da an\u00e1lise documental para a caracteriza\u00e7\u00e3o da defici\u00eancia<\/strong>, etapa destinada aos candidatos que se inscreveram como pessoas com defici\u00eancia (<strong>PcD<\/strong>).<\/p>\n\n\n\n<p>O <a href=\"https:\/\/dhg1h5j42swfq.cloudfront.net\/2026\/03\/10065203\/tcu-convocacoes.pdf\" target=\"_blank\" rel=\"noreferrer noopener nofollow\">documento<\/a> tamb\u00e9m traz a <strong>convoca\u00e7\u00e3o de candidatos negros (pretos e pardos)<\/strong> para o procedimento complementar de confirma\u00e7\u00e3o da autodeclara\u00e7\u00e3o, bem como a convoca\u00e7\u00e3o de candidatos <strong>ind\u00edgenas e quilombolas<\/strong> para verifica\u00e7\u00e3o documental adicional.<\/p>\n\n\n\n<p>Outro ponto destacado \u00e9 que <strong>n\u00e3o ser\u00e1 necess\u00e1rio realizar avalia\u00e7\u00e3o telepresencial para candidatos PcD<\/strong>, j\u00e1 que n\u00e3o houve d\u00favidas na an\u00e1lise dos documentos apresentados.<\/p>\n\n\n\n<p>Ademais, no total, foram registrados <strong><a href=\"https:\/\/dhg1h5j42swfq.cloudfront.net\/2026\/02\/13160818\/ae37a4755864c2f432337e6d6c8a00dc839f6b94720f91db80495a0079f61f4d.pdf\" target=\"_blank\" rel=\"noreferrer noopener nofollow\">10.471 candidatos<\/a><\/strong> que concorrem a <strong>20 vagas<\/strong>.<\/p>\n\n\n\n<p>Segundo informa\u00e7\u00f5es oficiais do Cebraspe, o certame registrou absten\u00e7\u00e3o de <strong>55,97%<\/strong> no turno da manh\u00e3 e de <strong>60,10%<\/strong> no turno da tarde.<\/p>\n\n\n\n<p>Ou seja, pela manh\u00e3 foram cerca de <strong>5.860<\/strong> candidatos ausentes, enquanto de tarde esse n\u00famero aumentou para <strong>6.293<\/strong>.<\/p>\n\n\n\n<ul class=\"wp-block-list has-very-light-gray-to-cyan-bluish-gray-gradient-background has-background\">\n<li><strong>Tribunal de Contas da Uni\u00e3o&nbsp;&#8211; Auditor<\/strong> <strong>T.I.<\/strong><\/li>\n\n\n\n<li><strong>Status:<\/strong> em andamento<\/li>\n\n\n\n<li><strong>Banca:<\/strong> <a href=\"https:\/\/www.cebraspe.org.br\/concursos\/tcu_25_aufc\" target=\"_blank\" rel=\"noreferrer noopener\">Cebraspe<\/a><\/li>\n\n\n\n<li><strong>Vagas:&nbsp;<\/strong><span style=\"color: initial;\">20 <\/span> + CR<\/li>\n\n\n\n<li><strong>Sal\u00e1rio inicial:<\/strong> R$ 26.159,01<\/li>\n\n\n\n<li><strong>Edital:<\/strong> <a href=\"https:\/\/dhg1h5j42swfq.cloudfront.net\/2025\/11\/17163741\/0ad9476b3d059d4149dadd421674dc08873a172a73cd6a62434fb8b5084d0679.pdf\" target=\"_blank\" rel=\"noreferrer noopener nofollow\">Edital 2025 &#8211; Auditor<\/a><\/li>\n<\/ul>\n\n\n\n<figure  \n  itemscope \n  itemtype=\"https:\/\/schema.org\/ImageObject\">\n\n  <a href=\"https:\/\/www.estrategiaconcursos.com.br\/curso\/1-tcu-auditor-de-controle-area-controle-externo-pacote\/?utm_source=blog&#038;utm_medium=banner&#038;utm_campaign=tcu-seo\" target=\"_blank\" rel=\"noopener noreferrer\">\n    <img loading=\"lazy\" decoding=\"async\" src=\"https:\/\/dhg1h5j42swfq.cloudfront.net\/2025\/09\/10114928\/criativo-sobre-curso-preparatorio-para-o-concurso-tcu-auditor-federal-de-controle-externo-estrategia-concursos-1024x180.jpg\" \n      alt=\"Informativo sobre o curso preparat\u00f3rio do Estrat\u00e9gia Concursos para Auditor Federal de Controle Externo do Concurso TCU, com destaque para a aprova\u00e7\u00e3o.\" \n      itemprop=\"contentUrl\"\n      title=\"Estude para o TCU com o Estrat\u00e9gia Concursos!\"\n      width=\"1024\"\n      height=\"180\"\n    \/>\n  <\/a>\n\n  <meta itemprop=\"name\" content=\"Curso Preparat\u00f3rio para Auditor Federal de Controle Externo - TCU\"\/>\n  <meta itemprop=\"description\" content=\"Imagem promocional do curso preparat\u00f3rio do Estrat\u00e9gia Concursos, voltado para candidatos ao cargo de Auditor Federal de Controle Externo do Concurso TCU, destacando estrat\u00e9gias de aprova\u00e7\u00e3o.\"\/>\n  <meta itemprop=\"author\" content=\"Estrat\u00e9gia Concursos\"\/>\n  <meta itemprop=\"datePublished\" content=\"2025-09-15\"\/>\n  <meta itemprop=\"dateModified\" content=\"2025-09-15\"\/>\n  <meta itemprop=\"license\" content=\"https:\/\/www.estrategiaconcursos.com.br\"\/>\n  <meta itemprop=\"creditText\" content=\"Cr\u00e9ditos: Estrat\u00e9gia Concursos - Equipe de Jornalismo\"\/>\n  <meta itemprop=\"creator\" content=\"https:\/\/schema.org\/Organization\"\/>\n  <meta itemprop=\"copyrightNotice\" content=\"\u00a9 2025 Estrat\u00e9gia Concursos. Todos os direitos reservados.\"\/>\n  <meta itemprop=\"acquireLicensePage\" content=\"https:\/\/www.estrategiaconcursos.com.br\/pagina\/termos-de-uso\/\"\/>\n<\/figure>\n\n\n\n<p>Al\u00e9m deste, tamb\u00e9m foi anunciado <strong>mais um edital para 2026<\/strong>, com cerca de <strong>100 vagas <\/strong>para Auditor Federal de Controle Externo &#8211; <strong>\u00e1rea geral.<\/strong><\/p>\n\n\n\n<p>Ademais, o ministro Vital do R\u00eago destacou, durante a <a href=\"https:\/\/www.youtube.com\/watch?v=EOpAmb7C1ro\" target=\"_blank\" rel=\"noreferrer noopener\">cerim\u00f4nia de posse<\/a> dos novos t\u00e9cnicos rec\u00e9m-aprovados, a inten\u00e7\u00e3o do Tribunal de Contas da Uni\u00e3o (TCU) de realizar um novo concurso p\u00fablico.<\/p>\n\n\n\n<ul class=\"wp-block-list has-very-light-gray-to-cyan-bluish-gray-gradient-background has-background\">\n<li><strong>Tribunal de Contas da Uni\u00e3o&nbsp;&#8211; Auditor \u00e1rea geral<\/strong><\/li>\n\n\n\n<li><strong>Status:<\/strong> autorizado\/anunciado para 2026<\/li>\n\n\n\n<li><strong>Banca:<\/strong> a definir<\/li>\n\n\n\n<li><strong>Vagas:&nbsp;<\/strong><span style=\"color: initial;\">100<\/span><\/li>\n\n\n\n<li><strong>\u00daltimo edita<\/strong>l: <a href=\"https:\/\/dhg1h5j42swfq.cloudfront.net\/2021\/10\/29093942\/28-10-2021_edital_001-2021_abertura_concurso_tcu.pdf\" target=\"_blank\" rel=\"noreferrer noopener nofollow\">Auditor-2021<\/a><\/li>\n<\/ul>\n\n\n\n<h2 class=\"wp-block-heading has-medium-font-size\" id=\"h-concurso-tcu-para-tecnico-nivel-medio\"><strong><em>Concurso TCU para T\u00e9cnico (n\u00edvel m\u00e9dio)<\/em><\/strong><\/h2>\n\n\n\n<p>O Cebraspe publicou a homologa\u00e7\u00e3o dos <strong>resultados finais do concurso p\u00fablico do TCU para o cargo de T\u00e9cnico.<\/strong><\/p>\n\n\n\n<ul class=\"wp-block-list\">\n<li><a href=\"https:\/\/dhg1h5j42swfq.cloudfront.net\/2025\/12\/15190229\/4abb8772fb28f0e22809022e1cde87aac1ab6de8033e72723beb25f7279a5f18.pdf\" target=\"_blank\" rel=\"noreferrer noopener nofollow\">Resultados finais do concurso e 2\u00aa etapa<\/a><\/li>\n<\/ul>\n\n\n\n<p>Agora, o certame segue vigente at\u00e9 15 de dezembro de 2026, podendo ser prorrogado por mais um ano, se necess\u00e1rio.<\/p>\n\n\n\n<p>Ademais, foram ofertadas <span style=\"text-decoration: underline;\">40 vagas imediatas<\/span>, mais 20 em cadastro de reserva, para <strong>T\u00e9cnico Federal de Controle Externo<\/strong>.<\/p>\n\n\n\n<ul class=\"wp-block-list has-very-light-gray-to-cyan-bluish-gray-gradient-background has-background\">\n<li><strong>Tribunal de Contas da Uni\u00e3o&nbsp;&#8211; T\u00e9cnico<\/strong><\/li>\n\n\n\n<li><strong>Status:<\/strong> homologado<\/li>\n\n\n\n<li><strong>Banca:<\/strong> <a href=\"https:\/\/www.cebraspe.org.br\/concursos\/tcu_25_tefc\" target=\"_blank\" rel=\"noreferrer noopener\">Cebraspe<\/a><\/li>\n\n\n\n<li><strong>Vagas:&nbsp;<\/strong><span style=\"color: initial;\">40 + 20 CR<\/span><\/li>\n\n\n\n<li><strong>Sal\u00e1rio inicial:<\/strong> R$ 15.128,26 <\/li>\n\n\n\n<li><strong>Edital:<\/strong> <a href=\"https:\/\/dhg1h5j42swfq.cloudfront.net\/2025\/05\/23094615\/edital-tcu-2025-tecnico.pdf\" target=\"_blank\" rel=\"noreferrer noopener nofollow\">TCU T\u00e9cnico-2025<\/a><\/li>\n<\/ul>\n\n\n\n<p>Reunimos aqui as principais informa\u00e7\u00f5es para que voc\u00ea fique por dentro do andamento do <strong>concurso TCU<\/strong> e se prepare da melhor maneira poss\u00edvel. <\/p>\n\n\n\n<ul id=\"indice\" class=\"wp-block-list\">\n<li><strong><a href=\"#auditor\">Concurso de Auditor TI<\/a><\/strong> &#8211; <em>novo<\/em>\n<ul class=\"wp-block-list\">\n<li><a href=\"#retificacoes\"><strong>Retifica\u00e7\u00f5es<\/strong><\/a><\/li>\n\n\n\n<li><a href=\"#etapas\"><strong>Etapas de provas<\/strong><\/a>\n<ul class=\"wp-block-list\">\n<li><a href=\"#objetiva\">Provas objetivas<\/a><\/li>\n\n\n\n<li><a href=\"#discursiva\">Provas discursivas<\/a><\/li>\n\n\n\n<li><a href=\"#programa\">Programa\u00e7\u00e3o de forma\u00e7\u00e3o<\/a><\/li>\n<\/ul>\n<\/li>\n<\/ul>\n<\/li>\n\n\n\n<li><strong><a href=\"#tecnico\">Concurso de T\u00e9cnico<\/a><\/strong>\n<ul class=\"wp-block-list\">\n<li><a href=\"#linha\"><strong>Linha do tempo<\/strong><\/a><\/li>\n\n\n\n<li><a href=\"#etapas-novo\"><strong>Etapas de provas<\/strong><\/a>\n<ul class=\"wp-block-list\">\n<li><a href=\"#objetiva\">Prova objetiva<\/a><\/li>\n\n\n\n<li><a href=\"#discursiva\">Prova discursiva<\/a><\/li>\n\n\n\n<li><a href=\"#programa\">Programa de forma\u00e7\u00e3o<\/a><\/li>\n<\/ul>\n<\/li>\n<\/ul>\n<\/li>\n\n\n\n<li><strong><a href=\"#carreira\">Carreira no TCU<\/a> <\/strong>\n<ul class=\"wp-block-list\">\n<li><a href=\"#plano-de-carreira-tcu\">Novo plano de carreira<\/a><\/li>\n\n\n\n<li><a href=\"#salarios\">Sal\u00e1rios<\/a><\/li>\n\n\n\n<li><a href=\"#requisitos\"><span style=\"text-decoration: underline;\">Requisitos<\/span><\/a><\/li>\n\n\n\n<li><a href=\"#atribuicoes\">Atribui\u00e7\u00f5es<\/a> <\/li>\n\n\n\n<li><a href=\"#vacancias\">Cargos vagos<\/a><\/li>\n<\/ul>\n<\/li>\n\n\n\n<li><strong><a href=\"#ultimo-2021\">\u00daltimo concurso Auditor (Geral)<\/a><\/strong><em> &#8211; 2021<\/em><\/li>\n\n\n\n<li><strong><a href=\"#nomeacoes\">Nomea\u00e7\u00f5es<\/a><\/strong><\/li>\n\n\n\n<li><strong><a href=\"#cursos\">Cursos e assinaturas<\/a><\/strong><\/li>\n\n\n\n<li><strong><a href=\"#ficha\">Ficha t\u00e9cnica<\/a><\/strong><\/li>\n<\/ul>\n\n\n\n<p class=\"has-text-align-center has-background\" style=\"background-color:#bde5d6\"><strong><a href=\"https:\/\/www.estrategiaconcursos.com.br\/blog\/concurso-tcu-tecnico-aprovados-estrategia\/\" target=\"_blank\" rel=\"noreferrer noopener\">Concurso TCU: 90% dos aprovados s\u00e3o alunos do EC!<\/a><\/strong><\/p>\n\n\n\n<p class=\"has-text-align-center has-background\" style=\"background-color:#bde5d6\"><strong><a href=\"https:\/\/www.estrategiaconcursos.com.br\/blog\/estrategia-aprovados-concursos-controle-gestao\/\" target=\"_blank\" rel=\"noreferrer noopener\">Sucesso absoluto: Estrat\u00e9gia domina os concursos de Controle<\/a><\/strong><\/p>\n\n\n\n<div id=\"boxes\" class=\"container\">\n<div class=\"row\">\n<div class=\"col-sm\">\n<div id=\"box-assinatura\" class=\"banner-tcu-ec\">\n<h2 class=\"titulo-assinatura\">Concurso TCU<\/h2>\n<p class=\"subtitulo-assinatura\">Prepare-se para o Tribunal de Contas da Uni\u00e3o!<\/p>\n<div class=\"box-botao\"><a class=\"btn-assinatura\" role=\"button\" href=\"https:\/\/www.estrategiaconcursos.com.br\/cursosPorConcurso\/tcu-tecnico-federal-de-controle-externo-66\/\" target=\"_blank\" rel=\"noopener noreferrer\">VER CURSOS<\/a><\/div>\n<\/div>\n<\/div>\n<\/div>\n<\/div>\n\n\n\n<h2 class=\"wp-block-heading has-luminous-vivid-amber-background-color has-background\" id=\"auditor\">Confira as informa\u00e7\u00f5es do concurso TCU 2025 para Auditor!<\/h2>\n\n\n\n<p>O novo edital do concurso TCU traz vagas para Auditor Federal de Controle Externo. S\u00e3o contempladas <span style=\"text-decoration: underline;\">20 vagas mais chances de ingresso via cadastro reserva<\/span>. <\/p>\n\n\n\n<ul class=\"wp-block-list\">\n<li><strong>Auditor Federal de Controle Externo<\/strong>: 20 vagas + CR;\n<ul class=\"wp-block-list\">\n<li><strong>Sal\u00e1rio inicial de: <\/strong>R$ 26.159,01<\/li>\n<\/ul>\n<\/li>\n<\/ul>\n\n\n\n<figure class=\"wp-block-table is-style-stripes\"><table><thead><tr><th class=\"has-text-align-center\" data-align=\"center\">CARGOS<\/th><th class=\"has-text-align-center\" data-align=\"center\">AC<\/th><th class=\"has-text-align-center\" data-align=\"center\">PcD<\/th><th class=\"has-text-align-center\" data-align=\"center\">Pessoa preta ou parda<\/th><th class=\"has-text-align-center\" data-align=\"center\">Pessoa ind\u00edgena<\/th><th class=\"has-text-align-center\" data-align=\"center\">Pessoa quilombola<\/th><th class=\"has-text-align-center\" data-align=\"center\">Total<\/th><\/tr><\/thead><tbody><tr><td class=\"has-text-align-center\" data-align=\"center\">Auditor Federal de Controle Externo &#8211; TI<\/td><td class=\"has-text-align-center\" data-align=\"center\">11 + CR<\/td><td class=\"has-text-align-center\" data-align=\"center\">2 + CR<\/td><td class=\"has-text-align-center\" data-align=\"center\">5 + CR<\/td><td class=\"has-text-align-center\" data-align=\"center\">1 + CR<\/td><td class=\"has-text-align-center\" data-align=\"center\">1 + CR<\/td><td class=\"has-text-align-center\" data-align=\"center\">20<\/td><\/tr><\/tbody><\/table><\/figure>\n\n\n\n<h4 class=\"wp-block-heading\" id=\"linha\">Linha do tempo do Concurso <\/h4>\n\n\n\n<ul class=\"wp-block-list\">\n<li><strong>20\/02\/2025: <\/strong><a href=\"https:\/\/www.estrategiaconcursos.com.br\/blog\/contratacao-auditores-concurso-tcu\/\" target=\"_blank\" rel=\"noreferrer noopener\">Sindicato comenta contrata\u00e7\u00e3o de 300 Auditores do TCU<\/a>;<\/li>\n\n\n\n<li><strong>19\/03\/2025: <\/strong><a href=\"https:\/\/www.estrategiaconcursos.com.br\/blog\/concurso-tcu-editais-em-2025-e-em-2026\/\" target=\"_blank\" rel=\"noreferrer noopener\">editais em 2025 e em 2026 s\u00e3o especulados<\/a>;<\/li>\n\n\n\n<li><strong>20\/03\/2025: <\/strong><a href=\"https:\/\/www.estrategiaconcursos.com.br\/blog\/concurso-tcu-grupo-trabalho\/\" target=\"_blank\" rel=\"noreferrer noopener\">formado grupo de trabalho para alterar carreiras<\/a>;<\/li>\n\n\n\n<li><strong>26\/03\/2025: <\/strong><a href=\"https:\/\/www.estrategiaconcursos.com.br\/blog\/concurso-tcu-edital-2025\/\" target=\"_blank\" rel=\"noreferrer noopener\">TCU quer edital de T\u00e9cnico em 2025<\/a>;<\/li>\n\n\n\n<li><strong>02\/05\/2025: <\/strong><a href=\"https:\/\/www.estrategiaconcursos.com.br\/blog\/presidente-do-tcu-confirma-concurso\/\" target=\"_blank\" rel=\"noreferrer noopener\">concurso do TCU confirmado<\/a>;<\/li>\n\n\n\n<li><strong>08\/05\/2025:<\/strong> <a href=\"https:\/\/www.estrategiaconcursos.com.br\/blog\/concurso-tcu-comissao\/\" target=\"_blank\" rel=\"noreferrer noopener\">comiss\u00e3o formada<\/a>;<\/li>\n\n\n\n<li><strong>05\/05\/2025: <\/strong><a href=\"https:\/\/www.estrategiaconcursos.com.br\/blog\/concurso-tcu-autorizado-60-vagas-imediatas\/\" target=\"_blank\" rel=\"noreferrer noopener\">concurso autorizado<\/a>;<\/li>\n\n\n\n<li><strong>14\/05\/2025:<\/strong> <a href=\"https:\/\/www.estrategiaconcursos.com.br\/blog\/concurso-tcu-possiveis-bancas\/\" target=\"_blank\" rel=\"noreferrer noopener\">FGV e Cebraspe cotadas para organizar o concurso<\/a>;<\/li>\n\n\n\n<li><strong>22\/05\/2025:<\/strong> <a href=\"https:\/\/www.estrategiaconcursos.com.br\/blog\/concurso-tcu-2025-contrato-assinado\/\" target=\"_blank\" rel=\"noreferrer noopener nofollow\">Cebraspe \u00e9 contratado para organizar concursos de T\u00e9cnico e Auditor<\/a>;<\/li>\n\n\n\n<li><strong>23\/05\/2025: <\/strong><a href=\"https:\/\/www.estrategiaconcursos.com.br\/blog\/concurso-tcu-2025-edital-publicado\/\" target=\"_blank\" rel=\"noreferrer noopener\">edital publicado para T\u00e9cnico<\/a>;<\/li>\n\n\n\n<li><strong>24\/10\/2025:<\/strong> <a href=\"https:\/\/www.estrategiaconcursos.com.br\/blog\/concurso-tcu-auditor-2025-edital-publicado\/\" target=\"_blank\" rel=\"noreferrer noopener\">edital publicado para Auditor<\/a>;<\/li>\n\n\n\n<li><strong>03\/12\/2025:<\/strong> <a href=\"https:\/\/www.estrategiaconcursos.com.br\/blog\/concurso-tcu-aprovado-aumento-salarios\/\" target=\"_blank\" rel=\"noreferrer noopener\">aprovado novo plano de carreira<\/a>;<\/li>\n\n\n\n<li><strong>18\/02\/2026: <\/strong>novo plano de carreira \u00e9 sancionado pelo presidente Lula.<\/li>\n<\/ul>\n\n\n\n<h3 class=\"wp-block-heading\" id=\"retificacoes\">Retifica\u00e7\u00f5es do edital<\/h3>\n\n\n\n<ul class=\"wp-block-list\">\n<li><strong><a href=\"https:\/\/dhg1h5j42swfq.cloudfront.net\/2025\/10\/29193430\/00f4032d0addb4e84641b1052d525f83f8bf608119b28bc85e2d68a154b54ae9.pdf\" target=\"_blank\" rel=\"noreferrer noopener nofollow\">Retifica\u00e7\u00e3o 1<\/a> (29\/10\/2025)<\/strong>: altera\u00e7\u00e3o em conhecimentos espec\u00edficos referentes ao conte\u00fado program\u00e1tico.<\/li>\n\n\n\n<li><strong><a href=\"https:\/\/dhg1h5j42swfq.cloudfront.net\/2025\/11\/17054555\/edital-no-3-tcu_aufc-de-14-de-novembro-de-2025-edital-no-3-tcu_aufc-de-14-de-novembro-de-2025-dou-imprensa-nacional.pdf\" target=\"_blank\" rel=\"noreferrer noopener nofollow\">Retifica\u00e7\u00e3o 2<\/a> (17\/11\/2025): <\/strong>conte\u00fado program\u00e1tico. <\/li>\n\n\n\n<li><strong><a href=\"https:\/\/dhg1h5j42swfq.cloudfront.net\/2026\/01\/26060320\/edital-no-5-tcu_aufc-de-23-de-janeiro-de-2026-edital-no-5-tcu_aufc-de-23-de-janeiro-de-2026-dou-imprensa-nacional.pdf\" target=\"_blank\" rel=\"noreferrer noopener nofollow\">Retifica\u00e7\u00e3o 3<\/a> (26\/01\/2026: <\/strong>reaberto o prazo para solicita\u00e7\u00e3o de atendimento especializado e envio de documenta\u00e7\u00e3o, exclusivamente para candidatos com inscri\u00e7\u00e3o efetivada que tenham Dislexia e\/ou TDAH.<\/li>\n<\/ul>\n\n\n\n<h3 class=\"wp-block-heading\" id=\"etapas\">Concurso TCU: etapas de provas<\/h3>\n\n\n\n<ul class=\"wp-block-list\">\n<li><strong>1\u00aa Etapa:<\/strong>\n<ul class=\"wp-block-list\">\n<li><strong>Prova objetiva (P1),<\/strong>&nbsp;de car\u00e1ter classificat\u00f3rio e eliminat\u00f3rio;<\/li>\n\n\n\n<li><strong>Prova objetiva (P2)<\/strong>, de car\u00e1ter classificat\u00f3rio e eliminat\u00f3rio;<\/li>\n\n\n\n<li><strong>Prova discursiva (P3),<\/strong>&nbsp;de car\u00e1ter classificat\u00f3rio e eliminat\u00f3rio; e<\/li>\n<\/ul>\n<\/li>\n\n\n\n<li><strong>2\u00aa Etapa:<\/strong>\n<ul class=\"wp-block-list\">\n<li><strong>Programa de forma\u00e7\u00e3o<\/strong>. de car\u00e1ter eliminat\u00f3rio.<\/li>\n<\/ul>\n<\/li>\n<\/ul>\n\n\n\n<figure class=\"wp-block-image aligncenter\"><img loading=\"lazy\" decoding=\"async\" width=\"714\" height=\"234\" src=\"https:\/\/dhg1h5j42swfq.cloudfront.net\/2025\/10\/24160249\/image-251.png\" alt=\"\" class=\"wp-image-1660396\" srcset=\"https:\/\/dhg1h5j42swfq.cloudfront.net\/2025\/10\/24160249\/image-251.png 714w, https:\/\/dhg1h5j42swfq.cloudfront.net\/2025\/10\/24160249\/image-251-300x98.png 300w, https:\/\/dhg1h5j42swfq.cloudfront.net\/2025\/10\/24160249\/image-251-150x49.png 150w\" sizes=\"auto, (max-width: 714px) 100vw, 714px\" \/><\/figure>\n\n\n\n<h4 class=\"wp-block-heading\" id=\"objetiva\">Como ser\u00e1 a prova objetiva do concurso TCU 2025?<\/h4>\n\n\n\n<p>As provas objetivas do concurso TCU, de car\u00e1ter eliminat\u00f3rio e classificat\u00f3rio, valerm 200,00 pontos e tiveram dura\u00e7\u00e3o de at\u00e9 5 horas. A organiza\u00e7\u00e3o \u00e9 por conta do Cebraspe.<\/p>\n\n\n\n<p>Outro ponto que vale destacar \u00e9 que as provas objetivas foram separadas em P1 e P2, sendo a primeira para conhecimentos b\u00e1sicos e a segunda para conhecimentos espec\u00edficos.<\/p>\n\n\n\n<p>A P1 consistiu em&nbsp;<strong>100 quest\u00f5es<\/strong>, cada uma valendo um ponto, abordando os conhecimentos b\u00e1sicos. J\u00e1 a P2 foi composta pelo mesmo n\u00famero de quest\u00f5es, mas com o conte\u00fado baseado nos&nbsp;<strong>conhecimentos espec\u00edficos<\/strong>.<\/p>\n\n\n\n<p>Cada prova objetiva foi constitu\u00edda de itens para julgamento, agrupados por comandos que dever\u00e3o ser respeitados. O julgamento de cada item foi CERTO ou ERRADO, de acordo com a din\u00e2mica j\u00e1 conhecida do Cebraspe.<\/p>\n\n\n\n<p>Foi reprovado nas provas objetivas e eliminado do concurso TCU o candidato que se enquadrasse em pelo menos um dos itens a seguir:<\/p>\n\n\n\n<ul class=\"wp-block-list\">\n<li>a) obtivesse nota inferior a 20,00 pontos na prova objetiva de conhecimentos b\u00e1sicos P1;<\/li>\n\n\n\n<li>b) obtivesse nota inferior a 30,00 pontos na prova objetiva de conhecimentos espec\u00edficos P2;<\/li>\n\n\n\n<li>c) obtivesse nota inferior a 60,00 pontos no conjunto das provas objetivas.<\/li>\n<\/ul>\n\n\n\n<p>Passaram para a pr\u00f3xima etapa os primeiros\u00a0<strong>80 candidatos<\/strong>\u00a0mais bem avaliados na respectiva avalia\u00e7\u00e3o em cada formato de inscri\u00e7\u00e3o (AC, PcD, pretos ou pardos, ind\u00edgenas e quilombolas).<\/p>\n\n\n\n<h4 class=\"wp-block-heading\" id=\"discursiva\">Como foi a prova discursiva do concurso TCU 2025?<\/h4>\n\n\n\n<p>A prova discursiva do concurso TCU para o cargo de Auditor Federal valeu um total de 60,00 pontos e consistiu de:<\/p>\n\n\n\n<ul class=\"wp-block-list\">\n<li>a) parte 1: tr\u00eas quest\u00f5es discursivas acerca de conhecimentos b\u00e1sicos e conhecimentos espec\u00edficos, a serem respondidas em at\u00e9 20 linhas cada, no valor de 10,00 pontos cada, totalizando 30,00 pontos;<\/li>\n\n\n\n<li>b) parte 2: reda\u00e7\u00e3o de uma pe\u00e7a de natureza t\u00e9cnica, de at\u00e9 50 linhas, no valor de 30,00 pontos.<\/li>\n<\/ul>\n\n\n\n<p>As quest\u00f5es discursivas da prova (P3) valeram 10,00 pontos cada e foram avaliadas conforme os crit\u00e9rios, como:<\/p>\n\n\n\n<ul class=\"wp-block-list\">\n<li>a) a apresenta\u00e7\u00e3o e a estrutura textuais e o desenvolvimento do tema totalizar\u00e3o a nota relativa ao dom\u00ednio do conte\u00fado (NCi), cuja pontua\u00e7\u00e3o m\u00e1xima ser\u00e1 limitada ao valor de 10,00 pontos, em que i = 1, 2 e 3;<\/li>\n\n\n\n<li>b) a avalia\u00e7\u00e3o do dom\u00ednio da modalidade escrita totalizar\u00e1 o n\u00famero de erros (NEi) do candidato, considerando-se aspectos de natureza gramatical, tais como: grafia, morfossintaxe e propriedade vocabular,&nbsp;<strong>al\u00e9m de outros constantes no edital;<\/strong><\/li>\n<\/ul>\n\n\n\n<p>A pe\u00e7a de natureza t\u00e9cnica da prova discursiva (P3) vale 30,00 pontos e foi avaliada conforme os crit\u00e9rios a seguir:<\/p>\n\n\n\n<ul class=\"wp-block-list\">\n<li>a) a apresenta\u00e7\u00e3o e a estrutura textuais e o desenvolvimento do tema totalizar\u00e3o a nota relativa ao dom\u00ednio do conte\u00fado (NC), cuja pontua\u00e7\u00e3o m\u00e1xima ser\u00e1 limitada ao valor de 30,00 pontos;<\/li>\n\n\n\n<li>b) a avalia\u00e7\u00e3o do dom\u00ednio da modalidade escrita totalizar\u00e1 o n\u00famero de erros (NE) do candidato, considerando-se aspectos de natureza gramatical, tais como: grafia, morfossintaxe e propriedade vocabular,&nbsp;<strong>al\u00e9m de outros constantes no edital;<\/strong><\/li>\n<\/ul>\n\n\n\n<h4 class=\"wp-block-heading\" id=\"programa\">Programa de forma\u00e7\u00e3o<\/h4>\n\n\n\n<p>O Programa de Forma\u00e7\u00e3o ter\u00e1 dura\u00e7\u00e3o m\u00ednima de 120 horas. Os candidatos sem aproveitamento e (ou) sem frequ\u00eancia m\u00ednima de 75% de presen\u00e7a nesta etapa ser\u00e3o considerados eliminados do concurso.<\/p>\n\n\n\n<p>Durante o Programa de Forma\u00e7\u00e3o, o candidato far\u00e1 jus a aux\u00edlio financeiro, na forma da legisla\u00e7\u00e3o vigente \u00e0 \u00e9poca de sua realiza\u00e7\u00e3o, sobre o qual incidir\u00e3o os descontos legais, ressalvado o direito de optar pela percep\u00e7\u00e3o do vencimento e das vantagens do cargo efetivo, no caso de ser servidor da Administra\u00e7\u00e3o P\u00fablica Federal.<\/p>\n\n\n\n<p>Todas as demais informa\u00e7\u00f5es, como o conte\u00fado a ser abordado e os dias de matr\u00edcula, ser\u00e3o divulgados posteriormente pela banca organizadora, o Cebraspe.<\/p>\n\n\n\n<h2 class=\"wp-block-heading has-luminous-vivid-amber-background-color has-background\" id=\"tecnico\">Concurso TCU: cargo de T\u00e9cnico<\/h2>\n\n\n\n<p>Foram ofertadas <span style=\"text-decoration: underline;\">40 vagas imediatas<\/span>, mais 20 em cadastro de reserva, para <strong>T\u00e9cnico Federal de Controle Externo<\/strong>, de n\u00edvel m\u00e9dio.<\/p>\n\n\n\n<p>No total, foram registrados <strong>41.393 <\/strong>candidatos <a href=\"https:\/\/www.estrategiaconcursos.com.br\/blog\/concurso-tcu-inscritos-2\/\" target=\"_blank\" rel=\"noreferrer noopener\">inscritos<\/a> e <strong>absten\u00e7\u00e3o de 51,8% <\/strong>dos candidatos no dia da prova.<\/p>\n\n\n\n<figure class=\"wp-block-table is-style-stripes\"><table class=\"has-fixed-layout\"><thead><tr><th class=\"has-text-align-center\" data-align=\"center\">CARGOS<\/th><th class=\"has-text-align-center\" data-align=\"center\">VAGAS<\/th><th class=\"has-text-align-center\" data-align=\"center\">SAL\u00c1RIO<\/th><\/tr><\/thead><tbody><tr><td class=\"has-text-align-center\" data-align=\"center\">T\u00e9cnico Federal de Controle Externo<\/td><td class=\"has-text-align-center\" data-align=\"center\">40 + 20 CR<\/td><td class=\"has-text-align-center\" data-align=\"center\">R$ 15.128,26<\/td><\/tr><\/tbody><\/table><figcaption class=\"wp-element-caption\"><em>Cargos, vagas e remunera\u00e7\u00e3o para T\u00e9cnico Federal de Controle Externo<\/em> <em>do concurso TCU<\/em><\/figcaption><\/figure>\n\n\n\n<p>O certame segue vigente at\u00e9 15 de dezembro de 2026, podendo ser prorrogado por mais um ano, se necess\u00e1rio.<\/p>\n\n\n\n<h3 class=\"wp-block-heading\" id=\"etapas-novo\">Etapas de provas do concurso TCU &#8211; T\u00e9cnico<\/h3>\n\n\n\n<p>Os candidatos foram avaliados por meio de provas objetivas e discursiva, ambas aplicadas em Bras\u00edlia (DF). Tamb\u00e9m haver\u00e1 um curso de forma\u00e7\u00e3o profissional como a segunda e \u00faltima etapa do certame.<\/p>\n\n\n\n<p>As provas objetivas tiveram a dura\u00e7\u00e3o de <strong>3h30 <\/strong>e foram aplicadas&nbsp;no turno da <strong>manh\u00e3<\/strong>. J\u00e1 a discursiva teve a dura\u00e7\u00e3o de<strong> 2h30 <\/strong>e foi aplicada&nbsp;no turno da <strong>tarde<\/strong>.<\/p>\n\n\n\n<h4 class=\"wp-block-heading\" id=\"objetiva\">Concurso TCU: prova objetiva<\/h4>\n\n\n\n<p>Com dura\u00e7\u00e3o de 3 horas e 30 minutos, cada prova objetiva foi constitu\u00edda de itens do tipo CERTO ou ERRADO.<\/p>\n\n\n\n<div class=\"wp-block-columns is-layout-flex wp-container-core-columns-is-layout-28f84493 wp-block-columns-is-layout-flex\">\n<div class=\"wp-block-column is-layout-flow wp-block-column-is-layout-flow\">\n<ul class=\"wp-block-list\">\n<li><span style=\"text-decoration: underline;\"><strong>Conhecimentos B\u00e1sicos<\/strong>:<\/span><\/li>\n\n\n\n<li>L\u00edngua Portuguesa;<\/li>\n\n\n\n<li>No\u00e7\u00f5es de L\u00edngua Inglesa;<\/li>\n\n\n\n<li>Direito Constitucional; e<\/li>\n\n\n\n<li>Tecnologia da Informa\u00e7\u00e3o.<\/li>\n<\/ul>\n<\/div>\n\n\n\n<div class=\"wp-block-column is-layout-flow wp-block-column-is-layout-flow\">\n<ul class=\"wp-block-list\">\n<li><span style=\"text-decoration: underline;\"><strong>Conhecimentos Espec\u00edficos<\/strong>:<\/span><\/li>\n\n\n\n<li>No\u00e7\u00f5es de Administra\u00e7\u00e3o;<\/li>\n\n\n\n<li>Direito Administrativo;<\/li>\n\n\n\n<li>Gest\u00e3o de Contratos;<\/li>\n\n\n\n<li>Execu\u00e7\u00e3o Or\u00e7ament\u00e1ria e Financeira; e <\/li>\n\n\n\n<li>Controle Externo.<\/li>\n<\/ul>\n<\/div>\n<\/div>\n\n\n\n<h4 class=\"wp-block-heading\" id=\"discursiva\">Concurso TCU: prova discursiva<\/h4>\n\n\n\n<p>A prova discursiva avaliou o conte\u00fado (conhecimento do tema), a capacidade de express\u00e3o na modalidade escrita e o uso das normas do registro formal culto da L\u00edngua Portuguesa.<\/p>\n\n\n\n<p>O candidato devia produzir, conforme o comando formulado pela banca examinadora, texto dissertativo, primando pela coer\u00eancia e pela coes\u00e3o.<\/p>\n\n\n\n<h4 class=\"wp-block-heading\" id=\"programa\">Concurso TCU: programa de Forma\u00e7\u00e3o<\/h4>\n\n\n\n<p>O Programa de Forma\u00e7\u00e3o, de car\u00e1ter eliminat\u00f3rio, foi realizado pelo Instituto Serzedello Corr\u00eaa (ISC), com apoio log\u00edstico do Cebraspe, e teve a dura\u00e7\u00e3o m\u00ednima de 60 horas.<\/p>\n\n\n\n<p>Foram convocados para esta etapa, todos os candidatos aprovados na primeira etapa, observada a ordem de classifica\u00e7\u00e3o e o n\u00famero efetivo de vagas para provimento imediato.<\/p>\n\n\n\n<p>Os demais candidatos, aprovados na primeira etapa e n\u00e3o convocados para o Programa de Forma\u00e7\u00e3o, foram classificados em lista de cadastro de reserva, podendo ser convocados em eventuais Programas de Forma\u00e7\u00e3o futuros, cuja efetiva realiza\u00e7\u00e3o depender\u00e1 exclusivamente do interesse da Administra\u00e7\u00e3o, observado o prazo de validade do concurso.<\/p>\n\n\n\n<p>Os candidatos sem aproveitamento e (ou) sem <strong>frequ\u00eancia m\u00ednima de 75% de presen\u00e7a<\/strong>&nbsp;no Programa de Forma\u00e7\u00e3o foram considerados eliminados do concurso.<\/p>\n\n\n\n<p>Durante o Programa de Forma\u00e7\u00e3o, o candidato fez jus a&nbsp;<strong>aux\u00edlio financeiro<\/strong>, na forma da legisla\u00e7\u00e3o vigente \u00e0 \u00e9poca de sua realiza\u00e7\u00e3o, sobre o qual incidiram os descontos legais, ressalvado o direito de optar pela percep\u00e7\u00e3o do vencimento e das vantagens do cargo efetivo, no caso de ser servidor da Administra\u00e7\u00e3o P\u00fablica Federal.<\/p>\n\n\n\n<h2 class=\"wp-block-heading\" id=\"carreira\">Entenda mais sobre as carreiras no TCU<\/h2>\n\n\n\n<h3 class=\"wp-block-heading\" id=\"plano-de-carreira-tcu\">Novo plano de carreira<\/h3>\n\n\n\n<p>Foi sancionado em fevereiro de 2026 pelo presidente Lula o novo Plano de Carreira do TCU!<\/p>\n\n\n\n<p>A <strong><a href=\"https:\/\/dhg1h5j42swfq.cloudfront.net\/2026\/02\/18082832\/lei-no-15-351-de-17-de-fevereiro-de-2026-lei-no-15-351-de-17-de-fevereiro-de-2026-dou-imprensa-nacional.pdf\" target=\"_blank\" rel=\"noreferrer noopener nofollow\">Lei N\u00ba 15.351\/2026<\/a><\/strong> reestrutura as carreiras, que passam a ter 13 padr\u00f5es e 3 classes. Al\u00e9m disso, o cargo de T\u00e9cnico passa a exigir forma\u00e7\u00e3o de n\u00edvel superior. Confira os principais pontos:<\/p>\n\n\n\n<h4 class=\"wp-block-heading\" id=\"h-reestruturacao-de-cargos-e-escolaridade\">Reestrutura\u00e7\u00e3o de cargos e escolaridade<\/h4>\n\n\n\n<ul class=\"wp-block-list\">\n<li><strong>N\u00edvel superior para T\u00e9cnicos:<\/strong> o cargo de <strong>T\u00e9cnico Federal de Controle Externo<\/strong> passa a exigir diploma de curso superior;<\/li>\n\n\n\n<li><strong>Carreiras t\u00edpicas de Estado:<\/strong> os cargos da Carreira de Especialista do TCU s\u00e3o agora considerados t\u00edpicos de Estado, devido \u00e0 natureza essencial do controle externo;<\/li>\n\n\n\n<li><strong>Extin\u00e7\u00e3o gradual:<\/strong> os cargos de <strong>Auxiliar de Controle Externo<\/strong> ser\u00e3o extintos \u00e0 medida que ficarem vagos. Suas atividades poder\u00e3o ser objeto de execu\u00e7\u00e3o indireta (terceiriza\u00e7\u00e3o).<\/li>\n<\/ul>\n\n\n\n<h4 class=\"wp-block-heading\" id=\"h-atribuicoes-por-area\">Atribui\u00e7\u00f5es por \u00e1rea<\/h4>\n\n\n\n<p>A lei define a complexidade das atividades para cada cargo:<\/p>\n\n\n\n<ul class=\"wp-block-list\">\n<li><strong>Auditor Federal (Controle Externo):<\/strong> atividades de car\u00e1ter t\u00e9cnico de <strong>alta complexidade<\/strong> ligadas \u00e0s compet\u00eancias constitucionais do TCU;<\/li>\n\n\n\n<li><strong>Auditor Federal (Apoio T\u00e9cnico e Administrativo):<\/strong> atividades administrativas e log\u00edsticas de <strong>alta complexidade<\/strong>;<\/li>\n\n\n\n<li><strong>T\u00e9cnico Federal:<\/strong> atividades de <strong>m\u00e9dia complexidade<\/strong> e aux\u00edlio direto aos Auditores.<\/li>\n<\/ul>\n\n\n\n<h4 class=\"wp-block-heading\" id=\"h-composicao-remuneratoria\">Composi\u00e7\u00e3o remunerat\u00f3ria<\/h4>\n\n\n\n<p id=\"p-rc_2c23ee8df2f95a80-26\">A remunera\u00e7\u00e3o dos servidores efetivos passa a ser composta por:<\/p>\n\n\n\n<ul start=\"1\" class=\"wp-block-list\">\n<li><strong>Vencimento b\u00e1sico:<\/strong> definido por tabelas de classes e padr\u00f5es;<\/li>\n\n\n\n<li><strong>Gratifica\u00e7\u00e3o de Controle Externo:<\/strong> calculada com a aplica\u00e7\u00e3o do fator de 0,5 sobre o vencimento b\u00e1sico do servidor;<\/li>\n\n\n\n<li><strong>Gratifica\u00e7\u00e3o de Desempenho e Alinhamento Estrat\u00e9gico:<\/strong> varia entre 40% e 100%, incidindo sobre o maior vencimento b\u00e1sico do cargo.<\/li>\n<\/ul>\n\n\n\n<h4 class=\"wp-block-heading\" id=\"h-requisitos-para-promocao\">Requisitos para Promo\u00e7\u00e3o<\/h4>\n\n\n\n<p>Para a promo\u00e7\u00e3o entre classes, passa a ser exigida a conclus\u00e3o de <strong>curso de p\u00f3s-gradua\u00e7\u00e3o<\/strong> reconhecido pelo MEC.<\/p>\n\n\n\n<p>A lei sugere que esses cursos sejam preferencialmente oferecidos pelo pr\u00f3prio TCU, atrav\u00e9s do <strong>Instituto Serzedello Corr\u00eaa<\/strong>.<\/p>\n\n\n\n<h4 class=\"wp-block-heading\" id=\"h-jornada-de-trabalho-especifica\">Jornada de trabalho espec\u00edfica<\/h4>\n\n\n\n<p>Para a especialidade de <strong>M\u00e9dico<\/strong> (dentro do cargo de Auditor de Apoio T\u00e9cnico), \u00e9 assegurada a op\u00e7\u00e3o por uma jornada de <strong>20 horas semanais<\/strong>, com vencimentos proporcionais.<\/p>\n\n\n\n<h3 class=\"wp-block-heading\" id=\"salarios\">Mais detalhes sobre os sal\u00e1rios <\/h3>\n\n\n\n<p>A remunera\u00e7\u00e3o total \u00e9 composta pelo Vencimento B\u00e1sico somado \u00e0s seguintes parcelas:<\/p>\n\n\n\n<ul class=\"wp-block-list\">\n<li><strong>Gratifica\u00e7\u00e3o de<\/strong> <strong>Controle Externo (GCE)<\/strong>: 50% (fator 0,5) incidente sobre o vencimento b\u00e1sico do servidor;<\/li>\n\n\n\n<li><strong>Gratifica\u00e7\u00e3o de<\/strong> <strong>Desempenho (GDAE)<\/strong>: 40% a 100% incidente sobre o <strong>maior<\/strong> vencimento b\u00e1sico do cargo (Padr\u00e3o 13).<\/li>\n<\/ul>\n\n\n\n<figure class=\"wp-block-image aligncenter size-full\"><img loading=\"lazy\" decoding=\"async\" width=\"907\" height=\"488\" src=\"https:\/\/dhg1h5j42swfq.cloudfront.net\/2026\/02\/18083855\/salario-audito.jpg\" alt=\"Vencimento Base Auditor 2026\" class=\"wp-image-1716928\" srcset=\"https:\/\/dhg1h5j42swfq.cloudfront.net\/2026\/02\/18083855\/salario-audito.jpg 907w, https:\/\/dhg1h5j42swfq.cloudfront.net\/2026\/02\/18083855\/salario-audito-300x161.jpg 300w, https:\/\/dhg1h5j42swfq.cloudfront.net\/2026\/02\/18083855\/salario-audito-768x413.jpg 768w, https:\/\/dhg1h5j42swfq.cloudfront.net\/2026\/02\/18083855\/salario-audito-150x81.jpg 150w\" sizes=\"auto, (max-width: 907px) 100vw, 907px\" \/><figcaption class=\"wp-element-caption\">Vencimento Base Auditor 2026<\/figcaption><\/figure>\n\n\n\n<figure class=\"wp-block-table is-style-stripes\"><table class=\"has-fixed-layout\"><thead><tr><td><strong>Rubrica<\/strong><\/td><td class=\"has-text-align-center\" data-align=\"center\"><strong>Valor (R$)<\/strong><\/td><td class=\"has-text-align-center\" data-align=\"center\"><strong>Regra de C\u00e1lculo<\/strong><\/td><\/tr><\/thead><tbody><tr><td><strong>Vencimento B\u00e1sico<\/strong><\/td><td class=\"has-text-align-center\" data-align=\"center\">R$ 12.831,04<\/td><td class=\"has-text-align-center\" data-align=\"center\">Valor para Classe A, Padr\u00e3o 1<\/td><\/tr><tr><td><strong>Gratifica\u00e7\u00e3o de Controle Externo (GCE)<\/strong><\/td><td class=\"has-text-align-center\" data-align=\"center\">R$ 6.415,52<\/td><td class=\"has-text-align-center\" data-align=\"center\">50% (fator 0,5) sobre o vencimento b\u00e1sico do servidor<\/td><\/tr><tr><td><strong>Gratifica\u00e7\u00e3o de Desempenho (GDAE)<\/strong><\/td><td class=\"has-text-align-center\" data-align=\"center\">R$ 8.317,69<\/td><td class=\"has-text-align-center\" data-align=\"center\">M\u00ednimo de 40% sobre o <strong>maior<\/strong> vencimento do cargo (R$ 20.794,23)<\/td><\/tr><\/tbody><tfoot><tr><td><strong>Total Inicial Estimado (M\u00ednimo)<\/strong><\/td><td class=\"has-text-align-center\" data-align=\"center\"><strong>R$ 27.564,25<\/strong><\/td><td class=\"has-text-align-center\" data-align=\"center\">Soma das parcelas acima em valores brutos<\/td><\/tr><\/tfoot><\/table><figcaption class=\"wp-element-caption\">Composi\u00e7\u00e3o da remunera\u00e7\u00e3o para o cargo de Auditor do TCU<\/figcaption><\/figure>\n\n\n\n<p>J\u00e1 para o cargo de <strong>T\u00e9cnico<\/strong>, o valor fica dessa forma:<\/p>\n\n\n\n<figure class=\"wp-block-image aligncenter size-full\"><img loading=\"lazy\" decoding=\"async\" width=\"906\" height=\"488\" src=\"https:\/\/dhg1h5j42swfq.cloudfront.net\/2026\/02\/18083831\/salario-tecnico.jpg\" alt=\"\" class=\"wp-image-1716927\" srcset=\"https:\/\/dhg1h5j42swfq.cloudfront.net\/2026\/02\/18083831\/salario-tecnico.jpg 906w, https:\/\/dhg1h5j42swfq.cloudfront.net\/2026\/02\/18083831\/salario-tecnico-300x162.jpg 300w, https:\/\/dhg1h5j42swfq.cloudfront.net\/2026\/02\/18083831\/salario-tecnico-768x414.jpg 768w, https:\/\/dhg1h5j42swfq.cloudfront.net\/2026\/02\/18083831\/salario-tecnico-150x81.jpg 150w\" sizes=\"auto, (max-width: 906px) 100vw, 906px\" \/><figcaption class=\"wp-element-caption\">Vencimento Base T\u00e9cnico 2026<\/figcaption><\/figure>\n\n\n\n<figure class=\"wp-block-table is-style-stripes\"><table class=\"has-fixed-layout\"><thead><tr><td><strong>Rubrica<\/strong><\/td><td class=\"has-text-align-center\" data-align=\"center\"><strong>Valor<\/strong><\/td><td class=\"has-text-align-center\" data-align=\"center\"><strong>Regra de C\u00e1lculo<\/strong><\/td><\/tr><\/thead><tbody><tr><td><strong>Vencimento B\u00e1sico<\/strong><\/td><td class=\"has-text-align-center\" data-align=\"center\">R$ 8.365,84<\/td><td class=\"has-text-align-center\" data-align=\"center\">Valor para Classe A, Padr\u00e3o 1<\/td><\/tr><tr><td><strong>Gratifica\u00e7\u00e3o de Controle Externo (GCE)<\/strong><\/td><td class=\"has-text-align-center\" data-align=\"center\">R$ 4.182,92<\/td><td class=\"has-text-align-center\" data-align=\"center\">Fator de 0,5 (50%) sobre o vencimento b\u00e1sico do servidor<\/td><\/tr><tr><td><strong>Gratifica\u00e7\u00e3o de Desempenho (GDAE)<\/strong><\/td><td class=\"has-text-align-center\" data-align=\"center\">R$ 5.223,00<\/td><td class=\"has-text-align-center\" data-align=\"center\">M\u00ednimo de 40% sobre o maior vencimento do cargo (R$ 13.057,49)<\/td><\/tr><\/tbody><tfoot><tr><td><strong>Total Inicial Estimado (M\u00ednimo)<\/strong><\/td><td class=\"has-text-align-center\" data-align=\"center\"><strong>R$ 17.771,76<\/strong><\/td><td class=\"has-text-align-center\" data-align=\"center\">Soma das parcelas brutas iniciais<\/td><\/tr><\/tfoot><\/table><figcaption class=\"wp-element-caption\">Composi\u00e7\u00e3o da remunera\u00e7\u00e3o para o cargo de T\u00e9cnico do TCU<\/figcaption><\/figure>\n\n\n\n<p>Importante frisar que os aprovados no concurso TCU, al\u00e9m de receberem os vencimentos mencionados, ainda ter\u00e3o direito aos seguintes benef\u00edcios:<\/p>\n\n\n\n<ul class=\"wp-block-list\">\n<li><strong>Aux\u00edlio alimenta\u00e7\u00e3o:<\/strong> R$ 1.784,42;<\/li>\n\n\n\n<li><strong>Aux\u00edlio transporte:<\/strong> R$ 2.416,10;<\/li>\n\n\n\n<li><strong>Aux\u00edlio pr\u00e9-escolar: <\/strong>R$ 1.083,92;<\/li>\n\n\n\n<li><strong>Exames peri\u00f3dicos:<\/strong> R$ 153,57;<\/li>\n\n\n\n<li><strong>Assist\u00eancia m\u00e9dica e odontol\u00f3gica: <\/strong>R$ 811,00.<\/li>\n<\/ul>\n\n\n\n<h3 class=\"wp-block-heading\" id=\"requisitos\">Concurso TCU: requisitos do cargo<\/h3>\n\n\n\n<p><strong>Auditor: <\/strong>diploma de conclus\u00e3o de curso de n\u00edvel superior ou habilita\u00e7\u00e3o legal equivalente em qualquer \u00e1rea de forma\u00e7\u00e3o.<\/p>\n\n\n\n<p><strong>T\u00e9cnico<\/strong>: diploma de conclus\u00e3o de curso superior, e poder\u00e1 ser exigida habilita\u00e7\u00e3o legal espec\u00edfica, a crit\u00e9rio da administra\u00e7\u00e3o, conforme definido no edital do concurso.<\/p>\n\n\n\n<h3 class=\"wp-block-heading\" id=\"atribuicoes\">Quais as atribui\u00e7\u00f5es dos cargos?<\/h3>\n\n\n\n<p><strong>Auditor: <\/strong>desempenho de todas as atividades de car\u00e1ter t\u00e9cnico de n\u00edvel superior relativas ao exerc\u00edcio das compet\u00eancias constitucionais e legais a cargo do Tribunal de Contas da Uni\u00e3o.<\/p>\n\n\n\n<p>Planejar, organizar, supervisionar, coordenar, avaliar e executar atividades relativas \u00e0 fiscaliza\u00e7\u00e3o e ao controle externo da arrecada\u00e7\u00e3o, da aplica\u00e7\u00e3o e da gest\u00e3o de recursos p\u00fablicos da Uni\u00e3o, examinando a legalidade, a legitimidade, a economicidade, a efici\u00eancia e a efetividade, em seus aspectos financeiro, or\u00e7ament\u00e1rio, cont\u00e1bil, patrimonial e operacional, dos atos daqueles que devam prestar contas ao Tribunal.<\/p>\n\n\n\n<p>\u00c9 atribui\u00e7\u00e3o do cargo de <strong>T\u00e9cnico Federal de Controle Externo &#8211; \u00c1rea de Controle Externo<\/strong> o desempenho de todas as atividades concernentes ao exerc\u00edcio das compet\u00eancias constitucionais e legais a cargo do Tribunal de Contas da Uni\u00e3o, de m\u00e9dia complexidade, bem como auxiliar o Auditor Federal de Controle Externo &#8211; \u00c1rea de Controle Externo no exerc\u00edcio de suas atribui\u00e7\u00f5es.&#8221;<\/p>\n\n\n\n<p>\u00c9 atribui\u00e7\u00e3o do cargo de<strong> T\u00e9cnico Federal de Controle Externo &#8211; \u00c1rea de Apoio T\u00e9cnico e Administrativo<\/strong> o desempenho de atividades administrativas e log\u00edsticas de apoio de m\u00e9dia complexidade relativas ao exerc\u00edcio das compet\u00eancias constitucionais e legais a cargo do Tribunal de Contas da Uni\u00e3o.<\/p>\n\n\n\n<p class=\"has-text-align-center has-very-light-gray-background-color has-background\"><strong>Conhe\u00e7a mais sobre a carreira de&nbsp;<a href=\"https:\/\/www.estrategiaconcursos.com.br\/blog\/auditor-tcu\/\" target=\"_blank\" rel=\"noreferrer noopener\">Auditor do TCU<\/a><\/strong><\/p>\n\n\n\n<h3 class=\"wp-block-heading\" id=\"vacancias\">Cargos vagos<\/h3>\n\n\n\n<p>Conforme o \u00faltimo levantamento divulgado no Portal da Transpar\u00eancia do \u00f3rg\u00e3o, existem <strong>464 cargos vagos<\/strong>, sendo <strong>119 de Auditor<\/strong>, <strong>345 de T\u00e9cnico<\/strong>.<\/p>\n\n\n\n<ul class=\"wp-block-list\">\n<li><strong><em>Auditor Federal de Controle Externo<\/em><\/strong><em><strong> (AUFC)<\/strong><\/em>\n<ul class=\"wp-block-list\">\n<li>Controle Externo: <em>89 cargos vagos<\/em><\/li>\n\n\n\n<li>Tecnologia da Informa\u00e7\u00e3o: <em>18 cargos vagos <\/em><\/li>\n\n\n\n<li>Medicina: <em>5 cargos vagos <\/em><\/li>\n\n\n\n<li>Psicologia: <em>1 cargo vago<\/em><\/li>\n\n\n\n<li>Apoio T\u00e9c. e Adm.: <em>2 cargos vago<\/em>s<\/li>\n\n\n\n<li>Biblioteconomia: <em>2 cargos vago<\/em>s<\/li>\n\n\n\n<li>Enfermagem: <em>1 cargo vago <\/em><\/li>\n\n\n\n<li>Nutri\u00e7\u00e3o: <em>1 cargo vago <\/em><\/li>\n<\/ul>\n<\/li>\n\n\n\n<li><strong><em>T\u00e9cnico Federal de Controle Externo<\/em><\/strong><em><strong> (TEFC)<\/strong><\/em>\n\n\n\n\n\n\n\n\n\n\n\n\n\n\n\n\n\n\n\n\n\n\n\n\n\n\n\n\n\n\n\n\n\n\n<ul class=\"wp-block-list\">\n<li>Controle Externo: <em>104 cargos vago<\/em>s<\/li>\n\n\n\n<li>Administrativo: <em>188 cargos vagos<\/em><\/li>\n\n\n\n<li>Operacional: <em>44 cargos vagos <\/em><\/li>\n\n\n\n<li>Tecnologia da Informa\u00e7\u00e3o: <em>4 cargos vagos <\/em><\/li>\n<\/ul>\n\n\n\n<ul class=\"wp-block-list\">\n<li>Enfermagem: <em>5 cargos vagos <\/em><\/li>\n<\/ul>\n<\/li>\n<\/ul>\n\n\n\n<h2 class=\"wp-block-heading\" id=\"ultimo-2021\">Concurso TCU: \u00faltimo edital para Auditor &#8211; 2021<\/h2>\n\n\n\n<p>O concurso mais recente do TCU foi publicado em <strong>2021<\/strong>, sob organiza\u00e7\u00e3o da Funda\u00e7\u00e3o Get\u00falio Vargas &#8211; <a href=\"https:\/\/conhecimento.fgv.br\/concursos\/tcu21\" target=\"_blank\" rel=\"noreferrer noopener\">FGV<\/a>. Foram ofertadas <strong>20 vagas<\/strong> mais forma\u00e7\u00e3o de cadastro reserva para o cargo de <strong>Auditor Federal de Controle Externo. <\/strong><\/p>\n\n\n\n<ul class=\"wp-block-list\">\n<li><strong>15 <\/strong>&#8211; vagas ampla concorr\u00eancia;<\/li>\n\n\n\n<li><strong>01 <\/strong>&#8211; vaga PcD;<\/li>\n\n\n\n<li><strong>04 &#8211;<\/strong> vagas negros.<\/li>\n<\/ul>\n\n\n\n<p>No total, foram registrados <strong>19.932 inscritos<\/strong>, uma concorr\u00eancia de aproximadamente 996 candidatos por vaga.<\/p>\n\n\n\n<h3 class=\"wp-block-heading\" id=\"etapas\">Etapas e provas<\/h3>\n\n\n\n<p>O concurso TCU <strong>foi constitu\u00eddo de duas etapas<\/strong>, sendo elas:<\/p>\n\n\n\n<ol class=\"wp-block-list\">\n<li><strong>Prova Objetiva e Prova Discursiva<\/strong> (eliminat\u00f3ria e classificat\u00f3ria); e<\/li>\n\n\n\n<li><strong>Programa de Forma\u00e7\u00e3o<\/strong> (eliminat\u00f3ria).<\/li>\n<\/ol>\n\n\n\n<h4 class=\"wp-block-heading\" id=\"objetiva\">Prova Objetiva<\/h4>\n\n\n\n<p>A Prova Objetiva, de car\u00e1ter eliminat\u00f3rio e classificat\u00f3rio, foi realizada em todas as capitais do pa\u00eds, no dia 13 de mar\u00e7o.<\/p>\n\n\n\n<p>Essa etapa foi composta por 100 quest\u00f5es, valendo um ponto cada quest\u00e3o, totalizando 100 pontos. Todas as quest\u00f5es tiveram 5 alternativas:<\/p>\n\n\n\n<figure class=\"wp-block-image aligncenter size-full\"><img loading=\"lazy\" decoding=\"async\" width=\"517\" height=\"345\" src=\"https:\/\/dhg1h5j42swfq.cloudfront.net\/2021\/10\/29095200\/image-525.png\" alt=\"Tabela de pontos e disciplinas da prova objetiva do \u00faltimo edital do concurso TCU\" class=\"wp-image-896899\" srcset=\"https:\/\/dhg1h5j42swfq.cloudfront.net\/2021\/10\/29095200\/image-525.png 517w, https:\/\/dhg1h5j42swfq.cloudfront.net\/2021\/10\/29095200\/image-525-300x200.png 300w\" sizes=\"auto, (max-width: 517px) 100vw, 517px\" \/><figcaption class=\"wp-element-caption\">Distribui\u00e7\u00e3o de pontos da prova objetiva concurso TCU<\/figcaption><\/figure>\n\n\n\n<h4 class=\"wp-block-heading\" id=\"discursiva\">Prova Discursiva<\/h4>\n\n\n\n<p>A Prova Discursiva, de car\u00e1ter eliminat\u00f3rio e classificat\u00f3rio, foi realizada em todas as capitais do pa\u00eds que contarem com candidatos aprovados na prova objetiva.<\/p>\n\n\n\n<p>Somente foram convocados para as provas discursivas os candidatos habilitados na Prova Objetiva. <\/p>\n\n\n\n<p>Essa etapa, totalizou 100 pontos, sendo constitu\u00edda de:<\/p>\n\n\n\n<ul class=\"wp-block-list\">\n<li><strong>P3:<\/strong>&nbsp;composta por 2 quest\u00f5es discursivas de conhecimentos gerais a serem respondidas em at\u00e9 20 linhas cada, valendo 15 pontos cada;<\/li>\n\n\n\n<li><strong>P4:<\/strong>&nbsp;composta por 2 quest\u00f5es discursivas de conhecimentos espec\u00edficos a serem respondidas em at\u00e9 20 linhas cada, valendo 15 pontos cada, e 1 reda\u00e7\u00e3o de pe\u00e7a de natureza t\u00e9cnica a ser elaborada em at\u00e9 50 linhas valendo 40 pontos.<\/li>\n<\/ul>\n\n\n\n<h4 class=\"wp-block-heading\" id=\"nota\">Concurso TCU: nota de corte<\/h4>\n\n\n\n<p>Abaixo, confira qual foi a nota de corte na primeira etapa do certame (prova objetiva e discursiva), considerando que a nota m\u00e1xima na soma das duas provas era de 200 pontos:<\/p>\n\n\n\n<figure class=\"wp-block-table is-style-stripes\"><table class=\"has-fixed-layout\"><thead><tr><th class=\"has-text-align-center\" data-align=\"center\">Coloca\u00e7\u00e3o<\/th><th class=\"has-text-align-center\" data-align=\"center\">Nota<\/th><\/tr><\/thead><tbody><tr><td class=\"has-text-align-center\" data-align=\"center\">15\u00ba &#8211; AC<\/td><td class=\"has-text-align-center\" data-align=\"center\">142.75 <strong>(71.37%)<\/strong><\/td><\/tr><tr><td class=\"has-text-align-center\" data-align=\"center\">1\u00ba &#8211; PcD<\/td><td class=\"has-text-align-center\" data-align=\"center\">126.5 <strong>(63.24%)<\/strong><\/td><\/tr><tr><td class=\"has-text-align-center\" data-align=\"center\">4\u00ba &#8211; Negros<\/td><td class=\"has-text-align-center\" data-align=\"center\">131.3 <strong>(65.65%)<\/strong><\/td><\/tr><\/tbody><\/table><figcaption class=\"wp-element-caption\"><em>Tabela com a nota de corte da primeira etapa do concurso TCU<\/em><\/figcaption><\/figure>\n\n\n\n<h4 class=\"wp-block-heading\" id=\"formacao\">Programa de Forma\u00e7\u00e3o do concurso TCU<\/h4>\n\n\n\n<p>O Programa de Forma\u00e7\u00e3o teve a dura\u00e7\u00e3o m\u00ednima prevista de 120 horas. O desempenho do candidato em cada disciplina foi aferido com base nas notas obtidas nas provas e atividades realizadas, que poderiam variar de zero a 100,00 pontos.<\/p>\n\n\n\n<p>A aprova\u00e7\u00e3o no Programa exigiu desempenho m\u00e9dio geral igual ou superior a <strong>60,00 pontos<\/strong> e desempenho em cada disciplina em que houvesse avalia\u00e7\u00e3o de rendimento igual ou superior a <strong>50,00 pontos<\/strong>, al\u00e9m de <strong>presen\u00e7a m\u00ednima de 75%<\/strong> em cada uma das disciplinas ministradas.<\/p>\n\n\n\n<p>O candidato faz jus a<strong> aux\u00edlio financeiro<\/strong>, na forma da legisla\u00e7\u00e3o vigente \u00e0 \u00e9poca de sua realiza\u00e7\u00e3o, sobre o qual incidem os descontos legais, ressalvado o direito de optar pela percep\u00e7\u00e3o do vencimento e das vantagens do cargo efetivo.<\/p>\n\n\n\n<h2 class=\"wp-block-heading\" id=\"nomeacoes\">Concurso TCU: nomea\u00e7\u00f5es dos \u00faltimos certames<\/h2>\n\n\n\n<p>Conforme informado pelo pr\u00f3prio TCU, o \u00faltimo concurso para <strong>Auditor <\/strong>(2021) teve <strong>223 <\/strong>candidatos nomeados. J\u00e1 para <strong>T\u00e9cnico<\/strong>, foram <strong>76 <\/strong>nomeados no concurso realizado em 2015.<\/p>\n\n\n\n<hr class=\"wp-block-separator has-css-opacity\"\/>\n\n\n\n<p class=\"has-text-align-center has-x-large-font-size\" id=\"cursos\"><strong>Quer estudar para o concurso TCU 2026?<\/strong><\/p>\n\n\n\n<div id=\"boxes\" class=\"container\">\n<div class=\"row\">\n<div class=\"col-sm\">\n<div id=\"box-assinatura\" class=\"banner-tcu-ec\">\n<h2 class=\"titulo-assinatura\">Concurso TCU<\/h2>\n<p class=\"subtitulo-assinatura\">Prepare-se para o Tribunal de Contas da Uni\u00e3o!<\/p>\n<div class=\"box-botao\"><a class=\"btn-assinatura\" role=\"button\" href=\"https:\/\/www.estrategiaconcursos.com.br\/cursosPorConcurso\/tcu-tecnico-federal-de-controle-externo-66\/\" target=\"_blank\" rel=\"noopener noreferrer\">VER CURSOS<\/a><\/div>\n<\/div>\n<\/div>\n<\/div>\n<\/div>\n\n\n\n<div id=\"boxes\" class=\"container\">\n<div class=\"row\">\n<div class=\"col-sm\">\n<div id=\"box-assinatura\" class=\"estrategia\">\n<h3 class=\"titulo-assinatura\">Assinatura Concursos<\/h3>\n<p class=\"subtitulo-assinatura\">Assinatura de 1 ano ou 2 anos<\/p>\n<div class=\"box-botao\"><a class=\"btn-assinatura\" role=\"button\" href=\"https:\/\/www.estrategiaconcursos.com.br\/assinaturas\/\" target=\"_blank\" rel=\"noopener noreferrer\">ASSINE AGORA<\/a><\/div>\n<\/div><\/div><\/div><\/div>\n\n\n\n<p class=\"has-text-align-center has-x-large-font-size\" id=\"h-quer-saber-tudo-sobre-concursos-previstos-confira-nossos-artigos\"><strong>Quer saber tudo sobre concursos previstos? Confira nossos artigos!<\/strong><\/p>\n\n\n\n<ul class=\"wp-block-list\">\n<li><a href=\"https:\/\/www.estrategiaconcursos.com.br\/blog\/concursos-abertos\/\" target=\"_blank\" rel=\"noreferrer noopener\">Concursos Abertos<\/a><\/li>\n\n\n\n<li><a href=\"https:\/\/www.estrategiaconcursos.com.br\/blog\/concursos-controle\/\" target=\"_blank\" rel=\"noreferrer noopener\">Concursos Controle<\/a><\/li>\n\n\n\n<li><a href=\"https:\/\/www.estrategiaconcursos.com.br\/blog\/concursos-2026\/\" target=\"_blank\" rel=\"noreferrer noopener\">Concursos 2026<\/a><\/li>\n<\/ul>\n\n\n\n<figure class=\"wp-block-image is-resized\"><img decoding=\"async\" src=\"https:\/\/dhg1h5j42swfq.cloudfront.net\/2021\/06\/23091447\/ficha-tecnica-5-1024x632.png\" alt=\"Informa\u00e7\u00f5es sobre o concurso TCU\" style=\"width:291px;height:179px\"\/><\/figure>\n\n\n\n<h3 class=\"wp-block-heading\" id=\"ficha\">Informa\u00e7\u00f5es do Concurso TCU &#8211; Auditor<\/h3>\n\n\n\n<ul class=\"wp-block-list\">\n<li><strong>Data da prova: <\/strong><s>22\/02\/2026<\/s><\/li>\n\n\n\n<li><strong style=\"color: initial;\">Vagas<\/strong><span style=\"color: initial;\">: 20 <\/span>+ CR<\/li>\n\n\n\n<li><strong>Cargos<\/strong>: Auditor Federal de Controle Externo &#8211; T.I.<\/li>\n\n\n\n<li><strong>Banca<\/strong>: Cebraspe<\/li>\n\n\n\n<li><strong>Escolaridade<\/strong>: n\u00edvel superior<\/li>\n\n\n\n<li><strong>Edital:<\/strong> <a href=\"https:\/\/dhg1h5j42swfq.cloudfront.net\/2025\/05\/23094615\/edital-tcu-2025-tecnico.pdf\" target=\"_blank\" rel=\"noreferrer noopener nofollow\">TCU T\u00e9cnico-2025<\/a><\/li>\n<\/ul>\n\n\n\n<h3 class=\"wp-block-heading\">Informa\u00e7\u00f5es do pr\u00f3ximo Concurso TCU &#8211; Auditor<\/h3>\n\n\n\n<ul class=\"wp-block-list\">\n<li><strong>Data prevista: <\/strong>2026<\/li>\n\n\n\n<li><strong style=\"color: initial;\">Vagas<\/strong><span style=\"color: initial;\">:<\/span> 100<\/li>\n\n\n\n<li><strong>Cargos<\/strong>: Auditor Federal de Controle Externo &#8211; Geral<\/li>\n\n\n\n<li><strong>Banca<\/strong>: a definir<\/li>\n\n\n\n<li><strong>Escolaridade<\/strong>: n\u00edvel superior<\/li>\n\n\n\n<li><strong>\u00daltimo edital: <\/strong><a href=\"https:\/\/dhg1h5j42swfq.cloudfront.net\/2021\/10\/29093942\/28-10-2021_edital_001-2021_abertura_concurso_tcu.pdf\" target=\"_blank\" rel=\"noreferrer noopener nofollow\">Edital Auditor-2021<\/a><\/li>\n<\/ul>\n\n\n\n<h3 class=\"wp-block-heading\">Informa\u00e7\u00f5es do \u00faltimo Concurso TCU &#8211; T\u00e9cnico<\/h3>\n\n\n\n<ul class=\"wp-block-list\">\n<li><strong>Ano: <\/strong>2025<\/li>\n\n\n\n<li><strong style=\"color: initial;\">Vagas<\/strong><span style=\"color: initial;\">: 60 + 40 CR <\/span><\/li>\n\n\n\n<li><strong>Cargos<\/strong>: T\u00e9cnico Federal de Controle Externo<\/li>\n\n\n\n<li><strong>Banca<\/strong>: Cebraspe<\/li>\n\n\n\n<li><strong>Escolaridade<\/strong>: n\u00edvel m\u00e9dio<\/li>\n\n\n\n<li><strong>Edita<\/strong>l: <a href=\"https:\/\/dhg1h5j42swfq.cloudfront.net\/2025\/05\/23094615\/edital-tcu-2025-tecnico.pdf\" target=\"_blank\" rel=\"noreferrer noopener nofollow\">TCU T\u00e9cnico-2025<\/a><\/li>\n<\/ul>\n\n\n\n<div class=\"schema-faq wp-block-yoast-faq-block\"><div class=\"schema-faq-section\" id=\"faq-question-1755187036121\"><strong class=\"schema-faq-question\">Quanto ganha um Auditor do TCU?<\/strong> <p class=\"schema-faq-answer\">O sal\u00e1rio de um Auditor Federal de Controle Externo do TCU, ap\u00f3s reestrutura\u00e7\u00e3o na carreira, passa a ser de \u00e9 R$ 27.564,25, valor que j\u00e1 inclui o vencimento b\u00e1sico e algumas gratifica\u00e7\u00f5es. Al\u00e9m desse valor, os servidores do tribunal recebem uma s\u00e9rie de benef\u00edcios que complementam a remunera\u00e7\u00e3o como informado neste artigo.<\/p> <\/div> <div class=\"schema-faq-section\" id=\"faq-question-1755187043001\"><strong class=\"schema-faq-question\">O que \u00e9 preciso para ser Auditor do TCU?<\/strong> <p class=\"schema-faq-answer\">Para ser Auditor Federal de Controle Externo do TCU, \u00e9 necess\u00e1rio ter um diploma de curso de n\u00edvel superior, em qualquer \u00e1rea de forma\u00e7\u00e3o, ou uma habilita\u00e7\u00e3o legal equivalente.<\/p> <\/div> <div class=\"schema-faq-section\" id=\"faq-question-1771415564684\"><strong class=\"schema-faq-question\">Cargo de T\u00e9cnico do TCU exige n\u00edvel m\u00e9dio ou superior?<\/strong> <p class=\"schema-faq-answer\">Ap\u00f3s reestrutura\u00e7\u00e3o na carreira, o cargo passa a exigir n\u00edvel superior de forma\u00e7\u00e3o.<\/p> <\/div> <\/div>\n","protected":false},"excerpt":{"rendered":"<p>O Concurso TCU tem o edital PUBLICADO! Al\u00e9m disso h\u00e1 um edital para T\u00e9cnico em  andamento  e outro edital previso para Auditor (geral) em 2026!<\/p>\n","protected":false},"author":656,"featured_media":698543,"comment_status":"open","ping_status":"closed","sticky":false,"template":"","format":"standard","meta":{"post_tipo":"news_page","footnotes":""},"categories":[214710],"tags":[],"tax_estado":[219963],"class_list":["post-124914","post","type-post","status-publish","format-standard","has-post-thumbnail","hentry","category-tribunais-de-contas","tax_estado-concursos-federais"],"acf":[],"yoast_head":"<!-- This site is optimized with the Yoast SEO Premium plugin v27.2 (Yoast SEO v27.2) - https:\/\/yoast.com\/product\/yoast-seo-premium-wordpress\/ -->\n<title>Concurso TCU 2026: novas convoca\u00e7\u00f5es divulgadas<\/title>\n<meta name=\"description\" content=\"Concurso TCU 2026: s\u00e3o oferecidas vagas para Auditor - TI com sal\u00e1rios iniciais de R$ 26 mil. Provas aplicadas e resultados divulgados!\" \/>\n<meta name=\"robots\" content=\"index, follow, max-snippet:-1, max-image-preview:large, max-video-preview:-1\" \/>\n<link rel=\"canonical\" href=\"https:\/\/www.estrategiaconcursos.com.br\/blog\/concurso-tcu\/\" \/>\n<meta property=\"og:locale\" content=\"pt_BR\" \/>\n<meta property=\"og:type\" content=\"article\" \/>\n<meta property=\"og:title\" content=\"Concurso TCU 2026: novas convoca\u00e7\u00f5es divulgadas\" \/>\n<meta property=\"og:description\" content=\"Concurso TCU 2026: s\u00e3o oferecidas vagas para Auditor - TI com sal\u00e1rios iniciais de R$ 26 mil. Provas aplicadas e resultados divulgados!\" \/>\n<meta property=\"og:url\" content=\"https:\/\/www.estrategiaconcursos.com.br\/blog\/concurso-tcu\/\" \/>\n<meta property=\"og:site_name\" content=\"Estrat\u00e9gia Concursos\" \/>\n<meta property=\"article:published_time\" content=\"2026-04-10T09:34:00+00:00\" \/>\n<meta property=\"article:modified_time\" content=\"2026-04-10T18:01:02+00:00\" \/>\n<meta property=\"og:image\" content=\"https:\/\/dhg1h5j42swfq.cloudfront.net\/2021\/01\/22155424\/tcu.jpg\" \/>\n\t<meta property=\"og:image:width\" content=\"1200\" \/>\n\t<meta property=\"og:image:height\" content=\"628\" \/>\n\t<meta property=\"og:image:type\" content=\"image\/jpeg\" \/>\n<meta name=\"author\" content=\"F\u00e1bio Scaldelai\" \/>\n<meta name=\"twitter:card\" content=\"summary_large_image\" \/>\n<meta name=\"twitter:creator\" content=\"@EstratConcursos\" \/>\n<meta name=\"twitter:site\" content=\"@EstratConcursos\" \/>\n<meta name=\"twitter:label1\" content=\"Escrito por\" \/>\n\t<meta name=\"twitter:data1\" content=\"F\u00e1bio Scaldelai\" \/>\n\t<meta name=\"twitter:label2\" content=\"Est. tempo de leitura\" \/>\n\t<meta name=\"twitter:data2\" content=\"8 minutos\" \/>\n<script type=\"application\/ld+json\" class=\"yoast-schema-graph\">{\"@context\":\"https:\/\/schema.org\",\"@graph\":[{\"@type\":\"NewsArticle\",\"@id\":\"https:\/\/www.estrategiaconcursos.com.br\/blog\/concurso-tcu\/#article\",\"isPartOf\":{\"@id\":\"https:\/\/www.estrategiaconcursos.com.br\/blog\/concurso-tcu\/\"},\"author\":{\"name\":\"F\u00e1bio Scaldelai\",\"@id\":\"https:\/\/www.estrategiaconcursos.com.br\/blog\/#\/schema\/person\/e3b6b7ce0192dd4ad270655969d61750\"},\"headline\":\"Concurso TCU 2026: novas convoca\u00e7\u00f5es divulgadas\",\"datePublished\":\"2026-04-10T09:34:00+00:00\",\"dateModified\":\"2026-04-10T18:01:02+00:00\",\"mainEntityOfPage\":{\"@id\":\"https:\/\/www.estrategiaconcursos.com.br\/blog\/concurso-tcu\/\"},\"wordCount\":3690,\"commentCount\":15,\"publisher\":{\"@id\":\"https:\/\/www.estrategiaconcursos.com.br\/blog\/#organization\"},\"image\":{\"@id\":\"https:\/\/www.estrategiaconcursos.com.br\/blog\/concurso-tcu\/#primaryimage\"},\"thumbnailUrl\":\"https:\/\/dhg1h5j42swfq.cloudfront.net\/2021\/01\/22155424\/tcu.jpg\",\"articleSection\":[\"Tribunais de Contas (TCU, TCE, TCM)\"],\"inLanguage\":\"pt-BR\",\"potentialAction\":[{\"@type\":\"CommentAction\",\"name\":\"Comment\",\"target\":[\"https:\/\/www.estrategiaconcursos.com.br\/blog\/concurso-tcu\/#respond\"]}],\"copyrightYear\":\"2026\",\"copyrightHolder\":{\"@id\":\"https:\/\/www.estrategiaconcursos.com.br\/blog\/#organization\"}},{\"@type\":[\"WebPage\",\"FAQPage\"],\"@id\":\"https:\/\/www.estrategiaconcursos.com.br\/blog\/concurso-tcu\/\",\"url\":\"https:\/\/www.estrategiaconcursos.com.br\/blog\/concurso-tcu\/\",\"name\":\"Concurso TCU 2026: novas convoca\u00e7\u00f5es divulgadas\",\"isPartOf\":{\"@id\":\"https:\/\/www.estrategiaconcursos.com.br\/blog\/#website\"},\"primaryImageOfPage\":{\"@id\":\"https:\/\/www.estrategiaconcursos.com.br\/blog\/concurso-tcu\/#primaryimage\"},\"image\":{\"@id\":\"https:\/\/www.estrategiaconcursos.com.br\/blog\/concurso-tcu\/#primaryimage\"},\"thumbnailUrl\":\"https:\/\/dhg1h5j42swfq.cloudfront.net\/2021\/01\/22155424\/tcu.jpg\",\"datePublished\":\"2026-04-10T09:34:00+00:00\",\"dateModified\":\"2026-04-10T18:01:02+00:00\",\"description\":\"Concurso TCU 2026: s\u00e3o oferecidas vagas para Auditor - TI com sal\u00e1rios iniciais de R$ 26 mil. Provas aplicadas e resultados divulgados!\",\"breadcrumb\":{\"@id\":\"https:\/\/www.estrategiaconcursos.com.br\/blog\/concurso-tcu\/#breadcrumb\"},\"mainEntity\":[{\"@id\":\"https:\/\/www.estrategiaconcursos.com.br\/blog\/concurso-tcu\/#faq-question-1755187036121\"},{\"@id\":\"https:\/\/www.estrategiaconcursos.com.br\/blog\/concurso-tcu\/#faq-question-1755187043001\"},{\"@id\":\"https:\/\/www.estrategiaconcursos.com.br\/blog\/concurso-tcu\/#faq-question-1771415564684\"}],\"inLanguage\":\"pt-BR\",\"potentialAction\":[{\"@type\":\"ReadAction\",\"target\":[\"https:\/\/www.estrategiaconcursos.com.br\/blog\/concurso-tcu\/\"]}]},{\"@type\":\"ImageObject\",\"inLanguage\":\"pt-BR\",\"@id\":\"https:\/\/www.estrategiaconcursos.com.br\/blog\/concurso-tcu\/#primaryimage\",\"url\":\"https:\/\/dhg1h5j42swfq.cloudfront.net\/2021\/01\/22155424\/tcu.jpg\",\"contentUrl\":\"https:\/\/dhg1h5j42swfq.cloudfront.net\/2021\/01\/22155424\/tcu.jpg\",\"width\":1200,\"height\":628,\"caption\":\"Concurso TCU t\u00e9cnico\"},{\"@type\":\"BreadcrumbList\",\"@id\":\"https:\/\/www.estrategiaconcursos.com.br\/blog\/concurso-tcu\/#breadcrumb\",\"itemListElement\":[{\"@type\":\"ListItem\",\"position\":1,\"name\":\"In\u00edcio\",\"item\":\"https:\/\/www.estrategiaconcursos.com.br\/blog\/\"},{\"@type\":\"ListItem\",\"position\":2,\"name\":\"Concurso TCU 2026: novas convoca\u00e7\u00f5es divulgadas\"}]},{\"@type\":\"WebSite\",\"@id\":\"https:\/\/www.estrategiaconcursos.com.br\/blog\/#website\",\"url\":\"https:\/\/www.estrategiaconcursos.com.br\/blog\/\",\"name\":\"Estrat\u00e9gia Concursos\",\"description\":\"O blog da Estrat\u00e9gia Concursos traz not\u00edcias sobre concursos e artigos de professores oferecendo cursos para concursos (pdf + videaulas) no site.\",\"publisher\":{\"@id\":\"https:\/\/www.estrategiaconcursos.com.br\/blog\/#organization\"},\"potentialAction\":[{\"@type\":\"SearchAction\",\"target\":{\"@type\":\"EntryPoint\",\"urlTemplate\":\"https:\/\/www.estrategiaconcursos.com.br\/blog\/?s={search_term_string}\"},\"query-input\":{\"@type\":\"PropertyValueSpecification\",\"valueRequired\":true,\"valueName\":\"search_term_string\"}}],\"inLanguage\":\"pt-BR\"},{\"@type\":\"Organization\",\"@id\":\"https:\/\/www.estrategiaconcursos.com.br\/blog\/#organization\",\"name\":\"Estrat\u00e9gia Concursos\",\"url\":\"https:\/\/www.estrategiaconcursos.com.br\/blog\/\",\"logo\":{\"@type\":\"ImageObject\",\"inLanguage\":\"pt-BR\",\"@id\":\"https:\/\/www.estrategiaconcursos.com.br\/blog\/#\/schema\/logo\/image\/\",\"url\":\"https:\/\/dhg1h5j42swfq.cloudfront.net\/2025\/06\/03203428\/logo_concursos-1.jpg\",\"contentUrl\":\"https:\/\/dhg1h5j42swfq.cloudfront.net\/2025\/06\/03203428\/logo_concursos-1.jpg\",\"width\":230,\"height\":60,\"caption\":\"Estrat\u00e9gia Concursos\"},\"image\":{\"@id\":\"https:\/\/www.estrategiaconcursos.com.br\/blog\/#\/schema\/logo\/image\/\"},\"sameAs\":[\"https:\/\/x.com\/EstratConcursos\"]},{\"@type\":\"Person\",\"@id\":\"https:\/\/www.estrategiaconcursos.com.br\/blog\/#\/schema\/person\/e3b6b7ce0192dd4ad270655969d61750\",\"name\":\"F\u00e1bio Scaldelai\",\"image\":{\"@type\":\"ImageObject\",\"inLanguage\":\"pt-BR\",\"@id\":\"https:\/\/secure.gravatar.com\/avatar\/8ed7492c4d88d8495bc0cb24cda6847b8ae23eec459a919e08e77d0ca0fd79ec?s=96&d=mm&r=g\",\"url\":\"https:\/\/secure.gravatar.com\/avatar\/8ed7492c4d88d8495bc0cb24cda6847b8ae23eec459a919e08e77d0ca0fd79ec?s=96&d=mm&r=g\",\"contentUrl\":\"https:\/\/secure.gravatar.com\/avatar\/8ed7492c4d88d8495bc0cb24cda6847b8ae23eec459a919e08e77d0ca0fd79ec?s=96&d=mm&r=g\",\"caption\":\"F\u00e1bio Scaldelai\"},\"description\":\"Jornalista no Estrat\u00e9gia Concursos e Produtor de Televis\u00e3o, formado em Jornalismo, R\u00e1dio e TV pela Faculdade Integrada Rio Branco, com especializa\u00e7\u00f5es em Gest\u00e3o Empresarial e Marketing pelo M\u00f3dulo. Atuou como produtor no SBT, TV Bandeirantes e R\u00e1dio Band FM, al\u00e9m de acumular tr\u00eas anos de experi\u00eancia no setor de concursos p\u00fablicos pela LFG (Luiz Fl\u00e1vio Gomes). No Estrat\u00e9gia Concursos, atua na apura\u00e7\u00e3o de not\u00edcias da \u00e1rea fiscal, al\u00e9m de coberturas sobre concursos das \u00e1reas de controle (TCU, TCE, etc), concurso AFT, \u00e1rea de gest\u00e3o e administrativa, bem como dos \u00f3rg\u00e3os participantes do CNU. Tamb\u00e9m possui experi\u00eancia em link building e an\u00e1lise de m\u00eddia, adquirida durante sua atua\u00e7\u00e3o na ag\u00eancia SEO Marketing.\",\"url\":\"https:\/\/www.estrategiaconcursos.com.br\/blog\/author\/fabio-scaldelaiestrategiaconcursos-com-br\/\"},{\"@type\":\"Question\",\"@id\":\"https:\/\/www.estrategiaconcursos.com.br\/blog\/concurso-tcu\/#faq-question-1755187036121\",\"position\":1,\"url\":\"https:\/\/www.estrategiaconcursos.com.br\/blog\/concurso-tcu\/#faq-question-1755187036121\",\"name\":\"Quanto ganha um Auditor do TCU?\",\"answerCount\":1,\"acceptedAnswer\":{\"@type\":\"Answer\",\"text\":\"O sal\u00e1rio de um Auditor Federal de Controle Externo do TCU, ap\u00f3s reestrutura\u00e7\u00e3o na carreira, passa a ser de \u00e9 R$ 27.564,25, valor que j\u00e1 inclui o vencimento b\u00e1sico e algumas gratifica\u00e7\u00f5es. Al\u00e9m desse valor, os servidores do tribunal recebem uma s\u00e9rie de benef\u00edcios que complementam a remunera\u00e7\u00e3o como informado neste artigo.\",\"inLanguage\":\"pt-BR\"},\"inLanguage\":\"pt-BR\"},{\"@type\":\"Question\",\"@id\":\"https:\/\/www.estrategiaconcursos.com.br\/blog\/concurso-tcu\/#faq-question-1755187043001\",\"position\":2,\"url\":\"https:\/\/www.estrategiaconcursos.com.br\/blog\/concurso-tcu\/#faq-question-1755187043001\",\"name\":\"O que \u00e9 preciso para ser Auditor do TCU?\",\"answerCount\":1,\"acceptedAnswer\":{\"@type\":\"Answer\",\"text\":\"Para ser Auditor Federal de Controle Externo do TCU, \u00e9 necess\u00e1rio ter um diploma de curso de n\u00edvel superior, em qualquer \u00e1rea de forma\u00e7\u00e3o, ou uma habilita\u00e7\u00e3o legal equivalente.\",\"inLanguage\":\"pt-BR\"},\"inLanguage\":\"pt-BR\"},{\"@type\":\"Question\",\"@id\":\"https:\/\/www.estrategiaconcursos.com.br\/blog\/concurso-tcu\/#faq-question-1771415564684\",\"position\":3,\"url\":\"https:\/\/www.estrategiaconcursos.com.br\/blog\/concurso-tcu\/#faq-question-1771415564684\",\"name\":\"Cargo de T\u00e9cnico do TCU exige n\u00edvel m\u00e9dio ou superior?\",\"answerCount\":1,\"acceptedAnswer\":{\"@type\":\"Answer\",\"text\":\"Ap\u00f3s reestrutura\u00e7\u00e3o na carreira, o cargo passa a exigir n\u00edvel superior de forma\u00e7\u00e3o.\",\"inLanguage\":\"pt-BR\"},\"inLanguage\":\"pt-BR\"}]}<\/script>\n<!-- \/ Yoast SEO Premium plugin. -->","yoast_head_json":{"title":"Concurso TCU 2026: novas convoca\u00e7\u00f5es divulgadas","description":"Concurso TCU 2026: s\u00e3o oferecidas vagas para Auditor - TI com sal\u00e1rios iniciais de R$ 26 mil. Provas aplicadas e resultados divulgados!","robots":{"index":"index","follow":"follow","max-snippet":"max-snippet:-1","max-image-preview":"max-image-preview:large","max-video-preview":"max-video-preview:-1"},"canonical":"https:\/\/www.estrategiaconcursos.com.br\/blog\/concurso-tcu\/","og_locale":"pt_BR","og_type":"article","og_title":"Concurso TCU 2026: novas convoca\u00e7\u00f5es divulgadas","og_description":"Concurso TCU 2026: s\u00e3o oferecidas vagas para Auditor - TI com sal\u00e1rios iniciais de R$ 26 mil. Provas aplicadas e resultados divulgados!","og_url":"https:\/\/www.estrategiaconcursos.com.br\/blog\/concurso-tcu\/","og_site_name":"Estrat\u00e9gia Concursos","article_published_time":"2026-04-10T09:34:00+00:00","article_modified_time":"2026-04-10T18:01:02+00:00","og_image":[{"width":1200,"height":628,"url":"https:\/\/dhg1h5j42swfq.cloudfront.net\/2021\/01\/22155424\/tcu.jpg","type":"image\/jpeg"}],"author":"F\u00e1bio Scaldelai","twitter_card":"summary_large_image","twitter_creator":"@EstratConcursos","twitter_site":"@EstratConcursos","twitter_misc":{"Escrito por":"F\u00e1bio Scaldelai","Est. tempo de leitura":"8 minutos"},"schema":{"@context":"https:\/\/schema.org","@graph":[{"@type":"NewsArticle","@id":"https:\/\/www.estrategiaconcursos.com.br\/blog\/concurso-tcu\/#article","isPartOf":{"@id":"https:\/\/www.estrategiaconcursos.com.br\/blog\/concurso-tcu\/"},"author":{"name":"F\u00e1bio Scaldelai","@id":"https:\/\/www.estrategiaconcursos.com.br\/blog\/#\/schema\/person\/e3b6b7ce0192dd4ad270655969d61750"},"headline":"Concurso TCU 2026: novas convoca\u00e7\u00f5es divulgadas","datePublished":"2026-04-10T09:34:00+00:00","dateModified":"2026-04-10T18:01:02+00:00","mainEntityOfPage":{"@id":"https:\/\/www.estrategiaconcursos.com.br\/blog\/concurso-tcu\/"},"wordCount":3690,"commentCount":15,"publisher":{"@id":"https:\/\/www.estrategiaconcursos.com.br\/blog\/#organization"},"image":{"@id":"https:\/\/www.estrategiaconcursos.com.br\/blog\/concurso-tcu\/#primaryimage"},"thumbnailUrl":"https:\/\/dhg1h5j42swfq.cloudfront.net\/2021\/01\/22155424\/tcu.jpg","articleSection":["Tribunais de Contas (TCU, TCE, TCM)"],"inLanguage":"pt-BR","potentialAction":[{"@type":"CommentAction","name":"Comment","target":["https:\/\/www.estrategiaconcursos.com.br\/blog\/concurso-tcu\/#respond"]}],"copyrightYear":"2026","copyrightHolder":{"@id":"https:\/\/www.estrategiaconcursos.com.br\/blog\/#organization"}},{"@type":["WebPage","FAQPage"],"@id":"https:\/\/www.estrategiaconcursos.com.br\/blog\/concurso-tcu\/","url":"https:\/\/www.estrategiaconcursos.com.br\/blog\/concurso-tcu\/","name":"Concurso TCU 2026: novas convoca\u00e7\u00f5es divulgadas","isPartOf":{"@id":"https:\/\/www.estrategiaconcursos.com.br\/blog\/#website"},"primaryImageOfPage":{"@id":"https:\/\/www.estrategiaconcursos.com.br\/blog\/concurso-tcu\/#primaryimage"},"image":{"@id":"https:\/\/www.estrategiaconcursos.com.br\/blog\/concurso-tcu\/#primaryimage"},"thumbnailUrl":"https:\/\/dhg1h5j42swfq.cloudfront.net\/2021\/01\/22155424\/tcu.jpg","datePublished":"2026-04-10T09:34:00+00:00","dateModified":"2026-04-10T18:01:02+00:00","description":"Concurso TCU 2026: s\u00e3o oferecidas vagas para Auditor - TI com sal\u00e1rios iniciais de R$ 26 mil. Provas aplicadas e resultados divulgados!","breadcrumb":{"@id":"https:\/\/www.estrategiaconcursos.com.br\/blog\/concurso-tcu\/#breadcrumb"},"mainEntity":[{"@id":"https:\/\/www.estrategiaconcursos.com.br\/blog\/concurso-tcu\/#faq-question-1755187036121"},{"@id":"https:\/\/www.estrategiaconcursos.com.br\/blog\/concurso-tcu\/#faq-question-1755187043001"},{"@id":"https:\/\/www.estrategiaconcursos.com.br\/blog\/concurso-tcu\/#faq-question-1771415564684"}],"inLanguage":"pt-BR","potentialAction":[{"@type":"ReadAction","target":["https:\/\/www.estrategiaconcursos.com.br\/blog\/concurso-tcu\/"]}]},{"@type":"ImageObject","inLanguage":"pt-BR","@id":"https:\/\/www.estrategiaconcursos.com.br\/blog\/concurso-tcu\/#primaryimage","url":"https:\/\/dhg1h5j42swfq.cloudfront.net\/2021\/01\/22155424\/tcu.jpg","contentUrl":"https:\/\/dhg1h5j42swfq.cloudfront.net\/2021\/01\/22155424\/tcu.jpg","width":1200,"height":628,"caption":"Concurso TCU t\u00e9cnico"},{"@type":"BreadcrumbList","@id":"https:\/\/www.estrategiaconcursos.com.br\/blog\/concurso-tcu\/#breadcrumb","itemListElement":[{"@type":"ListItem","position":1,"name":"In\u00edcio","item":"https:\/\/www.estrategiaconcursos.com.br\/blog\/"},{"@type":"ListItem","position":2,"name":"Concurso TCU 2026: novas convoca\u00e7\u00f5es divulgadas"}]},{"@type":"WebSite","@id":"https:\/\/www.estrategiaconcursos.com.br\/blog\/#website","url":"https:\/\/www.estrategiaconcursos.com.br\/blog\/","name":"Estrat\u00e9gia Concursos","description":"O blog da Estrat\u00e9gia Concursos traz not\u00edcias sobre concursos e artigos de professores oferecendo cursos para concursos (pdf + videaulas) no site.","publisher":{"@id":"https:\/\/www.estrategiaconcursos.com.br\/blog\/#organization"},"potentialAction":[{"@type":"SearchAction","target":{"@type":"EntryPoint","urlTemplate":"https:\/\/www.estrategiaconcursos.com.br\/blog\/?s={search_term_string}"},"query-input":{"@type":"PropertyValueSpecification","valueRequired":true,"valueName":"search_term_string"}}],"inLanguage":"pt-BR"},{"@type":"Organization","@id":"https:\/\/www.estrategiaconcursos.com.br\/blog\/#organization","name":"Estrat\u00e9gia Concursos","url":"https:\/\/www.estrategiaconcursos.com.br\/blog\/","logo":{"@type":"ImageObject","inLanguage":"pt-BR","@id":"https:\/\/www.estrategiaconcursos.com.br\/blog\/#\/schema\/logo\/image\/","url":"https:\/\/dhg1h5j42swfq.cloudfront.net\/2025\/06\/03203428\/logo_concursos-1.jpg","contentUrl":"https:\/\/dhg1h5j42swfq.cloudfront.net\/2025\/06\/03203428\/logo_concursos-1.jpg","width":230,"height":60,"caption":"Estrat\u00e9gia Concursos"},"image":{"@id":"https:\/\/www.estrategiaconcursos.com.br\/blog\/#\/schema\/logo\/image\/"},"sameAs":["https:\/\/x.com\/EstratConcursos"]},{"@type":"Person","@id":"https:\/\/www.estrategiaconcursos.com.br\/blog\/#\/schema\/person\/e3b6b7ce0192dd4ad270655969d61750","name":"F\u00e1bio Scaldelai","image":{"@type":"ImageObject","inLanguage":"pt-BR","@id":"https:\/\/secure.gravatar.com\/avatar\/8ed7492c4d88d8495bc0cb24cda6847b8ae23eec459a919e08e77d0ca0fd79ec?s=96&d=mm&r=g","url":"https:\/\/secure.gravatar.com\/avatar\/8ed7492c4d88d8495bc0cb24cda6847b8ae23eec459a919e08e77d0ca0fd79ec?s=96&d=mm&r=g","contentUrl":"https:\/\/secure.gravatar.com\/avatar\/8ed7492c4d88d8495bc0cb24cda6847b8ae23eec459a919e08e77d0ca0fd79ec?s=96&d=mm&r=g","caption":"F\u00e1bio Scaldelai"},"description":"Jornalista no Estrat\u00e9gia Concursos e Produtor de Televis\u00e3o, formado em Jornalismo, R\u00e1dio e TV pela Faculdade Integrada Rio Branco, com especializa\u00e7\u00f5es em Gest\u00e3o Empresarial e Marketing pelo M\u00f3dulo. Atuou como produtor no SBT, TV Bandeirantes e R\u00e1dio Band FM, al\u00e9m de acumular tr\u00eas anos de experi\u00eancia no setor de concursos p\u00fablicos pela LFG (Luiz Fl\u00e1vio Gomes). No Estrat\u00e9gia Concursos, atua na apura\u00e7\u00e3o de not\u00edcias da \u00e1rea fiscal, al\u00e9m de coberturas sobre concursos das \u00e1reas de controle (TCU, TCE, etc), concurso AFT, \u00e1rea de gest\u00e3o e administrativa, bem como dos \u00f3rg\u00e3os participantes do CNU. Tamb\u00e9m possui experi\u00eancia em link building e an\u00e1lise de m\u00eddia, adquirida durante sua atua\u00e7\u00e3o na ag\u00eancia SEO Marketing.","url":"https:\/\/www.estrategiaconcursos.com.br\/blog\/author\/fabio-scaldelaiestrategiaconcursos-com-br\/"},{"@type":"Question","@id":"https:\/\/www.estrategiaconcursos.com.br\/blog\/concurso-tcu\/#faq-question-1755187036121","position":1,"url":"https:\/\/www.estrategiaconcursos.com.br\/blog\/concurso-tcu\/#faq-question-1755187036121","name":"Quanto ganha um Auditor do TCU?","answerCount":1,"acceptedAnswer":{"@type":"Answer","text":"O sal\u00e1rio de um Auditor Federal de Controle Externo do TCU, ap\u00f3s reestrutura\u00e7\u00e3o na carreira, passa a ser de \u00e9 R$ 27.564,25, valor que j\u00e1 inclui o vencimento b\u00e1sico e algumas gratifica\u00e7\u00f5es. Al\u00e9m desse valor, os servidores do tribunal recebem uma s\u00e9rie de benef\u00edcios que complementam a remunera\u00e7\u00e3o como informado neste artigo.","inLanguage":"pt-BR"},"inLanguage":"pt-BR"},{"@type":"Question","@id":"https:\/\/www.estrategiaconcursos.com.br\/blog\/concurso-tcu\/#faq-question-1755187043001","position":2,"url":"https:\/\/www.estrategiaconcursos.com.br\/blog\/concurso-tcu\/#faq-question-1755187043001","name":"O que \u00e9 preciso para ser Auditor do TCU?","answerCount":1,"acceptedAnswer":{"@type":"Answer","text":"Para ser Auditor Federal de Controle Externo do TCU, \u00e9 necess\u00e1rio ter um diploma de curso de n\u00edvel superior, em qualquer \u00e1rea de forma\u00e7\u00e3o, ou uma habilita\u00e7\u00e3o legal equivalente.","inLanguage":"pt-BR"},"inLanguage":"pt-BR"},{"@type":"Question","@id":"https:\/\/www.estrategiaconcursos.com.br\/blog\/concurso-tcu\/#faq-question-1771415564684","position":3,"url":"https:\/\/www.estrategiaconcursos.com.br\/blog\/concurso-tcu\/#faq-question-1771415564684","name":"Cargo de T\u00e9cnico do TCU exige n\u00edvel m\u00e9dio ou superior?","answerCount":1,"acceptedAnswer":{"@type":"Answer","text":"Ap\u00f3s reestrutura\u00e7\u00e3o na carreira, o cargo passa a exigir n\u00edvel superior de forma\u00e7\u00e3o.","inLanguage":"pt-BR"},"inLanguage":"pt-BR"}]}},"_links":{"self":[{"href":"https:\/\/www.estrategiaconcursos.com.br\/blog\/wp-json\/wp\/v2\/posts\/124914","targetHints":{"allow":["GET"]}}],"collection":[{"href":"https:\/\/www.estrategiaconcursos.com.br\/blog\/wp-json\/wp\/v2\/posts"}],"about":[{"href":"https:\/\/www.estrategiaconcursos.com.br\/blog\/wp-json\/wp\/v2\/types\/post"}],"author":[{"embeddable":true,"href":"https:\/\/www.estrategiaconcursos.com.br\/blog\/wp-json\/wp\/v2\/users\/656"}],"replies":[{"embeddable":true,"href":"https:\/\/www.estrategiaconcursos.com.br\/blog\/wp-json\/wp\/v2\/comments?post=124914"}],"version-history":[{"count":608,"href":"https:\/\/www.estrategiaconcursos.com.br\/blog\/wp-json\/wp\/v2\/posts\/124914\/revisions"}],"predecessor-version":[{"id":1751734,"href":"https:\/\/www.estrategiaconcursos.com.br\/blog\/wp-json\/wp\/v2\/posts\/124914\/revisions\/1751734"}],"wp:featuredmedia":[{"embeddable":true,"href":"https:\/\/www.estrategiaconcursos.com.br\/blog\/wp-json\/wp\/v2\/media\/698543"}],"wp:attachment":[{"href":"https:\/\/www.estrategiaconcursos.com.br\/blog\/wp-json\/wp\/v2\/media?parent=124914"}],"wp:term":[{"taxonomy":"category","embeddable":true,"href":"https:\/\/www.estrategiaconcursos.com.br\/blog\/wp-json\/wp\/v2\/categories?post=124914"},{"taxonomy":"post_tag","embeddable":true,"href":"https:\/\/www.estrategiaconcursos.com.br\/blog\/wp-json\/wp\/v2\/tags?post=124914"},{"taxonomy":"tax_estado","embeddable":true,"href":"https:\/\/www.estrategiaconcursos.com.br\/blog\/wp-json\/wp\/v2\/tax_estado?post=124914"}],"curies":[{"name":"wp","href":"https:\/\/api.w.org\/{rel}","templated":true}]}}