{"id":124786,"date":"2018-06-06T16:20:09","date_gmt":"2018-06-06T19:20:09","guid":{"rendered":"https:\/\/www.estrategiaconcursos.com.br\/blog\/?p=124786"},"modified":"2018-06-07T18:16:02","modified_gmt":"2018-06-07T21:16:02","slug":"alesp-teto-salarial-sp","status":"publish","type":"post","link":"https:\/\/www.estrategiaconcursos.com.br\/blog\/alesp-teto-salarial-sp\/","title":{"rendered":"ALESP aprova PEC que aumenta o teto salarial de servidores estaduais e municipais"},"content":{"rendered":"<p><span style=\"color: #000000;\"><strong><em><span style=\"font-size: 18pt;\">Teto salarial de SP chegar\u00e1 a R$ 30 mil at\u00e9 2022<\/span><\/em><\/strong><\/span><\/p>\n<p><span style=\"color: #000000;\">A Assembleia Legislativa do Estado de S\u00e3o Paulo (ALESP) aprovou, em segundo turno, a Proposta de Emenda Constitucional (PEC) N\u00ba 05\/2016, que aumenta o teto salarial dos servidores p\u00fablicos estaduais e municipais.<\/span><\/p>\n<p><span style=\"color: #000000;\">A PEC prop\u00f4s alterar o inciso XII do artigo 115 da Constitui\u00e7\u00e3o do Estado de S\u00e3o Paulo, fixava o teto remunerat\u00f3rio dos servidores dos tr\u00eas poderes.<\/span><\/p>\n<p><span style=\"color: #000000;\">A reda\u00e7\u00e3o antiga limitada a remunera\u00e7\u00e3o dos servidores dos tr\u00eas poderes aos subs\u00eddios recebidos pelo Governador do Estado (Executivo), pelos Deputados Federais (Legislativo) e pelos Desembargadores do Tribunal de Justi\u00e7a (Judici\u00e1rio).<\/span><\/p>\n<p><span style=\"color: #000000;\">Mais detalhada, a nova reda\u00e7\u00e3o do inciso XII do artigo 115 da Constitui\u00e7\u00e3o paulista fixou um\u00a0<strong><em>teto \u00fanico<\/em><\/strong>, que passa a ser o subs\u00eddio dos Desembargadores do Tribunal de Justi\u00e7a de S\u00e3o Paulo.<\/span><\/p>\n<blockquote><p><span style=\"color: #000000;\">Art. 115, XII \u2013 para efeitos do disposto no \u00a7 12 do artigo 37 da Constitui\u00e7\u00e3o Federal, fica fixado como limite \u00fanico da remunera\u00e7\u00e3o, subs\u00eddio, proventos, pens\u00f5es ou outra esp\u00e9cie remunerat\u00f3ria, no \u00e2mbito do <strong><em>Estado de S\u00e3o Paulo e seus munic\u00edpios<\/em><\/strong>, abrangendo os <strong><em>Poderes Judici\u00e1rio, Legislativos e Executivos, o Minist\u00e9rio P\u00fablico, a Defensoria P\u00fablica e os Tribunais de Contas<\/em><\/strong>,<em><strong><span style=\"text-decoration: underline;\"> o valor do subs\u00eddio mensal dos Desembargadores do Tribunal de Justi\u00e7a deste Estado<\/span><\/strong><\/em>, n\u00e3o se aplicando o disposto neste inciso aos subs\u00eddios dos <strong>Deputados Estaduais e Vereadores.<\/strong><\/span><\/p><\/blockquote>\n<p><span style=\"color: #000000;\">O teto salarial aplica-se aos servidores dos tr\u00eas poderes do Estado de S\u00e3o Paulo e de seus munic\u00edpios, o Minist\u00e9rio P\u00fablico, a Defensoria p\u00fablica e os Tribunais de Contas.<\/span><\/p>\n<p><span style=\"color: #000000;\">Carreiras como a dos Auditores Fiscais e pesquisadores passam a ser beneficiadas pela medida. A PEC foi aprovada em primeiro turno em abril deste ano. Em segundo turno, a proposta recebeu 67 votos favor\u00e1veis e 4 contr\u00e1rios.<\/span><\/p>\n<p><span style=\"color: #000000;\">A institui\u00e7\u00e3o do novo teto salarial em S\u00e3o Paulo ser\u00e1 feita de forma progressiva e dever\u00e1 ser conclu\u00edda at\u00e9 2022. Com a medida, o limite da remunera\u00e7\u00e3o percebida pelos servidores do Executivo vai dos atuais R$ 21 mil para at\u00e9 R$ 30 mil no fim da implementa\u00e7\u00e3o.<\/span><\/p>\n<p><span style=\"color: #000000;\">De acordo com a PEC, os aumentos com base no subs\u00eddio dos Desembargadores dever\u00e1 ser implementado seguindo estas propor\u00e7\u00f5es: 71% at\u00e9 2019, 80% em 2020, 90% em 2021 e 100% at\u00e9 2022.<\/span><\/p>\n<p><span style=\"color: #000000;\">A promulga\u00e7\u00e3o da emenda ainda n\u00e3o foi publicada no Di\u00e1rio Oficial do Estado de S\u00e3o Paulo.<\/span> <a href=\"https:\/\/www.estrategiaconcursos.com.br\/blog\/wp-content\/uploads\/2018\/06\/PEC-5-2016.pdf\">Clique aqui para ler a \u00edntegra da PEC<\/a>.<\/p>\n","protected":false},"excerpt":{"rendered":"<p>Teto salarial de SP chegar\u00e1 a R$ 30 mil at\u00e9 2022 A Assembleia Legislativa do Estado de S\u00e3o Paulo (ALESP) aprovou, em segundo turno, a Proposta de Emenda Constitucional (PEC) N\u00ba 05\/2016, que aumenta o teto salarial dos servidores p\u00fablicos estaduais e municipais. A PEC prop\u00f4s alterar o inciso XII do artigo 115 da Constitui\u00e7\u00e3o [&hellip;]<\/p>\n","protected":false},"author":1,"featured_media":124795,"comment_status":"open","ping_status":"closed","sticky":false,"template":"","format":"standard","meta":{"post_tipo":"news","footnotes":""},"categories":[1],"tags":[],"tax_estado":[],"class_list":["post-124786","post","type-post","status-publish","format-standard","has-post-thumbnail","hentry","category-cursos-e-concursos"],"acf":[],"yoast_head":"<!-- This site is optimized with the Yoast SEO Premium plugin v27.2 (Yoast SEO v27.2) - https:\/\/yoast.com\/product\/yoast-seo-premium-wordpress\/ -->\n<title>ALESP aprova PEC que aumenta teto salarial de servidores<\/title>\n<meta name=\"description\" content=\"A Assembleia Legislativa do Estado de S\u00e3o Paulo (ALESP) aprovou o aumento do teto salarial de servidores do Estado e de munic\u00edpios em quatro anos.\" \/>\n<meta name=\"robots\" content=\"index, follow, max-snippet:-1, max-image-preview:large, max-video-preview:-1\" \/>\n<link rel=\"canonical\" href=\"https:\/\/www.estrategiaconcursos.com.br\/blog\/alesp-teto-salarial-sp\/\" \/>\n<meta property=\"og:locale\" content=\"pt_BR\" \/>\n<meta property=\"og:type\" content=\"article\" \/>\n<meta property=\"og:title\" content=\"ALESP aprova PEC que aumenta o teto salarial de servidores estaduais e municipais\" \/>\n<meta property=\"og:description\" content=\"A Assembleia Legislativa do Estado de S\u00e3o Paulo (ALESP) aprovou o aumento do teto salarial de servidores do Estado e de munic\u00edpios em quatro anos.\" \/>\n<meta property=\"og:url\" content=\"https:\/\/www.estrategiaconcursos.com.br\/blog\/alesp-teto-salarial-sp\/\" \/>\n<meta property=\"og:site_name\" content=\"Estrat\u00e9gia Concursos\" \/>\n<meta property=\"article:author\" content=\"https:\/\/www.facebook.com\/EstrategiaConcursos\" \/>\n<meta property=\"article:published_time\" content=\"2018-06-06T19:20:09+00:00\" \/>\n<meta property=\"article:modified_time\" content=\"2018-06-07T21:16:02+00:00\" \/>\n<meta property=\"og:image\" content=\"https:\/\/dhg1h5j42swfq.cloudfront.net\/2018\/06\/07091715\/TETO-SALARIAL-SP.jpg\" \/>\n\t<meta property=\"og:image:width\" content=\"696\" \/>\n\t<meta property=\"og:image:height\" content=\"390\" \/>\n\t<meta property=\"og:image:type\" content=\"image\/jpeg\" \/>\n<meta name=\"author\" content=\"Coordena\u00e7\u00e3o\" \/>\n<meta name=\"twitter:card\" content=\"summary_large_image\" \/>\n<meta name=\"twitter:creator\" content=\"@EstratConcursos\" \/>\n<meta name=\"twitter:site\" content=\"@EstratConcursos\" \/>\n<meta name=\"twitter:label1\" content=\"Escrito por\" \/>\n\t<meta name=\"twitter:data1\" content=\"Coordena\u00e7\u00e3o\" \/>\n\t<meta name=\"twitter:label2\" content=\"Est. tempo de leitura\" \/>\n\t<meta name=\"twitter:data2\" content=\"2 minutos\" \/>\n<script type=\"application\/ld+json\" class=\"yoast-schema-graph\">{\"@context\":\"https:\/\/schema.org\",\"@graph\":[{\"@type\":\"NewsArticle\",\"@id\":\"https:\/\/www.estrategiaconcursos.com.br\/blog\/alesp-teto-salarial-sp\/#article\",\"isPartOf\":{\"@id\":\"https:\/\/www.estrategiaconcursos.com.br\/blog\/alesp-teto-salarial-sp\/\"},\"author\":{\"name\":\"Coordena\u00e7\u00e3o\",\"@id\":\"https:\/\/www.estrategiaconcursos.com.br\/blog\/#\/schema\/person\/b4a388c97673c5f483d72185668afa1f\"},\"headline\":\"ALESP aprova PEC que aumenta o teto salarial de servidores estaduais e municipais\",\"datePublished\":\"2018-06-06T19:20:09+00:00\",\"dateModified\":\"2018-06-07T21:16:02+00:00\",\"mainEntityOfPage\":{\"@id\":\"https:\/\/www.estrategiaconcursos.com.br\/blog\/alesp-teto-salarial-sp\/\"},\"wordCount\":431,\"commentCount\":0,\"publisher\":{\"@id\":\"https:\/\/www.estrategiaconcursos.com.br\/blog\/#organization\"},\"image\":{\"@id\":\"https:\/\/www.estrategiaconcursos.com.br\/blog\/alesp-teto-salarial-sp\/#primaryimage\"},\"thumbnailUrl\":\"https:\/\/dhg1h5j42swfq.cloudfront.net\/2018\/06\/07091715\/TETO-SALARIAL-SP.jpg\",\"articleSection\":[\"Concursos P\u00fablicos\"],\"inLanguage\":\"pt-BR\",\"potentialAction\":[{\"@type\":\"CommentAction\",\"name\":\"Comment\",\"target\":[\"https:\/\/www.estrategiaconcursos.com.br\/blog\/alesp-teto-salarial-sp\/#respond\"]}],\"copyrightYear\":\"2018\",\"copyrightHolder\":{\"@id\":\"https:\/\/www.estrategiaconcursos.com.br\/blog\/#organization\"}},{\"@type\":\"WebPage\",\"@id\":\"https:\/\/www.estrategiaconcursos.com.br\/blog\/alesp-teto-salarial-sp\/\",\"url\":\"https:\/\/www.estrategiaconcursos.com.br\/blog\/alesp-teto-salarial-sp\/\",\"name\":\"ALESP aprova PEC que aumenta teto salarial de servidores\",\"isPartOf\":{\"@id\":\"https:\/\/www.estrategiaconcursos.com.br\/blog\/#website\"},\"primaryImageOfPage\":{\"@id\":\"https:\/\/www.estrategiaconcursos.com.br\/blog\/alesp-teto-salarial-sp\/#primaryimage\"},\"image\":{\"@id\":\"https:\/\/www.estrategiaconcursos.com.br\/blog\/alesp-teto-salarial-sp\/#primaryimage\"},\"thumbnailUrl\":\"https:\/\/dhg1h5j42swfq.cloudfront.net\/2018\/06\/07091715\/TETO-SALARIAL-SP.jpg\",\"datePublished\":\"2018-06-06T19:20:09+00:00\",\"dateModified\":\"2018-06-07T21:16:02+00:00\",\"description\":\"A Assembleia Legislativa do Estado de S\u00e3o Paulo (ALESP) aprovou o aumento do teto salarial de servidores do Estado e de munic\u00edpios em quatro anos.\",\"breadcrumb\":{\"@id\":\"https:\/\/www.estrategiaconcursos.com.br\/blog\/alesp-teto-salarial-sp\/#breadcrumb\"},\"inLanguage\":\"pt-BR\",\"potentialAction\":[{\"@type\":\"ReadAction\",\"target\":[\"https:\/\/www.estrategiaconcursos.com.br\/blog\/alesp-teto-salarial-sp\/\"]}]},{\"@type\":\"ImageObject\",\"inLanguage\":\"pt-BR\",\"@id\":\"https:\/\/www.estrategiaconcursos.com.br\/blog\/alesp-teto-salarial-sp\/#primaryimage\",\"url\":\"https:\/\/dhg1h5j42swfq.cloudfront.net\/2018\/06\/07091715\/TETO-SALARIAL-SP.jpg\",\"contentUrl\":\"https:\/\/dhg1h5j42swfq.cloudfront.net\/2018\/06\/07091715\/TETO-SALARIAL-SP.jpg\",\"width\":696,\"height\":390,\"caption\":\"teto salarial sp\"},{\"@type\":\"BreadcrumbList\",\"@id\":\"https:\/\/www.estrategiaconcursos.com.br\/blog\/alesp-teto-salarial-sp\/#breadcrumb\",\"itemListElement\":[{\"@type\":\"ListItem\",\"position\":1,\"name\":\"In\u00edcio\",\"item\":\"https:\/\/www.estrategiaconcursos.com.br\/blog\/\"},{\"@type\":\"ListItem\",\"position\":2,\"name\":\"ALESP aprova PEC que aumenta o teto salarial de servidores estaduais e municipais\"}]},{\"@type\":\"WebSite\",\"@id\":\"https:\/\/www.estrategiaconcursos.com.br\/blog\/#website\",\"url\":\"https:\/\/www.estrategiaconcursos.com.br\/blog\/\",\"name\":\"Estrat\u00e9gia Concursos\",\"description\":\"O blog da Estrat\u00e9gia Concursos traz not\u00edcias sobre concursos e artigos de professores oferecendo cursos para concursos (pdf + videaulas) no site.\",\"publisher\":{\"@id\":\"https:\/\/www.estrategiaconcursos.com.br\/blog\/#organization\"},\"potentialAction\":[{\"@type\":\"SearchAction\",\"target\":{\"@type\":\"EntryPoint\",\"urlTemplate\":\"https:\/\/www.estrategiaconcursos.com.br\/blog\/?s={search_term_string}\"},\"query-input\":{\"@type\":\"PropertyValueSpecification\",\"valueRequired\":true,\"valueName\":\"search_term_string\"}}],\"inLanguage\":\"pt-BR\"},{\"@type\":\"Organization\",\"@id\":\"https:\/\/www.estrategiaconcursos.com.br\/blog\/#organization\",\"name\":\"Estrat\u00e9gia Concursos\",\"url\":\"https:\/\/www.estrategiaconcursos.com.br\/blog\/\",\"logo\":{\"@type\":\"ImageObject\",\"inLanguage\":\"pt-BR\",\"@id\":\"https:\/\/www.estrategiaconcursos.com.br\/blog\/#\/schema\/logo\/image\/\",\"url\":\"https:\/\/dhg1h5j42swfq.cloudfront.net\/2025\/06\/03203428\/logo_concursos-1.jpg\",\"contentUrl\":\"https:\/\/dhg1h5j42swfq.cloudfront.net\/2025\/06\/03203428\/logo_concursos-1.jpg\",\"width\":230,\"height\":60,\"caption\":\"Estrat\u00e9gia Concursos\"},\"image\":{\"@id\":\"https:\/\/www.estrategiaconcursos.com.br\/blog\/#\/schema\/logo\/image\/\"},\"sameAs\":[\"https:\/\/x.com\/EstratConcursos\"]},{\"@type\":\"Person\",\"@id\":\"https:\/\/www.estrategiaconcursos.com.br\/blog\/#\/schema\/person\/b4a388c97673c5f483d72185668afa1f\",\"name\":\"Coordena\u00e7\u00e3o\",\"image\":{\"@type\":\"ImageObject\",\"inLanguage\":\"pt-BR\",\"@id\":\"https:\/\/secure.gravatar.com\/avatar\/b720319e4c9a967eb58678d110f4fe35452fc5d5f97b202bac7b8acceb18c6ad?s=96&d=mm&r=g\",\"url\":\"https:\/\/secure.gravatar.com\/avatar\/b720319e4c9a967eb58678d110f4fe35452fc5d5f97b202bac7b8acceb18c6ad?s=96&d=mm&r=g\",\"contentUrl\":\"https:\/\/secure.gravatar.com\/avatar\/b720319e4c9a967eb58678d110f4fe35452fc5d5f97b202bac7b8acceb18c6ad?s=96&d=mm&r=g\",\"caption\":\"Coordena\u00e7\u00e3o\"},\"sameAs\":[\"https:\/\/www.facebook.com\/EstrategiaConcursos\",\"https:\/\/x.com\/EstratConcursos\"],\"url\":\"https:\/\/www.estrategiaconcursos.com.br\/blog\/author\/estrategia2013\/\"}]}<\/script>\n<!-- \/ Yoast SEO Premium plugin. -->","yoast_head_json":{"title":"ALESP aprova PEC que aumenta teto salarial de servidores","description":"A Assembleia Legislativa do Estado de S\u00e3o Paulo (ALESP) aprovou o aumento do teto salarial de servidores do Estado e de munic\u00edpios em quatro anos.","robots":{"index":"index","follow":"follow","max-snippet":"max-snippet:-1","max-image-preview":"max-image-preview:large","max-video-preview":"max-video-preview:-1"},"canonical":"https:\/\/www.estrategiaconcursos.com.br\/blog\/alesp-teto-salarial-sp\/","og_locale":"pt_BR","og_type":"article","og_title":"ALESP aprova PEC que aumenta o teto salarial de servidores estaduais e municipais","og_description":"A Assembleia Legislativa do Estado de S\u00e3o Paulo (ALESP) aprovou o aumento do teto salarial de servidores do Estado e de munic\u00edpios em quatro anos.","og_url":"https:\/\/www.estrategiaconcursos.com.br\/blog\/alesp-teto-salarial-sp\/","og_site_name":"Estrat\u00e9gia Concursos","article_author":"https:\/\/www.facebook.com\/EstrategiaConcursos","article_published_time":"2018-06-06T19:20:09+00:00","article_modified_time":"2018-06-07T21:16:02+00:00","og_image":[{"width":696,"height":390,"url":"https:\/\/dhg1h5j42swfq.cloudfront.net\/2018\/06\/07091715\/TETO-SALARIAL-SP.jpg","type":"image\/jpeg"}],"author":"Coordena\u00e7\u00e3o","twitter_card":"summary_large_image","twitter_creator":"@EstratConcursos","twitter_site":"@EstratConcursos","twitter_misc":{"Escrito por":"Coordena\u00e7\u00e3o","Est. tempo de leitura":"2 minutos"},"schema":{"@context":"https:\/\/schema.org","@graph":[{"@type":"NewsArticle","@id":"https:\/\/www.estrategiaconcursos.com.br\/blog\/alesp-teto-salarial-sp\/#article","isPartOf":{"@id":"https:\/\/www.estrategiaconcursos.com.br\/blog\/alesp-teto-salarial-sp\/"},"author":{"name":"Coordena\u00e7\u00e3o","@id":"https:\/\/www.estrategiaconcursos.com.br\/blog\/#\/schema\/person\/b4a388c97673c5f483d72185668afa1f"},"headline":"ALESP aprova PEC que aumenta o teto salarial de servidores estaduais e municipais","datePublished":"2018-06-06T19:20:09+00:00","dateModified":"2018-06-07T21:16:02+00:00","mainEntityOfPage":{"@id":"https:\/\/www.estrategiaconcursos.com.br\/blog\/alesp-teto-salarial-sp\/"},"wordCount":431,"commentCount":0,"publisher":{"@id":"https:\/\/www.estrategiaconcursos.com.br\/blog\/#organization"},"image":{"@id":"https:\/\/www.estrategiaconcursos.com.br\/blog\/alesp-teto-salarial-sp\/#primaryimage"},"thumbnailUrl":"https:\/\/dhg1h5j42swfq.cloudfront.net\/2018\/06\/07091715\/TETO-SALARIAL-SP.jpg","articleSection":["Concursos P\u00fablicos"],"inLanguage":"pt-BR","potentialAction":[{"@type":"CommentAction","name":"Comment","target":["https:\/\/www.estrategiaconcursos.com.br\/blog\/alesp-teto-salarial-sp\/#respond"]}],"copyrightYear":"2018","copyrightHolder":{"@id":"https:\/\/www.estrategiaconcursos.com.br\/blog\/#organization"}},{"@type":"WebPage","@id":"https:\/\/www.estrategiaconcursos.com.br\/blog\/alesp-teto-salarial-sp\/","url":"https:\/\/www.estrategiaconcursos.com.br\/blog\/alesp-teto-salarial-sp\/","name":"ALESP aprova PEC que aumenta teto salarial de servidores","isPartOf":{"@id":"https:\/\/www.estrategiaconcursos.com.br\/blog\/#website"},"primaryImageOfPage":{"@id":"https:\/\/www.estrategiaconcursos.com.br\/blog\/alesp-teto-salarial-sp\/#primaryimage"},"image":{"@id":"https:\/\/www.estrategiaconcursos.com.br\/blog\/alesp-teto-salarial-sp\/#primaryimage"},"thumbnailUrl":"https:\/\/dhg1h5j42swfq.cloudfront.net\/2018\/06\/07091715\/TETO-SALARIAL-SP.jpg","datePublished":"2018-06-06T19:20:09+00:00","dateModified":"2018-06-07T21:16:02+00:00","description":"A Assembleia Legislativa do Estado de S\u00e3o Paulo (ALESP) aprovou o aumento do teto salarial de servidores do Estado e de munic\u00edpios em quatro anos.","breadcrumb":{"@id":"https:\/\/www.estrategiaconcursos.com.br\/blog\/alesp-teto-salarial-sp\/#breadcrumb"},"inLanguage":"pt-BR","potentialAction":[{"@type":"ReadAction","target":["https:\/\/www.estrategiaconcursos.com.br\/blog\/alesp-teto-salarial-sp\/"]}]},{"@type":"ImageObject","inLanguage":"pt-BR","@id":"https:\/\/www.estrategiaconcursos.com.br\/blog\/alesp-teto-salarial-sp\/#primaryimage","url":"https:\/\/dhg1h5j42swfq.cloudfront.net\/2018\/06\/07091715\/TETO-SALARIAL-SP.jpg","contentUrl":"https:\/\/dhg1h5j42swfq.cloudfront.net\/2018\/06\/07091715\/TETO-SALARIAL-SP.jpg","width":696,"height":390,"caption":"teto salarial sp"},{"@type":"BreadcrumbList","@id":"https:\/\/www.estrategiaconcursos.com.br\/blog\/alesp-teto-salarial-sp\/#breadcrumb","itemListElement":[{"@type":"ListItem","position":1,"name":"In\u00edcio","item":"https:\/\/www.estrategiaconcursos.com.br\/blog\/"},{"@type":"ListItem","position":2,"name":"ALESP aprova PEC que aumenta o teto salarial de servidores estaduais e municipais"}]},{"@type":"WebSite","@id":"https:\/\/www.estrategiaconcursos.com.br\/blog\/#website","url":"https:\/\/www.estrategiaconcursos.com.br\/blog\/","name":"Estrat\u00e9gia Concursos","description":"O blog da Estrat\u00e9gia Concursos traz not\u00edcias sobre concursos e artigos de professores oferecendo cursos para concursos (pdf + videaulas) no site.","publisher":{"@id":"https:\/\/www.estrategiaconcursos.com.br\/blog\/#organization"},"potentialAction":[{"@type":"SearchAction","target":{"@type":"EntryPoint","urlTemplate":"https:\/\/www.estrategiaconcursos.com.br\/blog\/?s={search_term_string}"},"query-input":{"@type":"PropertyValueSpecification","valueRequired":true,"valueName":"search_term_string"}}],"inLanguage":"pt-BR"},{"@type":"Organization","@id":"https:\/\/www.estrategiaconcursos.com.br\/blog\/#organization","name":"Estrat\u00e9gia Concursos","url":"https:\/\/www.estrategiaconcursos.com.br\/blog\/","logo":{"@type":"ImageObject","inLanguage":"pt-BR","@id":"https:\/\/www.estrategiaconcursos.com.br\/blog\/#\/schema\/logo\/image\/","url":"https:\/\/dhg1h5j42swfq.cloudfront.net\/2025\/06\/03203428\/logo_concursos-1.jpg","contentUrl":"https:\/\/dhg1h5j42swfq.cloudfront.net\/2025\/06\/03203428\/logo_concursos-1.jpg","width":230,"height":60,"caption":"Estrat\u00e9gia Concursos"},"image":{"@id":"https:\/\/www.estrategiaconcursos.com.br\/blog\/#\/schema\/logo\/image\/"},"sameAs":["https:\/\/x.com\/EstratConcursos"]},{"@type":"Person","@id":"https:\/\/www.estrategiaconcursos.com.br\/blog\/#\/schema\/person\/b4a388c97673c5f483d72185668afa1f","name":"Coordena\u00e7\u00e3o","image":{"@type":"ImageObject","inLanguage":"pt-BR","@id":"https:\/\/secure.gravatar.com\/avatar\/b720319e4c9a967eb58678d110f4fe35452fc5d5f97b202bac7b8acceb18c6ad?s=96&d=mm&r=g","url":"https:\/\/secure.gravatar.com\/avatar\/b720319e4c9a967eb58678d110f4fe35452fc5d5f97b202bac7b8acceb18c6ad?s=96&d=mm&r=g","contentUrl":"https:\/\/secure.gravatar.com\/avatar\/b720319e4c9a967eb58678d110f4fe35452fc5d5f97b202bac7b8acceb18c6ad?s=96&d=mm&r=g","caption":"Coordena\u00e7\u00e3o"},"sameAs":["https:\/\/www.facebook.com\/EstrategiaConcursos","https:\/\/x.com\/EstratConcursos"],"url":"https:\/\/www.estrategiaconcursos.com.br\/blog\/author\/estrategia2013\/"}]}},"_links":{"self":[{"href":"https:\/\/www.estrategiaconcursos.com.br\/blog\/wp-json\/wp\/v2\/posts\/124786","targetHints":{"allow":["GET"]}}],"collection":[{"href":"https:\/\/www.estrategiaconcursos.com.br\/blog\/wp-json\/wp\/v2\/posts"}],"about":[{"href":"https:\/\/www.estrategiaconcursos.com.br\/blog\/wp-json\/wp\/v2\/types\/post"}],"author":[{"embeddable":true,"href":"https:\/\/www.estrategiaconcursos.com.br\/blog\/wp-json\/wp\/v2\/users\/1"}],"replies":[{"embeddable":true,"href":"https:\/\/www.estrategiaconcursos.com.br\/blog\/wp-json\/wp\/v2\/comments?post=124786"}],"version-history":[{"count":7,"href":"https:\/\/www.estrategiaconcursos.com.br\/blog\/wp-json\/wp\/v2\/posts\/124786\/revisions"}],"predecessor-version":[{"id":124811,"href":"https:\/\/www.estrategiaconcursos.com.br\/blog\/wp-json\/wp\/v2\/posts\/124786\/revisions\/124811"}],"wp:featuredmedia":[{"embeddable":true,"href":"https:\/\/www.estrategiaconcursos.com.br\/blog\/wp-json\/wp\/v2\/media\/124795"}],"wp:attachment":[{"href":"https:\/\/www.estrategiaconcursos.com.br\/blog\/wp-json\/wp\/v2\/media?parent=124786"}],"wp:term":[{"taxonomy":"category","embeddable":true,"href":"https:\/\/www.estrategiaconcursos.com.br\/blog\/wp-json\/wp\/v2\/categories?post=124786"},{"taxonomy":"post_tag","embeddable":true,"href":"https:\/\/www.estrategiaconcursos.com.br\/blog\/wp-json\/wp\/v2\/tags?post=124786"},{"taxonomy":"tax_estado","embeddable":true,"href":"https:\/\/www.estrategiaconcursos.com.br\/blog\/wp-json\/wp\/v2\/tax_estado?post=124786"}],"curies":[{"name":"wp","href":"https:\/\/api.w.org\/{rel}","templated":true}]}}