{"id":1247470,"date":"2023-07-12T17:21:22","date_gmt":"2023-07-12T20:21:22","guid":{"rendered":"https:\/\/www.estrategiaconcursos.com.br\/blog\/?p=1247470"},"modified":"2023-07-12T17:21:25","modified_gmt":"2023-07-12T20:21:25","slug":"concurso-ibama-cargos-e-vagas-previstos","status":"publish","type":"post","link":"https:\/\/www.estrategiaconcursos.com.br\/blog\/concurso-ibama-cargos-e-vagas-previstos\/","title":{"rendered":"Confira os cargos e vagas previstos para o concurso IBAMA!"},"content":{"rendered":"\n<p>Um novo concurso IBAMA j\u00e1 foi confirmado e pode ofertar mais de 2 mil vagas para cargos que exigem n\u00edvel superior de forma\u00e7\u00e3o!<\/p>\n\n\n\n<p>Isso porque, foi enviada uma solicita\u00e7\u00e3o para preenchimento de 2.408 vagas sendo <strong>1.503 para Analista Ambiental<\/strong> e<strong> 905 para Analista Administrativo<\/strong>.<\/p>\n\n\n\n<figure class=\"wp-block-image aligncenter size-full\"><img loading=\"lazy\" decoding=\"async\" width=\"930\" height=\"524\" src=\"https:\/\/dhg1h5j42swfq.cloudfront.net\/2022\/06\/30102147\/ibama-sede.jpg\" alt=\"concurso IBAMA cargos\" class=\"wp-image-1052988\" srcset=\"https:\/\/dhg1h5j42swfq.cloudfront.net\/2022\/06\/30102147\/ibama-sede.jpg 930w, https:\/\/dhg1h5j42swfq.cloudfront.net\/2022\/06\/30102147\/ibama-sede-300x169.jpg 300w, https:\/\/dhg1h5j42swfq.cloudfront.net\/2022\/06\/30102147\/ibama-sede-768x433.jpg 768w, https:\/\/dhg1h5j42swfq.cloudfront.net\/2022\/06\/30102147\/ibama-sede-610x344.jpg 610w\" sizes=\"auto, (max-width: 930px) 100vw, 930px\" \/><figcaption class=\"wp-element-caption\">Novo edital IBAMA pode ofertar at\u00e9 2.408 vagas<\/figcaption><\/figure>\n\n\n\n<p><em>Confira tudo sobre os cargos previstos no pr\u00f3ximo concurso IBAMA abaixo:<\/em><\/p>\n\n\n\n<h3 class=\"wp-block-heading\">Analista Ambiental<\/h3>\n\n\n\n<p>O cargo de analista ambiental exige n\u00edvel superior de forma\u00e7\u00e3o em qualquer \u00e1rea e tem remunera\u00e7\u00e3o inicial de <strong>R$ 8.817,70<\/strong>, conforme o\u00a0<a href=\"https:\/\/dhg1h5j42swfq.cloudfront.net\/2023\/05\/02105450\/2023_04_28_assinado_do1_extra_b.pdf\" target=\"_blank\" rel=\"noreferrer noopener nofollow\">reajuste salarial de 9%<\/a>\u00a0dos servidores do executivo federal. <\/p>\n\n\n\n<p>Um Analista Ambiental deve:<\/p>\n\n\n\n<ul class=\"wp-block-list\">\n<li> Realizar todas as atividades administrativas e log\u00edsticas relativas ao exerc\u00edcio das compet\u00eancias constitucionais e legais a cargo do Ibama.<\/li>\n<\/ul>\n\n\n\n<h3 class=\"wp-block-heading\">Analista Administrativo<\/h3>\n\n\n\n<p>Assim como o cargo de Analista Ambiental, os aprovados para Analista Administrativo tamb\u00e9m receber\u00e3o <strong>R$ 8.817,70<\/strong> e precisar\u00e3o de forma\u00e7\u00e3o em n\u00edvel superior.<\/p>\n\n\n\n<p>O que difere os dois cargos \u00e9 a atribui\u00e7\u00e3o de cada fun\u00e7\u00e3o. \u00c9 dever de um analista administrativo:<\/p>\n\n\n\n<ul class=\"wp-block-list\">\n<li>Exercer as atividades de planejamento ambiental, organizacional e estrat\u00e9gico afetos \u00e0 execu\u00e7\u00e3o das pol\u00edticas nacionais de meio ambiente formuladas no \u00e2mbito da Uni\u00e3o, em especial as que se relacionem com as seguintes atividades: regula\u00e7\u00e3o, controle, fiscaliza\u00e7\u00e3o, licenciamento e auditoria ambiental; monitoramento ambiental; gest\u00e3o, prote\u00e7\u00e3o e controle da qualidade ambiental; ordenamento dos recursos florestais e pesqueiros; conserva\u00e7\u00e3o dos ecossistemas e das esp\u00e9cies neles inseridas, incluindo seu manejo e prote\u00e7\u00e3o; e est\u00edmulo e difus\u00e3o de tecnologias, informa\u00e7\u00e3o e educa\u00e7\u00e3o ambientais <\/li>\n<\/ul>\n\n\n\n<p class=\"has-text-align-center\"><em>Para saber mais informa\u00e7\u00f5es sobre o pr\u00f3ximo concurso\u00a0<a href=\"https:\/\/www.gov.br\/ibama\/pt-br\" target=\"_blank\" rel=\"noreferrer noopener\">IBAMA<\/a>,  acesse o artigo completo e exclusivo<\/em>:<\/p>\n\n\n\n<p class=\"has-text-align-center has-background has-medium-font-size\" style=\"background-color:#d9e7f4\">Saiba mais: <a href=\"https:\/\/www.estrategiaconcursos.com.br\/blog\/concurso-ibama\/\" target=\"_blank\" rel=\"noreferrer noopener\">Concurso IBAMA<\/a><\/p>\n\n\n\n<figure class=\"wp-block-image aligncenter\"><a href=\"https:\/\/www.estrategiaconcursos.com.br\/blog\/semana-nacional-dos-concursos-publicos-2023\/\" target=\"_blank\" rel=\"noreferrer noopener\"><img loading=\"lazy\" decoding=\"async\" width=\"848\" height=\"270\" src=\"https:\/\/dhg1h5j42swfq.cloudfront.net\/2023\/06\/22115257\/image-274.png\" alt=\"\" class=\"wp-image-1237164\" srcset=\"https:\/\/dhg1h5j42swfq.cloudfront.net\/2023\/06\/22115257\/image-274.png 848w, https:\/\/dhg1h5j42swfq.cloudfront.net\/2023\/06\/22115257\/image-274-300x96.png 300w, https:\/\/dhg1h5j42swfq.cloudfront.net\/2023\/06\/22115257\/image-274-768x245.png 768w, https:\/\/dhg1h5j42swfq.cloudfront.net\/2023\/06\/22115257\/image-274-610x194.png 610w, https:\/\/dhg1h5j42swfq.cloudfront.net\/2023\/06\/22115257\/image-274-150x48.png 150w\" sizes=\"auto, (max-width: 848px) 100vw, 848px\" \/><\/a><figcaption class=\"wp-element-caption\"><strong><a href=\"https:\/\/www.estrategiaconcursos.com.br\/blog\/semana-nacional-dos-concursos-publicos-2023\/\" target=\"_blank\" rel=\"noreferrer noopener\">Semana Nacional dos Concursos P\u00fablicos &#8211; at\u00e9 31\/07<\/a><\/strong><\/figcaption><\/figure>\n\n\n\n<h2 class=\"wp-block-heading has-text-align-center\" id=\"cursos-assinatura\"><em>Quer estudar para concurso Ibama?<\/em><\/h2>\n\n\n\n<div class=\"container\" id=\"boxes\">\n  <div class=\"row\">\n\n    <div class=\"col-sm\">\n      <div class=\"banner-estrategia\" id=\"box-assinatura\">\n        <h3 class=\"titulo-assinatura\">Cursos para IBAMA<\/h3>\n        <p class=\"subtitulo-assinatura\">Estude conosco<\/p>\n        <div class=\"box-botao\">\n          <a class=\"btn-assinatura\" target=\"_blank\" href=\"https:\/\/www.estrategiaconcursos.com.br\/cursosPorConcurso\/ibama-analista-61\/\" role=\"button\" rel=\"noopener noreferrer\">Conhe\u00e7a os cursos<\/a>\n        <\/div>\n      <\/div>\n     \n    <\/div>\n\n  <\/div>\n<\/div>\n\n\n\n<div class=\"container\" id=\"boxes\">\n  <div class=\"row\">\n\n    <div class=\"col-sm\">\n      <div class=\"estrategia\" id=\"box-assinatura\">\n        <h3 class=\"titulo-assinatura\">Assinatura Concursos<\/h3>\n        <p class=\"subtitulo-assinatura\">Assinatura de 1 ano ou 2 anos<\/p>\n        <div class=\"box-botao\">\n          <a class=\"btn-assinatura\" target=\"_blank\" href=\"https:\/\/www.estrategiaconcursos.com.br\/assinaturas\/\" role=\"button\" rel=\"noopener noreferrer\">ASSINE AGORA<\/a>\n        <\/div>\n      <\/div><\/div><\/div><\/div>\n\n\n\n<h2 class=\"wp-block-heading has-text-align-center\" id=\"quer-saber-tudo-sobre-concursos-previstos-confira-nossos-artigos\">Quer saber tudo sobre concursos previstos?<br \/>Confira nossos artigos!<\/h2>\n\n\n\n<ul class=\"wp-block-list\">\n<li><a target=\"_blank\" href=\"https:\/\/www.estrategiaconcursos.com.br\/blog\/concursos-abertos\/\" rel=\"noreferrer noopener\">Concursos abertos<\/a><\/li>\n\n\n\n<li><a href=\"https:\/\/www.estrategiaconcursos.com.br\/blog\/concursos-2023\/\" target=\"_blank\" rel=\"noreferrer noopener\">Concursos 2023<\/a><\/li>\n\n\n\n<li><a href=\"https:\/\/www.estrategiaconcursos.com.br\/blog\/concursos-2024\/\" target=\"_blank\" rel=\"noreferrer noopener\">Concursos 2024<\/a><\/li>\n<\/ul>\n","protected":false},"excerpt":{"rendered":"<p>Um novo concurso IBAMA j\u00e1 foi confirmado e pode ofertar mais de 2 mil vagas para cargos que exigem n\u00edvel superior de forma\u00e7\u00e3o! Isso porque, foi enviada uma solicita\u00e7\u00e3o para preenchimento de 2.408 vagas sendo 1.503 para Analista Ambiental e 905 para Analista Administrativo. Confira tudo sobre os cargos previstos no pr\u00f3ximo concurso IBAMA abaixo: [&hellip;]<\/p>\n","protected":false},"author":2496,"featured_media":951975,"comment_status":"open","ping_status":"closed","sticky":false,"template":"","format":"standard","meta":{"post_tipo":"news","footnotes":""},"categories":[214992,220219],"tags":[],"tax_estado":[219963],"class_list":["post-1247470","post","type-post","status-publish","format-standard","has-post-thumbnail","hentry","category-concursos-administrativos","category-noticias","tax_estado-concursos-federais"],"acf":[],"yoast_head":"<!-- This site is optimized with the Yoast SEO Premium plugin v27.2 (Yoast SEO v27.2) - https:\/\/yoast.com\/product\/yoast-seo-premium-wordpress\/ -->\n<title>Confira os cargos e vagas previstos para o concurso IBAMA!<\/title>\n<meta name=\"description\" content=\"Quer saber quais os cargos e vagas previstos para o pr\u00f3ximo concurso IBAMA? Acesse o artigo e confira os detalhes!\" \/>\n<meta name=\"robots\" content=\"index, follow, max-snippet:-1, max-image-preview:large, max-video-preview:-1\" \/>\n<link rel=\"canonical\" href=\"https:\/\/www.estrategiaconcursos.com.br\/blog\/concurso-ibama-cargos-e-vagas-previstos\/\" \/>\n<meta property=\"og:locale\" content=\"pt_BR\" \/>\n<meta property=\"og:type\" content=\"article\" \/>\n<meta property=\"og:title\" content=\"Confira os cargos e vagas previstos para o concurso IBAMA!\" \/>\n<meta property=\"og:description\" content=\"Quer saber quais os cargos e vagas previstos para o pr\u00f3ximo concurso IBAMA? Acesse o artigo e confira os detalhes!\" \/>\n<meta property=\"og:url\" content=\"https:\/\/www.estrategiaconcursos.com.br\/blog\/concurso-ibama-cargos-e-vagas-previstos\/\" \/>\n<meta property=\"og:site_name\" content=\"Estrat\u00e9gia Concursos\" \/>\n<meta property=\"article:published_time\" content=\"2023-07-12T20:21:22+00:00\" \/>\n<meta property=\"article:modified_time\" content=\"2023-07-12T20:21:25+00:00\" \/>\n<meta property=\"og:image\" content=\"https:\/\/dhg1h5j42swfq.cloudfront.net\/2022\/01\/21150137\/ibama-1.jpg\" \/>\n\t<meta property=\"og:image:width\" content=\"300\" \/>\n\t<meta property=\"og:image:height\" content=\"168\" \/>\n\t<meta property=\"og:image:type\" content=\"image\/jpeg\" \/>\n<meta name=\"author\" content=\"Lu\u00eds Henrique Koliski Taguchi\" \/>\n<meta name=\"twitter:card\" content=\"summary_large_image\" \/>\n<meta name=\"twitter:creator\" content=\"@EstratConcursos\" \/>\n<meta name=\"twitter:site\" content=\"@EstratConcursos\" \/>\n<meta name=\"twitter:label1\" content=\"Escrito por\" \/>\n\t<meta name=\"twitter:data1\" content=\"Lu\u00eds Henrique Koliski Taguchi\" \/>\n\t<meta name=\"twitter:label2\" content=\"Est. tempo de leitura\" \/>\n\t<meta name=\"twitter:data2\" content=\"2 minutos\" \/>\n<script type=\"application\/ld+json\" class=\"yoast-schema-graph\">{\"@context\":\"https:\/\/schema.org\",\"@graph\":[{\"@type\":\"NewsArticle\",\"@id\":\"https:\/\/www.estrategiaconcursos.com.br\/blog\/concurso-ibama-cargos-e-vagas-previstos\/#article\",\"isPartOf\":{\"@id\":\"https:\/\/www.estrategiaconcursos.com.br\/blog\/concurso-ibama-cargos-e-vagas-previstos\/\"},\"author\":{\"name\":\"Lu\u00eds Henrique Koliski Taguchi\",\"@id\":\"https:\/\/www.estrategiaconcursos.com.br\/blog\/#\/schema\/person\/4796f784535bea69338c17360e24ca86\"},\"headline\":\"Confira os cargos e vagas previstos para o concurso IBAMA!\",\"datePublished\":\"2023-07-12T20:21:22+00:00\",\"dateModified\":\"2023-07-12T20:21:25+00:00\",\"mainEntityOfPage\":{\"@id\":\"https:\/\/www.estrategiaconcursos.com.br\/blog\/concurso-ibama-cargos-e-vagas-previstos\/\"},\"wordCount\":336,\"commentCount\":0,\"publisher\":{\"@id\":\"https:\/\/www.estrategiaconcursos.com.br\/blog\/#organization\"},\"image\":{\"@id\":\"https:\/\/www.estrategiaconcursos.com.br\/blog\/concurso-ibama-cargos-e-vagas-previstos\/#primaryimage\"},\"thumbnailUrl\":\"https:\/\/dhg1h5j42swfq.cloudfront.net\/2022\/01\/21150137\/ibama-1.jpg\",\"articleSection\":[\"Executivo (Administrativa)\",\"\u00daltimas not\u00edcias\"],\"inLanguage\":\"pt-BR\",\"potentialAction\":[{\"@type\":\"CommentAction\",\"name\":\"Comment\",\"target\":[\"https:\/\/www.estrategiaconcursos.com.br\/blog\/concurso-ibama-cargos-e-vagas-previstos\/#respond\"]}],\"copyrightYear\":\"2023\",\"copyrightHolder\":{\"@id\":\"https:\/\/www.estrategiaconcursos.com.br\/blog\/#organization\"}},{\"@type\":\"WebPage\",\"@id\":\"https:\/\/www.estrategiaconcursos.com.br\/blog\/concurso-ibama-cargos-e-vagas-previstos\/\",\"url\":\"https:\/\/www.estrategiaconcursos.com.br\/blog\/concurso-ibama-cargos-e-vagas-previstos\/\",\"name\":\"Confira os cargos e vagas previstos para o concurso IBAMA!\",\"isPartOf\":{\"@id\":\"https:\/\/www.estrategiaconcursos.com.br\/blog\/#website\"},\"primaryImageOfPage\":{\"@id\":\"https:\/\/www.estrategiaconcursos.com.br\/blog\/concurso-ibama-cargos-e-vagas-previstos\/#primaryimage\"},\"image\":{\"@id\":\"https:\/\/www.estrategiaconcursos.com.br\/blog\/concurso-ibama-cargos-e-vagas-previstos\/#primaryimage\"},\"thumbnailUrl\":\"https:\/\/dhg1h5j42swfq.cloudfront.net\/2022\/01\/21150137\/ibama-1.jpg\",\"datePublished\":\"2023-07-12T20:21:22+00:00\",\"dateModified\":\"2023-07-12T20:21:25+00:00\",\"description\":\"Quer saber quais os cargos e vagas previstos para o pr\u00f3ximo concurso IBAMA? Acesse o artigo e confira os detalhes!\",\"breadcrumb\":{\"@id\":\"https:\/\/www.estrategiaconcursos.com.br\/blog\/concurso-ibama-cargos-e-vagas-previstos\/#breadcrumb\"},\"inLanguage\":\"pt-BR\",\"potentialAction\":[{\"@type\":\"ReadAction\",\"target\":[\"https:\/\/www.estrategiaconcursos.com.br\/blog\/concurso-ibama-cargos-e-vagas-previstos\/\"]}]},{\"@type\":\"ImageObject\",\"inLanguage\":\"pt-BR\",\"@id\":\"https:\/\/www.estrategiaconcursos.com.br\/blog\/concurso-ibama-cargos-e-vagas-previstos\/#primaryimage\",\"url\":\"https:\/\/dhg1h5j42swfq.cloudfront.net\/2022\/01\/21150137\/ibama-1.jpg\",\"contentUrl\":\"https:\/\/dhg1h5j42swfq.cloudfront.net\/2022\/01\/21150137\/ibama-1.jpg\",\"width\":300,\"height\":168,\"caption\":\"IBAMA nomea\u00e7\u00f5es\"},{\"@type\":\"BreadcrumbList\",\"@id\":\"https:\/\/www.estrategiaconcursos.com.br\/blog\/concurso-ibama-cargos-e-vagas-previstos\/#breadcrumb\",\"itemListElement\":[{\"@type\":\"ListItem\",\"position\":1,\"name\":\"In\u00edcio\",\"item\":\"https:\/\/www.estrategiaconcursos.com.br\/blog\/\"},{\"@type\":\"ListItem\",\"position\":2,\"name\":\"Confira os cargos e vagas previstos para o concurso IBAMA!\"}]},{\"@type\":\"WebSite\",\"@id\":\"https:\/\/www.estrategiaconcursos.com.br\/blog\/#website\",\"url\":\"https:\/\/www.estrategiaconcursos.com.br\/blog\/\",\"name\":\"Estrat\u00e9gia Concursos\",\"description\":\"O blog da Estrat\u00e9gia Concursos traz not\u00edcias sobre concursos e artigos de professores oferecendo cursos para concursos (pdf + videaulas) no site.\",\"publisher\":{\"@id\":\"https:\/\/www.estrategiaconcursos.com.br\/blog\/#organization\"},\"potentialAction\":[{\"@type\":\"SearchAction\",\"target\":{\"@type\":\"EntryPoint\",\"urlTemplate\":\"https:\/\/www.estrategiaconcursos.com.br\/blog\/?s={search_term_string}\"},\"query-input\":{\"@type\":\"PropertyValueSpecification\",\"valueRequired\":true,\"valueName\":\"search_term_string\"}}],\"inLanguage\":\"pt-BR\"},{\"@type\":\"Organization\",\"@id\":\"https:\/\/www.estrategiaconcursos.com.br\/blog\/#organization\",\"name\":\"Estrat\u00e9gia Concursos\",\"url\":\"https:\/\/www.estrategiaconcursos.com.br\/blog\/\",\"logo\":{\"@type\":\"ImageObject\",\"inLanguage\":\"pt-BR\",\"@id\":\"https:\/\/www.estrategiaconcursos.com.br\/blog\/#\/schema\/logo\/image\/\",\"url\":\"https:\/\/dhg1h5j42swfq.cloudfront.net\/2025\/06\/03203428\/logo_concursos-1.jpg\",\"contentUrl\":\"https:\/\/dhg1h5j42swfq.cloudfront.net\/2025\/06\/03203428\/logo_concursos-1.jpg\",\"width\":230,\"height\":60,\"caption\":\"Estrat\u00e9gia Concursos\"},\"image\":{\"@id\":\"https:\/\/www.estrategiaconcursos.com.br\/blog\/#\/schema\/logo\/image\/\"},\"sameAs\":[\"https:\/\/x.com\/EstratConcursos\"]},{\"@type\":\"Person\",\"@id\":\"https:\/\/www.estrategiaconcursos.com.br\/blog\/#\/schema\/person\/4796f784535bea69338c17360e24ca86\",\"name\":\"Lu\u00eds Henrique Koliski Taguchi\",\"image\":{\"@type\":\"ImageObject\",\"inLanguage\":\"pt-BR\",\"@id\":\"https:\/\/secure.gravatar.com\/avatar\/cd45137551650332231b9b3d541d08c1f24718112f052488ba1ea66ad0f57c9c?s=96&d=mm&r=g\",\"url\":\"https:\/\/secure.gravatar.com\/avatar\/cd45137551650332231b9b3d541d08c1f24718112f052488ba1ea66ad0f57c9c?s=96&d=mm&r=g\",\"contentUrl\":\"https:\/\/secure.gravatar.com\/avatar\/cd45137551650332231b9b3d541d08c1f24718112f052488ba1ea66ad0f57c9c?s=96&d=mm&r=g\",\"caption\":\"Lu\u00eds Henrique Koliski Taguchi\"},\"url\":\"https:\/\/www.estrategiaconcursos.com.br\/blog\/author\/luis-taguchiestrategia-com\/\"}]}<\/script>\n<!-- \/ Yoast SEO Premium plugin. -->","yoast_head_json":{"title":"Confira os cargos e vagas previstos para o concurso IBAMA!","description":"Quer saber quais os cargos e vagas previstos para o pr\u00f3ximo concurso IBAMA? Acesse o artigo e confira os detalhes!","robots":{"index":"index","follow":"follow","max-snippet":"max-snippet:-1","max-image-preview":"max-image-preview:large","max-video-preview":"max-video-preview:-1"},"canonical":"https:\/\/www.estrategiaconcursos.com.br\/blog\/concurso-ibama-cargos-e-vagas-previstos\/","og_locale":"pt_BR","og_type":"article","og_title":"Confira os cargos e vagas previstos para o concurso IBAMA!","og_description":"Quer saber quais os cargos e vagas previstos para o pr\u00f3ximo concurso IBAMA? Acesse o artigo e confira os detalhes!","og_url":"https:\/\/www.estrategiaconcursos.com.br\/blog\/concurso-ibama-cargos-e-vagas-previstos\/","og_site_name":"Estrat\u00e9gia Concursos","article_published_time":"2023-07-12T20:21:22+00:00","article_modified_time":"2023-07-12T20:21:25+00:00","og_image":[{"width":300,"height":168,"url":"https:\/\/dhg1h5j42swfq.cloudfront.net\/2022\/01\/21150137\/ibama-1.jpg","type":"image\/jpeg"}],"author":"Lu\u00eds Henrique Koliski Taguchi","twitter_card":"summary_large_image","twitter_creator":"@EstratConcursos","twitter_site":"@EstratConcursos","twitter_misc":{"Escrito por":"Lu\u00eds Henrique Koliski Taguchi","Est. tempo de leitura":"2 minutos"},"schema":{"@context":"https:\/\/schema.org","@graph":[{"@type":"NewsArticle","@id":"https:\/\/www.estrategiaconcursos.com.br\/blog\/concurso-ibama-cargos-e-vagas-previstos\/#article","isPartOf":{"@id":"https:\/\/www.estrategiaconcursos.com.br\/blog\/concurso-ibama-cargos-e-vagas-previstos\/"},"author":{"name":"Lu\u00eds Henrique Koliski Taguchi","@id":"https:\/\/www.estrategiaconcursos.com.br\/blog\/#\/schema\/person\/4796f784535bea69338c17360e24ca86"},"headline":"Confira os cargos e vagas previstos para o concurso IBAMA!","datePublished":"2023-07-12T20:21:22+00:00","dateModified":"2023-07-12T20:21:25+00:00","mainEntityOfPage":{"@id":"https:\/\/www.estrategiaconcursos.com.br\/blog\/concurso-ibama-cargos-e-vagas-previstos\/"},"wordCount":336,"commentCount":0,"publisher":{"@id":"https:\/\/www.estrategiaconcursos.com.br\/blog\/#organization"},"image":{"@id":"https:\/\/www.estrategiaconcursos.com.br\/blog\/concurso-ibama-cargos-e-vagas-previstos\/#primaryimage"},"thumbnailUrl":"https:\/\/dhg1h5j42swfq.cloudfront.net\/2022\/01\/21150137\/ibama-1.jpg","articleSection":["Executivo (Administrativa)","\u00daltimas not\u00edcias"],"inLanguage":"pt-BR","potentialAction":[{"@type":"CommentAction","name":"Comment","target":["https:\/\/www.estrategiaconcursos.com.br\/blog\/concurso-ibama-cargos-e-vagas-previstos\/#respond"]}],"copyrightYear":"2023","copyrightHolder":{"@id":"https:\/\/www.estrategiaconcursos.com.br\/blog\/#organization"}},{"@type":"WebPage","@id":"https:\/\/www.estrategiaconcursos.com.br\/blog\/concurso-ibama-cargos-e-vagas-previstos\/","url":"https:\/\/www.estrategiaconcursos.com.br\/blog\/concurso-ibama-cargos-e-vagas-previstos\/","name":"Confira os cargos e vagas previstos para o concurso IBAMA!","isPartOf":{"@id":"https:\/\/www.estrategiaconcursos.com.br\/blog\/#website"},"primaryImageOfPage":{"@id":"https:\/\/www.estrategiaconcursos.com.br\/blog\/concurso-ibama-cargos-e-vagas-previstos\/#primaryimage"},"image":{"@id":"https:\/\/www.estrategiaconcursos.com.br\/blog\/concurso-ibama-cargos-e-vagas-previstos\/#primaryimage"},"thumbnailUrl":"https:\/\/dhg1h5j42swfq.cloudfront.net\/2022\/01\/21150137\/ibama-1.jpg","datePublished":"2023-07-12T20:21:22+00:00","dateModified":"2023-07-12T20:21:25+00:00","description":"Quer saber quais os cargos e vagas previstos para o pr\u00f3ximo concurso IBAMA? Acesse o artigo e confira os detalhes!","breadcrumb":{"@id":"https:\/\/www.estrategiaconcursos.com.br\/blog\/concurso-ibama-cargos-e-vagas-previstos\/#breadcrumb"},"inLanguage":"pt-BR","potentialAction":[{"@type":"ReadAction","target":["https:\/\/www.estrategiaconcursos.com.br\/blog\/concurso-ibama-cargos-e-vagas-previstos\/"]}]},{"@type":"ImageObject","inLanguage":"pt-BR","@id":"https:\/\/www.estrategiaconcursos.com.br\/blog\/concurso-ibama-cargos-e-vagas-previstos\/#primaryimage","url":"https:\/\/dhg1h5j42swfq.cloudfront.net\/2022\/01\/21150137\/ibama-1.jpg","contentUrl":"https:\/\/dhg1h5j42swfq.cloudfront.net\/2022\/01\/21150137\/ibama-1.jpg","width":300,"height":168,"caption":"IBAMA nomea\u00e7\u00f5es"},{"@type":"BreadcrumbList","@id":"https:\/\/www.estrategiaconcursos.com.br\/blog\/concurso-ibama-cargos-e-vagas-previstos\/#breadcrumb","itemListElement":[{"@type":"ListItem","position":1,"name":"In\u00edcio","item":"https:\/\/www.estrategiaconcursos.com.br\/blog\/"},{"@type":"ListItem","position":2,"name":"Confira os cargos e vagas previstos para o concurso IBAMA!"}]},{"@type":"WebSite","@id":"https:\/\/www.estrategiaconcursos.com.br\/blog\/#website","url":"https:\/\/www.estrategiaconcursos.com.br\/blog\/","name":"Estrat\u00e9gia Concursos","description":"O blog da Estrat\u00e9gia Concursos traz not\u00edcias sobre concursos e artigos de professores oferecendo cursos para concursos (pdf + videaulas) no site.","publisher":{"@id":"https:\/\/www.estrategiaconcursos.com.br\/blog\/#organization"},"potentialAction":[{"@type":"SearchAction","target":{"@type":"EntryPoint","urlTemplate":"https:\/\/www.estrategiaconcursos.com.br\/blog\/?s={search_term_string}"},"query-input":{"@type":"PropertyValueSpecification","valueRequired":true,"valueName":"search_term_string"}}],"inLanguage":"pt-BR"},{"@type":"Organization","@id":"https:\/\/www.estrategiaconcursos.com.br\/blog\/#organization","name":"Estrat\u00e9gia Concursos","url":"https:\/\/www.estrategiaconcursos.com.br\/blog\/","logo":{"@type":"ImageObject","inLanguage":"pt-BR","@id":"https:\/\/www.estrategiaconcursos.com.br\/blog\/#\/schema\/logo\/image\/","url":"https:\/\/dhg1h5j42swfq.cloudfront.net\/2025\/06\/03203428\/logo_concursos-1.jpg","contentUrl":"https:\/\/dhg1h5j42swfq.cloudfront.net\/2025\/06\/03203428\/logo_concursos-1.jpg","width":230,"height":60,"caption":"Estrat\u00e9gia Concursos"},"image":{"@id":"https:\/\/www.estrategiaconcursos.com.br\/blog\/#\/schema\/logo\/image\/"},"sameAs":["https:\/\/x.com\/EstratConcursos"]},{"@type":"Person","@id":"https:\/\/www.estrategiaconcursos.com.br\/blog\/#\/schema\/person\/4796f784535bea69338c17360e24ca86","name":"Lu\u00eds Henrique Koliski Taguchi","image":{"@type":"ImageObject","inLanguage":"pt-BR","@id":"https:\/\/secure.gravatar.com\/avatar\/cd45137551650332231b9b3d541d08c1f24718112f052488ba1ea66ad0f57c9c?s=96&d=mm&r=g","url":"https:\/\/secure.gravatar.com\/avatar\/cd45137551650332231b9b3d541d08c1f24718112f052488ba1ea66ad0f57c9c?s=96&d=mm&r=g","contentUrl":"https:\/\/secure.gravatar.com\/avatar\/cd45137551650332231b9b3d541d08c1f24718112f052488ba1ea66ad0f57c9c?s=96&d=mm&r=g","caption":"Lu\u00eds Henrique Koliski Taguchi"},"url":"https:\/\/www.estrategiaconcursos.com.br\/blog\/author\/luis-taguchiestrategia-com\/"}]}},"_links":{"self":[{"href":"https:\/\/www.estrategiaconcursos.com.br\/blog\/wp-json\/wp\/v2\/posts\/1247470","targetHints":{"allow":["GET"]}}],"collection":[{"href":"https:\/\/www.estrategiaconcursos.com.br\/blog\/wp-json\/wp\/v2\/posts"}],"about":[{"href":"https:\/\/www.estrategiaconcursos.com.br\/blog\/wp-json\/wp\/v2\/types\/post"}],"author":[{"embeddable":true,"href":"https:\/\/www.estrategiaconcursos.com.br\/blog\/wp-json\/wp\/v2\/users\/2496"}],"replies":[{"embeddable":true,"href":"https:\/\/www.estrategiaconcursos.com.br\/blog\/wp-json\/wp\/v2\/comments?post=1247470"}],"version-history":[{"count":2,"href":"https:\/\/www.estrategiaconcursos.com.br\/blog\/wp-json\/wp\/v2\/posts\/1247470\/revisions"}],"predecessor-version":[{"id":1247490,"href":"https:\/\/www.estrategiaconcursos.com.br\/blog\/wp-json\/wp\/v2\/posts\/1247470\/revisions\/1247490"}],"wp:featuredmedia":[{"embeddable":true,"href":"https:\/\/www.estrategiaconcursos.com.br\/blog\/wp-json\/wp\/v2\/media\/951975"}],"wp:attachment":[{"href":"https:\/\/www.estrategiaconcursos.com.br\/blog\/wp-json\/wp\/v2\/media?parent=1247470"}],"wp:term":[{"taxonomy":"category","embeddable":true,"href":"https:\/\/www.estrategiaconcursos.com.br\/blog\/wp-json\/wp\/v2\/categories?post=1247470"},{"taxonomy":"post_tag","embeddable":true,"href":"https:\/\/www.estrategiaconcursos.com.br\/blog\/wp-json\/wp\/v2\/tags?post=1247470"},{"taxonomy":"tax_estado","embeddable":true,"href":"https:\/\/www.estrategiaconcursos.com.br\/blog\/wp-json\/wp\/v2\/tax_estado?post=1247470"}],"curies":[{"name":"wp","href":"https:\/\/api.w.org\/{rel}","templated":true}]}}