{"id":1246954,"date":"2023-08-04T11:00:00","date_gmt":"2023-08-04T14:00:00","guid":{"rendered":"https:\/\/www.estrategiaconcursos.com.br\/blog\/?p=1246954"},"modified":"2023-07-15T15:01:21","modified_gmt":"2023-07-15T18:01:21","slug":"politica-fiscal-iss-rj","status":"publish","type":"post","link":"https:\/\/www.estrategiaconcursos.com.br\/blog\/politica-fiscal-iss-rj\/","title":{"rendered":"Pol\u00edtica Fiscal para o ISS RJ"},"content":{"rendered":"\n<p>Fala, turma! Como est\u00e3o? Muitos de voc\u00eas est\u00e3o na reta final do <a href=\"https:\/\/conhecimento.fgv.br\/concursos\/smfrj-fr\" target=\"_blank\" rel=\"noreferrer noopener\">ISS RJ<\/a> e algumas sugest\u00f5es sobre como compreender a Pol\u00edtica Fiscal para o ISS RJ podem ser \u00fateis para resolver as quest\u00f5es na hora da prova. Dessa forma, nosso objetivo \u00e9 apresentar um resumo claro dos principais termos, utilizando uma linguagem simples para facilitar o entendimento desse assunto.<\/p>\n\n\n\n<p>Portanto, neste texto, trataremos dos seguintes temas com o intuito de ajudar os alunos a esclarecer d\u00favidas e orient\u00e1-los quando esse t\u00f3pico for abordado em avalia\u00e7\u00f5es:<\/p>\n\n\n\n<ul class=\"wp-block-list\">\n<li>Import\u00e2ncia da <strong>Pol\u00edtica Fiscal<\/strong> para o ISS RJ;<\/li>\n\n\n\n<li><strong>Objetivos<\/strong> e <strong>Instrumentos<\/strong> da Pol\u00edtica Fiscal;<\/li>\n\n\n\n<li>Efeitos da Pol\u00edtica Fiscal no <strong>curto prazo<\/strong>;<\/li>\n\n\n\n<li>Efeitos da Pol\u00edtica Fiscal no <strong>longo prazo.<\/strong><\/li>\n<\/ul>\n\n\n\n<figure class=\"wp-block-image aligncenter size-full is-resized\"><img loading=\"lazy\" decoding=\"async\" src=\"https:\/\/dhg1h5j42swfq.cloudfront.net\/2023\/07\/11183056\/image-125.png\" alt=\"O Governo \u00e9 o respons\u00e1vel pela pol\u00edtica Fiscal\" class=\"wp-image-1246955\" width=\"840\" height=\"560\" srcset=\"https:\/\/dhg1h5j42swfq.cloudfront.net\/2023\/07\/11183056\/image-125.png 886w, https:\/\/dhg1h5j42swfq.cloudfront.net\/2023\/07\/11183056\/image-125-300x200.png 300w, https:\/\/dhg1h5j42swfq.cloudfront.net\/2023\/07\/11183056\/image-125-768x512.png 768w, https:\/\/dhg1h5j42swfq.cloudfront.net\/2023\/07\/11183056\/image-125-610x407.png 610w, https:\/\/dhg1h5j42swfq.cloudfront.net\/2023\/07\/11183056\/image-125-150x100.png 150w\" sizes=\"auto, (max-width: 840px) 100vw, 840px\" \/><figcaption class=\"wp-element-caption\">O Governo \u00e9 o respons\u00e1vel pela pol\u00edtica Fiscal<\/figcaption><\/figure>\n\n\n\n<h2 class=\"wp-block-heading\" id=\"h-importancia-da-politica-fiscal-para-o-iss-rj\"><strong>Import\u00e2ncia da Pol\u00edtica Fiscal para o ISS RJ<\/strong><\/h2>\n\n\n\n<p>A pol\u00edtica fiscal \u00e9 um tema recorrente em provas de concursos p\u00fablicos, principalmente quando a mat\u00e9ria de economia est\u00e1 presente no edital. Dessa forma, compreender seus principais conceitos \u00e9 fundamental para os candidatos que desejam obter bons resultados nessa \u00e1rea. Assim, como \u00e9 um assunto que tende a estar presente em provas, abordaremos a tem\u00e1tica da pol\u00edtica fiscal para o ISS RJ.<\/p>\n\n\n\n<p>A pol\u00edtica fiscal \u00e9 um conjunto de medidas adotadas pelo <strong>governo<\/strong> para controlar a economia do pa\u00eds por meio de <strong>instrumentos tribut\u00e1rios<\/strong> e de <strong>gastos p\u00fablicos<\/strong>. Dessa maneira, ela busca influenciar a atividade econ\u00f4mica, a distribui\u00e7\u00e3o de renda, a estabilidade monet\u00e1ria e o crescimento sustent\u00e1vel.<\/p>\n\n\n\n<h2 class=\"wp-block-heading\" id=\"h-objetivos-e-instrumentos-da-politica-fiscal-para-o-iss-rj\"><strong>Objetivos e Instrumentos da Pol\u00edtica Fiscal para o ISS RJ<\/strong><\/h2>\n\n\n\n<p>Em rela\u00e7\u00e3o aos objetivos da pol\u00edtica fiscal para o ISS RJ, destacam-se, primeiro, a <strong>Estabiliza\u00e7\u00e3o Econ\u00f4mica<\/strong>, em que se busca manter a estabilidade dos n\u00edveis de pre\u00e7os, evitando a infla\u00e7\u00e3o descontrolada ou defla\u00e7\u00e3o persistente. Paralelamente, o <strong>Crescimento Econ\u00f4mico<\/strong>, no qual o objetivo \u00e9 impulsionar o crescimento sustent\u00e1vel da economia.<\/p>\n\n\n\n<p>Adicionalmente, outros objetivos s\u00e3o igualmente importantes, como, a <strong>Distribui\u00e7\u00e3o de Renda<\/strong>, em que se busca reduzir as desigualdades sociais por meio de pol\u00edticas de redistribui\u00e7\u00e3o de renda, como programas de transfer\u00eancia de renda e impostos progressivos. Al\u00e9m disso, cita-se o <strong>Equil\u00edbrio Or\u00e7ament\u00e1rio<\/strong> porque se visa manter o equil\u00edbrio entre as receitas e despesas p\u00fablicas, evitando d\u00e9ficits excessivos ou super\u00e1vits insustent\u00e1veis.<\/p>\n\n\n\n<p>Para atingir seus objetivos, a pol\u00edtica fiscal utiliza-se de diversos instrumentos, tais como a <strong>Tributa\u00e7\u00e3o<\/strong> quando o governo utiliza os impostos como forma de arrecadar recursos para financiar suas atividades e como instrumento de regula\u00e7\u00e3o econ\u00f4mica. Adicionalmente, ressaltam-se os <strong>Gastos P\u00fablicos<\/strong>, j\u00e1 que o governo realiza despesas em \u00e1reas como sa\u00fade, educa\u00e7\u00e3o, infraestrutura, seguran\u00e7a, para promover o bem-estar social.<\/p>\n\n\n\n<p>Adicionalmente, outro instrumento que pode ser usado com mais cautela \u00e9 a <strong>Pol\u00edtica de Endividamento<\/strong>, j\u00e1 que o governo pode recorrer ao endividamento p\u00fablico para financiar suas despesas, emitindo t\u00edtulos p\u00fablicos e contratando empr\u00e9stimos junto a institui\u00e7\u00f5es financeiras nacionais e internacionais.<\/p>\n\n\n\n<h2 class=\"wp-block-heading\" id=\"h-efeitos-da-politica-fiscal-para-o-iss-rj-no-curto-prazo\"><strong>Efeitos da Pol\u00edtica Fiscal para o ISS RJ no curto prazo<\/strong><\/h2>\n\n\n\n<p>Como os efeitos da Pol\u00edtica Fiscal para o ISS RJ est\u00e3o expl\u00edcitos no edital, vale ressalt\u00e1-los. Em primeiro lugar, h\u00e1 um <strong>Est\u00edmulo ou desest\u00edmulo \u00e0 demanda agregada<\/strong>, visto que a pol\u00edtica fiscal expansionista pode estimular a demanda agregada no curto prazo, impulsionando o crescimento econ\u00f4mico. Por outro lado, a pol\u00edtica fiscal contracionista pode desestimular a demanda agregada, levando a uma desacelera\u00e7\u00e3o econ\u00f4mica.<\/p>\n\n\n\n<p>Em segundo lugar, h\u00e1 <strong>impacto sobre a atividade econ\u00f4mica<\/strong> em virtude de mudan\u00e7as nos gastos p\u00fablicos e na tributa\u00e7\u00e3o afetam diretamente a atividade econ\u00f4mica no curto prazo. Aumentos nos gastos p\u00fablicos podem impulsionar setores como infraestrutura e constru\u00e7\u00e3o civil, estimulando o emprego e a produ\u00e7\u00e3o. Por outro lado, cortes nos gastos podem afetar negativamente esses setores, gerando desemprego e queda na produ\u00e7\u00e3o.<\/p>\n\n\n\n<p>Portanto, outro efeito no curto prazo da pol\u00edtica fiscal para o ISS RJ \u00e9 a <strong>estabiliza\u00e7\u00e3o econ\u00f4mica<\/strong>, em fun\u00e7\u00e3o de a pol\u00edtica fiscal pode ser usada como instrumento para estabilizar a economia no curto prazo. Por exemplo, em momentos de recess\u00e3o, o governo pode adotar uma pol\u00edtica fiscal expansionista para impulsionar a atividade econ\u00f4mica e reduzir o desemprego. Por outro lado, em per\u00edodos de alta infla\u00e7\u00e3o, uma pol\u00edtica fiscal contracionista pode ajudar a controlar a demanda e reduzir a press\u00e3o inflacion\u00e1ria.<\/p>\n\n\n\n<h2 class=\"wp-block-heading\" id=\"h-efeitos-da-politica-fiscal-para-o-iss-rj-no-longo-prazo\"><strong>Efeitos da Pol\u00edtica Fiscal para o ISS RJ no longo prazo<\/strong><\/h2>\n\n\n\n<p>J\u00e1 no longo prazo, podemos destacar quatro efeitos principais. O primeiro deles \u00e9 o <strong>impacto sobre a d\u00edvida p\u00fablica<\/strong>, j\u00e1 que a pol\u00edtica fiscal tem um impacto significativo na trajet\u00f3ria da d\u00edvida p\u00fablica no longo prazo. Um aumento persistente dos gastos p\u00fablicos em rela\u00e7\u00e3o \u00e0s receitas pode levar a d\u00e9ficits or\u00e7ament\u00e1rios cr\u00f4nicos e ao ac\u00famulo de d\u00edvida. Isso pode comprometer a capacidade do governo de investir em \u00e1reas priorit\u00e1rias e criar um \u00f4nus para as gera\u00e7\u00f5es futuras.<\/p>\n\n\n\n<p>O segundo efeito \u00e9 o <strong>incentivo ao investimento privado<\/strong>, pois a estabilidade fiscal e a previsibilidade das pol\u00edticas governamentais podem estimular o investimento privado no longo prazo. Uma pol\u00edtica fiscal respons\u00e1vel, com uma carga tribut\u00e1ria equilibrada e gastos p\u00fablicos eficientes, cria um ambiente prop\u00edcio para o investimento e o crescimento econ\u00f4mico sustent\u00e1vel.<\/p>\n\n\n\n<p>O terceiro efeito \u00e9 o <strong>social<\/strong>, em virtude de a pol\u00edtica fiscal pode desempenhar um papel importante na redistribui\u00e7\u00e3o de renda e na redu\u00e7\u00e3o das desigualdades sociais no longo prazo. Por meio de programas de transfer\u00eancia de renda e impostos progressivos, o governo pode promover uma maior igualdade de oportunidades e melhorar o bem-estar social.<\/p>\n\n\n\n<p>Por fim, o quarto efeito \u00e9 a <strong>sustentabilidade das finan\u00e7as p\u00fablicas<\/strong>, visto que uma pol\u00edtica fiscal equilibrada e sustent\u00e1vel \u00e9 fundamental para garantir a estabilidade das finan\u00e7as p\u00fablicas no longo prazo. <\/p>\n\n\n\n<h2 class=\"wp-block-heading\" id=\"h-conclusao\"><strong>Conclus\u00e3o<\/strong><\/h2>\n\n\n\n<p>A pol\u00edtica fiscal desempenha um papel fundamental na economia de um pa\u00eds e \u00e9 um tema <strong>recorrente em provas de concursos p\u00fablicos<\/strong>. Neste artigo, exploramos os principais conceitos relacionados \u00e0 pol\u00edtica fiscal, abordando sua defini\u00e7\u00e3o, objetivos, instrumentos e desafios que podem vir no tema pol\u00edtica fiscal para o ISS RJ. <\/p>\n\n\n\n<p>N\u00e3o deixem de estudar esse assunto nos materiais do Estrat\u00e9gia de Economia, j\u00e1 que \u00e9 um assunto bem presente nos diversos certames.<\/p>\n\n\n\n<p>Continuem estudando que uma hora a aprova\u00e7\u00e3o chega<\/p>\n\n\n\n<p>Nos encontramos no pr\u00f3ximo artigo.<\/p>\n\n\n\n<p>Um abra\u00e7o!!<\/p>\n\n\n<p>Quer estudar para concurso? Ent\u00e3o confira nossos cursos:<\/p>\n<p><!-- \/wp:post-content --><!-- wp:code --><\/p>\n<h2 id=\"cursos-e-assinaturas\"><!-- \/wp:code --><!-- wp:heading {\"textAlign\":\"center\"} -->Cursos<br \/>e Assinaturas<\/h2>\n<p><!-- \/wp:heading --><!-- wp:paragraph --><\/p>\n<p>Prepare-se com o melhor material e com quem mais aprova em Concursos<br \/>P\u00fablicos em todo o pa\u00eds!<\/p>\n<p><!-- \/wp:paragraph --><!-- wp:paragraph {\"align\":\"center\",\"backgroundColor\":\"vivid-purple\",\"textColor\":\"white\"} --><\/p>\n<p><!-- wp:heading {\"textAlign\":\"center\"} --><\/p>\n<h2 id=\"cursos-e-assinaturas\" class=\"wp-block-heading has-text-align-center\">Cursos e Assinaturas<\/h2>\n<p><!-- \/wp:heading --><\/p>\n<p><!-- wp:paragraph --><\/p>\n<p>Prepare-se com o melhor material e com quem mais aprova em Concursos P\u00fablicos em todo o pa\u00eds!<\/p>\n<p><!-- \/wp:paragraph --><\/p>\n<p><!-- wp:paragraph {\"align\":\"center\",\"backgroundColor\":\"vivid-purple\",\"textColor\":\"white\"} --><\/p>\n<p class=\"has-text-align-center has-white-color has-vivid-purple-background-color has-text-color has-background\"><a href=\"https:\/\/www.estrategiaconcursos.com.br\/blog\/concursos-abertos\/\" target=\"_blank\" rel=\"noreferrer noopener\"><strong>Concursos abert<\/strong>os<\/a><\/p>\n<p><!-- \/wp:paragraph --><\/p>\n<p><!-- wp:paragraph {\"align\":\"center\",\"backgroundColor\":\"vivid-purple\",\"textColor\":\"white\"} --><\/p>\n<p class=\"has-text-align-center has-white-color has-vivid-purple-background-color has-text-color has-background\"><a href=\"https:\/\/www.estrategiaconcursos.com.br\/blog\/concursos-2023\/\" target=\"_blank\" rel=\"noreferrer noopener\">Concursos 2023<\/a><\/p><!-- \/wp:paragraph -->","protected":false},"excerpt":{"rendered":"<p>Fala, turma! Como est\u00e3o? Muitos de voc\u00eas est\u00e3o na reta final do ISS RJ e algumas sugest\u00f5es sobre como compreender a Pol\u00edtica Fiscal para o ISS RJ podem ser \u00fateis para resolver as quest\u00f5es na hora da prova. Dessa forma, nosso objetivo \u00e9 apresentar um resumo claro dos principais termos, utilizando uma linguagem simples para [&hellip;]<\/p>\n","protected":false},"author":2477,"featured_media":1246955,"comment_status":"open","ping_status":"closed","sticky":false,"template":"","format":"standard","meta":{"post_tipo":"article","footnotes":""},"categories":[220183],"tags":[],"tax_estado":[219963,219982],"class_list":["post-1246954","post","type-post","status-publish","format-standard","has-post-thumbnail","hentry","category-fiscal-municipal","tax_estado-concursos-federais","tax_estado-rj"],"acf":[],"yoast_head":"<!-- This site is optimized with the Yoast SEO Premium plugin v27.2 (Yoast SEO v27.2) - https:\/\/yoast.com\/product\/yoast-seo-premium-wordpress\/ -->\n<title>Pol\u00edtica Fiscal para o ISS RJ<\/title>\n<meta name=\"description\" content=\"Aprenda neste artigo o que \u00e9 a Pol\u00edtica Fiscal para o ISS RJ. Apresentamos os objetivos, instrumentos e os efeitos no curto e longo prazo.\" \/>\n<meta name=\"robots\" content=\"index, follow, max-snippet:-1, max-image-preview:large, max-video-preview:-1\" \/>\n<link rel=\"canonical\" href=\"https:\/\/www.estrategiaconcursos.com.br\/blog\/politica-fiscal-iss-rj\/\" \/>\n<meta property=\"og:locale\" content=\"pt_BR\" \/>\n<meta property=\"og:type\" content=\"article\" \/>\n<meta property=\"og:title\" content=\"Pol\u00edtica Fiscal para o ISS RJ\" \/>\n<meta property=\"og:description\" content=\"Aprenda neste artigo o que \u00e9 a Pol\u00edtica Fiscal para o ISS RJ. Apresentamos os objetivos, instrumentos e os efeitos no curto e longo prazo.\" \/>\n<meta property=\"og:url\" content=\"https:\/\/www.estrategiaconcursos.com.br\/blog\/politica-fiscal-iss-rj\/\" \/>\n<meta property=\"og:site_name\" content=\"Estrat\u00e9gia Concursos\" \/>\n<meta property=\"article:published_time\" content=\"2023-08-04T14:00:00+00:00\" \/>\n<meta property=\"og:image\" content=\"https:\/\/dhg1h5j42swfq.cloudfront.net\/2023\/07\/11183056\/image-125.png\" \/>\n\t<meta property=\"og:image:width\" content=\"886\" \/>\n\t<meta property=\"og:image:height\" content=\"591\" \/>\n\t<meta property=\"og:image:type\" content=\"image\/png\" \/>\n<meta name=\"author\" content=\"Rafael Scherb\" \/>\n<meta name=\"twitter:card\" content=\"summary_large_image\" \/>\n<meta name=\"twitter:creator\" content=\"@EstratConcursos\" \/>\n<meta name=\"twitter:site\" content=\"@EstratConcursos\" \/>\n<meta name=\"twitter:label1\" content=\"Escrito por\" \/>\n\t<meta name=\"twitter:data1\" content=\"Rafael Scherb\" \/>\n\t<meta name=\"twitter:label2\" content=\"Est. tempo de leitura\" \/>\n\t<meta name=\"twitter:data2\" content=\"6 minutos\" \/>\n<script type=\"application\/ld+json\" class=\"yoast-schema-graph\">{\"@context\":\"https:\/\/schema.org\",\"@graph\":[{\"@type\":\"NewsArticle\",\"@id\":\"https:\/\/www.estrategiaconcursos.com.br\/blog\/politica-fiscal-iss-rj\/#article\",\"isPartOf\":{\"@id\":\"https:\/\/www.estrategiaconcursos.com.br\/blog\/politica-fiscal-iss-rj\/\"},\"author\":{\"name\":\"Rafael Scherb\",\"@id\":\"https:\/\/www.estrategiaconcursos.com.br\/blog\/#\/schema\/person\/c40c99fd7b4559f496670bef95c3f305\"},\"headline\":\"Pol\u00edtica Fiscal para o ISS RJ\",\"datePublished\":\"2023-08-04T14:00:00+00:00\",\"mainEntityOfPage\":{\"@id\":\"https:\/\/www.estrategiaconcursos.com.br\/blog\/politica-fiscal-iss-rj\/\"},\"wordCount\":1181,\"commentCount\":0,\"publisher\":{\"@id\":\"https:\/\/www.estrategiaconcursos.com.br\/blog\/#organization\"},\"image\":{\"@id\":\"https:\/\/www.estrategiaconcursos.com.br\/blog\/politica-fiscal-iss-rj\/#primaryimage\"},\"thumbnailUrl\":\"https:\/\/dhg1h5j42swfq.cloudfront.net\/2023\/07\/11183056\/image-125.png\",\"articleSection\":[\"Fiscal - Municipal (ISS)\"],\"inLanguage\":\"pt-BR\",\"potentialAction\":[{\"@type\":\"CommentAction\",\"name\":\"Comment\",\"target\":[\"https:\/\/www.estrategiaconcursos.com.br\/blog\/politica-fiscal-iss-rj\/#respond\"]}],\"copyrightYear\":\"2023\",\"copyrightHolder\":{\"@id\":\"https:\/\/www.estrategiaconcursos.com.br\/blog\/#organization\"}},{\"@type\":\"WebPage\",\"@id\":\"https:\/\/www.estrategiaconcursos.com.br\/blog\/politica-fiscal-iss-rj\/\",\"url\":\"https:\/\/www.estrategiaconcursos.com.br\/blog\/politica-fiscal-iss-rj\/\",\"name\":\"Pol\u00edtica Fiscal para o ISS RJ\",\"isPartOf\":{\"@id\":\"https:\/\/www.estrategiaconcursos.com.br\/blog\/#website\"},\"primaryImageOfPage\":{\"@id\":\"https:\/\/www.estrategiaconcursos.com.br\/blog\/politica-fiscal-iss-rj\/#primaryimage\"},\"image\":{\"@id\":\"https:\/\/www.estrategiaconcursos.com.br\/blog\/politica-fiscal-iss-rj\/#primaryimage\"},\"thumbnailUrl\":\"https:\/\/dhg1h5j42swfq.cloudfront.net\/2023\/07\/11183056\/image-125.png\",\"datePublished\":\"2023-08-04T14:00:00+00:00\",\"description\":\"Aprenda neste artigo o que \u00e9 a Pol\u00edtica Fiscal para o ISS RJ. Apresentamos os objetivos, instrumentos e os efeitos no curto e longo prazo.\",\"breadcrumb\":{\"@id\":\"https:\/\/www.estrategiaconcursos.com.br\/blog\/politica-fiscal-iss-rj\/#breadcrumb\"},\"inLanguage\":\"pt-BR\",\"potentialAction\":[{\"@type\":\"ReadAction\",\"target\":[\"https:\/\/www.estrategiaconcursos.com.br\/blog\/politica-fiscal-iss-rj\/\"]}]},{\"@type\":\"ImageObject\",\"inLanguage\":\"pt-BR\",\"@id\":\"https:\/\/www.estrategiaconcursos.com.br\/blog\/politica-fiscal-iss-rj\/#primaryimage\",\"url\":\"https:\/\/dhg1h5j42swfq.cloudfront.net\/2023\/07\/11183056\/image-125.png\",\"contentUrl\":\"https:\/\/dhg1h5j42swfq.cloudfront.net\/2023\/07\/11183056\/image-125.png\",\"width\":886,\"height\":591},{\"@type\":\"BreadcrumbList\",\"@id\":\"https:\/\/www.estrategiaconcursos.com.br\/blog\/politica-fiscal-iss-rj\/#breadcrumb\",\"itemListElement\":[{\"@type\":\"ListItem\",\"position\":1,\"name\":\"In\u00edcio\",\"item\":\"https:\/\/www.estrategiaconcursos.com.br\/blog\/\"},{\"@type\":\"ListItem\",\"position\":2,\"name\":\"Pol\u00edtica Fiscal para o ISS RJ\"}]},{\"@type\":\"WebSite\",\"@id\":\"https:\/\/www.estrategiaconcursos.com.br\/blog\/#website\",\"url\":\"https:\/\/www.estrategiaconcursos.com.br\/blog\/\",\"name\":\"Estrat\u00e9gia Concursos\",\"description\":\"O blog da Estrat\u00e9gia Concursos traz not\u00edcias sobre concursos e artigos de professores oferecendo cursos para concursos (pdf + videaulas) no site.\",\"publisher\":{\"@id\":\"https:\/\/www.estrategiaconcursos.com.br\/blog\/#organization\"},\"potentialAction\":[{\"@type\":\"SearchAction\",\"target\":{\"@type\":\"EntryPoint\",\"urlTemplate\":\"https:\/\/www.estrategiaconcursos.com.br\/blog\/?s={search_term_string}\"},\"query-input\":{\"@type\":\"PropertyValueSpecification\",\"valueRequired\":true,\"valueName\":\"search_term_string\"}}],\"inLanguage\":\"pt-BR\"},{\"@type\":\"Organization\",\"@id\":\"https:\/\/www.estrategiaconcursos.com.br\/blog\/#organization\",\"name\":\"Estrat\u00e9gia Concursos\",\"url\":\"https:\/\/www.estrategiaconcursos.com.br\/blog\/\",\"logo\":{\"@type\":\"ImageObject\",\"inLanguage\":\"pt-BR\",\"@id\":\"https:\/\/www.estrategiaconcursos.com.br\/blog\/#\/schema\/logo\/image\/\",\"url\":\"https:\/\/dhg1h5j42swfq.cloudfront.net\/2025\/06\/03203428\/logo_concursos-1.jpg\",\"contentUrl\":\"https:\/\/dhg1h5j42swfq.cloudfront.net\/2025\/06\/03203428\/logo_concursos-1.jpg\",\"width\":230,\"height\":60,\"caption\":\"Estrat\u00e9gia Concursos\"},\"image\":{\"@id\":\"https:\/\/www.estrategiaconcursos.com.br\/blog\/#\/schema\/logo\/image\/\"},\"sameAs\":[\"https:\/\/x.com\/EstratConcursos\"]},{\"@type\":\"Person\",\"@id\":\"https:\/\/www.estrategiaconcursos.com.br\/blog\/#\/schema\/person\/c40c99fd7b4559f496670bef95c3f305\",\"name\":\"Rafael Scherb\",\"image\":{\"@type\":\"ImageObject\",\"inLanguage\":\"pt-BR\",\"@id\":\"https:\/\/secure.gravatar.com\/avatar\/d09c7706168ec8c7cda9c4facfb765886e8f59273083ad092e82387945d6519e?s=96&d=mm&r=g\",\"url\":\"https:\/\/secure.gravatar.com\/avatar\/d09c7706168ec8c7cda9c4facfb765886e8f59273083ad092e82387945d6519e?s=96&d=mm&r=g\",\"contentUrl\":\"https:\/\/secure.gravatar.com\/avatar\/d09c7706168ec8c7cda9c4facfb765886e8f59273083ad092e82387945d6519e?s=96&d=mm&r=g\",\"caption\":\"Rafael Scherb\"},\"url\":\"https:\/\/www.estrategiaconcursos.com.br\/blog\/author\/rafael-scherbgmail-com\/\"}]}<\/script>\n<!-- \/ Yoast SEO Premium plugin. -->","yoast_head_json":{"title":"Pol\u00edtica Fiscal para o ISS RJ","description":"Aprenda neste artigo o que \u00e9 a Pol\u00edtica Fiscal para o ISS RJ. Apresentamos os objetivos, instrumentos e os efeitos no curto e longo prazo.","robots":{"index":"index","follow":"follow","max-snippet":"max-snippet:-1","max-image-preview":"max-image-preview:large","max-video-preview":"max-video-preview:-1"},"canonical":"https:\/\/www.estrategiaconcursos.com.br\/blog\/politica-fiscal-iss-rj\/","og_locale":"pt_BR","og_type":"article","og_title":"Pol\u00edtica Fiscal para o ISS RJ","og_description":"Aprenda neste artigo o que \u00e9 a Pol\u00edtica Fiscal para o ISS RJ. Apresentamos os objetivos, instrumentos e os efeitos no curto e longo prazo.","og_url":"https:\/\/www.estrategiaconcursos.com.br\/blog\/politica-fiscal-iss-rj\/","og_site_name":"Estrat\u00e9gia Concursos","article_published_time":"2023-08-04T14:00:00+00:00","og_image":[{"width":886,"height":591,"url":"https:\/\/dhg1h5j42swfq.cloudfront.net\/2023\/07\/11183056\/image-125.png","type":"image\/png"}],"author":"Rafael Scherb","twitter_card":"summary_large_image","twitter_creator":"@EstratConcursos","twitter_site":"@EstratConcursos","twitter_misc":{"Escrito por":"Rafael Scherb","Est. tempo de leitura":"6 minutos"},"schema":{"@context":"https:\/\/schema.org","@graph":[{"@type":"NewsArticle","@id":"https:\/\/www.estrategiaconcursos.com.br\/blog\/politica-fiscal-iss-rj\/#article","isPartOf":{"@id":"https:\/\/www.estrategiaconcursos.com.br\/blog\/politica-fiscal-iss-rj\/"},"author":{"name":"Rafael Scherb","@id":"https:\/\/www.estrategiaconcursos.com.br\/blog\/#\/schema\/person\/c40c99fd7b4559f496670bef95c3f305"},"headline":"Pol\u00edtica Fiscal para o ISS RJ","datePublished":"2023-08-04T14:00:00+00:00","mainEntityOfPage":{"@id":"https:\/\/www.estrategiaconcursos.com.br\/blog\/politica-fiscal-iss-rj\/"},"wordCount":1181,"commentCount":0,"publisher":{"@id":"https:\/\/www.estrategiaconcursos.com.br\/blog\/#organization"},"image":{"@id":"https:\/\/www.estrategiaconcursos.com.br\/blog\/politica-fiscal-iss-rj\/#primaryimage"},"thumbnailUrl":"https:\/\/dhg1h5j42swfq.cloudfront.net\/2023\/07\/11183056\/image-125.png","articleSection":["Fiscal - Municipal (ISS)"],"inLanguage":"pt-BR","potentialAction":[{"@type":"CommentAction","name":"Comment","target":["https:\/\/www.estrategiaconcursos.com.br\/blog\/politica-fiscal-iss-rj\/#respond"]}],"copyrightYear":"2023","copyrightHolder":{"@id":"https:\/\/www.estrategiaconcursos.com.br\/blog\/#organization"}},{"@type":"WebPage","@id":"https:\/\/www.estrategiaconcursos.com.br\/blog\/politica-fiscal-iss-rj\/","url":"https:\/\/www.estrategiaconcursos.com.br\/blog\/politica-fiscal-iss-rj\/","name":"Pol\u00edtica Fiscal para o ISS RJ","isPartOf":{"@id":"https:\/\/www.estrategiaconcursos.com.br\/blog\/#website"},"primaryImageOfPage":{"@id":"https:\/\/www.estrategiaconcursos.com.br\/blog\/politica-fiscal-iss-rj\/#primaryimage"},"image":{"@id":"https:\/\/www.estrategiaconcursos.com.br\/blog\/politica-fiscal-iss-rj\/#primaryimage"},"thumbnailUrl":"https:\/\/dhg1h5j42swfq.cloudfront.net\/2023\/07\/11183056\/image-125.png","datePublished":"2023-08-04T14:00:00+00:00","description":"Aprenda neste artigo o que \u00e9 a Pol\u00edtica Fiscal para o ISS RJ. Apresentamos os objetivos, instrumentos e os efeitos no curto e longo prazo.","breadcrumb":{"@id":"https:\/\/www.estrategiaconcursos.com.br\/blog\/politica-fiscal-iss-rj\/#breadcrumb"},"inLanguage":"pt-BR","potentialAction":[{"@type":"ReadAction","target":["https:\/\/www.estrategiaconcursos.com.br\/blog\/politica-fiscal-iss-rj\/"]}]},{"@type":"ImageObject","inLanguage":"pt-BR","@id":"https:\/\/www.estrategiaconcursos.com.br\/blog\/politica-fiscal-iss-rj\/#primaryimage","url":"https:\/\/dhg1h5j42swfq.cloudfront.net\/2023\/07\/11183056\/image-125.png","contentUrl":"https:\/\/dhg1h5j42swfq.cloudfront.net\/2023\/07\/11183056\/image-125.png","width":886,"height":591},{"@type":"BreadcrumbList","@id":"https:\/\/www.estrategiaconcursos.com.br\/blog\/politica-fiscal-iss-rj\/#breadcrumb","itemListElement":[{"@type":"ListItem","position":1,"name":"In\u00edcio","item":"https:\/\/www.estrategiaconcursos.com.br\/blog\/"},{"@type":"ListItem","position":2,"name":"Pol\u00edtica Fiscal para o ISS RJ"}]},{"@type":"WebSite","@id":"https:\/\/www.estrategiaconcursos.com.br\/blog\/#website","url":"https:\/\/www.estrategiaconcursos.com.br\/blog\/","name":"Estrat\u00e9gia Concursos","description":"O blog da Estrat\u00e9gia Concursos traz not\u00edcias sobre concursos e artigos de professores oferecendo cursos para concursos (pdf + videaulas) no site.","publisher":{"@id":"https:\/\/www.estrategiaconcursos.com.br\/blog\/#organization"},"potentialAction":[{"@type":"SearchAction","target":{"@type":"EntryPoint","urlTemplate":"https:\/\/www.estrategiaconcursos.com.br\/blog\/?s={search_term_string}"},"query-input":{"@type":"PropertyValueSpecification","valueRequired":true,"valueName":"search_term_string"}}],"inLanguage":"pt-BR"},{"@type":"Organization","@id":"https:\/\/www.estrategiaconcursos.com.br\/blog\/#organization","name":"Estrat\u00e9gia Concursos","url":"https:\/\/www.estrategiaconcursos.com.br\/blog\/","logo":{"@type":"ImageObject","inLanguage":"pt-BR","@id":"https:\/\/www.estrategiaconcursos.com.br\/blog\/#\/schema\/logo\/image\/","url":"https:\/\/dhg1h5j42swfq.cloudfront.net\/2025\/06\/03203428\/logo_concursos-1.jpg","contentUrl":"https:\/\/dhg1h5j42swfq.cloudfront.net\/2025\/06\/03203428\/logo_concursos-1.jpg","width":230,"height":60,"caption":"Estrat\u00e9gia Concursos"},"image":{"@id":"https:\/\/www.estrategiaconcursos.com.br\/blog\/#\/schema\/logo\/image\/"},"sameAs":["https:\/\/x.com\/EstratConcursos"]},{"@type":"Person","@id":"https:\/\/www.estrategiaconcursos.com.br\/blog\/#\/schema\/person\/c40c99fd7b4559f496670bef95c3f305","name":"Rafael Scherb","image":{"@type":"ImageObject","inLanguage":"pt-BR","@id":"https:\/\/secure.gravatar.com\/avatar\/d09c7706168ec8c7cda9c4facfb765886e8f59273083ad092e82387945d6519e?s=96&d=mm&r=g","url":"https:\/\/secure.gravatar.com\/avatar\/d09c7706168ec8c7cda9c4facfb765886e8f59273083ad092e82387945d6519e?s=96&d=mm&r=g","contentUrl":"https:\/\/secure.gravatar.com\/avatar\/d09c7706168ec8c7cda9c4facfb765886e8f59273083ad092e82387945d6519e?s=96&d=mm&r=g","caption":"Rafael Scherb"},"url":"https:\/\/www.estrategiaconcursos.com.br\/blog\/author\/rafael-scherbgmail-com\/"}]}},"_links":{"self":[{"href":"https:\/\/www.estrategiaconcursos.com.br\/blog\/wp-json\/wp\/v2\/posts\/1246954","targetHints":{"allow":["GET"]}}],"collection":[{"href":"https:\/\/www.estrategiaconcursos.com.br\/blog\/wp-json\/wp\/v2\/posts"}],"about":[{"href":"https:\/\/www.estrategiaconcursos.com.br\/blog\/wp-json\/wp\/v2\/types\/post"}],"author":[{"embeddable":true,"href":"https:\/\/www.estrategiaconcursos.com.br\/blog\/wp-json\/wp\/v2\/users\/2477"}],"replies":[{"embeddable":true,"href":"https:\/\/www.estrategiaconcursos.com.br\/blog\/wp-json\/wp\/v2\/comments?post=1246954"}],"version-history":[{"count":1,"href":"https:\/\/www.estrategiaconcursos.com.br\/blog\/wp-json\/wp\/v2\/posts\/1246954\/revisions"}],"predecessor-version":[{"id":1246957,"href":"https:\/\/www.estrategiaconcursos.com.br\/blog\/wp-json\/wp\/v2\/posts\/1246954\/revisions\/1246957"}],"wp:featuredmedia":[{"embeddable":true,"href":"https:\/\/www.estrategiaconcursos.com.br\/blog\/wp-json\/wp\/v2\/media\/1246955"}],"wp:attachment":[{"href":"https:\/\/www.estrategiaconcursos.com.br\/blog\/wp-json\/wp\/v2\/media?parent=1246954"}],"wp:term":[{"taxonomy":"category","embeddable":true,"href":"https:\/\/www.estrategiaconcursos.com.br\/blog\/wp-json\/wp\/v2\/categories?post=1246954"},{"taxonomy":"post_tag","embeddable":true,"href":"https:\/\/www.estrategiaconcursos.com.br\/blog\/wp-json\/wp\/v2\/tags?post=1246954"},{"taxonomy":"tax_estado","embeddable":true,"href":"https:\/\/www.estrategiaconcursos.com.br\/blog\/wp-json\/wp\/v2\/tax_estado?post=1246954"}],"curies":[{"name":"wp","href":"https:\/\/api.w.org\/{rel}","templated":true}]}}