{"id":1246559,"date":"2023-08-02T14:00:00","date_gmt":"2023-08-02T17:00:00","guid":{"rendered":"https:\/\/www.estrategiaconcursos.com.br\/blog\/?p=1246559"},"modified":"2023-07-15T14:57:29","modified_gmt":"2023-07-15T17:57:29","slug":"pmerj-atributos-atos-administrativos","status":"publish","type":"post","link":"https:\/\/www.estrategiaconcursos.com.br\/blog\/pmerj-atributos-atos-administrativos\/","title":{"rendered":"PMERJ: Atributos dos atos administrativos"},"content":{"rendered":"\n<p>Fala, pessoal, tudo bem? Hoje vamos falar, visando \u00e0 prova da Pol\u00edcia Militar do Estado do Rio de Janeiro &#8211; PMERJ, sobre os atributos dos atos administrativos<\/p>\n\n\n\n<p>Antes de iniciarmos, apontamos que a banca organizadora do <a href=\"https:\/\/www.estrategiaconcursos.com.br\/blog\/concurso-pmerj\/\" target=\"_blank\" rel=\"noreferrer noopener\">concurso da PMERJ<\/a> \u00e9 a IBADE, que aplicar\u00e1 as provas na data prov\u00e1vel de 27\/08\/2023.<\/p>\n\n\n\n<p>O certame ofertar\u00e1 2.000 vagas para o cargo de Soldado Policial Militar Classe C (QPMP-O), sendo 1.800 para candidatos masculinos e 200 para candidatos feminino.<\/p>\n\n\n\n<p>Por fim, os t\u00f3picos que iremos abordar correspondem ao <em>\u201c7.11. Atributos dos atos administrativos\u201d <\/em>e subt\u00f3picos constantes do <a href=\"https:\/\/dhg1h5j42swfq.cloudfront.net\/2023\/06\/07153322\/79a1ad31acc34600b3c5e3f91d02f77f.pdf\" target=\"_blank\" rel=\"noreferrer noopener\">Edital<\/a>.<\/p>\n\n\n\n<p>Vamos nessa, rumo \u00e0 PMERJ!<\/p>\n\n\n\n<figure class=\"wp-block-image is-resized\"><img loading=\"lazy\" decoding=\"async\" src=\"https:\/\/lh3.googleusercontent.com\/xdBp25KFfbRsVaRIaylca0Lg0kXPDh646YmyAJGiXBNUaDm7khsV-CW8Ufcx0N5IreK8qbnhIiYVJ3aijY1y1wI_MiEQqUGyOWzWLSUxls3KzsPsyTvYG0BL9dK7WzY7hWUsEc-dmPuP_fyT8FtVfv8\" alt=\"PMERJ: Atributos dos atos administrativos\" width=\"248\" height=\"302\"\/><\/figure>\n\n\n\n<h2 class=\"wp-block-heading\" id=\"h-consideracoes-iniciais\">Considera\u00e7\u00f5es iniciais<\/h2>\n\n\n\n<p>Primeiramente, pessoal, vamos conceituar o que seriam os atributos do ato administrativo.<\/p>\n\n\n\n<p>De acordo com Maria Sylvia Zanella Di Pietro (2018), o ato administrativo \u00e9 esp\u00e9cie de ato jur\u00eddico, sendo que <strong>seus atributos o distinguem dos atos de direito privado<\/strong>, ou seja, possui caracter\u00edsticas que permitem afirmar que ele se submete a um regime jur\u00eddico administrativo ou a um regime jur\u00eddico de direito p\u00fablico.<\/p>\n\n\n\n<p>Ademais, a autora afirma que <strong>s\u00e3o verdadeiras prerrogativas do poder p\u00fablico que o colocam em posi\u00e7\u00e3o de supremacia sobre o particular<\/strong>.<\/p>\n\n\n\n<p>Outrossim, \u00e9 importante que n\u00e3o confundamos os ATRIBUTOS dos atos, que estudaremos agora, com os ELEMENTOS dos atos administrativos, estes que s\u00e3o, em verdade, requisitos de validade para a pr\u00f3pria exist\u00eancia do ato.<\/p>\n\n\n\n<p><strong>Por fim, notem que os atributos a seguir formam um famoso mnem\u00f4nico:&nbsp;<\/strong><\/p>\n\n\n\n<p class=\"has-medium-font-size\"><strong>\u201c<em>P.A.T.I. \u00e9 uma menina com muitos atributos\u201d<\/em>.<\/strong><\/p>\n\n\n\n<p><\/p>\n\n\n\n<h2 class=\"wp-block-heading\" id=\"h-presuncao-de-veracidade-e-legitimidade-p\">Presun\u00e7\u00e3o de veracidade e legitimidade (P)<\/h2>\n\n\n\n<p>Pessoal, por esse atributo do ato administrativo, entende-se que todo ato praticado pela Administra\u00e7\u00e3o P\u00fablica \u00e9 (i) verdadeiro e (ii) leg\u00edtimo.<\/p>\n\n\n\n<p>Desse modo, dizer que um ato administrativo possui <strong>veracidade <\/strong>significa dizer que as raz\u00f5es que fundamentam sua pr\u00e1tica s\u00e3o verdadeiras, isso \u00e9, que n\u00e3o foi praticado sob pretexto falso.<\/p>\n\n\n\n<p>Por outro lado, dizer que o ato administrativo \u00e9 <strong>leg\u00edtimo<\/strong>, significa dizer que foi praticado por autoridade competente e de acordo com a lei.<\/p>\n\n\n\n<p><strong>Todavia, essa presun\u00e7\u00e3o N\u00c3O \u00e9 absoluta <\/strong><strong><em>(iuris et de iure)<\/em><\/strong><strong>!<\/strong> Ou seja, o administrado\/cidad\u00e3o pode, por meio de provas consistentes, provar que o ato administrativo foi praticado de forma contr\u00e1ria \u00e0 lei ou que as raz\u00f5es sob as quais se funda n\u00e3o s\u00e3o ver\u00eddicas.<\/p>\n\n\n\n<p>Sendo assim, dizemos que a presun\u00e7\u00e3o de veracidade e legitimidade \u00e9 <strong>RELATIVA (<\/strong><strong><em>iuris tantum<\/em><\/strong><strong>)<\/strong>, isto \u00e9, <strong>admite prova em contr\u00e1rio<\/strong>.<\/p>\n\n\n\n<p>Entretanto, \u00e9 importante apontar que <strong>a prova em contr\u00e1rio deve ser s\u00f3lida, robusta, caso contr\u00e1rio o ato administrativo prevalecer\u00e1.<\/strong><\/p>\n\n\n\n<p><\/p>\n\n\n\n<h2 class=\"wp-block-heading\" id=\"h-autoexecutoriedade-a\">Autoexecutoriedade (A)<\/h2>\n\n\n\n<p>O atributo da autoexecutoriedade <strong>permite que a Administra\u00e7\u00e3o P\u00fablica execute seus atos independentemente de autoriza\u00e7\u00e3o do Poder Judici\u00e1rio.<\/strong><\/p>\n\n\n\n<p>Imagine que uma dupla de policiais militares se depara com um indiv\u00edduo traficando entorpecentes. Diante do flagrante, realizam a pris\u00e3o em flagrante (ato administrativo) do indiv\u00edduo. Percebam que n\u00e3o foi necess\u00e1rio pedir autoriza\u00e7\u00e3o, permiss\u00e3o, ben\u00e7\u00e3o para ningu\u00e9m, sequer para o Poder Judici\u00e1rio.&nbsp;<\/p>\n\n\n\n<p>Da mesma forma, no \u00e2mbito de um processo administrativo, se for o caso de aplica\u00e7\u00e3o de multa ao administrado, a Administra\u00e7\u00e3o poder\u00e1 faz\u00ea-lo sem necessidade de processo judicial.<\/p>\n\n\n\n<p><strong>Todavia, a autoexecutoriedade N\u00c3O significa que o ato administrativo n\u00e3o possa ser questionado na via judicial.&nbsp;<\/strong><\/p>\n\n\n\n<p><strong>Ou seja, a autoexecutoriedade N\u00c3O exclui o princ\u00edpio da inafastabilidade de jurisdi\u00e7\u00e3o <\/strong>(art. 5\u00ba, inciso XXXV, da Constitui\u00e7\u00e3o Federal).<\/p>\n\n\n\n<p>Portanto, ainda que a Administra\u00e7\u00e3o possa tomar suas decis\u00f5es e execut\u00e1-las independentemente de permiss\u00e3o judicial, pode ser que o administrado questione isso no Poder Judici\u00e1rio.<\/p>\n\n\n\n<h3 class=\"wp-block-heading\">Exigibilidade e Executoriedade<\/h3>\n\n\n\n<p>Ademais, \u00e9 importante mencionar que a autoexecutoriedade se divide em dois aspectos, de acordo com a doutrina:<\/p>\n\n\n\n<ol class=\"wp-block-list\">\n<li><span style=\"text-decoration: underline;\"><strong>Exigibilidade<\/strong><\/span>: a Administra\u00e7\u00e3o utiliza de <strong>meios indiretos de coa\u00e7\u00e3o<\/strong> para que o ato se realize.<br \/><br \/><span style=\"text-decoration: underline;\">Exemplo<\/span>: multa. Note que \u00e9 chamado de indireto porque <strong>a Adm. P\u00fablica N\u00c3O &#8220;vai l\u00e1 e obriga<\/strong>&#8221; o administrado, mas&#8230;. se ele n\u00e3o proceder da forma desejado, ser\u00e1 multado.<br \/><br \/>Todavia, \u00e9 importante mencionar que a COBRAN\u00c7A da multa n\u00e3o pode ser auto executada, devendo ser oportunizado ao administrado as garantias do devido processo legal (administrativo e\/ou judicial).<br \/><br \/><\/li>\n\n\n\n<li><span style=\"text-decoration: underline;\"><strong>Executoriedade<\/strong><\/span>: a Administra\u00e7\u00e3o utiliza de <strong>meios diretos de coa\u00e7\u00e3o<\/strong>.<br \/><br \/><span style=\"text-decoration: underline;\">Exemplo<\/span>: h\u00e1 uma reuni\u00e3o n\u00e3o previamente comunicada ao Poder P\u00fablico e os indiv\u00edduos est\u00e3o fechando uma importante via urbana e causando danos ao patrim\u00f4nio p\u00fablico. A tropa de choque ir\u00e1 utilizar de meio direto de coa\u00e7\u00e3o para dissolver aquela reuni\u00e3o. Ou seja, <strong>a Administra\u00e7\u00e3o &#8220;foi l\u00e1 e obrigou&#8221;<\/strong> os administrados.<br \/><\/li>\n<\/ol>\n\n\n\n<p>Por fim, destaca-se que <strong>o atributo da autoexecutoriedade nem sempre estar\u00e1 presente nos atos administrativos<\/strong>, haja vista que h\u00e1 atos que \u201cn\u00e3o necessitam dele\u201d, bem como h\u00e1 necessidade de previs\u00e3o legal para tanto.<\/p>\n\n\n\n<p><\/p>\n\n\n\n<h2 class=\"wp-block-heading\" id=\"h-tipicidade-t\">Tipicidade (T)<\/h2>\n\n\n\n<p>Primeiramente, \u00e9 importante destacar que nem todos os doutrinadores administrativistas elencam a Tipicidade como sendo um atributo do ato administrativo.<\/p>\n\n\n\n<p>Todavia, de acordo com Maria Sylvia Zanella Di Pietro, esse atributo significa que o ato administrativo, para ser realizado, deve estar previsto num tipo legal.&nbsp;<\/p>\n\n\n\n<p>Para entendermos melhor, vamos pensar no princ\u00edpio da legalidade. De acordo com este princ\u00edpio, a Administra\u00e7\u00e3o s\u00f3 pode fazer aquilo que a lei permite, correto?&nbsp;<\/p>\n\n\n\n<p>Por sua vez, a tipicidade de uma conduta significa que aquela conduta praticada est\u00e1 prevista em lei.<\/p>\n\n\n\n<p>Dessa forma, em resumo, <strong>o atributo da tipicidade exige que, para que a Administra\u00e7\u00e3o pratique um ato administrativo, \u00e9 necess\u00e1rio que ele esteja previsto em lei.<\/strong><\/p>\n\n\n\n<p><\/p>\n\n\n\n<h2 class=\"wp-block-heading\" id=\"h-imperatividade-i\">Imperatividade (I)<\/h2>\n\n\n\n<p>O atributo da imperatividade \u00e9 aquele que <strong>confere aos atos administrativos a possibilidade de serem impostos ao particular\/administrados<\/strong>.<\/p>\n\n\n\n<p>Sendo assim, a Administra\u00e7\u00e3o P\u00fablica, atrav\u00e9s de seu \u201cpoder de imp\u00e9rio\u201d, pode impor restri\u00e7\u00f5es\/obriga\u00e7\u00f5es aos particulares, administrados, cidad\u00e3os e terceiros.<\/p>\n\n\n\n<p>Como exemplo, a Administra\u00e7\u00e3o, diante de uma situa\u00e7\u00e3o de calamidade p\u00fablica, pode restringir o direito de circula\u00e7\u00e3o dos cidad\u00e3os em determinada localidade.&nbsp;<\/p>\n\n\n\n<p>Por fim, destaca-se que <strong>o atributo da imperatividade nem sempre estar\u00e1 presente nos atos administrativos, <\/strong>mas apenas naqueles que, como dito, veiculem restri\u00e7\u00f5es\/imposi\u00e7\u00f5es.<\/p>\n\n\n\n<p><\/p>\n\n\n\n<h2 class=\"wp-block-heading\" id=\"h-conclusao\">Conclus\u00e3o<\/h2>\n\n\n\n<p>Portanto, pessoal, esse foi nosso breve resumo, para o Concurso da PMERJ, sobre os atributos (P.A.T.I) dos atos administrativos.<\/p>\n\n\n\n<p>N\u00e3o deixe de revisar o material de estudos sobre o assunto e praticar com v\u00e1rias quest\u00f5es, uma vez que se trata de assunto muito cobrado em provas!<\/p>\n\n\n\n<p>Por fim, desejamos uma boa prova!!<\/p>\n\n\n\n<p class=\"has-text-align-center\" id=\"h-quer-saber-tudo-sobre-concursos-previstos\"><strong>Quer saber quais ser\u00e3o os pr\u00f3ximos concursos?<\/strong><\/p>\n\n\n\n<p class=\"has-text-align-center\"><strong>Confira nossos artigos!<\/strong><\/p>\n\n\n\n<p class=\"has-text-align-center has-white-color has-pale-cyan-blue-background-color has-text-color has-background\"><a href=\"https:\/\/www.estrategiaconcursos.com.br\/blog\/concursos-abertos\/\" target=\"_blank\" rel=\"noreferrer noopener\">Confira os concursos p\u00fablicos abertos<\/a><\/p>\n\n\n\n<p class=\"has-text-align-center has-white-color has-pale-cyan-blue-background-color has-text-color has-background\"><a href=\"https:\/\/www.estrategiaconcursos.com.br\/blog\/concursos-2022\/\" target=\"_blank\" rel=\"noreferrer noopener\">Concursos 2023<\/a><\/p>\n\n\n\n<p class=\"has-text-align-center has-white-color has-pale-cyan-blue-background-color has-text-color has-background\"><a href=\"https:\/\/cj.estrategia.com\/portal\/concursos-abertos-carreiras-juridicas\/\" target=\"_blank\" rel=\"noreferrer noopener\">Concursos abertos Carreiras Jur\u00eddicas<\/a><\/p>\n\n\n\n<h3 class=\"wp-block-heading\" id=\"assinatura-de-concursos\">Assinatura de Concursos<\/h3>\n\n\n\n<p>Assinatura de 1 ano ou 2 anos <a href=\"https:\/\/www.estrategiaconcursos.com.br\/assinaturas\/\" target=\"_blank\" rel=\"noreferrer noopener\">ASSINE AGORA<\/a><\/p>\n\n\n\n<p>Al\u00e9m disso, confira as vagas e oportunidades dos&nbsp;<strong>concursos 2023<\/strong>&nbsp;navegando atrav\u00e9s do \u00edndice abaixo:<\/p>\n\n\n\n<h2 class=\"wp-block-heading\" id=\"concursos-e-vagas-previstas-para-2023\">Concursos e vagas previstas para 2023:<\/h2>\n\n\n\n<ul class=\"wp-block-list\">\n<li><a href=\"https:\/\/www.estrategiaconcursos.com.br\/blog\/concursos-2023\/#policial\">Concursos Policiais<\/a><\/li>\n\n\n\n<li><a href=\"https:\/\/www.estrategiaconcursos.com.br\/blog\/concursos-2023\/#fiscal\">Concursos Fiscais<\/a><\/li>\n\n\n\n<li><a href=\"https:\/\/www.estrategiaconcursos.com.br\/blog\/concursos-2023\/#controle\">Concursos Controle<\/a><\/li>\n\n\n\n<li><a href=\"https:\/\/www.estrategiaconcursos.com.br\/blog\/concursos-2023\/#tribunais\">Concursos Tribunais<\/a><\/li>\n\n\n\n<li><a href=\"https:\/\/www.estrategiaconcursos.com.br\/blog\/concursos-2023\/#ministerios-publicos\">Concursos em Minist\u00e9rios P\u00fablicos<\/a><\/li>\n\n\n\n<li><a href=\"https:\/\/www.estrategiaconcursos.com.br\/blog\/concursos-2023\/#defensorias-publicas\">Concursos em Defensorias<\/a><\/li>\n\n\n\n<li><a href=\"https:\/\/www.estrategiaconcursos.com.br\/blog\/concursos-2023\/#legislativa\">Concursos Legislativos<\/a><\/li>\n\n\n\n<li><a href=\"https:\/\/www.estrategiaconcursos.com.br\/blog\/concursos-2023\/#saude\">Concursos da \u00e1rea da Sa\u00fade<\/a><\/li>\n\n\n\n<li><a href=\"https:\/\/www.estrategiaconcursos.com.br\/blog\/concursos-2023\/#bancaria\">Concursos da \u00e1rea banc\u00e1ria<\/a><\/li>\n\n\n\n<li><a href=\"https:\/\/www.estrategiaconcursos.com.br\/blog\/concursos-2023\/#educacao\">Concursos da \u00e1rea da Educa\u00e7\u00e3o<\/a><\/li>\n\n\n\n<li><a href=\"https:\/\/www.estrategiaconcursos.com.br\/blog\/concursos-2023\/#prefeituras\">Concursos para Prefeituras<\/a><\/li>\n\n\n\n<li><a href=\"https:\/\/www.estrategiaconcursos.com.br\/blog\/concursos-2023\/#outros\">Concursos outras oportunidades<\/a><\/li>\n\n\n\n<li><a href=\"https:\/\/www.estrategiaconcursos.com.br\/blog\/concursos-2023\/#concursos-estado\">Concursos 2023 por Estado<\/a><\/li>\n<\/ul>\n\n\n\n<p class=\"has-text-align-center has-luminous-vivid-amber-background-color has-background\" style=\"font-size:clamp(14.642px, 0.915rem + ((1vw - 3.2px) * 0.721), 22px);\"><strong>Veja tamb\u00e9m: <a href=\"https:\/\/www.estrategiaconcursos.com.br\/blog\/concursos-abertos\/\" target=\"_blank\" rel=\"noreferrer noopener\">Concursos Abertos<\/a><\/strong><\/p>\n\n\n\n<p class=\"has-text-align-left\" style=\"font-size:clamp(16.293px, 1.018rem + ((1vw - 3.2px) * 0.854), 25px);\"><em><strong>Quer saber tudo sobre os concursos previstos? Confira nossos artigos completo<\/strong>s:<\/em><\/p>\n\n\n\n<p>Ademais, al\u00e9m deste resumo para o Concurso da PMERJ sobre os atributos dos atos administrativos, confira:<\/p>\n\n\n\n<ul class=\"wp-block-list\">\n<li><a href=\"https:\/\/www.estrategiaconcursos.com.br\/blog\/concursos-2023\/\" target=\"_blank\" rel=\"noreferrer noopener\">Concursos 2023<\/a><\/li>\n\n\n\n<li><a href=\"https:\/\/www.estrategiaconcursos.com.br\/blog\/concurso-pmerj\/\" target=\"_blank\" rel=\"noreferrer noopener\">Concurso PMERJ 2023<\/a><\/li>\n<\/ul>\n","protected":false},"excerpt":{"rendered":"<p>Fala, pessoal, tudo bem? Hoje vamos falar, visando \u00e0 prova da Pol\u00edcia Militar do Estado do Rio de Janeiro &#8211; PMERJ, sobre os atributos dos atos administrativos Antes de iniciarmos, apontamos que a banca organizadora do concurso da PMERJ \u00e9 a IBADE, que aplicar\u00e1 as provas na data prov\u00e1vel de 27\/08\/2023. O certame ofertar\u00e1 2.000 [&hellip;]<\/p>\n","protected":false},"author":2567,"featured_media":777041,"comment_status":"open","ping_status":"closed","sticky":false,"template":"","format":"standard","meta":{"post_tipo":"article","footnotes":""},"categories":[1,220187],"tags":[],"tax_estado":[219963,219982],"class_list":["post-1246559","post","type-post","status-publish","format-standard","has-post-thumbnail","hentry","category-cursos-e-concursos","category-policial-pracas","tax_estado-concursos-federais","tax_estado-rj"],"acf":[],"yoast_head":"<!-- This site is optimized with the Yoast SEO Premium plugin v27.2 (Yoast SEO v27.2) - https:\/\/yoast.com\/product\/yoast-seo-premium-wordpress\/ -->\n<title>PMERJ: Atributos dos atos administrativos<\/title>\n<meta name=\"description\" content=\"Confira os principais pontos sobre os Atributos dos atos administrativos para o concurso da PMERJ, banca IBADE.\" \/>\n<meta name=\"robots\" content=\"index, follow, max-snippet:-1, max-image-preview:large, max-video-preview:-1\" \/>\n<link rel=\"canonical\" href=\"https:\/\/www.estrategiaconcursos.com.br\/blog\/pmerj-atributos-atos-administrativos\/\" \/>\n<meta property=\"og:locale\" content=\"pt_BR\" \/>\n<meta property=\"og:type\" content=\"article\" \/>\n<meta property=\"og:title\" content=\"PMERJ: Atributos dos atos administrativos\" \/>\n<meta property=\"og:description\" content=\"Confira os principais pontos sobre os Atributos dos atos administrativos para o concurso da PMERJ, banca IBADE.\" \/>\n<meta property=\"og:url\" content=\"https:\/\/www.estrategiaconcursos.com.br\/blog\/pmerj-atributos-atos-administrativos\/\" \/>\n<meta property=\"og:site_name\" content=\"Estrat\u00e9gia Concursos\" \/>\n<meta property=\"article:published_time\" content=\"2023-08-02T17:00:00+00:00\" \/>\n<meta property=\"og:image\" content=\"https:\/\/dhg1h5j42swfq.cloudfront.net\/2021\/06\/25113231\/pmerj.jpg\" \/>\n\t<meta property=\"og:image:width\" content=\"768\" \/>\n\t<meta property=\"og:image:height\" content=\"432\" \/>\n\t<meta property=\"og:image:type\" content=\"image\/jpeg\" \/>\n<meta name=\"author\" content=\"Frederico Tadeu Borlot Peixoto\" \/>\n<meta name=\"twitter:card\" content=\"summary_large_image\" \/>\n<meta name=\"twitter:creator\" content=\"@EstratConcursos\" \/>\n<meta name=\"twitter:site\" content=\"@EstratConcursos\" \/>\n<meta name=\"twitter:label1\" content=\"Escrito por\" \/>\n\t<meta name=\"twitter:data1\" content=\"Frederico Tadeu Borlot Peixoto\" \/>\n\t<meta name=\"twitter:label2\" content=\"Est. tempo de leitura\" \/>\n\t<meta name=\"twitter:data2\" content=\"6 minutos\" \/>\n<script type=\"application\/ld+json\" class=\"yoast-schema-graph\">{\"@context\":\"https:\/\/schema.org\",\"@graph\":[{\"@type\":\"NewsArticle\",\"@id\":\"https:\/\/www.estrategiaconcursos.com.br\/blog\/pmerj-atributos-atos-administrativos\/#article\",\"isPartOf\":{\"@id\":\"https:\/\/www.estrategiaconcursos.com.br\/blog\/pmerj-atributos-atos-administrativos\/\"},\"author\":{\"name\":\"Frederico Tadeu Borlot Peixoto\",\"@id\":\"https:\/\/www.estrategiaconcursos.com.br\/blog\/#\/schema\/person\/48a7e085e45aee7c3d4596399af50ebb\"},\"headline\":\"PMERJ: Atributos dos atos administrativos\",\"datePublished\":\"2023-08-02T17:00:00+00:00\",\"mainEntityOfPage\":{\"@id\":\"https:\/\/www.estrategiaconcursos.com.br\/blog\/pmerj-atributos-atos-administrativos\/\"},\"wordCount\":1235,\"commentCount\":0,\"publisher\":{\"@id\":\"https:\/\/www.estrategiaconcursos.com.br\/blog\/#organization\"},\"image\":{\"@id\":\"https:\/\/www.estrategiaconcursos.com.br\/blog\/pmerj-atributos-atos-administrativos\/#primaryimage\"},\"thumbnailUrl\":\"https:\/\/dhg1h5j42swfq.cloudfront.net\/2021\/06\/25113231\/pmerj.jpg\",\"articleSection\":[\"Concursos P\u00fablicos\",\"Policial (PM\/BM - Pra\u00e7as)\"],\"inLanguage\":\"pt-BR\",\"potentialAction\":[{\"@type\":\"CommentAction\",\"name\":\"Comment\",\"target\":[\"https:\/\/www.estrategiaconcursos.com.br\/blog\/pmerj-atributos-atos-administrativos\/#respond\"]}],\"copyrightYear\":\"2023\",\"copyrightHolder\":{\"@id\":\"https:\/\/www.estrategiaconcursos.com.br\/blog\/#organization\"}},{\"@type\":\"WebPage\",\"@id\":\"https:\/\/www.estrategiaconcursos.com.br\/blog\/pmerj-atributos-atos-administrativos\/\",\"url\":\"https:\/\/www.estrategiaconcursos.com.br\/blog\/pmerj-atributos-atos-administrativos\/\",\"name\":\"PMERJ: Atributos dos atos administrativos\",\"isPartOf\":{\"@id\":\"https:\/\/www.estrategiaconcursos.com.br\/blog\/#website\"},\"primaryImageOfPage\":{\"@id\":\"https:\/\/www.estrategiaconcursos.com.br\/blog\/pmerj-atributos-atos-administrativos\/#primaryimage\"},\"image\":{\"@id\":\"https:\/\/www.estrategiaconcursos.com.br\/blog\/pmerj-atributos-atos-administrativos\/#primaryimage\"},\"thumbnailUrl\":\"https:\/\/dhg1h5j42swfq.cloudfront.net\/2021\/06\/25113231\/pmerj.jpg\",\"datePublished\":\"2023-08-02T17:00:00+00:00\",\"description\":\"Confira os principais pontos sobre os Atributos dos atos administrativos para o concurso da PMERJ, banca IBADE.\",\"breadcrumb\":{\"@id\":\"https:\/\/www.estrategiaconcursos.com.br\/blog\/pmerj-atributos-atos-administrativos\/#breadcrumb\"},\"inLanguage\":\"pt-BR\",\"potentialAction\":[{\"@type\":\"ReadAction\",\"target\":[\"https:\/\/www.estrategiaconcursos.com.br\/blog\/pmerj-atributos-atos-administrativos\/\"]}]},{\"@type\":\"ImageObject\",\"inLanguage\":\"pt-BR\",\"@id\":\"https:\/\/www.estrategiaconcursos.com.br\/blog\/pmerj-atributos-atos-administrativos\/#primaryimage\",\"url\":\"https:\/\/dhg1h5j42swfq.cloudfront.net\/2021\/06\/25113231\/pmerj.jpg\",\"contentUrl\":\"https:\/\/dhg1h5j42swfq.cloudfront.net\/2021\/06\/25113231\/pmerj.jpg\",\"width\":768,\"height\":432,\"caption\":\"concurso pmerj\"},{\"@type\":\"BreadcrumbList\",\"@id\":\"https:\/\/www.estrategiaconcursos.com.br\/blog\/pmerj-atributos-atos-administrativos\/#breadcrumb\",\"itemListElement\":[{\"@type\":\"ListItem\",\"position\":1,\"name\":\"In\u00edcio\",\"item\":\"https:\/\/www.estrategiaconcursos.com.br\/blog\/\"},{\"@type\":\"ListItem\",\"position\":2,\"name\":\"PMERJ: Atributos dos atos administrativos\"}]},{\"@type\":\"WebSite\",\"@id\":\"https:\/\/www.estrategiaconcursos.com.br\/blog\/#website\",\"url\":\"https:\/\/www.estrategiaconcursos.com.br\/blog\/\",\"name\":\"Estrat\u00e9gia Concursos\",\"description\":\"O blog da Estrat\u00e9gia Concursos traz not\u00edcias sobre concursos e artigos de professores oferecendo cursos para concursos (pdf + videaulas) no site.\",\"publisher\":{\"@id\":\"https:\/\/www.estrategiaconcursos.com.br\/blog\/#organization\"},\"potentialAction\":[{\"@type\":\"SearchAction\",\"target\":{\"@type\":\"EntryPoint\",\"urlTemplate\":\"https:\/\/www.estrategiaconcursos.com.br\/blog\/?s={search_term_string}\"},\"query-input\":{\"@type\":\"PropertyValueSpecification\",\"valueRequired\":true,\"valueName\":\"search_term_string\"}}],\"inLanguage\":\"pt-BR\"},{\"@type\":\"Organization\",\"@id\":\"https:\/\/www.estrategiaconcursos.com.br\/blog\/#organization\",\"name\":\"Estrat\u00e9gia Concursos\",\"url\":\"https:\/\/www.estrategiaconcursos.com.br\/blog\/\",\"logo\":{\"@type\":\"ImageObject\",\"inLanguage\":\"pt-BR\",\"@id\":\"https:\/\/www.estrategiaconcursos.com.br\/blog\/#\/schema\/logo\/image\/\",\"url\":\"https:\/\/dhg1h5j42swfq.cloudfront.net\/2025\/06\/03203428\/logo_concursos-1.jpg\",\"contentUrl\":\"https:\/\/dhg1h5j42swfq.cloudfront.net\/2025\/06\/03203428\/logo_concursos-1.jpg\",\"width\":230,\"height\":60,\"caption\":\"Estrat\u00e9gia Concursos\"},\"image\":{\"@id\":\"https:\/\/www.estrategiaconcursos.com.br\/blog\/#\/schema\/logo\/image\/\"},\"sameAs\":[\"https:\/\/x.com\/EstratConcursos\"]},{\"@type\":\"Person\",\"@id\":\"https:\/\/www.estrategiaconcursos.com.br\/blog\/#\/schema\/person\/48a7e085e45aee7c3d4596399af50ebb\",\"name\":\"Frederico Tadeu Borlot Peixoto\",\"image\":{\"@type\":\"ImageObject\",\"inLanguage\":\"pt-BR\",\"@id\":\"https:\/\/secure.gravatar.com\/avatar\/df8a49e2321c1e32f85e9e7c2a9c92c688f1f53a947220f40017ff5858b09fdb?s=96&d=mm&r=g\",\"url\":\"https:\/\/secure.gravatar.com\/avatar\/df8a49e2321c1e32f85e9e7c2a9c92c688f1f53a947220f40017ff5858b09fdb?s=96&d=mm&r=g\",\"contentUrl\":\"https:\/\/secure.gravatar.com\/avatar\/df8a49e2321c1e32f85e9e7c2a9c92c688f1f53a947220f40017ff5858b09fdb?s=96&d=mm&r=g\",\"caption\":\"Frederico Tadeu Borlot Peixoto\"},\"description\":\"Analista Judici\u00e1rio - \u00c1rea Judici\u00e1ria do TRF da 4\u00aa regi\u00e3o. Bacharel em Direito. P\u00f3s-graduado em Direito Administrativo, Legisla\u00e7\u00e3o Penal Especial, Direito Penal e Direito Processual Penal. Tamb\u00e9m nomeado no TRF da 3\u00aa regi\u00e3o (8\u00ba lugar); SPPREV (3\u00ba lugar); IFES (2\u00ba lugar); e PMES. https:\/\/www.instagram.com\/proffrederico\/\",\"sameAs\":[\"https:\/\/www.instagram.com\/proffrederico\/\"],\"url\":\"https:\/\/www.estrategiaconcursos.com.br\/blog\/author\/xfredericohotmail-com\/\"}]}<\/script>\n<!-- \/ Yoast SEO Premium plugin. -->","yoast_head_json":{"title":"PMERJ: Atributos dos atos administrativos","description":"Confira os principais pontos sobre os Atributos dos atos administrativos para o concurso da PMERJ, banca IBADE.","robots":{"index":"index","follow":"follow","max-snippet":"max-snippet:-1","max-image-preview":"max-image-preview:large","max-video-preview":"max-video-preview:-1"},"canonical":"https:\/\/www.estrategiaconcursos.com.br\/blog\/pmerj-atributos-atos-administrativos\/","og_locale":"pt_BR","og_type":"article","og_title":"PMERJ: Atributos dos atos administrativos","og_description":"Confira os principais pontos sobre os Atributos dos atos administrativos para o concurso da PMERJ, banca IBADE.","og_url":"https:\/\/www.estrategiaconcursos.com.br\/blog\/pmerj-atributos-atos-administrativos\/","og_site_name":"Estrat\u00e9gia Concursos","article_published_time":"2023-08-02T17:00:00+00:00","og_image":[{"width":768,"height":432,"url":"https:\/\/dhg1h5j42swfq.cloudfront.net\/2021\/06\/25113231\/pmerj.jpg","type":"image\/jpeg"}],"author":"Frederico Tadeu Borlot Peixoto","twitter_card":"summary_large_image","twitter_creator":"@EstratConcursos","twitter_site":"@EstratConcursos","twitter_misc":{"Escrito por":"Frederico Tadeu Borlot Peixoto","Est. tempo de leitura":"6 minutos"},"schema":{"@context":"https:\/\/schema.org","@graph":[{"@type":"NewsArticle","@id":"https:\/\/www.estrategiaconcursos.com.br\/blog\/pmerj-atributos-atos-administrativos\/#article","isPartOf":{"@id":"https:\/\/www.estrategiaconcursos.com.br\/blog\/pmerj-atributos-atos-administrativos\/"},"author":{"name":"Frederico Tadeu Borlot Peixoto","@id":"https:\/\/www.estrategiaconcursos.com.br\/blog\/#\/schema\/person\/48a7e085e45aee7c3d4596399af50ebb"},"headline":"PMERJ: Atributos dos atos administrativos","datePublished":"2023-08-02T17:00:00+00:00","mainEntityOfPage":{"@id":"https:\/\/www.estrategiaconcursos.com.br\/blog\/pmerj-atributos-atos-administrativos\/"},"wordCount":1235,"commentCount":0,"publisher":{"@id":"https:\/\/www.estrategiaconcursos.com.br\/blog\/#organization"},"image":{"@id":"https:\/\/www.estrategiaconcursos.com.br\/blog\/pmerj-atributos-atos-administrativos\/#primaryimage"},"thumbnailUrl":"https:\/\/dhg1h5j42swfq.cloudfront.net\/2021\/06\/25113231\/pmerj.jpg","articleSection":["Concursos P\u00fablicos","Policial (PM\/BM - Pra\u00e7as)"],"inLanguage":"pt-BR","potentialAction":[{"@type":"CommentAction","name":"Comment","target":["https:\/\/www.estrategiaconcursos.com.br\/blog\/pmerj-atributos-atos-administrativos\/#respond"]}],"copyrightYear":"2023","copyrightHolder":{"@id":"https:\/\/www.estrategiaconcursos.com.br\/blog\/#organization"}},{"@type":"WebPage","@id":"https:\/\/www.estrategiaconcursos.com.br\/blog\/pmerj-atributos-atos-administrativos\/","url":"https:\/\/www.estrategiaconcursos.com.br\/blog\/pmerj-atributos-atos-administrativos\/","name":"PMERJ: Atributos dos atos administrativos","isPartOf":{"@id":"https:\/\/www.estrategiaconcursos.com.br\/blog\/#website"},"primaryImageOfPage":{"@id":"https:\/\/www.estrategiaconcursos.com.br\/blog\/pmerj-atributos-atos-administrativos\/#primaryimage"},"image":{"@id":"https:\/\/www.estrategiaconcursos.com.br\/blog\/pmerj-atributos-atos-administrativos\/#primaryimage"},"thumbnailUrl":"https:\/\/dhg1h5j42swfq.cloudfront.net\/2021\/06\/25113231\/pmerj.jpg","datePublished":"2023-08-02T17:00:00+00:00","description":"Confira os principais pontos sobre os Atributos dos atos administrativos para o concurso da PMERJ, banca IBADE.","breadcrumb":{"@id":"https:\/\/www.estrategiaconcursos.com.br\/blog\/pmerj-atributos-atos-administrativos\/#breadcrumb"},"inLanguage":"pt-BR","potentialAction":[{"@type":"ReadAction","target":["https:\/\/www.estrategiaconcursos.com.br\/blog\/pmerj-atributos-atos-administrativos\/"]}]},{"@type":"ImageObject","inLanguage":"pt-BR","@id":"https:\/\/www.estrategiaconcursos.com.br\/blog\/pmerj-atributos-atos-administrativos\/#primaryimage","url":"https:\/\/dhg1h5j42swfq.cloudfront.net\/2021\/06\/25113231\/pmerj.jpg","contentUrl":"https:\/\/dhg1h5j42swfq.cloudfront.net\/2021\/06\/25113231\/pmerj.jpg","width":768,"height":432,"caption":"concurso pmerj"},{"@type":"BreadcrumbList","@id":"https:\/\/www.estrategiaconcursos.com.br\/blog\/pmerj-atributos-atos-administrativos\/#breadcrumb","itemListElement":[{"@type":"ListItem","position":1,"name":"In\u00edcio","item":"https:\/\/www.estrategiaconcursos.com.br\/blog\/"},{"@type":"ListItem","position":2,"name":"PMERJ: Atributos dos atos administrativos"}]},{"@type":"WebSite","@id":"https:\/\/www.estrategiaconcursos.com.br\/blog\/#website","url":"https:\/\/www.estrategiaconcursos.com.br\/blog\/","name":"Estrat\u00e9gia Concursos","description":"O blog da Estrat\u00e9gia Concursos traz not\u00edcias sobre concursos e artigos de professores oferecendo cursos para concursos (pdf + videaulas) no site.","publisher":{"@id":"https:\/\/www.estrategiaconcursos.com.br\/blog\/#organization"},"potentialAction":[{"@type":"SearchAction","target":{"@type":"EntryPoint","urlTemplate":"https:\/\/www.estrategiaconcursos.com.br\/blog\/?s={search_term_string}"},"query-input":{"@type":"PropertyValueSpecification","valueRequired":true,"valueName":"search_term_string"}}],"inLanguage":"pt-BR"},{"@type":"Organization","@id":"https:\/\/www.estrategiaconcursos.com.br\/blog\/#organization","name":"Estrat\u00e9gia Concursos","url":"https:\/\/www.estrategiaconcursos.com.br\/blog\/","logo":{"@type":"ImageObject","inLanguage":"pt-BR","@id":"https:\/\/www.estrategiaconcursos.com.br\/blog\/#\/schema\/logo\/image\/","url":"https:\/\/dhg1h5j42swfq.cloudfront.net\/2025\/06\/03203428\/logo_concursos-1.jpg","contentUrl":"https:\/\/dhg1h5j42swfq.cloudfront.net\/2025\/06\/03203428\/logo_concursos-1.jpg","width":230,"height":60,"caption":"Estrat\u00e9gia Concursos"},"image":{"@id":"https:\/\/www.estrategiaconcursos.com.br\/blog\/#\/schema\/logo\/image\/"},"sameAs":["https:\/\/x.com\/EstratConcursos"]},{"@type":"Person","@id":"https:\/\/www.estrategiaconcursos.com.br\/blog\/#\/schema\/person\/48a7e085e45aee7c3d4596399af50ebb","name":"Frederico Tadeu Borlot Peixoto","image":{"@type":"ImageObject","inLanguage":"pt-BR","@id":"https:\/\/secure.gravatar.com\/avatar\/df8a49e2321c1e32f85e9e7c2a9c92c688f1f53a947220f40017ff5858b09fdb?s=96&d=mm&r=g","url":"https:\/\/secure.gravatar.com\/avatar\/df8a49e2321c1e32f85e9e7c2a9c92c688f1f53a947220f40017ff5858b09fdb?s=96&d=mm&r=g","contentUrl":"https:\/\/secure.gravatar.com\/avatar\/df8a49e2321c1e32f85e9e7c2a9c92c688f1f53a947220f40017ff5858b09fdb?s=96&d=mm&r=g","caption":"Frederico Tadeu Borlot Peixoto"},"description":"Analista Judici\u00e1rio - \u00c1rea Judici\u00e1ria do TRF da 4\u00aa regi\u00e3o. Bacharel em Direito. P\u00f3s-graduado em Direito Administrativo, Legisla\u00e7\u00e3o Penal Especial, Direito Penal e Direito Processual Penal. Tamb\u00e9m nomeado no TRF da 3\u00aa regi\u00e3o (8\u00ba lugar); SPPREV (3\u00ba lugar); IFES (2\u00ba lugar); e PMES. https:\/\/www.instagram.com\/proffrederico\/","sameAs":["https:\/\/www.instagram.com\/proffrederico\/"],"url":"https:\/\/www.estrategiaconcursos.com.br\/blog\/author\/xfredericohotmail-com\/"}]}},"_links":{"self":[{"href":"https:\/\/www.estrategiaconcursos.com.br\/blog\/wp-json\/wp\/v2\/posts\/1246559","targetHints":{"allow":["GET"]}}],"collection":[{"href":"https:\/\/www.estrategiaconcursos.com.br\/blog\/wp-json\/wp\/v2\/posts"}],"about":[{"href":"https:\/\/www.estrategiaconcursos.com.br\/blog\/wp-json\/wp\/v2\/types\/post"}],"author":[{"embeddable":true,"href":"https:\/\/www.estrategiaconcursos.com.br\/blog\/wp-json\/wp\/v2\/users\/2567"}],"replies":[{"embeddable":true,"href":"https:\/\/www.estrategiaconcursos.com.br\/blog\/wp-json\/wp\/v2\/comments?post=1246559"}],"version-history":[{"count":5,"href":"https:\/\/www.estrategiaconcursos.com.br\/blog\/wp-json\/wp\/v2\/posts\/1246559\/revisions"}],"predecessor-version":[{"id":1246573,"href":"https:\/\/www.estrategiaconcursos.com.br\/blog\/wp-json\/wp\/v2\/posts\/1246559\/revisions\/1246573"}],"wp:featuredmedia":[{"embeddable":true,"href":"https:\/\/www.estrategiaconcursos.com.br\/blog\/wp-json\/wp\/v2\/media\/777041"}],"wp:attachment":[{"href":"https:\/\/www.estrategiaconcursos.com.br\/blog\/wp-json\/wp\/v2\/media?parent=1246559"}],"wp:term":[{"taxonomy":"category","embeddable":true,"href":"https:\/\/www.estrategiaconcursos.com.br\/blog\/wp-json\/wp\/v2\/categories?post=1246559"},{"taxonomy":"post_tag","embeddable":true,"href":"https:\/\/www.estrategiaconcursos.com.br\/blog\/wp-json\/wp\/v2\/tags?post=1246559"},{"taxonomy":"tax_estado","embeddable":true,"href":"https:\/\/www.estrategiaconcursos.com.br\/blog\/wp-json\/wp\/v2\/tax_estado?post=1246559"}],"curies":[{"name":"wp","href":"https:\/\/api.w.org\/{rel}","templated":true}]}}