{"id":1245565,"date":"2023-07-09T21:37:00","date_gmt":"2023-07-10T00:37:00","guid":{"rendered":"https:\/\/www.estrategiaconcursos.com.br\/blog\/?p=1245565"},"modified":"2023-07-09T21:37:02","modified_gmt":"2023-07-10T00:37:02","slug":"recurso-e-gabarito-dep-rs-direito-civil","status":"publish","type":"post","link":"https:\/\/www.estrategiaconcursos.com.br\/blog\/recurso-e-gabarito-dep-rs-direito-civil\/","title":{"rendered":"RECURSO e Gabarito: DEP\/RS \u2013 Direito Civil"},"content":{"rendered":"\n<p>Eu, Prof. Paulo Sousa (IG, FB e YT), vou apresentar o gabarito da prova objetiva de Direito Civil da DPE\/RS \u2013 T\u00e9cnico Administrativo. Vou fazer alguns coment\u00e1rios sobre a prova e analisar a possibilidade de recursos.<\/p>\n\n\n\n<p>Vamos l\u00e1<\/p>\n\n\n\n<figure class=\"wp-block-image size-full\"><img loading=\"lazy\" decoding=\"async\" width=\"707\" height=\"716\" src=\"https:\/\/dhg1h5j42swfq.cloudfront.net\/2023\/07\/09213541\/image-80.png\" alt=\"\" class=\"wp-image-1245567\" srcset=\"https:\/\/dhg1h5j42swfq.cloudfront.net\/2023\/07\/09213541\/image-80.png 707w, https:\/\/dhg1h5j42swfq.cloudfront.net\/2023\/07\/09213541\/image-80-296x300.png 296w, https:\/\/dhg1h5j42swfq.cloudfront.net\/2023\/07\/09213541\/image-80-610x618.png 610w, https:\/\/dhg1h5j42swfq.cloudfront.net\/2023\/07\/09213541\/image-80-96x96.png 96w, https:\/\/dhg1h5j42swfq.cloudfront.net\/2023\/07\/09213541\/image-80-150x152.png 150w\" sizes=\"auto, (max-width: 707px) 100vw, 707px\" \/><\/figure>\n\n\n\n<p><strong>Coment\u00e1rios:<\/strong><\/p>\n\n\n\n<p>A <strong>alternativa A<\/strong> est\u00e1 incorreta, pois em raz\u00e3o do disposto no art. 130 do CC, a Rodrigo \u00e9 resguardada a pr\u00e1tica dos atos destinados a conservar seu direito eventual, por\u00e9m, ele ainda n\u00e3o \u00e9 titular dos direitos a que visa o contrato de aluguel, haja vista n\u00e3o haver expectativa de fato, mas somente de direito.<\/p>\n\n\n\n<p>A <strong>alternativa B<\/strong> est\u00e1 incorreta, pois a Rodrigo \u00e9 permitido apenas a pr\u00e1tica dos atos destinados a conservar seu direito eventual, de maneira que n\u00e3o pode exercer os direitos que visa o contrato de aluguel.<\/p>\n\n\n\n<p>A <strong>alternativa C<\/strong> est\u00e1 incorreta, pois como j\u00e1 analisado, Rodrigo adquiriu o direito \u00e0 pr\u00e1tica dos atos necess\u00e1rios \u00e0 preserva\u00e7\u00e3o de seu direito eventual, na forma do art. 130 do CC, haja vista n\u00e3o haver expectativa de fato, mas somente de direito.<\/p>\n\n\n\n<p>A <strong>alternativa D<\/strong> est\u00e1 correta pois ainda que se trate de condi\u00e7\u00e3o suspensiva, o art. 130 do CC permite ao titular de direito eventual, a pr\u00e1tica dos atos destinados a conserv\u00e1-lo: \u201cArt. 130. Ao titular do direito eventual, nos casos de condi\u00e7\u00e3o suspensiva ou resolutiva, \u00e9 permitido praticar os atos destinados a conserv\u00e1-lo\u201d.<\/p>\n\n\n\n<p>A <strong>alternativa E<\/strong> est\u00e1 incorreta, pois como j\u00e1 analisado, n\u00e3o h\u00e1 expectativa de fato, mas somente de direitos, sendo assim, n\u00e3o h\u00e1 o que se falar em aquisi\u00e7\u00e3o retroativa de direitos.<\/p>\n\n\n\n<figure class=\"wp-block-image size-full\"><img loading=\"lazy\" decoding=\"async\" width=\"656\" height=\"770\" src=\"https:\/\/dhg1h5j42swfq.cloudfront.net\/2023\/07\/09213554\/image-81.png\" alt=\"\" class=\"wp-image-1245568\" srcset=\"https:\/\/dhg1h5j42swfq.cloudfront.net\/2023\/07\/09213554\/image-81.png 656w, https:\/\/dhg1h5j42swfq.cloudfront.net\/2023\/07\/09213554\/image-81-256x300.png 256w, https:\/\/dhg1h5j42swfq.cloudfront.net\/2023\/07\/09213554\/image-81-610x716.png 610w, https:\/\/dhg1h5j42swfq.cloudfront.net\/2023\/07\/09213554\/image-81-150x176.png 150w\" sizes=\"auto, (max-width: 656px) 100vw, 656px\" \/><\/figure>\n\n\n\n<p><br \/><strong>Coment\u00e1rios:<\/strong><\/p>\n\n\n\n<p>A <strong>alternativa A<\/strong> est\u00e1 correta, pois ao casar-se, Aline adquiriu capacidade plena para a pr\u00e1tica dos atos da vida civil, na forma do art. 5\u00ba par\u00e1grafo \u00fanico, inc. II, do CC: \u201cArt. 5\u00ba. Par\u00e1grafo \u00fanico. Cessar\u00e1, para os menores, a incapacidade: II &#8211; pelo casamento. Vale destacar que a capacidade uma vez adquirida, n\u00e3o cessa em raz\u00e3o de div\u00f3rcio. Sendo assim, Aline pode praticar todos os atos da vida civil, sem que seja necess\u00e1ria a assist\u00eancia ou representa\u00e7\u00e3o de seus pais ou respons\u00e1veis. Diante disto, a contrata\u00e7\u00e3o com a institui\u00e7\u00e3o de ensino \u00e9 plenamente v\u00e1lida.<\/p>\n\n\n\n<p>A <strong>alternativa B<\/strong> est\u00e1 incorreta, pois como j\u00e1 analisado, Aline tornou-se plenamente capaz ao casar-se.<\/p>\n\n\n\n<p>A <strong>alternativa C<\/strong> est\u00e1 incorreta, pois o contrato com a institui\u00e7\u00e3o de ensino \u00e9 v\u00e1lido, pois o div\u00f3rcio n\u00e3o revoga a emancipa\u00e7\u00e3o adquirida por Aline.<\/p>\n\n\n\n<p>A <strong>alternativa D<\/strong> est\u00e1 incorreta, pois, al\u00e9m de v\u00e1lida a contrata\u00e7\u00e3o da institui\u00e7\u00e3o de ensino, ela tamb\u00e9m \u00e9 eficaz, uma vez que, como j\u00e1 analisado, Aline possui capacidade civil plena.<\/p>\n\n\n\n<p>A <strong>alternativa E<\/strong> est\u00e1 incorreta, pois o div\u00f3rcio n\u00e3o causa a cassa\u00e7\u00e3o da emancipa\u00e7\u00e3o de Aline.<\/p>\n\n\n\n<figure class=\"wp-block-image size-full\"><img loading=\"lazy\" decoding=\"async\" width=\"700\" height=\"638\" src=\"https:\/\/dhg1h5j42swfq.cloudfront.net\/2023\/07\/09213605\/image-82.png\" alt=\"\" class=\"wp-image-1245569\" srcset=\"https:\/\/dhg1h5j42swfq.cloudfront.net\/2023\/07\/09213605\/image-82.png 700w, https:\/\/dhg1h5j42swfq.cloudfront.net\/2023\/07\/09213605\/image-82-300x273.png 300w, https:\/\/dhg1h5j42swfq.cloudfront.net\/2023\/07\/09213605\/image-82-610x556.png 610w, https:\/\/dhg1h5j42swfq.cloudfront.net\/2023\/07\/09213605\/image-82-150x137.png 150w\" sizes=\"auto, (max-width: 700px) 100vw, 700px\" \/><\/figure>\n\n\n\n<p><br \/><strong>Coment\u00e1rios:<\/strong><\/p>\n\n\n\n<p>A <strong>alternativa A<\/strong> est\u00e1 incorreta, pois al\u00e9m de n\u00e3o prejudicar a terceiros, a ren\u00fancia da prescri\u00e7\u00e3o deve ocorrer ap\u00f3s a sua consuma\u00e7\u00e3o, nos termos do art. 191 do CC: \u201cArt. 191. A ren\u00fancia da prescri\u00e7\u00e3o pode ser expressa ou t\u00e1cita, e s\u00f3 valer\u00e1, sendo feita, sem preju\u00edzo de terceiro, depois que a prescri\u00e7\u00e3o se consumar; t\u00e1cita \u00e9 a ren\u00fancia quando se presume de fatos do interessado, incompat\u00edveis com a prescri\u00e7\u00e3o\u201d.<\/p>\n\n\n\n<p>A <strong>alternativa B<\/strong> est\u00e1 correta, pois a ren\u00fancia da prescri\u00e7\u00e3o somente pode ocorrer ap\u00f3s a sua consuma\u00e7\u00e3o, nos termos do art. 191 do CC. Assim, como a ren\u00fancia de Zuleica ocorreu antes de qualquer prazo prescricional, a cl\u00e1usula \u00e9 inv\u00e1lida. No entanto, n\u00e3o vicia o neg\u00f3cio jur\u00eddico como um todo, em raz\u00e3o do expresso no art. 184 do CC: \u201cArt. 184. Respeitada a inten\u00e7\u00e3o das partes, a invalidade parcial de um neg\u00f3cio jur\u00eddico n\u00e3o o prejudicar\u00e1 na parte v\u00e1lida, se esta for separ\u00e1vel; a invalidade da obriga\u00e7\u00e3o principal implica a das obriga\u00e7\u00f5es acess\u00f3rias, mas a destas n\u00e3o induz a da obriga\u00e7\u00e3o principal\u201d.<\/p>\n\n\n\n<p>A <strong>alternativa C<\/strong> est\u00e1 incorreta, pois a ren\u00fancia feita em contrato por Zuleica \u00e9 inv\u00e1lida e n\u00e3o poder\u00e1 ser confirmada tacitamente, pois para que possa ocorrer, deve haver, para al\u00e9m da aus\u00eancia de preju\u00edzo a terceiros, a consuma\u00e7\u00e3o da prescri\u00e7\u00e3o.<\/p>\n\n\n\n<p>A <strong>alternativa D<\/strong> est\u00e1 incorreta, pois trata-se de cl\u00e1usula inv\u00e1lida e n\u00e3o ineficaz. Al\u00e9m do mais, a pretens\u00e3o de Zuleica se sujeita \u00e0 prescri\u00e7\u00e3o.<\/p>\n\n\n\n<p>A <strong>alternativa E<\/strong> est\u00e1 incorreta, pois trata-se de cl\u00e1usula inv\u00e1lida e n\u00e3o nula. Ademais, n\u00e3o h\u00e1 o que se falar em convalesc\u00eancia ap\u00f3s a consuma\u00e7\u00e3o da prescri\u00e7\u00e3o, em verdade, ela somente seria v\u00e1lida ap\u00f3s tal fato e, se n\u00e3o causasse preju\u00edzo a terceiro, nos termos do art. 191 do CC.<\/p>\n\n\n\n<figure class=\"wp-block-image size-full\"><img loading=\"lazy\" decoding=\"async\" width=\"564\" height=\"738\" src=\"https:\/\/dhg1h5j42swfq.cloudfront.net\/2023\/07\/09213616\/image-83.png\" alt=\"\" class=\"wp-image-1245570\" srcset=\"https:\/\/dhg1h5j42swfq.cloudfront.net\/2023\/07\/09213616\/image-83.png 564w, https:\/\/dhg1h5j42swfq.cloudfront.net\/2023\/07\/09213616\/image-83-229x300.png 229w, https:\/\/dhg1h5j42swfq.cloudfront.net\/2023\/07\/09213616\/image-83-150x196.png 150w\" sizes=\"auto, (max-width: 564px) 100vw, 564px\" \/><\/figure>\n\n\n\n<p><strong>Coment\u00e1rios:<\/strong><\/p>\n\n\n\n<p>A <strong>alternativa E<\/strong> est\u00e1 correta, pois como Carlos tem a inten\u00e7\u00e3o de reinstalar a esquadraria met\u00e1lica que se encontra guardada, esta n\u00e3o perdeu a caracter\u00edstica de bem im\u00f3vel por for\u00e7a do art. 81, inc. II do CC: \u201cArt. 81. N\u00e3o perdem o car\u00e1ter de im\u00f3veis: II &#8211; os materiais provisoriamente separados de um pr\u00e9dio, para nele se reempregarem\u201d. J\u00e1 a nova l\u00e2mina de vidro que Carlos ir\u00e1 receber \u00e9 considerada bem m\u00f3vel, pois ainda que destinada \u00e0 constru\u00e7\u00e3o, n\u00e3o foi empregada, mantendo, portanto, a caracter\u00edstica de bem m\u00f3vel, nos termos do art. 84 do CC: \u201cArt. 84. Os materiais destinados a alguma constru\u00e7\u00e3o, enquanto n\u00e3o forem empregados, conservam sua qualidade de m\u00f3veis; readquirem essa qualidade os provenientes da demoli\u00e7\u00e3o de algum pr\u00e9dio\u201d.<\/p>\n\n\n\n<p>Sendo assim, est\u00e3o incorretas as <strong>alternativas A, B, C e D.<\/strong><\/p>\n\n\n\n<p>Assim, n\u00e3o visualizei possibilidade de recurso em quest\u00f5es de Direito Civil.<\/p>\n\n\n\n<p>Espero que voc\u00ea tenha ido bem na prova!<\/p>\n\n\n\n<p><br \/>Voc\u00ea j\u00e1 est\u00e1 preparado para as pr\u00f3ximas etapas? O Estrat\u00e9gia tem cursos para todas as etapas da DPE\/RS e eu sou o Professor respons\u00e1vel pelo Direito Civil! Fique ligado!<\/p>\n\n\n\n<p>Abra\u00e7o,<\/p>\n\n\n\n<p><a href=\"https:\/\/www.estrategiaconcursos.com.br\/cursosPorProfessor\/paulo-h-m-sousa-3384\/\">Paulo H M Sousa<\/a><\/p>\n\n\n\n<p><a href=\"http:\/\/www.instagram.com.br\/prof.phms\">Instagram<\/a><\/p>\n\n\n\n<p><a href=\"http:\/\/www.facebook.com.br\/prof.phms\">Facebook<\/a><\/p>\n\n\n\n<p><a href=\"https:\/\/www.youtube.com\/channel\/UC5BNzTLlcneB_x1aUAhXBAg\">Youtube<\/a><\/p>\n","protected":false},"excerpt":{"rendered":"<p>Eu, Prof. Paulo Sousa (IG, FB e YT), vou apresentar o gabarito da prova objetiva de Direito Civil da DPE\/RS \u2013 T\u00e9cnico Administrativo. Vou fazer alguns coment\u00e1rios sobre a prova e analisar a possibilidade de recursos. Vamos l\u00e1 Coment\u00e1rios: A alternativa A est\u00e1 incorreta, pois em raz\u00e3o do disposto no art. 130 do CC, a [&hellip;]<\/p>\n","protected":false},"author":1094,"featured_media":0,"comment_status":"open","ping_status":"closed","sticky":false,"template":"","format":"standard","meta":{"post_tipo":"article","footnotes":""},"categories":[1],"tags":[],"tax_estado":[],"class_list":["post-1245565","post","type-post","status-publish","format-standard","hentry","category-cursos-e-concursos"],"acf":[],"yoast_head":"<!-- This site is optimized with the Yoast SEO Premium plugin v27.2 (Yoast SEO v27.2) - https:\/\/yoast.com\/product\/yoast-seo-premium-wordpress\/ -->\n<title>RECURSO e Gabarito: DEP\/RS \u2013 Direito Civil<\/title>\n<meta name=\"robots\" content=\"index, follow, max-snippet:-1, max-image-preview:large, max-video-preview:-1\" \/>\n<link rel=\"canonical\" href=\"https:\/\/www.estrategiaconcursos.com.br\/blog\/recurso-e-gabarito-dep-rs-direito-civil\/\" \/>\n<meta property=\"og:locale\" content=\"pt_BR\" \/>\n<meta property=\"og:type\" content=\"article\" \/>\n<meta property=\"og:title\" content=\"RECURSO e Gabarito: DEP\/RS \u2013 Direito Civil\" \/>\n<meta property=\"og:description\" content=\"Eu, Prof. Paulo Sousa (IG, FB e YT), vou apresentar o gabarito da prova objetiva de Direito Civil da DPE\/RS \u2013 T\u00e9cnico Administrativo. Vou fazer alguns coment\u00e1rios sobre a prova e analisar a possibilidade de recursos. Vamos l\u00e1 Coment\u00e1rios: A alternativa A est\u00e1 incorreta, pois em raz\u00e3o do disposto no art. 130 do CC, a [&hellip;]\" \/>\n<meta property=\"og:url\" content=\"https:\/\/www.estrategiaconcursos.com.br\/blog\/recurso-e-gabarito-dep-rs-direito-civil\/\" \/>\n<meta property=\"og:site_name\" content=\"Estrat\u00e9gia Concursos\" \/>\n<meta property=\"article:published_time\" content=\"2023-07-10T00:37:00+00:00\" \/>\n<meta property=\"article:modified_time\" content=\"2023-07-10T00:37:02+00:00\" \/>\n<meta property=\"og:image\" content=\"https:\/\/www.estrategiaconcursos.com.br\/blog\/wp-content\/uploads\/2023\/07\/image-80.png\" \/>\n<meta name=\"author\" content=\"Paulo Sousa (Coord.)\" \/>\n<meta name=\"twitter:card\" content=\"summary_large_image\" \/>\n<meta name=\"twitter:creator\" content=\"@EstratConcursos\" \/>\n<meta name=\"twitter:site\" content=\"@EstratConcursos\" \/>\n<meta name=\"twitter:label1\" content=\"Escrito por\" \/>\n\t<meta name=\"twitter:data1\" content=\"Paulo Sousa (Coord.)\" \/>\n\t<meta name=\"twitter:label2\" content=\"Est. tempo de leitura\" \/>\n\t<meta name=\"twitter:data2\" content=\"5 minutos\" \/>\n<script type=\"application\/ld+json\" class=\"yoast-schema-graph\">{\"@context\":\"https:\/\/schema.org\",\"@graph\":[{\"@type\":\"NewsArticle\",\"@id\":\"https:\/\/www.estrategiaconcursos.com.br\/blog\/recurso-e-gabarito-dep-rs-direito-civil\/#article\",\"isPartOf\":{\"@id\":\"https:\/\/www.estrategiaconcursos.com.br\/blog\/recurso-e-gabarito-dep-rs-direito-civil\/\"},\"author\":{\"name\":\"Paulo Sousa (Coord.)\",\"@id\":\"https:\/\/www.estrategiaconcursos.com.br\/blog\/#\/schema\/person\/f6cf94f3aa8ed75620a4506ad577b88a\"},\"headline\":\"RECURSO e Gabarito: DEP\/RS \u2013 Direito Civil\",\"datePublished\":\"2023-07-10T00:37:00+00:00\",\"dateModified\":\"2023-07-10T00:37:02+00:00\",\"mainEntityOfPage\":{\"@id\":\"https:\/\/www.estrategiaconcursos.com.br\/blog\/recurso-e-gabarito-dep-rs-direito-civil\/\"},\"wordCount\":1034,\"commentCount\":0,\"publisher\":{\"@id\":\"https:\/\/www.estrategiaconcursos.com.br\/blog\/#organization\"},\"image\":{\"@id\":\"https:\/\/www.estrategiaconcursos.com.br\/blog\/recurso-e-gabarito-dep-rs-direito-civil\/#primaryimage\"},\"thumbnailUrl\":\"https:\/\/www.estrategiaconcursos.com.br\/blog\/wp-content\/uploads\/2023\/07\/image-80.png\",\"articleSection\":[\"Concursos P\u00fablicos\"],\"inLanguage\":\"pt-BR\",\"potentialAction\":[{\"@type\":\"CommentAction\",\"name\":\"Comment\",\"target\":[\"https:\/\/www.estrategiaconcursos.com.br\/blog\/recurso-e-gabarito-dep-rs-direito-civil\/#respond\"]}],\"copyrightYear\":\"2023\",\"copyrightHolder\":{\"@id\":\"https:\/\/www.estrategiaconcursos.com.br\/blog\/#organization\"}},{\"@type\":\"WebPage\",\"@id\":\"https:\/\/www.estrategiaconcursos.com.br\/blog\/recurso-e-gabarito-dep-rs-direito-civil\/\",\"url\":\"https:\/\/www.estrategiaconcursos.com.br\/blog\/recurso-e-gabarito-dep-rs-direito-civil\/\",\"name\":\"RECURSO e Gabarito: DEP\/RS \u2013 Direito Civil\",\"isPartOf\":{\"@id\":\"https:\/\/www.estrategiaconcursos.com.br\/blog\/#website\"},\"primaryImageOfPage\":{\"@id\":\"https:\/\/www.estrategiaconcursos.com.br\/blog\/recurso-e-gabarito-dep-rs-direito-civil\/#primaryimage\"},\"image\":{\"@id\":\"https:\/\/www.estrategiaconcursos.com.br\/blog\/recurso-e-gabarito-dep-rs-direito-civil\/#primaryimage\"},\"thumbnailUrl\":\"https:\/\/www.estrategiaconcursos.com.br\/blog\/wp-content\/uploads\/2023\/07\/image-80.png\",\"datePublished\":\"2023-07-10T00:37:00+00:00\",\"dateModified\":\"2023-07-10T00:37:02+00:00\",\"breadcrumb\":{\"@id\":\"https:\/\/www.estrategiaconcursos.com.br\/blog\/recurso-e-gabarito-dep-rs-direito-civil\/#breadcrumb\"},\"inLanguage\":\"pt-BR\",\"potentialAction\":[{\"@type\":\"ReadAction\",\"target\":[\"https:\/\/www.estrategiaconcursos.com.br\/blog\/recurso-e-gabarito-dep-rs-direito-civil\/\"]}]},{\"@type\":\"ImageObject\",\"inLanguage\":\"pt-BR\",\"@id\":\"https:\/\/www.estrategiaconcursos.com.br\/blog\/recurso-e-gabarito-dep-rs-direito-civil\/#primaryimage\",\"url\":\"https:\/\/dhg1h5j42swfq.cloudfront.net\/2023\/07\/09213541\/image-80.png\",\"contentUrl\":\"https:\/\/dhg1h5j42swfq.cloudfront.net\/2023\/07\/09213541\/image-80.png\",\"width\":707,\"height\":716},{\"@type\":\"BreadcrumbList\",\"@id\":\"https:\/\/www.estrategiaconcursos.com.br\/blog\/recurso-e-gabarito-dep-rs-direito-civil\/#breadcrumb\",\"itemListElement\":[{\"@type\":\"ListItem\",\"position\":1,\"name\":\"In\u00edcio\",\"item\":\"https:\/\/www.estrategiaconcursos.com.br\/blog\/\"},{\"@type\":\"ListItem\",\"position\":2,\"name\":\"RECURSO e Gabarito: DEP\/RS \u2013 Direito Civil\"}]},{\"@type\":\"WebSite\",\"@id\":\"https:\/\/www.estrategiaconcursos.com.br\/blog\/#website\",\"url\":\"https:\/\/www.estrategiaconcursos.com.br\/blog\/\",\"name\":\"Estrat\u00e9gia Concursos\",\"description\":\"O blog da Estrat\u00e9gia Concursos traz not\u00edcias sobre concursos e artigos de professores oferecendo cursos para concursos (pdf + videaulas) no site.\",\"publisher\":{\"@id\":\"https:\/\/www.estrategiaconcursos.com.br\/blog\/#organization\"},\"potentialAction\":[{\"@type\":\"SearchAction\",\"target\":{\"@type\":\"EntryPoint\",\"urlTemplate\":\"https:\/\/www.estrategiaconcursos.com.br\/blog\/?s={search_term_string}\"},\"query-input\":{\"@type\":\"PropertyValueSpecification\",\"valueRequired\":true,\"valueName\":\"search_term_string\"}}],\"inLanguage\":\"pt-BR\"},{\"@type\":\"Organization\",\"@id\":\"https:\/\/www.estrategiaconcursos.com.br\/blog\/#organization\",\"name\":\"Estrat\u00e9gia Concursos\",\"url\":\"https:\/\/www.estrategiaconcursos.com.br\/blog\/\",\"logo\":{\"@type\":\"ImageObject\",\"inLanguage\":\"pt-BR\",\"@id\":\"https:\/\/www.estrategiaconcursos.com.br\/blog\/#\/schema\/logo\/image\/\",\"url\":\"https:\/\/dhg1h5j42swfq.cloudfront.net\/2025\/06\/03203428\/logo_concursos-1.jpg\",\"contentUrl\":\"https:\/\/dhg1h5j42swfq.cloudfront.net\/2025\/06\/03203428\/logo_concursos-1.jpg\",\"width\":230,\"height\":60,\"caption\":\"Estrat\u00e9gia Concursos\"},\"image\":{\"@id\":\"https:\/\/www.estrategiaconcursos.com.br\/blog\/#\/schema\/logo\/image\/\"},\"sameAs\":[\"https:\/\/x.com\/EstratConcursos\"]},{\"@type\":\"Person\",\"@id\":\"https:\/\/www.estrategiaconcursos.com.br\/blog\/#\/schema\/person\/f6cf94f3aa8ed75620a4506ad577b88a\",\"name\":\"Paulo Sousa (Coord.)\",\"image\":{\"@type\":\"ImageObject\",\"inLanguage\":\"pt-BR\",\"@id\":\"https:\/\/secure.gravatar.com\/avatar\/29f9e2d4ed868d929b68f3762e3577b9db519beed74b347b76e194f9a3293cf1?s=96&d=mm&r=g\",\"url\":\"https:\/\/secure.gravatar.com\/avatar\/29f9e2d4ed868d929b68f3762e3577b9db519beed74b347b76e194f9a3293cf1?s=96&d=mm&r=g\",\"contentUrl\":\"https:\/\/secure.gravatar.com\/avatar\/29f9e2d4ed868d929b68f3762e3577b9db519beed74b347b76e194f9a3293cf1?s=96&d=mm&r=g\",\"caption\":\"Paulo Sousa (Coord.)\"},\"url\":\"https:\/\/www.estrategiaconcursos.com.br\/blog\/author\/prof-phmsestrategiaconcursos-com-br\/\"}]}<\/script>\n<!-- \/ Yoast SEO Premium plugin. -->","yoast_head_json":{"title":"RECURSO e Gabarito: DEP\/RS \u2013 Direito Civil","robots":{"index":"index","follow":"follow","max-snippet":"max-snippet:-1","max-image-preview":"max-image-preview:large","max-video-preview":"max-video-preview:-1"},"canonical":"https:\/\/www.estrategiaconcursos.com.br\/blog\/recurso-e-gabarito-dep-rs-direito-civil\/","og_locale":"pt_BR","og_type":"article","og_title":"RECURSO e Gabarito: DEP\/RS \u2013 Direito Civil","og_description":"Eu, Prof. Paulo Sousa (IG, FB e YT), vou apresentar o gabarito da prova objetiva de Direito Civil da DPE\/RS \u2013 T\u00e9cnico Administrativo. Vou fazer alguns coment\u00e1rios sobre a prova e analisar a possibilidade de recursos. Vamos l\u00e1 Coment\u00e1rios: A alternativa A est\u00e1 incorreta, pois em raz\u00e3o do disposto no art. 130 do CC, a [&hellip;]","og_url":"https:\/\/www.estrategiaconcursos.com.br\/blog\/recurso-e-gabarito-dep-rs-direito-civil\/","og_site_name":"Estrat\u00e9gia Concursos","article_published_time":"2023-07-10T00:37:00+00:00","article_modified_time":"2023-07-10T00:37:02+00:00","og_image":[{"url":"https:\/\/www.estrategiaconcursos.com.br\/blog\/wp-content\/uploads\/2023\/07\/image-80.png","type":"","width":"","height":""}],"author":"Paulo Sousa (Coord.)","twitter_card":"summary_large_image","twitter_creator":"@EstratConcursos","twitter_site":"@EstratConcursos","twitter_misc":{"Escrito por":"Paulo Sousa (Coord.)","Est. tempo de leitura":"5 minutos"},"schema":{"@context":"https:\/\/schema.org","@graph":[{"@type":"NewsArticle","@id":"https:\/\/www.estrategiaconcursos.com.br\/blog\/recurso-e-gabarito-dep-rs-direito-civil\/#article","isPartOf":{"@id":"https:\/\/www.estrategiaconcursos.com.br\/blog\/recurso-e-gabarito-dep-rs-direito-civil\/"},"author":{"name":"Paulo Sousa (Coord.)","@id":"https:\/\/www.estrategiaconcursos.com.br\/blog\/#\/schema\/person\/f6cf94f3aa8ed75620a4506ad577b88a"},"headline":"RECURSO e Gabarito: DEP\/RS \u2013 Direito Civil","datePublished":"2023-07-10T00:37:00+00:00","dateModified":"2023-07-10T00:37:02+00:00","mainEntityOfPage":{"@id":"https:\/\/www.estrategiaconcursos.com.br\/blog\/recurso-e-gabarito-dep-rs-direito-civil\/"},"wordCount":1034,"commentCount":0,"publisher":{"@id":"https:\/\/www.estrategiaconcursos.com.br\/blog\/#organization"},"image":{"@id":"https:\/\/www.estrategiaconcursos.com.br\/blog\/recurso-e-gabarito-dep-rs-direito-civil\/#primaryimage"},"thumbnailUrl":"https:\/\/www.estrategiaconcursos.com.br\/blog\/wp-content\/uploads\/2023\/07\/image-80.png","articleSection":["Concursos P\u00fablicos"],"inLanguage":"pt-BR","potentialAction":[{"@type":"CommentAction","name":"Comment","target":["https:\/\/www.estrategiaconcursos.com.br\/blog\/recurso-e-gabarito-dep-rs-direito-civil\/#respond"]}],"copyrightYear":"2023","copyrightHolder":{"@id":"https:\/\/www.estrategiaconcursos.com.br\/blog\/#organization"}},{"@type":"WebPage","@id":"https:\/\/www.estrategiaconcursos.com.br\/blog\/recurso-e-gabarito-dep-rs-direito-civil\/","url":"https:\/\/www.estrategiaconcursos.com.br\/blog\/recurso-e-gabarito-dep-rs-direito-civil\/","name":"RECURSO e Gabarito: DEP\/RS \u2013 Direito Civil","isPartOf":{"@id":"https:\/\/www.estrategiaconcursos.com.br\/blog\/#website"},"primaryImageOfPage":{"@id":"https:\/\/www.estrategiaconcursos.com.br\/blog\/recurso-e-gabarito-dep-rs-direito-civil\/#primaryimage"},"image":{"@id":"https:\/\/www.estrategiaconcursos.com.br\/blog\/recurso-e-gabarito-dep-rs-direito-civil\/#primaryimage"},"thumbnailUrl":"https:\/\/www.estrategiaconcursos.com.br\/blog\/wp-content\/uploads\/2023\/07\/image-80.png","datePublished":"2023-07-10T00:37:00+00:00","dateModified":"2023-07-10T00:37:02+00:00","breadcrumb":{"@id":"https:\/\/www.estrategiaconcursos.com.br\/blog\/recurso-e-gabarito-dep-rs-direito-civil\/#breadcrumb"},"inLanguage":"pt-BR","potentialAction":[{"@type":"ReadAction","target":["https:\/\/www.estrategiaconcursos.com.br\/blog\/recurso-e-gabarito-dep-rs-direito-civil\/"]}]},{"@type":"ImageObject","inLanguage":"pt-BR","@id":"https:\/\/www.estrategiaconcursos.com.br\/blog\/recurso-e-gabarito-dep-rs-direito-civil\/#primaryimage","url":"https:\/\/dhg1h5j42swfq.cloudfront.net\/2023\/07\/09213541\/image-80.png","contentUrl":"https:\/\/dhg1h5j42swfq.cloudfront.net\/2023\/07\/09213541\/image-80.png","width":707,"height":716},{"@type":"BreadcrumbList","@id":"https:\/\/www.estrategiaconcursos.com.br\/blog\/recurso-e-gabarito-dep-rs-direito-civil\/#breadcrumb","itemListElement":[{"@type":"ListItem","position":1,"name":"In\u00edcio","item":"https:\/\/www.estrategiaconcursos.com.br\/blog\/"},{"@type":"ListItem","position":2,"name":"RECURSO e Gabarito: DEP\/RS \u2013 Direito Civil"}]},{"@type":"WebSite","@id":"https:\/\/www.estrategiaconcursos.com.br\/blog\/#website","url":"https:\/\/www.estrategiaconcursos.com.br\/blog\/","name":"Estrat\u00e9gia Concursos","description":"O blog da Estrat\u00e9gia Concursos traz not\u00edcias sobre concursos e artigos de professores oferecendo cursos para concursos (pdf + videaulas) no site.","publisher":{"@id":"https:\/\/www.estrategiaconcursos.com.br\/blog\/#organization"},"potentialAction":[{"@type":"SearchAction","target":{"@type":"EntryPoint","urlTemplate":"https:\/\/www.estrategiaconcursos.com.br\/blog\/?s={search_term_string}"},"query-input":{"@type":"PropertyValueSpecification","valueRequired":true,"valueName":"search_term_string"}}],"inLanguage":"pt-BR"},{"@type":"Organization","@id":"https:\/\/www.estrategiaconcursos.com.br\/blog\/#organization","name":"Estrat\u00e9gia Concursos","url":"https:\/\/www.estrategiaconcursos.com.br\/blog\/","logo":{"@type":"ImageObject","inLanguage":"pt-BR","@id":"https:\/\/www.estrategiaconcursos.com.br\/blog\/#\/schema\/logo\/image\/","url":"https:\/\/dhg1h5j42swfq.cloudfront.net\/2025\/06\/03203428\/logo_concursos-1.jpg","contentUrl":"https:\/\/dhg1h5j42swfq.cloudfront.net\/2025\/06\/03203428\/logo_concursos-1.jpg","width":230,"height":60,"caption":"Estrat\u00e9gia Concursos"},"image":{"@id":"https:\/\/www.estrategiaconcursos.com.br\/blog\/#\/schema\/logo\/image\/"},"sameAs":["https:\/\/x.com\/EstratConcursos"]},{"@type":"Person","@id":"https:\/\/www.estrategiaconcursos.com.br\/blog\/#\/schema\/person\/f6cf94f3aa8ed75620a4506ad577b88a","name":"Paulo Sousa (Coord.)","image":{"@type":"ImageObject","inLanguage":"pt-BR","@id":"https:\/\/secure.gravatar.com\/avatar\/29f9e2d4ed868d929b68f3762e3577b9db519beed74b347b76e194f9a3293cf1?s=96&d=mm&r=g","url":"https:\/\/secure.gravatar.com\/avatar\/29f9e2d4ed868d929b68f3762e3577b9db519beed74b347b76e194f9a3293cf1?s=96&d=mm&r=g","contentUrl":"https:\/\/secure.gravatar.com\/avatar\/29f9e2d4ed868d929b68f3762e3577b9db519beed74b347b76e194f9a3293cf1?s=96&d=mm&r=g","caption":"Paulo Sousa (Coord.)"},"url":"https:\/\/www.estrategiaconcursos.com.br\/blog\/author\/prof-phmsestrategiaconcursos-com-br\/"}]}},"_links":{"self":[{"href":"https:\/\/www.estrategiaconcursos.com.br\/blog\/wp-json\/wp\/v2\/posts\/1245565","targetHints":{"allow":["GET"]}}],"collection":[{"href":"https:\/\/www.estrategiaconcursos.com.br\/blog\/wp-json\/wp\/v2\/posts"}],"about":[{"href":"https:\/\/www.estrategiaconcursos.com.br\/blog\/wp-json\/wp\/v2\/types\/post"}],"author":[{"embeddable":true,"href":"https:\/\/www.estrategiaconcursos.com.br\/blog\/wp-json\/wp\/v2\/users\/1094"}],"replies":[{"embeddable":true,"href":"https:\/\/www.estrategiaconcursos.com.br\/blog\/wp-json\/wp\/v2\/comments?post=1245565"}],"version-history":[{"count":1,"href":"https:\/\/www.estrategiaconcursos.com.br\/blog\/wp-json\/wp\/v2\/posts\/1245565\/revisions"}],"predecessor-version":[{"id":1245571,"href":"https:\/\/www.estrategiaconcursos.com.br\/blog\/wp-json\/wp\/v2\/posts\/1245565\/revisions\/1245571"}],"wp:attachment":[{"href":"https:\/\/www.estrategiaconcursos.com.br\/blog\/wp-json\/wp\/v2\/media?parent=1245565"}],"wp:term":[{"taxonomy":"category","embeddable":true,"href":"https:\/\/www.estrategiaconcursos.com.br\/blog\/wp-json\/wp\/v2\/categories?post=1245565"},{"taxonomy":"post_tag","embeddable":true,"href":"https:\/\/www.estrategiaconcursos.com.br\/blog\/wp-json\/wp\/v2\/tags?post=1245565"},{"taxonomy":"tax_estado","embeddable":true,"href":"https:\/\/www.estrategiaconcursos.com.br\/blog\/wp-json\/wp\/v2\/tax_estado?post=1245565"}],"curies":[{"name":"wp","href":"https:\/\/api.w.org\/{rel}","templated":true}]}}