{"id":1245504,"date":"2023-07-09T19:40:00","date_gmt":"2023-07-09T22:40:00","guid":{"rendered":"https:\/\/www.estrategiaconcursos.com.br\/blog\/?p=1245504"},"modified":"2023-07-09T22:42:01","modified_gmt":"2023-07-10T01:42:01","slug":"gabarito-dpe-rs-tecnico-judiciario-administrativa","status":"publish","type":"post","link":"https:\/\/www.estrategiaconcursos.com.br\/blog\/gabarito-dpe-rs-tecnico-judiciario-administrativa\/","title":{"rendered":"Gabarito Extraoficial DPE RS: T\u00e9cnico Judici\u00e1rio- \u00c1rea Administrativa"},"content":{"rendered":"\n<p>As provas do concurso DPE RS foram aplicadas neste domingo, 09 de julho, para o cargo de<strong> T\u00e9cnico Judici\u00e1rio- \u00c1rea Administrativa<\/strong>, cujo gabarito extraoficial voc\u00ea pode conferir nesta mat\u00e9ria.<\/p>\n\n\n\n<p>Com remunera\u00e7\u00e3o inicial que pode chegar at\u00e9 <span style=\"color: initial;\"><strong>R$ 4.091,90<\/strong><\/span>, os cargos de\u00a0T\u00e9cnico Judici\u00e1rio\u00a0exigem n\u00edvel m\u00e9dio de escolaridade.<\/p>\n\n\n\n<p>A sele\u00e7\u00e3o dos candidatos se deu por meio Prova Objetiva e Prova Dissertativa, de car\u00e1ter eliminat\u00f3rio e classificat\u00f3rio, aplicadas\u00a0<strong>das\u00a015h \u00e0s 19h<\/strong>.<\/p>\n\n\n\n<p>Com o intuito de ajudar os nossos alunos neste momento p\u00f3s prova, de muita ansiedade, realizaremos, a partir das\u00a0<strong>19h:40<\/strong>, deste\u00a0<strong>domingo<\/strong>\u00a0(<strong>09)<\/strong>, o evento \u2018<strong>Gabarito Extraoficial\u00a0DPE RS Servidor \u2013 Cargo: T\u00e9cnico Judici\u00e1rio \u2013\u00a0\u00c1rea: T\u00e9cnico-Administrativa<\/strong>&#8216;.<\/p>\n\n\n\n<h3 class=\"wp-block-heading has-text-align-center has-background\" id=\"h-gabarito-extraoficial-dpe-rs-cargo-tecnico-judiciario-area-tecnico-administrativa\" style=\"background-color:#8a51e02e\"><strong>Gabarito Extraoficial\u00a0DPE RS \u2013 Cargo: T\u00e9cnico Judici\u00e1rio \u2013\u00a0\u00c1rea: T\u00e9cnico-Administrativa<\/strong><\/h3>\n\n\n<figure class=\"wp-block-embed-youtube wp-block-embed is-type-video is-provider-youtube wp-embed-aspect-16-9 wp-has-aspect-ratio\"><div class=\"lyte-wrapper\" style=\"width:853px;max-width:100%;margin:5px;\"><div class=\"lyMe\" id=\"WYL_tWJKPUtQB14\"><div id=\"lyte_tWJKPUtQB14\" data-src=\"\/\/i.ytimg.com\/vi\/tWJKPUtQB14\/hqdefault.jpg\" class=\"pL\"><div class=\"tC\"><div class=\"tT\"><\/div><\/div><div class=\"play\"><\/div><div class=\"ctrl\"><div class=\"Lctrl\"><\/div><div class=\"Rctrl\"><\/div><\/div><\/div><noscript><a href=\"https:\/\/youtu.be\/tWJKPUtQB14\" rel=\"nofollow\"><img loading=\"lazy\" decoding=\"async\" src=\"https:\/\/i.ytimg.com\/vi\/tWJKPUtQB14\/0.jpg\" alt=\"YouTube video thumbnail\" width=\"853\" height=\"460\" \/><br \/>Assista a este v\u00eddeo no YouTube<\/a><\/noscript><\/div><\/div><div class=\"lL\" style=\"max-width:100%;width:853px;margin:5px;\"><\/div><figcaption><\/figcaption><\/figure>\n\n\n<p>A seguir, voc\u00ea pode consultar o <strong>Gabarito Extraoficial\u00a0DPE RS \u2013 Cargo: T\u00e9cnico Judici\u00e1rio \u2013\u00a0\u00c1rea: T\u00e9cnico-Administrativa<\/strong>\u00a0 com as quest\u00f5es corrigidas pelos nossos professores.<\/p>\n\n\n\n<p>Como h\u00e1 v\u00e1rios tipos de provas, voc\u00ea pode conferir o in\u00edcio da quest\u00e3o do gabarito DPE RS T\u00e9cnico -\u00c1rea Administrativa.<\/p>\n\n\n\n<p><strong>Quest\u00e3o 1:<\/strong> &#8220;O texto 1 discute o problema da seguran\u00e7a&#8230;&#8221;<br \/><strong><em>Resposta:<\/em><\/strong> &#8220;<em>status<\/em> do carro.&#8221;<\/p>\n\n\n\n<p><strong>Quest\u00e3o 2:<\/strong>\u00a0&#8220;Do ponto de vista da organiza\u00e7\u00e3o&#8230;&#8221;<br \/><strong><em>Resposta:<\/em><\/strong>\u00a0&#8220;perspectiva particularizante&#8230;&#8221;<\/p>\n\n\n\n<p><strong>Quest\u00e3o 3:<\/strong>\u00a0&#8220;&#8216;<em>Por isso<\/em>, estamos deixando de falar em <em>redu\u00e7\u00e3o<\/em>&#8230;&#8221;<br \/><strong><em>Resposta:<\/em><\/strong>\u00a0&#8220;redu\u00e7\u00e3o da velocidade m\u00e1xima&#8230;&#8221;<\/p>\n\n\n\n<p><strong>Quest\u00e3o 4:<\/strong> &#8220;Em diversas passagens do texto 1&#8230;&#8221;\u00a0<br \/><strong><em>Resposta:<\/em><\/strong>\u00a0&#8220;&#8216;At\u00e9 que um dia&#8230;&#8217; &#8220;<\/p>\n\n\n\n<p><strong>Quest\u00e3o 5:<\/strong>\u00a0&#8220;&#8216;O m\u00e1ximo para vias coletoras&#8230;'&#8221;<br \/><strong><em>Resposta:<\/em><\/strong>\u00a0&#8220;Este projeto, se colocado em pr\u00e1tica&#8230;&#8221;<\/p>\n\n\n\n<p><strong>Quest\u00e3o 6:<\/strong>\u00a0&#8220;&#8216;\u00c9 preciso mudar a vis\u00e3o&#8230;'&#8221; <br \/><strong><em>Resposta:<\/em><\/strong>\u00a0&#8220;\u00c9 preciso mudar a vis\u00e3o de que a &#8216;velocidade vai fazer eu chegar primeiro&#8217;, pois j\u00e1 est\u00e1 provado&#8230;&#8221;<\/p>\n\n\n\n<p><strong>Quest\u00e3o 7:<\/strong>\u00a0&#8220;&#8216;Outras experi\u00eancias dentro e fora do Brasil&#8230;'&#8221;<br \/><strong><em>Resposta:<\/em><\/strong>\u00a0&#8220;&#8216;Quando a quest\u00e3o s\u00e3o limites&#8230;&#8217; &#8220;<\/p>\n\n\n\n<p><strong>Quest\u00e3o 8:<\/strong>\u00a0&#8220;&#8216;A bicicleta \u00e9 vista&#8230;'&#8221;<br \/><strong><em>Resposta:<\/em><\/strong>\u00a0&#8220;no senso comum&#8230;&#8221;<\/p>\n\n\n\n<p><strong>Quest\u00e3o 9:<\/strong> &#8220;&#8216;Tend\u00eancia em cidades que s\u00e3o exemplos&#8217;&#8230;&#8221;<br \/><strong><em>Resposta:<\/em><\/strong>\u00a0&#8220;deslocamento n\u00e3o&#8230;&#8221;<\/p>\n\n\n\n<p><strong>Quest\u00e3o 10:<\/strong>\u00a0&#8220;&#8216;Por isso estamos deixando de falar em redu\u00e7\u00e3o [&#8230;] Nessa passagem o do texto 1, o emprego do it\u00e1lico&#8230;'&#8221;<br \/><strong><em>Resposta:<\/em><\/strong>\u00a0&#8220;Marcar que os itens&#8230;&#8221;\/ &#8220;indicar que os termos em destaque&#8230;&#8221; (Pass\u00edvel de recurso).<\/p>\n\n\n\n<p><strong>Quest\u00e3o 11:<\/strong>\u00a0&#8220;&#8216;Se antes era um elemento&#8230;&#8221;<br \/><strong><em>Resposta:<\/em><\/strong>\u00a0&#8220;Concess\u00e3o.&#8221;<\/p>\n\n\n\n<p><strong>Quest\u00e3o 12:<\/strong>\u00a0&#8220;&#8216;Outras experi\u00eancias [&#8230;]&#8217;. A passagem do texto 1 acima&#8221;<br \/><strong><em>Resposta:<\/em><\/strong>\u00a0&#8220;Conforme demonstrado&#8230;&#8221;<\/p>\n\n\n\n<p><strong>Quest\u00e3o 13:<\/strong>\u00a0&#8220;O texto 2 tem car\u00e1ter argumentativo&#8230;&#8221;<br \/><strong><em>Resposta:<\/em><\/strong> &#8220;&#8216;Melhorar as condi\u00e7\u00f5es&#8230;'&#8221;<\/p>\n\n\n\n<p><strong>Quest\u00e3o 14:<\/strong>\u00a0&#8220;&#8216;No caso dos longos deslocamentos&#8230;'&#8221;<br \/><strong><em>Resposta:<\/em><\/strong>\u00a0&#8220;reprodu\u00e7\u00e3o de uma mesma&#8230;&#8221;<\/p>\n\n\n\n<p><strong>Quest\u00e3o 15:<\/strong>\u00a0&#8220;Embora o texto 2 apresente&#8230;&#8221;<br \/><strong><em>Resposta:<\/em><\/strong> &#8220;&#8216;Sabe-se que n\u00e3o s\u00e3o apenas&#8230;'&#8221;<\/p>\n\n\n\n<p><strong>Quest\u00e3o 16:<\/strong>\u00a0&#8220;&#8216;As cidades surgiram&#8230;'&#8221;<br \/><strong><em>Resposta:<\/em><\/strong>\u00a0&#8220;O surgimento das cidades decorreu&#8230;&#8221;<\/p>\n\n\n\n<p><strong>Quest\u00e3o 17:<\/strong>\u00a0&#8220;Ao estabelecer um di\u00e1logo&#8230;&#8221;<br \/><strong><em>Resposta:<\/em><\/strong>\u00a0&#8220;questiona a ideia&#8230;&#8221;\/ &#8220;amplia a ideia do texto&#8230;&#8221;(Pass\u00edvel de recurso).<\/p>\n\n\n\n<p><strong>Quest\u00e3o 18:<\/strong>\u00a0&#8220;&#8216;Nesse contexto, a cidade&#8230;'&#8221;<br \/><strong><em>Resposta:<\/em><\/strong> &#8220;Nesse contexto a cidade \u00e9 o resultado de uma complexa intera\u00e7\u00e3o entre governan\u00e7a , ambientes urbanos f\u00edsicos, sociais e econ\u00f4micos, tendo, como protagonista&#8230;&#8221;<\/p>\n\n\n\n<p><strong>Quest\u00e3o 19:<\/strong>\u00a0&#8220;O texto 2 apresenta uma linguagem&#8230;&#8221;<br \/><strong><em>Resposta:<\/em><\/strong>\u00a0&#8220;voz passiva sint\u00e9tica&#8230;&#8221;<\/p>\n\n\n\n<p><strong>Quest\u00e3o 20:<\/strong>\u00a0&#8220;Em cada alternativa abaixo&#8230;&#8221;<br \/><strong><em>Resposta:<\/em><\/strong>\u00a0&#8220;Em uma complementariedade&#8230;&#8221;<\/p>\n\n\n\n<p><strong>Quest\u00e3o 21:<\/strong>\u00a0&#8220;Um dado c\u00fabico honesto&#8230;&#8221;<br \/><strong><em>Resposta:<\/em><\/strong>\u00a0&#8220;7\/12&#8221;<\/p>\n\n\n\n<p><strong>Quest\u00e3o 22:<\/strong>\u00a0&#8220;As amigas Carla e Diana&#8230;&#8221;<br \/><strong><em>Resposta:<\/em><\/strong>\u00a0&#8220;3&#8221;<\/p>\n\n\n\n<p><strong>Quest\u00e3o 23:<\/strong>\u00a0&#8220;Os corredores A e B&#8230;&#8221;<br \/><strong><em>Resposta:<\/em><\/strong>\u00a0&#8220;360m.&#8221;<\/p>\n\n\n\n<p><strong>Quest\u00e3o 24:<\/strong>\u00a0&#8220;A roda de certa bicicleta&#8230;&#8221;<br \/><strong><em>Resposta:<\/em><\/strong>\u00a0&#8220;940m.&#8221;<\/p>\n\n\n\n<p><strong>Quest\u00e3o 25:<\/strong>&#8220;Considere o conjunto dos n\u00fameros naturais&#8230;&#8221;\u00a0<br \/><strong><em>Resposta:<\/em><\/strong>\u00a0&#8220;90.&#8221;<\/p>\n\n\n\n<p><strong>Quest\u00e3o 26:<\/strong>\u00a0&#8220;Sabe-se que a senten\u00e7a&#8230;&#8221;<br \/><strong><em>Resposta:<\/em><\/strong>\u00a0&#8220;se o cinto \u00e9 marrom&#8230;&#8221;<\/p>\n\n\n\n<p><strong>Quest\u00e3o 27:<\/strong>\u00a0&#8220;Na figura abaixo, o tri\u00e2ngulo ABC&#8230;&#8221;<br \/><strong><em>Resposta:<\/em><\/strong>\u00a0&#8220;60.&#8221;<\/p>\n\n\n\n<p><strong>Quest\u00e3o 28:<\/strong>\u00a0&#8220;Uma impressora deve imprimir os relatos&#8230;&#8221;<br \/><strong><em>Resposta:<\/em><\/strong>\u00a0&#8220;8 horas.&#8221; <\/p>\n\n\n\n<p><strong>Quest\u00e3o 29:<\/strong>\u00a0&#8220;Joana gastou 30%&#8230;&#8221;<br \/><strong><em>Resposta:<\/em><\/strong>\u00a0&#8220;42%.&#8221;<\/p>\n\n\n\n<p><strong>Quest\u00e3o 30:<\/strong> &#8220;Nat\u00e1lia tem dez moedas&#8230;&#8221;<br \/><strong><em>Resposta:<\/em><\/strong> &#8220;21.&#8221;<\/p>\n\n\n\n<p><strong>Quest\u00e3o 31:<\/strong>\u00a0&#8220;Um morro foi cortado para a constru\u00e7\u00e3o&#8230;&#8221;<br \/><strong><em>Resposta:<\/em><\/strong> &#8220;16 dias&#8221;<\/p>\n\n\n\n<p><strong>Quest\u00e3o 32:<\/strong>\u00a0&#8220;Duas m\u00e1quinas funcionam&#8230;&#8221;<br \/><strong><em>Resposta:<\/em><\/strong>\u00a0&#8220;15 de maio.&#8221;<\/p>\n\n\n\n<p><strong>Quest\u00e3o 33:<\/strong>\u00a0&#8220;ZZ, que ocupa o cargo de defensor&#8230;&#8221;<br \/><strong><em>Resposta:<\/em><\/strong>\u00a0&#8220;n\u00e3o poderia ser o advogado de Jo\u00e3o, pois n\u00e3o estava caracterizado&#8230;&#8221;<\/p>\n\n\n\n<p><strong>Quest\u00e3o 34:<\/strong>\u00a0&#8220;No per\u00edodo imediatamente anterior&#8230;&#8221;<br \/><strong><em>Resposta:<\/em><\/strong>\u00a0&#8220;conta com membros natos e membros eleitos, sendo que estes&#8230;&#8221;<\/p>\n\n\n\n<p><strong>Quest\u00e3o 35:<\/strong>\u00a0&#8220;Jo\u00e3o, servidor ocupante de cargo de provimento efetivo&#8230;&#8221;<br \/><strong><em>Resposta:<\/em><\/strong>\u00a0&#8220;redistribui\u00e7\u00e3o&#8221;<\/p>\n\n\n\n<p><strong>Quest\u00e3o 36:<\/strong>\u00a0&#8220;XX, defensora p\u00fablica do Estado do Rio Grande do Sul&#8230;&#8221;<br \/><strong><em>Resposta:<\/em><\/strong>\u00a0&#8220;deve ser apurada em sede de sindic\u00e2ncia&#8221;<\/p>\n\n\n\n<p><strong>Quest\u00e3o 37:<\/strong>\u00a0&#8220;No \u00e2mbito do Estado Alfa, determinada sociedade&#8230;&#8221;<br \/><strong><em>Resposta:<\/em><\/strong>\u00a0&#8220;errada, pois a autonomia administrativa&#8230;&#8221;<\/p>\n\n\n\n<p><strong>Quest\u00e3o 38:<\/strong>\u00a0&#8220;Maria, servidora rec\u00e9m-empossada em cargo de provimento&#8230;&#8221;<br \/><strong><em>Resposta:<\/em><\/strong> &#8220;apenas a de Ana est\u00e1 certa&#8221;<\/p>\n\n\n\n<p><strong>Quest\u00e3o 39:<\/strong>\u00a0&#8220;Maria, que foi ofendida em sua honra&#8230;&#8221;<br \/><strong><em>Resposta:<\/em><\/strong> &#8220;est\u00e1 inserido entre as fun\u00e7\u00f5es&#8221;<\/p>\n\n\n\n<p><strong>Quest\u00e3o 40:<\/strong>\u00a0&#8220;Jo\u00e3o, ocupante do cargo de provimento efetivo de t\u00e9cnico da Defensoria&#8230;&#8221;<br \/><strong><em>Resposta:<\/em><\/strong>\u00a0&#8220;classes, sendo cada qual constitu\u00edda por padr\u00f5es, e a movimenta\u00e7\u00e3o entre as primeiras caracteriza a promo\u00e7\u00e3o&#8230;&#8221;<\/p>\n\n\n\n<p><strong>Quest\u00e3o 41:<\/strong>\u00a0&#8220;Na regi\u00e3o mais pobre do Munic\u00edpio Alfa&#8230;&#8221;<br \/><strong><em>Resposta:<\/em><\/strong>\u00a0&#8220;Poderia ocorrer, ainda que n\u00e3o&#8230;&#8221;<\/p>\n\n\n\n<p><strong>Quest\u00e3o 42:<\/strong>\u00a0&#8220;Pedro, servidor p\u00fablico do Estado Alfa&#8230;&#8221;<br \/><strong><em>Resposta:<\/em><\/strong>\u00a0&#8220;pode acumular o cargo eletivo&#8230;&#8221;<\/p>\n\n\n\n<p><strong>Quest\u00e3o 43:<\/strong>\u00a0&#8220;Ap\u00f3s longo per\u00edodo de instabilidade pol\u00edtica&#8230;&#8221;<br \/><strong><em>Resposta:<\/em><\/strong>\u00a0&#8220;Sem\u00e2ntica&#8221;<\/p>\n\n\n\n<p><strong>Quest\u00e3o 44:<\/strong>\u00a0&#8220;Ana, estudante de direito&#8230;&#8221;<br \/><strong><em>Resposta:<\/em><\/strong>\u00a0&#8220;Lei n\u00b0 XX teve sua efic\u00e1cia suspensa&#8221;<\/p>\n\n\n\n<p><strong>Quest\u00e3o 45:<\/strong> &#8220;Maria, ao atravessar a faixa de pedestres&#8230;&#8221; <br \/><strong><em>Resposta:<\/em><\/strong>\u00a0&#8220;pode ser condenado, ainda que n\u00e3o seja provado o dolo&#8230;&#8221;<\/p>\n\n\n\n<p><strong>Quest\u00e3o 46:<\/strong>\u00a0&#8220;O setor competente da Defensoria P\u00fablica do Estado do Rio Grande do Sul &#8230;&#8221;<br \/><strong><em>Resposta:<\/em><\/strong>\u00a0&#8220;admitida pela sistem\u00e1tica legal, sendo que os licitantes apresentar\u00e3o&#8230;&#8221; <\/p>\n\n\n\n<p><strong>Quest\u00e3o 47:<\/strong>\u00a0&#8220;Ant\u00f4nio, estudante de direito&#8230;&#8221; <br \/><strong><em>Resposta:<\/em><\/strong>\u00a0&#8220;administra\u00e7\u00e3o direta; a 2 de administra\u00e7\u00e3o decentralizada&#8230;&#8221;<\/p>\n\n\n\n<p><strong>Quest\u00e3o 48:<\/strong> &#8220;Ana, servidora p\u00fablica ocupante de cargo e provimento efetivo&#8230;&#8221; <br \/><strong><em>Resposta:<\/em><\/strong>\u00a0&#8220;revers\u00e3o&#8221;<\/p>\n\n\n\n<p><strong>Quest\u00e3o 49:<\/strong> &#8220;In\u00eas, diligente diretora do \u00f3rg\u00e3o de controle&#8230;&#8221;<br \/><strong><em>Resposta:<\/em><\/strong>\u00a0&#8220;pode ser anulado em at\u00e9 cinco anos&#8230;&#8221;<\/p>\n\n\n\n<p><strong>Quest\u00e3o 50:<\/strong>\u00a0&#8220;A organiza\u00e7\u00e3o social Alfa celebrou&#8230;&#8221; <br \/><strong><em>Resposta:<\/em><\/strong>\u00a0&#8220;pode sofrer as san\u00e7\u00f5es previstas na Lei&#8230; &#8220;<\/p>\n\n\n\n<p><strong>Quest\u00e3o 51:<\/strong>\u00a0&#8220;A resist\u00eancia \u00e9 um fen\u00f4meno esperado nas mudan\u00e7as&#8230;&#8221;<br \/><strong><em>Resposta:<\/em><\/strong>\u00a0&#8220;participa\u00e7\u00e3o&#8230;&#8221;<\/p>\n\n\n\n<p><strong>Quest\u00e3o 52:<\/strong>\u00a0&#8220;A evolu\u00e7\u00e3o da gest\u00e3o de pessoas \u00e9 marcada&#8230;&#8221;<br \/><strong><em>Resposta:<\/em><\/strong>\u00a0&#8220;sua atua\u00e7\u00e3o combina o foco estrat\u00e9gico\/futuro&#8230;&#8221;<\/p>\n\n\n\n<p><strong>Quest\u00e3o 53:<\/strong> &#8220;Joana, gerente de uma equipe de cinco pessoas&#8230;&#8221;<br \/><strong><em>Resposta:<\/em><\/strong> &#8220;intervalos de descanso&#8221;<\/p>\n\n\n\n<p><strong>Quest\u00e3o 54:<\/strong>\u00a0&#8220;Um consultor foi contratado para fazer&#8230;&#8221;<br \/><strong><em>Resposta:<\/em><\/strong>\u00a0&#8220;baixo grau de autonomia; baixo grau de significado&#8230;&#8221;<\/p>\n\n\n\n<p><strong>Quest\u00e3o 55:<\/strong>\u00a0&#8220;Certa organiza\u00e7\u00e3o de m\u00e9dio porte&#8230;&#8221;<br \/><strong><em>Resposta:<\/em><\/strong>\u00a0&#8220;proporcionar profundidade na&#8230;&#8221;<\/p>\n\n\n\n<p><strong>Quest\u00e3o 56:<\/strong>\u00a0&#8220;A tabela abaixo apresenta informa\u00e7\u00f5es da movimenta\u00e7\u00e3o&#8230;&#8221;<br \/><strong><em>Resposta:<\/em><\/strong>\u00a0&#8220;4,8%; 1,2%&#8221; <\/p>\n\n\n\n<p><strong>Quest\u00e3o 57:<\/strong>\u00a0&#8220;Em uma entidade p\u00fablica os servidores do setor de contabilidade&#8230;&#8221;<br \/><strong><em>Resposta:<\/em><\/strong>\u00a0&#8220;amortiza\u00e7\u00e3o do principal&#8230;&#8221;<\/p>\n\n\n\n<p><strong>Quest\u00e3o 58:<\/strong>\u00a0&#8220;Ao formular uma pol\u00edtica p\u00fablica \u00e9 necess\u00e1rio&#8230;&#8221;<br \/><strong><em>Resposta:<\/em><\/strong>\u00a0&#8220;efetividade&#8221;<\/p>\n\n\n\n<p><strong>Quest\u00e3o 59:<\/strong>\u00a0&#8220;No dia 24 de abril de 2023, enquanto aproveitava a piscina&#8230;&#8221;<br \/><strong><em>Resposta:<\/em><\/strong>\u00a0&#8220;coa\u00e7\u00e3o moral irresist\u00edvel&#8230;&#8221; (Pass\u00edvel de recurso)<\/p>\n\n\n\n<p><strong>Quest\u00e3o 60:<\/strong>\u00a0&#8220;1\u00b0 cen\u00e1rio em 01\/04\/2023&#8230;&#8221;<br \/><strong><em>Resposta:<\/em><\/strong> &#8220;ser\u00e3o por ela regidos, ainda que cessadas as circunst\u00e2ncias que ensejaram a edi\u00e7\u00e3o da norma. No mesmo sentido&#8230;&#8221;<\/p>\n\n\n\n<p><strong>Quest\u00e3o 61:<\/strong>\u00a0&#8220;Jo\u00e3o, em um churrasco com amigos&#8230;&#8221; <br \/><strong><em>Resposta:<\/em><\/strong>\u00a0&#8220;cal\u00fania, duplamente majorado&#8230;&#8221;<\/p>\n\n\n\n<p><strong>Quest\u00e3o 62:<\/strong>\u00a0&#8220;Luiz caminhava pela rua XYZ&#8230;&#8221;<br \/><strong><em>Resposta:<\/em><\/strong>\u00a0&#8220;resist\u00eancia&#8221;<\/p>\n\n\n\n<p><strong>Quest\u00e3o 63:<\/strong>\u00a0&#8220;Alberto \u00e9 propriet\u00e1rio de um im\u00f3vel&#8230;&#8221;<br \/><strong><em>Resposta:<\/em><\/strong>\u00a0&#8220;pode exercer desde j\u00e1 medidas voltadas \u00e0 conserva\u00e7\u00e3o&#8230; &#8220;<\/p>\n\n\n\n<p><strong>Quest\u00e3o 64:<\/strong> &#8220;No dia de seu anivers\u00e1rio de 16 anos&#8230;&#8221;<br \/><strong><em>Resposta:<\/em><\/strong> &#8220;plenamente v\u00e1lida&#8230;&#8221;<\/p>\n\n\n\n<p><strong>Quest\u00e3o 65:<\/strong>\u00a0&#8220;Zuleide vendeu para sua irm\u00e3 Zuleica&#8230;&#8221;<br \/><strong><em>Resposta:<\/em><\/strong>\u00a0&#8220;inv\u00e1lida, mas n\u00e3o&#8230; &#8220;<\/p>\n\n\n\n<p><strong>Quest\u00e3o 66:<\/strong>\u00a0&#8220;H\u00e1 poucos dias, Carlos foi surpreendido&#8230;&#8221;<br \/><strong><em>Resposta:<\/em><\/strong>\u00a0&#8220;a esquadria met\u00e1lica que se encontra guardada \u00e9 um bem im\u00f3vel&#8230; &#8220;<\/p>\n\n\n\n<p><strong>Quest\u00e3o 67:<\/strong>\u00a0&#8220;Maria procurou a Defensoria P\u00fablica&#8230;&#8221;<br \/><strong><em>Resposta:<\/em><\/strong>\u00a0&#8220;separa\u00e7\u00e3o judicial e viol\u00eancia&#8230;&#8221; <\/p>\n\n\n\n<p><strong>Quest\u00e3o 68:<\/strong>\u00a0&#8220;Jos\u00e9, menor imp\u00fabere&#8230;&#8221;<br \/><strong><em>Resposta:<\/em><\/strong>\u00a0&#8220;Jos\u00e9&#8221;<\/p>\n\n\n\n<p><strong>Quest\u00e3o 69:<\/strong>\u00a0&#8220;Caio, domiciliado em Caxias do Sul&#8230;&#8221;<br \/><strong><em>Resposta:<\/em><\/strong>\u00a0&#8220;competente, uma vez que demanda&#8230;&#8221;<\/p>\n\n\n\n<p><strong>Quest\u00e3o 70:<\/strong>\u00a0&#8220;A possibilidade, prevista no C\u00f3digo de Processo Civil&#8230;&#8221;<br \/><strong><em>Resposta:<\/em><\/strong>\u00a0&#8220;devido processo legal&#8221;<\/p>\n\n\n\n<p class=\"has-text-align-center has-background has-medium-font-size\" style=\"background:linear-gradient(326deg,rgb(255,206,236) 0%,rgb(152,150,240) 100%)\"><strong>Saiba mais: <a href=\"https:\/\/www.estrategiaconcursos.com.br\/blog\/concurso-dpe-rs\/\" target=\"_blank\" rel=\"noreferrer noopener\">concurso DPE RS<\/a><\/strong><\/p>\n\n\n\n<h2 class=\"wp-block-heading has-text-align-center\" id=\"h-quer-saber-tudo-sobre-concursos-previstos-confira-nossos-artigos\">Quer saber tudo sobre concursos previstos?<br \/>Confira nossos artigos!<\/h2>\n\n\n\n<ul class=\"wp-block-list\">\n<li><a href=\"https:\/\/www.estrategiaconcursos.com.br\/blog\/concursos-abertos\/\" target=\"_blank\" rel=\"noreferrer noopener\">Concursos abertos<\/a><\/li>\n\n\n\n<li><a href=\"https:\/\/www.estrategiaconcursos.com.br\/blog\/concursos-2023\/\" target=\"_blank\" rel=\"noreferrer noopener\">Concursos 2023<\/a><\/li>\n<\/ul>\n\n\n\n<h2 class=\"wp-block-heading has-text-align-center\" id=\"cursos-dpe-am\"><em>Quer estudar para Concurso DPE<\/em><strong><em> <\/em><\/strong><em>RS<\/em><strong><em>?<\/em><\/strong><\/h2>\n\n\n\n<div class=\"container\" id=\"boxes\">\n  <div class=\"row\">\n    <div class=\"col-sm\">\n      <div class=\"banner-tribunal\" id=\"box-assinatura\">\n        <h3 class=\"titulo-assinatura\">Cursos para DPE RS<\/h3>\n        <p class=\"subtitulo-assinatura\">Conhe\u00e7a os cursos<\/p>\n        <div class=\"box-botao\">\n          <a class=\"btn-assinatura\" target=\"_blank\" href=\"https:\/\/www.estrategiaconcursos.com.br\/cursosPorConcurso\/dpe-rs-defensoria-publica-do-rio-grande-do-sul-servidores\/\" role=\"button\" rel=\"noopener noreferrer\">Conhe\u00e7a mais<\/a>\n        <\/div>\n      <\/div>\n      <p class=\"texto-auxiliar\">Prepare-se com o melhor material e com quem mais aprova em Concursos P\u00fablicos em todo o pa\u00eds.<\/p>\n    <\/div>\n  <\/div>\n<\/div>\n\n\n\n<div class=\"container\" id=\"boxes\">\n  <div class=\"row\">\n    <div class=\"col-sm\">\n      <div class=\"estrategia\" id=\"box-assinatura\">\n        <h3 class=\"titulo-assinatura\">Assinatura Concursos<\/h3>\n        <p class=\"subtitulo-assinatura\">Assinatura de 1 ano ou 2 anos<\/p>\n        <div class=\"box-botao\">\n          <a class=\"btn-assinatura\" target=\"_blank\" href=\"https:\/\/www.estrategiaconcursos.com.br\/assinaturas\/\" role=\"button\" rel=\"noopener noreferrer\">ASSINE AGORA<\/a>\n        <\/div>\n      <\/div>\n     \n    <\/div><\/div><\/div>\n","protected":false},"excerpt":{"rendered":"<p>As provas do concurso DPE RS foram aplicadas neste domingo, 09 de julho, para o cargo de T\u00e9cnico Judici\u00e1rio- \u00c1rea Administrativa, cujo gabarito extraoficial voc\u00ea pode conferir nesta mat\u00e9ria. Com remunera\u00e7\u00e3o inicial que pode chegar at\u00e9 R$ 4.091,90, os cargos de\u00a0T\u00e9cnico Judici\u00e1rio\u00a0exigem n\u00edvel m\u00e9dio de escolaridade. A sele\u00e7\u00e3o dos candidatos se deu por meio Prova [&hellip;]<\/p>\n","protected":false},"author":2402,"featured_media":1245505,"comment_status":"open","ping_status":"closed","sticky":false,"template":"","format":"standard","meta":{"post_tipo":"news","footnotes":""},"categories":[1984,220219],"tags":[],"tax_estado":[219986],"class_list":["post-1245504","post","type-post","status-publish","format-standard","has-post-thumbnail","hentry","category-tribunais","category-noticias","tax_estado-rs"],"acf":[],"yoast_head":"<!-- This site is optimized with the Yoast SEO Premium plugin v27.2 (Yoast SEO v27.2) - https:\/\/yoast.com\/product\/yoast-seo-premium-wordpress\/ -->\n<title>Gabarito Extraoficial DPE RS: T\u00e9cnico Judici\u00e1rio- \u00c1rea Administrativa<\/title>\n<meta name=\"description\" content=\"Gabarito DPE RS T\u00e9cnico Judici\u00e1rio- \u00c1rea T\u00e9cnico-Administrativa: Veja a corre\u00e7\u00e3o comentada extraoficial feita pelos professores.\" \/>\n<meta name=\"robots\" content=\"index, follow, max-snippet:-1, max-image-preview:large, max-video-preview:-1\" \/>\n<link rel=\"canonical\" href=\"https:\/\/www.estrategiaconcursos.com.br\/blog\/gabarito-dpe-rs-tecnico-judiciario-administrativa\/\" \/>\n<meta property=\"og:locale\" content=\"pt_BR\" \/>\n<meta property=\"og:type\" content=\"article\" \/>\n<meta property=\"og:title\" content=\"Gabarito Extraoficial DPE RS: T\u00e9cnico Judici\u00e1rio- \u00c1rea Administrativa\" \/>\n<meta property=\"og:description\" content=\"Gabarito DPE RS T\u00e9cnico Judici\u00e1rio- \u00c1rea T\u00e9cnico-Administrativa: Veja a corre\u00e7\u00e3o comentada extraoficial feita pelos professores.\" \/>\n<meta property=\"og:url\" content=\"https:\/\/www.estrategiaconcursos.com.br\/blog\/gabarito-dpe-rs-tecnico-judiciario-administrativa\/\" \/>\n<meta property=\"og:site_name\" content=\"Estrat\u00e9gia Concursos\" \/>\n<meta property=\"article:published_time\" content=\"2023-07-09T22:40:00+00:00\" \/>\n<meta property=\"article:modified_time\" content=\"2023-07-10T01:42:01+00:00\" \/>\n<meta property=\"og:image\" content=\"https:\/\/dhg1h5j42swfq.cloudfront.net\/2023\/07\/09174141\/gabarito-extraoficial-dpe-rs-tecnico.png\" \/>\n\t<meta property=\"og:image:width\" content=\"1304\" \/>\n\t<meta property=\"og:image:height\" content=\"647\" \/>\n\t<meta property=\"og:image:type\" content=\"image\/png\" \/>\n<meta name=\"author\" content=\"Daniela Santos Nascimento\" \/>\n<meta name=\"twitter:card\" content=\"summary_large_image\" \/>\n<meta name=\"twitter:creator\" content=\"@EstratConcursos\" \/>\n<meta name=\"twitter:site\" content=\"@EstratConcursos\" \/>\n<meta name=\"twitter:label1\" content=\"Escrito por\" \/>\n\t<meta name=\"twitter:data1\" content=\"Daniela Santos Nascimento\" \/>\n\t<meta name=\"twitter:label2\" content=\"Est. tempo de leitura\" \/>\n\t<meta name=\"twitter:data2\" content=\"7 minutos\" \/>\n<script type=\"application\/ld+json\" class=\"yoast-schema-graph\">{\"@context\":\"https:\/\/schema.org\",\"@graph\":[{\"@type\":\"NewsArticle\",\"@id\":\"https:\/\/www.estrategiaconcursos.com.br\/blog\/gabarito-dpe-rs-tecnico-judiciario-administrativa\/#article\",\"isPartOf\":{\"@id\":\"https:\/\/www.estrategiaconcursos.com.br\/blog\/gabarito-dpe-rs-tecnico-judiciario-administrativa\/\"},\"author\":{\"name\":\"Daniela Santos Nascimento\",\"@id\":\"https:\/\/www.estrategiaconcursos.com.br\/blog\/#\/schema\/person\/399990d02336f200766707b881aee98f\"},\"headline\":\"Gabarito Extraoficial DPE RS: T\u00e9cnico Judici\u00e1rio- \u00c1rea Administrativa\",\"datePublished\":\"2023-07-09T22:40:00+00:00\",\"dateModified\":\"2023-07-10T01:42:01+00:00\",\"mainEntityOfPage\":{\"@id\":\"https:\/\/www.estrategiaconcursos.com.br\/blog\/gabarito-dpe-rs-tecnico-judiciario-administrativa\/\"},\"wordCount\":1348,\"commentCount\":0,\"publisher\":{\"@id\":\"https:\/\/www.estrategiaconcursos.com.br\/blog\/#organization\"},\"image\":{\"@id\":\"https:\/\/www.estrategiaconcursos.com.br\/blog\/gabarito-dpe-rs-tecnico-judiciario-administrativa\/#primaryimage\"},\"thumbnailUrl\":\"https:\/\/dhg1h5j42swfq.cloudfront.net\/2023\/07\/09174141\/gabarito-extraoficial-dpe-rs-tecnico.png\",\"articleSection\":[\"Tribunais\",\"\u00daltimas not\u00edcias\"],\"inLanguage\":\"pt-BR\",\"potentialAction\":[{\"@type\":\"CommentAction\",\"name\":\"Comment\",\"target\":[\"https:\/\/www.estrategiaconcursos.com.br\/blog\/gabarito-dpe-rs-tecnico-judiciario-administrativa\/#respond\"]}],\"copyrightYear\":\"2023\",\"copyrightHolder\":{\"@id\":\"https:\/\/www.estrategiaconcursos.com.br\/blog\/#organization\"}},{\"@type\":\"WebPage\",\"@id\":\"https:\/\/www.estrategiaconcursos.com.br\/blog\/gabarito-dpe-rs-tecnico-judiciario-administrativa\/\",\"url\":\"https:\/\/www.estrategiaconcursos.com.br\/blog\/gabarito-dpe-rs-tecnico-judiciario-administrativa\/\",\"name\":\"Gabarito Extraoficial DPE RS: T\u00e9cnico Judici\u00e1rio- \u00c1rea Administrativa\",\"isPartOf\":{\"@id\":\"https:\/\/www.estrategiaconcursos.com.br\/blog\/#website\"},\"primaryImageOfPage\":{\"@id\":\"https:\/\/www.estrategiaconcursos.com.br\/blog\/gabarito-dpe-rs-tecnico-judiciario-administrativa\/#primaryimage\"},\"image\":{\"@id\":\"https:\/\/www.estrategiaconcursos.com.br\/blog\/gabarito-dpe-rs-tecnico-judiciario-administrativa\/#primaryimage\"},\"thumbnailUrl\":\"https:\/\/dhg1h5j42swfq.cloudfront.net\/2023\/07\/09174141\/gabarito-extraoficial-dpe-rs-tecnico.png\",\"datePublished\":\"2023-07-09T22:40:00+00:00\",\"dateModified\":\"2023-07-10T01:42:01+00:00\",\"description\":\"Gabarito DPE RS T\u00e9cnico Judici\u00e1rio- \u00c1rea T\u00e9cnico-Administrativa: Veja a corre\u00e7\u00e3o comentada extraoficial feita pelos professores.\",\"breadcrumb\":{\"@id\":\"https:\/\/www.estrategiaconcursos.com.br\/blog\/gabarito-dpe-rs-tecnico-judiciario-administrativa\/#breadcrumb\"},\"inLanguage\":\"pt-BR\",\"potentialAction\":[{\"@type\":\"ReadAction\",\"target\":[\"https:\/\/www.estrategiaconcursos.com.br\/blog\/gabarito-dpe-rs-tecnico-judiciario-administrativa\/\"]}]},{\"@type\":\"ImageObject\",\"inLanguage\":\"pt-BR\",\"@id\":\"https:\/\/www.estrategiaconcursos.com.br\/blog\/gabarito-dpe-rs-tecnico-judiciario-administrativa\/#primaryimage\",\"url\":\"https:\/\/dhg1h5j42swfq.cloudfront.net\/2023\/07\/09174141\/gabarito-extraoficial-dpe-rs-tecnico.png\",\"contentUrl\":\"https:\/\/dhg1h5j42swfq.cloudfront.net\/2023\/07\/09174141\/gabarito-extraoficial-dpe-rs-tecnico.png\",\"width\":1304,\"height\":647},{\"@type\":\"BreadcrumbList\",\"@id\":\"https:\/\/www.estrategiaconcursos.com.br\/blog\/gabarito-dpe-rs-tecnico-judiciario-administrativa\/#breadcrumb\",\"itemListElement\":[{\"@type\":\"ListItem\",\"position\":1,\"name\":\"In\u00edcio\",\"item\":\"https:\/\/www.estrategiaconcursos.com.br\/blog\/\"},{\"@type\":\"ListItem\",\"position\":2,\"name\":\"Gabarito Extraoficial DPE RS: T\u00e9cnico Judici\u00e1rio- \u00c1rea Administrativa\"}]},{\"@type\":\"WebSite\",\"@id\":\"https:\/\/www.estrategiaconcursos.com.br\/blog\/#website\",\"url\":\"https:\/\/www.estrategiaconcursos.com.br\/blog\/\",\"name\":\"Estrat\u00e9gia Concursos\",\"description\":\"O blog da Estrat\u00e9gia Concursos traz not\u00edcias sobre concursos e artigos de professores oferecendo cursos para concursos (pdf + videaulas) no site.\",\"publisher\":{\"@id\":\"https:\/\/www.estrategiaconcursos.com.br\/blog\/#organization\"},\"potentialAction\":[{\"@type\":\"SearchAction\",\"target\":{\"@type\":\"EntryPoint\",\"urlTemplate\":\"https:\/\/www.estrategiaconcursos.com.br\/blog\/?s={search_term_string}\"},\"query-input\":{\"@type\":\"PropertyValueSpecification\",\"valueRequired\":true,\"valueName\":\"search_term_string\"}}],\"inLanguage\":\"pt-BR\"},{\"@type\":\"Organization\",\"@id\":\"https:\/\/www.estrategiaconcursos.com.br\/blog\/#organization\",\"name\":\"Estrat\u00e9gia Concursos\",\"url\":\"https:\/\/www.estrategiaconcursos.com.br\/blog\/\",\"logo\":{\"@type\":\"ImageObject\",\"inLanguage\":\"pt-BR\",\"@id\":\"https:\/\/www.estrategiaconcursos.com.br\/blog\/#\/schema\/logo\/image\/\",\"url\":\"https:\/\/dhg1h5j42swfq.cloudfront.net\/2025\/06\/03203428\/logo_concursos-1.jpg\",\"contentUrl\":\"https:\/\/dhg1h5j42swfq.cloudfront.net\/2025\/06\/03203428\/logo_concursos-1.jpg\",\"width\":230,\"height\":60,\"caption\":\"Estrat\u00e9gia Concursos\"},\"image\":{\"@id\":\"https:\/\/www.estrategiaconcursos.com.br\/blog\/#\/schema\/logo\/image\/\"},\"sameAs\":[\"https:\/\/x.com\/EstratConcursos\"]},{\"@type\":\"Person\",\"@id\":\"https:\/\/www.estrategiaconcursos.com.br\/blog\/#\/schema\/person\/399990d02336f200766707b881aee98f\",\"name\":\"Daniela Santos Nascimento\",\"image\":{\"@type\":\"ImageObject\",\"inLanguage\":\"pt-BR\",\"@id\":\"https:\/\/secure.gravatar.com\/avatar\/7f343622ad121e2893832a8c76808be436bdfcbf2f7d696174c94ecd84f2384a?s=96&d=mm&r=g\",\"url\":\"https:\/\/secure.gravatar.com\/avatar\/7f343622ad121e2893832a8c76808be436bdfcbf2f7d696174c94ecd84f2384a?s=96&d=mm&r=g\",\"contentUrl\":\"https:\/\/secure.gravatar.com\/avatar\/7f343622ad121e2893832a8c76808be436bdfcbf2f7d696174c94ecd84f2384a?s=96&d=mm&r=g\",\"caption\":\"Daniela Santos Nascimento\"},\"url\":\"https:\/\/www.estrategiaconcursos.com.br\/blog\/author\/daniela-nascimentoestrategia-com\/\"}]}<\/script>\n<!-- \/ Yoast SEO Premium plugin. -->","yoast_head_json":{"title":"Gabarito Extraoficial DPE RS: T\u00e9cnico Judici\u00e1rio- \u00c1rea Administrativa","description":"Gabarito DPE RS T\u00e9cnico Judici\u00e1rio- \u00c1rea T\u00e9cnico-Administrativa: Veja a corre\u00e7\u00e3o comentada extraoficial feita pelos professores.","robots":{"index":"index","follow":"follow","max-snippet":"max-snippet:-1","max-image-preview":"max-image-preview:large","max-video-preview":"max-video-preview:-1"},"canonical":"https:\/\/www.estrategiaconcursos.com.br\/blog\/gabarito-dpe-rs-tecnico-judiciario-administrativa\/","og_locale":"pt_BR","og_type":"article","og_title":"Gabarito Extraoficial DPE RS: T\u00e9cnico Judici\u00e1rio- \u00c1rea Administrativa","og_description":"Gabarito DPE RS T\u00e9cnico Judici\u00e1rio- \u00c1rea T\u00e9cnico-Administrativa: Veja a corre\u00e7\u00e3o comentada extraoficial feita pelos professores.","og_url":"https:\/\/www.estrategiaconcursos.com.br\/blog\/gabarito-dpe-rs-tecnico-judiciario-administrativa\/","og_site_name":"Estrat\u00e9gia Concursos","article_published_time":"2023-07-09T22:40:00+00:00","article_modified_time":"2023-07-10T01:42:01+00:00","og_image":[{"width":1304,"height":647,"url":"https:\/\/dhg1h5j42swfq.cloudfront.net\/2023\/07\/09174141\/gabarito-extraoficial-dpe-rs-tecnico.png","type":"image\/png"}],"author":"Daniela Santos Nascimento","twitter_card":"summary_large_image","twitter_creator":"@EstratConcursos","twitter_site":"@EstratConcursos","twitter_misc":{"Escrito por":"Daniela Santos Nascimento","Est. tempo de leitura":"7 minutos"},"schema":{"@context":"https:\/\/schema.org","@graph":[{"@type":"NewsArticle","@id":"https:\/\/www.estrategiaconcursos.com.br\/blog\/gabarito-dpe-rs-tecnico-judiciario-administrativa\/#article","isPartOf":{"@id":"https:\/\/www.estrategiaconcursos.com.br\/blog\/gabarito-dpe-rs-tecnico-judiciario-administrativa\/"},"author":{"name":"Daniela Santos Nascimento","@id":"https:\/\/www.estrategiaconcursos.com.br\/blog\/#\/schema\/person\/399990d02336f200766707b881aee98f"},"headline":"Gabarito Extraoficial DPE RS: T\u00e9cnico Judici\u00e1rio- \u00c1rea Administrativa","datePublished":"2023-07-09T22:40:00+00:00","dateModified":"2023-07-10T01:42:01+00:00","mainEntityOfPage":{"@id":"https:\/\/www.estrategiaconcursos.com.br\/blog\/gabarito-dpe-rs-tecnico-judiciario-administrativa\/"},"wordCount":1348,"commentCount":0,"publisher":{"@id":"https:\/\/www.estrategiaconcursos.com.br\/blog\/#organization"},"image":{"@id":"https:\/\/www.estrategiaconcursos.com.br\/blog\/gabarito-dpe-rs-tecnico-judiciario-administrativa\/#primaryimage"},"thumbnailUrl":"https:\/\/dhg1h5j42swfq.cloudfront.net\/2023\/07\/09174141\/gabarito-extraoficial-dpe-rs-tecnico.png","articleSection":["Tribunais","\u00daltimas not\u00edcias"],"inLanguage":"pt-BR","potentialAction":[{"@type":"CommentAction","name":"Comment","target":["https:\/\/www.estrategiaconcursos.com.br\/blog\/gabarito-dpe-rs-tecnico-judiciario-administrativa\/#respond"]}],"copyrightYear":"2023","copyrightHolder":{"@id":"https:\/\/www.estrategiaconcursos.com.br\/blog\/#organization"}},{"@type":"WebPage","@id":"https:\/\/www.estrategiaconcursos.com.br\/blog\/gabarito-dpe-rs-tecnico-judiciario-administrativa\/","url":"https:\/\/www.estrategiaconcursos.com.br\/blog\/gabarito-dpe-rs-tecnico-judiciario-administrativa\/","name":"Gabarito Extraoficial DPE RS: T\u00e9cnico Judici\u00e1rio- \u00c1rea Administrativa","isPartOf":{"@id":"https:\/\/www.estrategiaconcursos.com.br\/blog\/#website"},"primaryImageOfPage":{"@id":"https:\/\/www.estrategiaconcursos.com.br\/blog\/gabarito-dpe-rs-tecnico-judiciario-administrativa\/#primaryimage"},"image":{"@id":"https:\/\/www.estrategiaconcursos.com.br\/blog\/gabarito-dpe-rs-tecnico-judiciario-administrativa\/#primaryimage"},"thumbnailUrl":"https:\/\/dhg1h5j42swfq.cloudfront.net\/2023\/07\/09174141\/gabarito-extraoficial-dpe-rs-tecnico.png","datePublished":"2023-07-09T22:40:00+00:00","dateModified":"2023-07-10T01:42:01+00:00","description":"Gabarito DPE RS T\u00e9cnico Judici\u00e1rio- \u00c1rea T\u00e9cnico-Administrativa: Veja a corre\u00e7\u00e3o comentada extraoficial feita pelos professores.","breadcrumb":{"@id":"https:\/\/www.estrategiaconcursos.com.br\/blog\/gabarito-dpe-rs-tecnico-judiciario-administrativa\/#breadcrumb"},"inLanguage":"pt-BR","potentialAction":[{"@type":"ReadAction","target":["https:\/\/www.estrategiaconcursos.com.br\/blog\/gabarito-dpe-rs-tecnico-judiciario-administrativa\/"]}]},{"@type":"ImageObject","inLanguage":"pt-BR","@id":"https:\/\/www.estrategiaconcursos.com.br\/blog\/gabarito-dpe-rs-tecnico-judiciario-administrativa\/#primaryimage","url":"https:\/\/dhg1h5j42swfq.cloudfront.net\/2023\/07\/09174141\/gabarito-extraoficial-dpe-rs-tecnico.png","contentUrl":"https:\/\/dhg1h5j42swfq.cloudfront.net\/2023\/07\/09174141\/gabarito-extraoficial-dpe-rs-tecnico.png","width":1304,"height":647},{"@type":"BreadcrumbList","@id":"https:\/\/www.estrategiaconcursos.com.br\/blog\/gabarito-dpe-rs-tecnico-judiciario-administrativa\/#breadcrumb","itemListElement":[{"@type":"ListItem","position":1,"name":"In\u00edcio","item":"https:\/\/www.estrategiaconcursos.com.br\/blog\/"},{"@type":"ListItem","position":2,"name":"Gabarito Extraoficial DPE RS: T\u00e9cnico Judici\u00e1rio- \u00c1rea Administrativa"}]},{"@type":"WebSite","@id":"https:\/\/www.estrategiaconcursos.com.br\/blog\/#website","url":"https:\/\/www.estrategiaconcursos.com.br\/blog\/","name":"Estrat\u00e9gia Concursos","description":"O blog da Estrat\u00e9gia Concursos traz not\u00edcias sobre concursos e artigos de professores oferecendo cursos para concursos (pdf + videaulas) no site.","publisher":{"@id":"https:\/\/www.estrategiaconcursos.com.br\/blog\/#organization"},"potentialAction":[{"@type":"SearchAction","target":{"@type":"EntryPoint","urlTemplate":"https:\/\/www.estrategiaconcursos.com.br\/blog\/?s={search_term_string}"},"query-input":{"@type":"PropertyValueSpecification","valueRequired":true,"valueName":"search_term_string"}}],"inLanguage":"pt-BR"},{"@type":"Organization","@id":"https:\/\/www.estrategiaconcursos.com.br\/blog\/#organization","name":"Estrat\u00e9gia Concursos","url":"https:\/\/www.estrategiaconcursos.com.br\/blog\/","logo":{"@type":"ImageObject","inLanguage":"pt-BR","@id":"https:\/\/www.estrategiaconcursos.com.br\/blog\/#\/schema\/logo\/image\/","url":"https:\/\/dhg1h5j42swfq.cloudfront.net\/2025\/06\/03203428\/logo_concursos-1.jpg","contentUrl":"https:\/\/dhg1h5j42swfq.cloudfront.net\/2025\/06\/03203428\/logo_concursos-1.jpg","width":230,"height":60,"caption":"Estrat\u00e9gia Concursos"},"image":{"@id":"https:\/\/www.estrategiaconcursos.com.br\/blog\/#\/schema\/logo\/image\/"},"sameAs":["https:\/\/x.com\/EstratConcursos"]},{"@type":"Person","@id":"https:\/\/www.estrategiaconcursos.com.br\/blog\/#\/schema\/person\/399990d02336f200766707b881aee98f","name":"Daniela Santos Nascimento","image":{"@type":"ImageObject","inLanguage":"pt-BR","@id":"https:\/\/secure.gravatar.com\/avatar\/7f343622ad121e2893832a8c76808be436bdfcbf2f7d696174c94ecd84f2384a?s=96&d=mm&r=g","url":"https:\/\/secure.gravatar.com\/avatar\/7f343622ad121e2893832a8c76808be436bdfcbf2f7d696174c94ecd84f2384a?s=96&d=mm&r=g","contentUrl":"https:\/\/secure.gravatar.com\/avatar\/7f343622ad121e2893832a8c76808be436bdfcbf2f7d696174c94ecd84f2384a?s=96&d=mm&r=g","caption":"Daniela Santos Nascimento"},"url":"https:\/\/www.estrategiaconcursos.com.br\/blog\/author\/daniela-nascimentoestrategia-com\/"}]}},"_links":{"self":[{"href":"https:\/\/www.estrategiaconcursos.com.br\/blog\/wp-json\/wp\/v2\/posts\/1245504","targetHints":{"allow":["GET"]}}],"collection":[{"href":"https:\/\/www.estrategiaconcursos.com.br\/blog\/wp-json\/wp\/v2\/posts"}],"about":[{"href":"https:\/\/www.estrategiaconcursos.com.br\/blog\/wp-json\/wp\/v2\/types\/post"}],"author":[{"embeddable":true,"href":"https:\/\/www.estrategiaconcursos.com.br\/blog\/wp-json\/wp\/v2\/users\/2402"}],"replies":[{"embeddable":true,"href":"https:\/\/www.estrategiaconcursos.com.br\/blog\/wp-json\/wp\/v2\/comments?post=1245504"}],"version-history":[{"count":43,"href":"https:\/\/www.estrategiaconcursos.com.br\/blog\/wp-json\/wp\/v2\/posts\/1245504\/revisions"}],"predecessor-version":[{"id":1245593,"href":"https:\/\/www.estrategiaconcursos.com.br\/blog\/wp-json\/wp\/v2\/posts\/1245504\/revisions\/1245593"}],"wp:featuredmedia":[{"embeddable":true,"href":"https:\/\/www.estrategiaconcursos.com.br\/blog\/wp-json\/wp\/v2\/media\/1245505"}],"wp:attachment":[{"href":"https:\/\/www.estrategiaconcursos.com.br\/blog\/wp-json\/wp\/v2\/media?parent=1245504"}],"wp:term":[{"taxonomy":"category","embeddable":true,"href":"https:\/\/www.estrategiaconcursos.com.br\/blog\/wp-json\/wp\/v2\/categories?post=1245504"},{"taxonomy":"post_tag","embeddable":true,"href":"https:\/\/www.estrategiaconcursos.com.br\/blog\/wp-json\/wp\/v2\/tags?post=1245504"},{"taxonomy":"tax_estado","embeddable":true,"href":"https:\/\/www.estrategiaconcursos.com.br\/blog\/wp-json\/wp\/v2\/tax_estado?post=1245504"}],"curies":[{"name":"wp","href":"https:\/\/api.w.org\/{rel}","templated":true}]}}