{"id":1245417,"date":"2025-07-25T14:54:00","date_gmt":"2025-07-25T17:54:00","guid":{"rendered":"https:\/\/www.estrategiaconcursos.com.br\/blog\/?p=1245417"},"modified":"2025-07-25T15:40:56","modified_gmt":"2025-07-25T18:40:56","slug":"concurso-ammpla-petrolina","status":"publish","type":"post","link":"https:\/\/www.estrategiaconcursos.com.br\/blog\/concurso-ammpla-petrolina\/","title":{"rendered":"Concurso AMMPLA Petrolina: novo cronograma aqui!"},"content":{"rendered":"\n<p>Foi publicado o novo cronograma de atividades do concurso da <strong>Autarquia Municipal de Mobilidade de Petrolina (<a href=\"https:\/\/www.estrategiaconcursos.com.br\/cursosPorConcurso\/autarquia-municipal-de-mobilidade-de-petrolina-ammpla\/\" target=\"_blank\" rel=\"noreferrer noopener\">AMMPLA<\/a>)<\/strong>. <\/p>\n\n\n\n<p>De acordo com as atualiza\u00e7\u00f5es divulgadas em Di\u00e1rio Oficial, a publica\u00e7\u00e3o do resultado preliminar da prova objetiva e discursiva ser\u00e1 feita no dia 1\u00ba de agosto. <\/p>\n\n\n\n<p>J\u00e1 o per\u00edodo de realiza\u00e7\u00e3o para o Teste de Aptid\u00e3o F\u00edsica ser\u00e1 no dia 07 de setembro. Para conferir o cronograma na \u00edntegra, acesse agora mesmo o link abaixo:<\/p>\n\n\n\n<ul class=\"wp-block-list\">\n<li><a href=\"https:\/\/dhg1h5j42swfq.cloudfront.net\/2023\/12\/25150929\/e91bc72a56cfa9ec21b2819e16c7cd43.pdf\" target=\"_blank\" rel=\"noreferrer noopener nofollow\">Cronograma atualizado!<\/a><\/li>\n<\/ul>\n\n\n\n<p>A disputa ocorre por uma das <strong>15 vagas imediatas e outras 15 em cadastro reserva<\/strong> para <strong>Agente de Tr\u00e2nsito e Transporte<\/strong>, cargo de n\u00edvel m\u00e9dio com iniciais de <strong>R$ 4.682,51<\/strong>.<\/p>\n\n\n\n<p>Deste total de vagas imediatas, <strong>10 <\/strong>s\u00e3o para Ampla Concorr\u00eancia, <strong>04 <\/strong>oportunidades de etnia racial e <strong>01<\/strong> para pessoas com defici\u00eancia. Os profissionais ter\u00e3o que cumprir jornadas de 40 horas semanais. <\/p>\n\n\n\n<ul class=\"wp-block-list has-very-light-gray-to-cyan-bluish-gray-gradient-background has-background\">\n<li><strong>Autarquia Municipal de Mobilidade de Petrolina (AMMPLA) <\/strong><\/li>\n\n\n\n<li><strong>Status:<\/strong> em andamento<\/li>\n\n\n\n<li><strong>Banca:<\/strong> <a href=\"https:\/\/www.idib.org.br\/Concurso.aspx?ID=274\" target=\"_blank\" rel=\"noreferrer noopener\">IDIB<\/a><\/li>\n\n\n\n<li><strong>Vagas:<\/strong> 15 + 15 CR<\/li>\n\n\n\n<li><strong>Sal\u00e1rio inicial:<\/strong> R$ 4.682,51<\/li>\n\n\n\n<li><strong>Edital: <\/strong><a href=\"https:\/\/dhg1h5j42swfq.cloudfront.net\/2023\/10\/31100941\/2ooglmexkum0g9krhb1ps2w1hly11n413ih9h689ao58bvxyw4ipqldk6lovm88689rxx9l5k2ehd9bg6409.pdf\" target=\"_blank\" rel=\"noreferrer noopener nofollow\">Edital AMMPLA 2023<\/a> <\/li>\n<\/ul>\n\n\n\n<p>A fim de te deixar sempre bem informado, elaboramos este artigo com as principais informa\u00e7\u00f5es e novidades sobre o concurso AMMPLA Petrolina. Acompanhe os t\u00f3picos abaixo e n\u00e3o perca nenhum detalhe:<\/p>\n\n\n\n<ul id=\"indice\" class=\"wp-block-list\">\n<li><a href=\"#vagas\"><strong>Cargo e vagas<\/strong><\/a>\n<ul class=\"wp-block-list\">\n<li><a href=\"#requisitos\">Requisitos<\/a><\/li>\n<\/ul>\n<\/li>\n\n\n\n<li><a href=\"#etapas\"><strong>Etapas de provas<\/strong><\/a>\n<ul class=\"wp-block-list\">\n<li><a href=\"#objetiva\">Prova objetiva<\/a><\/li>\n\n\n\n<li><a href=\"#redacao\">Prova de reda\u00e7\u00e3o<\/a><\/li>\n\n\n\n<li><a href=\"#taf\">Teste de aptid\u00e3o f\u00edsica<\/a><\/li>\n\n\n\n<li><a href=\"#curso\">Curso de forma\u00e7\u00e3o<\/a><\/li>\n<\/ul>\n<\/li>\n\n\n\n<li><a href=\"#sobre\"><strong>Sobre a AMMPLA<\/strong><\/a><\/li>\n\n\n\n<li><a href=\"#cursos\"><strong>Cursos assinatura<\/strong><\/a><\/li>\n\n\n\n<li><a href=\"#ficha\"><strong>Ficha t\u00e9cnica<\/strong><\/a><\/li>\n<\/ul>\n\n\n\n<div class=\"container\" id=\"boxes\">\n  <div class=\"row\">\n\n    <div class=\"col-sm\">\n      <div class=\"banner-estrat-corj\" id=\"box-assinatura\">\n        <h2 class=\"titulo-assinatura\" style=\"text-align: left;\">Cursos para Ammpla Petrolina<\/h2>\n        <p class=\"subtitulo-assinatura\" style=\"text-align: left;\">Conhe\u00e7a os cursos<\/p>\n        <div class=\"box-botao\" style=\"text-align: left;\">\n          <a class=\"btn-assinatura\" target=\"_blank\" href=\"https:\/\/www.estrategiaconcursos.com.br\/cursosPorConcurso\/autarquia-municipal-de-mobilidade-de-petrolina-ammpla\/\" role=\"button\" rel=\"noopener noreferrer\">CLIQUE AQUI<\/a>\n        <\/div>\n      <\/div><\/div><\/div><\/div>\n\n\n\n<h2 class=\"wp-block-heading\" id=\"vagas\">Concurso AMMPLA Petrolina: cargo e vagas<\/h2>\n\n\n\n<figure class=\"wp-block-table is-style-stripes\"><table class=\"has-fixed-layout\"><thead><tr><th class=\"has-text-align-center\" data-align=\"center\">Vagas AC<\/th><th class=\"has-text-align-center\" data-align=\"center\">Vagas PcD<\/th><th class=\"has-text-align-center\" data-align=\"center\">Vagas Etnia Racial<\/th><th class=\"has-text-align-center\" data-align=\"center\">Vagas CR<\/th><\/tr><\/thead><tbody><tr><td class=\"has-text-align-center\" data-align=\"center\">10<\/td><td class=\"has-text-align-center\" data-align=\"center\">01<\/td><td class=\"has-text-align-center\" data-align=\"center\">04<\/td><td class=\"has-text-align-center\" data-align=\"center\">15<\/td><\/tr><\/tbody><\/table><figcaption class=\"wp-element-caption\">Distribui\u00e7\u00e3o de vagas<\/figcaption><\/figure>\n\n\n\n<h3 class=\"wp-block-heading\" id=\"requisitos\">Requisitos<\/h3>\n\n\n\n<p>Para ingressar no cargo \u00e9 necess\u00e1rio possuir n\u00edvel m\u00e9dio completo + Carteira de Habilita\u00e7\u00e3o categoria AB ou superior.<\/p>\n\n\n\n<h2 class=\"wp-block-heading\" id=\"etapas\">Concurso AMMPLA Petrolina: etapas de provas<\/h2>\n\n\n\n<p>O concurso p\u00fablico compreender\u00e1 a aplica\u00e7\u00e3o das seguintes fases:<\/p>\n\n\n\n<ol class=\"wp-block-list\">\n<li><strong>Prova objetiva<\/strong> (Eliminat\u00f3ria e classificat\u00f3ria);<\/li>\n\n\n\n<li><strong>Prova de reda\u00e7\u00e3o<\/strong> (Eliminat\u00f3ria e classificat\u00f3ria);<\/li>\n\n\n\n<li><strong>Teste de aptid\u00e3o f\u00edsica<\/strong> (Eliminat\u00f3ria);<\/li>\n\n\n\n<li><strong>Heteroidentifica\u00e7\u00e3o e biopsicossocial <\/strong>(Eliminat\u00f3ria);<\/li>\n\n\n\n<li><strong>Psicol\u00f3gico e Psicot\u00e9cnico<\/strong> (Eliminat\u00f3ria);<\/li>\n\n\n\n<li><strong>Avalia\u00e7\u00e3o de Sa\u00fade e Toxicol\u00f3gica<\/strong> (Eliminat\u00f3ria);<\/li>\n\n\n\n<li><strong>Investiga\u00e7\u00e3o social<\/strong> (Eliminat\u00f3ria);<\/li>\n\n\n\n<li><strong>Curso de forma\u00e7\u00e3o <\/strong>(Eliminat\u00f3ria).<\/li>\n<\/ol>\n\n\n\n<h3 class=\"wp-block-heading\" id=\"objetiva\">Prova objetiva<\/h3>\n\n\n\n<p>A prova objetiva foi composta por <strong>70 quest\u00f5es<\/strong> de m\u00faltipla escolha, cada uma com cinco alternativas (A a E).<\/p>\n\n\n\n<p>Foi considerado aprovado na etapa o candidato que obteve 50% do total de pontos, n\u00e3o podendo obter nota igual a 0,00 em qualquer uma das disciplinas.<\/p>\n\n\n\n<figure class=\"wp-block-table is-style-stripes\"><table><thead><tr><th class=\"has-text-align-center\" data-align=\"center\">DISCIPLINA<\/th><th class=\"has-text-align-center\" data-align=\"center\">N\u00ba DE QUEST\u00d5ES<\/th><th class=\"has-text-align-center\" data-align=\"center\">PESO<\/th><th class=\"has-text-align-center\" data-align=\"center\">TOTAL DE PONTOS<\/th><\/tr><\/thead><tbody><tr><td class=\"has-text-align-center\" data-align=\"center\">L\u00edngua Portuguesa<\/td><td class=\"has-text-align-center\" data-align=\"center\">20<\/td><td class=\"has-text-align-center\" data-align=\"center\">1<\/td><td class=\"has-text-align-center\" data-align=\"center\">20<\/td><\/tr><tr><td class=\"has-text-align-center\" data-align=\"center\">Legisla\u00e7\u00e3o de Tr\u00e2nsito<\/td><td class=\"has-text-align-center\" data-align=\"center\">20<\/td><td class=\"has-text-align-center\" data-align=\"center\">2<\/td><td class=\"has-text-align-center\" data-align=\"center\">40<\/td><\/tr><tr><td class=\"has-text-align-center\" data-align=\"center\">No\u00e7\u00f5es de Direito Administrativo<\/td><td class=\"has-text-align-center\" data-align=\"center\">10<\/td><td class=\"has-text-align-center\" data-align=\"center\">1<\/td><td class=\"has-text-align-center\" data-align=\"center\">10<\/td><\/tr><tr><td class=\"has-text-align-center\" data-align=\"center\">No\u00e7\u00f5es de Direito Constitucional<\/td><td class=\"has-text-align-center\" data-align=\"center\">05<\/td><td class=\"has-text-align-center\" data-align=\"center\">1<\/td><td class=\"has-text-align-center\" data-align=\"center\">05<\/td><\/tr><tr><td class=\"has-text-align-center\" data-align=\"center\">No\u00e7\u00f5es de Direito Penal<\/td><td class=\"has-text-align-center\" data-align=\"center\">05<\/td><td class=\"has-text-align-center\" data-align=\"center\">1<\/td><td class=\"has-text-align-center\" data-align=\"center\">05<\/td><\/tr><tr><td class=\"has-text-align-center\" data-align=\"center\">Legisla\u00e7\u00e3o Especial<\/td><td class=\"has-text-align-center\" data-align=\"center\">10<\/td><td class=\"has-text-align-center\" data-align=\"center\">2<\/td><td class=\"has-text-align-center\" data-align=\"center\">20<\/td><\/tr><\/tbody><\/table><figcaption class=\"wp-element-caption\">Detalhes da prova objetiva <\/figcaption><\/figure>\n\n\n\n<h3 class=\"wp-block-heading\" id=\"redacao\">Prova de reda\u00e7\u00e3o<\/h3>\n\n\n\n<p>A prova discursiva consistiu da reda\u00e7\u00e3o de texto dissertativo, de at\u00e9 30 linhas, a respeito de temas relacionados aos objetos de avalia\u00e7\u00e3o.<\/p>\n\n\n\n<p>A prova valeu 100 pontos, sendo considerados aprovados apenas os candidatos que obtiveram o percentual m\u00ednimo de 50% de aproveitamento nos pontos.<\/p>\n\n\n\n<h3 class=\"wp-block-heading\" id=\"taf\">Teste de aptid\u00e3o f\u00edsica<\/h3>\n\n\n\n<p>O teste visa avaliar a capacidade do candidato de suportar, f\u00edsica e organicamente, as exig\u00eancias pr\u00f3prias do Curso de Forma\u00e7\u00e3o Profissional, bem como desempenhar com efici\u00eancia as atividades inerentes ao cargo.<\/p>\n\n\n\n<figure class=\"wp-block-image aligncenter size-full\"><img loading=\"lazy\" decoding=\"async\" width=\"611\" height=\"348\" src=\"https:\/\/dhg1h5j42swfq.cloudfront.net\/2023\/10\/31102238\/image-446.png\" alt=\"Exerc\u00edcios exigidos no TAF do certame\" class=\"wp-image-1300399\" srcset=\"https:\/\/dhg1h5j42swfq.cloudfront.net\/2023\/10\/31102238\/image-446.png 611w, https:\/\/dhg1h5j42swfq.cloudfront.net\/2023\/10\/31102238\/image-446-300x171.png 300w, https:\/\/dhg1h5j42swfq.cloudfront.net\/2023\/10\/31102238\/image-446-150x85.png 150w\" sizes=\"auto, (max-width: 611px) 100vw, 611px\" \/><\/figure>\n\n\n\n<h3 class=\"wp-block-heading\" id=\"curso\">Curso de forma\u00e7\u00e3o<\/h3>\n\n\n\n<p>Ser\u00e1 considerado reprovado no curso de forma\u00e7\u00e3o profissional, e consequentemente eliminado do concurso, o candidato que n\u00e3o obtiver no m\u00ednimo 70% de aproveitamento nas avalia\u00e7\u00f5es aplicadas durante o curso ou que n\u00e3o obtiver frequ\u00eancia integral, salvo faltas devidamente justificadas e abonadas.<\/p>\n\n\n\n<h2 class=\"wp-block-heading\" id=\"sobre\">Sobre a AMMPLA Petrolina <\/h2>\n\n\n\n<p>A AMMPLA tem por finalidade b\u00e1sica executar as pol\u00edticas de mobilidade urbana e seguran\u00e7a vi\u00e1ria do Munic\u00edpio de Petrolina, sendo designada como \u00d3rg\u00e3o Gestor de Transporte e Executivo de Tr\u00e2nsito.<\/p>\n\n\n\n<hr class=\"wp-block-separator has-alpha-channel-opacity\"\/>\n\n\n\n<h2 class=\"wp-block-heading has-text-align-center\" id=\"cursos\"><em>Quer estudar para o concurso AMMPLA Petrolina?<\/em><\/h2>\n\n\n\n<div class=\"container\" id=\"boxes\">\n  <div class=\"row\">\n\n    <div class=\"col-sm\">\n      <div class=\"banner-estrat-corj\" id=\"box-assinatura\">\n        <h2 class=\"titulo-assinatura\" style=\"text-align: left;\">Cursos para Ammpla Petrolina<\/h2>\n        <p class=\"subtitulo-assinatura\" style=\"text-align: left;\">Conhe\u00e7a os cursos<\/p>\n        <div class=\"box-botao\" style=\"text-align: left;\">\n          <a class=\"btn-assinatura\" target=\"_blank\" href=\"https:\/\/www.estrategiaconcursos.com.br\/cursosPorConcurso\/autarquia-municipal-de-mobilidade-de-petrolina-ammpla\/\" role=\"button\" rel=\"noopener noreferrer\">CLIQUE AQUI<\/a>\n        <\/div>\n      <\/div><\/div><\/div><\/div>\n\n\n\n<div class=\"container\" id=\"boxes\">\n  <div class=\"row\">\n\n    <div class=\"col-sm\">\n      <div class=\"estrategia\" id=\"box-assinatura\">\n        <h3 class=\"titulo-assinatura\">Assinatura Concursos<\/h3>\n        <p class=\"subtitulo-assinatura\">Assinatura de 1 ano ou 2 anos<\/p>\n        <div class=\"box-botao\">\n          <a class=\"btn-assinatura\" target=\"_blank\" href=\"https:\/\/www.estrategiaconcursos.com.br\/assinaturas\/\" role=\"button\" rel=\"noopener noreferrer\">ASSINE AGORA<\/a>\n        <\/div>\n      <\/div><\/div><\/div><\/div>\n\n\n\n<h2 class=\"wp-block-heading has-text-align-center\" id=\"h-quer-saber-tudo-sobre-concursos-previstos-confira-nossos-artigos\">Quer saber tudo sobre concursos previstos?<br \/>Confira  nossos artigos!<\/h2>\n\n\n\n<ul class=\"wp-block-list\">\n<li><a href=\"https:\/\/www.estrategiaconcursos.com.br\/blog\/concursos-abertos\/\" target=\"_blank\" rel=\"noreferrer noopener\">Concursos Abertos<\/a><\/li>\n\n\n\n<li><a href=\"https:\/\/www.estrategiaconcursos.com.br\/blog\/concurso-administrativos\/\">Concursos Administrativos<\/a><\/li>\n\n\n\n<li><a href=\"https:\/\/www.estrategiaconcursos.com.br\/blog\/concursos-2025\" target=\"_blank\" rel=\"noreferrer noopener\">Concursos 2025<\/a><\/li>\n\n\n\n<li><a href=\"https:\/\/www.estrategiaconcursos.com.br\/blog\/concursos-2026\" target=\"_blank\" rel=\"noreferrer noopener\">Concursos 2026<\/a><\/li>\n<\/ul>\n\n\n\n<figure class=\"wp-block-image is-resized\"><img loading=\"lazy\" decoding=\"async\" width=\"1024\" height=\"632\" src=\"https:\/\/dhg1h5j42swfq.cloudfront.net\/2025\/06\/27101122\/ficha-tecnica-1-1024x632.png\" alt=\"Informa\u00e7\u00f5es do \u00faltimo concurso AMMPLA Petrolina\" class=\"wp-image-702728\" style=\"width:256px;height:auto\" srcset=\"https:\/\/dhg1h5j42swfq.cloudfront.net\/2025\/06\/27101122\/ficha-tecnica-1-1024x632.png 1024w, https:\/\/dhg1h5j42swfq.cloudfront.net\/2025\/06\/27101122\/ficha-tecnica-1-300x185.png 300w, https:\/\/dhg1h5j42swfq.cloudfront.net\/2025\/06\/27101122\/ficha-tecnica-1-768x474.png 768w, https:\/\/dhg1h5j42swfq.cloudfront.net\/2025\/06\/27101122\/ficha-tecnica-1-1536x948.png 1536w, https:\/\/dhg1h5j42swfq.cloudfront.net\/2025\/06\/27101122\/ficha-tecnica-1-610x377.png 610w, https:\/\/dhg1h5j42swfq.cloudfront.net\/2025\/06\/27101122\/ficha-tecnica-1.png 1571w\" sizes=\"auto, (max-width: 1024px) 100vw, 1024px\" \/><\/figure>\n\n\n\n<h3 class=\"wp-block-heading\" id=\"ficha\">Informa\u00e7\u00f5es do concurso AMMPLA Petrolina<\/h3>\n\n\n\n<ul class=\"wp-block-list\">\n<li><strong>Data da prova<\/strong>:<s> 21\/01\/2024<\/s><\/li>\n\n\n\n<li><strong>Vagas<\/strong>: 15 + 15 CR<\/li>\n\n\n\n<li><strong>Cargo<\/strong>: Agente de Tr\u00e2nsito e Transporte<\/li>\n\n\n\n<li><strong>Banca<\/strong>: IDIB<\/li>\n\n\n\n<li><strong>Escolaridade<\/strong>: n\u00edvel m\u00e9dio<\/li>\n\n\n\n<li><strong>Edital: <\/strong><a href=\"https:\/\/dhg1h5j42swfq.cloudfront.net\/2023\/10\/31100941\/2ooglmexkum0g9krhb1ps2w1hly11n413ih9h689ao58bvxyw4ipqldk6lovm88689rxx9l5k2ehd9bg6409.pdf\" target=\"_blank\" rel=\"noreferrer noopener nofollow\">Edital AMMPLA 2023<\/a> | <a href=\"https:\/\/dhg1h5j42swfq.cloudfront.net\/2023\/12\/01172815\/o62cx647d4pdelnj0nhjvpb9b039o0xas53840j8aai21npq9a7kbw72k7ehb4egrtbtgluup5hil4r76483-1.pdf\" target=\"_blank\" rel=\"noreferrer noopener nofollow\">Errata<\/a> | <a href=\"https:\/\/dhg1h5j42swfq.cloudfront.net\/2023\/12\/01172812\/9872ymou0ghn5tgrvenu21hffqy6pshxo3cjps18gakwt8xd312nffr4nd8339dgq7xxxpc3so40cciv6474-1.pdf\" target=\"_blank\" rel=\"noreferrer noopener nofollow\">Aditivo<\/a><\/li>\n<\/ul>\n","protected":false},"excerpt":{"rendered":"<p>Foi publicado o novo cronograma de atividades do concurso da Autarquia Municipal de Mobilidade de Petrolina (AMMPLA). De acordo com as atualiza\u00e7\u00f5es divulgadas em Di\u00e1rio Oficial, a publica\u00e7\u00e3o do resultado preliminar da prova objetiva e discursiva ser\u00e1 feita no dia 1\u00ba de agosto. J\u00e1 o per\u00edodo de realiza\u00e7\u00e3o para o Teste de Aptid\u00e3o F\u00edsica ser\u00e1 [&hellip;]<\/p>\n","protected":false},"author":1788,"featured_media":1300511,"comment_status":"open","ping_status":"closed","sticky":false,"template":"","format":"standard","meta":{"post_tipo":"news_page","footnotes":""},"categories":[214992],"tags":[],"tax_estado":[219979],"class_list":["post-1245417","post","type-post","status-publish","format-standard","has-post-thumbnail","hentry","category-concursos-administrativos","tax_estado-pe"],"acf":[],"yoast_head":"<!-- This site is optimized with the Yoast SEO Premium plugin v27.2 (Yoast SEO v27.2) - https:\/\/yoast.com\/product\/yoast-seo-premium-wordpress\/ -->\n<title>Concurso AMMPLA Petrolina: novo cronograma aqui!<\/title>\n<meta name=\"description\" content=\"Concurso AMMPLA Petrolina: novo cronograma de atividades \u00e9 divulgado. S\u00e3o ofertadas 30 vagas para Agente. Saiba tudo aqui!\" \/>\n<meta name=\"robots\" content=\"index, follow, max-snippet:-1, max-image-preview:large, max-video-preview:-1\" \/>\n<link rel=\"canonical\" href=\"https:\/\/www.estrategiaconcursos.com.br\/blog\/concurso-ammpla-petrolina\/\" \/>\n<meta property=\"og:locale\" content=\"pt_BR\" \/>\n<meta property=\"og:type\" content=\"article\" \/>\n<meta property=\"og:title\" content=\"Concurso AMMPLA Petrolina: novo cronograma aqui!\" \/>\n<meta property=\"og:description\" content=\"Concurso AMMPLA Petrolina: novo cronograma de atividades \u00e9 divulgado. S\u00e3o ofertadas 30 vagas para Agente. Saiba tudo aqui!\" \/>\n<meta property=\"og:url\" content=\"https:\/\/www.estrategiaconcursos.com.br\/blog\/concurso-ammpla-petrolina\/\" \/>\n<meta property=\"og:site_name\" content=\"Estrat\u00e9gia Concursos\" \/>\n<meta property=\"article:published_time\" content=\"2025-07-25T17:54:00+00:00\" \/>\n<meta property=\"article:modified_time\" content=\"2025-07-25T18:40:56+00:00\" \/>\n<meta property=\"og:image\" content=\"https:\/\/dhg1h5j42swfq.cloudfront.net\/2023\/10\/31112040\/ammpla-petrolina.jpg\" \/>\n\t<meta property=\"og:image:width\" content=\"768\" \/>\n\t<meta property=\"og:image:height\" content=\"432\" \/>\n\t<meta property=\"og:image:type\" content=\"image\/jpeg\" \/>\n<meta name=\"author\" content=\"Coordena\u00e7\u00e3o\" \/>\n<meta name=\"twitter:card\" content=\"summary_large_image\" \/>\n<meta name=\"twitter:creator\" content=\"@EstratConcursos\" \/>\n<meta name=\"twitter:site\" content=\"@EstratConcursos\" \/>\n<meta name=\"twitter:label1\" content=\"Escrito por\" \/>\n\t<meta name=\"twitter:data1\" content=\"Coordena\u00e7\u00e3o\" \/>\n\t<meta name=\"twitter:label2\" content=\"Est. tempo de leitura\" \/>\n\t<meta name=\"twitter:data2\" content=\"3 minutos\" \/>\n<script type=\"application\/ld+json\" class=\"yoast-schema-graph\">{\"@context\":\"https:\/\/schema.org\",\"@graph\":[{\"@type\":\"NewsArticle\",\"@id\":\"https:\/\/www.estrategiaconcursos.com.br\/blog\/concurso-ammpla-petrolina\/#article\",\"isPartOf\":{\"@id\":\"https:\/\/www.estrategiaconcursos.com.br\/blog\/concurso-ammpla-petrolina\/\"},\"author\":{\"name\":\"Coordena\u00e7\u00e3o\",\"@id\":\"https:\/\/www.estrategiaconcursos.com.br\/blog\/#\/schema\/person\/045703eed12dcfcc3fc58d658357c347\"},\"headline\":\"Concurso AMMPLA Petrolina: novo cronograma aqui!\",\"datePublished\":\"2025-07-25T17:54:00+00:00\",\"dateModified\":\"2025-07-25T18:40:56+00:00\",\"mainEntityOfPage\":{\"@id\":\"https:\/\/www.estrategiaconcursos.com.br\/blog\/concurso-ammpla-petrolina\/\"},\"wordCount\":695,\"commentCount\":0,\"publisher\":{\"@id\":\"https:\/\/www.estrategiaconcursos.com.br\/blog\/#organization\"},\"image\":{\"@id\":\"https:\/\/www.estrategiaconcursos.com.br\/blog\/concurso-ammpla-petrolina\/#primaryimage\"},\"thumbnailUrl\":\"https:\/\/dhg1h5j42swfq.cloudfront.net\/2023\/10\/31112040\/ammpla-petrolina.jpg\",\"articleSection\":[\"Executivo (Administrativa)\"],\"inLanguage\":\"pt-BR\",\"potentialAction\":[{\"@type\":\"CommentAction\",\"name\":\"Comment\",\"target\":[\"https:\/\/www.estrategiaconcursos.com.br\/blog\/concurso-ammpla-petrolina\/#respond\"]}],\"copyrightYear\":\"2025\",\"copyrightHolder\":{\"@id\":\"https:\/\/www.estrategiaconcursos.com.br\/blog\/#organization\"}},{\"@type\":\"WebPage\",\"@id\":\"https:\/\/www.estrategiaconcursos.com.br\/blog\/concurso-ammpla-petrolina\/\",\"url\":\"https:\/\/www.estrategiaconcursos.com.br\/blog\/concurso-ammpla-petrolina\/\",\"name\":\"Concurso AMMPLA Petrolina: novo cronograma aqui!\",\"isPartOf\":{\"@id\":\"https:\/\/www.estrategiaconcursos.com.br\/blog\/#website\"},\"primaryImageOfPage\":{\"@id\":\"https:\/\/www.estrategiaconcursos.com.br\/blog\/concurso-ammpla-petrolina\/#primaryimage\"},\"image\":{\"@id\":\"https:\/\/www.estrategiaconcursos.com.br\/blog\/concurso-ammpla-petrolina\/#primaryimage\"},\"thumbnailUrl\":\"https:\/\/dhg1h5j42swfq.cloudfront.net\/2023\/10\/31112040\/ammpla-petrolina.jpg\",\"datePublished\":\"2025-07-25T17:54:00+00:00\",\"dateModified\":\"2025-07-25T18:40:56+00:00\",\"description\":\"Concurso AMMPLA Petrolina: novo cronograma de atividades \u00e9 divulgado. S\u00e3o ofertadas 30 vagas para Agente. Saiba tudo aqui!\",\"breadcrumb\":{\"@id\":\"https:\/\/www.estrategiaconcursos.com.br\/blog\/concurso-ammpla-petrolina\/#breadcrumb\"},\"inLanguage\":\"pt-BR\",\"potentialAction\":[{\"@type\":\"ReadAction\",\"target\":[\"https:\/\/www.estrategiaconcursos.com.br\/blog\/concurso-ammpla-petrolina\/\"]}]},{\"@type\":\"ImageObject\",\"inLanguage\":\"pt-BR\",\"@id\":\"https:\/\/www.estrategiaconcursos.com.br\/blog\/concurso-ammpla-petrolina\/#primaryimage\",\"url\":\"https:\/\/dhg1h5j42swfq.cloudfront.net\/2023\/10\/31112040\/ammpla-petrolina.jpg\",\"contentUrl\":\"https:\/\/dhg1h5j42swfq.cloudfront.net\/2023\/10\/31112040\/ammpla-petrolina.jpg\",\"width\":768,\"height\":432},{\"@type\":\"BreadcrumbList\",\"@id\":\"https:\/\/www.estrategiaconcursos.com.br\/blog\/concurso-ammpla-petrolina\/#breadcrumb\",\"itemListElement\":[{\"@type\":\"ListItem\",\"position\":1,\"name\":\"In\u00edcio\",\"item\":\"https:\/\/www.estrategiaconcursos.com.br\/blog\/\"},{\"@type\":\"ListItem\",\"position\":2,\"name\":\"Concurso AMMPLA Petrolina: novo cronograma aqui!\"}]},{\"@type\":\"WebSite\",\"@id\":\"https:\/\/www.estrategiaconcursos.com.br\/blog\/#website\",\"url\":\"https:\/\/www.estrategiaconcursos.com.br\/blog\/\",\"name\":\"Estrat\u00e9gia Concursos\",\"description\":\"O blog da Estrat\u00e9gia Concursos traz not\u00edcias sobre concursos e artigos de professores oferecendo cursos para concursos (pdf + videaulas) no site.\",\"publisher\":{\"@id\":\"https:\/\/www.estrategiaconcursos.com.br\/blog\/#organization\"},\"potentialAction\":[{\"@type\":\"SearchAction\",\"target\":{\"@type\":\"EntryPoint\",\"urlTemplate\":\"https:\/\/www.estrategiaconcursos.com.br\/blog\/?s={search_term_string}\"},\"query-input\":{\"@type\":\"PropertyValueSpecification\",\"valueRequired\":true,\"valueName\":\"search_term_string\"}}],\"inLanguage\":\"pt-BR\"},{\"@type\":\"Organization\",\"@id\":\"https:\/\/www.estrategiaconcursos.com.br\/blog\/#organization\",\"name\":\"Estrat\u00e9gia Concursos\",\"url\":\"https:\/\/www.estrategiaconcursos.com.br\/blog\/\",\"logo\":{\"@type\":\"ImageObject\",\"inLanguage\":\"pt-BR\",\"@id\":\"https:\/\/www.estrategiaconcursos.com.br\/blog\/#\/schema\/logo\/image\/\",\"url\":\"https:\/\/dhg1h5j42swfq.cloudfront.net\/2025\/06\/03203428\/logo_concursos-1.jpg\",\"contentUrl\":\"https:\/\/dhg1h5j42swfq.cloudfront.net\/2025\/06\/03203428\/logo_concursos-1.jpg\",\"width\":230,\"height\":60,\"caption\":\"Estrat\u00e9gia Concursos\"},\"image\":{\"@id\":\"https:\/\/www.estrategiaconcursos.com.br\/blog\/#\/schema\/logo\/image\/\"},\"sameAs\":[\"https:\/\/x.com\/EstratConcursos\"]},{\"@type\":\"Person\",\"@id\":\"https:\/\/www.estrategiaconcursos.com.br\/blog\/#\/schema\/person\/045703eed12dcfcc3fc58d658357c347\",\"name\":\"Coordena\u00e7\u00e3o\",\"image\":{\"@type\":\"ImageObject\",\"inLanguage\":\"pt-BR\",\"@id\":\"https:\/\/secure.gravatar.com\/avatar\/f3095faeb99f4ee382a251aa279c830bd3f320ce3b5f2b4981bcc67f49efef63?s=96&d=mm&r=g\",\"url\":\"https:\/\/secure.gravatar.com\/avatar\/f3095faeb99f4ee382a251aa279c830bd3f320ce3b5f2b4981bcc67f49efef63?s=96&d=mm&r=g\",\"contentUrl\":\"https:\/\/secure.gravatar.com\/avatar\/f3095faeb99f4ee382a251aa279c830bd3f320ce3b5f2b4981bcc67f49efef63?s=96&d=mm&r=g\",\"caption\":\"Coordena\u00e7\u00e3o\"},\"url\":\"https:\/\/www.estrategiaconcursos.com.br\/blog\/author\/contatoestrategiaconcursos-com-br-2\/\"}]}<\/script>\n<!-- \/ Yoast SEO Premium plugin. -->","yoast_head_json":{"title":"Concurso AMMPLA Petrolina: novo cronograma aqui!","description":"Concurso AMMPLA Petrolina: novo cronograma de atividades \u00e9 divulgado. S\u00e3o ofertadas 30 vagas para Agente. Saiba tudo aqui!","robots":{"index":"index","follow":"follow","max-snippet":"max-snippet:-1","max-image-preview":"max-image-preview:large","max-video-preview":"max-video-preview:-1"},"canonical":"https:\/\/www.estrategiaconcursos.com.br\/blog\/concurso-ammpla-petrolina\/","og_locale":"pt_BR","og_type":"article","og_title":"Concurso AMMPLA Petrolina: novo cronograma aqui!","og_description":"Concurso AMMPLA Petrolina: novo cronograma de atividades \u00e9 divulgado. S\u00e3o ofertadas 30 vagas para Agente. Saiba tudo aqui!","og_url":"https:\/\/www.estrategiaconcursos.com.br\/blog\/concurso-ammpla-petrolina\/","og_site_name":"Estrat\u00e9gia Concursos","article_published_time":"2025-07-25T17:54:00+00:00","article_modified_time":"2025-07-25T18:40:56+00:00","og_image":[{"width":768,"height":432,"url":"https:\/\/dhg1h5j42swfq.cloudfront.net\/2023\/10\/31112040\/ammpla-petrolina.jpg","type":"image\/jpeg"}],"author":"Coordena\u00e7\u00e3o","twitter_card":"summary_large_image","twitter_creator":"@EstratConcursos","twitter_site":"@EstratConcursos","twitter_misc":{"Escrito por":"Coordena\u00e7\u00e3o","Est. tempo de leitura":"3 minutos"},"schema":{"@context":"https:\/\/schema.org","@graph":[{"@type":"NewsArticle","@id":"https:\/\/www.estrategiaconcursos.com.br\/blog\/concurso-ammpla-petrolina\/#article","isPartOf":{"@id":"https:\/\/www.estrategiaconcursos.com.br\/blog\/concurso-ammpla-petrolina\/"},"author":{"name":"Coordena\u00e7\u00e3o","@id":"https:\/\/www.estrategiaconcursos.com.br\/blog\/#\/schema\/person\/045703eed12dcfcc3fc58d658357c347"},"headline":"Concurso AMMPLA Petrolina: novo cronograma aqui!","datePublished":"2025-07-25T17:54:00+00:00","dateModified":"2025-07-25T18:40:56+00:00","mainEntityOfPage":{"@id":"https:\/\/www.estrategiaconcursos.com.br\/blog\/concurso-ammpla-petrolina\/"},"wordCount":695,"commentCount":0,"publisher":{"@id":"https:\/\/www.estrategiaconcursos.com.br\/blog\/#organization"},"image":{"@id":"https:\/\/www.estrategiaconcursos.com.br\/blog\/concurso-ammpla-petrolina\/#primaryimage"},"thumbnailUrl":"https:\/\/dhg1h5j42swfq.cloudfront.net\/2023\/10\/31112040\/ammpla-petrolina.jpg","articleSection":["Executivo (Administrativa)"],"inLanguage":"pt-BR","potentialAction":[{"@type":"CommentAction","name":"Comment","target":["https:\/\/www.estrategiaconcursos.com.br\/blog\/concurso-ammpla-petrolina\/#respond"]}],"copyrightYear":"2025","copyrightHolder":{"@id":"https:\/\/www.estrategiaconcursos.com.br\/blog\/#organization"}},{"@type":"WebPage","@id":"https:\/\/www.estrategiaconcursos.com.br\/blog\/concurso-ammpla-petrolina\/","url":"https:\/\/www.estrategiaconcursos.com.br\/blog\/concurso-ammpla-petrolina\/","name":"Concurso AMMPLA Petrolina: novo cronograma aqui!","isPartOf":{"@id":"https:\/\/www.estrategiaconcursos.com.br\/blog\/#website"},"primaryImageOfPage":{"@id":"https:\/\/www.estrategiaconcursos.com.br\/blog\/concurso-ammpla-petrolina\/#primaryimage"},"image":{"@id":"https:\/\/www.estrategiaconcursos.com.br\/blog\/concurso-ammpla-petrolina\/#primaryimage"},"thumbnailUrl":"https:\/\/dhg1h5j42swfq.cloudfront.net\/2023\/10\/31112040\/ammpla-petrolina.jpg","datePublished":"2025-07-25T17:54:00+00:00","dateModified":"2025-07-25T18:40:56+00:00","description":"Concurso AMMPLA Petrolina: novo cronograma de atividades \u00e9 divulgado. S\u00e3o ofertadas 30 vagas para Agente. Saiba tudo aqui!","breadcrumb":{"@id":"https:\/\/www.estrategiaconcursos.com.br\/blog\/concurso-ammpla-petrolina\/#breadcrumb"},"inLanguage":"pt-BR","potentialAction":[{"@type":"ReadAction","target":["https:\/\/www.estrategiaconcursos.com.br\/blog\/concurso-ammpla-petrolina\/"]}]},{"@type":"ImageObject","inLanguage":"pt-BR","@id":"https:\/\/www.estrategiaconcursos.com.br\/blog\/concurso-ammpla-petrolina\/#primaryimage","url":"https:\/\/dhg1h5j42swfq.cloudfront.net\/2023\/10\/31112040\/ammpla-petrolina.jpg","contentUrl":"https:\/\/dhg1h5j42swfq.cloudfront.net\/2023\/10\/31112040\/ammpla-petrolina.jpg","width":768,"height":432},{"@type":"BreadcrumbList","@id":"https:\/\/www.estrategiaconcursos.com.br\/blog\/concurso-ammpla-petrolina\/#breadcrumb","itemListElement":[{"@type":"ListItem","position":1,"name":"In\u00edcio","item":"https:\/\/www.estrategiaconcursos.com.br\/blog\/"},{"@type":"ListItem","position":2,"name":"Concurso AMMPLA Petrolina: novo cronograma aqui!"}]},{"@type":"WebSite","@id":"https:\/\/www.estrategiaconcursos.com.br\/blog\/#website","url":"https:\/\/www.estrategiaconcursos.com.br\/blog\/","name":"Estrat\u00e9gia Concursos","description":"O blog da Estrat\u00e9gia Concursos traz not\u00edcias sobre concursos e artigos de professores oferecendo cursos para concursos (pdf + videaulas) no site.","publisher":{"@id":"https:\/\/www.estrategiaconcursos.com.br\/blog\/#organization"},"potentialAction":[{"@type":"SearchAction","target":{"@type":"EntryPoint","urlTemplate":"https:\/\/www.estrategiaconcursos.com.br\/blog\/?s={search_term_string}"},"query-input":{"@type":"PropertyValueSpecification","valueRequired":true,"valueName":"search_term_string"}}],"inLanguage":"pt-BR"},{"@type":"Organization","@id":"https:\/\/www.estrategiaconcursos.com.br\/blog\/#organization","name":"Estrat\u00e9gia Concursos","url":"https:\/\/www.estrategiaconcursos.com.br\/blog\/","logo":{"@type":"ImageObject","inLanguage":"pt-BR","@id":"https:\/\/www.estrategiaconcursos.com.br\/blog\/#\/schema\/logo\/image\/","url":"https:\/\/dhg1h5j42swfq.cloudfront.net\/2025\/06\/03203428\/logo_concursos-1.jpg","contentUrl":"https:\/\/dhg1h5j42swfq.cloudfront.net\/2025\/06\/03203428\/logo_concursos-1.jpg","width":230,"height":60,"caption":"Estrat\u00e9gia Concursos"},"image":{"@id":"https:\/\/www.estrategiaconcursos.com.br\/blog\/#\/schema\/logo\/image\/"},"sameAs":["https:\/\/x.com\/EstratConcursos"]},{"@type":"Person","@id":"https:\/\/www.estrategiaconcursos.com.br\/blog\/#\/schema\/person\/045703eed12dcfcc3fc58d658357c347","name":"Coordena\u00e7\u00e3o","image":{"@type":"ImageObject","inLanguage":"pt-BR","@id":"https:\/\/secure.gravatar.com\/avatar\/f3095faeb99f4ee382a251aa279c830bd3f320ce3b5f2b4981bcc67f49efef63?s=96&d=mm&r=g","url":"https:\/\/secure.gravatar.com\/avatar\/f3095faeb99f4ee382a251aa279c830bd3f320ce3b5f2b4981bcc67f49efef63?s=96&d=mm&r=g","contentUrl":"https:\/\/secure.gravatar.com\/avatar\/f3095faeb99f4ee382a251aa279c830bd3f320ce3b5f2b4981bcc67f49efef63?s=96&d=mm&r=g","caption":"Coordena\u00e7\u00e3o"},"url":"https:\/\/www.estrategiaconcursos.com.br\/blog\/author\/contatoestrategiaconcursos-com-br-2\/"}]}},"_links":{"self":[{"href":"https:\/\/www.estrategiaconcursos.com.br\/blog\/wp-json\/wp\/v2\/posts\/1245417","targetHints":{"allow":["GET"]}}],"collection":[{"href":"https:\/\/www.estrategiaconcursos.com.br\/blog\/wp-json\/wp\/v2\/posts"}],"about":[{"href":"https:\/\/www.estrategiaconcursos.com.br\/blog\/wp-json\/wp\/v2\/types\/post"}],"author":[{"embeddable":true,"href":"https:\/\/www.estrategiaconcursos.com.br\/blog\/wp-json\/wp\/v2\/users\/1788"}],"replies":[{"embeddable":true,"href":"https:\/\/www.estrategiaconcursos.com.br\/blog\/wp-json\/wp\/v2\/comments?post=1245417"}],"version-history":[{"count":26,"href":"https:\/\/www.estrategiaconcursos.com.br\/blog\/wp-json\/wp\/v2\/posts\/1245417\/revisions"}],"predecessor-version":[{"id":1613233,"href":"https:\/\/www.estrategiaconcursos.com.br\/blog\/wp-json\/wp\/v2\/posts\/1245417\/revisions\/1613233"}],"wp:featuredmedia":[{"embeddable":true,"href":"https:\/\/www.estrategiaconcursos.com.br\/blog\/wp-json\/wp\/v2\/media\/1300511"}],"wp:attachment":[{"href":"https:\/\/www.estrategiaconcursos.com.br\/blog\/wp-json\/wp\/v2\/media?parent=1245417"}],"wp:term":[{"taxonomy":"category","embeddable":true,"href":"https:\/\/www.estrategiaconcursos.com.br\/blog\/wp-json\/wp\/v2\/categories?post=1245417"},{"taxonomy":"post_tag","embeddable":true,"href":"https:\/\/www.estrategiaconcursos.com.br\/blog\/wp-json\/wp\/v2\/tags?post=1245417"},{"taxonomy":"tax_estado","embeddable":true,"href":"https:\/\/www.estrategiaconcursos.com.br\/blog\/wp-json\/wp\/v2\/tax_estado?post=1245417"}],"curies":[{"name":"wp","href":"https:\/\/api.w.org\/{rel}","templated":true}]}}