{"id":1245009,"date":"2023-07-10T09:00:00","date_gmt":"2023-07-10T12:00:00","guid":{"rendered":"https:\/\/www.estrategiaconcursos.com.br\/blog\/?p=1245009"},"modified":"2023-07-14T18:46:28","modified_gmt":"2023-07-14T21:46:28","slug":"carta-aos-assinantes-141","status":"publish","type":"post","link":"https:\/\/www.estrategiaconcursos.com.br\/blog\/carta-aos-assinantes-141\/","title":{"rendered":"Carta aos Assinantes do Estrat\u00e9gia Concursos &#8211; 141"},"content":{"rendered":"\n<p class=\"has-text-align-right has-luminous-vivid-amber-background-color has-background\"><em>Confira, em nossa <strong>cent\u00e9sima<\/strong> <strong>quadrag\u00e9sima<\/strong> <\/em><strong><em>primeira<\/em> <\/strong><em>carta aos assinantes, a nossa programa\u00e7\u00e3o semanal, as novidades do nosso Sistema de Quest\u00f5es e as principais movimenta\u00e7\u00f5es de concursos.<\/em><\/p>\n\n\n\n<p>Ol\u00e1, pessoal. Tudo bem?<\/p>\n\n\n\n<p>Aqui \u00e9 o<strong> Prof. Diego Cerqueira <\/strong>em nossa <strong><mark style=\"background-color:rgba(0, 0, 0, 0)\" class=\"has-inline-color has-vivid-purple-color\">cent\u00e9sima <strong>quadrag\u00e9sima<\/strong><\/mark><\/strong> carta aos Assinantes do Estrat\u00e9gia Concursos.<\/p>\n\n\n\n<p>Seguimos com nossa <strong>Semana Nacional dos Concursos P\u00fablicos<\/strong>! O l\u00edder absoluto em aprova\u00e7\u00f5es est\u00e1 com at\u00e9 54% de desconto nas assinaturas e mais 6 meses de acesso de b\u00f4nus. <a href=\"https:\/\/gratis.estrategiaconcursos.com.br\/palco-semana-nacional-2023\/?utm_source=banner&amp;utm_medium=banner&amp;utm_campaign=ec-ge-ld-banner-sncp23-semesp-030723-semananacional\" target=\"_blank\" rel=\"noreferrer noopener\">Confira aqui a programa\u00e7\u00e3o e participe<\/a>!<\/p>\n\n\n\n<p>Al\u00e9m disso, preparamos um m\u00e9todo que vai te colocar entre os 20% aprovados no <strong>CFC<\/strong>! O edital j\u00e1 est\u00e1 publicado e nos dias 10, 11 e 12 de julho, \u00e0s 19h, voc\u00ea ir\u00e1 descobrir&nbsp;<strong>como ser aprovado no CFC em 80 dias<\/strong>. <a href=\"https:\/\/gratis.estrategiaconcursos.com.br\/imersao-de-reta-final-cfc\/\" target=\"_blank\" rel=\"noreferrer noopener\">Inscreva-se gratuitamente<\/a>!<\/p>\n\n\n\n<h2 class=\"wp-block-heading\" id=\"h-sistema-de-questoes-do-estrategia\">Sistema de Quest\u00f5es do Estrat\u00e9gia<\/h2>\n\n\n\n<p>Na \u00faltima semana a nossa equipe do Sistema de Quest\u00f5es&nbsp;<strong>criou<\/strong>&nbsp;o seguinte&nbsp;<strong>Cadernos de Quest\u00f5es In\u00e9ditas<\/strong>:<\/p>\n\n\n\n<ul class=\"wp-block-list\">\n<li>PM SC Soldado (<a href=\"https:\/\/www.estrategiaconcursos.com.br\/blog\/questoes-ineditas-concurso-pm-sc-soldado\/\" target=\"_blank\" rel=\"noreferrer noopener\">clique aqui<\/a>!)<\/li>\n<\/ul>\n\n\n\n<h2 class=\"wp-block-heading\" id=\"h-agora-vamos-ver-as-principais-movimentacoes-de-concursos-da-ultima-semana\">Agora, vamos ver as principais movimenta\u00e7\u00f5es de concursos da \u00faltima semana?<\/h2>\n\n\n\n<ul class=\"wp-block-list\">\n<li><strong><a href=\"https:\/\/www.estrategiaconcursos.com.br\/blog\/concurso-pmdf\/\" target=\"_blank\" rel=\"noreferrer noopener\">PMDF<\/a><\/strong>: Foi oficialmente <strong>autorizado o concurso para Oficial Combatente<\/strong> PMDF (Pol\u00edcia Militar do Distrito Federal). Ser\u00e3o ofertadas 49 vagas imediatas e outras 98 para forma\u00e7\u00e3o de cadastro de reserva, distribu\u00eddas entre os sexos masculino e feminino. A exig\u00eancia \u00e9 de n\u00edvel superior, com sal\u00e1rio de R$ 9.623,97.<\/li>\n<\/ul>\n\n\n\n<ul class=\"wp-block-list\">\n<li><strong><a href=\"https:\/\/www.estrategiaconcursos.com.br\/blog\/concurso-alepi\/\" target=\"_blank\" rel=\"noreferrer noopener\">ALEPI<\/a><\/strong>: Um novo concurso ALEPI deve ser realizado em breve. Isso porque, segundo o presidente Franz\u00e9 Silva, um primeiro <strong>edital est\u00e1 previsto em agosto de 2023<\/strong>, enquanto outro deve ser divulgado no in\u00edcio de 2024. A previs\u00e3o \u00e9 de que sejam ofertadas, inicialmente, 400 vagas para \u00e1rea geral e, posteriormente, 100 vagas para Pol\u00edcia Legislativa. O quantitativo, no entanto, ainda ser\u00e1 confirmado ap\u00f3s a conclus\u00e3o do estudo de demanda.<\/li>\n<\/ul>\n\n\n\n<ul class=\"wp-block-list\">\n<li><strong><a href=\"https:\/\/www.estrategiaconcursos.com.br\/blog\/concurso-pm-es\/\" target=\"_blank\" rel=\"noreferrer noopener\">PM ES<\/a><\/strong>: O governador Jos\u00e9 Renato Casagrande <strong>autorizou a realiza\u00e7\u00e3o de um novo concurso PM ES<\/strong> (Pol\u00edcia Militar do Esp\u00edrito Santo) com 40 vagas para o cargo de Oficial Combatente. A exig\u00eancia \u00e9 de n\u00edvel m\u00e9dio, com sal\u00e1rio de R$ 7.476,48. Segundo an\u00fancio atrav\u00e9s das redes sociais da corpora\u00e7\u00e3o, o pr\u00f3ximo passo ser\u00e1 contratar a banca organizadora. No momento, o trabalho ser\u00e1 voltado \u00e0 elabora\u00e7\u00e3o do termo de refer\u00eancia.<\/li>\n<\/ul>\n\n\n\n<ul class=\"wp-block-list\">\n<li><strong><a href=\"https:\/\/www.estrategiaconcursos.com.br\/blog\/concurso-sespa\/\" target=\"_blank\" rel=\"noreferrer noopener\">SESPA<\/a><\/strong>: Foi <strong>publicado o edital do concurso SESPA<\/strong> (Secretaria de Estado de Sa\u00fade do Par\u00e1) com 315 vagas imediatas, al\u00e9m de cadastro reserva. As oportunidades s\u00e3o para v\u00e1rios cargos de n\u00edveis m\u00e9dio e superior, com sal\u00e1rios de R$ 1.387,95 a R$ 3.696,37. Os interessados podem realizar as inscri\u00e7\u00f5es no per\u00edodo de 17 de julho a 17 de agosto, pelo site da banca Consulplan. A prova \u00e9 prevista no dia 24 de setembro.<\/li>\n<\/ul>\n\n\n\n<ul class=\"wp-block-list\">\n<li><a href=\"https:\/\/www.estrategiaconcursos.com.br\/blog\/concurso-dataprev\/\" target=\"_blank\" rel=\"noreferrer noopener\"><strong>DATAPREV<\/strong><\/a>: Cebraspe foi definido como <strong>banca organizadora do novo concurso Dataprev<\/strong>. Com isso, o edital passou para o estado de imin\u00eancia e, portanto, pode ser publicado a qualquer momento. Importante refor\u00e7ar que detalhes sobre quantitativo de vagas e cargos ainda n\u00e3o foram informados. <\/li>\n<\/ul>\n\n\n\n<ul class=\"wp-block-list\">\n<li><a href=\"https:\/\/www.estrategiaconcursos.com.br\/blog\/concurso-tce-rj\/\" target=\"_blank\" rel=\"noreferrer noopener\"><strong>TCE RJ<\/strong><\/a>: Um novo edital de concurso para o TCE RJ (Tribunal de Contas do Estado do Rio de Janeiro) foi <strong>autorizado com 40 vagas imediatas<\/strong> e oportunidades em cadastro reserva. As oportunidades ser\u00e3o distribu\u00eddas entre as seguintes especialidades: Controle Externo; Ci\u00eancias Cont\u00e1beis; Direito; Tecnologia da Informa\u00e7\u00e3o; Engenharia Civil. Tamb\u00e9m foi autorizada a constitui\u00e7\u00e3o da comiss\u00e3o organizadora do concurso, que ser\u00e1 presidida por uma conselheira. <\/li>\n<\/ul>\n\n\n\n<ul class=\"wp-block-list\">\n<li><a href=\"https:\/\/www.estrategiaconcursos.com.br\/blog\/concurso-ibge\/\" target=\"_blank\" rel=\"noreferrer noopener\"><strong>IBGE<\/strong><\/a>: Foram <strong>publicados os primeiros editais de processo seletivo simplificado do IBGE<\/strong>, com 7.548 vagas tempor\u00e1rias para Agente de Pesquisas e Mapeamento (APM) e Supervisor de Coleta e Qualidade! A sele\u00e7\u00e3o visa preencher oportunidades de n\u00edvel m\u00e9dio, cuja remunera\u00e7\u00e3o inicial pode chegar a R$ 3.100,00, al\u00e9m de aux\u00edlio alimenta\u00e7\u00e3o de R$ 658,00. Os interessados em participar devem se candidatar no site da banca organizadora, o IBFC, at\u00e9 o dia 19 de julho. A avalia\u00e7\u00e3o dos candidatos ser\u00e1 realizada atrav\u00e9s de provas objetivas, previstas para o dia 17 de setembro.<\/li>\n<\/ul>\n\n\n\n<ul class=\"wp-block-list\">\n<li><a href=\"https:\/\/www.estrategiaconcursos.com.br\/blog\/concurso-inss-perito-medico\/\" target=\"_blank\" rel=\"noreferrer noopener\"><strong>INSS PERITO<\/strong><\/a>: O secret\u00e1rio de Regime Geral da Previd\u00eancia Social, Adroaldo da Cunha Portal, revelou em entrevista ao Jornal Nacional que o governo federal vai abrir um <strong>novo concurso para contratar 1.700 Peritos M\u00e9dicos do INSS<\/strong>. Com base nos dados de abril de 2023, existem 2.384 cargos vagos no quadro da Carreira da Per\u00edcia M\u00e9dica Federal. Para ingressar no cargo, \u00e9 necess\u00e1rio possuir diploma de conclus\u00e3o de curso de Gradua\u00e7\u00e3o de N\u00edvel Superior em Medicina e registro regular no Conselho Regional de Medicina.<\/li>\n<\/ul>\n\n\n\n<ul class=\"wp-block-list\">\n<li><a href=\"https:\/\/www.estrategiaconcursos.com.br\/blog\/concurso-mec-comissao-formada\/\" target=\"_blank\" rel=\"noreferrer noopener\"><strong>MEC<\/strong><\/a>: O edital do novo concurso do Minist\u00e9rio da Educa\u00e7\u00e3o (MEC) foi <strong>confirmado para o segundo semestre de 2023<\/strong> e a comiss\u00e3o foi institu\u00edda! Os membros da comiss\u00e3o ficar\u00e3o respons\u00e1veis por acompanhar os tr\u00e2mites da nova sele\u00e7\u00e3o, assim como a escolha da banca organizadora e, posteriormente, a elabora\u00e7\u00e3o do edital de abertura.<\/li>\n<\/ul>\n\n\n\n<ul class=\"wp-block-list\">\n<li><a href=\"https:\/\/www.estrategiaconcursos.com.br\/blog\/concurso-agu-pedido-de-autorizacao\/\" target=\"_blank\" rel=\"noreferrer noopener\"><strong>AGU<\/strong><\/a>: Pode ser que ocorra, em breve, o concurso AGU (Advocacia Geral da Uni\u00e3o). O \u00f3rg\u00e3o solicitou, com urg\u00eancia, ao Minist\u00e9rio da Gest\u00e3o e da Inova\u00e7\u00e3o em Servi\u00e7os P\u00fablicos, um novo certame. Segundo o relat\u00f3rio apresentado pelo \u00f3rg\u00e3o, nos \u00faltimos sete anos, penas 112 servidores ingressaram no quadro. A expectativa \u00e9 de que o <strong>edital seja autorizado ainda em 2023<\/strong>.<\/li>\n<\/ul>\n\n\n\n<p>Desejo a todos uma excelente semana de estudos!<\/p>\n\n\n\n<p>Abra\u00e7os,<\/p>\n\n\n\n<p><strong>Prof. Diego Cerqueira<\/strong><\/p>\n","protected":false},"excerpt":{"rendered":"<p>Confira, em nossa cent\u00e9sima quadrag\u00e9sima primeira carta aos assinantes, a nossa programa\u00e7\u00e3o semanal, as novidades do nosso Sistema de Quest\u00f5es e as principais movimenta\u00e7\u00f5es de concursos. Ol\u00e1, pessoal. Tudo bem? Aqui \u00e9 o Prof. Diego Cerqueira em nossa cent\u00e9sima quadrag\u00e9sima carta aos Assinantes do Estrat\u00e9gia Concursos. Seguimos com nossa Semana Nacional dos Concursos P\u00fablicos! O [&hellip;]<\/p>\n","protected":false},"author":1789,"featured_media":1117288,"comment_status":"open","ping_status":"closed","sticky":false,"template":"","format":"standard","meta":{"post_tipo":"article","footnotes":""},"categories":[1],"tags":[],"tax_estado":[219963],"class_list":["post-1245009","post","type-post","status-publish","format-standard","has-post-thumbnail","hentry","category-cursos-e-concursos","tax_estado-concursos-federais"],"acf":[],"yoast_head":"<!-- This site is optimized with the Yoast SEO Premium plugin v27.2 (Yoast SEO v27.2) - https:\/\/yoast.com\/product\/yoast-seo-premium-wordpress\/ -->\n<title>Carta aos Assinantes do Estrat\u00e9gia Concursos - 141<\/title>\n<meta name=\"description\" content=\"Confira em nossa 141\u00aa carta aos assinantes a nossa programa\u00e7\u00e3o semanal, novidades do nosso SQ e principais movimenta\u00e7\u00f5es de concursos.\" \/>\n<meta name=\"robots\" content=\"index, follow, max-snippet:-1, max-image-preview:large, max-video-preview:-1\" \/>\n<link rel=\"canonical\" href=\"https:\/\/www.estrategiaconcursos.com.br\/blog\/carta-aos-assinantes-141\/\" \/>\n<meta property=\"og:locale\" content=\"pt_BR\" \/>\n<meta property=\"og:type\" content=\"article\" \/>\n<meta property=\"og:title\" content=\"Carta aos Assinantes do Estrat\u00e9gia Concursos - 141\" \/>\n<meta property=\"og:description\" content=\"Confira em nossa 141\u00aa carta aos assinantes a nossa programa\u00e7\u00e3o semanal, novidades do nosso SQ e principais movimenta\u00e7\u00f5es de concursos.\" \/>\n<meta property=\"og:url\" content=\"https:\/\/www.estrategiaconcursos.com.br\/blog\/carta-aos-assinantes-141\/\" \/>\n<meta property=\"og:site_name\" content=\"Estrat\u00e9gia Concursos\" \/>\n<meta property=\"article:published_time\" content=\"2023-07-10T12:00:00+00:00\" \/>\n<meta property=\"article:modified_time\" content=\"2023-07-14T21:46:28+00:00\" \/>\n<meta property=\"og:image\" content=\"https:\/\/dhg1h5j42swfq.cloudfront.net\/2022\/10\/28151546\/imagem-carta-aos-assinantes-3.png\" \/>\n\t<meta property=\"og:image:width\" content=\"800\" \/>\n\t<meta property=\"og:image:height\" content=\"450\" \/>\n\t<meta property=\"og:image:type\" content=\"image\/png\" \/>\n<meta name=\"author\" content=\"Coordena\u00e7\u00e3o Estrat\u00e9gia\" \/>\n<meta name=\"twitter:card\" content=\"summary_large_image\" \/>\n<meta name=\"twitter:creator\" content=\"@EstratConcursos\" \/>\n<meta name=\"twitter:site\" content=\"@EstratConcursos\" \/>\n<meta name=\"twitter:label1\" content=\"Escrito por\" \/>\n\t<meta name=\"twitter:data1\" content=\"Coordena\u00e7\u00e3o Estrat\u00e9gia\" \/>\n\t<meta name=\"twitter:label2\" content=\"Est. tempo de leitura\" \/>\n\t<meta name=\"twitter:data2\" content=\"4 minutos\" \/>\n<script type=\"application\/ld+json\" class=\"yoast-schema-graph\">{\"@context\":\"https:\/\/schema.org\",\"@graph\":[{\"@type\":\"NewsArticle\",\"@id\":\"https:\/\/www.estrategiaconcursos.com.br\/blog\/carta-aos-assinantes-141\/#article\",\"isPartOf\":{\"@id\":\"https:\/\/www.estrategiaconcursos.com.br\/blog\/carta-aos-assinantes-141\/\"},\"author\":{\"name\":\"Coordena\u00e7\u00e3o Estrat\u00e9gia\",\"@id\":\"https:\/\/www.estrategiaconcursos.com.br\/blog\/#\/schema\/person\/ba5fab3b1fa4a358429e37bc50f74021\"},\"headline\":\"Carta aos Assinantes do Estrat\u00e9gia Concursos &#8211; 141\",\"datePublished\":\"2023-07-10T12:00:00+00:00\",\"dateModified\":\"2023-07-14T21:46:28+00:00\",\"mainEntityOfPage\":{\"@id\":\"https:\/\/www.estrategiaconcursos.com.br\/blog\/carta-aos-assinantes-141\/\"},\"wordCount\":900,\"commentCount\":0,\"publisher\":{\"@id\":\"https:\/\/www.estrategiaconcursos.com.br\/blog\/#organization\"},\"image\":{\"@id\":\"https:\/\/www.estrategiaconcursos.com.br\/blog\/carta-aos-assinantes-141\/#primaryimage\"},\"thumbnailUrl\":\"https:\/\/dhg1h5j42swfq.cloudfront.net\/2022\/10\/28151546\/imagem-carta-aos-assinantes-3.png\",\"articleSection\":[\"Concursos P\u00fablicos\"],\"inLanguage\":\"pt-BR\",\"potentialAction\":[{\"@type\":\"CommentAction\",\"name\":\"Comment\",\"target\":[\"https:\/\/www.estrategiaconcursos.com.br\/blog\/carta-aos-assinantes-141\/#respond\"]}],\"copyrightYear\":\"2023\",\"copyrightHolder\":{\"@id\":\"https:\/\/www.estrategiaconcursos.com.br\/blog\/#organization\"}},{\"@type\":\"WebPage\",\"@id\":\"https:\/\/www.estrategiaconcursos.com.br\/blog\/carta-aos-assinantes-141\/\",\"url\":\"https:\/\/www.estrategiaconcursos.com.br\/blog\/carta-aos-assinantes-141\/\",\"name\":\"Carta aos Assinantes do Estrat\u00e9gia Concursos - 141\",\"isPartOf\":{\"@id\":\"https:\/\/www.estrategiaconcursos.com.br\/blog\/#website\"},\"primaryImageOfPage\":{\"@id\":\"https:\/\/www.estrategiaconcursos.com.br\/blog\/carta-aos-assinantes-141\/#primaryimage\"},\"image\":{\"@id\":\"https:\/\/www.estrategiaconcursos.com.br\/blog\/carta-aos-assinantes-141\/#primaryimage\"},\"thumbnailUrl\":\"https:\/\/dhg1h5j42swfq.cloudfront.net\/2022\/10\/28151546\/imagem-carta-aos-assinantes-3.png\",\"datePublished\":\"2023-07-10T12:00:00+00:00\",\"dateModified\":\"2023-07-14T21:46:28+00:00\",\"description\":\"Confira em nossa 141\u00aa carta aos assinantes a nossa programa\u00e7\u00e3o semanal, novidades do nosso SQ e principais movimenta\u00e7\u00f5es de concursos.\",\"breadcrumb\":{\"@id\":\"https:\/\/www.estrategiaconcursos.com.br\/blog\/carta-aos-assinantes-141\/#breadcrumb\"},\"inLanguage\":\"pt-BR\",\"potentialAction\":[{\"@type\":\"ReadAction\",\"target\":[\"https:\/\/www.estrategiaconcursos.com.br\/blog\/carta-aos-assinantes-141\/\"]}]},{\"@type\":\"ImageObject\",\"inLanguage\":\"pt-BR\",\"@id\":\"https:\/\/www.estrategiaconcursos.com.br\/blog\/carta-aos-assinantes-141\/#primaryimage\",\"url\":\"https:\/\/dhg1h5j42swfq.cloudfront.net\/2022\/10\/28151546\/imagem-carta-aos-assinantes-3.png\",\"contentUrl\":\"https:\/\/dhg1h5j42swfq.cloudfront.net\/2022\/10\/28151546\/imagem-carta-aos-assinantes-3.png\",\"width\":800,\"height\":450,\"caption\":\"Carta aos Assinantes\"},{\"@type\":\"BreadcrumbList\",\"@id\":\"https:\/\/www.estrategiaconcursos.com.br\/blog\/carta-aos-assinantes-141\/#breadcrumb\",\"itemListElement\":[{\"@type\":\"ListItem\",\"position\":1,\"name\":\"In\u00edcio\",\"item\":\"https:\/\/www.estrategiaconcursos.com.br\/blog\/\"},{\"@type\":\"ListItem\",\"position\":2,\"name\":\"Carta aos Assinantes do Estrat\u00e9gia Concursos &#8211; 141\"}]},{\"@type\":\"WebSite\",\"@id\":\"https:\/\/www.estrategiaconcursos.com.br\/blog\/#website\",\"url\":\"https:\/\/www.estrategiaconcursos.com.br\/blog\/\",\"name\":\"Estrat\u00e9gia Concursos\",\"description\":\"O blog da Estrat\u00e9gia Concursos traz not\u00edcias sobre concursos e artigos de professores oferecendo cursos para concursos (pdf + videaulas) no site.\",\"publisher\":{\"@id\":\"https:\/\/www.estrategiaconcursos.com.br\/blog\/#organization\"},\"potentialAction\":[{\"@type\":\"SearchAction\",\"target\":{\"@type\":\"EntryPoint\",\"urlTemplate\":\"https:\/\/www.estrategiaconcursos.com.br\/blog\/?s={search_term_string}\"},\"query-input\":{\"@type\":\"PropertyValueSpecification\",\"valueRequired\":true,\"valueName\":\"search_term_string\"}}],\"inLanguage\":\"pt-BR\"},{\"@type\":\"Organization\",\"@id\":\"https:\/\/www.estrategiaconcursos.com.br\/blog\/#organization\",\"name\":\"Estrat\u00e9gia Concursos\",\"url\":\"https:\/\/www.estrategiaconcursos.com.br\/blog\/\",\"logo\":{\"@type\":\"ImageObject\",\"inLanguage\":\"pt-BR\",\"@id\":\"https:\/\/www.estrategiaconcursos.com.br\/blog\/#\/schema\/logo\/image\/\",\"url\":\"https:\/\/dhg1h5j42swfq.cloudfront.net\/2025\/06\/03203428\/logo_concursos-1.jpg\",\"contentUrl\":\"https:\/\/dhg1h5j42swfq.cloudfront.net\/2025\/06\/03203428\/logo_concursos-1.jpg\",\"width\":230,\"height\":60,\"caption\":\"Estrat\u00e9gia Concursos\"},\"image\":{\"@id\":\"https:\/\/www.estrategiaconcursos.com.br\/blog\/#\/schema\/logo\/image\/\"},\"sameAs\":[\"https:\/\/x.com\/EstratConcursos\"]},{\"@type\":\"Person\",\"@id\":\"https:\/\/www.estrategiaconcursos.com.br\/blog\/#\/schema\/person\/ba5fab3b1fa4a358429e37bc50f74021\",\"name\":\"Coordena\u00e7\u00e3o Estrat\u00e9gia\",\"image\":{\"@type\":\"ImageObject\",\"inLanguage\":\"pt-BR\",\"@id\":\"https:\/\/secure.gravatar.com\/avatar\/adff33ff18541ba37c900dd2b1e82dbfb0fe33d873b92636b4827a8da462feb3?s=96&d=mm&r=g\",\"url\":\"https:\/\/secure.gravatar.com\/avatar\/adff33ff18541ba37c900dd2b1e82dbfb0fe33d873b92636b4827a8da462feb3?s=96&d=mm&r=g\",\"contentUrl\":\"https:\/\/secure.gravatar.com\/avatar\/adff33ff18541ba37c900dd2b1e82dbfb0fe33d873b92636b4827a8da462feb3?s=96&d=mm&r=g\",\"caption\":\"Coordena\u00e7\u00e3o Estrat\u00e9gia\"},\"url\":\"https:\/\/www.estrategiaconcursos.com.br\/blog\/author\/victor-tanakaaestrategiaconcursos-com-br\/\"}]}<\/script>\n<!-- \/ Yoast SEO Premium plugin. -->","yoast_head_json":{"title":"Carta aos Assinantes do Estrat\u00e9gia Concursos - 141","description":"Confira em nossa 141\u00aa carta aos assinantes a nossa programa\u00e7\u00e3o semanal, novidades do nosso SQ e principais movimenta\u00e7\u00f5es de concursos.","robots":{"index":"index","follow":"follow","max-snippet":"max-snippet:-1","max-image-preview":"max-image-preview:large","max-video-preview":"max-video-preview:-1"},"canonical":"https:\/\/www.estrategiaconcursos.com.br\/blog\/carta-aos-assinantes-141\/","og_locale":"pt_BR","og_type":"article","og_title":"Carta aos Assinantes do Estrat\u00e9gia Concursos - 141","og_description":"Confira em nossa 141\u00aa carta aos assinantes a nossa programa\u00e7\u00e3o semanal, novidades do nosso SQ e principais movimenta\u00e7\u00f5es de concursos.","og_url":"https:\/\/www.estrategiaconcursos.com.br\/blog\/carta-aos-assinantes-141\/","og_site_name":"Estrat\u00e9gia Concursos","article_published_time":"2023-07-10T12:00:00+00:00","article_modified_time":"2023-07-14T21:46:28+00:00","og_image":[{"width":800,"height":450,"url":"https:\/\/dhg1h5j42swfq.cloudfront.net\/2022\/10\/28151546\/imagem-carta-aos-assinantes-3.png","type":"image\/png"}],"author":"Coordena\u00e7\u00e3o Estrat\u00e9gia","twitter_card":"summary_large_image","twitter_creator":"@EstratConcursos","twitter_site":"@EstratConcursos","twitter_misc":{"Escrito por":"Coordena\u00e7\u00e3o Estrat\u00e9gia","Est. tempo de leitura":"4 minutos"},"schema":{"@context":"https:\/\/schema.org","@graph":[{"@type":"NewsArticle","@id":"https:\/\/www.estrategiaconcursos.com.br\/blog\/carta-aos-assinantes-141\/#article","isPartOf":{"@id":"https:\/\/www.estrategiaconcursos.com.br\/blog\/carta-aos-assinantes-141\/"},"author":{"name":"Coordena\u00e7\u00e3o Estrat\u00e9gia","@id":"https:\/\/www.estrategiaconcursos.com.br\/blog\/#\/schema\/person\/ba5fab3b1fa4a358429e37bc50f74021"},"headline":"Carta aos Assinantes do Estrat\u00e9gia Concursos &#8211; 141","datePublished":"2023-07-10T12:00:00+00:00","dateModified":"2023-07-14T21:46:28+00:00","mainEntityOfPage":{"@id":"https:\/\/www.estrategiaconcursos.com.br\/blog\/carta-aos-assinantes-141\/"},"wordCount":900,"commentCount":0,"publisher":{"@id":"https:\/\/www.estrategiaconcursos.com.br\/blog\/#organization"},"image":{"@id":"https:\/\/www.estrategiaconcursos.com.br\/blog\/carta-aos-assinantes-141\/#primaryimage"},"thumbnailUrl":"https:\/\/dhg1h5j42swfq.cloudfront.net\/2022\/10\/28151546\/imagem-carta-aos-assinantes-3.png","articleSection":["Concursos P\u00fablicos"],"inLanguage":"pt-BR","potentialAction":[{"@type":"CommentAction","name":"Comment","target":["https:\/\/www.estrategiaconcursos.com.br\/blog\/carta-aos-assinantes-141\/#respond"]}],"copyrightYear":"2023","copyrightHolder":{"@id":"https:\/\/www.estrategiaconcursos.com.br\/blog\/#organization"}},{"@type":"WebPage","@id":"https:\/\/www.estrategiaconcursos.com.br\/blog\/carta-aos-assinantes-141\/","url":"https:\/\/www.estrategiaconcursos.com.br\/blog\/carta-aos-assinantes-141\/","name":"Carta aos Assinantes do Estrat\u00e9gia Concursos - 141","isPartOf":{"@id":"https:\/\/www.estrategiaconcursos.com.br\/blog\/#website"},"primaryImageOfPage":{"@id":"https:\/\/www.estrategiaconcursos.com.br\/blog\/carta-aos-assinantes-141\/#primaryimage"},"image":{"@id":"https:\/\/www.estrategiaconcursos.com.br\/blog\/carta-aos-assinantes-141\/#primaryimage"},"thumbnailUrl":"https:\/\/dhg1h5j42swfq.cloudfront.net\/2022\/10\/28151546\/imagem-carta-aos-assinantes-3.png","datePublished":"2023-07-10T12:00:00+00:00","dateModified":"2023-07-14T21:46:28+00:00","description":"Confira em nossa 141\u00aa carta aos assinantes a nossa programa\u00e7\u00e3o semanal, novidades do nosso SQ e principais movimenta\u00e7\u00f5es de concursos.","breadcrumb":{"@id":"https:\/\/www.estrategiaconcursos.com.br\/blog\/carta-aos-assinantes-141\/#breadcrumb"},"inLanguage":"pt-BR","potentialAction":[{"@type":"ReadAction","target":["https:\/\/www.estrategiaconcursos.com.br\/blog\/carta-aos-assinantes-141\/"]}]},{"@type":"ImageObject","inLanguage":"pt-BR","@id":"https:\/\/www.estrategiaconcursos.com.br\/blog\/carta-aos-assinantes-141\/#primaryimage","url":"https:\/\/dhg1h5j42swfq.cloudfront.net\/2022\/10\/28151546\/imagem-carta-aos-assinantes-3.png","contentUrl":"https:\/\/dhg1h5j42swfq.cloudfront.net\/2022\/10\/28151546\/imagem-carta-aos-assinantes-3.png","width":800,"height":450,"caption":"Carta aos Assinantes"},{"@type":"BreadcrumbList","@id":"https:\/\/www.estrategiaconcursos.com.br\/blog\/carta-aos-assinantes-141\/#breadcrumb","itemListElement":[{"@type":"ListItem","position":1,"name":"In\u00edcio","item":"https:\/\/www.estrategiaconcursos.com.br\/blog\/"},{"@type":"ListItem","position":2,"name":"Carta aos Assinantes do Estrat\u00e9gia Concursos &#8211; 141"}]},{"@type":"WebSite","@id":"https:\/\/www.estrategiaconcursos.com.br\/blog\/#website","url":"https:\/\/www.estrategiaconcursos.com.br\/blog\/","name":"Estrat\u00e9gia Concursos","description":"O blog da Estrat\u00e9gia Concursos traz not\u00edcias sobre concursos e artigos de professores oferecendo cursos para concursos (pdf + videaulas) no site.","publisher":{"@id":"https:\/\/www.estrategiaconcursos.com.br\/blog\/#organization"},"potentialAction":[{"@type":"SearchAction","target":{"@type":"EntryPoint","urlTemplate":"https:\/\/www.estrategiaconcursos.com.br\/blog\/?s={search_term_string}"},"query-input":{"@type":"PropertyValueSpecification","valueRequired":true,"valueName":"search_term_string"}}],"inLanguage":"pt-BR"},{"@type":"Organization","@id":"https:\/\/www.estrategiaconcursos.com.br\/blog\/#organization","name":"Estrat\u00e9gia Concursos","url":"https:\/\/www.estrategiaconcursos.com.br\/blog\/","logo":{"@type":"ImageObject","inLanguage":"pt-BR","@id":"https:\/\/www.estrategiaconcursos.com.br\/blog\/#\/schema\/logo\/image\/","url":"https:\/\/dhg1h5j42swfq.cloudfront.net\/2025\/06\/03203428\/logo_concursos-1.jpg","contentUrl":"https:\/\/dhg1h5j42swfq.cloudfront.net\/2025\/06\/03203428\/logo_concursos-1.jpg","width":230,"height":60,"caption":"Estrat\u00e9gia Concursos"},"image":{"@id":"https:\/\/www.estrategiaconcursos.com.br\/blog\/#\/schema\/logo\/image\/"},"sameAs":["https:\/\/x.com\/EstratConcursos"]},{"@type":"Person","@id":"https:\/\/www.estrategiaconcursos.com.br\/blog\/#\/schema\/person\/ba5fab3b1fa4a358429e37bc50f74021","name":"Coordena\u00e7\u00e3o Estrat\u00e9gia","image":{"@type":"ImageObject","inLanguage":"pt-BR","@id":"https:\/\/secure.gravatar.com\/avatar\/adff33ff18541ba37c900dd2b1e82dbfb0fe33d873b92636b4827a8da462feb3?s=96&d=mm&r=g","url":"https:\/\/secure.gravatar.com\/avatar\/adff33ff18541ba37c900dd2b1e82dbfb0fe33d873b92636b4827a8da462feb3?s=96&d=mm&r=g","contentUrl":"https:\/\/secure.gravatar.com\/avatar\/adff33ff18541ba37c900dd2b1e82dbfb0fe33d873b92636b4827a8da462feb3?s=96&d=mm&r=g","caption":"Coordena\u00e7\u00e3o Estrat\u00e9gia"},"url":"https:\/\/www.estrategiaconcursos.com.br\/blog\/author\/victor-tanakaaestrategiaconcursos-com-br\/"}]}},"_links":{"self":[{"href":"https:\/\/www.estrategiaconcursos.com.br\/blog\/wp-json\/wp\/v2\/posts\/1245009","targetHints":{"allow":["GET"]}}],"collection":[{"href":"https:\/\/www.estrategiaconcursos.com.br\/blog\/wp-json\/wp\/v2\/posts"}],"about":[{"href":"https:\/\/www.estrategiaconcursos.com.br\/blog\/wp-json\/wp\/v2\/types\/post"}],"author":[{"embeddable":true,"href":"https:\/\/www.estrategiaconcursos.com.br\/blog\/wp-json\/wp\/v2\/users\/1789"}],"replies":[{"embeddable":true,"href":"https:\/\/www.estrategiaconcursos.com.br\/blog\/wp-json\/wp\/v2\/comments?post=1245009"}],"version-history":[{"count":7,"href":"https:\/\/www.estrategiaconcursos.com.br\/blog\/wp-json\/wp\/v2\/posts\/1245009\/revisions"}],"predecessor-version":[{"id":1248269,"href":"https:\/\/www.estrategiaconcursos.com.br\/blog\/wp-json\/wp\/v2\/posts\/1245009\/revisions\/1248269"}],"wp:featuredmedia":[{"embeddable":true,"href":"https:\/\/www.estrategiaconcursos.com.br\/blog\/wp-json\/wp\/v2\/media\/1117288"}],"wp:attachment":[{"href":"https:\/\/www.estrategiaconcursos.com.br\/blog\/wp-json\/wp\/v2\/media?parent=1245009"}],"wp:term":[{"taxonomy":"category","embeddable":true,"href":"https:\/\/www.estrategiaconcursos.com.br\/blog\/wp-json\/wp\/v2\/categories?post=1245009"},{"taxonomy":"post_tag","embeddable":true,"href":"https:\/\/www.estrategiaconcursos.com.br\/blog\/wp-json\/wp\/v2\/tags?post=1245009"},{"taxonomy":"tax_estado","embeddable":true,"href":"https:\/\/www.estrategiaconcursos.com.br\/blog\/wp-json\/wp\/v2\/tax_estado?post=1245009"}],"curies":[{"name":"wp","href":"https:\/\/api.w.org\/{rel}","templated":true}]}}