{"id":124316,"date":"2018-06-05T13:03:24","date_gmt":"2018-06-05T16:03:24","guid":{"rendered":"https:\/\/www.estrategiaconcursos.com.br\/blog\/?p=124316"},"modified":"2018-06-06T01:20:52","modified_gmt":"2018-06-06T04:20:52","slug":"comentarios-prova-da-pm-sp-atualidades","status":"publish","type":"post","link":"https:\/\/www.estrategiaconcursos.com.br\/blog\/comentarios-prova-da-pm-sp-atualidades\/","title":{"rendered":"COMENT\u00c1RIOS \u00c0 PROVA DE ATUALIDADES DA PM\/SP &#8211; SOLDADO"},"content":{"rendered":"<p style=\"text-align: justify\">Ol\u00e1 pessoal,<\/p>\n<p style=\"text-align: justify\">Foram tr\u00eas quest\u00f5es de Atualidades na prova. O examinador cobrou fatos ocorridos nos meses de janeiro e fevereiro de 2018.<\/p>\n<p style=\"text-align: justify\">Quem fez o nosso curso e assistiu \u00e0s nossas aulas de Retrospectiva do M\u00eas Anterior foi bem na prova.<\/p>\n<p style=\"text-align: justify\">Vamos \u00e0s quest\u00f5es:<\/p>\n<p>&nbsp;<\/p>\n<ol style=\"text-align: justify\" start=\"42\">\n<li><strong> Em 26 de fevereiro deste ano, o presidente dos EUA,<\/strong><strong> Donald Trump, ordenou a expuls\u00e3o de 60 diplomatas russos do pa\u00eds. Outros 14 pa\u00edses europeus, como Fran\u00e7a e Alemanha, tamb\u00e9m confirmaram que pedir\u00e3o a sa\u00edda de representantes diplom\u00e1ticos russos de seus pa\u00edses.<\/strong><\/li>\n<\/ol>\n<p style=\"text-align: right\">(UOL \u2013 goo.gl\/ypk7S2. Acesso 01.04.2018. Adaptado)<\/p>\n<p style=\"text-align: justify\"><strong>As medidas tomadas pelos pa\u00edses s\u00e3o uma forma de<\/strong><strong> repres\u00e1lia<\/strong><\/p>\n<p style=\"text-align: justify\"><strong>(A) ao apoio russo ao governo s\u00edrio, respons\u00e1vel por<\/strong><strong> milhares de mortos na guerra civil da S\u00edria.<\/strong><\/p>\n<p style=\"text-align: justify\"><strong>(B) ao apoio dos russos \u00e0 produ\u00e7\u00e3o de m\u00edsseis pelo<\/strong><strong> governo da Coreia do Norte.<\/strong><\/p>\n<p style=\"text-align: justify\"><strong>(C) \u00e0 ades\u00e3o russa \u00e0 nova guerra comercial iniciada em<\/strong><strong> janeiro pela China.<\/strong><\/p>\n<p style=\"text-align: justify\"><strong>(D) ao envenenamento de um ex-espi\u00e3o russo por agentes qu\u00edmicos, no Reino Unido.<\/strong><\/p>\n<p style=\"text-align: justify\"><strong>(E) ao roubo de dados pessoais de milhares de seguidores da rede facebook.<\/strong><\/p>\n<p style=\"text-align: center\"><strong><u>COMENT\u00c1RIOS:<\/u><\/strong><\/p>\n<p style=\"text-align: justify\">Em mar\u00e7o de 2018, um ex-espi\u00e3o russo e sua filha foram envenenados na Inglaterra com um agente neurot\u00f3xico raro. A tentativa de assassinato ganhou ampla repercuss\u00e3o mundial por usar uma poderosa arma qu\u00edmica chamada Novichok, criada na antiga Uni\u00e3o Sovi\u00e9tica durante a Guerra Fria. Ela ataca o sistema nervoso e pode levar \u00e0 morte por parada cardiorrespirat\u00f3ria.<\/p>\n<p style=\"text-align: justify\">O ex-agente Serguei Skripal e sua filha, Yulia, correram s\u00e9rio risco de vida, ficaram hospitalizados por semanas, em estado grave de sa\u00fade, mas sobreviveram.<\/p>\n<p style=\"text-align: justify\">Sergei\u00a0Skripal foi condenado \u00e0 pris\u00e3o em 2006 na R\u00fassia por trai\u00e7\u00e3o. A acusa\u00e7\u00e3o \u00e9 de que ele vendia informa\u00e7\u00f5es sigilosas aos agentes brit\u00e2nicos. Em 2010, ele foi perdoado, como parte de uma troca de espi\u00f5es com os Estados Unidos. Desde ent\u00e3o, passou a morar no Reino Unido.<\/p>\n<p style=\"text-align: justify\">O governo brit\u00e2nico acusou a R\u00fassia de estar por tr\u00e1s do envenenamento. Como resposta expulsou 23 diplomatas russos do pa\u00eds. A medida foi seguida por outros pa\u00edses, em solidariedade aos ingleses. Os Estados Unidos expulsaram 60 diplomatas russos e decretaram o fechamento do consulado da R\u00fassia em Seattle.<\/p>\n<p style=\"text-align: justify\">Al\u00e9m dos EUA, mais de 30 pa\u00edses, em sua maioria membros da Uni\u00e3o Europeia, mas entre os quais tamb\u00e9m figuram Canad\u00e1, Austr\u00e1lia e Ucr\u00e2nia, expulsaram diplomatas. A OTAN (Organiza\u00e7\u00e3o do Tratado do Atl\u00e2ntico Norte) tamb\u00e9m decidiu expulsar sete diplomatas russos.<\/p>\n<p style=\"text-align: justify\">A R\u00fassia negou qualquer envolvimento na morte do ex-espi\u00e3o. Para Moscou, o atentado poderia ser fruto de um ataque terrorista que Londres n\u00e3o soube evitar. O governo afirma que a press\u00e3o internacional se trata de uma campanha antirrussa, apoiada pela imprensa do Ocidente, com o intuito de difamar o pa\u00eds internacionalmente.<\/p>\n<p style=\"text-align: justify\">O pa\u00eds tamb\u00e9m respondeu no mesmo tom com a expuls\u00e3o de 23 diplomatas brit\u00e2nicos, 60 diplomatas norte-americanos, o fechamento do consulado dos Estados Unidos em S\u00e3o Petersburgo e a expuls\u00e3o de 59 diplomatas de 23 pa\u00edses. No total, cerca de 300 diplomatas, de ambos os lados foram expulsos dos pa\u00edses onde estavam destinados.<\/p>\n<p style=\"text-align: justify\">A R\u00fassia apoia o governo s\u00edrio na guerra civil da S\u00edria, mas a repres\u00e1lia americana n\u00e3o esteve relacionada com esse apoio. A R\u00fassia n\u00e3o tem se envolvido na quest\u00e3o dos m\u00edsseis bal\u00edsticos da Coreia do Norte.<\/p>\n<p style=\"text-align: justify\">Os russos n\u00e3o est\u00e3o em uma guerra comercial com a China. O tema da guerra comercial se refere \u00e0s sobretaxas e \u00e0s outras barreiras comerciais aplicadas pelos Estados Unidos a produtos chineses exportados para os EUA. A China reagiu e anunciou sobretaxas em rela\u00e7\u00e3o a produtos norte-americanos exportados ao pa\u00eds. Em junho de 2018, os dois pa\u00edses anunciaram que chegaram a um acordo sobre as san\u00e7\u00f5es de parte a parte, que foram suspensas.<\/p>\n<p style=\"text-align: justify\">O Facebook esteve no centro de uma pol\u00eamica, no m\u00eas de mar\u00e7o de 2018, relacionada \u00e0 privacidade dos dados de seus usu\u00e1rios. Cerca de 80 milh\u00f5es de pessoas tiveram suas informa\u00e7\u00f5es vazadas para a empresa brit\u00e2nica de marketing pol\u00edtico, Cambridge Analytica, por meio de testes de personalidade na rede social.<\/p>\n<p style=\"text-align: justify\">A empresa brit\u00e2nica teria usado dados dispon\u00edveis no Facebook para tra\u00e7ar perfis psicol\u00f3gicos detalhados de eleitores dos Estados Unidos, na campanha pr\u00f3-Trump, e no Reino Unido, na campanha pr\u00f3-Brexit. Algumas pessoas levantaram a suspeita de que haveria envolvimento russo neste vazamento, em fun\u00e7\u00e3o das suspeitas de que o pa\u00eds teria interferido nas elei\u00e7\u00f5es norte-americanas, por meio da dissemina\u00e7\u00e3o de informa\u00e7\u00f5es falsas em redes sociais.<\/p>\n<p style=\"text-align: justify\"><strong>\u00a0\u00a0\u00a0\u00a0\u00a0\u00a0\u00a0\u00a0\u00a0\u00a0\u00a0\u00a0\u00a0\u00a0 Gabarito: D<\/strong><\/p>\n<p>&nbsp;<\/p>\n<ol style=\"text-align: justify\" start=\"43\">\n<li style=\"text-align: justify\"><strong>At\u00e9 18 de fevereiro deste ano, o STF (Supremo Tribunal Federal) j\u00e1 tinha recebido 18 a\u00e7\u00f5es diretas de inconstitucionalidade contra a reforma trabalhista. <\/strong><\/li>\n<\/ol>\n<p style=\"text-align: justify\"><strong>As mudan\u00e7as na CLT (Consolida\u00e7\u00e3o das Leis do Trabalho) entraram em vigor em novembro passado. <\/strong><\/p>\n<p style=\"text-align: right\">(<em>Folha de S\u00e3o Paulo <\/em>&#8211; goo.gl\/ZWn6q3. Acesso 01.04.2018. Adaptado)<\/p>\n<p><strong>A maior parte dos processos tem em comum o fato de <\/strong><\/p>\n<p style=\"text-align: justify\"><strong>(A) reclamarem sobre o fim dos saques anuais do PIS-PASEP.<\/strong><\/p>\n<p style=\"text-align: justify\"><strong>(B) sustentarem a prorroga\u00e7\u00e3o do trabalho tempor\u00e1rio por mais de tr\u00eas meses.<\/strong><\/p>\n<p style=\"text-align: justify\"><strong>(C) questionarem o trabalho de gr\u00e1vidas em locais insalubres.<\/strong><\/p>\n<p style=\"text-align: justify\"><strong>(D) reivindicarem o fim das f\u00e9rias fragmentadas em tr\u00eas per\u00edodos.<\/strong><\/p>\n<p style=\"text-align: justify\"><strong>(E) pedirem a volta da obrigatoriedade do imposto sindical.<\/strong><\/p>\n<p style=\"text-align: center\"><strong><u>COMENT\u00c1RIOS:<\/u><\/strong><\/p>\n<p style=\"text-align: justify\">A maior parte dos processos tem em comum o fato de pedirem a volta da obrigatoriedade do imposto sindical. Antes da reforma, o tributo era recolhido anualmente e correspondia a um dia de trabalho, para os empregados, e a um percentual do capital social da empresa, no caso dos empregadores. Com a reforma trabalhista, a contribui\u00e7\u00e3o passou a ser opcional.<\/p>\n<p><strong>\u00a0 \u00a0 \u00a0 \u00a0 \u00a0 \u00a0 \u00a0 Gabarito: E<\/strong><\/p>\n<p>&nbsp;<\/p>\n<ol style=\"text-align: justify\" start=\"44\">\n<li><strong>A ag\u00eancia internacional de risco <em>Standard &amp; Poor\u2019s (<\/em>S &amp; P) rebaixou nesta quinta-feira (11. jan. 2018) a nota de cr\u00e9dito soberano do Brasil de \u201cBB\u201d para \u201cBB-\u201d. Com isso, o rating do pa\u00eds segue sem o selo de bom pagador, mas agora est\u00e1 tr\u00eas degraus abaixo do grau de investimento. J\u00e1 a perspectiva para a nota mudou de negativa para est\u00e1vel.<\/strong><\/li>\n<\/ol>\n<p style=\"text-align: justify\">(G1 \u2013 goo.gl\/mnRUWR. Acesso 01.04.2018. Adaptado)<\/p>\n<p style=\"text-align: justify\"><strong>A ag\u00eancia apontou como justificativa para o rebaixamento<\/strong><\/p>\n<p style=\"text-align: justify\"><strong>(A) o atraso na aprova\u00e7\u00e3o da reforma da Previd\u00eancia para reequilibrar as contas p\u00fablicas.<\/strong><\/p>\n<p style=\"text-align: justify\"><strong>(B) o elevado n\u00famero de desempregados, superior a 12 milh\u00f5es de pessoas.<\/strong><\/p>\n<p style=\"text-align: justify\"><strong>(C) o aumento da infla\u00e7\u00e3o provocado pela eleva\u00e7\u00e3o do pre\u00e7o dos combust\u00edveis.<\/strong><\/p>\n<p style=\"text-align: justify\"><strong>(D) a morosidade na conclus\u00e3o de obras de infraestrutura como a transposi\u00e7\u00e3o do rio S\u00e3o Francisco.<\/strong><\/p>\n<p style=\"text-align: justify\"><strong>(E) a fragilidade da reforma pol\u00edtica aprovada pelo Congresso no final de 2017.<\/strong><\/p>\n<p style=\"text-align: center\"><strong><u>COMENT\u00c1RIOS:<\/u><\/strong><\/p>\n<p style=\"text-align: justify\">A classifica\u00e7\u00e3o de risco por ag\u00eancias estrangeiras representa uma medida de confian\u00e7a dos investidores internacionais na economia de um determinado pa\u00eds. As notas servem como refer\u00eancia para os juros dos t\u00edtulos p\u00fablicos, que representam o custo para o governo pegar dinheiro emprestado dos investidores.<\/p>\n<p style=\"text-align: justify\">Uma boa classifica\u00e7\u00e3o atrai investimentos estrangeiros ao pa\u00eds. Fundos de pens\u00e3o estrangeiros investem apenas em pa\u00edses com grau de investimento concedido por, pelo menos, duas ag\u00eancias de classifica\u00e7\u00e3o de risco. Caso contr\u00e1rio, o pa\u00eds passa a ser considerado de grau especulativo.<\/p>\n<p style=\"text-align: justify\">Em 2008 e 2009, as tr\u00eas principais ag\u00eancias de classifica\u00e7\u00e3o de risco de cr\u00e9dito elevaram a nota do Brasil para o patamar de grau de investimento. Em 2015 e em 2016, o Brasil teve a sua nota rebaixada, para o patamar abaixo do grau de investimento, por essas ag\u00eancias. J\u00e1 sem o grau de investimento, os \u00faltimos rebaixamentos do Brasil, ocorreram em janeiro de 2018, pela Standars &amp; Poors e em mar\u00e7o de 2018, pela Fitch.<\/p>\n<p style=\"text-align: justify\">Na justificativa para a sua decis\u00e3o, a ag\u00eancia Standard &amp; Poor&#8217;s apontou como &#8220;uma das principais fraquezas do Brasil&#8221; o atraso na aprova\u00e7\u00e3o de medidas fiscais que reequilibrem as contas p\u00fablicas. Dentre as medidas que est\u00e3o atrasadas destaca-se a aprova\u00e7\u00e3o da reforma da Previd\u00eancia.<\/p>\n<p style=\"text-align: justify\">Ao rebaixar o Brasil, a Fitch citou a situa\u00e7\u00e3o fiscal e considerou a suspens\u00e3o da tramita\u00e7\u00e3o da reforma da Previd\u00eancia um retrocesso.<\/p>\n<p style=\"text-align: justify\"><strong>\u00a0 \u00a0 \u00a0 \u00a0 \u00a0 \u00a0 \u00a0 \u00a0Gabarito: A<\/strong><\/p>\n<p style=\"text-align: center\"><span style=\"font-size: 18pt\"><em><strong>Ranking PM SP: 6 mil inscritos!<\/strong><\/em><\/span><\/p>\n<h1 style=\"text-align: center\"><em><a href=\"https:\/\/docs.google.com\/forms\/d\/e\/1FAIpQLScmikKik7z5DYOAoq-yGpK1QdBXN1iTNpfTRdmy83CAlms4Ug\/viewform?usp=sf_link\" target=\"_blank\" rel=\"noopener\">Preencha seu Gabarito PM SP<\/a><\/em><\/h1>\n<p style=\"text-align: center\"><em><strong>J\u00e1 preencheu o gabarito!? Ent\u00e3o clique na imagem a seguir e confira a corre\u00e7\u00e3o da prova e como foi seu desempenho:<\/strong><\/em><\/p>\n<p><a href=\"https:\/\/www.estrategiaconcursos.com.br\/blog\/ranking-pm-sp\/\" target=\"_blank\" rel=\"noopener\"><img loading=\"lazy\" decoding=\"async\" class=\"aligncenter size-large wp-image-123930\" src=\"https:\/\/dhg1h5j42swfq.cloudfront.net\/2018\/06\/03000303\/jornalismo-rank-PM-SP.jpg\" alt=\"\" width=\"1024\" height=\"536\" srcset=\"https:\/\/dhg1h5j42swfq.cloudfront.net\/2018\/06\/03000303\/jornalismo-rank-PM-SP.jpg 1200w, https:\/\/dhg1h5j42swfq.cloudfront.net\/2018\/06\/03000303\/jornalismo-rank-PM-SP.jpg 300w, https:\/\/dhg1h5j42swfq.cloudfront.net\/2018\/06\/03000303\/jornalismo-rank-PM-SP.jpg 768w, https:\/\/dhg1h5j42swfq.cloudfront.net\/2018\/06\/03000303\/jornalismo-rank-PM-SP.jpg 1024w, https:\/\/dhg1h5j42swfq.cloudfront.net\/2018\/06\/03000303\/jornalismo-rank-PM-SP.jpg 610w\" sizes=\"auto, (max-width: 1024px) 100vw, 1024px\" \/><\/a><\/p>\n<p style=\"text-align: justify\">Pessoal, para quem vai prestar o concurso da Pol\u00edcia Civil de S\u00e3o Paulo, neste domingo, aproveito para convidar para assistirem a minha aula de v\u00e9spera on line. Ser\u00e1 hoje, \u00e0s 19h00. Segue o link da aula:<\/p>\n<p style=\"text-align: center\"><a href=\"https:\/\/www.youtube.com\/watch?v=FlKO_Rk5vNw\">https:\/\/www.youtube.com\/watch?v=FlKO_Rk5vNw<\/a><\/p>\n<p>&nbsp;<\/p>\n<p style=\"text-align: justify\">Tamb\u00e9m convido para assistirem no dia de amanh\u00e3, \u00e0s 19h00, a minha aula de Fatos Relevantes de Atualidades \u2013 Retrospectiva do M\u00eas de Maio. Segue o link:<\/p>\n<p style=\"text-align: center\"><a href=\"https:\/\/www.youtube.com\/watch?v=W1M_1_rq7Yw\">https:\/\/www.youtube.com\/watch?v=W1M_1_rq7Yw<\/a><\/p>\n<p>&nbsp;<\/p>\n<p style=\"text-align: justify\">Sucesso no concurso!<\/p>\n<p style=\"text-align: justify\">Leandro Signori<\/p>\n","protected":false},"excerpt":{"rendered":"<p>Ol\u00e1 pessoal, Foram tr\u00eas quest\u00f5es de Atualidades na prova. O examinador cobrou fatos ocorridos nos meses de janeiro e fevereiro de 2018. Quem fez o nosso curso e assistiu \u00e0s nossas aulas de Retrospectiva do M\u00eas Anterior foi bem na prova. Vamos \u00e0s quest\u00f5es: &nbsp; Em 26 de fevereiro deste ano, o presidente dos EUA, [&hellip;]<\/p>\n","protected":false},"author":306,"featured_media":0,"comment_status":"open","ping_status":"closed","sticky":false,"template":"","format":"standard","meta":{"post_tipo":"article","footnotes":""},"categories":[1,1988],"tags":[549,3756,964],"tax_estado":[],"class_list":["post-124316","post","type-post","status-publish","format-standard","hentry","category-cursos-e-concursos","category-policia","tag-atualidades","tag-leandro-signori","tag-vunesp"],"acf":[],"yoast_head":"<!-- This site is optimized with the Yoast SEO Premium plugin v27.2 (Yoast SEO v27.2) - https:\/\/yoast.com\/product\/yoast-seo-premium-wordpress\/ -->\n<title>COMENT\u00c1RIOS \u00c0 PROVA DE ATUALIDADES DA PM\/SP - SOLDADO<\/title>\n<meta name=\"robots\" content=\"index, follow, max-snippet:-1, max-image-preview:large, max-video-preview:-1\" \/>\n<link rel=\"canonical\" href=\"https:\/\/www.estrategiaconcursos.com.br\/blog\/comentarios-prova-da-pm-sp-atualidades\/\" \/>\n<meta property=\"og:locale\" content=\"pt_BR\" \/>\n<meta property=\"og:type\" content=\"article\" \/>\n<meta property=\"og:title\" content=\"COMENT\u00c1RIOS \u00c0 PROVA DE ATUALIDADES DA PM\/SP - SOLDADO\" \/>\n<meta property=\"og:description\" content=\"Ol\u00e1 pessoal, Foram tr\u00eas quest\u00f5es de Atualidades na prova. O examinador cobrou fatos ocorridos nos meses de janeiro e fevereiro de 2018. Quem fez o nosso curso e assistiu \u00e0s nossas aulas de Retrospectiva do M\u00eas Anterior foi bem na prova. Vamos \u00e0s quest\u00f5es: &nbsp; Em 26 de fevereiro deste ano, o presidente dos EUA, [&hellip;]\" \/>\n<meta property=\"og:url\" content=\"https:\/\/www.estrategiaconcursos.com.br\/blog\/comentarios-prova-da-pm-sp-atualidades\/\" \/>\n<meta property=\"og:site_name\" content=\"Estrat\u00e9gia Concursos\" \/>\n<meta property=\"article:author\" content=\"https:\/\/www.facebook.com\/leandrosignoriatualidades\/\" \/>\n<meta property=\"article:published_time\" content=\"2018-06-05T16:03:24+00:00\" \/>\n<meta property=\"article:modified_time\" content=\"2018-06-06T04:20:52+00:00\" \/>\n<meta property=\"og:image\" content=\"https:\/\/www.estrategiaconcursos.com.br\/blog\/wp-content\/uploads\/2018\/06\/jornalismo-rank-PM-SP-1024x536.jpg\" \/>\n<meta name=\"author\" content=\"Leandro Signori\" \/>\n<meta name=\"twitter:card\" content=\"summary_large_image\" \/>\n<meta name=\"twitter:creator\" content=\"@EstratConcursos\" \/>\n<meta name=\"twitter:site\" content=\"@EstratConcursos\" \/>\n<meta name=\"twitter:label1\" content=\"Escrito por\" \/>\n\t<meta name=\"twitter:data1\" content=\"Leandro Signori\" \/>\n\t<meta name=\"twitter:label2\" content=\"Est. tempo de leitura\" \/>\n\t<meta name=\"twitter:data2\" content=\"8 minutos\" \/>\n<script type=\"application\/ld+json\" class=\"yoast-schema-graph\">{\"@context\":\"https:\/\/schema.org\",\"@graph\":[{\"@type\":\"NewsArticle\",\"@id\":\"https:\/\/www.estrategiaconcursos.com.br\/blog\/comentarios-prova-da-pm-sp-atualidades\/#article\",\"isPartOf\":{\"@id\":\"https:\/\/www.estrategiaconcursos.com.br\/blog\/comentarios-prova-da-pm-sp-atualidades\/\"},\"author\":{\"name\":\"Leandro Signori\",\"@id\":\"https:\/\/www.estrategiaconcursos.com.br\/blog\/#\/schema\/person\/d2e7d78de4b9d6ba51cc24fd558a7f42\"},\"headline\":\"COMENT\u00c1RIOS \u00c0 PROVA DE ATUALIDADES DA PM\/SP &#8211; SOLDADO\",\"datePublished\":\"2018-06-05T16:03:24+00:00\",\"dateModified\":\"2018-06-06T04:20:52+00:00\",\"mainEntityOfPage\":{\"@id\":\"https:\/\/www.estrategiaconcursos.com.br\/blog\/comentarios-prova-da-pm-sp-atualidades\/\"},\"wordCount\":1542,\"commentCount\":2,\"publisher\":{\"@id\":\"https:\/\/www.estrategiaconcursos.com.br\/blog\/#organization\"},\"image\":{\"@id\":\"https:\/\/www.estrategiaconcursos.com.br\/blog\/comentarios-prova-da-pm-sp-atualidades\/#primaryimage\"},\"thumbnailUrl\":\"https:\/\/www.estrategiaconcursos.com.br\/blog\/wp-content\/uploads\/2018\/06\/jornalismo-rank-PM-SP-1024x536.jpg\",\"keywords\":[\"Atualidades\",\"Leandro Signori\",\"vunesp\"],\"articleSection\":[\"Concursos P\u00fablicos\",\"Policial (Agente, Escriv\u00e3o e Investigador)\"],\"inLanguage\":\"pt-BR\",\"potentialAction\":[{\"@type\":\"CommentAction\",\"name\":\"Comment\",\"target\":[\"https:\/\/www.estrategiaconcursos.com.br\/blog\/comentarios-prova-da-pm-sp-atualidades\/#respond\"]}],\"copyrightYear\":\"2018\",\"copyrightHolder\":{\"@id\":\"https:\/\/www.estrategiaconcursos.com.br\/blog\/#organization\"}},{\"@type\":\"WebPage\",\"@id\":\"https:\/\/www.estrategiaconcursos.com.br\/blog\/comentarios-prova-da-pm-sp-atualidades\/\",\"url\":\"https:\/\/www.estrategiaconcursos.com.br\/blog\/comentarios-prova-da-pm-sp-atualidades\/\",\"name\":\"COMENT\u00c1RIOS \u00c0 PROVA DE ATUALIDADES DA PM\/SP - SOLDADO\",\"isPartOf\":{\"@id\":\"https:\/\/www.estrategiaconcursos.com.br\/blog\/#website\"},\"primaryImageOfPage\":{\"@id\":\"https:\/\/www.estrategiaconcursos.com.br\/blog\/comentarios-prova-da-pm-sp-atualidades\/#primaryimage\"},\"image\":{\"@id\":\"https:\/\/www.estrategiaconcursos.com.br\/blog\/comentarios-prova-da-pm-sp-atualidades\/#primaryimage\"},\"thumbnailUrl\":\"https:\/\/www.estrategiaconcursos.com.br\/blog\/wp-content\/uploads\/2018\/06\/jornalismo-rank-PM-SP-1024x536.jpg\",\"datePublished\":\"2018-06-05T16:03:24+00:00\",\"dateModified\":\"2018-06-06T04:20:52+00:00\",\"breadcrumb\":{\"@id\":\"https:\/\/www.estrategiaconcursos.com.br\/blog\/comentarios-prova-da-pm-sp-atualidades\/#breadcrumb\"},\"inLanguage\":\"pt-BR\",\"potentialAction\":[{\"@type\":\"ReadAction\",\"target\":[\"https:\/\/www.estrategiaconcursos.com.br\/blog\/comentarios-prova-da-pm-sp-atualidades\/\"]}]},{\"@type\":\"ImageObject\",\"inLanguage\":\"pt-BR\",\"@id\":\"https:\/\/www.estrategiaconcursos.com.br\/blog\/comentarios-prova-da-pm-sp-atualidades\/#primaryimage\",\"url\":\"https:\/\/dhg1h5j42swfq.cloudfront.net\/2018\/06\/03000303\/jornalismo-rank-PM-SP.jpg\",\"contentUrl\":\"https:\/\/dhg1h5j42swfq.cloudfront.net\/2018\/06\/03000303\/jornalismo-rank-PM-SP.jpg\",\"width\":1200,\"height\":628},{\"@type\":\"BreadcrumbList\",\"@id\":\"https:\/\/www.estrategiaconcursos.com.br\/blog\/comentarios-prova-da-pm-sp-atualidades\/#breadcrumb\",\"itemListElement\":[{\"@type\":\"ListItem\",\"position\":1,\"name\":\"In\u00edcio\",\"item\":\"https:\/\/www.estrategiaconcursos.com.br\/blog\/\"},{\"@type\":\"ListItem\",\"position\":2,\"name\":\"COMENT\u00c1RIOS \u00c0 PROVA DE ATUALIDADES DA PM\/SP &#8211; SOLDADO\"}]},{\"@type\":\"WebSite\",\"@id\":\"https:\/\/www.estrategiaconcursos.com.br\/blog\/#website\",\"url\":\"https:\/\/www.estrategiaconcursos.com.br\/blog\/\",\"name\":\"Estrat\u00e9gia Concursos\",\"description\":\"O blog da Estrat\u00e9gia Concursos traz not\u00edcias sobre concursos e artigos de professores oferecendo cursos para concursos (pdf + videaulas) no site.\",\"publisher\":{\"@id\":\"https:\/\/www.estrategiaconcursos.com.br\/blog\/#organization\"},\"potentialAction\":[{\"@type\":\"SearchAction\",\"target\":{\"@type\":\"EntryPoint\",\"urlTemplate\":\"https:\/\/www.estrategiaconcursos.com.br\/blog\/?s={search_term_string}\"},\"query-input\":{\"@type\":\"PropertyValueSpecification\",\"valueRequired\":true,\"valueName\":\"search_term_string\"}}],\"inLanguage\":\"pt-BR\"},{\"@type\":\"Organization\",\"@id\":\"https:\/\/www.estrategiaconcursos.com.br\/blog\/#organization\",\"name\":\"Estrat\u00e9gia Concursos\",\"url\":\"https:\/\/www.estrategiaconcursos.com.br\/blog\/\",\"logo\":{\"@type\":\"ImageObject\",\"inLanguage\":\"pt-BR\",\"@id\":\"https:\/\/www.estrategiaconcursos.com.br\/blog\/#\/schema\/logo\/image\/\",\"url\":\"https:\/\/dhg1h5j42swfq.cloudfront.net\/2025\/06\/03203428\/logo_concursos-1.jpg\",\"contentUrl\":\"https:\/\/dhg1h5j42swfq.cloudfront.net\/2025\/06\/03203428\/logo_concursos-1.jpg\",\"width\":230,\"height\":60,\"caption\":\"Estrat\u00e9gia Concursos\"},\"image\":{\"@id\":\"https:\/\/www.estrategiaconcursos.com.br\/blog\/#\/schema\/logo\/image\/\"},\"sameAs\":[\"https:\/\/x.com\/EstratConcursos\"]},{\"@type\":\"Person\",\"@id\":\"https:\/\/www.estrategiaconcursos.com.br\/blog\/#\/schema\/person\/d2e7d78de4b9d6ba51cc24fd558a7f42\",\"name\":\"Leandro Signori\",\"image\":{\"@type\":\"ImageObject\",\"inLanguage\":\"pt-BR\",\"@id\":\"https:\/\/secure.gravatar.com\/avatar\/aa2ef98e93764dcf1758f52d2792d4b3e4089ee25bc520608dde62ad802ae541?s=96&d=mm&r=g\",\"url\":\"https:\/\/secure.gravatar.com\/avatar\/aa2ef98e93764dcf1758f52d2792d4b3e4089ee25bc520608dde62ad802ae541?s=96&d=mm&r=g\",\"contentUrl\":\"https:\/\/secure.gravatar.com\/avatar\/aa2ef98e93764dcf1758f52d2792d4b3e4089ee25bc520608dde62ad802ae541?s=96&d=mm&r=g\",\"caption\":\"Leandro Signori\"},\"description\":\"Licenciado em Geografia pela Universidade Federal do Rio Grande do Sul (UFRGS) e Bacharel em Geografia pela Uniceub (Bras\u00edlia). Como servidor p\u00fablico, foi funcion\u00e1rio da Prefeitura de S\u00e3o Leopoldo (RS), Prefeitura de Porto Alegre (RS), Companhia Riograndense de Saneamento (Corsan) e Minist\u00e9rio da Integra\u00e7\u00e3o Nacional. \u00c9 professor de Geografia para o ensino m\u00e9dio na rede particular de ensino. Leciona as disciplinas de Atualidades, Conhecimentos Gerais, Geografia, Realidade Brasileira e Hist\u00f3ria, em cursos on line e presenciais preparat\u00f3rios para concursos p\u00fablicos.\",\"sameAs\":[\"https:\/\/www.facebook.com\/leandrosignoriatualidades\/\"],\"url\":\"https:\/\/www.estrategiaconcursos.com.br\/blog\/author\/leandroestrategiaconcursos-com-br\/\"}]}<\/script>\n<!-- \/ Yoast SEO Premium plugin. -->","yoast_head_json":{"title":"COMENT\u00c1RIOS \u00c0 PROVA DE ATUALIDADES DA PM\/SP - SOLDADO","robots":{"index":"index","follow":"follow","max-snippet":"max-snippet:-1","max-image-preview":"max-image-preview:large","max-video-preview":"max-video-preview:-1"},"canonical":"https:\/\/www.estrategiaconcursos.com.br\/blog\/comentarios-prova-da-pm-sp-atualidades\/","og_locale":"pt_BR","og_type":"article","og_title":"COMENT\u00c1RIOS \u00c0 PROVA DE ATUALIDADES DA PM\/SP - SOLDADO","og_description":"Ol\u00e1 pessoal, Foram tr\u00eas quest\u00f5es de Atualidades na prova. O examinador cobrou fatos ocorridos nos meses de janeiro e fevereiro de 2018. Quem fez o nosso curso e assistiu \u00e0s nossas aulas de Retrospectiva do M\u00eas Anterior foi bem na prova. Vamos \u00e0s quest\u00f5es: &nbsp; Em 26 de fevereiro deste ano, o presidente dos EUA, [&hellip;]","og_url":"https:\/\/www.estrategiaconcursos.com.br\/blog\/comentarios-prova-da-pm-sp-atualidades\/","og_site_name":"Estrat\u00e9gia Concursos","article_author":"https:\/\/www.facebook.com\/leandrosignoriatualidades\/","article_published_time":"2018-06-05T16:03:24+00:00","article_modified_time":"2018-06-06T04:20:52+00:00","og_image":[{"url":"https:\/\/www.estrategiaconcursos.com.br\/blog\/wp-content\/uploads\/2018\/06\/jornalismo-rank-PM-SP-1024x536.jpg","type":"","width":"","height":""}],"author":"Leandro Signori","twitter_card":"summary_large_image","twitter_creator":"@EstratConcursos","twitter_site":"@EstratConcursos","twitter_misc":{"Escrito por":"Leandro Signori","Est. tempo de leitura":"8 minutos"},"schema":{"@context":"https:\/\/schema.org","@graph":[{"@type":"NewsArticle","@id":"https:\/\/www.estrategiaconcursos.com.br\/blog\/comentarios-prova-da-pm-sp-atualidades\/#article","isPartOf":{"@id":"https:\/\/www.estrategiaconcursos.com.br\/blog\/comentarios-prova-da-pm-sp-atualidades\/"},"author":{"name":"Leandro Signori","@id":"https:\/\/www.estrategiaconcursos.com.br\/blog\/#\/schema\/person\/d2e7d78de4b9d6ba51cc24fd558a7f42"},"headline":"COMENT\u00c1RIOS \u00c0 PROVA DE ATUALIDADES DA PM\/SP &#8211; SOLDADO","datePublished":"2018-06-05T16:03:24+00:00","dateModified":"2018-06-06T04:20:52+00:00","mainEntityOfPage":{"@id":"https:\/\/www.estrategiaconcursos.com.br\/blog\/comentarios-prova-da-pm-sp-atualidades\/"},"wordCount":1542,"commentCount":2,"publisher":{"@id":"https:\/\/www.estrategiaconcursos.com.br\/blog\/#organization"},"image":{"@id":"https:\/\/www.estrategiaconcursos.com.br\/blog\/comentarios-prova-da-pm-sp-atualidades\/#primaryimage"},"thumbnailUrl":"https:\/\/www.estrategiaconcursos.com.br\/blog\/wp-content\/uploads\/2018\/06\/jornalismo-rank-PM-SP-1024x536.jpg","keywords":["Atualidades","Leandro Signori","vunesp"],"articleSection":["Concursos P\u00fablicos","Policial (Agente, Escriv\u00e3o e Investigador)"],"inLanguage":"pt-BR","potentialAction":[{"@type":"CommentAction","name":"Comment","target":["https:\/\/www.estrategiaconcursos.com.br\/blog\/comentarios-prova-da-pm-sp-atualidades\/#respond"]}],"copyrightYear":"2018","copyrightHolder":{"@id":"https:\/\/www.estrategiaconcursos.com.br\/blog\/#organization"}},{"@type":"WebPage","@id":"https:\/\/www.estrategiaconcursos.com.br\/blog\/comentarios-prova-da-pm-sp-atualidades\/","url":"https:\/\/www.estrategiaconcursos.com.br\/blog\/comentarios-prova-da-pm-sp-atualidades\/","name":"COMENT\u00c1RIOS \u00c0 PROVA DE ATUALIDADES DA PM\/SP - SOLDADO","isPartOf":{"@id":"https:\/\/www.estrategiaconcursos.com.br\/blog\/#website"},"primaryImageOfPage":{"@id":"https:\/\/www.estrategiaconcursos.com.br\/blog\/comentarios-prova-da-pm-sp-atualidades\/#primaryimage"},"image":{"@id":"https:\/\/www.estrategiaconcursos.com.br\/blog\/comentarios-prova-da-pm-sp-atualidades\/#primaryimage"},"thumbnailUrl":"https:\/\/www.estrategiaconcursos.com.br\/blog\/wp-content\/uploads\/2018\/06\/jornalismo-rank-PM-SP-1024x536.jpg","datePublished":"2018-06-05T16:03:24+00:00","dateModified":"2018-06-06T04:20:52+00:00","breadcrumb":{"@id":"https:\/\/www.estrategiaconcursos.com.br\/blog\/comentarios-prova-da-pm-sp-atualidades\/#breadcrumb"},"inLanguage":"pt-BR","potentialAction":[{"@type":"ReadAction","target":["https:\/\/www.estrategiaconcursos.com.br\/blog\/comentarios-prova-da-pm-sp-atualidades\/"]}]},{"@type":"ImageObject","inLanguage":"pt-BR","@id":"https:\/\/www.estrategiaconcursos.com.br\/blog\/comentarios-prova-da-pm-sp-atualidades\/#primaryimage","url":"https:\/\/dhg1h5j42swfq.cloudfront.net\/2018\/06\/03000303\/jornalismo-rank-PM-SP.jpg","contentUrl":"https:\/\/dhg1h5j42swfq.cloudfront.net\/2018\/06\/03000303\/jornalismo-rank-PM-SP.jpg","width":1200,"height":628},{"@type":"BreadcrumbList","@id":"https:\/\/www.estrategiaconcursos.com.br\/blog\/comentarios-prova-da-pm-sp-atualidades\/#breadcrumb","itemListElement":[{"@type":"ListItem","position":1,"name":"In\u00edcio","item":"https:\/\/www.estrategiaconcursos.com.br\/blog\/"},{"@type":"ListItem","position":2,"name":"COMENT\u00c1RIOS \u00c0 PROVA DE ATUALIDADES DA PM\/SP &#8211; SOLDADO"}]},{"@type":"WebSite","@id":"https:\/\/www.estrategiaconcursos.com.br\/blog\/#website","url":"https:\/\/www.estrategiaconcursos.com.br\/blog\/","name":"Estrat\u00e9gia Concursos","description":"O blog da Estrat\u00e9gia Concursos traz not\u00edcias sobre concursos e artigos de professores oferecendo cursos para concursos (pdf + videaulas) no site.","publisher":{"@id":"https:\/\/www.estrategiaconcursos.com.br\/blog\/#organization"},"potentialAction":[{"@type":"SearchAction","target":{"@type":"EntryPoint","urlTemplate":"https:\/\/www.estrategiaconcursos.com.br\/blog\/?s={search_term_string}"},"query-input":{"@type":"PropertyValueSpecification","valueRequired":true,"valueName":"search_term_string"}}],"inLanguage":"pt-BR"},{"@type":"Organization","@id":"https:\/\/www.estrategiaconcursos.com.br\/blog\/#organization","name":"Estrat\u00e9gia Concursos","url":"https:\/\/www.estrategiaconcursos.com.br\/blog\/","logo":{"@type":"ImageObject","inLanguage":"pt-BR","@id":"https:\/\/www.estrategiaconcursos.com.br\/blog\/#\/schema\/logo\/image\/","url":"https:\/\/dhg1h5j42swfq.cloudfront.net\/2025\/06\/03203428\/logo_concursos-1.jpg","contentUrl":"https:\/\/dhg1h5j42swfq.cloudfront.net\/2025\/06\/03203428\/logo_concursos-1.jpg","width":230,"height":60,"caption":"Estrat\u00e9gia Concursos"},"image":{"@id":"https:\/\/www.estrategiaconcursos.com.br\/blog\/#\/schema\/logo\/image\/"},"sameAs":["https:\/\/x.com\/EstratConcursos"]},{"@type":"Person","@id":"https:\/\/www.estrategiaconcursos.com.br\/blog\/#\/schema\/person\/d2e7d78de4b9d6ba51cc24fd558a7f42","name":"Leandro Signori","image":{"@type":"ImageObject","inLanguage":"pt-BR","@id":"https:\/\/secure.gravatar.com\/avatar\/aa2ef98e93764dcf1758f52d2792d4b3e4089ee25bc520608dde62ad802ae541?s=96&d=mm&r=g","url":"https:\/\/secure.gravatar.com\/avatar\/aa2ef98e93764dcf1758f52d2792d4b3e4089ee25bc520608dde62ad802ae541?s=96&d=mm&r=g","contentUrl":"https:\/\/secure.gravatar.com\/avatar\/aa2ef98e93764dcf1758f52d2792d4b3e4089ee25bc520608dde62ad802ae541?s=96&d=mm&r=g","caption":"Leandro Signori"},"description":"Licenciado em Geografia pela Universidade Federal do Rio Grande do Sul (UFRGS) e Bacharel em Geografia pela Uniceub (Bras\u00edlia). Como servidor p\u00fablico, foi funcion\u00e1rio da Prefeitura de S\u00e3o Leopoldo (RS), Prefeitura de Porto Alegre (RS), Companhia Riograndense de Saneamento (Corsan) e Minist\u00e9rio da Integra\u00e7\u00e3o Nacional. \u00c9 professor de Geografia para o ensino m\u00e9dio na rede particular de ensino. Leciona as disciplinas de Atualidades, Conhecimentos Gerais, Geografia, Realidade Brasileira e Hist\u00f3ria, em cursos on line e presenciais preparat\u00f3rios para concursos p\u00fablicos.","sameAs":["https:\/\/www.facebook.com\/leandrosignoriatualidades\/"],"url":"https:\/\/www.estrategiaconcursos.com.br\/blog\/author\/leandroestrategiaconcursos-com-br\/"}]}},"_links":{"self":[{"href":"https:\/\/www.estrategiaconcursos.com.br\/blog\/wp-json\/wp\/v2\/posts\/124316","targetHints":{"allow":["GET"]}}],"collection":[{"href":"https:\/\/www.estrategiaconcursos.com.br\/blog\/wp-json\/wp\/v2\/posts"}],"about":[{"href":"https:\/\/www.estrategiaconcursos.com.br\/blog\/wp-json\/wp\/v2\/types\/post"}],"author":[{"embeddable":true,"href":"https:\/\/www.estrategiaconcursos.com.br\/blog\/wp-json\/wp\/v2\/users\/306"}],"replies":[{"embeddable":true,"href":"https:\/\/www.estrategiaconcursos.com.br\/blog\/wp-json\/wp\/v2\/comments?post=124316"}],"version-history":[{"count":17,"href":"https:\/\/www.estrategiaconcursos.com.br\/blog\/wp-json\/wp\/v2\/posts\/124316\/revisions"}],"predecessor-version":[{"id":124332,"href":"https:\/\/www.estrategiaconcursos.com.br\/blog\/wp-json\/wp\/v2\/posts\/124316\/revisions\/124332"}],"wp:attachment":[{"href":"https:\/\/www.estrategiaconcursos.com.br\/blog\/wp-json\/wp\/v2\/media?parent=124316"}],"wp:term":[{"taxonomy":"category","embeddable":true,"href":"https:\/\/www.estrategiaconcursos.com.br\/blog\/wp-json\/wp\/v2\/categories?post=124316"},{"taxonomy":"post_tag","embeddable":true,"href":"https:\/\/www.estrategiaconcursos.com.br\/blog\/wp-json\/wp\/v2\/tags?post=124316"},{"taxonomy":"tax_estado","embeddable":true,"href":"https:\/\/www.estrategiaconcursos.com.br\/blog\/wp-json\/wp\/v2\/tax_estado?post=124316"}],"curies":[{"name":"wp","href":"https:\/\/api.w.org\/{rel}","templated":true}]}}