{"id":1242733,"date":"2023-07-03T17:03:39","date_gmt":"2023-07-03T20:03:39","guid":{"rendered":"https:\/\/www.estrategiaconcursos.com.br\/blog\/?p=1242733"},"modified":"2023-07-03T17:03:40","modified_gmt":"2023-07-03T20:03:40","slug":"gabarito-extraoficial-tj-sp-atualidades-comentarios","status":"publish","type":"post","link":"https:\/\/www.estrategiaconcursos.com.br\/blog\/gabarito-extraoficial-tj-sp-atualidades-comentarios\/","title":{"rendered":"Gabarito extraoficial TJ SP Atualidades  \u2013 Coment\u00e1rios"},"content":{"rendered":"\n<p>Ol\u00e1 pessoal,<\/p>\n\n\n\n<p>Neste artigo, voc\u00ea encontrar\u00e1 o gabarito extraoficial do TJSP com a resolu\u00e7\u00e3o das quest\u00f5es de Atualidades, do cargo de Escrevente-T\u00e9cnico Judici\u00e1rio. A prova foi organizada pela Vunesp e aplicada no dia 2 de julho de 2023.<\/p>\n\n\n\n<p>A quest\u00e3o 65 cobrou um fato que repercutiu bastante na imprensa brasileira. As demais quest\u00f5es \u2013 66, 67 e 68 &#8211; cobraram fatos de repercuss\u00e3o secund\u00e1ria, mas que poderiam ser resolvidas pelas dicas no enunciado de cada quest\u00e3o e pela an\u00e1lise l\u00f3gica sobre cada fato. <br \/><br \/><strong>65.<\/strong> O arcabou\u00e7o fiscal \u00e9 um conjunto de medidas, regras e par\u00e2metros para a condu\u00e7\u00e3o da pol\u00edtica fiscal \u2013 controle dos gastos e receitas do pa\u00eds. A nova regra fiscal, anunciada nesta quinta-feira (30) pelo governo, substituir\u00e1 o teto de gastos que vigora desde 2016 e limita o crescimento das despesas ao ano anterior, corrigido pela infla\u00e7\u00e3o oficial (\u00cdndice Nacional de Pre\u00e7os ao Consumidor Amplo \u2013 IPCA).<br \/>(ebc. Dispon\u00edvel em https:shre.ink\/kNjM.Acesso em 03\/04\/2023. Adaptado)<br \/>A respeito da proposta anunciada, \u00e9 correto afirmar que ela<br \/>(A) determina que a d\u00edvida p\u00fablica bruta cair\u00e1 levemente at\u00e9 2025 e ser\u00e1 estabilizada a partir de 2026.<br \/>(B) estipula o teto de crescimento da despesa a 10% ao ano acima da infla\u00e7\u00e3o.<br \/>(C) limita o crescimento da despesa a 70% da varia\u00e7\u00e3o da receita dos 12 meses anteriores.<br \/>(D) prev\u00ea que o excedente de super\u00e1vit prim\u00e1rio acima do teto da banda ser\u00e1 usado para investimentos em sa\u00fade.<br \/>(E) projeta que o d\u00e9ficit prim\u00e1rio ser\u00e1 zerado em 2026, com super\u00e1vit de 5% do PIB em 2024 e 6% em 2025.<\/p>\n\n\n\n<p><strong>Gabarito: C<\/strong><\/p>\n\n\n\n<p>Era necess\u00e1rio saber os detalhes da proposta de arcabou\u00e7o fiscal, para resolver essa quest\u00e3o, que foram bastante trabalhados ao longo das aulas do nosso curso. <br \/>Vamos analisar cada alternativa e o que estabelece o arcabou\u00e7o fiscal:<br \/><strong>(A) Incorreto.<\/strong> O arcabou\u00e7o projeta que a d\u00edvida p\u00fablica bruta subir\u00e1 levemente at\u00e9 2026 e depois ser\u00e1 estabilizada.<br \/><strong>(B) Incorreto. <\/strong>A proposta prev\u00ea que em momentos de maior crescimento da economia, a despesa n\u00e3o poder\u00e1 crescer mais de 2,5% ao ano acima da infla\u00e7\u00e3o. Em momentos de contra\u00e7\u00e3o econ\u00f4mica, o gasto n\u00e3o poder\u00e1 crescer mais que 0,6% ao ano acima da infla\u00e7\u00e3o.<br \/><strong>(C) Correto. <\/strong>O novo arcabou\u00e7o fiscal limitar\u00e1 o crescimento da despesa a 70% da varia\u00e7\u00e3o da receita dos 12 meses anteriores. Ou seja, se no per\u00edodo de 12 meses, de julho a junho, se o governo arrecadar R$ 1 trilh\u00e3o, poder\u00e1 gastar R$ 700 bilh\u00f5es.<br \/><strong>(D) Incorreto.<\/strong> O arcabou\u00e7o prev\u00ea que caso o super\u00e1vit prim\u00e1rio fique acima do teto da banda, o excedente seja usado para obras p\u00fablicas.<br \/><strong>(E) Incorreto. <\/strong> O arcabou\u00e7o projeta zerar d\u00e9ficit prim\u00e1rio em 2024, com super\u00e1vit de 0,5% do PIB em 2025 e 1% em 2026.<\/p>\n\n\n\n<p><\/p>\n\n\n\n<p><strong>66.<\/strong> As ag\u00eancias de not\u00edcias internacionais informaram que ap\u00f3s sucessivos aumentos da produ\u00e7\u00e3o no ano passado, a Ar\u00e1bia Saudita e outros pa\u00edses produtores de petr\u00f3leo da Organiza\u00e7\u00e3o dos Pa\u00edses Exportadores de Petr\u00f3leo (Opep+) informaram, neste domingo (2), cortes volunt\u00e1rios na produ\u00e7\u00e3o do \u00f3leo. O cartel deve reduzir cerca de 1,15 milh\u00e3o de barril por dia (bdp) at\u00e9 o final de maio.<br \/>(seudinheiro. Dispon\u00edvel em https:\/\/shre.ink\/kNA4. Acesso em 03.03.23. Adaptado)<br \/>O an\u00fancio n\u00e3o agradou<br \/>(A) aos Estados Unidos, porque \u00e9 um dos pa\u00edses que mais pressionam pelo aumento da oferta da Opep+ para conter a disparada de pre\u00e7os, sobretudo de energia, com impacto na infla\u00e7\u00e3o americana.<br \/>(B) \u00e0 R\u00fassia, que precisar\u00e1 produzir mais petr\u00f3leo para abastecer os ve\u00edculos de guerra que atuam em territ\u00f3rio ucraniano e deixar\u00e1 de vender combust\u00edvel que gera os fundos necess\u00e1rios para a manuten\u00e7\u00e3o da guerra.<br \/>(C) ao Mercosul, porque os pa\u00edses que o comp\u00f5em n\u00e3o s\u00e3o produtores de petr\u00f3leo e, como consequ\u00eancia do aumento do pre\u00e7o, dever\u00e3o desviar recursos or\u00e7ament\u00e1rios da sa\u00fade, educa\u00e7\u00e3o e habita\u00e7\u00e3o para adquirir o combust\u00edvel.<br \/>(D) aos pa\u00edses da comunidade europeia que necessitam do petr\u00f3leo para abastecer os aquecedores residenciais no per\u00edodo compreendido entre os meses de maio e agosto.<br \/>(E) \u00e0 Venezuela que, segundo Nicolas Maduro, com a retomada de venda de petr\u00f3leo aos Estado Unidos, estava obtendo recursos para suprir as necessidades da popula\u00e7\u00e3o e apoio para concorrer a um novo mandato.<\/p>\n\n\n\n<p><strong>Gabarito: A<\/strong><\/p>\n\n\n\n<p>A Opep+ \u00e9 composta por pa\u00edses que s\u00e3o grandes produtores e exportadores de petr\u00f3leo no mundo e possuem o poder de influenciar o valor desse produto no mercado internacional. Funciona como um cartel do petr\u00f3leo.<br \/>O corte na produ\u00e7\u00e3o acarreta, na pr\u00e1tica, em uma eleva\u00e7\u00e3o nos pre\u00e7os do petr\u00f3leo. Na economia de mercado, se a oferta de um produto diminui em rela\u00e7\u00e3o \u00e0 demanda, geralmente o pre\u00e7o desse produto sobe. Se o pre\u00e7o se eleva, isso impacta no aumento da infla\u00e7\u00e3o. <br \/><strong>(A) Correto.<\/strong> O an\u00fancio n\u00e3o agradou aos Estados Unidos, que \u00e9 um dos pa\u00edses que mais pressionam pelo aumento da oferta pela Opep para conter a disparada de pre\u00e7os, sobretudo, de energia com impacto na infla\u00e7\u00e3o americana. <br \/><strong>(B) Incorreto. <\/strong>A R\u00fassia \u00e9 um dos maiores produtores e exportadores de petr\u00f3leo do mundo. Com as san\u00e7\u00f5es econ\u00f4micas que sofreu, viu seu mercado de exporta\u00e7\u00e3o se reduzir, ou seja, est\u00e1 sobrando petr\u00f3leo no pa\u00eds. O aumento do pre\u00e7o do barril favorece os russos. A press\u00e3o americana tamb\u00e9m visa reduzir as receitas do pa\u00eds, como forma de dificultar o financiamento da sua m\u00e1quina de guerra na Ucr\u00e2nia.<br \/><strong>(C) Incorreto.<\/strong> O Brasil, que faz parte do Mercosul, \u00e9 um pa\u00eds produtor e exportador de petr\u00f3leo. A Argentina tamb\u00e9m. S\u00f3 por isso j\u00e1 est\u00e1 errada a afirmativa \u201cC\u201d.<br \/><strong>(D) Incorreto<\/strong>. Quando \u00e9 inverno no Hemisf\u00e9rio Sul \u00e9 ver\u00e3o no Hemisf\u00e9rio Norte. Maio, junho, julho e agosto s\u00e3o meses de frio no Hemisf\u00e9rio Sul. S\u00e3o meses de calor na Europa. Se \u00e9 quente, n\u00e3o \u00e9 necess\u00e1rio utilizar a calefa\u00e7\u00e3o para o aquecimento residencial.<br \/><strong>(E) Incorreto.<\/strong> A Venezuela \u00e9 produtora e exportadora de petr\u00f3leo. Um corte na produ\u00e7\u00e3o que leva ao aumento do pre\u00e7o do barril de petr\u00f3leo no mercado internacional favorece os pa\u00edses exportadores do \u00f3leo, entre eles a Venezuela.<br \/><\/p>\n\n\n\n<p><strong>67.<\/strong> Em mais um efeito colateral da invas\u00e3o russa da Ucr\u00e2nia, as For\u00e7as A\u00e9reas de quatro pa\u00edses n\u00f3rdicos tomaram a in\u00e9dita decis\u00e3o de unificar suas frotas, planejamento, opera\u00e7\u00f5es e patrulhas. Em conjunto, eles somam 247 ca\u00e7as, poderio equivalente ao individual dos principais membros europeus da Otan, como Fran\u00e7a e Turquia.<br \/>(uol. Dispon\u00edvel em https:\/\/shre.ink\/kNqm. Acesso em 03.03.23. Adaptado)<br \/>Os pa\u00edses que unificaram suas frotas s\u00e3o os seguintes:<br \/>(A) Groenl\u00e2ndia, Finl\u00e2ndia, B\u00e9lgica e Irlanda.<br \/>(B) Groenl\u00e2ndia, Finl\u00e2ndia, Noruega e Dinamarca.<br \/>(C) Su\u00e9cia, Finl\u00e2ndia, Noruega e Pol\u00f4nia.<br \/>(D) Su\u00e9cia, Finl\u00e2ndia, Noruega e Dinamarca.<br \/>(E) Su\u00e9cia, Cro\u00e1cia, Noruega e Pa\u00edses Baixos.<\/p>\n\n\n\n<p><strong>Gabarito: D<\/strong><\/p>\n\n\n\n<p>Em muitas quest\u00f5es de Atualidades, a Vunesp traz dicas para a resolu\u00e7\u00e3o da quest\u00e3o no seu enunciado. Foi o caso dessa quest\u00e3o, que fala sobre a unifica\u00e7\u00e3o das for\u00e7as a\u00e9reas de quatro pa\u00edses n\u00f3rdicos. Os pa\u00edses n\u00f3rdicos s\u00e3o: Dinamarca, Finl\u00e2ndia, Isl\u00e2ndia, Noruega e Su\u00e9cia.<br \/>A \u00fanica alternativa que apresenta apenas pa\u00edses n\u00f3rdicos \u00e9 a \u201cD\u201d, que \u00e9 o gabarito da quest\u00e3o.<br \/>A Groenl\u00e2ndia n\u00e3o \u00e9 um pa\u00eds, \u00e9 um territ\u00f3rio que pertence \u00e0 Dinamarca. Est\u00e1 localizada na Am\u00e9rica do Norte. Ou seja, assim como a Isl\u00e2ndia, est\u00e1 bem longe da R\u00fassia, diferentemente dos demais pa\u00edses n\u00f3rdicos, que est\u00e3o pr\u00f3ximos dos russos, sentindo-se por isso amea\u00e7ados.<br \/><br \/><strong>68.<\/strong> A comitiva do Minist\u00e9rio da Agricultura e Pecu\u00e1ria (Mapa) encerrou nesta quarta-feira (29) sua miss\u00e3o oficial na China, com a participa\u00e7\u00e3o no \u201cSemin\u00e1rio Econ\u00f4mico Brasil-China\u201d que contou com a presen\u00e7a de autoridades governamentais e empres\u00e1rios dos dois pa\u00edses. Na abertura do evento, o ministro da Agricultura e Pecu\u00e1ria do Brasil, Carlos F\u00e1varo, comemorou os resultados da visita.<br \/>(gov.br. Dispon\u00edvel em https:\/\/shre.ink\/kgUc. Acesso em 03.03.23. Adaptado)<br \/>A primeira conquista da viagem, que iniciou no dia 22 de mar\u00e7o, foi o an\u00fancio do governo chin\u00eas de<br \/>(A) montar, em Iracem\u00e1polis (SP), uma f\u00e1brica de ve\u00edculos da maior empresa automotiva estatal chinesa, a Great Wall Motors.<br \/>(B) levantar o embargo \u00e0s importa\u00e7\u00f5es de carne bovina brasileira, que estavam suspensas desde fevereiro.<br \/>(C) participar da FUNBIO, uma associa\u00e7\u00e3o sem fins lucrativos que trabalha para a conserva\u00e7\u00e3o da biodiversidade brasileira.<br \/>(D) doar vultosos recursos para o Fundo Amaz\u00f4nia que promove a\u00e7\u00f5es de preven\u00e7\u00e3o, monitoramento e combate ao desmatamento da Amaz\u00f4nia.<br \/>(E) investir em uma f\u00e1brica de componentes eletr\u00f4nicos na regi\u00e3o amaz\u00f4nica para abastecer as montadoras de ve\u00edculos do Brasil.<\/p>\n\n\n\n<p><strong>Gabarito: B<\/strong><\/p>\n\n\n\n<p>Entre os dias 22 e 29 de mar\u00e7o, uma comitiva do Minist\u00e9rio da Agricultura e Pecu\u00e1ria (MAPA) viajou para a China para participar de um semin\u00e1rio e buscar o fechamento de acordos comerciais entre os dois pa\u00edses. <br \/>Nessa visita, o governo chin\u00eas decidiu por levantar o embargo \u00e0s importa\u00e7\u00f5es de carne bovina brasileira, que estavam suspensas desde fevereiro ap\u00f3s a confirma\u00e7\u00e3o de um caso isolado e at\u00edpico de Encefalopatia Espongiforme Bovina (mal da \u201cvaca louca\u201d), identificado em uma pequena propriedade no munic\u00edpio de Marab\u00e1 (PA).<br \/>A quest\u00e3o pode ser resolvida pela an\u00e1lise l\u00f3gica da not\u00edcia. N\u00e3o faria sentido o Ministro da Agricultura e Pecu\u00e1ria ir \u00e0 China para tratar de assuntos da ind\u00fastria e de quest\u00f5es ambientais. Isso cabe aos ministros da Ind\u00fastria e Com\u00e9rcio e do Meio Ambiente e Mudan\u00e7as Clim\u00e1ticas. Fazendo essa an\u00e1lise voc\u00ea j\u00e1 resolveria a quest\u00e3o e eliminaria as afirmativas \u201cA\u201d, \u201cC\u201d, \u201cD\u201d e \u201cE\u201d.<\/p>\n\n\n\n<p><br \/>Segue link com a corre\u00e7\u00e3o das quest\u00f5es em v\u00eddeo:<br \/><a href=\"https:\/\/www.youtube.com\/watch?v=N7SdtFrO3mc&amp;ab_channel=LeandroSignori\n\">https:\/\/www.youtube.com\/watch?v=N7SdtFrO3mc&amp;ab_channel=LeandroSignori<br \/><\/a><br \/><br \/>Sigam-me nas redes sociais. <strong>Telegram: <\/strong><a href=\"https:\/\/t.me\/profleandrosignori\">https:\/\/t.me\/profleandrosignori<\/a>, <strong>Instagram: <\/strong><a href=\"https:\/\/www.instagram.com\/profleandrosignori\/ \">https:\/\/www.instagram.com\/profleandrosignori\/ <\/a>e <strong>YouTube:<\/strong> <a href=\"https:\/\/www.youtube.com\/watch?v=2wZDdHXF18s\">https:\/\/www.youtube.com\/watch?v=2wZDdHXF18s<\/a><\/p>\n\n\n\n<p>Um grande abra\u00e7o!<\/p>\n\n\n\n<p>Leandro Signori<br \/><br \/><br \/><\/p>\n","protected":false},"excerpt":{"rendered":"<p>Ol\u00e1 pessoal, Neste artigo, voc\u00ea encontrar\u00e1 o gabarito extraoficial do TJSP com a resolu\u00e7\u00e3o das quest\u00f5es de Atualidades, do cargo de Escrevente-T\u00e9cnico Judici\u00e1rio. A prova foi organizada pela Vunesp e aplicada no dia 2 de julho de 2023. A quest\u00e3o 65 cobrou um fato que repercutiu bastante na imprensa brasileira. As demais quest\u00f5es \u2013 66, [&hellip;]<\/p>\n","protected":false},"author":306,"featured_media":0,"comment_status":"open","ping_status":"closed","sticky":false,"template":"","format":"standard","meta":{"post_tipo":"article","footnotes":""},"categories":[1],"tags":[],"tax_estado":[],"class_list":["post-1242733","post","type-post","status-publish","format-standard","hentry","category-cursos-e-concursos"],"acf":[],"yoast_head":"<!-- This site is optimized with the Yoast SEO Premium plugin v27.2 (Yoast SEO v27.2) - https:\/\/yoast.com\/product\/yoast-seo-premium-wordpress\/ -->\n<title>Gabarito extraoficial TJ SP Atualidades \u2013 Coment\u00e1rios<\/title>\n<meta name=\"robots\" content=\"index, follow, max-snippet:-1, max-image-preview:large, max-video-preview:-1\" \/>\n<link rel=\"canonical\" href=\"https:\/\/www.estrategiaconcursos.com.br\/blog\/gabarito-extraoficial-tj-sp-atualidades-comentarios\/\" \/>\n<meta property=\"og:locale\" content=\"pt_BR\" \/>\n<meta property=\"og:type\" content=\"article\" \/>\n<meta property=\"og:title\" content=\"Gabarito extraoficial TJ SP Atualidades \u2013 Coment\u00e1rios\" \/>\n<meta property=\"og:description\" content=\"Ol\u00e1 pessoal, Neste artigo, voc\u00ea encontrar\u00e1 o gabarito extraoficial do TJSP com a resolu\u00e7\u00e3o das quest\u00f5es de Atualidades, do cargo de Escrevente-T\u00e9cnico Judici\u00e1rio. A prova foi organizada pela Vunesp e aplicada no dia 2 de julho de 2023. A quest\u00e3o 65 cobrou um fato que repercutiu bastante na imprensa brasileira. As demais quest\u00f5es \u2013 66, [&hellip;]\" \/>\n<meta property=\"og:url\" content=\"https:\/\/www.estrategiaconcursos.com.br\/blog\/gabarito-extraoficial-tj-sp-atualidades-comentarios\/\" \/>\n<meta property=\"og:site_name\" content=\"Estrat\u00e9gia Concursos\" \/>\n<meta property=\"article:author\" content=\"https:\/\/www.facebook.com\/leandrosignoriatualidades\/\" \/>\n<meta property=\"article:published_time\" content=\"2023-07-03T20:03:39+00:00\" \/>\n<meta property=\"article:modified_time\" content=\"2023-07-03T20:03:40+00:00\" \/>\n<meta name=\"author\" content=\"Leandro Signori\" \/>\n<meta name=\"twitter:card\" content=\"summary_large_image\" \/>\n<meta name=\"twitter:creator\" content=\"@EstratConcursos\" \/>\n<meta name=\"twitter:site\" content=\"@EstratConcursos\" \/>\n<meta name=\"twitter:label1\" content=\"Escrito por\" \/>\n\t<meta name=\"twitter:data1\" content=\"Leandro Signori\" \/>\n\t<meta name=\"twitter:label2\" content=\"Est. tempo de leitura\" \/>\n\t<meta name=\"twitter:data2\" content=\"9 minutos\" \/>\n<script type=\"application\/ld+json\" class=\"yoast-schema-graph\">{\"@context\":\"https:\/\/schema.org\",\"@graph\":[{\"@type\":\"NewsArticle\",\"@id\":\"https:\/\/www.estrategiaconcursos.com.br\/blog\/gabarito-extraoficial-tj-sp-atualidades-comentarios\/#article\",\"isPartOf\":{\"@id\":\"https:\/\/www.estrategiaconcursos.com.br\/blog\/gabarito-extraoficial-tj-sp-atualidades-comentarios\/\"},\"author\":{\"name\":\"Leandro Signori\",\"@id\":\"https:\/\/www.estrategiaconcursos.com.br\/blog\/#\/schema\/person\/d2e7d78de4b9d6ba51cc24fd558a7f42\"},\"headline\":\"Gabarito extraoficial TJ SP Atualidades \u2013 Coment\u00e1rios\",\"datePublished\":\"2023-07-03T20:03:39+00:00\",\"dateModified\":\"2023-07-03T20:03:40+00:00\",\"mainEntityOfPage\":{\"@id\":\"https:\/\/www.estrategiaconcursos.com.br\/blog\/gabarito-extraoficial-tj-sp-atualidades-comentarios\/\"},\"wordCount\":1774,\"commentCount\":0,\"publisher\":{\"@id\":\"https:\/\/www.estrategiaconcursos.com.br\/blog\/#organization\"},\"articleSection\":[\"Concursos P\u00fablicos\"],\"inLanguage\":\"pt-BR\",\"potentialAction\":[{\"@type\":\"CommentAction\",\"name\":\"Comment\",\"target\":[\"https:\/\/www.estrategiaconcursos.com.br\/blog\/gabarito-extraoficial-tj-sp-atualidades-comentarios\/#respond\"]}],\"copyrightYear\":\"2023\",\"copyrightHolder\":{\"@id\":\"https:\/\/www.estrategiaconcursos.com.br\/blog\/#organization\"}},{\"@type\":\"WebPage\",\"@id\":\"https:\/\/www.estrategiaconcursos.com.br\/blog\/gabarito-extraoficial-tj-sp-atualidades-comentarios\/\",\"url\":\"https:\/\/www.estrategiaconcursos.com.br\/blog\/gabarito-extraoficial-tj-sp-atualidades-comentarios\/\",\"name\":\"Gabarito extraoficial TJ SP Atualidades \u2013 Coment\u00e1rios\",\"isPartOf\":{\"@id\":\"https:\/\/www.estrategiaconcursos.com.br\/blog\/#website\"},\"datePublished\":\"2023-07-03T20:03:39+00:00\",\"dateModified\":\"2023-07-03T20:03:40+00:00\",\"breadcrumb\":{\"@id\":\"https:\/\/www.estrategiaconcursos.com.br\/blog\/gabarito-extraoficial-tj-sp-atualidades-comentarios\/#breadcrumb\"},\"inLanguage\":\"pt-BR\",\"potentialAction\":[{\"@type\":\"ReadAction\",\"target\":[\"https:\/\/www.estrategiaconcursos.com.br\/blog\/gabarito-extraoficial-tj-sp-atualidades-comentarios\/\"]}]},{\"@type\":\"BreadcrumbList\",\"@id\":\"https:\/\/www.estrategiaconcursos.com.br\/blog\/gabarito-extraoficial-tj-sp-atualidades-comentarios\/#breadcrumb\",\"itemListElement\":[{\"@type\":\"ListItem\",\"position\":1,\"name\":\"In\u00edcio\",\"item\":\"https:\/\/www.estrategiaconcursos.com.br\/blog\/\"},{\"@type\":\"ListItem\",\"position\":2,\"name\":\"Gabarito extraoficial TJ SP Atualidades \u2013 Coment\u00e1rios\"}]},{\"@type\":\"WebSite\",\"@id\":\"https:\/\/www.estrategiaconcursos.com.br\/blog\/#website\",\"url\":\"https:\/\/www.estrategiaconcursos.com.br\/blog\/\",\"name\":\"Estrat\u00e9gia Concursos\",\"description\":\"O blog da Estrat\u00e9gia Concursos traz not\u00edcias sobre concursos e artigos de professores oferecendo cursos para concursos (pdf + videaulas) no site.\",\"publisher\":{\"@id\":\"https:\/\/www.estrategiaconcursos.com.br\/blog\/#organization\"},\"potentialAction\":[{\"@type\":\"SearchAction\",\"target\":{\"@type\":\"EntryPoint\",\"urlTemplate\":\"https:\/\/www.estrategiaconcursos.com.br\/blog\/?s={search_term_string}\"},\"query-input\":{\"@type\":\"PropertyValueSpecification\",\"valueRequired\":true,\"valueName\":\"search_term_string\"}}],\"inLanguage\":\"pt-BR\"},{\"@type\":\"Organization\",\"@id\":\"https:\/\/www.estrategiaconcursos.com.br\/blog\/#organization\",\"name\":\"Estrat\u00e9gia Concursos\",\"url\":\"https:\/\/www.estrategiaconcursos.com.br\/blog\/\",\"logo\":{\"@type\":\"ImageObject\",\"inLanguage\":\"pt-BR\",\"@id\":\"https:\/\/www.estrategiaconcursos.com.br\/blog\/#\/schema\/logo\/image\/\",\"url\":\"https:\/\/dhg1h5j42swfq.cloudfront.net\/2025\/06\/03203428\/logo_concursos-1.jpg\",\"contentUrl\":\"https:\/\/dhg1h5j42swfq.cloudfront.net\/2025\/06\/03203428\/logo_concursos-1.jpg\",\"width\":230,\"height\":60,\"caption\":\"Estrat\u00e9gia Concursos\"},\"image\":{\"@id\":\"https:\/\/www.estrategiaconcursos.com.br\/blog\/#\/schema\/logo\/image\/\"},\"sameAs\":[\"https:\/\/x.com\/EstratConcursos\"]},{\"@type\":\"Person\",\"@id\":\"https:\/\/www.estrategiaconcursos.com.br\/blog\/#\/schema\/person\/d2e7d78de4b9d6ba51cc24fd558a7f42\",\"name\":\"Leandro Signori\",\"image\":{\"@type\":\"ImageObject\",\"inLanguage\":\"pt-BR\",\"@id\":\"https:\/\/secure.gravatar.com\/avatar\/aa2ef98e93764dcf1758f52d2792d4b3e4089ee25bc520608dde62ad802ae541?s=96&d=mm&r=g\",\"url\":\"https:\/\/secure.gravatar.com\/avatar\/aa2ef98e93764dcf1758f52d2792d4b3e4089ee25bc520608dde62ad802ae541?s=96&d=mm&r=g\",\"contentUrl\":\"https:\/\/secure.gravatar.com\/avatar\/aa2ef98e93764dcf1758f52d2792d4b3e4089ee25bc520608dde62ad802ae541?s=96&d=mm&r=g\",\"caption\":\"Leandro Signori\"},\"description\":\"Licenciado em Geografia pela Universidade Federal do Rio Grande do Sul (UFRGS) e Bacharel em Geografia pela Uniceub (Bras\u00edlia). Como servidor p\u00fablico, foi funcion\u00e1rio da Prefeitura de S\u00e3o Leopoldo (RS), Prefeitura de Porto Alegre (RS), Companhia Riograndense de Saneamento (Corsan) e Minist\u00e9rio da Integra\u00e7\u00e3o Nacional. \u00c9 professor de Geografia para o ensino m\u00e9dio na rede particular de ensino. Leciona as disciplinas de Atualidades, Conhecimentos Gerais, Geografia, Realidade Brasileira e Hist\u00f3ria, em cursos on line e presenciais preparat\u00f3rios para concursos p\u00fablicos.\",\"sameAs\":[\"https:\/\/www.facebook.com\/leandrosignoriatualidades\/\"],\"url\":\"https:\/\/www.estrategiaconcursos.com.br\/blog\/author\/leandroestrategiaconcursos-com-br\/\"}]}<\/script>\n<!-- \/ Yoast SEO Premium plugin. -->","yoast_head_json":{"title":"Gabarito extraoficial TJ SP Atualidades \u2013 Coment\u00e1rios","robots":{"index":"index","follow":"follow","max-snippet":"max-snippet:-1","max-image-preview":"max-image-preview:large","max-video-preview":"max-video-preview:-1"},"canonical":"https:\/\/www.estrategiaconcursos.com.br\/blog\/gabarito-extraoficial-tj-sp-atualidades-comentarios\/","og_locale":"pt_BR","og_type":"article","og_title":"Gabarito extraoficial TJ SP Atualidades \u2013 Coment\u00e1rios","og_description":"Ol\u00e1 pessoal, Neste artigo, voc\u00ea encontrar\u00e1 o gabarito extraoficial do TJSP com a resolu\u00e7\u00e3o das quest\u00f5es de Atualidades, do cargo de Escrevente-T\u00e9cnico Judici\u00e1rio. A prova foi organizada pela Vunesp e aplicada no dia 2 de julho de 2023. A quest\u00e3o 65 cobrou um fato que repercutiu bastante na imprensa brasileira. As demais quest\u00f5es \u2013 66, [&hellip;]","og_url":"https:\/\/www.estrategiaconcursos.com.br\/blog\/gabarito-extraoficial-tj-sp-atualidades-comentarios\/","og_site_name":"Estrat\u00e9gia Concursos","article_author":"https:\/\/www.facebook.com\/leandrosignoriatualidades\/","article_published_time":"2023-07-03T20:03:39+00:00","article_modified_time":"2023-07-03T20:03:40+00:00","author":"Leandro Signori","twitter_card":"summary_large_image","twitter_creator":"@EstratConcursos","twitter_site":"@EstratConcursos","twitter_misc":{"Escrito por":"Leandro Signori","Est. tempo de leitura":"9 minutos"},"schema":{"@context":"https:\/\/schema.org","@graph":[{"@type":"NewsArticle","@id":"https:\/\/www.estrategiaconcursos.com.br\/blog\/gabarito-extraoficial-tj-sp-atualidades-comentarios\/#article","isPartOf":{"@id":"https:\/\/www.estrategiaconcursos.com.br\/blog\/gabarito-extraoficial-tj-sp-atualidades-comentarios\/"},"author":{"name":"Leandro Signori","@id":"https:\/\/www.estrategiaconcursos.com.br\/blog\/#\/schema\/person\/d2e7d78de4b9d6ba51cc24fd558a7f42"},"headline":"Gabarito extraoficial TJ SP Atualidades \u2013 Coment\u00e1rios","datePublished":"2023-07-03T20:03:39+00:00","dateModified":"2023-07-03T20:03:40+00:00","mainEntityOfPage":{"@id":"https:\/\/www.estrategiaconcursos.com.br\/blog\/gabarito-extraoficial-tj-sp-atualidades-comentarios\/"},"wordCount":1774,"commentCount":0,"publisher":{"@id":"https:\/\/www.estrategiaconcursos.com.br\/blog\/#organization"},"articleSection":["Concursos P\u00fablicos"],"inLanguage":"pt-BR","potentialAction":[{"@type":"CommentAction","name":"Comment","target":["https:\/\/www.estrategiaconcursos.com.br\/blog\/gabarito-extraoficial-tj-sp-atualidades-comentarios\/#respond"]}],"copyrightYear":"2023","copyrightHolder":{"@id":"https:\/\/www.estrategiaconcursos.com.br\/blog\/#organization"}},{"@type":"WebPage","@id":"https:\/\/www.estrategiaconcursos.com.br\/blog\/gabarito-extraoficial-tj-sp-atualidades-comentarios\/","url":"https:\/\/www.estrategiaconcursos.com.br\/blog\/gabarito-extraoficial-tj-sp-atualidades-comentarios\/","name":"Gabarito extraoficial TJ SP Atualidades \u2013 Coment\u00e1rios","isPartOf":{"@id":"https:\/\/www.estrategiaconcursos.com.br\/blog\/#website"},"datePublished":"2023-07-03T20:03:39+00:00","dateModified":"2023-07-03T20:03:40+00:00","breadcrumb":{"@id":"https:\/\/www.estrategiaconcursos.com.br\/blog\/gabarito-extraoficial-tj-sp-atualidades-comentarios\/#breadcrumb"},"inLanguage":"pt-BR","potentialAction":[{"@type":"ReadAction","target":["https:\/\/www.estrategiaconcursos.com.br\/blog\/gabarito-extraoficial-tj-sp-atualidades-comentarios\/"]}]},{"@type":"BreadcrumbList","@id":"https:\/\/www.estrategiaconcursos.com.br\/blog\/gabarito-extraoficial-tj-sp-atualidades-comentarios\/#breadcrumb","itemListElement":[{"@type":"ListItem","position":1,"name":"In\u00edcio","item":"https:\/\/www.estrategiaconcursos.com.br\/blog\/"},{"@type":"ListItem","position":2,"name":"Gabarito extraoficial TJ SP Atualidades \u2013 Coment\u00e1rios"}]},{"@type":"WebSite","@id":"https:\/\/www.estrategiaconcursos.com.br\/blog\/#website","url":"https:\/\/www.estrategiaconcursos.com.br\/blog\/","name":"Estrat\u00e9gia Concursos","description":"O blog da Estrat\u00e9gia Concursos traz not\u00edcias sobre concursos e artigos de professores oferecendo cursos para concursos (pdf + videaulas) no site.","publisher":{"@id":"https:\/\/www.estrategiaconcursos.com.br\/blog\/#organization"},"potentialAction":[{"@type":"SearchAction","target":{"@type":"EntryPoint","urlTemplate":"https:\/\/www.estrategiaconcursos.com.br\/blog\/?s={search_term_string}"},"query-input":{"@type":"PropertyValueSpecification","valueRequired":true,"valueName":"search_term_string"}}],"inLanguage":"pt-BR"},{"@type":"Organization","@id":"https:\/\/www.estrategiaconcursos.com.br\/blog\/#organization","name":"Estrat\u00e9gia Concursos","url":"https:\/\/www.estrategiaconcursos.com.br\/blog\/","logo":{"@type":"ImageObject","inLanguage":"pt-BR","@id":"https:\/\/www.estrategiaconcursos.com.br\/blog\/#\/schema\/logo\/image\/","url":"https:\/\/dhg1h5j42swfq.cloudfront.net\/2025\/06\/03203428\/logo_concursos-1.jpg","contentUrl":"https:\/\/dhg1h5j42swfq.cloudfront.net\/2025\/06\/03203428\/logo_concursos-1.jpg","width":230,"height":60,"caption":"Estrat\u00e9gia Concursos"},"image":{"@id":"https:\/\/www.estrategiaconcursos.com.br\/blog\/#\/schema\/logo\/image\/"},"sameAs":["https:\/\/x.com\/EstratConcursos"]},{"@type":"Person","@id":"https:\/\/www.estrategiaconcursos.com.br\/blog\/#\/schema\/person\/d2e7d78de4b9d6ba51cc24fd558a7f42","name":"Leandro Signori","image":{"@type":"ImageObject","inLanguage":"pt-BR","@id":"https:\/\/secure.gravatar.com\/avatar\/aa2ef98e93764dcf1758f52d2792d4b3e4089ee25bc520608dde62ad802ae541?s=96&d=mm&r=g","url":"https:\/\/secure.gravatar.com\/avatar\/aa2ef98e93764dcf1758f52d2792d4b3e4089ee25bc520608dde62ad802ae541?s=96&d=mm&r=g","contentUrl":"https:\/\/secure.gravatar.com\/avatar\/aa2ef98e93764dcf1758f52d2792d4b3e4089ee25bc520608dde62ad802ae541?s=96&d=mm&r=g","caption":"Leandro Signori"},"description":"Licenciado em Geografia pela Universidade Federal do Rio Grande do Sul (UFRGS) e Bacharel em Geografia pela Uniceub (Bras\u00edlia). Como servidor p\u00fablico, foi funcion\u00e1rio da Prefeitura de S\u00e3o Leopoldo (RS), Prefeitura de Porto Alegre (RS), Companhia Riograndense de Saneamento (Corsan) e Minist\u00e9rio da Integra\u00e7\u00e3o Nacional. \u00c9 professor de Geografia para o ensino m\u00e9dio na rede particular de ensino. Leciona as disciplinas de Atualidades, Conhecimentos Gerais, Geografia, Realidade Brasileira e Hist\u00f3ria, em cursos on line e presenciais preparat\u00f3rios para concursos p\u00fablicos.","sameAs":["https:\/\/www.facebook.com\/leandrosignoriatualidades\/"],"url":"https:\/\/www.estrategiaconcursos.com.br\/blog\/author\/leandroestrategiaconcursos-com-br\/"}]}},"_links":{"self":[{"href":"https:\/\/www.estrategiaconcursos.com.br\/blog\/wp-json\/wp\/v2\/posts\/1242733","targetHints":{"allow":["GET"]}}],"collection":[{"href":"https:\/\/www.estrategiaconcursos.com.br\/blog\/wp-json\/wp\/v2\/posts"}],"about":[{"href":"https:\/\/www.estrategiaconcursos.com.br\/blog\/wp-json\/wp\/v2\/types\/post"}],"author":[{"embeddable":true,"href":"https:\/\/www.estrategiaconcursos.com.br\/blog\/wp-json\/wp\/v2\/users\/306"}],"replies":[{"embeddable":true,"href":"https:\/\/www.estrategiaconcursos.com.br\/blog\/wp-json\/wp\/v2\/comments?post=1242733"}],"version-history":[{"count":2,"href":"https:\/\/www.estrategiaconcursos.com.br\/blog\/wp-json\/wp\/v2\/posts\/1242733\/revisions"}],"predecessor-version":[{"id":1242740,"href":"https:\/\/www.estrategiaconcursos.com.br\/blog\/wp-json\/wp\/v2\/posts\/1242733\/revisions\/1242740"}],"wp:attachment":[{"href":"https:\/\/www.estrategiaconcursos.com.br\/blog\/wp-json\/wp\/v2\/media?parent=1242733"}],"wp:term":[{"taxonomy":"category","embeddable":true,"href":"https:\/\/www.estrategiaconcursos.com.br\/blog\/wp-json\/wp\/v2\/categories?post=1242733"},{"taxonomy":"post_tag","embeddable":true,"href":"https:\/\/www.estrategiaconcursos.com.br\/blog\/wp-json\/wp\/v2\/tags?post=1242733"},{"taxonomy":"tax_estado","embeddable":true,"href":"https:\/\/www.estrategiaconcursos.com.br\/blog\/wp-json\/wp\/v2\/tax_estado?post=1242733"}],"curies":[{"name":"wp","href":"https:\/\/api.w.org\/{rel}","templated":true}]}}