{"id":1241300,"date":"2023-06-29T20:37:22","date_gmt":"2023-06-29T23:37:22","guid":{"rendered":"https:\/\/www.estrategiaconcursos.com.br\/blog\/?p=1241300"},"modified":"2023-06-29T20:37:24","modified_gmt":"2023-06-29T23:37:24","slug":"tj-se-tres-vagas-para-medico","status":"publish","type":"post","link":"https:\/\/www.estrategiaconcursos.com.br\/blog\/tj-se-tres-vagas-para-medico\/","title":{"rendered":"TJ-SE: Tr\u00eas vagas para m\u00e9dico"},"content":{"rendered":"\n<p><strong>O <a href=\"https:\/\/conhecimento.fgv.br\/concursos\/tjseservidor23\" target=\"_blank\" rel=\"noreferrer noopener\">Tribunal de Justi\u00e7a de Sergipe (TJ-SE) <\/a>abriu concurso p\u00fablico, com vaga para M\u00e9dico Generalista Psiquiatra e M\u00e9dico do Trabalho. A banca ser\u00e1 a FGV, com quest\u00f5es de m\u00faltipla escolha. Inscri\u00e7\u00f5es at\u00e9 02\/08\/23 e provas previstas para 15\/10\/2023. Material de Cl\u00ednica M\u00e9dica dispon\u00edvel no site. Bons estudos!!<\/strong><\/p>\n","protected":false},"excerpt":{"rendered":"<p>O Tribunal de Justi\u00e7a de Sergipe (TJ-SE) abriu concurso p\u00fablico, com vaga para M\u00e9dico Generalista Psiquiatra e M\u00e9dico do Trabalho. A banca ser\u00e1 a FGV, com quest\u00f5es de m\u00faltipla escolha. Inscri\u00e7\u00f5es at\u00e9 02\/08\/23 e provas previstas para 15\/10\/2023. Material de Cl\u00ednica M\u00e9dica dispon\u00edvel no site. Bons estudos!!<\/p>\n","protected":false},"author":630,"featured_media":0,"comment_status":"open","ping_status":"closed","sticky":false,"template":"","format":"standard","meta":{"post_tipo":"article","footnotes":""},"categories":[1],"tags":[],"tax_estado":[],"class_list":["post-1241300","post","type-post","status-publish","format-standard","hentry","category-cursos-e-concursos"],"acf":[],"yoast_head":"<!-- This site is optimized with the Yoast SEO Premium plugin v27.2 (Yoast SEO v27.2) - https:\/\/yoast.com\/product\/yoast-seo-premium-wordpress\/ -->\n<title>TJ-SE: Tr\u00eas vagas para m\u00e9dico<\/title>\n<meta name=\"description\" content=\"O Tribunal de Justi\u00e7a de Sergipe (TJ-SE) abriu concurso p\u00fablico, com vaga para M\u00e9dico Generalista Psiquiatra e M\u00e9dico do Trabalho. A banca ser\u00e1 a FGV, com quest\u00f5es de m\u00faltipla escolha. Inscri\u00e7\u00f5es at\u00e9 02\/08\/23 e provas previstas para 15\/10\/2023. Material de Cl\u00ednica M\u00e9dica dispon\u00edvel no site. Bons estudos!!\" \/>\n<meta name=\"robots\" content=\"index, follow, max-snippet:-1, max-image-preview:large, max-video-preview:-1\" \/>\n<link rel=\"canonical\" href=\"https:\/\/www.estrategiaconcursos.com.br\/blog\/tj-se-tres-vagas-para-medico\/\" \/>\n<meta property=\"og:locale\" content=\"pt_BR\" \/>\n<meta property=\"og:type\" content=\"article\" \/>\n<meta property=\"og:title\" content=\"TJ-SE: Tr\u00eas vagas para m\u00e9dico\" \/>\n<meta property=\"og:description\" content=\"O Tribunal de Justi\u00e7a de Sergipe (TJ-SE) abriu concurso p\u00fablico, com vaga para M\u00e9dico Generalista Psiquiatra e M\u00e9dico do Trabalho. A banca ser\u00e1 a FGV, com quest\u00f5es de m\u00faltipla escolha. Inscri\u00e7\u00f5es at\u00e9 02\/08\/23 e provas previstas para 15\/10\/2023. Material de Cl\u00ednica M\u00e9dica dispon\u00edvel no site. Bons estudos!!\" \/>\n<meta property=\"og:url\" content=\"https:\/\/www.estrategiaconcursos.com.br\/blog\/tj-se-tres-vagas-para-medico\/\" \/>\n<meta property=\"og:site_name\" content=\"Estrat\u00e9gia Concursos\" \/>\n<meta property=\"article:published_time\" content=\"2023-06-29T23:37:22+00:00\" \/>\n<meta property=\"article:modified_time\" content=\"2023-06-29T23:37:24+00:00\" \/>\n<meta name=\"author\" content=\"Ricardo Humberto de Miranda F\u00e9lix\" \/>\n<meta name=\"twitter:card\" content=\"summary_large_image\" \/>\n<meta name=\"twitter:creator\" content=\"@EstratConcursos\" \/>\n<meta name=\"twitter:site\" content=\"@EstratConcursos\" \/>\n<meta name=\"twitter:label1\" content=\"Escrito por\" \/>\n\t<meta name=\"twitter:data1\" content=\"Ricardo Humberto de Miranda F\u00e9lix\" \/>\n<script type=\"application\/ld+json\" class=\"yoast-schema-graph\">{\"@context\":\"https:\/\/schema.org\",\"@graph\":[{\"@type\":\"NewsArticle\",\"@id\":\"https:\/\/www.estrategiaconcursos.com.br\/blog\/tj-se-tres-vagas-para-medico\/#article\",\"isPartOf\":{\"@id\":\"https:\/\/www.estrategiaconcursos.com.br\/blog\/tj-se-tres-vagas-para-medico\/\"},\"author\":{\"name\":\"Ricardo Humberto de Miranda F\u00e9lix\",\"@id\":\"https:\/\/www.estrategiaconcursos.com.br\/blog\/#\/schema\/person\/32041373e313b5f8978cfe3d476b563c\"},\"headline\":\"TJ-SE: Tr\u00eas vagas para m\u00e9dico\",\"datePublished\":\"2023-06-29T23:37:22+00:00\",\"dateModified\":\"2023-06-29T23:37:24+00:00\",\"mainEntityOfPage\":{\"@id\":\"https:\/\/www.estrategiaconcursos.com.br\/blog\/tj-se-tres-vagas-para-medico\/\"},\"wordCount\":62,\"commentCount\":0,\"publisher\":{\"@id\":\"https:\/\/www.estrategiaconcursos.com.br\/blog\/#organization\"},\"articleSection\":[\"Concursos P\u00fablicos\"],\"inLanguage\":\"pt-BR\",\"potentialAction\":[{\"@type\":\"CommentAction\",\"name\":\"Comment\",\"target\":[\"https:\/\/www.estrategiaconcursos.com.br\/blog\/tj-se-tres-vagas-para-medico\/#respond\"]}],\"copyrightYear\":\"2023\",\"copyrightHolder\":{\"@id\":\"https:\/\/www.estrategiaconcursos.com.br\/blog\/#organization\"}},{\"@type\":\"WebPage\",\"@id\":\"https:\/\/www.estrategiaconcursos.com.br\/blog\/tj-se-tres-vagas-para-medico\/\",\"url\":\"https:\/\/www.estrategiaconcursos.com.br\/blog\/tj-se-tres-vagas-para-medico\/\",\"name\":\"TJ-SE: Tr\u00eas vagas para m\u00e9dico\",\"isPartOf\":{\"@id\":\"https:\/\/www.estrategiaconcursos.com.br\/blog\/#website\"},\"datePublished\":\"2023-06-29T23:37:22+00:00\",\"dateModified\":\"2023-06-29T23:37:24+00:00\",\"description\":\"O Tribunal de Justi\u00e7a de Sergipe (TJ-SE) abriu concurso p\u00fablico, com vaga para M\u00e9dico Generalista Psiquiatra e M\u00e9dico do Trabalho. A banca ser\u00e1 a FGV, com quest\u00f5es de m\u00faltipla escolha. Inscri\u00e7\u00f5es at\u00e9 02\/08\/23 e provas previstas para 15\/10\/2023. Material de Cl\u00ednica M\u00e9dica dispon\u00edvel no site. Bons estudos!!\",\"breadcrumb\":{\"@id\":\"https:\/\/www.estrategiaconcursos.com.br\/blog\/tj-se-tres-vagas-para-medico\/#breadcrumb\"},\"inLanguage\":\"pt-BR\",\"potentialAction\":[{\"@type\":\"ReadAction\",\"target\":[\"https:\/\/www.estrategiaconcursos.com.br\/blog\/tj-se-tres-vagas-para-medico\/\"]}]},{\"@type\":\"BreadcrumbList\",\"@id\":\"https:\/\/www.estrategiaconcursos.com.br\/blog\/tj-se-tres-vagas-para-medico\/#breadcrumb\",\"itemListElement\":[{\"@type\":\"ListItem\",\"position\":1,\"name\":\"In\u00edcio\",\"item\":\"https:\/\/www.estrategiaconcursos.com.br\/blog\/\"},{\"@type\":\"ListItem\",\"position\":2,\"name\":\"TJ-SE: Tr\u00eas vagas para m\u00e9dico\"}]},{\"@type\":\"WebSite\",\"@id\":\"https:\/\/www.estrategiaconcursos.com.br\/blog\/#website\",\"url\":\"https:\/\/www.estrategiaconcursos.com.br\/blog\/\",\"name\":\"Estrat\u00e9gia Concursos\",\"description\":\"O blog da Estrat\u00e9gia Concursos traz not\u00edcias sobre concursos e artigos de professores oferecendo cursos para concursos (pdf + videaulas) no site.\",\"publisher\":{\"@id\":\"https:\/\/www.estrategiaconcursos.com.br\/blog\/#organization\"},\"potentialAction\":[{\"@type\":\"SearchAction\",\"target\":{\"@type\":\"EntryPoint\",\"urlTemplate\":\"https:\/\/www.estrategiaconcursos.com.br\/blog\/?s={search_term_string}\"},\"query-input\":{\"@type\":\"PropertyValueSpecification\",\"valueRequired\":true,\"valueName\":\"search_term_string\"}}],\"inLanguage\":\"pt-BR\"},{\"@type\":\"Organization\",\"@id\":\"https:\/\/www.estrategiaconcursos.com.br\/blog\/#organization\",\"name\":\"Estrat\u00e9gia Concursos\",\"url\":\"https:\/\/www.estrategiaconcursos.com.br\/blog\/\",\"logo\":{\"@type\":\"ImageObject\",\"inLanguage\":\"pt-BR\",\"@id\":\"https:\/\/www.estrategiaconcursos.com.br\/blog\/#\/schema\/logo\/image\/\",\"url\":\"https:\/\/dhg1h5j42swfq.cloudfront.net\/2025\/06\/03203428\/logo_concursos-1.jpg\",\"contentUrl\":\"https:\/\/dhg1h5j42swfq.cloudfront.net\/2025\/06\/03203428\/logo_concursos-1.jpg\",\"width\":230,\"height\":60,\"caption\":\"Estrat\u00e9gia Concursos\"},\"image\":{\"@id\":\"https:\/\/www.estrategiaconcursos.com.br\/blog\/#\/schema\/logo\/image\/\"},\"sameAs\":[\"https:\/\/x.com\/EstratConcursos\"]},{\"@type\":\"Person\",\"@id\":\"https:\/\/www.estrategiaconcursos.com.br\/blog\/#\/schema\/person\/32041373e313b5f8978cfe3d476b563c\",\"name\":\"Ricardo Humberto de Miranda F\u00e9lix\",\"image\":{\"@type\":\"ImageObject\",\"inLanguage\":\"pt-BR\",\"@id\":\"https:\/\/secure.gravatar.com\/avatar\/a1ea707caa78895ec6a0bb6a68cc5d8bb9c54d98995ff290803f92bedd8b99ed?s=96&d=mm&r=g\",\"url\":\"https:\/\/secure.gravatar.com\/avatar\/a1ea707caa78895ec6a0bb6a68cc5d8bb9c54d98995ff290803f92bedd8b99ed?s=96&d=mm&r=g\",\"contentUrl\":\"https:\/\/secure.gravatar.com\/avatar\/a1ea707caa78895ec6a0bb6a68cc5d8bb9c54d98995ff290803f92bedd8b99ed?s=96&d=mm&r=g\",\"caption\":\"Ricardo Humberto de Miranda F\u00e9lix\"},\"url\":\"https:\/\/www.estrategiaconcursos.com.br\/blog\/author\/rhmfmdgmail-com\/\"}]}<\/script>\n<!-- \/ Yoast SEO Premium plugin. -->","yoast_head_json":{"title":"TJ-SE: Tr\u00eas vagas para m\u00e9dico","description":"O Tribunal de Justi\u00e7a de Sergipe (TJ-SE) abriu concurso p\u00fablico, com vaga para M\u00e9dico Generalista Psiquiatra e M\u00e9dico do Trabalho. A banca ser\u00e1 a FGV, com quest\u00f5es de m\u00faltipla escolha. Inscri\u00e7\u00f5es at\u00e9 02\/08\/23 e provas previstas para 15\/10\/2023. Material de Cl\u00ednica M\u00e9dica dispon\u00edvel no site. Bons estudos!!","robots":{"index":"index","follow":"follow","max-snippet":"max-snippet:-1","max-image-preview":"max-image-preview:large","max-video-preview":"max-video-preview:-1"},"canonical":"https:\/\/www.estrategiaconcursos.com.br\/blog\/tj-se-tres-vagas-para-medico\/","og_locale":"pt_BR","og_type":"article","og_title":"TJ-SE: Tr\u00eas vagas para m\u00e9dico","og_description":"O Tribunal de Justi\u00e7a de Sergipe (TJ-SE) abriu concurso p\u00fablico, com vaga para M\u00e9dico Generalista Psiquiatra e M\u00e9dico do Trabalho. A banca ser\u00e1 a FGV, com quest\u00f5es de m\u00faltipla escolha. Inscri\u00e7\u00f5es at\u00e9 02\/08\/23 e provas previstas para 15\/10\/2023. Material de Cl\u00ednica M\u00e9dica dispon\u00edvel no site. Bons estudos!!","og_url":"https:\/\/www.estrategiaconcursos.com.br\/blog\/tj-se-tres-vagas-para-medico\/","og_site_name":"Estrat\u00e9gia Concursos","article_published_time":"2023-06-29T23:37:22+00:00","article_modified_time":"2023-06-29T23:37:24+00:00","author":"Ricardo Humberto de Miranda F\u00e9lix","twitter_card":"summary_large_image","twitter_creator":"@EstratConcursos","twitter_site":"@EstratConcursos","twitter_misc":{"Escrito por":"Ricardo Humberto de Miranda F\u00e9lix"},"schema":{"@context":"https:\/\/schema.org","@graph":[{"@type":"NewsArticle","@id":"https:\/\/www.estrategiaconcursos.com.br\/blog\/tj-se-tres-vagas-para-medico\/#article","isPartOf":{"@id":"https:\/\/www.estrategiaconcursos.com.br\/blog\/tj-se-tres-vagas-para-medico\/"},"author":{"name":"Ricardo Humberto de Miranda F\u00e9lix","@id":"https:\/\/www.estrategiaconcursos.com.br\/blog\/#\/schema\/person\/32041373e313b5f8978cfe3d476b563c"},"headline":"TJ-SE: Tr\u00eas vagas para m\u00e9dico","datePublished":"2023-06-29T23:37:22+00:00","dateModified":"2023-06-29T23:37:24+00:00","mainEntityOfPage":{"@id":"https:\/\/www.estrategiaconcursos.com.br\/blog\/tj-se-tres-vagas-para-medico\/"},"wordCount":62,"commentCount":0,"publisher":{"@id":"https:\/\/www.estrategiaconcursos.com.br\/blog\/#organization"},"articleSection":["Concursos P\u00fablicos"],"inLanguage":"pt-BR","potentialAction":[{"@type":"CommentAction","name":"Comment","target":["https:\/\/www.estrategiaconcursos.com.br\/blog\/tj-se-tres-vagas-para-medico\/#respond"]}],"copyrightYear":"2023","copyrightHolder":{"@id":"https:\/\/www.estrategiaconcursos.com.br\/blog\/#organization"}},{"@type":"WebPage","@id":"https:\/\/www.estrategiaconcursos.com.br\/blog\/tj-se-tres-vagas-para-medico\/","url":"https:\/\/www.estrategiaconcursos.com.br\/blog\/tj-se-tres-vagas-para-medico\/","name":"TJ-SE: Tr\u00eas vagas para m\u00e9dico","isPartOf":{"@id":"https:\/\/www.estrategiaconcursos.com.br\/blog\/#website"},"datePublished":"2023-06-29T23:37:22+00:00","dateModified":"2023-06-29T23:37:24+00:00","description":"O Tribunal de Justi\u00e7a de Sergipe (TJ-SE) abriu concurso p\u00fablico, com vaga para M\u00e9dico Generalista Psiquiatra e M\u00e9dico do Trabalho. A banca ser\u00e1 a FGV, com quest\u00f5es de m\u00faltipla escolha. Inscri\u00e7\u00f5es at\u00e9 02\/08\/23 e provas previstas para 15\/10\/2023. Material de Cl\u00ednica M\u00e9dica dispon\u00edvel no site. Bons estudos!!","breadcrumb":{"@id":"https:\/\/www.estrategiaconcursos.com.br\/blog\/tj-se-tres-vagas-para-medico\/#breadcrumb"},"inLanguage":"pt-BR","potentialAction":[{"@type":"ReadAction","target":["https:\/\/www.estrategiaconcursos.com.br\/blog\/tj-se-tres-vagas-para-medico\/"]}]},{"@type":"BreadcrumbList","@id":"https:\/\/www.estrategiaconcursos.com.br\/blog\/tj-se-tres-vagas-para-medico\/#breadcrumb","itemListElement":[{"@type":"ListItem","position":1,"name":"In\u00edcio","item":"https:\/\/www.estrategiaconcursos.com.br\/blog\/"},{"@type":"ListItem","position":2,"name":"TJ-SE: Tr\u00eas vagas para m\u00e9dico"}]},{"@type":"WebSite","@id":"https:\/\/www.estrategiaconcursos.com.br\/blog\/#website","url":"https:\/\/www.estrategiaconcursos.com.br\/blog\/","name":"Estrat\u00e9gia Concursos","description":"O blog da Estrat\u00e9gia Concursos traz not\u00edcias sobre concursos e artigos de professores oferecendo cursos para concursos (pdf + videaulas) no site.","publisher":{"@id":"https:\/\/www.estrategiaconcursos.com.br\/blog\/#organization"},"potentialAction":[{"@type":"SearchAction","target":{"@type":"EntryPoint","urlTemplate":"https:\/\/www.estrategiaconcursos.com.br\/blog\/?s={search_term_string}"},"query-input":{"@type":"PropertyValueSpecification","valueRequired":true,"valueName":"search_term_string"}}],"inLanguage":"pt-BR"},{"@type":"Organization","@id":"https:\/\/www.estrategiaconcursos.com.br\/blog\/#organization","name":"Estrat\u00e9gia Concursos","url":"https:\/\/www.estrategiaconcursos.com.br\/blog\/","logo":{"@type":"ImageObject","inLanguage":"pt-BR","@id":"https:\/\/www.estrategiaconcursos.com.br\/blog\/#\/schema\/logo\/image\/","url":"https:\/\/dhg1h5j42swfq.cloudfront.net\/2025\/06\/03203428\/logo_concursos-1.jpg","contentUrl":"https:\/\/dhg1h5j42swfq.cloudfront.net\/2025\/06\/03203428\/logo_concursos-1.jpg","width":230,"height":60,"caption":"Estrat\u00e9gia Concursos"},"image":{"@id":"https:\/\/www.estrategiaconcursos.com.br\/blog\/#\/schema\/logo\/image\/"},"sameAs":["https:\/\/x.com\/EstratConcursos"]},{"@type":"Person","@id":"https:\/\/www.estrategiaconcursos.com.br\/blog\/#\/schema\/person\/32041373e313b5f8978cfe3d476b563c","name":"Ricardo Humberto de Miranda F\u00e9lix","image":{"@type":"ImageObject","inLanguage":"pt-BR","@id":"https:\/\/secure.gravatar.com\/avatar\/a1ea707caa78895ec6a0bb6a68cc5d8bb9c54d98995ff290803f92bedd8b99ed?s=96&d=mm&r=g","url":"https:\/\/secure.gravatar.com\/avatar\/a1ea707caa78895ec6a0bb6a68cc5d8bb9c54d98995ff290803f92bedd8b99ed?s=96&d=mm&r=g","contentUrl":"https:\/\/secure.gravatar.com\/avatar\/a1ea707caa78895ec6a0bb6a68cc5d8bb9c54d98995ff290803f92bedd8b99ed?s=96&d=mm&r=g","caption":"Ricardo Humberto de Miranda F\u00e9lix"},"url":"https:\/\/www.estrategiaconcursos.com.br\/blog\/author\/rhmfmdgmail-com\/"}]}},"_links":{"self":[{"href":"https:\/\/www.estrategiaconcursos.com.br\/blog\/wp-json\/wp\/v2\/posts\/1241300","targetHints":{"allow":["GET"]}}],"collection":[{"href":"https:\/\/www.estrategiaconcursos.com.br\/blog\/wp-json\/wp\/v2\/posts"}],"about":[{"href":"https:\/\/www.estrategiaconcursos.com.br\/blog\/wp-json\/wp\/v2\/types\/post"}],"author":[{"embeddable":true,"href":"https:\/\/www.estrategiaconcursos.com.br\/blog\/wp-json\/wp\/v2\/users\/630"}],"replies":[{"embeddable":true,"href":"https:\/\/www.estrategiaconcursos.com.br\/blog\/wp-json\/wp\/v2\/comments?post=1241300"}],"version-history":[{"count":2,"href":"https:\/\/www.estrategiaconcursos.com.br\/blog\/wp-json\/wp\/v2\/posts\/1241300\/revisions"}],"predecessor-version":[{"id":1241307,"href":"https:\/\/www.estrategiaconcursos.com.br\/blog\/wp-json\/wp\/v2\/posts\/1241300\/revisions\/1241307"}],"wp:attachment":[{"href":"https:\/\/www.estrategiaconcursos.com.br\/blog\/wp-json\/wp\/v2\/media?parent=1241300"}],"wp:term":[{"taxonomy":"category","embeddable":true,"href":"https:\/\/www.estrategiaconcursos.com.br\/blog\/wp-json\/wp\/v2\/categories?post=1241300"},{"taxonomy":"post_tag","embeddable":true,"href":"https:\/\/www.estrategiaconcursos.com.br\/blog\/wp-json\/wp\/v2\/tags?post=1241300"},{"taxonomy":"tax_estado","embeddable":true,"href":"https:\/\/www.estrategiaconcursos.com.br\/blog\/wp-json\/wp\/v2\/tax_estado?post=1241300"}],"curies":[{"name":"wp","href":"https:\/\/api.w.org\/{rel}","templated":true}]}}