{"id":1241203,"date":"2023-06-29T15:55:43","date_gmt":"2023-06-29T18:55:43","guid":{"rendered":"https:\/\/www.estrategiaconcursos.com.br\/blog\/?p=1241203"},"modified":"2023-06-30T11:13:51","modified_gmt":"2023-06-30T14:13:51","slug":"concurso-trf5-edital-segundo-semestre","status":"publish","type":"post","link":"https:\/\/www.estrategiaconcursos.com.br\/blog\/concurso-trf5-edital-segundo-semestre\/","title":{"rendered":"Concurso TRF5: edital para T.I. deve sair no 2\u00ba semestre"},"content":{"rendered":"\n<p>O\u00a0edital do concurso TRF5 (<strong><a href=\"https:\/\/www.estrategiaconcursos.com.br\/cursosPorConcurso\/trf-5-regiao\/\" target=\"_blank\" rel=\"noreferrer noopener\">Tribunal Regional Federal da 5\u00aa Regi\u00e3o<\/a><\/strong>), deve ser publicado no 2\u00ba semestre com a oferta de vagas destinadas ao cargo de T\u00e9cnico Judici\u00e1rio \u2013 \u00c1rea Apoio Especializado \u2013 Especialidade Inform\u00e1tica!<\/p>\n\n\n\n<p>Segundo as informa\u00e7\u00f5es foram repassadas \u00e0 equipe de jornalismo do Estrat\u00e9gia Concursos no dia 29 de junho, o Tribunal est\u00e1 em fase de escolha da banca organizadora. Veja:<\/p>\n\n\n\n<h2 class=\"wp-block-heading\">Quando ser\u00e1 publicado o edital do concurso TRF5?<\/h2>\n\n\n\n<figure class=\"wp-block-image size-large\"><img loading=\"lazy\" decoding=\"async\" width=\"1024\" height=\"267\" src=\"https:\/\/dhg1h5j42swfq.cloudfront.net\/2023\/06\/29154204\/image-3-1-1024x267.png\" alt=\"\" class=\"wp-image-1241207\" srcset=\"https:\/\/dhg1h5j42swfq.cloudfront.net\/2023\/06\/29154204\/image-3-1-1024x267.png 1024w, https:\/\/dhg1h5j42swfq.cloudfront.net\/2023\/06\/29154204\/image-3-1-300x78.png 300w, https:\/\/dhg1h5j42swfq.cloudfront.net\/2023\/06\/29154204\/image-3-1-768x200.png 768w, https:\/\/dhg1h5j42swfq.cloudfront.net\/2023\/06\/29154204\/image-3-1-1536x401.png 1536w, https:\/\/dhg1h5j42swfq.cloudfront.net\/2023\/06\/29154204\/image-3-1-610x159.png 610w, https:\/\/dhg1h5j42swfq.cloudfront.net\/2023\/06\/29154204\/image-3-1-150x39.png 150w, https:\/\/dhg1h5j42swfq.cloudfront.net\/2023\/06\/29154204\/image-3-1.png 1855w\" sizes=\"auto, (max-width: 1024px) 100vw, 1024px\" \/><\/figure>\n\n\n\n<p>O TRF5 tem jurisdi\u00e7\u00e3o nos Estados de Alagoas, Cear\u00e1, Para\u00edba, Pernambuco, Rio Grande do Norte e Sergipe.<\/p>\n\n\n\n<p>vale lembrar que o Conselho da Justi\u00e7a Federal j\u00e1 autorizou, para o exerc\u00edcio de 2023, o provimento de outros 61 cargos em toda a 5\u00aa Regi\u00e3o.<\/p>\n\n\n\n<h2 class=\"wp-block-heading\">Concurso TRF5: Sal\u00e1rios e benef\u00edcios <\/h2>\n\n\n\n<p>De acordo com a edi\u00e7\u00e3o do dia 10 de janeiro de 2023 do Di\u00e1rio Oficial da Uni\u00e3o, fica alterada a Lei n\u00ba 11.416, de 15 de dezembro de 2006, para reajustar a remunera\u00e7\u00e3o das carreiras dos servidores dos quadros de pessoal do Poder Judici\u00e1rio da Uni\u00e3o.<\/p>\n\n\n\n<p>Conforme a publica\u00e7\u00e3o, \u201cos valores constantes dos Anexos II, III e VIII da Lei n\u00ba 11.416, de 15 de dezembro de 2006, e as demais parcelas remunerat\u00f3rias devidas \u00e0s carreiras dos servidores dos quadros de pessoal do Poder Judici\u00e1rio da Uni\u00e3o ser\u00e3o reajustados em parcelas sucessivas e cumulativas, da seguinte forma:<\/p>\n\n\n\n<p>I \u2013 6% , a partir de 1\u00ba de fevereiro de 2023;<\/p>\n\n\n\n<p>II \u2013 6% , a partir de 1\u00ba de fevereiro de 2024;<\/p>\n\n\n\n<p>III \u2013 6,13% , a partir de 1\u00ba de fevereiro de 2025.<\/p>\n\n\n\n<p>Vale lembrar que os sal\u00e1rios dos servidores dos Tribunais s\u00e3o compostos pelo vencimento b\u00e1sico + GAJ (Gratifica\u00e7\u00e3o de Atividade Judici\u00e1ria), al\u00e9m de outras gratifica\u00e7\u00f5es, como o GAE (Gratifica\u00e7\u00e3o de Atividade Externa) e GAS (Gratifica\u00e7\u00e3o de Atividade de Seguran\u00e7a), quando aplic\u00e1vel.<\/p>\n\n\n\n<p>Com a mudan\u00e7a, a estrutura remunerat\u00f3ria apresentada passa a ter os seguintes sal\u00e1rios iniciais para as carreias de&nbsp;<strong>T\u00e9cnico<\/strong>&nbsp;e&nbsp;<strong>Analista<\/strong>:<\/p>\n\n\n\n<ul class=\"wp-block-list\">\n<li><strong>Analista Judici\u00e1rio<\/strong>&nbsp;(Vencimento b\u00e1sico + GAJ)\n<ul class=\"wp-block-list\">\n<li>2023\n<ul class=\"wp-block-list\">\n<li><em>Inicial:<\/em>&nbsp;R$ 13.202,62&nbsp;<\/li>\n\n\n\n<li><em>Final:<\/em>&nbsp;R$ 19.823,62<\/li>\n<\/ul>\n<\/li>\n\n\n\n<li>2024\n<ul class=\"wp-block-list\">\n<li><em>Inicial:<\/em>&nbsp;R$ 13.994,78&nbsp;<\/li>\n\n\n\n<li><em>Final:<\/em>&nbsp;R$ 21.013,03<\/li>\n<\/ul>\n<\/li>\n\n\n\n<li>2025\n<ul class=\"wp-block-list\">\n<li><em>Inicial:<\/em>&nbsp;R$ 14.852,66<\/li>\n\n\n\n<li><em>Final:<\/em>&nbsp;R$ 22.301,14<\/li>\n<\/ul>\n<\/li>\n<\/ul>\n<\/li>\n\n\n\n<li><strong>T\u00e9cnico Judici\u00e1rio<\/strong>&nbsp;(Vencimento b\u00e1sico + GAJ)\n<ul class=\"wp-block-list\">\n<li>2023\n<ul class=\"wp-block-list\">\n<li><em>Inicial:<\/em>&nbsp;R$ 8.046,84<\/li>\n\n\n\n<li><em>Final:<\/em>&nbsp;R$&nbsp;12.082,30<\/li>\n<\/ul>\n<\/li>\n\n\n\n<li>2024\n<ul class=\"wp-block-list\">\n<li><em>Inicial:<\/em>&nbsp;R$ 8.529,67<\/li>\n\n\n\n<li><em>Final:<\/em>&nbsp;R$ 12.807,24<\/li>\n<\/ul>\n<\/li>\n\n\n\n<li>2025\n<ul class=\"wp-block-list\">\n<li><em>Inicial:<\/em>&nbsp;R$ 9.052,54<\/li>\n\n\n\n<li><em>Final:<\/em>&nbsp;R$ 13.592,33<\/li>\n<\/ul>\n<\/li>\n<\/ul>\n<\/li>\n<\/ul>\n\n\n\n<p>Ressalta-se ainda que a partir de janeiro de 2023, os Tribunais ainda pagar\u00e3o&nbsp;<strong>aux\u00edlio pr\u00e9-escolar<\/strong>&nbsp;no valor de&nbsp;<strong>R$ 951,84<\/strong>, e&nbsp;<strong>aux\u00edlio alimenta\u00e7\u00e3o<\/strong>&nbsp;no valor de&nbsp;<strong>R$ 1.203,76<\/strong>. <\/p>\n\n\n\n<h2 class=\"wp-block-heading has-text-align-center has-cyan-bluish-gray-background-color has-background has-medium-font-size\">Saiba mais: <a href=\"https:\/\/www.estrategiaconcursos.com.br\/blog\/concurso-trf5\/\" target=\"_blank\" rel=\"noreferrer noopener\">concurso TRF5<\/a><\/h2>\n\n\n\n<h2 class=\"wp-block-heading has-text-align-center\" id=\"h-quer-saber-tudo-sobre-concursos-previstos-confira-nossos-artigos\">Quer saber tudo sobre concursos previstos?<br \/>Confira nossos artigos!<\/h2>\n\n\n\n<ul class=\"wp-block-list\">\n<li><a href=\"https:\/\/www.estrategiaconcursos.com.br\/blog\/concursos-abertos\/\" target=\"_blank\" rel=\"noreferrer noopener\">Concursos abertos<\/a><\/li>\n\n\n\n<li><a href=\"https:\/\/www.estrategiaconcursos.com.br\/blog\/concursos-2023\/\" target=\"_blank\" rel=\"noreferrer noopener\">Concursos 2023<\/a><\/li>\n<\/ul>\n\n\n\n<h2 class=\"wp-block-heading has-text-align-center\" id=\"curso\">Que estudar para o concurso TRF5 que est\u00e1 com comiss\u00e3o formada para contrata\u00e7\u00e3o da banca? <\/h2>\n\n\n\n<div class=\"container\" id=\"boxes\">\n  <div class=\"row\">\n\n    <div class=\"col-sm\">\n      <div class=\"banner-tribunal\" id=\"box-assinatura\">\n        <h3 class=\"titulo-assinatura\">Curso TRF5<\/h3>\n        <p class=\"subtitulo-assinatura\">Conhe\u00e7a os cursos<\/p>\n        <div class=\"box-botao\">\n          <a class=\"btn-assinatura\" target=\"_blank\" href=\"https:\/\/www.estrategiaconcursos.com.br\/cursosPorConcurso\/trf-5-regiao\/\" role=\"button\" rel=\"noopener noreferrer\">Conhe\u00e7a mais<\/a>\n        <\/div>\n      <\/div>\n      <p class=\"texto-auxiliar\">Prepare-se com o melhor material e com quem mais aprova em Concursos P\u00fablicos em todo o pa\u00eds.<\/p>\n    <\/div>\n\n  <\/div>\n<\/div>\n\n\n\n<div class=\"container\" id=\"boxes\">\n  <div class=\"row\">\n    <div class=\"col-sm\">\n      <div class=\"estrategia\" id=\"box-assinatura\">\n        <h3 class=\"titulo-assinatura\">Assinatura Concursos<\/h3>\n        <p class=\"subtitulo-assinatura\">Assinatura de 1 ano ou 2 anos*<\/p>\n        <div class=\"box-botao\">\n          <a class=\"btn-assinatura\" target=\"_blank\" href=\"https:\/\/www.estrategiaconcursos.com.br\/assinaturas\/\" role=\"button\" rel=\"noopener noreferrer\">ASSINE AGORA<\/a>\n        <\/div>\n      <\/div>\n      <p class=\"texto-auxiliar\"><\/p>\n    <\/div>\n    <div class=\"col-sm\">\n      <div class=\"questoes\" id=\"box-assinatura\">\n        <h3 class=\"titulo-assinatura\">Sistema de Quest\u00f5es<\/h3>\n        <p class=\"subtitulo-assinatura\">Assinatura de 1 ano ou 2 anos\n<\/p>\n        <div class=\"box-botao\">\n          <a class=\"btn-assinatura\" target=\"_blank\" href=\"https:\/\/www.estrategiaconcursos.com.br\/cursosPorConcurso\/sistema-de-questoes\/#\/\" role=\"button\" rel=\"noopener noreferrer\">ASSINE AGORA<\/a>\n        <\/div>\n      <\/div>\n      <p class=\"texto-auxiliar\"><\/p>\n    <\/div>\n  <\/div>\n<\/div>\n","protected":false},"excerpt":{"rendered":"<p>O\u00a0edital do concurso TRF5 (Tribunal Regional Federal da 5\u00aa Regi\u00e3o), deve ser publicado no 2\u00ba semestre com a oferta de vagas destinadas ao cargo de T\u00e9cnico Judici\u00e1rio \u2013 \u00c1rea Apoio Especializado \u2013 Especialidade Inform\u00e1tica! Segundo as informa\u00e7\u00f5es foram repassadas \u00e0 equipe de jornalismo do Estrat\u00e9gia Concursos no dia 29 de junho, o Tribunal est\u00e1 em [&hellip;]<\/p>\n","protected":false},"author":2375,"featured_media":84933,"comment_status":"open","ping_status":"closed","sticky":false,"template":"","format":"standard","meta":{"post_tipo":"news","footnotes":""},"categories":[1984,220219],"tags":[],"tax_estado":[219965,219969,219978,219979,219983,219988],"class_list":["post-1241203","post","type-post","status-publish","format-standard","has-post-thumbnail","hentry","category-tribunais","category-noticias","tax_estado-al","tax_estado-ce","tax_estado-pb","tax_estado-pe","tax_estado-rn","tax_estado-se"],"acf":[],"yoast_head":"<!-- This site is optimized with the Yoast SEO Premium plugin v27.2 (Yoast SEO v27.2) - https:\/\/yoast.com\/product\/yoast-seo-premium-wordpress\/ -->\n<title>Concurso TRF5: edital para T.I. deve sair no 2\u00ba semestre<\/title>\n<meta name=\"description\" content=\"Concurso TRF5: o edital do Tribunal Regional Federal da 5\u00aa Regi\u00e3o), em Pernambuco, est\u00e1 previsto para o pr\u00f3ximo semestre. Veja!\" \/>\n<meta name=\"robots\" content=\"index, follow, max-snippet:-1, max-image-preview:large, max-video-preview:-1\" \/>\n<link rel=\"canonical\" href=\"https:\/\/www.estrategiaconcursos.com.br\/blog\/concurso-trf5-edital-segundo-semestre\/\" \/>\n<meta property=\"og:locale\" content=\"pt_BR\" \/>\n<meta property=\"og:type\" content=\"article\" \/>\n<meta property=\"og:title\" content=\"Concurso TRF5: edital para T.I. deve sair no 2\u00ba semestre\" \/>\n<meta property=\"og:description\" content=\"Concurso TRF5: o edital do Tribunal Regional Federal da 5\u00aa Regi\u00e3o), em Pernambuco, est\u00e1 previsto para o pr\u00f3ximo semestre. Veja!\" \/>\n<meta property=\"og:url\" content=\"https:\/\/www.estrategiaconcursos.com.br\/blog\/concurso-trf5-edital-segundo-semestre\/\" \/>\n<meta property=\"og:site_name\" content=\"Estrat\u00e9gia Concursos\" \/>\n<meta property=\"article:published_time\" content=\"2023-06-29T18:55:43+00:00\" \/>\n<meta property=\"article:modified_time\" content=\"2023-06-30T14:13:51+00:00\" \/>\n<meta property=\"og:image\" content=\"https:\/\/dhg1h5j42swfq.cloudfront.net\/2017\/08\/11155356\/TRF56-e1502477648438.jpg\" \/>\n\t<meta property=\"og:image:width\" content=\"400\" \/>\n\t<meta property=\"og:image:height\" content=\"209\" \/>\n\t<meta property=\"og:image:type\" content=\"image\/jpeg\" \/>\n<meta name=\"author\" content=\"Priscila Almeida\" \/>\n<meta name=\"twitter:card\" content=\"summary_large_image\" \/>\n<meta name=\"twitter:creator\" content=\"@EstratConcursos\" \/>\n<meta name=\"twitter:site\" content=\"@EstratConcursos\" \/>\n<meta name=\"twitter:label1\" content=\"Escrito por\" \/>\n\t<meta name=\"twitter:data1\" content=\"Priscila Almeida\" \/>\n\t<meta name=\"twitter:label2\" content=\"Est. tempo de leitura\" \/>\n\t<meta name=\"twitter:data2\" content=\"2 minutos\" \/>\n<script type=\"application\/ld+json\" class=\"yoast-schema-graph\">{\"@context\":\"https:\/\/schema.org\",\"@graph\":[{\"@type\":\"NewsArticle\",\"@id\":\"https:\/\/www.estrategiaconcursos.com.br\/blog\/concurso-trf5-edital-segundo-semestre\/#article\",\"isPartOf\":{\"@id\":\"https:\/\/www.estrategiaconcursos.com.br\/blog\/concurso-trf5-edital-segundo-semestre\/\"},\"author\":{\"name\":\"Priscila Almeida\",\"@id\":\"https:\/\/www.estrategiaconcursos.com.br\/blog\/#\/schema\/person\/a06e841e501f2e1d8c49c4e8f066bfd1\"},\"headline\":\"Concurso TRF5: edital para T.I. deve sair no 2\u00ba semestre\",\"datePublished\":\"2023-06-29T18:55:43+00:00\",\"dateModified\":\"2023-06-30T14:13:51+00:00\",\"mainEntityOfPage\":{\"@id\":\"https:\/\/www.estrategiaconcursos.com.br\/blog\/concurso-trf5-edital-segundo-semestre\/\"},\"wordCount\":505,\"commentCount\":0,\"publisher\":{\"@id\":\"https:\/\/www.estrategiaconcursos.com.br\/blog\/#organization\"},\"image\":{\"@id\":\"https:\/\/www.estrategiaconcursos.com.br\/blog\/concurso-trf5-edital-segundo-semestre\/#primaryimage\"},\"thumbnailUrl\":\"https:\/\/dhg1h5j42swfq.cloudfront.net\/2017\/08\/11155356\/TRF56-e1502477648438.jpg\",\"articleSection\":[\"Tribunais\",\"\u00daltimas not\u00edcias\"],\"inLanguage\":\"pt-BR\",\"potentialAction\":[{\"@type\":\"CommentAction\",\"name\":\"Comment\",\"target\":[\"https:\/\/www.estrategiaconcursos.com.br\/blog\/concurso-trf5-edital-segundo-semestre\/#respond\"]}],\"copyrightYear\":\"2023\",\"copyrightHolder\":{\"@id\":\"https:\/\/www.estrategiaconcursos.com.br\/blog\/#organization\"}},{\"@type\":\"WebPage\",\"@id\":\"https:\/\/www.estrategiaconcursos.com.br\/blog\/concurso-trf5-edital-segundo-semestre\/\",\"url\":\"https:\/\/www.estrategiaconcursos.com.br\/blog\/concurso-trf5-edital-segundo-semestre\/\",\"name\":\"Concurso TRF5: edital para T.I. deve sair no 2\u00ba semestre\",\"isPartOf\":{\"@id\":\"https:\/\/www.estrategiaconcursos.com.br\/blog\/#website\"},\"primaryImageOfPage\":{\"@id\":\"https:\/\/www.estrategiaconcursos.com.br\/blog\/concurso-trf5-edital-segundo-semestre\/#primaryimage\"},\"image\":{\"@id\":\"https:\/\/www.estrategiaconcursos.com.br\/blog\/concurso-trf5-edital-segundo-semestre\/#primaryimage\"},\"thumbnailUrl\":\"https:\/\/dhg1h5j42swfq.cloudfront.net\/2017\/08\/11155356\/TRF56-e1502477648438.jpg\",\"datePublished\":\"2023-06-29T18:55:43+00:00\",\"dateModified\":\"2023-06-30T14:13:51+00:00\",\"description\":\"Concurso TRF5: o edital do Tribunal Regional Federal da 5\u00aa Regi\u00e3o), em Pernambuco, est\u00e1 previsto para o pr\u00f3ximo semestre. Veja!\",\"breadcrumb\":{\"@id\":\"https:\/\/www.estrategiaconcursos.com.br\/blog\/concurso-trf5-edital-segundo-semestre\/#breadcrumb\"},\"inLanguage\":\"pt-BR\",\"potentialAction\":[{\"@type\":\"ReadAction\",\"target\":[\"https:\/\/www.estrategiaconcursos.com.br\/blog\/concurso-trf5-edital-segundo-semestre\/\"]}]},{\"@type\":\"ImageObject\",\"inLanguage\":\"pt-BR\",\"@id\":\"https:\/\/www.estrategiaconcursos.com.br\/blog\/concurso-trf5-edital-segundo-semestre\/#primaryimage\",\"url\":\"https:\/\/dhg1h5j42swfq.cloudfront.net\/2017\/08\/11155356\/TRF56-e1502477648438.jpg\",\"contentUrl\":\"https:\/\/dhg1h5j42swfq.cloudfront.net\/2017\/08\/11155356\/TRF56-e1502477648438.jpg\",\"width\":400,\"height\":209,\"caption\":\"concurso trf 5\"},{\"@type\":\"BreadcrumbList\",\"@id\":\"https:\/\/www.estrategiaconcursos.com.br\/blog\/concurso-trf5-edital-segundo-semestre\/#breadcrumb\",\"itemListElement\":[{\"@type\":\"ListItem\",\"position\":1,\"name\":\"In\u00edcio\",\"item\":\"https:\/\/www.estrategiaconcursos.com.br\/blog\/\"},{\"@type\":\"ListItem\",\"position\":2,\"name\":\"Concurso TRF5: edital para T.I. deve sair no 2\u00ba semestre\"}]},{\"@type\":\"WebSite\",\"@id\":\"https:\/\/www.estrategiaconcursos.com.br\/blog\/#website\",\"url\":\"https:\/\/www.estrategiaconcursos.com.br\/blog\/\",\"name\":\"Estrat\u00e9gia Concursos\",\"description\":\"O blog da Estrat\u00e9gia Concursos traz not\u00edcias sobre concursos e artigos de professores oferecendo cursos para concursos (pdf + videaulas) no site.\",\"publisher\":{\"@id\":\"https:\/\/www.estrategiaconcursos.com.br\/blog\/#organization\"},\"potentialAction\":[{\"@type\":\"SearchAction\",\"target\":{\"@type\":\"EntryPoint\",\"urlTemplate\":\"https:\/\/www.estrategiaconcursos.com.br\/blog\/?s={search_term_string}\"},\"query-input\":{\"@type\":\"PropertyValueSpecification\",\"valueRequired\":true,\"valueName\":\"search_term_string\"}}],\"inLanguage\":\"pt-BR\"},{\"@type\":\"Organization\",\"@id\":\"https:\/\/www.estrategiaconcursos.com.br\/blog\/#organization\",\"name\":\"Estrat\u00e9gia Concursos\",\"url\":\"https:\/\/www.estrategiaconcursos.com.br\/blog\/\",\"logo\":{\"@type\":\"ImageObject\",\"inLanguage\":\"pt-BR\",\"@id\":\"https:\/\/www.estrategiaconcursos.com.br\/blog\/#\/schema\/logo\/image\/\",\"url\":\"https:\/\/dhg1h5j42swfq.cloudfront.net\/2025\/06\/03203428\/logo_concursos-1.jpg\",\"contentUrl\":\"https:\/\/dhg1h5j42swfq.cloudfront.net\/2025\/06\/03203428\/logo_concursos-1.jpg\",\"width\":230,\"height\":60,\"caption\":\"Estrat\u00e9gia Concursos\"},\"image\":{\"@id\":\"https:\/\/www.estrategiaconcursos.com.br\/blog\/#\/schema\/logo\/image\/\"},\"sameAs\":[\"https:\/\/x.com\/EstratConcursos\"]},{\"@type\":\"Person\",\"@id\":\"https:\/\/www.estrategiaconcursos.com.br\/blog\/#\/schema\/person\/a06e841e501f2e1d8c49c4e8f066bfd1\",\"name\":\"Priscila Almeida\",\"image\":{\"@type\":\"ImageObject\",\"inLanguage\":\"pt-BR\",\"@id\":\"https:\/\/secure.gravatar.com\/avatar\/0a963c9e2a947fa675b669cea2b5d0ba6dd1cbf46b966190343b6c9973ad3337?s=96&d=mm&r=g\",\"url\":\"https:\/\/secure.gravatar.com\/avatar\/0a963c9e2a947fa675b669cea2b5d0ba6dd1cbf46b966190343b6c9973ad3337?s=96&d=mm&r=g\",\"contentUrl\":\"https:\/\/secure.gravatar.com\/avatar\/0a963c9e2a947fa675b669cea2b5d0ba6dd1cbf46b966190343b6c9973ad3337?s=96&d=mm&r=g\",\"caption\":\"Priscila Almeida\"},\"description\":\"Atua na \u00e1rea de concursos p\u00fablicos desde 2019. As editorias que mais t\u00eam familiaridade s\u00e3o: Tribunais (TJs; TRTs; TREs; TSTs; STJ, STF, STM e TSE); Defensorias; Minist\u00e9rios P\u00fablicos; Procuradorias; Educa\u00e7\u00e3o e Conselhos. Na \u00e1rea de comunica\u00e7\u00e3o, de maneira geral, a caminhada \u00e9 um pouco mais longa - desde 2007. Possui experi\u00eancia em reda\u00e7\u00f5es de r\u00e1dio, TV, Web e impresso, al\u00e9m de desenvolver trabalhos em assessorias de comunica\u00e7\u00e3o institucional, empresarial e p\u00fablicas. Entre outros trabalhos, se destacam a atua\u00e7\u00e3o nas \u00e1reas de Justi\u00e7a, Congresso, Esportes, Sa\u00fade, Agropecu\u00e1ria, Cidades e Avia\u00e7\u00e3o Civil.\",\"url\":\"https:\/\/www.estrategiaconcursos.com.br\/blog\/author\/priscila-almeidaestrategia-com\/\"}]}<\/script>\n<!-- \/ Yoast SEO Premium plugin. -->","yoast_head_json":{"title":"Concurso TRF5: edital para T.I. deve sair no 2\u00ba semestre","description":"Concurso TRF5: o edital do Tribunal Regional Federal da 5\u00aa Regi\u00e3o), em Pernambuco, est\u00e1 previsto para o pr\u00f3ximo semestre. Veja!","robots":{"index":"index","follow":"follow","max-snippet":"max-snippet:-1","max-image-preview":"max-image-preview:large","max-video-preview":"max-video-preview:-1"},"canonical":"https:\/\/www.estrategiaconcursos.com.br\/blog\/concurso-trf5-edital-segundo-semestre\/","og_locale":"pt_BR","og_type":"article","og_title":"Concurso TRF5: edital para T.I. deve sair no 2\u00ba semestre","og_description":"Concurso TRF5: o edital do Tribunal Regional Federal da 5\u00aa Regi\u00e3o), em Pernambuco, est\u00e1 previsto para o pr\u00f3ximo semestre. Veja!","og_url":"https:\/\/www.estrategiaconcursos.com.br\/blog\/concurso-trf5-edital-segundo-semestre\/","og_site_name":"Estrat\u00e9gia Concursos","article_published_time":"2023-06-29T18:55:43+00:00","article_modified_time":"2023-06-30T14:13:51+00:00","og_image":[{"width":400,"height":209,"url":"https:\/\/dhg1h5j42swfq.cloudfront.net\/2017\/08\/11155356\/TRF56-e1502477648438.jpg","type":"image\/jpeg"}],"author":"Priscila Almeida","twitter_card":"summary_large_image","twitter_creator":"@EstratConcursos","twitter_site":"@EstratConcursos","twitter_misc":{"Escrito por":"Priscila Almeida","Est. tempo de leitura":"2 minutos"},"schema":{"@context":"https:\/\/schema.org","@graph":[{"@type":"NewsArticle","@id":"https:\/\/www.estrategiaconcursos.com.br\/blog\/concurso-trf5-edital-segundo-semestre\/#article","isPartOf":{"@id":"https:\/\/www.estrategiaconcursos.com.br\/blog\/concurso-trf5-edital-segundo-semestre\/"},"author":{"name":"Priscila Almeida","@id":"https:\/\/www.estrategiaconcursos.com.br\/blog\/#\/schema\/person\/a06e841e501f2e1d8c49c4e8f066bfd1"},"headline":"Concurso TRF5: edital para T.I. deve sair no 2\u00ba semestre","datePublished":"2023-06-29T18:55:43+00:00","dateModified":"2023-06-30T14:13:51+00:00","mainEntityOfPage":{"@id":"https:\/\/www.estrategiaconcursos.com.br\/blog\/concurso-trf5-edital-segundo-semestre\/"},"wordCount":505,"commentCount":0,"publisher":{"@id":"https:\/\/www.estrategiaconcursos.com.br\/blog\/#organization"},"image":{"@id":"https:\/\/www.estrategiaconcursos.com.br\/blog\/concurso-trf5-edital-segundo-semestre\/#primaryimage"},"thumbnailUrl":"https:\/\/dhg1h5j42swfq.cloudfront.net\/2017\/08\/11155356\/TRF56-e1502477648438.jpg","articleSection":["Tribunais","\u00daltimas not\u00edcias"],"inLanguage":"pt-BR","potentialAction":[{"@type":"CommentAction","name":"Comment","target":["https:\/\/www.estrategiaconcursos.com.br\/blog\/concurso-trf5-edital-segundo-semestre\/#respond"]}],"copyrightYear":"2023","copyrightHolder":{"@id":"https:\/\/www.estrategiaconcursos.com.br\/blog\/#organization"}},{"@type":"WebPage","@id":"https:\/\/www.estrategiaconcursos.com.br\/blog\/concurso-trf5-edital-segundo-semestre\/","url":"https:\/\/www.estrategiaconcursos.com.br\/blog\/concurso-trf5-edital-segundo-semestre\/","name":"Concurso TRF5: edital para T.I. deve sair no 2\u00ba semestre","isPartOf":{"@id":"https:\/\/www.estrategiaconcursos.com.br\/blog\/#website"},"primaryImageOfPage":{"@id":"https:\/\/www.estrategiaconcursos.com.br\/blog\/concurso-trf5-edital-segundo-semestre\/#primaryimage"},"image":{"@id":"https:\/\/www.estrategiaconcursos.com.br\/blog\/concurso-trf5-edital-segundo-semestre\/#primaryimage"},"thumbnailUrl":"https:\/\/dhg1h5j42swfq.cloudfront.net\/2017\/08\/11155356\/TRF56-e1502477648438.jpg","datePublished":"2023-06-29T18:55:43+00:00","dateModified":"2023-06-30T14:13:51+00:00","description":"Concurso TRF5: o edital do Tribunal Regional Federal da 5\u00aa Regi\u00e3o), em Pernambuco, est\u00e1 previsto para o pr\u00f3ximo semestre. Veja!","breadcrumb":{"@id":"https:\/\/www.estrategiaconcursos.com.br\/blog\/concurso-trf5-edital-segundo-semestre\/#breadcrumb"},"inLanguage":"pt-BR","potentialAction":[{"@type":"ReadAction","target":["https:\/\/www.estrategiaconcursos.com.br\/blog\/concurso-trf5-edital-segundo-semestre\/"]}]},{"@type":"ImageObject","inLanguage":"pt-BR","@id":"https:\/\/www.estrategiaconcursos.com.br\/blog\/concurso-trf5-edital-segundo-semestre\/#primaryimage","url":"https:\/\/dhg1h5j42swfq.cloudfront.net\/2017\/08\/11155356\/TRF56-e1502477648438.jpg","contentUrl":"https:\/\/dhg1h5j42swfq.cloudfront.net\/2017\/08\/11155356\/TRF56-e1502477648438.jpg","width":400,"height":209,"caption":"concurso trf 5"},{"@type":"BreadcrumbList","@id":"https:\/\/www.estrategiaconcursos.com.br\/blog\/concurso-trf5-edital-segundo-semestre\/#breadcrumb","itemListElement":[{"@type":"ListItem","position":1,"name":"In\u00edcio","item":"https:\/\/www.estrategiaconcursos.com.br\/blog\/"},{"@type":"ListItem","position":2,"name":"Concurso TRF5: edital para T.I. deve sair no 2\u00ba semestre"}]},{"@type":"WebSite","@id":"https:\/\/www.estrategiaconcursos.com.br\/blog\/#website","url":"https:\/\/www.estrategiaconcursos.com.br\/blog\/","name":"Estrat\u00e9gia Concursos","description":"O blog da Estrat\u00e9gia Concursos traz not\u00edcias sobre concursos e artigos de professores oferecendo cursos para concursos (pdf + videaulas) no site.","publisher":{"@id":"https:\/\/www.estrategiaconcursos.com.br\/blog\/#organization"},"potentialAction":[{"@type":"SearchAction","target":{"@type":"EntryPoint","urlTemplate":"https:\/\/www.estrategiaconcursos.com.br\/blog\/?s={search_term_string}"},"query-input":{"@type":"PropertyValueSpecification","valueRequired":true,"valueName":"search_term_string"}}],"inLanguage":"pt-BR"},{"@type":"Organization","@id":"https:\/\/www.estrategiaconcursos.com.br\/blog\/#organization","name":"Estrat\u00e9gia Concursos","url":"https:\/\/www.estrategiaconcursos.com.br\/blog\/","logo":{"@type":"ImageObject","inLanguage":"pt-BR","@id":"https:\/\/www.estrategiaconcursos.com.br\/blog\/#\/schema\/logo\/image\/","url":"https:\/\/dhg1h5j42swfq.cloudfront.net\/2025\/06\/03203428\/logo_concursos-1.jpg","contentUrl":"https:\/\/dhg1h5j42swfq.cloudfront.net\/2025\/06\/03203428\/logo_concursos-1.jpg","width":230,"height":60,"caption":"Estrat\u00e9gia Concursos"},"image":{"@id":"https:\/\/www.estrategiaconcursos.com.br\/blog\/#\/schema\/logo\/image\/"},"sameAs":["https:\/\/x.com\/EstratConcursos"]},{"@type":"Person","@id":"https:\/\/www.estrategiaconcursos.com.br\/blog\/#\/schema\/person\/a06e841e501f2e1d8c49c4e8f066bfd1","name":"Priscila Almeida","image":{"@type":"ImageObject","inLanguage":"pt-BR","@id":"https:\/\/secure.gravatar.com\/avatar\/0a963c9e2a947fa675b669cea2b5d0ba6dd1cbf46b966190343b6c9973ad3337?s=96&d=mm&r=g","url":"https:\/\/secure.gravatar.com\/avatar\/0a963c9e2a947fa675b669cea2b5d0ba6dd1cbf46b966190343b6c9973ad3337?s=96&d=mm&r=g","contentUrl":"https:\/\/secure.gravatar.com\/avatar\/0a963c9e2a947fa675b669cea2b5d0ba6dd1cbf46b966190343b6c9973ad3337?s=96&d=mm&r=g","caption":"Priscila Almeida"},"description":"Atua na \u00e1rea de concursos p\u00fablicos desde 2019. As editorias que mais t\u00eam familiaridade s\u00e3o: Tribunais (TJs; TRTs; TREs; TSTs; STJ, STF, STM e TSE); Defensorias; Minist\u00e9rios P\u00fablicos; Procuradorias; Educa\u00e7\u00e3o e Conselhos. Na \u00e1rea de comunica\u00e7\u00e3o, de maneira geral, a caminhada \u00e9 um pouco mais longa - desde 2007. Possui experi\u00eancia em reda\u00e7\u00f5es de r\u00e1dio, TV, Web e impresso, al\u00e9m de desenvolver trabalhos em assessorias de comunica\u00e7\u00e3o institucional, empresarial e p\u00fablicas. Entre outros trabalhos, se destacam a atua\u00e7\u00e3o nas \u00e1reas de Justi\u00e7a, Congresso, Esportes, Sa\u00fade, Agropecu\u00e1ria, Cidades e Avia\u00e7\u00e3o Civil.","url":"https:\/\/www.estrategiaconcursos.com.br\/blog\/author\/priscila-almeidaestrategia-com\/"}]}},"_links":{"self":[{"href":"https:\/\/www.estrategiaconcursos.com.br\/blog\/wp-json\/wp\/v2\/posts\/1241203","targetHints":{"allow":["GET"]}}],"collection":[{"href":"https:\/\/www.estrategiaconcursos.com.br\/blog\/wp-json\/wp\/v2\/posts"}],"about":[{"href":"https:\/\/www.estrategiaconcursos.com.br\/blog\/wp-json\/wp\/v2\/types\/post"}],"author":[{"embeddable":true,"href":"https:\/\/www.estrategiaconcursos.com.br\/blog\/wp-json\/wp\/v2\/users\/2375"}],"replies":[{"embeddable":true,"href":"https:\/\/www.estrategiaconcursos.com.br\/blog\/wp-json\/wp\/v2\/comments?post=1241203"}],"version-history":[{"count":5,"href":"https:\/\/www.estrategiaconcursos.com.br\/blog\/wp-json\/wp\/v2\/posts\/1241203\/revisions"}],"predecessor-version":[{"id":1241520,"href":"https:\/\/www.estrategiaconcursos.com.br\/blog\/wp-json\/wp\/v2\/posts\/1241203\/revisions\/1241520"}],"wp:featuredmedia":[{"embeddable":true,"href":"https:\/\/www.estrategiaconcursos.com.br\/blog\/wp-json\/wp\/v2\/media\/84933"}],"wp:attachment":[{"href":"https:\/\/www.estrategiaconcursos.com.br\/blog\/wp-json\/wp\/v2\/media?parent=1241203"}],"wp:term":[{"taxonomy":"category","embeddable":true,"href":"https:\/\/www.estrategiaconcursos.com.br\/blog\/wp-json\/wp\/v2\/categories?post=1241203"},{"taxonomy":"post_tag","embeddable":true,"href":"https:\/\/www.estrategiaconcursos.com.br\/blog\/wp-json\/wp\/v2\/tags?post=1241203"},{"taxonomy":"tax_estado","embeddable":true,"href":"https:\/\/www.estrategiaconcursos.com.br\/blog\/wp-json\/wp\/v2\/tax_estado?post=1241203"}],"curies":[{"name":"wp","href":"https:\/\/api.w.org\/{rel}","templated":true}]}}