{"id":12411,"date":"2013-12-08T17:48:16","date_gmt":"2013-12-08T20:48:16","guid":{"rendered":"https:\/\/www.estrategiaconcursos.com.br\/blog\/?p=12411"},"modified":"2019-06-17T14:22:36","modified_gmt":"2019-06-17T17:22:36","slug":"direito-constitucional-trt-ba-ajaj-oficial-de-justica-prova-comentada","status":"publish","type":"post","link":"https:\/\/www.estrategiaconcursos.com.br\/blog\/direito-constitucional-trt-ba-ajaj-oficial-de-justica-prova-comentada\/","title":{"rendered":"Direito Constitucional &#8211; Concurso TRT BA (AJAJ &#8211; Oficial de Justi\u00e7a) &#8211; Prova Comentada"},"content":{"rendered":"<p>Ol\u00e1. amigos do Estrat\u00e9gia!<\/p>\n<p>Neste artigo, comento a prova de Analista Judici\u00e1rio (\u00c1rea Judici\u00e1ria &#8211; Oficial de Justi\u00e7a), do Concurso TRT BA. N\u00e3o vislumbro nenhuma possibilidade de recurso em rela\u00e7\u00e3o a essas quest\u00f5es.<\/p>\n<p>Grande abra\u00e7o a todos!<\/p>\n<p>Ricardo Vale<\/p>\n<p><b><\/b><strong>1- (FCC \/ Concurso TRT BA \u2013 AJAJ \u2013 2013) No curso de um processo judicial foi determinada a penhora de pequena propriedade rural, tal como definida em lei, para pagamento de d\u00e9bito estranho \u00e0 atividade produtiva desenvolvida no im\u00f3vel. Considerando que a d\u00edvida foi contra\u00edda pelo propriet\u00e1rio do im\u00f3vel penhorado, que a propriedade em quest\u00e3o \u00e9 trabalhada pelo devedor e sua fam\u00edlia e que o devedor possui outros im\u00f3veis, a penhora foi determinada:<\/strong><\/p>\n<p>a) corretamente, uma vez que a propriedade rural, independentemente de sua extens\u00e3o, pode ser penhorada para garantia de quaisquer d\u00e9bitos de seu propriet\u00e1rio.<\/p>\n<p>b) corretamente, uma vez que a pequena propriedade rural n\u00e3o pode ser penhorada, inclusive para pagamento de d\u00e9bito decorrente da sua atividade produtiva, caso n\u00e3o seja o \u00fanico im\u00f3vel do propriet\u00e1rio.<\/p>\n<p>c) incorretamente, uma vez que a pequena propriedade rural n\u00e3o pode ser penhorada em qualquer hip\u00f3tese.<\/p>\n<p>d) corretamente, pois embora a pequena propriedade rural seja trabalhada pela fam\u00edlia, trata-se de penhora para pagamento de d\u00e9bito estranho \u00e0 atividade produtiva do im\u00f3vel.<\/p>\n<p>e) incorretamente, uma vez que a pequena propriedade rural, trabalhada pela fam\u00edlia, n\u00e3o pode ser objeto de penhora para pagamento de qualquer d\u00e9bito.<\/p>\n<p><strong>Coment\u00e1rios<\/strong>:<\/p>\n<p>A Constitui\u00e7\u00e3o Federal disp\u00f5e que a pequena propriedade rural, assim definida em lei, desde que trabalhada pela fam\u00edlia, <strong>n\u00e3o ser\u00e1 objeto de penhora <\/strong>para pagamento de <strong>d\u00e9bitos decorrentes de sua atividade produtiva<\/strong>.<\/p>\n<p>Assim, \u00e9 poss\u00edvel afirmar o seguinte:<\/p>\n<p>a) a pequena propriedade rural trabalhada pela fam\u00edlia <strong>pode ser<\/strong> objeto de penhora para pagamento de <strong>d\u00e9bitos estranhos<\/strong>&nbsp;\u00e0 sua atividade produtiva.<\/p>\n<p>b) a pequena propriedade rural trabalhada pela fam\u00edlia <strong>n\u00e3o pode ser<\/strong> objeto de penhora para pagamento de <strong>d\u00e9bitos decorrentes<\/strong> de sua atividade produtiva.<\/p>\n<p>c) a pequena propriedade rural, <strong>caso n\u00e3o trabalhada pela fam\u00edlia<\/strong>, pode ser penhorada para pagamento de d\u00e9bitos decorrentes e d\u00e9bitos estranhos \u00e0 sua atividade produtiva.<\/p>\n<p>Na situa\u00e7\u00e3o apresentada pelo enunciado, a decis\u00e3o judicial de determinar a penhora da pequena propriedade rural foi correta, uma vez que esta teve como objeto o pagamento de <b>d\u00e9bitos estranhos \u00e0 atividade produtiva<\/b>. A resposta, portanto, \u00e9 a letra D.<\/p>\n<p><strong>2- (FCC \/ Concurso TRT BA \u2013 AJAJ \u2013 2013) O titular de emprego p\u00fablico de m\u00e9dico junto a uma funda\u00e7\u00e3o p\u00fablica estadual pretende, mediante concurso p\u00fablico, ser contratado para o exerc\u00edcio de mais um emprego p\u00fablico de m\u00e9dico junto a uma autarquia p\u00fablica municipal. \u00c0 luz da Constitui\u00e7\u00e3o Federal, o m\u00e9dico:<\/strong><\/p>\n<p>a) poder\u00e1 exercer os dois empregos p\u00fablicos, caso haja compatibilidade de hor\u00e1rios, uma vez que a regra da inacumulatividade de cargos e empregos p\u00fablicos n\u00e3o se aplica para as funda\u00e7\u00f5es e autarquias p\u00fablicas.<\/p>\n<p>b) poder\u00e1 exercer os dois empregos p\u00fablicos, caso haja compatibilidade de hor\u00e1rios, uma vez que \u00e9 vedada a acumula\u00e7\u00e3o de cargos e empregos p\u00fablicos apenas se estiverem vinculados a um mesmo ente federativo.<\/p>\n<p>c) poder\u00e1 exercer os dois empregos p\u00fablicos, caso haja compatibilidade de hor\u00e1rios, visto tratar-se de empregos p\u00fablicos privativos de profissional da sa\u00fade, com profiss\u00f5es regulamentadas.<\/p>\n<p>d) n\u00e3o poder\u00e1 exercer os dois empregos p\u00fablicos, ainda que haja compatibilidade de hor\u00e1rios, uma vez que o exerc\u00edcio do emprego p\u00fablico de m\u00e9dico apenas pode ser cumulado com um cargo ou emprego p\u00fablico de professor.<\/p>\n<p>e) n\u00e3o poder\u00e1 exercer os dois empregos p\u00fablicos, ainda que haja compatibilidade de hor\u00e1rios, uma vez que apenas poderiam ser cumulados um emprego p\u00fablico de m\u00e9dico com um cargo p\u00fablico de m\u00e9dico.<\/p>\n<p><strong>Coment\u00e1rios<\/strong><b>: <\/b><\/p>\n<p>Segundo a Constitui\u00e7\u00e3o Federal, \u00e9 poss\u00edvel a acumula\u00e7\u00e3o de <strong>dois cargos ou empregos p\u00fablicos<\/strong> <strong>privativos de profissionais de sa\u00fade<\/strong>, com profiss\u00f5es regulamentadas. Deve-se observar, como requisito para tanto, que exista <strong>compatibilidade de hor\u00e1rios<\/strong> entre os dois cargos ou empregos. Assim, a resposta \u00e9 a letra C<\/p>\n<p><strong>3- (FCC \/ Concurso TRT BA \u2013 AJAJ \u2013 2013) Lei Federal foi editada para disciplinar os contratos a serem firmados pelo Poder P\u00fablico e administradores de \u00f3rg\u00e3os e entidades da Administra\u00e7\u00e3o direta e indireta, que permitam a amplia\u00e7\u00e3o da autonomia gerencial, or\u00e7ament\u00e1ria e financeira dos \u00f3rg\u00e3os e entidades da Administra\u00e7\u00e3o direta e indireta e que tenham por objeto a fixa\u00e7\u00e3o de metas de desempenho para o \u00f3rg\u00e3o ou entidade. A lei ainda disp\u00f4s sobre: o prazo de dura\u00e7\u00e3o do contrato; os controles e crit\u00e9rios de avalia\u00e7\u00e3o de desempenho, direitos, obriga\u00e7\u00f5es e responsabilidade dos dirigentes; a remunera\u00e7\u00e3o do pessoal. A referida lei \u00e9:<\/strong><\/p>\n<p>a) constitucional, uma vez que h\u00e1 disposi\u00e7\u00e3o autorizando a edi\u00e7\u00e3o de lei para tratar da mat\u00e9ria.<\/p>\n<p>b) inconstitucional, uma vez que \u00e9 vedado o tratamento diferenciado entre \u00f3rg\u00e3os e entidades da Administra\u00e7\u00e3o em raz\u00e3o do atendimento de metas de desempenho.<\/p>\n<p>c) inconstitucional, uma vez que \u00e9 vedada a amplia\u00e7\u00e3o da autonomia gerencial, or\u00e7ament\u00e1ria e financeira dos \u00f3rg\u00e3os e entidades da Administra\u00e7\u00e3o por meio de ato infra legal.<\/p>\n<p>d) inconstitucional, uma vez que a lei deveria ter se restringido \u00e0 Administra\u00e7\u00e3o p\u00fablica indireta.<\/p>\n<p>e) inconstitucional, uma vez que apenas lei complementar poderia dispor sobre a mat\u00e9ria.<\/p>\n<p><strong>Coment\u00e1rios:<\/strong><\/p>\n<p>O enunciado est\u00e1 se referindo ao conhecido \u201c<strong>contrato de gest\u00e3o<\/strong>\u201d, que \u00e9 um instrumento firmado entre o Poder P\u00fablico e os administradores de \u00f3rg\u00e3os e entidades da administra\u00e7\u00e3o direta e indireta.<\/p>\n<p>A Constitui\u00e7\u00e3o Federal trata do tema em seu art.37, \u00a7 8\u00ba, que determina que <strong>cabe \u00e0 lei<\/strong> dispor sobre o prazo de dura\u00e7\u00e3o do contrato; os controles e crit\u00e9rios de avalia\u00e7\u00e3o de desempenho, direitos, obriga\u00e7\u00f5es e responsabilidade dos dirigentes; e a remunera\u00e7\u00e3o do pessoal.<\/p>\n<p>Assim, lei federal que disp\u00f5e sobre o contrato de gest\u00e3o \u00e9 \u201c<em>constitucional, uma vez que h\u00e1 disposi\u00e7\u00e3o autorizando a edi\u00e7\u00e3o de lei para tratar da mat\u00e9ria<\/em>.\u201d (letra A)<\/p>\n<p><strong>4-(FCC \/ Concurso TRT BA \u2013 AJAJ \u2013 2013) Lei Federal, de iniciativa de Deputado Federal e independentemente de proposta de qualquer Tribunal:<\/strong><\/p>\n<p><strong>I. criou novas varas trabalhistas;<\/strong><\/p>\n<p><strong>II. imp\u00f4s o regimento interno dos Tribunais Superiores, a fim de dar tratamento uniforme \u00e0 mat\u00e9ria, disciplinando a compet\u00eancia e o funcionamento de seus \u00f3rg\u00e3os jurisdicionais e administrativos;<\/strong><\/p>\n<p><strong>III. criou tr\u00eas novos Tribunais Regionais do Trabalho.<\/strong><\/p>\n<p><strong>\u00c0 luz das regras constitucionais sobre a mat\u00e9ria, a aludida lei federal \u00e9: <\/strong><\/p>\n<p>a) constitucional em todos os seus aspectos.<\/p>\n<p>b) constitucional apenas no que toca \u00e0 cria\u00e7\u00e3o de varas trabalhistas.<\/p>\n<p>c) inconstitucional em todos os seus aspectos.<\/p>\n<p>d) inconstitucional apenas no que toca \u00e0 disciplina do regimento interno dos Tribunais Superiores.<\/p>\n<p>e) inconstitucional apenas no que toca \u00e0 cria\u00e7\u00e3o de novos Tribunais Regionais do Trabalho.<\/p>\n<p><strong>Coment\u00e1rios:<\/strong><\/p>\n<p>I) Segundo o art. 112, da CF\/88, a lei criar\u00e1 varas da Justi\u00e7a do Trabalho. Essa lei, no entanto, \u00e9 de <strong>iniciativa privativa do Tribunal Superior do Trabalho (TST)<\/strong>, em raz\u00e3o do que disp\u00f5e o art. 96, inciso II, al\u00ednea \u201cd\u201d, da CF\/88.<\/p>\n<p>II) Compete aos <strong>tribunais<\/strong> elaborar seus regimentos internos (art.96, inciso I, al\u00ednea \u201ca\u201d).<\/p>\n<p>III) A cria\u00e7\u00e3o de tribunais inferiores \u00e9 mat\u00e9ria de <strong>iniciativa privativa<\/strong> do STF, Tribunais Superiores e Tribunal de Justi\u00e7a. &nbsp;(art. 96, inciso II, al\u00ednea \u201cc\u201d, da CF\/88).<\/p>\n<p>Assim, pode-se concluir que a lei federal mencionada na quest\u00e3o \u00e9 <strong>inconstitucional quanto a todos os seus aspectos<\/strong>. N\u00e3o cabe a um Deputado Federal, em nenhum dos casos apresentados, ter a iniciativa da referida lei. A resposta, portanto, \u00e9 a letra C.<\/p>\n<p><strong>5 &#8211; (FCC \/ Concurso TRT BA \u2013 AJAJ \u2013 2013) Suponha que tenham sido propostas reclama\u00e7\u00f5es trabalhistas individuais, ajuizadas por empregados p\u00fablicos e por titulares de cargos p\u00fablicos, nas quais requereram o pagamento de descontos sofridos em suas folhas de sal\u00e1rio, efetivados pela Administra\u00e7\u00e3o p\u00fablica sob o argumento de aus\u00eancia dos servidores p\u00fablicos ao trabalho por motivo de greve. Segundo a Constitui\u00e7\u00e3o Federal, as a\u00e7\u00f5es:<\/strong><\/p>\n<p>a) foram corretamente ajuizadas perante a Justi\u00e7a do Trabalho, que tem compet\u00eancia para julg\u00e1-las, visto tratarem a respeito do direito de greve.<\/p>\n<p>b) ajuizadas pelos empregados p\u00fablicos podem ser julgadas pela Justi\u00e7a do Trabalho, mas n\u00e3o as propostas pelos titulares de cargos p\u00fablicos, que sequer podem exercer o direito de greve.<\/p>\n<p>c) foram incorretamente ajuizadas perante a Justi\u00e7a do Trabalho, uma vez que versam apenas sobre a reposi\u00e7\u00e3o de descontos realizados, mat\u00e9ria que n\u00e3o se submete \u00e0 Justi\u00e7a do Trabalho.<\/p>\n<p>d) foram incorretamente ajuizadas perante a Justi\u00e7a do Trabalho, que n\u00e3o tem compet\u00eancia para julg\u00e1-las, visto tratarem a respeito do exerc\u00edcio de v\u00ednculo jur\u00eddico mantido com a Administra\u00e7\u00e3o p\u00fablica.<\/p>\n<p>e) ajuizadas pelos empregados p\u00fablicos podem ser julgadas pela Justi\u00e7a do Trabalho, mas n\u00e3o as propostas pelos titulares de cargos p\u00fablicos, em que pese o exerc\u00edcio do direito de greve seja assegurado pela Constitui\u00e7\u00e3o aos servidores p\u00fablicos civis nos termos da lei.<\/p>\n<p><strong>Coment\u00e1rios:<\/strong><\/p>\n<p>As a\u00e7\u00f5es envolvendo <strong>empregados p\u00fablicos<\/strong>, cujo v\u00ednculo com a Administra\u00e7\u00e3o n\u00e3o \u00e9 estatut\u00e1rio, ser\u00e3o julgadas pela <strong>Justi\u00e7a do Trabalho<\/strong>. J\u00e1 as a\u00e7\u00f5es envolvendo <strong>servidores p\u00fablicos federais<\/strong> ser\u00e3o julgadas pela <strong>Justi\u00e7a Federal<\/strong>. A resposta, portanto, \u00e9 a letra E.<\/p>\n<p>Como voc\u00eas perceberam, a prova foi bastante tranquila. Quem estudou por nosso curso certamente se saiu muito bem! :)<\/p>\n<p>PS: Caso queiram conhecer o curso Regular de Direito Constitucional, com conte\u00fado em pdf e em v\u00eddeo, que escrevi <em><strong>em parceria com a professora N\u00e1dia Carolina<\/strong><\/em>, eis o link =&gt;<\/p>\n<p><a title=\"CURSO REGULAR DE DIREITO CONSTITUCIONAL\" href=\"https:\/\/www.estrategiaconcursos.com.br\/curso\/curso-regular-de-direito-constitucional-com-videoaulas-5973\/\" target=\"_blank\" rel=\"noopener noreferrer\">https:\/\/www.estrategiaconcursos.com.br\/curso\/curso-regular-de-direito-constitucional-com-videoaulas-5973\/<\/a><\/p>\n","protected":false},"excerpt":{"rendered":"<p>Ol\u00e1. amigos do Estrat\u00e9gia! Neste artigo, comento a prova de Analista Judici\u00e1rio (\u00c1rea Judici\u00e1ria &#8211; Oficial de Justi\u00e7a), do Concurso TRT BA. N\u00e3o vislumbro nenhuma possibilidade de recurso em rela\u00e7\u00e3o a essas quest\u00f5es. Grande abra\u00e7o a todos! Ricardo Vale 1- (FCC \/ Concurso TRT BA \u2013 AJAJ \u2013 2013) No curso de um processo judicial [&hellip;]<\/p>\n","protected":false},"author":26,"featured_media":0,"comment_status":"open","ping_status":"open","sticky":false,"template":"","format":"standard","meta":{"post_tipo":"article","footnotes":""},"categories":[1],"tags":[891],"tax_estado":[],"class_list":["post-12411","post","type-post","status-publish","format-standard","hentry","category-cursos-e-concursos","tag-concurso-trt-ba"],"acf":[],"yoast_head":"<!-- This site is optimized with the Yoast SEO Premium plugin v27.2 (Yoast SEO v27.2) - https:\/\/yoast.com\/product\/yoast-seo-premium-wordpress\/ -->\n<title>Concurso TRT BA<\/title>\n<meta name=\"description\" content=\"Concurso TRT BA - Direito Constitucional\" \/>\n<meta name=\"robots\" content=\"index, follow, max-snippet:-1, max-image-preview:large, max-video-preview:-1\" \/>\n<link rel=\"canonical\" href=\"https:\/\/www.estrategiaconcursos.com.br\/blog\/direito-constitucional-trt-ba-ajaj-oficial-de-justica-prova-comentada\/\" \/>\n<meta property=\"og:locale\" content=\"pt_BR\" \/>\n<meta property=\"og:type\" content=\"article\" \/>\n<meta property=\"og:title\" content=\"Direito Constitucional - Concurso TRT BA (AJAJ - Oficial de Justi\u00e7a) - Prova Comentada\" \/>\n<meta property=\"og:description\" content=\"Concurso TRT BA - Direito Constitucional\" \/>\n<meta property=\"og:url\" content=\"https:\/\/www.estrategiaconcursos.com.br\/blog\/direito-constitucional-trt-ba-ajaj-oficial-de-justica-prova-comentada\/\" \/>\n<meta property=\"og:site_name\" content=\"Estrat\u00e9gia Concursos\" \/>\n<meta property=\"article:author\" content=\"https:\/\/www.facebook.com\/rvale01\" \/>\n<meta property=\"article:published_time\" content=\"2013-12-08T20:48:16+00:00\" \/>\n<meta property=\"article:modified_time\" content=\"2019-06-17T17:22:36+00:00\" \/>\n<meta name=\"author\" content=\"Ricardo Vale\" \/>\n<meta name=\"twitter:card\" content=\"summary_large_image\" \/>\n<meta name=\"twitter:creator\" content=\"@https:\/\/twitter.com\/EstratConcursos\" \/>\n<meta name=\"twitter:site\" content=\"@EstratConcursos\" \/>\n<meta name=\"twitter:label1\" content=\"Escrito por\" \/>\n\t<meta name=\"twitter:data1\" content=\"Ricardo Vale\" \/>\n\t<meta name=\"twitter:label2\" content=\"Est. tempo de leitura\" \/>\n\t<meta name=\"twitter:data2\" content=\"8 minutos\" \/>\n<script type=\"application\/ld+json\" class=\"yoast-schema-graph\">{\"@context\":\"https:\/\/schema.org\",\"@graph\":[{\"@type\":\"NewsArticle\",\"@id\":\"https:\/\/www.estrategiaconcursos.com.br\/blog\/direito-constitucional-trt-ba-ajaj-oficial-de-justica-prova-comentada\/#article\",\"isPartOf\":{\"@id\":\"https:\/\/www.estrategiaconcursos.com.br\/blog\/direito-constitucional-trt-ba-ajaj-oficial-de-justica-prova-comentada\/\"},\"author\":{\"name\":\"Ricardo Vale\",\"@id\":\"https:\/\/www.estrategiaconcursos.com.br\/blog\/#\/schema\/person\/c32e47dba2159cafe7796a9569a6ff7e\"},\"headline\":\"Direito Constitucional &#8211; Concurso TRT BA (AJAJ &#8211; Oficial de Justi\u00e7a) &#8211; Prova Comentada\",\"datePublished\":\"2013-12-08T20:48:16+00:00\",\"dateModified\":\"2019-06-17T17:22:36+00:00\",\"mainEntityOfPage\":{\"@id\":\"https:\/\/www.estrategiaconcursos.com.br\/blog\/direito-constitucional-trt-ba-ajaj-oficial-de-justica-prova-comentada\/\"},\"wordCount\":1688,\"commentCount\":0,\"publisher\":{\"@id\":\"https:\/\/www.estrategiaconcursos.com.br\/blog\/#organization\"},\"keywords\":[\"concurso trt ba\"],\"articleSection\":[\"Concursos P\u00fablicos\"],\"inLanguage\":\"pt-BR\",\"potentialAction\":[{\"@type\":\"CommentAction\",\"name\":\"Comment\",\"target\":[\"https:\/\/www.estrategiaconcursos.com.br\/blog\/direito-constitucional-trt-ba-ajaj-oficial-de-justica-prova-comentada\/#respond\"]}],\"copyrightYear\":\"2013\",\"copyrightHolder\":{\"@id\":\"https:\/\/www.estrategiaconcursos.com.br\/blog\/#organization\"}},{\"@type\":\"WebPage\",\"@id\":\"https:\/\/www.estrategiaconcursos.com.br\/blog\/direito-constitucional-trt-ba-ajaj-oficial-de-justica-prova-comentada\/\",\"url\":\"https:\/\/www.estrategiaconcursos.com.br\/blog\/direito-constitucional-trt-ba-ajaj-oficial-de-justica-prova-comentada\/\",\"name\":\"Concurso TRT BA\",\"isPartOf\":{\"@id\":\"https:\/\/www.estrategiaconcursos.com.br\/blog\/#website\"},\"datePublished\":\"2013-12-08T20:48:16+00:00\",\"dateModified\":\"2019-06-17T17:22:36+00:00\",\"description\":\"Concurso TRT BA - Direito Constitucional\",\"breadcrumb\":{\"@id\":\"https:\/\/www.estrategiaconcursos.com.br\/blog\/direito-constitucional-trt-ba-ajaj-oficial-de-justica-prova-comentada\/#breadcrumb\"},\"inLanguage\":\"pt-BR\",\"potentialAction\":[{\"@type\":\"ReadAction\",\"target\":[\"https:\/\/www.estrategiaconcursos.com.br\/blog\/direito-constitucional-trt-ba-ajaj-oficial-de-justica-prova-comentada\/\"]}]},{\"@type\":\"BreadcrumbList\",\"@id\":\"https:\/\/www.estrategiaconcursos.com.br\/blog\/direito-constitucional-trt-ba-ajaj-oficial-de-justica-prova-comentada\/#breadcrumb\",\"itemListElement\":[{\"@type\":\"ListItem\",\"position\":1,\"name\":\"In\u00edcio\",\"item\":\"https:\/\/www.estrategiaconcursos.com.br\/blog\/\"},{\"@type\":\"ListItem\",\"position\":2,\"name\":\"Direito Constitucional &#8211; Concurso TRT BA (AJAJ &#8211; Oficial de Justi\u00e7a) &#8211; Prova Comentada\"}]},{\"@type\":\"WebSite\",\"@id\":\"https:\/\/www.estrategiaconcursos.com.br\/blog\/#website\",\"url\":\"https:\/\/www.estrategiaconcursos.com.br\/blog\/\",\"name\":\"Estrat\u00e9gia Concursos\",\"description\":\"O blog da Estrat\u00e9gia Concursos traz not\u00edcias sobre concursos e artigos de professores oferecendo cursos para concursos (pdf + videaulas) no site.\",\"publisher\":{\"@id\":\"https:\/\/www.estrategiaconcursos.com.br\/blog\/#organization\"},\"potentialAction\":[{\"@type\":\"SearchAction\",\"target\":{\"@type\":\"EntryPoint\",\"urlTemplate\":\"https:\/\/www.estrategiaconcursos.com.br\/blog\/?s={search_term_string}\"},\"query-input\":{\"@type\":\"PropertyValueSpecification\",\"valueRequired\":true,\"valueName\":\"search_term_string\"}}],\"inLanguage\":\"pt-BR\"},{\"@type\":\"Organization\",\"@id\":\"https:\/\/www.estrategiaconcursos.com.br\/blog\/#organization\",\"name\":\"Estrat\u00e9gia Concursos\",\"url\":\"https:\/\/www.estrategiaconcursos.com.br\/blog\/\",\"logo\":{\"@type\":\"ImageObject\",\"inLanguage\":\"pt-BR\",\"@id\":\"https:\/\/www.estrategiaconcursos.com.br\/blog\/#\/schema\/logo\/image\/\",\"url\":\"https:\/\/dhg1h5j42swfq.cloudfront.net\/2025\/06\/03203428\/logo_concursos-1.jpg\",\"contentUrl\":\"https:\/\/dhg1h5j42swfq.cloudfront.net\/2025\/06\/03203428\/logo_concursos-1.jpg\",\"width\":230,\"height\":60,\"caption\":\"Estrat\u00e9gia Concursos\"},\"image\":{\"@id\":\"https:\/\/www.estrategiaconcursos.com.br\/blog\/#\/schema\/logo\/image\/\"},\"sameAs\":[\"https:\/\/x.com\/EstratConcursos\"]},{\"@type\":\"Person\",\"@id\":\"https:\/\/www.estrategiaconcursos.com.br\/blog\/#\/schema\/person\/c32e47dba2159cafe7796a9569a6ff7e\",\"name\":\"Ricardo Vale\",\"image\":{\"@type\":\"ImageObject\",\"inLanguage\":\"pt-BR\",\"@id\":\"https:\/\/secure.gravatar.com\/avatar\/e5a5658c798bb49dd53314263f59f38c192d73370fb65839a372c2ae9027be74?s=96&d=mm&r=g\",\"url\":\"https:\/\/secure.gravatar.com\/avatar\/e5a5658c798bb49dd53314263f59f38c192d73370fb65839a372c2ae9027be74?s=96&d=mm&r=g\",\"contentUrl\":\"https:\/\/secure.gravatar.com\/avatar\/e5a5658c798bb49dd53314263f59f38c192d73370fb65839a372c2ae9027be74?s=96&d=mm&r=g\",\"caption\":\"Ricardo Vale\"},\"sameAs\":[\"https:\/\/www.facebook.com\/rvale01\",\"https:\/\/x.com\/https:\/\/twitter.com\/EstratConcursos\"],\"url\":\"https:\/\/www.estrategiaconcursos.com.br\/blog\/author\/ricardovaleestrategiaconcursos-com-br\/\"}]}<\/script>\n<!-- \/ Yoast SEO Premium plugin. -->","yoast_head_json":{"title":"Concurso TRT BA","description":"Concurso TRT BA - Direito Constitucional","robots":{"index":"index","follow":"follow","max-snippet":"max-snippet:-1","max-image-preview":"max-image-preview:large","max-video-preview":"max-video-preview:-1"},"canonical":"https:\/\/www.estrategiaconcursos.com.br\/blog\/direito-constitucional-trt-ba-ajaj-oficial-de-justica-prova-comentada\/","og_locale":"pt_BR","og_type":"article","og_title":"Direito Constitucional - Concurso TRT BA (AJAJ - Oficial de Justi\u00e7a) - Prova Comentada","og_description":"Concurso TRT BA - Direito Constitucional","og_url":"https:\/\/www.estrategiaconcursos.com.br\/blog\/direito-constitucional-trt-ba-ajaj-oficial-de-justica-prova-comentada\/","og_site_name":"Estrat\u00e9gia Concursos","article_author":"https:\/\/www.facebook.com\/rvale01","article_published_time":"2013-12-08T20:48:16+00:00","article_modified_time":"2019-06-17T17:22:36+00:00","author":"Ricardo Vale","twitter_card":"summary_large_image","twitter_creator":"@https:\/\/twitter.com\/EstratConcursos","twitter_site":"@EstratConcursos","twitter_misc":{"Escrito por":"Ricardo Vale","Est. tempo de leitura":"8 minutos"},"schema":{"@context":"https:\/\/schema.org","@graph":[{"@type":"NewsArticle","@id":"https:\/\/www.estrategiaconcursos.com.br\/blog\/direito-constitucional-trt-ba-ajaj-oficial-de-justica-prova-comentada\/#article","isPartOf":{"@id":"https:\/\/www.estrategiaconcursos.com.br\/blog\/direito-constitucional-trt-ba-ajaj-oficial-de-justica-prova-comentada\/"},"author":{"name":"Ricardo Vale","@id":"https:\/\/www.estrategiaconcursos.com.br\/blog\/#\/schema\/person\/c32e47dba2159cafe7796a9569a6ff7e"},"headline":"Direito Constitucional &#8211; Concurso TRT BA (AJAJ &#8211; Oficial de Justi\u00e7a) &#8211; Prova Comentada","datePublished":"2013-12-08T20:48:16+00:00","dateModified":"2019-06-17T17:22:36+00:00","mainEntityOfPage":{"@id":"https:\/\/www.estrategiaconcursos.com.br\/blog\/direito-constitucional-trt-ba-ajaj-oficial-de-justica-prova-comentada\/"},"wordCount":1688,"commentCount":0,"publisher":{"@id":"https:\/\/www.estrategiaconcursos.com.br\/blog\/#organization"},"keywords":["concurso trt ba"],"articleSection":["Concursos P\u00fablicos"],"inLanguage":"pt-BR","potentialAction":[{"@type":"CommentAction","name":"Comment","target":["https:\/\/www.estrategiaconcursos.com.br\/blog\/direito-constitucional-trt-ba-ajaj-oficial-de-justica-prova-comentada\/#respond"]}],"copyrightYear":"2013","copyrightHolder":{"@id":"https:\/\/www.estrategiaconcursos.com.br\/blog\/#organization"}},{"@type":"WebPage","@id":"https:\/\/www.estrategiaconcursos.com.br\/blog\/direito-constitucional-trt-ba-ajaj-oficial-de-justica-prova-comentada\/","url":"https:\/\/www.estrategiaconcursos.com.br\/blog\/direito-constitucional-trt-ba-ajaj-oficial-de-justica-prova-comentada\/","name":"Concurso TRT BA","isPartOf":{"@id":"https:\/\/www.estrategiaconcursos.com.br\/blog\/#website"},"datePublished":"2013-12-08T20:48:16+00:00","dateModified":"2019-06-17T17:22:36+00:00","description":"Concurso TRT BA - Direito Constitucional","breadcrumb":{"@id":"https:\/\/www.estrategiaconcursos.com.br\/blog\/direito-constitucional-trt-ba-ajaj-oficial-de-justica-prova-comentada\/#breadcrumb"},"inLanguage":"pt-BR","potentialAction":[{"@type":"ReadAction","target":["https:\/\/www.estrategiaconcursos.com.br\/blog\/direito-constitucional-trt-ba-ajaj-oficial-de-justica-prova-comentada\/"]}]},{"@type":"BreadcrumbList","@id":"https:\/\/www.estrategiaconcursos.com.br\/blog\/direito-constitucional-trt-ba-ajaj-oficial-de-justica-prova-comentada\/#breadcrumb","itemListElement":[{"@type":"ListItem","position":1,"name":"In\u00edcio","item":"https:\/\/www.estrategiaconcursos.com.br\/blog\/"},{"@type":"ListItem","position":2,"name":"Direito Constitucional &#8211; Concurso TRT BA (AJAJ &#8211; Oficial de Justi\u00e7a) &#8211; Prova Comentada"}]},{"@type":"WebSite","@id":"https:\/\/www.estrategiaconcursos.com.br\/blog\/#website","url":"https:\/\/www.estrategiaconcursos.com.br\/blog\/","name":"Estrat\u00e9gia Concursos","description":"O blog da Estrat\u00e9gia Concursos traz not\u00edcias sobre concursos e artigos de professores oferecendo cursos para concursos (pdf + videaulas) no site.","publisher":{"@id":"https:\/\/www.estrategiaconcursos.com.br\/blog\/#organization"},"potentialAction":[{"@type":"SearchAction","target":{"@type":"EntryPoint","urlTemplate":"https:\/\/www.estrategiaconcursos.com.br\/blog\/?s={search_term_string}"},"query-input":{"@type":"PropertyValueSpecification","valueRequired":true,"valueName":"search_term_string"}}],"inLanguage":"pt-BR"},{"@type":"Organization","@id":"https:\/\/www.estrategiaconcursos.com.br\/blog\/#organization","name":"Estrat\u00e9gia Concursos","url":"https:\/\/www.estrategiaconcursos.com.br\/blog\/","logo":{"@type":"ImageObject","inLanguage":"pt-BR","@id":"https:\/\/www.estrategiaconcursos.com.br\/blog\/#\/schema\/logo\/image\/","url":"https:\/\/dhg1h5j42swfq.cloudfront.net\/2025\/06\/03203428\/logo_concursos-1.jpg","contentUrl":"https:\/\/dhg1h5j42swfq.cloudfront.net\/2025\/06\/03203428\/logo_concursos-1.jpg","width":230,"height":60,"caption":"Estrat\u00e9gia Concursos"},"image":{"@id":"https:\/\/www.estrategiaconcursos.com.br\/blog\/#\/schema\/logo\/image\/"},"sameAs":["https:\/\/x.com\/EstratConcursos"]},{"@type":"Person","@id":"https:\/\/www.estrategiaconcursos.com.br\/blog\/#\/schema\/person\/c32e47dba2159cafe7796a9569a6ff7e","name":"Ricardo Vale","image":{"@type":"ImageObject","inLanguage":"pt-BR","@id":"https:\/\/secure.gravatar.com\/avatar\/e5a5658c798bb49dd53314263f59f38c192d73370fb65839a372c2ae9027be74?s=96&d=mm&r=g","url":"https:\/\/secure.gravatar.com\/avatar\/e5a5658c798bb49dd53314263f59f38c192d73370fb65839a372c2ae9027be74?s=96&d=mm&r=g","contentUrl":"https:\/\/secure.gravatar.com\/avatar\/e5a5658c798bb49dd53314263f59f38c192d73370fb65839a372c2ae9027be74?s=96&d=mm&r=g","caption":"Ricardo Vale"},"sameAs":["https:\/\/www.facebook.com\/rvale01","https:\/\/x.com\/https:\/\/twitter.com\/EstratConcursos"],"url":"https:\/\/www.estrategiaconcursos.com.br\/blog\/author\/ricardovaleestrategiaconcursos-com-br\/"}]}},"_links":{"self":[{"href":"https:\/\/www.estrategiaconcursos.com.br\/blog\/wp-json\/wp\/v2\/posts\/12411","targetHints":{"allow":["GET"]}}],"collection":[{"href":"https:\/\/www.estrategiaconcursos.com.br\/blog\/wp-json\/wp\/v2\/posts"}],"about":[{"href":"https:\/\/www.estrategiaconcursos.com.br\/blog\/wp-json\/wp\/v2\/types\/post"}],"author":[{"embeddable":true,"href":"https:\/\/www.estrategiaconcursos.com.br\/blog\/wp-json\/wp\/v2\/users\/26"}],"replies":[{"embeddable":true,"href":"https:\/\/www.estrategiaconcursos.com.br\/blog\/wp-json\/wp\/v2\/comments?post=12411"}],"version-history":[{"count":7,"href":"https:\/\/www.estrategiaconcursos.com.br\/blog\/wp-json\/wp\/v2\/posts\/12411\/revisions"}],"predecessor-version":[{"id":388667,"href":"https:\/\/www.estrategiaconcursos.com.br\/blog\/wp-json\/wp\/v2\/posts\/12411\/revisions\/388667"}],"wp:attachment":[{"href":"https:\/\/www.estrategiaconcursos.com.br\/blog\/wp-json\/wp\/v2\/media?parent=12411"}],"wp:term":[{"taxonomy":"category","embeddable":true,"href":"https:\/\/www.estrategiaconcursos.com.br\/blog\/wp-json\/wp\/v2\/categories?post=12411"},{"taxonomy":"post_tag","embeddable":true,"href":"https:\/\/www.estrategiaconcursos.com.br\/blog\/wp-json\/wp\/v2\/tags?post=12411"},{"taxonomy":"tax_estado","embeddable":true,"href":"https:\/\/www.estrategiaconcursos.com.br\/blog\/wp-json\/wp\/v2\/tax_estado?post=12411"}],"curies":[{"name":"wp","href":"https:\/\/api.w.org\/{rel}","templated":true}]}}