{"id":1240921,"date":"2023-06-29T12:00:05","date_gmt":"2023-06-29T15:00:05","guid":{"rendered":"https:\/\/www.estrategiaconcursos.com.br\/blog\/?p=1240921"},"modified":"2023-06-29T12:27:55","modified_gmt":"2023-06-29T15:27:55","slug":"concurso-do-ibge-para-efetivos","status":"publish","type":"post","link":"https:\/\/www.estrategiaconcursos.com.br\/blog\/concurso-do-ibge-para-efetivos\/","title":{"rendered":"Concurso do IBGE para efetivos pode sair esse ano! Entenda"},"content":{"rendered":"\n<h3 class=\"wp-block-heading\" id=\"h-possibilidade-de-concurso-foi-afirmada-pelo-assessor-economico-do-ministerio-do-planejamento\"><em>Possibilidade de concurso foi afirmada pelo assessor econ\u00f4mico do Minist\u00e9rio do Planejamento <\/em><\/h3>\n\n\n\n<p>H\u00e1 quase 08 anos sem publicar um edital para efetivos,<strong> o IBGE pode finalmente ganhar um novo concurso ainda neste ano.<\/strong> A informa\u00e7\u00e3o foi confirmada pelo assessor econ\u00f4mico do Minist\u00e9rio do Planejamento, Jo\u00e3o Villaverde.<\/p>\n\n\n\n<p>A declara\u00e7\u00e3o foi dada durante a divulga\u00e7\u00e3o dos&nbsp;<strong>dados do Censo Demogr\u00e1fico 2022<\/strong>, na \u00faltima quarta-feira, 28 de junho, no Rio de Janeiro. <\/p>\n\n\n\n<p>Segundo o assessor, a ministra Simone Tebet apoia a realiza\u00e7\u00e3o do certame, inclusive, <a href=\"https:\/\/www.estrategiaconcursos.com.br\/blog\/vai-ter-concurso-para-o-ibge-diz-ministra\/\" target=\"_blank\" rel=\"noreferrer noopener\">j\u00e1 fez at\u00e9 um pedido<\/a> sobre o tema ao Minist\u00e9rio da Gest\u00e3o e da Inova\u00e7\u00e3o em Servi\u00e7os P\u00fablicos.<\/p>\n\n\n\n<blockquote class=\"wp-block-quote is-layout-flow wp-block-quote-is-layout-flow\">\n<p><em>&#8220;\u00c9 um pedido pertinente [o de contrata\u00e7\u00e3o de servidores], o minist\u00e9rio abra\u00e7ou esse pedido. No entanto, ele \u00e9 negociado junto ao <a href=\"https:\/\/www.estrategiaconcursos.com.br\/blog\/concurso-ibge-para-vagas-efetivos\/\" target=\"_blank\" rel=\"noreferrer noopener\">Minist\u00e9rio da Gest\u00e3o<\/a>, que j\u00e1 sinalizou, diversas vezes, que acatou, e, pelo que a gente entende, est\u00e1 numa quest\u00e3o final, de definir quantos postos em cada pedido.&#8221;<\/em><\/p>\n<\/blockquote>\n\n\n\n<figure class=\"wp-block-image aligncenter size-full is-resized\"><img loading=\"lazy\" decoding=\"async\" src=\"https:\/\/dhg1h5j42swfq.cloudfront.net\/2023\/06\/29114334\/ibge.webp\" alt=\"Concurso IBGE para efetivos pode sair esse ano! Entenda aqui!\" class=\"wp-image-1240949\" width=\"812\" height=\"455\" srcset=\"https:\/\/dhg1h5j42swfq.cloudfront.net\/2023\/06\/29114334\/ibge.webp 906w, https:\/\/dhg1h5j42swfq.cloudfront.net\/2023\/06\/29114334\/ibge-300x169.webp 300w, https:\/\/dhg1h5j42swfq.cloudfront.net\/2023\/06\/29114334\/ibge-768x431.webp 768w, https:\/\/dhg1h5j42swfq.cloudfront.net\/2023\/06\/29114334\/ibge-610x343.webp 610w, https:\/\/dhg1h5j42swfq.cloudfront.net\/2023\/06\/29114334\/ibge-150x84.webp 150w\" sizes=\"auto, (max-width: 812px) 100vw, 812px\" \/><figcaption class=\"wp-element-caption\">Concurso do <a href=\"https:\/\/www.ibge.gov.br\/\" target=\"_blank\" rel=\"noreferrer noopener\">IBGE<\/a> para efetivos pode sair esse ano! <\/figcaption><\/figure>\n\n\n\n<p>Cabe destacar que o quadro de servidores do instituto caiu de mais de 6 mil, em 2013, para menos de 4 mil, em 2023, segundo dados do Sindicato Nacional dos Trabalhadores. <\/p>\n\n\n\n<p>A princ\u00edpio o certame foi solicitado para provimento de <strong>3.044 vagas<\/strong>&nbsp;<strong>efetivas<\/strong>, distribu\u00eddas em quatro importantes cargos que necessitam reposi\u00e7\u00e3o. Confira logo abaixo:<\/p>\n\n\n\n<ul class=\"wp-block-list\">\n<li>Analista de Planejamento, Gest\u00e3o e Infraestrutura em Informa\u00e7\u00f5es Geogr\u00e1ficas e Estat\u00edsticas \u2013&nbsp;<strong>588<\/strong><\/li>\n\n\n\n<li>Tecnologista em Informa\u00e7\u00f5es Geogr\u00e1ficas e Estat\u00edsticas \u2013&nbsp;<strong>597<\/strong><\/li>\n\n\n\n<li>Pesquisador em Informa\u00e7\u00f5es Geogr\u00e1ficas e Estat\u00edsticas \u2013&nbsp;<strong>11<\/strong><\/li>\n\n\n\n<li><a href=\"https:\/\/www.estrategiaconcursos.com.br\/curso\/ibge-tecnico-em-informacoes-geograficas-e-estatisticas-pacote-completo-2023-pre-edital\/\" target=\"_blank\" rel=\"noreferrer noopener\">T\u00e9cnico em Informa\u00e7\u00f5es Geogr\u00e1ficas e Estat\u00edsticas<\/a>&nbsp;\u2013&nbsp;<strong>1.848<\/strong><\/li>\n<\/ul>\n\n\n\n<p>Entretanto, esse quantitativo mencionado na solicita\u00e7\u00e3o de concurso encaminhada pelo \u00f3rg\u00e3o pode sofrer altera\u00e7\u00f5es, uma vez que o n\u00famero de vagas que ser\u00e3o ofertadas \u00e9 definido pelo Minist\u00e9rio da Gest\u00e3o e Inova\u00e7\u00e3o.<\/p>\n\n\n\n<p>Ademais, o sal\u00e1rio inicial para os futuros servidores que desejam ingressar no instituto atrav\u00e9s de um dos cargos listados \u00e9 o seguinte: <\/p>\n\n\n\n<ul class=\"wp-block-list\" id=\"block-6c925ba2-cde6-40b6-b8b6-c94d6490bffb\">\n<li>Analistas e Tecnologistas: R$ 8.922,40<\/li>\n\n\n\n<li>Pesquisadores: R$ 9.878,66<\/li>\n\n\n\n<li>T\u00e9cnicos: R$ 3.898,24<\/li>\n<\/ul>\n\n\n\n<p class=\"has-text-align-center\"><em>A equipe de jornalismo do Estrat\u00e9gia segue acompanhando de perto todos os tr\u00e2mites referentes ao concurso do IBGE para efetivos. Qualquer novidade ser\u00e1 atualizada em nosso artigo que cont\u00e9m todas as informa\u00e7\u00f5es que voc\u00ea precisa:<\/em><\/p>\n\n\n\n<p class=\"has-text-align-center has-background\" style=\"background-color:#f0f1f2;font-size:clamp(14.642px, 0.915rem + ((1vw - 3.2px) * 0.721), 22px);\"><strong>Saiba mais: Concurso&nbsp;<a href=\"https:\/\/www.estrategiaconcursos.com.br\/blog\/concurso-ibge\/\" target=\"_blank\" rel=\"noreferrer noopener\">IBGE<\/a><\/strong><\/p>\n\n\n\n<h2 class=\"wp-block-heading has-text-align-center\" id=\"assinatura-e-cursos\">Quer estudar para o concurso IBGE?<\/h2>\n\n\n\n<div id=\"boxes\" class=\"container\">\n<div class=\"row\">\n<div class=\"col-sm\">\n<div id=\"box-assinatura\" class=\"banner-adm\">\n<h3 class=\"titulo-assinatura\">Curso IBGE<\/h3>\n<p class=\"subtitulo-assinatura\">Conhe\u00e7a os cursos<\/p>\n<div class=\"box-botao\"><a class=\"btn-assinatura\" role=\"button\" href=\"https:\/\/www.estrategiaconcursos.com.br\/cursosPorConcurso\/ibge-204\/\" target=\"_blank\" rel=\"noopener noreferrer\">Conhe\u00e7a mais<\/a><\/div>\n<\/div>\n<\/div>\n<\/div>\n<\/div>\n\n\n\n<div class=\"container\" id=\"boxes\">\n  <div class=\"row\">\n\n    <div class=\"col-sm\">\n      <div class=\"estrategia\" id=\"box-assinatura\">\n        <h3 class=\"titulo-assinatura\">Assinatura Concursos<\/h3>\n        <p class=\"subtitulo-assinatura\">Assinatura de 1 ano ou 2 anos<\/p>\n        <div class=\"box-botao\">\n          <a class=\"btn-assinatura\" target=\"_blank\" href=\"https:\/\/www.estrategiaconcursos.com.br\/assinaturas\/\" role=\"button\" rel=\"noopener noreferrer\">ASSINE AGORA<\/a>\n        <\/div>\n      <\/div><\/div><\/div><\/div>\n\n\n\n<h2 class=\"wp-block-heading has-text-align-center\" id=\"h-quer-saber-tudo-sobre-concursos-previstos-confira-nossos-artigos\">Quer saber tudo sobre concursos previstos?<br \/>Confira nossos artigos!<\/h2>\n\n\n\n<ul class=\"wp-block-list\">\n<li><a href=\"https:\/\/www.estrategiaconcursos.com.br\/blog\/concursos-abertos\/\" target=\"_blank\" rel=\"noreferrer noopener\">Concursos Abertos<\/a><\/li>\n\n\n\n<li><a href=\"https:\/\/www.estrategiaconcursos.com.br\/blog\/concursos-2023\/\" target=\"_blank\" rel=\"noreferrer noopener\">Concursos 2023<\/a><\/li>\n\n\n\n<li><a href=\"https:\/\/www.estrategiaconcursos.com.br\/blog\/concursos-2024\/\" target=\"_blank\" rel=\"noreferrer noopener\">Concursos 2024<\/a><\/li>\n<\/ul>\n","protected":false},"excerpt":{"rendered":"<p>Possibilidade de concurso foi afirmada pelo assessor econ\u00f4mico do Minist\u00e9rio do Planejamento H\u00e1 quase 08 anos sem publicar um edital para efetivos, o IBGE pode finalmente ganhar um novo concurso ainda neste ano. A informa\u00e7\u00e3o foi confirmada pelo assessor econ\u00f4mico do Minist\u00e9rio do Planejamento, Jo\u00e3o Villaverde. A declara\u00e7\u00e3o foi dada durante a divulga\u00e7\u00e3o dos&nbsp;dados do [&hellip;]<\/p>\n","protected":false},"author":656,"featured_media":1230118,"comment_status":"open","ping_status":"closed","sticky":false,"template":"","format":"standard","meta":{"post_tipo":"news","footnotes":""},"categories":[214992,220219],"tags":[],"tax_estado":[219963],"class_list":["post-1240921","post","type-post","status-publish","format-standard","has-post-thumbnail","hentry","category-concursos-administrativos","category-noticias","tax_estado-concursos-federais"],"acf":[],"yoast_head":"<!-- This site is optimized with the Yoast SEO Premium plugin v27.2 (Yoast SEO v27.2) - https:\/\/yoast.com\/product\/yoast-seo-premium-wordpress\/ -->\n<title>Concurso do IBGE para efetivos pode sair esse ano! Entenda<\/title>\n<meta name=\"description\" content=\"Concurso do IBGE para cargos efetivos pode sair esse ano, afirmou o assessor econ\u00f4mico do Minist\u00e9rio do Planejamento. Entenda aqui!\" \/>\n<meta name=\"robots\" content=\"index, follow, max-snippet:-1, max-image-preview:large, max-video-preview:-1\" \/>\n<link rel=\"canonical\" href=\"https:\/\/www.estrategiaconcursos.com.br\/blog\/concurso-do-ibge-para-efetivos\/\" \/>\n<meta property=\"og:locale\" content=\"pt_BR\" \/>\n<meta property=\"og:type\" content=\"article\" \/>\n<meta property=\"og:title\" content=\"Concurso do IBGE para efetivos pode sair esse ano! Entenda\" \/>\n<meta property=\"og:description\" content=\"Concurso do IBGE para cargos efetivos pode sair esse ano, afirmou o assessor econ\u00f4mico do Minist\u00e9rio do Planejamento. Entenda aqui!\" \/>\n<meta property=\"og:url\" content=\"https:\/\/www.estrategiaconcursos.com.br\/blog\/concurso-do-ibge-para-efetivos\/\" \/>\n<meta property=\"og:site_name\" content=\"Estrat\u00e9gia Concursos\" \/>\n<meta property=\"article:published_time\" content=\"2023-06-29T15:00:05+00:00\" \/>\n<meta property=\"article:modified_time\" content=\"2023-06-29T15:27:55+00:00\" \/>\n<meta property=\"og:image\" content=\"https:\/\/dhg1h5j42swfq.cloudfront.net\/2023\/06\/09212019\/concurso-ibge.jpg\" \/>\n\t<meta property=\"og:image:width\" content=\"1024\" \/>\n\t<meta property=\"og:image:height\" content=\"536\" \/>\n\t<meta property=\"og:image:type\" content=\"image\/jpeg\" \/>\n<meta name=\"author\" content=\"F\u00e1bio Scaldelai\" \/>\n<meta name=\"twitter:card\" content=\"summary_large_image\" \/>\n<meta name=\"twitter:creator\" content=\"@EstratConcursos\" \/>\n<meta name=\"twitter:site\" content=\"@EstratConcursos\" \/>\n<meta name=\"twitter:label1\" content=\"Escrito por\" \/>\n\t<meta name=\"twitter:data1\" content=\"F\u00e1bio Scaldelai\" \/>\n\t<meta name=\"twitter:label2\" content=\"Est. tempo de leitura\" \/>\n\t<meta name=\"twitter:data2\" content=\"2 minutos\" \/>\n<script type=\"application\/ld+json\" class=\"yoast-schema-graph\">{\"@context\":\"https:\/\/schema.org\",\"@graph\":[{\"@type\":\"NewsArticle\",\"@id\":\"https:\/\/www.estrategiaconcursos.com.br\/blog\/concurso-do-ibge-para-efetivos\/#article\",\"isPartOf\":{\"@id\":\"https:\/\/www.estrategiaconcursos.com.br\/blog\/concurso-do-ibge-para-efetivos\/\"},\"author\":{\"name\":\"F\u00e1bio Scaldelai\",\"@id\":\"https:\/\/www.estrategiaconcursos.com.br\/blog\/#\/schema\/person\/e3b6b7ce0192dd4ad270655969d61750\"},\"headline\":\"Concurso do IBGE para efetivos pode sair esse ano! Entenda\",\"datePublished\":\"2023-06-29T15:00:05+00:00\",\"dateModified\":\"2023-06-29T15:27:55+00:00\",\"mainEntityOfPage\":{\"@id\":\"https:\/\/www.estrategiaconcursos.com.br\/blog\/concurso-do-ibge-para-efetivos\/\"},\"wordCount\":437,\"commentCount\":0,\"publisher\":{\"@id\":\"https:\/\/www.estrategiaconcursos.com.br\/blog\/#organization\"},\"image\":{\"@id\":\"https:\/\/www.estrategiaconcursos.com.br\/blog\/concurso-do-ibge-para-efetivos\/#primaryimage\"},\"thumbnailUrl\":\"https:\/\/dhg1h5j42swfq.cloudfront.net\/2023\/06\/09212019\/concurso-ibge.jpg\",\"articleSection\":[\"Executivo (Administrativa)\",\"\u00daltimas not\u00edcias\"],\"inLanguage\":\"pt-BR\",\"potentialAction\":[{\"@type\":\"CommentAction\",\"name\":\"Comment\",\"target\":[\"https:\/\/www.estrategiaconcursos.com.br\/blog\/concurso-do-ibge-para-efetivos\/#respond\"]}],\"copyrightYear\":\"2023\",\"copyrightHolder\":{\"@id\":\"https:\/\/www.estrategiaconcursos.com.br\/blog\/#organization\"}},{\"@type\":\"WebPage\",\"@id\":\"https:\/\/www.estrategiaconcursos.com.br\/blog\/concurso-do-ibge-para-efetivos\/\",\"url\":\"https:\/\/www.estrategiaconcursos.com.br\/blog\/concurso-do-ibge-para-efetivos\/\",\"name\":\"Concurso do IBGE para efetivos pode sair esse ano! Entenda\",\"isPartOf\":{\"@id\":\"https:\/\/www.estrategiaconcursos.com.br\/blog\/#website\"},\"primaryImageOfPage\":{\"@id\":\"https:\/\/www.estrategiaconcursos.com.br\/blog\/concurso-do-ibge-para-efetivos\/#primaryimage\"},\"image\":{\"@id\":\"https:\/\/www.estrategiaconcursos.com.br\/blog\/concurso-do-ibge-para-efetivos\/#primaryimage\"},\"thumbnailUrl\":\"https:\/\/dhg1h5j42swfq.cloudfront.net\/2023\/06\/09212019\/concurso-ibge.jpg\",\"datePublished\":\"2023-06-29T15:00:05+00:00\",\"dateModified\":\"2023-06-29T15:27:55+00:00\",\"description\":\"Concurso do IBGE para cargos efetivos pode sair esse ano, afirmou o assessor econ\u00f4mico do Minist\u00e9rio do Planejamento. Entenda aqui!\",\"breadcrumb\":{\"@id\":\"https:\/\/www.estrategiaconcursos.com.br\/blog\/concurso-do-ibge-para-efetivos\/#breadcrumb\"},\"inLanguage\":\"pt-BR\",\"potentialAction\":[{\"@type\":\"ReadAction\",\"target\":[\"https:\/\/www.estrategiaconcursos.com.br\/blog\/concurso-do-ibge-para-efetivos\/\"]}]},{\"@type\":\"ImageObject\",\"inLanguage\":\"pt-BR\",\"@id\":\"https:\/\/www.estrategiaconcursos.com.br\/blog\/concurso-do-ibge-para-efetivos\/#primaryimage\",\"url\":\"https:\/\/dhg1h5j42swfq.cloudfront.net\/2023\/06\/09212019\/concurso-ibge.jpg\",\"contentUrl\":\"https:\/\/dhg1h5j42swfq.cloudfront.net\/2023\/06\/09212019\/concurso-ibge.jpg\",\"width\":1024,\"height\":536,\"caption\":\"Processo seletivo IBGE: editais s\u00e3o previstos para maio!\"},{\"@type\":\"BreadcrumbList\",\"@id\":\"https:\/\/www.estrategiaconcursos.com.br\/blog\/concurso-do-ibge-para-efetivos\/#breadcrumb\",\"itemListElement\":[{\"@type\":\"ListItem\",\"position\":1,\"name\":\"In\u00edcio\",\"item\":\"https:\/\/www.estrategiaconcursos.com.br\/blog\/\"},{\"@type\":\"ListItem\",\"position\":2,\"name\":\"Concurso do IBGE para efetivos pode sair esse ano! Entenda\"}]},{\"@type\":\"WebSite\",\"@id\":\"https:\/\/www.estrategiaconcursos.com.br\/blog\/#website\",\"url\":\"https:\/\/www.estrategiaconcursos.com.br\/blog\/\",\"name\":\"Estrat\u00e9gia Concursos\",\"description\":\"O blog da Estrat\u00e9gia Concursos traz not\u00edcias sobre concursos e artigos de professores oferecendo cursos para concursos (pdf + videaulas) no site.\",\"publisher\":{\"@id\":\"https:\/\/www.estrategiaconcursos.com.br\/blog\/#organization\"},\"potentialAction\":[{\"@type\":\"SearchAction\",\"target\":{\"@type\":\"EntryPoint\",\"urlTemplate\":\"https:\/\/www.estrategiaconcursos.com.br\/blog\/?s={search_term_string}\"},\"query-input\":{\"@type\":\"PropertyValueSpecification\",\"valueRequired\":true,\"valueName\":\"search_term_string\"}}],\"inLanguage\":\"pt-BR\"},{\"@type\":\"Organization\",\"@id\":\"https:\/\/www.estrategiaconcursos.com.br\/blog\/#organization\",\"name\":\"Estrat\u00e9gia Concursos\",\"url\":\"https:\/\/www.estrategiaconcursos.com.br\/blog\/\",\"logo\":{\"@type\":\"ImageObject\",\"inLanguage\":\"pt-BR\",\"@id\":\"https:\/\/www.estrategiaconcursos.com.br\/blog\/#\/schema\/logo\/image\/\",\"url\":\"https:\/\/dhg1h5j42swfq.cloudfront.net\/2025\/06\/03203428\/logo_concursos-1.jpg\",\"contentUrl\":\"https:\/\/dhg1h5j42swfq.cloudfront.net\/2025\/06\/03203428\/logo_concursos-1.jpg\",\"width\":230,\"height\":60,\"caption\":\"Estrat\u00e9gia Concursos\"},\"image\":{\"@id\":\"https:\/\/www.estrategiaconcursos.com.br\/blog\/#\/schema\/logo\/image\/\"},\"sameAs\":[\"https:\/\/x.com\/EstratConcursos\"]},{\"@type\":\"Person\",\"@id\":\"https:\/\/www.estrategiaconcursos.com.br\/blog\/#\/schema\/person\/e3b6b7ce0192dd4ad270655969d61750\",\"name\":\"F\u00e1bio Scaldelai\",\"image\":{\"@type\":\"ImageObject\",\"inLanguage\":\"pt-BR\",\"@id\":\"https:\/\/secure.gravatar.com\/avatar\/8ed7492c4d88d8495bc0cb24cda6847b8ae23eec459a919e08e77d0ca0fd79ec?s=96&d=mm&r=g\",\"url\":\"https:\/\/secure.gravatar.com\/avatar\/8ed7492c4d88d8495bc0cb24cda6847b8ae23eec459a919e08e77d0ca0fd79ec?s=96&d=mm&r=g\",\"contentUrl\":\"https:\/\/secure.gravatar.com\/avatar\/8ed7492c4d88d8495bc0cb24cda6847b8ae23eec459a919e08e77d0ca0fd79ec?s=96&d=mm&r=g\",\"caption\":\"F\u00e1bio Scaldelai\"},\"description\":\"Jornalista no Estrat\u00e9gia Concursos e Produtor de Televis\u00e3o, formado em Jornalismo, R\u00e1dio e TV pela Faculdade Integrada Rio Branco, com especializa\u00e7\u00f5es em Gest\u00e3o Empresarial e Marketing pelo M\u00f3dulo. Atuou como produtor no SBT, TV Bandeirantes e R\u00e1dio Band FM, al\u00e9m de acumular tr\u00eas anos de experi\u00eancia no setor de concursos p\u00fablicos pela LFG (Luiz Fl\u00e1vio Gomes). No Estrat\u00e9gia Concursos, atua na apura\u00e7\u00e3o de not\u00edcias da \u00e1rea fiscal, al\u00e9m de coberturas sobre concursos das \u00e1reas de controle (TCU, TCE, etc), concurso AFT, \u00e1rea de gest\u00e3o e administrativa, bem como dos \u00f3rg\u00e3os participantes do CNU. Tamb\u00e9m possui experi\u00eancia em link building e an\u00e1lise de m\u00eddia, adquirida durante sua atua\u00e7\u00e3o na ag\u00eancia SEO Marketing.\",\"url\":\"https:\/\/www.estrategiaconcursos.com.br\/blog\/author\/fabio-scaldelaiestrategiaconcursos-com-br\/\"}]}<\/script>\n<!-- \/ Yoast SEO Premium plugin. -->","yoast_head_json":{"title":"Concurso do IBGE para efetivos pode sair esse ano! Entenda","description":"Concurso do IBGE para cargos efetivos pode sair esse ano, afirmou o assessor econ\u00f4mico do Minist\u00e9rio do Planejamento. Entenda aqui!","robots":{"index":"index","follow":"follow","max-snippet":"max-snippet:-1","max-image-preview":"max-image-preview:large","max-video-preview":"max-video-preview:-1"},"canonical":"https:\/\/www.estrategiaconcursos.com.br\/blog\/concurso-do-ibge-para-efetivos\/","og_locale":"pt_BR","og_type":"article","og_title":"Concurso do IBGE para efetivos pode sair esse ano! Entenda","og_description":"Concurso do IBGE para cargos efetivos pode sair esse ano, afirmou o assessor econ\u00f4mico do Minist\u00e9rio do Planejamento. Entenda aqui!","og_url":"https:\/\/www.estrategiaconcursos.com.br\/blog\/concurso-do-ibge-para-efetivos\/","og_site_name":"Estrat\u00e9gia Concursos","article_published_time":"2023-06-29T15:00:05+00:00","article_modified_time":"2023-06-29T15:27:55+00:00","og_image":[{"width":1024,"height":536,"url":"https:\/\/dhg1h5j42swfq.cloudfront.net\/2023\/06\/09212019\/concurso-ibge.jpg","type":"image\/jpeg"}],"author":"F\u00e1bio Scaldelai","twitter_card":"summary_large_image","twitter_creator":"@EstratConcursos","twitter_site":"@EstratConcursos","twitter_misc":{"Escrito por":"F\u00e1bio Scaldelai","Est. tempo de leitura":"2 minutos"},"schema":{"@context":"https:\/\/schema.org","@graph":[{"@type":"NewsArticle","@id":"https:\/\/www.estrategiaconcursos.com.br\/blog\/concurso-do-ibge-para-efetivos\/#article","isPartOf":{"@id":"https:\/\/www.estrategiaconcursos.com.br\/blog\/concurso-do-ibge-para-efetivos\/"},"author":{"name":"F\u00e1bio Scaldelai","@id":"https:\/\/www.estrategiaconcursos.com.br\/blog\/#\/schema\/person\/e3b6b7ce0192dd4ad270655969d61750"},"headline":"Concurso do IBGE para efetivos pode sair esse ano! Entenda","datePublished":"2023-06-29T15:00:05+00:00","dateModified":"2023-06-29T15:27:55+00:00","mainEntityOfPage":{"@id":"https:\/\/www.estrategiaconcursos.com.br\/blog\/concurso-do-ibge-para-efetivos\/"},"wordCount":437,"commentCount":0,"publisher":{"@id":"https:\/\/www.estrategiaconcursos.com.br\/blog\/#organization"},"image":{"@id":"https:\/\/www.estrategiaconcursos.com.br\/blog\/concurso-do-ibge-para-efetivos\/#primaryimage"},"thumbnailUrl":"https:\/\/dhg1h5j42swfq.cloudfront.net\/2023\/06\/09212019\/concurso-ibge.jpg","articleSection":["Executivo (Administrativa)","\u00daltimas not\u00edcias"],"inLanguage":"pt-BR","potentialAction":[{"@type":"CommentAction","name":"Comment","target":["https:\/\/www.estrategiaconcursos.com.br\/blog\/concurso-do-ibge-para-efetivos\/#respond"]}],"copyrightYear":"2023","copyrightHolder":{"@id":"https:\/\/www.estrategiaconcursos.com.br\/blog\/#organization"}},{"@type":"WebPage","@id":"https:\/\/www.estrategiaconcursos.com.br\/blog\/concurso-do-ibge-para-efetivos\/","url":"https:\/\/www.estrategiaconcursos.com.br\/blog\/concurso-do-ibge-para-efetivos\/","name":"Concurso do IBGE para efetivos pode sair esse ano! Entenda","isPartOf":{"@id":"https:\/\/www.estrategiaconcursos.com.br\/blog\/#website"},"primaryImageOfPage":{"@id":"https:\/\/www.estrategiaconcursos.com.br\/blog\/concurso-do-ibge-para-efetivos\/#primaryimage"},"image":{"@id":"https:\/\/www.estrategiaconcursos.com.br\/blog\/concurso-do-ibge-para-efetivos\/#primaryimage"},"thumbnailUrl":"https:\/\/dhg1h5j42swfq.cloudfront.net\/2023\/06\/09212019\/concurso-ibge.jpg","datePublished":"2023-06-29T15:00:05+00:00","dateModified":"2023-06-29T15:27:55+00:00","description":"Concurso do IBGE para cargos efetivos pode sair esse ano, afirmou o assessor econ\u00f4mico do Minist\u00e9rio do Planejamento. Entenda aqui!","breadcrumb":{"@id":"https:\/\/www.estrategiaconcursos.com.br\/blog\/concurso-do-ibge-para-efetivos\/#breadcrumb"},"inLanguage":"pt-BR","potentialAction":[{"@type":"ReadAction","target":["https:\/\/www.estrategiaconcursos.com.br\/blog\/concurso-do-ibge-para-efetivos\/"]}]},{"@type":"ImageObject","inLanguage":"pt-BR","@id":"https:\/\/www.estrategiaconcursos.com.br\/blog\/concurso-do-ibge-para-efetivos\/#primaryimage","url":"https:\/\/dhg1h5j42swfq.cloudfront.net\/2023\/06\/09212019\/concurso-ibge.jpg","contentUrl":"https:\/\/dhg1h5j42swfq.cloudfront.net\/2023\/06\/09212019\/concurso-ibge.jpg","width":1024,"height":536,"caption":"Processo seletivo IBGE: editais s\u00e3o previstos para maio!"},{"@type":"BreadcrumbList","@id":"https:\/\/www.estrategiaconcursos.com.br\/blog\/concurso-do-ibge-para-efetivos\/#breadcrumb","itemListElement":[{"@type":"ListItem","position":1,"name":"In\u00edcio","item":"https:\/\/www.estrategiaconcursos.com.br\/blog\/"},{"@type":"ListItem","position":2,"name":"Concurso do IBGE para efetivos pode sair esse ano! Entenda"}]},{"@type":"WebSite","@id":"https:\/\/www.estrategiaconcursos.com.br\/blog\/#website","url":"https:\/\/www.estrategiaconcursos.com.br\/blog\/","name":"Estrat\u00e9gia Concursos","description":"O blog da Estrat\u00e9gia Concursos traz not\u00edcias sobre concursos e artigos de professores oferecendo cursos para concursos (pdf + videaulas) no site.","publisher":{"@id":"https:\/\/www.estrategiaconcursos.com.br\/blog\/#organization"},"potentialAction":[{"@type":"SearchAction","target":{"@type":"EntryPoint","urlTemplate":"https:\/\/www.estrategiaconcursos.com.br\/blog\/?s={search_term_string}"},"query-input":{"@type":"PropertyValueSpecification","valueRequired":true,"valueName":"search_term_string"}}],"inLanguage":"pt-BR"},{"@type":"Organization","@id":"https:\/\/www.estrategiaconcursos.com.br\/blog\/#organization","name":"Estrat\u00e9gia Concursos","url":"https:\/\/www.estrategiaconcursos.com.br\/blog\/","logo":{"@type":"ImageObject","inLanguage":"pt-BR","@id":"https:\/\/www.estrategiaconcursos.com.br\/blog\/#\/schema\/logo\/image\/","url":"https:\/\/dhg1h5j42swfq.cloudfront.net\/2025\/06\/03203428\/logo_concursos-1.jpg","contentUrl":"https:\/\/dhg1h5j42swfq.cloudfront.net\/2025\/06\/03203428\/logo_concursos-1.jpg","width":230,"height":60,"caption":"Estrat\u00e9gia Concursos"},"image":{"@id":"https:\/\/www.estrategiaconcursos.com.br\/blog\/#\/schema\/logo\/image\/"},"sameAs":["https:\/\/x.com\/EstratConcursos"]},{"@type":"Person","@id":"https:\/\/www.estrategiaconcursos.com.br\/blog\/#\/schema\/person\/e3b6b7ce0192dd4ad270655969d61750","name":"F\u00e1bio Scaldelai","image":{"@type":"ImageObject","inLanguage":"pt-BR","@id":"https:\/\/secure.gravatar.com\/avatar\/8ed7492c4d88d8495bc0cb24cda6847b8ae23eec459a919e08e77d0ca0fd79ec?s=96&d=mm&r=g","url":"https:\/\/secure.gravatar.com\/avatar\/8ed7492c4d88d8495bc0cb24cda6847b8ae23eec459a919e08e77d0ca0fd79ec?s=96&d=mm&r=g","contentUrl":"https:\/\/secure.gravatar.com\/avatar\/8ed7492c4d88d8495bc0cb24cda6847b8ae23eec459a919e08e77d0ca0fd79ec?s=96&d=mm&r=g","caption":"F\u00e1bio Scaldelai"},"description":"Jornalista no Estrat\u00e9gia Concursos e Produtor de Televis\u00e3o, formado em Jornalismo, R\u00e1dio e TV pela Faculdade Integrada Rio Branco, com especializa\u00e7\u00f5es em Gest\u00e3o Empresarial e Marketing pelo M\u00f3dulo. Atuou como produtor no SBT, TV Bandeirantes e R\u00e1dio Band FM, al\u00e9m de acumular tr\u00eas anos de experi\u00eancia no setor de concursos p\u00fablicos pela LFG (Luiz Fl\u00e1vio Gomes). No Estrat\u00e9gia Concursos, atua na apura\u00e7\u00e3o de not\u00edcias da \u00e1rea fiscal, al\u00e9m de coberturas sobre concursos das \u00e1reas de controle (TCU, TCE, etc), concurso AFT, \u00e1rea de gest\u00e3o e administrativa, bem como dos \u00f3rg\u00e3os participantes do CNU. Tamb\u00e9m possui experi\u00eancia em link building e an\u00e1lise de m\u00eddia, adquirida durante sua atua\u00e7\u00e3o na ag\u00eancia SEO Marketing.","url":"https:\/\/www.estrategiaconcursos.com.br\/blog\/author\/fabio-scaldelaiestrategiaconcursos-com-br\/"}]}},"_links":{"self":[{"href":"https:\/\/www.estrategiaconcursos.com.br\/blog\/wp-json\/wp\/v2\/posts\/1240921","targetHints":{"allow":["GET"]}}],"collection":[{"href":"https:\/\/www.estrategiaconcursos.com.br\/blog\/wp-json\/wp\/v2\/posts"}],"about":[{"href":"https:\/\/www.estrategiaconcursos.com.br\/blog\/wp-json\/wp\/v2\/types\/post"}],"author":[{"embeddable":true,"href":"https:\/\/www.estrategiaconcursos.com.br\/blog\/wp-json\/wp\/v2\/users\/656"}],"replies":[{"embeddable":true,"href":"https:\/\/www.estrategiaconcursos.com.br\/blog\/wp-json\/wp\/v2\/comments?post=1240921"}],"version-history":[{"count":12,"href":"https:\/\/www.estrategiaconcursos.com.br\/blog\/wp-json\/wp\/v2\/posts\/1240921\/revisions"}],"predecessor-version":[{"id":1240993,"href":"https:\/\/www.estrategiaconcursos.com.br\/blog\/wp-json\/wp\/v2\/posts\/1240921\/revisions\/1240993"}],"wp:featuredmedia":[{"embeddable":true,"href":"https:\/\/www.estrategiaconcursos.com.br\/blog\/wp-json\/wp\/v2\/media\/1230118"}],"wp:attachment":[{"href":"https:\/\/www.estrategiaconcursos.com.br\/blog\/wp-json\/wp\/v2\/media?parent=1240921"}],"wp:term":[{"taxonomy":"category","embeddable":true,"href":"https:\/\/www.estrategiaconcursos.com.br\/blog\/wp-json\/wp\/v2\/categories?post=1240921"},{"taxonomy":"post_tag","embeddable":true,"href":"https:\/\/www.estrategiaconcursos.com.br\/blog\/wp-json\/wp\/v2\/tags?post=1240921"},{"taxonomy":"tax_estado","embeddable":true,"href":"https:\/\/www.estrategiaconcursos.com.br\/blog\/wp-json\/wp\/v2\/tax_estado?post=1240921"}],"curies":[{"name":"wp","href":"https:\/\/api.w.org\/{rel}","templated":true}]}}