{"id":12401,"date":"2013-12-08T16:15:06","date_gmt":"2013-12-08T19:15:06","guid":{"rendered":"https:\/\/www.estrategiaconcursos.com.br\/blog\/?p=12401"},"modified":"2019-06-17T14:22:56","modified_gmt":"2019-06-17T17:22:56","slug":"prova-concurso-trt-ba-ajaj-possibilidade-de-recurso","status":"publish","type":"post","link":"https:\/\/www.estrategiaconcursos.com.br\/blog\/prova-concurso-trt-ba-ajaj-possibilidade-de-recurso\/","title":{"rendered":"Direito Constitucional &#8211; Prova Concurso TRT BA (AJAJ) &#8211; Possibilidade de recurso"},"content":{"rendered":"<p>Ol\u00e1, amigos do Estrat\u00e9gia! Como v\u00e3o os estudos?<\/p>\n<p>Nesse artigo, comento a prova de Direito Constitucional para o cargo de &nbsp;Analista Judici\u00e1rio (\u00c1rea Judici\u00e1ria), do Concurso TRT BA.<\/p>\n<p>Segundo minha an\u00e1lise, h\u00e1 <em><strong>grande possibilidade de recurso quanto \u00e0<\/strong> <strong>quest\u00e3o n\u00ba 21<\/strong><\/em>, da prova, que \u00e9 a primeira das que comento abaixo.<\/p>\n<p>Um abra\u00e7o,<\/p>\n<p>Ricardo Vale<\/p>\n<p><strong>1- (FCC \/ Concurso TRT BA \u2013 AJAJ \u2013 2013) Suponha que o Governador do Estado da Bahia tenha ajuizado, perante o Supremo Tribunal Federal, a\u00e7\u00e3o direta de inconstitucionalidade por omiss\u00e3o, em face do Congresso Nacional, por aus\u00eancia da lei complementar federal de que trata o par\u00e1grafo \u00fanico do artigo 23 da Constitui\u00e7\u00e3o Federal, em determinada mat\u00e9ria de interesse comum entre todos os entes federativos.<\/strong><\/p>\n<p><strong>Considerando que o par\u00e1grafo \u00fanico do art. 23 da Constitui\u00e7\u00e3o Federal disp\u00f5e que \u201cLeis complementares fixar\u00e3o normas para a coopera\u00e7\u00e3o entre a Uni\u00e3o e os Estados, o Distrito Federal e os Munic\u00edpios, tendo em vista o equil\u00edbrio do desenvolvimento e do bem-estar em \u00e2mbito nacional\u201d e \u00e0 luz das demais disposi\u00e7\u00f5es constitucionais,<\/strong><\/p>\n<p>a) deve ser citado o Procurador-Geral da Rep\u00fablica, a quem caber\u00e1 a defesa do Congresso Nacional.<\/p>\n<p>b) a a\u00e7\u00e3o n\u00e3o \u00e9 cab\u00edvel, uma vez que se trata de omiss\u00e3o de lei complementar federal.<\/p>\n<p>c) a a\u00e7\u00e3o n\u00e3o \u00e9 cab\u00edvel, uma vez que o Governador n\u00e3o est\u00e1 legitimado \u00e0 propositura de a\u00e7\u00e3o direta de inconstitucionalidade por omiss\u00e3o.<\/p>\n<p>d) sendo declarada a inconstitucionalidade por omiss\u00e3o, dever\u00e1 ser dada ci\u00eancia ao Congresso Nacional para legislar sobre a mat\u00e9ria no prazo de 30 dias.<\/p>\n<p>e) n\u00e3o cabe a cita\u00e7\u00e3o do Advogado-Geral da Uni\u00e3o, uma vez que n\u00e3o h\u00e1 norma legal ou ato normativo a ser defendido.<\/p>\n<p><strong>Coment\u00e1rios:<\/strong><\/p>\n<p><strong>Cabe recurso nessa quest\u00e3o, uma vez que a letra E \u00e9 bastante pol\u00eamica. <\/strong><\/p>\n<p>Letra A: errada. De fato, o Procurador-Geral da Rep\u00fablica (PGR) dever\u00e1 ser ouvido em todas as A\u00e7\u00f5es Diretas de Inconstitucionalidade (ADIn). No entanto, seu papel n\u00e3o \u00e9 o de defender o ato impugnado, tampouco defender a omiss\u00e3o legislativa do Congresso. O papel do PGR \u00e9 o de atuar como <strong>\u201cfiscal da lei\u201d;<\/strong> nesse mister, ele poder\u00e1 atuar com liberdade, opinando pela proced\u00eancia ou n\u00e3o das a\u00e7\u00f5es propostas.<\/p>\n<p>Letra B: errada. A A\u00e7\u00e3o Direta de Constitucionalidade por omiss\u00e3o (ADO) ser\u00e1, sim, admitida; isso porque podem ser objeto de ADO as omiss\u00f5es de \u00f3rg\u00e3os e autoridades federais e estaduais.<\/p>\n<p>Letra C: errada. Os legitimados para a propositura de ADO s\u00e3o os mesmos legitimados para a propositura de ADIn, os quais est\u00e3o relacionados no art. 103, da CF\/88. O Governador de Estado \u00e9 um <strong>legitimado especial<\/strong>, eis que somente poder\u00e1 propor tais a\u00e7\u00f5es quando comprovar um interesse especial no tema (pertin\u00eancia tem\u00e1tica). \u00c9 ineg\u00e1vel que, na situa\u00e7\u00e3o apresentada (omiss\u00e3o de lei complementar acerca de normas de coopera\u00e7\u00e3o entre os entes federativos), <b>h\u00e1 <\/b><strong>pertin\u00eancia tem\u00e1tica<\/strong>.<\/p>\n<p>Letra D: errada. Os efeitos da decis\u00e3o que declara a inconstitucionalidade por omiss\u00e3o s\u00e3o diferentes, a depender de quem incorreu na omiss\u00e3o:<\/p>\n<p>&#8211; caso a omiss\u00e3o seja de um Poder, o STF ir\u00e1 dar-lhe ci\u00eancia para que adote as medidas pertinentes \u00e0 edi\u00e7\u00e3o do ato legislativo. N\u00e3o h\u00e1, nesse caso, qualquer imposi\u00e7\u00e3o de prazo; apenas ser\u00e1 dado conhecimento ao respectivo Poder acerca da sua omiss\u00e3o.<\/p>\n<p>&#8211; caso a omiss\u00e3o seja de um \u00f3rg\u00e3o administrativo, o STF ir\u00e1 determinar que, no prazo de 30 dias (ou em prazo razo\u00e1vel), sejam adotadas as provid\u00eancias necess\u00e1rias para a edi\u00e7\u00e3o do ato. Perceba que quando a omiss\u00e3o \u00e9 de um \u00f3rg\u00e3o administrativo haver\u00e1 a imposi\u00e7\u00e3o de um prazo pelo STF.<\/p>\n<p>Na situa\u00e7\u00e3o apresentada pelo enunciado, a omiss\u00e3o \u00e9 do Congresso Nacional, motivo pelo qual n\u00e3o ser\u00e1 imposto nenhum prazo para que este legisle sobre a mat\u00e9ria.<\/p>\n<p>Letra E: foi considerada correta pela banca examinadora. No entanto, <strong>cabe recurso<\/strong>.<\/p>\n<p>Na A\u00e7\u00e3o Direta de Inconstitucionalidade (ADIn), o Advogado-Geral da Uni\u00e3o dever\u00e1 ser citado, obrigatoriamente, No entanto, na A\u00e7\u00e3o Direta de Inconstitucionalidade por Omiss\u00e3o (ADO), \u00e9<strong> facultativa <\/strong>a cita\u00e7\u00e3o do Advogado-Geral da Uni\u00e3o, decis\u00e3o esta que compete ao Ministro Relator. Assim, <b>\u00e9 <\/b><strong>plenamente cab\u00edvel <\/strong>a cita\u00e7\u00e3o do Advogado-Geral da Uni\u00e3o na situa\u00e7\u00e3o apresentada, desde que assim queira o relator.<\/p>\n<p>O fundamento dessa possibilidade de cita\u00e7\u00e3o do Advogado-Geral da Uni\u00e3o \u00e9 o art. 12-E, \u00a7 2\u00ba, da Lei n\u00ba 9.868\/99. Usem esse dispositivo para embasar seus recursos.<\/p>\n<p><strong>2- (FCC \/ Concurso TRT BA \u2013 AJAJ \u2013 2013) Certa lei estadual disp\u00f4s sobre contrato de trabalho firmado com empregados p\u00fablicos estaduais, contratados sob o regime celetista, tratando da jornada de trabalho, f\u00e9rias e rescis\u00e3o do contrato de trabalho, divergindo da legisla\u00e7\u00e3o trabalhista aplic\u00e1vel aos empregados de modo geral. \u00c0 luz da Constitui\u00e7\u00e3o Federal, a mat\u00e9ria objeto da referida lei insere-se no \u00e2mbito da compet\u00eancia legislativa:<\/strong><\/p>\n<p>a) dos Estados, uma vez que versa sobre contrato de trabalho firmado com servidores da Administra\u00e7\u00e3o p\u00fablica estadual, mas a lei estadual n\u00e3o pode impor ao empregado p\u00fablico regime de trabalho menos favorecido do que aquele previsto na legisla\u00e7\u00e3o trabalhista.<\/p>\n<p>b) dos Estados, uma vez que versa sobre contrato de trabalho firmado com servidores da Administra\u00e7\u00e3o p\u00fablica estadual, cabendo ao Estado dispor sobre o regime de trabalho do empregado p\u00fablico independentemente daquele previsto na legisla\u00e7\u00e3o trabalhista.<\/p>\n<p>c) da Uni\u00e3o, visto tratar sobre direito do trabalho, sendo vedada a delega\u00e7\u00e3o desta compet\u00eancia aos Estados, uma vez que o direito do trabalho \u00e9 objeto de pactos internacionais celebrados pela Rep\u00fablica Federativa do Brasil.<\/p>\n<p>d) da Uni\u00e3o, a quem cabe legislar privativamente sobre direito do trabalho, podendo delegar a compet\u00eancia aos Estados para legislarem sobre quest\u00f5es espec\u00edficas sobre a mat\u00e9ria.<\/p>\n<p>e) concorrente entre Uni\u00e3o e Estados, cabendo \u00e0 Uni\u00e3o legislar sobre normas gerais e aos Estados exercer a compet\u00eancia suplementar, inclusive no caso de inexist\u00eancia de normas gerais da Uni\u00e3o.<\/p>\n<p><strong>Coment\u00e1rios:<\/strong><\/p>\n<p>A compet\u00eancia para legislar sobre direito do trabalho \u00e9 privativa da Uni\u00e3o, nos termos do art. 22, inciso I, da CF\/88. Tendo em vista que se trata de compet\u00eancia privativa (e n\u00e3o exclusiva!), \u00e9 poss\u00edvel que ela seja, mediante lei complementar, delegada aos Estados para que possam legislar sobre quest\u00f5es espec\u00edficas sobre a mat\u00e9ria. A resposta, portanto, \u00e9 a letra D<\/p>\n<p><strong>3- (FCC \/ Concurso TRT BA \u2013 AJAJ \u2013 2013) Um Munic\u00edpio celebrou conven\u00e7\u00e3o coletiva de trabalho com o Sindicato Municipal dos Empregados P\u00fablicos, atrav\u00e9s da qual se obrigou a conceder aumento dos vencimentos dos empregados p\u00fablicos nos pr\u00f3ximos tr\u00eas anos, a raz\u00e3o de 5% ao ano.<\/strong><\/p>\n<p><strong>Considerando que o acordo n\u00e3o foi cumprido logo no exerc\u00edcio seguinte, os empregados p\u00fablicos municipais entraram em greve, reivindicando aumento salarial, muito embora ainda n\u00e3o tenha sido editada lei que defina os termos e os limites do direito de greve dos servidores p\u00fablicos. Diante desse contexto, considere as seguintes afirma\u00e7\u00f5es \u00e0 luz da Constitui\u00e7\u00e3o Federal:<\/strong><\/p>\n<p>I. O aumento da remunera\u00e7\u00e3o dos empregados p\u00fablicos n\u00e3o poderia ter sido objeto de conven\u00e7\u00e3o coletiva, em que pese a Constitui\u00e7\u00e3o Federal garanta ao servidor p\u00fablico civil o direito \u00e0 livre associa\u00e7\u00e3o sindical.<\/p>\n<p>II. Os empregados p\u00fablicos n\u00e3o poderiam ter exercido o direito de greve por faltar lei espec\u00edfica que defina os termos e os limites do direito de greve dos servidores p\u00fablicos.<\/p>\n<p>III. Cabe \u00e0 Uni\u00e3o editar lei complementar para disciplinar os termos e os limites do direito de greve dos servidores p\u00fablicos.<\/p>\n<p><strong>Est\u00e1 correto o que se afirma APENAS em<\/strong><\/p>\n<p>a) III.<\/p>\n<p>b) II.<\/p>\n<p>c) I.<\/p>\n<p>d) I e III<\/p>\n<p>e) II e III.<\/p>\n<p><strong>Coment\u00e1rios:<\/strong><\/p>\n<p>A <strong>primeira assertiva<\/strong> est\u00e1 correta. Segundo a S\u00famula n\u00ba 679, do STF, \u201c<em>a fixa\u00e7\u00e3o de vencimentos dos <strong>servidores p\u00fablicos<\/strong> n\u00e3o pode ser objeto de conven\u00e7\u00e3o coletiva<\/em>\u201d. Esse entendimento \u00e9 o que, hoje, tamb\u00e9m se aplica aos empregados p\u00fablicos. Cabe destacar que ao servidor p\u00fablico civil \u00e9 facultado o direito \u00e0 livre associa\u00e7\u00e3o (art.37, inciso VI, CF\/88).<\/p>\n<p>A <strong>segunda assertiva <\/strong>est\u00e1 errada. \u00c9 poss\u00edvel, sim, que tanto os empregados p\u00fablicos quanto os servidores p\u00fablicos exer\u00e7am seu direito de greve. Com rela\u00e7\u00e3o aos servidores p\u00fablicos, apesar da falta de lei regulamentadora sobre o direito de greve, decidiu o STF que eles poder\u00e3o usufruir de tal direito, aplicando-se lhes a lei de greve do setor privado.<\/p>\n<p>A <strong>terceira assertiva<\/strong> est\u00e1 errada. Os termos e limites do direito de greve dever\u00e3o ser objeto de lei ordin\u00e1ria (e n\u00e3o lei complementar!). Com efeito, a CF\/88 disp\u00f5e que \u201co direito de greve ser\u00e1 exercido nos termos e nos limites definidos em lei espec\u00edfica\u201d (art. 37, inciso VII).<\/p>\n<p>O gabarito, portanto, \u00e9 a letra C.<\/p>\n<p><strong>4- (FCC \/ Concurso TRT BA \u2013 AJAJ \u2013 2013) O Tribunal de Contas da Uni\u00e3o negou o registro de aposentadoria de um servidor estatut\u00e1rio do Tribunal Regional do Trabalho da 5a Regi\u00e3o, por considerar n\u00e3o preenchidos os requisitos legais para tanto. O Tribunal de Contas ainda comunicou a decis\u00e3o ao \u00f3rg\u00e3o administrativo competente, para as provid\u00eancias necess\u00e1rias ao cumprimento da legalidade. Nesse caso, o Tribunal de Contas agiu:<\/strong><\/p>\n<p>a) incorretamente, uma vez que n\u00e3o lhe cabe negar o registro de aposentadoria de servidor p\u00fablico, devendo apenas suspender os efeitos do ato de aposentadoria.<\/p>\n<p>b) incorretamente, uma vez que n\u00e3o lhe cabe negar o registro de aposentadoria de servidores p\u00fablicos vinculados ao Poder Judici\u00e1rio, mas apenas recomendar ao \u00f3rg\u00e3o administrativo competente que tome as provid\u00eancias para sanar a ilegalidade do ato.<\/p>\n<p>c) incorretamente, uma vez que n\u00e3o lhe cabe negar o registro de aposentadoria de servidores p\u00fablicos, visto que a provid\u00eancia se insere dentre as atribui\u00e7\u00f5es do Congresso Nacional.<\/p>\n<p>d) corretamente, uma vez que compete a ele negar o registro de aposentadoria de servidores P\u00fablicos vinculados ao Poder Judici\u00e1rio, mas n\u00e3o poderia ter comunicado a decis\u00e3o ao \u00f3rg\u00e3o administrativo competente para sanar a ilegalidade, uma vez que tal provid\u00eancia viola o livre exerc\u00edcio dos poderes.<\/p>\n<p>e) corretamente, cabendo-lhe negar o registro de aposentadoria concedida ilegalmente e comunicar a decis\u00e3o ao \u00f3rg\u00e3o administrativo competente para as provid\u00eancias necess\u00e1rias ao cumprimento da legalidade.<\/p>\n<p><strong>Coment\u00e1rios: <\/strong><\/p>\n<p>Segundo a Constitui\u00e7\u00e3o Federal, compete ao TCU<b>:<\/b><\/p>\n<p><b>&#8211; <\/b>apreciar, para fins de registro, a legalidade dos atos de admiss\u00e3o de pessoal, a qualquer t\u00edtulo, na administra\u00e7\u00e3o direta e indireta, inclu\u00eddas as funda\u00e7\u00f5es institu\u00eddas e mantidas pelo Poder P\u00fablico, excetuadas as nomea\u00e7\u00f5es para cargo de provimento em comiss\u00e3o;<\/p>\n<p>&#8211; apreciar, para fins de registro, a <strong>legalidade das concess\u00f5es de aposentadorias<\/strong>, reformas e pens\u00f5es, ressalvadas as melhorias posteriores que n\u00e3o alterem o fundamento legal do ato concess\u00f3rio.<\/p>\n<p>Portanto, a atua\u00e7\u00e3o do TCU na situa\u00e7\u00e3o apresentada pelo enunciado foi correta, cabendo-lhe <strong>negar o registro de aposentadoria concedida ilegalmente<\/strong>, comunicando a decis\u00e3o ao \u00f3rg\u00e3o administrativo competente. A resposta, portanto, \u00e9 a letra E.<\/p>\n<p><strong>5- (FCC \/ Concurso TRT BA \u2013 AJAJ \u2013 2013) Um magistrado foi acusado de pr\u00e1tica de infra\u00e7\u00e3o disciplinar, tendo sido punido pelo Tribunal competente com a san\u00e7\u00e3o de disponibilidade. Ap\u00f3s dois anos do julgamento do processo disciplinar, o magistrado requereu ao Conselho Nacional de Justi\u00e7a \u2212 CNJ a revis\u00e3o do julgamento, o que foi rejeitado pelo Conselho. Considerando a Constitui\u00e7\u00e3o Federal, a decis\u00e3o do Conselho foi:<\/strong><\/p>\n<p>a) incorreta, uma vez que pode o CNJ rever os processos disciplinares de ju\u00edzes e membros de tribunais j\u00e1 conclu\u00eddos h\u00e1 menos de cinco anos.<\/p>\n<p>b) incorreta, uma vez que cabe ao CNJ, com exclusividade, aplicar a san\u00e7\u00e3o administrativa de disponibilidade contra magistrado, motivo pelo qual o pedido de revis\u00e3o deveria ter sido aceito.<\/p>\n<p>c) correta, uma vez que n\u00e3o pode o CNJ rever os processos disciplinares de ju\u00edzes e membros de tribunais julgados h\u00e1 mais de um ano.<\/p>\n<p>d) correta, uma vez que apenas o Minist\u00e9rio P\u00fablico pode suscitar a revis\u00e3o de processo disciplinar julgado h\u00e1 mais de um ano.<\/p>\n<p>e) correta, uma vez que cabe ao Conselho Nacional de Justi\u00e7a rever o julgamento do processo disciplinar apenas no caso de imposi\u00e7\u00e3o da pena de perda do cargo.<\/p>\n<p><strong>Coment\u00e1rios:<\/strong><\/p>\n<p>O Conselho Nacional de Justi\u00e7a (CNJ) tem, como uma de suas compet\u00eancias, rever, de of\u00edcio ou mediante provoca\u00e7\u00e3o, os processos disciplinares de ju\u00edzes e membros de tribunais julgados <em><strong>h\u00e1 menos de um ano<\/strong><\/em>. Passado esse prazo de um ano, o CNJ n\u00e3o poder\u00e1 mais rever os processos disciplinares de ju\u00edzes e membros de tribunais julgados. Assim, na situa\u00e7\u00e3o apresentada pela quest\u00e3o, agiu bem o CNJ ao rejeitar o pleito de revis\u00e3o do julgamento. A resposta, portanto, \u00e9 a letra C.<\/p>\n<p>Como voc\u00eas perceberam, a prova foi bastante tranquila. Quem estudou por nosso curso certamente se saiu muito bem! :)<\/p>\n<p>PS: Caso queiram conhecer o curso Regular de Direito Constitucional, com conte\u00fado em pdf e em v\u00eddeo, que escrevi <em><strong>em parceria com a professora N\u00e1dia Carolina<\/strong><\/em>, eis o link =&gt;<\/p>\n<p><a title=\"CURSO REGULAR DE DIREITO CONSTITUCIONAL\" href=\"https:\/\/www.estrategiaconcursos.com.br\/curso\/curso-regular-de-direito-constitucional-com-videoaulas-5973\/\" target=\"_blank\" rel=\"noopener noreferrer\">https:\/\/www.estrategiaconcursos.com.br\/curso\/curso-regular-de-direito-constitucional-com-videoaulas-5973\/<\/a><\/p>\n","protected":false},"excerpt":{"rendered":"<p>Ol\u00e1, amigos do Estrat\u00e9gia! Como v\u00e3o os estudos? Nesse artigo, comento a prova de Direito Constitucional para o cargo de &nbsp;Analista Judici\u00e1rio (\u00c1rea Judici\u00e1ria), do Concurso TRT BA. Segundo minha an\u00e1lise, h\u00e1 grande possibilidade de recurso quanto \u00e0 quest\u00e3o n\u00ba 21, da prova, que \u00e9 a primeira das que comento abaixo. Um abra\u00e7o, Ricardo Vale [&hellip;]<\/p>\n","protected":false},"author":26,"featured_media":0,"comment_status":"open","ping_status":"open","sticky":false,"template":"","format":"standard","meta":{"post_tipo":"article","footnotes":""},"categories":[1],"tags":[891],"tax_estado":[],"class_list":["post-12401","post","type-post","status-publish","format-standard","hentry","category-cursos-e-concursos","tag-concurso-trt-ba"],"acf":[],"yoast_head":"<!-- This site is optimized with the Yoast SEO Premium plugin v27.2 (Yoast SEO v27.2) - https:\/\/yoast.com\/product\/yoast-seo-premium-wordpress\/ -->\n<title>Concurso TRT BA<\/title>\n<meta name=\"description\" content=\"Concurso TRT BA - Direito Constitucional\" \/>\n<meta name=\"robots\" content=\"index, follow, max-snippet:-1, max-image-preview:large, max-video-preview:-1\" \/>\n<link rel=\"canonical\" href=\"https:\/\/www.estrategiaconcursos.com.br\/blog\/prova-concurso-trt-ba-ajaj-possibilidade-de-recurso\/\" \/>\n<meta property=\"og:locale\" content=\"pt_BR\" \/>\n<meta property=\"og:type\" content=\"article\" \/>\n<meta property=\"og:title\" content=\"Direito Constitucional - Prova Concurso TRT BA (AJAJ) - Possibilidade de recurso\" \/>\n<meta property=\"og:description\" content=\"Concurso TRT BA - Direito Constitucional\" \/>\n<meta property=\"og:url\" content=\"https:\/\/www.estrategiaconcursos.com.br\/blog\/prova-concurso-trt-ba-ajaj-possibilidade-de-recurso\/\" \/>\n<meta property=\"og:site_name\" content=\"Estrat\u00e9gia Concursos\" \/>\n<meta property=\"article:author\" content=\"https:\/\/www.facebook.com\/rvale01\" \/>\n<meta property=\"article:published_time\" content=\"2013-12-08T19:15:06+00:00\" \/>\n<meta property=\"article:modified_time\" content=\"2019-06-17T17:22:56+00:00\" \/>\n<meta name=\"author\" content=\"Ricardo Vale\" \/>\n<meta name=\"twitter:card\" content=\"summary_large_image\" \/>\n<meta name=\"twitter:creator\" content=\"@https:\/\/twitter.com\/EstratConcursos\" \/>\n<meta name=\"twitter:site\" content=\"@EstratConcursos\" \/>\n<meta name=\"twitter:label1\" content=\"Escrito por\" \/>\n\t<meta name=\"twitter:data1\" content=\"Ricardo Vale\" \/>\n\t<meta name=\"twitter:label2\" content=\"Est. tempo de leitura\" \/>\n\t<meta name=\"twitter:data2\" content=\"11 minutos\" \/>\n<script type=\"application\/ld+json\" class=\"yoast-schema-graph\">{\"@context\":\"https:\/\/schema.org\",\"@graph\":[{\"@type\":\"NewsArticle\",\"@id\":\"https:\/\/www.estrategiaconcursos.com.br\/blog\/prova-concurso-trt-ba-ajaj-possibilidade-de-recurso\/#article\",\"isPartOf\":{\"@id\":\"https:\/\/www.estrategiaconcursos.com.br\/blog\/prova-concurso-trt-ba-ajaj-possibilidade-de-recurso\/\"},\"author\":{\"name\":\"Ricardo Vale\",\"@id\":\"https:\/\/www.estrategiaconcursos.com.br\/blog\/#\/schema\/person\/c32e47dba2159cafe7796a9569a6ff7e\"},\"headline\":\"Direito Constitucional &#8211; Prova Concurso TRT BA (AJAJ) &#8211; Possibilidade de recurso\",\"datePublished\":\"2013-12-08T19:15:06+00:00\",\"dateModified\":\"2019-06-17T17:22:56+00:00\",\"mainEntityOfPage\":{\"@id\":\"https:\/\/www.estrategiaconcursos.com.br\/blog\/prova-concurso-trt-ba-ajaj-possibilidade-de-recurso\/\"},\"wordCount\":2265,\"commentCount\":0,\"publisher\":{\"@id\":\"https:\/\/www.estrategiaconcursos.com.br\/blog\/#organization\"},\"keywords\":[\"concurso trt ba\"],\"articleSection\":[\"Concursos P\u00fablicos\"],\"inLanguage\":\"pt-BR\",\"potentialAction\":[{\"@type\":\"CommentAction\",\"name\":\"Comment\",\"target\":[\"https:\/\/www.estrategiaconcursos.com.br\/blog\/prova-concurso-trt-ba-ajaj-possibilidade-de-recurso\/#respond\"]}],\"copyrightYear\":\"2013\",\"copyrightHolder\":{\"@id\":\"https:\/\/www.estrategiaconcursos.com.br\/blog\/#organization\"}},{\"@type\":\"WebPage\",\"@id\":\"https:\/\/www.estrategiaconcursos.com.br\/blog\/prova-concurso-trt-ba-ajaj-possibilidade-de-recurso\/\",\"url\":\"https:\/\/www.estrategiaconcursos.com.br\/blog\/prova-concurso-trt-ba-ajaj-possibilidade-de-recurso\/\",\"name\":\"Concurso TRT BA\",\"isPartOf\":{\"@id\":\"https:\/\/www.estrategiaconcursos.com.br\/blog\/#website\"},\"datePublished\":\"2013-12-08T19:15:06+00:00\",\"dateModified\":\"2019-06-17T17:22:56+00:00\",\"description\":\"Concurso TRT BA - Direito Constitucional\",\"breadcrumb\":{\"@id\":\"https:\/\/www.estrategiaconcursos.com.br\/blog\/prova-concurso-trt-ba-ajaj-possibilidade-de-recurso\/#breadcrumb\"},\"inLanguage\":\"pt-BR\",\"potentialAction\":[{\"@type\":\"ReadAction\",\"target\":[\"https:\/\/www.estrategiaconcursos.com.br\/blog\/prova-concurso-trt-ba-ajaj-possibilidade-de-recurso\/\"]}]},{\"@type\":\"BreadcrumbList\",\"@id\":\"https:\/\/www.estrategiaconcursos.com.br\/blog\/prova-concurso-trt-ba-ajaj-possibilidade-de-recurso\/#breadcrumb\",\"itemListElement\":[{\"@type\":\"ListItem\",\"position\":1,\"name\":\"In\u00edcio\",\"item\":\"https:\/\/www.estrategiaconcursos.com.br\/blog\/\"},{\"@type\":\"ListItem\",\"position\":2,\"name\":\"Direito Constitucional &#8211; Prova Concurso TRT BA (AJAJ) &#8211; Possibilidade de recurso\"}]},{\"@type\":\"WebSite\",\"@id\":\"https:\/\/www.estrategiaconcursos.com.br\/blog\/#website\",\"url\":\"https:\/\/www.estrategiaconcursos.com.br\/blog\/\",\"name\":\"Estrat\u00e9gia Concursos\",\"description\":\"O blog da Estrat\u00e9gia Concursos traz not\u00edcias sobre concursos e artigos de professores oferecendo cursos para concursos (pdf + videaulas) no site.\",\"publisher\":{\"@id\":\"https:\/\/www.estrategiaconcursos.com.br\/blog\/#organization\"},\"potentialAction\":[{\"@type\":\"SearchAction\",\"target\":{\"@type\":\"EntryPoint\",\"urlTemplate\":\"https:\/\/www.estrategiaconcursos.com.br\/blog\/?s={search_term_string}\"},\"query-input\":{\"@type\":\"PropertyValueSpecification\",\"valueRequired\":true,\"valueName\":\"search_term_string\"}}],\"inLanguage\":\"pt-BR\"},{\"@type\":\"Organization\",\"@id\":\"https:\/\/www.estrategiaconcursos.com.br\/blog\/#organization\",\"name\":\"Estrat\u00e9gia Concursos\",\"url\":\"https:\/\/www.estrategiaconcursos.com.br\/blog\/\",\"logo\":{\"@type\":\"ImageObject\",\"inLanguage\":\"pt-BR\",\"@id\":\"https:\/\/www.estrategiaconcursos.com.br\/blog\/#\/schema\/logo\/image\/\",\"url\":\"https:\/\/dhg1h5j42swfq.cloudfront.net\/2025\/06\/03203428\/logo_concursos-1.jpg\",\"contentUrl\":\"https:\/\/dhg1h5j42swfq.cloudfront.net\/2025\/06\/03203428\/logo_concursos-1.jpg\",\"width\":230,\"height\":60,\"caption\":\"Estrat\u00e9gia Concursos\"},\"image\":{\"@id\":\"https:\/\/www.estrategiaconcursos.com.br\/blog\/#\/schema\/logo\/image\/\"},\"sameAs\":[\"https:\/\/x.com\/EstratConcursos\"]},{\"@type\":\"Person\",\"@id\":\"https:\/\/www.estrategiaconcursos.com.br\/blog\/#\/schema\/person\/c32e47dba2159cafe7796a9569a6ff7e\",\"name\":\"Ricardo Vale\",\"image\":{\"@type\":\"ImageObject\",\"inLanguage\":\"pt-BR\",\"@id\":\"https:\/\/secure.gravatar.com\/avatar\/e5a5658c798bb49dd53314263f59f38c192d73370fb65839a372c2ae9027be74?s=96&d=mm&r=g\",\"url\":\"https:\/\/secure.gravatar.com\/avatar\/e5a5658c798bb49dd53314263f59f38c192d73370fb65839a372c2ae9027be74?s=96&d=mm&r=g\",\"contentUrl\":\"https:\/\/secure.gravatar.com\/avatar\/e5a5658c798bb49dd53314263f59f38c192d73370fb65839a372c2ae9027be74?s=96&d=mm&r=g\",\"caption\":\"Ricardo Vale\"},\"sameAs\":[\"https:\/\/www.facebook.com\/rvale01\",\"https:\/\/x.com\/https:\/\/twitter.com\/EstratConcursos\"],\"url\":\"https:\/\/www.estrategiaconcursos.com.br\/blog\/author\/ricardovaleestrategiaconcursos-com-br\/\"}]}<\/script>\n<!-- \/ Yoast SEO Premium plugin. -->","yoast_head_json":{"title":"Concurso TRT BA","description":"Concurso TRT BA - Direito Constitucional","robots":{"index":"index","follow":"follow","max-snippet":"max-snippet:-1","max-image-preview":"max-image-preview:large","max-video-preview":"max-video-preview:-1"},"canonical":"https:\/\/www.estrategiaconcursos.com.br\/blog\/prova-concurso-trt-ba-ajaj-possibilidade-de-recurso\/","og_locale":"pt_BR","og_type":"article","og_title":"Direito Constitucional - Prova Concurso TRT BA (AJAJ) - Possibilidade de recurso","og_description":"Concurso TRT BA - Direito Constitucional","og_url":"https:\/\/www.estrategiaconcursos.com.br\/blog\/prova-concurso-trt-ba-ajaj-possibilidade-de-recurso\/","og_site_name":"Estrat\u00e9gia Concursos","article_author":"https:\/\/www.facebook.com\/rvale01","article_published_time":"2013-12-08T19:15:06+00:00","article_modified_time":"2019-06-17T17:22:56+00:00","author":"Ricardo Vale","twitter_card":"summary_large_image","twitter_creator":"@https:\/\/twitter.com\/EstratConcursos","twitter_site":"@EstratConcursos","twitter_misc":{"Escrito por":"Ricardo Vale","Est. tempo de leitura":"11 minutos"},"schema":{"@context":"https:\/\/schema.org","@graph":[{"@type":"NewsArticle","@id":"https:\/\/www.estrategiaconcursos.com.br\/blog\/prova-concurso-trt-ba-ajaj-possibilidade-de-recurso\/#article","isPartOf":{"@id":"https:\/\/www.estrategiaconcursos.com.br\/blog\/prova-concurso-trt-ba-ajaj-possibilidade-de-recurso\/"},"author":{"name":"Ricardo Vale","@id":"https:\/\/www.estrategiaconcursos.com.br\/blog\/#\/schema\/person\/c32e47dba2159cafe7796a9569a6ff7e"},"headline":"Direito Constitucional &#8211; Prova Concurso TRT BA (AJAJ) &#8211; Possibilidade de recurso","datePublished":"2013-12-08T19:15:06+00:00","dateModified":"2019-06-17T17:22:56+00:00","mainEntityOfPage":{"@id":"https:\/\/www.estrategiaconcursos.com.br\/blog\/prova-concurso-trt-ba-ajaj-possibilidade-de-recurso\/"},"wordCount":2265,"commentCount":0,"publisher":{"@id":"https:\/\/www.estrategiaconcursos.com.br\/blog\/#organization"},"keywords":["concurso trt ba"],"articleSection":["Concursos P\u00fablicos"],"inLanguage":"pt-BR","potentialAction":[{"@type":"CommentAction","name":"Comment","target":["https:\/\/www.estrategiaconcursos.com.br\/blog\/prova-concurso-trt-ba-ajaj-possibilidade-de-recurso\/#respond"]}],"copyrightYear":"2013","copyrightHolder":{"@id":"https:\/\/www.estrategiaconcursos.com.br\/blog\/#organization"}},{"@type":"WebPage","@id":"https:\/\/www.estrategiaconcursos.com.br\/blog\/prova-concurso-trt-ba-ajaj-possibilidade-de-recurso\/","url":"https:\/\/www.estrategiaconcursos.com.br\/blog\/prova-concurso-trt-ba-ajaj-possibilidade-de-recurso\/","name":"Concurso TRT BA","isPartOf":{"@id":"https:\/\/www.estrategiaconcursos.com.br\/blog\/#website"},"datePublished":"2013-12-08T19:15:06+00:00","dateModified":"2019-06-17T17:22:56+00:00","description":"Concurso TRT BA - Direito Constitucional","breadcrumb":{"@id":"https:\/\/www.estrategiaconcursos.com.br\/blog\/prova-concurso-trt-ba-ajaj-possibilidade-de-recurso\/#breadcrumb"},"inLanguage":"pt-BR","potentialAction":[{"@type":"ReadAction","target":["https:\/\/www.estrategiaconcursos.com.br\/blog\/prova-concurso-trt-ba-ajaj-possibilidade-de-recurso\/"]}]},{"@type":"BreadcrumbList","@id":"https:\/\/www.estrategiaconcursos.com.br\/blog\/prova-concurso-trt-ba-ajaj-possibilidade-de-recurso\/#breadcrumb","itemListElement":[{"@type":"ListItem","position":1,"name":"In\u00edcio","item":"https:\/\/www.estrategiaconcursos.com.br\/blog\/"},{"@type":"ListItem","position":2,"name":"Direito Constitucional &#8211; Prova Concurso TRT BA (AJAJ) &#8211; Possibilidade de recurso"}]},{"@type":"WebSite","@id":"https:\/\/www.estrategiaconcursos.com.br\/blog\/#website","url":"https:\/\/www.estrategiaconcursos.com.br\/blog\/","name":"Estrat\u00e9gia Concursos","description":"O blog da Estrat\u00e9gia Concursos traz not\u00edcias sobre concursos e artigos de professores oferecendo cursos para concursos (pdf + videaulas) no site.","publisher":{"@id":"https:\/\/www.estrategiaconcursos.com.br\/blog\/#organization"},"potentialAction":[{"@type":"SearchAction","target":{"@type":"EntryPoint","urlTemplate":"https:\/\/www.estrategiaconcursos.com.br\/blog\/?s={search_term_string}"},"query-input":{"@type":"PropertyValueSpecification","valueRequired":true,"valueName":"search_term_string"}}],"inLanguage":"pt-BR"},{"@type":"Organization","@id":"https:\/\/www.estrategiaconcursos.com.br\/blog\/#organization","name":"Estrat\u00e9gia Concursos","url":"https:\/\/www.estrategiaconcursos.com.br\/blog\/","logo":{"@type":"ImageObject","inLanguage":"pt-BR","@id":"https:\/\/www.estrategiaconcursos.com.br\/blog\/#\/schema\/logo\/image\/","url":"https:\/\/dhg1h5j42swfq.cloudfront.net\/2025\/06\/03203428\/logo_concursos-1.jpg","contentUrl":"https:\/\/dhg1h5j42swfq.cloudfront.net\/2025\/06\/03203428\/logo_concursos-1.jpg","width":230,"height":60,"caption":"Estrat\u00e9gia Concursos"},"image":{"@id":"https:\/\/www.estrategiaconcursos.com.br\/blog\/#\/schema\/logo\/image\/"},"sameAs":["https:\/\/x.com\/EstratConcursos"]},{"@type":"Person","@id":"https:\/\/www.estrategiaconcursos.com.br\/blog\/#\/schema\/person\/c32e47dba2159cafe7796a9569a6ff7e","name":"Ricardo Vale","image":{"@type":"ImageObject","inLanguage":"pt-BR","@id":"https:\/\/secure.gravatar.com\/avatar\/e5a5658c798bb49dd53314263f59f38c192d73370fb65839a372c2ae9027be74?s=96&d=mm&r=g","url":"https:\/\/secure.gravatar.com\/avatar\/e5a5658c798bb49dd53314263f59f38c192d73370fb65839a372c2ae9027be74?s=96&d=mm&r=g","contentUrl":"https:\/\/secure.gravatar.com\/avatar\/e5a5658c798bb49dd53314263f59f38c192d73370fb65839a372c2ae9027be74?s=96&d=mm&r=g","caption":"Ricardo Vale"},"sameAs":["https:\/\/www.facebook.com\/rvale01","https:\/\/x.com\/https:\/\/twitter.com\/EstratConcursos"],"url":"https:\/\/www.estrategiaconcursos.com.br\/blog\/author\/ricardovaleestrategiaconcursos-com-br\/"}]}},"_links":{"self":[{"href":"https:\/\/www.estrategiaconcursos.com.br\/blog\/wp-json\/wp\/v2\/posts\/12401","targetHints":{"allow":["GET"]}}],"collection":[{"href":"https:\/\/www.estrategiaconcursos.com.br\/blog\/wp-json\/wp\/v2\/posts"}],"about":[{"href":"https:\/\/www.estrategiaconcursos.com.br\/blog\/wp-json\/wp\/v2\/types\/post"}],"author":[{"embeddable":true,"href":"https:\/\/www.estrategiaconcursos.com.br\/blog\/wp-json\/wp\/v2\/users\/26"}],"replies":[{"embeddable":true,"href":"https:\/\/www.estrategiaconcursos.com.br\/blog\/wp-json\/wp\/v2\/comments?post=12401"}],"version-history":[{"count":8,"href":"https:\/\/www.estrategiaconcursos.com.br\/blog\/wp-json\/wp\/v2\/posts\/12401\/revisions"}],"predecessor-version":[{"id":388674,"href":"https:\/\/www.estrategiaconcursos.com.br\/blog\/wp-json\/wp\/v2\/posts\/12401\/revisions\/388674"}],"wp:attachment":[{"href":"https:\/\/www.estrategiaconcursos.com.br\/blog\/wp-json\/wp\/v2\/media?parent=12401"}],"wp:term":[{"taxonomy":"category","embeddable":true,"href":"https:\/\/www.estrategiaconcursos.com.br\/blog\/wp-json\/wp\/v2\/categories?post=12401"},{"taxonomy":"post_tag","embeddable":true,"href":"https:\/\/www.estrategiaconcursos.com.br\/blog\/wp-json\/wp\/v2\/tags?post=12401"},{"taxonomy":"tax_estado","embeddable":true,"href":"https:\/\/www.estrategiaconcursos.com.br\/blog\/wp-json\/wp\/v2\/tax_estado?post=12401"}],"curies":[{"name":"wp","href":"https:\/\/api.w.org\/{rel}","templated":true}]}}