{"id":1239653,"date":"2023-07-22T11:00:00","date_gmt":"2023-07-22T14:00:00","guid":{"rendered":"https:\/\/www.estrategiaconcursos.com.br\/blog\/?p=1239653"},"modified":"2023-07-15T16:29:30","modified_gmt":"2023-07-15T19:29:30","slug":"figuras-linguagem-2","status":"publish","type":"post","link":"https:\/\/www.estrategiaconcursos.com.br\/blog\/figuras-linguagem-2\/","title":{"rendered":"Figuras de Linguagem para a USP"},"content":{"rendered":"\n<p>Fala, galera! Hoje vamos revisar as principais figuras de linguagem para o concurso da <a href=\"https:\/\/www.fuvest.br\/analista-adm\/\" target=\"_blank\" rel=\"noreferrer noopener\">USP<\/a>, que conta com 119 vagas para o cargo &#8220;Analista para Assuntos Administrativos&#8221;.<\/p>\n\n\n\n<p>Sem mais delongas, vamos nessa!<\/p>\n\n\n\n<p><\/p>\n\n\n\n<figure class=\"wp-block-image aligncenter size-full\"><img loading=\"lazy\" decoding=\"async\" width=\"385\" height=\"296\" src=\"https:\/\/dhg1h5j42swfq.cloudfront.net\/2023\/06\/27201857\/image-313.png\" alt=\"Figuras de linguagem para o concurso da USP.\" class=\"wp-image-1239871\" srcset=\"https:\/\/dhg1h5j42swfq.cloudfront.net\/2023\/06\/27201857\/image-313.png 385w, https:\/\/dhg1h5j42swfq.cloudfront.net\/2023\/06\/27201857\/image-313-300x231.png 300w, https:\/\/dhg1h5j42swfq.cloudfront.net\/2023\/06\/27201857\/image-313-150x115.png 150w\" sizes=\"auto, (max-width: 385px) 100vw, 385px\" \/><\/figure>\n\n\n\n<h2 class=\"wp-block-heading\" id=\"h-introducao\" style=\"font-size:clamp(18.434px, 1.152rem + ((1vw - 3.2px) * 1.036), 29px);\">Introdu\u00e7\u00e3o<\/h2>\n\n\n\n<p>As figuras de linguagem est\u00e3o presentes em nosso dia a dia de diversas formas, como as met\u00e1foras, atrav\u00e9s de propagandas comerciais, e as hip\u00e9rboles, quando aquele amigo exagera na hora de contar uma hist\u00f3ria (que a gente sabe que n\u00e3o foi bem assim).<\/p>\n\n\n\n<p>Brincadeiras \u00e0 parte, as figuras de linguagem consistem em <strong>desvios do uso literal das palavras<\/strong> que exploram aspectos sem\u00e2nticos, sonoros e sint\u00e1ticos da l\u00edngua a fim de torn\u00e1-la mais expressiva e impactante.<\/p>\n\n\n\n<p>Dessa forma, hoje n\u00f3s vamos explorar aquelas que s\u00e3o mais cobradas em concursos p\u00fablicos, entender como funcionam e aprender a identific\u00e1-las e utiliz\u00e1-las corretamente.<\/p>\n\n\n\n<p><\/p>\n\n\n\n<h2 class=\"wp-block-heading\">Principais figuras de linguagem<\/h2>\n\n\n\n<p><\/p>\n\n\n\n<p class=\"has-luminous-vivid-orange-color has-text-color has-medium-font-size\"><strong>1 &#8211; Met\u00e1fora<\/strong><\/p>\n\n\n\n<p>A met\u00e1fora estabelece uma rela\u00e7\u00e3o de <strong>semelhan\u00e7a<\/strong> e <strong>compara\u00e7\u00e3o<\/strong> entre dois termos, atribuindo caracter\u00edsticas de um ao outro de forma <strong>impl\u00edcita<\/strong> e figurada.<\/p>\n\n\n\n<p class=\"has-medium-font-size\">Exemplo: &#8220;<strong>Ele \u00e9<\/strong> um <strong>le\u00e3o<\/strong> no campo de batalha.&#8221; <\/p>\n\n\n\n<p>(atribui\u00e7\u00e3o de compara\u00e7\u00e3o de forma figurada entre a pessoa e o le\u00e3o).<\/p>\n\n\n\n<p><\/p>\n\n\n\n<h2 class=\"wp-block-heading has-luminous-vivid-orange-color has-text-color has-medium-font-size\"><strong>2 &#8211; Compara\u00e7\u00e3o ou S\u00edmile<\/strong><\/h2>\n\n\n\n<p>A compara\u00e7\u00e3o \u00e9 uma rela\u00e7\u00e3o de semelhan\u00e7a entre dois termos que ocorre atrav\u00e9s de <strong>conectivos<\/strong> comparativos como &#8220;como&#8221;, &#8220;tal qual&#8221; e &#8220;parecido com&#8221; de maneira <strong>expl\u00edcita<\/strong>.<\/p>\n\n\n\n<p class=\"has-medium-font-size\">Exemplo: &#8220;Ele ruge <strong>como <\/strong>um le\u00e3o.&#8221; <\/p>\n\n\n\n<p>(semelhan\u00e7a entre o rugido da pessoa e o do le\u00e3o).<\/p>\n\n\n\n<p>Cuidado para n\u00e3o confundirem a met\u00e1fora com a compara\u00e7\u00e3o! Percebam que na met\u00e1fora h\u00e1 uma compara\u00e7\u00e3o impl\u00edcita, enquanto na compara\u00e7\u00e3o os termos s\u00e3o expl\u00edcitos. Essa diferen\u00e7a costuma ser cobrada em concursos!<\/p>\n\n\n\n<p><\/p>\n\n\n\n<p class=\"has-luminous-vivid-orange-color has-text-color has-medium-font-size\"><strong>3 &#8211; Catacrese<\/strong><\/p>\n\n\n\n<p>A catacrese ocorre quando uma palavra \u00e9 usada de forma figurada, desviando-se do seu significado original, devido \u00e0 <strong>falta de um termo mais apropriado<\/strong> para se referir a algo. Tamb\u00e9m pode ser conhecida como &#8220;met\u00e1fora pobre&#8221;.<\/p>\n\n\n\n<p class=\"has-medium-font-size\">Exemplo: &#8220;O le\u00e3o machucou <strong>o c\u00e9u da boca<\/strong>.&#8221; <\/p>\n\n\n\n<p>(forma figurada para se referir a parte de cima da boca).<\/p>\n\n\n\n<p><\/p>\n\n\n\n<p class=\"has-luminous-vivid-orange-color has-text-color has-medium-font-size\"><strong>4 &#8211; Meton\u00edmia<\/strong><\/p>\n\n\n\n<p>A meton\u00edmia consiste em substituir um termo por outro que esteja relacionado, como marca e produto, causa e efeito, recipiente e conte\u00fado, entre outras rela\u00e7\u00f5es.<\/p>\n\n\n\n<p class=\"has-medium-font-size\">Exemplo: &#8220;Eu li <strong>Machado de Assis<\/strong>.&#8221; <\/p>\n\n\n\n<p>(substitui\u00e7\u00e3o da obra pelo autor).<\/p>\n\n\n\n<p><\/p>\n\n\n\n<p class=\"has-luminous-vivid-orange-color has-text-color has-medium-font-size\"><strong>5 &#8211; Pleonasmo<\/strong><\/p>\n\n\n\n<p>O pleonasmo corresponde \u00e0 <strong>repeti\u00e7\u00e3o desnecess\u00e1ria<\/strong> de palavras ou ideias, acrescentando informa\u00e7\u00f5es redundantes \u00e0 mensagem comunicada. <\/p>\n\n\n\n<p class=\"has-medium-font-size\">Exemplo: &#8220;<strong>Subir<\/strong> para <strong>cima<\/strong>.&#8221; <\/p>\n\n\n\n<p>(informa\u00e7\u00e3o redundante)<\/p>\n\n\n\n<p>Vale ressaltar que, em certas situa\u00e7\u00f5es, pode ser utilizado de forma intencional para enfatizar uma ideia.<\/p>\n\n\n\n<p class=\"has-medium-font-size\">Exemplo: &#8220;<strong>Vivi<\/strong> uma <strong>vida<\/strong> intensa.&#8221; <\/p>\n\n\n\n<p>(repeti\u00e7\u00e3o intencional para intensificar a mensagem).<\/p>\n\n\n\n<p><\/p>\n\n\n\n<p class=\"has-luminous-vivid-orange-color has-text-color has-medium-font-size\"><strong>6 &#8211; Prosopopeia ou Personifica\u00e7\u00e3o<\/strong><\/p>\n\n\n\n<p>A prosopopeia ou personifica\u00e7\u00e3o <strong>atribui caracter\u00edsticas<\/strong> de seres animados a seres inanimados ou abstratos.<\/p>\n\n\n\n<p class=\"has-medium-font-size\">Exemplo: &#8220;A <strong>lua sorriu<\/strong> para mim.&#8221; <\/p>\n\n\n\n<p>(caracter\u00edstica de um ser vivo atribu\u00edda a um objeto inanimado).<\/p>\n\n\n\n<p><\/p>\n\n\n\n<h2 class=\"wp-block-heading has-luminous-vivid-orange-color has-text-color has-medium-font-size\"><strong>7 &#8211; Eufemismo<\/strong><\/h2>\n\n\n\n<p>O Eufemismo \u00e9 uma forma de <strong>suavizar<\/strong> ou disfar\u00e7ar uma informa\u00e7\u00e3o para torn\u00e1-la mais aceit\u00e1vel ou menos impactante.<\/p>\n\n\n\n<p class=\"has-medium-font-size\">Exemplo: &#8220;Ela <strong>n\u00e3o est\u00e1 mais entre n\u00f3s<\/strong>&#8221; <\/p>\n\n\n\n<p>(utiliza\u00e7\u00e3o de express\u00e3o menos impactante, sin\u00f4nimo de morreu).<\/p>\n\n\n\n<p><\/p>\n\n\n\n<p class=\"has-luminous-vivid-orange-color has-text-color has-medium-font-size\"><strong>8 &#8211; Ant\u00edtese<\/strong><\/p>\n\n\n\n<p>A ant\u00edtese consiste na apresenta\u00e7\u00e3o de <strong>ideias opostas<\/strong> em uma mesma frase ou express\u00e3o, criando um contraste.<\/p>\n\n\n\n<p class=\"has-medium-font-size\">Exemplo: &#8220;<strong>Tristeza&nbsp;<\/strong>n\u00e3o tem fim,&nbsp;<strong>felicidade<\/strong>, sim.&#8221; <\/p>\n\n\n\n<p>(rela\u00e7\u00e3o entre termos apostos).<\/p>\n\n\n\n<p><\/p>\n\n\n\n<p class=\"has-luminous-vivid-orange-color has-text-color has-medium-font-size\"><strong>9 &#8211; Paradoxo<\/strong><\/p>\n\n\n\n<p>O Paradoxo ocorre quando h\u00e1 <strong>ideias contradit\u00f3rias<\/strong>.<\/p>\n\n\n\n<p class=\"has-medium-font-size\">Exemplo: &#8220;O amor \u00e9 ferida que <strong>d\u00f3i<\/strong> e <strong>n\u00e3o se sente<\/strong>.&#8221;<\/p>\n\n\n\n<p>Pessoal, a diferen\u00e7a entre as duas figuras de linguagem anteriores \u00e9 extremamente cobrada em concursos! Percebam que a ant\u00edtese corresponde ao uso de palavras que possuem um sentido contr\u00e1rio, mas que n\u00e3o s\u00e3o contradit\u00f3rias. O paradoxo, por outro lado, est\u00e1 relacionado \u00e0 contradi\u00e7\u00e3o de ideias. <\/p>\n\n\n\n<p><\/p>\n\n\n\n<h2 class=\"wp-block-heading has-luminous-vivid-orange-color has-text-color has-medium-font-size\"><strong>10 &#8211; Hip\u00e9rbole<\/strong><\/h2>\n\n\n\n<p>A hip\u00e9rbole <strong>exagera<\/strong> a express\u00e3o de uma ideia para enfatizar ou intensificar uma mensagem.<\/p>\n\n\n\n<h2 class=\"wp-block-heading has-black-color has-text-color has-medium-font-size\" style=\"font-style:normal;font-weight:400\">Exemplo: &#8220;Estou <strong>morrendo<\/strong> de fome!&#8221; <\/h2>\n\n\n\n<p>(exagero para intensificar a ideia de que a pessoa est\u00e1 com muita fome).<\/p>\n\n\n\n<p><\/p>\n\n\n\n<p class=\"has-luminous-vivid-orange-color has-text-color has-medium-font-size\"><strong>11 &#8211; Ironia<\/strong><\/p>\n\n\n\n<p>A ironia expressa o <strong>oposto<\/strong> do que realmente se quer dizer, muitas vezes com tom <strong>sarc\u00e1stico<\/strong> ou <strong>humor\u00edstico<\/strong>.<\/p>\n\n\n\n<p class=\"has-medium-font-size\">Exemplo: &#8220;Que <strong>\u00f3timo<\/strong>, acabei de <strong>perder meu \u00faltimo \u00f4nibus<\/strong>!&#8221; <\/p>\n\n\n\n<p>(a pessoa n\u00e3o est\u00e1 feliz com a situa\u00e7\u00e3o e utiliza um tom jocoso para se expressar).<\/p>\n\n\n\n<p><\/p>\n\n\n\n<h2 class=\"wp-block-heading\">Figuras de Linguagem para a USP &#8211; Na Pr\u00e1tica<\/h2>\n\n\n\n<p>Vejam como o assunto j\u00e1 foi cobrado em concurso pela FUVEST:<\/p>\n\n\n\n<div class=\"wp-block-group has-global-padding is-layout-constrained wp-block-group-is-layout-constrained\">\n<div class=\"wp-block-group has-background is-vertical is-nowrap is-layout-flex wp-container-core-group-is-layout-3655d5c7 wp-block-group-is-layout-flex\" style=\"background-color:#abb7c23d\">\n<div class=\"wp-block-columns are-vertically-aligned-top is-layout-flex wp-container-core-columns-is-layout-28f84493 wp-block-columns-is-layout-flex\">\n<div class=\"wp-block-column is-vertically-aligned-top is-layout-flow wp-block-column-is-layout-flow\" style=\"flex-basis:100%\">\n<div class=\"wp-block-group has-global-padding is-layout-constrained wp-block-group-is-layout-constrained\">\n<div class=\"wp-block-group has-global-padding is-layout-constrained wp-block-group-is-layout-constrained\">\n<div class=\"wp-block-group has-global-padding is-layout-constrained wp-block-group-is-layout-constrained\">\n<p>FUVEST &#8211; 2013 &#8211; T\u00e9cnico para Assuntos Administrativos (USP)\/Campus de Pirassununga &#8211; Adaptada<\/p>\n\n\n\n<p>&#8220;L\u00e1 fora, a noite \u00e9 um pulm\u00e3o ofegante&#8221;. Esta ora\u00e7\u00e3o \u00e9 um exemplo de uma figura de linguagem chamada:<\/p>\n\n\n\n<p>A) Meton\u00edmia<\/p>\n\n\n\n<p>B) Met\u00e1fora<\/p>\n\n\n\n<p>C) Ironia<\/p>\n\n\n\n<p>D) Compara\u00e7\u00e3o<\/p>\n<\/div>\n<\/div>\n<\/div>\n<\/div>\n<\/div>\n<\/div>\n\n\n\n<p><\/p>\n\n\n\n<p>Gabarito Letra <strong>B<\/strong><\/p>\n\n\n\n<p>Pessoal, como podemos perceber, a quest\u00e3o estabelece uma compara\u00e7\u00e3o de forma figurada e impl\u00edcita entre os termos noite e pulm\u00e3o ofegante, trazendo as caracter\u00edsticas deste para aquele. Sendo assim, podemos concluir que se trata de uma <strong>met\u00e1fora<\/strong>. <\/p>\n<\/div>\n\n\n\n<p class=\"has-text-color\" style=\"color:#fa1a1a\"><strong>Aten\u00e7\u00e3o!<\/strong><\/p>\n\n\n\n<p>Caso o enunciado contivesse algum conectivo comparativo na frase explicitamente, a resposta correta seria uma <strong>compara\u00e7\u00e3o (ou s\u00edmile)<\/strong>.<\/p>\n\n\n\n<h2 class=\"wp-block-heading has-medium-font-size\" style=\"font-style:normal;font-weight:400\">Exemplo: L\u00e1 fora, a noite \u00e9 <strong>como<\/strong> um pulm\u00e3o ofegante.<\/h2>\n\n\n\n<p>Portanto, fiquem atentos, pois essas substitui\u00e7\u00f5es podem ser cobradas at\u00e9 mesmo em quest\u00f5es de reescritura nos concursos! <\/p>\n\n\n\n<p><\/p>\n\n\n\n<h2 class=\"wp-block-heading\">Conclus\u00e3o <\/h2>\n\n\n\n<p>O estudo das figuras de linguagem \u00e9 fundamental para as provas de concursos p\u00fablicos, pois \u00e9 um assunto que est\u00e1 relacionado diretamente \u00e0 interpreta\u00e7\u00e3o e \u00e0 compreens\u00e3o de textos.<\/p>\n\n\n\n<p>Dessa forma, n\u00e3o deixem esse tema de lado e busquem quest\u00f5es recentes de outras bancas!<\/p>\n\n\n\n<p>Finalizamos a revis\u00e3o de figuras de linguagem para o pr\u00f3ximo concurso da USP por aqui!<\/p>\n\n\n\n<p>At\u00e9 a pr\u00f3xima,<\/p>\n\n\n\n<p>Lana Lima<\/p>\n\n\n\n<p><\/p>\n\n\n\n<h2 class=\"wp-block-heading\">Assinaturas e cursos para o concurso USP 2023<\/h2>\n\n\n\n<p class=\"has-text-align-left has-pale-cyan-blue-background-color has-background\">                          <a href=\"https:\/\/www.estrategiaconcursos.com.br\/curso\/usp-analista-para-assuntos-administrativos-pacote-2023-pos-edital\/\">USP (Analista para Assuntos Administrativos) Pacote &#8211; 2023 (P<\/a><a href=\"https:\/\/www.estrategiaconcursos.com.br\/curso\/usp-analista-para-assuntos-administrativos-pacote-2023-pos-edital\/\" target=\"_blank\" rel=\"noreferrer noopener\">\u00f3s-Edital)<\/a><\/p>\n\n\n\n<p><\/p>\n\n\n\n<h2 class=\"wp-block-heading\" id=\"h-cursos-e-assinaturas\">Cursos e Assinaturas <\/h2>\n\n\n\n<p>Prepare-se com o melhor material e com quem mais aprova em Concursos P\u00fablicos em todo o pa\u00eds!<\/p>\n\n\n\n<h2 class=\"wp-block-heading has-text-align-left\" id=\"h-quer-saber-tudo-sobre-concursos-previstos-confira-nossos-artigos\">Quer saber tudo sobre concursos previstos?<br \/>Confira nossos artigos<\/h2>\n\n\n\n<p class=\"has-text-align-center has-black-color has-pale-cyan-blue-background-color has-text-color has-background\"><a href=\"https:\/\/www.estrategiaconcursos.com.br\/blog\/concursos-abertos\/\" target=\"_blank\" rel=\"noreferrer noopener\">Concursos abertos<\/a><\/p>\n\n\n\n<p class=\"has-text-align-center has-pale-cyan-blue-background-color has-background\"><a href=\"https:\/\/www.estrategiaconcursos.com.br\/blog\/concursos-2023\/\" target=\"_blank\" rel=\"noreferrer noopener\">Concursos 2023<\/a><\/p>\n\n\n\n<p><\/p>\n\n\n\n<p><\/p>\n","protected":false},"excerpt":{"rendered":"<p>Figuras de linguagem para a USP<\/p>\n","protected":false},"author":2471,"featured_media":1239871,"comment_status":"open","ping_status":"closed","sticky":false,"template":"","format":"standard","meta":{"post_tipo":"article","footnotes":""},"categories":[1,3766],"tags":[40,820,221360],"tax_estado":[219963,219989],"class_list":["post-1239653","post","type-post","status-publish","format-standard","has-post-thumbnail","hentry","category-cursos-e-concursos","category-educacional","tag-concurso","tag-concursos-publicos","tag-usp","tax_estado-concursos-federais","tax_estado-sp"],"acf":[],"yoast_head":"<!-- This site is optimized with the Yoast SEO Premium plugin v27.2 (Yoast SEO v27.2) - https:\/\/yoast.com\/product\/yoast-seo-premium-wordpress\/ -->\n<title>Figuras de Linguagem para a USP<\/title>\n<meta name=\"description\" content=\"\u00a0Confira neste artigo os principais assuntos exigidos sobre Figuras de Linguagem para o pr\u00f3ximo concurso da USP.\" \/>\n<meta name=\"robots\" content=\"index, follow, max-snippet:-1, max-image-preview:large, max-video-preview:-1\" \/>\n<link rel=\"canonical\" href=\"https:\/\/www.estrategiaconcursos.com.br\/blog\/figuras-linguagem-2\/\" \/>\n<meta property=\"og:locale\" content=\"pt_BR\" \/>\n<meta property=\"og:type\" content=\"article\" \/>\n<meta property=\"og:title\" content=\"Figuras de Linguagem para a USP\" \/>\n<meta property=\"og:description\" content=\"\u00a0Confira neste artigo os principais assuntos exigidos sobre Figuras de Linguagem para o pr\u00f3ximo concurso da USP.\" \/>\n<meta property=\"og:url\" content=\"https:\/\/www.estrategiaconcursos.com.br\/blog\/figuras-linguagem-2\/\" \/>\n<meta property=\"og:site_name\" content=\"Estrat\u00e9gia Concursos\" \/>\n<meta property=\"article:published_time\" content=\"2023-07-22T14:00:00+00:00\" \/>\n<meta property=\"og:image\" content=\"https:\/\/dhg1h5j42swfq.cloudfront.net\/2023\/06\/27201857\/image-313.png\" \/>\n\t<meta property=\"og:image:width\" content=\"385\" \/>\n\t<meta property=\"og:image:height\" content=\"296\" \/>\n\t<meta property=\"og:image:type\" content=\"image\/png\" \/>\n<meta name=\"author\" content=\"Lana J\u00e9ssica Lima de Moraes\" \/>\n<meta name=\"twitter:card\" content=\"summary_large_image\" \/>\n<meta name=\"twitter:creator\" content=\"@EstratConcursos\" \/>\n<meta name=\"twitter:site\" content=\"@EstratConcursos\" \/>\n<meta name=\"twitter:label1\" content=\"Escrito por\" \/>\n\t<meta name=\"twitter:data1\" content=\"Lana J\u00e9ssica Lima de Moraes\" \/>\n\t<meta name=\"twitter:label2\" content=\"Est. tempo de leitura\" \/>\n\t<meta name=\"twitter:data2\" content=\"5 minutos\" \/>\n<script type=\"application\/ld+json\" class=\"yoast-schema-graph\">{\"@context\":\"https:\/\/schema.org\",\"@graph\":[{\"@type\":\"NewsArticle\",\"@id\":\"https:\/\/www.estrategiaconcursos.com.br\/blog\/figuras-linguagem-2\/#article\",\"isPartOf\":{\"@id\":\"https:\/\/www.estrategiaconcursos.com.br\/blog\/figuras-linguagem-2\/\"},\"author\":{\"name\":\"Lana J\u00e9ssica Lima de Moraes\",\"@id\":\"https:\/\/www.estrategiaconcursos.com.br\/blog\/#\/schema\/person\/048c3408590af730a5d8538726da81ee\"},\"headline\":\"Figuras de Linguagem para a USP\",\"datePublished\":\"2023-07-22T14:00:00+00:00\",\"mainEntityOfPage\":{\"@id\":\"https:\/\/www.estrategiaconcursos.com.br\/blog\/figuras-linguagem-2\/\"},\"wordCount\":1025,\"commentCount\":0,\"publisher\":{\"@id\":\"https:\/\/www.estrategiaconcursos.com.br\/blog\/#organization\"},\"image\":{\"@id\":\"https:\/\/www.estrategiaconcursos.com.br\/blog\/figuras-linguagem-2\/#primaryimage\"},\"thumbnailUrl\":\"https:\/\/dhg1h5j42swfq.cloudfront.net\/2023\/06\/27201857\/image-313.png\",\"keywords\":[\"Concurso\",\"concursos p\u00fablicos\",\"usp\"],\"articleSection\":[\"Concursos P\u00fablicos\",\"Educa\u00e7\u00e3o\"],\"inLanguage\":\"pt-BR\",\"potentialAction\":[{\"@type\":\"CommentAction\",\"name\":\"Comment\",\"target\":[\"https:\/\/www.estrategiaconcursos.com.br\/blog\/figuras-linguagem-2\/#respond\"]}],\"copyrightYear\":\"2023\",\"copyrightHolder\":{\"@id\":\"https:\/\/www.estrategiaconcursos.com.br\/blog\/#organization\"}},{\"@type\":\"WebPage\",\"@id\":\"https:\/\/www.estrategiaconcursos.com.br\/blog\/figuras-linguagem-2\/\",\"url\":\"https:\/\/www.estrategiaconcursos.com.br\/blog\/figuras-linguagem-2\/\",\"name\":\"Figuras de Linguagem para a USP\",\"isPartOf\":{\"@id\":\"https:\/\/www.estrategiaconcursos.com.br\/blog\/#website\"},\"primaryImageOfPage\":{\"@id\":\"https:\/\/www.estrategiaconcursos.com.br\/blog\/figuras-linguagem-2\/#primaryimage\"},\"image\":{\"@id\":\"https:\/\/www.estrategiaconcursos.com.br\/blog\/figuras-linguagem-2\/#primaryimage\"},\"thumbnailUrl\":\"https:\/\/dhg1h5j42swfq.cloudfront.net\/2023\/06\/27201857\/image-313.png\",\"datePublished\":\"2023-07-22T14:00:00+00:00\",\"description\":\"\u00a0Confira neste artigo os principais assuntos exigidos sobre Figuras de Linguagem para o pr\u00f3ximo concurso da USP.\",\"breadcrumb\":{\"@id\":\"https:\/\/www.estrategiaconcursos.com.br\/blog\/figuras-linguagem-2\/#breadcrumb\"},\"inLanguage\":\"pt-BR\",\"potentialAction\":[{\"@type\":\"ReadAction\",\"target\":[\"https:\/\/www.estrategiaconcursos.com.br\/blog\/figuras-linguagem-2\/\"]}]},{\"@type\":\"ImageObject\",\"inLanguage\":\"pt-BR\",\"@id\":\"https:\/\/www.estrategiaconcursos.com.br\/blog\/figuras-linguagem-2\/#primaryimage\",\"url\":\"https:\/\/dhg1h5j42swfq.cloudfront.net\/2023\/06\/27201857\/image-313.png\",\"contentUrl\":\"https:\/\/dhg1h5j42swfq.cloudfront.net\/2023\/06\/27201857\/image-313.png\",\"width\":385,\"height\":296},{\"@type\":\"BreadcrumbList\",\"@id\":\"https:\/\/www.estrategiaconcursos.com.br\/blog\/figuras-linguagem-2\/#breadcrumb\",\"itemListElement\":[{\"@type\":\"ListItem\",\"position\":1,\"name\":\"In\u00edcio\",\"item\":\"https:\/\/www.estrategiaconcursos.com.br\/blog\/\"},{\"@type\":\"ListItem\",\"position\":2,\"name\":\"Figuras de Linguagem para a USP\"}]},{\"@type\":\"WebSite\",\"@id\":\"https:\/\/www.estrategiaconcursos.com.br\/blog\/#website\",\"url\":\"https:\/\/www.estrategiaconcursos.com.br\/blog\/\",\"name\":\"Estrat\u00e9gia Concursos\",\"description\":\"O blog da Estrat\u00e9gia Concursos traz not\u00edcias sobre concursos e artigos de professores oferecendo cursos para concursos (pdf + videaulas) no site.\",\"publisher\":{\"@id\":\"https:\/\/www.estrategiaconcursos.com.br\/blog\/#organization\"},\"potentialAction\":[{\"@type\":\"SearchAction\",\"target\":{\"@type\":\"EntryPoint\",\"urlTemplate\":\"https:\/\/www.estrategiaconcursos.com.br\/blog\/?s={search_term_string}\"},\"query-input\":{\"@type\":\"PropertyValueSpecification\",\"valueRequired\":true,\"valueName\":\"search_term_string\"}}],\"inLanguage\":\"pt-BR\"},{\"@type\":\"Organization\",\"@id\":\"https:\/\/www.estrategiaconcursos.com.br\/blog\/#organization\",\"name\":\"Estrat\u00e9gia Concursos\",\"url\":\"https:\/\/www.estrategiaconcursos.com.br\/blog\/\",\"logo\":{\"@type\":\"ImageObject\",\"inLanguage\":\"pt-BR\",\"@id\":\"https:\/\/www.estrategiaconcursos.com.br\/blog\/#\/schema\/logo\/image\/\",\"url\":\"https:\/\/dhg1h5j42swfq.cloudfront.net\/2025\/06\/03203428\/logo_concursos-1.jpg\",\"contentUrl\":\"https:\/\/dhg1h5j42swfq.cloudfront.net\/2025\/06\/03203428\/logo_concursos-1.jpg\",\"width\":230,\"height\":60,\"caption\":\"Estrat\u00e9gia Concursos\"},\"image\":{\"@id\":\"https:\/\/www.estrategiaconcursos.com.br\/blog\/#\/schema\/logo\/image\/\"},\"sameAs\":[\"https:\/\/x.com\/EstratConcursos\"]},{\"@type\":\"Person\",\"@id\":\"https:\/\/www.estrategiaconcursos.com.br\/blog\/#\/schema\/person\/048c3408590af730a5d8538726da81ee\",\"name\":\"Lana J\u00e9ssica Lima de Moraes\",\"image\":{\"@type\":\"ImageObject\",\"inLanguage\":\"pt-BR\",\"@id\":\"https:\/\/secure.gravatar.com\/avatar\/2655a566ebd7a310bb57f433ca56365d367aa7635ff33ac421628ee03269ccc7?s=96&d=mm&r=g\",\"url\":\"https:\/\/secure.gravatar.com\/avatar\/2655a566ebd7a310bb57f433ca56365d367aa7635ff33ac421628ee03269ccc7?s=96&d=mm&r=g\",\"contentUrl\":\"https:\/\/secure.gravatar.com\/avatar\/2655a566ebd7a310bb57f433ca56365d367aa7635ff33ac421628ee03269ccc7?s=96&d=mm&r=g\",\"caption\":\"Lana J\u00e9ssica Lima de Moraes\"},\"url\":\"https:\/\/www.estrategiaconcursos.com.br\/blog\/author\/lanajessicalimahotmail-com\/\"}]}<\/script>\n<!-- \/ Yoast SEO Premium plugin. -->","yoast_head_json":{"title":"Figuras de Linguagem para a USP","description":"\u00a0Confira neste artigo os principais assuntos exigidos sobre Figuras de Linguagem para o pr\u00f3ximo concurso da USP.","robots":{"index":"index","follow":"follow","max-snippet":"max-snippet:-1","max-image-preview":"max-image-preview:large","max-video-preview":"max-video-preview:-1"},"canonical":"https:\/\/www.estrategiaconcursos.com.br\/blog\/figuras-linguagem-2\/","og_locale":"pt_BR","og_type":"article","og_title":"Figuras de Linguagem para a USP","og_description":"\u00a0Confira neste artigo os principais assuntos exigidos sobre Figuras de Linguagem para o pr\u00f3ximo concurso da USP.","og_url":"https:\/\/www.estrategiaconcursos.com.br\/blog\/figuras-linguagem-2\/","og_site_name":"Estrat\u00e9gia Concursos","article_published_time":"2023-07-22T14:00:00+00:00","og_image":[{"width":385,"height":296,"url":"https:\/\/dhg1h5j42swfq.cloudfront.net\/2023\/06\/27201857\/image-313.png","type":"image\/png"}],"author":"Lana J\u00e9ssica Lima de Moraes","twitter_card":"summary_large_image","twitter_creator":"@EstratConcursos","twitter_site":"@EstratConcursos","twitter_misc":{"Escrito por":"Lana J\u00e9ssica Lima de Moraes","Est. tempo de leitura":"5 minutos"},"schema":{"@context":"https:\/\/schema.org","@graph":[{"@type":"NewsArticle","@id":"https:\/\/www.estrategiaconcursos.com.br\/blog\/figuras-linguagem-2\/#article","isPartOf":{"@id":"https:\/\/www.estrategiaconcursos.com.br\/blog\/figuras-linguagem-2\/"},"author":{"name":"Lana J\u00e9ssica Lima de Moraes","@id":"https:\/\/www.estrategiaconcursos.com.br\/blog\/#\/schema\/person\/048c3408590af730a5d8538726da81ee"},"headline":"Figuras de Linguagem para a USP","datePublished":"2023-07-22T14:00:00+00:00","mainEntityOfPage":{"@id":"https:\/\/www.estrategiaconcursos.com.br\/blog\/figuras-linguagem-2\/"},"wordCount":1025,"commentCount":0,"publisher":{"@id":"https:\/\/www.estrategiaconcursos.com.br\/blog\/#organization"},"image":{"@id":"https:\/\/www.estrategiaconcursos.com.br\/blog\/figuras-linguagem-2\/#primaryimage"},"thumbnailUrl":"https:\/\/dhg1h5j42swfq.cloudfront.net\/2023\/06\/27201857\/image-313.png","keywords":["Concurso","concursos p\u00fablicos","usp"],"articleSection":["Concursos P\u00fablicos","Educa\u00e7\u00e3o"],"inLanguage":"pt-BR","potentialAction":[{"@type":"CommentAction","name":"Comment","target":["https:\/\/www.estrategiaconcursos.com.br\/blog\/figuras-linguagem-2\/#respond"]}],"copyrightYear":"2023","copyrightHolder":{"@id":"https:\/\/www.estrategiaconcursos.com.br\/blog\/#organization"}},{"@type":"WebPage","@id":"https:\/\/www.estrategiaconcursos.com.br\/blog\/figuras-linguagem-2\/","url":"https:\/\/www.estrategiaconcursos.com.br\/blog\/figuras-linguagem-2\/","name":"Figuras de Linguagem para a USP","isPartOf":{"@id":"https:\/\/www.estrategiaconcursos.com.br\/blog\/#website"},"primaryImageOfPage":{"@id":"https:\/\/www.estrategiaconcursos.com.br\/blog\/figuras-linguagem-2\/#primaryimage"},"image":{"@id":"https:\/\/www.estrategiaconcursos.com.br\/blog\/figuras-linguagem-2\/#primaryimage"},"thumbnailUrl":"https:\/\/dhg1h5j42swfq.cloudfront.net\/2023\/06\/27201857\/image-313.png","datePublished":"2023-07-22T14:00:00+00:00","description":"\u00a0Confira neste artigo os principais assuntos exigidos sobre Figuras de Linguagem para o pr\u00f3ximo concurso da USP.","breadcrumb":{"@id":"https:\/\/www.estrategiaconcursos.com.br\/blog\/figuras-linguagem-2\/#breadcrumb"},"inLanguage":"pt-BR","potentialAction":[{"@type":"ReadAction","target":["https:\/\/www.estrategiaconcursos.com.br\/blog\/figuras-linguagem-2\/"]}]},{"@type":"ImageObject","inLanguage":"pt-BR","@id":"https:\/\/www.estrategiaconcursos.com.br\/blog\/figuras-linguagem-2\/#primaryimage","url":"https:\/\/dhg1h5j42swfq.cloudfront.net\/2023\/06\/27201857\/image-313.png","contentUrl":"https:\/\/dhg1h5j42swfq.cloudfront.net\/2023\/06\/27201857\/image-313.png","width":385,"height":296},{"@type":"BreadcrumbList","@id":"https:\/\/www.estrategiaconcursos.com.br\/blog\/figuras-linguagem-2\/#breadcrumb","itemListElement":[{"@type":"ListItem","position":1,"name":"In\u00edcio","item":"https:\/\/www.estrategiaconcursos.com.br\/blog\/"},{"@type":"ListItem","position":2,"name":"Figuras de Linguagem para a USP"}]},{"@type":"WebSite","@id":"https:\/\/www.estrategiaconcursos.com.br\/blog\/#website","url":"https:\/\/www.estrategiaconcursos.com.br\/blog\/","name":"Estrat\u00e9gia Concursos","description":"O blog da Estrat\u00e9gia Concursos traz not\u00edcias sobre concursos e artigos de professores oferecendo cursos para concursos (pdf + videaulas) no site.","publisher":{"@id":"https:\/\/www.estrategiaconcursos.com.br\/blog\/#organization"},"potentialAction":[{"@type":"SearchAction","target":{"@type":"EntryPoint","urlTemplate":"https:\/\/www.estrategiaconcursos.com.br\/blog\/?s={search_term_string}"},"query-input":{"@type":"PropertyValueSpecification","valueRequired":true,"valueName":"search_term_string"}}],"inLanguage":"pt-BR"},{"@type":"Organization","@id":"https:\/\/www.estrategiaconcursos.com.br\/blog\/#organization","name":"Estrat\u00e9gia Concursos","url":"https:\/\/www.estrategiaconcursos.com.br\/blog\/","logo":{"@type":"ImageObject","inLanguage":"pt-BR","@id":"https:\/\/www.estrategiaconcursos.com.br\/blog\/#\/schema\/logo\/image\/","url":"https:\/\/dhg1h5j42swfq.cloudfront.net\/2025\/06\/03203428\/logo_concursos-1.jpg","contentUrl":"https:\/\/dhg1h5j42swfq.cloudfront.net\/2025\/06\/03203428\/logo_concursos-1.jpg","width":230,"height":60,"caption":"Estrat\u00e9gia Concursos"},"image":{"@id":"https:\/\/www.estrategiaconcursos.com.br\/blog\/#\/schema\/logo\/image\/"},"sameAs":["https:\/\/x.com\/EstratConcursos"]},{"@type":"Person","@id":"https:\/\/www.estrategiaconcursos.com.br\/blog\/#\/schema\/person\/048c3408590af730a5d8538726da81ee","name":"Lana J\u00e9ssica Lima de Moraes","image":{"@type":"ImageObject","inLanguage":"pt-BR","@id":"https:\/\/secure.gravatar.com\/avatar\/2655a566ebd7a310bb57f433ca56365d367aa7635ff33ac421628ee03269ccc7?s=96&d=mm&r=g","url":"https:\/\/secure.gravatar.com\/avatar\/2655a566ebd7a310bb57f433ca56365d367aa7635ff33ac421628ee03269ccc7?s=96&d=mm&r=g","contentUrl":"https:\/\/secure.gravatar.com\/avatar\/2655a566ebd7a310bb57f433ca56365d367aa7635ff33ac421628ee03269ccc7?s=96&d=mm&r=g","caption":"Lana J\u00e9ssica Lima de Moraes"},"url":"https:\/\/www.estrategiaconcursos.com.br\/blog\/author\/lanajessicalimahotmail-com\/"}]}},"_links":{"self":[{"href":"https:\/\/www.estrategiaconcursos.com.br\/blog\/wp-json\/wp\/v2\/posts\/1239653","targetHints":{"allow":["GET"]}}],"collection":[{"href":"https:\/\/www.estrategiaconcursos.com.br\/blog\/wp-json\/wp\/v2\/posts"}],"about":[{"href":"https:\/\/www.estrategiaconcursos.com.br\/blog\/wp-json\/wp\/v2\/types\/post"}],"author":[{"embeddable":true,"href":"https:\/\/www.estrategiaconcursos.com.br\/blog\/wp-json\/wp\/v2\/users\/2471"}],"replies":[{"embeddable":true,"href":"https:\/\/www.estrategiaconcursos.com.br\/blog\/wp-json\/wp\/v2\/comments?post=1239653"}],"version-history":[{"count":23,"href":"https:\/\/www.estrategiaconcursos.com.br\/blog\/wp-json\/wp\/v2\/posts\/1239653\/revisions"}],"predecessor-version":[{"id":1244464,"href":"https:\/\/www.estrategiaconcursos.com.br\/blog\/wp-json\/wp\/v2\/posts\/1239653\/revisions\/1244464"}],"wp:featuredmedia":[{"embeddable":true,"href":"https:\/\/www.estrategiaconcursos.com.br\/blog\/wp-json\/wp\/v2\/media\/1239871"}],"wp:attachment":[{"href":"https:\/\/www.estrategiaconcursos.com.br\/blog\/wp-json\/wp\/v2\/media?parent=1239653"}],"wp:term":[{"taxonomy":"category","embeddable":true,"href":"https:\/\/www.estrategiaconcursos.com.br\/blog\/wp-json\/wp\/v2\/categories?post=1239653"},{"taxonomy":"post_tag","embeddable":true,"href":"https:\/\/www.estrategiaconcursos.com.br\/blog\/wp-json\/wp\/v2\/tags?post=1239653"},{"taxonomy":"tax_estado","embeddable":true,"href":"https:\/\/www.estrategiaconcursos.com.br\/blog\/wp-json\/wp\/v2\/tax_estado?post=1239653"}],"curies":[{"name":"wp","href":"https:\/\/api.w.org\/{rel}","templated":true}]}}