{"id":1237664,"date":"2023-11-13T06:18:00","date_gmt":"2023-11-13T09:18:00","guid":{"rendered":"https:\/\/www.estrategiaconcursos.com.br\/blog\/?p=1237664"},"modified":"2023-11-14T10:01:01","modified_gmt":"2023-11-14T13:01:01","slug":"concurso-guarda-sorocaba-edital-publicado","status":"publish","type":"post","link":"https:\/\/www.estrategiaconcursos.com.br\/blog\/concurso-guarda-sorocaba-edital-publicado\/","title":{"rendered":"Edital Guarda de Sorocaba tem inscri\u00e7\u00f5es encerradas; 50 vagas"},"content":{"rendered":"\n<p>Est\u00e3o encerradas as inscri\u00e7\u00f5es para o <strong>edital Guarda de Sorocaba<\/strong>, munic\u00edpio localizado no estado de S\u00e3o Paulo! S\u00e3o ofertadas <strong>50 vagas<\/strong> imediatas para os sexos masculino e feminino.<\/p>\n\n\n\n<p>Os candidatos puderam se inscrever at\u00e9 <strong>13 de novembro<\/strong>, no site da banca organizadora, <a href=\"https:\/\/www.vunesp.com.br\/PMSO2301\" target=\"_blank\" rel=\"noreferrer noopener\">Funda\u00e7\u00e3o Vunesp<\/a>, ao custo de R$ 85,00. A aplica\u00e7\u00e3o da prova \u00e9 prevista na data de 17 de dezembro.<\/p>\n\n\n\n<p>As oportunidades s\u00e3o para <a href=\"https:\/\/www.estrategiaconcursos.com.br\/curso\/prefeitura-de-sorocaba-sp-gcm-sorocaba-guarda-civil-municipal-pacote-completo-2023-pos-edital\/\" target=\"_blank\" rel=\"noreferrer noopener\">Guarda Civil Municipal de 2\u00aa Classe<\/a>, distribu\u00eddas entre ampla concorr\u00eancia e pessoas com defici\u00eancia. Os interessados devem possuir forma\u00e7\u00e3o de <strong>n\u00edvel m\u00e9dio<\/strong>, idade m\u00e1xima de 35 anos e CNH, com <strong>sal\u00e1rio de R$ 3.925,28<\/strong>.<\/p>\n\n\n\n<ul class=\"has-very-light-gray-to-cyan-bluish-gray-gradient-background has-background wp-block-list\">\n<li><strong>Banca:<\/strong> Funda\u00e7\u00e3o Vunesp<\/li>\n\n\n\n<li><strong>Vagas:<\/strong> 50<\/li>\n\n\n\n<li><strong>Sal\u00e1rio inicial:<\/strong> R$ 3.925,28<\/li>\n\n\n\n<li><strong>Edital:<\/strong> <a href=\"https:\/\/dhg1h5j42swfq.cloudfront.net\/2023\/06\/23080457\/nda1mju0na.pdf\" target=\"_blank\" rel=\"noreferrer noopener nofollow\">GCM Sorocaba SP-2023<\/a><\/li>\n<\/ul>\n\n\n\n<div class=\"container\" id=\"boxes\">\n  <div class=\"row\">\n\n    <div class=\"col-sm\">\n      <div class=\"banner-guarda-gcm\" id=\"box-assinatura\">\n        <h3 class=\"titulo-assinatura\" style=\"text-align: left;\">Edital Guarda de Sorocaba<\/h3>\n        <p class=\"subtitulo-assinatura\" style=\"text-align: left;\">Conhe\u00e7a os cursos<\/p>\n        <div class=\"box-botao\" style=\"text-align: left;\">\n          <a class=\"btn-assinatura\" target=\"_blank\" href=\"https:\/\/www.estrategiaconcursos.com.br\/cursosPorConcurso\/guarda-municipal-de-sorocaba-gcm-sorocaba\/\" role=\"button\" rel=\"noopener noreferrer\">CLIQUE AQUI<\/a>\n        <\/div>\n      <\/div><\/div><\/div><\/div>\n\n\n\n<h2 class=\"wp-block-heading\" id=\"datas\">Principais datas do concurso<\/h2>\n\n\n\n<ul class=\"wp-block-list\">\n<li><strong>Inscri\u00e7\u00f5es<\/strong>: <s>at\u00e9 13 de novembro<\/s><\/li>\n\n\n\n<li><strong>Isen\u00e7\u00e3o da taxa<\/strong>: <s>10 a 11 de outubro<\/s><\/li>\n\n\n\n<li><strong>\u00daltimo dia para pagamento<\/strong>: 14 de novembro<\/li>\n\n\n\n<li><strong>Prova<\/strong>: 17 de dezembro<\/li>\n<\/ul>\n\n\n\n<h2 class=\"wp-block-heading\" id=\"cargos-vagas\">Cargos e vagas do edital Guarda de Sorocaba<\/h2>\n\n\n\n<figure class=\"wp-block-table is-style-stripes\"><table class=\"has-very-light-gray-to-cyan-bluish-gray-gradient-background has-background has-fixed-layout\"><thead><tr><th class=\"has-text-align-center\" data-align=\"center\">CARGOS<\/th><th class=\"has-text-align-center\" data-align=\"center\">VAGAS<\/th><th class=\"has-text-align-center\" data-align=\"center\">SAL\u00c1RIO<\/th><\/tr><\/thead><tbody><tr><td class=\"has-text-align-center\" data-align=\"center\"><a href=\"https:\/\/www.estrategiaconcursos.com.br\/curso\/prefeitura-de-sorocaba-sp-gcm-sorocaba-guarda-civil-municipal-pacote-completo-2023-pos-edital\/\" target=\"_blank\" rel=\"noreferrer noopener\">Guarda Civil Municipal 2\u00aa Classe &#8211; Feminino<\/a><\/td><td class=\"has-text-align-center\" data-align=\"center\">10<\/td><td class=\"has-text-align-center\" data-align=\"center\">R$ 3.925,28<\/td><\/tr><tr><td class=\"has-text-align-center\" data-align=\"center\"><a href=\"https:\/\/www.estrategiaconcursos.com.br\/curso\/prefeitura-de-sorocaba-sp-gcm-sorocaba-guarda-civil-municipal-pacote-completo-2023-pos-edital\/\" target=\"_blank\" rel=\"noreferrer noopener\">Guarda Civil Municipal 2\u00aa Classe &#8211; Masculino<\/a><\/td><td class=\"has-text-align-center\" data-align=\"center\">40<\/td><td class=\"has-text-align-center\" data-align=\"center\">R$ 3.925,28<\/td><\/tr><\/tbody><\/table><\/figure>\n\n\n\n<p>O sal\u00e1rio \u00e9 composto pelo vencimento base de R$ 1.962,64, acrescido de R$ 1.962,64 a t\u00edtulo de Regime Especial de Trabalho Policial \u2013 RETP).<\/p>\n\n\n\n<h3 class=\"wp-block-heading\" id=\"medio\">Principais requisitos<\/h3>\n\n\n\n<ul class=\"wp-block-list\">\n<li>Ensino M\u00e9dio Completo;<\/li>\n\n\n\n<li>CNH categoria \u201cA\u201d e \u201cB\u201dou superior, expedida pelo \u00f3rg\u00e3o oficial;<\/li>\n\n\n\n<li>Ter completado 18 anos de idade e ter no m\u00e1ximo 35 anos, completados at\u00e9 a data de t\u00e9rmino do per\u00edodo da inscri\u00e7\u00e3o para realiza\u00e7\u00e3o do concurso;<\/li>\n\n\n\n<li>Altura m\u00ednima de 1,59 metros.<\/li>\n<\/ul>\n\n\n\n<h3 class=\"wp-block-heading\">Quais as atribui\u00e7\u00f5es da Guarda Municipal de Sorocaba?<\/h3>\n\n\n\n<ul class=\"wp-block-list\">\n<li>Desempenhar as atribui\u00e7\u00f5es inerentes a todos os integrantes da carreira da Guarda Civil Municipal;<\/li>\n\n\n\n<li>Cumprir as ordens que lhe forem conferidas; <\/li>\n\n\n\n<li>Cumprir a escala estabelecida pelos superiores, bem como poss\u00edveis altera\u00e7\u00f5es promovidas; <\/li>\n\n\n\n<li>Executar, sob o comando dos superiores, as tarefas relativas ao patrulhamento, motorizado ou n\u00e3o, e prote\u00e7\u00e3o das vias, logradouros e pr\u00f3prios municipais e p\u00fablicos em geral; <\/li>\n\n\n\n<li>Executar ronda de patrulhamento nas escolas, reparti\u00e7\u00f5es, pra\u00e7as e parques, orientar e comandar o tr\u00e2nsito para travessia de escolares nas vias p\u00fablicas, priorizando as localizadas em frente \u00e0s escolas, com os equipamentos necess\u00e1rios; <\/li>\n\n\n\n<li>Promover a fiscaliza\u00e7\u00e3o da utiliza\u00e7\u00e3o adequada dos bens de dom\u00ednio p\u00fablico evitando sua depreda\u00e7\u00e3o; <\/li>\n\n\n\n<li>Dar prote\u00e7\u00e3o a p\u00e9 e\/ou motorizado nos parques, pra\u00e7as, logradouros p\u00fablicos, feiras, pronto socorro, esta\u00e7\u00f5es e terminais de transportes, escolas e demais reparti\u00e7\u00f5es p\u00fablicas; <\/li>\n\n\n\n<li>Atuar nos procedimentos de seguran\u00e7a ao p\u00fablico em eventos municipais conforme solicita\u00e7\u00f5es e a partir das orienta\u00e7\u00f5es recebidas dos superiores, bem como outras opera\u00e7\u00f5es de apoio, a fim de evitar roubos, atos de viol\u00eancia e outras infra\u00e7\u00f5es.<\/li>\n<\/ul>\n\n\n\n<h2 class=\"wp-block-heading\" id=\"etapas\">Etapas e provas do edital Guarda de Sorocaba<\/h2>\n\n\n\n<p>Os candidatos do concurso Guarda de Sorocaba ser\u00e3o avaliados mediante aplica\u00e7\u00e3o de quatro etapas, conforme abaixo:<\/p>\n\n\n\n<ul class=\"wp-block-list\">\n<li><strong>1\u00aa Fase<\/strong> &#8211; Prova Objetiva e Reda\u00e7\u00e3o, de car\u00e1ter eliminat\u00f3rio e classificat\u00f3rio;<\/li>\n\n\n\n<li><strong>2\u00aa Fase <\/strong>\u2013 Teste de Aptid\u00e3o F\u00edsica, de car\u00e1ter eliminat\u00f3rio e classificat\u00f3rio;<\/li>\n\n\n\n<li><strong>3\u00aa Fase<\/strong> \u2013 Avalia\u00e7\u00e3o Psicol\u00f3gica, de car\u00e1ter eliminat\u00f3rio;<\/li>\n\n\n\n<li><strong>4\u00aa Fase<\/strong> \u2013 Exame Toxicol\u00f3gico, de car\u00e1ter eliminat\u00f3rio.<\/li>\n<\/ul>\n\n\n\n<h3 class=\"wp-block-heading\" id=\"objetiva\">Provas Objetivas<\/h3>\n\n\n\n<p>A Prova Objetiva, de car\u00e1ter eliminat\u00f3rio e classificat\u00f3rio, ser\u00e1 composta de quest\u00f5es de m\u00faltipla escolha, com cinco alternativas. Com dura\u00e7\u00e3o de 4 horas, sua aplica\u00e7\u00e3o ocorrer\u00e1 no turno da tarde.<\/p>\n\n\n\n<ul class=\"wp-block-list\">\n<li>L\u00edngua Portuguesa &#8211; 15<\/li>\n\n\n\n<li>Matem\u00e1tica &#8211; 7<\/li>\n\n\n\n<li>Racioc\u00ednio L\u00f3gico &#8211; 8<\/li>\n\n\n\n<li>Atualidades &#8211; 5<\/li>\n\n\n\n<li>Conhecimentos Espec\u00edficos &#8211; 15<\/li>\n<\/ul>\n\n\n\n<p>Avaliada na escala de 0 a 100,00 pontos, ser\u00e1 considerado habilitado na prova o candidato que obtiver nota igual ou superior a 50,00 pontos e n\u00e3o zerar em nenhum dos componentes.<\/p>\n\n\n\n<h3 class=\"wp-block-heading\" id=\"discursiva\">Prova Discursiva<\/h3>\n\n\n\n<p>A Prova de Reda\u00e7\u00e3o, de car\u00e1ter eliminat\u00f3rio e classificat\u00f3rio, visa avaliar a capacidade do candidato para escrever um texto coeso e coerente sobre um determinado tema, de acordo com a norma padr\u00e3o da l\u00edngua portuguesa.<\/p>\n\n\n\n<p>A etapa ser\u00e1 aplicada simultaneamente com a prova objetiva, constitu\u00edda de uma reda\u00e7\u00e3o em L\u00edngua Portuguesa. Reda\u00e7\u00f5es com 20 linhas ou menos n\u00e3o poder\u00e3o alcan\u00e7ar a nota m\u00e1xima e textos muito curtos, com 15 linhas ou menos, podem perder um ponto.<\/p>\n\n\n\n<p>A prova de reda\u00e7\u00e3o ser\u00e1 avaliada na escala de 0 a 100,00 pontos. Ser\u00e1 considerado habilitado na prova de reda\u00e7\u00e3o do edital GCM Sorocaba o candidato que obtiver nota igual ou superior a 50,00 pontos.<\/p>\n\n\n\n<h3 class=\"wp-block-heading\" id=\"pratica\">Teste de Aptid\u00e3o F\u00edsica<\/h3>\n\n\n\n<p>Ser\u00e3o convocados para a aplica\u00e7\u00e3o do teste de aptid\u00e3o f\u00edsica do edital Guarda de Sorocaba, os(as) candidatos (as) classificados (as) na prova de reda\u00e7\u00e3o, conforme propor\u00e7\u00e3o indicada no quadro adiante:<\/p>\n\n\n\n<figure class=\"wp-block-table is-style-stripes\"><table class=\"has-very-light-gray-to-cyan-bluish-gray-gradient-background has-background has-fixed-layout\"><thead><tr><th class=\"has-text-align-center\" data-align=\"center\">Cargo<\/th><th class=\"has-text-align-center\" data-align=\"center\">AC<\/th><th class=\"has-text-align-center\" data-align=\"center\">PCD (10%)<\/th><th class=\"has-text-align-center\" data-align=\"center\">Total<\/th><\/tr><\/thead><tbody><tr><td class=\"has-text-align-center\" data-align=\"center\">Guarda Civil Municipal 2\u00aa Classe &#8211; Feminino<\/td><td class=\"has-text-align-center\" data-align=\"center\">10450<\/td><td class=\"has-text-align-center\" data-align=\"center\">50<\/td><td class=\"has-text-align-center\" data-align=\"center\">500<\/td><\/tr><tr><td class=\"has-text-align-center\" data-align=\"center\">Guarda Civil Municipal 2\u00aa Classe &#8211; Masculino<\/td><td class=\"has-text-align-center\" data-align=\"center\">1.350<\/td><td class=\"has-text-align-center\" data-align=\"center\">150<\/td><td class=\"has-text-align-center\" data-align=\"center\">1.500<\/td><\/tr><\/tbody><\/table><\/figure>\n\n\n\n<p>Os testes de aptid\u00e3o f\u00edsica, de car\u00e1ter eminentemente eliminat\u00f3rio, tem como objetivo avaliar o desempenho f\u00edsico do candidato, sendo compostos pelos seguintes exerc\u00edcios:<\/p>\n\n\n\n<ul class=\"wp-block-list\">\n<li><strong>para as candidatas do cargo de Guarda Civil Municipal \u2013 Feminino:<\/strong>\n<ul class=\"wp-block-list\">\n<li>flexo-extens\u00e3o de cotovelos sobre o solo em apoio no banco<\/li>\n\n\n\n<li>resist\u00eancia abdominal<\/li>\n\n\n\n<li>corrida de 50 metros<\/li>\n\n\n\n<li>corrida em 12 minutos<\/li>\n<\/ul>\n<\/li>\n<\/ul>\n\n\n\n<figure class=\"wp-block-image aligncenter size-full\"><img loading=\"lazy\" decoding=\"async\" width=\"651\" height=\"405\" src=\"https:\/\/dhg1h5j42swfq.cloudfront.net\/2023\/06\/23083539\/image-283.png\" alt=\"Quadro do teste f\u00edsico para o sexo feminino do edital Guarda de Sorocaba\" class=\"wp-image-1237693\" srcset=\"https:\/\/dhg1h5j42swfq.cloudfront.net\/2023\/06\/23083539\/image-283.png 651w, https:\/\/dhg1h5j42swfq.cloudfront.net\/2023\/06\/23083539\/image-283-300x187.png 300w, https:\/\/dhg1h5j42swfq.cloudfront.net\/2023\/06\/23083539\/image-283-610x379.png 610w, https:\/\/dhg1h5j42swfq.cloudfront.net\/2023\/06\/23083539\/image-283-150x93.png 150w\" sizes=\"auto, (max-width: 651px) 100vw, 651px\" \/><figcaption class=\"wp-element-caption\">Quadro do teste f\u00edsico para o sexo feminino do edital Guarda de Sorocaba<\/figcaption><\/figure>\n\n\n\n<ul class=\"wp-block-list\">\n<li><strong>para os candidatos do cargo de Guarda Civil Municipal \u2013 Masculino:<\/strong>\n<ul class=\"wp-block-list\">\n<li>flexo-extens\u00e3o de cotovelos em apoio de frente sobre o solo<\/li>\n\n\n\n<li>resist\u00eancia abdominal<\/li>\n\n\n\n<li>corrida de 50 metros<\/li>\n\n\n\n<li>corrida em 12 minutos<\/li>\n<\/ul>\n<\/li>\n<\/ul>\n\n\n\n<figure class=\"wp-block-image aligncenter size-full\"><img loading=\"lazy\" decoding=\"async\" width=\"651\" height=\"406\" src=\"https:\/\/dhg1h5j42swfq.cloudfront.net\/2023\/06\/23083554\/image-284.png\" alt=\"Quadro do teste f\u00edsico para o sexo masculino do edital Guarda de Sorocaba\" class=\"wp-image-1237695\" srcset=\"https:\/\/dhg1h5j42swfq.cloudfront.net\/2023\/06\/23083554\/image-284.png 651w, https:\/\/dhg1h5j42swfq.cloudfront.net\/2023\/06\/23083554\/image-284-300x187.png 300w, https:\/\/dhg1h5j42swfq.cloudfront.net\/2023\/06\/23083554\/image-284-610x380.png 610w, https:\/\/dhg1h5j42swfq.cloudfront.net\/2023\/06\/23083554\/image-284-150x94.png 150w\" sizes=\"auto, (max-width: 651px) 100vw, 651px\" \/><figcaption class=\"wp-element-caption\">Quadro do teste f\u00edsico para o sexo masculino do edital Guarda de Sorocaba<\/figcaption><\/figure>\n\n\n\n<h2 class=\"wp-block-heading has-text-align-center has-cyan-bluish-gray-background-color has-background has-medium-font-size\">Confira mais detalhes: <a href=\"https:\/\/www.estrategiaconcursos.com.br\/blog\/concurso-gcm-sorocaba-sp\/\" target=\"_blank\" rel=\"noreferrer noopener\">Concurso Guarda de Sorocaba<\/a><\/h2>\n\n\n\n<hr class=\"wp-block-separator has-css-opacity\"\/>\n\n\n\n<h2 class=\"wp-block-heading has-text-align-center\" id=\"h-quer-saber-tudo-sobre-concursos-previstos-confira-nossos-artigos\">Quer saber tudo sobre concursos previstos?<br \/>Confira  nossos artigos!<\/h2>\n\n\n\n<ul class=\"wp-block-list\">\n<li><a href=\"https:\/\/www.estrategiaconcursos.com.br\/blog\/concursos-abertos\/\" target=\"_blank\" rel=\"noreferrer noopener\">Concursos abertos<\/a><\/li>\n\n\n\n<li><a href=\"https:\/\/www.estrategiaconcursos.com.br\/blog\/concursos-2024\/\" target=\"_blank\" rel=\"noreferrer noopener\">Concursos 2024<\/a><\/li>\n<\/ul>\n\n\n\n<h2 class=\"wp-block-heading has-text-align-center\" id=\"cursos\">Quer estudar para o concurso Guarda de Sorocaba?<\/h2>\n\n\n\n<div class=\"container\" id=\"boxes\">\n  <div class=\"row\">\n\n    <div class=\"col-sm\">\n      <div class=\"banner-guarda-gcm\" id=\"box-assinatura\">\n        <h3 class=\"titulo-assinatura\" style=\"text-align: left;\">Edital Guarda de Sorocaba<\/h3>\n        <p class=\"subtitulo-assinatura\" style=\"text-align: left;\">Conhe\u00e7a os cursos<\/p>\n        <div class=\"box-botao\" style=\"text-align: left;\">\n          <a class=\"btn-assinatura\" target=\"_blank\" href=\"https:\/\/www.estrategiaconcursos.com.br\/cursosPorConcurso\/guarda-municipal-de-sorocaba-gcm-sorocaba\/\" role=\"button\" rel=\"noopener noreferrer\">CLIQUE AQUI<\/a>\n        <\/div>\n      <\/div><\/div><\/div><\/div>\n\n\n\n<div class=\"container\" id=\"boxes\">\n  <div class=\"row\">\n\n    <div class=\"col-sm\">\n      <div class=\"estrategia\" id=\"box-assinatura\">\n        <h3 class=\"titulo-assinatura\">Assinatura Concursos<\/h3>\n        <p class=\"subtitulo-assinatura\">Assinatura de 1 ano ou 2 anos<\/p>\n        <div class=\"box-botao\">\n          <a class=\"btn-assinatura\" target=\"_blank\" href=\"https:\/\/www.estrategiaconcursos.com.br\/assinaturas\/\" role=\"button\" rel=\"noopener noreferrer\">ASSINE AGORA<\/a>\n        <\/div>\n      <\/div><\/div><\/div><\/div>\n\n\n\n<figure class=\"wp-block-image size-large is-resized\"><img loading=\"lazy\" decoding=\"async\" width=\"1024\" height=\"632\" src=\"https:\/\/dhg1h5j42swfq.cloudfront.net\/2025\/06\/27101122\/ficha-tecnica-1-1024x632.png\" alt=\"\" class=\"wp-image-702728\" style=\"width:269px;height:166px\" srcset=\"https:\/\/dhg1h5j42swfq.cloudfront.net\/2025\/06\/27101122\/ficha-tecnica-1-1024x632.png 1024w, https:\/\/dhg1h5j42swfq.cloudfront.net\/2025\/06\/27101122\/ficha-tecnica-1-300x185.png 300w, https:\/\/dhg1h5j42swfq.cloudfront.net\/2025\/06\/27101122\/ficha-tecnica-1-768x474.png 768w, https:\/\/dhg1h5j42swfq.cloudfront.net\/2025\/06\/27101122\/ficha-tecnica-1-1536x948.png 1536w, https:\/\/dhg1h5j42swfq.cloudfront.net\/2025\/06\/27101122\/ficha-tecnica-1-610x377.png 610w, https:\/\/dhg1h5j42swfq.cloudfront.net\/2025\/06\/27101122\/ficha-tecnica-1.png 1571w\" sizes=\"auto, (max-width: 1024px) 100vw, 1024px\" \/><\/figure>\n\n\n\n<h3 class=\"wp-block-heading\" id=\"ficha\">Informa\u00e7\u00f5es do concurso Guarda de Sorocaba-SP<\/h3>\n\n\n\n<ul class=\"wp-block-list\">\n<li><strong>Provas<\/strong>: 17\/12\/2023<\/li>\n\n\n\n<li><strong>Vagas<\/strong>: 50<\/li>\n\n\n\n<li><strong>Cargos<\/strong>: Guarda Civil Municipal<\/li>\n\n\n\n<li><strong>Banca<\/strong>: Funda\u00e7\u00e3o Vunesp<\/li>\n\n\n\n<li><strong>Escolaridade<\/strong>: n\u00edvel m\u00e9dio<\/li>\n\n\n\n<li><strong>Edital:<\/strong> <a href=\"https:\/\/dhg1h5j42swfq.cloudfront.net\/2023\/06\/23080457\/nda1mju0na.pdf\" target=\"_blank\" rel=\"noreferrer noopener nofollow\">GCM Sorocaba SP-2023<\/a><\/li>\n<\/ul>\n","protected":false},"excerpt":{"rendered":"<p>Est\u00e3o encerradas as inscri\u00e7\u00f5es para o edital Guarda de Sorocaba, munic\u00edpio localizado no estado de S\u00e3o Paulo! S\u00e3o ofertadas 50 vagas imediatas para os sexos masculino e feminino. Os candidatos puderam se inscrever at\u00e9 13 de novembro, no site da banca organizadora, Funda\u00e7\u00e3o Vunesp, ao custo de R$ 85,00. A aplica\u00e7\u00e3o da prova \u00e9 prevista [&hellip;]<\/p>\n","protected":false},"author":1206,"featured_media":1238080,"comment_status":"open","ping_status":"closed","sticky":false,"template":"","format":"standard","meta":{"post_tipo":"news","footnotes":""},"categories":[220189,220219],"tags":[],"tax_estado":[219989],"class_list":["post-1237664","post","type-post","status-publish","format-standard","has-post-thumbnail","hentry","category-policial-guarda-civis","category-noticias","tax_estado-sp"],"acf":[],"yoast_head":"<!-- This site is optimized with the Yoast SEO Premium plugin v27.2 (Yoast SEO v27.2) - https:\/\/yoast.com\/product\/yoast-seo-premium-wordpress\/ -->\n<title>Edital Guarda de Sorocaba tem inscri\u00e7\u00f5es encerradas; 50 vagas<\/title>\n<meta name=\"description\" content=\"Edital Guarda de Sorocaba \u00e9 publicado com 50 vagas de n\u00edvel m\u00e9dio e sal\u00e1rio inicial de R$ 3,9 mil. Confira os detalhes aqui!\" \/>\n<meta name=\"robots\" content=\"index, follow, max-snippet:-1, max-image-preview:large, max-video-preview:-1\" \/>\n<link rel=\"canonical\" href=\"https:\/\/www.estrategiaconcursos.com.br\/blog\/concurso-guarda-sorocaba-edital-publicado\/\" \/>\n<meta property=\"og:locale\" content=\"pt_BR\" \/>\n<meta property=\"og:type\" content=\"article\" \/>\n<meta property=\"og:title\" content=\"Edital Guarda de Sorocaba tem inscri\u00e7\u00f5es encerradas; 50 vagas\" \/>\n<meta property=\"og:description\" content=\"Edital Guarda de Sorocaba \u00e9 publicado com 50 vagas de n\u00edvel m\u00e9dio e sal\u00e1rio inicial de R$ 3,9 mil. Confira os detalhes aqui!\" \/>\n<meta property=\"og:url\" content=\"https:\/\/www.estrategiaconcursos.com.br\/blog\/concurso-guarda-sorocaba-edital-publicado\/\" \/>\n<meta property=\"og:site_name\" content=\"Estrat\u00e9gia Concursos\" \/>\n<meta property=\"article:published_time\" content=\"2023-11-13T09:18:00+00:00\" \/>\n<meta property=\"article:modified_time\" content=\"2023-11-14T13:01:01+00:00\" \/>\n<meta property=\"og:image\" content=\"https:\/\/dhg1h5j42swfq.cloudfront.net\/2023\/06\/23131618\/guarda-de-sorocaba.jpg\" \/>\n\t<meta property=\"og:image:width\" content=\"768\" \/>\n\t<meta property=\"og:image:height\" content=\"432\" \/>\n\t<meta property=\"og:image:type\" content=\"image\/jpeg\" \/>\n<meta name=\"author\" content=\"Bruna de Andrade Fran\u00e7a\" \/>\n<meta name=\"twitter:card\" content=\"summary_large_image\" \/>\n<meta name=\"twitter:creator\" content=\"@EstratConcursos\" \/>\n<meta name=\"twitter:site\" content=\"@EstratConcursos\" \/>\n<meta name=\"twitter:label1\" content=\"Escrito por\" \/>\n\t<meta name=\"twitter:data1\" content=\"Bruna de Andrade Fran\u00e7a\" \/>\n\t<meta name=\"twitter:label2\" content=\"Est. tempo de leitura\" \/>\n\t<meta name=\"twitter:data2\" content=\"5 minutos\" \/>\n<script type=\"application\/ld+json\" class=\"yoast-schema-graph\">{\"@context\":\"https:\/\/schema.org\",\"@graph\":[{\"@type\":\"NewsArticle\",\"@id\":\"https:\/\/www.estrategiaconcursos.com.br\/blog\/concurso-guarda-sorocaba-edital-publicado\/#article\",\"isPartOf\":{\"@id\":\"https:\/\/www.estrategiaconcursos.com.br\/blog\/concurso-guarda-sorocaba-edital-publicado\/\"},\"author\":{\"name\":\"Bruna de Andrade Fran\u00e7a\",\"@id\":\"https:\/\/www.estrategiaconcursos.com.br\/blog\/#\/schema\/person\/6630f91134abc08115cca62ce6372855\"},\"headline\":\"Edital Guarda de Sorocaba tem inscri\u00e7\u00f5es encerradas; 50 vagas\",\"datePublished\":\"2023-11-13T09:18:00+00:00\",\"dateModified\":\"2023-11-14T13:01:01+00:00\",\"mainEntityOfPage\":{\"@id\":\"https:\/\/www.estrategiaconcursos.com.br\/blog\/concurso-guarda-sorocaba-edital-publicado\/\"},\"wordCount\":1002,\"commentCount\":0,\"publisher\":{\"@id\":\"https:\/\/www.estrategiaconcursos.com.br\/blog\/#organization\"},\"image\":{\"@id\":\"https:\/\/www.estrategiaconcursos.com.br\/blog\/concurso-guarda-sorocaba-edital-publicado\/#primaryimage\"},\"thumbnailUrl\":\"https:\/\/dhg1h5j42swfq.cloudfront.net\/2023\/06\/23131618\/guarda-de-sorocaba.jpg\",\"articleSection\":[\"Policial (Guardas Civis)\",\"\u00daltimas not\u00edcias\"],\"inLanguage\":\"pt-BR\",\"potentialAction\":[{\"@type\":\"CommentAction\",\"name\":\"Comment\",\"target\":[\"https:\/\/www.estrategiaconcursos.com.br\/blog\/concurso-guarda-sorocaba-edital-publicado\/#respond\"]}],\"copyrightYear\":\"2023\",\"copyrightHolder\":{\"@id\":\"https:\/\/www.estrategiaconcursos.com.br\/blog\/#organization\"}},{\"@type\":\"WebPage\",\"@id\":\"https:\/\/www.estrategiaconcursos.com.br\/blog\/concurso-guarda-sorocaba-edital-publicado\/\",\"url\":\"https:\/\/www.estrategiaconcursos.com.br\/blog\/concurso-guarda-sorocaba-edital-publicado\/\",\"name\":\"Edital Guarda de Sorocaba tem inscri\u00e7\u00f5es encerradas; 50 vagas\",\"isPartOf\":{\"@id\":\"https:\/\/www.estrategiaconcursos.com.br\/blog\/#website\"},\"primaryImageOfPage\":{\"@id\":\"https:\/\/www.estrategiaconcursos.com.br\/blog\/concurso-guarda-sorocaba-edital-publicado\/#primaryimage\"},\"image\":{\"@id\":\"https:\/\/www.estrategiaconcursos.com.br\/blog\/concurso-guarda-sorocaba-edital-publicado\/#primaryimage\"},\"thumbnailUrl\":\"https:\/\/dhg1h5j42swfq.cloudfront.net\/2023\/06\/23131618\/guarda-de-sorocaba.jpg\",\"datePublished\":\"2023-11-13T09:18:00+00:00\",\"dateModified\":\"2023-11-14T13:01:01+00:00\",\"description\":\"Edital Guarda de Sorocaba \u00e9 publicado com 50 vagas de n\u00edvel m\u00e9dio e sal\u00e1rio inicial de R$ 3,9 mil. Confira os detalhes aqui!\",\"breadcrumb\":{\"@id\":\"https:\/\/www.estrategiaconcursos.com.br\/blog\/concurso-guarda-sorocaba-edital-publicado\/#breadcrumb\"},\"inLanguage\":\"pt-BR\",\"potentialAction\":[{\"@type\":\"ReadAction\",\"target\":[\"https:\/\/www.estrategiaconcursos.com.br\/blog\/concurso-guarda-sorocaba-edital-publicado\/\"]}]},{\"@type\":\"ImageObject\",\"inLanguage\":\"pt-BR\",\"@id\":\"https:\/\/www.estrategiaconcursos.com.br\/blog\/concurso-guarda-sorocaba-edital-publicado\/#primaryimage\",\"url\":\"https:\/\/dhg1h5j42swfq.cloudfront.net\/2023\/06\/23131618\/guarda-de-sorocaba.jpg\",\"contentUrl\":\"https:\/\/dhg1h5j42swfq.cloudfront.net\/2023\/06\/23131618\/guarda-de-sorocaba.jpg\",\"width\":768,\"height\":432,\"caption\":\"edital Guarda de Sorocaba\"},{\"@type\":\"BreadcrumbList\",\"@id\":\"https:\/\/www.estrategiaconcursos.com.br\/blog\/concurso-guarda-sorocaba-edital-publicado\/#breadcrumb\",\"itemListElement\":[{\"@type\":\"ListItem\",\"position\":1,\"name\":\"In\u00edcio\",\"item\":\"https:\/\/www.estrategiaconcursos.com.br\/blog\/\"},{\"@type\":\"ListItem\",\"position\":2,\"name\":\"Edital Guarda de Sorocaba tem inscri\u00e7\u00f5es encerradas; 50 vagas\"}]},{\"@type\":\"WebSite\",\"@id\":\"https:\/\/www.estrategiaconcursos.com.br\/blog\/#website\",\"url\":\"https:\/\/www.estrategiaconcursos.com.br\/blog\/\",\"name\":\"Estrat\u00e9gia Concursos\",\"description\":\"O blog da Estrat\u00e9gia Concursos traz not\u00edcias sobre concursos e artigos de professores oferecendo cursos para concursos (pdf + videaulas) no site.\",\"publisher\":{\"@id\":\"https:\/\/www.estrategiaconcursos.com.br\/blog\/#organization\"},\"potentialAction\":[{\"@type\":\"SearchAction\",\"target\":{\"@type\":\"EntryPoint\",\"urlTemplate\":\"https:\/\/www.estrategiaconcursos.com.br\/blog\/?s={search_term_string}\"},\"query-input\":{\"@type\":\"PropertyValueSpecification\",\"valueRequired\":true,\"valueName\":\"search_term_string\"}}],\"inLanguage\":\"pt-BR\"},{\"@type\":\"Organization\",\"@id\":\"https:\/\/www.estrategiaconcursos.com.br\/blog\/#organization\",\"name\":\"Estrat\u00e9gia Concursos\",\"url\":\"https:\/\/www.estrategiaconcursos.com.br\/blog\/\",\"logo\":{\"@type\":\"ImageObject\",\"inLanguage\":\"pt-BR\",\"@id\":\"https:\/\/www.estrategiaconcursos.com.br\/blog\/#\/schema\/logo\/image\/\",\"url\":\"https:\/\/dhg1h5j42swfq.cloudfront.net\/2025\/06\/03203428\/logo_concursos-1.jpg\",\"contentUrl\":\"https:\/\/dhg1h5j42swfq.cloudfront.net\/2025\/06\/03203428\/logo_concursos-1.jpg\",\"width\":230,\"height\":60,\"caption\":\"Estrat\u00e9gia Concursos\"},\"image\":{\"@id\":\"https:\/\/www.estrategiaconcursos.com.br\/blog\/#\/schema\/logo\/image\/\"},\"sameAs\":[\"https:\/\/x.com\/EstratConcursos\"]},{\"@type\":\"Person\",\"@id\":\"https:\/\/www.estrategiaconcursos.com.br\/blog\/#\/schema\/person\/6630f91134abc08115cca62ce6372855\",\"name\":\"Bruna de Andrade Fran\u00e7a\",\"image\":{\"@type\":\"ImageObject\",\"inLanguage\":\"pt-BR\",\"@id\":\"https:\/\/secure.gravatar.com\/avatar\/d6316d36d50cea0fadae28ed3015b8870cc90a2d3d8a95c37b44006af36a00e3?s=96&d=mm&r=g\",\"url\":\"https:\/\/secure.gravatar.com\/avatar\/d6316d36d50cea0fadae28ed3015b8870cc90a2d3d8a95c37b44006af36a00e3?s=96&d=mm&r=g\",\"contentUrl\":\"https:\/\/secure.gravatar.com\/avatar\/d6316d36d50cea0fadae28ed3015b8870cc90a2d3d8a95c37b44006af36a00e3?s=96&d=mm&r=g\",\"caption\":\"Bruna de Andrade Fran\u00e7a\"},\"description\":\"Bruna de Andrade Fran\u00e7a \u00e9 publicit\u00e1ria com p\u00f3s-gradua\u00e7\u00e3o em Marketing &amp; Growth, atuando h\u00e1 mais de 6 anos no universo dos concursos p\u00fablicos. Desde 2021, lidera no Blog do Estrat\u00e9gia Concursos a cobertura editorial especializada em Concursos Policiais (PF, PRF, PM, PC, etc.), al\u00e9m das frentes de concursos banc\u00e1rios, de sa\u00fade e da \u00e1rea legislativa. Especialista em reda\u00e7\u00e3o, com pr\u00e1ticas de SEO e Copywriting, possui tamb\u00e9m atua\u00e7\u00e3o pr\u00e1tica de contato direto com \u00f3rg\u00e3os p\u00fablicos respons\u00e1veis por editais, permitindo acesso antecipado a informa\u00e7\u00f5es, desdobramentos importantes e atualiza\u00e7\u00e3o eficiente dos concursos p\u00fablicos.\",\"url\":\"https:\/\/www.estrategiaconcursos.com.br\/blog\/author\/bruna-andrade\/\"}]}<\/script>\n<!-- \/ Yoast SEO Premium plugin. -->","yoast_head_json":{"title":"Edital Guarda de Sorocaba tem inscri\u00e7\u00f5es encerradas; 50 vagas","description":"Edital Guarda de Sorocaba \u00e9 publicado com 50 vagas de n\u00edvel m\u00e9dio e sal\u00e1rio inicial de R$ 3,9 mil. Confira os detalhes aqui!","robots":{"index":"index","follow":"follow","max-snippet":"max-snippet:-1","max-image-preview":"max-image-preview:large","max-video-preview":"max-video-preview:-1"},"canonical":"https:\/\/www.estrategiaconcursos.com.br\/blog\/concurso-guarda-sorocaba-edital-publicado\/","og_locale":"pt_BR","og_type":"article","og_title":"Edital Guarda de Sorocaba tem inscri\u00e7\u00f5es encerradas; 50 vagas","og_description":"Edital Guarda de Sorocaba \u00e9 publicado com 50 vagas de n\u00edvel m\u00e9dio e sal\u00e1rio inicial de R$ 3,9 mil. Confira os detalhes aqui!","og_url":"https:\/\/www.estrategiaconcursos.com.br\/blog\/concurso-guarda-sorocaba-edital-publicado\/","og_site_name":"Estrat\u00e9gia Concursos","article_published_time":"2023-11-13T09:18:00+00:00","article_modified_time":"2023-11-14T13:01:01+00:00","og_image":[{"width":768,"height":432,"url":"https:\/\/dhg1h5j42swfq.cloudfront.net\/2023\/06\/23131618\/guarda-de-sorocaba.jpg","type":"image\/jpeg"}],"author":"Bruna de Andrade Fran\u00e7a","twitter_card":"summary_large_image","twitter_creator":"@EstratConcursos","twitter_site":"@EstratConcursos","twitter_misc":{"Escrito por":"Bruna de Andrade Fran\u00e7a","Est. tempo de leitura":"5 minutos"},"schema":{"@context":"https:\/\/schema.org","@graph":[{"@type":"NewsArticle","@id":"https:\/\/www.estrategiaconcursos.com.br\/blog\/concurso-guarda-sorocaba-edital-publicado\/#article","isPartOf":{"@id":"https:\/\/www.estrategiaconcursos.com.br\/blog\/concurso-guarda-sorocaba-edital-publicado\/"},"author":{"name":"Bruna de Andrade Fran\u00e7a","@id":"https:\/\/www.estrategiaconcursos.com.br\/blog\/#\/schema\/person\/6630f91134abc08115cca62ce6372855"},"headline":"Edital Guarda de Sorocaba tem inscri\u00e7\u00f5es encerradas; 50 vagas","datePublished":"2023-11-13T09:18:00+00:00","dateModified":"2023-11-14T13:01:01+00:00","mainEntityOfPage":{"@id":"https:\/\/www.estrategiaconcursos.com.br\/blog\/concurso-guarda-sorocaba-edital-publicado\/"},"wordCount":1002,"commentCount":0,"publisher":{"@id":"https:\/\/www.estrategiaconcursos.com.br\/blog\/#organization"},"image":{"@id":"https:\/\/www.estrategiaconcursos.com.br\/blog\/concurso-guarda-sorocaba-edital-publicado\/#primaryimage"},"thumbnailUrl":"https:\/\/dhg1h5j42swfq.cloudfront.net\/2023\/06\/23131618\/guarda-de-sorocaba.jpg","articleSection":["Policial (Guardas Civis)","\u00daltimas not\u00edcias"],"inLanguage":"pt-BR","potentialAction":[{"@type":"CommentAction","name":"Comment","target":["https:\/\/www.estrategiaconcursos.com.br\/blog\/concurso-guarda-sorocaba-edital-publicado\/#respond"]}],"copyrightYear":"2023","copyrightHolder":{"@id":"https:\/\/www.estrategiaconcursos.com.br\/blog\/#organization"}},{"@type":"WebPage","@id":"https:\/\/www.estrategiaconcursos.com.br\/blog\/concurso-guarda-sorocaba-edital-publicado\/","url":"https:\/\/www.estrategiaconcursos.com.br\/blog\/concurso-guarda-sorocaba-edital-publicado\/","name":"Edital Guarda de Sorocaba tem inscri\u00e7\u00f5es encerradas; 50 vagas","isPartOf":{"@id":"https:\/\/www.estrategiaconcursos.com.br\/blog\/#website"},"primaryImageOfPage":{"@id":"https:\/\/www.estrategiaconcursos.com.br\/blog\/concurso-guarda-sorocaba-edital-publicado\/#primaryimage"},"image":{"@id":"https:\/\/www.estrategiaconcursos.com.br\/blog\/concurso-guarda-sorocaba-edital-publicado\/#primaryimage"},"thumbnailUrl":"https:\/\/dhg1h5j42swfq.cloudfront.net\/2023\/06\/23131618\/guarda-de-sorocaba.jpg","datePublished":"2023-11-13T09:18:00+00:00","dateModified":"2023-11-14T13:01:01+00:00","description":"Edital Guarda de Sorocaba \u00e9 publicado com 50 vagas de n\u00edvel m\u00e9dio e sal\u00e1rio inicial de R$ 3,9 mil. Confira os detalhes aqui!","breadcrumb":{"@id":"https:\/\/www.estrategiaconcursos.com.br\/blog\/concurso-guarda-sorocaba-edital-publicado\/#breadcrumb"},"inLanguage":"pt-BR","potentialAction":[{"@type":"ReadAction","target":["https:\/\/www.estrategiaconcursos.com.br\/blog\/concurso-guarda-sorocaba-edital-publicado\/"]}]},{"@type":"ImageObject","inLanguage":"pt-BR","@id":"https:\/\/www.estrategiaconcursos.com.br\/blog\/concurso-guarda-sorocaba-edital-publicado\/#primaryimage","url":"https:\/\/dhg1h5j42swfq.cloudfront.net\/2023\/06\/23131618\/guarda-de-sorocaba.jpg","contentUrl":"https:\/\/dhg1h5j42swfq.cloudfront.net\/2023\/06\/23131618\/guarda-de-sorocaba.jpg","width":768,"height":432,"caption":"edital Guarda de Sorocaba"},{"@type":"BreadcrumbList","@id":"https:\/\/www.estrategiaconcursos.com.br\/blog\/concurso-guarda-sorocaba-edital-publicado\/#breadcrumb","itemListElement":[{"@type":"ListItem","position":1,"name":"In\u00edcio","item":"https:\/\/www.estrategiaconcursos.com.br\/blog\/"},{"@type":"ListItem","position":2,"name":"Edital Guarda de Sorocaba tem inscri\u00e7\u00f5es encerradas; 50 vagas"}]},{"@type":"WebSite","@id":"https:\/\/www.estrategiaconcursos.com.br\/blog\/#website","url":"https:\/\/www.estrategiaconcursos.com.br\/blog\/","name":"Estrat\u00e9gia Concursos","description":"O blog da Estrat\u00e9gia Concursos traz not\u00edcias sobre concursos e artigos de professores oferecendo cursos para concursos (pdf + videaulas) no site.","publisher":{"@id":"https:\/\/www.estrategiaconcursos.com.br\/blog\/#organization"},"potentialAction":[{"@type":"SearchAction","target":{"@type":"EntryPoint","urlTemplate":"https:\/\/www.estrategiaconcursos.com.br\/blog\/?s={search_term_string}"},"query-input":{"@type":"PropertyValueSpecification","valueRequired":true,"valueName":"search_term_string"}}],"inLanguage":"pt-BR"},{"@type":"Organization","@id":"https:\/\/www.estrategiaconcursos.com.br\/blog\/#organization","name":"Estrat\u00e9gia Concursos","url":"https:\/\/www.estrategiaconcursos.com.br\/blog\/","logo":{"@type":"ImageObject","inLanguage":"pt-BR","@id":"https:\/\/www.estrategiaconcursos.com.br\/blog\/#\/schema\/logo\/image\/","url":"https:\/\/dhg1h5j42swfq.cloudfront.net\/2025\/06\/03203428\/logo_concursos-1.jpg","contentUrl":"https:\/\/dhg1h5j42swfq.cloudfront.net\/2025\/06\/03203428\/logo_concursos-1.jpg","width":230,"height":60,"caption":"Estrat\u00e9gia Concursos"},"image":{"@id":"https:\/\/www.estrategiaconcursos.com.br\/blog\/#\/schema\/logo\/image\/"},"sameAs":["https:\/\/x.com\/EstratConcursos"]},{"@type":"Person","@id":"https:\/\/www.estrategiaconcursos.com.br\/blog\/#\/schema\/person\/6630f91134abc08115cca62ce6372855","name":"Bruna de Andrade Fran\u00e7a","image":{"@type":"ImageObject","inLanguage":"pt-BR","@id":"https:\/\/secure.gravatar.com\/avatar\/d6316d36d50cea0fadae28ed3015b8870cc90a2d3d8a95c37b44006af36a00e3?s=96&d=mm&r=g","url":"https:\/\/secure.gravatar.com\/avatar\/d6316d36d50cea0fadae28ed3015b8870cc90a2d3d8a95c37b44006af36a00e3?s=96&d=mm&r=g","contentUrl":"https:\/\/secure.gravatar.com\/avatar\/d6316d36d50cea0fadae28ed3015b8870cc90a2d3d8a95c37b44006af36a00e3?s=96&d=mm&r=g","caption":"Bruna de Andrade Fran\u00e7a"},"description":"Bruna de Andrade Fran\u00e7a \u00e9 publicit\u00e1ria com p\u00f3s-gradua\u00e7\u00e3o em Marketing &amp; Growth, atuando h\u00e1 mais de 6 anos no universo dos concursos p\u00fablicos. Desde 2021, lidera no Blog do Estrat\u00e9gia Concursos a cobertura editorial especializada em Concursos Policiais (PF, PRF, PM, PC, etc.), al\u00e9m das frentes de concursos banc\u00e1rios, de sa\u00fade e da \u00e1rea legislativa. Especialista em reda\u00e7\u00e3o, com pr\u00e1ticas de SEO e Copywriting, possui tamb\u00e9m atua\u00e7\u00e3o pr\u00e1tica de contato direto com \u00f3rg\u00e3os p\u00fablicos respons\u00e1veis por editais, permitindo acesso antecipado a informa\u00e7\u00f5es, desdobramentos importantes e atualiza\u00e7\u00e3o eficiente dos concursos p\u00fablicos.","url":"https:\/\/www.estrategiaconcursos.com.br\/blog\/author\/bruna-andrade\/"}]}},"_links":{"self":[{"href":"https:\/\/www.estrategiaconcursos.com.br\/blog\/wp-json\/wp\/v2\/posts\/1237664","targetHints":{"allow":["GET"]}}],"collection":[{"href":"https:\/\/www.estrategiaconcursos.com.br\/blog\/wp-json\/wp\/v2\/posts"}],"about":[{"href":"https:\/\/www.estrategiaconcursos.com.br\/blog\/wp-json\/wp\/v2\/types\/post"}],"author":[{"embeddable":true,"href":"https:\/\/www.estrategiaconcursos.com.br\/blog\/wp-json\/wp\/v2\/users\/1206"}],"replies":[{"embeddable":true,"href":"https:\/\/www.estrategiaconcursos.com.br\/blog\/wp-json\/wp\/v2\/comments?post=1237664"}],"version-history":[{"count":22,"href":"https:\/\/www.estrategiaconcursos.com.br\/blog\/wp-json\/wp\/v2\/posts\/1237664\/revisions"}],"predecessor-version":[{"id":1306618,"href":"https:\/\/www.estrategiaconcursos.com.br\/blog\/wp-json\/wp\/v2\/posts\/1237664\/revisions\/1306618"}],"wp:featuredmedia":[{"embeddable":true,"href":"https:\/\/www.estrategiaconcursos.com.br\/blog\/wp-json\/wp\/v2\/media\/1238080"}],"wp:attachment":[{"href":"https:\/\/www.estrategiaconcursos.com.br\/blog\/wp-json\/wp\/v2\/media?parent=1237664"}],"wp:term":[{"taxonomy":"category","embeddable":true,"href":"https:\/\/www.estrategiaconcursos.com.br\/blog\/wp-json\/wp\/v2\/categories?post=1237664"},{"taxonomy":"post_tag","embeddable":true,"href":"https:\/\/www.estrategiaconcursos.com.br\/blog\/wp-json\/wp\/v2\/tags?post=1237664"},{"taxonomy":"tax_estado","embeddable":true,"href":"https:\/\/www.estrategiaconcursos.com.br\/blog\/wp-json\/wp\/v2\/tax_estado?post=1237664"}],"curies":[{"name":"wp","href":"https:\/\/api.w.org\/{rel}","templated":true}]}}