{"id":123696,"date":"2018-06-04T05:36:04","date_gmt":"2018-06-04T08:36:04","guid":{"rendered":"https:\/\/www.estrategiaconcursos.com.br\/blog\/?p=123696"},"modified":"2022-12-02T09:57:22","modified_gmt":"2022-12-02T12:57:22","slug":"delegado-pc-am-ultimo-concurso","status":"publish","type":"post","link":"https:\/\/www.estrategiaconcursos.com.br\/blog\/delegado-pc-am-ultimo-concurso\/","title":{"rendered":"Concurso PC AM: Previsto 424 vagas e inicial de at\u00e9 12 mil"},"content":{"rendered":"\n<ul class=\"wp-block-list\"><li><strong><em>1) Situa\u00e7\u00e3o atual do concurso<\/em><\/strong><\/li><li><strong><em>2) \u00daltimo concurso&nbsp;PC AM<\/em><\/strong><\/li><li><strong><em>2.1) Provas<\/em><\/strong><\/li><li><strong><em>2.2) Requisitos do cargo<\/em><\/strong><\/li><li><strong><em>2.3) Etapas do concurso<\/em><\/strong><\/li><li><strong><em>2.4) Conte\u00fado Program\u00e1tico<\/em><\/strong><\/li><li><strong><em>2.5) Investiga\u00e7\u00e3o Social e Curso de Forma\u00e7\u00e3o<\/em><\/strong><\/li><li><strong><em>3) Ficha t\u00e9cnica e edital <\/em><\/strong><\/li><li><strong><em>4) An\u00e1lise do concurso PC&nbsp;AM<\/em><\/strong> <em><strong>para <\/strong><\/em><strong><em>Delegado<\/em><\/strong><\/li><li><strong><em>5) Materiais e b\u00f4nus gratuitos<\/em><\/strong><\/li><\/ul>\n\n\n\n<h2 class=\"wp-block-heading\" id=\"h-1-situacao-atual-do-concurso\">1) Situa\u00e7\u00e3o atual do concurso<\/h2>\n\n\n\n<p><span style=\"color: #000000;\">Com a not\u00edcia de que o pr\u00f3ximo concurso da PC do Amazonas para o cargo de Delegado de Pol\u00edcia j\u00e1 tem comiss\u00e3o formada e deve oferecer&nbsp;<strong><em>62 vagas<\/em><\/strong> para provimento imediato, \u00e9 hora de come\u00e7ar a se preparar.<\/span><\/p>\n\n\n\n<p><span style=\"color: #000000;\">Uma das formas eficazes de iniciar seus estudos \u00e9 estudar detidamente o edital do concurso anterior, compreender sua organiza\u00e7\u00e3o, suas etapas para, a partir da\u00ed, ajustar o seu plano de estudos da melhor forma poss\u00edvel.<\/span><\/p>\n\n\n\n<p><span style=\"color: #000000;\">Para te ajudar nesta empreitada, eu preparei uma an\u00e1lise do concurso anterior, com alguns dados relevantes sobre a carreira. Vamos l\u00e1?<\/span><\/p>\n\n\n\n<h2 class=\"wp-block-heading\" id=\"h-2-ultimo-concurso\">2) \u00daltimo concurso<\/h2>\n\n\n\n<p><span style=\"color: #000000;\">O&nbsp;<strong><em>\u00faltimo concurso<\/em><\/strong> da Pol\u00edcia Civil amazonense para o cargo de Delegado teve seu edital publicado em&nbsp;<strong><em>2009<\/em><\/strong>. A organiza\u00e7\u00e3o ficou sob a responsabilidade do Centro de Educa\u00e7\u00e3o Tecnol\u00f3gica do Amazonas, o&nbsp;<strong><em>CETAM,&nbsp;<\/em><\/strong>do pr\u00f3prio Governo do Estado.<\/span><\/p>\n\n\n\n<p><span style=\"color: #000000;\">Foram ofertadas, \u00e0 \u00e9poca,&nbsp;<strong><em>100 vagas<\/em><\/strong> para o cargo de Delegado. Segundo estat\u00edsticas divulgadas pela banca, inscreveram-se para o certame <strong><em>2.840 candidatos<\/em><\/strong>, o que representou uma concorr\u00eancia de 28,4 candidatos por vaga.<\/span><\/p>\n\n\n\n<p><span style=\"color: #000000;\">Neste certame, como deve ocorrer no previsto para 2018, foram ofertadas tamb\u00e9m vagas para os cargos de Escriv\u00e3o de Pol\u00edcia, Investigador de Pol\u00edcia, Perito Criminal, Perito Criminal Legista e Perito Criminal Odontolegista. Ao todo, inscreveram-se 13.361 candidatos no concurso.<\/span><\/p>\n\n\n\n<h3 class=\"wp-block-heading\" id=\"h-2-1-provas\">2.1) Provas<\/h3>\n\n\n\n<p><span style=\"color: #000000;\">As provas&nbsp;<strong><em>objetiva<\/em><\/strong> e&nbsp;<strong><em>discursiva<\/em><\/strong> do \u00faltimo concurso da PC AM para Delegado foram aplicadas na mesma da e turno, com dura\u00e7\u00e3o total de&nbsp;<strong><em>4 horas e 30 minutos<\/em><\/strong>.<\/span><\/p>\n\n\n\n<p><span style=\"color: #000000;\">A <span style=\"text-decoration: underline;\">prova objetiva<\/span> foi composta por&nbsp;<strong><em>90 quest\u00f5es objetivas<\/em><\/strong> de m\u00faltipla escolha com&nbsp;<strong><em>quatro alternativas<\/em><\/strong>. Esta prova foi dividida em duas se\u00e7\u00f5es: a de Conhecimentos B\u00e1sicos (45 quest\u00f5es) e a de Conhecimentos Espec\u00edficos (45 quest\u00f5es).<\/span><\/p>\n\n\n\n<p><span style=\"color: #000000;\">A&nbsp;<span style=\"text-decoration: underline;\">prova discursiva<\/span> consistiu na resolu\u00e7\u00e3o de&nbsp;<strong><em>duas quest\u00f5es&nbsp;<\/em><\/strong>sobre&nbsp;<strong><em>Direito Penal<\/em><\/strong> e&nbsp;<strong><em>Direito Processual Penal<\/em><\/strong>.<\/span><\/p>\n\n\n\n<p><span style=\"color: #000000;\">O valor total da prova objetiva foi de&nbsp;<strong><em>90 pontos<\/em><\/strong>, ao passo que a prova discursiva totalizou&nbsp;<strong><em>10 pontos<\/em><\/strong> (cinco pontos por quest\u00e3o).<\/span><\/p>\n\n\n\n<p><span style=\"color: #000000;\">Para ter sua prova discursiva corrigida, o candidato deveria alcan\u00e7ar o aproveitamento m\u00ednimo de&nbsp;<strong><em>50%&nbsp;<\/em><\/strong>das quest\u00f5es propostas na prova objetiva.<\/span><\/p>\n\n\n\n<p><span style=\"color: #000000;\">Al\u00e9m disso, o candidato deveria se classificar entre os 300 melhores colocados, respeitados os empates. Foram corrigidas nesta etapa as provas de&nbsp;<strong><em>323 candidatos<\/em><\/strong> e a&nbsp;<strong><em>nota de corte<\/em><\/strong> foi de&nbsp;<strong><em>59 pontos<\/em><\/strong>.<\/span><\/p>\n\n\n\n<p><span style=\"color: #000000;\">Para n\u00e3o ser eliminado na prova discursiva, o candidato n\u00e3o poderia zerar quaisquer das quest\u00f5es propostas.<\/span><\/p>\n\n\n\n<h3 class=\"wp-block-heading\" id=\"h-2-2-requisitos-do-cargo\">2.2) Requisitos do cargo<\/h3>\n\n\n\n<p><span style=\"color: #000000;\">Para a investidura no cargo, \u00e9 necess\u00e1rio ter completado a idade m\u00ednima de 18 anos na data da posse, possuir diploma de Bacharel em Direito, expedido por institui\u00e7\u00e3o reconhecida pelo MEC e possuir Carteira Nacional de Habilita\u00e7\u00e3o (CNH) na categoria &#8220;B&#8221;.<\/span><\/p>\n\n\n\n<p><span style=\"color: #000000;\">Al\u00e9m disso, exige-se experi\u00eancia&nbsp;&nbsp;de <strong><em>tr\u00eas anos<\/em><\/strong> de exerc\u00edcio profissional na \u00e1rea jur\u00eddica ou na \u00e1rea policial.<\/span><\/p>\n\n\n\n<h3 class=\"wp-block-heading\" id=\"h-2-3-etapas-do-concurso\">2.3) Etapas do concurso<\/h3>\n\n\n\n<p><span style=\"color: #000000;\">O concurso para Delegado de Pol\u00edcia Civil do Amazonas contou com&nbsp;<strong><em>seis etapas<\/em><\/strong>:<\/span><\/p>\n\n\n\n<p><span style=\"color: #000000;\"><strong>1)<\/strong> Prova Objetiva (eliminat\u00f3ria e classificat\u00f3ria);<\/span><\/p>\n\n\n\n<p><span style=\"color: #000000;\"><strong>2)&nbsp;<\/strong>Prova Discursiva (eliminat\u00f3ria e classificat\u00f3ria);<\/span><\/p>\n\n\n\n<p><span style=\"color: #000000;\"><strong>3)&nbsp;<\/strong>Exames M\u00e9dicos (eliminat\u00f3rios);<\/span><\/p>\n\n\n\n<p><span style=\"color: #000000;\"><strong>4)&nbsp;<\/strong>Prova de Capacidade F\u00edsica (eliminat\u00f3ria);<\/span><\/p>\n\n\n\n<p><span style=\"color: #000000;\"><strong>5)&nbsp;<\/strong>Avalia\u00e7\u00e3o Psicol\u00f3gica (eliminat\u00f3ria);<\/span><\/p>\n\n\n\n<p><span style=\"color: #000000;\"><strong>6)&nbsp;<\/strong>Avalia\u00e7\u00e3o de T\u00edtulos (classificat\u00f3ria).<\/span><\/p>\n\n\n\n<p><span style=\"color: #000000;\">Depois de apurada a nota final nestas etapas, os candidatos foram convocados para participar do&nbsp;<strong><em>Curso de Forma\u00e7\u00e3o<\/em><\/strong>.<\/span><\/p>\n\n\n\n<h3 class=\"wp-block-heading\" id=\"h-2-4-conteudo-programatico\">2.4) Conte\u00fado Program\u00e1tico<\/h3>\n\n\n\n<p>O \u00faltimo certame foi composto por duas provas objetivas, sendo uma de conhecimentos b\u00e1sicos e outra de conhecimentos espec\u00edficos. Al\u00e9m das demais fases, conforme demonstra o quadro abaixo:<\/p>\n\n\n\n<figure class=\"wp-block-image\"><img loading=\"lazy\" decoding=\"async\" width=\"957\" height=\"785\" src=\"https:\/\/dhg1h5j42swfq.cloudfront.net\/2019\/03\/15180709\/Concurso-PC-AM.png\" alt=\"\" class=\"wp-image-171759\" srcset=\"https:\/\/dhg1h5j42swfq.cloudfront.net\/2019\/03\/15180709\/Concurso-PC-AM.png 957w, https:\/\/dhg1h5j42swfq.cloudfront.net\/2019\/03\/15180709\/Concurso-PC-AM.png 300w, https:\/\/dhg1h5j42swfq.cloudfront.net\/2019\/03\/15180709\/Concurso-PC-AM.png 768w\" sizes=\"auto, (max-width: 957px) 100vw, 957px\" \/><\/figure>\n\n\n\n<h4 class=\"wp-block-heading\" id=\"h-conhecimentos-basicos\">Conhecimentos b\u00e1sicos<\/h4>\n\n\n\n<p><span style=\"color: #000000;\">L\u00edngua Portuguesa;<\/span><\/p>\n\n\n\n<p><span style=\"color: #000000;\">Hist\u00f3ria e Geografia do Amazonas;<\/span><\/p>\n\n\n\n<p><span style=\"color: #000000;\">Conhecimentos de Inform\u00e1tica;<\/span><\/p>\n\n\n\n<p><span style=\"color: #000000;\">Racioc\u00ednio L\u00f3gico;<\/span><\/p>\n\n\n\n<p><span style=\"color: #000000;\">Atualidades<\/span><\/p>\n\n\n\n<h4 class=\"wp-block-heading\" id=\"h-conhecimentos-especificos\">Conhecimentos espec\u00edficos<\/h4>\n\n\n\n<p><span style=\"color: #000000;\">Direito Constitucional<\/span><\/p>\n\n\n\n<p><span style=\"color: #000000;\">Direito Administrativo<\/span><\/p>\n\n\n\n<p><span style=\"color: #000000;\">Direito Penal<\/span><\/p>\n\n\n\n<p><span style=\"color: #000000;\">Direito Processual Penal<\/span><\/p>\n\n\n\n<p><span style=\"color: #000000;\">Direito Civil<\/span><\/p>\n\n\n\n<p><span style=\"color: #000000;\">Direito Processual Civil<\/span><\/p>\n\n\n\n<p><span style=\"color: #000000;\">Legisla\u00e7\u00e3o Especial<\/span><\/p>\n\n\n\n<h4 class=\"wp-block-heading\" id=\"h-fases-seguintes\">Fases seguintes<\/h4>\n\n\n\n<p><span style=\"color: #000000;\">Os candidatos aprovados nas provas objetiva e discursiva foram convocados para participar da Avalia\u00e7\u00e3o M\u00e9dica e do Exame de Capacidade F\u00edsica e Avalia\u00e7\u00e3o Psicol\u00f3gica, todas de car\u00e1ter eliminat\u00f3rio.<\/span><\/p>\n\n\n\n<p><span style=\"color: #000000;\">O Exame de Capacidade F\u00edsica consistiu em provas de&nbsp;<strong><em>flex\u00e3o de bra\u00e7o<\/em><\/strong>,&nbsp;<strong><em>flex\u00e3o abdominal<\/em><\/strong> e&nbsp;<strong><em>corrida de 12 minutos<\/em><\/strong>.<\/span><\/p>\n\n\n\n<p><span style=\"color: #000000;\">Os candidatos considerados aptos passaram ent\u00e3o \u00e0 Avalia\u00e7\u00e3o Psicol\u00f3gica.<\/span><\/p>\n\n\n\n<h4 class=\"wp-block-heading\" id=\"h-avaliacao-de-titulos\">Avalia\u00e7\u00e3o de T\u00edtulos<\/h4>\n\n\n\n<p><span style=\"color: #000000;\">Os candidatos recomendados na Avalia\u00e7\u00e3o Psicol\u00f3gica foram convocados para participar da&nbsp;<strong><em>Avalia\u00e7\u00e3o de T\u00edtulos<\/em><\/strong>. Esta fase conferiu, no m\u00e1ximo&nbsp;<strong><em>20 pontos<\/em><\/strong> para atividades de car\u00e1ter acad\u00eamico e profissional.<\/span><\/p>\n\n\n\n<p><span style=\"color: #000000;\">Confira a tabela completa abaixo:<\/span><\/p>\n\n\n\n<figure class=\"wp-block-image aligncenter\"><img loading=\"lazy\" decoding=\"async\" width=\"1163\" height=\"482\" src=\"https:\/\/dhg1h5j42swfq.cloudfront.net\/2018\/06\/01115401\/concurso-pc-am.png\" alt=\"concurso pc am\" class=\"wp-image-123733\" srcset=\"https:\/\/dhg1h5j42swfq.cloudfront.net\/2018\/06\/01115401\/concurso-pc-am.png 1163w, https:\/\/dhg1h5j42swfq.cloudfront.net\/2018\/06\/01115401\/concurso-pc-am.png 300w, https:\/\/dhg1h5j42swfq.cloudfront.net\/2018\/06\/01115401\/concurso-pc-am.png 768w, https:\/\/dhg1h5j42swfq.cloudfront.net\/2018\/06\/01115401\/concurso-pc-am.png 1024w, https:\/\/dhg1h5j42swfq.cloudfront.net\/2018\/06\/01115401\/concurso-pc-am.png 610w\" sizes=\"auto, (max-width: 1163px) 100vw, 1163px\" \/><\/figure>\n\n\n\n<h4 class=\"wp-block-heading\" id=\"h-nota-final\">Nota final<\/h4>\n\n\n\n<p>A nota final do concurso foi apurada mediante o somat\u00f3rio das pontua\u00e7\u00f5es obtidas na prova objetiva, na prova discursiva e na avalia\u00e7\u00e3o de t\u00edtulos.<\/p>\n\n\n\n<h3 class=\"wp-block-heading\" id=\"h-2-5-investigacao-social-e-curso-de-formacao\">2.5) Investiga\u00e7\u00e3o Social e Curso de Forma\u00e7\u00e3o<\/h3>\n\n\n\n<p>A primeira chamada do Curso de Forma\u00e7\u00e3o Profissional contemplou 110 candidatos. O Curso, de car\u00e1ter eliminat\u00f3rio e classificat\u00f3rio, foi oferecido pelo&nbsp;Instituto Integrado de Ensino de Seguran\u00e7a P\u00fablica do Estado<br \/>do Amazonas.<\/p>\n\n\n\n<p>Os candidatos foram submetidos \u00e0 Prova de Investiga\u00e7\u00e3o Social at\u00e9 a homologa\u00e7\u00e3o do certame. O concurso teve, ao todo,&nbsp;<strong><em>236 aprovados<\/em><\/strong>, todos eles convocados para tomar posse.<\/p>\n\n\n\n<p class=\"has-text-align-center\" style=\"font-size:clamp(16.293px, 1.018rem + ((1vw - 3.2px) * 0.854), 25px);px\"><em><strong>Assinatura Anual Ilimitada*<\/strong><\/em><\/p>\n\n\n\n<p class=\"has-text-align-center\"><em>Prepare-se com o melhor material e com quem mais aprova em&nbsp;<a href=\"https:\/\/www.estrategiaconcursos.com.br\/\">Concursos P\u00fablicos&nbsp;<\/a>de todo o pa\u00eds. Assine agora a nossa Assinatura Anual e tenha acesso ilimitado* a todos os nossos cursos.<\/em><\/p>\n\n\n\n<figure class=\"wp-block-image aligncenter\"><a href=\"https:\/\/www.estrategiaconcursos.com.br\/assinaturas\" target=\"_blank\" rel=\"noreferrer noopener\"><img decoding=\"async\" src=\"https:\/\/www.estrategiaconcursos.com.br\/assets\/img\/banner-assinaturas.jpg\" alt=\"Assinatura Ilimitada\" class=\"wp-image-157836\"\/><\/a><figcaption><strong>Concursos 2019:&nbsp;<\/strong>Adquira a nossa assinatura ilimitada e se prepare com efici\u00eancia!<\/figcaption><\/figure>\n\n\n\n<h3 class=\"has-text-align-center wp-block-heading\" id=\"h-cursos-para-concurso-delegado-pc-am\"><a href=\"https:\/\/www.estrategiaconcursos.com.br\/cursosPorConcurso\/policia-civil-am-delegado\/\" target=\"_blank\" rel=\"noopener\">CURSOS PARA CONCURSO DELEGADO PC AM<\/a><\/h3>\n\n\n\n<figure class=\"wp-block-image aligncenter\"><img loading=\"lazy\" decoding=\"async\" width=\"300\" height=\"102\" src=\"https:\/\/dhg1h5j42swfq.cloudfront.net\/2017\/03\/28152500\/coruja-ficha-tecnica-300x102.png\" alt=\"Ficha t\u00e9cnica concurso TJMG 1\u00aa Inst\u00e2ncia\" class=\"wp-image-68542\"\/><\/figure>\n\n\n\n<p class=\"has-text-align-center\"><strong>Informa\u00e7\u00f5es do pr\u00f3ximo concurso PC AM Delegado<\/strong><br \/><\/p>\n\n\n\n<p>\u25ba<strong>Previs\u00e3o<\/strong>: 2019<br \/>\u25ba<strong>Vagas<\/strong>: 424<br \/>\u25ba<strong>Cargos<\/strong>: Delegado<br \/>\u25ba<strong>Lota\u00e7\u00f5es<\/strong>: Amazonas<br \/>\u25ba<strong>Banca<\/strong>:&nbsp;a definir<br \/>\u25ba<strong>Escolaridade<\/strong>: N\u00edvel superior<br \/><br \/><\/p>\n\n\n\n<p><strong>Informa\u00e7\u00f5es do \u00faltimo concurso<br \/><\/strong>\u25ba<strong>Data<\/strong>: 2009<br \/>\u25ba<strong>Vagas<\/strong>: 1.010<br \/>\u25ba<strong>Cargos<\/strong>: Delegado de Pol\u00edcia; Investigador; Escriv\u00e3o; Perito Criminal; Perito Legista; Perito Odontolegista.<br \/>\u25ba<strong>Banca<\/strong>:&nbsp;Cetam<br \/>\u25ba<strong>Escolaridade<\/strong>: N\u00edvel superior<br \/>\u25ba<strong>Edital:&nbsp;<a rel=\"noreferrer noopener\" aria-label=\"Edital&nbsp;PC&nbsp;AM&nbsp;2009 (opens in a new tab)\" href=\"https:\/\/dhg1h5j42swfq.cloudfront.net\/2019\/03\/15175856\/Edital-PC-AM-2009.pdf\" target=\"_blank\">Edital&nbsp;PC&nbsp;AM&nbsp;2009<\/a><\/strong><\/p>\n\n\n\n<p><em>Diana Souza<\/em><br \/><em>Ascom Estrat\u00e9gia<\/em><br \/>ascomestrategia@gmail.com<\/p>\n\n\n\n<p class=\"has-text-align-center\"><em><strong>Receba not\u00edcias de Concursos no seu WhatsApp e\/ou Telegram!<\/strong><\/em><\/p>\n\n\n\n<p class=\"has-text-align-center\"><em><strong>Cadastre-se clicando no \u00edcone abaixo<\/strong><\/em><\/p>\n\n\n\n<figure class=\"wp-block-image aligncenter\"><a href=\"https:\/\/www.estrategiaconcursos.com.br\/blog\/noticias-de-concursos-whatsapp-estrategia-concursos\/\" target=\"_blank\" rel=\"noreferrer noopener\"><img loading=\"lazy\" decoding=\"async\" width=\"320\" height=\"180\" src=\"https:\/\/dhg1h5j42swfq.cloudfront.net\/2018\/03\/22113932\/whatsapptelegram-e1548177162795.png\" alt=\"\" class=\"wp-image-112824\"\/><\/a><\/figure>\n\n\n\n<p class=\"has-text-align-center\"><a rel=\"noreferrer noopener\" href=\"https:\/\/www.estrategiaconcursos.com.br\/blog\/noticias-de-concursos-whatsapp-estrategia-concursos\/\" target=\"_blank\">Not\u00edcias de concursos no seu WhatsApp e\/ou Telegram<\/a><\/p>\n","protected":false},"excerpt":{"rendered":"<p>1) Situa\u00e7\u00e3o atual do concurso 2) \u00daltimo concurso&nbsp;PC AM 2.1) Provas 2.2) Requisitos do cargo 2.3) Etapas do concurso 2.4) Conte\u00fado Program\u00e1tico 2.5) Investiga\u00e7\u00e3o Social e Curso de Forma\u00e7\u00e3o 3) Ficha t\u00e9cnica e edital 4) An\u00e1lise do concurso PC&nbsp;AM para Delegado 5) Materiais e b\u00f4nus gratuitos 1) Situa\u00e7\u00e3o atual do concurso Com a not\u00edcia de [&hellip;]<\/p>\n","protected":false},"author":552,"featured_media":123756,"comment_status":"open","ping_status":"closed","sticky":false,"template":"","format":"standard","meta":{"post_tipo":"article","footnotes":""},"categories":[1988],"tags":[],"tax_estado":[],"class_list":["post-123696","post","type-post","status-publish","format-standard","has-post-thumbnail","hentry","category-policia"],"acf":[],"yoast_head":"<!-- This site is optimized with the Yoast SEO Premium plugin v27.2 (Yoast SEO v27.2) - https:\/\/yoast.com\/product\/yoast-seo-premium-wordpress\/ -->\n<title>Concurso Delegado PC AM: an\u00e1lise do edital do \u00faltimo certame<\/title>\n<meta name=\"description\" content=\"Para se preparar para o concurso PC AM 2018, confira aqui uma an\u00e1lise aprofundada do \u00faltimo concurso de Delegado PC AM, realizado em 2009!\" \/>\n<meta name=\"robots\" content=\"index, follow, max-snippet:-1, max-image-preview:large, max-video-preview:-1\" \/>\n<link rel=\"canonical\" href=\"https:\/\/www.estrategiaconcursos.com.br\/blog\/delegado-pc-am-ultimo-concurso\/\" \/>\n<meta property=\"og:locale\" content=\"pt_BR\" \/>\n<meta property=\"og:type\" content=\"article\" \/>\n<meta property=\"og:title\" content=\"Concurso PC AM: Previsto 424 vagas e inicial de at\u00e9 12 mil\" \/>\n<meta property=\"og:description\" content=\"Para se preparar para o concurso PC AM 2018, confira aqui uma an\u00e1lise aprofundada do \u00faltimo concurso de Delegado PC AM, realizado em 2009!\" \/>\n<meta property=\"og:url\" content=\"https:\/\/www.estrategiaconcursos.com.br\/blog\/delegado-pc-am-ultimo-concurso\/\" \/>\n<meta property=\"og:site_name\" content=\"Estrat\u00e9gia Concursos\" \/>\n<meta property=\"article:published_time\" content=\"2018-06-04T08:36:04+00:00\" \/>\n<meta property=\"article:modified_time\" content=\"2022-12-02T12:57:22+00:00\" \/>\n<meta property=\"og:image\" content=\"https:\/\/dhg1h5j42swfq.cloudfront.net\/2018\/06\/01140316\/jornalismo-PC-AM.jpg\" \/>\n\t<meta property=\"og:image:width\" content=\"1200\" \/>\n\t<meta property=\"og:image:height\" content=\"628\" \/>\n\t<meta property=\"og:image:type\" content=\"image\/jpeg\" \/>\n<meta name=\"author\" content=\"Paulo Bilynskyj\" \/>\n<meta name=\"twitter:card\" content=\"summary_large_image\" \/>\n<meta name=\"twitter:creator\" content=\"@EstratConcursos\" \/>\n<meta name=\"twitter:site\" content=\"@EstratConcursos\" \/>\n<meta name=\"twitter:label1\" content=\"Escrito por\" \/>\n\t<meta name=\"twitter:data1\" content=\"Paulo Bilynskyj\" \/>\n\t<meta name=\"twitter:label2\" content=\"Est. tempo de leitura\" \/>\n\t<meta name=\"twitter:data2\" content=\"5 minutos\" \/>\n<script type=\"application\/ld+json\" class=\"yoast-schema-graph\">{\"@context\":\"https:\/\/schema.org\",\"@graph\":[{\"@type\":\"NewsArticle\",\"@id\":\"https:\/\/www.estrategiaconcursos.com.br\/blog\/delegado-pc-am-ultimo-concurso\/#article\",\"isPartOf\":{\"@id\":\"https:\/\/www.estrategiaconcursos.com.br\/blog\/delegado-pc-am-ultimo-concurso\/\"},\"author\":{\"name\":\"Paulo Bilynskyj\",\"@id\":\"https:\/\/www.estrategiaconcursos.com.br\/blog\/#\/schema\/person\/a630b15e36f45b4c21fed01219843cb5\"},\"headline\":\"Concurso PC AM: Previsto 424 vagas e inicial de at\u00e9 12 mil\",\"datePublished\":\"2018-06-04T08:36:04+00:00\",\"dateModified\":\"2022-12-02T12:57:22+00:00\",\"mainEntityOfPage\":{\"@id\":\"https:\/\/www.estrategiaconcursos.com.br\/blog\/delegado-pc-am-ultimo-concurso\/\"},\"wordCount\":1084,\"commentCount\":1,\"publisher\":{\"@id\":\"https:\/\/www.estrategiaconcursos.com.br\/blog\/#organization\"},\"image\":{\"@id\":\"https:\/\/www.estrategiaconcursos.com.br\/blog\/delegado-pc-am-ultimo-concurso\/#primaryimage\"},\"thumbnailUrl\":\"https:\/\/dhg1h5j42swfq.cloudfront.net\/2018\/06\/01140316\/jornalismo-PC-AM.jpg\",\"articleSection\":[\"Policial (Agente, Escriv\u00e3o e Investigador)\"],\"inLanguage\":\"pt-BR\",\"potentialAction\":[{\"@type\":\"CommentAction\",\"name\":\"Comment\",\"target\":[\"https:\/\/www.estrategiaconcursos.com.br\/blog\/delegado-pc-am-ultimo-concurso\/#respond\"]}],\"copyrightYear\":\"2018\",\"copyrightHolder\":{\"@id\":\"https:\/\/www.estrategiaconcursos.com.br\/blog\/#organization\"}},{\"@type\":\"WebPage\",\"@id\":\"https:\/\/www.estrategiaconcursos.com.br\/blog\/delegado-pc-am-ultimo-concurso\/\",\"url\":\"https:\/\/www.estrategiaconcursos.com.br\/blog\/delegado-pc-am-ultimo-concurso\/\",\"name\":\"Concurso Delegado PC AM: an\u00e1lise do edital do \u00faltimo certame\",\"isPartOf\":{\"@id\":\"https:\/\/www.estrategiaconcursos.com.br\/blog\/#website\"},\"primaryImageOfPage\":{\"@id\":\"https:\/\/www.estrategiaconcursos.com.br\/blog\/delegado-pc-am-ultimo-concurso\/#primaryimage\"},\"image\":{\"@id\":\"https:\/\/www.estrategiaconcursos.com.br\/blog\/delegado-pc-am-ultimo-concurso\/#primaryimage\"},\"thumbnailUrl\":\"https:\/\/dhg1h5j42swfq.cloudfront.net\/2018\/06\/01140316\/jornalismo-PC-AM.jpg\",\"datePublished\":\"2018-06-04T08:36:04+00:00\",\"dateModified\":\"2022-12-02T12:57:22+00:00\",\"description\":\"Para se preparar para o concurso PC AM 2018, confira aqui uma an\u00e1lise aprofundada do \u00faltimo concurso de Delegado PC AM, realizado em 2009!\",\"breadcrumb\":{\"@id\":\"https:\/\/www.estrategiaconcursos.com.br\/blog\/delegado-pc-am-ultimo-concurso\/#breadcrumb\"},\"inLanguage\":\"pt-BR\",\"potentialAction\":[{\"@type\":\"ReadAction\",\"target\":[\"https:\/\/www.estrategiaconcursos.com.br\/blog\/delegado-pc-am-ultimo-concurso\/\"]}]},{\"@type\":\"ImageObject\",\"inLanguage\":\"pt-BR\",\"@id\":\"https:\/\/www.estrategiaconcursos.com.br\/blog\/delegado-pc-am-ultimo-concurso\/#primaryimage\",\"url\":\"https:\/\/dhg1h5j42swfq.cloudfront.net\/2018\/06\/01140316\/jornalismo-PC-AM.jpg\",\"contentUrl\":\"https:\/\/dhg1h5j42swfq.cloudfront.net\/2018\/06\/01140316\/jornalismo-PC-AM.jpg\",\"width\":1200,\"height\":628,\"caption\":\"concurso pc am delegado\"},{\"@type\":\"BreadcrumbList\",\"@id\":\"https:\/\/www.estrategiaconcursos.com.br\/blog\/delegado-pc-am-ultimo-concurso\/#breadcrumb\",\"itemListElement\":[{\"@type\":\"ListItem\",\"position\":1,\"name\":\"In\u00edcio\",\"item\":\"https:\/\/www.estrategiaconcursos.com.br\/blog\/\"},{\"@type\":\"ListItem\",\"position\":2,\"name\":\"Concurso PC AM: Previsto 424 vagas e inicial de at\u00e9 12 mil\"}]},{\"@type\":\"WebSite\",\"@id\":\"https:\/\/www.estrategiaconcursos.com.br\/blog\/#website\",\"url\":\"https:\/\/www.estrategiaconcursos.com.br\/blog\/\",\"name\":\"Estrat\u00e9gia Concursos\",\"description\":\"O blog da Estrat\u00e9gia Concursos traz not\u00edcias sobre concursos e artigos de professores oferecendo cursos para concursos (pdf + videaulas) no site.\",\"publisher\":{\"@id\":\"https:\/\/www.estrategiaconcursos.com.br\/blog\/#organization\"},\"potentialAction\":[{\"@type\":\"SearchAction\",\"target\":{\"@type\":\"EntryPoint\",\"urlTemplate\":\"https:\/\/www.estrategiaconcursos.com.br\/blog\/?s={search_term_string}\"},\"query-input\":{\"@type\":\"PropertyValueSpecification\",\"valueRequired\":true,\"valueName\":\"search_term_string\"}}],\"inLanguage\":\"pt-BR\"},{\"@type\":\"Organization\",\"@id\":\"https:\/\/www.estrategiaconcursos.com.br\/blog\/#organization\",\"name\":\"Estrat\u00e9gia Concursos\",\"url\":\"https:\/\/www.estrategiaconcursos.com.br\/blog\/\",\"logo\":{\"@type\":\"ImageObject\",\"inLanguage\":\"pt-BR\",\"@id\":\"https:\/\/www.estrategiaconcursos.com.br\/blog\/#\/schema\/logo\/image\/\",\"url\":\"https:\/\/dhg1h5j42swfq.cloudfront.net\/2025\/06\/03203428\/logo_concursos-1.jpg\",\"contentUrl\":\"https:\/\/dhg1h5j42swfq.cloudfront.net\/2025\/06\/03203428\/logo_concursos-1.jpg\",\"width\":230,\"height\":60,\"caption\":\"Estrat\u00e9gia Concursos\"},\"image\":{\"@id\":\"https:\/\/www.estrategiaconcursos.com.br\/blog\/#\/schema\/logo\/image\/\"},\"sameAs\":[\"https:\/\/x.com\/EstratConcursos\"]},{\"@type\":\"Person\",\"@id\":\"https:\/\/www.estrategiaconcursos.com.br\/blog\/#\/schema\/person\/a630b15e36f45b4c21fed01219843cb5\",\"name\":\"Paulo Bilynskyj\",\"image\":{\"@type\":\"ImageObject\",\"inLanguage\":\"pt-BR\",\"@id\":\"https:\/\/secure.gravatar.com\/avatar\/37e21f70c9042e7456beffdc6d31fe051f3f6dcbf252f69343a791b144852057?s=96&d=mm&r=g\",\"url\":\"https:\/\/secure.gravatar.com\/avatar\/37e21f70c9042e7456beffdc6d31fe051f3f6dcbf252f69343a791b144852057?s=96&d=mm&r=g\",\"contentUrl\":\"https:\/\/secure.gravatar.com\/avatar\/37e21f70c9042e7456beffdc6d31fe051f3f6dcbf252f69343a791b144852057?s=96&d=mm&r=g\",\"caption\":\"Paulo Bilynskyj\"},\"url\":\"https:\/\/www.estrategiaconcursos.com.br\/blog\/author\/pbilynskyjgmail-com\/\"}]}<\/script>\n<!-- \/ Yoast SEO Premium plugin. -->","yoast_head_json":{"title":"Concurso Delegado PC AM: an\u00e1lise do edital do \u00faltimo certame","description":"Para se preparar para o concurso PC AM 2018, confira aqui uma an\u00e1lise aprofundada do \u00faltimo concurso de Delegado PC AM, realizado em 2009!","robots":{"index":"index","follow":"follow","max-snippet":"max-snippet:-1","max-image-preview":"max-image-preview:large","max-video-preview":"max-video-preview:-1"},"canonical":"https:\/\/www.estrategiaconcursos.com.br\/blog\/delegado-pc-am-ultimo-concurso\/","og_locale":"pt_BR","og_type":"article","og_title":"Concurso PC AM: Previsto 424 vagas e inicial de at\u00e9 12 mil","og_description":"Para se preparar para o concurso PC AM 2018, confira aqui uma an\u00e1lise aprofundada do \u00faltimo concurso de Delegado PC AM, realizado em 2009!","og_url":"https:\/\/www.estrategiaconcursos.com.br\/blog\/delegado-pc-am-ultimo-concurso\/","og_site_name":"Estrat\u00e9gia Concursos","article_published_time":"2018-06-04T08:36:04+00:00","article_modified_time":"2022-12-02T12:57:22+00:00","og_image":[{"width":1200,"height":628,"url":"https:\/\/dhg1h5j42swfq.cloudfront.net\/2018\/06\/01140316\/jornalismo-PC-AM.jpg","type":"image\/jpeg"}],"author":"Paulo Bilynskyj","twitter_card":"summary_large_image","twitter_creator":"@EstratConcursos","twitter_site":"@EstratConcursos","twitter_misc":{"Escrito por":"Paulo Bilynskyj","Est. tempo de leitura":"5 minutos"},"schema":{"@context":"https:\/\/schema.org","@graph":[{"@type":"NewsArticle","@id":"https:\/\/www.estrategiaconcursos.com.br\/blog\/delegado-pc-am-ultimo-concurso\/#article","isPartOf":{"@id":"https:\/\/www.estrategiaconcursos.com.br\/blog\/delegado-pc-am-ultimo-concurso\/"},"author":{"name":"Paulo Bilynskyj","@id":"https:\/\/www.estrategiaconcursos.com.br\/blog\/#\/schema\/person\/a630b15e36f45b4c21fed01219843cb5"},"headline":"Concurso PC AM: Previsto 424 vagas e inicial de at\u00e9 12 mil","datePublished":"2018-06-04T08:36:04+00:00","dateModified":"2022-12-02T12:57:22+00:00","mainEntityOfPage":{"@id":"https:\/\/www.estrategiaconcursos.com.br\/blog\/delegado-pc-am-ultimo-concurso\/"},"wordCount":1084,"commentCount":1,"publisher":{"@id":"https:\/\/www.estrategiaconcursos.com.br\/blog\/#organization"},"image":{"@id":"https:\/\/www.estrategiaconcursos.com.br\/blog\/delegado-pc-am-ultimo-concurso\/#primaryimage"},"thumbnailUrl":"https:\/\/dhg1h5j42swfq.cloudfront.net\/2018\/06\/01140316\/jornalismo-PC-AM.jpg","articleSection":["Policial (Agente, Escriv\u00e3o e Investigador)"],"inLanguage":"pt-BR","potentialAction":[{"@type":"CommentAction","name":"Comment","target":["https:\/\/www.estrategiaconcursos.com.br\/blog\/delegado-pc-am-ultimo-concurso\/#respond"]}],"copyrightYear":"2018","copyrightHolder":{"@id":"https:\/\/www.estrategiaconcursos.com.br\/blog\/#organization"}},{"@type":"WebPage","@id":"https:\/\/www.estrategiaconcursos.com.br\/blog\/delegado-pc-am-ultimo-concurso\/","url":"https:\/\/www.estrategiaconcursos.com.br\/blog\/delegado-pc-am-ultimo-concurso\/","name":"Concurso Delegado PC AM: an\u00e1lise do edital do \u00faltimo certame","isPartOf":{"@id":"https:\/\/www.estrategiaconcursos.com.br\/blog\/#website"},"primaryImageOfPage":{"@id":"https:\/\/www.estrategiaconcursos.com.br\/blog\/delegado-pc-am-ultimo-concurso\/#primaryimage"},"image":{"@id":"https:\/\/www.estrategiaconcursos.com.br\/blog\/delegado-pc-am-ultimo-concurso\/#primaryimage"},"thumbnailUrl":"https:\/\/dhg1h5j42swfq.cloudfront.net\/2018\/06\/01140316\/jornalismo-PC-AM.jpg","datePublished":"2018-06-04T08:36:04+00:00","dateModified":"2022-12-02T12:57:22+00:00","description":"Para se preparar para o concurso PC AM 2018, confira aqui uma an\u00e1lise aprofundada do \u00faltimo concurso de Delegado PC AM, realizado em 2009!","breadcrumb":{"@id":"https:\/\/www.estrategiaconcursos.com.br\/blog\/delegado-pc-am-ultimo-concurso\/#breadcrumb"},"inLanguage":"pt-BR","potentialAction":[{"@type":"ReadAction","target":["https:\/\/www.estrategiaconcursos.com.br\/blog\/delegado-pc-am-ultimo-concurso\/"]}]},{"@type":"ImageObject","inLanguage":"pt-BR","@id":"https:\/\/www.estrategiaconcursos.com.br\/blog\/delegado-pc-am-ultimo-concurso\/#primaryimage","url":"https:\/\/dhg1h5j42swfq.cloudfront.net\/2018\/06\/01140316\/jornalismo-PC-AM.jpg","contentUrl":"https:\/\/dhg1h5j42swfq.cloudfront.net\/2018\/06\/01140316\/jornalismo-PC-AM.jpg","width":1200,"height":628,"caption":"concurso pc am delegado"},{"@type":"BreadcrumbList","@id":"https:\/\/www.estrategiaconcursos.com.br\/blog\/delegado-pc-am-ultimo-concurso\/#breadcrumb","itemListElement":[{"@type":"ListItem","position":1,"name":"In\u00edcio","item":"https:\/\/www.estrategiaconcursos.com.br\/blog\/"},{"@type":"ListItem","position":2,"name":"Concurso PC AM: Previsto 424 vagas e inicial de at\u00e9 12 mil"}]},{"@type":"WebSite","@id":"https:\/\/www.estrategiaconcursos.com.br\/blog\/#website","url":"https:\/\/www.estrategiaconcursos.com.br\/blog\/","name":"Estrat\u00e9gia Concursos","description":"O blog da Estrat\u00e9gia Concursos traz not\u00edcias sobre concursos e artigos de professores oferecendo cursos para concursos (pdf + videaulas) no site.","publisher":{"@id":"https:\/\/www.estrategiaconcursos.com.br\/blog\/#organization"},"potentialAction":[{"@type":"SearchAction","target":{"@type":"EntryPoint","urlTemplate":"https:\/\/www.estrategiaconcursos.com.br\/blog\/?s={search_term_string}"},"query-input":{"@type":"PropertyValueSpecification","valueRequired":true,"valueName":"search_term_string"}}],"inLanguage":"pt-BR"},{"@type":"Organization","@id":"https:\/\/www.estrategiaconcursos.com.br\/blog\/#organization","name":"Estrat\u00e9gia Concursos","url":"https:\/\/www.estrategiaconcursos.com.br\/blog\/","logo":{"@type":"ImageObject","inLanguage":"pt-BR","@id":"https:\/\/www.estrategiaconcursos.com.br\/blog\/#\/schema\/logo\/image\/","url":"https:\/\/dhg1h5j42swfq.cloudfront.net\/2025\/06\/03203428\/logo_concursos-1.jpg","contentUrl":"https:\/\/dhg1h5j42swfq.cloudfront.net\/2025\/06\/03203428\/logo_concursos-1.jpg","width":230,"height":60,"caption":"Estrat\u00e9gia Concursos"},"image":{"@id":"https:\/\/www.estrategiaconcursos.com.br\/blog\/#\/schema\/logo\/image\/"},"sameAs":["https:\/\/x.com\/EstratConcursos"]},{"@type":"Person","@id":"https:\/\/www.estrategiaconcursos.com.br\/blog\/#\/schema\/person\/a630b15e36f45b4c21fed01219843cb5","name":"Paulo Bilynskyj","image":{"@type":"ImageObject","inLanguage":"pt-BR","@id":"https:\/\/secure.gravatar.com\/avatar\/37e21f70c9042e7456beffdc6d31fe051f3f6dcbf252f69343a791b144852057?s=96&d=mm&r=g","url":"https:\/\/secure.gravatar.com\/avatar\/37e21f70c9042e7456beffdc6d31fe051f3f6dcbf252f69343a791b144852057?s=96&d=mm&r=g","contentUrl":"https:\/\/secure.gravatar.com\/avatar\/37e21f70c9042e7456beffdc6d31fe051f3f6dcbf252f69343a791b144852057?s=96&d=mm&r=g","caption":"Paulo Bilynskyj"},"url":"https:\/\/www.estrategiaconcursos.com.br\/blog\/author\/pbilynskyjgmail-com\/"}]}},"_links":{"self":[{"href":"https:\/\/www.estrategiaconcursos.com.br\/blog\/wp-json\/wp\/v2\/posts\/123696","targetHints":{"allow":["GET"]}}],"collection":[{"href":"https:\/\/www.estrategiaconcursos.com.br\/blog\/wp-json\/wp\/v2\/posts"}],"about":[{"href":"https:\/\/www.estrategiaconcursos.com.br\/blog\/wp-json\/wp\/v2\/types\/post"}],"author":[{"embeddable":true,"href":"https:\/\/www.estrategiaconcursos.com.br\/blog\/wp-json\/wp\/v2\/users\/552"}],"replies":[{"embeddable":true,"href":"https:\/\/www.estrategiaconcursos.com.br\/blog\/wp-json\/wp\/v2\/comments?post=123696"}],"version-history":[{"count":21,"href":"https:\/\/www.estrategiaconcursos.com.br\/blog\/wp-json\/wp\/v2\/posts\/123696\/revisions"}],"predecessor-version":[{"id":1133300,"href":"https:\/\/www.estrategiaconcursos.com.br\/blog\/wp-json\/wp\/v2\/posts\/123696\/revisions\/1133300"}],"wp:featuredmedia":[{"embeddable":true,"href":"https:\/\/www.estrategiaconcursos.com.br\/blog\/wp-json\/wp\/v2\/media\/123756"}],"wp:attachment":[{"href":"https:\/\/www.estrategiaconcursos.com.br\/blog\/wp-json\/wp\/v2\/media?parent=123696"}],"wp:term":[{"taxonomy":"category","embeddable":true,"href":"https:\/\/www.estrategiaconcursos.com.br\/blog\/wp-json\/wp\/v2\/categories?post=123696"},{"taxonomy":"post_tag","embeddable":true,"href":"https:\/\/www.estrategiaconcursos.com.br\/blog\/wp-json\/wp\/v2\/tags?post=123696"},{"taxonomy":"tax_estado","embeddable":true,"href":"https:\/\/www.estrategiaconcursos.com.br\/blog\/wp-json\/wp\/v2\/tax_estado?post=123696"}],"curies":[{"name":"wp","href":"https:\/\/api.w.org\/{rel}","templated":true}]}}