{"id":1236001,"date":"2023-06-20T20:45:40","date_gmt":"2023-06-20T23:45:40","guid":{"rendered":"https:\/\/www.estrategiaconcursos.com.br\/blog\/?p=1236001"},"modified":"2023-06-20T21:47:17","modified_gmt":"2023-06-21T00:47:17","slug":"camara-de-natal-prova-assistente-legislativo-reaplicada","status":"publish","type":"post","link":"https:\/\/www.estrategiaconcursos.com.br\/blog\/camara-de-natal-prova-assistente-legislativo-reaplicada\/","title":{"rendered":"C\u00e2mara de Natal: prova de Assistente Legislativo ser\u00e1 reaplicada"},"content":{"rendered":"\n<p>Aten\u00e7\u00e3o, corujas: a <strong>prova objetiva <\/strong>do<strong> concurso C\u00e2mara de Natal<\/strong>, ao cargo de <strong>Assistente Legislativo <\/strong>&#8211; <strong>Assistente Geral<\/strong>, ser\u00e1 <strong>reaplicada<\/strong>.<\/p>\n\n\n\n<p>A medida foi anunciada nesta ter\u00e7a-feira, 20, durante reuni\u00e3o realizada entre a banca organizadora do certame, a <a href=\"https:\/\/funcern.br\/concursos\/concurso-publico-camera-municipal-de-natal-rn\/\" target=\"_blank\" rel=\"noreferrer noopener\">FUNCERN<\/a>, representantes da Casa Legislativa e membros do Minist\u00e9rio P\u00fablico.<\/p>\n\n\n\n<blockquote class=\"wp-block-quote is-layout-flow wp-block-quote-is-layout-flow\">\n<p><em>&#8220;A funda\u00e7\u00e3o vai reaplicar essa prova que foi questionada, muito embora o questionamento tenha surgido t\u00e3o somente por uma frequ\u00eancia de sequ\u00eancia de alternativa \u00fanica. Mas, mesmo assim, n\u00e3o houve nenhum tipo de questionamento no tocante \u00e0 fraude ou qualquer coisa do tipo&#8221;,<\/em> afirmou o procurador-geral da Casa, Gustavo Sousa.<\/p>\n<\/blockquote>\n\n\n\n<p>Lembrando que as avalia\u00e7\u00f5es do certame foram aplicadas no \u00faltimo domingo (18) e chamou a aten\u00e7\u00e3o dos candidatos devido ao gabarito n\u00ba 7 <span style=\"text-decoration: underline;\">conter 20 quest\u00f5es de alternativa na letra &#8220;A&#8221;.<\/span><\/p>\n\n\n\n<ul class=\"wp-block-list\">\n<li><a href=\"https:\/\/dhg1h5j42swfq.cloudfront.net\/2023\/06\/19152346\/gabaritos-provas-objetivas-preliminar-cmnatal-1.pdf\" target=\"_blank\" rel=\"noreferrer noopener nofollow\">Confira os gabaritos preliminares na \u00edntegra!<\/a><\/li>\n<\/ul>\n\n\n\n<p>Com isso, haver\u00e1 reaplica\u00e7\u00e3o da etapa, mas somente \u00e0 carreira citada. Logo, para os demais cargos as provas n\u00e3o ser\u00e3o refeitas. No mais, <span style=\"text-decoration: underline;\">o cronograma com a nova data de aplica\u00e7\u00e3o ser\u00e1 divulgado oportunamente!<\/span><\/p>\n\n\n\n<p>Conv\u00e9m destacar que os candidatos, que assim desejarem, poder\u00e3o solicitar a devolu\u00e7\u00e3o da taxa de inscri\u00e7\u00e3o, mas somente \u00e0 carreira cuja prova ser\u00e1 reaplicada (Assistente Legislativo &#8211; Assistente Geral).<\/p>\n\n\n\n<p>O <strong>concurso C\u00e2mara de Natal oferta 46 vagas <\/strong>para os cargos de T\u00e9cnico Legislativo e Assistente Legislativo, em diferentes especialidades, com sal\u00e1rios de <strong>R$ 1.916,15 a R$ 2.949,80. <\/strong><\/p>\n\n\n\n<p>Para conferir as informa\u00e7\u00f5es completas do concurso C\u00e2mara de Natal, cuja prova de Assistente Legislativo &#8211; Assistente Geral ser\u00e1 reaplicada, basta acessar nosso artigo na \u00edntegra:<\/p>\n\n\n\n<h2 class=\"wp-block-heading has-text-align-center has-cyan-bluish-gray-background-color has-background has-medium-font-size\"><a href=\"https:\/\/www.estrategiaconcursos.com.br\/blog\/concurso-camara-de-natal\/\" target=\"_blank\" rel=\"noreferrer noopener\">Concurso C\u00e2mara Municipal de Natal<\/a><\/h2>\n\n\n\n<hr class=\"wp-block-separator has-alpha-channel-opacity\"\/>\n\n\n\n<h2 class=\"wp-block-heading has-text-align-center\" id=\"h-quer-saber-tudo-sobre-concursos-previstos-confira-nossos-artigos\">Quer saber tudo sobre concursos previstos?<br \/>Confira nossos artigos!<\/h2>\n\n\n\n<ul class=\"wp-block-list\">\n<li><a href=\"https:\/\/www.estrategiaconcursos.com.br\/blog\/concursos-abertos\/\" target=\"_blank\" rel=\"noreferrer noopener\">Concursos abertos<\/a><\/li>\n\n\n\n<li><a href=\"https:\/\/www.estrategiaconcursos.com.br\/blog\/concursos-2023\/\" target=\"_blank\" rel=\"noreferrer noopener\">Concursos 2023<\/a><\/li>\n\n\n\n<li><a href=\"https:\/\/www.estrategiaconcursos.com.br\/blog\/concursos-2024\" target=\"_blank\" rel=\"noreferrer noopener\">Concursos 2024<\/a><\/li>\n<\/ul>\n\n\n\n<h2 class=\"wp-block-heading has-text-align-center\">Quer estudar para o concurso C\u00e2mara de Natal?<\/h2>\n\n\n\n<div class=\"container\" id=\"boxes\">\n  <div class=\"row\">\n\n    <div class=\"col-sm\">\n      <div class=\"banner-legislativo\" id=\"box-assinatura\">\n        <h3 class=\"titulo-assinatura\">Concurso C\u00e2mara de Natal<\/h3>\n        <p class=\"subtitulo-assinatura\">Conhe\u00e7a os cursos<\/p>\n        <div class=\"box-botao\">\n          <a class=\"btn-assinatura\" target=\"_blank\" href=\"https:\/\/www.estrategiaconcursos.com.br\/cursosPorConcurso\/area-legislativa-pacotes-promocionais\/\" role=\"button\" rel=\"noopener noreferrer\">Conhe\u00e7a mais<\/a>\n        <\/div>\n      <\/div>\n     \n\n  <\/div>\n<\/div><\/div>\n\n\n\n<div class=\"container\" id=\"boxes\">\n  <div class=\"row\">\n\n    <div class=\"col-sm\">\n      <div class=\"estrategia\" id=\"box-assinatura\">\n        <h3 class=\"titulo-assinatura\">Assinatura de Concursos<\/h3>\n        <p class=\"subtitulo-assinatura\">Assinatura de 1 ano ou 2 anos<\/p>\n        <div class=\"box-botao\">\n          <a class=\"btn-assinatura\" target=\"_blank\" href=\"https:\/\/www.estrategiaconcursos.com.br\/assinaturas\/\" role=\"button\" rel=\"noopener noreferrer\">ASSINE AGORA<\/a>\n        <\/div>\n      <\/div>\n     \n    <\/div><\/div><\/div>\n","protected":false},"excerpt":{"rendered":"<p>Aten\u00e7\u00e3o, corujas: a prova objetiva do concurso C\u00e2mara de Natal, ao cargo de Assistente Legislativo &#8211; Assistente Geral, ser\u00e1 reaplicada. A medida foi anunciada nesta ter\u00e7a-feira, 20, durante reuni\u00e3o realizada entre a banca organizadora do certame, a FUNCERN, representantes da Casa Legislativa e membros do Minist\u00e9rio P\u00fablico. &#8220;A funda\u00e7\u00e3o vai reaplicar essa prova que foi [&hellip;]<\/p>\n","protected":false},"author":2134,"featured_media":1030857,"comment_status":"open","ping_status":"closed","sticky":false,"template":"","format":"standard","meta":{"post_tipo":"news","footnotes":""},"categories":[2017,220219],"tags":[],"tax_estado":[219983],"class_list":["post-1236001","post","type-post","status-publish","format-standard","has-post-thumbnail","hentry","category-concursos-legislativos","category-noticias","tax_estado-rn"],"acf":[],"yoast_head":"<!-- This site is optimized with the Yoast SEO Premium plugin v27.2 (Yoast SEO v27.2) - https:\/\/yoast.com\/product\/yoast-seo-premium-wordpress\/ -->\n<title>C\u00e2mara de Natal: prova de Assistente Legislativo ser\u00e1 reaplicada<\/title>\n<meta name=\"description\" content=\"Concurso C\u00e2mara de Natal: prova para Assistente Legislativo - Geral ser\u00e1 reaplicada. Confira todos os detalhes no blog do Estrat\u00e9gia!\" \/>\n<meta name=\"robots\" content=\"index, follow, max-snippet:-1, max-image-preview:large, max-video-preview:-1\" \/>\n<link rel=\"canonical\" href=\"https:\/\/www.estrategiaconcursos.com.br\/blog\/camara-de-natal-prova-assistente-legislativo-reaplicada\/\" \/>\n<meta property=\"og:locale\" content=\"pt_BR\" \/>\n<meta property=\"og:type\" content=\"article\" \/>\n<meta property=\"og:title\" content=\"C\u00e2mara de Natal: prova de Assistente Legislativo ser\u00e1 reaplicada\" \/>\n<meta property=\"og:description\" content=\"Concurso C\u00e2mara de Natal: prova para Assistente Legislativo - Geral ser\u00e1 reaplicada. Confira todos os detalhes no blog do Estrat\u00e9gia!\" \/>\n<meta property=\"og:url\" content=\"https:\/\/www.estrategiaconcursos.com.br\/blog\/camara-de-natal-prova-assistente-legislativo-reaplicada\/\" \/>\n<meta property=\"og:site_name\" content=\"Estrat\u00e9gia Concursos\" \/>\n<meta property=\"article:published_time\" content=\"2023-06-20T23:45:40+00:00\" \/>\n<meta property=\"article:modified_time\" content=\"2023-06-21T00:47:17+00:00\" \/>\n<meta property=\"og:image\" content=\"https:\/\/dhg1h5j42swfq.cloudfront.net\/2022\/05\/19132747\/camara_de_natal.jpg\" \/>\n\t<meta property=\"og:image:width\" content=\"768\" \/>\n\t<meta property=\"og:image:height\" content=\"432\" \/>\n\t<meta property=\"og:image:type\" content=\"image\/jpeg\" \/>\n<meta name=\"author\" content=\"Rafaela Teixeira\" \/>\n<meta name=\"twitter:card\" content=\"summary_large_image\" \/>\n<meta name=\"twitter:creator\" content=\"@EstratConcursos\" \/>\n<meta name=\"twitter:site\" content=\"@EstratConcursos\" \/>\n<meta name=\"twitter:label1\" content=\"Escrito por\" \/>\n\t<meta name=\"twitter:data1\" content=\"Rafaela Teixeira\" \/>\n\t<meta name=\"twitter:label2\" content=\"Est. tempo de leitura\" \/>\n\t<meta name=\"twitter:data2\" content=\"2 minutos\" \/>\n<script type=\"application\/ld+json\" class=\"yoast-schema-graph\">{\"@context\":\"https:\/\/schema.org\",\"@graph\":[{\"@type\":\"NewsArticle\",\"@id\":\"https:\/\/www.estrategiaconcursos.com.br\/blog\/camara-de-natal-prova-assistente-legislativo-reaplicada\/#article\",\"isPartOf\":{\"@id\":\"https:\/\/www.estrategiaconcursos.com.br\/blog\/camara-de-natal-prova-assistente-legislativo-reaplicada\/\"},\"author\":{\"name\":\"Rafaela Teixeira\",\"@id\":\"https:\/\/www.estrategiaconcursos.com.br\/blog\/#\/schema\/person\/e75352021ea7f60781c599934f916eb1\"},\"headline\":\"C\u00e2mara de Natal: prova de Assistente Legislativo ser\u00e1 reaplicada\",\"datePublished\":\"2023-06-20T23:45:40+00:00\",\"dateModified\":\"2023-06-21T00:47:17+00:00\",\"mainEntityOfPage\":{\"@id\":\"https:\/\/www.estrategiaconcursos.com.br\/blog\/camara-de-natal-prova-assistente-legislativo-reaplicada\/\"},\"wordCount\":328,\"commentCount\":0,\"publisher\":{\"@id\":\"https:\/\/www.estrategiaconcursos.com.br\/blog\/#organization\"},\"image\":{\"@id\":\"https:\/\/www.estrategiaconcursos.com.br\/blog\/camara-de-natal-prova-assistente-legislativo-reaplicada\/#primaryimage\"},\"thumbnailUrl\":\"https:\/\/dhg1h5j42swfq.cloudfront.net\/2022\/05\/19132747\/camara_de_natal.jpg\",\"articleSection\":[\"Legislativo\",\"\u00daltimas not\u00edcias\"],\"inLanguage\":\"pt-BR\",\"potentialAction\":[{\"@type\":\"CommentAction\",\"name\":\"Comment\",\"target\":[\"https:\/\/www.estrategiaconcursos.com.br\/blog\/camara-de-natal-prova-assistente-legislativo-reaplicada\/#respond\"]}],\"copyrightYear\":\"2023\",\"copyrightHolder\":{\"@id\":\"https:\/\/www.estrategiaconcursos.com.br\/blog\/#organization\"}},{\"@type\":\"WebPage\",\"@id\":\"https:\/\/www.estrategiaconcursos.com.br\/blog\/camara-de-natal-prova-assistente-legislativo-reaplicada\/\",\"url\":\"https:\/\/www.estrategiaconcursos.com.br\/blog\/camara-de-natal-prova-assistente-legislativo-reaplicada\/\",\"name\":\"C\u00e2mara de Natal: prova de Assistente Legislativo ser\u00e1 reaplicada\",\"isPartOf\":{\"@id\":\"https:\/\/www.estrategiaconcursos.com.br\/blog\/#website\"},\"primaryImageOfPage\":{\"@id\":\"https:\/\/www.estrategiaconcursos.com.br\/blog\/camara-de-natal-prova-assistente-legislativo-reaplicada\/#primaryimage\"},\"image\":{\"@id\":\"https:\/\/www.estrategiaconcursos.com.br\/blog\/camara-de-natal-prova-assistente-legislativo-reaplicada\/#primaryimage\"},\"thumbnailUrl\":\"https:\/\/dhg1h5j42swfq.cloudfront.net\/2022\/05\/19132747\/camara_de_natal.jpg\",\"datePublished\":\"2023-06-20T23:45:40+00:00\",\"dateModified\":\"2023-06-21T00:47:17+00:00\",\"description\":\"Concurso C\u00e2mara de Natal: prova para Assistente Legislativo - Geral ser\u00e1 reaplicada. Confira todos os detalhes no blog do Estrat\u00e9gia!\",\"breadcrumb\":{\"@id\":\"https:\/\/www.estrategiaconcursos.com.br\/blog\/camara-de-natal-prova-assistente-legislativo-reaplicada\/#breadcrumb\"},\"inLanguage\":\"pt-BR\",\"potentialAction\":[{\"@type\":\"ReadAction\",\"target\":[\"https:\/\/www.estrategiaconcursos.com.br\/blog\/camara-de-natal-prova-assistente-legislativo-reaplicada\/\"]}]},{\"@type\":\"ImageObject\",\"inLanguage\":\"pt-BR\",\"@id\":\"https:\/\/www.estrategiaconcursos.com.br\/blog\/camara-de-natal-prova-assistente-legislativo-reaplicada\/#primaryimage\",\"url\":\"https:\/\/dhg1h5j42swfq.cloudfront.net\/2022\/05\/19132747\/camara_de_natal.jpg\",\"contentUrl\":\"https:\/\/dhg1h5j42swfq.cloudfront.net\/2022\/05\/19132747\/camara_de_natal.jpg\",\"width\":768,\"height\":432,\"caption\":\"concurso C\u00e2mara de Natal\"},{\"@type\":\"BreadcrumbList\",\"@id\":\"https:\/\/www.estrategiaconcursos.com.br\/blog\/camara-de-natal-prova-assistente-legislativo-reaplicada\/#breadcrumb\",\"itemListElement\":[{\"@type\":\"ListItem\",\"position\":1,\"name\":\"In\u00edcio\",\"item\":\"https:\/\/www.estrategiaconcursos.com.br\/blog\/\"},{\"@type\":\"ListItem\",\"position\":2,\"name\":\"C\u00e2mara de Natal: prova de Assistente Legislativo ser\u00e1 reaplicada\"}]},{\"@type\":\"WebSite\",\"@id\":\"https:\/\/www.estrategiaconcursos.com.br\/blog\/#website\",\"url\":\"https:\/\/www.estrategiaconcursos.com.br\/blog\/\",\"name\":\"Estrat\u00e9gia Concursos\",\"description\":\"O blog da Estrat\u00e9gia Concursos traz not\u00edcias sobre concursos e artigos de professores oferecendo cursos para concursos (pdf + videaulas) no site.\",\"publisher\":{\"@id\":\"https:\/\/www.estrategiaconcursos.com.br\/blog\/#organization\"},\"potentialAction\":[{\"@type\":\"SearchAction\",\"target\":{\"@type\":\"EntryPoint\",\"urlTemplate\":\"https:\/\/www.estrategiaconcursos.com.br\/blog\/?s={search_term_string}\"},\"query-input\":{\"@type\":\"PropertyValueSpecification\",\"valueRequired\":true,\"valueName\":\"search_term_string\"}}],\"inLanguage\":\"pt-BR\"},{\"@type\":\"Organization\",\"@id\":\"https:\/\/www.estrategiaconcursos.com.br\/blog\/#organization\",\"name\":\"Estrat\u00e9gia Concursos\",\"url\":\"https:\/\/www.estrategiaconcursos.com.br\/blog\/\",\"logo\":{\"@type\":\"ImageObject\",\"inLanguage\":\"pt-BR\",\"@id\":\"https:\/\/www.estrategiaconcursos.com.br\/blog\/#\/schema\/logo\/image\/\",\"url\":\"https:\/\/dhg1h5j42swfq.cloudfront.net\/2025\/06\/03203428\/logo_concursos-1.jpg\",\"contentUrl\":\"https:\/\/dhg1h5j42swfq.cloudfront.net\/2025\/06\/03203428\/logo_concursos-1.jpg\",\"width\":230,\"height\":60,\"caption\":\"Estrat\u00e9gia Concursos\"},\"image\":{\"@id\":\"https:\/\/www.estrategiaconcursos.com.br\/blog\/#\/schema\/logo\/image\/\"},\"sameAs\":[\"https:\/\/x.com\/EstratConcursos\"]},{\"@type\":\"Person\",\"@id\":\"https:\/\/www.estrategiaconcursos.com.br\/blog\/#\/schema\/person\/e75352021ea7f60781c599934f916eb1\",\"name\":\"Rafaela Teixeira\",\"image\":{\"@type\":\"ImageObject\",\"inLanguage\":\"pt-BR\",\"@id\":\"https:\/\/secure.gravatar.com\/avatar\/8a349a2b22039b1ee88fc06461487c950fd6aa411ea8af8633314b43334ae793?s=96&d=mm&r=g\",\"url\":\"https:\/\/secure.gravatar.com\/avatar\/8a349a2b22039b1ee88fc06461487c950fd6aa411ea8af8633314b43334ae793?s=96&d=mm&r=g\",\"contentUrl\":\"https:\/\/secure.gravatar.com\/avatar\/8a349a2b22039b1ee88fc06461487c950fd6aa411ea8af8633314b43334ae793?s=96&d=mm&r=g\",\"caption\":\"Rafaela Teixeira\"},\"description\":\"Rafaela Teixeira \u00e9 advogada conveniada \u00e0 Defensoria P\u00fablica de S\u00e3o Paulo pela OAB, com experi\u00eancia em reda\u00e7\u00e3o jur\u00eddica e atua\u00e7\u00e3o em institui\u00e7\u00f5es p\u00fablicas, incluindo est\u00e1gio no TRE-SP. Possui mais de 7 anos de experi\u00eancia na produ\u00e7\u00e3o de conte\u00fados voltados ao nicho de concursos p\u00fablicos, com foco em apura\u00e7\u00e3o jornal\u00edstica cont\u00ednua, an\u00e1lise de editais e obten\u00e7\u00e3o de informa\u00e7\u00f5es diretamente junto a \u00f3rg\u00e3os e fontes oficiais. No Blog do Estrat\u00e9gia Concursos, atua como Analista de Conte\u00fado S\u00eanior, respons\u00e1vel pelo jornalismo do per\u00edodo noturno e da madrugada, com atua\u00e7\u00e3o transversal na cobertura de concursos p\u00fablicos, garantindo a continuidade, fluidez e confiabilidade das publica\u00e7\u00f5es e dos bastidores dos certames.\",\"url\":\"https:\/\/www.estrategiaconcursos.com.br\/blog\/author\/rafaela-teixeira\/\"}]}<\/script>\n<!-- \/ Yoast SEO Premium plugin. -->","yoast_head_json":{"title":"C\u00e2mara de Natal: prova de Assistente Legislativo ser\u00e1 reaplicada","description":"Concurso C\u00e2mara de Natal: prova para Assistente Legislativo - Geral ser\u00e1 reaplicada. Confira todos os detalhes no blog do Estrat\u00e9gia!","robots":{"index":"index","follow":"follow","max-snippet":"max-snippet:-1","max-image-preview":"max-image-preview:large","max-video-preview":"max-video-preview:-1"},"canonical":"https:\/\/www.estrategiaconcursos.com.br\/blog\/camara-de-natal-prova-assistente-legislativo-reaplicada\/","og_locale":"pt_BR","og_type":"article","og_title":"C\u00e2mara de Natal: prova de Assistente Legislativo ser\u00e1 reaplicada","og_description":"Concurso C\u00e2mara de Natal: prova para Assistente Legislativo - Geral ser\u00e1 reaplicada. Confira todos os detalhes no blog do Estrat\u00e9gia!","og_url":"https:\/\/www.estrategiaconcursos.com.br\/blog\/camara-de-natal-prova-assistente-legislativo-reaplicada\/","og_site_name":"Estrat\u00e9gia Concursos","article_published_time":"2023-06-20T23:45:40+00:00","article_modified_time":"2023-06-21T00:47:17+00:00","og_image":[{"width":768,"height":432,"url":"https:\/\/dhg1h5j42swfq.cloudfront.net\/2022\/05\/19132747\/camara_de_natal.jpg","type":"image\/jpeg"}],"author":"Rafaela Teixeira","twitter_card":"summary_large_image","twitter_creator":"@EstratConcursos","twitter_site":"@EstratConcursos","twitter_misc":{"Escrito por":"Rafaela Teixeira","Est. tempo de leitura":"2 minutos"},"schema":{"@context":"https:\/\/schema.org","@graph":[{"@type":"NewsArticle","@id":"https:\/\/www.estrategiaconcursos.com.br\/blog\/camara-de-natal-prova-assistente-legislativo-reaplicada\/#article","isPartOf":{"@id":"https:\/\/www.estrategiaconcursos.com.br\/blog\/camara-de-natal-prova-assistente-legislativo-reaplicada\/"},"author":{"name":"Rafaela Teixeira","@id":"https:\/\/www.estrategiaconcursos.com.br\/blog\/#\/schema\/person\/e75352021ea7f60781c599934f916eb1"},"headline":"C\u00e2mara de Natal: prova de Assistente Legislativo ser\u00e1 reaplicada","datePublished":"2023-06-20T23:45:40+00:00","dateModified":"2023-06-21T00:47:17+00:00","mainEntityOfPage":{"@id":"https:\/\/www.estrategiaconcursos.com.br\/blog\/camara-de-natal-prova-assistente-legislativo-reaplicada\/"},"wordCount":328,"commentCount":0,"publisher":{"@id":"https:\/\/www.estrategiaconcursos.com.br\/blog\/#organization"},"image":{"@id":"https:\/\/www.estrategiaconcursos.com.br\/blog\/camara-de-natal-prova-assistente-legislativo-reaplicada\/#primaryimage"},"thumbnailUrl":"https:\/\/dhg1h5j42swfq.cloudfront.net\/2022\/05\/19132747\/camara_de_natal.jpg","articleSection":["Legislativo","\u00daltimas not\u00edcias"],"inLanguage":"pt-BR","potentialAction":[{"@type":"CommentAction","name":"Comment","target":["https:\/\/www.estrategiaconcursos.com.br\/blog\/camara-de-natal-prova-assistente-legislativo-reaplicada\/#respond"]}],"copyrightYear":"2023","copyrightHolder":{"@id":"https:\/\/www.estrategiaconcursos.com.br\/blog\/#organization"}},{"@type":"WebPage","@id":"https:\/\/www.estrategiaconcursos.com.br\/blog\/camara-de-natal-prova-assistente-legislativo-reaplicada\/","url":"https:\/\/www.estrategiaconcursos.com.br\/blog\/camara-de-natal-prova-assistente-legislativo-reaplicada\/","name":"C\u00e2mara de Natal: prova de Assistente Legislativo ser\u00e1 reaplicada","isPartOf":{"@id":"https:\/\/www.estrategiaconcursos.com.br\/blog\/#website"},"primaryImageOfPage":{"@id":"https:\/\/www.estrategiaconcursos.com.br\/blog\/camara-de-natal-prova-assistente-legislativo-reaplicada\/#primaryimage"},"image":{"@id":"https:\/\/www.estrategiaconcursos.com.br\/blog\/camara-de-natal-prova-assistente-legislativo-reaplicada\/#primaryimage"},"thumbnailUrl":"https:\/\/dhg1h5j42swfq.cloudfront.net\/2022\/05\/19132747\/camara_de_natal.jpg","datePublished":"2023-06-20T23:45:40+00:00","dateModified":"2023-06-21T00:47:17+00:00","description":"Concurso C\u00e2mara de Natal: prova para Assistente Legislativo - Geral ser\u00e1 reaplicada. Confira todos os detalhes no blog do Estrat\u00e9gia!","breadcrumb":{"@id":"https:\/\/www.estrategiaconcursos.com.br\/blog\/camara-de-natal-prova-assistente-legislativo-reaplicada\/#breadcrumb"},"inLanguage":"pt-BR","potentialAction":[{"@type":"ReadAction","target":["https:\/\/www.estrategiaconcursos.com.br\/blog\/camara-de-natal-prova-assistente-legislativo-reaplicada\/"]}]},{"@type":"ImageObject","inLanguage":"pt-BR","@id":"https:\/\/www.estrategiaconcursos.com.br\/blog\/camara-de-natal-prova-assistente-legislativo-reaplicada\/#primaryimage","url":"https:\/\/dhg1h5j42swfq.cloudfront.net\/2022\/05\/19132747\/camara_de_natal.jpg","contentUrl":"https:\/\/dhg1h5j42swfq.cloudfront.net\/2022\/05\/19132747\/camara_de_natal.jpg","width":768,"height":432,"caption":"concurso C\u00e2mara de Natal"},{"@type":"BreadcrumbList","@id":"https:\/\/www.estrategiaconcursos.com.br\/blog\/camara-de-natal-prova-assistente-legislativo-reaplicada\/#breadcrumb","itemListElement":[{"@type":"ListItem","position":1,"name":"In\u00edcio","item":"https:\/\/www.estrategiaconcursos.com.br\/blog\/"},{"@type":"ListItem","position":2,"name":"C\u00e2mara de Natal: prova de Assistente Legislativo ser\u00e1 reaplicada"}]},{"@type":"WebSite","@id":"https:\/\/www.estrategiaconcursos.com.br\/blog\/#website","url":"https:\/\/www.estrategiaconcursos.com.br\/blog\/","name":"Estrat\u00e9gia Concursos","description":"O blog da Estrat\u00e9gia Concursos traz not\u00edcias sobre concursos e artigos de professores oferecendo cursos para concursos (pdf + videaulas) no site.","publisher":{"@id":"https:\/\/www.estrategiaconcursos.com.br\/blog\/#organization"},"potentialAction":[{"@type":"SearchAction","target":{"@type":"EntryPoint","urlTemplate":"https:\/\/www.estrategiaconcursos.com.br\/blog\/?s={search_term_string}"},"query-input":{"@type":"PropertyValueSpecification","valueRequired":true,"valueName":"search_term_string"}}],"inLanguage":"pt-BR"},{"@type":"Organization","@id":"https:\/\/www.estrategiaconcursos.com.br\/blog\/#organization","name":"Estrat\u00e9gia Concursos","url":"https:\/\/www.estrategiaconcursos.com.br\/blog\/","logo":{"@type":"ImageObject","inLanguage":"pt-BR","@id":"https:\/\/www.estrategiaconcursos.com.br\/blog\/#\/schema\/logo\/image\/","url":"https:\/\/dhg1h5j42swfq.cloudfront.net\/2025\/06\/03203428\/logo_concursos-1.jpg","contentUrl":"https:\/\/dhg1h5j42swfq.cloudfront.net\/2025\/06\/03203428\/logo_concursos-1.jpg","width":230,"height":60,"caption":"Estrat\u00e9gia Concursos"},"image":{"@id":"https:\/\/www.estrategiaconcursos.com.br\/blog\/#\/schema\/logo\/image\/"},"sameAs":["https:\/\/x.com\/EstratConcursos"]},{"@type":"Person","@id":"https:\/\/www.estrategiaconcursos.com.br\/blog\/#\/schema\/person\/e75352021ea7f60781c599934f916eb1","name":"Rafaela Teixeira","image":{"@type":"ImageObject","inLanguage":"pt-BR","@id":"https:\/\/secure.gravatar.com\/avatar\/8a349a2b22039b1ee88fc06461487c950fd6aa411ea8af8633314b43334ae793?s=96&d=mm&r=g","url":"https:\/\/secure.gravatar.com\/avatar\/8a349a2b22039b1ee88fc06461487c950fd6aa411ea8af8633314b43334ae793?s=96&d=mm&r=g","contentUrl":"https:\/\/secure.gravatar.com\/avatar\/8a349a2b22039b1ee88fc06461487c950fd6aa411ea8af8633314b43334ae793?s=96&d=mm&r=g","caption":"Rafaela Teixeira"},"description":"Rafaela Teixeira \u00e9 advogada conveniada \u00e0 Defensoria P\u00fablica de S\u00e3o Paulo pela OAB, com experi\u00eancia em reda\u00e7\u00e3o jur\u00eddica e atua\u00e7\u00e3o em institui\u00e7\u00f5es p\u00fablicas, incluindo est\u00e1gio no TRE-SP. Possui mais de 7 anos de experi\u00eancia na produ\u00e7\u00e3o de conte\u00fados voltados ao nicho de concursos p\u00fablicos, com foco em apura\u00e7\u00e3o jornal\u00edstica cont\u00ednua, an\u00e1lise de editais e obten\u00e7\u00e3o de informa\u00e7\u00f5es diretamente junto a \u00f3rg\u00e3os e fontes oficiais. No Blog do Estrat\u00e9gia Concursos, atua como Analista de Conte\u00fado S\u00eanior, respons\u00e1vel pelo jornalismo do per\u00edodo noturno e da madrugada, com atua\u00e7\u00e3o transversal na cobertura de concursos p\u00fablicos, garantindo a continuidade, fluidez e confiabilidade das publica\u00e7\u00f5es e dos bastidores dos certames.","url":"https:\/\/www.estrategiaconcursos.com.br\/blog\/author\/rafaela-teixeira\/"}]}},"_links":{"self":[{"href":"https:\/\/www.estrategiaconcursos.com.br\/blog\/wp-json\/wp\/v2\/posts\/1236001","targetHints":{"allow":["GET"]}}],"collection":[{"href":"https:\/\/www.estrategiaconcursos.com.br\/blog\/wp-json\/wp\/v2\/posts"}],"about":[{"href":"https:\/\/www.estrategiaconcursos.com.br\/blog\/wp-json\/wp\/v2\/types\/post"}],"author":[{"embeddable":true,"href":"https:\/\/www.estrategiaconcursos.com.br\/blog\/wp-json\/wp\/v2\/users\/2134"}],"replies":[{"embeddable":true,"href":"https:\/\/www.estrategiaconcursos.com.br\/blog\/wp-json\/wp\/v2\/comments?post=1236001"}],"version-history":[{"count":13,"href":"https:\/\/www.estrategiaconcursos.com.br\/blog\/wp-json\/wp\/v2\/posts\/1236001\/revisions"}],"predecessor-version":[{"id":1236029,"href":"https:\/\/www.estrategiaconcursos.com.br\/blog\/wp-json\/wp\/v2\/posts\/1236001\/revisions\/1236029"}],"wp:featuredmedia":[{"embeddable":true,"href":"https:\/\/www.estrategiaconcursos.com.br\/blog\/wp-json\/wp\/v2\/media\/1030857"}],"wp:attachment":[{"href":"https:\/\/www.estrategiaconcursos.com.br\/blog\/wp-json\/wp\/v2\/media?parent=1236001"}],"wp:term":[{"taxonomy":"category","embeddable":true,"href":"https:\/\/www.estrategiaconcursos.com.br\/blog\/wp-json\/wp\/v2\/categories?post=1236001"},{"taxonomy":"post_tag","embeddable":true,"href":"https:\/\/www.estrategiaconcursos.com.br\/blog\/wp-json\/wp\/v2\/tags?post=1236001"},{"taxonomy":"tax_estado","embeddable":true,"href":"https:\/\/www.estrategiaconcursos.com.br\/blog\/wp-json\/wp\/v2\/tax_estado?post=1236001"}],"curies":[{"name":"wp","href":"https:\/\/api.w.org\/{rel}","templated":true}]}}