{"id":1234479,"date":"2026-04-10T17:25:41","date_gmt":"2026-04-10T20:25:41","guid":{"rendered":"https:\/\/www.estrategiaconcursos.com.br\/blog\/?p=1234479"},"modified":"2026-04-11T10:59:45","modified_gmt":"2026-04-11T13:59:45","slug":"concurso-iplanfor","status":"publish","type":"post","link":"https:\/\/www.estrategiaconcursos.com.br\/blog\/concurso-iplanfor\/","title":{"rendered":"Concurso Iplanfor: 60 aprovados ser\u00e3o convocados!"},"content":{"rendered":"\n<p>Uma \u00f3tima not\u00edcia foi divulgada para os aprovados no edital do <strong>Concurso Iplanfor (<a href=\"https:\/\/www.estrategiaconcursos.com.br\/cursosPorConcurso\/instituto-de-planejamento-de-fortaleza-iplanfor\/\" target=\"_blank\" rel=\"noreferrer noopener\">Instituto de Pesquisa e Planejamento de Fortaleza<\/a>)<\/strong>!<\/p>\n\n\n\n<p>Segundo o prefeito Evandro Leit\u00e3o, a inten\u00e7\u00e3o \u00e9 realizar <strong>20 convoca\u00e7\u00f5es anualmente<\/strong> at\u00e9 o fim de sua gest\u00e3o, ou seja, realizar <strong>60 nomea\u00e7\u00f5es<\/strong> nos pr\u00f3ximos tr\u00eas anos.<\/p>\n\n\n\n<p>Lembrando que o edital de 2024 foi o primeiro concurso do instituto. O certame ofertou <strong>60 vagas imediatas mais cadastro reserva<\/strong>, com <strong>sal\u00e1rio inicial de R$ 10.660,21<\/strong> (com gratifica\u00e7\u00e3o adicionada)!<\/p>\n\n\n\n<p>As oportunidades foram para o cargo de <strong>Analista de Planejamento e Inova\u00e7\u00e3o Urbana<\/strong>, em diferentes \u00e1reas espec\u00edficas de atua\u00e7\u00e3o e que possui como exig\u00eancia o n\u00edvel superior.<\/p>\n\n\n\n<ul class=\"wp-block-list has-very-light-gray-to-cyan-bluish-gray-gradient-background has-background\">\n<li><strong>Instituto de Planejamento de Fortaleza &#8211; Iplanfor<\/strong><\/li>\n\n\n\n<li><strong>Status:<\/strong> nomea\u00e7\u00f5es em breve<\/li>\n\n\n\n<li><strong>Banca:<\/strong> <a href=\"https:\/\/idecan.selecao.net.br\/informacoes\/28\/\" target=\"_blank\" rel=\"noreferrer noopener nofollow\">IDECAN<\/a><\/li>\n\n\n\n<li><strong>Vagas:<\/strong> 60 + CR<\/li>\n\n\n\n<li><strong>Sal\u00e1rio inicial:<\/strong> R$ 10.660,21 <\/li>\n\n\n\n<li><strong>Edital: <\/strong><a href=\"https:\/\/dhg1h5j42swfq.cloudfront.net\/2024\/02\/08185348\/edital-iplanfor-2024.pdf\" target=\"_blank\" rel=\"noreferrer noopener nofollow\">Iplanfor 2024<\/a><\/li>\n<\/ul>\n\n\n\n<p id=\"indice\">A fim de te deixar sempre bem informado, elaboramos este artigo com as principais informa\u00e7\u00f5es e novidades sobre o primeiro concurso IPLANFOR. Acompanhe os t\u00f3picos abaixo e n\u00e3o perca nenhum detalhe:<\/p>\n\n\n\n<ul id=\"indice\" class=\"wp-block-list\">\n<li><a href=\"#vagas\"><strong>Distribui\u00e7\u00e3o das vagas<\/strong><\/a>\n<ul class=\"wp-block-list\">\n<li><a href=\"#remuneracao\">Remunera\u00e7\u00e3o<\/a><\/li>\n\n\n\n<li><a href=\"#atribuicoes\">Atribui\u00e7\u00f5es<\/a><\/li>\n<\/ul>\n<\/li>\n\n\n\n<li><a href=\"#etapas\"><strong>Etapas de provas<\/strong><\/a>\n<ul class=\"wp-block-list\">\n<li><a href=\"#objetiva\">Prova objetiva<\/a><\/li>\n\n\n\n<li><a href=\"#discursiva\">Prova dissertativa<\/a><\/li>\n\n\n\n<li><a href=\"#titulos\">Prova de t\u00edtulos<\/a><\/li>\n\n\n\n<li><a href=\"#curso\">Curso de forma\u00e7\u00e3o<\/a><\/li>\n<\/ul>\n<\/li>\n\n\n\n<li><a href=\"#iplanfor\"><strong>Sobre o IPLANFOR<\/strong><\/a><\/li>\n\n\n\n<li><a href=\"#cursos\"><strong>Cursos e assinaturas<\/strong><\/a><\/li>\n\n\n\n<li><a href=\"#ficha\"><strong>Ficha t\u00e9cnica<\/strong><\/a><\/li>\n<\/ul>\n\n\n\n<div class=\"container\" id=\"boxes\">\n  <div class=\"row\">\n\n    <div class=\"col-sm\">\n      <div class=\"banner-estrategia\" id=\"box-assinatura\">\n        <h3 class=\"titulo-assinatura\">Cursos para Iplanfor<\/h3>\n        <p class=\"subtitulo-assinatura\">Conhe\u00e7a os cursos<\/p>\n        <div class=\"box-botao\">\n          <a class=\"btn-assinatura\" target=\"_blank\" href=\"https:\/\/www.estrategiaconcursos.com.br\/cursosPorConcurso\/instituto-de-planejamento-de-fortaleza-iplanfor\/\" role=\"button\" rel=\"noopener noreferrer\">Conhe\u00e7a mais<\/a>\n        <\/div>\n      <\/div>\n     \n    <\/div>\n\n  <\/div>\n<\/div>\n\n\n\n<h2 class=\"wp-block-heading\" id=\"vagas\">Como est\u00e3o distribu\u00eddas as vagas do concurso Iplanfor?<\/h2>\n\n\n\n<p>S\u00e3o diversas \u00e1reas espec\u00edficas distribu\u00eddas em diferentes \u00e1reas de atua\u00e7\u00e3o para o cargo de <strong>Analista de Planejamento e Inova\u00e7\u00e3o<\/strong>. Veja abaixo:<\/p>\n\n\n\n<figure class=\"wp-block-table is-style-stripes\"><table><thead><tr><th class=\"has-text-align-center\" data-align=\"center\">\u00c1rea espec\u00edficas<\/th><th class=\"has-text-align-center\" data-align=\"center\">Vagas<\/th><\/tr><\/thead><tbody><tr><td class=\"has-text-align-center\" data-align=\"center\">Acervo<\/td><td class=\"has-text-align-center\" data-align=\"center\">02<\/td><\/tr><tr><td class=\"has-text-align-center\" data-align=\"center\">Articula\u00e7\u00e3o Internacional<\/td><td class=\"has-text-align-center\" data-align=\"center\">01<\/td><\/tr><tr><td class=\"has-text-align-center\" data-align=\"center\">Comunica\u00e7\u00e3o e Design<\/td><td class=\"has-text-align-center\" data-align=\"center\">05<\/td><\/tr><tr><td class=\"has-text-align-center\" data-align=\"center\">Desenvolvimento Urbano<\/td><td class=\"has-text-align-center\" data-align=\"center\">12<\/td><\/tr><tr><td class=\"has-text-align-center\" data-align=\"center\">Estudos e Pesquisas<\/td><td class=\"has-text-align-center\" data-align=\"center\">05<\/td><\/tr><tr><td class=\"has-text-align-center\" data-align=\"center\">Geoprocessamento<\/td><td class=\"has-text-align-center\" data-align=\"center\">03<\/td><\/tr><tr><td class=\"has-text-align-center\" data-align=\"center\">Gest\u00e3o de Dados<\/td><td class=\"has-text-align-center\" data-align=\"center\">07<\/td><\/tr><tr><td class=\"has-text-align-center\" data-align=\"center\">Gest\u00e3o e Or\u00e7amento<\/td><td class=\"has-text-align-center\" data-align=\"center\">06<\/td><\/tr><tr><td class=\"has-text-align-center\" data-align=\"center\">Jur\u00eddica<\/td><td class=\"has-text-align-center\" data-align=\"center\">03<\/td><\/tr><tr><td class=\"has-text-align-center\" data-align=\"center\">Pol\u00edticas P\u00fablicas<\/td><td class=\"has-text-align-center\" data-align=\"center\">08<\/td><\/tr><tr><td class=\"has-text-align-center\" data-align=\"center\">Tecnologia (diferentes \u00e1reas)<\/td><td class=\"has-text-align-center\" data-align=\"center\">08<\/td><\/tr><\/tbody><\/table><figcaption class=\"wp-element-caption\">\u00c1reas espec\u00edficas e vagas do cargo<\/figcaption><\/figure>\n\n\n\n<h3 class=\"wp-block-heading\" id=\"remunera\u00e7\u00e3o\">Remunera\u00e7\u00e3o<\/h3>\n\n\n\n<p>A composi\u00e7\u00e3o da remunera\u00e7\u00e3o se dar\u00e1 da seguinte forma: Vencimento-base (<strong>R$ 6.933,13<\/strong>) + Gratifica\u00e7\u00e3o de Desempenho por Atividade de Pol\u00edtica Urbana (GDPU) vari\u00e1vel de at\u00e9 40% do vencimento base.<br \/>2023.<\/p>\n\n\n\n<figure class=\"wp-block-image aligncenter size-large is-resized\"><img loading=\"lazy\" decoding=\"async\" width=\"1024\" height=\"369\" src=\"https:\/\/dhg1h5j42swfq.cloudfront.net\/2023\/07\/07135037\/screenshot-2023-07-07-13-50-01-1024x369.png\" alt=\"Quadro de remunera\u00e7\u00e3o do IPLANFOR\" class=\"wp-image-1245066\" style=\"width:796px;height:auto\" srcset=\"https:\/\/dhg1h5j42swfq.cloudfront.net\/2023\/07\/07135037\/screenshot-2023-07-07-13-50-01-1024x369.png 1024w, https:\/\/dhg1h5j42swfq.cloudfront.net\/2023\/07\/07135037\/screenshot-2023-07-07-13-50-01-300x108.png 300w, https:\/\/dhg1h5j42swfq.cloudfront.net\/2023\/07\/07135037\/screenshot-2023-07-07-13-50-01-768x276.png 768w, https:\/\/dhg1h5j42swfq.cloudfront.net\/2023\/07\/07135037\/screenshot-2023-07-07-13-50-01-610x220.png 610w, https:\/\/dhg1h5j42swfq.cloudfront.net\/2023\/07\/07135037\/screenshot-2023-07-07-13-50-01-150x54.png 150w, https:\/\/dhg1h5j42swfq.cloudfront.net\/2023\/07\/07135037\/screenshot-2023-07-07-13-50-01.png 1164w\" sizes=\"auto, (max-width: 1024px) 100vw, 1024px\" \/><\/figure>\n\n\n\n<p>Ser\u00e1 concedido <strong>Incentivo de Titula\u00e7\u00e3o<\/strong> ao servidor que obtiver certificado ou t\u00edtulo em curso que mantenha correla\u00e7\u00e3o direta com o cargo ao qual perten\u00e7a.<\/p>\n\n\n\n<ul class=\"wp-block-list\">\n<li><strong>I &#8211; <\/strong>especializa\u00e7\u00e3o, 15% sobre o vencimento-base;<\/li>\n\n\n\n<li><strong>II &#8211; <\/strong>mestrado, 35% sobre o vencimento-base; e<\/li>\n\n\n\n<li><strong>III &#8211; <\/strong>doutorado, 45% sobre o vencimento-base.<\/li>\n<\/ul>\n\n\n\n<h3 class=\"wp-block-heading\" id=\"atribuicoes\">Atribui\u00e7\u00f5es do cargo<\/h3>\n\n\n\n<p>Ser\u00e3o atribui\u00e7\u00f5es dos aprovados no certame:<\/p>\n\n\n\n<ul class=\"wp-block-list\">\n<li>Executar os processos de formula\u00e7\u00e3o, adequa\u00e7\u00e3o e revis\u00e3o da Plataforma de Desenvolvimento de Longo Prazo de Fortaleza e do Plano Diretor de Fortaleza, garantindo a participa\u00e7\u00e3o da sociedade civil e sua integra\u00e7\u00e3o aos demais planos locais e \u00e0s agendas nacionais e internacionais;<\/li>\n\n\n\n<li>Implementar metodologias inovadoras para a elabora\u00e7\u00e3o e a revis\u00e3o de planos e agendas territoriais e de desenvolvimento urbano, em especial o de Desenvolvimento Urbano Integrado da Regi\u00e3o Metropolitana de Fortaleza (PDUI)<\/li>\n\n\n\n<li>Propor e desenvolver projetos urban\u00edsticos inovadores e sustent\u00e1veis com foco na redu\u00e7\u00e3o das desigualdades sociais, econ\u00f4micas e territoriais;<\/li>\n\n\n\n<li>Articular e engajar a participa\u00e7\u00e3o do poder p\u00fablico municipal, da sociedade civil, do setor produtivo e das demais entidades em torno das inst\u00e2ncias de governan\u00e7a territorial;<\/li>\n\n\n\n<li>Propor e desenvolver mecanismos, metodologias e estruturas de governan\u00e7a intersetorial para implementar planos e monitorar a\u00e7\u00f5es e projetos visando \u00e0 redu\u00e7\u00e3o das desigualdades;<\/li>\n\n\n\n<li>Contribuir na implementa\u00e7\u00e3o de iniciativas e projetos integrados, visando a tornar a cidade mais resiliente e segura diante das mudan\u00e7as clim\u00e1ticas;<\/li>\n\n\n\n<li>Coletar e analisar dados e informa\u00e7\u00f5es para a elabora\u00e7\u00e3o e a editora\u00e7\u00e3o de estudos e pesquisas socioecon\u00f4micas e urban\u00edsticas de interesse p\u00fablico;<\/li>\n\n\n\n<li>Desempenhar outras atividades correlatas necess\u00e1rias ao cumprimento de sua finalidade, nos termos da legisla\u00e7\u00e3o vigente.<\/li>\n<\/ul>\n\n\n\n<h2 class=\"wp-block-heading\" id=\"etapas\">Concurso Iplanfor: etapas de provas<\/h2>\n\n\n\n<p>O concurso do Iplanfor diversas fases de avalia\u00e7\u00e3o, confira abaixo:<\/p>\n\n\n\n<ul class=\"wp-block-list\">\n<li><strong>Prova objetiva<\/strong>, de car\u00e1ter eliminat\u00f3rio e classificat\u00f3rio;<\/li>\n\n\n\n<li><strong>Prova discursiva,<\/strong> de car\u00e1ter eliminat\u00f3rio e classificat\u00f3rio;<\/li>\n\n\n\n<li><strong>Prova de t\u00edtulos<\/strong>, de car\u00e1ter classificat\u00f3rio; e<\/li>\n\n\n\n<li><strong>Curso de forma\u00e7\u00e3o,<\/strong> de car\u00e1ter classificat\u00f3rio e eliminat\u00f3rio.<\/li>\n<\/ul>\n\n\n\n<h3 class=\"wp-block-heading\" id=\"objetiva\">Prova objetiva<\/h3>\n\n\n\n<p>A prova objetiva teve a dura\u00e7\u00e3o de 6 horas, foi aplicada junto \u00e0 prova discursiva no per\u00edodo da tarde e foi composta por quest\u00f5es de m\u00faltipla escolha, abrangendo conhecimentos comuns e espec\u00edficos, conforme a tabela:<\/p>\n\n\n\n<figure class=\"wp-block-image size-large\"><img loading=\"lazy\" decoding=\"async\" width=\"1024\" height=\"278\" src=\"https:\/\/dhg1h5j42swfq.cloudfront.net\/2024\/02\/08183523\/image-232-1024x278.png\" alt=\"Tabela de detalhes da prova objetiva ao cargo de Analista de Planejamento e Inova\u00e7\u00e3o\" class=\"wp-image-1350130\" srcset=\"https:\/\/dhg1h5j42swfq.cloudfront.net\/2024\/02\/08183523\/image-232-1024x278.png 1024w, https:\/\/dhg1h5j42swfq.cloudfront.net\/2024\/02\/08183523\/image-232-300x81.png 300w, https:\/\/dhg1h5j42swfq.cloudfront.net\/2024\/02\/08183523\/image-232-768x209.png 768w, https:\/\/dhg1h5j42swfq.cloudfront.net\/2024\/02\/08183523\/image-232-610x166.png 610w, https:\/\/dhg1h5j42swfq.cloudfront.net\/2024\/02\/08183523\/image-232-150x41.png 150w, https:\/\/dhg1h5j42swfq.cloudfront.net\/2024\/02\/08183523\/image-232.png 1145w\" sizes=\"auto, (max-width: 1024px) 100vw, 1024px\" \/><\/figure>\n\n\n\n<h3 class=\"wp-block-heading\" id=\"dissertativa\">Prova dissertativa<\/h3>\n\n\n\n<p>A prova dissertativa consistiu em <strong>quatro quest\u00f5es<\/strong>, sendo duas no formato de estudo de caso, a respeito do conte\u00fado program\u00e1tico de conhecimentos espec\u00edficos. Foi aplicada junto \u00e0 prova objetiva em per\u00edodo de tarde.<\/p>\n\n\n\n<p>O exame valeu 100 pontos, com valor de <strong>25 pontos para cada quest\u00e3o<\/strong>. Foram considerados aprovados apenas os candidatos que obtiveram o percentual m\u00ednimo de 60% da nota total.<\/p>\n\n\n\n<h3 class=\"wp-block-heading\" id=\"titulos\">Prova de t\u00edtulos<\/h3>\n\n\n\n<p>Somente de car\u00e1ter classificat\u00f3rio, a prova de t\u00edtulos seguiu os crit\u00e9rios, pontua\u00e7\u00f5es e detalhes da seguinte tabela:<\/p>\n\n\n\n<figure class=\"wp-block-image aligncenter size-full is-resized\"><img loading=\"lazy\" decoding=\"async\" width=\"601\" height=\"788\" src=\"https:\/\/dhg1h5j42swfq.cloudfront.net\/2024\/02\/08184108\/image-233.png\" alt=\"Tabela de atribui\u00e7\u00e3o de pontos na Avalia\u00e7\u00e3o de T\u00edtulos\" class=\"wp-image-1350131\" style=\"width:619px;height:auto\" srcset=\"https:\/\/dhg1h5j42swfq.cloudfront.net\/2024\/02\/08184108\/image-233.png 601w, https:\/\/dhg1h5j42swfq.cloudfront.net\/2024\/02\/08184108\/image-233-229x300.png 229w, https:\/\/dhg1h5j42swfq.cloudfront.net\/2024\/02\/08184108\/image-233-150x197.png 150w\" sizes=\"auto, (max-width: 601px) 100vw, 601px\" \/><\/figure>\n\n\n\n<h3 class=\"wp-block-heading\" id=\"curso\">Curso de Forma\u00e7\u00e3o<\/h3>\n\n\n\n<p>De car\u00e1ter classificat\u00f3rio e eliminat\u00f3rio, o curso de forma\u00e7\u00e3o ter\u00e1 a carga hor\u00e1ria de 40 horas-aulas e valer\u00e1 100 pontos. Dever\u00e1 ocorrer se segunda a sexta-feira, em turnos matutino e vespertino.<\/p>\n\n\n\n<p>Seu conte\u00fado dever\u00e1 abordar os conhecimentos da disciplina de Atualidades, presentes no edital. Levar\u00e1 em considera\u00e7\u00e3o as seguintes compet\u00eancias: lideran\u00e7a, inova\u00e7\u00e3o, empatia, trabalho em equipe, comunica\u00e7\u00e3o, senso cr\u00edtico, tomada de decis\u00e3o, flu\u00eancia em dados, colabora\u00e7\u00e3o entre setores\/institui\u00e7\u00f5es\/\u00f3rg\u00e3os, eventuais compet\u00eancias e aspectos t\u00e9cnicos.<\/p>\n\n\n\n<p>O curso ser\u00e1 formado, no m\u00e1ximo, de 60 alunos, avaliados por quatro comiss\u00f5es compostas, cada uma, por tr\u00eas profissionais indicados pelo IDECAN.<\/p>\n\n\n\n<h2 class=\"wp-block-heading\" id=\"iplanfor\">O que \u00e9 o Iplanfor?<\/h2>\n\n\n\n<p>O Instituto de Pesquisa e Planejamento de Fortaleza (Ipplan) \u00e9 uma autarquia municipal com o prop\u00f3sito de atuar na:<\/p>\n\n\n\n<p><strong>Gera\u00e7\u00e3o do Conhecimento<\/strong>: realiza\u00e7\u00e3o e difus\u00e3o de estudos e pesquisas sobre Fortaleza e Regi\u00e3o Metropolitana, promover estudos e pesquisas, compor diagn\u00f3sticos, sistematizar e divulgar informa\u00e7\u00f5es sociais, econ\u00f4micas, estat\u00edsticas, geogr\u00e1ficas, cartogr\u00e1ficas, infraestruturais para apoiar o planejamento integrado do munic\u00edpio, onde se inclui a integra\u00e7\u00e3o com os munic\u00edpios da Regi\u00e3o Metropolitana de Fortaleza.<br \/><br \/><strong>Monitoramento e Avalia\u00e7\u00e3o de Pol\u00edticas P\u00fablicas<\/strong>: monitorar a execu\u00e7\u00e3o e avaliar resultados dos planos, programas, servi\u00e7os prestados \u00e0 comunidade e projetos realizados pelo executivo municipal, bem como das pol\u00edticas p\u00fablicas estabelecidas, contribuindo para a melhoria da qualidade de vida urbana, da presta\u00e7\u00e3o de servi\u00e7o p\u00fablico, visando a efetividade das a\u00e7\u00f5es do Munic\u00edpio de Fortaleza.<br \/><br \/><strong>Articula\u00e7\u00e3o do Planejamento Estrat\u00e9gico e Participativo<\/strong>: promover a integra\u00e7\u00e3o de diversos planos setoriais, programas e projetos estrat\u00e9gicos propostos pelos diversos \u00f3rg\u00e3os e entidades do executivo municipal e devido alinhamento aos objetivos estrat\u00e9gicos e pol\u00edticas p\u00fablicas de desenvolvimento social, econ\u00f4mico, cultural e ambiental para a cidade de Fortaleza.<br \/><br \/><strong>Fomento de Iniciativas Inovadoras:<\/strong> fomentar iniciativas inovadoras que exijam o envolvimento de m\u00faltiplos setores em seu trato e que promovam a melhoria da governan\u00e7a municipal e amplia\u00e7\u00e3o da efetividade das pol\u00edticas p\u00fablicas.<\/p>\n\n\n\n<hr class=\"wp-block-separator has-alpha-channel-opacity\"\/>\n\n\n\n<p class=\"has-text-align-center has-x-large-font-size\" id=\"cursos\"><em>Quer estudar para o concurso Iplanfor?<\/em><\/p>\n\n\n\n<div class=\"container\" id=\"boxes\">\n  <div class=\"row\">\n\n    <div class=\"col-sm\">\n      <div class=\"banner-estrategia\" id=\"box-assinatura\">\n        <h3 class=\"titulo-assinatura\">Cursos para Iplanfor<\/h3>\n        <p class=\"subtitulo-assinatura\">Conhe\u00e7a os cursos<\/p>\n        <div class=\"box-botao\">\n          <a class=\"btn-assinatura\" target=\"_blank\" href=\"https:\/\/www.estrategiaconcursos.com.br\/cursosPorConcurso\/instituto-de-planejamento-de-fortaleza-iplanfor\/\" role=\"button\" rel=\"noopener noreferrer\">Conhe\u00e7a mais<\/a>\n        <\/div>\n      <\/div>\n     \n    <\/div>\n\n  <\/div>\n<\/div>\n\n\n\n<div class=\"container\" id=\"boxes\">\r\n  <div class=\"row\">\r\n\r\n    <div class=\"col-sm\">\r\n      <div class=\"estrategia\" id=\"box-assinatura\">\r\n        <h3 class=\"titulo-assinatura\">Assinatura Concursos<\/h3>\r\n        <p class=\"subtitulo-assinatura\">Assinatura de 1 ano ou 2 anos<\/p>\r\n        <div class=\"box-botao\">\r\n          <a class=\"btn-assinatura\" target=\"_blank\" href=\"https:\/\/www.estrategiaconcursos.com.br\/assinaturas\/\" role=\"button\" rel=\"noopener noreferrer\">ASSINE AGORA<\/a>\r\n        <\/div>\r\n      <\/div><\/div><\/div><\/div>\n\n\n\n<p class=\"has-text-align-center has-x-large-font-size\" id=\"h-quer-saber-tudo-sobre-concursos-previstos-confira-os-nossos-artigos\">Quer saber tudo sobre concursos previstos?<br \/>Confira os nossos artigos!<\/p>\n\n\n\n<ul class=\"wp-block-list\">\n<li><a href=\"https:\/\/www.estrategiaconcursos.com.br\/blog\/concursos-abertos\/\" target=\"_blank\" rel=\"noreferrer noopener\">Concursos Abertos<\/a><\/li>\n\n\n\n<li><a href=\"https:\/\/www.estrategiaconcursos.com.br\/blog\/concurso-administrativos\/\" target=\"_blank\" rel=\"noreferrer noopener\">Concursos Administrativos<\/a><\/li>\n\n\n\n<li><a href=\"https:\/\/www.estrategiaconcursos.com.br\/blog\/concursos-2026\/\" target=\"_blank\" rel=\"noreferrer noopener\">Concursos 2026<\/a><\/li>\n<\/ul>\n\n\n\n<figure class=\"wp-block-image size-large is-resized\"><img loading=\"lazy\" decoding=\"async\" width=\"1024\" height=\"632\" src=\"https:\/\/dhg1h5j42swfq.cloudfront.net\/2025\/06\/27101122\/ficha-tecnica-1-1024x632.png\" alt=\"Informa\u00e7\u00f5es do concurso IPLANFOR\" class=\"wp-image-702728\" style=\"width:282px;height:auto\" srcset=\"https:\/\/dhg1h5j42swfq.cloudfront.net\/2025\/06\/27101122\/ficha-tecnica-1-1024x632.png 1024w, https:\/\/dhg1h5j42swfq.cloudfront.net\/2025\/06\/27101122\/ficha-tecnica-1-300x185.png 300w, https:\/\/dhg1h5j42swfq.cloudfront.net\/2025\/06\/27101122\/ficha-tecnica-1-768x474.png 768w, https:\/\/dhg1h5j42swfq.cloudfront.net\/2025\/06\/27101122\/ficha-tecnica-1-1536x948.png 1536w, https:\/\/dhg1h5j42swfq.cloudfront.net\/2025\/06\/27101122\/ficha-tecnica-1-610x377.png 610w, https:\/\/dhg1h5j42swfq.cloudfront.net\/2025\/06\/27101122\/ficha-tecnica-1.png 1571w\" sizes=\"auto, (max-width: 1024px) 100vw, 1024px\" \/><\/figure>\n\n\n\n<h3 class=\"wp-block-heading\" id=\"ficha\">Informa\u00e7\u00f5es do concurso Iplanfor<\/h3>\n\n\n\n<ul class=\"wp-block-list\">\n<li><strong>Ano<\/strong>: 2024<\/li>\n\n\n\n<li><strong>Cargo<\/strong>: Analista de Planejamento e Inova\u00e7\u00e3o Urbana<\/li>\n\n\n\n<li><strong>Vagas:<\/strong> 60 + CR<\/li>\n\n\n\n<li><strong>Banca<\/strong>: IDECAN<\/li>\n\n\n\n<li><strong>Escolaridade<\/strong>: n\u00edvel superior<\/li>\n\n\n\n<li><strong>Edital:<\/strong> <a href=\"https:\/\/dhg1h5j42swfq.cloudfront.net\/2024\/02\/08185348\/edital-iplanfor-2024.pdf\" target=\"_blank\" rel=\"noreferrer noopener nofollow\">Iplanfor 2024<\/a> | <a href=\"https:\/\/dhg1h5j42swfq.cloudfront.net\/2024\/03\/20101153\/5mu2xcql7eh0agja97jvxx1hard9tp07obvrjd7syx8l0opf2841u5jlxqgw3i3n6hq6b5m97cnckntv5076.pdf\" target=\"_blank\" rel=\"noreferrer noopener nofollow\">Retifica\u00e7\u00e3o<\/a><\/li>\n<\/ul>\n","protected":false},"excerpt":{"rendered":"<p>Uma \u00f3tima not\u00edcia foi divulgada para os aprovados no edital do Concurso Iplanfor (Instituto de Pesquisa e Planejamento de Fortaleza)! Segundo o prefeito Evandro Leit\u00e3o, a inten\u00e7\u00e3o \u00e9 realizar 20 convoca\u00e7\u00f5es anualmente at\u00e9 o fim de sua gest\u00e3o, ou seja, realizar 60 nomea\u00e7\u00f5es nos pr\u00f3ximos tr\u00eas anos. Lembrando que o edital de 2024 foi o [&hellip;]<\/p>\n","protected":false},"author":1788,"featured_media":1257839,"comment_status":"open","ping_status":"closed","sticky":false,"template":"","format":"standard","meta":{"post_tipo":"news_page","footnotes":""},"categories":[214992],"tags":[],"tax_estado":[219969],"class_list":["post-1234479","post","type-post","status-publish","format-standard","has-post-thumbnail","hentry","category-concursos-administrativos","tax_estado-ce"],"acf":[],"yoast_head":"<!-- This site is optimized with the Yoast SEO Premium plugin v27.2 (Yoast SEO v27.2) - https:\/\/yoast.com\/product\/yoast-seo-premium-wordpress\/ -->\n<title>Concurso Iplanfor: 60 aprovados ser\u00e3o convocados!<\/title>\n<meta name=\"description\" content=\"Concurso Iplanfor: prefeito anuncia convoca\u00e7\u00f5es do \u00faltimo edital. Foram ofertadas 60 vagas + CR e iniciais de R$ 10,6 mil para Analista.\" \/>\n<meta name=\"robots\" content=\"index, follow, max-snippet:-1, max-image-preview:large, max-video-preview:-1\" \/>\n<link rel=\"canonical\" href=\"https:\/\/www.estrategiaconcursos.com.br\/blog\/concurso-iplanfor\/\" \/>\n<meta property=\"og:locale\" content=\"pt_BR\" \/>\n<meta property=\"og:type\" content=\"article\" \/>\n<meta property=\"og:title\" content=\"Concurso Iplanfor: 60 aprovados ser\u00e3o convocados!\" \/>\n<meta property=\"og:description\" content=\"Concurso Iplanfor: prefeito anuncia convoca\u00e7\u00f5es do \u00faltimo edital. Foram ofertadas 60 vagas + CR e iniciais de R$ 10,6 mil para Analista.\" \/>\n<meta property=\"og:url\" content=\"https:\/\/www.estrategiaconcursos.com.br\/blog\/concurso-iplanfor\/\" \/>\n<meta property=\"og:site_name\" content=\"Estrat\u00e9gia Concursos\" \/>\n<meta property=\"article:published_time\" content=\"2026-04-10T20:25:41+00:00\" \/>\n<meta property=\"article:modified_time\" content=\"2026-04-11T13:59:45+00:00\" \/>\n<meta property=\"og:image\" content=\"https:\/\/dhg1h5j42swfq.cloudfront.net\/2023\/07\/31130457\/iplanfor.jpg\" \/>\n\t<meta property=\"og:image:width\" content=\"768\" \/>\n\t<meta property=\"og:image:height\" content=\"432\" \/>\n\t<meta property=\"og:image:type\" content=\"image\/jpeg\" \/>\n<meta name=\"author\" content=\"Coordena\u00e7\u00e3o\" \/>\n<meta name=\"twitter:card\" content=\"summary_large_image\" \/>\n<meta name=\"twitter:creator\" content=\"@EstratConcursos\" \/>\n<meta name=\"twitter:site\" content=\"@EstratConcursos\" \/>\n<meta name=\"twitter:label1\" content=\"Escrito por\" \/>\n\t<meta name=\"twitter:data1\" content=\"Coordena\u00e7\u00e3o\" \/>\n\t<meta name=\"twitter:label2\" content=\"Est. tempo de leitura\" \/>\n\t<meta name=\"twitter:data2\" content=\"6 minutos\" \/>\n<script type=\"application\/ld+json\" class=\"yoast-schema-graph\">{\"@context\":\"https:\/\/schema.org\",\"@graph\":[{\"@type\":\"NewsArticle\",\"@id\":\"https:\/\/www.estrategiaconcursos.com.br\/blog\/concurso-iplanfor\/#article\",\"isPartOf\":{\"@id\":\"https:\/\/www.estrategiaconcursos.com.br\/blog\/concurso-iplanfor\/\"},\"author\":{\"name\":\"Coordena\u00e7\u00e3o\",\"@id\":\"https:\/\/www.estrategiaconcursos.com.br\/blog\/#\/schema\/person\/045703eed12dcfcc3fc58d658357c347\"},\"headline\":\"Concurso Iplanfor: 60 aprovados ser\u00e3o convocados!\",\"datePublished\":\"2026-04-10T20:25:41+00:00\",\"dateModified\":\"2026-04-11T13:59:45+00:00\",\"mainEntityOfPage\":{\"@id\":\"https:\/\/www.estrategiaconcursos.com.br\/blog\/concurso-iplanfor\/\"},\"wordCount\":1239,\"commentCount\":0,\"publisher\":{\"@id\":\"https:\/\/www.estrategiaconcursos.com.br\/blog\/#organization\"},\"image\":{\"@id\":\"https:\/\/www.estrategiaconcursos.com.br\/blog\/concurso-iplanfor\/#primaryimage\"},\"thumbnailUrl\":\"https:\/\/dhg1h5j42swfq.cloudfront.net\/2023\/07\/31130457\/iplanfor.jpg\",\"articleSection\":[\"Executivo (Administrativa)\"],\"inLanguage\":\"pt-BR\",\"potentialAction\":[{\"@type\":\"CommentAction\",\"name\":\"Comment\",\"target\":[\"https:\/\/www.estrategiaconcursos.com.br\/blog\/concurso-iplanfor\/#respond\"]}],\"copyrightYear\":\"2026\",\"copyrightHolder\":{\"@id\":\"https:\/\/www.estrategiaconcursos.com.br\/blog\/#organization\"}},{\"@type\":\"WebPage\",\"@id\":\"https:\/\/www.estrategiaconcursos.com.br\/blog\/concurso-iplanfor\/\",\"url\":\"https:\/\/www.estrategiaconcursos.com.br\/blog\/concurso-iplanfor\/\",\"name\":\"Concurso Iplanfor: 60 aprovados ser\u00e3o convocados!\",\"isPartOf\":{\"@id\":\"https:\/\/www.estrategiaconcursos.com.br\/blog\/#website\"},\"primaryImageOfPage\":{\"@id\":\"https:\/\/www.estrategiaconcursos.com.br\/blog\/concurso-iplanfor\/#primaryimage\"},\"image\":{\"@id\":\"https:\/\/www.estrategiaconcursos.com.br\/blog\/concurso-iplanfor\/#primaryimage\"},\"thumbnailUrl\":\"https:\/\/dhg1h5j42swfq.cloudfront.net\/2023\/07\/31130457\/iplanfor.jpg\",\"datePublished\":\"2026-04-10T20:25:41+00:00\",\"dateModified\":\"2026-04-11T13:59:45+00:00\",\"description\":\"Concurso Iplanfor: prefeito anuncia convoca\u00e7\u00f5es do \u00faltimo edital. Foram ofertadas 60 vagas + CR e iniciais de R$ 10,6 mil para Analista.\",\"breadcrumb\":{\"@id\":\"https:\/\/www.estrategiaconcursos.com.br\/blog\/concurso-iplanfor\/#breadcrumb\"},\"inLanguage\":\"pt-BR\",\"potentialAction\":[{\"@type\":\"ReadAction\",\"target\":[\"https:\/\/www.estrategiaconcursos.com.br\/blog\/concurso-iplanfor\/\"]}]},{\"@type\":\"ImageObject\",\"inLanguage\":\"pt-BR\",\"@id\":\"https:\/\/www.estrategiaconcursos.com.br\/blog\/concurso-iplanfor\/#primaryimage\",\"url\":\"https:\/\/dhg1h5j42swfq.cloudfront.net\/2023\/07\/31130457\/iplanfor.jpg\",\"contentUrl\":\"https:\/\/dhg1h5j42swfq.cloudfront.net\/2023\/07\/31130457\/iplanfor.jpg\",\"width\":768,\"height\":432,\"caption\":\"Edital do concurso IPLANFOR\"},{\"@type\":\"BreadcrumbList\",\"@id\":\"https:\/\/www.estrategiaconcursos.com.br\/blog\/concurso-iplanfor\/#breadcrumb\",\"itemListElement\":[{\"@type\":\"ListItem\",\"position\":1,\"name\":\"In\u00edcio\",\"item\":\"https:\/\/www.estrategiaconcursos.com.br\/blog\/\"},{\"@type\":\"ListItem\",\"position\":2,\"name\":\"Concurso Iplanfor: 60 aprovados ser\u00e3o convocados!\"}]},{\"@type\":\"WebSite\",\"@id\":\"https:\/\/www.estrategiaconcursos.com.br\/blog\/#website\",\"url\":\"https:\/\/www.estrategiaconcursos.com.br\/blog\/\",\"name\":\"Estrat\u00e9gia Concursos\",\"description\":\"O blog da Estrat\u00e9gia Concursos traz not\u00edcias sobre concursos e artigos de professores oferecendo cursos para concursos (pdf + videaulas) no site.\",\"publisher\":{\"@id\":\"https:\/\/www.estrategiaconcursos.com.br\/blog\/#organization\"},\"potentialAction\":[{\"@type\":\"SearchAction\",\"target\":{\"@type\":\"EntryPoint\",\"urlTemplate\":\"https:\/\/www.estrategiaconcursos.com.br\/blog\/?s={search_term_string}\"},\"query-input\":{\"@type\":\"PropertyValueSpecification\",\"valueRequired\":true,\"valueName\":\"search_term_string\"}}],\"inLanguage\":\"pt-BR\"},{\"@type\":\"Organization\",\"@id\":\"https:\/\/www.estrategiaconcursos.com.br\/blog\/#organization\",\"name\":\"Estrat\u00e9gia Concursos\",\"url\":\"https:\/\/www.estrategiaconcursos.com.br\/blog\/\",\"logo\":{\"@type\":\"ImageObject\",\"inLanguage\":\"pt-BR\",\"@id\":\"https:\/\/www.estrategiaconcursos.com.br\/blog\/#\/schema\/logo\/image\/\",\"url\":\"https:\/\/dhg1h5j42swfq.cloudfront.net\/2025\/06\/03203428\/logo_concursos-1.jpg\",\"contentUrl\":\"https:\/\/dhg1h5j42swfq.cloudfront.net\/2025\/06\/03203428\/logo_concursos-1.jpg\",\"width\":230,\"height\":60,\"caption\":\"Estrat\u00e9gia Concursos\"},\"image\":{\"@id\":\"https:\/\/www.estrategiaconcursos.com.br\/blog\/#\/schema\/logo\/image\/\"},\"sameAs\":[\"https:\/\/x.com\/EstratConcursos\"]},{\"@type\":\"Person\",\"@id\":\"https:\/\/www.estrategiaconcursos.com.br\/blog\/#\/schema\/person\/045703eed12dcfcc3fc58d658357c347\",\"name\":\"Coordena\u00e7\u00e3o\",\"image\":{\"@type\":\"ImageObject\",\"inLanguage\":\"pt-BR\",\"@id\":\"https:\/\/secure.gravatar.com\/avatar\/f3095faeb99f4ee382a251aa279c830bd3f320ce3b5f2b4981bcc67f49efef63?s=96&d=mm&r=g\",\"url\":\"https:\/\/secure.gravatar.com\/avatar\/f3095faeb99f4ee382a251aa279c830bd3f320ce3b5f2b4981bcc67f49efef63?s=96&d=mm&r=g\",\"contentUrl\":\"https:\/\/secure.gravatar.com\/avatar\/f3095faeb99f4ee382a251aa279c830bd3f320ce3b5f2b4981bcc67f49efef63?s=96&d=mm&r=g\",\"caption\":\"Coordena\u00e7\u00e3o\"},\"url\":\"https:\/\/www.estrategiaconcursos.com.br\/blog\/author\/contatoestrategiaconcursos-com-br-2\/\"}]}<\/script>\n<!-- \/ Yoast SEO Premium plugin. -->","yoast_head_json":{"title":"Concurso Iplanfor: 60 aprovados ser\u00e3o convocados!","description":"Concurso Iplanfor: prefeito anuncia convoca\u00e7\u00f5es do \u00faltimo edital. Foram ofertadas 60 vagas + CR e iniciais de R$ 10,6 mil para Analista.","robots":{"index":"index","follow":"follow","max-snippet":"max-snippet:-1","max-image-preview":"max-image-preview:large","max-video-preview":"max-video-preview:-1"},"canonical":"https:\/\/www.estrategiaconcursos.com.br\/blog\/concurso-iplanfor\/","og_locale":"pt_BR","og_type":"article","og_title":"Concurso Iplanfor: 60 aprovados ser\u00e3o convocados!","og_description":"Concurso Iplanfor: prefeito anuncia convoca\u00e7\u00f5es do \u00faltimo edital. Foram ofertadas 60 vagas + CR e iniciais de R$ 10,6 mil para Analista.","og_url":"https:\/\/www.estrategiaconcursos.com.br\/blog\/concurso-iplanfor\/","og_site_name":"Estrat\u00e9gia Concursos","article_published_time":"2026-04-10T20:25:41+00:00","article_modified_time":"2026-04-11T13:59:45+00:00","og_image":[{"width":768,"height":432,"url":"https:\/\/dhg1h5j42swfq.cloudfront.net\/2023\/07\/31130457\/iplanfor.jpg","type":"image\/jpeg"}],"author":"Coordena\u00e7\u00e3o","twitter_card":"summary_large_image","twitter_creator":"@EstratConcursos","twitter_site":"@EstratConcursos","twitter_misc":{"Escrito por":"Coordena\u00e7\u00e3o","Est. tempo de leitura":"6 minutos"},"schema":{"@context":"https:\/\/schema.org","@graph":[{"@type":"NewsArticle","@id":"https:\/\/www.estrategiaconcursos.com.br\/blog\/concurso-iplanfor\/#article","isPartOf":{"@id":"https:\/\/www.estrategiaconcursos.com.br\/blog\/concurso-iplanfor\/"},"author":{"name":"Coordena\u00e7\u00e3o","@id":"https:\/\/www.estrategiaconcursos.com.br\/blog\/#\/schema\/person\/045703eed12dcfcc3fc58d658357c347"},"headline":"Concurso Iplanfor: 60 aprovados ser\u00e3o convocados!","datePublished":"2026-04-10T20:25:41+00:00","dateModified":"2026-04-11T13:59:45+00:00","mainEntityOfPage":{"@id":"https:\/\/www.estrategiaconcursos.com.br\/blog\/concurso-iplanfor\/"},"wordCount":1239,"commentCount":0,"publisher":{"@id":"https:\/\/www.estrategiaconcursos.com.br\/blog\/#organization"},"image":{"@id":"https:\/\/www.estrategiaconcursos.com.br\/blog\/concurso-iplanfor\/#primaryimage"},"thumbnailUrl":"https:\/\/dhg1h5j42swfq.cloudfront.net\/2023\/07\/31130457\/iplanfor.jpg","articleSection":["Executivo (Administrativa)"],"inLanguage":"pt-BR","potentialAction":[{"@type":"CommentAction","name":"Comment","target":["https:\/\/www.estrategiaconcursos.com.br\/blog\/concurso-iplanfor\/#respond"]}],"copyrightYear":"2026","copyrightHolder":{"@id":"https:\/\/www.estrategiaconcursos.com.br\/blog\/#organization"}},{"@type":"WebPage","@id":"https:\/\/www.estrategiaconcursos.com.br\/blog\/concurso-iplanfor\/","url":"https:\/\/www.estrategiaconcursos.com.br\/blog\/concurso-iplanfor\/","name":"Concurso Iplanfor: 60 aprovados ser\u00e3o convocados!","isPartOf":{"@id":"https:\/\/www.estrategiaconcursos.com.br\/blog\/#website"},"primaryImageOfPage":{"@id":"https:\/\/www.estrategiaconcursos.com.br\/blog\/concurso-iplanfor\/#primaryimage"},"image":{"@id":"https:\/\/www.estrategiaconcursos.com.br\/blog\/concurso-iplanfor\/#primaryimage"},"thumbnailUrl":"https:\/\/dhg1h5j42swfq.cloudfront.net\/2023\/07\/31130457\/iplanfor.jpg","datePublished":"2026-04-10T20:25:41+00:00","dateModified":"2026-04-11T13:59:45+00:00","description":"Concurso Iplanfor: prefeito anuncia convoca\u00e7\u00f5es do \u00faltimo edital. Foram ofertadas 60 vagas + CR e iniciais de R$ 10,6 mil para Analista.","breadcrumb":{"@id":"https:\/\/www.estrategiaconcursos.com.br\/blog\/concurso-iplanfor\/#breadcrumb"},"inLanguage":"pt-BR","potentialAction":[{"@type":"ReadAction","target":["https:\/\/www.estrategiaconcursos.com.br\/blog\/concurso-iplanfor\/"]}]},{"@type":"ImageObject","inLanguage":"pt-BR","@id":"https:\/\/www.estrategiaconcursos.com.br\/blog\/concurso-iplanfor\/#primaryimage","url":"https:\/\/dhg1h5j42swfq.cloudfront.net\/2023\/07\/31130457\/iplanfor.jpg","contentUrl":"https:\/\/dhg1h5j42swfq.cloudfront.net\/2023\/07\/31130457\/iplanfor.jpg","width":768,"height":432,"caption":"Edital do concurso IPLANFOR"},{"@type":"BreadcrumbList","@id":"https:\/\/www.estrategiaconcursos.com.br\/blog\/concurso-iplanfor\/#breadcrumb","itemListElement":[{"@type":"ListItem","position":1,"name":"In\u00edcio","item":"https:\/\/www.estrategiaconcursos.com.br\/blog\/"},{"@type":"ListItem","position":2,"name":"Concurso Iplanfor: 60 aprovados ser\u00e3o convocados!"}]},{"@type":"WebSite","@id":"https:\/\/www.estrategiaconcursos.com.br\/blog\/#website","url":"https:\/\/www.estrategiaconcursos.com.br\/blog\/","name":"Estrat\u00e9gia Concursos","description":"O blog da Estrat\u00e9gia Concursos traz not\u00edcias sobre concursos e artigos de professores oferecendo cursos para concursos (pdf + videaulas) no site.","publisher":{"@id":"https:\/\/www.estrategiaconcursos.com.br\/blog\/#organization"},"potentialAction":[{"@type":"SearchAction","target":{"@type":"EntryPoint","urlTemplate":"https:\/\/www.estrategiaconcursos.com.br\/blog\/?s={search_term_string}"},"query-input":{"@type":"PropertyValueSpecification","valueRequired":true,"valueName":"search_term_string"}}],"inLanguage":"pt-BR"},{"@type":"Organization","@id":"https:\/\/www.estrategiaconcursos.com.br\/blog\/#organization","name":"Estrat\u00e9gia Concursos","url":"https:\/\/www.estrategiaconcursos.com.br\/blog\/","logo":{"@type":"ImageObject","inLanguage":"pt-BR","@id":"https:\/\/www.estrategiaconcursos.com.br\/blog\/#\/schema\/logo\/image\/","url":"https:\/\/dhg1h5j42swfq.cloudfront.net\/2025\/06\/03203428\/logo_concursos-1.jpg","contentUrl":"https:\/\/dhg1h5j42swfq.cloudfront.net\/2025\/06\/03203428\/logo_concursos-1.jpg","width":230,"height":60,"caption":"Estrat\u00e9gia Concursos"},"image":{"@id":"https:\/\/www.estrategiaconcursos.com.br\/blog\/#\/schema\/logo\/image\/"},"sameAs":["https:\/\/x.com\/EstratConcursos"]},{"@type":"Person","@id":"https:\/\/www.estrategiaconcursos.com.br\/blog\/#\/schema\/person\/045703eed12dcfcc3fc58d658357c347","name":"Coordena\u00e7\u00e3o","image":{"@type":"ImageObject","inLanguage":"pt-BR","@id":"https:\/\/secure.gravatar.com\/avatar\/f3095faeb99f4ee382a251aa279c830bd3f320ce3b5f2b4981bcc67f49efef63?s=96&d=mm&r=g","url":"https:\/\/secure.gravatar.com\/avatar\/f3095faeb99f4ee382a251aa279c830bd3f320ce3b5f2b4981bcc67f49efef63?s=96&d=mm&r=g","contentUrl":"https:\/\/secure.gravatar.com\/avatar\/f3095faeb99f4ee382a251aa279c830bd3f320ce3b5f2b4981bcc67f49efef63?s=96&d=mm&r=g","caption":"Coordena\u00e7\u00e3o"},"url":"https:\/\/www.estrategiaconcursos.com.br\/blog\/author\/contatoestrategiaconcursos-com-br-2\/"}]}},"_links":{"self":[{"href":"https:\/\/www.estrategiaconcursos.com.br\/blog\/wp-json\/wp\/v2\/posts\/1234479","targetHints":{"allow":["GET"]}}],"collection":[{"href":"https:\/\/www.estrategiaconcursos.com.br\/blog\/wp-json\/wp\/v2\/posts"}],"about":[{"href":"https:\/\/www.estrategiaconcursos.com.br\/blog\/wp-json\/wp\/v2\/types\/post"}],"author":[{"embeddable":true,"href":"https:\/\/www.estrategiaconcursos.com.br\/blog\/wp-json\/wp\/v2\/users\/1788"}],"replies":[{"embeddable":true,"href":"https:\/\/www.estrategiaconcursos.com.br\/blog\/wp-json\/wp\/v2\/comments?post=1234479"}],"version-history":[{"count":84,"href":"https:\/\/www.estrategiaconcursos.com.br\/blog\/wp-json\/wp\/v2\/posts\/1234479\/revisions"}],"predecessor-version":[{"id":1752152,"href":"https:\/\/www.estrategiaconcursos.com.br\/blog\/wp-json\/wp\/v2\/posts\/1234479\/revisions\/1752152"}],"wp:featuredmedia":[{"embeddable":true,"href":"https:\/\/www.estrategiaconcursos.com.br\/blog\/wp-json\/wp\/v2\/media\/1257839"}],"wp:attachment":[{"href":"https:\/\/www.estrategiaconcursos.com.br\/blog\/wp-json\/wp\/v2\/media?parent=1234479"}],"wp:term":[{"taxonomy":"category","embeddable":true,"href":"https:\/\/www.estrategiaconcursos.com.br\/blog\/wp-json\/wp\/v2\/categories?post=1234479"},{"taxonomy":"post_tag","embeddable":true,"href":"https:\/\/www.estrategiaconcursos.com.br\/blog\/wp-json\/wp\/v2\/tags?post=1234479"},{"taxonomy":"tax_estado","embeddable":true,"href":"https:\/\/www.estrategiaconcursos.com.br\/blog\/wp-json\/wp\/v2\/tax_estado?post=1234479"}],"curies":[{"name":"wp","href":"https:\/\/api.w.org\/{rel}","templated":true}]}}