{"id":123420,"date":"2018-06-04T17:30:43","date_gmt":"2018-06-04T20:30:43","guid":{"rendered":"https:\/\/www.estrategiaconcursos.com.br\/blog\/?p=123420"},"modified":"2020-07-20T12:49:35","modified_gmt":"2020-07-20T15:49:35","slug":"edital-cldf-2018","status":"publish","type":"post","link":"https:\/\/www.estrategiaconcursos.com.br\/blog\/edital-cldf-2018\/","title":{"rendered":"Concurso CLDF 2018: FCC publica editais para N\u00edvel M\u00e9dio e Superior com 86 vagas"},"content":{"rendered":"<p>A Funda\u00e7\u00e3o Carlos Chagas, banca organizadora do concurso da <em><strong>da C\u00e2mara Legislativa do Distrito Federal, <\/strong><\/em>publicou os editais do <em><strong>concurso CLDF 2018<\/strong><\/em>&nbsp;com a oferta de vagas para os cargos de <em><strong>T\u00e9cnico Legislativo, Consultor Legislativo, Consultor T\u00e9cnico-Legislativo e Procurador Legislativo<\/strong><\/em><em>.<\/em><\/p>\n<p>S\u00e3o ofertadas 86 vagas distribu\u00eddas para os cargos descritos acima. Esses exigem forma\u00e7\u00e3o em N\u00edvel M\u00e9dio e Superior e as remunera\u00e7\u00f5es iniciais variam entre R$ 10 mil e R$ 15 mil, fora os benef\u00edcios que o servidor recebe.<\/p>\n<p><em><strong>Confira todos os detalhes sobre os editais publicados pela C\u00e2mara Legislativa do DF aqui e saiba em qual cargo investir em aprova\u00e7\u00e3o<\/strong><\/em>.<\/p>\n<h2>Datas do concurso CLDF<\/h2>\n<p>Ap\u00f3s a publica\u00e7\u00e3o do edital, <em><strong>as inscri\u00e7\u00f5es para o <a href=\"https:\/\/www.estrategiaconcursos.com.br\/cursosPorConcurso\/cldf-camara-legislativa-do-distrito-federal-398\/\" target=\"_blank\" rel=\"noopener noreferrer\">concurso CLDF<\/a> ficam abertas entre os dias 25 de junho e 27 de julho<\/strong><\/em> (data prorrogada), no site da banca organizadora &#8211; Funda\u00e7\u00e3o Carlos Chagas, FCC.<\/p>\n<p>As provas do cargo de <em><strong>Consultor Legislativo<\/strong><strong>&nbsp;e<\/strong>&nbsp;<\/em><strong>Agente de Pol\u00edcia Legislativa<\/strong> est\u00e3o previstas para acontecer no dia <strong>16 de setembro<\/strong>, no per\u00edodo da <strong>tarde<\/strong>&nbsp;e<strong> T\u00e9cnico Legislativo &#8211; Diversas \u00e1reas, <\/strong>no per\u00edodo da<strong> manh\u00e3.<\/strong><\/p>\n<p>J\u00e1 as do cargo de <em><strong>Consultor T\u00e9cnico-Legislativo<\/strong><\/em>&nbsp;e de <em><strong>Inspetor de Pol\u00edcia Legislativa<\/strong><\/em> t\u00eam previs\u00e3o marcada para o dia <em><strong>23 de setembro<\/strong><\/em>.<\/p>\n<p>E, para o cargo de <a href=\"https:\/\/www.estrategiaconcursos.com.br\/blog\/edital-cldf-procurador-2\/\" target=\"_blank\" rel=\"noopener noreferrer\"><em><strong>Procurador Legislativo<\/strong><\/em><\/a>, as provas devem acontecer no dia <em><strong>15 de setembro<\/strong><\/em>, um s\u00e1bado.<\/p>\n<p><em>As provas ser\u00e3o aplicadas em Bras\u00edlia-DF.<\/em><\/p>\n<p><strong>Inscri\u00e7\u00f5es abertas:<\/strong> <em>25\/06 a 27\/07 (todos os cargos)<\/em><\/p>\n<p><strong>Provas:<br \/>\n<\/strong><em>16\/09 (Consultor Legislativo) tarde<\/em><br \/>\n<em>16\/09 (Agente de Pol\u00edcia) manh\u00e3<br \/>\n<strong>16\/09 e 23\/09 (T\u00e9cnico Legislativo) manh\u00e3 &#8211; a depender do cargo<\/strong><br \/>\n23\/09 (Consultor T\u00e9cnico-Legislativo) tarde<br \/>\n<\/em><em>23\/09 (Inspetor de Pol\u00edcia Legislativa) tarde<br \/>\n<\/em><em>15\/09 (Procurador Legislativo) tarde<\/em><\/p>\n<p><strong>Taxas de inscri\u00e7\u00e3o:<br \/>\n<\/strong><em>N\u00edvel M\u00e9dio: R$ 54,00 (cinquenta e quatro reais) <\/em><br \/>\n<em>N\u00edvel Superior: R$ 78,00 (setenta e oito reais)<\/em><\/p>\n<h2>Remunera\u00e7\u00e3o<\/h2>\n<p><strong>N\u00edvel Superior:<\/strong> <em>R$ 15.879,40<\/em><br \/>\n<strong>N\u00edvel M\u00e9dio:<\/strong> <em>R$ 10.650,18<\/em><\/p>\n<h2>Vagas, Cargos e Requisitos<\/h2>\n<h3><strong>T\u00e9cnio Legislativo<\/strong><\/h3>\n<p>Para se candidatar ao cargo de T\u00e9cnico Legislativo \u00e9 preciso ter forma\u00e7\u00e3o em <em>N\u00edvel M\u00e9dio<\/em>. A remunera\u00e7\u00e3o inicial do cargo&nbsp;\u00e9 de R$ 10.650,18 em regime de trabalho de 30 horas semanais.<\/p>\n<p>As especialidades oferecidas pelo edital de abertura do concurso p\u00fablico s\u00e3o:<\/p>\n<p><em>T\u00e9cnico Legislativo<\/em><br \/>\n<em>T\u00e9cnico de Arquivo e Biblioteca<\/em><br \/>\n<em>Secret\u00e1rio<\/em><br \/>\n<em>Fot\u00f3grafo<\/em><br \/>\n<em>T\u00e9cnico de Enfermagem<\/em><br \/>\n<em>Manuten\u00e7\u00e3o de Equip. Audivisuais<\/em><\/p>\n<p>Para concorrer a este cargo deve-se pagar uma taxa de&nbsp;R$ 54,00.<\/p>\n<h3><strong>Consultor Legislativo<\/strong><\/h3>\n<p>Para se candidatar ao cargo de Consultor Legislativo \u00e9 preciso ter forma\u00e7\u00e3o em N\u00edvel Superior Completo.&nbsp;O valor da Inscri\u00e7\u00e3o foi fixado em R$ 78,00 e a remunera\u00e7\u00e3o inicial do cargo&nbsp;\u00e9 de R$ 15.123,30 em regime de trabalho de 30 horas semanais.<\/p>\n<p>O cargo oferta vagas nas \u00e1reas relacionadas logo abaixo.<\/p>\n<p><em>Constitui\u00e7\u00e3o e Justi\u00e7a &#8211; 5 vagas<\/em><br \/>\n<em>Desenvolvimento Urbano &#8211; 2 vagas<\/em><br \/>\n<em>Direitos Humanos, Minorias, Cidadania e Sociedade &#8211; 1 vaga<\/em><br \/>\n<em>Educa\u00e7\u00e3o, Cultura e Desporto &#8211; 1 vaga<\/em><br \/>\n<em>Finan\u00e7as P\u00fablicas &#8211; 1 vaga<\/em><br \/>\n<em>Meio Ambiente &#8211; 1 vaga<\/em><br \/>\n<em>Regula\u00e7\u00e3o Econ\u00f4mica &#8211; 2 vagas<\/em><br \/>\n<em>Sa\u00fade &#8211; 2 vagas<\/em><br \/>\n<em>Tributa\u00e7\u00e3o &#8211; 1 vaga<\/em><br \/>\n<em>Reda\u00e7\u00e3o Parlamentar &#8211; 1 vaga<\/em><\/p>\n<h3><strong>Consultor T\u00e9cnico-Legislativo<\/strong><\/h3>\n<p>Para se candidatar ao cargo de Consultor T\u00e9cnico-Legislativo \u00e9 preciso ter forma\u00e7\u00e3o em <span style=\"text-decoration: underline;\">N\u00edvel Superior Completo<\/span>. A remunera\u00e7\u00e3o inicial do cargo \u00e9 de&nbsp;R$ 15.123,30 em regime de Trabalho de 30 horas semanais.<\/p>\n<p>O cargo oferta vagas para as seguintes \u00e1reas:<\/p>\n<p><em>Administrador &#8211; 4 vagas<\/em><br \/>\n<em>Arquiteto &#8211; 1 vaga<\/em><br \/>\n<em>Arquivista &#8211; 1 vaga<\/em><br \/>\n<em>Assistente Social &#8211; 1 vaga<\/em><br \/>\n<em>Bibliotec\u00e1rio &#8211; 1 vaga<\/em><br \/>\n<em>Contador &#8211; 4 vagas<\/em><br \/>\n<em>Economista &#8211; 1 vaga<\/em><br \/>\n<em>Enfermeiro &#8211; 2 vagas<\/em><br \/>\n<em>Engenheiro Civil &#8211; 1 vaga<\/em><br \/>\n<em>Engenheiro Mec\u00e2nico &#8211; 1 vaga<\/em><br \/>\n<em>M\u00e9dico &#8211; 2 vagas<\/em><br \/>\n<em>M\u00e9dico do Trabalho &#8211; 1 vaga<\/em><br \/>\n<em>Odontologista &#8211; 1 vaga<\/em><br \/>\n<em>Pedagogo &#8211; 1 vaga<\/em><br \/>\n<em>Psic\u00f3logo &#8211; 2 vagas<\/em><br \/>\n<em>Revisor de Texto &#8211; 1 vaga<\/em><br \/>\n<em>Jornalista &#8211; 1 vaga<\/em><br \/>\n<em>Rela\u00e7\u00f5es P\u00fablicas &#8211; 2 vagas<\/em><br \/>\n<em>Publicit\u00e1rio &#8211; 1 vaga<\/em><br \/>\n<em>Produtor de Multim\u00eddia &#8211; 1 vaga<\/em><br \/>\n<em>Analista de Sistemas &#8211; 6 vagas<\/em><br \/>\n<em>Taqu\u00edgrafo &#8211; 1 vaga<br \/>\nInspetor de Pol\u00edcia Legislativa &#8211; 1 vaga<\/em><\/p>\n<p>O valor da taxa de inscri\u00e7\u00e3o para concorrer a este cargo est\u00e1 fixado no valor de&nbsp;R$ 78,00.<\/p>\n<h3>Procurador Legislativo<\/h3>\n<p>Para se candidatar ao cargo de Procurador \u00e9 preciso ter forma\u00e7\u00e3o em <span style=\"text-decoration: underline;\">N\u00edvel Superior<\/span> na \u00e1rea espec\u00edfica em <span style=\"text-decoration: underline;\">Direito<\/span>. A remunera\u00e7\u00e3o do cargo inicial corresponde a R$ 15.123,30, para trabalhar 30 horas semanais.<\/p>\n<p>Para este cargo, est\u00e1 sendo oferecido apenas 01 (uma) vaga. E para se inscrever, \u00e9 preciso pagar taxa de R$ 78,00.<\/p>\n<h3><strong>T\u00e9cnico Legislativo<\/strong><\/h3>\n<p>J\u00e1 para o cargo de T\u00e9cnico Legislativo, \u00e9 preciso ter apenas o<span style=\"text-decoration: underline;\"> Ensino M\u00e9dio Completo<\/span>. O valor da taxa de inscri\u00e7\u00e3o \u00e9 de&nbsp;<strong>R$ 63,00<\/strong> e a Remunera\u00e7\u00e3o Inicial chega a R$ 10.143,07 com&nbsp;Regime de Trabalho de 30 horas semanais.<\/p>\n<p>S\u00e3o ofertadas 3 vagas para o cargo de T\u00e9cnico Legislativo da \u00e1rea de Agente de Pol\u00edcia Legislativa.<\/p>\n<h2>Etapas do concurso CLDF 2018<\/h2>\n<p>O <a href=\"https:\/\/www.estrategiaconcursos.com.br\/\" target=\"_blank\" rel=\"noopener noreferrer\">concurso<\/a> da C\u00e2mara Legislativa do DF ter\u00e1 as seguintes etapas para todos os cargos de Consultor Legislativo e Consultor T\u00e9cnico-Legislativo, exceto na categoria Taqu\u00edgrafo Especialista (que tamb\u00e9m ter\u00e1 prova Pr\u00e1tica), para o cargo de Procurador Legislativo (que ter\u00e1 Prova Oral):<\/p>\n<p><strong>Etapa I<\/strong> &#8211; <em>Prova Objetiva, de car\u00e1ter eliminat\u00f3rio e classificat\u00f3rio;<\/em><br \/>\n<strong>Etapa II<\/strong> &#8211; <em>Prova Discursiva, de car\u00e1ter eliminat\u00f3rio e classificat\u00f3rio;<\/em><br \/>\n<strong>Etapa III<\/strong> &#8211; <em>Prova de T\u00edtulos, de car\u00e1ter classificat\u00f3rio.<\/em><\/p>\n<h2>Provas e disciplinas<\/h2>\n<p><strong>Disciplinas &#8211; T\u00e9cnico Legislativo<\/strong><\/p>\n<p><em>L\u00edngua Portuguesa<\/em><br \/>\n<em>Racioc\u00ednio L\u00f3gico-matem\u00e1tico<\/em><br \/>\n<em>Realidade do DF<\/em><br \/>\n<em>No\u00e7\u00f5es de Direito Constitucional<\/em><br \/>\n<em>Lei Org\u00e2nica do Distrito Federal<\/em><br \/>\n<em>No\u00e7\u00f5es de Processo Legislativo<\/em><br \/>\n<em>No\u00e7\u00f5es de Direito Administrativo<\/em><br \/>\n<em>No\u00e7\u00f5es de Administra\u00e7\u00e3o<\/em><\/p>\n<p><strong>Disciplinas &#8211; Consultor Legislativo<\/strong><\/p>\n<p><em>L\u00edngua Portuguesa<\/em><br \/>\n<em>Direito Constitucional<\/em><br \/>\n<em>Direito Administrativo<\/em><br \/>\n<em>Processo Legislativo<\/em><br \/>\n<em>Realidade do DF<\/em><br \/>\n<em>L\u00ednguas Estrangeiras: Ingl\u00eas OU Espanhol<\/em><\/p>\n<p><strong>Disciplinas &#8211; Consultor T\u00e9cnico-Legislativo<\/strong><\/p>\n<p><em>L\u00edngua Portuguesa<\/em><br \/>\n<em>Processo Legislativo<\/em><br \/>\n<em>Direito Constitucional<\/em><br \/>\n<em>Direito Administrativo<\/em><br \/>\n<em>Conhecimentos gerais do DF<\/em><br \/>\n<em>L\u00ednguas Estrangeiras: Ingl\u00eas ou Espanhol <\/em><\/p>\n<p><strong>Disciplinas &#8211; Procurador Legislativo<\/strong><\/p>\n<p><em>L\u00edngua Portuguesa<\/em><br \/>\n<em>Processo Legislativo<\/em><br \/>\n<em>Direito Constitucional<\/em><br \/>\n<em>Direito Administrativo<\/em><br \/>\n<em>Direito Civil e Direito Processual Civil<\/em><br \/>\n<em>Direito Eleitoral e Partid\u00e1rio<\/em><br \/>\n<em>Direitos Difusos e Coletivos<\/em><br \/>\n<em>Direito Financeiro, Direito Tribut\u00e1rio e Direito Previdenci\u00e1rio<\/em><br \/>\n<em>Legisla\u00e7\u00e3o Distrital e Federal<\/em><br \/>\n<em>Realidade do Distrito Federal<\/em><br \/>\n<em>Direito Penal e Direito Processual Penal<\/em><\/p>\n<h1 style=\"text-align: center;\"><a href=\"https:\/\/www.estrategiaconcursos.com.br\/cursosPorConcurso\/cldf-camara-legislativa-do-distrito-federal-398\/\" target=\"_blank\" rel=\"noopener noreferrer\"><span style=\"text-decoration: underline;\"><strong>Cursos para o concurso CLDF<\/strong><\/span><\/a><\/h1>\n<p style=\"text-align: center;\"><strong><em>Gostou dessa oportunidade? Deseja se preparar para o Concurso CLDF 2018?<\/em><\/strong><br \/>\n<strong><em>O Estrat\u00e9gia Concurso possui cursos espec\u00edficos para este certame.<\/em><\/strong><\/p>\n<h2 style=\"text-align: center;\"><strong><a href=\"https:\/\/www.estrategiaconcursos.com.br\/cursosPorConcurso\/cldf-camara-legislativa-do-distrito-federal-398\/\" target=\"_blank\" rel=\"noopener noreferrer\">CURSOS CONCURSO CLDF 2018<\/a><\/strong><\/h2>\n<p><img loading=\"lazy\" decoding=\"async\" class=\"alignnone\" src=\"https:\/\/dhg1h5j42swfq.cloudfront.net\/2017\/03\/28152500\/coruja-ficha-tecnica-300x102.png\" alt=\"Ficha T\u00e9cnica Concurso CLDF 2018\" width=\"300\" height=\"102\"\/><\/p>\n<p><strong>Informa\u00e7\u00f5es do pr\u00f3ximo concurso CLDF 2018<\/strong><\/p>\n<p>\u25baData: 2018<br \/>\n\u25baVagas: 59 + CR<br \/>\n\u25baRemunera\u00e7\u00e3o: R$ 10.650,18 (n\u00edvel m\u00e9dio) e R$ 15.879,40 (n\u00edvel superior)<br \/>\n\u25baLota\u00e7\u00f5es: Bras\u00edlia<br \/>\n\u25baBanca: <a href=\"http:\/\/www.concursosfcc.com.br\/concursos\/caldf118\/index.html\" target=\"_blank\" rel=\"noopener noreferrer\">FCC<\/a><br \/>\n\u25baEscolaridade: N\u00edvel m\u00e9dio e superior<br \/>\n\u25baCursos Estrat\u00e9gia Concursos:&nbsp;<a href=\"https:\/\/www.estrategiaconcursos.com.br\/cursosPorConcurso\/cldf-camara-legislativa-do-distrito-federal-398\/\" target=\"_blank\" rel=\"noopener noreferrer\">CURSOS CONCURSO CLDF 2018<\/a><\/p>\n<p>\u25ba<strong>Editais 2018:<\/strong><\/p>\n<p><a href=\"http:\/\/www.concursosfcc.com.br\/concursos\/caldf118\/final_edital_3_tecnico_legislativo_30_05_versao_1.pdf\" target=\"_blank\" rel=\"noopener noreferrer\"><span style=\"text-decoration: underline;\">T\u00e9cnico Legislativo<\/span><\/a><\/p>\n<p><a href=\"http:\/\/www.concursosfcc.com.br\/concursos\/caldf118\/final_edital_1_consultor_legislativo_28_05_versao_3__3_.pdf\" target=\"_blank\" rel=\"noopener noreferrer\"><span style=\"text-decoration: underline;\">Consultor Legislativo<\/span><\/a><\/p>\n<p><a href=\"http:\/\/www.concursosfcc.com.br\/concursos\/caldf118\/final_edital_2_consultor_tecnico_28_05_versao_revisada.pdf\" target=\"_blank\" rel=\"noopener noreferrer\"><span style=\"text-decoration: underline;\">Consultor T\u00e9cnico Legislativo<\/span><\/a><\/p>\n<p><a href=\"http:\/\/www.concursosfcc.com.br\/concursos\/caldf118\/final_edital_4_policia_legislativa_29_05_versao_3.pdf\" target=\"_blank\" rel=\"noopener noreferrer\"><span style=\"text-decoration: underline;\">Pol\u00edcia Legislativa<\/span><\/a><\/p>\n<p><a href=\"http:\/\/www.concursosfcc.com.br\/concursos\/caldf118\/final_edital_5_procurador_28_05_versao_3_comissao__003_.pdf\" target=\"_blank\" rel=\"noopener noreferrer\"><span style=\"text-decoration: underline;\">Procurador Legislativo<\/span><\/a><\/p>\n<p><strong>Confira a tabela das datas das Provas, elaborada pela FCC<\/strong> &#8211; <a href=\"http:\/\/www.concursosfcc.com.br\/concursos\/caldf118\/informativo_de_datas_e_peridos_obj_e_disc.pdf\" target=\"_blank\" rel=\"noopener noreferrer\">clique aqui<\/a><\/p>\n<p>Ascom Estrat\u00e9gia<br \/>\nascomestrategia@gmail.com<\/p>\n","protected":false},"excerpt":{"rendered":"<p>A Funda\u00e7\u00e3o Carlos Chagas, banca organizadora do concurso da da C\u00e2mara Legislativa do Distrito Federal, publicou os editais do concurso CLDF 2018&nbsp;com a oferta de vagas para os cargos de T\u00e9cnico Legislativo, Consultor Legislativo, Consultor T\u00e9cnico-Legislativo e Procurador Legislativo. S\u00e3o ofertadas 86 vagas distribu\u00eddas para os cargos descritos acima. Esses exigem forma\u00e7\u00e3o em N\u00edvel M\u00e9dio [&hellip;]<\/p>\n","protected":false},"author":1,"featured_media":123856,"comment_status":"open","ping_status":"closed","sticky":false,"template":"","format":"standard","meta":{"post_tipo":"news","footnotes":""},"categories":[1],"tags":[],"tax_estado":[],"class_list":["post-123420","post","type-post","status-publish","format-standard","has-post-thumbnail","hentry","category-cursos-e-concursos"],"acf":[],"yoast_head":"<!-- This site is optimized with the Yoast SEO Premium plugin v27.2 (Yoast SEO v27.2) - https:\/\/yoast.com\/product\/yoast-seo-premium-wordpress\/ -->\n<title>Concurso CLDF 2018 | SAIU O EDITAL; s\u00e3o ofertadas 59 vagas<\/title>\n<meta name=\"description\" content=\"Foi publicado o edital do concurso CLDF 2018. S\u00e3o ofertadas 59 vagas para cargos de n\u00edvel m\u00e9dio e superior e inicial de at\u00e9 R$ 15 mil.\" \/>\n<meta name=\"robots\" content=\"index, follow, max-snippet:-1, max-image-preview:large, max-video-preview:-1\" \/>\n<link rel=\"canonical\" href=\"https:\/\/www.estrategiaconcursos.com.br\/blog\/edital-cldf-2018\/\" \/>\n<meta property=\"og:locale\" content=\"pt_BR\" \/>\n<meta property=\"og:type\" content=\"article\" \/>\n<meta property=\"og:title\" content=\"Concurso CLDF 2018: FCC publica editais para N\u00edvel M\u00e9dio e Superior com 86 vagas\" \/>\n<meta property=\"og:description\" content=\"Foi publicado o edital do concurso CLDF 2018. S\u00e3o ofertadas 59 vagas para cargos de n\u00edvel m\u00e9dio e superior e inicial de at\u00e9 R$ 15 mil.\" \/>\n<meta property=\"og:url\" content=\"https:\/\/www.estrategiaconcursos.com.br\/blog\/edital-cldf-2018\/\" \/>\n<meta property=\"og:site_name\" content=\"Estrat\u00e9gia Concursos\" \/>\n<meta property=\"article:author\" content=\"https:\/\/www.facebook.com\/EstrategiaConcursos\" \/>\n<meta property=\"article:published_time\" content=\"2018-06-04T20:30:43+00:00\" \/>\n<meta property=\"article:modified_time\" content=\"2020-07-20T15:49:35+00:00\" \/>\n<meta property=\"og:image\" content=\"https:\/\/dhg1h5j42swfq.cloudfront.net\/2018\/06\/02083950\/jornalismo-CLDF-EDITAL.jpg\" \/>\n\t<meta property=\"og:image:width\" content=\"1200\" \/>\n\t<meta property=\"og:image:height\" content=\"628\" \/>\n\t<meta property=\"og:image:type\" content=\"image\/jpeg\" \/>\n<meta name=\"author\" content=\"Coordena\u00e7\u00e3o\" \/>\n<meta name=\"twitter:card\" content=\"summary_large_image\" \/>\n<meta name=\"twitter:creator\" content=\"@EstratConcursos\" \/>\n<meta name=\"twitter:site\" content=\"@EstratConcursos\" \/>\n<meta name=\"twitter:label1\" content=\"Escrito por\" \/>\n\t<meta name=\"twitter:data1\" content=\"Coordena\u00e7\u00e3o\" \/>\n\t<meta name=\"twitter:label2\" content=\"Est. tempo de leitura\" \/>\n\t<meta name=\"twitter:data2\" content=\"6 minutos\" \/>\n<script type=\"application\/ld+json\" class=\"yoast-schema-graph\">{\"@context\":\"https:\/\/schema.org\",\"@graph\":[{\"@type\":\"NewsArticle\",\"@id\":\"https:\/\/www.estrategiaconcursos.com.br\/blog\/edital-cldf-2018\/#article\",\"isPartOf\":{\"@id\":\"https:\/\/www.estrategiaconcursos.com.br\/blog\/edital-cldf-2018\/\"},\"author\":{\"name\":\"Coordena\u00e7\u00e3o\",\"@id\":\"https:\/\/www.estrategiaconcursos.com.br\/blog\/#\/schema\/person\/b4a388c97673c5f483d72185668afa1f\"},\"headline\":\"Concurso CLDF 2018: FCC publica editais para N\u00edvel M\u00e9dio e Superior com 86 vagas\",\"datePublished\":\"2018-06-04T20:30:43+00:00\",\"dateModified\":\"2020-07-20T15:49:35+00:00\",\"mainEntityOfPage\":{\"@id\":\"https:\/\/www.estrategiaconcursos.com.br\/blog\/edital-cldf-2018\/\"},\"wordCount\":1144,\"commentCount\":61,\"publisher\":{\"@id\":\"https:\/\/www.estrategiaconcursos.com.br\/blog\/#organization\"},\"image\":{\"@id\":\"https:\/\/www.estrategiaconcursos.com.br\/blog\/edital-cldf-2018\/#primaryimage\"},\"thumbnailUrl\":\"https:\/\/dhg1h5j42swfq.cloudfront.net\/2018\/06\/02083950\/jornalismo-CLDF-EDITAL.jpg\",\"articleSection\":[\"Concursos P\u00fablicos\"],\"inLanguage\":\"pt-BR\",\"potentialAction\":[{\"@type\":\"CommentAction\",\"name\":\"Comment\",\"target\":[\"https:\/\/www.estrategiaconcursos.com.br\/blog\/edital-cldf-2018\/#respond\"]}],\"copyrightYear\":\"2018\",\"copyrightHolder\":{\"@id\":\"https:\/\/www.estrategiaconcursos.com.br\/blog\/#organization\"}},{\"@type\":\"WebPage\",\"@id\":\"https:\/\/www.estrategiaconcursos.com.br\/blog\/edital-cldf-2018\/\",\"url\":\"https:\/\/www.estrategiaconcursos.com.br\/blog\/edital-cldf-2018\/\",\"name\":\"Concurso CLDF 2018 | SAIU O EDITAL; s\u00e3o ofertadas 59 vagas\",\"isPartOf\":{\"@id\":\"https:\/\/www.estrategiaconcursos.com.br\/blog\/#website\"},\"primaryImageOfPage\":{\"@id\":\"https:\/\/www.estrategiaconcursos.com.br\/blog\/edital-cldf-2018\/#primaryimage\"},\"image\":{\"@id\":\"https:\/\/www.estrategiaconcursos.com.br\/blog\/edital-cldf-2018\/#primaryimage\"},\"thumbnailUrl\":\"https:\/\/dhg1h5j42swfq.cloudfront.net\/2018\/06\/02083950\/jornalismo-CLDF-EDITAL.jpg\",\"datePublished\":\"2018-06-04T20:30:43+00:00\",\"dateModified\":\"2020-07-20T15:49:35+00:00\",\"description\":\"Foi publicado o edital do concurso CLDF 2018. S\u00e3o ofertadas 59 vagas para cargos de n\u00edvel m\u00e9dio e superior e inicial de at\u00e9 R$ 15 mil.\",\"breadcrumb\":{\"@id\":\"https:\/\/www.estrategiaconcursos.com.br\/blog\/edital-cldf-2018\/#breadcrumb\"},\"inLanguage\":\"pt-BR\",\"potentialAction\":[{\"@type\":\"ReadAction\",\"target\":[\"https:\/\/www.estrategiaconcursos.com.br\/blog\/edital-cldf-2018\/\"]}]},{\"@type\":\"ImageObject\",\"inLanguage\":\"pt-BR\",\"@id\":\"https:\/\/www.estrategiaconcursos.com.br\/blog\/edital-cldf-2018\/#primaryimage\",\"url\":\"https:\/\/dhg1h5j42swfq.cloudfront.net\/2018\/06\/02083950\/jornalismo-CLDF-EDITAL.jpg\",\"contentUrl\":\"https:\/\/dhg1h5j42swfq.cloudfront.net\/2018\/06\/02083950\/jornalismo-CLDF-EDITAL.jpg\",\"width\":1200,\"height\":628,\"caption\":\"EDITAL CLDF\"},{\"@type\":\"BreadcrumbList\",\"@id\":\"https:\/\/www.estrategiaconcursos.com.br\/blog\/edital-cldf-2018\/#breadcrumb\",\"itemListElement\":[{\"@type\":\"ListItem\",\"position\":1,\"name\":\"In\u00edcio\",\"item\":\"https:\/\/www.estrategiaconcursos.com.br\/blog\/\"},{\"@type\":\"ListItem\",\"position\":2,\"name\":\"Concurso CLDF 2018: FCC publica editais para N\u00edvel M\u00e9dio e Superior com 86 vagas\"}]},{\"@type\":\"WebSite\",\"@id\":\"https:\/\/www.estrategiaconcursos.com.br\/blog\/#website\",\"url\":\"https:\/\/www.estrategiaconcursos.com.br\/blog\/\",\"name\":\"Estrat\u00e9gia Concursos\",\"description\":\"O blog da Estrat\u00e9gia Concursos traz not\u00edcias sobre concursos e artigos de professores oferecendo cursos para concursos (pdf + videaulas) no site.\",\"publisher\":{\"@id\":\"https:\/\/www.estrategiaconcursos.com.br\/blog\/#organization\"},\"potentialAction\":[{\"@type\":\"SearchAction\",\"target\":{\"@type\":\"EntryPoint\",\"urlTemplate\":\"https:\/\/www.estrategiaconcursos.com.br\/blog\/?s={search_term_string}\"},\"query-input\":{\"@type\":\"PropertyValueSpecification\",\"valueRequired\":true,\"valueName\":\"search_term_string\"}}],\"inLanguage\":\"pt-BR\"},{\"@type\":\"Organization\",\"@id\":\"https:\/\/www.estrategiaconcursos.com.br\/blog\/#organization\",\"name\":\"Estrat\u00e9gia Concursos\",\"url\":\"https:\/\/www.estrategiaconcursos.com.br\/blog\/\",\"logo\":{\"@type\":\"ImageObject\",\"inLanguage\":\"pt-BR\",\"@id\":\"https:\/\/www.estrategiaconcursos.com.br\/blog\/#\/schema\/logo\/image\/\",\"url\":\"https:\/\/dhg1h5j42swfq.cloudfront.net\/2025\/06\/03203428\/logo_concursos-1.jpg\",\"contentUrl\":\"https:\/\/dhg1h5j42swfq.cloudfront.net\/2025\/06\/03203428\/logo_concursos-1.jpg\",\"width\":230,\"height\":60,\"caption\":\"Estrat\u00e9gia Concursos\"},\"image\":{\"@id\":\"https:\/\/www.estrategiaconcursos.com.br\/blog\/#\/schema\/logo\/image\/\"},\"sameAs\":[\"https:\/\/x.com\/EstratConcursos\"]},{\"@type\":\"Person\",\"@id\":\"https:\/\/www.estrategiaconcursos.com.br\/blog\/#\/schema\/person\/b4a388c97673c5f483d72185668afa1f\",\"name\":\"Coordena\u00e7\u00e3o\",\"image\":{\"@type\":\"ImageObject\",\"inLanguage\":\"pt-BR\",\"@id\":\"https:\/\/secure.gravatar.com\/avatar\/b720319e4c9a967eb58678d110f4fe35452fc5d5f97b202bac7b8acceb18c6ad?s=96&d=mm&r=g\",\"url\":\"https:\/\/secure.gravatar.com\/avatar\/b720319e4c9a967eb58678d110f4fe35452fc5d5f97b202bac7b8acceb18c6ad?s=96&d=mm&r=g\",\"contentUrl\":\"https:\/\/secure.gravatar.com\/avatar\/b720319e4c9a967eb58678d110f4fe35452fc5d5f97b202bac7b8acceb18c6ad?s=96&d=mm&r=g\",\"caption\":\"Coordena\u00e7\u00e3o\"},\"sameAs\":[\"https:\/\/www.facebook.com\/EstrategiaConcursos\",\"https:\/\/x.com\/EstratConcursos\"],\"url\":\"https:\/\/www.estrategiaconcursos.com.br\/blog\/author\/estrategia2013\/\"}]}<\/script>\n<!-- \/ Yoast SEO Premium plugin. -->","yoast_head_json":{"title":"Concurso CLDF 2018 | SAIU O EDITAL; s\u00e3o ofertadas 59 vagas","description":"Foi publicado o edital do concurso CLDF 2018. S\u00e3o ofertadas 59 vagas para cargos de n\u00edvel m\u00e9dio e superior e inicial de at\u00e9 R$ 15 mil.","robots":{"index":"index","follow":"follow","max-snippet":"max-snippet:-1","max-image-preview":"max-image-preview:large","max-video-preview":"max-video-preview:-1"},"canonical":"https:\/\/www.estrategiaconcursos.com.br\/blog\/edital-cldf-2018\/","og_locale":"pt_BR","og_type":"article","og_title":"Concurso CLDF 2018: FCC publica editais para N\u00edvel M\u00e9dio e Superior com 86 vagas","og_description":"Foi publicado o edital do concurso CLDF 2018. S\u00e3o ofertadas 59 vagas para cargos de n\u00edvel m\u00e9dio e superior e inicial de at\u00e9 R$ 15 mil.","og_url":"https:\/\/www.estrategiaconcursos.com.br\/blog\/edital-cldf-2018\/","og_site_name":"Estrat\u00e9gia Concursos","article_author":"https:\/\/www.facebook.com\/EstrategiaConcursos","article_published_time":"2018-06-04T20:30:43+00:00","article_modified_time":"2020-07-20T15:49:35+00:00","og_image":[{"width":1200,"height":628,"url":"https:\/\/dhg1h5j42swfq.cloudfront.net\/2018\/06\/02083950\/jornalismo-CLDF-EDITAL.jpg","type":"image\/jpeg"}],"author":"Coordena\u00e7\u00e3o","twitter_card":"summary_large_image","twitter_creator":"@EstratConcursos","twitter_site":"@EstratConcursos","twitter_misc":{"Escrito por":"Coordena\u00e7\u00e3o","Est. tempo de leitura":"6 minutos"},"schema":{"@context":"https:\/\/schema.org","@graph":[{"@type":"NewsArticle","@id":"https:\/\/www.estrategiaconcursos.com.br\/blog\/edital-cldf-2018\/#article","isPartOf":{"@id":"https:\/\/www.estrategiaconcursos.com.br\/blog\/edital-cldf-2018\/"},"author":{"name":"Coordena\u00e7\u00e3o","@id":"https:\/\/www.estrategiaconcursos.com.br\/blog\/#\/schema\/person\/b4a388c97673c5f483d72185668afa1f"},"headline":"Concurso CLDF 2018: FCC publica editais para N\u00edvel M\u00e9dio e Superior com 86 vagas","datePublished":"2018-06-04T20:30:43+00:00","dateModified":"2020-07-20T15:49:35+00:00","mainEntityOfPage":{"@id":"https:\/\/www.estrategiaconcursos.com.br\/blog\/edital-cldf-2018\/"},"wordCount":1144,"commentCount":61,"publisher":{"@id":"https:\/\/www.estrategiaconcursos.com.br\/blog\/#organization"},"image":{"@id":"https:\/\/www.estrategiaconcursos.com.br\/blog\/edital-cldf-2018\/#primaryimage"},"thumbnailUrl":"https:\/\/dhg1h5j42swfq.cloudfront.net\/2018\/06\/02083950\/jornalismo-CLDF-EDITAL.jpg","articleSection":["Concursos P\u00fablicos"],"inLanguage":"pt-BR","potentialAction":[{"@type":"CommentAction","name":"Comment","target":["https:\/\/www.estrategiaconcursos.com.br\/blog\/edital-cldf-2018\/#respond"]}],"copyrightYear":"2018","copyrightHolder":{"@id":"https:\/\/www.estrategiaconcursos.com.br\/blog\/#organization"}},{"@type":"WebPage","@id":"https:\/\/www.estrategiaconcursos.com.br\/blog\/edital-cldf-2018\/","url":"https:\/\/www.estrategiaconcursos.com.br\/blog\/edital-cldf-2018\/","name":"Concurso CLDF 2018 | SAIU O EDITAL; s\u00e3o ofertadas 59 vagas","isPartOf":{"@id":"https:\/\/www.estrategiaconcursos.com.br\/blog\/#website"},"primaryImageOfPage":{"@id":"https:\/\/www.estrategiaconcursos.com.br\/blog\/edital-cldf-2018\/#primaryimage"},"image":{"@id":"https:\/\/www.estrategiaconcursos.com.br\/blog\/edital-cldf-2018\/#primaryimage"},"thumbnailUrl":"https:\/\/dhg1h5j42swfq.cloudfront.net\/2018\/06\/02083950\/jornalismo-CLDF-EDITAL.jpg","datePublished":"2018-06-04T20:30:43+00:00","dateModified":"2020-07-20T15:49:35+00:00","description":"Foi publicado o edital do concurso CLDF 2018. S\u00e3o ofertadas 59 vagas para cargos de n\u00edvel m\u00e9dio e superior e inicial de at\u00e9 R$ 15 mil.","breadcrumb":{"@id":"https:\/\/www.estrategiaconcursos.com.br\/blog\/edital-cldf-2018\/#breadcrumb"},"inLanguage":"pt-BR","potentialAction":[{"@type":"ReadAction","target":["https:\/\/www.estrategiaconcursos.com.br\/blog\/edital-cldf-2018\/"]}]},{"@type":"ImageObject","inLanguage":"pt-BR","@id":"https:\/\/www.estrategiaconcursos.com.br\/blog\/edital-cldf-2018\/#primaryimage","url":"https:\/\/dhg1h5j42swfq.cloudfront.net\/2018\/06\/02083950\/jornalismo-CLDF-EDITAL.jpg","contentUrl":"https:\/\/dhg1h5j42swfq.cloudfront.net\/2018\/06\/02083950\/jornalismo-CLDF-EDITAL.jpg","width":1200,"height":628,"caption":"EDITAL CLDF"},{"@type":"BreadcrumbList","@id":"https:\/\/www.estrategiaconcursos.com.br\/blog\/edital-cldf-2018\/#breadcrumb","itemListElement":[{"@type":"ListItem","position":1,"name":"In\u00edcio","item":"https:\/\/www.estrategiaconcursos.com.br\/blog\/"},{"@type":"ListItem","position":2,"name":"Concurso CLDF 2018: FCC publica editais para N\u00edvel M\u00e9dio e Superior com 86 vagas"}]},{"@type":"WebSite","@id":"https:\/\/www.estrategiaconcursos.com.br\/blog\/#website","url":"https:\/\/www.estrategiaconcursos.com.br\/blog\/","name":"Estrat\u00e9gia Concursos","description":"O blog da Estrat\u00e9gia Concursos traz not\u00edcias sobre concursos e artigos de professores oferecendo cursos para concursos (pdf + videaulas) no site.","publisher":{"@id":"https:\/\/www.estrategiaconcursos.com.br\/blog\/#organization"},"potentialAction":[{"@type":"SearchAction","target":{"@type":"EntryPoint","urlTemplate":"https:\/\/www.estrategiaconcursos.com.br\/blog\/?s={search_term_string}"},"query-input":{"@type":"PropertyValueSpecification","valueRequired":true,"valueName":"search_term_string"}}],"inLanguage":"pt-BR"},{"@type":"Organization","@id":"https:\/\/www.estrategiaconcursos.com.br\/blog\/#organization","name":"Estrat\u00e9gia Concursos","url":"https:\/\/www.estrategiaconcursos.com.br\/blog\/","logo":{"@type":"ImageObject","inLanguage":"pt-BR","@id":"https:\/\/www.estrategiaconcursos.com.br\/blog\/#\/schema\/logo\/image\/","url":"https:\/\/dhg1h5j42swfq.cloudfront.net\/2025\/06\/03203428\/logo_concursos-1.jpg","contentUrl":"https:\/\/dhg1h5j42swfq.cloudfront.net\/2025\/06\/03203428\/logo_concursos-1.jpg","width":230,"height":60,"caption":"Estrat\u00e9gia Concursos"},"image":{"@id":"https:\/\/www.estrategiaconcursos.com.br\/blog\/#\/schema\/logo\/image\/"},"sameAs":["https:\/\/x.com\/EstratConcursos"]},{"@type":"Person","@id":"https:\/\/www.estrategiaconcursos.com.br\/blog\/#\/schema\/person\/b4a388c97673c5f483d72185668afa1f","name":"Coordena\u00e7\u00e3o","image":{"@type":"ImageObject","inLanguage":"pt-BR","@id":"https:\/\/secure.gravatar.com\/avatar\/b720319e4c9a967eb58678d110f4fe35452fc5d5f97b202bac7b8acceb18c6ad?s=96&d=mm&r=g","url":"https:\/\/secure.gravatar.com\/avatar\/b720319e4c9a967eb58678d110f4fe35452fc5d5f97b202bac7b8acceb18c6ad?s=96&d=mm&r=g","contentUrl":"https:\/\/secure.gravatar.com\/avatar\/b720319e4c9a967eb58678d110f4fe35452fc5d5f97b202bac7b8acceb18c6ad?s=96&d=mm&r=g","caption":"Coordena\u00e7\u00e3o"},"sameAs":["https:\/\/www.facebook.com\/EstrategiaConcursos","https:\/\/x.com\/EstratConcursos"],"url":"https:\/\/www.estrategiaconcursos.com.br\/blog\/author\/estrategia2013\/"}]}},"_links":{"self":[{"href":"https:\/\/www.estrategiaconcursos.com.br\/blog\/wp-json\/wp\/v2\/posts\/123420","targetHints":{"allow":["GET"]}}],"collection":[{"href":"https:\/\/www.estrategiaconcursos.com.br\/blog\/wp-json\/wp\/v2\/posts"}],"about":[{"href":"https:\/\/www.estrategiaconcursos.com.br\/blog\/wp-json\/wp\/v2\/types\/post"}],"author":[{"embeddable":true,"href":"https:\/\/www.estrategiaconcursos.com.br\/blog\/wp-json\/wp\/v2\/users\/1"}],"replies":[{"embeddable":true,"href":"https:\/\/www.estrategiaconcursos.com.br\/blog\/wp-json\/wp\/v2\/comments?post=123420"}],"version-history":[{"count":77,"href":"https:\/\/www.estrategiaconcursos.com.br\/blog\/wp-json\/wp\/v2\/posts\/123420\/revisions"}],"predecessor-version":[{"id":544375,"href":"https:\/\/www.estrategiaconcursos.com.br\/blog\/wp-json\/wp\/v2\/posts\/123420\/revisions\/544375"}],"wp:featuredmedia":[{"embeddable":true,"href":"https:\/\/www.estrategiaconcursos.com.br\/blog\/wp-json\/wp\/v2\/media\/123856"}],"wp:attachment":[{"href":"https:\/\/www.estrategiaconcursos.com.br\/blog\/wp-json\/wp\/v2\/media?parent=123420"}],"wp:term":[{"taxonomy":"category","embeddable":true,"href":"https:\/\/www.estrategiaconcursos.com.br\/blog\/wp-json\/wp\/v2\/categories?post=123420"},{"taxonomy":"post_tag","embeddable":true,"href":"https:\/\/www.estrategiaconcursos.com.br\/blog\/wp-json\/wp\/v2\/tags?post=123420"},{"taxonomy":"tax_estado","embeddable":true,"href":"https:\/\/www.estrategiaconcursos.com.br\/blog\/wp-json\/wp\/v2\/tax_estado?post=123420"}],"curies":[{"name":"wp","href":"https:\/\/api.w.org\/{rel}","templated":true}]}}