{"id":1234186,"date":"2023-07-18T14:00:00","date_gmt":"2023-07-18T17:00:00","guid":{"rendered":"https:\/\/www.estrategiaconcursos.com.br\/blog\/?p=1234186"},"modified":"2023-07-12T22:07:44","modified_gmt":"2023-07-13T01:07:44","slug":"resumo-taxas-iss-sp","status":"publish","type":"post","link":"https:\/\/www.estrategiaconcursos.com.br\/blog\/resumo-taxas-iss-sp\/","title":{"rendered":"Resumo das Taxas no Decreto 62.137\/22 para o ISS-SP"},"content":{"rendered":"\n<p>Veja neste artigo um resumo sobre as <strong><mark style=\"background-color:rgba(0, 0, 0, 0)\" class=\"has-inline-color has-vivid-cyan-blue-color\">Taxas <\/mark><\/strong>do munic\u00edpio de<strong> S\u00e3o Paulo<\/strong>, no&nbsp;<strong>Decreto 62.137\/2022<\/strong>, para o ISS-SP.<\/p>\n\n\n\n<figure class=\"wp-block-image aligncenter size-full is-resized\"><img loading=\"lazy\" decoding=\"async\" src=\"https:\/\/dhg1h5j42swfq.cloudfront.net\/2022\/07\/06133946\/iss_sp.jpg\" alt=\"Resumo das Taxas no Decreto 62.137\/22 para o ISS-SP\" class=\"wp-image-1056301\" width=\"473\" height=\"266\" srcset=\"https:\/\/dhg1h5j42swfq.cloudfront.net\/2022\/07\/06133946\/iss_sp.jpg 768w, https:\/\/dhg1h5j42swfq.cloudfront.net\/2022\/07\/06133946\/iss_sp-300x169.jpg 300w, https:\/\/dhg1h5j42swfq.cloudfront.net\/2022\/07\/06133946\/iss_sp-610x343.jpg 610w, https:\/\/dhg1h5j42swfq.cloudfront.net\/2022\/07\/06133946\/iss_sp-150x84.jpg 150w\" sizes=\"auto, (max-width: 473px) 100vw, 473px\" \/><figcaption class=\"wp-element-caption\">Resumo das Taxas no Decreto 62.137\/22 para o ISS-SP<\/figcaption><\/figure>\n\n\n\n<p>Ol\u00e1, pessoal! Tudo bem com voc\u00eas?<\/p>\n\n\n\n<p>O concurso de Auditor Fiscal do ISS-SP est\u00e1 chegando, com uma remunera\u00e7\u00e3o inicial de R$ 26.049,51. Como est\u00e1 a sua prepara\u00e7\u00e3o?<\/p>\n\n\n\n<p>Bom, com o intuito de auxili\u00e1-los para esta prova, iremos aprender, no artigo de hoje, sobre as <strong><mark style=\"background-color:rgba(0, 0, 0, 0)\" class=\"has-inline-color has-vivid-cyan-blue-color\">taxas<\/mark><\/strong>, no <strong>Decreto 62.137\/2022<\/strong>, para o ISS-SP.<\/p>\n\n\n\n<p>Vamos l\u00e1?<\/p>\n\n\n\n<div class=\"container\" id=\"boxes\">\r\n  <div class=\"row\">\r\n\r\n    <div class=\"col-sm\">\r\n      <div class=\"banner-fiscal-01\" id=\"box-assinatura\">\r\n        <h3 class=\"titulo-assinatura\">Concurso ISS SP<\/h3>\r\n        <p class=\"subtitulo-assinatura\">Conhe\u00e7a os cursos<\/p>\r\n        <div class=\"box-botao\">\r\n          <a class=\"btn-assinatura\" target=\"_blank\" href=\"https:\/\/www.estrategiaconcursos.com.br\/cursosPorConcurso\/iss-sp-17\/\" role=\"button\" rel=\"noopener noreferrer\">Conhe\u00e7a mais<\/a>\r\n        <\/div>\r\n      <\/div>\r\n    \r\n    <\/div>\r\n\r\n  <\/div>\r\n<\/div>\n\n\n\n<h2 class=\"wp-block-heading\"><mark style=\"background-color:rgba(0, 0, 0, 0)\" class=\"has-inline-color has-vivid-cyan-blue-color\">Taxa de Fiscaliza\u00e7\u00e3o de Estabelecimentos<\/mark><\/h2>\n\n\n\n<p>A primeira taxa a ser analisada \u00e9 a Taxa de Fiscaliza\u00e7\u00e3o de Estabelecimentos, a qual \u00e9 devida em decorr\u00eancia da <strong>atua\u00e7\u00e3o <\/strong>dos \u00f3rg\u00e3os competentes do Executivo que exercem o<strong> poder de pol\u00edcia<\/strong>, por meio das atividades de <strong>controle<\/strong>, <strong>vigil\u00e2ncia <\/strong>ou <strong>fiscaliza\u00e7\u00e3o <\/strong>do uso e ocupa\u00e7\u00e3o do solo urbano dos estabelecimentos situados em S\u00e3o Paulo.<\/p>\n\n\n\n<p>Tais atividades s\u00e3o consideradas <strong>implementadas<\/strong>, para fins de ocorr\u00eancia do fato gerador da Taxa, com a <strong>pr\u00e1tica<\/strong>, pelos \u00f3rg\u00e3os municipais competentes, de atos administrativos de preven\u00e7\u00e3o, observa\u00e7\u00e3o ou repress\u00e3o, necess\u00e1rios \u00e0 verifica\u00e7\u00e3o do cumprimento das normas municipais de higiene, sa\u00fade, seguran\u00e7a, transportes, ordem ou tranquilidade p\u00fablicas.<\/p>\n\n\n\n<p>Caso a sua incid\u00eancia seja <strong><mark style=\"background-color:rgba(0, 0, 0, 0)\" class=\"has-inline-color has-vivid-cyan-blue-color\">anual<\/mark><\/strong>, o fato gerador da Taxa ser\u00e1 considerado <strong>ocorrido<\/strong>:<\/p>\n\n\n\n<ul class=\"wp-block-list\">\n<li>na <strong>data de in\u00edcio<\/strong> de funcionamento do estabelecimento, relativamente ao<strong> primeiro ano<\/strong>;<\/li>\n\n\n\n<li>na <strong>data da mudan\u00e7a <\/strong>de atividade que implique novo enquadramento;<\/li>\n\n\n\n<li>em <strong>1\u00ba de janeiro<\/strong> de cada exerc\u00edcio, nos <strong>anos subsequentes<\/strong>.<\/li>\n<\/ul>\n\n\n\n<p><strong><mark style=\"background-color:rgba(0, 0, 0, 0)\" class=\"has-inline-color has-vivid-red-color\">A SABER:<\/mark><\/strong> Quando houver <strong>mudan\u00e7a do ramo de atividade<\/strong> do estabelecimento, <strong>n\u00e3o <\/strong>ser\u00e1 exclu\u00edda a incid\u00eancia correspondente \u00e0 atividade anterior, no exerc\u00edcio da ocorr\u00eancia.<\/p>\n\n\n\n<p>Contudo, caso seja <strong><mark style=\"background-color:rgba(0, 0, 0, 0)\" class=\"has-inline-color has-vivid-cyan-blue-color\">mensal <\/mark><\/strong>o per\u00edodo de incid\u00eancia, o fato gerador ocorrer\u00e1:<\/p>\n\n\n\n<ul class=\"wp-block-list\">\n<li>relativamente ao <strong>primeiro m\u00eas<\/strong>, no <strong>\u00faltimo dia \u00fatil anterior<\/strong> ao de in\u00edcio de funcionamento do estabelecimento;<\/li>\n\n\n\n<li>relativamente aos <strong>meses posteriores,<\/strong> no<strong> 1\u00ba dia \u00fatil<\/strong> do m\u00eas de incid\u00eancia.<\/li>\n<\/ul>\n\n\n\n<p>Por fim, se for <strong><mark style=\"background-color:rgba(0, 0, 0, 0)\" class=\"has-inline-color has-vivid-cyan-blue-color\">di\u00e1ria<\/mark><\/strong>, ser\u00e1:<\/p>\n\n\n\n<ul class=\"wp-block-list\">\n<li>no <strong>in\u00edcio <\/strong>de funcionamento do estabelecimento, no caso de atividades espor\u00e1dicas;<\/li>\n\n\n\n<li>no <strong>in\u00edcio<\/strong> das atividades eventuais.<\/li>\n<\/ul>\n\n\n\n<p>Todavia, h\u00e1 alguns contribuintes que s\u00e3o <strong><mark style=\"background-color:rgba(0, 0, 0, 0)\" class=\"has-inline-color has-vivid-cyan-blue-color\">isentos <\/mark><\/strong>do pagamento desta taxa, como os \u00f3rg\u00e3os da <strong>Administra\u00e7\u00e3o <\/strong>Direta, funda\u00e7\u00f5es e autarquias de todos os entes; os estabelecimentos explorados nos eventos <strong>\u201cFesta do Verde\u201d<\/strong> e <strong>\u201cFesta da Primavera<\/strong>\u201d; os participantes da <strong>\u201cFeira de Livros\u201d<\/strong>; os <strong>aut\u00f4nomos <\/strong>que desenvolvam atividade que <strong>n\u00e3o <\/strong>exija forma\u00e7\u00e3o espec\u00edfica; bem como o <strong>MEI<\/strong>.<\/p>\n\n\n\n<h2 class=\"wp-block-heading\"><mark style=\"background-color:rgba(0, 0, 0, 0)\" class=\"has-inline-color has-vivid-cyan-blue-color\">Taxa de Fiscaliza\u00e7\u00e3o de An\u00fancios<\/mark><\/h2>\n\n\n\n<p>A Taxa de Fiscaliza\u00e7\u00e3o de An\u00fancios, a qual tamb\u00e9m est\u00e1 relacionada ao <strong>poder de pol\u00edcia<\/strong> do Munic\u00edpio, possui como <strong>fato gerador<\/strong> a atividade de <strong>fiscaliza\u00e7\u00e3o <\/strong>do cumprimento da legisla\u00e7\u00e3o disciplinadora da <strong>explora\u00e7\u00e3o de an\u00fancios<\/strong> nas vias e nos logradouros p\u00fablicos, ou em locais deles vis\u00edveis ou aud\u00edveis.<\/p>\n\n\n\n<p>Ele ser\u00e1 considerado <strong>ocorrido<\/strong>:<\/p>\n\n\n\n<ul class=\"wp-block-list\">\n<li>sendo <strong><mark style=\"background-color:rgba(0, 0, 0, 0)\" class=\"has-inline-color has-vivid-cyan-blue-color\">anual<\/mark><\/strong>, na <strong>data de in\u00edcio <\/strong>da utiliza\u00e7\u00e3o ou explora\u00e7\u00e3o do an\u00fancio, relativamente ao primeiro ano; e em <strong>1\u00ba de janeiro<\/strong> de cada exerc\u00edcio, nos anos subsequentes;<\/li>\n\n\n\n<li>nos casos de incid\u00eancia <strong><mark style=\"background-color:rgba(0, 0, 0, 0)\" class=\"has-inline-color has-vivid-cyan-blue-color\">mensal<\/mark><\/strong>, na data de <strong>in\u00edcio <\/strong>da utiliza\u00e7\u00e3o ou explora\u00e7\u00e3o do an\u00fancio e, nos per\u00edodos posteriores, no <strong>1\u00ba dia do m\u00eas<\/strong>.<\/li>\n<\/ul>\n\n\n\n<p><strong><mark style=\"background-color:rgba(0, 0, 0, 0)\" class=\"has-inline-color has-vivid-red-color\">FIQUE ATENTO:<\/mark><\/strong> A taxa incide <strong>uma \u00fanica vez <\/strong>por <strong>per\u00edodo <\/strong>de incid\u00eancia, <strong>independentemente <\/strong>da <strong>quantidade <\/strong>de mensagens veiculadas no an\u00fancio.<\/p>\n\n\n\n<p>Assim como na taxa anterior, s\u00e3o tamb\u00e9m <strong><mark style=\"background-color:rgba(0, 0, 0, 0)\" class=\"has-inline-color has-vivid-cyan-blue-color\">isentos <\/mark><\/strong>desta taxa os estabelecimentos explorados nos eventos \u201cFesta do Verde\u201d e \u201cFesta da Primavera\u201d; os participantes da \u201cFeira de Livros\u201d; e o MEI.<\/p>\n\n\n\n<p>Al\u00e9m disso, h\u00e1 tamb\u00e9m v\u00e1rias hip\u00f3teses de <strong><mark style=\"background-color:rgba(0, 0, 0, 0)\" class=\"has-inline-color has-vivid-cyan-blue-color\">n\u00e3o incid\u00eancia<\/mark><\/strong> desta taxa, como:<\/p>\n\n\n\n<ul class=\"wp-block-list\">\n<li>os an\u00fancios destinados a fins <strong>patri\u00f3ticos <\/strong>e \u00e0 propaganda de<strong> partidos pol\u00edticos<\/strong>;<\/li>\n\n\n\n<li>os an\u00fancios no <strong>interior <\/strong>de estabelecimentos, divulgando mercadorias neles negociados, <strong>salvo <\/strong>os de transmiss\u00e3o por via <strong>sonora<\/strong>, se aud\u00edveis das vias e logradouros p\u00fablicos;<\/li>\n\n\n\n<li>os an\u00fancios de <strong>entidades p\u00fablicas<\/strong>, ordens e cultos <strong>religiosos<\/strong>, asilos, orfanatos, entidades sindicais, ordens ou associa\u00e7\u00f5es profissionais e representa\u00e7\u00f5es diplom\u00e1ticas, hospitais, sociedades beneficentes, culturais, esportivas e entidades declaradas de utilidade p\u00fablica, quando colocados nas respectivas sedes ou depend\u00eancias;<\/li>\n\n\n\n<li>aos an\u00fancios que contiverem apenas a<strong> denomina\u00e7\u00e3o do pr\u00e9dio;<\/strong><\/li>\n\n\n\n<li>entre outros.<\/li>\n<\/ul>\n\n\n\n<h2 class=\"wp-block-heading\"><mark style=\"background-color:rgba(0, 0, 0, 0)\" class=\"has-inline-color has-vivid-cyan-blue-color\">Taxa de Res\u00edduos S\u00f3lidos de Servi\u00e7os de Sa\u00fade<\/mark><\/h2>\n\n\n\n<p>Por fim, a Taxa de Res\u00edduos S\u00f3lidos de Servi\u00e7os de Sa\u00fade possui como <strong>fato gerador<\/strong> a <strong>utiliza\u00e7\u00e3o potencia<\/strong>l do <strong>servi\u00e7o p\u00fablico<\/strong> de coleta, transporte, tratamento e destina\u00e7\u00e3o final de res\u00edduos s\u00f3lidos de servi\u00e7os de sa\u00fade, de frui\u00e7\u00e3o obrigat\u00f3ria, prestados em regime p\u00fablico.<\/p>\n\n\n\n<p>Elas s\u00e3o destinadas a <strong>custear <\/strong>os servi\u00e7os de coleta de res\u00edduos s\u00f3lidos de servi\u00e7os de sa\u00fade, de frui\u00e7\u00e3o obrigat\u00f3ria, prestados em regime p\u00fablico nos limites territoriais do Munic\u00edpio de S\u00e3o Paulo.<\/p>\n\n\n\n<p>Em rela\u00e7\u00e3o ao <strong>momento<\/strong> do fato gerador, ele \u00e9 considerado ocorrido no <strong>\u00faltimo dia de cada m\u00eas<\/strong>, sendo o seu <strong>vencimento <\/strong>no <strong>5\u00ba dia \u00fatil do m\u00eas subsequente<\/strong>.<\/p>\n\n\n\n<h2 class=\"wp-block-heading\"><mark style=\"background-color:rgba(0, 0, 0, 0)\" class=\"has-inline-color has-vivid-cyan-blue-color\">Finalizando<\/mark><\/h2>\n\n\n\n<p>Bom, pessoal! Chegamos ao fim do nosso resumo sobre as taxas, no Decreto 62.137\/2022, para o ISS-SP. Esperamos que tenham gostado.<\/p>\n\n\n\n<p>Vale destacar que este \u00e9 apenas um resumo deste imposto. \u00c9 importante que voc\u00ea fa\u00e7a a leitura integral da norma em quest\u00e3o.<\/p>\n\n\n\n<p>Caso queira se preparar para chegar\u00a0<strong>competitivo\u00a0<\/strong>nesta prova, invista nos \u00a0<a href=\"https:\/\/www.estrategiaconcursos.com.br\/cursosPorConcurso\/iss-sp-17\" target=\"_blank\" rel=\"noreferrer noopener\"><strong>cursos para o ISS SP do Estrat\u00e9gia Concursos<\/strong><\/a>. L\u00e1 voc\u00ea encontrar\u00e1\u00a0<strong>aulas completas e detalhadas, com os melhores professores do mercado<\/strong>.<\/p>\n\n\n\n<p>Conhe\u00e7a tamb\u00e9m o&nbsp;<a href=\"https:\/\/questoes.estrategiaconcursos.com.br\/\" target=\"_blank\" rel=\"noreferrer noopener\"><strong>Sistema de Quest\u00f5es do Estrat\u00e9gia<\/strong><\/a>. Afinal, a \u00fanica maneira de&nbsp;<strong>consolidar o conte\u00fado&nbsp;<\/strong>de maneira satisfat\u00f3ria \u00e9 atrav\u00e9s da&nbsp;<strong>resolu\u00e7\u00e3o de quest\u00f5es.<\/strong><\/p>\n\n\n\n<p>Bons estudos a todos e at\u00e9 a pr\u00f3xima.<\/p>\n\n\n\n<h2 class=\"wp-block-heading has-text-align-center\" id=\"h-cursos-e-assinaturas\">Cursos e Assinaturas <\/h2>\n\n\n\n<p>Prepare-se com o melhor material e com quem mais aprova em Concursos P\u00fablicos em todo o pa\u00eds!<\/p>\n\n\n\n<p class=\"has-text-align-center has-vivid-cyan-blue-color has-text-color has-background\" style=\"background-color:#0078bd\"><a href=\"https:\/\/www.estrategiaconcursos.com.br\/blog\/concursos-abertos\/\" target=\"_blank\" rel=\"noreferrer noopener\"><strong><mark style=\"background-color:rgba(0, 0, 0, 0)\" class=\"has-inline-color has-white-color\">Concursos Abertos<\/mark><\/strong><\/a><\/p>\n\n\n\n<p class=\"has-text-align-center has-vivid-cyan-blue-color has-text-color has-background\" style=\"background-color:#0078bd\"><a href=\"https:\/\/www.estrategiaconcursos.com.br\/blog\/concursos-2023\/\" target=\"_blank\" rel=\"noreferrer noopener\"><strong><mark style=\"background-color:rgba(0, 0, 0, 0)\" class=\"has-inline-color has-white-color\">Concursos 2023<\/mark><\/strong><\/a><\/p>\n\n\n\n<div class=\"container\" id=\"boxes\">\n  <div class=\"row\">\n    <div class=\"col-sm\">\n      <div class=\"estrategia\" id=\"box-assinatura\">\n        <h3 class=\"titulo-assinatura\">Assinatura de Concursos<\/h3>\n        <p class=\"subtitulo-assinatura\">Assinatura de 1 ano ou 2 anos<\/p>\n        <div class=\"box-botao\">\n          <a class=\"btn-assinatura\" target=\"_blank\" href=\"https:\/\/www.estrategiaconcursos.com.br\/assinaturas\/\" role=\"button\" rel=\"noopener noreferrer\">ASSINE AGORA<\/a>\n        <\/div>\n      <\/div>\n      \n    <\/div><\/div><\/div>\n\n\n\n<div class=\"container\" id=\"boxes\">\r\n  <div class=\"row\">\r\n\r\n    <div class=\"col-sm\">\r\n      <div class=\"banner-fiscal-01\" id=\"box-assinatura\">\r\n        <h3 class=\"titulo-assinatura\">Concurso ISS SP<\/h3>\r\n        <p class=\"subtitulo-assinatura\">Conhe\u00e7a os cursos<\/p>\r\n        <div class=\"box-botao\">\r\n          <a class=\"btn-assinatura\" target=\"_blank\" href=\"https:\/\/www.estrategiaconcursos.com.br\/cursosPorConcurso\/iss-sp-17\/\" role=\"button\" rel=\"noopener noreferrer\">Conhe\u00e7a mais<\/a>\r\n        <\/div>\r\n      <\/div>\r\n    \r\n    <\/div>\r\n\r\n  <\/div>\r\n<\/div>\n","protected":false},"excerpt":{"rendered":"<p>Veja neste artigo um resumo sobre as Taxas do munic\u00edpio de S\u00e3o Paulo, no&nbsp;Decreto 62.137\/2022, para o ISS-SP. Ol\u00e1, pessoal! Tudo bem com voc\u00eas? O concurso de Auditor Fiscal do ISS-SP est\u00e1 chegando, com uma remunera\u00e7\u00e3o inicial de R$ 26.049,51. Como est\u00e1 a sua prepara\u00e7\u00e3o? Bom, com o intuito de auxili\u00e1-los para esta prova, iremos [&hellip;]<\/p>\n","protected":false},"author":1976,"featured_media":1056301,"comment_status":"open","ping_status":"closed","sticky":false,"template":"","format":"standard","meta":{"post_tipo":"article","footnotes":""},"categories":[1,220183],"tags":[],"tax_estado":[219963,219989],"class_list":["post-1234186","post","type-post","status-publish","format-standard","has-post-thumbnail","hentry","category-cursos-e-concursos","category-fiscal-municipal","tax_estado-concursos-federais","tax_estado-sp"],"acf":[],"yoast_head":"<!-- This site is optimized with the Yoast SEO Premium plugin v27.2 (Yoast SEO v27.2) - https:\/\/yoast.com\/product\/yoast-seo-premium-wordpress\/ -->\n<title>Resumo das Taxas no Decreto 62.137\/22 para o ISS-SP<\/title>\n<meta name=\"description\" content=\"Veja neste artigo um resumo sobre as Taxas do munic\u00edpio de S\u00e3o Paulo, no\u00a0Decreto 62.137\/2022, para o concurso do ISS-SP.\" \/>\n<meta name=\"robots\" content=\"index, follow, max-snippet:-1, max-image-preview:large, max-video-preview:-1\" \/>\n<link rel=\"canonical\" href=\"https:\/\/www.estrategiaconcursos.com.br\/blog\/resumo-taxas-iss-sp\/\" \/>\n<meta property=\"og:locale\" content=\"pt_BR\" \/>\n<meta property=\"og:type\" content=\"article\" \/>\n<meta property=\"og:title\" content=\"Resumo das Taxas no Decreto 62.137\/22 para o ISS-SP\" \/>\n<meta property=\"og:description\" content=\"Veja neste artigo um resumo sobre as Taxas do munic\u00edpio de S\u00e3o Paulo, no\u00a0Decreto 62.137\/2022, para o concurso do ISS-SP.\" \/>\n<meta property=\"og:url\" content=\"https:\/\/www.estrategiaconcursos.com.br\/blog\/resumo-taxas-iss-sp\/\" \/>\n<meta property=\"og:site_name\" content=\"Estrat\u00e9gia Concursos\" \/>\n<meta property=\"article:published_time\" content=\"2023-07-18T17:00:00+00:00\" \/>\n<meta property=\"og:image\" content=\"https:\/\/dhg1h5j42swfq.cloudfront.net\/2022\/07\/06133946\/iss_sp.jpg\" \/>\n\t<meta property=\"og:image:width\" content=\"768\" \/>\n\t<meta property=\"og:image:height\" content=\"432\" \/>\n\t<meta property=\"og:image:type\" content=\"image\/jpeg\" \/>\n<meta name=\"author\" content=\"Kassio Henrique Sobral Rocha\" \/>\n<meta name=\"twitter:card\" content=\"summary_large_image\" \/>\n<meta name=\"twitter:creator\" content=\"@EstratConcursos\" \/>\n<meta name=\"twitter:site\" content=\"@EstratConcursos\" \/>\n<meta name=\"twitter:label1\" content=\"Escrito por\" \/>\n\t<meta name=\"twitter:data1\" content=\"Kassio Henrique Sobral Rocha\" \/>\n\t<meta name=\"twitter:label2\" content=\"Est. tempo de leitura\" \/>\n\t<meta name=\"twitter:data2\" content=\"5 minutos\" \/>\n<script type=\"application\/ld+json\" class=\"yoast-schema-graph\">{\"@context\":\"https:\/\/schema.org\",\"@graph\":[{\"@type\":\"NewsArticle\",\"@id\":\"https:\/\/www.estrategiaconcursos.com.br\/blog\/resumo-taxas-iss-sp\/#article\",\"isPartOf\":{\"@id\":\"https:\/\/www.estrategiaconcursos.com.br\/blog\/resumo-taxas-iss-sp\/\"},\"author\":{\"name\":\"Kassio Henrique Sobral Rocha\",\"@id\":\"https:\/\/www.estrategiaconcursos.com.br\/blog\/#\/schema\/person\/f0c830e07cfe11c231c0ea5dbb036df5\"},\"headline\":\"Resumo das Taxas no Decreto 62.137\/22 para o ISS-SP\",\"datePublished\":\"2023-07-18T17:00:00+00:00\",\"mainEntityOfPage\":{\"@id\":\"https:\/\/www.estrategiaconcursos.com.br\/blog\/resumo-taxas-iss-sp\/\"},\"wordCount\":1052,\"commentCount\":0,\"publisher\":{\"@id\":\"https:\/\/www.estrategiaconcursos.com.br\/blog\/#organization\"},\"image\":{\"@id\":\"https:\/\/www.estrategiaconcursos.com.br\/blog\/resumo-taxas-iss-sp\/#primaryimage\"},\"thumbnailUrl\":\"https:\/\/dhg1h5j42swfq.cloudfront.net\/2022\/07\/06133946\/iss_sp.jpg\",\"articleSection\":[\"Concursos P\u00fablicos\",\"Fiscal - Municipal (ISS)\"],\"inLanguage\":\"pt-BR\",\"potentialAction\":[{\"@type\":\"CommentAction\",\"name\":\"Comment\",\"target\":[\"https:\/\/www.estrategiaconcursos.com.br\/blog\/resumo-taxas-iss-sp\/#respond\"]}],\"copyrightYear\":\"2023\",\"copyrightHolder\":{\"@id\":\"https:\/\/www.estrategiaconcursos.com.br\/blog\/#organization\"}},{\"@type\":\"WebPage\",\"@id\":\"https:\/\/www.estrategiaconcursos.com.br\/blog\/resumo-taxas-iss-sp\/\",\"url\":\"https:\/\/www.estrategiaconcursos.com.br\/blog\/resumo-taxas-iss-sp\/\",\"name\":\"Resumo das Taxas no Decreto 62.137\/22 para o ISS-SP\",\"isPartOf\":{\"@id\":\"https:\/\/www.estrategiaconcursos.com.br\/blog\/#website\"},\"primaryImageOfPage\":{\"@id\":\"https:\/\/www.estrategiaconcursos.com.br\/blog\/resumo-taxas-iss-sp\/#primaryimage\"},\"image\":{\"@id\":\"https:\/\/www.estrategiaconcursos.com.br\/blog\/resumo-taxas-iss-sp\/#primaryimage\"},\"thumbnailUrl\":\"https:\/\/dhg1h5j42swfq.cloudfront.net\/2022\/07\/06133946\/iss_sp.jpg\",\"datePublished\":\"2023-07-18T17:00:00+00:00\",\"description\":\"Veja neste artigo um resumo sobre as Taxas do munic\u00edpio de S\u00e3o Paulo, no\u00a0Decreto 62.137\/2022, para o concurso do ISS-SP.\",\"breadcrumb\":{\"@id\":\"https:\/\/www.estrategiaconcursos.com.br\/blog\/resumo-taxas-iss-sp\/#breadcrumb\"},\"inLanguage\":\"pt-BR\",\"potentialAction\":[{\"@type\":\"ReadAction\",\"target\":[\"https:\/\/www.estrategiaconcursos.com.br\/blog\/resumo-taxas-iss-sp\/\"]}]},{\"@type\":\"ImageObject\",\"inLanguage\":\"pt-BR\",\"@id\":\"https:\/\/www.estrategiaconcursos.com.br\/blog\/resumo-taxas-iss-sp\/#primaryimage\",\"url\":\"https:\/\/dhg1h5j42swfq.cloudfront.net\/2022\/07\/06133946\/iss_sp.jpg\",\"contentUrl\":\"https:\/\/dhg1h5j42swfq.cloudfront.net\/2022\/07\/06133946\/iss_sp.jpg\",\"width\":768,\"height\":432,\"caption\":\"iss sp\"},{\"@type\":\"BreadcrumbList\",\"@id\":\"https:\/\/www.estrategiaconcursos.com.br\/blog\/resumo-taxas-iss-sp\/#breadcrumb\",\"itemListElement\":[{\"@type\":\"ListItem\",\"position\":1,\"name\":\"In\u00edcio\",\"item\":\"https:\/\/www.estrategiaconcursos.com.br\/blog\/\"},{\"@type\":\"ListItem\",\"position\":2,\"name\":\"Resumo das Taxas no Decreto 62.137\/22 para o ISS-SP\"}]},{\"@type\":\"WebSite\",\"@id\":\"https:\/\/www.estrategiaconcursos.com.br\/blog\/#website\",\"url\":\"https:\/\/www.estrategiaconcursos.com.br\/blog\/\",\"name\":\"Estrat\u00e9gia Concursos\",\"description\":\"O blog da Estrat\u00e9gia Concursos traz not\u00edcias sobre concursos e artigos de professores oferecendo cursos para concursos (pdf + videaulas) no site.\",\"publisher\":{\"@id\":\"https:\/\/www.estrategiaconcursos.com.br\/blog\/#organization\"},\"potentialAction\":[{\"@type\":\"SearchAction\",\"target\":{\"@type\":\"EntryPoint\",\"urlTemplate\":\"https:\/\/www.estrategiaconcursos.com.br\/blog\/?s={search_term_string}\"},\"query-input\":{\"@type\":\"PropertyValueSpecification\",\"valueRequired\":true,\"valueName\":\"search_term_string\"}}],\"inLanguage\":\"pt-BR\"},{\"@type\":\"Organization\",\"@id\":\"https:\/\/www.estrategiaconcursos.com.br\/blog\/#organization\",\"name\":\"Estrat\u00e9gia Concursos\",\"url\":\"https:\/\/www.estrategiaconcursos.com.br\/blog\/\",\"logo\":{\"@type\":\"ImageObject\",\"inLanguage\":\"pt-BR\",\"@id\":\"https:\/\/www.estrategiaconcursos.com.br\/blog\/#\/schema\/logo\/image\/\",\"url\":\"https:\/\/dhg1h5j42swfq.cloudfront.net\/2025\/06\/03203428\/logo_concursos-1.jpg\",\"contentUrl\":\"https:\/\/dhg1h5j42swfq.cloudfront.net\/2025\/06\/03203428\/logo_concursos-1.jpg\",\"width\":230,\"height\":60,\"caption\":\"Estrat\u00e9gia Concursos\"},\"image\":{\"@id\":\"https:\/\/www.estrategiaconcursos.com.br\/blog\/#\/schema\/logo\/image\/\"},\"sameAs\":[\"https:\/\/x.com\/EstratConcursos\"]},{\"@type\":\"Person\",\"@id\":\"https:\/\/www.estrategiaconcursos.com.br\/blog\/#\/schema\/person\/f0c830e07cfe11c231c0ea5dbb036df5\",\"name\":\"Kassio Henrique Sobral Rocha\",\"image\":{\"@type\":\"ImageObject\",\"inLanguage\":\"pt-BR\",\"@id\":\"https:\/\/secure.gravatar.com\/avatar\/d10350cbdad043facd8ec77a377f86f9026afee3348e463b04854fd4490ce759?s=96&d=mm&r=g\",\"url\":\"https:\/\/secure.gravatar.com\/avatar\/d10350cbdad043facd8ec77a377f86f9026afee3348e463b04854fd4490ce759?s=96&d=mm&r=g\",\"contentUrl\":\"https:\/\/secure.gravatar.com\/avatar\/d10350cbdad043facd8ec77a377f86f9026afee3348e463b04854fd4490ce759?s=96&d=mm&r=g\",\"caption\":\"Kassio Henrique Sobral Rocha\"},\"url\":\"https:\/\/www.estrategiaconcursos.com.br\/blog\/author\/kassio-rochayahoo-com-br\/\"}]}<\/script>\n<!-- \/ Yoast SEO Premium plugin. -->","yoast_head_json":{"title":"Resumo das Taxas no Decreto 62.137\/22 para o ISS-SP","description":"Veja neste artigo um resumo sobre as Taxas do munic\u00edpio de S\u00e3o Paulo, no\u00a0Decreto 62.137\/2022, para o concurso do ISS-SP.","robots":{"index":"index","follow":"follow","max-snippet":"max-snippet:-1","max-image-preview":"max-image-preview:large","max-video-preview":"max-video-preview:-1"},"canonical":"https:\/\/www.estrategiaconcursos.com.br\/blog\/resumo-taxas-iss-sp\/","og_locale":"pt_BR","og_type":"article","og_title":"Resumo das Taxas no Decreto 62.137\/22 para o ISS-SP","og_description":"Veja neste artigo um resumo sobre as Taxas do munic\u00edpio de S\u00e3o Paulo, no\u00a0Decreto 62.137\/2022, para o concurso do ISS-SP.","og_url":"https:\/\/www.estrategiaconcursos.com.br\/blog\/resumo-taxas-iss-sp\/","og_site_name":"Estrat\u00e9gia Concursos","article_published_time":"2023-07-18T17:00:00+00:00","og_image":[{"width":768,"height":432,"url":"https:\/\/dhg1h5j42swfq.cloudfront.net\/2022\/07\/06133946\/iss_sp.jpg","type":"image\/jpeg"}],"author":"Kassio Henrique Sobral Rocha","twitter_card":"summary_large_image","twitter_creator":"@EstratConcursos","twitter_site":"@EstratConcursos","twitter_misc":{"Escrito por":"Kassio Henrique Sobral Rocha","Est. tempo de leitura":"5 minutos"},"schema":{"@context":"https:\/\/schema.org","@graph":[{"@type":"NewsArticle","@id":"https:\/\/www.estrategiaconcursos.com.br\/blog\/resumo-taxas-iss-sp\/#article","isPartOf":{"@id":"https:\/\/www.estrategiaconcursos.com.br\/blog\/resumo-taxas-iss-sp\/"},"author":{"name":"Kassio Henrique Sobral Rocha","@id":"https:\/\/www.estrategiaconcursos.com.br\/blog\/#\/schema\/person\/f0c830e07cfe11c231c0ea5dbb036df5"},"headline":"Resumo das Taxas no Decreto 62.137\/22 para o ISS-SP","datePublished":"2023-07-18T17:00:00+00:00","mainEntityOfPage":{"@id":"https:\/\/www.estrategiaconcursos.com.br\/blog\/resumo-taxas-iss-sp\/"},"wordCount":1052,"commentCount":0,"publisher":{"@id":"https:\/\/www.estrategiaconcursos.com.br\/blog\/#organization"},"image":{"@id":"https:\/\/www.estrategiaconcursos.com.br\/blog\/resumo-taxas-iss-sp\/#primaryimage"},"thumbnailUrl":"https:\/\/dhg1h5j42swfq.cloudfront.net\/2022\/07\/06133946\/iss_sp.jpg","articleSection":["Concursos P\u00fablicos","Fiscal - Municipal (ISS)"],"inLanguage":"pt-BR","potentialAction":[{"@type":"CommentAction","name":"Comment","target":["https:\/\/www.estrategiaconcursos.com.br\/blog\/resumo-taxas-iss-sp\/#respond"]}],"copyrightYear":"2023","copyrightHolder":{"@id":"https:\/\/www.estrategiaconcursos.com.br\/blog\/#organization"}},{"@type":"WebPage","@id":"https:\/\/www.estrategiaconcursos.com.br\/blog\/resumo-taxas-iss-sp\/","url":"https:\/\/www.estrategiaconcursos.com.br\/blog\/resumo-taxas-iss-sp\/","name":"Resumo das Taxas no Decreto 62.137\/22 para o ISS-SP","isPartOf":{"@id":"https:\/\/www.estrategiaconcursos.com.br\/blog\/#website"},"primaryImageOfPage":{"@id":"https:\/\/www.estrategiaconcursos.com.br\/blog\/resumo-taxas-iss-sp\/#primaryimage"},"image":{"@id":"https:\/\/www.estrategiaconcursos.com.br\/blog\/resumo-taxas-iss-sp\/#primaryimage"},"thumbnailUrl":"https:\/\/dhg1h5j42swfq.cloudfront.net\/2022\/07\/06133946\/iss_sp.jpg","datePublished":"2023-07-18T17:00:00+00:00","description":"Veja neste artigo um resumo sobre as Taxas do munic\u00edpio de S\u00e3o Paulo, no\u00a0Decreto 62.137\/2022, para o concurso do ISS-SP.","breadcrumb":{"@id":"https:\/\/www.estrategiaconcursos.com.br\/blog\/resumo-taxas-iss-sp\/#breadcrumb"},"inLanguage":"pt-BR","potentialAction":[{"@type":"ReadAction","target":["https:\/\/www.estrategiaconcursos.com.br\/blog\/resumo-taxas-iss-sp\/"]}]},{"@type":"ImageObject","inLanguage":"pt-BR","@id":"https:\/\/www.estrategiaconcursos.com.br\/blog\/resumo-taxas-iss-sp\/#primaryimage","url":"https:\/\/dhg1h5j42swfq.cloudfront.net\/2022\/07\/06133946\/iss_sp.jpg","contentUrl":"https:\/\/dhg1h5j42swfq.cloudfront.net\/2022\/07\/06133946\/iss_sp.jpg","width":768,"height":432,"caption":"iss sp"},{"@type":"BreadcrumbList","@id":"https:\/\/www.estrategiaconcursos.com.br\/blog\/resumo-taxas-iss-sp\/#breadcrumb","itemListElement":[{"@type":"ListItem","position":1,"name":"In\u00edcio","item":"https:\/\/www.estrategiaconcursos.com.br\/blog\/"},{"@type":"ListItem","position":2,"name":"Resumo das Taxas no Decreto 62.137\/22 para o ISS-SP"}]},{"@type":"WebSite","@id":"https:\/\/www.estrategiaconcursos.com.br\/blog\/#website","url":"https:\/\/www.estrategiaconcursos.com.br\/blog\/","name":"Estrat\u00e9gia Concursos","description":"O blog da Estrat\u00e9gia Concursos traz not\u00edcias sobre concursos e artigos de professores oferecendo cursos para concursos (pdf + videaulas) no site.","publisher":{"@id":"https:\/\/www.estrategiaconcursos.com.br\/blog\/#organization"},"potentialAction":[{"@type":"SearchAction","target":{"@type":"EntryPoint","urlTemplate":"https:\/\/www.estrategiaconcursos.com.br\/blog\/?s={search_term_string}"},"query-input":{"@type":"PropertyValueSpecification","valueRequired":true,"valueName":"search_term_string"}}],"inLanguage":"pt-BR"},{"@type":"Organization","@id":"https:\/\/www.estrategiaconcursos.com.br\/blog\/#organization","name":"Estrat\u00e9gia Concursos","url":"https:\/\/www.estrategiaconcursos.com.br\/blog\/","logo":{"@type":"ImageObject","inLanguage":"pt-BR","@id":"https:\/\/www.estrategiaconcursos.com.br\/blog\/#\/schema\/logo\/image\/","url":"https:\/\/dhg1h5j42swfq.cloudfront.net\/2025\/06\/03203428\/logo_concursos-1.jpg","contentUrl":"https:\/\/dhg1h5j42swfq.cloudfront.net\/2025\/06\/03203428\/logo_concursos-1.jpg","width":230,"height":60,"caption":"Estrat\u00e9gia Concursos"},"image":{"@id":"https:\/\/www.estrategiaconcursos.com.br\/blog\/#\/schema\/logo\/image\/"},"sameAs":["https:\/\/x.com\/EstratConcursos"]},{"@type":"Person","@id":"https:\/\/www.estrategiaconcursos.com.br\/blog\/#\/schema\/person\/f0c830e07cfe11c231c0ea5dbb036df5","name":"Kassio Henrique Sobral Rocha","image":{"@type":"ImageObject","inLanguage":"pt-BR","@id":"https:\/\/secure.gravatar.com\/avatar\/d10350cbdad043facd8ec77a377f86f9026afee3348e463b04854fd4490ce759?s=96&d=mm&r=g","url":"https:\/\/secure.gravatar.com\/avatar\/d10350cbdad043facd8ec77a377f86f9026afee3348e463b04854fd4490ce759?s=96&d=mm&r=g","contentUrl":"https:\/\/secure.gravatar.com\/avatar\/d10350cbdad043facd8ec77a377f86f9026afee3348e463b04854fd4490ce759?s=96&d=mm&r=g","caption":"Kassio Henrique Sobral Rocha"},"url":"https:\/\/www.estrategiaconcursos.com.br\/blog\/author\/kassio-rochayahoo-com-br\/"}]}},"_links":{"self":[{"href":"https:\/\/www.estrategiaconcursos.com.br\/blog\/wp-json\/wp\/v2\/posts\/1234186","targetHints":{"allow":["GET"]}}],"collection":[{"href":"https:\/\/www.estrategiaconcursos.com.br\/blog\/wp-json\/wp\/v2\/posts"}],"about":[{"href":"https:\/\/www.estrategiaconcursos.com.br\/blog\/wp-json\/wp\/v2\/types\/post"}],"author":[{"embeddable":true,"href":"https:\/\/www.estrategiaconcursos.com.br\/blog\/wp-json\/wp\/v2\/users\/1976"}],"replies":[{"embeddable":true,"href":"https:\/\/www.estrategiaconcursos.com.br\/blog\/wp-json\/wp\/v2\/comments?post=1234186"}],"version-history":[{"count":10,"href":"https:\/\/www.estrategiaconcursos.com.br\/blog\/wp-json\/wp\/v2\/posts\/1234186\/revisions"}],"predecessor-version":[{"id":1247605,"href":"https:\/\/www.estrategiaconcursos.com.br\/blog\/wp-json\/wp\/v2\/posts\/1234186\/revisions\/1247605"}],"wp:featuredmedia":[{"embeddable":true,"href":"https:\/\/www.estrategiaconcursos.com.br\/blog\/wp-json\/wp\/v2\/media\/1056301"}],"wp:attachment":[{"href":"https:\/\/www.estrategiaconcursos.com.br\/blog\/wp-json\/wp\/v2\/media?parent=1234186"}],"wp:term":[{"taxonomy":"category","embeddable":true,"href":"https:\/\/www.estrategiaconcursos.com.br\/blog\/wp-json\/wp\/v2\/categories?post=1234186"},{"taxonomy":"post_tag","embeddable":true,"href":"https:\/\/www.estrategiaconcursos.com.br\/blog\/wp-json\/wp\/v2\/tags?post=1234186"},{"taxonomy":"tax_estado","embeddable":true,"href":"https:\/\/www.estrategiaconcursos.com.br\/blog\/wp-json\/wp\/v2\/tax_estado?post=1234186"}],"curies":[{"name":"wp","href":"https:\/\/api.w.org\/{rel}","templated":true}]}}