{"id":1234091,"date":"2024-10-11T06:15:00","date_gmt":"2024-10-11T09:15:00","guid":{"rendered":"https:\/\/www.estrategiaconcursos.com.br\/blog\/?p=1234091"},"modified":"2024-10-11T09:11:53","modified_gmt":"2024-10-11T12:11:53","slug":"concurso-capes","status":"publish","type":"post","link":"https:\/\/www.estrategiaconcursos.com.br\/blog\/concurso-capes\/","title":{"rendered":"Concurso CAPES: autorizada a nomea\u00e7\u00e3o de 50 aprovados"},"content":{"rendered":"\n<p>Foi publicada no Di\u00e1rio Oficial da Uni\u00e3o (11\/10), a <strong>autoriza\u00e7\u00e3o da nomea\u00e7\u00e3o de 50 pessoas candidatas aprovadas<\/strong> no concurso p\u00fablico para provimento de cargos no quadro de pessoal da Coordena\u00e7\u00e3o de Aperfei\u00e7oamento de Pessoal de N\u00edvel Superior (<strong>CAPES<\/strong>). Confira abaixo:<\/p>\n\n\n\n<ul class=\"wp-block-list\">\n<li><a href=\"https:\/\/www.in.gov.br\/en\/web\/dou\/-\/portaria-mgi-n-7.531-de-10-de-outubro-de-2024-589484529\">Autoriza\u00e7\u00e3o (Nomea\u00e7\u00e3o)<\/a><\/li>\n<\/ul>\n\n\n\n<p>O certame ofertou <strong>50 vagas para o cargo de Analista em Ci\u00eancia e Tecnologia<\/strong>, de n\u00edvel superior de escolaridade em diversas especialidades. Os profissionais aprovados ter\u00e3o a chance de obter ganhos iniciais de <strong>R$ 7 mil!<\/strong><\/p>\n\n\n\n<ul class=\"wp-block-list has-very-light-gray-to-cyan-bluish-gray-gradient-background has-background\">\n<li><strong>Coordena\u00e7\u00e3o de Aperfei\u00e7oamento de Pessoal de N\u00edvel Superior &#8211; CAPES<\/strong><\/li>\n\n\n\n<li><strong>Status:&nbsp;<\/strong>nomea\u00e7\u00e3o autorizada<\/li>\n\n\n\n<li><strong>Banca:<\/strong>&nbsp;<a href=\"https:\/\/www.cebraspe.org.br\/concursos\/capes_23\">Cebraspe<\/a><\/li>\n\n\n\n<li><strong>Vagas:<\/strong>&nbsp;50<\/li>\n\n\n\n<li><strong>Sal\u00e1rio inicial:<\/strong>&nbsp;R$ 7.025,48<\/li>\n\n\n\n<li><a href=\"https:\/\/dhg1h5j42swfq.cloudfront.net\/2023\/12\/15053549\/concurso-capes.pdf\" target=\"_blank\" rel=\"noreferrer noopener nofollow\"><strong>CAPES &#8211; EDITAL 2023<\/strong><\/a><\/li>\n<\/ul>\n\n\n\n<p>A <a href=\"https:\/\/dhg1h5j42swfq.cloudfront.net\/2023\/06\/20112221\/image-206.png\" target=\"_blank\" rel=\"noreferrer noopener nofollow\">autoriza\u00e7\u00e3o do certame<\/a> foi publicada de forma conjunta com os demais concursos federais que, juntos, <a href=\"https:\/\/www.estrategiaconcursos.com.br\/blog\/novos-concursos-federais-anunciados\/\" target=\"_blank\" rel=\"noreferrer noopener\">somam mais de 4 mil vagas<\/a>.<\/p>\n\n\n\n<p>A fim de te deixar sempre bem informado, elaboramos neste artigo as principais informa\u00e7\u00f5es e novidades sobre o concurso CAPES. Acompanhe os t\u00f3picos abaixo e n\u00e3o perca nenhum detalhe:<\/p>\n\n\n\n<ul id=\"indice\" class=\"wp-block-list\">\n<li><a href=\"#sobre\"><strong>Sobre a Capes<\/strong><\/a><\/li>\n\n\n\n<li><a href=\"#h-principais-datas\"><strong>Principais datas<\/strong><\/a>\n<ul class=\"wp-block-list\">\n<li><a href=\"#inscritos\">N\u00famero de inscritos<\/a><\/li>\n<\/ul>\n<\/li>\n\n\n\n<li><strong><a href=\"#carreira\">Carreira<\/a><\/strong>\n<ul class=\"wp-block-list\">\n<li><a href=\"#h-cargos-e-vagas\">Cargos e vagas<\/a><\/li>\n\n\n\n<li><a href=\"#h-remuneracao\">Remunera\u00e7\u00e3o<\/a><\/li>\n\n\n\n<li><a href=\"#requisitos\">Requisitos<\/a><\/li>\n\n\n\n<li><a href=\"#atribuicoes\">Atribui\u00e7\u00f5es<\/a><\/li>\n<\/ul>\n<\/li>\n\n\n\n<li><strong><a href=\"#estudar\">Cursos e assinaturas<\/a><\/strong><\/li>\n\n\n\n<li><strong><a href=\"#ficha\">Ficha t\u00e9cnica<\/a><\/strong><\/li>\n<\/ul>\n\n\n\n<div class=\"container\" id=\"boxes\">\n  <div class=\"row\">\n\n    <div class=\"col-sm\">\n      <div class=\"banner-estrategia\" id=\"box-assinatura\">\n        <h3 class=\"titulo-assinatura\">Cursos para CAPES<\/h3>\n        <p class=\"subtitulo-assinatura\">Conhe\u00e7a os cursos<\/p>\n        <div class=\"box-botao\">\n          <a class=\"btn-assinatura\" target=\"_blank\" href=\"https:\/\/www.estrategiaconcursos.com.br\/cursosPorConcurso\/capes-100\/\" role=\"button\" rel=\"noopener noreferrer\">Conhe\u00e7a mais<\/a>\n        <\/div>\n      <\/div>\n     \n    <\/div>\n\n  <\/div>\n<\/div>\n\n\n\n<h2 class=\"wp-block-heading\" id=\"h-resultados-do-concurso\">Resultados do concurso<\/h2>\n\n\n\n<ul class=\"wp-block-list\">\n<li><a href=\"https:\/\/cdn.cebraspe.org.br\/concursos\/capes_23\/arquivos\/ED_8_2023_CAPES_RES_FINAL_TITULOS_E_CONCURSO.PDF\" target=\"_blank\" rel=\"noreferrer noopener\">Resultado final na avalia\u00e7\u00e3o de t\u00edtulos e o Resultado final no concurso<\/a>;<\/li>\n\n\n\n<li><a href=\"https:\/\/cdn.cebraspe.org.br\/concursos\/capes_23\/arquivos\/ED_6_2023_CAPES_RES_FINAL_BIOP_HETERO_CONV_TITULOS.PDF\" target=\"_blank\" rel=\"noreferrer noopener\">Resultado final na avalia\u00e7\u00e3o biopsicossocial<\/a>;<\/li>\n\n\n\n<li><a href=\"https:\/\/cdn.cebraspe.org.br\/concursos\/capes_23\/arquivos\/ED_4_2023_CAPES_RES_FINAL_DISC_CONV_BIOP_HETERO.PDF\" target=\"_blank\" rel=\"noreferrer noopener\">Resultado final da prova discursiva<\/a>;<\/li>\n\n\n\n<li><a href=\"https:\/\/cdn.cebraspe.org.br\/concursos\/capes_23\/arquivos\/ED_3_2023_CAPES_RES_FINAL_OBJ_PROV_DISC.PDF\" target=\"_blank\" rel=\"noreferrer noopener\">Resultado final nas provas objetivas<\/a>.<\/li>\n<\/ul>\n\n\n\n<h2 class=\"wp-block-heading\" id=\"sobre\">Sobre a CAPES<\/h2>\n\n\n\n<p>A Coordena\u00e7\u00e3o de Aperfei\u00e7oamento de Pessoal de N\u00edvel Superior (<a href=\"https:\/\/www.gov.br\/capes\/pt-br\/acesso-a-informacao\/institucional\/historia-e-missao\">CAPES<\/a>), funda\u00e7\u00e3o do Minist\u00e9rio da Educa\u00e7\u00e3o (MEC), desempenha papel fundamental na expans\u00e3o e consolida\u00e7\u00e3o da p\u00f3s-gradua\u00e7\u00e3o&nbsp;<em>stricto sensu<\/em>&nbsp;(mestrado e doutorado) em todos os estados da Federa\u00e7\u00e3o. <\/p>\n\n\n\n<p>Em 2007, passou tamb\u00e9m a atuar na forma\u00e7\u00e3o de professores da educa\u00e7\u00e3o b\u00e1sica ampliando o alcance de suas a\u00e7\u00f5es na forma\u00e7\u00e3o de pessoal qualificado no Brasil e no exterior.<\/p>\n\n\n\n<h2 class=\"wp-block-heading\" id=\"h-concurso-capes-principais-datas\">Concurso CAPES: principais datas<\/h2>\n\n\n\n<ul class=\"wp-block-list\">\n<li><s><strong>Inscri\u00e7\u00f5es:<\/strong> 22\/12\/23 e 12\/01\/2024<\/s><\/li>\n\n\n\n<li><s><strong>Isen\u00e7\u00e3o da taxa:<\/strong> 22\/12\/23 e 12\/01\/2024<\/s><\/li>\n\n\n\n<li><strong>\u00daltimo dia para pagamento:<\/strong> <s>02\/02<\/s><\/li>\n\n\n\n<li><strong>Provas:<\/strong> <s>17\/03\/2024<\/s><\/li>\n<\/ul>\n\n\n\n<h3 class=\"wp-block-heading\" id=\"inscritos\">N\u00famero de inscritos no concurso CAPES<\/h3>\n\n\n\n<p>Segundo o documento divulgado no site da banca Cebraspe, o edital registrou 6.134 inscritos, sendo:<\/p>\n\n\n\n<ul class=\"wp-block-list\">\n<li><a href=\"https:\/\/www.estrategiaconcursos.com.br\/curso\/capes-analista-em-ciencia-e-tecnologia-pacote-pos-edital\/\" target=\"_blank\" rel=\"noreferrer noopener\">Analista em Ci\u00eancia e Tecnologi<\/a>a &#8211; 5.183 inscritos<\/li>\n\n\n\n<li>Analista em Ci\u00eancia e Tecnologia \u2013 <a href=\"https:\/\/www.estrategiaconcursos.com.br\/curso\/capes-analista-em-ciencia-e-tecnologia-biblioteconomia-pacote-pos-edital\/\" target=\"_blank\" rel=\"noreferrer noopener\">Biblioteconomia<\/a> &#8211;<strong> <\/strong>241 inscritos;<\/li>\n\n\n\n<li>Analista em Ci\u00eancia e Tecnologia \u2013 <a href=\"https:\/\/www.estrategiaconcursos.com.br\/curso\/capes-analista-em-ciencia-e-tecnologia-estatistica-pacote-pos-edital\/\" target=\"_blank\" rel=\"noreferrer noopener\">Estat\u00edstica<\/a> &#8211; 228 inscritos;<\/li>\n\n\n\n<li>Analista em Ci\u00eancia e Tecnologia \u2013 <a href=\"https:\/\/www.estrategiaconcursos.com.br\/curso\/capes-analista-em-ciencia-e-tecnologia-informatica-pacote-pos-edital\/\" target=\"_blank\" rel=\"noreferrer noopener\">Inform\u00e1tica<\/a> &#8211; 84 inscritos; e<\/li>\n\n\n\n<li>Analista em Ci\u00eancia e Tecnologia \u2013 <a href=\"https:\/\/www.estrategiaconcursos.com.br\/curso\/capes-analista-em-ciencia-e-tecnologia-contabilidade-pacote-pos-edital\/\" target=\"_blank\" rel=\"noreferrer noopener\">Contabilidade<\/a> &#8211; 398 inscritos.<\/li>\n<\/ul>\n\n\n\n<h2 class=\"wp-block-heading\" id=\"h-carreira-na-capes\">Carreira na CAPES<\/h2>\n\n\n\n<h3 class=\"wp-block-heading\" id=\"h-cargos-e-vagas\">Cargos e Vagas<\/h3>\n\n\n\n<ul class=\"wp-block-list\">\n<li><a href=\"https:\/\/www.estrategiaconcursos.com.br\/curso\/capes-analista-em-ciencia-e-tecnologia-pacote-pos-edital\/\" target=\"_blank\" rel=\"noreferrer noopener\">Analista em Ci\u00eancia e Tecnologi<\/a>a &#8211; <strong>32 vagas<\/strong>;<\/li>\n\n\n\n<li>Analista em Ci\u00eancia e Tecnologia \u2013 <a href=\"https:\/\/www.estrategiaconcursos.com.br\/curso\/capes-analista-em-ciencia-e-tecnologia-biblioteconomia-pacote-pos-edital\/\" target=\"_blank\" rel=\"noreferrer noopener\">Biblioteconomia<\/a> &#8211;<strong> 3 vagas<\/strong>;<\/li>\n\n\n\n<li>Analista em Ci\u00eancia e Tecnologia \u2013 <a href=\"https:\/\/www.estrategiaconcursos.com.br\/curso\/capes-analista-em-ciencia-e-tecnologia-estatistica-pacote-pos-edital\/\" target=\"_blank\" rel=\"noreferrer noopener\">Estat\u00edstica<\/a> &#8211; <strong>5 vagas<\/strong>;<\/li>\n\n\n\n<li>Analista em Ci\u00eancia e Tecnologia \u2013 <a href=\"https:\/\/www.estrategiaconcursos.com.br\/curso\/capes-analista-em-ciencia-e-tecnologia-informatica-pacote-pos-edital\/\" target=\"_blank\" rel=\"noreferrer noopener\">Inform\u00e1tica<\/a> &#8211; <strong>5 vagas<\/strong>; e<\/li>\n\n\n\n<li>Analista em Ci\u00eancia e Tecnologia \u2013 <a href=\"https:\/\/www.estrategiaconcursos.com.br\/curso\/capes-analista-em-ciencia-e-tecnologia-contabilidade-pacote-pos-edital\/\" target=\"_blank\" rel=\"noreferrer noopener\">Contabilidade<\/a> &#8211; <strong>5 vagas<\/strong>.<\/li>\n<\/ul>\n\n\n\n<h3 class=\"wp-block-heading\" id=\"h-remuneracao\">Remunera\u00e7\u00e3o<\/h3>\n\n\n\n<p>A remunera\u00e7\u00e3o dos aprovados ser\u00e1 composta pelo vencimento b\u00e1sico + retribui\u00e7\u00e3o por titula\u00e7\u00e3o (quando aplic\u00e1vel) + gratifica\u00e7\u00e3o de desempenho, totalizando um sal\u00e1rio inicial de <strong>R$ 7.025,48<\/strong>.<\/p>\n\n\n\n<p>Confira:<\/p>\n\n\n\n<figure class=\"wp-block-table is-style-stripes\"><table class=\"has-very-light-gray-to-cyan-bluish-gray-gradient-background has-background\"><tbody><tr><td class=\"has-text-align-center\" data-align=\"center\"><strong>Titula\u00e7\u00e3o<\/strong><\/td><td class=\"has-text-align-center\" data-align=\"center\"><strong>Vencimento b\u00e1sico<\/strong><\/td><td class=\"has-text-align-center\" data-align=\"center\"><strong>Retribui\u00e7\u00e3o por titula\u00e7\u00e3o<\/strong><\/td><td class=\"has-text-align-center\" data-align=\"center\"><strong>Gratifica\u00e7\u00e3o por desempenho<\/strong><\/td><td class=\"has-text-align-center\" data-align=\"center\"><strong>Total<\/strong><\/td><\/tr><tr><td class=\"has-text-align-center\" data-align=\"center\">Gradua\u00e7\u00e3o<\/td><td class=\"has-text-align-center\" data-align=\"center\">R$ 5.211,48<\/td><td class=\"has-text-align-center\" data-align=\"center\">&#8211;<\/td><td class=\"has-text-align-center\" data-align=\"center\">R$1.814,00<\/td><td class=\"has-text-align-center\" data-align=\"center\">R$ 7.025,48<\/td><\/tr><tr><td class=\"has-text-align-center\" data-align=\"center\">Especializa\u00e7\u00e3o<\/td><td class=\"has-text-align-center\" data-align=\"center\">R$ 5.211,48<\/td><td class=\"has-text-align-center\" data-align=\"center\">R$ 992,52<\/td><td class=\"has-text-align-center\" data-align=\"center\">R$1.814,00<\/td><td class=\"has-text-align-center\" data-align=\"center\">R$ 8.018,00<\/td><\/tr><tr><td class=\"has-text-align-center\" data-align=\"center\">Mestrado<\/td><td class=\"has-text-align-center\" data-align=\"center\">R$ 5.211,48<\/td><td class=\"has-text-align-center\" data-align=\"center\">R$ 1.933,13<\/td><td class=\"has-text-align-center\" data-align=\"center\">R$1.814,00<\/td><td class=\"has-text-align-center\" data-align=\"center\">R$ 8.958,61<\/td><\/tr><tr><td class=\"has-text-align-center\" data-align=\"center\">Doutorado<\/td><td class=\"has-text-align-center\" data-align=\"center\">R$ 5.211,48<\/td><td class=\"has-text-align-center\" data-align=\"center\">R$ 4.161,21<\/td><td class=\"has-text-align-center\" data-align=\"center\">R$1.814,00<\/td><td class=\"has-text-align-center\" data-align=\"center\">R$ 11.186,69<\/td><\/tr><\/tbody><\/table><figcaption class=\"wp-element-caption\">Tabela remunerat\u00f3ria de acordo com a titula\u00e7\u00e3o<\/figcaption><\/figure>\n\n\n\n<h3 class=\"wp-block-heading\" id=\"requisitos\">Requisitos dos cargos<\/h3>\n\n\n\n<p><strong>Analista em Ci\u00eancia e Tecnologia &#8211; \u00e1rea de atua\u00e7\u00e3o: Geral<\/strong>: diploma de conclus\u00e3o de curso de gradua\u00e7\u00e3o de n\u00edvel superior em qualquer \u00e1rea de forma\u00e7\u00e3o.<\/p>\n\n\n\n<p><strong>Analista em Ci\u00eancia e Tecnologia &#8211; \u00e1rea de atua\u00e7\u00e3o: Arquivologia<\/strong>: diploma de conclus\u00e3o de curso de gradua\u00e7\u00e3o de n\u00edvel superior em Arquivologia, e registro na Delegacia Regional do Trabalho.<\/p>\n\n\n\n<p><strong>Analista em Ci\u00eancia e Tecnologia &#8211; \u00e1rea de atua\u00e7\u00e3o: Biblioteconomia<\/strong>: diploma de conclus\u00e3o de curso de gradua\u00e7\u00e3o de n\u00edvel superior em Biblioteconomia, e registro conselho regional da categoria.<\/p>\n\n\n\n<p><strong>Analista em Ci\u00eancia e Tecnologia &#8211; \u00e1rea de atua\u00e7\u00e3o: Contabilidade<\/strong>: diploma de conclus\u00e3o de curso de gradua\u00e7\u00e3o de n\u00edvel superior em Ci\u00eancias Cont\u00e1beis, e registro no conselho regional da categoria.<\/p>\n\n\n\n<p><strong>Analista em Ci\u00eancia e Tecnologia  &#8211; \u00e1rea de atua\u00e7\u00e3o: Infom\u00e1tica: <\/strong>diploma, devidamente registrado, de conclus\u00e3o de curso de gradua\u00e7\u00e3o de n\u00edvel superior em An\u00e1lise de Sistemas, Ci\u00eancias da Computa\u00e7\u00e3o, Processamento de Dados, Sistemas de Informa\u00e7\u00e3o, Inform\u00e1tica, Engenharia da Computa\u00e7\u00e3o, Engenharia de Sistemas, Engenharia de Redes ou outro curso superior completo, em n\u00edvel de gradua\u00e7\u00e3o, conclu\u00eddo na \u00e1rea de Tecnologia da Informa\u00e7\u00e3o, fornecido por institui\u00e7\u00e3o de ensino superior reconhecida pelo MEC, e registro no Conselho de Classe, se for o caso.<\/p>\n\n\n\n<h3 class=\"wp-block-heading\" id=\"atribuicoes\">Atribui\u00e7\u00f5es<\/h3>\n\n\n\n<p><strong>Analista em Ci\u00eancia e Tecnologia &#8211; Geral: <\/strong>organizar, dirigir e executar atividades referentes \u00e0 formula\u00e7\u00e3o e execu\u00e7\u00e3o de pol\u00edticas institucionais de gest\u00e3o da educa\u00e7\u00e3o, gest\u00e3o de programas, gest\u00e3o da avalia\u00e7\u00e3o de cursos e programas; planejamento financeiro, elabora\u00e7\u00e3o e execu\u00e7\u00e3o or\u00e7ament\u00e1ria<\/p>\n\n\n\n<p><strong>Analista em Ci\u00eancia e Tecnologia &#8211; Arquivologia<\/strong>: gest\u00e3o da informa\u00e7\u00e3o e de documentos; mapeamento, avalia\u00e7\u00e3o, digitaliza\u00e7\u00e3o e microfilmagem de documentos; planejamento e padroniza\u00e7\u00e3o de a\u00e7\u00f5es voltadas a t\u00e9cnicas de protocolo e arquivo; preserva\u00e7\u00e3o, conserva\u00e7\u00e3o e restaura\u00e7\u00e3o de documentos; e executar as demais atividades definidas em normas da CAPES.<\/p>\n\n\n\n<p><strong>Analista em Ci\u00eancia e Tecnologia &#8211; Biblioteconomia<\/strong>: organizar, dirigir e executar trabalhos t\u00e9cnicos relativos a atividades bibliotecon\u00f4micas, desenvolvendo um sistema de cataloga\u00e7\u00e3o, classifica\u00e7\u00e3o, refer\u00eancia e conserva\u00e7\u00e3o de acervo bibliogr\u00e1fico, para armazenar e recuperar informa\u00e7\u00f5es de car\u00e1ter geral ou espec\u00edfico e coloc\u00e1-las \u00e0 disposi\u00e7\u00e3o dos usu\u00e1rios em biblioteca e centro de documenta\u00e7\u00e3o; executar atividades de administra\u00e7\u00e3o em geral; e executar as demais atividades definidas em normas da CAPES.<\/p>\n\n\n\n<p><strong>Analista em Ci\u00eancia e Tecnologia &#8211; Contabilidade<\/strong>: organizar, dirigir e executar atividades referentes \u00e0 contabilidade em geral, planejando, supervisionando e orientando a execu\u00e7\u00e3o dos trabalhos, com vistas \u00e0 apura\u00e7\u00e3o dos elementos necess\u00e1rios \u00e0 elabora\u00e7\u00e3o or\u00e7ament\u00e1ria e ao controle da situa\u00e7\u00e3o financeira e patrimonial; conhecer a Contabilidade P\u00fablica do Plano de Contas da Uni\u00e3o e o SIAFI; realizar inspe\u00e7\u00f5es cont\u00e1beis; analisar presta\u00e7\u00e3o de contas e executar atividades de administra\u00e7\u00e3o em geral e executar as demais atividades definidas em normas da CAPES.<\/p>\n\n\n\n<hr class=\"wp-block-separator has-alpha-channel-opacity\"\/>\n\n\n\n<h2 class=\"wp-block-heading has-text-align-center\" id=\"estudar\">Quer estudar para o concurso Capes?<\/h2>\n\n\n\n<div class=\"container\" id=\"boxes\">\n  <div class=\"row\">\n\n    <div class=\"col-sm\">\n      <div class=\"banner-estrategia\" id=\"box-assinatura\">\n        <h3 class=\"titulo-assinatura\">Cursos para CAPES<\/h3>\n        <p class=\"subtitulo-assinatura\">Conhe\u00e7a os cursos<\/p>\n        <div class=\"box-botao\">\n          <a class=\"btn-assinatura\" target=\"_blank\" href=\"https:\/\/www.estrategiaconcursos.com.br\/cursosPorConcurso\/capes-100\/\" role=\"button\" rel=\"noopener noreferrer\">Conhe\u00e7a mais<\/a>\n        <\/div>\n      <\/div>\n     \n    <\/div>\n\n  <\/div>\n<\/div>\n\n\n\n<div class=\"container\" id=\"boxes\">\r\n  <div class=\"row\">\r\n\r\n    <div class=\"col-sm\">\r\n      <div class=\"estrategia\" id=\"box-assinatura\">\r\n        <h3 class=\"titulo-assinatura\">Assinatura Concursos<\/h3>\r\n        <p class=\"subtitulo-assinatura\">Assinatura de 1 ano ou 2 anos<\/p>\r\n        <div class=\"box-botao\">\r\n          <a class=\"btn-assinatura\" target=\"_blank\" href=\"https:\/\/www.estrategiaconcursos.com.br\/assinaturas\/\" role=\"button\" rel=\"noopener noreferrer\">ASSINE AGORA<\/a>\r\n        <\/div>\r\n      <\/div><\/div><\/div><\/div>\n\n\n\n<figure class=\"wp-block-image aligncenter is-resized\"><a href=\"https:\/\/www.redirectmais.com\/run\/cnu-info\" target=\"_blank\" rel=\"noreferrer noopener\"><img loading=\"lazy\" decoding=\"async\" width=\"1019\" height=\"1024\" src=\"https:\/\/dhg1h5j42swfq.cloudfront.net\/2023\/11\/16100638\/whatsapp-icone-3-1019x1024.png\" alt=\"\" class=\"wp-image-1307701\" style=\"width:126px;height:auto\" srcset=\"https:\/\/dhg1h5j42swfq.cloudfront.net\/2023\/11\/16100638\/whatsapp-icone-3-1019x1024.png 1019w, https:\/\/dhg1h5j42swfq.cloudfront.net\/2023\/11\/16100638\/whatsapp-icone-3-300x300.png 300w, https:\/\/dhg1h5j42swfq.cloudfront.net\/2023\/11\/16100638\/whatsapp-icone-3-150x151.png 150w, https:\/\/dhg1h5j42swfq.cloudfront.net\/2023\/11\/16100638\/whatsapp-icone-3-768x771.png 768w, https:\/\/dhg1h5j42swfq.cloudfront.net\/2023\/11\/16100638\/whatsapp-icone-3-610x613.png 610w, https:\/\/dhg1h5j42swfq.cloudfront.net\/2023\/11\/16100638\/whatsapp-icone-3-96x96.png 96w, https:\/\/dhg1h5j42swfq.cloudfront.net\/2023\/11\/16100638\/whatsapp-icone-3.png 1100w\" sizes=\"auto, (max-width: 1019px) 100vw, 1019px\" \/><\/a><\/figure>\n\n\n\n<p class=\"has-text-align-center\"><strong><a href=\"https:\/\/www.redirectmais.com\/run\/capes-info\" target=\"_blank\" rel=\"noreferrer noopener\">Participe do nosso Grupo de Estudos gratuito do CAPES<\/a><\/strong><\/p>\n\n\n\n<h2 class=\"wp-block-heading has-text-align-center\" id=\"h-quer-saber-tudo-sobre-concursos-previstos-confira-nossos-artigos\">Quer saber tudo sobre concursos previstos?<br \/>Confira nossos artigos!<\/h2>\n\n\n\n<ul class=\"wp-block-list\">\n<li><a href=\"https:\/\/www.estrategiaconcursos.com.br\/blog\/concursos-abertos\/\" target=\"_blank\" rel=\"noreferrer noopener\">Concursos Abertos<\/a><\/li>\n\n\n\n<li><a href=\"https:\/\/www.estrategiaconcursos.com.br\/blog\/concursos-federais-2023\/\" target=\"_blank\" rel=\"noreferrer noopener\">Concursos Federais<\/a><\/li>\n\n\n\n<li><a href=\"https:\/\/www.estrategiaconcursos.com.br\/blog\/concursos-2024\/\" target=\"_blank\" rel=\"noreferrer noopener\">Concursos 2024<\/a><\/li>\n\n\n\n<li><a href=\"https:\/\/www.estrategiaconcursos.com.br\/blog\/concursos-2025\/\">Concurso 2025<\/a><\/li>\n<\/ul>\n\n\n\n<figure class=\"wp-block-image size-large is-resized\"><img loading=\"lazy\" decoding=\"async\" width=\"1024\" height=\"632\" src=\"https:\/\/dhg1h5j42swfq.cloudfront.net\/2021\/07\/06093407\/ficha-tecnica-1-1024x632.png\" alt=\"Informa\u00e7\u00f5es do pr\u00f3ximo concurso CAPES\" class=\"wp-image-788054\" style=\"width:321px;height:198px\" srcset=\"https:\/\/dhg1h5j42swfq.cloudfront.net\/2021\/07\/06093407\/ficha-tecnica-1-1024x632.png 1024w, https:\/\/dhg1h5j42swfq.cloudfront.net\/2021\/07\/06093407\/ficha-tecnica-1-300x185.png 300w, https:\/\/dhg1h5j42swfq.cloudfront.net\/2021\/07\/06093407\/ficha-tecnica-1-768x474.png 768w, https:\/\/dhg1h5j42swfq.cloudfront.net\/2021\/07\/06093407\/ficha-tecnica-1-1536x948.png 1536w, https:\/\/dhg1h5j42swfq.cloudfront.net\/2021\/07\/06093407\/ficha-tecnica-1-610x377.png 610w, https:\/\/dhg1h5j42swfq.cloudfront.net\/2021\/07\/06093407\/ficha-tecnica-1.png 1571w\" sizes=\"auto, (max-width: 1024px) 100vw, 1024px\" \/><\/figure>\n\n\n\n<h3 class=\"wp-block-heading\" id=\"ficha\">Informa\u00e7\u00f5es do concurso CAPES<\/h3>\n\n\n\n<ul class=\"wp-block-list\">\n<li><strong>Data da prova<\/strong>: <s>17\/03\/2024<\/s><\/li>\n\n\n\n<li><strong>Vagas<\/strong>: 50<\/li>\n\n\n\n<li><strong>Cargos<\/strong>: Analista em Ci\u00eancia e Tecnologia<\/li>\n\n\n\n<li><strong>Escolaridade<\/strong>: N\u00edvel Superior<\/li>\n\n\n\n<li><strong>Banca<\/strong>:<strong>&nbsp;<\/strong>Cebraspe<\/li>\n\n\n\n<li><a href=\"https:\/\/dhg1h5j42swfq.cloudfront.net\/2023\/12\/15053549\/concurso-capes.pdf\" target=\"_blank\" rel=\"noreferrer noopener nofollow\"><strong>CAPES &#8211; EDITAL 2023<\/strong><\/a><\/li>\n<\/ul>\n","protected":false},"excerpt":{"rendered":"<p>Foi publicada no Di\u00e1rio Oficial da Uni\u00e3o (11\/10), a autoriza\u00e7\u00e3o da nomea\u00e7\u00e3o de 50 pessoas candidatas aprovadas no concurso p\u00fablico para provimento de cargos no quadro de pessoal da Coordena\u00e7\u00e3o de Aperfei\u00e7oamento de Pessoal de N\u00edvel Superior (CAPES). Confira abaixo: O certame ofertou 50 vagas para o cargo de Analista em Ci\u00eancia e Tecnologia, de [&hellip;]<\/p>\n","protected":false},"author":1,"featured_media":1235250,"comment_status":"open","ping_status":"closed","sticky":false,"template":"","format":"standard","meta":{"post_tipo":"news_page","footnotes":""},"categories":[214992],"tags":[],"tax_estado":[219963],"class_list":["post-1234091","post","type-post","status-publish","format-standard","has-post-thumbnail","hentry","category-concursos-administrativos","tax_estado-concursos-federais"],"acf":[],"yoast_head":"<!-- This site is optimized with the Yoast SEO Premium plugin v27.2 (Yoast SEO v27.2) - https:\/\/yoast.com\/product\/yoast-seo-premium-wordpress\/ -->\n<title>Concurso CAPES: autorizada a nomea\u00e7\u00e3o de 50 aprovados<\/title>\n<meta name=\"description\" content=\"Concurso CAPES: autorizada a nomea\u00e7\u00e3o de 50 candidatos aprovados no certame! Edital ofertou vagas para o cargo de Analista.\" \/>\n<meta name=\"robots\" content=\"index, follow, max-snippet:-1, max-image-preview:large, max-video-preview:-1\" \/>\n<link rel=\"canonical\" href=\"https:\/\/www.estrategiaconcursos.com.br\/blog\/concurso-capes\/\" \/>\n<meta property=\"og:locale\" content=\"pt_BR\" \/>\n<meta property=\"og:type\" content=\"article\" \/>\n<meta property=\"og:title\" content=\"Concurso CAPES: autorizada a nomea\u00e7\u00e3o de 50 aprovados\" \/>\n<meta property=\"og:description\" content=\"Concurso CAPES: autorizada a nomea\u00e7\u00e3o de 50 candidatos aprovados no certame! Edital ofertou vagas para o cargo de Analista.\" \/>\n<meta property=\"og:url\" content=\"https:\/\/www.estrategiaconcursos.com.br\/blog\/concurso-capes\/\" \/>\n<meta property=\"og:site_name\" content=\"Estrat\u00e9gia Concursos\" \/>\n<meta property=\"article:author\" content=\"https:\/\/www.facebook.com\/EstrategiaConcursos\" \/>\n<meta property=\"article:published_time\" content=\"2024-10-11T09:15:00+00:00\" \/>\n<meta property=\"article:modified_time\" content=\"2024-10-11T12:11:53+00:00\" \/>\n<meta property=\"og:image\" content=\"https:\/\/dhg1h5j42swfq.cloudfront.net\/2023\/06\/20085008\/capes.jpg\" \/>\n\t<meta property=\"og:image:width\" content=\"768\" \/>\n\t<meta property=\"og:image:height\" content=\"432\" \/>\n\t<meta property=\"og:image:type\" content=\"image\/jpeg\" \/>\n<meta name=\"author\" content=\"Coordena\u00e7\u00e3o\" \/>\n<meta name=\"twitter:card\" content=\"summary_large_image\" \/>\n<meta name=\"twitter:creator\" content=\"@EstratConcursos\" \/>\n<meta name=\"twitter:site\" content=\"@EstratConcursos\" \/>\n<meta name=\"twitter:label1\" content=\"Escrito por\" \/>\n\t<meta name=\"twitter:data1\" content=\"Coordena\u00e7\u00e3o\" \/>\n\t<meta name=\"twitter:label2\" content=\"Est. tempo de leitura\" \/>\n\t<meta name=\"twitter:data2\" content=\"6 minutos\" \/>\n<script type=\"application\/ld+json\" class=\"yoast-schema-graph\">{\"@context\":\"https:\/\/schema.org\",\"@graph\":[{\"@type\":\"NewsArticle\",\"@id\":\"https:\/\/www.estrategiaconcursos.com.br\/blog\/concurso-capes\/#article\",\"isPartOf\":{\"@id\":\"https:\/\/www.estrategiaconcursos.com.br\/blog\/concurso-capes\/\"},\"author\":{\"name\":\"Coordena\u00e7\u00e3o\",\"@id\":\"https:\/\/www.estrategiaconcursos.com.br\/blog\/#\/schema\/person\/b4a388c97673c5f483d72185668afa1f\"},\"headline\":\"Concurso CAPES: autorizada a nomea\u00e7\u00e3o de 50 aprovados\",\"datePublished\":\"2024-10-11T09:15:00+00:00\",\"dateModified\":\"2024-10-11T12:11:53+00:00\",\"mainEntityOfPage\":{\"@id\":\"https:\/\/www.estrategiaconcursos.com.br\/blog\/concurso-capes\/\"},\"wordCount\":1146,\"commentCount\":0,\"publisher\":{\"@id\":\"https:\/\/www.estrategiaconcursos.com.br\/blog\/#organization\"},\"image\":{\"@id\":\"https:\/\/www.estrategiaconcursos.com.br\/blog\/concurso-capes\/#primaryimage\"},\"thumbnailUrl\":\"https:\/\/dhg1h5j42swfq.cloudfront.net\/2023\/06\/20085008\/capes.jpg\",\"articleSection\":[\"Executivo (Administrativa)\"],\"inLanguage\":\"pt-BR\",\"potentialAction\":[{\"@type\":\"CommentAction\",\"name\":\"Comment\",\"target\":[\"https:\/\/www.estrategiaconcursos.com.br\/blog\/concurso-capes\/#respond\"]}],\"copyrightYear\":\"2024\",\"copyrightHolder\":{\"@id\":\"https:\/\/www.estrategiaconcursos.com.br\/blog\/#organization\"}},{\"@type\":\"WebPage\",\"@id\":\"https:\/\/www.estrategiaconcursos.com.br\/blog\/concurso-capes\/\",\"url\":\"https:\/\/www.estrategiaconcursos.com.br\/blog\/concurso-capes\/\",\"name\":\"Concurso CAPES: autorizada a nomea\u00e7\u00e3o de 50 aprovados\",\"isPartOf\":{\"@id\":\"https:\/\/www.estrategiaconcursos.com.br\/blog\/#website\"},\"primaryImageOfPage\":{\"@id\":\"https:\/\/www.estrategiaconcursos.com.br\/blog\/concurso-capes\/#primaryimage\"},\"image\":{\"@id\":\"https:\/\/www.estrategiaconcursos.com.br\/blog\/concurso-capes\/#primaryimage\"},\"thumbnailUrl\":\"https:\/\/dhg1h5j42swfq.cloudfront.net\/2023\/06\/20085008\/capes.jpg\",\"datePublished\":\"2024-10-11T09:15:00+00:00\",\"dateModified\":\"2024-10-11T12:11:53+00:00\",\"description\":\"Concurso CAPES: autorizada a nomea\u00e7\u00e3o de 50 candidatos aprovados no certame! Edital ofertou vagas para o cargo de Analista.\",\"breadcrumb\":{\"@id\":\"https:\/\/www.estrategiaconcursos.com.br\/blog\/concurso-capes\/#breadcrumb\"},\"inLanguage\":\"pt-BR\",\"potentialAction\":[{\"@type\":\"ReadAction\",\"target\":[\"https:\/\/www.estrategiaconcursos.com.br\/blog\/concurso-capes\/\"]}]},{\"@type\":\"ImageObject\",\"inLanguage\":\"pt-BR\",\"@id\":\"https:\/\/www.estrategiaconcursos.com.br\/blog\/concurso-capes\/#primaryimage\",\"url\":\"https:\/\/dhg1h5j42swfq.cloudfront.net\/2023\/06\/20085008\/capes.jpg\",\"contentUrl\":\"https:\/\/dhg1h5j42swfq.cloudfront.net\/2023\/06\/20085008\/capes.jpg\",\"width\":768,\"height\":432,\"caption\":\"Edital CAPES\"},{\"@type\":\"BreadcrumbList\",\"@id\":\"https:\/\/www.estrategiaconcursos.com.br\/blog\/concurso-capes\/#breadcrumb\",\"itemListElement\":[{\"@type\":\"ListItem\",\"position\":1,\"name\":\"In\u00edcio\",\"item\":\"https:\/\/www.estrategiaconcursos.com.br\/blog\/\"},{\"@type\":\"ListItem\",\"position\":2,\"name\":\"Concurso CAPES: autorizada a nomea\u00e7\u00e3o de 50 aprovados\"}]},{\"@type\":\"WebSite\",\"@id\":\"https:\/\/www.estrategiaconcursos.com.br\/blog\/#website\",\"url\":\"https:\/\/www.estrategiaconcursos.com.br\/blog\/\",\"name\":\"Estrat\u00e9gia Concursos\",\"description\":\"O blog da Estrat\u00e9gia Concursos traz not\u00edcias sobre concursos e artigos de professores oferecendo cursos para concursos (pdf + videaulas) no site.\",\"publisher\":{\"@id\":\"https:\/\/www.estrategiaconcursos.com.br\/blog\/#organization\"},\"potentialAction\":[{\"@type\":\"SearchAction\",\"target\":{\"@type\":\"EntryPoint\",\"urlTemplate\":\"https:\/\/www.estrategiaconcursos.com.br\/blog\/?s={search_term_string}\"},\"query-input\":{\"@type\":\"PropertyValueSpecification\",\"valueRequired\":true,\"valueName\":\"search_term_string\"}}],\"inLanguage\":\"pt-BR\"},{\"@type\":\"Organization\",\"@id\":\"https:\/\/www.estrategiaconcursos.com.br\/blog\/#organization\",\"name\":\"Estrat\u00e9gia Concursos\",\"url\":\"https:\/\/www.estrategiaconcursos.com.br\/blog\/\",\"logo\":{\"@type\":\"ImageObject\",\"inLanguage\":\"pt-BR\",\"@id\":\"https:\/\/www.estrategiaconcursos.com.br\/blog\/#\/schema\/logo\/image\/\",\"url\":\"https:\/\/dhg1h5j42swfq.cloudfront.net\/2025\/06\/03203428\/logo_concursos-1.jpg\",\"contentUrl\":\"https:\/\/dhg1h5j42swfq.cloudfront.net\/2025\/06\/03203428\/logo_concursos-1.jpg\",\"width\":230,\"height\":60,\"caption\":\"Estrat\u00e9gia Concursos\"},\"image\":{\"@id\":\"https:\/\/www.estrategiaconcursos.com.br\/blog\/#\/schema\/logo\/image\/\"},\"sameAs\":[\"https:\/\/x.com\/EstratConcursos\"]},{\"@type\":\"Person\",\"@id\":\"https:\/\/www.estrategiaconcursos.com.br\/blog\/#\/schema\/person\/b4a388c97673c5f483d72185668afa1f\",\"name\":\"Coordena\u00e7\u00e3o\",\"image\":{\"@type\":\"ImageObject\",\"inLanguage\":\"pt-BR\",\"@id\":\"https:\/\/secure.gravatar.com\/avatar\/b720319e4c9a967eb58678d110f4fe35452fc5d5f97b202bac7b8acceb18c6ad?s=96&d=mm&r=g\",\"url\":\"https:\/\/secure.gravatar.com\/avatar\/b720319e4c9a967eb58678d110f4fe35452fc5d5f97b202bac7b8acceb18c6ad?s=96&d=mm&r=g\",\"contentUrl\":\"https:\/\/secure.gravatar.com\/avatar\/b720319e4c9a967eb58678d110f4fe35452fc5d5f97b202bac7b8acceb18c6ad?s=96&d=mm&r=g\",\"caption\":\"Coordena\u00e7\u00e3o\"},\"sameAs\":[\"https:\/\/www.facebook.com\/EstrategiaConcursos\",\"https:\/\/x.com\/EstratConcursos\"],\"url\":\"https:\/\/www.estrategiaconcursos.com.br\/blog\/author\/estrategia2013\/\"}]}<\/script>\n<!-- \/ Yoast SEO Premium plugin. -->","yoast_head_json":{"title":"Concurso CAPES: autorizada a nomea\u00e7\u00e3o de 50 aprovados","description":"Concurso CAPES: autorizada a nomea\u00e7\u00e3o de 50 candidatos aprovados no certame! Edital ofertou vagas para o cargo de Analista.","robots":{"index":"index","follow":"follow","max-snippet":"max-snippet:-1","max-image-preview":"max-image-preview:large","max-video-preview":"max-video-preview:-1"},"canonical":"https:\/\/www.estrategiaconcursos.com.br\/blog\/concurso-capes\/","og_locale":"pt_BR","og_type":"article","og_title":"Concurso CAPES: autorizada a nomea\u00e7\u00e3o de 50 aprovados","og_description":"Concurso CAPES: autorizada a nomea\u00e7\u00e3o de 50 candidatos aprovados no certame! Edital ofertou vagas para o cargo de Analista.","og_url":"https:\/\/www.estrategiaconcursos.com.br\/blog\/concurso-capes\/","og_site_name":"Estrat\u00e9gia Concursos","article_author":"https:\/\/www.facebook.com\/EstrategiaConcursos","article_published_time":"2024-10-11T09:15:00+00:00","article_modified_time":"2024-10-11T12:11:53+00:00","og_image":[{"width":768,"height":432,"url":"https:\/\/dhg1h5j42swfq.cloudfront.net\/2023\/06\/20085008\/capes.jpg","type":"image\/jpeg"}],"author":"Coordena\u00e7\u00e3o","twitter_card":"summary_large_image","twitter_creator":"@EstratConcursos","twitter_site":"@EstratConcursos","twitter_misc":{"Escrito por":"Coordena\u00e7\u00e3o","Est. tempo de leitura":"6 minutos"},"schema":{"@context":"https:\/\/schema.org","@graph":[{"@type":"NewsArticle","@id":"https:\/\/www.estrategiaconcursos.com.br\/blog\/concurso-capes\/#article","isPartOf":{"@id":"https:\/\/www.estrategiaconcursos.com.br\/blog\/concurso-capes\/"},"author":{"name":"Coordena\u00e7\u00e3o","@id":"https:\/\/www.estrategiaconcursos.com.br\/blog\/#\/schema\/person\/b4a388c97673c5f483d72185668afa1f"},"headline":"Concurso CAPES: autorizada a nomea\u00e7\u00e3o de 50 aprovados","datePublished":"2024-10-11T09:15:00+00:00","dateModified":"2024-10-11T12:11:53+00:00","mainEntityOfPage":{"@id":"https:\/\/www.estrategiaconcursos.com.br\/blog\/concurso-capes\/"},"wordCount":1146,"commentCount":0,"publisher":{"@id":"https:\/\/www.estrategiaconcursos.com.br\/blog\/#organization"},"image":{"@id":"https:\/\/www.estrategiaconcursos.com.br\/blog\/concurso-capes\/#primaryimage"},"thumbnailUrl":"https:\/\/dhg1h5j42swfq.cloudfront.net\/2023\/06\/20085008\/capes.jpg","articleSection":["Executivo (Administrativa)"],"inLanguage":"pt-BR","potentialAction":[{"@type":"CommentAction","name":"Comment","target":["https:\/\/www.estrategiaconcursos.com.br\/blog\/concurso-capes\/#respond"]}],"copyrightYear":"2024","copyrightHolder":{"@id":"https:\/\/www.estrategiaconcursos.com.br\/blog\/#organization"}},{"@type":"WebPage","@id":"https:\/\/www.estrategiaconcursos.com.br\/blog\/concurso-capes\/","url":"https:\/\/www.estrategiaconcursos.com.br\/blog\/concurso-capes\/","name":"Concurso CAPES: autorizada a nomea\u00e7\u00e3o de 50 aprovados","isPartOf":{"@id":"https:\/\/www.estrategiaconcursos.com.br\/blog\/#website"},"primaryImageOfPage":{"@id":"https:\/\/www.estrategiaconcursos.com.br\/blog\/concurso-capes\/#primaryimage"},"image":{"@id":"https:\/\/www.estrategiaconcursos.com.br\/blog\/concurso-capes\/#primaryimage"},"thumbnailUrl":"https:\/\/dhg1h5j42swfq.cloudfront.net\/2023\/06\/20085008\/capes.jpg","datePublished":"2024-10-11T09:15:00+00:00","dateModified":"2024-10-11T12:11:53+00:00","description":"Concurso CAPES: autorizada a nomea\u00e7\u00e3o de 50 candidatos aprovados no certame! Edital ofertou vagas para o cargo de Analista.","breadcrumb":{"@id":"https:\/\/www.estrategiaconcursos.com.br\/blog\/concurso-capes\/#breadcrumb"},"inLanguage":"pt-BR","potentialAction":[{"@type":"ReadAction","target":["https:\/\/www.estrategiaconcursos.com.br\/blog\/concurso-capes\/"]}]},{"@type":"ImageObject","inLanguage":"pt-BR","@id":"https:\/\/www.estrategiaconcursos.com.br\/blog\/concurso-capes\/#primaryimage","url":"https:\/\/dhg1h5j42swfq.cloudfront.net\/2023\/06\/20085008\/capes.jpg","contentUrl":"https:\/\/dhg1h5j42swfq.cloudfront.net\/2023\/06\/20085008\/capes.jpg","width":768,"height":432,"caption":"Edital CAPES"},{"@type":"BreadcrumbList","@id":"https:\/\/www.estrategiaconcursos.com.br\/blog\/concurso-capes\/#breadcrumb","itemListElement":[{"@type":"ListItem","position":1,"name":"In\u00edcio","item":"https:\/\/www.estrategiaconcursos.com.br\/blog\/"},{"@type":"ListItem","position":2,"name":"Concurso CAPES: autorizada a nomea\u00e7\u00e3o de 50 aprovados"}]},{"@type":"WebSite","@id":"https:\/\/www.estrategiaconcursos.com.br\/blog\/#website","url":"https:\/\/www.estrategiaconcursos.com.br\/blog\/","name":"Estrat\u00e9gia Concursos","description":"O blog da Estrat\u00e9gia Concursos traz not\u00edcias sobre concursos e artigos de professores oferecendo cursos para concursos (pdf + videaulas) no site.","publisher":{"@id":"https:\/\/www.estrategiaconcursos.com.br\/blog\/#organization"},"potentialAction":[{"@type":"SearchAction","target":{"@type":"EntryPoint","urlTemplate":"https:\/\/www.estrategiaconcursos.com.br\/blog\/?s={search_term_string}"},"query-input":{"@type":"PropertyValueSpecification","valueRequired":true,"valueName":"search_term_string"}}],"inLanguage":"pt-BR"},{"@type":"Organization","@id":"https:\/\/www.estrategiaconcursos.com.br\/blog\/#organization","name":"Estrat\u00e9gia Concursos","url":"https:\/\/www.estrategiaconcursos.com.br\/blog\/","logo":{"@type":"ImageObject","inLanguage":"pt-BR","@id":"https:\/\/www.estrategiaconcursos.com.br\/blog\/#\/schema\/logo\/image\/","url":"https:\/\/dhg1h5j42swfq.cloudfront.net\/2025\/06\/03203428\/logo_concursos-1.jpg","contentUrl":"https:\/\/dhg1h5j42swfq.cloudfront.net\/2025\/06\/03203428\/logo_concursos-1.jpg","width":230,"height":60,"caption":"Estrat\u00e9gia Concursos"},"image":{"@id":"https:\/\/www.estrategiaconcursos.com.br\/blog\/#\/schema\/logo\/image\/"},"sameAs":["https:\/\/x.com\/EstratConcursos"]},{"@type":"Person","@id":"https:\/\/www.estrategiaconcursos.com.br\/blog\/#\/schema\/person\/b4a388c97673c5f483d72185668afa1f","name":"Coordena\u00e7\u00e3o","image":{"@type":"ImageObject","inLanguage":"pt-BR","@id":"https:\/\/secure.gravatar.com\/avatar\/b720319e4c9a967eb58678d110f4fe35452fc5d5f97b202bac7b8acceb18c6ad?s=96&d=mm&r=g","url":"https:\/\/secure.gravatar.com\/avatar\/b720319e4c9a967eb58678d110f4fe35452fc5d5f97b202bac7b8acceb18c6ad?s=96&d=mm&r=g","contentUrl":"https:\/\/secure.gravatar.com\/avatar\/b720319e4c9a967eb58678d110f4fe35452fc5d5f97b202bac7b8acceb18c6ad?s=96&d=mm&r=g","caption":"Coordena\u00e7\u00e3o"},"sameAs":["https:\/\/www.facebook.com\/EstrategiaConcursos","https:\/\/x.com\/EstratConcursos"],"url":"https:\/\/www.estrategiaconcursos.com.br\/blog\/author\/estrategia2013\/"}]}},"_links":{"self":[{"href":"https:\/\/www.estrategiaconcursos.com.br\/blog\/wp-json\/wp\/v2\/posts\/1234091","targetHints":{"allow":["GET"]}}],"collection":[{"href":"https:\/\/www.estrategiaconcursos.com.br\/blog\/wp-json\/wp\/v2\/posts"}],"about":[{"href":"https:\/\/www.estrategiaconcursos.com.br\/blog\/wp-json\/wp\/v2\/types\/post"}],"author":[{"embeddable":true,"href":"https:\/\/www.estrategiaconcursos.com.br\/blog\/wp-json\/wp\/v2\/users\/1"}],"replies":[{"embeddable":true,"href":"https:\/\/www.estrategiaconcursos.com.br\/blog\/wp-json\/wp\/v2\/comments?post=1234091"}],"version-history":[{"count":53,"href":"https:\/\/www.estrategiaconcursos.com.br\/blog\/wp-json\/wp\/v2\/posts\/1234091\/revisions"}],"predecessor-version":[{"id":1474541,"href":"https:\/\/www.estrategiaconcursos.com.br\/blog\/wp-json\/wp\/v2\/posts\/1234091\/revisions\/1474541"}],"wp:featuredmedia":[{"embeddable":true,"href":"https:\/\/www.estrategiaconcursos.com.br\/blog\/wp-json\/wp\/v2\/media\/1235250"}],"wp:attachment":[{"href":"https:\/\/www.estrategiaconcursos.com.br\/blog\/wp-json\/wp\/v2\/media?parent=1234091"}],"wp:term":[{"taxonomy":"category","embeddable":true,"href":"https:\/\/www.estrategiaconcursos.com.br\/blog\/wp-json\/wp\/v2\/categories?post=1234091"},{"taxonomy":"post_tag","embeddable":true,"href":"https:\/\/www.estrategiaconcursos.com.br\/blog\/wp-json\/wp\/v2\/tags?post=1234091"},{"taxonomy":"tax_estado","embeddable":true,"href":"https:\/\/www.estrategiaconcursos.com.br\/blog\/wp-json\/wp\/v2\/tax_estado?post=1234091"}],"curies":[{"name":"wp","href":"https:\/\/api.w.org\/{rel}","templated":true}]}}