{"id":123408,"date":"2018-05-29T21:17:33","date_gmt":"2018-05-30T00:17:33","guid":{"rendered":"https:\/\/www.estrategiaconcursos.com.br\/blog\/?p=123408"},"modified":"2018-05-29T21:18:23","modified_gmt":"2018-05-30T00:18:23","slug":"vale-alimentacao-o-que-lei-diz-e-o-carf-e-o-stj","status":"publish","type":"post","link":"https:\/\/www.estrategiaconcursos.com.br\/blog\/vale-alimentacao-o-que-lei-diz-e-o-carf-e-o-stj\/","title":{"rendered":"Vale Alimenta\u00e7\u00e3o: o que a Lei diz? E o CARF? E o STJ?"},"content":{"rendered":"<p style=\"text-align: justify\"><span style=\"font-family: verdana, geneva, sans-serif\">Boa noite pessoal!<\/span><\/p>\n<p style=\"text-align: justify\"><span style=\"font-family: verdana, geneva, sans-serif\">Apesar de a Reforma Trabalhista (Lei n.\u00ba 13.467\/2017) trazer expressamente que \u201cas import\u00e2ncias, ainda que habituais, pagas a t\u00edtulo de ajuda de custo, <strong>aux\u00edlio alimenta\u00e7\u00e3o<\/strong>, vedado seu pagamento em dinheiro, di\u00e1rias para viagem, pr\u00eamios e abonos <span style=\"color: #ff0000\">n\u00e3o integram<\/span> a remunera\u00e7\u00e3o do empregado, <span style=\"color: #ff0000\">n\u00e3o se incorporam<\/span> ao contrato de trabalho e <span style=\"color: #ff0000\">n\u00e3o constituem<\/span> base de incid\u00eancia de qualquer encargo trabalhista e previdenci\u00e1rio\u201d, o Superior Tribunal de Justi\u00e7a (STJ) trocou seu entendimento recentemente (bi\u00eanio 2017-2018).<\/span><\/p>\n<p style=\"text-align: justify\"><span style=\"font-family: verdana, geneva, sans-serif\">Atualmente, o STJ tem entendido \u201cque o aux\u00edlio alimenta\u00e7\u00e3o, pago em <span style=\"color: #ff0000\"><strong>esp\u00e9cie<\/strong> <\/span>e com habitualidade, por meio de vale alimenta\u00e7\u00e3o ou na forma de tickets, <strong>tem natureza salarial<\/strong>, integrando a base de c\u00e1lculo da contribui\u00e7\u00e3o previdenci\u00e1ria\u201d.<\/span><\/p>\n<p style=\"text-align: justify\"><span style=\"font-family: verdana, geneva, sans-serif\">N\u00e3o obstante, o Conselho Administrativo de Recursos Fiscais (CARF), \u00faltima inst\u00e2ncia nos processos administrativos fiscais tem seguido de perto o entendimento do STJ de \u201cque o aux\u00edlio alimenta\u00e7\u00e3o, pago em dinheiro ou em cart\u00e3o ou ticket alimenta\u00e7\u00e3o, integra sal\u00e1rio para efeito de recolhimento de contribui\u00e7\u00f5es previdenci\u00e1rias.\u201d<\/span><\/p>\n<p style=\"text-align: justify\"><span style=\"font-family: verdana, geneva, sans-serif\">Com isso, atualmente, o entendimento do CARF e da jurisprud\u00eancia (STJ) est\u00e3o bem alinhados, a saber:<\/span><\/p>\n<table style=\"width: 456px;height: 313px;border-color: #000000\">\n<tbody>\n<tr>\n<td style=\"width: 447.2px;text-align: center\" colspan=\"3\"><span style=\"font-family: verdana, geneva, sans-serif;color: #0000ff\"><strong>Vale Alimenta\u00e7\u00e3o:<\/strong><\/span><\/td>\n<\/tr>\n<tr>\n<td style=\"width: 181.6px;text-align: center\" rowspan=\"2\"><span style=\"font-family: verdana, geneva, sans-serif;color: #0000ff\">Legisla\u00e7\u00e3o<\/span><br \/>\n<span style=\"font-family: verdana, geneva, sans-serif;color: #0000ff\"> (RFB\/PGFN):<\/span><\/td>\n<td style=\"width: 131.2px;text-align: center\"><span style=\"font-family: verdana, geneva, sans-serif;color: #0000ff\"><strong>Cart\u00e3o\/Ticket:<\/strong><\/span><\/td>\n<td style=\"width: 123.2px;text-align: center\"><span style=\"font-family: verdana, geneva, sans-serif;color: #0000ff\"><strong>N\u00c3O \u00c9 SC.<\/strong><\/span><\/td>\n<\/tr>\n<tr>\n<td style=\"width: 131.2px;text-align: center\"><span style=\"font-family: verdana, geneva, sans-serif;color: #0000ff\">Em dinheiro:<\/span><\/td>\n<td style=\"width: 123.2px;text-align: center\"><span style=\"font-family: verdana, geneva, sans-serif;color: #0000ff\">\u00c9 SC.<\/span><\/td>\n<\/tr>\n<tr>\n<td style=\"width: 181.6px;text-align: center\" rowspan=\"2\"><span style=\"font-family: verdana, geneva, sans-serif;color: #0000ff\">STJ (2017-2018):<\/span><br \/>\n<span style=\"font-family: verdana, geneva, sans-serif;color: #0000ff\"> CARF (2017-2018):<\/span><\/td>\n<td style=\"width: 131.2px;text-align: center\"><span style=\"font-family: verdana, geneva, sans-serif;color: #0000ff\">Cart\u00e3o\/Ticket:<\/span><\/td>\n<td style=\"width: 123.2px;text-align: center\"><span style=\"font-family: verdana, geneva, sans-serif;color: #0000ff\">\u00c9 SC.<\/span><\/td>\n<\/tr>\n<tr>\n<td style=\"width: 131.2px;text-align: center\"><span style=\"font-family: verdana, geneva, sans-serif;color: #0000ff\">Em dinheiro:<\/span><\/td>\n<td style=\"width: 123.2px;text-align: center\"><span style=\"font-family: verdana, geneva, sans-serif;color: #0000ff\">\u00c9 SC.<\/span><\/td>\n<\/tr>\n<\/tbody>\n<\/table>\n<p style=\"text-align: justify\"><span style=\"font-family: verdana, geneva, sans-serif\">Bons Estudos! Fiquem com Deus!<\/span><\/p>\n<p style=\"text-align: justify\"><span style=\"font-family: verdana, geneva, sans-serif\">Grande Abra\u00e7o!<\/span><\/p>\n<p style=\"text-align: justify\"><span style=\"font-family: verdana, geneva, sans-serif\">Prof. Ali Mohamad Jaha<\/span><\/p>\n<p style=\"text-align: justify\"><span style=\"font-family: verdana, geneva, sans-serif\">Direito Previdenci\u00e1rio<\/span><\/p>\n<p style=\"text-align: justify\"><span style=\"font-family: verdana, geneva, sans-serif\">@profalijaha (Instagram)<\/span><\/p>\n","protected":false},"excerpt":{"rendered":"<p>Boa noite pessoal! Apesar de a Reforma Trabalhista (Lei n.\u00ba 13.467\/2017) trazer expressamente que \u201cas import\u00e2ncias, ainda que habituais, pagas a t\u00edtulo de ajuda de custo, aux\u00edlio alimenta\u00e7\u00e3o, vedado seu pagamento em dinheiro, di\u00e1rias para viagem, pr\u00eamios e abonos n\u00e3o integram a remunera\u00e7\u00e3o do empregado, n\u00e3o se incorporam ao contrato de trabalho e n\u00e3o constituem [&hellip;]<\/p>\n","protected":false},"author":45,"featured_media":0,"comment_status":"open","ping_status":"closed","sticky":false,"template":"","format":"standard","meta":{"post_tipo":"article","footnotes":""},"categories":[1],"tags":[],"tax_estado":[],"class_list":["post-123408","post","type-post","status-publish","format-standard","hentry","category-cursos-e-concursos"],"acf":[],"yoast_head":"<!-- This site is optimized with the Yoast SEO Premium plugin v27.2 (Yoast SEO v27.2) - https:\/\/yoast.com\/product\/yoast-seo-premium-wordpress\/ -->\n<title>Vale Alimenta\u00e7\u00e3o: o que a Lei diz? E o CARF? E o STJ?<\/title>\n<meta name=\"robots\" content=\"index, follow, max-snippet:-1, max-image-preview:large, max-video-preview:-1\" \/>\n<link rel=\"canonical\" href=\"https:\/\/www.estrategiaconcursos.com.br\/blog\/vale-alimentacao-o-que-lei-diz-e-o-carf-e-o-stj\/\" \/>\n<meta property=\"og:locale\" content=\"pt_BR\" \/>\n<meta property=\"og:type\" content=\"article\" \/>\n<meta property=\"og:title\" content=\"Vale Alimenta\u00e7\u00e3o: o que a Lei diz? E o CARF? E o STJ?\" \/>\n<meta property=\"og:description\" content=\"Boa noite pessoal! Apesar de a Reforma Trabalhista (Lei n.\u00ba 13.467\/2017) trazer expressamente que \u201cas import\u00e2ncias, ainda que habituais, pagas a t\u00edtulo de ajuda de custo, aux\u00edlio alimenta\u00e7\u00e3o, vedado seu pagamento em dinheiro, di\u00e1rias para viagem, pr\u00eamios e abonos n\u00e3o integram a remunera\u00e7\u00e3o do empregado, n\u00e3o se incorporam ao contrato de trabalho e n\u00e3o constituem [&hellip;]\" \/>\n<meta property=\"og:url\" content=\"https:\/\/www.estrategiaconcursos.com.br\/blog\/vale-alimentacao-o-que-lei-diz-e-o-carf-e-o-stj\/\" \/>\n<meta property=\"og:site_name\" content=\"Estrat\u00e9gia Concursos\" \/>\n<meta property=\"article:author\" content=\"http:\/\/www.facebook.com\/amjaha\" \/>\n<meta property=\"article:published_time\" content=\"2018-05-30T00:17:33+00:00\" \/>\n<meta property=\"article:modified_time\" content=\"2018-05-30T00:18:23+00:00\" \/>\n<meta name=\"author\" content=\"Ali Mohamad Jaha\" \/>\n<meta name=\"twitter:card\" content=\"summary_large_image\" \/>\n<meta name=\"twitter:creator\" content=\"@EstratConcursos\" \/>\n<meta name=\"twitter:site\" content=\"@EstratConcursos\" \/>\n<meta name=\"twitter:label1\" content=\"Escrito por\" \/>\n\t<meta name=\"twitter:data1\" content=\"Ali Mohamad Jaha\" \/>\n\t<meta name=\"twitter:label2\" content=\"Est. tempo de leitura\" \/>\n\t<meta name=\"twitter:data2\" content=\"1 minuto\" \/>\n<script type=\"application\/ld+json\" class=\"yoast-schema-graph\">{\"@context\":\"https:\/\/schema.org\",\"@graph\":[{\"@type\":\"NewsArticle\",\"@id\":\"https:\/\/www.estrategiaconcursos.com.br\/blog\/vale-alimentacao-o-que-lei-diz-e-o-carf-e-o-stj\/#article\",\"isPartOf\":{\"@id\":\"https:\/\/www.estrategiaconcursos.com.br\/blog\/vale-alimentacao-o-que-lei-diz-e-o-carf-e-o-stj\/\"},\"author\":{\"name\":\"Ali Mohamad Jaha\",\"@id\":\"https:\/\/www.estrategiaconcursos.com.br\/blog\/#\/schema\/person\/5caef5684d9fe56108eff29afc128dca\"},\"headline\":\"Vale Alimenta\u00e7\u00e3o: o que a Lei diz? E o CARF? E o STJ?\",\"datePublished\":\"2018-05-30T00:17:33+00:00\",\"dateModified\":\"2018-05-30T00:18:23+00:00\",\"mainEntityOfPage\":{\"@id\":\"https:\/\/www.estrategiaconcursos.com.br\/blog\/vale-alimentacao-o-que-lei-diz-e-o-carf-e-o-stj\/\"},\"wordCount\":263,\"commentCount\":2,\"publisher\":{\"@id\":\"https:\/\/www.estrategiaconcursos.com.br\/blog\/#organization\"},\"articleSection\":[\"Concursos P\u00fablicos\"],\"inLanguage\":\"pt-BR\",\"potentialAction\":[{\"@type\":\"CommentAction\",\"name\":\"Comment\",\"target\":[\"https:\/\/www.estrategiaconcursos.com.br\/blog\/vale-alimentacao-o-que-lei-diz-e-o-carf-e-o-stj\/#respond\"]}],\"copyrightYear\":\"2018\",\"copyrightHolder\":{\"@id\":\"https:\/\/www.estrategiaconcursos.com.br\/blog\/#organization\"}},{\"@type\":\"WebPage\",\"@id\":\"https:\/\/www.estrategiaconcursos.com.br\/blog\/vale-alimentacao-o-que-lei-diz-e-o-carf-e-o-stj\/\",\"url\":\"https:\/\/www.estrategiaconcursos.com.br\/blog\/vale-alimentacao-o-que-lei-diz-e-o-carf-e-o-stj\/\",\"name\":\"Vale Alimenta\u00e7\u00e3o: o que a Lei diz? E o CARF? E o STJ?\",\"isPartOf\":{\"@id\":\"https:\/\/www.estrategiaconcursos.com.br\/blog\/#website\"},\"datePublished\":\"2018-05-30T00:17:33+00:00\",\"dateModified\":\"2018-05-30T00:18:23+00:00\",\"breadcrumb\":{\"@id\":\"https:\/\/www.estrategiaconcursos.com.br\/blog\/vale-alimentacao-o-que-lei-diz-e-o-carf-e-o-stj\/#breadcrumb\"},\"inLanguage\":\"pt-BR\",\"potentialAction\":[{\"@type\":\"ReadAction\",\"target\":[\"https:\/\/www.estrategiaconcursos.com.br\/blog\/vale-alimentacao-o-que-lei-diz-e-o-carf-e-o-stj\/\"]}]},{\"@type\":\"BreadcrumbList\",\"@id\":\"https:\/\/www.estrategiaconcursos.com.br\/blog\/vale-alimentacao-o-que-lei-diz-e-o-carf-e-o-stj\/#breadcrumb\",\"itemListElement\":[{\"@type\":\"ListItem\",\"position\":1,\"name\":\"In\u00edcio\",\"item\":\"https:\/\/www.estrategiaconcursos.com.br\/blog\/\"},{\"@type\":\"ListItem\",\"position\":2,\"name\":\"Vale Alimenta\u00e7\u00e3o: o que a Lei diz? E o CARF? E o STJ?\"}]},{\"@type\":\"WebSite\",\"@id\":\"https:\/\/www.estrategiaconcursos.com.br\/blog\/#website\",\"url\":\"https:\/\/www.estrategiaconcursos.com.br\/blog\/\",\"name\":\"Estrat\u00e9gia Concursos\",\"description\":\"O blog da Estrat\u00e9gia Concursos traz not\u00edcias sobre concursos e artigos de professores oferecendo cursos para concursos (pdf + videaulas) no site.\",\"publisher\":{\"@id\":\"https:\/\/www.estrategiaconcursos.com.br\/blog\/#organization\"},\"potentialAction\":[{\"@type\":\"SearchAction\",\"target\":{\"@type\":\"EntryPoint\",\"urlTemplate\":\"https:\/\/www.estrategiaconcursos.com.br\/blog\/?s={search_term_string}\"},\"query-input\":{\"@type\":\"PropertyValueSpecification\",\"valueRequired\":true,\"valueName\":\"search_term_string\"}}],\"inLanguage\":\"pt-BR\"},{\"@type\":\"Organization\",\"@id\":\"https:\/\/www.estrategiaconcursos.com.br\/blog\/#organization\",\"name\":\"Estrat\u00e9gia Concursos\",\"url\":\"https:\/\/www.estrategiaconcursos.com.br\/blog\/\",\"logo\":{\"@type\":\"ImageObject\",\"inLanguage\":\"pt-BR\",\"@id\":\"https:\/\/www.estrategiaconcursos.com.br\/blog\/#\/schema\/logo\/image\/\",\"url\":\"https:\/\/dhg1h5j42swfq.cloudfront.net\/2025\/06\/03203428\/logo_concursos-1.jpg\",\"contentUrl\":\"https:\/\/dhg1h5j42swfq.cloudfront.net\/2025\/06\/03203428\/logo_concursos-1.jpg\",\"width\":230,\"height\":60,\"caption\":\"Estrat\u00e9gia Concursos\"},\"image\":{\"@id\":\"https:\/\/www.estrategiaconcursos.com.br\/blog\/#\/schema\/logo\/image\/\"},\"sameAs\":[\"https:\/\/x.com\/EstratConcursos\"]},{\"@type\":\"Person\",\"@id\":\"https:\/\/www.estrategiaconcursos.com.br\/blog\/#\/schema\/person\/5caef5684d9fe56108eff29afc128dca\",\"name\":\"Ali Mohamad Jaha\",\"image\":{\"@type\":\"ImageObject\",\"inLanguage\":\"pt-BR\",\"@id\":\"https:\/\/secure.gravatar.com\/avatar\/d2d32b2c5ba0b3d1fcbc7c351539c7f9052f5e52461adc4d346787a9c2579056?s=96&d=mm&r=g\",\"url\":\"https:\/\/secure.gravatar.com\/avatar\/d2d32b2c5ba0b3d1fcbc7c351539c7f9052f5e52461adc4d346787a9c2579056?s=96&d=mm&r=g\",\"contentUrl\":\"https:\/\/secure.gravatar.com\/avatar\/d2d32b2c5ba0b3d1fcbc7c351539c7f9052f5e52461adc4d346787a9c2579056?s=96&d=mm&r=g\",\"caption\":\"Ali Mohamad Jaha\"},\"description\":\"Professor de Direito Previdenci\u00e1rio, Legisla\u00e7\u00e3o Previdenci\u00e1ria, Legisla\u00e7\u00e3o da Sa\u00fade, Legisla\u00e7\u00e3o Espec\u00edfica e Discursivas. Auditor-Fiscal da Receita Federal do Brasil \u2013 DRF-Cascavel\/PR. Especialista em Administra\u00e7\u00e3o Tribut\u00e1ria pela Universidade Castelo Branco\/RJ. Especialista em Gest\u00e3o de Pol\u00edticas P\u00fablicas pela Universidade do Iva\u00ed\/PR. Bacharel em Engenharia Civil pela Universidade Estadual de Maring\u00e1\/PR.\",\"sameAs\":[\"http:\/\/www.facebook.com\/amjaha\"],\"url\":\"https:\/\/www.estrategiaconcursos.com.br\/blog\/author\/alijahaestrategiaconcursos-com-br\/\"}]}<\/script>\n<!-- \/ Yoast SEO Premium plugin. -->","yoast_head_json":{"title":"Vale Alimenta\u00e7\u00e3o: o que a Lei diz? E o CARF? E o STJ?","robots":{"index":"index","follow":"follow","max-snippet":"max-snippet:-1","max-image-preview":"max-image-preview:large","max-video-preview":"max-video-preview:-1"},"canonical":"https:\/\/www.estrategiaconcursos.com.br\/blog\/vale-alimentacao-o-que-lei-diz-e-o-carf-e-o-stj\/","og_locale":"pt_BR","og_type":"article","og_title":"Vale Alimenta\u00e7\u00e3o: o que a Lei diz? E o CARF? E o STJ?","og_description":"Boa noite pessoal! Apesar de a Reforma Trabalhista (Lei n.\u00ba 13.467\/2017) trazer expressamente que \u201cas import\u00e2ncias, ainda que habituais, pagas a t\u00edtulo de ajuda de custo, aux\u00edlio alimenta\u00e7\u00e3o, vedado seu pagamento em dinheiro, di\u00e1rias para viagem, pr\u00eamios e abonos n\u00e3o integram a remunera\u00e7\u00e3o do empregado, n\u00e3o se incorporam ao contrato de trabalho e n\u00e3o constituem [&hellip;]","og_url":"https:\/\/www.estrategiaconcursos.com.br\/blog\/vale-alimentacao-o-que-lei-diz-e-o-carf-e-o-stj\/","og_site_name":"Estrat\u00e9gia Concursos","article_author":"http:\/\/www.facebook.com\/amjaha","article_published_time":"2018-05-30T00:17:33+00:00","article_modified_time":"2018-05-30T00:18:23+00:00","author":"Ali Mohamad Jaha","twitter_card":"summary_large_image","twitter_creator":"@EstratConcursos","twitter_site":"@EstratConcursos","twitter_misc":{"Escrito por":"Ali Mohamad Jaha","Est. tempo de leitura":"1 minuto"},"schema":{"@context":"https:\/\/schema.org","@graph":[{"@type":"NewsArticle","@id":"https:\/\/www.estrategiaconcursos.com.br\/blog\/vale-alimentacao-o-que-lei-diz-e-o-carf-e-o-stj\/#article","isPartOf":{"@id":"https:\/\/www.estrategiaconcursos.com.br\/blog\/vale-alimentacao-o-que-lei-diz-e-o-carf-e-o-stj\/"},"author":{"name":"Ali Mohamad Jaha","@id":"https:\/\/www.estrategiaconcursos.com.br\/blog\/#\/schema\/person\/5caef5684d9fe56108eff29afc128dca"},"headline":"Vale Alimenta\u00e7\u00e3o: o que a Lei diz? E o CARF? E o STJ?","datePublished":"2018-05-30T00:17:33+00:00","dateModified":"2018-05-30T00:18:23+00:00","mainEntityOfPage":{"@id":"https:\/\/www.estrategiaconcursos.com.br\/blog\/vale-alimentacao-o-que-lei-diz-e-o-carf-e-o-stj\/"},"wordCount":263,"commentCount":2,"publisher":{"@id":"https:\/\/www.estrategiaconcursos.com.br\/blog\/#organization"},"articleSection":["Concursos P\u00fablicos"],"inLanguage":"pt-BR","potentialAction":[{"@type":"CommentAction","name":"Comment","target":["https:\/\/www.estrategiaconcursos.com.br\/blog\/vale-alimentacao-o-que-lei-diz-e-o-carf-e-o-stj\/#respond"]}],"copyrightYear":"2018","copyrightHolder":{"@id":"https:\/\/www.estrategiaconcursos.com.br\/blog\/#organization"}},{"@type":"WebPage","@id":"https:\/\/www.estrategiaconcursos.com.br\/blog\/vale-alimentacao-o-que-lei-diz-e-o-carf-e-o-stj\/","url":"https:\/\/www.estrategiaconcursos.com.br\/blog\/vale-alimentacao-o-que-lei-diz-e-o-carf-e-o-stj\/","name":"Vale Alimenta\u00e7\u00e3o: o que a Lei diz? E o CARF? E o STJ?","isPartOf":{"@id":"https:\/\/www.estrategiaconcursos.com.br\/blog\/#website"},"datePublished":"2018-05-30T00:17:33+00:00","dateModified":"2018-05-30T00:18:23+00:00","breadcrumb":{"@id":"https:\/\/www.estrategiaconcursos.com.br\/blog\/vale-alimentacao-o-que-lei-diz-e-o-carf-e-o-stj\/#breadcrumb"},"inLanguage":"pt-BR","potentialAction":[{"@type":"ReadAction","target":["https:\/\/www.estrategiaconcursos.com.br\/blog\/vale-alimentacao-o-que-lei-diz-e-o-carf-e-o-stj\/"]}]},{"@type":"BreadcrumbList","@id":"https:\/\/www.estrategiaconcursos.com.br\/blog\/vale-alimentacao-o-que-lei-diz-e-o-carf-e-o-stj\/#breadcrumb","itemListElement":[{"@type":"ListItem","position":1,"name":"In\u00edcio","item":"https:\/\/www.estrategiaconcursos.com.br\/blog\/"},{"@type":"ListItem","position":2,"name":"Vale Alimenta\u00e7\u00e3o: o que a Lei diz? E o CARF? E o STJ?"}]},{"@type":"WebSite","@id":"https:\/\/www.estrategiaconcursos.com.br\/blog\/#website","url":"https:\/\/www.estrategiaconcursos.com.br\/blog\/","name":"Estrat\u00e9gia Concursos","description":"O blog da Estrat\u00e9gia Concursos traz not\u00edcias sobre concursos e artigos de professores oferecendo cursos para concursos (pdf + videaulas) no site.","publisher":{"@id":"https:\/\/www.estrategiaconcursos.com.br\/blog\/#organization"},"potentialAction":[{"@type":"SearchAction","target":{"@type":"EntryPoint","urlTemplate":"https:\/\/www.estrategiaconcursos.com.br\/blog\/?s={search_term_string}"},"query-input":{"@type":"PropertyValueSpecification","valueRequired":true,"valueName":"search_term_string"}}],"inLanguage":"pt-BR"},{"@type":"Organization","@id":"https:\/\/www.estrategiaconcursos.com.br\/blog\/#organization","name":"Estrat\u00e9gia Concursos","url":"https:\/\/www.estrategiaconcursos.com.br\/blog\/","logo":{"@type":"ImageObject","inLanguage":"pt-BR","@id":"https:\/\/www.estrategiaconcursos.com.br\/blog\/#\/schema\/logo\/image\/","url":"https:\/\/dhg1h5j42swfq.cloudfront.net\/2025\/06\/03203428\/logo_concursos-1.jpg","contentUrl":"https:\/\/dhg1h5j42swfq.cloudfront.net\/2025\/06\/03203428\/logo_concursos-1.jpg","width":230,"height":60,"caption":"Estrat\u00e9gia Concursos"},"image":{"@id":"https:\/\/www.estrategiaconcursos.com.br\/blog\/#\/schema\/logo\/image\/"},"sameAs":["https:\/\/x.com\/EstratConcursos"]},{"@type":"Person","@id":"https:\/\/www.estrategiaconcursos.com.br\/blog\/#\/schema\/person\/5caef5684d9fe56108eff29afc128dca","name":"Ali Mohamad Jaha","image":{"@type":"ImageObject","inLanguage":"pt-BR","@id":"https:\/\/secure.gravatar.com\/avatar\/d2d32b2c5ba0b3d1fcbc7c351539c7f9052f5e52461adc4d346787a9c2579056?s=96&d=mm&r=g","url":"https:\/\/secure.gravatar.com\/avatar\/d2d32b2c5ba0b3d1fcbc7c351539c7f9052f5e52461adc4d346787a9c2579056?s=96&d=mm&r=g","contentUrl":"https:\/\/secure.gravatar.com\/avatar\/d2d32b2c5ba0b3d1fcbc7c351539c7f9052f5e52461adc4d346787a9c2579056?s=96&d=mm&r=g","caption":"Ali Mohamad Jaha"},"description":"Professor de Direito Previdenci\u00e1rio, Legisla\u00e7\u00e3o Previdenci\u00e1ria, Legisla\u00e7\u00e3o da Sa\u00fade, Legisla\u00e7\u00e3o Espec\u00edfica e Discursivas. Auditor-Fiscal da Receita Federal do Brasil \u2013 DRF-Cascavel\/PR. Especialista em Administra\u00e7\u00e3o Tribut\u00e1ria pela Universidade Castelo Branco\/RJ. Especialista em Gest\u00e3o de Pol\u00edticas P\u00fablicas pela Universidade do Iva\u00ed\/PR. Bacharel em Engenharia Civil pela Universidade Estadual de Maring\u00e1\/PR.","sameAs":["http:\/\/www.facebook.com\/amjaha"],"url":"https:\/\/www.estrategiaconcursos.com.br\/blog\/author\/alijahaestrategiaconcursos-com-br\/"}]}},"_links":{"self":[{"href":"https:\/\/www.estrategiaconcursos.com.br\/blog\/wp-json\/wp\/v2\/posts\/123408","targetHints":{"allow":["GET"]}}],"collection":[{"href":"https:\/\/www.estrategiaconcursos.com.br\/blog\/wp-json\/wp\/v2\/posts"}],"about":[{"href":"https:\/\/www.estrategiaconcursos.com.br\/blog\/wp-json\/wp\/v2\/types\/post"}],"author":[{"embeddable":true,"href":"https:\/\/www.estrategiaconcursos.com.br\/blog\/wp-json\/wp\/v2\/users\/45"}],"replies":[{"embeddable":true,"href":"https:\/\/www.estrategiaconcursos.com.br\/blog\/wp-json\/wp\/v2\/comments?post=123408"}],"version-history":[{"count":2,"href":"https:\/\/www.estrategiaconcursos.com.br\/blog\/wp-json\/wp\/v2\/posts\/123408\/revisions"}],"predecessor-version":[{"id":123410,"href":"https:\/\/www.estrategiaconcursos.com.br\/blog\/wp-json\/wp\/v2\/posts\/123408\/revisions\/123410"}],"wp:attachment":[{"href":"https:\/\/www.estrategiaconcursos.com.br\/blog\/wp-json\/wp\/v2\/media?parent=123408"}],"wp:term":[{"taxonomy":"category","embeddable":true,"href":"https:\/\/www.estrategiaconcursos.com.br\/blog\/wp-json\/wp\/v2\/categories?post=123408"},{"taxonomy":"post_tag","embeddable":true,"href":"https:\/\/www.estrategiaconcursos.com.br\/blog\/wp-json\/wp\/v2\/tags?post=123408"},{"taxonomy":"tax_estado","embeddable":true,"href":"https:\/\/www.estrategiaconcursos.com.br\/blog\/wp-json\/wp\/v2\/tax_estado?post=123408"}],"curies":[{"name":"wp","href":"https:\/\/api.w.org\/{rel}","templated":true}]}}