{"id":123312,"date":"2018-05-30T05:00:52","date_gmt":"2018-05-30T08:00:52","guid":{"rendered":"https:\/\/www.estrategiaconcursos.com.br\/blog\/?p=123312"},"modified":"2018-05-30T16:27:04","modified_gmt":"2018-05-30T19:27:04","slug":"greve-provas-concurso-fim-de-semana","status":"publish","type":"post","link":"https:\/\/www.estrategiaconcursos.com.br\/blog\/greve-provas-concurso-fim-de-semana\/","title":{"rendered":"PM SP, CBM SE, Copasa MG: confira se haver\u00e1 prova dos concursos do fim de semana"},"content":{"rendered":"<p>A greve dos caminhoneiros j\u00e1 chega ao 10\u00ba dia e mesmo com o reabastecimento de alguns postos de combust\u00edvel, a situa\u00e7\u00e3o continua cr\u00edtica e a previs\u00e3o \u00e9 que isso s\u00f3 deva se normalizar em pelo menos 10 dias.<\/p>\n<p>O que ainda observamos no notici\u00e1rio s\u00e3o as enormes filas de autom\u00f3veis que se estendem nos postos, e a falta do combust\u00edvel em alguns estados. Servi\u00e7os como hospitais e transporte p\u00fablico continuam afetados.\u00a0At\u00e9 mesmo o com\u00e9rcio tem falta de alimentos.<\/p>\n<p>Com isso, continua a preocupa\u00e7\u00e3o de muitos concurseiros sobre a aplica\u00e7\u00e3o das provas que acontecem nos pr\u00f3ximos fins de semana.\u00a0Na semana passada, por exemplo, diversos concursos p\u00fablicos tiveram suas provas suspensas e\/ou adiadas.<\/p>\n<p>Preocupado em mant\u00ea-los informados, o Estrat\u00e9gia Concursos trouxe mais um boletim atualizado com detalhes sobre a aplica\u00e7\u00e3o das provas deste fim de semana. Por isso,\u00a0confira abaixo, as informa\u00e7\u00f5es atualizadas sobre os <a href=\"https:\/\/www.estrategiaconcursos.com.br\/\" target=\"_blank\" rel=\"noopener\">concursos<\/a> previstos para o pr\u00f3ximo domingo, 3 de junho.<\/p>\n<p><span style=\"font-size: 18pt;\"><em><strong>Bombeiros SE &#8211; Adiado<\/strong><\/em><\/span><\/p>\n<p><span style=\"color: #000000;\">As provas objetivas para o cargo de Bombeiro da Pol\u00edcia Militar seriam aplicadas no pr\u00f3ximo domingo, dia\u00a003 de Junho, por\u00e9m foram adiadas. A nova data de aplica\u00e7\u00e3o ainda ser\u00e1 divulgada pela banca.<\/span><\/p>\n<p><em><strong><span style=\"font-size: 18pt;\">Seduc PA &#8211; Adiado<\/span><\/strong><\/em><\/p>\n<p>A Secretaria de Estado de Administra\u00e7\u00e3o (Sead) e a Secretaria de Estado de Educa\u00e7\u00e3o (Seduc) em conjunto com a Consulplan, institui\u00e7\u00e3o organizadora, resolveram adiar a aplica\u00e7\u00e3o da prova objetiva.<\/p>\n<p>Segundo a nota oficial, a decis\u00e3o foi tomada considerando que o fato compromete os meios de transporte indispens\u00e1veis para o deslocamento dos 51,2% candidatos inscritos que residem em cidades diversas daquelas onde prestar\u00e3o as provas.<\/p>\n<p>Considerou-se tamb\u00e9m que n\u00e3o foi poss\u00edvel o deslocamento dos instrumentos de aplica\u00e7\u00e3o das provas.<\/p>\n<p><em><strong><span style=\"font-size: 18pt;\">PM SP &#8211; em an\u00e1lise<\/span><\/strong><\/em><\/p>\n<p><span style=\"color: #000000;\">Entramos em contato com a Vunesp, banca organizadora do <a href=\"https:\/\/www.estrategiaconcursos.com.br\/\" target=\"_blank\" rel=\"noopener\">concurso<\/a> que oferta vagas para Soldado, e eles nos responderam que <em><strong>a situa\u00e7\u00e3o est\u00e1 sendo analisada<\/strong><\/em> em conjunto com a Pol\u00edcia Militar de S\u00e3o Paulo.<\/span><\/p>\n<p>Em contato com a PM SP, o Estrat\u00e9gia Concursos foi informado que o cronograma do concurso permanece inalter\u00e1vel. As provas devem acontecer no fim de semana sem preju\u00edzo ao calend\u00e1rio do concurso.<\/p>\n<p><span style=\"color: #000000;\">Questionados em sua p\u00e1gina oficial no Facebook, a Funda\u00e7\u00e3o disse que a suspens\u00e3o ou n\u00e3o do certame vai depender do andamento da greve e se for o caso, avisar\u00e1 os candidatos com anteced\u00eancia.<\/span><\/p>\n<p><img loading=\"lazy\" decoding=\"async\" class=\"aligncenter wp-image-123319 size-full\" src=\"https:\/\/dhg1h5j42swfq.cloudfront.net\/2018\/05\/29135253\/Sem-t%C3%ADtulo2.jpg\" alt=\"Prova Concurso PM SP\" width=\"501\" height=\"153\" srcset=\"https:\/\/dhg1h5j42swfq.cloudfront.net\/2018\/05\/29135253\/Sem-t%C3%ADtulo2.jpg 501w, https:\/\/dhg1h5j42swfq.cloudfront.net\/2018\/05\/29135253\/Sem-t%C3%ADtulo2.jpg 300w\" sizes=\"auto, (max-width: 501px) 100vw, 501px\" \/><\/p>\n<p><span style=\"color: #000000;\">Vale lembrar, que no \u00faltimo domingo, a Funda\u00e7\u00e3o Vunesp aplicaria a prova do concurso da Pol\u00edcia Civil de S\u00e3o Paulo para o cargo de Delegado, por\u00e9m a mesma foi suspensa na sexta-feira, 25 de maio.<\/span><\/p>\n<p><span style=\"font-size: 24px;\"><b><i>Copasa MG<\/i><\/b><\/span><\/p>\n<p>Em seu site e redes sociais, a Companhia\u00a0de Saneamento de Minas Gerais publicou uma imagem informando que a prova est\u00e1 <strong>mantida<\/strong>.<\/p>\n<p><img loading=\"lazy\" decoding=\"async\" class=\"wp-image-123349 aligncenter\" src=\"https:\/\/dhg1h5j42swfq.cloudfront.net\/2018\/05\/29155452\/Capturar6.jpg\" alt=\"\" width=\"417\" height=\"416\" srcset=\"https:\/\/dhg1h5j42swfq.cloudfront.net\/2018\/05\/29155452\/Capturar6.jpg 804w, https:\/\/dhg1h5j42swfq.cloudfront.net\/2018\/05\/29155452\/Capturar6.jpg 150w, https:\/\/dhg1h5j42swfq.cloudfront.net\/2018\/05\/29155452\/Capturar6.jpg 300w, https:\/\/dhg1h5j42swfq.cloudfront.net\/2018\/05\/29155452\/Capturar6.jpg 768w, https:\/\/dhg1h5j42swfq.cloudfront.net\/2018\/05\/29155452\/Capturar6.jpg 610w\" sizes=\"auto, (max-width: 417px) 100vw, 417px\" \/><\/p>\n<p><span style=\"font-size: 18pt;\"><em><strong>Hemocentro SP<\/strong><\/em><\/span><\/p>\n<p><span style=\"color: #000000;\">O Instituto Quadrix tamb\u00e9m confirmou que <strong>por hora a prova est\u00e1<\/strong> <strong>mantida<\/strong>. Inclusive, j\u00e1 est\u00e3o dispon\u00edveis para consulta, os locais de aplica\u00e7\u00e3o de prova. <\/span><\/p>\n<p><span style=\"color: #000000;\">Na semana passada, a banca havia suspendido as provas dos concursos CRM PR, CREF8 e CRN10\/SC que aconteceriam no dia 27.<\/span><\/p>\n<p><span style=\"font-size: 18pt;\"><em><strong>SES DF &#8211; M\u00e9dico<\/strong><\/em><\/span><\/p>\n<p>O jornalismo do Estrat\u00e9gia Concursos entrou em contato com o Iades, banca organizadora do certame, e a institui\u00e7\u00e3o informou que\u00a0a decis\u00e3o \u00e9 de manter a realiza\u00e7\u00e3o do concurso p\u00fablico na data prevista, ou seja, 03\/06. A situa\u00e7\u00e3o nos principais aeroportos do Pa\u00eds est\u00e1 pr\u00f3xima a normaliza\u00e7\u00e3o e os transportes coletivos em Bras\u00edlia-DF est\u00e3o funcionando normalmente.<\/p>\n<p><span style=\"font-size: 18pt;\"><em><strong>Fapesp &#8211; Procurador<\/strong><\/em><\/span><\/p>\n<p>A Funda\u00e7\u00e3o Vunesp ainda n\u00e3o se pronunciou a respeito dos concursos que acontecer\u00e3o neste fim de semana. Ontem divulgaram a estat\u00edstica de inscritos no concurso para Procurador.<\/p>\n<p><span style=\"font-size: 18pt;\"><em><strong>DPE\u00a0<\/strong><strong>RS<\/strong><\/em><\/span><\/p>\n<p>A Defensoria P\u00fablica do Estado Rio Grande do Sul publicou uma nota informando que a primeira fase, prevista para o dia 10 de junho est\u00e1 mantida, por\u00e9m em virtude da atual situa\u00e7\u00e3o do pa\u00eds, na pr\u00f3xima ter\u00e7a-feira ir\u00e1 comunicar se a data permanece ou ser\u00e1 adiada.<\/p>\n<p><img loading=\"lazy\" decoding=\"async\" class=\" wp-image-123380 aligncenter\" src=\"https:\/\/dhg1h5j42swfq.cloudfront.net\/2018\/05\/29173915\/1231.jpg\" alt=\"\" width=\"424\" height=\"419\" srcset=\"https:\/\/dhg1h5j42swfq.cloudfront.net\/2018\/05\/29173915\/1231.jpg 720w, https:\/\/dhg1h5j42swfq.cloudfront.net\/2018\/05\/29173915\/1231.jpg 300w, https:\/\/dhg1h5j42swfq.cloudfront.net\/2018\/05\/29173915\/1231.jpg 610w\" sizes=\"auto, (max-width: 424px) 100vw, 424px\" \/><\/p>\n","protected":false},"excerpt":{"rendered":"<p>A greve dos caminhoneiros j\u00e1 chega ao 10\u00ba dia e mesmo com o reabastecimento de alguns postos de combust\u00edvel, a situa\u00e7\u00e3o continua cr\u00edtica e a previs\u00e3o \u00e9 que isso s\u00f3 deva se normalizar em pelo menos 10 dias. O que ainda observamos no notici\u00e1rio s\u00e3o as enormes filas de autom\u00f3veis que se estendem nos postos, [&hellip;]<\/p>\n","protected":false},"author":1,"featured_media":43262,"comment_status":"open","ping_status":"closed","sticky":false,"template":"","format":"standard","meta":{"post_tipo":"news","footnotes":""},"categories":[1],"tags":[],"tax_estado":[],"class_list":["post-123312","post","type-post","status-publish","format-standard","has-post-thumbnail","hentry","category-cursos-e-concursos"],"acf":[],"yoast_head":"<!-- This site is optimized with the Yoast SEO Premium plugin v27.2 (Yoast SEO v27.2) - https:\/\/yoast.com\/product\/yoast-seo-premium-wordpress\/ -->\n<title>VAI TER PROVA?? Confira se haver\u00e1 concurso no domingo, 3 de junho?<\/title>\n<meta name=\"description\" content=\"Com a greve dos caminhoneiros que chega ao d\u00e9cimo dia, saiba se vai ter ou n\u00e3o concurso neste fim de semana em todo o pa\u00eds.\" \/>\n<meta name=\"robots\" content=\"index, follow, max-snippet:-1, max-image-preview:large, max-video-preview:-1\" \/>\n<link rel=\"canonical\" href=\"https:\/\/www.estrategiaconcursos.com.br\/blog\/greve-provas-concurso-fim-de-semana\/\" \/>\n<meta property=\"og:locale\" content=\"pt_BR\" \/>\n<meta property=\"og:type\" content=\"article\" \/>\n<meta property=\"og:title\" content=\"PM SP, CBM SE, Copasa MG: confira se haver\u00e1 prova dos concursos do fim de semana\" \/>\n<meta property=\"og:description\" content=\"Com a greve dos caminhoneiros que chega ao d\u00e9cimo dia, saiba se vai ter ou n\u00e3o concurso neste fim de semana em todo o pa\u00eds.\" \/>\n<meta property=\"og:url\" content=\"https:\/\/www.estrategiaconcursos.com.br\/blog\/greve-provas-concurso-fim-de-semana\/\" \/>\n<meta property=\"og:site_name\" content=\"Estrat\u00e9gia Concursos\" \/>\n<meta property=\"article:author\" content=\"https:\/\/www.facebook.com\/EstrategiaConcursos\" \/>\n<meta property=\"article:published_time\" content=\"2018-05-30T08:00:52+00:00\" \/>\n<meta property=\"article:modified_time\" content=\"2018-05-30T19:27:04+00:00\" \/>\n<meta property=\"og:image\" content=\"https:\/\/dhg1h5j42swfq.cloudfront.net\/2016\/07\/09202054\/gabarito-e1509444514343.jpeg\" \/>\n\t<meta property=\"og:image:width\" content=\"400\" \/>\n\t<meta property=\"og:image:height\" content=\"267\" \/>\n\t<meta property=\"og:image:type\" content=\"image\/jpeg\" \/>\n<meta name=\"author\" content=\"Coordena\u00e7\u00e3o\" \/>\n<meta name=\"twitter:card\" content=\"summary_large_image\" \/>\n<meta name=\"twitter:creator\" content=\"@EstratConcursos\" \/>\n<meta name=\"twitter:site\" content=\"@EstratConcursos\" \/>\n<meta name=\"twitter:label1\" content=\"Escrito por\" \/>\n\t<meta name=\"twitter:data1\" content=\"Coordena\u00e7\u00e3o\" \/>\n\t<meta name=\"twitter:label2\" content=\"Est. tempo de leitura\" \/>\n\t<meta name=\"twitter:data2\" content=\"3 minutos\" \/>\n<script type=\"application\/ld+json\" class=\"yoast-schema-graph\">{\"@context\":\"https:\/\/schema.org\",\"@graph\":[{\"@type\":\"NewsArticle\",\"@id\":\"https:\/\/www.estrategiaconcursos.com.br\/blog\/greve-provas-concurso-fim-de-semana\/#article\",\"isPartOf\":{\"@id\":\"https:\/\/www.estrategiaconcursos.com.br\/blog\/greve-provas-concurso-fim-de-semana\/\"},\"author\":{\"name\":\"Coordena\u00e7\u00e3o\",\"@id\":\"https:\/\/www.estrategiaconcursos.com.br\/blog\/#\/schema\/person\/b4a388c97673c5f483d72185668afa1f\"},\"headline\":\"PM SP, CBM SE, Copasa MG: confira se haver\u00e1 prova dos concursos do fim de semana\",\"datePublished\":\"2018-05-30T08:00:52+00:00\",\"dateModified\":\"2018-05-30T19:27:04+00:00\",\"mainEntityOfPage\":{\"@id\":\"https:\/\/www.estrategiaconcursos.com.br\/blog\/greve-provas-concurso-fim-de-semana\/\"},\"wordCount\":706,\"commentCount\":0,\"publisher\":{\"@id\":\"https:\/\/www.estrategiaconcursos.com.br\/blog\/#organization\"},\"image\":{\"@id\":\"https:\/\/www.estrategiaconcursos.com.br\/blog\/greve-provas-concurso-fim-de-semana\/#primaryimage\"},\"thumbnailUrl\":\"https:\/\/dhg1h5j42swfq.cloudfront.net\/2016\/07\/09202054\/gabarito-e1509444514343.jpeg\",\"articleSection\":[\"Concursos P\u00fablicos\"],\"inLanguage\":\"pt-BR\",\"potentialAction\":[{\"@type\":\"CommentAction\",\"name\":\"Comment\",\"target\":[\"https:\/\/www.estrategiaconcursos.com.br\/blog\/greve-provas-concurso-fim-de-semana\/#respond\"]}],\"copyrightYear\":\"2018\",\"copyrightHolder\":{\"@id\":\"https:\/\/www.estrategiaconcursos.com.br\/blog\/#organization\"}},{\"@type\":\"WebPage\",\"@id\":\"https:\/\/www.estrategiaconcursos.com.br\/blog\/greve-provas-concurso-fim-de-semana\/\",\"url\":\"https:\/\/www.estrategiaconcursos.com.br\/blog\/greve-provas-concurso-fim-de-semana\/\",\"name\":\"VAI TER PROVA?? Confira se haver\u00e1 concurso no domingo, 3 de junho?\",\"isPartOf\":{\"@id\":\"https:\/\/www.estrategiaconcursos.com.br\/blog\/#website\"},\"primaryImageOfPage\":{\"@id\":\"https:\/\/www.estrategiaconcursos.com.br\/blog\/greve-provas-concurso-fim-de-semana\/#primaryimage\"},\"image\":{\"@id\":\"https:\/\/www.estrategiaconcursos.com.br\/blog\/greve-provas-concurso-fim-de-semana\/#primaryimage\"},\"thumbnailUrl\":\"https:\/\/dhg1h5j42swfq.cloudfront.net\/2016\/07\/09202054\/gabarito-e1509444514343.jpeg\",\"datePublished\":\"2018-05-30T08:00:52+00:00\",\"dateModified\":\"2018-05-30T19:27:04+00:00\",\"description\":\"Com a greve dos caminhoneiros que chega ao d\u00e9cimo dia, saiba se vai ter ou n\u00e3o concurso neste fim de semana em todo o pa\u00eds.\",\"breadcrumb\":{\"@id\":\"https:\/\/www.estrategiaconcursos.com.br\/blog\/greve-provas-concurso-fim-de-semana\/#breadcrumb\"},\"inLanguage\":\"pt-BR\",\"potentialAction\":[{\"@type\":\"ReadAction\",\"target\":[\"https:\/\/www.estrategiaconcursos.com.br\/blog\/greve-provas-concurso-fim-de-semana\/\"]}]},{\"@type\":\"ImageObject\",\"inLanguage\":\"pt-BR\",\"@id\":\"https:\/\/www.estrategiaconcursos.com.br\/blog\/greve-provas-concurso-fim-de-semana\/#primaryimage\",\"url\":\"https:\/\/dhg1h5j42swfq.cloudfront.net\/2016\/07\/09202054\/gabarito-e1509444514343.jpeg\",\"contentUrl\":\"https:\/\/dhg1h5j42swfq.cloudfront.net\/2016\/07\/09202054\/gabarito-e1509444514343.jpeg\",\"width\":400,\"height\":267,\"caption\":\"concursos 2019\"},{\"@type\":\"BreadcrumbList\",\"@id\":\"https:\/\/www.estrategiaconcursos.com.br\/blog\/greve-provas-concurso-fim-de-semana\/#breadcrumb\",\"itemListElement\":[{\"@type\":\"ListItem\",\"position\":1,\"name\":\"In\u00edcio\",\"item\":\"https:\/\/www.estrategiaconcursos.com.br\/blog\/\"},{\"@type\":\"ListItem\",\"position\":2,\"name\":\"PM SP, CBM SE, Copasa MG: confira se haver\u00e1 prova dos concursos do fim de semana\"}]},{\"@type\":\"WebSite\",\"@id\":\"https:\/\/www.estrategiaconcursos.com.br\/blog\/#website\",\"url\":\"https:\/\/www.estrategiaconcursos.com.br\/blog\/\",\"name\":\"Estrat\u00e9gia Concursos\",\"description\":\"O blog da Estrat\u00e9gia Concursos traz not\u00edcias sobre concursos e artigos de professores oferecendo cursos para concursos (pdf + videaulas) no site.\",\"publisher\":{\"@id\":\"https:\/\/www.estrategiaconcursos.com.br\/blog\/#organization\"},\"potentialAction\":[{\"@type\":\"SearchAction\",\"target\":{\"@type\":\"EntryPoint\",\"urlTemplate\":\"https:\/\/www.estrategiaconcursos.com.br\/blog\/?s={search_term_string}\"},\"query-input\":{\"@type\":\"PropertyValueSpecification\",\"valueRequired\":true,\"valueName\":\"search_term_string\"}}],\"inLanguage\":\"pt-BR\"},{\"@type\":\"Organization\",\"@id\":\"https:\/\/www.estrategiaconcursos.com.br\/blog\/#organization\",\"name\":\"Estrat\u00e9gia Concursos\",\"url\":\"https:\/\/www.estrategiaconcursos.com.br\/blog\/\",\"logo\":{\"@type\":\"ImageObject\",\"inLanguage\":\"pt-BR\",\"@id\":\"https:\/\/www.estrategiaconcursos.com.br\/blog\/#\/schema\/logo\/image\/\",\"url\":\"https:\/\/dhg1h5j42swfq.cloudfront.net\/2025\/06\/03203428\/logo_concursos-1.jpg\",\"contentUrl\":\"https:\/\/dhg1h5j42swfq.cloudfront.net\/2025\/06\/03203428\/logo_concursos-1.jpg\",\"width\":230,\"height\":60,\"caption\":\"Estrat\u00e9gia Concursos\"},\"image\":{\"@id\":\"https:\/\/www.estrategiaconcursos.com.br\/blog\/#\/schema\/logo\/image\/\"},\"sameAs\":[\"https:\/\/x.com\/EstratConcursos\"]},{\"@type\":\"Person\",\"@id\":\"https:\/\/www.estrategiaconcursos.com.br\/blog\/#\/schema\/person\/b4a388c97673c5f483d72185668afa1f\",\"name\":\"Coordena\u00e7\u00e3o\",\"image\":{\"@type\":\"ImageObject\",\"inLanguage\":\"pt-BR\",\"@id\":\"https:\/\/secure.gravatar.com\/avatar\/b720319e4c9a967eb58678d110f4fe35452fc5d5f97b202bac7b8acceb18c6ad?s=96&d=mm&r=g\",\"url\":\"https:\/\/secure.gravatar.com\/avatar\/b720319e4c9a967eb58678d110f4fe35452fc5d5f97b202bac7b8acceb18c6ad?s=96&d=mm&r=g\",\"contentUrl\":\"https:\/\/secure.gravatar.com\/avatar\/b720319e4c9a967eb58678d110f4fe35452fc5d5f97b202bac7b8acceb18c6ad?s=96&d=mm&r=g\",\"caption\":\"Coordena\u00e7\u00e3o\"},\"sameAs\":[\"https:\/\/www.facebook.com\/EstrategiaConcursos\",\"https:\/\/x.com\/EstratConcursos\"],\"url\":\"https:\/\/www.estrategiaconcursos.com.br\/blog\/author\/estrategia2013\/\"}]}<\/script>\n<!-- \/ Yoast SEO Premium plugin. -->","yoast_head_json":{"title":"VAI TER PROVA?? Confira se haver\u00e1 concurso no domingo, 3 de junho?","description":"Com a greve dos caminhoneiros que chega ao d\u00e9cimo dia, saiba se vai ter ou n\u00e3o concurso neste fim de semana em todo o pa\u00eds.","robots":{"index":"index","follow":"follow","max-snippet":"max-snippet:-1","max-image-preview":"max-image-preview:large","max-video-preview":"max-video-preview:-1"},"canonical":"https:\/\/www.estrategiaconcursos.com.br\/blog\/greve-provas-concurso-fim-de-semana\/","og_locale":"pt_BR","og_type":"article","og_title":"PM SP, CBM SE, Copasa MG: confira se haver\u00e1 prova dos concursos do fim de semana","og_description":"Com a greve dos caminhoneiros que chega ao d\u00e9cimo dia, saiba se vai ter ou n\u00e3o concurso neste fim de semana em todo o pa\u00eds.","og_url":"https:\/\/www.estrategiaconcursos.com.br\/blog\/greve-provas-concurso-fim-de-semana\/","og_site_name":"Estrat\u00e9gia Concursos","article_author":"https:\/\/www.facebook.com\/EstrategiaConcursos","article_published_time":"2018-05-30T08:00:52+00:00","article_modified_time":"2018-05-30T19:27:04+00:00","og_image":[{"width":400,"height":267,"url":"https:\/\/dhg1h5j42swfq.cloudfront.net\/2016\/07\/09202054\/gabarito-e1509444514343.jpeg","type":"image\/jpeg"}],"author":"Coordena\u00e7\u00e3o","twitter_card":"summary_large_image","twitter_creator":"@EstratConcursos","twitter_site":"@EstratConcursos","twitter_misc":{"Escrito por":"Coordena\u00e7\u00e3o","Est. tempo de leitura":"3 minutos"},"schema":{"@context":"https:\/\/schema.org","@graph":[{"@type":"NewsArticle","@id":"https:\/\/www.estrategiaconcursos.com.br\/blog\/greve-provas-concurso-fim-de-semana\/#article","isPartOf":{"@id":"https:\/\/www.estrategiaconcursos.com.br\/blog\/greve-provas-concurso-fim-de-semana\/"},"author":{"name":"Coordena\u00e7\u00e3o","@id":"https:\/\/www.estrategiaconcursos.com.br\/blog\/#\/schema\/person\/b4a388c97673c5f483d72185668afa1f"},"headline":"PM SP, CBM SE, Copasa MG: confira se haver\u00e1 prova dos concursos do fim de semana","datePublished":"2018-05-30T08:00:52+00:00","dateModified":"2018-05-30T19:27:04+00:00","mainEntityOfPage":{"@id":"https:\/\/www.estrategiaconcursos.com.br\/blog\/greve-provas-concurso-fim-de-semana\/"},"wordCount":706,"commentCount":0,"publisher":{"@id":"https:\/\/www.estrategiaconcursos.com.br\/blog\/#organization"},"image":{"@id":"https:\/\/www.estrategiaconcursos.com.br\/blog\/greve-provas-concurso-fim-de-semana\/#primaryimage"},"thumbnailUrl":"https:\/\/dhg1h5j42swfq.cloudfront.net\/2016\/07\/09202054\/gabarito-e1509444514343.jpeg","articleSection":["Concursos P\u00fablicos"],"inLanguage":"pt-BR","potentialAction":[{"@type":"CommentAction","name":"Comment","target":["https:\/\/www.estrategiaconcursos.com.br\/blog\/greve-provas-concurso-fim-de-semana\/#respond"]}],"copyrightYear":"2018","copyrightHolder":{"@id":"https:\/\/www.estrategiaconcursos.com.br\/blog\/#organization"}},{"@type":"WebPage","@id":"https:\/\/www.estrategiaconcursos.com.br\/blog\/greve-provas-concurso-fim-de-semana\/","url":"https:\/\/www.estrategiaconcursos.com.br\/blog\/greve-provas-concurso-fim-de-semana\/","name":"VAI TER PROVA?? Confira se haver\u00e1 concurso no domingo, 3 de junho?","isPartOf":{"@id":"https:\/\/www.estrategiaconcursos.com.br\/blog\/#website"},"primaryImageOfPage":{"@id":"https:\/\/www.estrategiaconcursos.com.br\/blog\/greve-provas-concurso-fim-de-semana\/#primaryimage"},"image":{"@id":"https:\/\/www.estrategiaconcursos.com.br\/blog\/greve-provas-concurso-fim-de-semana\/#primaryimage"},"thumbnailUrl":"https:\/\/dhg1h5j42swfq.cloudfront.net\/2016\/07\/09202054\/gabarito-e1509444514343.jpeg","datePublished":"2018-05-30T08:00:52+00:00","dateModified":"2018-05-30T19:27:04+00:00","description":"Com a greve dos caminhoneiros que chega ao d\u00e9cimo dia, saiba se vai ter ou n\u00e3o concurso neste fim de semana em todo o pa\u00eds.","breadcrumb":{"@id":"https:\/\/www.estrategiaconcursos.com.br\/blog\/greve-provas-concurso-fim-de-semana\/#breadcrumb"},"inLanguage":"pt-BR","potentialAction":[{"@type":"ReadAction","target":["https:\/\/www.estrategiaconcursos.com.br\/blog\/greve-provas-concurso-fim-de-semana\/"]}]},{"@type":"ImageObject","inLanguage":"pt-BR","@id":"https:\/\/www.estrategiaconcursos.com.br\/blog\/greve-provas-concurso-fim-de-semana\/#primaryimage","url":"https:\/\/dhg1h5j42swfq.cloudfront.net\/2016\/07\/09202054\/gabarito-e1509444514343.jpeg","contentUrl":"https:\/\/dhg1h5j42swfq.cloudfront.net\/2016\/07\/09202054\/gabarito-e1509444514343.jpeg","width":400,"height":267,"caption":"concursos 2019"},{"@type":"BreadcrumbList","@id":"https:\/\/www.estrategiaconcursos.com.br\/blog\/greve-provas-concurso-fim-de-semana\/#breadcrumb","itemListElement":[{"@type":"ListItem","position":1,"name":"In\u00edcio","item":"https:\/\/www.estrategiaconcursos.com.br\/blog\/"},{"@type":"ListItem","position":2,"name":"PM SP, CBM SE, Copasa MG: confira se haver\u00e1 prova dos concursos do fim de semana"}]},{"@type":"WebSite","@id":"https:\/\/www.estrategiaconcursos.com.br\/blog\/#website","url":"https:\/\/www.estrategiaconcursos.com.br\/blog\/","name":"Estrat\u00e9gia Concursos","description":"O blog da Estrat\u00e9gia Concursos traz not\u00edcias sobre concursos e artigos de professores oferecendo cursos para concursos (pdf + videaulas) no site.","publisher":{"@id":"https:\/\/www.estrategiaconcursos.com.br\/blog\/#organization"},"potentialAction":[{"@type":"SearchAction","target":{"@type":"EntryPoint","urlTemplate":"https:\/\/www.estrategiaconcursos.com.br\/blog\/?s={search_term_string}"},"query-input":{"@type":"PropertyValueSpecification","valueRequired":true,"valueName":"search_term_string"}}],"inLanguage":"pt-BR"},{"@type":"Organization","@id":"https:\/\/www.estrategiaconcursos.com.br\/blog\/#organization","name":"Estrat\u00e9gia Concursos","url":"https:\/\/www.estrategiaconcursos.com.br\/blog\/","logo":{"@type":"ImageObject","inLanguage":"pt-BR","@id":"https:\/\/www.estrategiaconcursos.com.br\/blog\/#\/schema\/logo\/image\/","url":"https:\/\/dhg1h5j42swfq.cloudfront.net\/2025\/06\/03203428\/logo_concursos-1.jpg","contentUrl":"https:\/\/dhg1h5j42swfq.cloudfront.net\/2025\/06\/03203428\/logo_concursos-1.jpg","width":230,"height":60,"caption":"Estrat\u00e9gia Concursos"},"image":{"@id":"https:\/\/www.estrategiaconcursos.com.br\/blog\/#\/schema\/logo\/image\/"},"sameAs":["https:\/\/x.com\/EstratConcursos"]},{"@type":"Person","@id":"https:\/\/www.estrategiaconcursos.com.br\/blog\/#\/schema\/person\/b4a388c97673c5f483d72185668afa1f","name":"Coordena\u00e7\u00e3o","image":{"@type":"ImageObject","inLanguage":"pt-BR","@id":"https:\/\/secure.gravatar.com\/avatar\/b720319e4c9a967eb58678d110f4fe35452fc5d5f97b202bac7b8acceb18c6ad?s=96&d=mm&r=g","url":"https:\/\/secure.gravatar.com\/avatar\/b720319e4c9a967eb58678d110f4fe35452fc5d5f97b202bac7b8acceb18c6ad?s=96&d=mm&r=g","contentUrl":"https:\/\/secure.gravatar.com\/avatar\/b720319e4c9a967eb58678d110f4fe35452fc5d5f97b202bac7b8acceb18c6ad?s=96&d=mm&r=g","caption":"Coordena\u00e7\u00e3o"},"sameAs":["https:\/\/www.facebook.com\/EstrategiaConcursos","https:\/\/x.com\/EstratConcursos"],"url":"https:\/\/www.estrategiaconcursos.com.br\/blog\/author\/estrategia2013\/"}]}},"_links":{"self":[{"href":"https:\/\/www.estrategiaconcursos.com.br\/blog\/wp-json\/wp\/v2\/posts\/123312","targetHints":{"allow":["GET"]}}],"collection":[{"href":"https:\/\/www.estrategiaconcursos.com.br\/blog\/wp-json\/wp\/v2\/posts"}],"about":[{"href":"https:\/\/www.estrategiaconcursos.com.br\/blog\/wp-json\/wp\/v2\/types\/post"}],"author":[{"embeddable":true,"href":"https:\/\/www.estrategiaconcursos.com.br\/blog\/wp-json\/wp\/v2\/users\/1"}],"replies":[{"embeddable":true,"href":"https:\/\/www.estrategiaconcursos.com.br\/blog\/wp-json\/wp\/v2\/comments?post=123312"}],"version-history":[{"count":16,"href":"https:\/\/www.estrategiaconcursos.com.br\/blog\/wp-json\/wp\/v2\/posts\/123312\/revisions"}],"predecessor-version":[{"id":123509,"href":"https:\/\/www.estrategiaconcursos.com.br\/blog\/wp-json\/wp\/v2\/posts\/123312\/revisions\/123509"}],"wp:featuredmedia":[{"embeddable":true,"href":"https:\/\/www.estrategiaconcursos.com.br\/blog\/wp-json\/wp\/v2\/media\/43262"}],"wp:attachment":[{"href":"https:\/\/www.estrategiaconcursos.com.br\/blog\/wp-json\/wp\/v2\/media?parent=123312"}],"wp:term":[{"taxonomy":"category","embeddable":true,"href":"https:\/\/www.estrategiaconcursos.com.br\/blog\/wp-json\/wp\/v2\/categories?post=123312"},{"taxonomy":"post_tag","embeddable":true,"href":"https:\/\/www.estrategiaconcursos.com.br\/blog\/wp-json\/wp\/v2\/tags?post=123312"},{"taxonomy":"tax_estado","embeddable":true,"href":"https:\/\/www.estrategiaconcursos.com.br\/blog\/wp-json\/wp\/v2\/tax_estado?post=123312"}],"curies":[{"name":"wp","href":"https:\/\/api.w.org\/{rel}","templated":true}]}}