{"id":1230764,"date":"2023-12-20T06:00:00","date_gmt":"2023-12-20T09:00:00","guid":{"rendered":"https:\/\/www.estrategiaconcursos.com.br\/blog\/?p=1230764"},"modified":"2024-03-28T08:17:29","modified_gmt":"2024-03-28T11:17:29","slug":"edital-pm-sp-publicado-para-soldado-2023","status":"publish","type":"post","link":"https:\/\/www.estrategiaconcursos.com.br\/blog\/edital-pm-sp-publicado-para-soldado-2023\/","title":{"rendered":"Edital PM SP PUBLICADO! 2.700 vagas para Soldado!"},"content":{"rendered":"\n<p>Foi publicado o novo&nbsp;<strong>edital PM SP&nbsp;<\/strong>(<a href=\"https:\/\/www.estrategiaconcursos.com.br\/cursosPorConcurso\/policia-militar-de-sao-paulo-pm-sp\/\" target=\"_blank\" rel=\"noreferrer noopener\">Pol\u00edcia Militar do Estado de S\u00e3o Paulo<\/a>) para o cargo de <a href=\"https:\/\/www.estrategiaconcursos.com.br\/curso\/pm-sp-soldado-pacote-pos-edital\/\" target=\"_blank\" rel=\"noreferrer noopener\">Soldado 2\u00aa classe<\/a>!<\/p>\n\n\n\n<p>De acordo com o documento, s\u00e3o ofertadas&nbsp;<strong>2.700 vagas<\/strong>. A exig\u00eancia \u00e9 de n\u00edvel m\u00e9dio e idade m\u00e1xima de 30 anos, com sal\u00e1rio inicial de&nbsp;<strong>R$ 4.852,21<\/strong>.<\/p>\n\n\n\n<p>Sob organiza\u00e7\u00e3o da banca Vunesp, as inscri\u00e7\u00f5es est\u00e3o encerradas e puderam ser realizadas at\u00e9 o dia<strong> 20 de dezembro de 2023<\/strong>,\u00a0no\u00a0site\u00a0da organizadora, a <a href=\"https:\/\/www.vunesp.com.br\/PMES2304\" target=\"_blank\" rel=\"noreferrer noopener\">Funda\u00e7\u00e3o Vunesp<\/a>, ao custo de R$ 85,00.<\/p>\n\n\n\n<p>Segundo o edital PM SP, as provas objetivas e dissertativas ser\u00e3o aplicadas em conjunto na data prov\u00e1vel do dia&nbsp;<strong>04 de fevereiro de 2024<\/strong>.<\/p>\n\n\n\n<ul class=\"has-very-light-gray-to-cyan-bluish-gray-gradient-background has-background wp-block-list\">\n<li><strong>Edital PM SP \u2014 Soldado<\/strong><\/li>\n\n\n\n<li><strong>Vagas<\/strong>: 2.700<\/li>\n\n\n\n<li><strong>Sal\u00e1rio inicial<\/strong>: R$ 4.852,21<\/li>\n\n\n\n<li><strong>Edital:<\/strong>&nbsp;<strong><a href=\"https:\/\/dhg1h5j42swfq.cloudfront.net\/2023\/10\/31073314\/edital-de-abertura-pm-sp-soldado-1.pdf\" target=\"_blank\" rel=\"noreferrer noopener\">PM SP- Soldado<\/a><\/strong><\/li>\n<\/ul>\n\n\n\n<div id=\"boxes\" class=\"container\">\n<div class=\"row\">\n<div class=\"col-sm\">\n<div id=\"box-assinatura\" class=\"banner-policia-militar\">\n<h3 class=\"titulo-assinatura\">Concurso PM SP<\/h3>\n<p class=\"subtitulo-assinatura\">Conhe\u00e7a os cursos<\/p>\n<div class=\"box-botao\"><a class=\"btn-assinatura\" role=\"button\" href=\"https:\/\/www.estrategiaconcursos.com.br\/cursosPorConcurso\/policia-militar-de-sao-paulo-pm-sp\/\" target=\"_blank\" rel=\"noopener noreferrer\">Conhe\u00e7a mais<\/a><\/div>\n<\/div>\n<\/div>\n<\/div>\n<\/div>\n\n\n\n<h2 class=\"wp-block-heading\" id=\"dataoficial\">Principais datas do edital PM SP<\/h2>\n\n\n\n<ul class=\"wp-block-list\">\n<li><strong>Inscri\u00e7\u00f5es:<\/strong>&nbsp;06\/11 a 20\/12\/2023<\/li>\n\n\n\n<li><strong>Isen\u00e7\u00e3o da taxa<\/strong>: 06 a 09\/11<\/li>\n\n\n\n<li><strong>Pagamento do boleto:<\/strong>&nbsp;at\u00e9 21\/12<\/li>\n\n\n\n<li><strong>Prova:<\/strong>&nbsp;04\/02\/2024<\/li>\n<\/ul>\n\n\n\n<h2 class=\"wp-block-heading\" id=\"cargos-vagas-soldado\">Cargos e vagas do edital PM SP Soldado<\/h2>\n\n\n\n<figure class=\"wp-block-table is-style-stripes\"><table class=\"has-cyan-bluish-gray-background-color has-background\"><thead><tr><th class=\"has-text-align-center\" data-align=\"center\">CARGO<\/th><th class=\"has-text-align-center\" data-align=\"center\">VAGAS<\/th><th class=\"has-text-align-center\" data-align=\"center\">SAL\u00c1RIO<\/th><\/tr><\/thead><tbody><tr><td class=\"has-text-align-center\" data-align=\"center\"><a href=\"https:\/\/www.estrategiaconcursos.com.br\/curso\/pm-sp-soldado-pacote-pos-edital\/\" target=\"_blank\" rel=\"noreferrer noopener\">Soldado<\/a><\/td><td class=\"has-text-align-center\" data-align=\"center\">2.700<\/td><td class=\"has-text-align-center\" data-align=\"center\">R$ 4.852,21<\/td><\/tr><\/tbody><\/table><figcaption class=\"wp-element-caption\">Quadro de vagas e sal\u00e1rio de Soldado da PM SP<\/figcaption><\/figure>\n\n\n\n<p><\/p>\n\n\n\n<ul class=\"wp-block-list\">\n<li>Padr\u00e3o no valor de R$ 2.033,27<\/li>\n\n\n\n<li>Regime Especial de Trabalho Policial (RETP), previsto na Lei n\u00ba 10.291\/68, no valor de R$ 2.033,27; e<\/li>\n\n\n\n<li>Insalubridade, prevista na Lei Complementar n\u00ba 432\/85, com altera\u00e7\u00f5es da Lei Complementar n\u00ba 1.179\/12, no valor de R$ 785,67.<\/li>\n<\/ul>\n\n\n\n<h3 class=\"wp-block-heading\" id=\"requisitos\">Quais s\u00e3o os requisitos para Soldado da PM SP?<\/h3>\n\n\n\n<ul class=\"wp-block-list\">\n<li>Ser brasileiro;<\/li>\n\n\n\n<li>Ter idade m\u00ednima de 17 anos;<\/li>\n\n\n\n<li>Ter idade m\u00e1xima de 30 anos;<\/li>\n\n\n\n<li>Ter estatura m\u00ednima, descal\u00e7o e descoberto, de 1.55m, se mulher; e 1.60m, se homem;<\/li>\n\n\n\n<li>Possuir n\u00edvel m\u00e9dio de forma\u00e7\u00e3o; e<\/li>\n\n\n\n<li>Ser&nbsp;habilitado&nbsp;para condu\u00e7\u00e3o de ve\u00edculo motorizado entre as categorias \u201cB\u201d e \u201cE\u201d.<\/li>\n<\/ul>\n\n\n\n<div class=\"container\" id=\"boxes\">\n  <div class=\"row\">\n\n    <div class=\"col-sm\">\n      <div class=\"banner-black-friday-ec\" id=\"box-assinatura\">\n        <h3 class=\"titulo-assinatura\" style=\"text-align: left;\">Black Friday 2023<\/h3>\n        <p class=\"subtitulo-assinatura\" style=\"text-align: left;\">Confira as ofertas especiais!<\/p>\n        <div class=\"box-botao\" style=\"text-align: left;\">\n          <a class=\"btn-assinatura\" target=\"_blank\" href=\"https:\/\/estrategiaconcursos.com.br\/promocoes\/blackfriday\/assinaturas?utm_source=blog&#038;utm_medium=banner&#038;utm_campaign=bf_editalpmsp\" role=\"button\" rel=\"noopener noreferrer\">CLIQUE AQUI<\/a>\n        <\/div>\n      <\/div><\/div><\/div><\/div>\n\n\n\n<h2 class=\"wp-block-heading\" id=\"etapa-soldado\">Etapas do edital PM SP para Soldado<\/h2>\n\n\n\n<p>A avalia\u00e7\u00e3o dos candidatos do edital PM SP ser\u00e1 realizada mediante aplica\u00e7\u00e3o das seguintes etapas:<\/p>\n\n\n\n<ul class=\"wp-block-list\">\n<li><strong>Exames de Conhecimentos<\/strong>, divididos em:\n<ul class=\"wp-block-list\">\n<li>Prova Objetiva (Parte I), de car\u00e1ter eliminat\u00f3rio e classificat\u00f3rio;<\/li>\n\n\n\n<li>Prova Dissertativa (Parte II), de car\u00e1ter eliminat\u00f3rio e classificat\u00f3rio;<\/li>\n<\/ul>\n<\/li>\n\n\n\n<li><strong>Exames de Aptid\u00e3o F\u00edsica<\/strong>, de car\u00e1ter eliminat\u00f3rio;<\/li>\n\n\n\n<li><strong>Exames de Sa\u00fade<\/strong>, de car\u00e1ter eliminat\u00f3rio;<\/li>\n\n\n\n<li><strong>Exames Psicol\u00f3gicos<\/strong>, de car\u00e1ter eliminat\u00f3rio;<\/li>\n\n\n\n<li><strong>Avalia\u00e7\u00e3o da Conduta Social, da Reputa\u00e7\u00e3o e da Idoneidade<\/strong>, de car\u00e1ter eliminat\u00f3rio; e<\/li>\n\n\n\n<li><strong>An\u00e1lise de Documentos<\/strong>, de car\u00e1ter eliminat\u00f3rio.<\/li>\n<\/ul>\n\n\n\n<p>Os Exames de Conhecimentos do concurso PM SP ser\u00e3o realizados em 51 munic\u00edpios que podem ser escolhidos no ato da inscri\u00e7\u00e3o, sendo eles:<\/p>\n\n\n\n<p><strong>Estado de S\u00e3o Paulo:<\/strong><\/p>\n\n\n\n<ul class=\"wp-block-list\">\n<li>Andradina;<\/li>\n\n\n\n<li>Ara\u00e7atuba;<\/li>\n\n\n\n<li>Araraquara;<\/li>\n\n\n\n<li>Avar\u00e9;<\/li>\n\n\n\n<li>Bauru;<\/li>\n\n\n\n<li>Bragan\u00e7a Paulista;<\/li>\n\n\n\n<li>Campinas<\/li>\n\n\n\n<li>Caraguatatuba;<\/li>\n\n\n\n<li>Catanduva;<\/li>\n\n\n\n<li>Cotia;<\/li>\n\n\n\n<li>Dracena;<\/li>\n\n\n\n<li>Franca;<\/li>\n\n\n\n<li>Franco da Rocha;<\/li>\n\n\n\n<li>Guarulhos;<\/li>\n\n\n\n<li>Itapetininga;<\/li>\n\n\n\n<li>Jundia\u00ed;<\/li>\n\n\n\n<li>Mar\u00edlia<\/li>\n\n\n\n<li>Mogi das Cruzes;<\/li>\n\n\n\n<li>Mongagu\u00e1;<\/li>\n\n\n\n<li>Osasco;<\/li>\n\n\n\n<li>Ourinhos<\/li>\n\n\n\n<li>Piracicaba;<\/li>\n\n\n\n<li>Pirassununga;<\/li>\n\n\n\n<li>Praia Grande;<\/li>\n\n\n\n<li>Presidente Prudente;<\/li>\n\n\n\n<li>Presidente Venceslau;<\/li>\n\n\n\n<li>Registro;<\/li>\n\n\n\n<li>Ribeir\u00e3o Preto;<\/li>\n\n\n\n<li>Rio Claro;<\/li>\n\n\n\n<li>S\u00e3o Paulo;<\/li>\n\n\n\n<li>Santos;<\/li>\n\n\n\n<li>S\u00e3o Bernardo do Campo;<\/li>\n\n\n\n<li>S\u00e3o Jos\u00e9 do Rio Preto;<\/li>\n\n\n\n<li>S\u00e3o Jose dos Campos;<\/li>\n\n\n\n<li>Sorocaba;<\/li>\n\n\n\n<li>Taubat\u00e9;<\/li>\n\n\n\n<li>Votuporanga.<\/li>\n<\/ul>\n\n\n\n<p><strong>Demais estados:<\/strong>&nbsp;Belo Horizonte \u2013 MG; Bras\u00edlia \u2013 DF; Campo Grande \u2013 MS; Cuiab\u00e1 \u2013 MT; Curitiba \u2013 PR; Florian\u00f3polis \u2013 SC; Fortaleza \u2013 CE; Goi\u00e2nia- GO; Manaus \u2013 AM; Porto Alegre \u2013 RS; Recife \u2013 PE; Rio de Janeiro \u2013 RJ; Salvador- BA e Vit\u00f3ria \u2013 ES.<\/p>\n\n\n\n<h3 class=\"wp-block-heading\">Prova Objetiva<\/h3>\n\n\n\n<p>A Prova Objetiva do edital PM SP Soldado ser\u00e1 composta por <strong>60 quest\u00f5es de m\u00faltipla escolha<\/strong>, com cinco alternativas cada, sendo apenas uma a correta.<\/p>\n\n\n\n<p>A avalia\u00e7\u00e3o do edital PM SP ser\u00e1 aplicada juntamente com a discursiva, com dura\u00e7\u00e3o de<strong> 5 horas<\/strong>, nas seguintes disciplinas abaixo:<\/p>\n\n\n\n<ul class=\"wp-block-list\">\n<li>L\u00edngua Portuguesa e Interpreta\u00e7\u00e3o de texto (20 quest\u00f5es);<\/li>\n\n\n\n<li>Matem\u00e1tica (15 quest\u00f5es);<\/li>\n\n\n\n<li>Conhecimentos Gerais (15 quest\u00f5es);<\/li>\n\n\n\n<li>No\u00e7\u00f5es b\u00e1sicas de Inform\u00e1tica (5 quest\u00f5es); e<\/li>\n\n\n\n<li>No\u00e7\u00f5es de Administra\u00e7\u00e3o P\u00fablica (5 quest\u00f5es).<\/li>\n<\/ul>\n\n\n\n<p>A etapa ser\u00e1 avaliada na escala de 0 a 60 pontos. Cada quest\u00e3o ter\u00e1 valor de 1 ponto, sendo considerado habilitado o candidato que obtiver, no m\u00ednimo, 30 pontos.<\/p>\n\n\n\n<h3 class=\"wp-block-heading\" id=\"discursiva\">Prova Discursiva<\/h3>\n\n\n\n<p>A Prova Dissertativa ser\u00e1 composta de uma reda\u00e7\u00e3o, na qual o candidato produzir\u00e1 uma disserta\u00e7\u00e3o em prosa na norma-padr\u00e3o da l\u00edngua portuguesa, a partir da leitura de textos auxiliares.<\/p>\n\n\n\n<p>Ser\u00e3o corrigidas as provas dos candidatos que obtiverem, no m\u00ednimo, 30 pontos na Objetiva, j\u00e1 considerada a pontua\u00e7\u00e3o diferenciada para pretos, pardos e ind\u00edgenas.<\/p>\n\n\n\n<p>A etapa do concurso PM SP ser\u00e1 avaliada na escala de 0 a 40 pontos, sendo habilitado o candidato que obtiver nota igual ou superior a 20 pontos, j\u00e1 considerada a pontua\u00e7\u00e3o diferenciada para pretos, pardos e ind\u00edgenas.<\/p>\n\n\n\n<h3 class=\"wp-block-heading\" id=\"pratica\">Prova de Aptid\u00e3o F\u00edsica<\/h3>\n\n\n\n<p>Os Exames de Aptid\u00e3o F\u00edsica (<a href=\"https:\/\/www.estrategiaconcursos.com.br\/blog\/preparacao-teste-aptidao-fisica\/\" target=\"_blank\" rel=\"noreferrer noopener\">TAF<\/a>) do edital PM SP Soldado ser\u00e3o compostos, al\u00e9m da aferi\u00e7\u00e3o de altura, pelos seguintes testes:<\/p>\n\n\n\n<ul class=\"wp-block-list\">\n<li>Teste de flex\u00e3o e extens\u00e3o de cotovelos, por meio do teste din\u00e2mico de barra para homens e isometria na barra fixa para mulheres;<\/li>\n\n\n\n<li>Resist\u00eancia abdominal, em dec\u00fabito dorsal (tipo remador);<\/li>\n\n\n\n<li>Corrida de 50 (cinquenta) metros; e<\/li>\n\n\n\n<li>Corrida de 12 (doze) minutos.<\/li>\n<\/ul>\n\n\n\n<h3 class=\"wp-block-heading\">Avalia\u00e7\u00e3o da Conduta Social, da Reputa\u00e7\u00e3o e da Idoneidade<\/h3>\n\n\n\n<p>A etapa visa a aprecia\u00e7\u00e3o da conduta social, reputa\u00e7\u00e3o e idoneidade do candidato, em sua vida pregressa e atual em todos os aspectos da vida em sociedade, quer seja social, moral, profissional, escolar, quanto \u00e0 compatibilidade para o exerc\u00edcio do cargo.<\/p>\n\n\n\n<p>O pr\u00f3prio candidato fornecer\u00e1 os dados para averigua\u00e7\u00e3o, autorizando sua realiza\u00e7\u00e3o e se responsabilizando pela veracidade das informa\u00e7\u00f5es, dados, fatos e documentos por ele apresentados.<\/p>\n\n\n\n<p>A avalia\u00e7\u00e3o se pauta nos valores morais e \u00e9ticos imprescind\u00edveis ao exerc\u00edcio do cargo, visando a realiza\u00e7\u00e3o do bem comum, como o patriotismo, o civismo, a hierarquia, a disciplina, o profissionalismo, a lealdade, a const\u00e2ncia, a verdade real, a honra, a dignidade humana, a honestidade e a coragem.<\/p>\n\n\n\n<h2 class=\"wp-block-heading\" id=\"h-guia-de-estudos-para-pm-sp\">Guia de Estudos para PM SP<\/h2>\n\n\n\n<ul class=\"wp-block-list\">\n<li><a href=\"https:\/\/www.estrategiaconcursos.com.br\/blog\/guia-de-estudos-para-pm-sp-2023\/\" target=\"_blank\" rel=\"noreferrer noopener\">PM SP Soldado &#8211; 2023<\/a><\/li>\n<\/ul>\n\n\n\n<p class=\"has-text-align-center has-background has-medium-font-size\" style=\"background-color:#abb7c236\"><strong>Saiba mais:&nbsp;<a href=\"https:\/\/www.estrategiaconcursos.com.br\/blog\/concurso-pm-sp\/\" target=\"_blank\" rel=\"noreferrer noopener\">Concurso PM SP<\/a><\/strong><\/p>\n\n\n\n<hr class=\"wp-block-separator has-css-opacity\"\/>\n\n\n\n<h2 class=\"wp-block-heading has-text-align-center\" id=\"h-quer-saber-tudo-sobre-concursos-previstos-confira-nossos-artigos\">Quer saber tudo sobre concursos previstos?<br \/>Confira nossos artigos!<\/h2>\n\n\n\n<ul class=\"wp-block-list\">\n<li><a href=\"https:\/\/www.estrategiaconcursos.com.br\/blog\/concursos-de-policia\/\" target=\"_blank\" rel=\"noreferrer noopener\">Concursos policiais<\/a><\/li>\n\n\n\n<li><a href=\"https:\/\/www.estrategiaconcursos.com.br\/blog\/concursos-abertos\/\" target=\"_blank\" rel=\"noreferrer noopener\">Concursos abertos<\/a><\/li>\n\n\n\n<li><a href=\"https:\/\/www.estrategiaconcursos.com.br\/blog\/concursos-2024\/\" target=\"_blank\" rel=\"noreferrer noopener\">Concursos 2024<\/a><\/li>\n<\/ul>\n\n\n\n<h2 class=\"wp-block-heading has-text-align-center\" id=\"cursos-assinaturas\">Quer estudar para o Edital PM SP Soldado?<\/h2>\n\n\n\n<div id=\"boxes\" class=\"container\">\n<div class=\"row\">\n<div class=\"col-sm\">\n<div id=\"box-assinatura\" class=\"banner-policia-militar\">\n<h3 class=\"titulo-assinatura\">Concurso PM SP<\/h3>\n<p class=\"subtitulo-assinatura\">Conhe\u00e7a os cursos<\/p>\n<div class=\"box-botao\"><a class=\"btn-assinatura\" role=\"button\" href=\"https:\/\/www.estrategiaconcursos.com.br\/cursosPorConcurso\/policia-militar-de-sao-paulo-pm-sp\/\" target=\"_blank\" rel=\"noopener noreferrer\">Conhe\u00e7a mais<\/a><\/div>\n<\/div>\n<\/div>\n<\/div>\n<\/div>\n\n\n\n<div id=\"boxes\" class=\"container\">\n<div class=\"row\">\n<div class=\"col-sm\">\n<div id=\"box-assinatura\" class=\"estrategia\">\n<h3 class=\"titulo-assinatura\">Assinatura de Concursos<\/h3>\n<p class=\"subtitulo-assinatura\">Assinatura 1 ou 2 anos <\/p>\n<div class=\"box-botao\"><a class=\"btn-assinatura\" role=\"button\" href=\"https:\/\/www.estrategiaconcursos.com.br\/assinaturas\/\" target=\"_blank\" rel=\"noopener noreferrer\">ASSINE AGORA<\/a><\/div>\n<\/div><\/div><\/div><\/div>\n\n\n\n<figure class=\"wp-block-image size-large is-resized\"><img loading=\"lazy\" decoding=\"async\" width=\"1024\" height=\"632\" src=\"https:\/\/dhg1h5j42swfq.cloudfront.net\/2021\/05\/05103351\/ficha-tecnica-7-1024x632.png\" alt=\"ficha t\u00e9cnica para o concurso da PM SP\" class=\"wp-image-731606\" style=\"aspect-ratio:1.620253164556962;width:254px;height:auto\" srcset=\"https:\/\/dhg1h5j42swfq.cloudfront.net\/2021\/05\/05103351\/ficha-tecnica-7-1024x632.png 1024w, https:\/\/dhg1h5j42swfq.cloudfront.net\/2021\/05\/05103351\/ficha-tecnica-7-300x185.png 300w, https:\/\/dhg1h5j42swfq.cloudfront.net\/2021\/05\/05103351\/ficha-tecnica-7-768x474.png 768w, https:\/\/dhg1h5j42swfq.cloudfront.net\/2021\/05\/05103351\/ficha-tecnica-7-1536x948.png 1536w, https:\/\/dhg1h5j42swfq.cloudfront.net\/2021\/05\/05103351\/ficha-tecnica-7-610x377.png 610w, https:\/\/dhg1h5j42swfq.cloudfront.net\/2021\/05\/05103351\/ficha-tecnica-7.png 1571w\" sizes=\"auto, (max-width: 1024px) 100vw, 1024px\" \/><\/figure>\n\n\n\n<h3 class=\"wp-block-heading\" id=\"ficha-tecnica\">\u2666 Informa\u00e7\u00f5es do Edital PM&nbsp;SP Soldado<\/h3>\n\n\n\n<ul class=\"wp-block-list\">\n<li><strong>Provas<\/strong>: 17\/09\/2023<\/li>\n\n\n\n<li><strong style=\"color: initial;\">Vagas:<\/strong><span style=\"color: initial;\">&nbsp;2.700<\/span><\/li>\n\n\n\n<li><strong>Cargos:<\/strong>&nbsp;Soldado <\/li>\n\n\n\n<li><strong>Banca:<\/strong>&nbsp;Funda\u00e7\u00e3o Vunesp<\/li>\n\n\n\n<li><strong>Escolaridade:<\/strong>&nbsp;n\u00edvel m\u00e9dio<\/li>\n\n\n\n<li><strong>Edital:<\/strong> <a href=\"https:\/\/dhg1h5j42swfq.cloudfront.net\/2023\/06\/20161705\/edital-pmsp-soldado.pdf\" target=\"_blank\" rel=\"noreferrer noopener nofollow\">Soldado PM SP-2023<\/a><\/li>\n<\/ul>\n","protected":false},"excerpt":{"rendered":"<p>Foi publicado o novo&nbsp;edital PM SP&nbsp;(Pol\u00edcia Militar do Estado de S\u00e3o Paulo) para o cargo de Soldado 2\u00aa classe! De acordo com o documento, s\u00e3o ofertadas&nbsp;2.700 vagas. A exig\u00eancia \u00e9 de n\u00edvel m\u00e9dio e idade m\u00e1xima de 30 anos, com sal\u00e1rio inicial de&nbsp;R$ 4.852,21. Sob organiza\u00e7\u00e3o da banca Vunesp, as inscri\u00e7\u00f5es est\u00e3o encerradas e puderam [&hellip;]<\/p>\n","protected":false},"author":2402,"featured_media":1131344,"comment_status":"open","ping_status":"closed","sticky":false,"template":"","format":"standard","meta":{"post_tipo":"news","footnotes":""},"categories":[220187,220219],"tags":[],"tax_estado":[219989],"class_list":["post-1230764","post","type-post","status-publish","format-standard","has-post-thumbnail","hentry","category-policial-pracas","category-noticias","tax_estado-sp"],"acf":[],"yoast_head":"<!-- This site is optimized with the Yoast SEO Premium plugin v27.2 (Yoast SEO v27.2) - https:\/\/yoast.com\/product\/yoast-seo-premium-wordpress\/ -->\n<title>Edital PM SP PUBLICADO! 2.700 vagas para Soldado!<\/title>\n<meta name=\"description\" content=\"Edital PM SP publicado com 2.700 vagas de Soldado e sal\u00e1rios de R$ 4,8 mil. Confira os detalhes aqui. Provas em fevereiro!\" \/>\n<meta name=\"robots\" content=\"index, follow, max-snippet:-1, max-image-preview:large, max-video-preview:-1\" \/>\n<link rel=\"canonical\" href=\"https:\/\/www.estrategiaconcursos.com.br\/blog\/edital-pm-sp-publicado-para-soldado-2023\/\" \/>\n<meta property=\"og:locale\" content=\"pt_BR\" \/>\n<meta property=\"og:type\" content=\"article\" \/>\n<meta property=\"og:title\" content=\"Edital PM SP PUBLICADO! 2.700 vagas para Soldado!\" \/>\n<meta property=\"og:description\" content=\"Edital PM SP publicado com 2.700 vagas de Soldado e sal\u00e1rios de R$ 4,8 mil. Confira os detalhes aqui. Provas em fevereiro!\" \/>\n<meta property=\"og:url\" content=\"https:\/\/www.estrategiaconcursos.com.br\/blog\/edital-pm-sp-publicado-para-soldado-2023\/\" \/>\n<meta property=\"og:site_name\" content=\"Estrat\u00e9gia Concursos\" \/>\n<meta property=\"article:published_time\" content=\"2023-12-20T09:00:00+00:00\" \/>\n<meta property=\"article:modified_time\" content=\"2024-03-28T11:17:29+00:00\" \/>\n<meta property=\"og:image\" content=\"https:\/\/dhg1h5j42swfq.cloudfront.net\/2022\/11\/29141443\/pm-sp-1.jpg\" \/>\n\t<meta property=\"og:image:width\" content=\"768\" \/>\n\t<meta property=\"og:image:height\" content=\"432\" \/>\n\t<meta property=\"og:image:type\" content=\"image\/jpeg\" \/>\n<meta name=\"author\" content=\"Daniela Santos Nascimento\" \/>\n<meta name=\"twitter:card\" content=\"summary_large_image\" \/>\n<meta name=\"twitter:creator\" content=\"@EstratConcursos\" \/>\n<meta name=\"twitter:site\" content=\"@EstratConcursos\" \/>\n<meta name=\"twitter:label1\" content=\"Escrito por\" \/>\n\t<meta name=\"twitter:data1\" content=\"Daniela Santos Nascimento\" \/>\n\t<meta name=\"twitter:label2\" content=\"Est. tempo de leitura\" \/>\n\t<meta name=\"twitter:data2\" content=\"5 minutos\" \/>\n<script type=\"application\/ld+json\" class=\"yoast-schema-graph\">{\"@context\":\"https:\/\/schema.org\",\"@graph\":[{\"@type\":\"NewsArticle\",\"@id\":\"https:\/\/www.estrategiaconcursos.com.br\/blog\/edital-pm-sp-publicado-para-soldado-2023\/#article\",\"isPartOf\":{\"@id\":\"https:\/\/www.estrategiaconcursos.com.br\/blog\/edital-pm-sp-publicado-para-soldado-2023\/\"},\"author\":{\"name\":\"Daniela Santos Nascimento\",\"@id\":\"https:\/\/www.estrategiaconcursos.com.br\/blog\/#\/schema\/person\/399990d02336f200766707b881aee98f\"},\"headline\":\"Edital PM SP PUBLICADO! 2.700 vagas para Soldado!\",\"datePublished\":\"2023-12-20T09:00:00+00:00\",\"dateModified\":\"2024-03-28T11:17:29+00:00\",\"mainEntityOfPage\":{\"@id\":\"https:\/\/www.estrategiaconcursos.com.br\/blog\/edital-pm-sp-publicado-para-soldado-2023\/\"},\"wordCount\":1058,\"commentCount\":0,\"publisher\":{\"@id\":\"https:\/\/www.estrategiaconcursos.com.br\/blog\/#organization\"},\"image\":{\"@id\":\"https:\/\/www.estrategiaconcursos.com.br\/blog\/edital-pm-sp-publicado-para-soldado-2023\/#primaryimage\"},\"thumbnailUrl\":\"https:\/\/dhg1h5j42swfq.cloudfront.net\/2022\/11\/29141443\/pm-sp-1.jpg\",\"articleSection\":[\"Policial (PM\/BM - Pra\u00e7as)\",\"\u00daltimas not\u00edcias\"],\"inLanguage\":\"pt-BR\",\"potentialAction\":[{\"@type\":\"CommentAction\",\"name\":\"Comment\",\"target\":[\"https:\/\/www.estrategiaconcursos.com.br\/blog\/edital-pm-sp-publicado-para-soldado-2023\/#respond\"]}],\"copyrightYear\":\"2023\",\"copyrightHolder\":{\"@id\":\"https:\/\/www.estrategiaconcursos.com.br\/blog\/#organization\"}},{\"@type\":\"WebPage\",\"@id\":\"https:\/\/www.estrategiaconcursos.com.br\/blog\/edital-pm-sp-publicado-para-soldado-2023\/\",\"url\":\"https:\/\/www.estrategiaconcursos.com.br\/blog\/edital-pm-sp-publicado-para-soldado-2023\/\",\"name\":\"Edital PM SP PUBLICADO! 2.700 vagas para Soldado!\",\"isPartOf\":{\"@id\":\"https:\/\/www.estrategiaconcursos.com.br\/blog\/#website\"},\"primaryImageOfPage\":{\"@id\":\"https:\/\/www.estrategiaconcursos.com.br\/blog\/edital-pm-sp-publicado-para-soldado-2023\/#primaryimage\"},\"image\":{\"@id\":\"https:\/\/www.estrategiaconcursos.com.br\/blog\/edital-pm-sp-publicado-para-soldado-2023\/#primaryimage\"},\"thumbnailUrl\":\"https:\/\/dhg1h5j42swfq.cloudfront.net\/2022\/11\/29141443\/pm-sp-1.jpg\",\"datePublished\":\"2023-12-20T09:00:00+00:00\",\"dateModified\":\"2024-03-28T11:17:29+00:00\",\"description\":\"Edital PM SP publicado com 2.700 vagas de Soldado e sal\u00e1rios de R$ 4,8 mil. Confira os detalhes aqui. Provas em fevereiro!\",\"breadcrumb\":{\"@id\":\"https:\/\/www.estrategiaconcursos.com.br\/blog\/edital-pm-sp-publicado-para-soldado-2023\/#breadcrumb\"},\"inLanguage\":\"pt-BR\",\"potentialAction\":[{\"@type\":\"ReadAction\",\"target\":[\"https:\/\/www.estrategiaconcursos.com.br\/blog\/edital-pm-sp-publicado-para-soldado-2023\/\"]}]},{\"@type\":\"ImageObject\",\"inLanguage\":\"pt-BR\",\"@id\":\"https:\/\/www.estrategiaconcursos.com.br\/blog\/edital-pm-sp-publicado-para-soldado-2023\/#primaryimage\",\"url\":\"https:\/\/dhg1h5j42swfq.cloudfront.net\/2022\/11\/29141443\/pm-sp-1.jpg\",\"contentUrl\":\"https:\/\/dhg1h5j42swfq.cloudfront.net\/2022\/11\/29141443\/pm-sp-1.jpg\",\"width\":768,\"height\":432,\"caption\":\"concurso pm sp\"},{\"@type\":\"BreadcrumbList\",\"@id\":\"https:\/\/www.estrategiaconcursos.com.br\/blog\/edital-pm-sp-publicado-para-soldado-2023\/#breadcrumb\",\"itemListElement\":[{\"@type\":\"ListItem\",\"position\":1,\"name\":\"In\u00edcio\",\"item\":\"https:\/\/www.estrategiaconcursos.com.br\/blog\/\"},{\"@type\":\"ListItem\",\"position\":2,\"name\":\"Edital PM SP PUBLICADO! 2.700 vagas para Soldado!\"}]},{\"@type\":\"WebSite\",\"@id\":\"https:\/\/www.estrategiaconcursos.com.br\/blog\/#website\",\"url\":\"https:\/\/www.estrategiaconcursos.com.br\/blog\/\",\"name\":\"Estrat\u00e9gia Concursos\",\"description\":\"O blog da Estrat\u00e9gia Concursos traz not\u00edcias sobre concursos e artigos de professores oferecendo cursos para concursos (pdf + videaulas) no site.\",\"publisher\":{\"@id\":\"https:\/\/www.estrategiaconcursos.com.br\/blog\/#organization\"},\"potentialAction\":[{\"@type\":\"SearchAction\",\"target\":{\"@type\":\"EntryPoint\",\"urlTemplate\":\"https:\/\/www.estrategiaconcursos.com.br\/blog\/?s={search_term_string}\"},\"query-input\":{\"@type\":\"PropertyValueSpecification\",\"valueRequired\":true,\"valueName\":\"search_term_string\"}}],\"inLanguage\":\"pt-BR\"},{\"@type\":\"Organization\",\"@id\":\"https:\/\/www.estrategiaconcursos.com.br\/blog\/#organization\",\"name\":\"Estrat\u00e9gia Concursos\",\"url\":\"https:\/\/www.estrategiaconcursos.com.br\/blog\/\",\"logo\":{\"@type\":\"ImageObject\",\"inLanguage\":\"pt-BR\",\"@id\":\"https:\/\/www.estrategiaconcursos.com.br\/blog\/#\/schema\/logo\/image\/\",\"url\":\"https:\/\/dhg1h5j42swfq.cloudfront.net\/2025\/06\/03203428\/logo_concursos-1.jpg\",\"contentUrl\":\"https:\/\/dhg1h5j42swfq.cloudfront.net\/2025\/06\/03203428\/logo_concursos-1.jpg\",\"width\":230,\"height\":60,\"caption\":\"Estrat\u00e9gia Concursos\"},\"image\":{\"@id\":\"https:\/\/www.estrategiaconcursos.com.br\/blog\/#\/schema\/logo\/image\/\"},\"sameAs\":[\"https:\/\/x.com\/EstratConcursos\"]},{\"@type\":\"Person\",\"@id\":\"https:\/\/www.estrategiaconcursos.com.br\/blog\/#\/schema\/person\/399990d02336f200766707b881aee98f\",\"name\":\"Daniela Santos Nascimento\",\"image\":{\"@type\":\"ImageObject\",\"inLanguage\":\"pt-BR\",\"@id\":\"https:\/\/secure.gravatar.com\/avatar\/7f343622ad121e2893832a8c76808be436bdfcbf2f7d696174c94ecd84f2384a?s=96&d=mm&r=g\",\"url\":\"https:\/\/secure.gravatar.com\/avatar\/7f343622ad121e2893832a8c76808be436bdfcbf2f7d696174c94ecd84f2384a?s=96&d=mm&r=g\",\"contentUrl\":\"https:\/\/secure.gravatar.com\/avatar\/7f343622ad121e2893832a8c76808be436bdfcbf2f7d696174c94ecd84f2384a?s=96&d=mm&r=g\",\"caption\":\"Daniela Santos Nascimento\"},\"url\":\"https:\/\/www.estrategiaconcursos.com.br\/blog\/author\/daniela-nascimentoestrategia-com\/\"}]}<\/script>\n<!-- \/ Yoast SEO Premium plugin. -->","yoast_head_json":{"title":"Edital PM SP PUBLICADO! 2.700 vagas para Soldado!","description":"Edital PM SP publicado com 2.700 vagas de Soldado e sal\u00e1rios de R$ 4,8 mil. Confira os detalhes aqui. Provas em fevereiro!","robots":{"index":"index","follow":"follow","max-snippet":"max-snippet:-1","max-image-preview":"max-image-preview:large","max-video-preview":"max-video-preview:-1"},"canonical":"https:\/\/www.estrategiaconcursos.com.br\/blog\/edital-pm-sp-publicado-para-soldado-2023\/","og_locale":"pt_BR","og_type":"article","og_title":"Edital PM SP PUBLICADO! 2.700 vagas para Soldado!","og_description":"Edital PM SP publicado com 2.700 vagas de Soldado e sal\u00e1rios de R$ 4,8 mil. Confira os detalhes aqui. Provas em fevereiro!","og_url":"https:\/\/www.estrategiaconcursos.com.br\/blog\/edital-pm-sp-publicado-para-soldado-2023\/","og_site_name":"Estrat\u00e9gia Concursos","article_published_time":"2023-12-20T09:00:00+00:00","article_modified_time":"2024-03-28T11:17:29+00:00","og_image":[{"width":768,"height":432,"url":"https:\/\/dhg1h5j42swfq.cloudfront.net\/2022\/11\/29141443\/pm-sp-1.jpg","type":"image\/jpeg"}],"author":"Daniela Santos Nascimento","twitter_card":"summary_large_image","twitter_creator":"@EstratConcursos","twitter_site":"@EstratConcursos","twitter_misc":{"Escrito por":"Daniela Santos Nascimento","Est. tempo de leitura":"5 minutos"},"schema":{"@context":"https:\/\/schema.org","@graph":[{"@type":"NewsArticle","@id":"https:\/\/www.estrategiaconcursos.com.br\/blog\/edital-pm-sp-publicado-para-soldado-2023\/#article","isPartOf":{"@id":"https:\/\/www.estrategiaconcursos.com.br\/blog\/edital-pm-sp-publicado-para-soldado-2023\/"},"author":{"name":"Daniela Santos Nascimento","@id":"https:\/\/www.estrategiaconcursos.com.br\/blog\/#\/schema\/person\/399990d02336f200766707b881aee98f"},"headline":"Edital PM SP PUBLICADO! 2.700 vagas para Soldado!","datePublished":"2023-12-20T09:00:00+00:00","dateModified":"2024-03-28T11:17:29+00:00","mainEntityOfPage":{"@id":"https:\/\/www.estrategiaconcursos.com.br\/blog\/edital-pm-sp-publicado-para-soldado-2023\/"},"wordCount":1058,"commentCount":0,"publisher":{"@id":"https:\/\/www.estrategiaconcursos.com.br\/blog\/#organization"},"image":{"@id":"https:\/\/www.estrategiaconcursos.com.br\/blog\/edital-pm-sp-publicado-para-soldado-2023\/#primaryimage"},"thumbnailUrl":"https:\/\/dhg1h5j42swfq.cloudfront.net\/2022\/11\/29141443\/pm-sp-1.jpg","articleSection":["Policial (PM\/BM - Pra\u00e7as)","\u00daltimas not\u00edcias"],"inLanguage":"pt-BR","potentialAction":[{"@type":"CommentAction","name":"Comment","target":["https:\/\/www.estrategiaconcursos.com.br\/blog\/edital-pm-sp-publicado-para-soldado-2023\/#respond"]}],"copyrightYear":"2023","copyrightHolder":{"@id":"https:\/\/www.estrategiaconcursos.com.br\/blog\/#organization"}},{"@type":"WebPage","@id":"https:\/\/www.estrategiaconcursos.com.br\/blog\/edital-pm-sp-publicado-para-soldado-2023\/","url":"https:\/\/www.estrategiaconcursos.com.br\/blog\/edital-pm-sp-publicado-para-soldado-2023\/","name":"Edital PM SP PUBLICADO! 2.700 vagas para Soldado!","isPartOf":{"@id":"https:\/\/www.estrategiaconcursos.com.br\/blog\/#website"},"primaryImageOfPage":{"@id":"https:\/\/www.estrategiaconcursos.com.br\/blog\/edital-pm-sp-publicado-para-soldado-2023\/#primaryimage"},"image":{"@id":"https:\/\/www.estrategiaconcursos.com.br\/blog\/edital-pm-sp-publicado-para-soldado-2023\/#primaryimage"},"thumbnailUrl":"https:\/\/dhg1h5j42swfq.cloudfront.net\/2022\/11\/29141443\/pm-sp-1.jpg","datePublished":"2023-12-20T09:00:00+00:00","dateModified":"2024-03-28T11:17:29+00:00","description":"Edital PM SP publicado com 2.700 vagas de Soldado e sal\u00e1rios de R$ 4,8 mil. Confira os detalhes aqui. Provas em fevereiro!","breadcrumb":{"@id":"https:\/\/www.estrategiaconcursos.com.br\/blog\/edital-pm-sp-publicado-para-soldado-2023\/#breadcrumb"},"inLanguage":"pt-BR","potentialAction":[{"@type":"ReadAction","target":["https:\/\/www.estrategiaconcursos.com.br\/blog\/edital-pm-sp-publicado-para-soldado-2023\/"]}]},{"@type":"ImageObject","inLanguage":"pt-BR","@id":"https:\/\/www.estrategiaconcursos.com.br\/blog\/edital-pm-sp-publicado-para-soldado-2023\/#primaryimage","url":"https:\/\/dhg1h5j42swfq.cloudfront.net\/2022\/11\/29141443\/pm-sp-1.jpg","contentUrl":"https:\/\/dhg1h5j42swfq.cloudfront.net\/2022\/11\/29141443\/pm-sp-1.jpg","width":768,"height":432,"caption":"concurso pm sp"},{"@type":"BreadcrumbList","@id":"https:\/\/www.estrategiaconcursos.com.br\/blog\/edital-pm-sp-publicado-para-soldado-2023\/#breadcrumb","itemListElement":[{"@type":"ListItem","position":1,"name":"In\u00edcio","item":"https:\/\/www.estrategiaconcursos.com.br\/blog\/"},{"@type":"ListItem","position":2,"name":"Edital PM SP PUBLICADO! 2.700 vagas para Soldado!"}]},{"@type":"WebSite","@id":"https:\/\/www.estrategiaconcursos.com.br\/blog\/#website","url":"https:\/\/www.estrategiaconcursos.com.br\/blog\/","name":"Estrat\u00e9gia Concursos","description":"O blog da Estrat\u00e9gia Concursos traz not\u00edcias sobre concursos e artigos de professores oferecendo cursos para concursos (pdf + videaulas) no site.","publisher":{"@id":"https:\/\/www.estrategiaconcursos.com.br\/blog\/#organization"},"potentialAction":[{"@type":"SearchAction","target":{"@type":"EntryPoint","urlTemplate":"https:\/\/www.estrategiaconcursos.com.br\/blog\/?s={search_term_string}"},"query-input":{"@type":"PropertyValueSpecification","valueRequired":true,"valueName":"search_term_string"}}],"inLanguage":"pt-BR"},{"@type":"Organization","@id":"https:\/\/www.estrategiaconcursos.com.br\/blog\/#organization","name":"Estrat\u00e9gia Concursos","url":"https:\/\/www.estrategiaconcursos.com.br\/blog\/","logo":{"@type":"ImageObject","inLanguage":"pt-BR","@id":"https:\/\/www.estrategiaconcursos.com.br\/blog\/#\/schema\/logo\/image\/","url":"https:\/\/dhg1h5j42swfq.cloudfront.net\/2025\/06\/03203428\/logo_concursos-1.jpg","contentUrl":"https:\/\/dhg1h5j42swfq.cloudfront.net\/2025\/06\/03203428\/logo_concursos-1.jpg","width":230,"height":60,"caption":"Estrat\u00e9gia Concursos"},"image":{"@id":"https:\/\/www.estrategiaconcursos.com.br\/blog\/#\/schema\/logo\/image\/"},"sameAs":["https:\/\/x.com\/EstratConcursos"]},{"@type":"Person","@id":"https:\/\/www.estrategiaconcursos.com.br\/blog\/#\/schema\/person\/399990d02336f200766707b881aee98f","name":"Daniela Santos Nascimento","image":{"@type":"ImageObject","inLanguage":"pt-BR","@id":"https:\/\/secure.gravatar.com\/avatar\/7f343622ad121e2893832a8c76808be436bdfcbf2f7d696174c94ecd84f2384a?s=96&d=mm&r=g","url":"https:\/\/secure.gravatar.com\/avatar\/7f343622ad121e2893832a8c76808be436bdfcbf2f7d696174c94ecd84f2384a?s=96&d=mm&r=g","contentUrl":"https:\/\/secure.gravatar.com\/avatar\/7f343622ad121e2893832a8c76808be436bdfcbf2f7d696174c94ecd84f2384a?s=96&d=mm&r=g","caption":"Daniela Santos Nascimento"},"url":"https:\/\/www.estrategiaconcursos.com.br\/blog\/author\/daniela-nascimentoestrategia-com\/"}]}},"_links":{"self":[{"href":"https:\/\/www.estrategiaconcursos.com.br\/blog\/wp-json\/wp\/v2\/posts\/1230764","targetHints":{"allow":["GET"]}}],"collection":[{"href":"https:\/\/www.estrategiaconcursos.com.br\/blog\/wp-json\/wp\/v2\/posts"}],"about":[{"href":"https:\/\/www.estrategiaconcursos.com.br\/blog\/wp-json\/wp\/v2\/types\/post"}],"author":[{"embeddable":true,"href":"https:\/\/www.estrategiaconcursos.com.br\/blog\/wp-json\/wp\/v2\/users\/2402"}],"replies":[{"embeddable":true,"href":"https:\/\/www.estrategiaconcursos.com.br\/blog\/wp-json\/wp\/v2\/comments?post=1230764"}],"version-history":[{"count":43,"href":"https:\/\/www.estrategiaconcursos.com.br\/blog\/wp-json\/wp\/v2\/posts\/1230764\/revisions"}],"predecessor-version":[{"id":1324492,"href":"https:\/\/www.estrategiaconcursos.com.br\/blog\/wp-json\/wp\/v2\/posts\/1230764\/revisions\/1324492"}],"wp:featuredmedia":[{"embeddable":true,"href":"https:\/\/www.estrategiaconcursos.com.br\/blog\/wp-json\/wp\/v2\/media\/1131344"}],"wp:attachment":[{"href":"https:\/\/www.estrategiaconcursos.com.br\/blog\/wp-json\/wp\/v2\/media?parent=1230764"}],"wp:term":[{"taxonomy":"category","embeddable":true,"href":"https:\/\/www.estrategiaconcursos.com.br\/blog\/wp-json\/wp\/v2\/categories?post=1230764"},{"taxonomy":"post_tag","embeddable":true,"href":"https:\/\/www.estrategiaconcursos.com.br\/blog\/wp-json\/wp\/v2\/tags?post=1230764"},{"taxonomy":"tax_estado","embeddable":true,"href":"https:\/\/www.estrategiaconcursos.com.br\/blog\/wp-json\/wp\/v2\/tax_estado?post=1230764"}],"curies":[{"name":"wp","href":"https:\/\/api.w.org\/{rel}","templated":true}]}}