{"id":1229839,"date":"2023-07-07T14:00:00","date_gmt":"2023-07-07T17:00:00","guid":{"rendered":"https:\/\/www.estrategiaconcursos.com.br\/blog\/?p=1229839"},"modified":"2023-07-07T11:34:00","modified_gmt":"2023-07-07T14:34:00","slug":"concursos-com-formacao-de-cadastro-reserva","status":"publish","type":"post","link":"https:\/\/www.estrategiaconcursos.com.br\/blog\/concursos-com-formacao-de-cadastro-reserva\/","title":{"rendered":"3 motivos para prestar concursos com forma\u00e7\u00e3o de cadastro de reserva"},"content":{"rendered":"\n<p>Concurseira(o) impar\u00e1vel, voc\u00ea se inscreve nos certames que t\u00eam como objetivo a forma\u00e7\u00e3o de cadastro de reserva (CR)? Ser\u00e1 que vale a pena participar sem ter a garantia de convoca\u00e7\u00e3o? Acompanhe.<\/p>\n\n\n\n<h2 class=\"wp-block-heading\" id=\"h-cadastro-de-reserva\">Cadastro de reserva<\/h2>\n\n\n\n<p>Para come\u00e7ar, <strong>cadastro de reserva representa as vagas que n\u00e3o s\u00e3o de provimento imediato<\/strong>. Ou seja, quando voc\u00ea se inscreve em um concurso, existem aquelas vagas certas, as quais a administra\u00e7\u00e3o p\u00fablica j\u00e1 verificou a real necessidade de preench\u00ea-las, mas tamb\u00e9m as que v\u00e3o ficar de reserva, de prontid\u00e3o, para uma eventual necessidade ao longo da validade do certame.<\/p>\n\n\n\n<p>\u00c9 por isso que muitas pessoas preferem nem se inscrever em concursos com forma\u00e7\u00e3o de cadastro de reserva, visto que existe apenas uma possibilidade de convoca\u00e7\u00e3o para avan\u00e7ar nas pr\u00f3ximas etapas e se tornar de fato uma(um) servidora(dor) p\u00fablica(o).<\/p>\n\n\n\n<p>Por exemplo, a imagem abaixo foi tirada do edital para o cargo de <strong><a href=\"https:\/\/conhecimento.fgv.br\/sites\/default\/files\/concursos\/edital-smfp_fiscal-de-rendas_retificado-01.pdf\" target=\"_blank\" rel=\"noreferrer noopener\">Fiscal de Rendas do ISS RJ<\/a><\/strong> desse ano. O documento do certame deixa claro que <strong>50 vagas<\/strong> ser\u00e3o ocupadas mais brevemente, e outras <strong>150 vagas<\/strong> ser\u00e3o preenchidas no decorrer da validade do concurso. No caso desse, a validade \u00e9 de 24 meses, como acontece geralmente mesmo.<\/p>\n\n\n\n<figure class=\"wp-block-image aligncenter size-full\"><img loading=\"lazy\" decoding=\"async\" width=\"601\" height=\"140\" src=\"https:\/\/dhg1h5j42swfq.cloudfront.net\/2023\/06\/09113055\/fiscal-de-rendas.png\" alt=\"cadastro de reserva\" class=\"wp-image-1229901\" srcset=\"https:\/\/dhg1h5j42swfq.cloudfront.net\/2023\/06\/09113055\/fiscal-de-rendas.png 601w, https:\/\/dhg1h5j42swfq.cloudfront.net\/2023\/06\/09113055\/fiscal-de-rendas-300x70.png 300w, https:\/\/dhg1h5j42swfq.cloudfront.net\/2023\/06\/09113055\/fiscal-de-rendas-150x35.png 150w\" sizes=\"auto, (max-width: 601px) 100vw, 601px\" \/><figcaption class=\"wp-element-caption\">Edital para Fiscal de Rendas &#8211; ISS RJ (2023)<\/figcaption><\/figure>\n\n\n\n<p>Pois bem, as vagas s\u00e3o atrativas, mas nem sempre \u00e9 assim. Tem edital mesmo que traz pouqu\u00edssimas vagas imediatas e aquele famoso &#8220;CR&#8221; do lado. Quer ver?<\/p>\n\n\n\n<figure class=\"wp-block-image aligncenter size-full\"><img loading=\"lazy\" decoding=\"async\" width=\"723\" height=\"330\" src=\"https:\/\/dhg1h5j42swfq.cloudfront.net\/2023\/06\/09150705\/mpu2018_2.png\" alt=\"\" class=\"wp-image-1229990\" srcset=\"https:\/\/dhg1h5j42swfq.cloudfront.net\/2023\/06\/09150705\/mpu2018_2.png 723w, https:\/\/dhg1h5j42swfq.cloudfront.net\/2023\/06\/09150705\/mpu2018_2-300x137.png 300w, https:\/\/dhg1h5j42swfq.cloudfront.net\/2023\/06\/09150705\/mpu2018_2-610x278.png 610w, https:\/\/dhg1h5j42swfq.cloudfront.net\/2023\/06\/09150705\/mpu2018_2-150x68.png 150w\" sizes=\"auto, (max-width: 723px) 100vw, 723px\" \/><figcaption class=\"wp-element-caption\">Concurso MPU 2018<\/figcaption><\/figure>\n\n\n\n<p>Esse concurso do Minist\u00e9rio P\u00fablico da Uni\u00e3o (MPU) do ano de 2018 veio com vagas para os cargos de Analista (especialidade de Direito) e de T\u00e9cnico (especialidade de Administra\u00e7\u00e3o). A imagem acima mostra as vagas para o cargo de T\u00e9cnico distribu\u00eddas por alguns Estados. Repare que o total de vagas imediatas foi de 11 vagas, e o de cadastro de reserva n\u00e3o temos como saber&#8230;<\/p>\n\n\n\n<h3 class=\"wp-block-heading\">Como saber se o concurso formar\u00e1 cadastro reserva?<\/h3>\n\n\n\n<p>Ser\u00e1 mesmo que n\u00e3o tem como saber ou, pelo menos, ter uma ideia das poss\u00edveis convoca\u00e7\u00f5es que podem ocorrer ao longo dos dois anos de validade do certame?<\/p>\n\n\n\n<p>Pois bem, n\u00e3o se preocupe, o edital deixa as informa\u00e7\u00f5es muito claras. Al\u00e9m disso, seguindo as dicas do <strong><a href=\"https:\/\/youtu.be\/FqzWdy_AUEU\" target=\"_blank\" rel=\"noreferrer noopener\">prof. Th\u00e1llius Moraes<\/a><\/strong>, o documento que rege seu certame informa, por exemplo, que a banca corrigir\u00e1 o quantitativo de provas discursivas equivalente ao dobro da quantidade de vagas solicitadas. Assim, esse tamb\u00e9m pode ser um ind\u00edcio da pretens\u00e3o de convoca\u00e7\u00f5es al\u00e9m das vagas expostas em edital.<\/p>\n\n\n\n<p>Nesse contexto, aquele concurso do MPU que mencionamos l\u00e1 em cima veio com 36 vagas para o cargo de Analista, e apenas para o Distrito Federal eram apenas 5 vagas + CR, no total. A banca iria corrigir mais de 1.300 provas discursivas. No final, sabe quantas convoca\u00e7\u00f5es ocorreram at\u00e9 hoje? Te contamos mais adiante&#8230;<\/p>\n\n\n\n<h3 class=\"wp-block-heading\">E finalmente qual \u00e9 a diferen\u00e7a do cadastro de reserva para as outras vagas?<\/h3>\n\n\n\n<p>A diferen\u00e7a entre os dois tipos de vagas \u00e9 que as de provimento imediato d\u00e3o \u00e0(ao) candidata(o) o direito subjetivo de nomea\u00e7\u00e3o. Dessa forma, se voc\u00ea foi aprovada(o) dentro daquele quantitativo de vagas, <strong>a administra\u00e7\u00e3o p\u00fablica <mark style=\"background-color:#ffffff\" class=\"has-inline-color\">dever\u00e1<\/mark> te nomear dentro da validade do certame<\/strong>.<\/p>\n\n\n\n<p>Em contrapartida, as(os) candidatas(os) que est\u00e3o fora daquele quantitativo de vagas imediatas, mas ficaram numa posi\u00e7\u00e3o dentro do cadastro de reserva, possuem apenas uma expectativa de direito. Portanto, <strong>a administra\u00e7\u00e3o p\u00fablica <mark style=\"background-color:#ffffff\" class=\"has-inline-color\">poder\u00e1<\/mark> realizar a nomea\u00e7\u00e3o de acordo com a necessidade e demanda do servi\u00e7o p\u00fablico<\/strong>.<\/p>\n\n\n\n<h2 class=\"wp-block-heading\">Convoca\u00e7\u00f5es de cadastro de reserva<\/h2>\n\n\n\n<p>Existem v\u00e1rios casos de convoca\u00e7\u00f5es de cadastro de reserva, mas trouxemos aqui um caso espec\u00edfico, que \u00e9 o do MPU.<\/p>\n\n\n\n<p>O concurso para os cargos de <strong><a href=\"https:\/\/www.cebraspe.org.br\/concursos\/MPU_18\" target=\"_blank\" rel=\"noreferrer noopener\">Analista e T\u00e9cnico do MPU<\/a><\/strong> ocorreu no ano de 2018. A previs\u00e3o inicial era de um total de 36 vagas imediatas para o primeiro cargo e outras 11 vagas para o segundo cargo, al\u00e9m de forma\u00e7\u00e3o de cadastro de reserva para ambos os cargos. Todo esse quantitativo de vagas seria distribu\u00eddo entre alguns Estados do pa\u00eds.<\/p>\n\n\n\n<p>Ademais, \u00e9 importante ressaltar que o prazo de validade desse certame era de 2 anos contados da homologa\u00e7\u00e3o do resultado final, mas j\u00e1 foi prorrogado at\u00e9 setembro de 2024. <\/p>\n\n\n\n<p>Pois bem, at\u00e9 o momento j\u00e1 foram mais de 1.300 Analistas <strong><a href=\"https:\/\/www.mpu.mp.br\/concursos\/concurso-publico-de-servidores\/10o-concurso\" target=\"_blank\" rel=\"noreferrer noopener\">convocadas(os)<\/a><\/strong>, sendo 77 nomea\u00e7\u00f5es. E quanto ao cargo de T\u00e9cnico em Administra\u00e7\u00e3o, foram mais de 1.000 pessoas convocadas, e <strong><a href=\"https:\/\/horus.mpf.mp.br\/horusnet_public\/?app=infoConcursos#\/index\" target=\"_blank\" rel=\"noreferrer noopener\">mais de 200 nomea\u00e7\u00f5es<\/a><\/strong>.<\/p>\n\n\n\n<h3 class=\"wp-block-heading\">E tem mais?<\/h3>\n\n\n\n<p>Confira outros concursos que chamaram mais candidatas e candidatos do que as vagas anunciadas:<\/p>\n\n\n\n<ul class=\"wp-block-list\">\n<li>Centro de Hematologia e Hemoterapia do Par\u00e1 (<strong><a href=\"https:\/\/www.estrategiaconcursos.com.br\/blog\/concurso-hemopa\/\" target=\"_blank\" rel=\"noreferrer noopener\">Hemopa<\/a><\/strong>)<\/li>\n\n\n\n<li>Minist\u00e9rio P\u00fablico do Estado de Minas Gerais (<strong><a href=\"https:\/\/www.estrategiaconcursos.com.br\/blog\/concurso-mp-mg-nomeacoes\/\" target=\"_blank\" rel=\"noreferrer noopener\">MP MG<\/a><\/strong>)<\/li>\n\n\n\n<li>Pol\u00edcia Rodovi\u00e1ria Federal (<strong><a href=\"https:\/\/www.estrategiaconcursos.com.br\/blog\/concurso-prf-autorizadas-52-nomeacoes\/\" target=\"_blank\" rel=\"noreferrer noopener\">PRF<\/a><\/strong>)<\/li>\n\n\n\n<li>Tribunal de Justi\u00e7a do Estado do Amazonas (<strong><a href=\"https:\/\/www.estrategiaconcursos.com.br\/blog\/concurso-tj-am\/\" target=\"_blank\" rel=\"noreferrer noopener\">TJ AM<\/a><\/strong>)<\/li>\n\n\n\n<li>Tribunal de Justi\u00e7a do Estado de S\u00e3o Paulo (<strong><a href=\"https:\/\/www.estrategiaconcursos.com.br\/blog\/concurso-tj-sp-nomeacoes\/\" target=\"_blank\" rel=\"noreferrer noopener\">TJ SP<\/a><\/strong>)<\/li>\n\n\n\n<li>Tribunal Regional do Trabalho do Estado da Bahia (<strong><a href=\"https:\/\/www.estrategiaconcursos.com.br\/blog\/concurso-trt-ba-nomeacoes-ultimo-certame\/\" target=\"_blank\" rel=\"noreferrer noopener\">TRT BA<\/a><\/strong>) &#8211; 5\u00aa regi\u00e3o<\/li>\n\n\n\n<li>Tribunal Regional do Trabalho do Estado do Esp\u00edrito Santo (<strong><a href=\"https:\/\/www.estrategiaconcursos.com.br\/blog\/concurso-trt-es-nomeacoes-do-ultimo-edital\/\" target=\"_blank\" rel=\"noreferrer noopener\">TRT ES<\/a><\/strong>) &#8211; 17\u00aa regi\u00e3o<\/li>\n<\/ul>\n\n\n\n<p>Quer mais? Se ligue no <strong><a href=\"https:\/\/www.estrategiaconcursos.com.br\/blog\/?s=nomea%C3%A7%C3%B5es\" target=\"_blank\" rel=\"noreferrer noopener\">blog<\/a><\/strong> aqui do Estrat\u00e9gia Concursos.<\/p>\n\n\n\n<h2 class=\"wp-block-heading\">Motivos para se candidatar a vagas de cadastro de reserva<\/h2>\n\n\n\n<p>Logo, como vimos no t\u00f3pico anterior, servidoras e servidores t\u00eam assumido seus cargos, mesmo estando &#8220;na reserva&#8221;. Motivos para manter a esperan\u00e7a:<\/p>\n\n\n\n<ul class=\"wp-block-list\">\n<li>Voc\u00ea pode ser chamada(o) para realizar as pr\u00f3ximas etapas quando menos esperar<\/li>\n\n\n\n<li>Talvez tenha menos concorr\u00eancia, afinal, nem todo mundo sabe das informa\u00e7\u00f5es valiosas desse artigo ;)<\/li>\n\n\n\n<li>Voc\u00ea j\u00e1 est\u00e1 no embalo dos estudos! Ent\u00e3o, por que n\u00e3o aumentar suas chances de aprova\u00e7\u00e3o? <\/li>\n<\/ul>\n\n\n\n<p>Se ainda n\u00e3o est\u00e1 convencida(o), ent\u00e3o, repare o seguinte:<\/p>\n\n\n\n<ul class=\"wp-block-list\">\n<li>ao se candidatar a um concurso <strong>apenas com vaga CR<\/strong>, voc\u00ea tem uma grande <strong><mark style=\"background-color:#ffffff\" class=\"has-inline-color\">possibilidade <\/mark><\/strong>de ser chamada(o) muito em breve, estando numa boa posi\u00e7\u00e3o no <em>ranking<\/em>;<\/li>\n\n\n\n<li>ao se candidatar a um concurso de <strong>vagas imediatas + CR<\/strong>, ou voc\u00ea <mark style=\"background-color:#ffffff\" class=\"has-inline-color\"><strong>dever\u00e1<\/strong> <\/mark>ser chamada(o) ou voc\u00ea <strong><mark style=\"background-color:#ffffff\" class=\"has-inline-color\">poder\u00e1<\/mark><\/strong> ser chamada(o).<\/li>\n<\/ul>\n\n\n\n<p>Ou seja, \u00e9 SIM ou quase SIM! A n\u00e3o ser que voc\u00ea n\u00e3o tenha ido muito bem ou tenha sido reprovada(o) mesmo. A\u00ed \u00e9 s\u00f3 voltar para os materiais do Estrat\u00e9gia e continuar persistindo.<\/p>\n\n\n\n<h2 class=\"wp-block-heading\">E agora?<\/h2>\n\n\n\n<p>Ent\u00e3o, gostou da quantidade de vagas do ISS RJ l\u00e1 do in\u00edcio do artigo? J\u00e1 tem <strong><a href=\"https:\/\/www.estrategiaconcursos.com.br\/cursosPorConcurso\/iss-rio-de-janeiro-363\/\" target=\"_blank\" rel=\"noreferrer noopener\">material de estudos completo<\/a><\/strong> aqui no Estrat\u00e9gia com tudo o que \u00e9 preciso para garantir sua aprova\u00e7\u00e3o.<\/p>\n\n\n\n<p>Senta e estuda!<\/p>\n\n\n\n<p>Boa sorte!<\/p>\n\n\n\n<p class=\"has-text-align-center\" id=\"h-quer-saber-tudo-sobre-concursos-previstos\"><strong>Quer saber quais ser\u00e3o os pr\u00f3ximos concursos?<\/strong><\/p>\n\n\n\n<p class=\"has-text-align-center\"><strong>Confira nossos artigos!<\/strong><\/p>\n\n\n\n<p class=\"has-text-align-center has-white-color has-pale-cyan-blue-background-color has-text-color has-background\"><a href=\"https:\/\/www.estrategiaconcursos.com.br\/blog\/concursos-abertos\/\" target=\"_blank\" rel=\"noreferrer noopener\">Concursos abertos<\/a><\/p>\n\n\n\n<p class=\"has-text-align-center has-white-color has-pale-cyan-blue-background-color has-text-color has-background\"><a href=\"https:\/\/www.estrategiaconcursos.com.br\/blog\/concursos-2023\/\" target=\"_blank\" rel=\"noreferrer noopener\">Concursos 2023<\/a><\/p>\n","protected":false},"excerpt":{"rendered":"<p>Concurseira(o) impar\u00e1vel, voc\u00ea se inscreve nos certames que t\u00eam como objetivo a forma\u00e7\u00e3o de cadastro de reserva (CR)? Ser\u00e1 que vale a pena participar sem ter a garantia de convoca\u00e7\u00e3o? Acompanhe. Cadastro de reserva Para come\u00e7ar, cadastro de reserva representa as vagas que n\u00e3o s\u00e3o de provimento imediato. Ou seja, quando voc\u00ea se inscreve em [&hellip;]<\/p>\n","protected":false},"author":2569,"featured_media":1229856,"comment_status":"open","ping_status":"closed","sticky":false,"template":"","format":"standard","meta":{"post_tipo":"article","footnotes":""},"categories":[1],"tags":[1278,221460],"tax_estado":[219964,219965,219966,219967,219968,219969,219963,219970,219971,219972,219973,219974,219975,219976,219977,219978,219979,219980,219981,219982,219983,219984,219985,219986,219987,219988,219989,219990],"class_list":["post-1229839","post","type-post","status-publish","format-standard","has-post-thumbnail","hentry","category-cursos-e-concursos","tag-cadastro-de-reserva","tag-cadastro-reserva","tax_estado-ac","tax_estado-al","tax_estado-am","tax_estado-ap","tax_estado-ba","tax_estado-ce","tax_estado-concursos-federais","tax_estado-df","tax_estado-es","tax_estado-go","tax_estado-ma","tax_estado-mg","tax_estado-ms","tax_estado-mt","tax_estado-pa","tax_estado-pb","tax_estado-pe","tax_estado-pi","tax_estado-pr","tax_estado-rj","tax_estado-rn","tax_estado-ro","tax_estado-rr","tax_estado-rs","tax_estado-sc","tax_estado-se","tax_estado-sp","tax_estado-to"],"acf":[],"yoast_head":"<!-- This site is optimized with the Yoast SEO Premium plugin v27.2 (Yoast SEO v27.2) - https:\/\/yoast.com\/product\/yoast-seo-premium-wordpress\/ -->\n<title>Cadastro de reserva: vale a pena se candidatar?<\/title>\n<meta name=\"description\" content=\"Voc\u00ea se inscreve nos certames para forma\u00e7\u00e3o de cadastro de reserva (CR)? Ser\u00e1 que vale a pena participar sem ter a garantia de convoca\u00e7\u00e3o?\" \/>\n<meta name=\"robots\" content=\"index, follow, max-snippet:-1, max-image-preview:large, max-video-preview:-1\" \/>\n<link rel=\"canonical\" href=\"https:\/\/www.estrategiaconcursos.com.br\/blog\/concursos-com-formacao-de-cadastro-reserva\/\" \/>\n<meta property=\"og:locale\" content=\"pt_BR\" \/>\n<meta property=\"og:type\" content=\"article\" \/>\n<meta property=\"og:title\" content=\"3 motivos para prestar concursos com forma\u00e7\u00e3o de cadastro de reserva\" \/>\n<meta property=\"og:description\" content=\"Voc\u00ea se inscreve nos certames para forma\u00e7\u00e3o de cadastro de reserva (CR)? Ser\u00e1 que vale a pena participar sem ter a garantia de convoca\u00e7\u00e3o?\" \/>\n<meta property=\"og:url\" content=\"https:\/\/www.estrategiaconcursos.com.br\/blog\/concursos-com-formacao-de-cadastro-reserva\/\" \/>\n<meta property=\"og:site_name\" content=\"Estrat\u00e9gia Concursos\" \/>\n<meta property=\"article:published_time\" content=\"2023-07-07T17:00:00+00:00\" \/>\n<meta property=\"og:image\" content=\"https:\/\/dhg1h5j42swfq.cloudfront.net\/2023\/06\/09100132\/paciente-preenchendo-papeis-de-relatorio-na-recepcao-assinando-formularios-de-registro-antes-de-comparecer-a-consulta-de-check-up-mulher-escrevendo-arquivos-de-check-up-com-recepcionista-suporte-de-sa-scaled.jpg\" \/>\n\t<meta property=\"og:image:width\" content=\"2560\" \/>\n\t<meta property=\"og:image:height\" content=\"1707\" \/>\n\t<meta property=\"og:image:type\" content=\"image\/jpeg\" \/>\n<meta name=\"author\" content=\"Taiane Ferreira Concei\u00e7\u00e3o\" \/>\n<meta name=\"twitter:card\" content=\"summary_large_image\" \/>\n<meta name=\"twitter:creator\" content=\"@EstratConcursos\" \/>\n<meta name=\"twitter:site\" content=\"@EstratConcursos\" \/>\n<meta name=\"twitter:label1\" content=\"Escrito por\" \/>\n\t<meta name=\"twitter:data1\" content=\"Taiane Ferreira Concei\u00e7\u00e3o\" \/>\n\t<meta name=\"twitter:label2\" content=\"Est. tempo de leitura\" \/>\n\t<meta name=\"twitter:data2\" content=\"6 minutos\" \/>\n<script type=\"application\/ld+json\" class=\"yoast-schema-graph\">{\"@context\":\"https:\/\/schema.org\",\"@graph\":[{\"@type\":\"NewsArticle\",\"@id\":\"https:\/\/www.estrategiaconcursos.com.br\/blog\/concursos-com-formacao-de-cadastro-reserva\/#article\",\"isPartOf\":{\"@id\":\"https:\/\/www.estrategiaconcursos.com.br\/blog\/concursos-com-formacao-de-cadastro-reserva\/\"},\"author\":{\"name\":\"Taiane Ferreira Concei\u00e7\u00e3o\",\"@id\":\"https:\/\/www.estrategiaconcursos.com.br\/blog\/#\/schema\/person\/699843c170e88965fc39f4f55cbc3504\"},\"headline\":\"3 motivos para prestar concursos com forma\u00e7\u00e3o de cadastro de reserva\",\"datePublished\":\"2023-07-07T17:00:00+00:00\",\"mainEntityOfPage\":{\"@id\":\"https:\/\/www.estrategiaconcursos.com.br\/blog\/concursos-com-formacao-de-cadastro-reserva\/\"},\"wordCount\":1111,\"commentCount\":0,\"publisher\":{\"@id\":\"https:\/\/www.estrategiaconcursos.com.br\/blog\/#organization\"},\"image\":{\"@id\":\"https:\/\/www.estrategiaconcursos.com.br\/blog\/concursos-com-formacao-de-cadastro-reserva\/#primaryimage\"},\"thumbnailUrl\":\"https:\/\/dhg1h5j42swfq.cloudfront.net\/2023\/06\/09100132\/paciente-preenchendo-papeis-de-relatorio-na-recepcao-assinando-formularios-de-registro-antes-de-comparecer-a-consulta-de-check-up-mulher-escrevendo-arquivos-de-check-up-com-recepcionista-suporte-de-sa-scaled.jpg\",\"keywords\":[\"cadastro de reserva\",\"cadastro reserva\"],\"articleSection\":[\"Concursos P\u00fablicos\"],\"inLanguage\":\"pt-BR\",\"potentialAction\":[{\"@type\":\"CommentAction\",\"name\":\"Comment\",\"target\":[\"https:\/\/www.estrategiaconcursos.com.br\/blog\/concursos-com-formacao-de-cadastro-reserva\/#respond\"]}],\"copyrightYear\":\"2023\",\"copyrightHolder\":{\"@id\":\"https:\/\/www.estrategiaconcursos.com.br\/blog\/#organization\"}},{\"@type\":\"WebPage\",\"@id\":\"https:\/\/www.estrategiaconcursos.com.br\/blog\/concursos-com-formacao-de-cadastro-reserva\/\",\"url\":\"https:\/\/www.estrategiaconcursos.com.br\/blog\/concursos-com-formacao-de-cadastro-reserva\/\",\"name\":\"Cadastro de reserva: vale a pena se candidatar?\",\"isPartOf\":{\"@id\":\"https:\/\/www.estrategiaconcursos.com.br\/blog\/#website\"},\"primaryImageOfPage\":{\"@id\":\"https:\/\/www.estrategiaconcursos.com.br\/blog\/concursos-com-formacao-de-cadastro-reserva\/#primaryimage\"},\"image\":{\"@id\":\"https:\/\/www.estrategiaconcursos.com.br\/blog\/concursos-com-formacao-de-cadastro-reserva\/#primaryimage\"},\"thumbnailUrl\":\"https:\/\/dhg1h5j42swfq.cloudfront.net\/2023\/06\/09100132\/paciente-preenchendo-papeis-de-relatorio-na-recepcao-assinando-formularios-de-registro-antes-de-comparecer-a-consulta-de-check-up-mulher-escrevendo-arquivos-de-check-up-com-recepcionista-suporte-de-sa-scaled.jpg\",\"datePublished\":\"2023-07-07T17:00:00+00:00\",\"description\":\"Voc\u00ea se inscreve nos certames para forma\u00e7\u00e3o de cadastro de reserva (CR)? Ser\u00e1 que vale a pena participar sem ter a garantia de convoca\u00e7\u00e3o?\",\"breadcrumb\":{\"@id\":\"https:\/\/www.estrategiaconcursos.com.br\/blog\/concursos-com-formacao-de-cadastro-reserva\/#breadcrumb\"},\"inLanguage\":\"pt-BR\",\"potentialAction\":[{\"@type\":\"ReadAction\",\"target\":[\"https:\/\/www.estrategiaconcursos.com.br\/blog\/concursos-com-formacao-de-cadastro-reserva\/\"]}]},{\"@type\":\"ImageObject\",\"inLanguage\":\"pt-BR\",\"@id\":\"https:\/\/www.estrategiaconcursos.com.br\/blog\/concursos-com-formacao-de-cadastro-reserva\/#primaryimage\",\"url\":\"https:\/\/dhg1h5j42swfq.cloudfront.net\/2023\/06\/09100132\/paciente-preenchendo-papeis-de-relatorio-na-recepcao-assinando-formularios-de-registro-antes-de-comparecer-a-consulta-de-check-up-mulher-escrevendo-arquivos-de-check-up-com-recepcionista-suporte-de-sa-scaled.jpg\",\"contentUrl\":\"https:\/\/dhg1h5j42swfq.cloudfront.net\/2023\/06\/09100132\/paciente-preenchendo-papeis-de-relatorio-na-recepcao-assinando-formularios-de-registro-antes-de-comparecer-a-consulta-de-check-up-mulher-escrevendo-arquivos-de-check-up-com-recepcionista-suporte-de-sa-scaled.jpg\",\"width\":2560,\"height\":1707,\"caption\":\"Resumo da teoria dos grafos\"},{\"@type\":\"BreadcrumbList\",\"@id\":\"https:\/\/www.estrategiaconcursos.com.br\/blog\/concursos-com-formacao-de-cadastro-reserva\/#breadcrumb\",\"itemListElement\":[{\"@type\":\"ListItem\",\"position\":1,\"name\":\"In\u00edcio\",\"item\":\"https:\/\/www.estrategiaconcursos.com.br\/blog\/\"},{\"@type\":\"ListItem\",\"position\":2,\"name\":\"3 motivos para prestar concursos com forma\u00e7\u00e3o de cadastro de reserva\"}]},{\"@type\":\"WebSite\",\"@id\":\"https:\/\/www.estrategiaconcursos.com.br\/blog\/#website\",\"url\":\"https:\/\/www.estrategiaconcursos.com.br\/blog\/\",\"name\":\"Estrat\u00e9gia Concursos\",\"description\":\"O blog da Estrat\u00e9gia Concursos traz not\u00edcias sobre concursos e artigos de professores oferecendo cursos para concursos (pdf + videaulas) no site.\",\"publisher\":{\"@id\":\"https:\/\/www.estrategiaconcursos.com.br\/blog\/#organization\"},\"potentialAction\":[{\"@type\":\"SearchAction\",\"target\":{\"@type\":\"EntryPoint\",\"urlTemplate\":\"https:\/\/www.estrategiaconcursos.com.br\/blog\/?s={search_term_string}\"},\"query-input\":{\"@type\":\"PropertyValueSpecification\",\"valueRequired\":true,\"valueName\":\"search_term_string\"}}],\"inLanguage\":\"pt-BR\"},{\"@type\":\"Organization\",\"@id\":\"https:\/\/www.estrategiaconcursos.com.br\/blog\/#organization\",\"name\":\"Estrat\u00e9gia Concursos\",\"url\":\"https:\/\/www.estrategiaconcursos.com.br\/blog\/\",\"logo\":{\"@type\":\"ImageObject\",\"inLanguage\":\"pt-BR\",\"@id\":\"https:\/\/www.estrategiaconcursos.com.br\/blog\/#\/schema\/logo\/image\/\",\"url\":\"https:\/\/dhg1h5j42swfq.cloudfront.net\/2025\/06\/03203428\/logo_concursos-1.jpg\",\"contentUrl\":\"https:\/\/dhg1h5j42swfq.cloudfront.net\/2025\/06\/03203428\/logo_concursos-1.jpg\",\"width\":230,\"height\":60,\"caption\":\"Estrat\u00e9gia Concursos\"},\"image\":{\"@id\":\"https:\/\/www.estrategiaconcursos.com.br\/blog\/#\/schema\/logo\/image\/\"},\"sameAs\":[\"https:\/\/x.com\/EstratConcursos\"]},{\"@type\":\"Person\",\"@id\":\"https:\/\/www.estrategiaconcursos.com.br\/blog\/#\/schema\/person\/699843c170e88965fc39f4f55cbc3504\",\"name\":\"Taiane Ferreira Concei\u00e7\u00e3o\",\"image\":{\"@type\":\"ImageObject\",\"inLanguage\":\"pt-BR\",\"@id\":\"https:\/\/secure.gravatar.com\/avatar\/3eeaf722fb4a0f0403ab2fcd989778b82e4ab1df34e59c86868171efee133a4d?s=96&d=mm&r=g\",\"url\":\"https:\/\/secure.gravatar.com\/avatar\/3eeaf722fb4a0f0403ab2fcd989778b82e4ab1df34e59c86868171efee133a4d?s=96&d=mm&r=g\",\"contentUrl\":\"https:\/\/secure.gravatar.com\/avatar\/3eeaf722fb4a0f0403ab2fcd989778b82e4ab1df34e59c86868171efee133a4d?s=96&d=mm&r=g\",\"caption\":\"Taiane Ferreira Concei\u00e7\u00e3o\"},\"description\":\"Aprovada nos concursos Marinha do Brasil, Correios, Secretaria de Educa\u00e7\u00e3o do Estado da Bahia, EMBASA e Pol\u00edcia Civil do Estado da Bahia.\",\"url\":\"https:\/\/www.estrategiaconcursos.com.br\/blog\/author\/taianef1yahoo-com-br\/\"}]}<\/script>\n<!-- \/ Yoast SEO Premium plugin. -->","yoast_head_json":{"title":"Cadastro de reserva: vale a pena se candidatar?","description":"Voc\u00ea se inscreve nos certames para forma\u00e7\u00e3o de cadastro de reserva (CR)? Ser\u00e1 que vale a pena participar sem ter a garantia de convoca\u00e7\u00e3o?","robots":{"index":"index","follow":"follow","max-snippet":"max-snippet:-1","max-image-preview":"max-image-preview:large","max-video-preview":"max-video-preview:-1"},"canonical":"https:\/\/www.estrategiaconcursos.com.br\/blog\/concursos-com-formacao-de-cadastro-reserva\/","og_locale":"pt_BR","og_type":"article","og_title":"3 motivos para prestar concursos com forma\u00e7\u00e3o de cadastro de reserva","og_description":"Voc\u00ea se inscreve nos certames para forma\u00e7\u00e3o de cadastro de reserva (CR)? Ser\u00e1 que vale a pena participar sem ter a garantia de convoca\u00e7\u00e3o?","og_url":"https:\/\/www.estrategiaconcursos.com.br\/blog\/concursos-com-formacao-de-cadastro-reserva\/","og_site_name":"Estrat\u00e9gia Concursos","article_published_time":"2023-07-07T17:00:00+00:00","og_image":[{"width":2560,"height":1707,"url":"https:\/\/dhg1h5j42swfq.cloudfront.net\/2023\/06\/09100132\/paciente-preenchendo-papeis-de-relatorio-na-recepcao-assinando-formularios-de-registro-antes-de-comparecer-a-consulta-de-check-up-mulher-escrevendo-arquivos-de-check-up-com-recepcionista-suporte-de-sa-scaled.jpg","type":"image\/jpeg"}],"author":"Taiane Ferreira Concei\u00e7\u00e3o","twitter_card":"summary_large_image","twitter_creator":"@EstratConcursos","twitter_site":"@EstratConcursos","twitter_misc":{"Escrito por":"Taiane Ferreira Concei\u00e7\u00e3o","Est. tempo de leitura":"6 minutos"},"schema":{"@context":"https:\/\/schema.org","@graph":[{"@type":"NewsArticle","@id":"https:\/\/www.estrategiaconcursos.com.br\/blog\/concursos-com-formacao-de-cadastro-reserva\/#article","isPartOf":{"@id":"https:\/\/www.estrategiaconcursos.com.br\/blog\/concursos-com-formacao-de-cadastro-reserva\/"},"author":{"name":"Taiane Ferreira Concei\u00e7\u00e3o","@id":"https:\/\/www.estrategiaconcursos.com.br\/blog\/#\/schema\/person\/699843c170e88965fc39f4f55cbc3504"},"headline":"3 motivos para prestar concursos com forma\u00e7\u00e3o de cadastro de reserva","datePublished":"2023-07-07T17:00:00+00:00","mainEntityOfPage":{"@id":"https:\/\/www.estrategiaconcursos.com.br\/blog\/concursos-com-formacao-de-cadastro-reserva\/"},"wordCount":1111,"commentCount":0,"publisher":{"@id":"https:\/\/www.estrategiaconcursos.com.br\/blog\/#organization"},"image":{"@id":"https:\/\/www.estrategiaconcursos.com.br\/blog\/concursos-com-formacao-de-cadastro-reserva\/#primaryimage"},"thumbnailUrl":"https:\/\/dhg1h5j42swfq.cloudfront.net\/2023\/06\/09100132\/paciente-preenchendo-papeis-de-relatorio-na-recepcao-assinando-formularios-de-registro-antes-de-comparecer-a-consulta-de-check-up-mulher-escrevendo-arquivos-de-check-up-com-recepcionista-suporte-de-sa-scaled.jpg","keywords":["cadastro de reserva","cadastro reserva"],"articleSection":["Concursos P\u00fablicos"],"inLanguage":"pt-BR","potentialAction":[{"@type":"CommentAction","name":"Comment","target":["https:\/\/www.estrategiaconcursos.com.br\/blog\/concursos-com-formacao-de-cadastro-reserva\/#respond"]}],"copyrightYear":"2023","copyrightHolder":{"@id":"https:\/\/www.estrategiaconcursos.com.br\/blog\/#organization"}},{"@type":"WebPage","@id":"https:\/\/www.estrategiaconcursos.com.br\/blog\/concursos-com-formacao-de-cadastro-reserva\/","url":"https:\/\/www.estrategiaconcursos.com.br\/blog\/concursos-com-formacao-de-cadastro-reserva\/","name":"Cadastro de reserva: vale a pena se candidatar?","isPartOf":{"@id":"https:\/\/www.estrategiaconcursos.com.br\/blog\/#website"},"primaryImageOfPage":{"@id":"https:\/\/www.estrategiaconcursos.com.br\/blog\/concursos-com-formacao-de-cadastro-reserva\/#primaryimage"},"image":{"@id":"https:\/\/www.estrategiaconcursos.com.br\/blog\/concursos-com-formacao-de-cadastro-reserva\/#primaryimage"},"thumbnailUrl":"https:\/\/dhg1h5j42swfq.cloudfront.net\/2023\/06\/09100132\/paciente-preenchendo-papeis-de-relatorio-na-recepcao-assinando-formularios-de-registro-antes-de-comparecer-a-consulta-de-check-up-mulher-escrevendo-arquivos-de-check-up-com-recepcionista-suporte-de-sa-scaled.jpg","datePublished":"2023-07-07T17:00:00+00:00","description":"Voc\u00ea se inscreve nos certames para forma\u00e7\u00e3o de cadastro de reserva (CR)? Ser\u00e1 que vale a pena participar sem ter a garantia de convoca\u00e7\u00e3o?","breadcrumb":{"@id":"https:\/\/www.estrategiaconcursos.com.br\/blog\/concursos-com-formacao-de-cadastro-reserva\/#breadcrumb"},"inLanguage":"pt-BR","potentialAction":[{"@type":"ReadAction","target":["https:\/\/www.estrategiaconcursos.com.br\/blog\/concursos-com-formacao-de-cadastro-reserva\/"]}]},{"@type":"ImageObject","inLanguage":"pt-BR","@id":"https:\/\/www.estrategiaconcursos.com.br\/blog\/concursos-com-formacao-de-cadastro-reserva\/#primaryimage","url":"https:\/\/dhg1h5j42swfq.cloudfront.net\/2023\/06\/09100132\/paciente-preenchendo-papeis-de-relatorio-na-recepcao-assinando-formularios-de-registro-antes-de-comparecer-a-consulta-de-check-up-mulher-escrevendo-arquivos-de-check-up-com-recepcionista-suporte-de-sa-scaled.jpg","contentUrl":"https:\/\/dhg1h5j42swfq.cloudfront.net\/2023\/06\/09100132\/paciente-preenchendo-papeis-de-relatorio-na-recepcao-assinando-formularios-de-registro-antes-de-comparecer-a-consulta-de-check-up-mulher-escrevendo-arquivos-de-check-up-com-recepcionista-suporte-de-sa-scaled.jpg","width":2560,"height":1707,"caption":"Resumo da teoria dos grafos"},{"@type":"BreadcrumbList","@id":"https:\/\/www.estrategiaconcursos.com.br\/blog\/concursos-com-formacao-de-cadastro-reserva\/#breadcrumb","itemListElement":[{"@type":"ListItem","position":1,"name":"In\u00edcio","item":"https:\/\/www.estrategiaconcursos.com.br\/blog\/"},{"@type":"ListItem","position":2,"name":"3 motivos para prestar concursos com forma\u00e7\u00e3o de cadastro de reserva"}]},{"@type":"WebSite","@id":"https:\/\/www.estrategiaconcursos.com.br\/blog\/#website","url":"https:\/\/www.estrategiaconcursos.com.br\/blog\/","name":"Estrat\u00e9gia Concursos","description":"O blog da Estrat\u00e9gia Concursos traz not\u00edcias sobre concursos e artigos de professores oferecendo cursos para concursos (pdf + videaulas) no site.","publisher":{"@id":"https:\/\/www.estrategiaconcursos.com.br\/blog\/#organization"},"potentialAction":[{"@type":"SearchAction","target":{"@type":"EntryPoint","urlTemplate":"https:\/\/www.estrategiaconcursos.com.br\/blog\/?s={search_term_string}"},"query-input":{"@type":"PropertyValueSpecification","valueRequired":true,"valueName":"search_term_string"}}],"inLanguage":"pt-BR"},{"@type":"Organization","@id":"https:\/\/www.estrategiaconcursos.com.br\/blog\/#organization","name":"Estrat\u00e9gia Concursos","url":"https:\/\/www.estrategiaconcursos.com.br\/blog\/","logo":{"@type":"ImageObject","inLanguage":"pt-BR","@id":"https:\/\/www.estrategiaconcursos.com.br\/blog\/#\/schema\/logo\/image\/","url":"https:\/\/dhg1h5j42swfq.cloudfront.net\/2025\/06\/03203428\/logo_concursos-1.jpg","contentUrl":"https:\/\/dhg1h5j42swfq.cloudfront.net\/2025\/06\/03203428\/logo_concursos-1.jpg","width":230,"height":60,"caption":"Estrat\u00e9gia Concursos"},"image":{"@id":"https:\/\/www.estrategiaconcursos.com.br\/blog\/#\/schema\/logo\/image\/"},"sameAs":["https:\/\/x.com\/EstratConcursos"]},{"@type":"Person","@id":"https:\/\/www.estrategiaconcursos.com.br\/blog\/#\/schema\/person\/699843c170e88965fc39f4f55cbc3504","name":"Taiane Ferreira Concei\u00e7\u00e3o","image":{"@type":"ImageObject","inLanguage":"pt-BR","@id":"https:\/\/secure.gravatar.com\/avatar\/3eeaf722fb4a0f0403ab2fcd989778b82e4ab1df34e59c86868171efee133a4d?s=96&d=mm&r=g","url":"https:\/\/secure.gravatar.com\/avatar\/3eeaf722fb4a0f0403ab2fcd989778b82e4ab1df34e59c86868171efee133a4d?s=96&d=mm&r=g","contentUrl":"https:\/\/secure.gravatar.com\/avatar\/3eeaf722fb4a0f0403ab2fcd989778b82e4ab1df34e59c86868171efee133a4d?s=96&d=mm&r=g","caption":"Taiane Ferreira Concei\u00e7\u00e3o"},"description":"Aprovada nos concursos Marinha do Brasil, Correios, Secretaria de Educa\u00e7\u00e3o do Estado da Bahia, EMBASA e Pol\u00edcia Civil do Estado da Bahia.","url":"https:\/\/www.estrategiaconcursos.com.br\/blog\/author\/taianef1yahoo-com-br\/"}]}},"_links":{"self":[{"href":"https:\/\/www.estrategiaconcursos.com.br\/blog\/wp-json\/wp\/v2\/posts\/1229839","targetHints":{"allow":["GET"]}}],"collection":[{"href":"https:\/\/www.estrategiaconcursos.com.br\/blog\/wp-json\/wp\/v2\/posts"}],"about":[{"href":"https:\/\/www.estrategiaconcursos.com.br\/blog\/wp-json\/wp\/v2\/types\/post"}],"author":[{"embeddable":true,"href":"https:\/\/www.estrategiaconcursos.com.br\/blog\/wp-json\/wp\/v2\/users\/2569"}],"replies":[{"embeddable":true,"href":"https:\/\/www.estrategiaconcursos.com.br\/blog\/wp-json\/wp\/v2\/comments?post=1229839"}],"version-history":[{"count":45,"href":"https:\/\/www.estrategiaconcursos.com.br\/blog\/wp-json\/wp\/v2\/posts\/1229839\/revisions"}],"predecessor-version":[{"id":1244934,"href":"https:\/\/www.estrategiaconcursos.com.br\/blog\/wp-json\/wp\/v2\/posts\/1229839\/revisions\/1244934"}],"wp:featuredmedia":[{"embeddable":true,"href":"https:\/\/www.estrategiaconcursos.com.br\/blog\/wp-json\/wp\/v2\/media\/1229856"}],"wp:attachment":[{"href":"https:\/\/www.estrategiaconcursos.com.br\/blog\/wp-json\/wp\/v2\/media?parent=1229839"}],"wp:term":[{"taxonomy":"category","embeddable":true,"href":"https:\/\/www.estrategiaconcursos.com.br\/blog\/wp-json\/wp\/v2\/categories?post=1229839"},{"taxonomy":"post_tag","embeddable":true,"href":"https:\/\/www.estrategiaconcursos.com.br\/blog\/wp-json\/wp\/v2\/tags?post=1229839"},{"taxonomy":"tax_estado","embeddable":true,"href":"https:\/\/www.estrategiaconcursos.com.br\/blog\/wp-json\/wp\/v2\/tax_estado?post=1229839"}],"curies":[{"name":"wp","href":"https:\/\/api.w.org\/{rel}","templated":true}]}}