{"id":1228134,"date":"2023-07-09T08:00:00","date_gmt":"2023-07-09T11:00:00","guid":{"rendered":"https:\/\/www.estrategiaconcursos.com.br\/blog\/?p=1228134"},"modified":"2023-07-04T14:54:00","modified_gmt":"2023-07-04T17:54:00","slug":"isencoes-iss-rj","status":"publish","type":"post","link":"https:\/\/www.estrategiaconcursos.com.br\/blog\/isencoes-iss-rj\/","title":{"rendered":"Isen\u00e7\u00f5es do ISS RJ"},"content":{"rendered":"\n<p class=\"has-text-align-center\"><em>Resumo acerca das isen\u00e7\u00f5es do Imposto sobre Servi\u00e7os de Qualquer Natureza (ISS) para o concurso do ISS RJ.<\/em><\/p>\n\n\n\n<figure class=\"wp-block-image aligncenter size-full is-resized\"><img loading=\"lazy\" decoding=\"async\" src=\"https:\/\/dhg1h5j42swfq.cloudfront.net\/2023\/06\/06102021\/download.jpg\" alt=\"isen\u00e7\u00f5es iss rj\" class=\"wp-image-1228311\" width=\"522\" height=\"292\" srcset=\"https:\/\/dhg1h5j42swfq.cloudfront.net\/2023\/06\/06102021\/download.jpg 300w, https:\/\/dhg1h5j42swfq.cloudfront.net\/2023\/06\/06102021\/download-150x84.jpg 150w\" sizes=\"auto, (max-width: 522px) 100vw, 522px\" \/><\/figure>\n\n\n\n<p>Fala pessoal!<\/p>\n\n\n\n<p>Tudo bem com voc\u00eas?<\/p>\n\n\n\n<p>Neste artigo vamos abordar os principais aspectos das isen\u00e7\u00f5es previstas no C\u00f3digo Tribut\u00e1rio Municipal para o concurso do ISS Rio de Janeiro (ISS RJ)<\/p>\n\n\n\n<p>A <a href=\"https:\/\/conhecimento.fgv.br\/concursos\/smfrj-fr\" target=\"_blank\" rel=\"noreferrer noopener\">Funda\u00e7\u00e3o Get\u00falio Vargas (FGV) <\/a>\u00e9 a banca escolhida para este concurso. S\u00e3o ofertadas <strong>50 vagas<\/strong> imediatas para o cargo de Fiscal de Rendas do Munic\u00edpio e mais 150 para forma\u00e7\u00e3o do cadastro de reservas.<\/p>\n\n\n\n<p>A remunera\u00e7\u00e3o inicial do cargo \u00e9 de <strong>R$ 23.876,91<\/strong>, podendo ser acrescidas Gratifica\u00e7\u00f5es de Produtividade Fiscal e Gratifica\u00e7\u00e3o Complementar.<\/p>\n\n\n\n<p>As provas est\u00e3o previstas para o dia 03 de setembro.<\/p>\n\n\n\n<p>Dada a import\u00e2ncia deste assunto para a prova de Legisla\u00e7\u00e3o Tribut\u00e1ria, n\u00e3o podemos deixar nenhum detalhe de fora.<\/p>\n\n\n\n<p>Vamos nessa?<\/p>\n\n\n\n<h2 class=\"wp-block-heading\" id=\"h-isencoes-iss-rj\">Isen\u00e7\u00f5es ISS RJ<\/h2>\n\n\n\n<p>Pessoal, antes de adentrarmos nas isen\u00e7\u00f5es do ISS do RJ, \u00e9 importante deixar claro as diferen\u00e7as entre isen\u00e7\u00e3o e n\u00e3o incid\u00eancia.<\/p>\n\n\n\n<p>Em diversas quest\u00f5es, as bancas buscam confundir o candidato trocando os casos de isen\u00e7\u00e3o com os de n\u00e3o incid\u00eancia, e vice-versa.<\/p>\n\n\n\n<p>A isen\u00e7\u00e3o \u00e9 uma dispensa legal da obriga\u00e7\u00e3o tribut\u00e1ria de pagar o tributo, portanto, \u00e9 uma decis\u00e3o pol\u00edtica. Neste caso, existe a hip\u00f3tese de incid\u00eancia do imposto, mas a lei optou por n\u00e3o o cobrar em determinados casos. Ademais, conforme o C\u00f3digo Tribut\u00e1rio Nacional (CTN), a isen\u00e7\u00e3o exige uma interpreta\u00e7\u00e3o literal da sua lei de concess\u00e3o.<\/p>\n\n\n\n<p>Ainda, a isen\u00e7\u00e3o \u00e9 uma hip\u00f3tese de exclus\u00e3o do cr\u00e9dito tribut\u00e1rio.<\/p>\n\n\n\n<p>Por outro lado, a n\u00e3o incid\u00eancia diz respeito aos casos que n\u00e3o est\u00e3o no campo de abrang\u00eancia de determinado tributo.<\/p>\n\n\n\n<p>Al\u00e9m disso, temos, ainda, os casos de imunidade, que s\u00e3o aquelas n\u00e3o incid\u00eancias previstas pela pr\u00f3pria Constitui\u00e7\u00e3o Federal de 1988 como, por exemplo, as imunidades rec\u00edprocas, nas quais pro\u00edbe os entes federados de institu\u00edrem impostos sobre o patrim\u00f4nio, renda e servi\u00e7os uns dos outros.<\/p>\n\n\n\n<p>Dito isso, vejamos os casos de isen\u00e7\u00e3o do ISS no munic\u00edpio do RJ, previstos no Art 12 do CTM-RJ:<\/p>\n\n\n\n<figure class=\"wp-block-table aligncenter is-style-stripes\"><table><tbody><tr><td class=\"has-text-align-left\" data-align=\"left\">I &#8211; os profissionais <strong>ambulantes, jornaleiros e tamb\u00e9m os localizados em feiras-livres<\/strong> e<br \/>cabeceiras-de-feira;<\/td><\/tr><tr><td class=\"has-text-align-left\" data-align=\"left\">II &#8211; as <strong>associa\u00e7\u00f5es de classe, os sindicatos e as respectivas federa\u00e7\u00f5es e confedera\u00e7\u00f5es;<\/strong><\/td><\/tr><tr><td class=\"has-text-align-left\" data-align=\"left\">III &#8211; as<strong> associa\u00e7\u00f5es culturais, recreativas e desportivas;<\/strong><\/td><\/tr><tr><td class=\"has-text-align-left\" data-align=\"left\">VII &#8211; os <strong>espet\u00e1culos circenses nacionais e teatrais<\/strong>;<\/td><\/tr><tr><td class=\"has-text-align-left\" data-align=\"left\">VIII &#8211; as promo\u00e7\u00f5es de <strong>concertos, recitais, shows, festividades, exposi\u00e7\u00f5es, <\/strong>quermesses<br \/>e espet\u00e1culos similares, cujas receitas se destinem integralmente a fins assist\u00eancias;<\/td><\/tr><tr><td class=\"has-text-align-left\" data-align=\"left\">X &#8211; as <strong>obras de constru\u00e7\u00e3o <\/strong>e as obras constru\u00eddas<strong> sem licen\u00e7a, a legalizar<\/strong>, em \u00e1reas<br \/>abrangidas por dispositivos espec\u00edficos para habita\u00e7\u00f5es unifamiliares ou multifamiliares,<br \/>constru\u00eddas pelos pr\u00f3prios moradores, por profissionais aut\u00f4nomos n\u00e3o estabelecidos<br \/>ou em mutir\u00e3o com vizinhos;<\/td><\/tr><tr><td class=\"has-text-align-left\" data-align=\"left\">XIII &#8211; os <strong>servi\u00e7os de exibi\u00e7\u00e3o de filmes cinematogr\u00e1ficos<\/strong> em salas ocupadas por entidades<br \/>brasileiras <strong>sem fins lucrativos;<\/strong><\/td><\/tr><tr><td class=\"has-text-align-left\" data-align=\"left\">XIV &#8211; os servi\u00e7os de <strong>reforma, reestrutura\u00e7\u00e3o ou conserva\u00e7\u00e3o de pr\u00e9dios<\/strong> de interesse<br \/><strong>hist\u00f3rico ou cultural ou de interesse para preserva\u00e7\u00e3o ambiental, desde que <\/strong>respeitem<br \/>integralmente as caracter\u00edsticas arquitet\u00f4nicas das fachadas;<\/td><\/tr><tr><td class=\"has-text-align-left\" data-align=\"left\">XX &#8211; os estudos e projetos contratados por empresas <strong>adquirentes de lotes <\/strong>nos polos<br \/>industriais criados pelo Munic\u00edpio, <strong>desde que<\/strong> vinculadas \u00e0 constru\u00e7\u00e3o ou instala\u00e7\u00e3o dos<br \/>respectivos estabelecimentos naqueles locais;<\/td><\/tr><tr><td class=\"has-text-align-left\" data-align=\"left\">XXV &#8211; os professores de<strong> educa\u00e7\u00e3o f\u00edsica e recrea\u00e7\u00e3o<\/strong>, possuidores de Alvar\u00e1 de<br \/>Autoriza\u00e7\u00e3o Transit\u00f3ria, que prestam servi\u00e7os de assessoria esportiva nos espa\u00e7os<br \/>p\u00fablicos da Orla do Munic\u00edpio, da Lagoa Rodrigo de Freitas, dos Polos e dos Corredores<br \/>Esportivos criados e reconhecidos por Lei. <strong>(reda\u00e7\u00e3o acrescida pela lei n\u00ba 7.788\/2023)<\/strong><\/td><\/tr><\/tbody><\/table><figcaption class=\"wp-element-caption\">Isen\u00e7\u00f5es ISS RJ<\/figcaption><\/figure>\n\n\n\n<p>Em rela\u00e7\u00e3o \u00e0s isen\u00e7\u00f5es previstas no inciso II e III, a isen\u00e7\u00e3o n\u00e3o se aplica nos seguintes casos:<\/p>\n\n\n\n<p>&#8211; servi\u00e7os prestados a n\u00e3o s\u00f3cios<\/p>\n\n\n\n<p>&#8211; venda de tules (tal\u00f5es de apostas)<\/p>\n\n\n\n<p>&#8211; Servi\u00e7os n\u00e3o compreendidas nas finalidades espec\u00edficas das entidades mencionadas<\/p>\n\n\n\n<p>Ademais, em rela\u00e7\u00e3o \u00e0 isen\u00e7\u00e3o prevista no inciso XX, temos que observar algumas condi\u00e7\u00f5es, quais sejam:<\/p>\n\n\n\n<p>&#8211; Est\u00e1 condicionada ao reconhecimento pelo \u00f3rg\u00e3o fazend\u00e1rio competente; e<br \/>&#8211; Depender\u00e1 de pr\u00e9via audi\u00eancia do \u00f3rg\u00e3o econ\u00f4mico que vier a ser designado por ato do<br \/>Prefeito.<\/p>\n\n\n\n<p>Ademais, fiquem ligados no inciso XXV que foi inclu\u00eddo recentemente na lei.<\/p>\n\n\n\n<p>Os outros incisos previamente previstos pela legisla\u00e7\u00e3o do ISS RJ foram revogados.<\/p>\n\n\n\n<p>Ademais, \u00e9 importante ressaltar que a incid\u00eancia do imposto independe:<\/p>\n\n\n\n<p>&#8211; da exist\u00eancia de estabelecimento fixo<\/p>\n\n\n\n<p>&#8211; do cumprimento de quaisquer exig\u00eancias<br \/>legais, regulamentares ou administrativas<\/p>\n\n\n\n<p>&#8211; do resultado financeiro obtido<\/p>\n\n\n\n<p>&#8211; da destina\u00e7\u00e3o dos servi\u00e7os<\/p>\n\n\n\n<p>&#8211; da denomina\u00e7\u00e3o dada ao servi\u00e7o.<\/p>\n\n\n\n<p>Pessoal, n\u00e3o deixe de revisar estes casos de isen\u00e7\u00f5es do ISS para o concurso do ISS RJ.<\/p>\n\n\n\n<h2 class=\"wp-block-heading\">Finalizando<\/h2>\n\n\n\n<p>Pessoal, esse foi o nosso artigo acerca das isen\u00e7\u00f5es do Imposto Sobre Servi\u00e7os de Qualquer Natureza para o concurso do ISS RJ. Esperamos que tenha gostado.<\/p>\n\n\n\n<p>Se necess\u00e1rio, n\u00e3o deixem de fazer a leitura completa do CTM para a consolida\u00e7\u00e3o e memoriza\u00e7\u00e3o do assunto.<\/p>\n\n\n\n<p>Ademais, o Estrat\u00e9gia Concursos possui a prepara\u00e7\u00e3o completa para o seu concurso, n\u00e3o deixe de conferir.<\/p>\n\n\n\n<p>Bons estudos!<\/p>\n\n\n\n<p>At\u00e9 a pr\u00f3xima.<\/p>\n\n\n\n<h2 class=\"wp-block-heading has-text-align-center\" id=\"h-cursos-e-assinaturas\">Cursos e Assinaturas <\/h2>\n\n\n\n<p>Prepare-se com o melhor material e com quem mais aprova em Concursos P\u00fablicos em todo o pa\u00eds!<\/p>\n\n\n\n<p class=\"has-text-align-center has-white-color has-vivid-purple-background-color has-text-color has-background\"><a href=\"https:\/\/www.estrategiaconcursos.com.br\/blog\/concursos-abertos\/\" target=\"_blank\" rel=\"noreferrer noopener\"><strong>Concursos abertos<\/strong><\/a><\/p>\n\n\n\n<p class=\"has-text-align-center has-vivid-purple-background-color has-background\"><a href=\"https:\/\/www.estrategiaconcursos.com.br\/blog\/concursos-abertos\/\" target=\"_blank\" rel=\"noreferrer noopener\"><strong>Concursos <\/strong>2023<\/a><\/p>\n","protected":false},"excerpt":{"rendered":"<p>Resumo acerca das isen\u00e7\u00f5es do Imposto sobre Servi\u00e7os de Qualquer Natureza (ISS) para o concurso do ISS RJ.<\/p>\n","protected":false},"author":2459,"featured_media":1228311,"comment_status":"open","ping_status":"closed","sticky":false,"template":"","format":"standard","meta":{"post_tipo":"article","footnotes":""},"categories":[1],"tags":[40],"tax_estado":[219963,219982],"class_list":["post-1228134","post","type-post","status-publish","format-standard","has-post-thumbnail","hentry","category-cursos-e-concursos","tag-concurso","tax_estado-concursos-federais","tax_estado-rj"],"acf":[],"yoast_head":"<!-- This site is optimized with the Yoast SEO Premium plugin v27.2 (Yoast SEO v27.2) - https:\/\/yoast.com\/product\/yoast-seo-premium-wordpress\/ -->\n<title>Isen\u00e7\u00f5es do ISS RJ<\/title>\n<meta name=\"description\" content=\"Resumo acerca das isen\u00e7\u00f5es do Imposto sobre Servi\u00e7os de Qualquer Natureza (ISS) para o concurso do ISS Rio de Janeiro (ISS RJ).\" \/>\n<meta name=\"robots\" content=\"index, follow, max-snippet:-1, max-image-preview:large, max-video-preview:-1\" \/>\n<link rel=\"canonical\" href=\"https:\/\/www.estrategiaconcursos.com.br\/blog\/isencoes-iss-rj\/\" \/>\n<meta property=\"og:locale\" content=\"pt_BR\" \/>\n<meta property=\"og:type\" content=\"article\" \/>\n<meta property=\"og:title\" content=\"Isen\u00e7\u00f5es do ISS RJ\" \/>\n<meta property=\"og:description\" content=\"Resumo acerca das isen\u00e7\u00f5es do Imposto sobre Servi\u00e7os de Qualquer Natureza (ISS) para o concurso do ISS Rio de Janeiro (ISS RJ).\" \/>\n<meta property=\"og:url\" content=\"https:\/\/www.estrategiaconcursos.com.br\/blog\/isencoes-iss-rj\/\" \/>\n<meta property=\"og:site_name\" content=\"Estrat\u00e9gia Concursos\" \/>\n<meta property=\"article:published_time\" content=\"2023-07-09T11:00:00+00:00\" \/>\n<meta property=\"og:image\" content=\"https:\/\/dhg1h5j42swfq.cloudfront.net\/2023\/06\/06102021\/download.jpg\" \/>\n\t<meta property=\"og:image:width\" content=\"300\" \/>\n\t<meta property=\"og:image:height\" content=\"168\" \/>\n\t<meta property=\"og:image:type\" content=\"image\/jpeg\" \/>\n<meta name=\"author\" content=\"J\u00e9ssica Luciano Barcelos\" \/>\n<meta name=\"twitter:card\" content=\"summary_large_image\" \/>\n<meta name=\"twitter:creator\" content=\"@EstratConcursos\" \/>\n<meta name=\"twitter:site\" content=\"@EstratConcursos\" \/>\n<meta name=\"twitter:label1\" content=\"Escrito por\" \/>\n\t<meta name=\"twitter:data1\" content=\"J\u00e9ssica Luciano Barcelos\" \/>\n\t<meta name=\"twitter:label2\" content=\"Est. tempo de leitura\" \/>\n\t<meta name=\"twitter:data2\" content=\"5 minutos\" \/>\n<script type=\"application\/ld+json\" class=\"yoast-schema-graph\">{\"@context\":\"https:\/\/schema.org\",\"@graph\":[{\"@type\":\"NewsArticle\",\"@id\":\"https:\/\/www.estrategiaconcursos.com.br\/blog\/isencoes-iss-rj\/#article\",\"isPartOf\":{\"@id\":\"https:\/\/www.estrategiaconcursos.com.br\/blog\/isencoes-iss-rj\/\"},\"author\":{\"name\":\"J\u00e9ssica Luciano Barcelos\",\"@id\":\"https:\/\/www.estrategiaconcursos.com.br\/blog\/#\/schema\/person\/8207b340097a76d57b0d52dd527d7e53\"},\"headline\":\"Isen\u00e7\u00f5es do ISS RJ\",\"datePublished\":\"2023-07-09T11:00:00+00:00\",\"mainEntityOfPage\":{\"@id\":\"https:\/\/www.estrategiaconcursos.com.br\/blog\/isencoes-iss-rj\/\"},\"wordCount\":948,\"commentCount\":0,\"publisher\":{\"@id\":\"https:\/\/www.estrategiaconcursos.com.br\/blog\/#organization\"},\"image\":{\"@id\":\"https:\/\/www.estrategiaconcursos.com.br\/blog\/isencoes-iss-rj\/#primaryimage\"},\"thumbnailUrl\":\"https:\/\/dhg1h5j42swfq.cloudfront.net\/2023\/06\/06102021\/download.jpg\",\"keywords\":[\"Concurso\"],\"articleSection\":[\"Concursos P\u00fablicos\"],\"inLanguage\":\"pt-BR\",\"potentialAction\":[{\"@type\":\"CommentAction\",\"name\":\"Comment\",\"target\":[\"https:\/\/www.estrategiaconcursos.com.br\/blog\/isencoes-iss-rj\/#respond\"]}],\"copyrightYear\":\"2023\",\"copyrightHolder\":{\"@id\":\"https:\/\/www.estrategiaconcursos.com.br\/blog\/#organization\"}},{\"@type\":\"WebPage\",\"@id\":\"https:\/\/www.estrategiaconcursos.com.br\/blog\/isencoes-iss-rj\/\",\"url\":\"https:\/\/www.estrategiaconcursos.com.br\/blog\/isencoes-iss-rj\/\",\"name\":\"Isen\u00e7\u00f5es do ISS RJ\",\"isPartOf\":{\"@id\":\"https:\/\/www.estrategiaconcursos.com.br\/blog\/#website\"},\"primaryImageOfPage\":{\"@id\":\"https:\/\/www.estrategiaconcursos.com.br\/blog\/isencoes-iss-rj\/#primaryimage\"},\"image\":{\"@id\":\"https:\/\/www.estrategiaconcursos.com.br\/blog\/isencoes-iss-rj\/#primaryimage\"},\"thumbnailUrl\":\"https:\/\/dhg1h5j42swfq.cloudfront.net\/2023\/06\/06102021\/download.jpg\",\"datePublished\":\"2023-07-09T11:00:00+00:00\",\"description\":\"Resumo acerca das isen\u00e7\u00f5es do Imposto sobre Servi\u00e7os de Qualquer Natureza (ISS) para o concurso do ISS Rio de Janeiro (ISS RJ).\",\"breadcrumb\":{\"@id\":\"https:\/\/www.estrategiaconcursos.com.br\/blog\/isencoes-iss-rj\/#breadcrumb\"},\"inLanguage\":\"pt-BR\",\"potentialAction\":[{\"@type\":\"ReadAction\",\"target\":[\"https:\/\/www.estrategiaconcursos.com.br\/blog\/isencoes-iss-rj\/\"]}]},{\"@type\":\"ImageObject\",\"inLanguage\":\"pt-BR\",\"@id\":\"https:\/\/www.estrategiaconcursos.com.br\/blog\/isencoes-iss-rj\/#primaryimage\",\"url\":\"https:\/\/dhg1h5j42swfq.cloudfront.net\/2023\/06\/06102021\/download.jpg\",\"contentUrl\":\"https:\/\/dhg1h5j42swfq.cloudfront.net\/2023\/06\/06102021\/download.jpg\",\"width\":300,\"height\":168,\"caption\":\"Aliena\u00e7\u00e3o Fiduci\u00e1ria de Bens Im\u00f3veis (Lei 9.514\/1997) para ISS-RJ\"},{\"@type\":\"BreadcrumbList\",\"@id\":\"https:\/\/www.estrategiaconcursos.com.br\/blog\/isencoes-iss-rj\/#breadcrumb\",\"itemListElement\":[{\"@type\":\"ListItem\",\"position\":1,\"name\":\"In\u00edcio\",\"item\":\"https:\/\/www.estrategiaconcursos.com.br\/blog\/\"},{\"@type\":\"ListItem\",\"position\":2,\"name\":\"Isen\u00e7\u00f5es do ISS RJ\"}]},{\"@type\":\"WebSite\",\"@id\":\"https:\/\/www.estrategiaconcursos.com.br\/blog\/#website\",\"url\":\"https:\/\/www.estrategiaconcursos.com.br\/blog\/\",\"name\":\"Estrat\u00e9gia Concursos\",\"description\":\"O blog da Estrat\u00e9gia Concursos traz not\u00edcias sobre concursos e artigos de professores oferecendo cursos para concursos (pdf + videaulas) no site.\",\"publisher\":{\"@id\":\"https:\/\/www.estrategiaconcursos.com.br\/blog\/#organization\"},\"potentialAction\":[{\"@type\":\"SearchAction\",\"target\":{\"@type\":\"EntryPoint\",\"urlTemplate\":\"https:\/\/www.estrategiaconcursos.com.br\/blog\/?s={search_term_string}\"},\"query-input\":{\"@type\":\"PropertyValueSpecification\",\"valueRequired\":true,\"valueName\":\"search_term_string\"}}],\"inLanguage\":\"pt-BR\"},{\"@type\":\"Organization\",\"@id\":\"https:\/\/www.estrategiaconcursos.com.br\/blog\/#organization\",\"name\":\"Estrat\u00e9gia Concursos\",\"url\":\"https:\/\/www.estrategiaconcursos.com.br\/blog\/\",\"logo\":{\"@type\":\"ImageObject\",\"inLanguage\":\"pt-BR\",\"@id\":\"https:\/\/www.estrategiaconcursos.com.br\/blog\/#\/schema\/logo\/image\/\",\"url\":\"https:\/\/dhg1h5j42swfq.cloudfront.net\/2025\/06\/03203428\/logo_concursos-1.jpg\",\"contentUrl\":\"https:\/\/dhg1h5j42swfq.cloudfront.net\/2025\/06\/03203428\/logo_concursos-1.jpg\",\"width\":230,\"height\":60,\"caption\":\"Estrat\u00e9gia Concursos\"},\"image\":{\"@id\":\"https:\/\/www.estrategiaconcursos.com.br\/blog\/#\/schema\/logo\/image\/\"},\"sameAs\":[\"https:\/\/x.com\/EstratConcursos\"]},{\"@type\":\"Person\",\"@id\":\"https:\/\/www.estrategiaconcursos.com.br\/blog\/#\/schema\/person\/8207b340097a76d57b0d52dd527d7e53\",\"name\":\"J\u00e9ssica Luciano Barcelos\",\"image\":{\"@type\":\"ImageObject\",\"inLanguage\":\"pt-BR\",\"@id\":\"https:\/\/secure.gravatar.com\/avatar\/feaa24cba2d6d73f21c019e05c8bff471043b1db62437f2c2e5112e2f3773495?s=96&d=mm&r=g\",\"url\":\"https:\/\/secure.gravatar.com\/avatar\/feaa24cba2d6d73f21c019e05c8bff471043b1db62437f2c2e5112e2f3773495?s=96&d=mm&r=g\",\"contentUrl\":\"https:\/\/secure.gravatar.com\/avatar\/feaa24cba2d6d73f21c019e05c8bff471043b1db62437f2c2e5112e2f3773495?s=96&d=mm&r=g\",\"caption\":\"J\u00e9ssica Luciano Barcelos\"},\"description\":\"Formada em Engenharia Civil pela Universidade Federal dos Vales do Jequitinhonha e Mucuri (UFVJM). Aprovada para Auditora Fiscal da SEFAZ AM em 2022.\",\"sameAs\":[\"https:\/\/www.instagram.com\/jessicalbarcelos\/\",\"https:\/\/www.linkedin.com\/in\/jssica-barcelos-580594143\/\"],\"worksFor\":\"J\u00c9SSICA LUCIANO BARCELOS\",\"url\":\"https:\/\/www.estrategiaconcursos.com.br\/blog\/author\/jessicalbarcelosgmail-com\/\"}]}<\/script>\n<!-- \/ Yoast SEO Premium plugin. -->","yoast_head_json":{"title":"Isen\u00e7\u00f5es do ISS RJ","description":"Resumo acerca das isen\u00e7\u00f5es do Imposto sobre Servi\u00e7os de Qualquer Natureza (ISS) para o concurso do ISS Rio de Janeiro (ISS RJ).","robots":{"index":"index","follow":"follow","max-snippet":"max-snippet:-1","max-image-preview":"max-image-preview:large","max-video-preview":"max-video-preview:-1"},"canonical":"https:\/\/www.estrategiaconcursos.com.br\/blog\/isencoes-iss-rj\/","og_locale":"pt_BR","og_type":"article","og_title":"Isen\u00e7\u00f5es do ISS RJ","og_description":"Resumo acerca das isen\u00e7\u00f5es do Imposto sobre Servi\u00e7os de Qualquer Natureza (ISS) para o concurso do ISS Rio de Janeiro (ISS RJ).","og_url":"https:\/\/www.estrategiaconcursos.com.br\/blog\/isencoes-iss-rj\/","og_site_name":"Estrat\u00e9gia Concursos","article_published_time":"2023-07-09T11:00:00+00:00","og_image":[{"width":300,"height":168,"url":"https:\/\/dhg1h5j42swfq.cloudfront.net\/2023\/06\/06102021\/download.jpg","type":"image\/jpeg"}],"author":"J\u00e9ssica Luciano Barcelos","twitter_card":"summary_large_image","twitter_creator":"@EstratConcursos","twitter_site":"@EstratConcursos","twitter_misc":{"Escrito por":"J\u00e9ssica Luciano Barcelos","Est. tempo de leitura":"5 minutos"},"schema":{"@context":"https:\/\/schema.org","@graph":[{"@type":"NewsArticle","@id":"https:\/\/www.estrategiaconcursos.com.br\/blog\/isencoes-iss-rj\/#article","isPartOf":{"@id":"https:\/\/www.estrategiaconcursos.com.br\/blog\/isencoes-iss-rj\/"},"author":{"name":"J\u00e9ssica Luciano Barcelos","@id":"https:\/\/www.estrategiaconcursos.com.br\/blog\/#\/schema\/person\/8207b340097a76d57b0d52dd527d7e53"},"headline":"Isen\u00e7\u00f5es do ISS RJ","datePublished":"2023-07-09T11:00:00+00:00","mainEntityOfPage":{"@id":"https:\/\/www.estrategiaconcursos.com.br\/blog\/isencoes-iss-rj\/"},"wordCount":948,"commentCount":0,"publisher":{"@id":"https:\/\/www.estrategiaconcursos.com.br\/blog\/#organization"},"image":{"@id":"https:\/\/www.estrategiaconcursos.com.br\/blog\/isencoes-iss-rj\/#primaryimage"},"thumbnailUrl":"https:\/\/dhg1h5j42swfq.cloudfront.net\/2023\/06\/06102021\/download.jpg","keywords":["Concurso"],"articleSection":["Concursos P\u00fablicos"],"inLanguage":"pt-BR","potentialAction":[{"@type":"CommentAction","name":"Comment","target":["https:\/\/www.estrategiaconcursos.com.br\/blog\/isencoes-iss-rj\/#respond"]}],"copyrightYear":"2023","copyrightHolder":{"@id":"https:\/\/www.estrategiaconcursos.com.br\/blog\/#organization"}},{"@type":"WebPage","@id":"https:\/\/www.estrategiaconcursos.com.br\/blog\/isencoes-iss-rj\/","url":"https:\/\/www.estrategiaconcursos.com.br\/blog\/isencoes-iss-rj\/","name":"Isen\u00e7\u00f5es do ISS RJ","isPartOf":{"@id":"https:\/\/www.estrategiaconcursos.com.br\/blog\/#website"},"primaryImageOfPage":{"@id":"https:\/\/www.estrategiaconcursos.com.br\/blog\/isencoes-iss-rj\/#primaryimage"},"image":{"@id":"https:\/\/www.estrategiaconcursos.com.br\/blog\/isencoes-iss-rj\/#primaryimage"},"thumbnailUrl":"https:\/\/dhg1h5j42swfq.cloudfront.net\/2023\/06\/06102021\/download.jpg","datePublished":"2023-07-09T11:00:00+00:00","description":"Resumo acerca das isen\u00e7\u00f5es do Imposto sobre Servi\u00e7os de Qualquer Natureza (ISS) para o concurso do ISS Rio de Janeiro (ISS RJ).","breadcrumb":{"@id":"https:\/\/www.estrategiaconcursos.com.br\/blog\/isencoes-iss-rj\/#breadcrumb"},"inLanguage":"pt-BR","potentialAction":[{"@type":"ReadAction","target":["https:\/\/www.estrategiaconcursos.com.br\/blog\/isencoes-iss-rj\/"]}]},{"@type":"ImageObject","inLanguage":"pt-BR","@id":"https:\/\/www.estrategiaconcursos.com.br\/blog\/isencoes-iss-rj\/#primaryimage","url":"https:\/\/dhg1h5j42swfq.cloudfront.net\/2023\/06\/06102021\/download.jpg","contentUrl":"https:\/\/dhg1h5j42swfq.cloudfront.net\/2023\/06\/06102021\/download.jpg","width":300,"height":168,"caption":"Aliena\u00e7\u00e3o Fiduci\u00e1ria de Bens Im\u00f3veis (Lei 9.514\/1997) para ISS-RJ"},{"@type":"BreadcrumbList","@id":"https:\/\/www.estrategiaconcursos.com.br\/blog\/isencoes-iss-rj\/#breadcrumb","itemListElement":[{"@type":"ListItem","position":1,"name":"In\u00edcio","item":"https:\/\/www.estrategiaconcursos.com.br\/blog\/"},{"@type":"ListItem","position":2,"name":"Isen\u00e7\u00f5es do ISS RJ"}]},{"@type":"WebSite","@id":"https:\/\/www.estrategiaconcursos.com.br\/blog\/#website","url":"https:\/\/www.estrategiaconcursos.com.br\/blog\/","name":"Estrat\u00e9gia Concursos","description":"O blog da Estrat\u00e9gia Concursos traz not\u00edcias sobre concursos e artigos de professores oferecendo cursos para concursos (pdf + videaulas) no site.","publisher":{"@id":"https:\/\/www.estrategiaconcursos.com.br\/blog\/#organization"},"potentialAction":[{"@type":"SearchAction","target":{"@type":"EntryPoint","urlTemplate":"https:\/\/www.estrategiaconcursos.com.br\/blog\/?s={search_term_string}"},"query-input":{"@type":"PropertyValueSpecification","valueRequired":true,"valueName":"search_term_string"}}],"inLanguage":"pt-BR"},{"@type":"Organization","@id":"https:\/\/www.estrategiaconcursos.com.br\/blog\/#organization","name":"Estrat\u00e9gia Concursos","url":"https:\/\/www.estrategiaconcursos.com.br\/blog\/","logo":{"@type":"ImageObject","inLanguage":"pt-BR","@id":"https:\/\/www.estrategiaconcursos.com.br\/blog\/#\/schema\/logo\/image\/","url":"https:\/\/dhg1h5j42swfq.cloudfront.net\/2025\/06\/03203428\/logo_concursos-1.jpg","contentUrl":"https:\/\/dhg1h5j42swfq.cloudfront.net\/2025\/06\/03203428\/logo_concursos-1.jpg","width":230,"height":60,"caption":"Estrat\u00e9gia Concursos"},"image":{"@id":"https:\/\/www.estrategiaconcursos.com.br\/blog\/#\/schema\/logo\/image\/"},"sameAs":["https:\/\/x.com\/EstratConcursos"]},{"@type":"Person","@id":"https:\/\/www.estrategiaconcursos.com.br\/blog\/#\/schema\/person\/8207b340097a76d57b0d52dd527d7e53","name":"J\u00e9ssica Luciano Barcelos","image":{"@type":"ImageObject","inLanguage":"pt-BR","@id":"https:\/\/secure.gravatar.com\/avatar\/feaa24cba2d6d73f21c019e05c8bff471043b1db62437f2c2e5112e2f3773495?s=96&d=mm&r=g","url":"https:\/\/secure.gravatar.com\/avatar\/feaa24cba2d6d73f21c019e05c8bff471043b1db62437f2c2e5112e2f3773495?s=96&d=mm&r=g","contentUrl":"https:\/\/secure.gravatar.com\/avatar\/feaa24cba2d6d73f21c019e05c8bff471043b1db62437f2c2e5112e2f3773495?s=96&d=mm&r=g","caption":"J\u00e9ssica Luciano Barcelos"},"description":"Formada em Engenharia Civil pela Universidade Federal dos Vales do Jequitinhonha e Mucuri (UFVJM). Aprovada para Auditora Fiscal da SEFAZ AM em 2022.","sameAs":["https:\/\/www.instagram.com\/jessicalbarcelos\/","https:\/\/www.linkedin.com\/in\/jssica-barcelos-580594143\/"],"worksFor":"J\u00c9SSICA LUCIANO BARCELOS","url":"https:\/\/www.estrategiaconcursos.com.br\/blog\/author\/jessicalbarcelosgmail-com\/"}]}},"_links":{"self":[{"href":"https:\/\/www.estrategiaconcursos.com.br\/blog\/wp-json\/wp\/v2\/posts\/1228134","targetHints":{"allow":["GET"]}}],"collection":[{"href":"https:\/\/www.estrategiaconcursos.com.br\/blog\/wp-json\/wp\/v2\/posts"}],"about":[{"href":"https:\/\/www.estrategiaconcursos.com.br\/blog\/wp-json\/wp\/v2\/types\/post"}],"author":[{"embeddable":true,"href":"https:\/\/www.estrategiaconcursos.com.br\/blog\/wp-json\/wp\/v2\/users\/2459"}],"replies":[{"embeddable":true,"href":"https:\/\/www.estrategiaconcursos.com.br\/blog\/wp-json\/wp\/v2\/comments?post=1228134"}],"version-history":[{"count":3,"href":"https:\/\/www.estrategiaconcursos.com.br\/blog\/wp-json\/wp\/v2\/posts\/1228134\/revisions"}],"predecessor-version":[{"id":1228325,"href":"https:\/\/www.estrategiaconcursos.com.br\/blog\/wp-json\/wp\/v2\/posts\/1228134\/revisions\/1228325"}],"wp:featuredmedia":[{"embeddable":true,"href":"https:\/\/www.estrategiaconcursos.com.br\/blog\/wp-json\/wp\/v2\/media\/1228311"}],"wp:attachment":[{"href":"https:\/\/www.estrategiaconcursos.com.br\/blog\/wp-json\/wp\/v2\/media?parent=1228134"}],"wp:term":[{"taxonomy":"category","embeddable":true,"href":"https:\/\/www.estrategiaconcursos.com.br\/blog\/wp-json\/wp\/v2\/categories?post=1228134"},{"taxonomy":"post_tag","embeddable":true,"href":"https:\/\/www.estrategiaconcursos.com.br\/blog\/wp-json\/wp\/v2\/tags?post=1228134"},{"taxonomy":"tax_estado","embeddable":true,"href":"https:\/\/www.estrategiaconcursos.com.br\/blog\/wp-json\/wp\/v2\/tax_estado?post=1228134"}],"curies":[{"name":"wp","href":"https:\/\/api.w.org\/{rel}","templated":true}]}}