{"id":1227915,"date":"2023-07-11T11:00:00","date_gmt":"2023-07-11T14:00:00","guid":{"rendered":"https:\/\/www.estrategiaconcursos.com.br\/blog\/?p=1227915"},"modified":"2023-07-11T09:56:57","modified_gmt":"2023-07-11T12:56:57","slug":"entenda-a-importancia-e-as-funcoes-do-cargo-de-agente-socioeducativo","status":"publish","type":"post","link":"https:\/\/www.estrategiaconcursos.com.br\/blog\/entenda-a-importancia-e-as-funcoes-do-cargo-de-agente-socioeducativo\/","title":{"rendered":"Entenda a import\u00e2ncia e as fun\u00e7\u00f5es do cargo de Agente Socioeducativo"},"content":{"rendered":"\n<p>J\u00e1 ouviu falar em <strong>Agente Socioeducativo<\/strong>? Praticamente todos os anos surgem concursos p\u00fablicos para esse cargo. Venha saber mais sobre a import\u00e2ncia de suas atribui\u00e7\u00f5es.<\/p>\n\n\n\n<h2 class=\"wp-block-heading\" id=\"h-atribuicoes-do-cargo-de-agente-socioeducativo\">Atribui\u00e7\u00f5es do cargo de Agente Socioeducativo<\/h2>\n\n\n\n<p>Pois bem, de maneira geral, tais agentes promovem &#8220;os cuidados com os socioeducandos autores de atos infracionais sob medidas socioeducativa de interna\u00e7\u00e3o, semiliberdade, nos servi\u00e7os de interna\u00e7\u00e3o provis\u00f3ria e pronto atendimento&#8221;. Isso \u00e9 o que nos traz o quadro de atribui\u00e7\u00f5es do edital do ano de 2018 da Funda\u00e7\u00e3o de Atendimento Socioeducativo do Estado do Rio Grande do Norte (FUNDASE-RN).<\/p>\n\n\n\n<figure class=\"wp-block-image aligncenter size-full\"><a href=\"https:\/\/www.es.gov.br\/Noticia\/unidade-do-iases-inova-e-oferece-atendimento-educacional-especializado-aos-socioeducandos#prettyPhoto\"><img loading=\"lazy\" decoding=\"async\" width=\"360\" height=\"640\" src=\"https:\/\/dhg1h5j42swfq.cloudfront.net\/2023\/06\/05232207\/iases-2021reduced.jpg\" alt=\"Agente Socioeducativo\" class=\"wp-image-1228205\" srcset=\"https:\/\/dhg1h5j42swfq.cloudfront.net\/2023\/06\/05232207\/iases-2021reduced.jpg 360w, https:\/\/dhg1h5j42swfq.cloudfront.net\/2023\/06\/05232207\/iases-2021reduced-169x300.jpg 169w, https:\/\/dhg1h5j42swfq.cloudfront.net\/2023\/06\/05232207\/iases-2021reduced-150x267.jpg 150w\" sizes=\"auto, (max-width: 360px) 100vw, 360px\" \/><\/a><figcaption class=\"wp-element-caption\">Atendimento educacional sob vigil\u00e2ncia de um Agente Socioeducativo no IASES em 2021<\/figcaption><\/figure>\n\n\n\n<p>Portanto, todo o acompanhamento e o cuidado, desde a chegada do jovem at\u00e9 o seu desligamento da unidade em que cumprir\u00e1 sua medida socioeducativa, ser\u00e3o realizados por uma ou por um agente socioeducativo. Com efeito, os deslocamentos para hospitais, visitas familiares, local de trabalho, bem como as intera\u00e7\u00f5es internas s\u00e3o responsabilidades de quem ocupa esse cargo.<\/p>\n\n\n\n<h3 class=\"wp-block-heading\">Principais atividades<\/h3>\n\n\n\n<p>Assim, usaremos como refer\u00eancias o \u00faltimo edital (2022) do Instituto de Atendimento Socioeducativo do <strong>Esp\u00edrito Santo<\/strong> (IASES) e o edital, tamb\u00e9m do mesmo ano, da Funda\u00e7\u00e3o de Atendimento Socioeducativo (FUNASE) de <strong>Pernambuco<\/strong>. H\u00e1 uma s\u00e9rie de atribui\u00e7\u00f5es da fun\u00e7\u00e3o de Agente Socioeducativo. Por isso, repare em algumas, separadas por categorias para facilitar a visualiza\u00e7\u00e3o:<\/p>\n\n\n\n<h4 class=\"wp-block-heading\">Como \u00e9 a rotina?<\/h4>\n\n\n\n<ul class=\"wp-block-list\">\n<li>Conferir a quantidade de socioeducandos na unidade;<\/li>\n\n\n\n<li>Acompanhar os atendimentos t\u00e9cnicos, os hor\u00e1rios de lazer, refei\u00e7\u00f5es, cultura, esporte, as atividades escolares e os cursos profissionalizantes;<\/li>\n\n\n\n<li>Conduzir ve\u00edculos, se habilitada(o), para fins de desempenho de suas atividades;<\/li>\n\n\n\n<li>Registrar irregularidades e fatos importantes no livro de ocorr\u00eancias;<\/li>\n<\/ul>\n\n\n\n<h4 class=\"wp-block-heading\"><strong>Atribui\u00e7\u00f5es de <mark style=\"background-color:#ffffff\" class=\"has-inline-color\">Socioeduca\u00e7\u00e3o<\/mark><\/strong><\/h4>\n\n\n\n<ul class=\"wp-block-list\">\n<li>Intervir pedagogicamente nos processos socioeducativos, atrav\u00e9s de di\u00e1logo, orienta\u00e7\u00f5es t\u00e9cnicas e administrativas;<\/li>\n\n\n\n<li>Participar da elabora\u00e7\u00e3o, execu\u00e7\u00e3o e avalia\u00e7\u00e3o do Plano Individual de Atendimento (PIA);<\/li>\n\n\n\n<li>Acompanhar os socioeducandos em consultas m\u00e9dicas, exames, audi\u00eancias e visitas domiciliares;<\/li>\n\n\n\n<li>Acordar os socioeducandos e acompanhar a higiene pessoal, o vestu\u00e1rio, a sa\u00fade etc.;<\/li>\n\n\n\n<li>Atuar como um canal de comunica\u00e7\u00e3o entre os socioeducandos e os diversos setores de atendimento t\u00e9cnico da unidade, orientando e dando suporte em rela\u00e7\u00e3o a seus direitos, deveres e normas disciplinares;<\/li>\n<\/ul>\n\n\n\n<h4 class=\"wp-block-heading\">Atribui\u00e7\u00f5es de <mark style=\"background-color:#ffffff\" class=\"has-inline-color\">Seguran\u00e7a<\/mark><\/h4>\n\n\n\n<ul class=\"wp-block-list\">\n<li>Resolver conflitos imediatos e intervir em situa\u00e7\u00f5es de emerg\u00eancia, por meio de conten\u00e7\u00e3o, primeiros socorros etc.;<\/li>\n\n\n\n<li>Vistoriar as depend\u00eancias e os alojamentos da unidade;<\/li>\n\n\n\n<li>Zelar pela ordem, disciplina e seguran\u00e7a no interior da unidade, garantindo a integridade f\u00edsica, moral e psicol\u00f3gica dos socioeducandos;<\/li>\n\n\n\n<li>Identificar e revistar os socioeducandos e vistoriar os pertences durante a admiss\u00e3o e desligamento da unidade de interna\u00e7\u00e3o e nas movimenta\u00e7\u00f5es internas e externas;<\/li>\n\n\n\n<li>Identificar e revistar os visitantes, vistoriar os pertences e registrar ocorr\u00eancias.<\/li>\n<\/ul>\n\n\n\n<p>Por isso, tal fun\u00e7\u00e3o \u00e9 parte essencial da garantia dos direitos fundamentais da(o) adolescente, possibilitando que seu retorno \u00e0 sociedade e \u00e0 fam\u00edlia seja o mais adequado poss\u00edvel, atrav\u00e9s de atividades comunit\u00e1rias, pedag\u00f3gicas, de reintegra\u00e7\u00e3o.<\/p>\n\n\n\n<h2 class=\"wp-block-heading\">Requisitos do cargo de Agente Socioeducativo<\/h2>\n\n\n\n<p>Geralmente, os requisitos s\u00e3o:<\/p>\n\n\n\n<ul class=\"wp-block-list\">\n<li>Ensino m\u00e9dio completo;<\/li>\n\n\n\n<li>Carteira Nacional de Habilita\u00e7\u00e3o (CNH) categoria B.<\/li>\n<\/ul>\n\n\n\n<p>Entretanto, o edital mais recente da FUNASE-PE exigiu o Ensino Superior completo em qualquer \u00e1rea de gradua\u00e7\u00e3o, e nem citou a CNH.<\/p>\n\n\n\n<p>Ademais, a jornada de trabalho \u00e9 de <strong>40 horas semanais<\/strong> ou em regime de escala 12x36h ou 24x72h, podendo ser nos finais de semanas e feriados, inclusive.<\/p>\n\n\n\n<figure class=\"wp-block-image aligncenter size-full\"><a href=\"https:\/\/www.funase.pe.gov.br\/noticias\/11-blog\/4194-funase-convoca-agentes-socioeducativos-para-o-interior\"><img loading=\"lazy\" decoding=\"async\" width=\"560\" height=\"508\" src=\"https:\/\/dhg1h5j42swfq.cloudfront.net\/2023\/06\/05232954\/site_agentes_socioeducativos_13052021_3_reduced.jpg\" alt=\"Agente Socioeducativo\" class=\"wp-image-1228208\" srcset=\"https:\/\/dhg1h5j42swfq.cloudfront.net\/2023\/06\/05232954\/site_agentes_socioeducativos_13052021_3_reduced.jpg 560w, https:\/\/dhg1h5j42swfq.cloudfront.net\/2023\/06\/05232954\/site_agentes_socioeducativos_13052021_3_reduced-300x272.jpg 300w, https:\/\/dhg1h5j42swfq.cloudfront.net\/2023\/06\/05232954\/site_agentes_socioeducativos_13052021_3_reduced-150x136.jpg 150w\" sizes=\"auto, (max-width: 560px) 100vw, 560px\" \/><\/a><figcaption class=\"wp-element-caption\">Agentes Socioeducativos de Pernambuco<\/figcaption><\/figure>\n\n\n\n<p>J\u00e1 a remunera\u00e7\u00e3o pode chegar a mais de <strong>R$ 3.400,00 j\u00e1 com o aux\u00edlio-alimenta\u00e7\u00e3o<\/strong>. Esse \u00e9 o caso das servidoras e servidores que atuam nas diversas unidades do IASES, citado anteriormente. No Estado do Rio Grande do Norte, essa remunera\u00e7\u00e3o pode ser maior, de acordo com a <strong><a href=\"http:\/\/www.al.rn.gov.br\/storage\/legislacao\/2021\/kd44nxhn34uwwhdzt1gkzh24lkzf6i.pdf\" target=\"_blank\" rel=\"noreferrer noopener\">tabela de progress\u00e3o<\/a><\/strong> de n\u00edvel. Recentemente, o edital da Secretaria de Estado de Justi\u00e7a e Seguran\u00e7a P\u00fablica de Minas Gerais (SEJUSP-MG) trouxe um vencimento de <strong>R$ 5.097,15<\/strong>.<\/p>\n\n\n\n<p>Al\u00e9m disso, anualmente, prefeituras, autarquias, secretarias abrem concurso para compor cadastro reserva, para contrata\u00e7\u00e3o em car\u00e1ter tempor\u00e1rio ou para provimento efetivo imediato. Ent\u00e3o, as vagas existem, galera! Bora estudar!<\/p>\n\n\n\n<h2 class=\"wp-block-heading\">Etapas para o cargo de Agente Socioeducativo<\/h2>\n\n\n\n<p>Por conseguinte, a depender do tipo de sele\u00e7\u00e3o, as etapas mudam um pouco. Dessa forma, a realiza\u00e7\u00e3o de processos seletivos com avalia\u00e7\u00e3o de t\u00edtulos e de experi\u00eancia profissional \u00e9 muito comum para esse cargo.<\/p>\n\n\n\n<p>No entanto, de maneira abrangente, as etapas dos concursos p\u00fablicos continuam sendo as de <strong>Prova Objetiva e Discursiva<\/strong>, <strong>Investiga\u00e7\u00e3o Social<\/strong> e <strong>Avalia\u00e7\u00e3o Psicol\u00f3gica<\/strong>, e depois o Curso de Forma\u00e7\u00e3o. A boa not\u00edcia (ou ruim, a depender do ponto de vista) \u00e9 que o Teste de Aptid\u00e3o F\u00edsica (TAF) nem sempre comp\u00f5e as etapas dos certames.<\/p>\n\n\n\n<p>Ah! Uma <strong>curiosidade<\/strong>: o cargo pode ter outras denomina\u00e7\u00f5es em outros cantos do pa\u00eds, como em Minas Gerais, S\u00e3o Paulo, que \u00e9 <strong>Agente\u00a0de Seguran\u00e7a\u00a0Socioeducativo<\/strong>. No Rio Grande do Sul, em alguns munic\u00edpios, o nome \u00e9 <strong>Agente Socioeducador<\/strong>.<\/p>\n\n\n\n<h2 class=\"wp-block-heading\">E agora?<\/h2>\n\n\n\n<p>Assim, Agentes Socioeducativos asseguram a prote\u00e7\u00e3o, a defesa e o cuidado de jovens que se encontram em conflito com as leis e, consequentemente, em restri\u00e7\u00e3o ou priva\u00e7\u00e3o de liberdade. Dessa forma, a relev\u00e2ncia do cargo de Agente Socioeducativo \u00e9 evidente quando observamos que sua fun\u00e7\u00e3o contribui, na pr\u00e1tica, com a orienta\u00e7\u00e3o do que a legisla\u00e7\u00e3o traz como prerrogativas \u00e0quele p\u00fablico.<\/p>\n\n\n\n<p>Por fim, basta fazer sua parte e se orientar atrav\u00e9s dos <strong><a href=\"https:\/\/www.estrategiaconcursos.com.br\/pesquisa\/?q=%22socioeducativo%22\" target=\"_blank\" rel=\"noreferrer noopener\">materiais do Estrat\u00e9gia<\/a><\/strong>. N\u00e3o tem erro!<\/p>\n\n\n\n<p>Senta e estuda!<\/p>\n\n\n\n<p>Boa sorte!<\/p>\n\n\n\n<p class=\"has-text-align-center\" id=\"h-quer-saber-tudo-sobre-concursos-previstos\"><strong>Quer saber quais ser\u00e3o os pr\u00f3ximos concursos?<\/strong><\/p>\n\n\n\n<p class=\"has-text-align-center\"><strong>Confira nossos artigos!<\/strong><\/p>\n\n\n\n<p class=\"has-text-align-center has-white-color has-pale-cyan-blue-background-color has-text-color has-background\"><a href=\"https:\/\/www.estrategiaconcursos.com.br\/blog\/concursos-abertos\/\" target=\"_blank\" rel=\"noreferrer noopener\">Concursos abertos<\/a><\/p>\n\n\n\n<p class=\"has-text-align-center has-white-color has-pale-cyan-blue-background-color has-text-color has-background\"><a href=\"https:\/\/www.estrategiaconcursos.com.br\/blog\/concursos-2023\/\" target=\"_blank\" rel=\"noreferrer noopener\">Concursos 2023<\/a><\/p>\n","protected":false},"excerpt":{"rendered":"<p>J\u00e1 ouviu falar em Agente Socioeducativo? Praticamente todos os anos surgem concursos p\u00fablicos para esse cargo. Venha saber mais sobre a import\u00e2ncia de suas atribui\u00e7\u00f5es. Atribui\u00e7\u00f5es do cargo de Agente Socioeducativo Pois bem, de maneira geral, tais agentes promovem &#8220;os cuidados com os socioeducandos autores de atos infracionais sob medidas socioeducativa de interna\u00e7\u00e3o, semiliberdade, nos [&hellip;]<\/p>\n","protected":false},"author":2569,"featured_media":945528,"comment_status":"open","ping_status":"closed","sticky":false,"template":"","format":"standard","meta":{"post_tipo":"article","footnotes":""},"categories":[1,220188],"tags":[221459],"tax_estado":[219964,219965,219966,219967,219968,219969,219970,219971,219972,219973,219974,219975,219976,219977,219978,219979,219980,219981,219982,219983,219984,219985,219986,219987,219988,219989,219990],"class_list":["post-1227915","post","type-post","status-publish","format-standard","has-post-thumbnail","hentry","category-cursos-e-concursos","category-policial-agente-penitenciario","tag-agente-socioeducativo","tax_estado-ac","tax_estado-al","tax_estado-am","tax_estado-ap","tax_estado-ba","tax_estado-ce","tax_estado-df","tax_estado-es","tax_estado-go","tax_estado-ma","tax_estado-mg","tax_estado-ms","tax_estado-mt","tax_estado-pa","tax_estado-pb","tax_estado-pe","tax_estado-pi","tax_estado-pr","tax_estado-rj","tax_estado-rn","tax_estado-ro","tax_estado-rr","tax_estado-rs","tax_estado-sc","tax_estado-se","tax_estado-sp","tax_estado-to"],"acf":[],"yoast_head":"<!-- This site is optimized with the Yoast SEO Premium plugin v27.2 (Yoast SEO v27.2) - https:\/\/yoast.com\/product\/yoast-seo-premium-wordpress\/ -->\n<title>Agente Socioeducativo: a import\u00e2ncia e as fun\u00e7\u00f5es do cargo<\/title>\n<meta name=\"description\" content=\"J\u00e1 ouviu falar no cargo de Agente Socioeducativo? Venha saber mais sobre a import\u00e2ncia de suas atribui\u00e7\u00f5es.\" \/>\n<meta name=\"robots\" content=\"index, follow, max-snippet:-1, max-image-preview:large, max-video-preview:-1\" \/>\n<link rel=\"canonical\" href=\"https:\/\/www.estrategiaconcursos.com.br\/blog\/entenda-a-importancia-e-as-funcoes-do-cargo-de-agente-socioeducativo\/\" \/>\n<meta property=\"og:locale\" content=\"pt_BR\" \/>\n<meta property=\"og:type\" content=\"article\" \/>\n<meta property=\"og:title\" content=\"Entenda a import\u00e2ncia e as fun\u00e7\u00f5es do cargo de Agente Socioeducativo\" \/>\n<meta property=\"og:description\" content=\"J\u00e1 ouviu falar no cargo de Agente Socioeducativo? Venha saber mais sobre a import\u00e2ncia de suas atribui\u00e7\u00f5es.\" \/>\n<meta property=\"og:url\" content=\"https:\/\/www.estrategiaconcursos.com.br\/blog\/entenda-a-importancia-e-as-funcoes-do-cargo-de-agente-socioeducativo\/\" \/>\n<meta property=\"og:site_name\" content=\"Estrat\u00e9gia Concursos\" \/>\n<meta property=\"article:published_time\" content=\"2023-07-11T14:00:00+00:00\" \/>\n<meta property=\"og:image\" content=\"https:\/\/dhg1h5j42swfq.cloudfront.net\/2022\/01\/12135101\/agente_socioeducativo_mg_foto_divulga____o.jpg\" \/>\n\t<meta property=\"og:image:width\" content=\"1122\" \/>\n\t<meta property=\"og:image:height\" content=\"807\" \/>\n\t<meta property=\"og:image:type\" content=\"image\/jpeg\" \/>\n<meta name=\"author\" content=\"Taiane Ferreira Concei\u00e7\u00e3o\" \/>\n<meta name=\"twitter:card\" content=\"summary_large_image\" \/>\n<meta name=\"twitter:creator\" content=\"@EstratConcursos\" \/>\n<meta name=\"twitter:site\" content=\"@EstratConcursos\" \/>\n<meta name=\"twitter:label1\" content=\"Escrito por\" \/>\n\t<meta name=\"twitter:data1\" content=\"Taiane Ferreira Concei\u00e7\u00e3o\" \/>\n\t<meta name=\"twitter:label2\" content=\"Est. tempo de leitura\" \/>\n\t<meta name=\"twitter:data2\" content=\"5 minutos\" \/>\n<script type=\"application\/ld+json\" class=\"yoast-schema-graph\">{\"@context\":\"https:\/\/schema.org\",\"@graph\":[{\"@type\":\"NewsArticle\",\"@id\":\"https:\/\/www.estrategiaconcursos.com.br\/blog\/entenda-a-importancia-e-as-funcoes-do-cargo-de-agente-socioeducativo\/#article\",\"isPartOf\":{\"@id\":\"https:\/\/www.estrategiaconcursos.com.br\/blog\/entenda-a-importancia-e-as-funcoes-do-cargo-de-agente-socioeducativo\/\"},\"author\":{\"name\":\"Taiane Ferreira Concei\u00e7\u00e3o\",\"@id\":\"https:\/\/www.estrategiaconcursos.com.br\/blog\/#\/schema\/person\/699843c170e88965fc39f4f55cbc3504\"},\"headline\":\"Entenda a import\u00e2ncia e as fun\u00e7\u00f5es do cargo de Agente Socioeducativo\",\"datePublished\":\"2023-07-11T14:00:00+00:00\",\"mainEntityOfPage\":{\"@id\":\"https:\/\/www.estrategiaconcursos.com.br\/blog\/entenda-a-importancia-e-as-funcoes-do-cargo-de-agente-socioeducativo\/\"},\"wordCount\":983,\"commentCount\":0,\"publisher\":{\"@id\":\"https:\/\/www.estrategiaconcursos.com.br\/blog\/#organization\"},\"image\":{\"@id\":\"https:\/\/www.estrategiaconcursos.com.br\/blog\/entenda-a-importancia-e-as-funcoes-do-cargo-de-agente-socioeducativo\/#primaryimage\"},\"thumbnailUrl\":\"https:\/\/dhg1h5j42swfq.cloudfront.net\/2022\/01\/12135101\/agente_socioeducativo_mg_foto_divulga____o.jpg\",\"keywords\":[\"agente socioeducativo\"],\"articleSection\":[\"Concursos P\u00fablicos\",\"Policial (Agente Penitenci\u00e1rio)\"],\"inLanguage\":\"pt-BR\",\"potentialAction\":[{\"@type\":\"CommentAction\",\"name\":\"Comment\",\"target\":[\"https:\/\/www.estrategiaconcursos.com.br\/blog\/entenda-a-importancia-e-as-funcoes-do-cargo-de-agente-socioeducativo\/#respond\"]}],\"copyrightYear\":\"2023\",\"copyrightHolder\":{\"@id\":\"https:\/\/www.estrategiaconcursos.com.br\/blog\/#organization\"}},{\"@type\":\"WebPage\",\"@id\":\"https:\/\/www.estrategiaconcursos.com.br\/blog\/entenda-a-importancia-e-as-funcoes-do-cargo-de-agente-socioeducativo\/\",\"url\":\"https:\/\/www.estrategiaconcursos.com.br\/blog\/entenda-a-importancia-e-as-funcoes-do-cargo-de-agente-socioeducativo\/\",\"name\":\"Agente Socioeducativo: a import\u00e2ncia e as fun\u00e7\u00f5es do cargo\",\"isPartOf\":{\"@id\":\"https:\/\/www.estrategiaconcursos.com.br\/blog\/#website\"},\"primaryImageOfPage\":{\"@id\":\"https:\/\/www.estrategiaconcursos.com.br\/blog\/entenda-a-importancia-e-as-funcoes-do-cargo-de-agente-socioeducativo\/#primaryimage\"},\"image\":{\"@id\":\"https:\/\/www.estrategiaconcursos.com.br\/blog\/entenda-a-importancia-e-as-funcoes-do-cargo-de-agente-socioeducativo\/#primaryimage\"},\"thumbnailUrl\":\"https:\/\/dhg1h5j42swfq.cloudfront.net\/2022\/01\/12135101\/agente_socioeducativo_mg_foto_divulga____o.jpg\",\"datePublished\":\"2023-07-11T14:00:00+00:00\",\"description\":\"J\u00e1 ouviu falar no cargo de Agente Socioeducativo? Venha saber mais sobre a import\u00e2ncia de suas atribui\u00e7\u00f5es.\",\"breadcrumb\":{\"@id\":\"https:\/\/www.estrategiaconcursos.com.br\/blog\/entenda-a-importancia-e-as-funcoes-do-cargo-de-agente-socioeducativo\/#breadcrumb\"},\"inLanguage\":\"pt-BR\",\"potentialAction\":[{\"@type\":\"ReadAction\",\"target\":[\"https:\/\/www.estrategiaconcursos.com.br\/blog\/entenda-a-importancia-e-as-funcoes-do-cargo-de-agente-socioeducativo\/\"]}]},{\"@type\":\"ImageObject\",\"inLanguage\":\"pt-BR\",\"@id\":\"https:\/\/www.estrategiaconcursos.com.br\/blog\/entenda-a-importancia-e-as-funcoes-do-cargo-de-agente-socioeducativo\/#primaryimage\",\"url\":\"https:\/\/dhg1h5j42swfq.cloudfront.net\/2022\/01\/12135101\/agente_socioeducativo_mg_foto_divulga____o.jpg\",\"contentUrl\":\"https:\/\/dhg1h5j42swfq.cloudfront.net\/2022\/01\/12135101\/agente_socioeducativo_mg_foto_divulga____o.jpg\",\"width\":1122,\"height\":807},{\"@type\":\"BreadcrumbList\",\"@id\":\"https:\/\/www.estrategiaconcursos.com.br\/blog\/entenda-a-importancia-e-as-funcoes-do-cargo-de-agente-socioeducativo\/#breadcrumb\",\"itemListElement\":[{\"@type\":\"ListItem\",\"position\":1,\"name\":\"In\u00edcio\",\"item\":\"https:\/\/www.estrategiaconcursos.com.br\/blog\/\"},{\"@type\":\"ListItem\",\"position\":2,\"name\":\"Entenda a import\u00e2ncia e as fun\u00e7\u00f5es do cargo de Agente Socioeducativo\"}]},{\"@type\":\"WebSite\",\"@id\":\"https:\/\/www.estrategiaconcursos.com.br\/blog\/#website\",\"url\":\"https:\/\/www.estrategiaconcursos.com.br\/blog\/\",\"name\":\"Estrat\u00e9gia Concursos\",\"description\":\"O blog da Estrat\u00e9gia Concursos traz not\u00edcias sobre concursos e artigos de professores oferecendo cursos para concursos (pdf + videaulas) no site.\",\"publisher\":{\"@id\":\"https:\/\/www.estrategiaconcursos.com.br\/blog\/#organization\"},\"potentialAction\":[{\"@type\":\"SearchAction\",\"target\":{\"@type\":\"EntryPoint\",\"urlTemplate\":\"https:\/\/www.estrategiaconcursos.com.br\/blog\/?s={search_term_string}\"},\"query-input\":{\"@type\":\"PropertyValueSpecification\",\"valueRequired\":true,\"valueName\":\"search_term_string\"}}],\"inLanguage\":\"pt-BR\"},{\"@type\":\"Organization\",\"@id\":\"https:\/\/www.estrategiaconcursos.com.br\/blog\/#organization\",\"name\":\"Estrat\u00e9gia Concursos\",\"url\":\"https:\/\/www.estrategiaconcursos.com.br\/blog\/\",\"logo\":{\"@type\":\"ImageObject\",\"inLanguage\":\"pt-BR\",\"@id\":\"https:\/\/www.estrategiaconcursos.com.br\/blog\/#\/schema\/logo\/image\/\",\"url\":\"https:\/\/dhg1h5j42swfq.cloudfront.net\/2025\/06\/03203428\/logo_concursos-1.jpg\",\"contentUrl\":\"https:\/\/dhg1h5j42swfq.cloudfront.net\/2025\/06\/03203428\/logo_concursos-1.jpg\",\"width\":230,\"height\":60,\"caption\":\"Estrat\u00e9gia Concursos\"},\"image\":{\"@id\":\"https:\/\/www.estrategiaconcursos.com.br\/blog\/#\/schema\/logo\/image\/\"},\"sameAs\":[\"https:\/\/x.com\/EstratConcursos\"]},{\"@type\":\"Person\",\"@id\":\"https:\/\/www.estrategiaconcursos.com.br\/blog\/#\/schema\/person\/699843c170e88965fc39f4f55cbc3504\",\"name\":\"Taiane Ferreira Concei\u00e7\u00e3o\",\"image\":{\"@type\":\"ImageObject\",\"inLanguage\":\"pt-BR\",\"@id\":\"https:\/\/secure.gravatar.com\/avatar\/3eeaf722fb4a0f0403ab2fcd989778b82e4ab1df34e59c86868171efee133a4d?s=96&d=mm&r=g\",\"url\":\"https:\/\/secure.gravatar.com\/avatar\/3eeaf722fb4a0f0403ab2fcd989778b82e4ab1df34e59c86868171efee133a4d?s=96&d=mm&r=g\",\"contentUrl\":\"https:\/\/secure.gravatar.com\/avatar\/3eeaf722fb4a0f0403ab2fcd989778b82e4ab1df34e59c86868171efee133a4d?s=96&d=mm&r=g\",\"caption\":\"Taiane Ferreira Concei\u00e7\u00e3o\"},\"description\":\"Aprovada nos concursos Marinha do Brasil, Correios, Secretaria de Educa\u00e7\u00e3o do Estado da Bahia, EMBASA e Pol\u00edcia Civil do Estado da Bahia.\",\"url\":\"https:\/\/www.estrategiaconcursos.com.br\/blog\/author\/taianef1yahoo-com-br\/\"}]}<\/script>\n<!-- \/ Yoast SEO Premium plugin. -->","yoast_head_json":{"title":"Agente Socioeducativo: a import\u00e2ncia e as fun\u00e7\u00f5es do cargo","description":"J\u00e1 ouviu falar no cargo de Agente Socioeducativo? Venha saber mais sobre a import\u00e2ncia de suas atribui\u00e7\u00f5es.","robots":{"index":"index","follow":"follow","max-snippet":"max-snippet:-1","max-image-preview":"max-image-preview:large","max-video-preview":"max-video-preview:-1"},"canonical":"https:\/\/www.estrategiaconcursos.com.br\/blog\/entenda-a-importancia-e-as-funcoes-do-cargo-de-agente-socioeducativo\/","og_locale":"pt_BR","og_type":"article","og_title":"Entenda a import\u00e2ncia e as fun\u00e7\u00f5es do cargo de Agente Socioeducativo","og_description":"J\u00e1 ouviu falar no cargo de Agente Socioeducativo? Venha saber mais sobre a import\u00e2ncia de suas atribui\u00e7\u00f5es.","og_url":"https:\/\/www.estrategiaconcursos.com.br\/blog\/entenda-a-importancia-e-as-funcoes-do-cargo-de-agente-socioeducativo\/","og_site_name":"Estrat\u00e9gia Concursos","article_published_time":"2023-07-11T14:00:00+00:00","og_image":[{"width":1122,"height":807,"url":"https:\/\/dhg1h5j42swfq.cloudfront.net\/2022\/01\/12135101\/agente_socioeducativo_mg_foto_divulga____o.jpg","type":"image\/jpeg"}],"author":"Taiane Ferreira Concei\u00e7\u00e3o","twitter_card":"summary_large_image","twitter_creator":"@EstratConcursos","twitter_site":"@EstratConcursos","twitter_misc":{"Escrito por":"Taiane Ferreira Concei\u00e7\u00e3o","Est. tempo de leitura":"5 minutos"},"schema":{"@context":"https:\/\/schema.org","@graph":[{"@type":"NewsArticle","@id":"https:\/\/www.estrategiaconcursos.com.br\/blog\/entenda-a-importancia-e-as-funcoes-do-cargo-de-agente-socioeducativo\/#article","isPartOf":{"@id":"https:\/\/www.estrategiaconcursos.com.br\/blog\/entenda-a-importancia-e-as-funcoes-do-cargo-de-agente-socioeducativo\/"},"author":{"name":"Taiane Ferreira Concei\u00e7\u00e3o","@id":"https:\/\/www.estrategiaconcursos.com.br\/blog\/#\/schema\/person\/699843c170e88965fc39f4f55cbc3504"},"headline":"Entenda a import\u00e2ncia e as fun\u00e7\u00f5es do cargo de Agente Socioeducativo","datePublished":"2023-07-11T14:00:00+00:00","mainEntityOfPage":{"@id":"https:\/\/www.estrategiaconcursos.com.br\/blog\/entenda-a-importancia-e-as-funcoes-do-cargo-de-agente-socioeducativo\/"},"wordCount":983,"commentCount":0,"publisher":{"@id":"https:\/\/www.estrategiaconcursos.com.br\/blog\/#organization"},"image":{"@id":"https:\/\/www.estrategiaconcursos.com.br\/blog\/entenda-a-importancia-e-as-funcoes-do-cargo-de-agente-socioeducativo\/#primaryimage"},"thumbnailUrl":"https:\/\/dhg1h5j42swfq.cloudfront.net\/2022\/01\/12135101\/agente_socioeducativo_mg_foto_divulga____o.jpg","keywords":["agente socioeducativo"],"articleSection":["Concursos P\u00fablicos","Policial (Agente Penitenci\u00e1rio)"],"inLanguage":"pt-BR","potentialAction":[{"@type":"CommentAction","name":"Comment","target":["https:\/\/www.estrategiaconcursos.com.br\/blog\/entenda-a-importancia-e-as-funcoes-do-cargo-de-agente-socioeducativo\/#respond"]}],"copyrightYear":"2023","copyrightHolder":{"@id":"https:\/\/www.estrategiaconcursos.com.br\/blog\/#organization"}},{"@type":"WebPage","@id":"https:\/\/www.estrategiaconcursos.com.br\/blog\/entenda-a-importancia-e-as-funcoes-do-cargo-de-agente-socioeducativo\/","url":"https:\/\/www.estrategiaconcursos.com.br\/blog\/entenda-a-importancia-e-as-funcoes-do-cargo-de-agente-socioeducativo\/","name":"Agente Socioeducativo: a import\u00e2ncia e as fun\u00e7\u00f5es do cargo","isPartOf":{"@id":"https:\/\/www.estrategiaconcursos.com.br\/blog\/#website"},"primaryImageOfPage":{"@id":"https:\/\/www.estrategiaconcursos.com.br\/blog\/entenda-a-importancia-e-as-funcoes-do-cargo-de-agente-socioeducativo\/#primaryimage"},"image":{"@id":"https:\/\/www.estrategiaconcursos.com.br\/blog\/entenda-a-importancia-e-as-funcoes-do-cargo-de-agente-socioeducativo\/#primaryimage"},"thumbnailUrl":"https:\/\/dhg1h5j42swfq.cloudfront.net\/2022\/01\/12135101\/agente_socioeducativo_mg_foto_divulga____o.jpg","datePublished":"2023-07-11T14:00:00+00:00","description":"J\u00e1 ouviu falar no cargo de Agente Socioeducativo? Venha saber mais sobre a import\u00e2ncia de suas atribui\u00e7\u00f5es.","breadcrumb":{"@id":"https:\/\/www.estrategiaconcursos.com.br\/blog\/entenda-a-importancia-e-as-funcoes-do-cargo-de-agente-socioeducativo\/#breadcrumb"},"inLanguage":"pt-BR","potentialAction":[{"@type":"ReadAction","target":["https:\/\/www.estrategiaconcursos.com.br\/blog\/entenda-a-importancia-e-as-funcoes-do-cargo-de-agente-socioeducativo\/"]}]},{"@type":"ImageObject","inLanguage":"pt-BR","@id":"https:\/\/www.estrategiaconcursos.com.br\/blog\/entenda-a-importancia-e-as-funcoes-do-cargo-de-agente-socioeducativo\/#primaryimage","url":"https:\/\/dhg1h5j42swfq.cloudfront.net\/2022\/01\/12135101\/agente_socioeducativo_mg_foto_divulga____o.jpg","contentUrl":"https:\/\/dhg1h5j42swfq.cloudfront.net\/2022\/01\/12135101\/agente_socioeducativo_mg_foto_divulga____o.jpg","width":1122,"height":807},{"@type":"BreadcrumbList","@id":"https:\/\/www.estrategiaconcursos.com.br\/blog\/entenda-a-importancia-e-as-funcoes-do-cargo-de-agente-socioeducativo\/#breadcrumb","itemListElement":[{"@type":"ListItem","position":1,"name":"In\u00edcio","item":"https:\/\/www.estrategiaconcursos.com.br\/blog\/"},{"@type":"ListItem","position":2,"name":"Entenda a import\u00e2ncia e as fun\u00e7\u00f5es do cargo de Agente Socioeducativo"}]},{"@type":"WebSite","@id":"https:\/\/www.estrategiaconcursos.com.br\/blog\/#website","url":"https:\/\/www.estrategiaconcursos.com.br\/blog\/","name":"Estrat\u00e9gia Concursos","description":"O blog da Estrat\u00e9gia Concursos traz not\u00edcias sobre concursos e artigos de professores oferecendo cursos para concursos (pdf + videaulas) no site.","publisher":{"@id":"https:\/\/www.estrategiaconcursos.com.br\/blog\/#organization"},"potentialAction":[{"@type":"SearchAction","target":{"@type":"EntryPoint","urlTemplate":"https:\/\/www.estrategiaconcursos.com.br\/blog\/?s={search_term_string}"},"query-input":{"@type":"PropertyValueSpecification","valueRequired":true,"valueName":"search_term_string"}}],"inLanguage":"pt-BR"},{"@type":"Organization","@id":"https:\/\/www.estrategiaconcursos.com.br\/blog\/#organization","name":"Estrat\u00e9gia Concursos","url":"https:\/\/www.estrategiaconcursos.com.br\/blog\/","logo":{"@type":"ImageObject","inLanguage":"pt-BR","@id":"https:\/\/www.estrategiaconcursos.com.br\/blog\/#\/schema\/logo\/image\/","url":"https:\/\/dhg1h5j42swfq.cloudfront.net\/2025\/06\/03203428\/logo_concursos-1.jpg","contentUrl":"https:\/\/dhg1h5j42swfq.cloudfront.net\/2025\/06\/03203428\/logo_concursos-1.jpg","width":230,"height":60,"caption":"Estrat\u00e9gia Concursos"},"image":{"@id":"https:\/\/www.estrategiaconcursos.com.br\/blog\/#\/schema\/logo\/image\/"},"sameAs":["https:\/\/x.com\/EstratConcursos"]},{"@type":"Person","@id":"https:\/\/www.estrategiaconcursos.com.br\/blog\/#\/schema\/person\/699843c170e88965fc39f4f55cbc3504","name":"Taiane Ferreira Concei\u00e7\u00e3o","image":{"@type":"ImageObject","inLanguage":"pt-BR","@id":"https:\/\/secure.gravatar.com\/avatar\/3eeaf722fb4a0f0403ab2fcd989778b82e4ab1df34e59c86868171efee133a4d?s=96&d=mm&r=g","url":"https:\/\/secure.gravatar.com\/avatar\/3eeaf722fb4a0f0403ab2fcd989778b82e4ab1df34e59c86868171efee133a4d?s=96&d=mm&r=g","contentUrl":"https:\/\/secure.gravatar.com\/avatar\/3eeaf722fb4a0f0403ab2fcd989778b82e4ab1df34e59c86868171efee133a4d?s=96&d=mm&r=g","caption":"Taiane Ferreira Concei\u00e7\u00e3o"},"description":"Aprovada nos concursos Marinha do Brasil, Correios, Secretaria de Educa\u00e7\u00e3o do Estado da Bahia, EMBASA e Pol\u00edcia Civil do Estado da Bahia.","url":"https:\/\/www.estrategiaconcursos.com.br\/blog\/author\/taianef1yahoo-com-br\/"}]}},"_links":{"self":[{"href":"https:\/\/www.estrategiaconcursos.com.br\/blog\/wp-json\/wp\/v2\/posts\/1227915","targetHints":{"allow":["GET"]}}],"collection":[{"href":"https:\/\/www.estrategiaconcursos.com.br\/blog\/wp-json\/wp\/v2\/posts"}],"about":[{"href":"https:\/\/www.estrategiaconcursos.com.br\/blog\/wp-json\/wp\/v2\/types\/post"}],"author":[{"embeddable":true,"href":"https:\/\/www.estrategiaconcursos.com.br\/blog\/wp-json\/wp\/v2\/users\/2569"}],"replies":[{"embeddable":true,"href":"https:\/\/www.estrategiaconcursos.com.br\/blog\/wp-json\/wp\/v2\/comments?post=1227915"}],"version-history":[{"count":61,"href":"https:\/\/www.estrategiaconcursos.com.br\/blog\/wp-json\/wp\/v2\/posts\/1227915\/revisions"}],"predecessor-version":[{"id":1246485,"href":"https:\/\/www.estrategiaconcursos.com.br\/blog\/wp-json\/wp\/v2\/posts\/1227915\/revisions\/1246485"}],"wp:featuredmedia":[{"embeddable":true,"href":"https:\/\/www.estrategiaconcursos.com.br\/blog\/wp-json\/wp\/v2\/media\/945528"}],"wp:attachment":[{"href":"https:\/\/www.estrategiaconcursos.com.br\/blog\/wp-json\/wp\/v2\/media?parent=1227915"}],"wp:term":[{"taxonomy":"category","embeddable":true,"href":"https:\/\/www.estrategiaconcursos.com.br\/blog\/wp-json\/wp\/v2\/categories?post=1227915"},{"taxonomy":"post_tag","embeddable":true,"href":"https:\/\/www.estrategiaconcursos.com.br\/blog\/wp-json\/wp\/v2\/tags?post=1227915"},{"taxonomy":"tax_estado","embeddable":true,"href":"https:\/\/www.estrategiaconcursos.com.br\/blog\/wp-json\/wp\/v2\/tax_estado?post=1227915"}],"curies":[{"name":"wp","href":"https:\/\/api.w.org\/{rel}","templated":true}]}}