{"id":122674,"date":"2018-05-24T17:54:57","date_gmt":"2018-05-24T20:54:57","guid":{"rendered":"https:\/\/www.estrategiaconcursos.com.br\/blog\/?p=122674"},"modified":"2018-05-24T17:54:57","modified_gmt":"2018-05-24T20:54:57","slug":"vamos-fazer-um-teste-como-anda-sua-preparacao-para-uma-segunda-fase-de-procuradorias","status":"publish","type":"post","link":"https:\/\/www.estrategiaconcursos.com.br\/blog\/vamos-fazer-um-teste-como-anda-sua-preparacao-para-uma-segunda-fase-de-procuradorias\/","title":{"rendered":"Vamos fazer um teste? Como anda sua prepara\u00e7\u00e3o para uma segunda fase de procuradorias?"},"content":{"rendered":"<p style=\"text-align: justify\">A segunda fase para os concursos de procuradorias (PGE-SP e PGM-Manaus) est\u00e1 se aproximando. Para voc\u00ea testar seus conhecimentos, quero convid\u00e1-lo para um simples treino!<br \/>\nTopa?<br \/>\nAbaixo eu trago uma situa\u00e7\u00e3o hipot\u00e9tica com breve explana\u00e7\u00e3o. Antes de ler as orienta\u00e7\u00f5es, tente se situar na qualidade de procurador e responda qual seria a medida judicial cab\u00edvel ao caso!<br \/>\nBoa sorte.<\/p>\n<p style=\"text-align: justify\"><strong><span style=\"text-decoration: underline\">Situa\u00e7\u00e3o hipot\u00e9tica<\/span><\/strong>:<br \/>\nDeterminada municipalidade instituiu taxa de combate a sinistros, relativa \u00e0 utiliza\u00e7\u00e3o efetiva ou potencial dos servi\u00e7os municipais de preven\u00e7\u00e3o, combate e extin\u00e7\u00e3o de inc\u00eandios em pr\u00e9dios. O tributo \u00e9 cobrado apenas em rela\u00e7\u00e3o a im\u00f3veis n\u00e3o residenciais edificados e tem como contribuinte o propriet\u00e1rio, titular do dom\u00ednio \u00fatil ou seu possuidor a qualquer t\u00edtulo.<br \/>\nCom base na legisla\u00e7\u00e3o de reg\u00eancia, a citada municipalidade passou a cobrar a taxa do estado em que se localiza, em rela\u00e7\u00e3o aos pr\u00e9dios de sua propriedade. N\u00e3o conformado, o Estado n\u00e3o recolheu o tributo.<br \/>\nNa sequ\u00eancia, foi ajuizada execu\u00e7\u00e3o fiscal contra o estado. Os embargos \u00e0 execu\u00e7\u00e3o fiscal foram rejeitados, para reconhecer a higidez da taxa. O estado, em seguida, apelou, mas seu recurso foi desprovido.<br \/>\nSabe-se que o Supremo Tribunal Federal, sob a sistem\u00e1tica da repercuss\u00e3o geral, considerou tal taxa inconstitucional, consoante o RExt 643.247.<br \/>\nAssim, indaga-se: diante de tal quadro, regularmente intimado do ac\u00f3rd\u00e3o que negou provimento \u00e0 apela\u00e7\u00e3o, na qualidade de Procurador do Estado, promova a medida necess\u00e1ria para garantir a observ\u00e2ncia da decis\u00e3o proferida pelo STF.<\/p>\n<p style=\"text-align: justify\"><strong><span style=\"text-decoration: underline\">Orienta\u00e7\u00f5es<\/span><\/strong>:<br \/>\nCuidado! Nosso teste traz uma armadilha e induz o aluno a erro.<br \/>\nA pe\u00e7a correta, no caso, seria o Recurso Extraordin\u00e1rio, interposto com base nos arts. 102, III, &#8220;a&#8221;, da Constitui\u00e7\u00e3o Federal e 1.029 e seguintes do CPC.<br \/>\nAo citar decis\u00e3o paradigma prolatada sob a sistem\u00e1tica da repercuss\u00e3o geral e requerer a utiliza\u00e7\u00e3o de medida para garantir a observ\u00e2ncia do julgado do STF, \u00e9 natural que se cogite o manejo de reclama\u00e7\u00e3o constitucional.<br \/>\nContudo, em se tratando de tese firmada em repercuss\u00e3o geral, nos termos do art. 988, \u00a7 5\u00ba, II, do CPC, para que a reclama\u00e7\u00e3o seja cab\u00edvel \u00e9 necess\u00e1rio o esgotamento das inst\u00e2ncias ordin\u00e1rias. O pr\u00f3prio o STF entende que \u00e9 indispens\u00e1vel interpor todos os recursos poss\u00edveis na origem para revers\u00e3o do ac\u00f3rd\u00e3o atacado, at\u00e9 mesmo eventual Agravo contra decis\u00e3o que negar seguimento a Recurso Extraordin\u00e1rio no tribunal de origem:<br \/>\n<em>&#8220;AGRAVO INTERNO EM RECLAMA\u00c7\u00c3O. DIREITO PROCESSUAL CIVIL. ALEGA\u00c7\u00c3O DE AFRONTA A TESE FIRMADA EM REPERCUSS\u00c3O GERAL<\/em><br \/>\n<em> POR TRIBUNAL DE SEGUNDO GRAU. PEND\u00caNCIA DE RECURSO ESPECIAL E AGRAVO EM RECURSO EXTRAORDIN\u00c1RIO. 1. O CPC\/2015 prev\u00ea como requisito para o ajuizamento de reclama\u00e7\u00e3o por alega\u00e7\u00e3o de afronta a tese firmada em repercuss\u00e3o geral o esgotamento das inst\u00e2ncias ordin\u00e1rias (art. 988, \u00a7 5\u00ba, II, do CPC\/2015). A interpreta\u00e7\u00e3o correta a respeito de quando haveria tal esgotamento das inst\u00e2ncias ordin\u00e1rias \u00e9 aquela que exige o correto percurso de todo o \u2018iter\u2019 processual, ultimado na interposi\u00e7\u00e3o de agravo interno contra a decis\u00e3o que nega seguimento ao recurso extraordin\u00e1rio, nos termos do art. 1.030, I e \u00a7 2\u00ba, do CPC\/2015. Ou seja, \u00e9 imprescind\u00edvel que a parte tenha interposto todos os recursos cab\u00edveis, at\u00e9 a \u00faltima via processual que lhe \u00e9 aberta. Nesse sentido, veja-se a Rcl 24.686-ED-AgR, Rel. Min. Teori Zavascki. 2. \u00c9 invi\u00e1vel a reclama\u00e7\u00e3o, por alega\u00e7\u00e3o de afronta a tese firmada em repercuss\u00e3o geral, quando se encontram pendentes de an\u00e1lise recurso especial e agravo em recurso extraordin\u00e1rio, interpostos em face do ato reclamado. 3. Agravo interno desprovido.\u201d<\/em> (Rcl 27806 AgR, Relator(a): Min. ROBERTO BARROSO, Primeira Turma, julgado em 01\/12\/2017, PROCESSO ELETR\u00d4NICO DJe-288 DIVULG 13-12-2017 PUBLIC 14-12-2017)<\/p>\n<p style=\"text-align: justify\">Assim, no teste proposto, o meio adequado para fazer prevalecer o entendimento do STF seria exatamente o Recurso Extraordin\u00e1rio!<br \/>\nParab\u00e9ns a todos os alunos que acertaram a pe\u00e7a!<br \/>\nAt\u00e9 breve.<\/p>\n","protected":false},"excerpt":{"rendered":"<p>A segunda fase para os concursos de procuradorias (PGE-SP e PGM-Manaus) est\u00e1 se aproximando. Para voc\u00ea testar seus conhecimentos, quero convid\u00e1-lo para um simples treino! Topa? Abaixo eu trago uma situa\u00e7\u00e3o hipot\u00e9tica com breve explana\u00e7\u00e3o. Antes de ler as orienta\u00e7\u00f5es, tente se situar na qualidade de procurador e responda qual seria a medida judicial cab\u00edvel [&hellip;]<\/p>\n","protected":false},"author":180,"featured_media":0,"comment_status":"open","ping_status":"closed","sticky":false,"template":"","format":"standard","meta":{"post_tipo":"article","footnotes":""},"categories":[1,2185],"tags":[40,27,3839,3046,1064],"tax_estado":[],"class_list":["post-122674","post","type-post","status-publish","format-standard","hentry","category-cursos-e-concursos","category-carreiras-juridicas","tag-concurso","tag-discursivas","tag-pgesp","tag-pgm-manaus","tag-segunda-fase"],"acf":[],"yoast_head":"<!-- This site is optimized with the Yoast SEO Premium plugin v27.2 (Yoast SEO v27.2) - https:\/\/yoast.com\/product\/yoast-seo-premium-wordpress\/ -->\n<title>Vamos fazer um teste? Como anda sua prepara\u00e7\u00e3o para uma segunda fase de procuradorias?<\/title>\n<meta name=\"robots\" content=\"index, follow, max-snippet:-1, max-image-preview:large, max-video-preview:-1\" \/>\n<link rel=\"canonical\" href=\"https:\/\/www.estrategiaconcursos.com.br\/blog\/vamos-fazer-um-teste-como-anda-sua-preparacao-para-uma-segunda-fase-de-procuradorias\/\" \/>\n<meta property=\"og:locale\" content=\"pt_BR\" \/>\n<meta property=\"og:type\" content=\"article\" \/>\n<meta property=\"og:title\" content=\"Vamos fazer um teste? Como anda sua prepara\u00e7\u00e3o para uma segunda fase de procuradorias?\" \/>\n<meta property=\"og:description\" content=\"A segunda fase para os concursos de procuradorias (PGE-SP e PGM-Manaus) est\u00e1 se aproximando. Para voc\u00ea testar seus conhecimentos, quero convid\u00e1-lo para um simples treino! Topa? Abaixo eu trago uma situa\u00e7\u00e3o hipot\u00e9tica com breve explana\u00e7\u00e3o. Antes de ler as orienta\u00e7\u00f5es, tente se situar na qualidade de procurador e responda qual seria a medida judicial cab\u00edvel [&hellip;]\" \/>\n<meta property=\"og:url\" content=\"https:\/\/www.estrategiaconcursos.com.br\/blog\/vamos-fazer-um-teste-como-anda-sua-preparacao-para-uma-segunda-fase-de-procuradorias\/\" \/>\n<meta property=\"og:site_name\" content=\"Estrat\u00e9gia Concursos\" \/>\n<meta property=\"article:author\" content=\"https:\/\/www.facebook.com\/ricardo.s.torques\" \/>\n<meta property=\"article:published_time\" content=\"2018-05-24T20:54:57+00:00\" \/>\n<meta name=\"author\" content=\"Ricardo Torques\" \/>\n<meta name=\"twitter:card\" content=\"summary_large_image\" \/>\n<meta name=\"twitter:creator\" content=\"@EstratConcursos\" \/>\n<meta name=\"twitter:site\" content=\"@EstratConcursos\" \/>\n<meta name=\"twitter:label1\" content=\"Escrito por\" \/>\n\t<meta name=\"twitter:data1\" content=\"Ricardo Torques\" \/>\n\t<meta name=\"twitter:label2\" content=\"Est. tempo de leitura\" \/>\n\t<meta name=\"twitter:data2\" content=\"3 minutos\" \/>\n<script type=\"application\/ld+json\" class=\"yoast-schema-graph\">{\"@context\":\"https:\/\/schema.org\",\"@graph\":[{\"@type\":\"NewsArticle\",\"@id\":\"https:\/\/www.estrategiaconcursos.com.br\/blog\/vamos-fazer-um-teste-como-anda-sua-preparacao-para-uma-segunda-fase-de-procuradorias\/#article\",\"isPartOf\":{\"@id\":\"https:\/\/www.estrategiaconcursos.com.br\/blog\/vamos-fazer-um-teste-como-anda-sua-preparacao-para-uma-segunda-fase-de-procuradorias\/\"},\"author\":{\"name\":\"Ricardo Torques\",\"@id\":\"https:\/\/www.estrategiaconcursos.com.br\/blog\/#\/schema\/person\/aa39cf5ddb518e5bdce27c35788405e2\"},\"headline\":\"Vamos fazer um teste? Como anda sua prepara\u00e7\u00e3o para uma segunda fase de procuradorias?\",\"datePublished\":\"2018-05-24T20:54:57+00:00\",\"mainEntityOfPage\":{\"@id\":\"https:\/\/www.estrategiaconcursos.com.br\/blog\/vamos-fazer-um-teste-como-anda-sua-preparacao-para-uma-segunda-fase-de-procuradorias\/\"},\"wordCount\":691,\"commentCount\":0,\"publisher\":{\"@id\":\"https:\/\/www.estrategiaconcursos.com.br\/blog\/#organization\"},\"keywords\":[\"Concurso\",\"discursivas\",\"pgesp\",\"PGM Manaus\",\"Segunda Fase\"],\"articleSection\":[\"Concursos P\u00fablicos\",\"Jur\u00eddico\"],\"inLanguage\":\"pt-BR\",\"potentialAction\":[{\"@type\":\"CommentAction\",\"name\":\"Comment\",\"target\":[\"https:\/\/www.estrategiaconcursos.com.br\/blog\/vamos-fazer-um-teste-como-anda-sua-preparacao-para-uma-segunda-fase-de-procuradorias\/#respond\"]}],\"copyrightYear\":\"2018\",\"copyrightHolder\":{\"@id\":\"https:\/\/www.estrategiaconcursos.com.br\/blog\/#organization\"}},{\"@type\":\"WebPage\",\"@id\":\"https:\/\/www.estrategiaconcursos.com.br\/blog\/vamos-fazer-um-teste-como-anda-sua-preparacao-para-uma-segunda-fase-de-procuradorias\/\",\"url\":\"https:\/\/www.estrategiaconcursos.com.br\/blog\/vamos-fazer-um-teste-como-anda-sua-preparacao-para-uma-segunda-fase-de-procuradorias\/\",\"name\":\"Vamos fazer um teste? Como anda sua prepara\u00e7\u00e3o para uma segunda fase de procuradorias?\",\"isPartOf\":{\"@id\":\"https:\/\/www.estrategiaconcursos.com.br\/blog\/#website\"},\"datePublished\":\"2018-05-24T20:54:57+00:00\",\"breadcrumb\":{\"@id\":\"https:\/\/www.estrategiaconcursos.com.br\/blog\/vamos-fazer-um-teste-como-anda-sua-preparacao-para-uma-segunda-fase-de-procuradorias\/#breadcrumb\"},\"inLanguage\":\"pt-BR\",\"potentialAction\":[{\"@type\":\"ReadAction\",\"target\":[\"https:\/\/www.estrategiaconcursos.com.br\/blog\/vamos-fazer-um-teste-como-anda-sua-preparacao-para-uma-segunda-fase-de-procuradorias\/\"]}]},{\"@type\":\"BreadcrumbList\",\"@id\":\"https:\/\/www.estrategiaconcursos.com.br\/blog\/vamos-fazer-um-teste-como-anda-sua-preparacao-para-uma-segunda-fase-de-procuradorias\/#breadcrumb\",\"itemListElement\":[{\"@type\":\"ListItem\",\"position\":1,\"name\":\"In\u00edcio\",\"item\":\"https:\/\/www.estrategiaconcursos.com.br\/blog\/\"},{\"@type\":\"ListItem\",\"position\":2,\"name\":\"Vamos fazer um teste? Como anda sua prepara\u00e7\u00e3o para uma segunda fase de procuradorias?\"}]},{\"@type\":\"WebSite\",\"@id\":\"https:\/\/www.estrategiaconcursos.com.br\/blog\/#website\",\"url\":\"https:\/\/www.estrategiaconcursos.com.br\/blog\/\",\"name\":\"Estrat\u00e9gia Concursos\",\"description\":\"O blog da Estrat\u00e9gia Concursos traz not\u00edcias sobre concursos e artigos de professores oferecendo cursos para concursos (pdf + videaulas) no site.\",\"publisher\":{\"@id\":\"https:\/\/www.estrategiaconcursos.com.br\/blog\/#organization\"},\"potentialAction\":[{\"@type\":\"SearchAction\",\"target\":{\"@type\":\"EntryPoint\",\"urlTemplate\":\"https:\/\/www.estrategiaconcursos.com.br\/blog\/?s={search_term_string}\"},\"query-input\":{\"@type\":\"PropertyValueSpecification\",\"valueRequired\":true,\"valueName\":\"search_term_string\"}}],\"inLanguage\":\"pt-BR\"},{\"@type\":\"Organization\",\"@id\":\"https:\/\/www.estrategiaconcursos.com.br\/blog\/#organization\",\"name\":\"Estrat\u00e9gia Concursos\",\"url\":\"https:\/\/www.estrategiaconcursos.com.br\/blog\/\",\"logo\":{\"@type\":\"ImageObject\",\"inLanguage\":\"pt-BR\",\"@id\":\"https:\/\/www.estrategiaconcursos.com.br\/blog\/#\/schema\/logo\/image\/\",\"url\":\"https:\/\/dhg1h5j42swfq.cloudfront.net\/2025\/06\/03203428\/logo_concursos-1.jpg\",\"contentUrl\":\"https:\/\/dhg1h5j42swfq.cloudfront.net\/2025\/06\/03203428\/logo_concursos-1.jpg\",\"width\":230,\"height\":60,\"caption\":\"Estrat\u00e9gia Concursos\"},\"image\":{\"@id\":\"https:\/\/www.estrategiaconcursos.com.br\/blog\/#\/schema\/logo\/image\/\"},\"sameAs\":[\"https:\/\/x.com\/EstratConcursos\"]},{\"@type\":\"Person\",\"@id\":\"https:\/\/www.estrategiaconcursos.com.br\/blog\/#\/schema\/person\/aa39cf5ddb518e5bdce27c35788405e2\",\"name\":\"Ricardo Torques\",\"image\":{\"@type\":\"ImageObject\",\"inLanguage\":\"pt-BR\",\"@id\":\"https:\/\/secure.gravatar.com\/avatar\/ce9ac6c3cff25fe86d15ed568ebc64d1724baf5c0693133bcb1f6073f712f92a?s=96&d=mm&r=g\",\"url\":\"https:\/\/secure.gravatar.com\/avatar\/ce9ac6c3cff25fe86d15ed568ebc64d1724baf5c0693133bcb1f6073f712f92a?s=96&d=mm&r=g\",\"contentUrl\":\"https:\/\/secure.gravatar.com\/avatar\/ce9ac6c3cff25fe86d15ed568ebc64d1724baf5c0693133bcb1f6073f712f92a?s=96&d=mm&r=g\",\"caption\":\"Ricardo Torques\"},\"sameAs\":[\"https:\/\/www.facebook.com\/ricardo.s.torques\"],\"url\":\"https:\/\/www.estrategiaconcursos.com.br\/blog\/author\/ricardotorquesestrategiaconcursos-com-br\/\"}]}<\/script>\n<!-- \/ Yoast SEO Premium plugin. -->","yoast_head_json":{"title":"Vamos fazer um teste? Como anda sua prepara\u00e7\u00e3o para uma segunda fase de procuradorias?","robots":{"index":"index","follow":"follow","max-snippet":"max-snippet:-1","max-image-preview":"max-image-preview:large","max-video-preview":"max-video-preview:-1"},"canonical":"https:\/\/www.estrategiaconcursos.com.br\/blog\/vamos-fazer-um-teste-como-anda-sua-preparacao-para-uma-segunda-fase-de-procuradorias\/","og_locale":"pt_BR","og_type":"article","og_title":"Vamos fazer um teste? Como anda sua prepara\u00e7\u00e3o para uma segunda fase de procuradorias?","og_description":"A segunda fase para os concursos de procuradorias (PGE-SP e PGM-Manaus) est\u00e1 se aproximando. Para voc\u00ea testar seus conhecimentos, quero convid\u00e1-lo para um simples treino! Topa? Abaixo eu trago uma situa\u00e7\u00e3o hipot\u00e9tica com breve explana\u00e7\u00e3o. Antes de ler as orienta\u00e7\u00f5es, tente se situar na qualidade de procurador e responda qual seria a medida judicial cab\u00edvel [&hellip;]","og_url":"https:\/\/www.estrategiaconcursos.com.br\/blog\/vamos-fazer-um-teste-como-anda-sua-preparacao-para-uma-segunda-fase-de-procuradorias\/","og_site_name":"Estrat\u00e9gia Concursos","article_author":"https:\/\/www.facebook.com\/ricardo.s.torques","article_published_time":"2018-05-24T20:54:57+00:00","author":"Ricardo Torques","twitter_card":"summary_large_image","twitter_creator":"@EstratConcursos","twitter_site":"@EstratConcursos","twitter_misc":{"Escrito por":"Ricardo Torques","Est. tempo de leitura":"3 minutos"},"schema":{"@context":"https:\/\/schema.org","@graph":[{"@type":"NewsArticle","@id":"https:\/\/www.estrategiaconcursos.com.br\/blog\/vamos-fazer-um-teste-como-anda-sua-preparacao-para-uma-segunda-fase-de-procuradorias\/#article","isPartOf":{"@id":"https:\/\/www.estrategiaconcursos.com.br\/blog\/vamos-fazer-um-teste-como-anda-sua-preparacao-para-uma-segunda-fase-de-procuradorias\/"},"author":{"name":"Ricardo Torques","@id":"https:\/\/www.estrategiaconcursos.com.br\/blog\/#\/schema\/person\/aa39cf5ddb518e5bdce27c35788405e2"},"headline":"Vamos fazer um teste? Como anda sua prepara\u00e7\u00e3o para uma segunda fase de procuradorias?","datePublished":"2018-05-24T20:54:57+00:00","mainEntityOfPage":{"@id":"https:\/\/www.estrategiaconcursos.com.br\/blog\/vamos-fazer-um-teste-como-anda-sua-preparacao-para-uma-segunda-fase-de-procuradorias\/"},"wordCount":691,"commentCount":0,"publisher":{"@id":"https:\/\/www.estrategiaconcursos.com.br\/blog\/#organization"},"keywords":["Concurso","discursivas","pgesp","PGM Manaus","Segunda Fase"],"articleSection":["Concursos P\u00fablicos","Jur\u00eddico"],"inLanguage":"pt-BR","potentialAction":[{"@type":"CommentAction","name":"Comment","target":["https:\/\/www.estrategiaconcursos.com.br\/blog\/vamos-fazer-um-teste-como-anda-sua-preparacao-para-uma-segunda-fase-de-procuradorias\/#respond"]}],"copyrightYear":"2018","copyrightHolder":{"@id":"https:\/\/www.estrategiaconcursos.com.br\/blog\/#organization"}},{"@type":"WebPage","@id":"https:\/\/www.estrategiaconcursos.com.br\/blog\/vamos-fazer-um-teste-como-anda-sua-preparacao-para-uma-segunda-fase-de-procuradorias\/","url":"https:\/\/www.estrategiaconcursos.com.br\/blog\/vamos-fazer-um-teste-como-anda-sua-preparacao-para-uma-segunda-fase-de-procuradorias\/","name":"Vamos fazer um teste? Como anda sua prepara\u00e7\u00e3o para uma segunda fase de procuradorias?","isPartOf":{"@id":"https:\/\/www.estrategiaconcursos.com.br\/blog\/#website"},"datePublished":"2018-05-24T20:54:57+00:00","breadcrumb":{"@id":"https:\/\/www.estrategiaconcursos.com.br\/blog\/vamos-fazer-um-teste-como-anda-sua-preparacao-para-uma-segunda-fase-de-procuradorias\/#breadcrumb"},"inLanguage":"pt-BR","potentialAction":[{"@type":"ReadAction","target":["https:\/\/www.estrategiaconcursos.com.br\/blog\/vamos-fazer-um-teste-como-anda-sua-preparacao-para-uma-segunda-fase-de-procuradorias\/"]}]},{"@type":"BreadcrumbList","@id":"https:\/\/www.estrategiaconcursos.com.br\/blog\/vamos-fazer-um-teste-como-anda-sua-preparacao-para-uma-segunda-fase-de-procuradorias\/#breadcrumb","itemListElement":[{"@type":"ListItem","position":1,"name":"In\u00edcio","item":"https:\/\/www.estrategiaconcursos.com.br\/blog\/"},{"@type":"ListItem","position":2,"name":"Vamos fazer um teste? Como anda sua prepara\u00e7\u00e3o para uma segunda fase de procuradorias?"}]},{"@type":"WebSite","@id":"https:\/\/www.estrategiaconcursos.com.br\/blog\/#website","url":"https:\/\/www.estrategiaconcursos.com.br\/blog\/","name":"Estrat\u00e9gia Concursos","description":"O blog da Estrat\u00e9gia Concursos traz not\u00edcias sobre concursos e artigos de professores oferecendo cursos para concursos (pdf + videaulas) no site.","publisher":{"@id":"https:\/\/www.estrategiaconcursos.com.br\/blog\/#organization"},"potentialAction":[{"@type":"SearchAction","target":{"@type":"EntryPoint","urlTemplate":"https:\/\/www.estrategiaconcursos.com.br\/blog\/?s={search_term_string}"},"query-input":{"@type":"PropertyValueSpecification","valueRequired":true,"valueName":"search_term_string"}}],"inLanguage":"pt-BR"},{"@type":"Organization","@id":"https:\/\/www.estrategiaconcursos.com.br\/blog\/#organization","name":"Estrat\u00e9gia Concursos","url":"https:\/\/www.estrategiaconcursos.com.br\/blog\/","logo":{"@type":"ImageObject","inLanguage":"pt-BR","@id":"https:\/\/www.estrategiaconcursos.com.br\/blog\/#\/schema\/logo\/image\/","url":"https:\/\/dhg1h5j42swfq.cloudfront.net\/2025\/06\/03203428\/logo_concursos-1.jpg","contentUrl":"https:\/\/dhg1h5j42swfq.cloudfront.net\/2025\/06\/03203428\/logo_concursos-1.jpg","width":230,"height":60,"caption":"Estrat\u00e9gia Concursos"},"image":{"@id":"https:\/\/www.estrategiaconcursos.com.br\/blog\/#\/schema\/logo\/image\/"},"sameAs":["https:\/\/x.com\/EstratConcursos"]},{"@type":"Person","@id":"https:\/\/www.estrategiaconcursos.com.br\/blog\/#\/schema\/person\/aa39cf5ddb518e5bdce27c35788405e2","name":"Ricardo Torques","image":{"@type":"ImageObject","inLanguage":"pt-BR","@id":"https:\/\/secure.gravatar.com\/avatar\/ce9ac6c3cff25fe86d15ed568ebc64d1724baf5c0693133bcb1f6073f712f92a?s=96&d=mm&r=g","url":"https:\/\/secure.gravatar.com\/avatar\/ce9ac6c3cff25fe86d15ed568ebc64d1724baf5c0693133bcb1f6073f712f92a?s=96&d=mm&r=g","contentUrl":"https:\/\/secure.gravatar.com\/avatar\/ce9ac6c3cff25fe86d15ed568ebc64d1724baf5c0693133bcb1f6073f712f92a?s=96&d=mm&r=g","caption":"Ricardo Torques"},"sameAs":["https:\/\/www.facebook.com\/ricardo.s.torques"],"url":"https:\/\/www.estrategiaconcursos.com.br\/blog\/author\/ricardotorquesestrategiaconcursos-com-br\/"}]}},"_links":{"self":[{"href":"https:\/\/www.estrategiaconcursos.com.br\/blog\/wp-json\/wp\/v2\/posts\/122674","targetHints":{"allow":["GET"]}}],"collection":[{"href":"https:\/\/www.estrategiaconcursos.com.br\/blog\/wp-json\/wp\/v2\/posts"}],"about":[{"href":"https:\/\/www.estrategiaconcursos.com.br\/blog\/wp-json\/wp\/v2\/types\/post"}],"author":[{"embeddable":true,"href":"https:\/\/www.estrategiaconcursos.com.br\/blog\/wp-json\/wp\/v2\/users\/180"}],"replies":[{"embeddable":true,"href":"https:\/\/www.estrategiaconcursos.com.br\/blog\/wp-json\/wp\/v2\/comments?post=122674"}],"version-history":[{"count":3,"href":"https:\/\/www.estrategiaconcursos.com.br\/blog\/wp-json\/wp\/v2\/posts\/122674\/revisions"}],"predecessor-version":[{"id":122680,"href":"https:\/\/www.estrategiaconcursos.com.br\/blog\/wp-json\/wp\/v2\/posts\/122674\/revisions\/122680"}],"wp:attachment":[{"href":"https:\/\/www.estrategiaconcursos.com.br\/blog\/wp-json\/wp\/v2\/media?parent=122674"}],"wp:term":[{"taxonomy":"category","embeddable":true,"href":"https:\/\/www.estrategiaconcursos.com.br\/blog\/wp-json\/wp\/v2\/categories?post=122674"},{"taxonomy":"post_tag","embeddable":true,"href":"https:\/\/www.estrategiaconcursos.com.br\/blog\/wp-json\/wp\/v2\/tags?post=122674"},{"taxonomy":"tax_estado","embeddable":true,"href":"https:\/\/www.estrategiaconcursos.com.br\/blog\/wp-json\/wp\/v2\/tax_estado?post=122674"}],"curies":[{"name":"wp","href":"https:\/\/api.w.org\/{rel}","templated":true}]}}