{"id":1226379,"date":"2023-06-01T20:16:38","date_gmt":"2023-06-01T23:16:38","guid":{"rendered":"https:\/\/www.estrategiaconcursos.com.br\/blog\/?p=1226379"},"modified":"2023-06-01T20:16:40","modified_gmt":"2023-06-01T23:16:40","slug":"mpf-suspensao-homologacao-concurso-senado","status":"publish","type":"post","link":"https:\/\/www.estrategiaconcursos.com.br\/blog\/mpf-suspensao-homologacao-concurso-senado\/","title":{"rendered":"MPF requer suspens\u00e3o da homologa\u00e7\u00e3o do concurso Senado!"},"content":{"rendered":"\n<p>O Minist\u00e9rio P\u00fablico Federal (MPF), atrav\u00e9s de A\u00e7\u00e3o Civil P\u00fablica, requer que a homologa\u00e7\u00e3o do resultado do concurso Senado, ao cargo de T\u00e9cnico Policial, seja suspensa!<\/p>\n\n\n\n<p>Lembrando que a homologa\u00e7\u00e3o est\u00e1 prevista para a pr\u00f3xima sexta-feira, dia 03 de junho, o que justifica o car\u00e1ter emergencial da a\u00e7\u00e3o.<\/p>\n\n\n\n<p>Veja, abaixo, parte do requerimento do MPF:<\/p>\n\n\n\n<blockquote class=\"wp-block-quote is-layout-flow wp-block-quote-is-layout-flow\">\n<p><em>[&#8230;] a concess\u00e3o da tutela provis\u00f3ria de urg\u00eancia, inaudita altera pars, para determinar \u00e0 UNI\u00c3O (SENADO Federal) que suspenda a homologa\u00e7\u00e3o do concurso de T\u00e9cnico Legislativo \u2013 Policial Legislativo, regido pelo Edital n\u00ba 5, de 22 de agosto de 2022, no que tange ao cadastro de reserva, at\u00e9 a retifica\u00e7\u00e3o do Edital, para ampliar o universo de aprovados nessa condi\u00e7\u00e3o para, pelo menos, 280 candidatos [ &#8230;]<\/em><\/p>\n<\/blockquote>\n\n\n\n<p>O MPF foi acionado por meio da Comiss\u00e3o de Aprovados do certame, que alegou ser inferior o n\u00famero de vagas ofertado com a real necessidade do \u00f3rg\u00e3o.<\/p>\n\n\n\n<p>Lembrando o edital ofertou 194 vagas para o cargo de Policial Legislativo, das quais apenas 7 foram imediatas e as outras 173 foram destinadas \u00e0 forma\u00e7\u00e3o de cadastro reserva. Al\u00e9m disso, estima-se que mais 50 posi\u00e7\u00f5es de trabalho ficar\u00e3o vagas at\u00e9 o t\u00e9rmino do prazo de validade da sele\u00e7\u00e3o.<\/p>\n\n\n\n<h2 class=\"wp-block-heading\" id=\"h-sobre-o-concurso-senado\">Sobre o concurso Senado<\/h2>\n\n\n\n<p>Sob organiza\u00e7\u00e3o da <a href=\"https:\/\/conhecimento.fgv.br\/concursos\/senado22\" target=\"_blank\" rel=\"noreferrer noopener\">FGV<\/a>, s\u00e3o ofertadas 22 vagas imediatas, al\u00e9m de 980 em cadastro reserva. Com sal\u00e1rios iniciais variando de R$ 19.427,79 a R$ 33.461,68, todos os cargos exigem n\u00edvel superior. No total, foram registradas <strong>100.249 inscri\u00e7\u00f5es<\/strong>.<\/p>\n\n\n\n<p>As oportunidades se distribuem entre as carreiras de T\u00e9cnico Legislativo (<a href=\"https:\/\/www.estrategiaconcursos.com.br\/curso\/senado-federal-tecnico-legislativo-policial-legislativo-pacote-2022-pos-edital\/\" target=\"_blank\" rel=\"noreferrer noopener\">Policial Legislativo<\/a>), Analista Legislativo (v\u00e1rias especialidades), Consultor Legislativo e Advogado. <\/p>\n\n\n\n<p>E para saber todos os detalhes do concurso Senado, bem como da poss\u00edvel suspens\u00e3o da homologa\u00e7\u00e3o do resultado ao cargo de T\u00e9cnico Policial, requerida pelo MPF, basta acessar o link abaixo exclusivo:<\/p>\n\n\n\n<h2 class=\"wp-block-heading has-text-align-center has-background has-medium-font-size\" id=\"saiba-mais-concurso-senado-federal\" style=\"background-color:#d8ccb0\">Saiba mais: <a href=\"https:\/\/www.estrategiaconcursos.com.br\/blog\/concurso-senado-federal\/\" target=\"_blank\" rel=\"noreferrer noopener\">Senado Federal<\/a><\/h2>\n\n\n\n<hr class=\"wp-block-separator has-css-opacity\"\/>\n\n\n\n<h2 class=\"wp-block-heading has-text-align-center\" id=\"h-quer-saber-tudo-sobre-concursos-previstos-confira-nossos-artigos\">Quer saber tudo sobre concursos previstos?<br \/>Confira nossos artigos!<\/h2>\n\n\n\n<ul class=\"wp-block-list\">\n<li><a href=\"https:\/\/www.estrategiaconcursos.com.br\/blog\/concursos-abertos\/\" target=\"_blank\" rel=\"noreferrer noopener\">Concursos abertos<\/a><\/li>\n\n\n\n<li><a href=\"https:\/\/www.estrategiaconcursos.com.br\/blog\/concursos-2023\/\" target=\"_blank\" rel=\"noreferrer noopener\">Concursos 2023<\/a><\/li>\n\n\n\n<li><a href=\"https:\/\/www.estrategiaconcursos.com.br\/blog\/concursos-2024\/\" target=\"_blank\" rel=\"noreferrer noopener\">Concursos 2024<\/a><\/li>\n<\/ul>\n\n\n\n<div class=\"container\" id=\"boxes\">\n  <div class=\"row\">\n\n    <div class=\"col-sm\">\n      <div class=\"banner-legislativo\" id=\"box-assinatura\">\n        <h3 class=\"titulo-assinatura\">Concurso Senado Federal<\/h3>\n        <p class=\"subtitulo-assinatura\">Conhe\u00e7a os cursos<\/p>\n        <div class=\"box-botao\">\n          <a class=\"btn-assinatura\" target=\"_blank\" href=\"https:\/\/www.estrategiaconcursos.com.br\/cursosPorConcurso\/senado-federal-6\/\" role=\"button\" rel=\"noopener noreferrer\">Conhe\u00e7a mais<\/a>\n        <\/div>\n      <\/div>\n     \n\n  <\/div>\n<\/div><\/div>\n\n\n\n<div class=\"container\" id=\"boxes\">\n  <div class=\"row\">\n\n    <div class=\"col-sm\">\n      <div class=\"estrategia\" id=\"box-assinatura\">\n        <h3 class=\"titulo-assinatura\">Assinatura de Concursos<\/h3>\n        <p class=\"subtitulo-assinatura\">Assinatura de 1 ano ou 2 anos<\/p>\n        <div class=\"box-botao\">\n          <a class=\"btn-assinatura\" target=\"_blank\" href=\"https:\/\/www.estrategiaconcursos.com.br\/assinaturas\/\" role=\"button\" rel=\"noopener noreferrer\">ASSINE AGORA<\/a>\n        <\/div>\n      <\/div>\n     \n    <\/div><\/div><\/div>\n","protected":false},"excerpt":{"rendered":"<p>O Minist\u00e9rio P\u00fablico Federal (MPF), atrav\u00e9s de A\u00e7\u00e3o Civil P\u00fablica, requer que a homologa\u00e7\u00e3o do resultado do concurso Senado, ao cargo de T\u00e9cnico Policial, seja suspensa! Lembrando que a homologa\u00e7\u00e3o est\u00e1 prevista para a pr\u00f3xima sexta-feira, dia 03 de junho, o que justifica o car\u00e1ter emergencial da a\u00e7\u00e3o. Veja, abaixo, parte do requerimento do MPF: [&hellip;]<\/p>\n","protected":false},"author":2134,"featured_media":1112716,"comment_status":"open","ping_status":"closed","sticky":false,"template":"","format":"standard","meta":{"post_tipo":"news","footnotes":""},"categories":[2017,220219],"tags":[],"tax_estado":[219963],"class_list":["post-1226379","post","type-post","status-publish","format-standard","has-post-thumbnail","hentry","category-concursos-legislativos","category-noticias","tax_estado-concursos-federais"],"acf":[],"yoast_head":"<!-- This site is optimized with the Yoast SEO Premium plugin v27.2 (Yoast SEO v27.2) - https:\/\/yoast.com\/product\/yoast-seo-premium-wordpress\/ -->\n<title>MPF requer suspens\u00e3o da homologa\u00e7\u00e3o do concurso Senado!<\/title>\n<meta name=\"description\" content=\"Minist\u00e9rio P\u00fablico Federal requer a suspens\u00e3o da homologa\u00e7\u00e3o do resultado final do concurso Senado para T\u00e9cnico Policial Legislativo!\" \/>\n<meta name=\"robots\" content=\"index, follow, max-snippet:-1, max-image-preview:large, max-video-preview:-1\" \/>\n<link rel=\"canonical\" href=\"https:\/\/www.estrategiaconcursos.com.br\/blog\/mpf-suspensao-homologacao-concurso-senado\/\" \/>\n<meta property=\"og:locale\" content=\"pt_BR\" \/>\n<meta property=\"og:type\" content=\"article\" \/>\n<meta property=\"og:title\" content=\"MPF requer suspens\u00e3o da homologa\u00e7\u00e3o do concurso Senado!\" \/>\n<meta property=\"og:description\" content=\"Minist\u00e9rio P\u00fablico Federal requer a suspens\u00e3o da homologa\u00e7\u00e3o do resultado final do concurso Senado para T\u00e9cnico Policial Legislativo!\" \/>\n<meta property=\"og:url\" content=\"https:\/\/www.estrategiaconcursos.com.br\/blog\/mpf-suspensao-homologacao-concurso-senado\/\" \/>\n<meta property=\"og:site_name\" content=\"Estrat\u00e9gia Concursos\" \/>\n<meta property=\"article:published_time\" content=\"2023-06-01T23:16:38+00:00\" \/>\n<meta property=\"article:modified_time\" content=\"2023-06-01T23:16:40+00:00\" \/>\n<meta property=\"og:image\" content=\"https:\/\/dhg1h5j42swfq.cloudfront.net\/2022\/10\/19142738\/concurso-senado-federal-1-1.jpg\" \/>\n\t<meta property=\"og:image:width\" content=\"768\" \/>\n\t<meta property=\"og:image:height\" content=\"432\" \/>\n\t<meta property=\"og:image:type\" content=\"image\/jpeg\" \/>\n<meta name=\"author\" content=\"Rafaela Teixeira\" \/>\n<meta name=\"twitter:card\" content=\"summary_large_image\" \/>\n<meta name=\"twitter:creator\" content=\"@EstratConcursos\" \/>\n<meta name=\"twitter:site\" content=\"@EstratConcursos\" \/>\n<meta name=\"twitter:label1\" content=\"Escrito por\" \/>\n\t<meta name=\"twitter:data1\" content=\"Rafaela Teixeira\" \/>\n\t<meta name=\"twitter:label2\" content=\"Est. tempo de leitura\" \/>\n\t<meta name=\"twitter:data2\" content=\"2 minutos\" \/>\n<script type=\"application\/ld+json\" class=\"yoast-schema-graph\">{\"@context\":\"https:\/\/schema.org\",\"@graph\":[{\"@type\":\"NewsArticle\",\"@id\":\"https:\/\/www.estrategiaconcursos.com.br\/blog\/mpf-suspensao-homologacao-concurso-senado\/#article\",\"isPartOf\":{\"@id\":\"https:\/\/www.estrategiaconcursos.com.br\/blog\/mpf-suspensao-homologacao-concurso-senado\/\"},\"author\":{\"name\":\"Rafaela Teixeira\",\"@id\":\"https:\/\/www.estrategiaconcursos.com.br\/blog\/#\/schema\/person\/e75352021ea7f60781c599934f916eb1\"},\"headline\":\"MPF requer suspens\u00e3o da homologa\u00e7\u00e3o do concurso Senado!\",\"datePublished\":\"2023-06-01T23:16:38+00:00\",\"dateModified\":\"2023-06-01T23:16:40+00:00\",\"mainEntityOfPage\":{\"@id\":\"https:\/\/www.estrategiaconcursos.com.br\/blog\/mpf-suspensao-homologacao-concurso-senado\/\"},\"wordCount\":358,\"commentCount\":0,\"publisher\":{\"@id\":\"https:\/\/www.estrategiaconcursos.com.br\/blog\/#organization\"},\"image\":{\"@id\":\"https:\/\/www.estrategiaconcursos.com.br\/blog\/mpf-suspensao-homologacao-concurso-senado\/#primaryimage\"},\"thumbnailUrl\":\"https:\/\/dhg1h5j42swfq.cloudfront.net\/2022\/10\/19142738\/concurso-senado-federal-1-1.jpg\",\"articleSection\":[\"Legislativo\",\"\u00daltimas not\u00edcias\"],\"inLanguage\":\"pt-BR\",\"potentialAction\":[{\"@type\":\"CommentAction\",\"name\":\"Comment\",\"target\":[\"https:\/\/www.estrategiaconcursos.com.br\/blog\/mpf-suspensao-homologacao-concurso-senado\/#respond\"]}],\"copyrightYear\":\"2023\",\"copyrightHolder\":{\"@id\":\"https:\/\/www.estrategiaconcursos.com.br\/blog\/#organization\"}},{\"@type\":\"WebPage\",\"@id\":\"https:\/\/www.estrategiaconcursos.com.br\/blog\/mpf-suspensao-homologacao-concurso-senado\/\",\"url\":\"https:\/\/www.estrategiaconcursos.com.br\/blog\/mpf-suspensao-homologacao-concurso-senado\/\",\"name\":\"MPF requer suspens\u00e3o da homologa\u00e7\u00e3o do concurso Senado!\",\"isPartOf\":{\"@id\":\"https:\/\/www.estrategiaconcursos.com.br\/blog\/#website\"},\"primaryImageOfPage\":{\"@id\":\"https:\/\/www.estrategiaconcursos.com.br\/blog\/mpf-suspensao-homologacao-concurso-senado\/#primaryimage\"},\"image\":{\"@id\":\"https:\/\/www.estrategiaconcursos.com.br\/blog\/mpf-suspensao-homologacao-concurso-senado\/#primaryimage\"},\"thumbnailUrl\":\"https:\/\/dhg1h5j42swfq.cloudfront.net\/2022\/10\/19142738\/concurso-senado-federal-1-1.jpg\",\"datePublished\":\"2023-06-01T23:16:38+00:00\",\"dateModified\":\"2023-06-01T23:16:40+00:00\",\"description\":\"Minist\u00e9rio P\u00fablico Federal requer a suspens\u00e3o da homologa\u00e7\u00e3o do resultado final do concurso Senado para T\u00e9cnico Policial Legislativo!\",\"breadcrumb\":{\"@id\":\"https:\/\/www.estrategiaconcursos.com.br\/blog\/mpf-suspensao-homologacao-concurso-senado\/#breadcrumb\"},\"inLanguage\":\"pt-BR\",\"potentialAction\":[{\"@type\":\"ReadAction\",\"target\":[\"https:\/\/www.estrategiaconcursos.com.br\/blog\/mpf-suspensao-homologacao-concurso-senado\/\"]}]},{\"@type\":\"ImageObject\",\"inLanguage\":\"pt-BR\",\"@id\":\"https:\/\/www.estrategiaconcursos.com.br\/blog\/mpf-suspensao-homologacao-concurso-senado\/#primaryimage\",\"url\":\"https:\/\/dhg1h5j42swfq.cloudfront.net\/2022\/10\/19142738\/concurso-senado-federal-1-1.jpg\",\"contentUrl\":\"https:\/\/dhg1h5j42swfq.cloudfront.net\/2022\/10\/19142738\/concurso-senado-federal-1-1.jpg\",\"width\":768,\"height\":432,\"caption\":\"concurso senado federal\"},{\"@type\":\"BreadcrumbList\",\"@id\":\"https:\/\/www.estrategiaconcursos.com.br\/blog\/mpf-suspensao-homologacao-concurso-senado\/#breadcrumb\",\"itemListElement\":[{\"@type\":\"ListItem\",\"position\":1,\"name\":\"In\u00edcio\",\"item\":\"https:\/\/www.estrategiaconcursos.com.br\/blog\/\"},{\"@type\":\"ListItem\",\"position\":2,\"name\":\"MPF requer suspens\u00e3o da homologa\u00e7\u00e3o do concurso Senado!\"}]},{\"@type\":\"WebSite\",\"@id\":\"https:\/\/www.estrategiaconcursos.com.br\/blog\/#website\",\"url\":\"https:\/\/www.estrategiaconcursos.com.br\/blog\/\",\"name\":\"Estrat\u00e9gia Concursos\",\"description\":\"O blog da Estrat\u00e9gia Concursos traz not\u00edcias sobre concursos e artigos de professores oferecendo cursos para concursos (pdf + videaulas) no site.\",\"publisher\":{\"@id\":\"https:\/\/www.estrategiaconcursos.com.br\/blog\/#organization\"},\"potentialAction\":[{\"@type\":\"SearchAction\",\"target\":{\"@type\":\"EntryPoint\",\"urlTemplate\":\"https:\/\/www.estrategiaconcursos.com.br\/blog\/?s={search_term_string}\"},\"query-input\":{\"@type\":\"PropertyValueSpecification\",\"valueRequired\":true,\"valueName\":\"search_term_string\"}}],\"inLanguage\":\"pt-BR\"},{\"@type\":\"Organization\",\"@id\":\"https:\/\/www.estrategiaconcursos.com.br\/blog\/#organization\",\"name\":\"Estrat\u00e9gia Concursos\",\"url\":\"https:\/\/www.estrategiaconcursos.com.br\/blog\/\",\"logo\":{\"@type\":\"ImageObject\",\"inLanguage\":\"pt-BR\",\"@id\":\"https:\/\/www.estrategiaconcursos.com.br\/blog\/#\/schema\/logo\/image\/\",\"url\":\"https:\/\/dhg1h5j42swfq.cloudfront.net\/2025\/06\/03203428\/logo_concursos-1.jpg\",\"contentUrl\":\"https:\/\/dhg1h5j42swfq.cloudfront.net\/2025\/06\/03203428\/logo_concursos-1.jpg\",\"width\":230,\"height\":60,\"caption\":\"Estrat\u00e9gia Concursos\"},\"image\":{\"@id\":\"https:\/\/www.estrategiaconcursos.com.br\/blog\/#\/schema\/logo\/image\/\"},\"sameAs\":[\"https:\/\/x.com\/EstratConcursos\"]},{\"@type\":\"Person\",\"@id\":\"https:\/\/www.estrategiaconcursos.com.br\/blog\/#\/schema\/person\/e75352021ea7f60781c599934f916eb1\",\"name\":\"Rafaela Teixeira\",\"image\":{\"@type\":\"ImageObject\",\"inLanguage\":\"pt-BR\",\"@id\":\"https:\/\/secure.gravatar.com\/avatar\/8a349a2b22039b1ee88fc06461487c950fd6aa411ea8af8633314b43334ae793?s=96&d=mm&r=g\",\"url\":\"https:\/\/secure.gravatar.com\/avatar\/8a349a2b22039b1ee88fc06461487c950fd6aa411ea8af8633314b43334ae793?s=96&d=mm&r=g\",\"contentUrl\":\"https:\/\/secure.gravatar.com\/avatar\/8a349a2b22039b1ee88fc06461487c950fd6aa411ea8af8633314b43334ae793?s=96&d=mm&r=g\",\"caption\":\"Rafaela Teixeira\"},\"description\":\"Rafaela Teixeira \u00e9 advogada conveniada \u00e0 Defensoria P\u00fablica de S\u00e3o Paulo pela OAB, com experi\u00eancia em reda\u00e7\u00e3o jur\u00eddica e atua\u00e7\u00e3o em institui\u00e7\u00f5es p\u00fablicas, incluindo est\u00e1gio no TRE-SP. Possui mais de 7 anos de experi\u00eancia na produ\u00e7\u00e3o de conte\u00fados voltados ao nicho de concursos p\u00fablicos, com foco em apura\u00e7\u00e3o jornal\u00edstica cont\u00ednua, an\u00e1lise de editais e obten\u00e7\u00e3o de informa\u00e7\u00f5es diretamente junto a \u00f3rg\u00e3os e fontes oficiais. No Blog do Estrat\u00e9gia Concursos, atua como Analista de Conte\u00fado S\u00eanior, respons\u00e1vel pelo jornalismo do per\u00edodo noturno e da madrugada, com atua\u00e7\u00e3o transversal na cobertura de concursos p\u00fablicos, garantindo a continuidade, fluidez e confiabilidade das publica\u00e7\u00f5es e dos bastidores dos certames.\",\"url\":\"https:\/\/www.estrategiaconcursos.com.br\/blog\/author\/rafaela-teixeira\/\"}]}<\/script>\n<!-- \/ Yoast SEO Premium plugin. -->","yoast_head_json":{"title":"MPF requer suspens\u00e3o da homologa\u00e7\u00e3o do concurso Senado!","description":"Minist\u00e9rio P\u00fablico Federal requer a suspens\u00e3o da homologa\u00e7\u00e3o do resultado final do concurso Senado para T\u00e9cnico Policial Legislativo!","robots":{"index":"index","follow":"follow","max-snippet":"max-snippet:-1","max-image-preview":"max-image-preview:large","max-video-preview":"max-video-preview:-1"},"canonical":"https:\/\/www.estrategiaconcursos.com.br\/blog\/mpf-suspensao-homologacao-concurso-senado\/","og_locale":"pt_BR","og_type":"article","og_title":"MPF requer suspens\u00e3o da homologa\u00e7\u00e3o do concurso Senado!","og_description":"Minist\u00e9rio P\u00fablico Federal requer a suspens\u00e3o da homologa\u00e7\u00e3o do resultado final do concurso Senado para T\u00e9cnico Policial Legislativo!","og_url":"https:\/\/www.estrategiaconcursos.com.br\/blog\/mpf-suspensao-homologacao-concurso-senado\/","og_site_name":"Estrat\u00e9gia Concursos","article_published_time":"2023-06-01T23:16:38+00:00","article_modified_time":"2023-06-01T23:16:40+00:00","og_image":[{"width":768,"height":432,"url":"https:\/\/dhg1h5j42swfq.cloudfront.net\/2022\/10\/19142738\/concurso-senado-federal-1-1.jpg","type":"image\/jpeg"}],"author":"Rafaela Teixeira","twitter_card":"summary_large_image","twitter_creator":"@EstratConcursos","twitter_site":"@EstratConcursos","twitter_misc":{"Escrito por":"Rafaela Teixeira","Est. tempo de leitura":"2 minutos"},"schema":{"@context":"https:\/\/schema.org","@graph":[{"@type":"NewsArticle","@id":"https:\/\/www.estrategiaconcursos.com.br\/blog\/mpf-suspensao-homologacao-concurso-senado\/#article","isPartOf":{"@id":"https:\/\/www.estrategiaconcursos.com.br\/blog\/mpf-suspensao-homologacao-concurso-senado\/"},"author":{"name":"Rafaela Teixeira","@id":"https:\/\/www.estrategiaconcursos.com.br\/blog\/#\/schema\/person\/e75352021ea7f60781c599934f916eb1"},"headline":"MPF requer suspens\u00e3o da homologa\u00e7\u00e3o do concurso Senado!","datePublished":"2023-06-01T23:16:38+00:00","dateModified":"2023-06-01T23:16:40+00:00","mainEntityOfPage":{"@id":"https:\/\/www.estrategiaconcursos.com.br\/blog\/mpf-suspensao-homologacao-concurso-senado\/"},"wordCount":358,"commentCount":0,"publisher":{"@id":"https:\/\/www.estrategiaconcursos.com.br\/blog\/#organization"},"image":{"@id":"https:\/\/www.estrategiaconcursos.com.br\/blog\/mpf-suspensao-homologacao-concurso-senado\/#primaryimage"},"thumbnailUrl":"https:\/\/dhg1h5j42swfq.cloudfront.net\/2022\/10\/19142738\/concurso-senado-federal-1-1.jpg","articleSection":["Legislativo","\u00daltimas not\u00edcias"],"inLanguage":"pt-BR","potentialAction":[{"@type":"CommentAction","name":"Comment","target":["https:\/\/www.estrategiaconcursos.com.br\/blog\/mpf-suspensao-homologacao-concurso-senado\/#respond"]}],"copyrightYear":"2023","copyrightHolder":{"@id":"https:\/\/www.estrategiaconcursos.com.br\/blog\/#organization"}},{"@type":"WebPage","@id":"https:\/\/www.estrategiaconcursos.com.br\/blog\/mpf-suspensao-homologacao-concurso-senado\/","url":"https:\/\/www.estrategiaconcursos.com.br\/blog\/mpf-suspensao-homologacao-concurso-senado\/","name":"MPF requer suspens\u00e3o da homologa\u00e7\u00e3o do concurso Senado!","isPartOf":{"@id":"https:\/\/www.estrategiaconcursos.com.br\/blog\/#website"},"primaryImageOfPage":{"@id":"https:\/\/www.estrategiaconcursos.com.br\/blog\/mpf-suspensao-homologacao-concurso-senado\/#primaryimage"},"image":{"@id":"https:\/\/www.estrategiaconcursos.com.br\/blog\/mpf-suspensao-homologacao-concurso-senado\/#primaryimage"},"thumbnailUrl":"https:\/\/dhg1h5j42swfq.cloudfront.net\/2022\/10\/19142738\/concurso-senado-federal-1-1.jpg","datePublished":"2023-06-01T23:16:38+00:00","dateModified":"2023-06-01T23:16:40+00:00","description":"Minist\u00e9rio P\u00fablico Federal requer a suspens\u00e3o da homologa\u00e7\u00e3o do resultado final do concurso Senado para T\u00e9cnico Policial Legislativo!","breadcrumb":{"@id":"https:\/\/www.estrategiaconcursos.com.br\/blog\/mpf-suspensao-homologacao-concurso-senado\/#breadcrumb"},"inLanguage":"pt-BR","potentialAction":[{"@type":"ReadAction","target":["https:\/\/www.estrategiaconcursos.com.br\/blog\/mpf-suspensao-homologacao-concurso-senado\/"]}]},{"@type":"ImageObject","inLanguage":"pt-BR","@id":"https:\/\/www.estrategiaconcursos.com.br\/blog\/mpf-suspensao-homologacao-concurso-senado\/#primaryimage","url":"https:\/\/dhg1h5j42swfq.cloudfront.net\/2022\/10\/19142738\/concurso-senado-federal-1-1.jpg","contentUrl":"https:\/\/dhg1h5j42swfq.cloudfront.net\/2022\/10\/19142738\/concurso-senado-federal-1-1.jpg","width":768,"height":432,"caption":"concurso senado federal"},{"@type":"BreadcrumbList","@id":"https:\/\/www.estrategiaconcursos.com.br\/blog\/mpf-suspensao-homologacao-concurso-senado\/#breadcrumb","itemListElement":[{"@type":"ListItem","position":1,"name":"In\u00edcio","item":"https:\/\/www.estrategiaconcursos.com.br\/blog\/"},{"@type":"ListItem","position":2,"name":"MPF requer suspens\u00e3o da homologa\u00e7\u00e3o do concurso Senado!"}]},{"@type":"WebSite","@id":"https:\/\/www.estrategiaconcursos.com.br\/blog\/#website","url":"https:\/\/www.estrategiaconcursos.com.br\/blog\/","name":"Estrat\u00e9gia Concursos","description":"O blog da Estrat\u00e9gia Concursos traz not\u00edcias sobre concursos e artigos de professores oferecendo cursos para concursos (pdf + videaulas) no site.","publisher":{"@id":"https:\/\/www.estrategiaconcursos.com.br\/blog\/#organization"},"potentialAction":[{"@type":"SearchAction","target":{"@type":"EntryPoint","urlTemplate":"https:\/\/www.estrategiaconcursos.com.br\/blog\/?s={search_term_string}"},"query-input":{"@type":"PropertyValueSpecification","valueRequired":true,"valueName":"search_term_string"}}],"inLanguage":"pt-BR"},{"@type":"Organization","@id":"https:\/\/www.estrategiaconcursos.com.br\/blog\/#organization","name":"Estrat\u00e9gia Concursos","url":"https:\/\/www.estrategiaconcursos.com.br\/blog\/","logo":{"@type":"ImageObject","inLanguage":"pt-BR","@id":"https:\/\/www.estrategiaconcursos.com.br\/blog\/#\/schema\/logo\/image\/","url":"https:\/\/dhg1h5j42swfq.cloudfront.net\/2025\/06\/03203428\/logo_concursos-1.jpg","contentUrl":"https:\/\/dhg1h5j42swfq.cloudfront.net\/2025\/06\/03203428\/logo_concursos-1.jpg","width":230,"height":60,"caption":"Estrat\u00e9gia Concursos"},"image":{"@id":"https:\/\/www.estrategiaconcursos.com.br\/blog\/#\/schema\/logo\/image\/"},"sameAs":["https:\/\/x.com\/EstratConcursos"]},{"@type":"Person","@id":"https:\/\/www.estrategiaconcursos.com.br\/blog\/#\/schema\/person\/e75352021ea7f60781c599934f916eb1","name":"Rafaela Teixeira","image":{"@type":"ImageObject","inLanguage":"pt-BR","@id":"https:\/\/secure.gravatar.com\/avatar\/8a349a2b22039b1ee88fc06461487c950fd6aa411ea8af8633314b43334ae793?s=96&d=mm&r=g","url":"https:\/\/secure.gravatar.com\/avatar\/8a349a2b22039b1ee88fc06461487c950fd6aa411ea8af8633314b43334ae793?s=96&d=mm&r=g","contentUrl":"https:\/\/secure.gravatar.com\/avatar\/8a349a2b22039b1ee88fc06461487c950fd6aa411ea8af8633314b43334ae793?s=96&d=mm&r=g","caption":"Rafaela Teixeira"},"description":"Rafaela Teixeira \u00e9 advogada conveniada \u00e0 Defensoria P\u00fablica de S\u00e3o Paulo pela OAB, com experi\u00eancia em reda\u00e7\u00e3o jur\u00eddica e atua\u00e7\u00e3o em institui\u00e7\u00f5es p\u00fablicas, incluindo est\u00e1gio no TRE-SP. Possui mais de 7 anos de experi\u00eancia na produ\u00e7\u00e3o de conte\u00fados voltados ao nicho de concursos p\u00fablicos, com foco em apura\u00e7\u00e3o jornal\u00edstica cont\u00ednua, an\u00e1lise de editais e obten\u00e7\u00e3o de informa\u00e7\u00f5es diretamente junto a \u00f3rg\u00e3os e fontes oficiais. No Blog do Estrat\u00e9gia Concursos, atua como Analista de Conte\u00fado S\u00eanior, respons\u00e1vel pelo jornalismo do per\u00edodo noturno e da madrugada, com atua\u00e7\u00e3o transversal na cobertura de concursos p\u00fablicos, garantindo a continuidade, fluidez e confiabilidade das publica\u00e7\u00f5es e dos bastidores dos certames.","url":"https:\/\/www.estrategiaconcursos.com.br\/blog\/author\/rafaela-teixeira\/"}]}},"_links":{"self":[{"href":"https:\/\/www.estrategiaconcursos.com.br\/blog\/wp-json\/wp\/v2\/posts\/1226379","targetHints":{"allow":["GET"]}}],"collection":[{"href":"https:\/\/www.estrategiaconcursos.com.br\/blog\/wp-json\/wp\/v2\/posts"}],"about":[{"href":"https:\/\/www.estrategiaconcursos.com.br\/blog\/wp-json\/wp\/v2\/types\/post"}],"author":[{"embeddable":true,"href":"https:\/\/www.estrategiaconcursos.com.br\/blog\/wp-json\/wp\/v2\/users\/2134"}],"replies":[{"embeddable":true,"href":"https:\/\/www.estrategiaconcursos.com.br\/blog\/wp-json\/wp\/v2\/comments?post=1226379"}],"version-history":[{"count":4,"href":"https:\/\/www.estrategiaconcursos.com.br\/blog\/wp-json\/wp\/v2\/posts\/1226379\/revisions"}],"predecessor-version":[{"id":1226384,"href":"https:\/\/www.estrategiaconcursos.com.br\/blog\/wp-json\/wp\/v2\/posts\/1226379\/revisions\/1226384"}],"wp:featuredmedia":[{"embeddable":true,"href":"https:\/\/www.estrategiaconcursos.com.br\/blog\/wp-json\/wp\/v2\/media\/1112716"}],"wp:attachment":[{"href":"https:\/\/www.estrategiaconcursos.com.br\/blog\/wp-json\/wp\/v2\/media?parent=1226379"}],"wp:term":[{"taxonomy":"category","embeddable":true,"href":"https:\/\/www.estrategiaconcursos.com.br\/blog\/wp-json\/wp\/v2\/categories?post=1226379"},{"taxonomy":"post_tag","embeddable":true,"href":"https:\/\/www.estrategiaconcursos.com.br\/blog\/wp-json\/wp\/v2\/tags?post=1226379"},{"taxonomy":"tax_estado","embeddable":true,"href":"https:\/\/www.estrategiaconcursos.com.br\/blog\/wp-json\/wp\/v2\/tax_estado?post=1226379"}],"curies":[{"name":"wp","href":"https:\/\/api.w.org\/{rel}","templated":true}]}}