{"id":122598,"date":"2018-05-28T11:30:05","date_gmt":"2018-05-28T14:30:05","guid":{"rendered":"https:\/\/www.estrategiaconcursos.com.br\/blog\/?p=122598"},"modified":"2019-04-09T15:33:20","modified_gmt":"2019-04-09T18:33:20","slug":"greve-caminhoneiros-oab-trt-15-e-pc-sp-provas-concurso","status":"publish","type":"post","link":"https:\/\/www.estrategiaconcursos.com.br\/blog\/greve-caminhoneiros-oab-trt-15-e-pc-sp-provas-concurso\/","title":{"rendered":"OAB, TRT 15, PC RS suspensos: situa\u00e7\u00e3o geral das provas dos concursos do fim de semana"},"content":{"rendered":"<p><span style=\"font-size: 18pt;\"><em><strong>Novidades sobre a aplica\u00e7\u00e3o, adiamentos e suspens\u00f5es<\/strong><\/em><\/span><\/p>\n<p style=\"padding-left: 30px;\"><span style=\"color: #000000;\"><em>O jornalismo do Estrat\u00e9gia Concursos voltou a entrar em contato com os \u00f3rg\u00e3os e bancas organizadoras dos certames. Alguns concursos est\u00e3o suspensos, provas foram adiadas e em outros certames as institui\u00e7\u00f5es est\u00e3o analisando o caso.<\/em><\/span><\/p>\n<p>A Funda\u00e7\u00e3o Carlos Chagas, FCC, divulgou na sexta-feira, 25 de maio, o comunicado suspendendo a aplica\u00e7\u00e3o das provas do concurso do Tribunal Regional do Trabalho da 15\u00aa Regi\u00e3o que estava prevista para acontecer no \u00faltimo fim de semana.<\/p>\n<p>A Funda\u00e7\u00e3o Vunesp tamb\u00e9m adiou a realiza\u00e7\u00e3o das provas do concurso da Pol\u00edcia Civil do Estado de S\u00e3o Paulo, que oferta vagas para o cargo de Delegado. A segunda fase do Exame de Ordem da OAB tamb\u00e9m teve sua prova suspensa e adiada.<\/p>\n<p><span style=\"color: #000000;\">A suspens\u00e3o \u00e9 resultado da greve dos caminhoneiros que chega ao oitavo dia nesta segunda-feira, 28 de maio, e tem causado muitos reflexos pelo pa\u00eds. A crise tamb\u00e9m tem preocupado muitos concurseiros que se prepararam para a aplica\u00e7\u00e3o das provas previstas para este fim de semana.<\/span><\/p>\n<p><span style=\"color: #000000;\">Por conta da paralisa\u00e7\u00e3o, h\u00e1 filas nos postos, falta combust\u00edvel em alguns pontos e em outros os pre\u00e7os variam. Hospitais suspenderam procedimentos, as empresas de \u00f4nibus reduziram suas frotas, e at\u00e9 mesmo o com\u00e9rcio tem falta de alimentos.<\/span><\/p>\n<p><span style=\"font-size: 18pt;\"><em><strong>Exame OAB &#8211; Suspenso<\/strong><\/em><\/span><\/p>\n<p>Ap\u00f3s o encaminhamento da solicita\u00e7\u00e3o que pedia a suspens\u00e3o da aplica\u00e7\u00e3o das provas, a Coordena\u00e7\u00e3o Nacional do Exame da Ordem Unificado resolveu suspender a aplica\u00e7\u00e3o das provas por considerar a inviabilidade de todos os candidatos conseguirem comparecer aos locais de prova.<\/p>\n<p>A decis\u00e3o foi divulgada na quinta-feira, 24 de Maio, ap\u00f3s \u00e0s 23h, no site da OAB e da Funda\u00e7\u00e3o Get\u00falio Vargas, FGV. Confira o comunicado na integra, abaixo:<\/p>\n<p style=\"text-align: center;\"><img loading=\"lazy\" decoding=\"async\" class=\"aligncenter wp-image-122726\" src=\"https:\/\/dhg1h5j42swfq.cloudfront.net\/2018\/05\/25100308\/comunicado-suspens%C3%A3o-oab.jpg\" alt=\"\" width=\"682\" height=\"490\" srcset=\"https:\/\/dhg1h5j42swfq.cloudfront.net\/2018\/05\/25100308\/comunicado-suspens%C3%A3o-oab.jpg 909w, https:\/\/dhg1h5j42swfq.cloudfront.net\/2018\/05\/25100308\/comunicado-suspens%C3%A3o-oab.jpg 300w, https:\/\/dhg1h5j42swfq.cloudfront.net\/2018\/05\/25100308\/comunicado-suspens%C3%A3o-oab.jpg 768w, https:\/\/dhg1h5j42swfq.cloudfront.net\/2018\/05\/25100308\/comunicado-suspens%C3%A3o-oab.jpg 610w\" sizes=\"auto, (max-width: 682px) 100vw, 682px\" \/><\/p>\n<p>Esta decis\u00e3o tamb\u00e9m pode ter impactos nos pr\u00f3ximos Exames de Ordem previstos para ocorrer neste ano. Em contato com o Estrat\u00e9gia Concursos, a Assessoria de Imprensa do Conselho Federal da OAB informou que a entidade est\u00e1 debatendo o caso.<\/p>\n<p>O edital do XXVI Exame de Ordem estava previsto para ser divulgado na pr\u00f3xima ter\u00e7a-feira, 29 de maio de 2018.<\/p>\n<p><em><strong><span style=\"font-size: 18pt;\">Concurso TRT 15 &#8211; Suspenso<\/span><\/strong><\/em><\/p>\n<p>A Funda\u00e7\u00e3o Carlos Chagas, FCC, divulgou comunicado suspendendo a aplica\u00e7\u00e3o das provas do concurso do Tribunal Regional do Trabalho da 15\u00aa Regi\u00e3o que estava prevista para acontecer no \u00faltimo fim de semana.<\/p>\n<p>A FCC n\u00e3o revelou qual ser\u00e1 a nova data da prova do certame. A informa\u00e7\u00e3o deve ser divulgada em momento oportuno no site da banca orgnizadora.<\/p>\n<p><span style=\"font-size: 18pt;\"><strong><em>Pol\u00edcia Civil SP &#8211; Adiada<\/em><\/strong><\/span><\/p>\n<p><span style=\"color: #000000;\">Aconteceria tamb\u00e9m no fim de semana, as provas do concurso da Pol\u00edcia Civil de S\u00e3o Paulo, que oferta vagas para o cargo de delegado. A Funda\u00e7\u00e3o Vunesp publicou em seu site oficial, um comunicado informando a suspens\u00e3o e o adiamento das provas do concurso.<\/span><\/p>\n<p><span style=\"font-size: 18pt;\"><em><strong>Pol\u00edcia Civil RS (TAF)<\/strong><\/em><\/span><\/p>\n<p>A banca organizadora do concurso da Pol\u00edcia Civil do Rio Grande do Sul alterou as datas do Teste de Aptid\u00e3o F\u00edsica dos cargos de Escriv\u00e3o e Inspetor. A nova data do teste est\u00e1 marcada para os\u00a0<strong>dias 09 e 10 de junho<\/strong>. O comunicado publicado na FUNDATEC tamb\u00e9m ressalta que as provas marcadas para os dias 02 e 03 de julho permanecem inalteradas.<\/p>\n<p><span style=\"font-size: 18pt;\"><strong><em>Concurso IFFluminense<\/em><\/strong><\/span><\/p>\n<p><img loading=\"lazy\" decoding=\"async\" class=\"aligncenter wp-image-122699 size-full\" src=\"https:\/\/dhg1h5j42swfq.cloudfront.net\/2018\/05\/25074751\/dou-hj.jpg\" alt=\"concurso IFFluminense\" width=\"512\" height=\"431\" srcset=\"https:\/\/dhg1h5j42swfq.cloudfront.net\/2018\/05\/25074751\/dou-hj.jpg 512w, https:\/\/dhg1h5j42swfq.cloudfront.net\/2018\/05\/25074751\/dou-hj.jpg 300w\" sizes=\"auto, (max-width: 512px) 100vw, 512px\" \/><\/p>\n<p><span style=\"font-size: 18pt;\"><em><strong>Concurso CRM PR<\/strong><\/em><\/span><\/p>\n<p><img loading=\"lazy\" decoding=\"async\" class=\"aligncenter wp-image-122700 \" src=\"https:\/\/dhg1h5j42swfq.cloudfront.net\/2018\/05\/25074853\/crm-pr.jpg\" alt=\"concurso crm pr \" width=\"725\" height=\"442\" srcset=\"https:\/\/dhg1h5j42swfq.cloudfront.net\/2018\/05\/25074853\/crm-pr.jpg 956w, https:\/\/dhg1h5j42swfq.cloudfront.net\/2018\/05\/25074853\/crm-pr.jpg 300w, https:\/\/dhg1h5j42swfq.cloudfront.net\/2018\/05\/25074853\/crm-pr.jpg 768w, https:\/\/dhg1h5j42swfq.cloudfront.net\/2018\/05\/25074853\/crm-pr.jpg 610w\" sizes=\"auto, (max-width: 725px) 100vw, 725px\" \/><\/p>\n<h2><span style=\"font-size: 18pt;\"><em><strong>Concurso EEAR &#8211; adiado<\/strong><\/em><\/span><\/h2>\n<p>A For\u00e7a A\u00e9rea Brasileira (FAB) informou em seu portal que as provas que estavam marcadas para o fim de semana passado foram adiadas para o dia 1\u00ba de julho. O Brigadeiro\u00a0Rui Chagas Mesquita se pronunciou dizendo que a medida se justifica por causa de for\u00e7a maior.<\/p>\n","protected":false},"excerpt":{"rendered":"<p>Novidades sobre a aplica\u00e7\u00e3o, adiamentos e suspens\u00f5es O jornalismo do Estrat\u00e9gia Concursos voltou a entrar em contato com os \u00f3rg\u00e3os e bancas organizadoras dos certames. Alguns concursos est\u00e3o suspensos, provas foram adiadas e em outros certames as institui\u00e7\u00f5es est\u00e3o analisando o caso. A Funda\u00e7\u00e3o Carlos Chagas, FCC, divulgou na sexta-feira, 25 de maio, o comunicado [&hellip;]<\/p>\n","protected":false},"author":1,"featured_media":89240,"comment_status":"open","ping_status":"closed","sticky":false,"template":"","format":"standard","meta":{"post_tipo":"news","footnotes":""},"categories":[1],"tags":[],"tax_estado":[],"class_list":["post-122598","post","type-post","status-publish","format-standard","has-post-thumbnail","hentry","category-cursos-e-concursos"],"acf":[],"yoast_head":"<!-- This site is optimized with the Yoast SEO Premium plugin v27.2 (Yoast SEO v27.2) - https:\/\/yoast.com\/product\/yoast-seo-premium-wordpress\/ -->\n<title>OAB, TRT 15 e PC RS | vai ter prova neste fim de semana? - SAIBA<\/title>\n<meta name=\"description\" content=\"Com a greve dos caminhoneiros que chega ao quinto dia, saiba se vai ter ou n\u00e3o concurso neste fim de semana em todo o pa\u00eds.\" \/>\n<meta name=\"robots\" content=\"index, follow, max-snippet:-1, max-image-preview:large, max-video-preview:-1\" \/>\n<link rel=\"canonical\" href=\"https:\/\/www.estrategiaconcursos.com.br\/blog\/greve-caminhoneiros-oab-trt-15-e-pc-sp-provas-concurso\/\" \/>\n<meta property=\"og:locale\" content=\"pt_BR\" \/>\n<meta property=\"og:type\" content=\"article\" \/>\n<meta property=\"og:title\" content=\"OAB, TRT 15, PC RS suspensos: situa\u00e7\u00e3o geral das provas dos concursos do fim de semana\" \/>\n<meta property=\"og:description\" content=\"Com a greve dos caminhoneiros que chega ao quinto dia, saiba se vai ter ou n\u00e3o concurso neste fim de semana em todo o pa\u00eds.\" \/>\n<meta property=\"og:url\" content=\"https:\/\/www.estrategiaconcursos.com.br\/blog\/greve-caminhoneiros-oab-trt-15-e-pc-sp-provas-concurso\/\" \/>\n<meta property=\"og:site_name\" content=\"Estrat\u00e9gia Concursos\" \/>\n<meta property=\"article:author\" content=\"https:\/\/www.facebook.com\/EstrategiaConcursos\" \/>\n<meta property=\"article:published_time\" content=\"2018-05-28T14:30:05+00:00\" \/>\n<meta property=\"article:modified_time\" content=\"2019-04-09T18:33:20+00:00\" \/>\n<meta property=\"og:image\" content=\"https:\/\/dhg1h5j42swfq.cloudfront.net\/2017\/09\/18201237\/gabarito.png\" \/>\n\t<meta property=\"og:image:width\" content=\"650\" \/>\n\t<meta property=\"og:image:height\" content=\"340\" \/>\n\t<meta property=\"og:image:type\" content=\"image\/png\" \/>\n<meta name=\"author\" content=\"Coordena\u00e7\u00e3o\" \/>\n<meta name=\"twitter:card\" content=\"summary_large_image\" \/>\n<meta name=\"twitter:creator\" content=\"@EstratConcursos\" \/>\n<meta name=\"twitter:site\" content=\"@EstratConcursos\" \/>\n<meta name=\"twitter:label1\" content=\"Escrito por\" \/>\n\t<meta name=\"twitter:data1\" content=\"Coordena\u00e7\u00e3o\" \/>\n\t<meta name=\"twitter:label2\" content=\"Est. tempo de leitura\" \/>\n\t<meta name=\"twitter:data2\" content=\"3 minutos\" \/>\n<script type=\"application\/ld+json\" class=\"yoast-schema-graph\">{\"@context\":\"https:\/\/schema.org\",\"@graph\":[{\"@type\":\"NewsArticle\",\"@id\":\"https:\/\/www.estrategiaconcursos.com.br\/blog\/greve-caminhoneiros-oab-trt-15-e-pc-sp-provas-concurso\/#article\",\"isPartOf\":{\"@id\":\"https:\/\/www.estrategiaconcursos.com.br\/blog\/greve-caminhoneiros-oab-trt-15-e-pc-sp-provas-concurso\/\"},\"author\":{\"name\":\"Coordena\u00e7\u00e3o\",\"@id\":\"https:\/\/www.estrategiaconcursos.com.br\/blog\/#\/schema\/person\/b4a388c97673c5f483d72185668afa1f\"},\"headline\":\"OAB, TRT 15, PC RS suspensos: situa\u00e7\u00e3o geral das provas dos concursos do fim de semana\",\"datePublished\":\"2018-05-28T14:30:05+00:00\",\"dateModified\":\"2019-04-09T18:33:20+00:00\",\"mainEntityOfPage\":{\"@id\":\"https:\/\/www.estrategiaconcursos.com.br\/blog\/greve-caminhoneiros-oab-trt-15-e-pc-sp-provas-concurso\/\"},\"wordCount\":636,\"commentCount\":102,\"publisher\":{\"@id\":\"https:\/\/www.estrategiaconcursos.com.br\/blog\/#organization\"},\"image\":{\"@id\":\"https:\/\/www.estrategiaconcursos.com.br\/blog\/greve-caminhoneiros-oab-trt-15-e-pc-sp-provas-concurso\/#primaryimage\"},\"thumbnailUrl\":\"https:\/\/dhg1h5j42swfq.cloudfront.net\/2017\/09\/18201237\/gabarito.png\",\"articleSection\":[\"Concursos P\u00fablicos\"],\"inLanguage\":\"pt-BR\",\"potentialAction\":[{\"@type\":\"CommentAction\",\"name\":\"Comment\",\"target\":[\"https:\/\/www.estrategiaconcursos.com.br\/blog\/greve-caminhoneiros-oab-trt-15-e-pc-sp-provas-concurso\/#respond\"]}],\"copyrightYear\":\"2018\",\"copyrightHolder\":{\"@id\":\"https:\/\/www.estrategiaconcursos.com.br\/blog\/#organization\"}},{\"@type\":\"WebPage\",\"@id\":\"https:\/\/www.estrategiaconcursos.com.br\/blog\/greve-caminhoneiros-oab-trt-15-e-pc-sp-provas-concurso\/\",\"url\":\"https:\/\/www.estrategiaconcursos.com.br\/blog\/greve-caminhoneiros-oab-trt-15-e-pc-sp-provas-concurso\/\",\"name\":\"OAB, TRT 15 e PC RS | vai ter prova neste fim de semana? - SAIBA\",\"isPartOf\":{\"@id\":\"https:\/\/www.estrategiaconcursos.com.br\/blog\/#website\"},\"primaryImageOfPage\":{\"@id\":\"https:\/\/www.estrategiaconcursos.com.br\/blog\/greve-caminhoneiros-oab-trt-15-e-pc-sp-provas-concurso\/#primaryimage\"},\"image\":{\"@id\":\"https:\/\/www.estrategiaconcursos.com.br\/blog\/greve-caminhoneiros-oab-trt-15-e-pc-sp-provas-concurso\/#primaryimage\"},\"thumbnailUrl\":\"https:\/\/dhg1h5j42swfq.cloudfront.net\/2017\/09\/18201237\/gabarito.png\",\"datePublished\":\"2018-05-28T14:30:05+00:00\",\"dateModified\":\"2019-04-09T18:33:20+00:00\",\"description\":\"Com a greve dos caminhoneiros que chega ao quinto dia, saiba se vai ter ou n\u00e3o concurso neste fim de semana em todo o pa\u00eds.\",\"breadcrumb\":{\"@id\":\"https:\/\/www.estrategiaconcursos.com.br\/blog\/greve-caminhoneiros-oab-trt-15-e-pc-sp-provas-concurso\/#breadcrumb\"},\"inLanguage\":\"pt-BR\",\"potentialAction\":[{\"@type\":\"ReadAction\",\"target\":[\"https:\/\/www.estrategiaconcursos.com.br\/blog\/greve-caminhoneiros-oab-trt-15-e-pc-sp-provas-concurso\/\"]}]},{\"@type\":\"ImageObject\",\"inLanguage\":\"pt-BR\",\"@id\":\"https:\/\/www.estrategiaconcursos.com.br\/blog\/greve-caminhoneiros-oab-trt-15-e-pc-sp-provas-concurso\/#primaryimage\",\"url\":\"https:\/\/dhg1h5j42swfq.cloudfront.net\/2017\/09\/18201237\/gabarito.png\",\"contentUrl\":\"https:\/\/dhg1h5j42swfq.cloudfront.net\/2017\/09\/18201237\/gabarito.png\",\"width\":650,\"height\":340,\"caption\":\"simulado mpu\"},{\"@type\":\"BreadcrumbList\",\"@id\":\"https:\/\/www.estrategiaconcursos.com.br\/blog\/greve-caminhoneiros-oab-trt-15-e-pc-sp-provas-concurso\/#breadcrumb\",\"itemListElement\":[{\"@type\":\"ListItem\",\"position\":1,\"name\":\"In\u00edcio\",\"item\":\"https:\/\/www.estrategiaconcursos.com.br\/blog\/\"},{\"@type\":\"ListItem\",\"position\":2,\"name\":\"OAB, TRT 15, PC RS suspensos: situa\u00e7\u00e3o geral das provas dos concursos do fim de semana\"}]},{\"@type\":\"WebSite\",\"@id\":\"https:\/\/www.estrategiaconcursos.com.br\/blog\/#website\",\"url\":\"https:\/\/www.estrategiaconcursos.com.br\/blog\/\",\"name\":\"Estrat\u00e9gia Concursos\",\"description\":\"O blog da Estrat\u00e9gia Concursos traz not\u00edcias sobre concursos e artigos de professores oferecendo cursos para concursos (pdf + videaulas) no site.\",\"publisher\":{\"@id\":\"https:\/\/www.estrategiaconcursos.com.br\/blog\/#organization\"},\"potentialAction\":[{\"@type\":\"SearchAction\",\"target\":{\"@type\":\"EntryPoint\",\"urlTemplate\":\"https:\/\/www.estrategiaconcursos.com.br\/blog\/?s={search_term_string}\"},\"query-input\":{\"@type\":\"PropertyValueSpecification\",\"valueRequired\":true,\"valueName\":\"search_term_string\"}}],\"inLanguage\":\"pt-BR\"},{\"@type\":\"Organization\",\"@id\":\"https:\/\/www.estrategiaconcursos.com.br\/blog\/#organization\",\"name\":\"Estrat\u00e9gia Concursos\",\"url\":\"https:\/\/www.estrategiaconcursos.com.br\/blog\/\",\"logo\":{\"@type\":\"ImageObject\",\"inLanguage\":\"pt-BR\",\"@id\":\"https:\/\/www.estrategiaconcursos.com.br\/blog\/#\/schema\/logo\/image\/\",\"url\":\"https:\/\/dhg1h5j42swfq.cloudfront.net\/2025\/06\/03203428\/logo_concursos-1.jpg\",\"contentUrl\":\"https:\/\/dhg1h5j42swfq.cloudfront.net\/2025\/06\/03203428\/logo_concursos-1.jpg\",\"width\":230,\"height\":60,\"caption\":\"Estrat\u00e9gia Concursos\"},\"image\":{\"@id\":\"https:\/\/www.estrategiaconcursos.com.br\/blog\/#\/schema\/logo\/image\/\"},\"sameAs\":[\"https:\/\/x.com\/EstratConcursos\"]},{\"@type\":\"Person\",\"@id\":\"https:\/\/www.estrategiaconcursos.com.br\/blog\/#\/schema\/person\/b4a388c97673c5f483d72185668afa1f\",\"name\":\"Coordena\u00e7\u00e3o\",\"image\":{\"@type\":\"ImageObject\",\"inLanguage\":\"pt-BR\",\"@id\":\"https:\/\/secure.gravatar.com\/avatar\/b720319e4c9a967eb58678d110f4fe35452fc5d5f97b202bac7b8acceb18c6ad?s=96&d=mm&r=g\",\"url\":\"https:\/\/secure.gravatar.com\/avatar\/b720319e4c9a967eb58678d110f4fe35452fc5d5f97b202bac7b8acceb18c6ad?s=96&d=mm&r=g\",\"contentUrl\":\"https:\/\/secure.gravatar.com\/avatar\/b720319e4c9a967eb58678d110f4fe35452fc5d5f97b202bac7b8acceb18c6ad?s=96&d=mm&r=g\",\"caption\":\"Coordena\u00e7\u00e3o\"},\"sameAs\":[\"https:\/\/www.facebook.com\/EstrategiaConcursos\",\"https:\/\/x.com\/EstratConcursos\"],\"url\":\"https:\/\/www.estrategiaconcursos.com.br\/blog\/author\/estrategia2013\/\"}]}<\/script>\n<!-- \/ Yoast SEO Premium plugin. -->","yoast_head_json":{"title":"OAB, TRT 15 e PC RS | vai ter prova neste fim de semana? - SAIBA","description":"Com a greve dos caminhoneiros que chega ao quinto dia, saiba se vai ter ou n\u00e3o concurso neste fim de semana em todo o pa\u00eds.","robots":{"index":"index","follow":"follow","max-snippet":"max-snippet:-1","max-image-preview":"max-image-preview:large","max-video-preview":"max-video-preview:-1"},"canonical":"https:\/\/www.estrategiaconcursos.com.br\/blog\/greve-caminhoneiros-oab-trt-15-e-pc-sp-provas-concurso\/","og_locale":"pt_BR","og_type":"article","og_title":"OAB, TRT 15, PC RS suspensos: situa\u00e7\u00e3o geral das provas dos concursos do fim de semana","og_description":"Com a greve dos caminhoneiros que chega ao quinto dia, saiba se vai ter ou n\u00e3o concurso neste fim de semana em todo o pa\u00eds.","og_url":"https:\/\/www.estrategiaconcursos.com.br\/blog\/greve-caminhoneiros-oab-trt-15-e-pc-sp-provas-concurso\/","og_site_name":"Estrat\u00e9gia Concursos","article_author":"https:\/\/www.facebook.com\/EstrategiaConcursos","article_published_time":"2018-05-28T14:30:05+00:00","article_modified_time":"2019-04-09T18:33:20+00:00","og_image":[{"width":650,"height":340,"url":"https:\/\/dhg1h5j42swfq.cloudfront.net\/2017\/09\/18201237\/gabarito.png","type":"image\/png"}],"author":"Coordena\u00e7\u00e3o","twitter_card":"summary_large_image","twitter_creator":"@EstratConcursos","twitter_site":"@EstratConcursos","twitter_misc":{"Escrito por":"Coordena\u00e7\u00e3o","Est. tempo de leitura":"3 minutos"},"schema":{"@context":"https:\/\/schema.org","@graph":[{"@type":"NewsArticle","@id":"https:\/\/www.estrategiaconcursos.com.br\/blog\/greve-caminhoneiros-oab-trt-15-e-pc-sp-provas-concurso\/#article","isPartOf":{"@id":"https:\/\/www.estrategiaconcursos.com.br\/blog\/greve-caminhoneiros-oab-trt-15-e-pc-sp-provas-concurso\/"},"author":{"name":"Coordena\u00e7\u00e3o","@id":"https:\/\/www.estrategiaconcursos.com.br\/blog\/#\/schema\/person\/b4a388c97673c5f483d72185668afa1f"},"headline":"OAB, TRT 15, PC RS suspensos: situa\u00e7\u00e3o geral das provas dos concursos do fim de semana","datePublished":"2018-05-28T14:30:05+00:00","dateModified":"2019-04-09T18:33:20+00:00","mainEntityOfPage":{"@id":"https:\/\/www.estrategiaconcursos.com.br\/blog\/greve-caminhoneiros-oab-trt-15-e-pc-sp-provas-concurso\/"},"wordCount":636,"commentCount":102,"publisher":{"@id":"https:\/\/www.estrategiaconcursos.com.br\/blog\/#organization"},"image":{"@id":"https:\/\/www.estrategiaconcursos.com.br\/blog\/greve-caminhoneiros-oab-trt-15-e-pc-sp-provas-concurso\/#primaryimage"},"thumbnailUrl":"https:\/\/dhg1h5j42swfq.cloudfront.net\/2017\/09\/18201237\/gabarito.png","articleSection":["Concursos P\u00fablicos"],"inLanguage":"pt-BR","potentialAction":[{"@type":"CommentAction","name":"Comment","target":["https:\/\/www.estrategiaconcursos.com.br\/blog\/greve-caminhoneiros-oab-trt-15-e-pc-sp-provas-concurso\/#respond"]}],"copyrightYear":"2018","copyrightHolder":{"@id":"https:\/\/www.estrategiaconcursos.com.br\/blog\/#organization"}},{"@type":"WebPage","@id":"https:\/\/www.estrategiaconcursos.com.br\/blog\/greve-caminhoneiros-oab-trt-15-e-pc-sp-provas-concurso\/","url":"https:\/\/www.estrategiaconcursos.com.br\/blog\/greve-caminhoneiros-oab-trt-15-e-pc-sp-provas-concurso\/","name":"OAB, TRT 15 e PC RS | vai ter prova neste fim de semana? - SAIBA","isPartOf":{"@id":"https:\/\/www.estrategiaconcursos.com.br\/blog\/#website"},"primaryImageOfPage":{"@id":"https:\/\/www.estrategiaconcursos.com.br\/blog\/greve-caminhoneiros-oab-trt-15-e-pc-sp-provas-concurso\/#primaryimage"},"image":{"@id":"https:\/\/www.estrategiaconcursos.com.br\/blog\/greve-caminhoneiros-oab-trt-15-e-pc-sp-provas-concurso\/#primaryimage"},"thumbnailUrl":"https:\/\/dhg1h5j42swfq.cloudfront.net\/2017\/09\/18201237\/gabarito.png","datePublished":"2018-05-28T14:30:05+00:00","dateModified":"2019-04-09T18:33:20+00:00","description":"Com a greve dos caminhoneiros que chega ao quinto dia, saiba se vai ter ou n\u00e3o concurso neste fim de semana em todo o pa\u00eds.","breadcrumb":{"@id":"https:\/\/www.estrategiaconcursos.com.br\/blog\/greve-caminhoneiros-oab-trt-15-e-pc-sp-provas-concurso\/#breadcrumb"},"inLanguage":"pt-BR","potentialAction":[{"@type":"ReadAction","target":["https:\/\/www.estrategiaconcursos.com.br\/blog\/greve-caminhoneiros-oab-trt-15-e-pc-sp-provas-concurso\/"]}]},{"@type":"ImageObject","inLanguage":"pt-BR","@id":"https:\/\/www.estrategiaconcursos.com.br\/blog\/greve-caminhoneiros-oab-trt-15-e-pc-sp-provas-concurso\/#primaryimage","url":"https:\/\/dhg1h5j42swfq.cloudfront.net\/2017\/09\/18201237\/gabarito.png","contentUrl":"https:\/\/dhg1h5j42swfq.cloudfront.net\/2017\/09\/18201237\/gabarito.png","width":650,"height":340,"caption":"simulado mpu"},{"@type":"BreadcrumbList","@id":"https:\/\/www.estrategiaconcursos.com.br\/blog\/greve-caminhoneiros-oab-trt-15-e-pc-sp-provas-concurso\/#breadcrumb","itemListElement":[{"@type":"ListItem","position":1,"name":"In\u00edcio","item":"https:\/\/www.estrategiaconcursos.com.br\/blog\/"},{"@type":"ListItem","position":2,"name":"OAB, TRT 15, PC RS suspensos: situa\u00e7\u00e3o geral das provas dos concursos do fim de semana"}]},{"@type":"WebSite","@id":"https:\/\/www.estrategiaconcursos.com.br\/blog\/#website","url":"https:\/\/www.estrategiaconcursos.com.br\/blog\/","name":"Estrat\u00e9gia Concursos","description":"O blog da Estrat\u00e9gia Concursos traz not\u00edcias sobre concursos e artigos de professores oferecendo cursos para concursos (pdf + videaulas) no site.","publisher":{"@id":"https:\/\/www.estrategiaconcursos.com.br\/blog\/#organization"},"potentialAction":[{"@type":"SearchAction","target":{"@type":"EntryPoint","urlTemplate":"https:\/\/www.estrategiaconcursos.com.br\/blog\/?s={search_term_string}"},"query-input":{"@type":"PropertyValueSpecification","valueRequired":true,"valueName":"search_term_string"}}],"inLanguage":"pt-BR"},{"@type":"Organization","@id":"https:\/\/www.estrategiaconcursos.com.br\/blog\/#organization","name":"Estrat\u00e9gia Concursos","url":"https:\/\/www.estrategiaconcursos.com.br\/blog\/","logo":{"@type":"ImageObject","inLanguage":"pt-BR","@id":"https:\/\/www.estrategiaconcursos.com.br\/blog\/#\/schema\/logo\/image\/","url":"https:\/\/dhg1h5j42swfq.cloudfront.net\/2025\/06\/03203428\/logo_concursos-1.jpg","contentUrl":"https:\/\/dhg1h5j42swfq.cloudfront.net\/2025\/06\/03203428\/logo_concursos-1.jpg","width":230,"height":60,"caption":"Estrat\u00e9gia Concursos"},"image":{"@id":"https:\/\/www.estrategiaconcursos.com.br\/blog\/#\/schema\/logo\/image\/"},"sameAs":["https:\/\/x.com\/EstratConcursos"]},{"@type":"Person","@id":"https:\/\/www.estrategiaconcursos.com.br\/blog\/#\/schema\/person\/b4a388c97673c5f483d72185668afa1f","name":"Coordena\u00e7\u00e3o","image":{"@type":"ImageObject","inLanguage":"pt-BR","@id":"https:\/\/secure.gravatar.com\/avatar\/b720319e4c9a967eb58678d110f4fe35452fc5d5f97b202bac7b8acceb18c6ad?s=96&d=mm&r=g","url":"https:\/\/secure.gravatar.com\/avatar\/b720319e4c9a967eb58678d110f4fe35452fc5d5f97b202bac7b8acceb18c6ad?s=96&d=mm&r=g","contentUrl":"https:\/\/secure.gravatar.com\/avatar\/b720319e4c9a967eb58678d110f4fe35452fc5d5f97b202bac7b8acceb18c6ad?s=96&d=mm&r=g","caption":"Coordena\u00e7\u00e3o"},"sameAs":["https:\/\/www.facebook.com\/EstrategiaConcursos","https:\/\/x.com\/EstratConcursos"],"url":"https:\/\/www.estrategiaconcursos.com.br\/blog\/author\/estrategia2013\/"}]}},"_links":{"self":[{"href":"https:\/\/www.estrategiaconcursos.com.br\/blog\/wp-json\/wp\/v2\/posts\/122598","targetHints":{"allow":["GET"]}}],"collection":[{"href":"https:\/\/www.estrategiaconcursos.com.br\/blog\/wp-json\/wp\/v2\/posts"}],"about":[{"href":"https:\/\/www.estrategiaconcursos.com.br\/blog\/wp-json\/wp\/v2\/types\/post"}],"author":[{"embeddable":true,"href":"https:\/\/www.estrategiaconcursos.com.br\/blog\/wp-json\/wp\/v2\/users\/1"}],"replies":[{"embeddable":true,"href":"https:\/\/www.estrategiaconcursos.com.br\/blog\/wp-json\/wp\/v2\/comments?post=122598"}],"version-history":[{"count":89,"href":"https:\/\/www.estrategiaconcursos.com.br\/blog\/wp-json\/wp\/v2\/posts\/122598\/revisions"}],"predecessor-version":[{"id":123318,"href":"https:\/\/www.estrategiaconcursos.com.br\/blog\/wp-json\/wp\/v2\/posts\/122598\/revisions\/123318"}],"wp:featuredmedia":[{"embeddable":true,"href":"https:\/\/www.estrategiaconcursos.com.br\/blog\/wp-json\/wp\/v2\/media\/89240"}],"wp:attachment":[{"href":"https:\/\/www.estrategiaconcursos.com.br\/blog\/wp-json\/wp\/v2\/media?parent=122598"}],"wp:term":[{"taxonomy":"category","embeddable":true,"href":"https:\/\/www.estrategiaconcursos.com.br\/blog\/wp-json\/wp\/v2\/categories?post=122598"},{"taxonomy":"post_tag","embeddable":true,"href":"https:\/\/www.estrategiaconcursos.com.br\/blog\/wp-json\/wp\/v2\/tags?post=122598"},{"taxonomy":"tax_estado","embeddable":true,"href":"https:\/\/www.estrategiaconcursos.com.br\/blog\/wp-json\/wp\/v2\/tax_estado?post=122598"}],"curies":[{"name":"wp","href":"https:\/\/api.w.org\/{rel}","templated":true}]}}