{"id":122545,"date":"2018-05-24T10:07:47","date_gmt":"2018-05-24T13:07:47","guid":{"rendered":"https:\/\/www.estrategiaconcursos.com.br\/blog\/?p=122545"},"modified":"2018-05-24T11:18:24","modified_gmt":"2018-05-24T14:18:24","slug":"recurso-pgm-manaus","status":"publish","type":"post","link":"https:\/\/www.estrategiaconcursos.com.br\/blog\/recurso-pgm-manaus\/","title":{"rendered":"Recurso PGM Manaus"},"content":{"rendered":"<p style=\"text-align: center;\"><strong><em><img loading=\"lazy\" decoding=\"async\" class=\"aligncenter size-full wp-image-100151\" src=\"https:\/\/dhg1h5j42swfq.cloudfront.net\/2017\/11\/21074949\/concurso-pgm-manaus-41.jpg\" alt=\"recurso pgm manaus\" width=\"1200\" height=\"628\" srcset=\"https:\/\/dhg1h5j42swfq.cloudfront.net\/2017\/11\/21074949\/concurso-pgm-manaus-41.jpg 1200w, https:\/\/dhg1h5j42swfq.cloudfront.net\/2017\/11\/21074949\/concurso-pgm-manaus-41.jpg 300w, https:\/\/dhg1h5j42swfq.cloudfront.net\/2017\/11\/21074949\/concurso-pgm-manaus-41.jpg 768w, https:\/\/dhg1h5j42swfq.cloudfront.net\/2017\/11\/21074949\/concurso-pgm-manaus-41.jpg 1024w, https:\/\/dhg1h5j42swfq.cloudfront.net\/2017\/11\/21074949\/concurso-pgm-manaus-41.jpg 610w\" sizes=\"auto, (max-width: 1200px) 100vw, 1200px\" \/>Recurso PGM Manaus. Cab\u00edvel?<\/em><\/strong><\/p>\n<p>Ol\u00e1 meus amigos, tudo bem?<\/p>\n<p style=\"text-align: justify;\">Meu nome \u00e9 <strong>Igor Maciel<\/strong> e hoje queria conversar com voc\u00eas sobre o Gabarito da Prova PGM-Manaus. Existe a possibilidade de recurso? (Recurso PGM Manaus);<\/p>\n<p style=\"text-align: justify;\">O que voc\u00eas acharam da prova?<\/p>\n<p style=\"text-align: justify;\">Vou comentar um pouco sobre minhas impress\u00f5es.<\/p>\n<p style=\"text-align: justify;\">Qualquer d\u00favida, estarei \u00e0 disposi\u00e7\u00e3o de voc\u00eas.<\/p>\n<p style=\"text-align: justify;\">Vamos l\u00e1!<\/p>\n<h2 style=\"text-align: justify;\">Coment\u00e1rios sobre a prova<\/h2>\n<p style=\"text-align: center;\"><em>Recurso PGM Manaus<\/em><\/p>\n<p style=\"text-align: justify;\">\u00a0 \u00a0 \u00a0 \u00a0 \u00a0 \u00a0A prova da PGM Manaus ocorreu dentro das expectativas.<\/p>\n<p style=\"text-align: justify;\">\u00a0\u00a0\u00a0\u00a0\u00a0\u00a0\u00a0\u00a0 O padr\u00e3o CESPE foi seguido e mantido: muitas quest\u00f5es com cobran\u00e7a de entendimento jurisprudencial e, em geral, uma cobran\u00e7a de entendimentos consolidados.<\/p>\n<p style=\"text-align: justify;\">\u00a0\u00a0\u00a0\u00a0\u00a0\u00a0\u00a0\u00a0 Em uma an\u00e1lise inicial, os enunciados e gabaritos estavam tranquilos e sem apresentar uma complica\u00e7\u00e3o maior.<\/p>\n<p style=\"text-align: justify;\">\u00a0\u00a0\u00a0\u00a0\u00a0\u00a0\u00a0\u00a0 Tenho minhas ressalvas apenas quanto ao Direito do Trabalho que, em raz\u00e3o da reforma e \u201ccontrarreforma\u201d, realmente teve v\u00e1rias quest\u00f5es controversas.<\/p>\n<p style=\"text-align: justify;\">O Professor Felipe Cavalcante trouxe tamb\u00e9m algumas cr\u00edticas a um enunciado de Direito Previdenci\u00e1rio.<\/p>\n<h2 style=\"text-align: justify;\">Professor, cabe anula\u00e7\u00e3o \/ altera\u00e7\u00e3o de alguma quest\u00e3o?<\/h2>\n<p style=\"text-align: justify;\">\u00a0\u00a0\u00a0\u00a0\u00a0\u00a0\u00a0\u00a0 Penso que sim.<\/p>\n<p>\u00a0 \u00a0 \u00a0 \u00a0 Cabe Recurso PGM Manaus.<\/p>\n<p style=\"text-align: justify;\">\u00a0\u00a0\u00a0\u00a0\u00a0\u00a0\u00a0\u00a0 Vamos a elas.<\/p>\n<h3 style=\"text-align: center;\">Direito Previdenci\u00e1rio\u00a0 &#8211;\u00a0<em>Recurso PGM Manaus<\/em><\/h3>\n<p style=\"text-align: justify;\">\u00a0\u00a0\u00a0\u00a0\u00a0\u00a0\u00a0\u00a0 O professor Felipe Cavalcante teceu seus coment\u00e1rios sobre a prova de previdenci\u00e1rio e apontou os seguintes problemas:<\/p>\n<p style=\"text-align: justify;\"><a href=\"https:\/\/www.estrategiaconcursos.com.br\/blog\/pgm-manaus-correcao-da-prova-de-previdenciario\/\">https:\/\/www.estrategiaconcursos.com.br\/blog\/pgm-manaus-correcao-da-prova-de-previdenciario\/<\/a><\/p>\n<h4 style=\"text-align: justify;\">Quest\u00e3o 121<\/h4>\n<p style=\"text-align: justify;\">Gabarito Oficial: Verdadeiro<\/p>\n<p style=\"text-align: justify;\">O direito de M\u00e1rcio n\u00e3o est\u00e1 sujeito ao prazo decadencial decenal, pois este \u00e9 aplic\u00e1vel somente nas hip\u00f3teses de pedido revisional de benef\u00edcio previamente concedido.<\/p>\n<p style=\"text-align: justify;\">Segundo o Professor Felipe:<\/p>\n<blockquote><p>NA MINHA OPINI\u00c3O, ESSA QUEST\u00c3O EST\u00c1 D\u00daBIA E MERECE SER ANULADA.<\/p>\n<p>&nbsp;<\/p>\n<p>O que ocorre \u00e9 o seguinte: o direito potestativo que o indiv\u00edduo tem para requerer benef\u00edcios previdenci\u00e1rios n\u00e3o est\u00e1 sujeito \u00e0 decad\u00eancia. Preenchidos os requisitos para a aposentadoria, o indiv\u00edduo tem direito adquirido ao benef\u00edcio e poder\u00e1 vir a requer\u00ea-lo quando bem entender, ainda que ultrapassados 10 anos.<\/p>\n<p>&nbsp;<\/p>\n<p>Por outro lado, quando requer o benef\u00edcio e o direito \u00e9 negado pela administra\u00e7\u00e3o, o indiv\u00edduo ter\u00e1 10 anos para se insurgir contra a decis\u00e3o indeferit\u00f3ria definitiva no \u00e2mbito administrativo (art. 103 da lei n. 8.213\/91).<\/p>\n<p>No caso, a quest\u00e3o menciona \u201cO direito de M\u00e1rcio\u2026\u201d mas n\u00e3o especifica a qual direito se refere: a) o direito que ele tinha de requerer o benef\u00edcio inicialmente \u2013 que n\u00e3o decai, ou b) o direito que ele tem de se insurgir contra a decis\u00e3o denegat\u00f3ria \u2013 que se sujeita ao prazo decadencial de 10 anos.<\/p><\/blockquote>\n<h4 style=\"text-align: justify;\">Quest\u00e3o 122<\/h4>\n<p style=\"text-align: justify;\">Gabarito Oficial: Falso.<\/p>\n<p style=\"text-align: justify;\">Caso, posteriormente, o INSS conceda o benef\u00edcio, judicial ou administrativamente, no c\u00e1lculo da renda mensal inicial devida a M\u00e1rcio dever\u00e1 ser desprezada a incid\u00eancia do fator previdenci\u00e1rio.<\/p>\n<p style=\"text-align: justify;\">Segundo o Professor Felipe:<\/p>\n<blockquote><p>MAIS UMA QUEST\u00c3O PROBLEM\u00c1TICA.<\/p>\n<p>De acordo com o art. 29-C da lei n. 8.213\/91, o fator previdenci\u00e1rio ser\u00e1 afastado do c\u00e1lculo da aposentadoria por tempo de contribui\u00e7\u00e3o quando o homem somar 95 pontos (idade + tempo de contribui\u00e7\u00e3o).<\/p>\n<p>&nbsp;<\/p>\n<p>Atualmente, M\u00e1rcio tem 90 pontos (55 de idade + 35 de contribui\u00e7\u00e3o).<\/p>\n<p>&nbsp;<\/p>\n<p>A quest\u00e3o quer saber se o fator ser\u00e1 afastado caso \u201c\u2026posteriormente, o INSS conceda o benef\u00edcio\u201d. A resposta depende de qu\u00e3o posteriormente ser\u00e1 essa concess\u00e3o! Por enquanto o fator previdenci\u00e1rio fica no c\u00e1lculo, mas muito em breve ser\u00e1 exclu\u00eddo!<\/p><\/blockquote>\n<h3 style=\"text-align: center;\">Direito do Trabalho &#8211;\u00a0<em>Recurso PGM Manaus<\/em><\/h3>\n<p style=\"text-align: justify;\">\u00a0\u00a0\u00a0\u00a0\u00a0\u00a0\u00a0\u00a0 Aqui, valho-me das considera\u00e7\u00f5es feitas pelo Professor Ant\u00f4nio Daud Jr, em seu artigo comentando a prova de Direito do Trabalho:<\/p>\n<p style=\"text-align: justify;\"><a href=\"https:\/\/www.estrategiaconcursos.com.br\/blog\/pgmmanaus-direitotrabalho\/\">https:\/\/www.estrategiaconcursos.com.br\/blog\/pgmmanaus-direitotrabalho\/<\/a><\/p>\n<h3 style=\"text-align: justify;\"><\/h3>\n<h4 style=\"text-align: justify;\">Quest\u00e3o 80<\/h4>\n<p style=\"text-align: justify;\">Caso uma empregada que trabalhe em uma empresa h\u00e1 oito anos, sem jamais ter infringido nenhuma obriga\u00e7\u00e3o contratual ou desviado sua conduta, falsificasse o hor\u00e1rio lan\u00e7ado em um atestado m\u00e9dico para justificar sua aus\u00eancia do trabalho, a empresa empregadora poderia demiti-la por justa causa imediatamente.<\/p>\n<p style=\"text-align: justify;\">Gabarito oficial: Falso.<\/p>\n<p style=\"text-align: justify;\">\u00a0\u00a0\u00a0\u00a0\u00a0\u00a0\u00a0\u00a0 Pessoal, entendo que este item merece ser ANULADO.<\/p>\n<p style=\"text-align: justify;\">\u00a0\u00a0\u00a0\u00a0\u00a0\u00a0\u00a0\u00a0 Esta quest\u00e3o versa sobre uma hip\u00f3tese de ato de improbidade que enseja a demiss\u00e3o por justa causa, conforme artigo 482, \u201ca\u201d, da CLT:<\/p>\n<p style=\"text-align: justify;\">Art. 482 &#8211; Constituem justa causa para rescis\u00e3o do contrato de trabalho pelo empregador:<\/p>\n<ol style=\"text-align: justify;\">\n<li>a) ato de improbidade;<\/li>\n<\/ol>\n<p style=\"text-align: justify;\">\u00a0\u00a0\u00a0\u00a0\u00a0\u00a0\u00a0\u00a0 Assim, f\u00e1cil perceber que a quebra da confian\u00e7a no ato da empregada ensejaria sua demiss\u00e3o por justa causa.<\/p>\n<p style=\"text-align: justify;\">\u00a0\u00a0\u00a0\u00a0\u00a0\u00a0\u00a0\u00a0 Contudo, h\u00e1 <strong><u>um<\/u> <\/strong>julgado do TST que trouxe uma situa\u00e7\u00e3o f\u00e1tica espec\u00edfica parecida com a do enunciado e o TST afirmou ser desproporcional a demiss\u00e3o quando a ficha funcional da empregada era irrepreens\u00edvel (o n\u00famero do processo n\u00e3o foi divulgado pelo TST).<\/p>\n<p style=\"text-align: justify;\"><a href=\"http:\/\/www.tst.jus.br\/noticias\/-\/asset_publisher\/89Dk\/content\/mantida-reversao-de-justa-causa-de-professora-que-falsificou-horario-em-atestado?inheritRedirect=false\">http:\/\/www.tst.jus.br\/noticias\/-\/asset_publisher\/89Dk\/content\/mantida-reversao-de-justa-causa-de-professora-que-falsificou-horario-em-atestado?inheritRedirect=false<\/a><\/p>\n<p style=\"text-align: justify;\">\u00a0\u00a0\u00a0\u00a0\u00a0\u00a0\u00a0\u00a0 Contudo, entendo que:<\/p>\n<p style=\"text-align: justify;\">1- um julgado isolado n\u00e3o pode ser objeto de aprecia\u00e7\u00e3o e cobran\u00e7a na prova;<\/p>\n<p style=\"text-align: justify;\">2- a data divulga\u00e7\u00e3o do julgamento (01\/02\/2018) fora posterior \u00e0 publica\u00e7\u00e3o do edital (31\/01\/2018);<\/p>\n<p style=\"text-align: justify;\">\u00a0\u00a0\u00a0\u00a0\u00a0\u00a0\u00a0\u00a0 Assim, recomenda-se a ANULA\u00c7\u00c3O da quest\u00e3o.<\/p>\n<h4 style=\"text-align: justify;\">Quest\u00e3o 83<\/h4>\n<p style=\"text-align: justify;\">Situa\u00e7\u00e3o hipot\u00e9tica: A conven\u00e7\u00e3o coletiva de determinada categoria conferiu car\u00e1ter indenizat\u00f3rio \u00e0 verba denominada aux\u00edlio-alimenta\u00e7\u00e3o, que j\u00e1 era recebida por alguns empregados de forma habitual. Assertiva: Nessa situa\u00e7\u00e3o, a natureza do aux\u00edlio-alimenta\u00e7\u00e3o para os empregados que j\u00e1 o recebiam se manter\u00e1 salarial, n\u00e3o sendo poss\u00edvel sua altera\u00e7\u00e3o para verba de natureza indenizat\u00f3ria.<\/p>\n<p style=\"text-align: justify;\">\u00a0\u00a0\u00a0\u00a0\u00a0\u00a0\u00a0\u00a0 Gabarito Oficial: Verdadeiro.<\/p>\n<p style=\"text-align: justify;\">\u00a0\u00a0\u00a0\u00a0\u00a0\u00a0\u00a0\u00a0 Para o Professor Antonio Daud Jr, o gabarito deveria ser Falso.<\/p>\n<p style=\"text-align: justify;\">\u00a0\u00a0\u00a0\u00a0\u00a0\u00a0\u00a0\u00a0 Isto porque:<\/p>\n<blockquote>\n<p style=\"text-align: justify;\">a jurisprud\u00eancia reiterada do TST, j\u00e1 anterior \u00e0 reforma trabalhista, \u00e9 no sentido de que a natureza jur\u00eddica do aux\u00edlio-alimenta\u00e7\u00e3o consiste em direito dispon\u00edvel, o qual pode ser transacionado mediante conven\u00e7\u00e3o coletiva.<\/p>\n<p style=\"text-align: justify;\">Assim, corrobora tal entendimento a atual reda\u00e7\u00e3o do art. 457, \u00a72\u00ba, da CLT. Vejam abaixo um precedente nesse sentido:<\/p>\n<p style=\"text-align: justify;\">AUX\u00cdLIO-ALIMENTA\u00c7\u00c3O INSTITU\u00cdDO POR ACORDO COLETIVO \u2013 NATUREZA INDENIZAT\u00d3RIA.<\/p>\n<p style=\"text-align: justify;\">A jurisprud\u00eancia reiterada do TST segue no sentido de que, se a empresa e o sindicato representante da categoria do empregado, no livre exerc\u00edcio de sua faculdade de contratar,\u00a0acordaram que o aux\u00edlio-alimenta\u00e7\u00e3o fornecido teria car\u00e1ter indenizat\u00f3rio, desconsiderar essa pactua\u00e7\u00e3o \u00e9 tornar in\u00f3cua a norma coletiva e letra morta a disposi\u00e7\u00e3o constitucional contida no art. 7\u00ba, XXVI, que, a despeito de permitir que os interlocutores do instrumento normativo sejam\u00a0soberanos na fixa\u00e7\u00e3o das concess\u00f5es m\u00fatuas, apenas n\u00e3o admite a transa\u00e7\u00e3o de direitos indispon\u00edveis. Incide sobre a hip\u00f3tese o \u00f3bice das S\u00famulas 296, I, 297, I, e 333 desta Corte. Agravo de instrumento desprovido.<\/p>\n<p style=\"text-align: justify;\">AIRR 1631 1631\/2007-103-04-40.0; DEJT 09\/10\/2009<\/p>\n<\/blockquote>\n<p style=\"text-align: justify;\">\u00a0\u00a0\u00a0\u00a0\u00a0\u00a0\u00a0\u00a0 Eis o disposto no artigo 457, par\u00e1grafo 2\u00ba, da CLT:<\/p>\n<ul style=\"text-align: justify;\">\n<li>2<u><sup>o<\/sup><\/u><strong><u>As import\u00e2ncias, ainda que habituais, pagas a t\u00edtulo de ajuda de custo, aux\u00edlio-alimenta\u00e7\u00e3o<\/u><\/strong>, vedado seu pagamento em dinheiro, di\u00e1rias para viagem, pr\u00eamios e abonos <strong><u>n\u00e3o integram a remunera\u00e7\u00e3o do empregado, n\u00e3o se incorporam ao contrato de trabalho<\/u><\/strong> e n\u00e3o constituem base de incid\u00eancia de qualquer encargo trabalhista e previdenci\u00e1rio.\u00a0 \u00a0\u00a0<a href=\"http:\/\/www.planalto.gov.br\/ccivil_03\/_Ato2015-2018\/2017\/Lei\/L13467.htm#art1\">(Reda\u00e7\u00e3o dada pela Lei n\u00ba 13.467, de 2017)<\/a><\/li>\n<\/ul>\n<p style=\"text-align: justify;\">\u00a0\u00a0\u00a0\u00a0\u00a0\u00a0\u00a0\u00a0 Neste sentido, o gabarito deve ser alterado para <strong><u>Falso.<\/u><\/strong><\/p>\n<h4 style=\"text-align: justify;\">Quest\u00e3o 87<\/h4>\n<p style=\"text-align: justify;\">Para verificar quest\u00f5es relativas a equipara\u00e7\u00e3o salarial, \u00e9 necess\u00e1rio que o quadro de pessoal de uma empresa organizada em carreira seja homologado pelo Minist\u00e9rio do Trabalho, o que n\u00e3o \u00e9 exigido no caso das entidades de direito p\u00fablico da administra\u00e7\u00e3o direta, aut\u00e1rquica e fundacional, porque os seus quadros s\u00e3o aprovados por atos administrativos de autoridades competentes. No que se refere a atividades insalubres e perigosas,<\/p>\n<p style=\"text-align: justify;\">\u00a0\u00a0\u00a0\u00a0\u00a0\u00a0\u00a0\u00a0 Gabarito Oficial: Verdadeiro.<\/p>\n<p style=\"text-align: justify;\">\u00a0\u00a0\u00a0\u00a0\u00a0\u00a0\u00a0\u00a0 Para o Professor Antonio Daud Jr, a banca cobrou o inteiro teor da S\u00famula 6 do TST:<\/p>\n<blockquote>\n<p style=\"text-align: justify;\">S\u00famula n\u00ba 6 do TST<\/p>\n<p style=\"text-align: justify;\">EQUIPARA\u00c7\u00c3O SALARIAL. ART. 461 DA CLT\u00a0\u00a0(reda\u00e7\u00e3o do item VI alterada)\u00a0\u2013 Res. 198\/2015, republicada em raz\u00e3o de erro material \u2013 DEJT divulgado em 12, 15 e 16.06.2015<\/p>\n<p style=\"text-align: justify;\">I &#8211; Para os fins previstos no \u00a7 2\u00ba do art. 461 da CLT, s\u00f3 \u00e9 v\u00e1lido o quadro de pessoal organizado em carreira quando homologado pelo Minist\u00e9rio do Trabalho, excluindo-se, apenas, dessa exig\u00eancia o quadro de carreira das entidades de direito p\u00fablico da administra\u00e7\u00e3o direta, aut\u00e1rquica e fundacional aprovado por ato administrativo da autoridade competente. (ex-S\u00famula n\u00ba 06 \u2013 alterada pela Res. 104\/2000, DJ 20.12.2000)<\/p>\n<p style=\"text-align: justify;\">\n<\/blockquote>\n<p style=\"text-align: justify;\">\u00a0\u00a0\u00a0\u00a0\u00a0\u00a0\u00a0\u00a0 Contudo, a reforma trabalhista quanto ao artigo 461, par\u00e1grafo 2\u00ba, da CLT, expressamente dispensou a homologa\u00e7\u00e3o do Minist\u00e9rio do Trabalho quanto ao quadro de pessoal:<\/p>\n<ul style=\"text-align: justify;\">\n<li>2o\u00a0\u00a0Os dispositivos deste artigo n\u00e3o prevalecer\u00e3o quando o empregador tiver pessoal organizado em quadro de carreira ou adotar, por meio de norma interna da empresa ou de negocia\u00e7\u00e3o coletiva, plano de cargos e sal\u00e1rios,<strong><u> dispensada qualquer forma de homologa\u00e7\u00e3o ou registro em \u00f3rg\u00e3o p\u00fablico<\/u><\/strong>.\u00a0\u00a0\u00a0\u00a0\u00a0\u00a0\u00a0\u00a0\u00a0\u00a0\u00a0\u00a0\u00a0\u00a0\u00a0\u00a0\u00a0\u00a0\u00a0\u00a0\u00a0<a href=\"http:\/\/www.planalto.gov.br\/ccivil_03\/_Ato2015-2018\/2017\/Lei\/L13467.htm#art1\">(Reda\u00e7\u00e3o dada pela Lei n\u00ba 13.467, de 2017)<\/a><\/li>\n<\/ul>\n<p style=\"text-align: justify;\">\u00a0\u00a0\u00a0\u00a0\u00a0\u00a0\u00a0\u00a0 Este item merece, portanto, ter seu gabarito alterado para <strong><u>Falso.<\/u><\/strong><\/p>\n<h2 style=\"text-align: justify;\">Outras anula\u00e7\u00f5es \/ altera\u00e7\u00f5es?<\/h2>\n<p style=\"text-align: center;\"><em>Recurso PGM Manaus<\/em><\/p>\n<p style=\"text-align: justify;\">\u00a0\u00a0\u00a0\u00a0\u00a0\u00a0\u00a0\u00a0 Algumas pessoas me questionaram sobre a quest\u00e3o 76 da prova (mandado de injun\u00e7\u00e3o).<\/p>\n<p style=\"text-align: justify;\">A concess\u00e3o do mandado de injun\u00e7\u00e3o est\u00e1 condicionada \u00e0 aus\u00eancia de norma regulamentadora para o exerc\u00edcio de um direito, ainda que esta omiss\u00e3o seja parcial.<\/p>\n<p style=\"text-align: justify;\">\u00a0\u00a0\u00a0\u00a0\u00a0\u00a0\u00a0\u00a0 Eu entendo que a banca acertou ao apontar este item como verdadeiro, conforme expressa disposi\u00e7\u00e3o do artigo 2\u00ba, da Lei 13.300\/2016:<\/p>\n<p style=\"text-align: justify;\">Art. 2\u00ba. Conceder-se-\u00e1 mandado de injun\u00e7\u00e3o sempre que a falta total ou parcial de norma regulamentadora torne invi\u00e1vel o exerc\u00edcio dos direitos e liberdades constitucionais e das prerrogativas inerentes \u00e0 nacionalidade, \u00e0 soberania e \u00e0 cidadania.<\/p>\n<p style=\"text-align: justify;\"><strong>Mas professor, a norma que enseja mandado de injun\u00e7\u00e3o n\u00e3o precisa ser inviabilizadora do exerc\u00edcio de um direito?<\/strong><\/p>\n<p style=\"text-align: justify;\">Sim.<\/p>\n<p style=\"text-align: justify;\">Mas o enunciado n\u00e3o entrou nesta discuss\u00e3o.<\/p>\n<p style=\"text-align: justify;\">O enunciado disse: A concess\u00e3o do mandado de injun\u00e7\u00e3o est\u00e1 condicionada \u00e0 aus\u00eancia de norma regulamentadora para o exerc\u00edcio de um direito, ainda que esta omiss\u00e3o seja parcial.<\/p>\n<p style=\"text-align: justify;\">Penso que o examinador falou de um mandado de injun\u00e7\u00e3o hipot\u00e9tico.<\/p>\n<p style=\"text-align: justify;\">Para que hipoteticamente um Mandado de Injun\u00e7\u00e3o seja concedido, \u00e9 necess\u00e1rio que haja uma omiss\u00e3o em norma regulamentadora de um determinado direito, ainda que esta omiss\u00e3o seja parcial.<\/p>\n<p style=\"text-align: justify;\">O enunciado n\u00e3o afirmou que \u201co MI pode ser ajuizado BASTANDO a aus\u00eancia de regulamenta\u00e7\u00e3o\u201d.<\/p>\n<p style=\"text-align: justify;\">Minha opini\u00e3o \u00e9 que o examinador n\u00e3o entrou na discuss\u00e3o: esta norma deve ou n\u00e3o inviabilizar o exerc\u00edcio do direito?<\/p>\n<p style=\"text-align: justify;\">Assim, entendo que o item seja verdadeiro.<\/p>\n<h2 style=\"text-align: justify;\">E o ponto de corte? Qual ser\u00e1?<\/h2>\n<p style=\"text-align: center;\"><em>Recurso PGM Manaus<\/em><\/p>\n<p style=\"text-align: justify;\">\u00a0\u00a0\u00a0\u00a0\u00a0\u00a0\u00a0\u00a0 O concurso apresentou no edital o requisito de que uma quest\u00e3o errada anularia uma certa:<\/p>\n<blockquote>\n<p style=\"text-align: justify;\">8.13.2 A nota em cada item da prova objetiva, feita com base nas marca\u00e7\u00f5es da folha de respostas, ser\u00e1 igual a: 1,00 ponto, caso a resposta do candidato esteja em concord\u00e2ncia com o gabarito oficial definitivo das provas; 1,00 ponto negativo, caso a resposta do candidato esteja em discord\u00e2ncia com o gabarito oficial definitivo das provas; 0,00, caso n\u00e3o haja marca\u00e7\u00e3o ou haja marca\u00e7\u00e3o dupla (C e E).<\/p>\n<\/blockquote>\n<p style=\"text-align: justify;\">\u00a0\u00a0\u00a0\u00a0\u00a0\u00a0\u00a0\u00a0 Al\u00e9m disso, o certame contou com 3431 inscritos, em uma demanda de 428,88 candidatos \/ vaga. Nos crit\u00e9rios de corre\u00e7\u00e3o, ir\u00e3o para a segunda fase os 200 primeiros colocados na 1\u00aa etapa, sendo 10 vagas destinadas \u00e0s pessoas com defici\u00eancia.<\/p>\n<p style=\"text-align: justify;\">\u00a0\u00a0\u00a0\u00a0\u00a0\u00a0\u00a0\u00a0 Analisando estes n\u00fameros e comparando-os com a PGE\/AM, concurso tamb\u00e9m elaborado pelo CESPE e com 150 itens a serem marcados como V ou F, percebemos algumas semelhan\u00e7as.<\/p>\n<p style=\"text-align: justify;\">\u00a0\u00a0\u00a0\u00a0\u00a0\u00a0\u00a0\u00a0 Na PGE\/AM, o edital previa que <strong><u>duas<\/u><\/strong> marca\u00e7\u00f5es equivocadas no gabarito anulariam <strong><u>uma certa<\/u><\/strong>. Al\u00e9m disso, os 240 primeiros colocados passariam para a 2\u00aa fase, sendo 24 vagas destinadas \u00e0s pessoas com defici\u00eancia.<\/p>\n<p style=\"text-align: justify;\">\u00a0\u00a0\u00a0\u00a0\u00a0\u00a0\u00a0\u00a0 O concurso da PGE\/AM contou com 3054 inscritos em uma demanda de 381,75 candidatos por vaga. A nota de corte para a segunda fase deste concurso girou em torno de 104 pontos l\u00edquidos.<\/p>\n<p style=\"text-align: justify;\">\u00a0\u00a0\u00a0\u00a0\u00a0\u00a0\u00a0\u00a0 Analisando estes n\u00fameros, temos o seguinte:<\/p>\n<p style=\"text-align: justify;\">1- A concorr\u00eancia da PGM\/Manaus foi maior;<\/p>\n<p style=\"text-align: justify;\">2- A dificuldade da prova foi maior (uma errada anula uma certa);<\/p>\n<p style=\"text-align: justify;\">3- O n\u00famero de aprovados para a segunda fase \u00e9 menor;<\/p>\n<p style=\"text-align: justify;\">\u00a0\u00a0\u00a0\u00a0\u00a0\u00a0\u00a0\u00a0 Com base nestes n\u00fameros e no ranking elaborado pelo Estrat\u00e9gia Concursos, acredito em um n\u00famero em torno de 97 pontos l\u00edquidos para aprova\u00e7\u00e3o para a segunda fase.<\/p>\n<h2 style=\"text-align: justify;\">O Estrat\u00e9gia ir\u00e1 lan\u00e7ar um curso com corre\u00e7\u00e3o para a segunda fase da PGM Manaus?<\/h2>\n<p style=\"text-align: center;\"><em>Recurso PGM Manaus<\/em><\/p>\n<p style=\"text-align: justify;\">\u00a0\u00a0\u00a0\u00a0\u00a0\u00a0\u00a0\u00a0 J\u00e1 lan\u00e7amos!<\/p>\n<p style=\"text-align: justify;\">\u00a0\u00a0\u00a0\u00a0\u00a0\u00a0\u00a0\u00a0 E eu tenho a honra de estar \u00e0 frente deste curso.<\/p>\n<p style=\"text-align: justify;\">\u00a0\u00a0\u00a0\u00a0\u00a0\u00a0\u00a0\u00a0 Quer saber como funciona?<\/p>\n<p style=\"text-align: justify;\">\u00a0\u00a0\u00a0\u00a0\u00a0\u00a0\u00a0\u00a0 D\u00e1 uma olhada na nossa primeira aula (gratuita) no seguinte link:<\/p>\n<p style=\"text-align: justify;\"><a href=\"https:\/\/www.estrategiaconcursos.com.br\/curso\/discursiva-p-pgm-manaus-procurador-1-peca-3-questoes-2-simulados\/\">https:\/\/www.estrategiaconcursos.com.br\/curso\/discursiva-p-pgm-manaus-procurador-1-peca-3-questoes-2-simulados\/<\/a><\/p>\n<h2 style=\"text-align: justify;\">Professor, fiz 93 pontos ou mais&#8230; devo come\u00e7ar a estudar?<\/h2>\n<p style=\"text-align: center;\"><em>Recurso PGM Manaus<\/em><\/p>\n<p>&nbsp;<\/p>\n<p style=\"text-align: justify;\">Entendo que sim. O resultado oficial da 1\u00aa etapa ser\u00e1 divulgado apenas no dia 20 de junho de 2018 e a prova discursiva j\u00e1 ser\u00e1 realizada no dia 1\u00ba de Julho.<\/p>\n<p style=\"text-align: justify;\">\u00a0\u00a0\u00a0\u00a0\u00a0\u00a0\u00a0\u00a0 Voc\u00ea ir\u00e1 esperar a divulga\u00e7\u00e3o do resultado para come\u00e7ar a estudar?<\/p>\n<p style=\"text-align: justify;\">Mas professor, e se eu adquirir o curso e n\u00e3o for aprovado na 1\u00aa fase?<\/p>\n<p style=\"text-align: justify;\">\u00a0\u00a0\u00a0\u00a0\u00a0\u00a0\u00a0\u00a0 N\u00e3o se preocupe, se voc\u00ea cancelar o curso em at\u00e9 30 dias, devolveremos integralmente o seu dinheiro.<\/p>\n<p style=\"text-align: justify;\">Vamos firmes!<\/p>\n<p style=\"text-align: justify;\">Acredito no seu sucesso!<\/p>\n<p style=\"text-align: justify;\">Grande abra\u00e7o,<\/p>\n<p style=\"text-align: justify;\"><strong>Igor Maciel<\/strong><\/p>\n<p><a href=\"https:\/\/www.estrategiaconcursos.com.br\/gratis\/pgm-manaus\/\" target=\"_blank\" rel=\"noopener\"><img loading=\"lazy\" decoding=\"async\" class=\"aligncenter size-large wp-image-122578\" src=\"https:\/\/dhg1h5j42swfq.cloudfront.net\/2018\/05\/24111258\/banner_site_Prova_discursiva_PGM_Manaus.jpg\" alt=\"\" width=\"1024\" height=\"256\" srcset=\"https:\/\/dhg1h5j42swfq.cloudfront.net\/2018\/05\/24111258\/banner_site_Prova_discursiva_PGM_Manaus.jpg 1200w, https:\/\/dhg1h5j42swfq.cloudfront.net\/2018\/05\/24111258\/banner_site_Prova_discursiva_PGM_Manaus.jpg 300w, https:\/\/dhg1h5j42swfq.cloudfront.net\/2018\/05\/24111258\/banner_site_Prova_discursiva_PGM_Manaus.jpg 768w, https:\/\/dhg1h5j42swfq.cloudfront.net\/2018\/05\/24111258\/banner_site_Prova_discursiva_PGM_Manaus.jpg 1024w, https:\/\/dhg1h5j42swfq.cloudfront.net\/2018\/05\/24111258\/banner_site_Prova_discursiva_PGM_Manaus.jpg 610w\" sizes=\"auto, (max-width: 1024px) 100vw, 1024px\" \/><\/a><\/p>\n","protected":false},"excerpt":{"rendered":"<p>Recurso PGM Manaus. Cab\u00edvel? Ol\u00e1 meus amigos, tudo bem? Meu nome \u00e9 Igor Maciel e hoje queria conversar com voc\u00eas sobre o Gabarito da Prova PGM-Manaus. Existe a possibilidade de recurso? (Recurso PGM Manaus); O que voc\u00eas acharam da prova? Vou comentar um pouco sobre minhas impress\u00f5es. Qualquer d\u00favida, estarei \u00e0 disposi\u00e7\u00e3o de voc\u00eas. Vamos [&hellip;]<\/p>\n","protected":false},"author":317,"featured_media":0,"comment_status":"open","ping_status":"closed","sticky":false,"template":"","format":"standard","meta":{"post_tipo":"article","footnotes":""},"categories":[1],"tags":[],"tax_estado":[],"class_list":["post-122545","post","type-post","status-publish","format-standard","hentry","category-cursos-e-concursos"],"acf":[],"yoast_head":"<!-- This site is optimized with the Yoast SEO Premium plugin v27.2 (Yoast SEO v27.2) - https:\/\/yoast.com\/product\/yoast-seo-premium-wordpress\/ -->\n<title>Recurso PGM Manaus - Coment\u00e1rios e Fundamenta\u00e7\u00e3o<\/title>\n<meta name=\"description\" content=\"Recurso PGM Manaus. Coment\u00e1rios e fundamentos para a elabora\u00e7\u00e3o de recursos contra o gabarito preliminar da banca CESPE no concurso da PGM Manaus.\" \/>\n<meta name=\"robots\" content=\"index, follow, max-snippet:-1, max-image-preview:large, max-video-preview:-1\" \/>\n<link rel=\"canonical\" href=\"https:\/\/www.estrategiaconcursos.com.br\/blog\/recurso-pgm-manaus\/\" \/>\n<meta property=\"og:locale\" content=\"pt_BR\" \/>\n<meta property=\"og:type\" content=\"article\" \/>\n<meta property=\"og:title\" content=\"Recurso PGM Manaus\" \/>\n<meta property=\"og:description\" content=\"Recurso PGM Manaus. Coment\u00e1rios e fundamentos para a elabora\u00e7\u00e3o de recursos contra o gabarito preliminar da banca CESPE no concurso da PGM Manaus.\" \/>\n<meta property=\"og:url\" content=\"https:\/\/www.estrategiaconcursos.com.br\/blog\/recurso-pgm-manaus\/\" \/>\n<meta property=\"og:site_name\" content=\"Estrat\u00e9gia Concursos\" \/>\n<meta property=\"article:author\" content=\"https:\/\/www.facebook.com\/igor.maciel.1420\" \/>\n<meta property=\"article:published_time\" content=\"2018-05-24T13:07:47+00:00\" \/>\n<meta property=\"article:modified_time\" content=\"2018-05-24T14:18:24+00:00\" \/>\n<meta property=\"og:image\" content=\"https:\/\/www.estrategiaconcursos.com.br\/blog\/wp-content\/uploads\/2017\/11\/concurso-pgm-manaus-41.jpg\" \/>\n<meta name=\"author\" content=\"Igor Maciel\" \/>\n<meta name=\"twitter:card\" content=\"summary_large_image\" \/>\n<meta name=\"twitter:creator\" content=\"@EstratConcursos\" \/>\n<meta name=\"twitter:site\" content=\"@EstratConcursos\" \/>\n<meta name=\"twitter:label1\" content=\"Escrito por\" \/>\n\t<meta name=\"twitter:data1\" content=\"Igor Maciel\" \/>\n\t<meta name=\"twitter:label2\" content=\"Est. tempo de leitura\" \/>\n\t<meta name=\"twitter:data2\" content=\"11 minutos\" \/>\n<script type=\"application\/ld+json\" class=\"yoast-schema-graph\">{\"@context\":\"https:\/\/schema.org\",\"@graph\":[{\"@type\":\"NewsArticle\",\"@id\":\"https:\/\/www.estrategiaconcursos.com.br\/blog\/recurso-pgm-manaus\/#article\",\"isPartOf\":{\"@id\":\"https:\/\/www.estrategiaconcursos.com.br\/blog\/recurso-pgm-manaus\/\"},\"author\":{\"name\":\"Igor Maciel\",\"@id\":\"https:\/\/www.estrategiaconcursos.com.br\/blog\/#\/schema\/person\/024d26d5efb06d95dfc04025d7301591\"},\"headline\":\"Recurso PGM Manaus\",\"datePublished\":\"2018-05-24T13:07:47+00:00\",\"dateModified\":\"2018-05-24T14:18:24+00:00\",\"mainEntityOfPage\":{\"@id\":\"https:\/\/www.estrategiaconcursos.com.br\/blog\/recurso-pgm-manaus\/\"},\"wordCount\":2187,\"commentCount\":9,\"publisher\":{\"@id\":\"https:\/\/www.estrategiaconcursos.com.br\/blog\/#organization\"},\"image\":{\"@id\":\"https:\/\/www.estrategiaconcursos.com.br\/blog\/recurso-pgm-manaus\/#primaryimage\"},\"thumbnailUrl\":\"https:\/\/www.estrategiaconcursos.com.br\/blog\/wp-content\/uploads\/2017\/11\/concurso-pgm-manaus-41.jpg\",\"articleSection\":[\"Concursos P\u00fablicos\"],\"inLanguage\":\"pt-BR\",\"potentialAction\":[{\"@type\":\"CommentAction\",\"name\":\"Comment\",\"target\":[\"https:\/\/www.estrategiaconcursos.com.br\/blog\/recurso-pgm-manaus\/#respond\"]}],\"copyrightYear\":\"2018\",\"copyrightHolder\":{\"@id\":\"https:\/\/www.estrategiaconcursos.com.br\/blog\/#organization\"}},{\"@type\":\"WebPage\",\"@id\":\"https:\/\/www.estrategiaconcursos.com.br\/blog\/recurso-pgm-manaus\/\",\"url\":\"https:\/\/www.estrategiaconcursos.com.br\/blog\/recurso-pgm-manaus\/\",\"name\":\"Recurso PGM Manaus - Coment\u00e1rios e Fundamenta\u00e7\u00e3o\",\"isPartOf\":{\"@id\":\"https:\/\/www.estrategiaconcursos.com.br\/blog\/#website\"},\"primaryImageOfPage\":{\"@id\":\"https:\/\/www.estrategiaconcursos.com.br\/blog\/recurso-pgm-manaus\/#primaryimage\"},\"image\":{\"@id\":\"https:\/\/www.estrategiaconcursos.com.br\/blog\/recurso-pgm-manaus\/#primaryimage\"},\"thumbnailUrl\":\"https:\/\/www.estrategiaconcursos.com.br\/blog\/wp-content\/uploads\/2017\/11\/concurso-pgm-manaus-41.jpg\",\"datePublished\":\"2018-05-24T13:07:47+00:00\",\"dateModified\":\"2018-05-24T14:18:24+00:00\",\"description\":\"Recurso PGM Manaus. Coment\u00e1rios e fundamentos para a elabora\u00e7\u00e3o de recursos contra o gabarito preliminar da banca CESPE no concurso da PGM Manaus.\",\"breadcrumb\":{\"@id\":\"https:\/\/www.estrategiaconcursos.com.br\/blog\/recurso-pgm-manaus\/#breadcrumb\"},\"inLanguage\":\"pt-BR\",\"potentialAction\":[{\"@type\":\"ReadAction\",\"target\":[\"https:\/\/www.estrategiaconcursos.com.br\/blog\/recurso-pgm-manaus\/\"]}]},{\"@type\":\"ImageObject\",\"inLanguage\":\"pt-BR\",\"@id\":\"https:\/\/www.estrategiaconcursos.com.br\/blog\/recurso-pgm-manaus\/#primaryimage\",\"url\":\"https:\/\/dhg1h5j42swfq.cloudfront.net\/2017\/11\/21074949\/concurso-pgm-manaus-41.jpg\",\"contentUrl\":\"https:\/\/dhg1h5j42swfq.cloudfront.net\/2017\/11\/21074949\/concurso-pgm-manaus-41.jpg\",\"width\":1200,\"height\":628,\"caption\":\"concurso pgm manaus\"},{\"@type\":\"BreadcrumbList\",\"@id\":\"https:\/\/www.estrategiaconcursos.com.br\/blog\/recurso-pgm-manaus\/#breadcrumb\",\"itemListElement\":[{\"@type\":\"ListItem\",\"position\":1,\"name\":\"In\u00edcio\",\"item\":\"https:\/\/www.estrategiaconcursos.com.br\/blog\/\"},{\"@type\":\"ListItem\",\"position\":2,\"name\":\"Recurso PGM Manaus\"}]},{\"@type\":\"WebSite\",\"@id\":\"https:\/\/www.estrategiaconcursos.com.br\/blog\/#website\",\"url\":\"https:\/\/www.estrategiaconcursos.com.br\/blog\/\",\"name\":\"Estrat\u00e9gia Concursos\",\"description\":\"O blog da Estrat\u00e9gia Concursos traz not\u00edcias sobre concursos e artigos de professores oferecendo cursos para concursos (pdf + videaulas) no site.\",\"publisher\":{\"@id\":\"https:\/\/www.estrategiaconcursos.com.br\/blog\/#organization\"},\"potentialAction\":[{\"@type\":\"SearchAction\",\"target\":{\"@type\":\"EntryPoint\",\"urlTemplate\":\"https:\/\/www.estrategiaconcursos.com.br\/blog\/?s={search_term_string}\"},\"query-input\":{\"@type\":\"PropertyValueSpecification\",\"valueRequired\":true,\"valueName\":\"search_term_string\"}}],\"inLanguage\":\"pt-BR\"},{\"@type\":\"Organization\",\"@id\":\"https:\/\/www.estrategiaconcursos.com.br\/blog\/#organization\",\"name\":\"Estrat\u00e9gia Concursos\",\"url\":\"https:\/\/www.estrategiaconcursos.com.br\/blog\/\",\"logo\":{\"@type\":\"ImageObject\",\"inLanguage\":\"pt-BR\",\"@id\":\"https:\/\/www.estrategiaconcursos.com.br\/blog\/#\/schema\/logo\/image\/\",\"url\":\"https:\/\/dhg1h5j42swfq.cloudfront.net\/2025\/06\/03203428\/logo_concursos-1.jpg\",\"contentUrl\":\"https:\/\/dhg1h5j42swfq.cloudfront.net\/2025\/06\/03203428\/logo_concursos-1.jpg\",\"width\":230,\"height\":60,\"caption\":\"Estrat\u00e9gia Concursos\"},\"image\":{\"@id\":\"https:\/\/www.estrategiaconcursos.com.br\/blog\/#\/schema\/logo\/image\/\"},\"sameAs\":[\"https:\/\/x.com\/EstratConcursos\"]},{\"@type\":\"Person\",\"@id\":\"https:\/\/www.estrategiaconcursos.com.br\/blog\/#\/schema\/person\/024d26d5efb06d95dfc04025d7301591\",\"name\":\"Igor Maciel\",\"image\":{\"@type\":\"ImageObject\",\"inLanguage\":\"pt-BR\",\"@id\":\"https:\/\/secure.gravatar.com\/avatar\/e983a676af6facf4aebcb2989d49e3bf61b718712d5e7a4b3f355b7fe651bc2f?s=96&d=mm&r=g\",\"url\":\"https:\/\/secure.gravatar.com\/avatar\/e983a676af6facf4aebcb2989d49e3bf61b718712d5e7a4b3f355b7fe651bc2f?s=96&d=mm&r=g\",\"contentUrl\":\"https:\/\/secure.gravatar.com\/avatar\/e983a676af6facf4aebcb2989d49e3bf61b718712d5e7a4b3f355b7fe651bc2f?s=96&d=mm&r=g\",\"caption\":\"Igor Maciel\"},\"description\":\"Graduado na Universidade Federal de Pernambuco, com extens\u00e3o na Universidade de Coimbra\/Portugal. Especialista LLM em Direito Corporativo pelo IBMEC\/RJ. Mestrando em Direito e Pol\u00edticas P\u00fablicas pelo UNICEUB\/DF. Advogado com atua\u00e7\u00e3o profissional centrada no Direito Tribut\u00e1rio e no Direito Administrativo, especialmente na defesa de servidores p\u00fablicos.\",\"sameAs\":[\"http:\/\/www.imaciel.com.br\",\"https:\/\/www.facebook.com\/igor.maciel.1420\"],\"url\":\"https:\/\/www.estrategiaconcursos.com.br\/blog\/author\/contatoimaciel-com-br\/\"}]}<\/script>\n<!-- \/ Yoast SEO Premium plugin. -->","yoast_head_json":{"title":"Recurso PGM Manaus - Coment\u00e1rios e Fundamenta\u00e7\u00e3o","description":"Recurso PGM Manaus. Coment\u00e1rios e fundamentos para a elabora\u00e7\u00e3o de recursos contra o gabarito preliminar da banca CESPE no concurso da PGM Manaus.","robots":{"index":"index","follow":"follow","max-snippet":"max-snippet:-1","max-image-preview":"max-image-preview:large","max-video-preview":"max-video-preview:-1"},"canonical":"https:\/\/www.estrategiaconcursos.com.br\/blog\/recurso-pgm-manaus\/","og_locale":"pt_BR","og_type":"article","og_title":"Recurso PGM Manaus","og_description":"Recurso PGM Manaus. Coment\u00e1rios e fundamentos para a elabora\u00e7\u00e3o de recursos contra o gabarito preliminar da banca CESPE no concurso da PGM Manaus.","og_url":"https:\/\/www.estrategiaconcursos.com.br\/blog\/recurso-pgm-manaus\/","og_site_name":"Estrat\u00e9gia Concursos","article_author":"https:\/\/www.facebook.com\/igor.maciel.1420","article_published_time":"2018-05-24T13:07:47+00:00","article_modified_time":"2018-05-24T14:18:24+00:00","og_image":[{"url":"https:\/\/www.estrategiaconcursos.com.br\/blog\/wp-content\/uploads\/2017\/11\/concurso-pgm-manaus-41.jpg","type":"","width":"","height":""}],"author":"Igor Maciel","twitter_card":"summary_large_image","twitter_creator":"@EstratConcursos","twitter_site":"@EstratConcursos","twitter_misc":{"Escrito por":"Igor Maciel","Est. tempo de leitura":"11 minutos"},"schema":{"@context":"https:\/\/schema.org","@graph":[{"@type":"NewsArticle","@id":"https:\/\/www.estrategiaconcursos.com.br\/blog\/recurso-pgm-manaus\/#article","isPartOf":{"@id":"https:\/\/www.estrategiaconcursos.com.br\/blog\/recurso-pgm-manaus\/"},"author":{"name":"Igor Maciel","@id":"https:\/\/www.estrategiaconcursos.com.br\/blog\/#\/schema\/person\/024d26d5efb06d95dfc04025d7301591"},"headline":"Recurso PGM Manaus","datePublished":"2018-05-24T13:07:47+00:00","dateModified":"2018-05-24T14:18:24+00:00","mainEntityOfPage":{"@id":"https:\/\/www.estrategiaconcursos.com.br\/blog\/recurso-pgm-manaus\/"},"wordCount":2187,"commentCount":9,"publisher":{"@id":"https:\/\/www.estrategiaconcursos.com.br\/blog\/#organization"},"image":{"@id":"https:\/\/www.estrategiaconcursos.com.br\/blog\/recurso-pgm-manaus\/#primaryimage"},"thumbnailUrl":"https:\/\/www.estrategiaconcursos.com.br\/blog\/wp-content\/uploads\/2017\/11\/concurso-pgm-manaus-41.jpg","articleSection":["Concursos P\u00fablicos"],"inLanguage":"pt-BR","potentialAction":[{"@type":"CommentAction","name":"Comment","target":["https:\/\/www.estrategiaconcursos.com.br\/blog\/recurso-pgm-manaus\/#respond"]}],"copyrightYear":"2018","copyrightHolder":{"@id":"https:\/\/www.estrategiaconcursos.com.br\/blog\/#organization"}},{"@type":"WebPage","@id":"https:\/\/www.estrategiaconcursos.com.br\/blog\/recurso-pgm-manaus\/","url":"https:\/\/www.estrategiaconcursos.com.br\/blog\/recurso-pgm-manaus\/","name":"Recurso PGM Manaus - Coment\u00e1rios e Fundamenta\u00e7\u00e3o","isPartOf":{"@id":"https:\/\/www.estrategiaconcursos.com.br\/blog\/#website"},"primaryImageOfPage":{"@id":"https:\/\/www.estrategiaconcursos.com.br\/blog\/recurso-pgm-manaus\/#primaryimage"},"image":{"@id":"https:\/\/www.estrategiaconcursos.com.br\/blog\/recurso-pgm-manaus\/#primaryimage"},"thumbnailUrl":"https:\/\/www.estrategiaconcursos.com.br\/blog\/wp-content\/uploads\/2017\/11\/concurso-pgm-manaus-41.jpg","datePublished":"2018-05-24T13:07:47+00:00","dateModified":"2018-05-24T14:18:24+00:00","description":"Recurso PGM Manaus. Coment\u00e1rios e fundamentos para a elabora\u00e7\u00e3o de recursos contra o gabarito preliminar da banca CESPE no concurso da PGM Manaus.","breadcrumb":{"@id":"https:\/\/www.estrategiaconcursos.com.br\/blog\/recurso-pgm-manaus\/#breadcrumb"},"inLanguage":"pt-BR","potentialAction":[{"@type":"ReadAction","target":["https:\/\/www.estrategiaconcursos.com.br\/blog\/recurso-pgm-manaus\/"]}]},{"@type":"ImageObject","inLanguage":"pt-BR","@id":"https:\/\/www.estrategiaconcursos.com.br\/blog\/recurso-pgm-manaus\/#primaryimage","url":"https:\/\/dhg1h5j42swfq.cloudfront.net\/2017\/11\/21074949\/concurso-pgm-manaus-41.jpg","contentUrl":"https:\/\/dhg1h5j42swfq.cloudfront.net\/2017\/11\/21074949\/concurso-pgm-manaus-41.jpg","width":1200,"height":628,"caption":"concurso pgm manaus"},{"@type":"BreadcrumbList","@id":"https:\/\/www.estrategiaconcursos.com.br\/blog\/recurso-pgm-manaus\/#breadcrumb","itemListElement":[{"@type":"ListItem","position":1,"name":"In\u00edcio","item":"https:\/\/www.estrategiaconcursos.com.br\/blog\/"},{"@type":"ListItem","position":2,"name":"Recurso PGM Manaus"}]},{"@type":"WebSite","@id":"https:\/\/www.estrategiaconcursos.com.br\/blog\/#website","url":"https:\/\/www.estrategiaconcursos.com.br\/blog\/","name":"Estrat\u00e9gia Concursos","description":"O blog da Estrat\u00e9gia Concursos traz not\u00edcias sobre concursos e artigos de professores oferecendo cursos para concursos (pdf + videaulas) no site.","publisher":{"@id":"https:\/\/www.estrategiaconcursos.com.br\/blog\/#organization"},"potentialAction":[{"@type":"SearchAction","target":{"@type":"EntryPoint","urlTemplate":"https:\/\/www.estrategiaconcursos.com.br\/blog\/?s={search_term_string}"},"query-input":{"@type":"PropertyValueSpecification","valueRequired":true,"valueName":"search_term_string"}}],"inLanguage":"pt-BR"},{"@type":"Organization","@id":"https:\/\/www.estrategiaconcursos.com.br\/blog\/#organization","name":"Estrat\u00e9gia Concursos","url":"https:\/\/www.estrategiaconcursos.com.br\/blog\/","logo":{"@type":"ImageObject","inLanguage":"pt-BR","@id":"https:\/\/www.estrategiaconcursos.com.br\/blog\/#\/schema\/logo\/image\/","url":"https:\/\/dhg1h5j42swfq.cloudfront.net\/2025\/06\/03203428\/logo_concursos-1.jpg","contentUrl":"https:\/\/dhg1h5j42swfq.cloudfront.net\/2025\/06\/03203428\/logo_concursos-1.jpg","width":230,"height":60,"caption":"Estrat\u00e9gia Concursos"},"image":{"@id":"https:\/\/www.estrategiaconcursos.com.br\/blog\/#\/schema\/logo\/image\/"},"sameAs":["https:\/\/x.com\/EstratConcursos"]},{"@type":"Person","@id":"https:\/\/www.estrategiaconcursos.com.br\/blog\/#\/schema\/person\/024d26d5efb06d95dfc04025d7301591","name":"Igor Maciel","image":{"@type":"ImageObject","inLanguage":"pt-BR","@id":"https:\/\/secure.gravatar.com\/avatar\/e983a676af6facf4aebcb2989d49e3bf61b718712d5e7a4b3f355b7fe651bc2f?s=96&d=mm&r=g","url":"https:\/\/secure.gravatar.com\/avatar\/e983a676af6facf4aebcb2989d49e3bf61b718712d5e7a4b3f355b7fe651bc2f?s=96&d=mm&r=g","contentUrl":"https:\/\/secure.gravatar.com\/avatar\/e983a676af6facf4aebcb2989d49e3bf61b718712d5e7a4b3f355b7fe651bc2f?s=96&d=mm&r=g","caption":"Igor Maciel"},"description":"Graduado na Universidade Federal de Pernambuco, com extens\u00e3o na Universidade de Coimbra\/Portugal. Especialista LLM em Direito Corporativo pelo IBMEC\/RJ. Mestrando em Direito e Pol\u00edticas P\u00fablicas pelo UNICEUB\/DF. Advogado com atua\u00e7\u00e3o profissional centrada no Direito Tribut\u00e1rio e no Direito Administrativo, especialmente na defesa de servidores p\u00fablicos.","sameAs":["http:\/\/www.imaciel.com.br","https:\/\/www.facebook.com\/igor.maciel.1420"],"url":"https:\/\/www.estrategiaconcursos.com.br\/blog\/author\/contatoimaciel-com-br\/"}]}},"_links":{"self":[{"href":"https:\/\/www.estrategiaconcursos.com.br\/blog\/wp-json\/wp\/v2\/posts\/122545","targetHints":{"allow":["GET"]}}],"collection":[{"href":"https:\/\/www.estrategiaconcursos.com.br\/blog\/wp-json\/wp\/v2\/posts"}],"about":[{"href":"https:\/\/www.estrategiaconcursos.com.br\/blog\/wp-json\/wp\/v2\/types\/post"}],"author":[{"embeddable":true,"href":"https:\/\/www.estrategiaconcursos.com.br\/blog\/wp-json\/wp\/v2\/users\/317"}],"replies":[{"embeddable":true,"href":"https:\/\/www.estrategiaconcursos.com.br\/blog\/wp-json\/wp\/v2\/comments?post=122545"}],"version-history":[{"count":4,"href":"https:\/\/www.estrategiaconcursos.com.br\/blog\/wp-json\/wp\/v2\/posts\/122545\/revisions"}],"predecessor-version":[{"id":122585,"href":"https:\/\/www.estrategiaconcursos.com.br\/blog\/wp-json\/wp\/v2\/posts\/122545\/revisions\/122585"}],"wp:attachment":[{"href":"https:\/\/www.estrategiaconcursos.com.br\/blog\/wp-json\/wp\/v2\/media?parent=122545"}],"wp:term":[{"taxonomy":"category","embeddable":true,"href":"https:\/\/www.estrategiaconcursos.com.br\/blog\/wp-json\/wp\/v2\/categories?post=122545"},{"taxonomy":"post_tag","embeddable":true,"href":"https:\/\/www.estrategiaconcursos.com.br\/blog\/wp-json\/wp\/v2\/tags?post=122545"},{"taxonomy":"tax_estado","embeddable":true,"href":"https:\/\/www.estrategiaconcursos.com.br\/blog\/wp-json\/wp\/v2\/tax_estado?post=122545"}],"curies":[{"name":"wp","href":"https:\/\/api.w.org\/{rel}","templated":true}]}}