{"id":1224721,"date":"2023-05-30T18:04:46","date_gmt":"2023-05-30T21:04:46","guid":{"rendered":"https:\/\/www.estrategiaconcursos.com.br\/blog\/?p=1224721"},"modified":"2023-05-30T18:20:25","modified_gmt":"2023-05-30T21:20:25","slug":"concurso-policia-penal-es-edital-junho-600-vagas","status":"publish","type":"post","link":"https:\/\/www.estrategiaconcursos.com.br\/blog\/concurso-policia-penal-es-edital-junho-600-vagas\/","title":{"rendered":"Concurso Pol\u00edcia Penal ES: edital em junho com 600 vagas + CR!"},"content":{"rendered":"\n<p>Atrav\u00e9s das redes sociais, o Secret\u00e1rio de Estado da Justi\u00e7a do Esp\u00edrito Santo, Andr\u00e9 Garcia, confirmou que o <strong>edital do concurso Pol\u00edcia Penal ES ser\u00e1 publicado em junho<\/strong>!<\/p>\n\n\n\n<p>O certame prev\u00ea a oferta de <strong>600 vagas imediatas<\/strong>, al\u00e9m da forma\u00e7\u00e3o de cadastro reserva, para o cargo de <a href=\"https:\/\/www.estrategiaconcursos.com.br\/cursosPorConcurso\/secretaria-de-estado-da-justica-do-espirito-santo-sejus-es\/\" target=\"_blank\" rel=\"noreferrer noopener\">Inspetor Penitenci\u00e1rio<\/a>, com sal\u00e1rio inicial de R$ 3.107,75 + benef\u00edcios.<\/p>\n\n\n\n<p>Al\u00e9m disso, a escolha do IBADE como banca organizadora foi ratificada, por meio da publica\u00e7\u00e3o do extrato de contrato. <a href=\"https:\/\/dhg1h5j42swfq.cloudfront.net\/2023\/04\/03070141\/es.png\" target=\"_blank\" rel=\"noreferrer noopener\">Confira aqui!<\/a><\/p>\n\n\n\n<figure class=\"wp-block-image aligncenter size-large\"><img loading=\"lazy\" decoding=\"async\" width=\"1024\" height=\"652\" src=\"https:\/\/dhg1h5j42swfq.cloudfront.net\/2023\/05\/30181347\/policia-penal-es-junho-1024x652.jpg\" alt=\"Concurso Pol\u00edcia Penal ES ter\u00e1 edital publicado em junho\" class=\"wp-image-1224741\" srcset=\"https:\/\/dhg1h5j42swfq.cloudfront.net\/2023\/05\/30181347\/policia-penal-es-junho-1024x652.jpg 1024w, https:\/\/dhg1h5j42swfq.cloudfront.net\/2023\/05\/30181347\/policia-penal-es-junho-300x191.jpg 300w, https:\/\/dhg1h5j42swfq.cloudfront.net\/2023\/05\/30181347\/policia-penal-es-junho-768x489.jpg 768w, https:\/\/dhg1h5j42swfq.cloudfront.net\/2023\/05\/30181347\/policia-penal-es-junho-610x388.jpg 610w, https:\/\/dhg1h5j42swfq.cloudfront.net\/2023\/05\/30181347\/policia-penal-es-junho-150x95.jpg 150w, https:\/\/dhg1h5j42swfq.cloudfront.net\/2023\/05\/30181347\/policia-penal-es-junho.jpg 1304w\" sizes=\"auto, (max-width: 1024px) 100vw, 1024px\" \/><figcaption class=\"wp-element-caption\">Concurso Pol\u00edcia Penal ES ter\u00e1 edital publicado em junho | Imagem: Instagram<\/figcaption><\/figure>\n\n\n\n<h3 class=\"wp-block-heading\" id=\"termo\">Termo de Refer\u00eancia<\/h3>\n\n\n\n<p>O Termo de Refer\u00eancia da sele\u00e7\u00e3o detalha os tr\u00e2mites do certame. S\u00e3o previstas at\u00e9 cinco etapas de avalia\u00e7\u00e3o, al\u00e9m do curso de forma\u00e7\u00e3o, no concurso da Pol\u00edcia Penal do Esp\u00edrito Santo (ES):<\/p>\n\n\n\n<ol class=\"wp-block-list\">\n<li>Prova Objetiva e de Reda\u00e7\u00e3o: setembro de 2022<\/li>\n\n\n\n<li>Teste de Aptid\u00e3o F\u00edsica: outubro de 2022;<\/li>\n\n\n\n<li>Exame de Sa\u00fade: novembro de 2022;<\/li>\n\n\n\n<li>Exame Psicot\u00e9cnico: dezembro de 2022;<\/li>\n\n\n\n<li>Investiga\u00e7\u00e3o Social: fevereiro de 2023; e<\/li>\n\n\n\n<li>Curso de Forma\u00e7\u00e3o: maio de 2023.<\/li>\n<\/ol>\n\n\n\n<ul class=\"has-very-light-gray-to-cyan-bluish-gray-gradient-background has-background has-medium-font-size wp-block-list\">\n<li><a href=\"https:\/\/dhg1h5j42swfq.cloudfront.net\/2022\/07\/13115335\/projeto-basico-concurso-sejus-es-2022-inspetor-2.pdf\" target=\"_blank\" rel=\"noreferrer noopener nofollow\">Confira o termo de refer\u00eancia<\/a><\/li>\n<\/ul>\n\n\n\n<p>E para mais informa\u00e7\u00f5es do concurso <a href=\"https:\/\/sejus.es.gov.br\/concurso-publico\" target=\"_blank\" rel=\"noreferrer noopener\">Pol\u00edcia Penal ES<\/a>, cujo edital ser\u00e1 publicado em <a href=\"https:\/\/www.instagram.com\/andre.agarcia\/\" target=\"_blank\" rel=\"noreferrer noopener\">junho<\/a>, acesse o link abaixo. N\u00f3s, do Estrat\u00e9gia Concursos, preparamos um artigo completo para voc\u00ea!<\/p>\n\n\n\n<p class=\"has-text-align-center has-cyan-bluish-gray-background-color has-background has-medium-font-size\"><strong>Saiba mais: <a href=\"https:\/\/www.estrategiaconcursos.com.br\/blog\/concurso-policia-penal-es\/\" target=\"_blank\" rel=\"noreferrer noopener\">concurso PP ES<\/a><\/strong><\/p>\n\n\n\n<h2 class=\"wp-block-heading has-text-align-center\" id=\"h-quer-saber-tudo-sobre-concursos-previstos-confira-nossos-artigos\">Quer saber tudo sobre concursos previstos?<br \/>Confira nossos artigos!<\/h2>\n\n\n\n<ul class=\"wp-block-list\">\n<li><a href=\"https:\/\/www.estrategiaconcursos.com.br\/blog\/concursos-abertos\/\" target=\"_blank\" rel=\"noreferrer noopener\">Concursos abertos<\/a><\/li>\n\n\n\n<li><a href=\"https:\/\/www.estrategiaconcursos.com.br\/blog\/concursos-2023\/\" target=\"_blank\" rel=\"noreferrer noopener\">Concursos 2023<\/a><\/li>\n\n\n\n<li><a href=\"https:\/\/www.estrategiaconcursos.com.br\/blog\/concursos-2024\/\" target=\"_blank\" rel=\"noreferrer noopener\">Concursos 2024<\/a><\/li>\n<\/ul>\n\n\n\n<h2 class=\"wp-block-heading has-text-align-center\" id=\"cursos-assinatura\">Quer estudar para o concurso Pol\u00edcia Penal ES?<\/h2>\n\n\n\n<div class=\"container\" id=\"boxes\">\n  <div class=\"row\">\n\n    <div class=\"col-sm\">\n      <div class=\"banner-policial\" id=\"box-assinatura\">\n        <h3 class=\"titulo-assinatura\">Concurso Pol\u00edcia Penal ES<\/h3>\n        <p class=\"subtitulo-assinatura\">Conhe\u00e7a os cursos<\/p>\n        <div class=\"box-botao\">\n          <a class=\"btn-assinatura\" target=\"_blank\" href=\"https:\/\/www.estrategiaconcursos.com.br\/blog\/concurso-policia-penal-es\/\" role=\"button\" rel=\"noopener noreferrer\">Conhe\u00e7a mais<\/a>\n        <\/div>\n      <\/div>\n      <p class=\"texto-auxiliar\"><\/p>\n    <\/div>\n\n  <\/div>\n<\/div>\n\n\n\n<div class=\"container\" id=\"boxes\">\n  <div class=\"row\">\n\n    <div class=\"col-sm\">\n      <div class=\"estrategia\" id=\"box-assinatura\">\n        <h3 class=\"titulo-assinatura\">Assinatura de Concursos<\/h3>\n        <p class=\"subtitulo-assinatura\">Assinatura de 1 ano ou 2 anos<\/p>\n        <div class=\"box-botao\">\n          <a class=\"btn-assinatura\" target=\"_blank\" href=\"https:\/\/www.estrategiaconcursos.com.br\/assinaturas\/\" role=\"button\" rel=\"noopener noreferrer\">ASSINE AGORA<\/a>\n        <\/div>\n      <\/div>\n     \n    <\/div><\/div><\/div>\n","protected":false},"excerpt":{"rendered":"<p>Atrav\u00e9s das redes sociais, o Secret\u00e1rio de Estado da Justi\u00e7a do Esp\u00edrito Santo, Andr\u00e9 Garcia, confirmou que o edital do concurso Pol\u00edcia Penal ES ser\u00e1 publicado em junho! O certame prev\u00ea a oferta de 600 vagas imediatas, al\u00e9m da forma\u00e7\u00e3o de cadastro reserva, para o cargo de Inspetor Penitenci\u00e1rio, com sal\u00e1rio inicial de R$ 3.107,75 [&hellip;]<\/p>\n","protected":false},"author":2134,"featured_media":1110485,"comment_status":"open","ping_status":"closed","sticky":false,"template":"","format":"standard","meta":{"post_tipo":"news","footnotes":""},"categories":[220188,220219],"tags":[],"tax_estado":[219971],"class_list":["post-1224721","post","type-post","status-publish","format-standard","has-post-thumbnail","hentry","category-policial-agente-penitenciario","category-noticias","tax_estado-es"],"acf":[],"yoast_head":"<!-- This site is optimized with the Yoast SEO Premium plugin v27.2 (Yoast SEO v27.2) - https:\/\/yoast.com\/product\/yoast-seo-premium-wordpress\/ -->\n<title>Concurso Pol\u00edcia Penal ES: edital em junho com 600 vagas + CR!<\/title>\n<meta name=\"description\" content=\"Concurso Pol\u00edcia Penal ES: edital ser\u00e1 publicado em junho. Ser\u00e3o ofertadas 600 vagas, al\u00e9m de CR, ao cargo de Inspetor Penitenci\u00e1rio!\" \/>\n<meta name=\"robots\" content=\"index, follow, max-snippet:-1, max-image-preview:large, max-video-preview:-1\" \/>\n<link rel=\"canonical\" href=\"https:\/\/www.estrategiaconcursos.com.br\/blog\/concurso-policia-penal-es-edital-junho-600-vagas\/\" \/>\n<meta property=\"og:locale\" content=\"pt_BR\" \/>\n<meta property=\"og:type\" content=\"article\" \/>\n<meta property=\"og:title\" content=\"Concurso Pol\u00edcia Penal ES: edital em junho com 600 vagas + CR!\" \/>\n<meta property=\"og:description\" content=\"Concurso Pol\u00edcia Penal ES: edital ser\u00e1 publicado em junho. Ser\u00e3o ofertadas 600 vagas, al\u00e9m de CR, ao cargo de Inspetor Penitenci\u00e1rio!\" \/>\n<meta property=\"og:url\" content=\"https:\/\/www.estrategiaconcursos.com.br\/blog\/concurso-policia-penal-es-edital-junho-600-vagas\/\" \/>\n<meta property=\"og:site_name\" content=\"Estrat\u00e9gia Concursos\" \/>\n<meta property=\"article:published_time\" content=\"2023-05-30T21:04:46+00:00\" \/>\n<meta property=\"article:modified_time\" content=\"2023-05-30T21:20:25+00:00\" \/>\n<meta property=\"og:image\" content=\"https:\/\/dhg1h5j42swfq.cloudfront.net\/2022\/10\/15112431\/policia_penal_es.jpg\" \/>\n\t<meta property=\"og:image:width\" content=\"768\" \/>\n\t<meta property=\"og:image:height\" content=\"432\" \/>\n\t<meta property=\"og:image:type\" content=\"image\/jpeg\" \/>\n<meta name=\"author\" content=\"Rafaela Teixeira\" \/>\n<meta name=\"twitter:card\" content=\"summary_large_image\" \/>\n<meta name=\"twitter:creator\" content=\"@EstratConcursos\" \/>\n<meta name=\"twitter:site\" content=\"@EstratConcursos\" \/>\n<meta name=\"twitter:label1\" content=\"Escrito por\" \/>\n\t<meta name=\"twitter:data1\" content=\"Rafaela Teixeira\" \/>\n\t<meta name=\"twitter:label2\" content=\"Est. tempo de leitura\" \/>\n\t<meta name=\"twitter:data2\" content=\"1 minuto\" \/>\n<script type=\"application\/ld+json\" class=\"yoast-schema-graph\">{\"@context\":\"https:\/\/schema.org\",\"@graph\":[{\"@type\":\"NewsArticle\",\"@id\":\"https:\/\/www.estrategiaconcursos.com.br\/blog\/concurso-policia-penal-es-edital-junho-600-vagas\/#article\",\"isPartOf\":{\"@id\":\"https:\/\/www.estrategiaconcursos.com.br\/blog\/concurso-policia-penal-es-edital-junho-600-vagas\/\"},\"author\":{\"name\":\"Rafaela Teixeira\",\"@id\":\"https:\/\/www.estrategiaconcursos.com.br\/blog\/#\/schema\/person\/e75352021ea7f60781c599934f916eb1\"},\"headline\":\"Concurso Pol\u00edcia Penal ES: edital em junho com 600 vagas + CR!\",\"datePublished\":\"2023-05-30T21:04:46+00:00\",\"dateModified\":\"2023-05-30T21:20:25+00:00\",\"mainEntityOfPage\":{\"@id\":\"https:\/\/www.estrategiaconcursos.com.br\/blog\/concurso-policia-penal-es-edital-junho-600-vagas\/\"},\"wordCount\":282,\"commentCount\":0,\"publisher\":{\"@id\":\"https:\/\/www.estrategiaconcursos.com.br\/blog\/#organization\"},\"image\":{\"@id\":\"https:\/\/www.estrategiaconcursos.com.br\/blog\/concurso-policia-penal-es-edital-junho-600-vagas\/#primaryimage\"},\"thumbnailUrl\":\"https:\/\/dhg1h5j42swfq.cloudfront.net\/2022\/10\/15112431\/policia_penal_es.jpg\",\"articleSection\":[\"Policial (Agente Penitenci\u00e1rio)\",\"\u00daltimas not\u00edcias\"],\"inLanguage\":\"pt-BR\",\"potentialAction\":[{\"@type\":\"CommentAction\",\"name\":\"Comment\",\"target\":[\"https:\/\/www.estrategiaconcursos.com.br\/blog\/concurso-policia-penal-es-edital-junho-600-vagas\/#respond\"]}],\"copyrightYear\":\"2023\",\"copyrightHolder\":{\"@id\":\"https:\/\/www.estrategiaconcursos.com.br\/blog\/#organization\"}},{\"@type\":\"WebPage\",\"@id\":\"https:\/\/www.estrategiaconcursos.com.br\/blog\/concurso-policia-penal-es-edital-junho-600-vagas\/\",\"url\":\"https:\/\/www.estrategiaconcursos.com.br\/blog\/concurso-policia-penal-es-edital-junho-600-vagas\/\",\"name\":\"Concurso Pol\u00edcia Penal ES: edital em junho com 600 vagas + CR!\",\"isPartOf\":{\"@id\":\"https:\/\/www.estrategiaconcursos.com.br\/blog\/#website\"},\"primaryImageOfPage\":{\"@id\":\"https:\/\/www.estrategiaconcursos.com.br\/blog\/concurso-policia-penal-es-edital-junho-600-vagas\/#primaryimage\"},\"image\":{\"@id\":\"https:\/\/www.estrategiaconcursos.com.br\/blog\/concurso-policia-penal-es-edital-junho-600-vagas\/#primaryimage\"},\"thumbnailUrl\":\"https:\/\/dhg1h5j42swfq.cloudfront.net\/2022\/10\/15112431\/policia_penal_es.jpg\",\"datePublished\":\"2023-05-30T21:04:46+00:00\",\"dateModified\":\"2023-05-30T21:20:25+00:00\",\"description\":\"Concurso Pol\u00edcia Penal ES: edital ser\u00e1 publicado em junho. Ser\u00e3o ofertadas 600 vagas, al\u00e9m de CR, ao cargo de Inspetor Penitenci\u00e1rio!\",\"breadcrumb\":{\"@id\":\"https:\/\/www.estrategiaconcursos.com.br\/blog\/concurso-policia-penal-es-edital-junho-600-vagas\/#breadcrumb\"},\"inLanguage\":\"pt-BR\",\"potentialAction\":[{\"@type\":\"ReadAction\",\"target\":[\"https:\/\/www.estrategiaconcursos.com.br\/blog\/concurso-policia-penal-es-edital-junho-600-vagas\/\"]}]},{\"@type\":\"ImageObject\",\"inLanguage\":\"pt-BR\",\"@id\":\"https:\/\/www.estrategiaconcursos.com.br\/blog\/concurso-policia-penal-es-edital-junho-600-vagas\/#primaryimage\",\"url\":\"https:\/\/dhg1h5j42swfq.cloudfront.net\/2022\/10\/15112431\/policia_penal_es.jpg\",\"contentUrl\":\"https:\/\/dhg1h5j42swfq.cloudfront.net\/2022\/10\/15112431\/policia_penal_es.jpg\",\"width\":768,\"height\":432,\"caption\":\"concurso Pol\u00edcia Penal ES\"},{\"@type\":\"BreadcrumbList\",\"@id\":\"https:\/\/www.estrategiaconcursos.com.br\/blog\/concurso-policia-penal-es-edital-junho-600-vagas\/#breadcrumb\",\"itemListElement\":[{\"@type\":\"ListItem\",\"position\":1,\"name\":\"In\u00edcio\",\"item\":\"https:\/\/www.estrategiaconcursos.com.br\/blog\/\"},{\"@type\":\"ListItem\",\"position\":2,\"name\":\"Concurso Pol\u00edcia Penal ES: edital em junho com 600 vagas + CR!\"}]},{\"@type\":\"WebSite\",\"@id\":\"https:\/\/www.estrategiaconcursos.com.br\/blog\/#website\",\"url\":\"https:\/\/www.estrategiaconcursos.com.br\/blog\/\",\"name\":\"Estrat\u00e9gia Concursos\",\"description\":\"O blog da Estrat\u00e9gia Concursos traz not\u00edcias sobre concursos e artigos de professores oferecendo cursos para concursos (pdf + videaulas) no site.\",\"publisher\":{\"@id\":\"https:\/\/www.estrategiaconcursos.com.br\/blog\/#organization\"},\"potentialAction\":[{\"@type\":\"SearchAction\",\"target\":{\"@type\":\"EntryPoint\",\"urlTemplate\":\"https:\/\/www.estrategiaconcursos.com.br\/blog\/?s={search_term_string}\"},\"query-input\":{\"@type\":\"PropertyValueSpecification\",\"valueRequired\":true,\"valueName\":\"search_term_string\"}}],\"inLanguage\":\"pt-BR\"},{\"@type\":\"Organization\",\"@id\":\"https:\/\/www.estrategiaconcursos.com.br\/blog\/#organization\",\"name\":\"Estrat\u00e9gia Concursos\",\"url\":\"https:\/\/www.estrategiaconcursos.com.br\/blog\/\",\"logo\":{\"@type\":\"ImageObject\",\"inLanguage\":\"pt-BR\",\"@id\":\"https:\/\/www.estrategiaconcursos.com.br\/blog\/#\/schema\/logo\/image\/\",\"url\":\"https:\/\/dhg1h5j42swfq.cloudfront.net\/2025\/06\/03203428\/logo_concursos-1.jpg\",\"contentUrl\":\"https:\/\/dhg1h5j42swfq.cloudfront.net\/2025\/06\/03203428\/logo_concursos-1.jpg\",\"width\":230,\"height\":60,\"caption\":\"Estrat\u00e9gia Concursos\"},\"image\":{\"@id\":\"https:\/\/www.estrategiaconcursos.com.br\/blog\/#\/schema\/logo\/image\/\"},\"sameAs\":[\"https:\/\/x.com\/EstratConcursos\"]},{\"@type\":\"Person\",\"@id\":\"https:\/\/www.estrategiaconcursos.com.br\/blog\/#\/schema\/person\/e75352021ea7f60781c599934f916eb1\",\"name\":\"Rafaela Teixeira\",\"image\":{\"@type\":\"ImageObject\",\"inLanguage\":\"pt-BR\",\"@id\":\"https:\/\/secure.gravatar.com\/avatar\/8a349a2b22039b1ee88fc06461487c950fd6aa411ea8af8633314b43334ae793?s=96&d=mm&r=g\",\"url\":\"https:\/\/secure.gravatar.com\/avatar\/8a349a2b22039b1ee88fc06461487c950fd6aa411ea8af8633314b43334ae793?s=96&d=mm&r=g\",\"contentUrl\":\"https:\/\/secure.gravatar.com\/avatar\/8a349a2b22039b1ee88fc06461487c950fd6aa411ea8af8633314b43334ae793?s=96&d=mm&r=g\",\"caption\":\"Rafaela Teixeira\"},\"description\":\"Rafaela Teixeira \u00e9 advogada conveniada \u00e0 Defensoria P\u00fablica de S\u00e3o Paulo pela OAB, com experi\u00eancia em reda\u00e7\u00e3o jur\u00eddica e atua\u00e7\u00e3o em institui\u00e7\u00f5es p\u00fablicas, incluindo est\u00e1gio no TRE-SP. Possui mais de 7 anos de experi\u00eancia na produ\u00e7\u00e3o de conte\u00fados voltados ao nicho de concursos p\u00fablicos, com foco em apura\u00e7\u00e3o jornal\u00edstica cont\u00ednua, an\u00e1lise de editais e obten\u00e7\u00e3o de informa\u00e7\u00f5es diretamente junto a \u00f3rg\u00e3os e fontes oficiais. No Blog do Estrat\u00e9gia Concursos, atua como Analista de Conte\u00fado S\u00eanior, respons\u00e1vel pelo jornalismo do per\u00edodo noturno e da madrugada, com atua\u00e7\u00e3o transversal na cobertura de concursos p\u00fablicos, garantindo a continuidade, fluidez e confiabilidade das publica\u00e7\u00f5es e dos bastidores dos certames.\",\"url\":\"https:\/\/www.estrategiaconcursos.com.br\/blog\/author\/rafaela-teixeira\/\"}]}<\/script>\n<!-- \/ Yoast SEO Premium plugin. -->","yoast_head_json":{"title":"Concurso Pol\u00edcia Penal ES: edital em junho com 600 vagas + CR!","description":"Concurso Pol\u00edcia Penal ES: edital ser\u00e1 publicado em junho. Ser\u00e3o ofertadas 600 vagas, al\u00e9m de CR, ao cargo de Inspetor Penitenci\u00e1rio!","robots":{"index":"index","follow":"follow","max-snippet":"max-snippet:-1","max-image-preview":"max-image-preview:large","max-video-preview":"max-video-preview:-1"},"canonical":"https:\/\/www.estrategiaconcursos.com.br\/blog\/concurso-policia-penal-es-edital-junho-600-vagas\/","og_locale":"pt_BR","og_type":"article","og_title":"Concurso Pol\u00edcia Penal ES: edital em junho com 600 vagas + CR!","og_description":"Concurso Pol\u00edcia Penal ES: edital ser\u00e1 publicado em junho. Ser\u00e3o ofertadas 600 vagas, al\u00e9m de CR, ao cargo de Inspetor Penitenci\u00e1rio!","og_url":"https:\/\/www.estrategiaconcursos.com.br\/blog\/concurso-policia-penal-es-edital-junho-600-vagas\/","og_site_name":"Estrat\u00e9gia Concursos","article_published_time":"2023-05-30T21:04:46+00:00","article_modified_time":"2023-05-30T21:20:25+00:00","og_image":[{"width":768,"height":432,"url":"https:\/\/dhg1h5j42swfq.cloudfront.net\/2022\/10\/15112431\/policia_penal_es.jpg","type":"image\/jpeg"}],"author":"Rafaela Teixeira","twitter_card":"summary_large_image","twitter_creator":"@EstratConcursos","twitter_site":"@EstratConcursos","twitter_misc":{"Escrito por":"Rafaela Teixeira","Est. tempo de leitura":"1 minuto"},"schema":{"@context":"https:\/\/schema.org","@graph":[{"@type":"NewsArticle","@id":"https:\/\/www.estrategiaconcursos.com.br\/blog\/concurso-policia-penal-es-edital-junho-600-vagas\/#article","isPartOf":{"@id":"https:\/\/www.estrategiaconcursos.com.br\/blog\/concurso-policia-penal-es-edital-junho-600-vagas\/"},"author":{"name":"Rafaela Teixeira","@id":"https:\/\/www.estrategiaconcursos.com.br\/blog\/#\/schema\/person\/e75352021ea7f60781c599934f916eb1"},"headline":"Concurso Pol\u00edcia Penal ES: edital em junho com 600 vagas + CR!","datePublished":"2023-05-30T21:04:46+00:00","dateModified":"2023-05-30T21:20:25+00:00","mainEntityOfPage":{"@id":"https:\/\/www.estrategiaconcursos.com.br\/blog\/concurso-policia-penal-es-edital-junho-600-vagas\/"},"wordCount":282,"commentCount":0,"publisher":{"@id":"https:\/\/www.estrategiaconcursos.com.br\/blog\/#organization"},"image":{"@id":"https:\/\/www.estrategiaconcursos.com.br\/blog\/concurso-policia-penal-es-edital-junho-600-vagas\/#primaryimage"},"thumbnailUrl":"https:\/\/dhg1h5j42swfq.cloudfront.net\/2022\/10\/15112431\/policia_penal_es.jpg","articleSection":["Policial (Agente Penitenci\u00e1rio)","\u00daltimas not\u00edcias"],"inLanguage":"pt-BR","potentialAction":[{"@type":"CommentAction","name":"Comment","target":["https:\/\/www.estrategiaconcursos.com.br\/blog\/concurso-policia-penal-es-edital-junho-600-vagas\/#respond"]}],"copyrightYear":"2023","copyrightHolder":{"@id":"https:\/\/www.estrategiaconcursos.com.br\/blog\/#organization"}},{"@type":"WebPage","@id":"https:\/\/www.estrategiaconcursos.com.br\/blog\/concurso-policia-penal-es-edital-junho-600-vagas\/","url":"https:\/\/www.estrategiaconcursos.com.br\/blog\/concurso-policia-penal-es-edital-junho-600-vagas\/","name":"Concurso Pol\u00edcia Penal ES: edital em junho com 600 vagas + CR!","isPartOf":{"@id":"https:\/\/www.estrategiaconcursos.com.br\/blog\/#website"},"primaryImageOfPage":{"@id":"https:\/\/www.estrategiaconcursos.com.br\/blog\/concurso-policia-penal-es-edital-junho-600-vagas\/#primaryimage"},"image":{"@id":"https:\/\/www.estrategiaconcursos.com.br\/blog\/concurso-policia-penal-es-edital-junho-600-vagas\/#primaryimage"},"thumbnailUrl":"https:\/\/dhg1h5j42swfq.cloudfront.net\/2022\/10\/15112431\/policia_penal_es.jpg","datePublished":"2023-05-30T21:04:46+00:00","dateModified":"2023-05-30T21:20:25+00:00","description":"Concurso Pol\u00edcia Penal ES: edital ser\u00e1 publicado em junho. Ser\u00e3o ofertadas 600 vagas, al\u00e9m de CR, ao cargo de Inspetor Penitenci\u00e1rio!","breadcrumb":{"@id":"https:\/\/www.estrategiaconcursos.com.br\/blog\/concurso-policia-penal-es-edital-junho-600-vagas\/#breadcrumb"},"inLanguage":"pt-BR","potentialAction":[{"@type":"ReadAction","target":["https:\/\/www.estrategiaconcursos.com.br\/blog\/concurso-policia-penal-es-edital-junho-600-vagas\/"]}]},{"@type":"ImageObject","inLanguage":"pt-BR","@id":"https:\/\/www.estrategiaconcursos.com.br\/blog\/concurso-policia-penal-es-edital-junho-600-vagas\/#primaryimage","url":"https:\/\/dhg1h5j42swfq.cloudfront.net\/2022\/10\/15112431\/policia_penal_es.jpg","contentUrl":"https:\/\/dhg1h5j42swfq.cloudfront.net\/2022\/10\/15112431\/policia_penal_es.jpg","width":768,"height":432,"caption":"concurso Pol\u00edcia Penal ES"},{"@type":"BreadcrumbList","@id":"https:\/\/www.estrategiaconcursos.com.br\/blog\/concurso-policia-penal-es-edital-junho-600-vagas\/#breadcrumb","itemListElement":[{"@type":"ListItem","position":1,"name":"In\u00edcio","item":"https:\/\/www.estrategiaconcursos.com.br\/blog\/"},{"@type":"ListItem","position":2,"name":"Concurso Pol\u00edcia Penal ES: edital em junho com 600 vagas + CR!"}]},{"@type":"WebSite","@id":"https:\/\/www.estrategiaconcursos.com.br\/blog\/#website","url":"https:\/\/www.estrategiaconcursos.com.br\/blog\/","name":"Estrat\u00e9gia Concursos","description":"O blog da Estrat\u00e9gia Concursos traz not\u00edcias sobre concursos e artigos de professores oferecendo cursos para concursos (pdf + videaulas) no site.","publisher":{"@id":"https:\/\/www.estrategiaconcursos.com.br\/blog\/#organization"},"potentialAction":[{"@type":"SearchAction","target":{"@type":"EntryPoint","urlTemplate":"https:\/\/www.estrategiaconcursos.com.br\/blog\/?s={search_term_string}"},"query-input":{"@type":"PropertyValueSpecification","valueRequired":true,"valueName":"search_term_string"}}],"inLanguage":"pt-BR"},{"@type":"Organization","@id":"https:\/\/www.estrategiaconcursos.com.br\/blog\/#organization","name":"Estrat\u00e9gia Concursos","url":"https:\/\/www.estrategiaconcursos.com.br\/blog\/","logo":{"@type":"ImageObject","inLanguage":"pt-BR","@id":"https:\/\/www.estrategiaconcursos.com.br\/blog\/#\/schema\/logo\/image\/","url":"https:\/\/dhg1h5j42swfq.cloudfront.net\/2025\/06\/03203428\/logo_concursos-1.jpg","contentUrl":"https:\/\/dhg1h5j42swfq.cloudfront.net\/2025\/06\/03203428\/logo_concursos-1.jpg","width":230,"height":60,"caption":"Estrat\u00e9gia Concursos"},"image":{"@id":"https:\/\/www.estrategiaconcursos.com.br\/blog\/#\/schema\/logo\/image\/"},"sameAs":["https:\/\/x.com\/EstratConcursos"]},{"@type":"Person","@id":"https:\/\/www.estrategiaconcursos.com.br\/blog\/#\/schema\/person\/e75352021ea7f60781c599934f916eb1","name":"Rafaela Teixeira","image":{"@type":"ImageObject","inLanguage":"pt-BR","@id":"https:\/\/secure.gravatar.com\/avatar\/8a349a2b22039b1ee88fc06461487c950fd6aa411ea8af8633314b43334ae793?s=96&d=mm&r=g","url":"https:\/\/secure.gravatar.com\/avatar\/8a349a2b22039b1ee88fc06461487c950fd6aa411ea8af8633314b43334ae793?s=96&d=mm&r=g","contentUrl":"https:\/\/secure.gravatar.com\/avatar\/8a349a2b22039b1ee88fc06461487c950fd6aa411ea8af8633314b43334ae793?s=96&d=mm&r=g","caption":"Rafaela Teixeira"},"description":"Rafaela Teixeira \u00e9 advogada conveniada \u00e0 Defensoria P\u00fablica de S\u00e3o Paulo pela OAB, com experi\u00eancia em reda\u00e7\u00e3o jur\u00eddica e atua\u00e7\u00e3o em institui\u00e7\u00f5es p\u00fablicas, incluindo est\u00e1gio no TRE-SP. Possui mais de 7 anos de experi\u00eancia na produ\u00e7\u00e3o de conte\u00fados voltados ao nicho de concursos p\u00fablicos, com foco em apura\u00e7\u00e3o jornal\u00edstica cont\u00ednua, an\u00e1lise de editais e obten\u00e7\u00e3o de informa\u00e7\u00f5es diretamente junto a \u00f3rg\u00e3os e fontes oficiais. No Blog do Estrat\u00e9gia Concursos, atua como Analista de Conte\u00fado S\u00eanior, respons\u00e1vel pelo jornalismo do per\u00edodo noturno e da madrugada, com atua\u00e7\u00e3o transversal na cobertura de concursos p\u00fablicos, garantindo a continuidade, fluidez e confiabilidade das publica\u00e7\u00f5es e dos bastidores dos certames.","url":"https:\/\/www.estrategiaconcursos.com.br\/blog\/author\/rafaela-teixeira\/"}]}},"_links":{"self":[{"href":"https:\/\/www.estrategiaconcursos.com.br\/blog\/wp-json\/wp\/v2\/posts\/1224721","targetHints":{"allow":["GET"]}}],"collection":[{"href":"https:\/\/www.estrategiaconcursos.com.br\/blog\/wp-json\/wp\/v2\/posts"}],"about":[{"href":"https:\/\/www.estrategiaconcursos.com.br\/blog\/wp-json\/wp\/v2\/types\/post"}],"author":[{"embeddable":true,"href":"https:\/\/www.estrategiaconcursos.com.br\/blog\/wp-json\/wp\/v2\/users\/2134"}],"replies":[{"embeddable":true,"href":"https:\/\/www.estrategiaconcursos.com.br\/blog\/wp-json\/wp\/v2\/comments?post=1224721"}],"version-history":[{"count":8,"href":"https:\/\/www.estrategiaconcursos.com.br\/blog\/wp-json\/wp\/v2\/posts\/1224721\/revisions"}],"predecessor-version":[{"id":1224751,"href":"https:\/\/www.estrategiaconcursos.com.br\/blog\/wp-json\/wp\/v2\/posts\/1224721\/revisions\/1224751"}],"wp:featuredmedia":[{"embeddable":true,"href":"https:\/\/www.estrategiaconcursos.com.br\/blog\/wp-json\/wp\/v2\/media\/1110485"}],"wp:attachment":[{"href":"https:\/\/www.estrategiaconcursos.com.br\/blog\/wp-json\/wp\/v2\/media?parent=1224721"}],"wp:term":[{"taxonomy":"category","embeddable":true,"href":"https:\/\/www.estrategiaconcursos.com.br\/blog\/wp-json\/wp\/v2\/categories?post=1224721"},{"taxonomy":"post_tag","embeddable":true,"href":"https:\/\/www.estrategiaconcursos.com.br\/blog\/wp-json\/wp\/v2\/tags?post=1224721"},{"taxonomy":"tax_estado","embeddable":true,"href":"https:\/\/www.estrategiaconcursos.com.br\/blog\/wp-json\/wp\/v2\/tax_estado?post=1224721"}],"curies":[{"name":"wp","href":"https:\/\/api.w.org\/{rel}","templated":true}]}}