{"id":1224682,"date":"2023-05-30T17:34:35","date_gmt":"2023-05-30T20:34:35","guid":{"rendered":"https:\/\/www.estrategiaconcursos.com.br\/blog\/?p=1224682"},"modified":"2023-05-31T13:44:18","modified_gmt":"2023-05-31T16:44:18","slug":"concurso-emprel-retificacao-altera-topicos-importantes","status":"publish","type":"post","link":"https:\/\/www.estrategiaconcursos.com.br\/blog\/concurso-emprel-retificacao-altera-topicos-importantes\/","title":{"rendered":"Concurso Emprel: retifica\u00e7\u00e3o altera t\u00f3picos importantes!"},"content":{"rendered":"\n<p>Foi publicada uma retifica\u00e7\u00e3o do<strong> Concurso Emprel<\/strong> (<em><a href=\"https:\/\/www.estrategiaconcursos.com.br\/cursosPorConcurso\/empresa-municipal-de-informatica-da-prefeitura-do-recife-emprel\" target=\"_blank\" rel=\"noreferrer noopener\">Empresa Municipal de Inform\u00e1tica de Recife<\/a><\/em>). O documento altera requisitos de cargos e a renumera\u00e7\u00e3o dos objetos de avalia\u00e7\u00e3o de conhecimentos espec\u00edficos. Confira o documento na \u00edntegra:<\/p>\n\n\n\n<ul class=\"wp-block-list\">\n<li><a href=\"https:\/\/dhg1h5j42swfq.cloudfront.net\/2023\/05\/30171554\/ed_2_2023_emprel_retificaes.pdf\" target=\"_blank\" rel=\"noreferrer noopener nofollow\"><strong><em>Retifica\u00e7\u00e3o concurso Emprel<\/em><\/strong><\/a><\/li>\n<\/ul>\n\n\n\n<p>As altera\u00e7\u00f5es foram nos t\u00f3picos:<\/p>\n\n\n\n<ul class=\"wp-block-list\">\n<li>Requisitos dos cargos de Analista de Sistemas e Analista de Infraestrutura e Suporte \u2013 Especialidade: Softwares B\u00e1sicos;<\/li>\n\n\n\n<li>A inclus\u00e3o de um subitem que diz respeito ao armazenamento do material do processo seletivo;<\/li>\n\n\n\n<li>A renumera\u00e7\u00e3o dos objetos de avalia\u00e7\u00e3o referentes a Seguran\u00e7a da Informa\u00e7\u00e3o dos conhecimentos espec\u00edficos para o cargo de Analista de Sistemas.<\/li>\n<\/ul>\n\n\n\n<h3 class=\"wp-block-heading\">Requisitos<\/h3>\n\n\n\n<p><strong>Analista de Sistemas:<\/strong> diploma, devidamente registrado, de conclus\u00e3o de curso de gradua\u00e7\u00e3o na \u00e1rea de<br \/>Tecnologia, fornecido por institui\u00e7\u00e3o de ensino superior reconhecida pelo MEC; ou de curso de gradua\u00e7\u00e3o<br \/>em qualquer \u00e1rea de forma\u00e7\u00e3o, fornecido por institui\u00e7\u00e3o de ensino superior reconhecida pelo MEC,<br \/>acrescido de curso de p\u00f3s-gradua\u00e7\u00e3o na \u00e1rea de Tecnologia, com carga hor\u00e1ria m\u00ednima de 360 horas,<br \/>fornecido por institui\u00e7\u00e3o de ensino superior reconhecida pelo MEC.<\/p>\n\n\n\n<p><strong>Analista de Infraestrutura e Suporte \u2013 Especialidade:<\/strong> Softwares B\u00e1sicos:  diploma, devidamente registrado, de conclus\u00e3o de curso de gradua\u00e7\u00e3o na \u00e1rea de Tecnologia, fornecido por institui\u00e7\u00e3o de ensino superior reconhecida pelo MEC; ou de curso de gradua\u00e7\u00e3o em qualquer \u00e1rea de forma\u00e7\u00e3o, fornecido por institui\u00e7\u00e3o de ensino superior reconhecida pelo MEC, acrescido de curso de p\u00f3s-gradua\u00e7\u00e3o na \u00e1rea de Tecnologia, com carga hor\u00e1ria m\u00ednima de 360 horas, fornecido por institui\u00e7\u00e3o de ensino superior reconhecida pelo MEC<\/p>\n\n\n\n<h3 class=\"wp-block-heading\">Inclus\u00e3o do subitem 10.29.1<\/h3>\n\n\n\n<p>Todo o material referente ao processo seletivo ser\u00e1 armazenado por dez anos, sendo cinco anos pelo Cebraspe e cinco anos pela Emprel.<\/p>\n\n\n\n<h3 class=\"wp-block-heading\">A renumera\u00e7\u00e3o dos objetos de avalia\u00e7\u00e3o<\/h3>\n\n\n\n<figure class=\"wp-block-image aligncenter size-full\"><img loading=\"lazy\" decoding=\"async\" width=\"681\" height=\"388\" src=\"https:\/\/dhg1h5j42swfq.cloudfront.net\/2023\/05\/30173411\/image-336.png\" alt=\"retifica\u00e7\u00e3o Emprel\" class=\"wp-image-1224699\" srcset=\"https:\/\/dhg1h5j42swfq.cloudfront.net\/2023\/05\/30173411\/image-336.png 681w, https:\/\/dhg1h5j42swfq.cloudfront.net\/2023\/05\/30173411\/image-336-300x171.png 300w, https:\/\/dhg1h5j42swfq.cloudfront.net\/2023\/05\/30173411\/image-336-610x348.png 610w, https:\/\/dhg1h5j42swfq.cloudfront.net\/2023\/05\/30173411\/image-336-150x85.png 150w\" sizes=\"auto, (max-width: 681px) 100vw, 681px\" \/><\/figure>\n\n\n\n<h2 class=\"wp-block-heading\">Concurso Emprel 2023<\/h2>\n\n\n\n<p>O edital foi publicado com a oferta de <strong>30 vagas <\/strong>mais forma\u00e7\u00e3o de cadastro reserva. Os cargos contemplados exigem n\u00edvel superior dos candidatos, com remunera\u00e7\u00f5es iniciais de <strong>R$ 6.200,00<\/strong>.<\/p>\n\n\n\n<ul class=\"wp-block-list\">\n<li>Analista de Infraestrutura e Suporte \u2013 Banco de Dados (2 + CR);<\/li>\n\n\n\n<li>Analista de Infraestrutura e Suporte \u2013 Redes (2 + CR);<\/li>\n\n\n\n<li>Analista de Infraestrutura e Suporte \u2013 Softwares B\u00e1sicos (2 + CR); e<\/li>\n\n\n\n<li>Analista de Sistemas (24 + CR).<\/li>\n<\/ul>\n\n\n\n<p>As inscri\u00e7\u00f5es j\u00e1 est\u00e3o abertas e podem ser feitas at\u00e9 o dia<strong> 14 de junho<\/strong>, diretamente pelo site da banca organizadora,\u00a0o <a href=\"https:\/\/www.cebraspe.org.br\/concursos\/emprel_23\" target=\"_blank\" rel=\"noreferrer noopener\"><strong>Cebraspe<\/strong><\/a>, ao custo de<strong> R$ 120,00<\/strong>.<\/p>\n\n\n\n<p class=\"has-text-align-center has-background has-medium-font-size\" style=\"background-color:#e8e9ec\"><strong>Saiba mais: <a href=\"https:\/\/www.estrategiaconcursos.com.br\/blog\/concurso-emprel\/\" target=\"_blank\" rel=\"noreferrer noopener\">Concurso Emprel<\/a><\/strong><\/p>\n\n\n\n<hr class=\"wp-block-separator has-css-opacity\"\/>\n\n\n\n<h2 class=\"wp-block-heading has-text-align-center\" id=\"cursos\">Quer estudar para o concurso Emprel?<\/h2>\n\n\n\n<div class=\"container\" id=\"boxes\">\n  <div class=\"row\">\n\n    <div class=\"col-sm\">\n      <div class=\"banner-estrategia\" id=\"box-assinatura\">\n        <h3 class=\"titulo-assinatura\">Cursos para EMPREL<\/h3>\n        <p class=\"subtitulo-assinatura\">Conhe\u00e7a os cursos<\/p>\n        <div class=\"box-botao\">\n          <a class=\"btn-assinatura\" target=\"_blank\" href=\"https:\/\/www.estrategiaconcursos.com.br\/cursosPorConcurso\/empresa-municipal-de-informatica-da-prefeitura-do-recife-emprel\" role=\"button\" rel=\"noopener noreferrer\">Conhe\u00e7a mais<\/a>\n        <\/div>\n      <\/div>\n     \n    <\/div>\n\n  <\/div>\n<\/div>\n\n\n\n<div class=\"container\" id=\"boxes\">\n  <div class=\"row\">\n\n    <div class=\"col-sm\">\n      <div class=\"estrategia\" id=\"box-assinatura\">\n        <h3 class=\"titulo-assinatura\">Assinatura Concursos<\/h3>\n        <p class=\"subtitulo-assinatura\">Assinatura de 1 ano ou 2 anos<\/p>\n        <div class=\"box-botao\">\n          <a class=\"btn-assinatura\" target=\"_blank\" href=\"https:\/\/www.estrategiaconcursos.com.br\/assinaturas\/\" role=\"button\" rel=\"noopener noreferrer\">ASSINE AGORA<\/a>\n        <\/div>\n      <\/div><\/div><\/div><\/div>\n\n\n\n<h2 class=\"wp-block-heading has-text-align-center\" id=\"h-quer-saber-tudo-sobre-concursos-previstos-confira-nossos-artigos\">Quer saber tudo sobre concursos previstos?<br \/>Confira nossos artigos!<\/h2>\n\n\n\n<ul class=\"wp-block-list\">\n<li><a href=\"https:\/\/www.estrategiaconcursos.com.br\/blog\/concursos-abertos\/\" target=\"_blank\" rel=\"noreferrer noopener\">Concursos Abertos<\/a><\/li>\n\n\n\n<li><a href=\"https:\/\/www.estrategiaconcursos.com.br\/blog\/concursos-2023\/\" target=\"_blank\" rel=\"noreferrer noopener\">Concursos 2023<\/a><\/li>\n\n\n\n<li><a href=\"https:\/\/www.estrategiaconcursos.com.br\/blog\/concursos-2024\/\" target=\"_blank\" rel=\"noreferrer noopener\">Concursos 2024<\/a><\/li>\n<\/ul>\n","protected":false},"excerpt":{"rendered":"<p>Foi publicada uma retifica\u00e7\u00e3o do Concurso Emprel (Empresa Municipal de Inform\u00e1tica de Recife). O documento altera requisitos de cargos e a renumera\u00e7\u00e3o dos objetos de avalia\u00e7\u00e3o de conhecimentos espec\u00edficos. Confira o documento na \u00edntegra: As altera\u00e7\u00f5es foram nos t\u00f3picos: Requisitos Analista de Sistemas: diploma, devidamente registrado, de conclus\u00e3o de curso de gradua\u00e7\u00e3o na \u00e1rea deTecnologia, [&hellip;]<\/p>\n","protected":false},"author":2496,"featured_media":1212928,"comment_status":"open","ping_status":"closed","sticky":false,"template":"","format":"standard","meta":{"post_tipo":"news","footnotes":""},"categories":[214992,220219],"tags":[],"tax_estado":[219979],"class_list":["post-1224682","post","type-post","status-publish","format-standard","has-post-thumbnail","hentry","category-concursos-administrativos","category-noticias","tax_estado-pe"],"acf":[],"yoast_head":"<!-- This site is optimized with the Yoast SEO Premium plugin v27.2 (Yoast SEO v27.2) - https:\/\/yoast.com\/product\/yoast-seo-premium-wordpress\/ -->\n<title>Concurso Emprel: retifica\u00e7\u00e3o altera t\u00f3picos importantes!<\/title>\n<meta name=\"description\" content=\"Foi publicada uma retifica\u00e7\u00e3o importante do Concurso Emprel. Acesse o artigo e confira todas as altera\u00e7\u00f5es!\" \/>\n<meta name=\"robots\" content=\"index, follow, max-snippet:-1, max-image-preview:large, max-video-preview:-1\" \/>\n<link rel=\"canonical\" href=\"https:\/\/www.estrategiaconcursos.com.br\/blog\/concurso-emprel-retificacao-altera-topicos-importantes\/\" \/>\n<meta property=\"og:locale\" content=\"pt_BR\" \/>\n<meta property=\"og:type\" content=\"article\" \/>\n<meta property=\"og:title\" content=\"Concurso Emprel: retifica\u00e7\u00e3o altera t\u00f3picos importantes!\" \/>\n<meta property=\"og:description\" content=\"Foi publicada uma retifica\u00e7\u00e3o importante do Concurso Emprel. Acesse o artigo e confira todas as altera\u00e7\u00f5es!\" \/>\n<meta property=\"og:url\" content=\"https:\/\/www.estrategiaconcursos.com.br\/blog\/concurso-emprel-retificacao-altera-topicos-importantes\/\" \/>\n<meta property=\"og:site_name\" content=\"Estrat\u00e9gia Concursos\" \/>\n<meta property=\"article:published_time\" content=\"2023-05-30T20:34:35+00:00\" \/>\n<meta property=\"article:modified_time\" content=\"2023-05-31T16:44:18+00:00\" \/>\n<meta property=\"og:image\" content=\"https:\/\/dhg1h5j42swfq.cloudfront.net\/2023\/05\/09105539\/768-432-max-3.jpg\" \/>\n\t<meta property=\"og:image:width\" content=\"768\" \/>\n\t<meta property=\"og:image:height\" content=\"432\" \/>\n\t<meta property=\"og:image:type\" content=\"image\/jpeg\" \/>\n<meta name=\"author\" content=\"Lu\u00eds Henrique Koliski Taguchi\" \/>\n<meta name=\"twitter:card\" content=\"summary_large_image\" \/>\n<meta name=\"twitter:creator\" content=\"@EstratConcursos\" \/>\n<meta name=\"twitter:site\" content=\"@EstratConcursos\" \/>\n<meta name=\"twitter:label1\" content=\"Escrito por\" \/>\n\t<meta name=\"twitter:data1\" content=\"Lu\u00eds Henrique Koliski Taguchi\" \/>\n\t<meta name=\"twitter:label2\" content=\"Est. tempo de leitura\" \/>\n\t<meta name=\"twitter:data2\" content=\"2 minutos\" \/>\n<script type=\"application\/ld+json\" class=\"yoast-schema-graph\">{\"@context\":\"https:\/\/schema.org\",\"@graph\":[{\"@type\":\"NewsArticle\",\"@id\":\"https:\/\/www.estrategiaconcursos.com.br\/blog\/concurso-emprel-retificacao-altera-topicos-importantes\/#article\",\"isPartOf\":{\"@id\":\"https:\/\/www.estrategiaconcursos.com.br\/blog\/concurso-emprel-retificacao-altera-topicos-importantes\/\"},\"author\":{\"name\":\"Lu\u00eds Henrique Koliski Taguchi\",\"@id\":\"https:\/\/www.estrategiaconcursos.com.br\/blog\/#\/schema\/person\/4796f784535bea69338c17360e24ca86\"},\"headline\":\"Concurso Emprel: retifica\u00e7\u00e3o altera t\u00f3picos importantes!\",\"datePublished\":\"2023-05-30T20:34:35+00:00\",\"dateModified\":\"2023-05-31T16:44:18+00:00\",\"mainEntityOfPage\":{\"@id\":\"https:\/\/www.estrategiaconcursos.com.br\/blog\/concurso-emprel-retificacao-altera-topicos-importantes\/\"},\"wordCount\":446,\"commentCount\":0,\"publisher\":{\"@id\":\"https:\/\/www.estrategiaconcursos.com.br\/blog\/#organization\"},\"image\":{\"@id\":\"https:\/\/www.estrategiaconcursos.com.br\/blog\/concurso-emprel-retificacao-altera-topicos-importantes\/#primaryimage\"},\"thumbnailUrl\":\"https:\/\/dhg1h5j42swfq.cloudfront.net\/2023\/05\/09105539\/768-432-max-3.jpg\",\"articleSection\":[\"Executivo (Administrativa)\",\"\u00daltimas not\u00edcias\"],\"inLanguage\":\"pt-BR\",\"potentialAction\":[{\"@type\":\"CommentAction\",\"name\":\"Comment\",\"target\":[\"https:\/\/www.estrategiaconcursos.com.br\/blog\/concurso-emprel-retificacao-altera-topicos-importantes\/#respond\"]}],\"copyrightYear\":\"2023\",\"copyrightHolder\":{\"@id\":\"https:\/\/www.estrategiaconcursos.com.br\/blog\/#organization\"}},{\"@type\":\"WebPage\",\"@id\":\"https:\/\/www.estrategiaconcursos.com.br\/blog\/concurso-emprel-retificacao-altera-topicos-importantes\/\",\"url\":\"https:\/\/www.estrategiaconcursos.com.br\/blog\/concurso-emprel-retificacao-altera-topicos-importantes\/\",\"name\":\"Concurso Emprel: retifica\u00e7\u00e3o altera t\u00f3picos importantes!\",\"isPartOf\":{\"@id\":\"https:\/\/www.estrategiaconcursos.com.br\/blog\/#website\"},\"primaryImageOfPage\":{\"@id\":\"https:\/\/www.estrategiaconcursos.com.br\/blog\/concurso-emprel-retificacao-altera-topicos-importantes\/#primaryimage\"},\"image\":{\"@id\":\"https:\/\/www.estrategiaconcursos.com.br\/blog\/concurso-emprel-retificacao-altera-topicos-importantes\/#primaryimage\"},\"thumbnailUrl\":\"https:\/\/dhg1h5j42swfq.cloudfront.net\/2023\/05\/09105539\/768-432-max-3.jpg\",\"datePublished\":\"2023-05-30T20:34:35+00:00\",\"dateModified\":\"2023-05-31T16:44:18+00:00\",\"description\":\"Foi publicada uma retifica\u00e7\u00e3o importante do Concurso Emprel. Acesse o artigo e confira todas as altera\u00e7\u00f5es!\",\"breadcrumb\":{\"@id\":\"https:\/\/www.estrategiaconcursos.com.br\/blog\/concurso-emprel-retificacao-altera-topicos-importantes\/#breadcrumb\"},\"inLanguage\":\"pt-BR\",\"potentialAction\":[{\"@type\":\"ReadAction\",\"target\":[\"https:\/\/www.estrategiaconcursos.com.br\/blog\/concurso-emprel-retificacao-altera-topicos-importantes\/\"]}]},{\"@type\":\"ImageObject\",\"inLanguage\":\"pt-BR\",\"@id\":\"https:\/\/www.estrategiaconcursos.com.br\/blog\/concurso-emprel-retificacao-altera-topicos-importantes\/#primaryimage\",\"url\":\"https:\/\/dhg1h5j42swfq.cloudfront.net\/2023\/05\/09105539\/768-432-max-3.jpg\",\"contentUrl\":\"https:\/\/dhg1h5j42swfq.cloudfront.net\/2023\/05\/09105539\/768-432-max-3.jpg\",\"width\":768,\"height\":432,\"caption\":\"Concurso EMPREL\"},{\"@type\":\"BreadcrumbList\",\"@id\":\"https:\/\/www.estrategiaconcursos.com.br\/blog\/concurso-emprel-retificacao-altera-topicos-importantes\/#breadcrumb\",\"itemListElement\":[{\"@type\":\"ListItem\",\"position\":1,\"name\":\"In\u00edcio\",\"item\":\"https:\/\/www.estrategiaconcursos.com.br\/blog\/\"},{\"@type\":\"ListItem\",\"position\":2,\"name\":\"Concurso Emprel: retifica\u00e7\u00e3o altera t\u00f3picos importantes!\"}]},{\"@type\":\"WebSite\",\"@id\":\"https:\/\/www.estrategiaconcursos.com.br\/blog\/#website\",\"url\":\"https:\/\/www.estrategiaconcursos.com.br\/blog\/\",\"name\":\"Estrat\u00e9gia Concursos\",\"description\":\"O blog da Estrat\u00e9gia Concursos traz not\u00edcias sobre concursos e artigos de professores oferecendo cursos para concursos (pdf + videaulas) no site.\",\"publisher\":{\"@id\":\"https:\/\/www.estrategiaconcursos.com.br\/blog\/#organization\"},\"potentialAction\":[{\"@type\":\"SearchAction\",\"target\":{\"@type\":\"EntryPoint\",\"urlTemplate\":\"https:\/\/www.estrategiaconcursos.com.br\/blog\/?s={search_term_string}\"},\"query-input\":{\"@type\":\"PropertyValueSpecification\",\"valueRequired\":true,\"valueName\":\"search_term_string\"}}],\"inLanguage\":\"pt-BR\"},{\"@type\":\"Organization\",\"@id\":\"https:\/\/www.estrategiaconcursos.com.br\/blog\/#organization\",\"name\":\"Estrat\u00e9gia Concursos\",\"url\":\"https:\/\/www.estrategiaconcursos.com.br\/blog\/\",\"logo\":{\"@type\":\"ImageObject\",\"inLanguage\":\"pt-BR\",\"@id\":\"https:\/\/www.estrategiaconcursos.com.br\/blog\/#\/schema\/logo\/image\/\",\"url\":\"https:\/\/dhg1h5j42swfq.cloudfront.net\/2025\/06\/03203428\/logo_concursos-1.jpg\",\"contentUrl\":\"https:\/\/dhg1h5j42swfq.cloudfront.net\/2025\/06\/03203428\/logo_concursos-1.jpg\",\"width\":230,\"height\":60,\"caption\":\"Estrat\u00e9gia Concursos\"},\"image\":{\"@id\":\"https:\/\/www.estrategiaconcursos.com.br\/blog\/#\/schema\/logo\/image\/\"},\"sameAs\":[\"https:\/\/x.com\/EstratConcursos\"]},{\"@type\":\"Person\",\"@id\":\"https:\/\/www.estrategiaconcursos.com.br\/blog\/#\/schema\/person\/4796f784535bea69338c17360e24ca86\",\"name\":\"Lu\u00eds Henrique Koliski Taguchi\",\"image\":{\"@type\":\"ImageObject\",\"inLanguage\":\"pt-BR\",\"@id\":\"https:\/\/secure.gravatar.com\/avatar\/cd45137551650332231b9b3d541d08c1f24718112f052488ba1ea66ad0f57c9c?s=96&d=mm&r=g\",\"url\":\"https:\/\/secure.gravatar.com\/avatar\/cd45137551650332231b9b3d541d08c1f24718112f052488ba1ea66ad0f57c9c?s=96&d=mm&r=g\",\"contentUrl\":\"https:\/\/secure.gravatar.com\/avatar\/cd45137551650332231b9b3d541d08c1f24718112f052488ba1ea66ad0f57c9c?s=96&d=mm&r=g\",\"caption\":\"Lu\u00eds Henrique Koliski Taguchi\"},\"url\":\"https:\/\/www.estrategiaconcursos.com.br\/blog\/author\/luis-taguchiestrategia-com\/\"}]}<\/script>\n<!-- \/ Yoast SEO Premium plugin. -->","yoast_head_json":{"title":"Concurso Emprel: retifica\u00e7\u00e3o altera t\u00f3picos importantes!","description":"Foi publicada uma retifica\u00e7\u00e3o importante do Concurso Emprel. Acesse o artigo e confira todas as altera\u00e7\u00f5es!","robots":{"index":"index","follow":"follow","max-snippet":"max-snippet:-1","max-image-preview":"max-image-preview:large","max-video-preview":"max-video-preview:-1"},"canonical":"https:\/\/www.estrategiaconcursos.com.br\/blog\/concurso-emprel-retificacao-altera-topicos-importantes\/","og_locale":"pt_BR","og_type":"article","og_title":"Concurso Emprel: retifica\u00e7\u00e3o altera t\u00f3picos importantes!","og_description":"Foi publicada uma retifica\u00e7\u00e3o importante do Concurso Emprel. Acesse o artigo e confira todas as altera\u00e7\u00f5es!","og_url":"https:\/\/www.estrategiaconcursos.com.br\/blog\/concurso-emprel-retificacao-altera-topicos-importantes\/","og_site_name":"Estrat\u00e9gia Concursos","article_published_time":"2023-05-30T20:34:35+00:00","article_modified_time":"2023-05-31T16:44:18+00:00","og_image":[{"width":768,"height":432,"url":"https:\/\/dhg1h5j42swfq.cloudfront.net\/2023\/05\/09105539\/768-432-max-3.jpg","type":"image\/jpeg"}],"author":"Lu\u00eds Henrique Koliski Taguchi","twitter_card":"summary_large_image","twitter_creator":"@EstratConcursos","twitter_site":"@EstratConcursos","twitter_misc":{"Escrito por":"Lu\u00eds Henrique Koliski Taguchi","Est. tempo de leitura":"2 minutos"},"schema":{"@context":"https:\/\/schema.org","@graph":[{"@type":"NewsArticle","@id":"https:\/\/www.estrategiaconcursos.com.br\/blog\/concurso-emprel-retificacao-altera-topicos-importantes\/#article","isPartOf":{"@id":"https:\/\/www.estrategiaconcursos.com.br\/blog\/concurso-emprel-retificacao-altera-topicos-importantes\/"},"author":{"name":"Lu\u00eds Henrique Koliski Taguchi","@id":"https:\/\/www.estrategiaconcursos.com.br\/blog\/#\/schema\/person\/4796f784535bea69338c17360e24ca86"},"headline":"Concurso Emprel: retifica\u00e7\u00e3o altera t\u00f3picos importantes!","datePublished":"2023-05-30T20:34:35+00:00","dateModified":"2023-05-31T16:44:18+00:00","mainEntityOfPage":{"@id":"https:\/\/www.estrategiaconcursos.com.br\/blog\/concurso-emprel-retificacao-altera-topicos-importantes\/"},"wordCount":446,"commentCount":0,"publisher":{"@id":"https:\/\/www.estrategiaconcursos.com.br\/blog\/#organization"},"image":{"@id":"https:\/\/www.estrategiaconcursos.com.br\/blog\/concurso-emprel-retificacao-altera-topicos-importantes\/#primaryimage"},"thumbnailUrl":"https:\/\/dhg1h5j42swfq.cloudfront.net\/2023\/05\/09105539\/768-432-max-3.jpg","articleSection":["Executivo (Administrativa)","\u00daltimas not\u00edcias"],"inLanguage":"pt-BR","potentialAction":[{"@type":"CommentAction","name":"Comment","target":["https:\/\/www.estrategiaconcursos.com.br\/blog\/concurso-emprel-retificacao-altera-topicos-importantes\/#respond"]}],"copyrightYear":"2023","copyrightHolder":{"@id":"https:\/\/www.estrategiaconcursos.com.br\/blog\/#organization"}},{"@type":"WebPage","@id":"https:\/\/www.estrategiaconcursos.com.br\/blog\/concurso-emprel-retificacao-altera-topicos-importantes\/","url":"https:\/\/www.estrategiaconcursos.com.br\/blog\/concurso-emprel-retificacao-altera-topicos-importantes\/","name":"Concurso Emprel: retifica\u00e7\u00e3o altera t\u00f3picos importantes!","isPartOf":{"@id":"https:\/\/www.estrategiaconcursos.com.br\/blog\/#website"},"primaryImageOfPage":{"@id":"https:\/\/www.estrategiaconcursos.com.br\/blog\/concurso-emprel-retificacao-altera-topicos-importantes\/#primaryimage"},"image":{"@id":"https:\/\/www.estrategiaconcursos.com.br\/blog\/concurso-emprel-retificacao-altera-topicos-importantes\/#primaryimage"},"thumbnailUrl":"https:\/\/dhg1h5j42swfq.cloudfront.net\/2023\/05\/09105539\/768-432-max-3.jpg","datePublished":"2023-05-30T20:34:35+00:00","dateModified":"2023-05-31T16:44:18+00:00","description":"Foi publicada uma retifica\u00e7\u00e3o importante do Concurso Emprel. Acesse o artigo e confira todas as altera\u00e7\u00f5es!","breadcrumb":{"@id":"https:\/\/www.estrategiaconcursos.com.br\/blog\/concurso-emprel-retificacao-altera-topicos-importantes\/#breadcrumb"},"inLanguage":"pt-BR","potentialAction":[{"@type":"ReadAction","target":["https:\/\/www.estrategiaconcursos.com.br\/blog\/concurso-emprel-retificacao-altera-topicos-importantes\/"]}]},{"@type":"ImageObject","inLanguage":"pt-BR","@id":"https:\/\/www.estrategiaconcursos.com.br\/blog\/concurso-emprel-retificacao-altera-topicos-importantes\/#primaryimage","url":"https:\/\/dhg1h5j42swfq.cloudfront.net\/2023\/05\/09105539\/768-432-max-3.jpg","contentUrl":"https:\/\/dhg1h5j42swfq.cloudfront.net\/2023\/05\/09105539\/768-432-max-3.jpg","width":768,"height":432,"caption":"Concurso EMPREL"},{"@type":"BreadcrumbList","@id":"https:\/\/www.estrategiaconcursos.com.br\/blog\/concurso-emprel-retificacao-altera-topicos-importantes\/#breadcrumb","itemListElement":[{"@type":"ListItem","position":1,"name":"In\u00edcio","item":"https:\/\/www.estrategiaconcursos.com.br\/blog\/"},{"@type":"ListItem","position":2,"name":"Concurso Emprel: retifica\u00e7\u00e3o altera t\u00f3picos importantes!"}]},{"@type":"WebSite","@id":"https:\/\/www.estrategiaconcursos.com.br\/blog\/#website","url":"https:\/\/www.estrategiaconcursos.com.br\/blog\/","name":"Estrat\u00e9gia Concursos","description":"O blog da Estrat\u00e9gia Concursos traz not\u00edcias sobre concursos e artigos de professores oferecendo cursos para concursos (pdf + videaulas) no site.","publisher":{"@id":"https:\/\/www.estrategiaconcursos.com.br\/blog\/#organization"},"potentialAction":[{"@type":"SearchAction","target":{"@type":"EntryPoint","urlTemplate":"https:\/\/www.estrategiaconcursos.com.br\/blog\/?s={search_term_string}"},"query-input":{"@type":"PropertyValueSpecification","valueRequired":true,"valueName":"search_term_string"}}],"inLanguage":"pt-BR"},{"@type":"Organization","@id":"https:\/\/www.estrategiaconcursos.com.br\/blog\/#organization","name":"Estrat\u00e9gia Concursos","url":"https:\/\/www.estrategiaconcursos.com.br\/blog\/","logo":{"@type":"ImageObject","inLanguage":"pt-BR","@id":"https:\/\/www.estrategiaconcursos.com.br\/blog\/#\/schema\/logo\/image\/","url":"https:\/\/dhg1h5j42swfq.cloudfront.net\/2025\/06\/03203428\/logo_concursos-1.jpg","contentUrl":"https:\/\/dhg1h5j42swfq.cloudfront.net\/2025\/06\/03203428\/logo_concursos-1.jpg","width":230,"height":60,"caption":"Estrat\u00e9gia Concursos"},"image":{"@id":"https:\/\/www.estrategiaconcursos.com.br\/blog\/#\/schema\/logo\/image\/"},"sameAs":["https:\/\/x.com\/EstratConcursos"]},{"@type":"Person","@id":"https:\/\/www.estrategiaconcursos.com.br\/blog\/#\/schema\/person\/4796f784535bea69338c17360e24ca86","name":"Lu\u00eds Henrique Koliski Taguchi","image":{"@type":"ImageObject","inLanguage":"pt-BR","@id":"https:\/\/secure.gravatar.com\/avatar\/cd45137551650332231b9b3d541d08c1f24718112f052488ba1ea66ad0f57c9c?s=96&d=mm&r=g","url":"https:\/\/secure.gravatar.com\/avatar\/cd45137551650332231b9b3d541d08c1f24718112f052488ba1ea66ad0f57c9c?s=96&d=mm&r=g","contentUrl":"https:\/\/secure.gravatar.com\/avatar\/cd45137551650332231b9b3d541d08c1f24718112f052488ba1ea66ad0f57c9c?s=96&d=mm&r=g","caption":"Lu\u00eds Henrique Koliski Taguchi"},"url":"https:\/\/www.estrategiaconcursos.com.br\/blog\/author\/luis-taguchiestrategia-com\/"}]}},"_links":{"self":[{"href":"https:\/\/www.estrategiaconcursos.com.br\/blog\/wp-json\/wp\/v2\/posts\/1224682","targetHints":{"allow":["GET"]}}],"collection":[{"href":"https:\/\/www.estrategiaconcursos.com.br\/blog\/wp-json\/wp\/v2\/posts"}],"about":[{"href":"https:\/\/www.estrategiaconcursos.com.br\/blog\/wp-json\/wp\/v2\/types\/post"}],"author":[{"embeddable":true,"href":"https:\/\/www.estrategiaconcursos.com.br\/blog\/wp-json\/wp\/v2\/users\/2496"}],"replies":[{"embeddable":true,"href":"https:\/\/www.estrategiaconcursos.com.br\/blog\/wp-json\/wp\/v2\/comments?post=1224682"}],"version-history":[{"count":7,"href":"https:\/\/www.estrategiaconcursos.com.br\/blog\/wp-json\/wp\/v2\/posts\/1224682\/revisions"}],"predecessor-version":[{"id":1225195,"href":"https:\/\/www.estrategiaconcursos.com.br\/blog\/wp-json\/wp\/v2\/posts\/1224682\/revisions\/1225195"}],"wp:featuredmedia":[{"embeddable":true,"href":"https:\/\/www.estrategiaconcursos.com.br\/blog\/wp-json\/wp\/v2\/media\/1212928"}],"wp:attachment":[{"href":"https:\/\/www.estrategiaconcursos.com.br\/blog\/wp-json\/wp\/v2\/media?parent=1224682"}],"wp:term":[{"taxonomy":"category","embeddable":true,"href":"https:\/\/www.estrategiaconcursos.com.br\/blog\/wp-json\/wp\/v2\/categories?post=1224682"},{"taxonomy":"post_tag","embeddable":true,"href":"https:\/\/www.estrategiaconcursos.com.br\/blog\/wp-json\/wp\/v2\/tags?post=1224682"},{"taxonomy":"tax_estado","embeddable":true,"href":"https:\/\/www.estrategiaconcursos.com.br\/blog\/wp-json\/wp\/v2\/tax_estado?post=1224682"}],"curies":[{"name":"wp","href":"https:\/\/api.w.org\/{rel}","templated":true}]}}